{"id":9882,"date":"2017-04-14T08:22:15","date_gmt":"2017-04-14T06:22:15","guid":{"rendered":"http:\/\/8a.pl\/8academy\/?p=9882"},"modified":"2024-05-19T23:51:25","modified_gmt":"2024-05-19T21:51:25","slug":"toubkal-najwyzszy-szczyt-gor-atlas","status":"publish","type":"post","link":"https:\/\/8a.pl\/8academy\/toubkal-najwyzszy-szczyt-gor-atlas\/","title":{"rendered":"Toubkal &#8211; najwy\u017cszy szczyt g\u00f3r Atlas"},"content":{"rendered":"<p>Maroko to pa\u0144stwo t\u0119tni\u0105ce \u017cyciem, przepe\u0142nione odmienno\u015bci\u0105 kultur i mieszank\u0105 religii, to kraj rozgrzanych piask\u00f3w Sahary, wysokich o\u015bnie\u017conych szczyt\u00f3w Atlasu, skalistych pla\u017c stawiaj\u0105cych czo\u0142a wzburzonym wodom oceanu Atlantyckiego.<\/p>\n<h2 style=\"text-align: center;\">Dzie\u0144 Dobry Maroko!<\/h2>\n<p><span style=\"font-weight: 400;\">Mimo, \u017ce ju\u017c dawno po zachodzie s\u0142o\u0144ca, wysoka temperatura utrzymuje si\u0119 ci\u0105gle i niezmiennie. W\u0105skie uliczki Marakeszu nie zapewniaj\u0105 odpowiedniej wentylacji, a mury kt\u00f3re w ci\u0105gu dnia nagrza\u0142y si\u0119 do czerwono\u015bci w\u0142a\u015bnie oddaj\u0105 ca\u0142e swoje ciep\u0142o. <\/span><span style=\"line-height: 1.5;\">W wi\u0119kszo\u015bci maroka\u0144skich hosteli istnieje mo\u017cliwo\u015b\u0107 przenocowania na dachu, pod markiz\u0105, na \u015bwie\u017cym powietrzu. Korzystamy z tej opcji, w nadziei, \u017ce w ko\u0144cu musi nadej\u015b\u0107 ch\u0142\u00f3d wieczoru, a nawet gdyby nie nadszed\u0142 zawsze lepiej zosta\u0107 na zewn\u0105trz, ni\u017c dusi\u0107 si\u0119 w ciasnych pokoikach bez okien, po sufit zdobionych p\u0142ytkami. Nie przewidzieli\u015bmy jednak pewnej rzeczy &#8211; pobudki skoro \u015bwit. Na przylegaj\u0105cej do naszego hostelu uliczce znajduje si\u0119 meczet, kt\u00f3rego minaret oddalony jest od nas oko\u0142o 100 metr\u00f3w. Rano muezzin co si\u0142 w p\u0142ucach wzywa wiernych do modlitwy &#8211; Allahu Akbar s\u0142ysz\u0119 przewracaj\u0105c si\u0119 na drugi bok i nakrywaj\u0105c g\u0142ow\u0119 \u015bpiworem. Nic nie pomaga. Wstaj\u0119, zaspanymi oczami patrz\u0119 przed siebie na majacz\u0105ce w oddali o\u015bnie\u017cone szczyty Atlasu &#8211; dzie\u0144 dobry Maroko!<\/span><\/p>\n<div id=\"attachment_9901\" style=\"width: 1010px\" class=\"wp-caption aligncenter\"><img fetchpriority=\"high\" decoding=\"async\" aria-describedby=\"caption-attachment-9901\" class=\"G\u00f3ry Maroka wp-image-9901 size-full\" title=\"Maroko trekking\" src=\"https:\/\/8a.pl\/8academy\/wp-content\/uploads\/2017\/03\/Szczyt-Jabal-Toubkal-widziany-z-pobliskiego-4000-tysie\u0328cznika-fot.-Grzegorz-Czajka.jpg\" alt=\"szczyt Toubkal jak wej\u015b\u0107\" width=\"1000\" height=\"650\" srcset=\"https:\/\/8a.pl\/8academy\/wp-content\/uploads\/2017\/03\/Szczyt-Jabal-Toubkal-widziany-z-pobliskiego-4000-tysie\u0328cznika-fot.-Grzegorz-Czajka.jpg 1000w, https:\/\/8a.pl\/8academy\/wp-content\/uploads\/2017\/03\/Szczyt-Jabal-Toubkal-widziany-z-pobliskiego-4000-tysie\u0328cznika-fot.-Grzegorz-Czajka-300x195.jpg 300w, https:\/\/8a.pl\/8academy\/wp-content\/uploads\/2017\/03\/Szczyt-Jabal-Toubkal-widziany-z-pobliskiego-4000-tysie\u0328cznika-fot.-Grzegorz-Czajka-768x499.jpg 768w, https:\/\/8a.pl\/8academy\/wp-content\/uploads\/2017\/03\/Szczyt-Jabal-Toubkal-widziany-z-pobliskiego-4000-tysie\u0328cznika-fot.-Grzegorz-Czajka-30x20.jpg 30w\" sizes=\"(max-width: 1000px) 100vw, 1000px\" \/><p id=\"caption-attachment-9901\" class=\"wp-caption-text\">Szczyt Jabal Toubkal (fot. G. Czajka)<\/p><\/div>\n<h2 style=\"text-align: center;\"><b>Jebel Toubkal, D\u017cabal Tubkal, Toubkal<\/b><\/h2>\n<p><span style=\"font-weight: 400;\">Jakkolwiek go nie nazwa\u0107 wiadomo o jaki szczyt chodzi. Wznosz\u0105cy si\u0119 dumnie od p\u00f3\u0142nocy ponad Marakeszem, a pustynnymi r\u00f3wninami od po\u0142udnia, ponad czterotysi\u0119czny, najwy\u017cszy szczyt nie tylko pasma Atlasu, ale r\u00f3wnie\u017c ca\u0142ej p\u00f3\u0142nocnej Afryki. I cho\u0107 wysoko\u015bci\u0105 dor\u00f3wnuje alpejskim szczytom, b\u0119dziemy mocno zaskoczeni jego jak\u017ce odmiennym otoczeniem i surowo\u015bci\u0105 krajobrazu, na kt\u00f3r\u0105 sk\u0142adaj\u0105 si\u0119 liczne piar\u017cyska, ska\u0142y, kurz i kamienie. Krajobraz lekko ksi\u0119\u017cycowy, aczkolwiek stanowi o wyj\u0105tkowo\u015bci tego pasma g\u00f3rskiego i jego odmienno\u015bci od jakichkolwiek innych g\u00f3r.<\/span><\/p>\n<p><span style=\"font-weight: 400;\">Niech nie zmyli nas z pozoru \u0142atwy, ma\u0142o wymagaj\u0105cy szczyt Atlasu. Nie dajmy si\u0119 zwie\u015b\u0107 r\u00f3wnie\u017c magii Afryki &#8211; gor\u0105cej krainy pustyni i sawann. \u015anieg w najwy\u017cszych partiach g\u00f3r utrzymuje si\u0119 w\u0142a\u015bciwie przez ca\u0142y rok. W zale\u017cno\u015bci od intensywno\u015bci opad\u00f3w zim\u0105, w sezonie nale\u017cy zaopatrzy\u0107 si\u0119 w <a href=\"https:\/\/8a.pl\/raki\" target=\"_blank\" rel=\"noopener noreferrer\">raki<\/a> i <a href=\"https:\/\/8a.pl\/czekany\" target=\"_blank\" rel=\"noopener noreferrer\">czekan<\/a>, b\u0105d\u017a tylko <a href=\"https:\/\/8a.pl\/raczki-turystyczne\" target=\"_blank\" rel=\"noopener noreferrer\">raczki<\/a>. Sporo informacji oraz aktualno\u015bci cho\u0107by pogodowych uzyskamy na stronie klubu wysokog\u00f3rskiego z Casablanki oddzia\u0142u <\/span><span style=\"font-weight: 400;\">Club Alpin Fran\u00e7ais (CAF) oraz sprawdzaj\u0105c warunki \u015bniegowe i aktualn\u0105 pogod\u0119 w najbli\u017cszym resorcie narciarskim Oukaimeden &#8211; na stronie \u00a0snow-forecast.com. Jabal Toubkal jest stosunkowo \u0142atwym szczytem. Najbardziej popularn\u0105 drog\u0105 wej\u015bcia jest \u015bcie\u017cka wiod\u0105ca z miejscowo\u015bci Imlil po\u0142o\u017conej na wysoko\u015bci 1700 m n.p.m. w g\u00f3r\u0119 doliny Ait Mizane.<\/span><\/p>\n<p><div id=\"lightbox-9906\" data-for=\"single-gallery-9906\" class=\"gallery-lightbox hidden-lightbox\"><div class=\"lightbox-images single-gallery\"><a class=\"close-lightbox\"><svg x=\"0px\" y=\"0px\" width=\"18px\" height=\"18px\" viewBox=\"0 0 18 18\">\r\n        <line fill=\"none\" stroke=\"#303133\" stroke-width=\"3\" stroke-linecap=\"round\" stroke-linejoin=\"round\" stroke-meterlimit=\"10\" x1=\"9\" y1=\"9\" x2=\"16\" y2=\"16\" class=\"reverse middle-right\" \/>\r\n        <line fill=\"none\" stroke=\"#303133\" stroke-width=\"3\" stroke-linecap=\"round\" stroke-linejoin=\"round\" stroke-meterlimit=\"10\" x1=\"2\" y1=\"2\" x2=\"9\" y2=\"9\" class=\"middle-left\" \/>\r\n        <line fill=\"none\" stroke=\"#303133\" stroke-width=\"3\" stroke-linecap=\"round\" stroke-linejoin=\"round\" stroke-meterlimit=\"10\" x1=\"9\" y1=\"9\" x2=\"16\" y2=\"2\" class=\"reverse last-line\"\/>\r\n        <line fill=\"none\" stroke=\"#303133\" stroke-width=\"3\" stroke-linecap=\"round\" stroke-linejoin=\"round\" stroke-meterlimit=\"10\"  x1=\"2\" y1=\"16\" x2=\"9\" y2=\"9\" class=\"first-line\"\/>\r\n<\/svg><\/a><a class=\"nav prev\"><svg width=\"8.031\" height=\"14\" viewBox=\"0 0 8.031 14\">\r\n  <path fill=\"#161b1b\" d=\"M7.736,7.694 L1.494,13.731 C1.149,14.065 0.590,14.065 0.246,13.731 C-0.099,13.398 -0.099,12.857 0.246,12.524 L5.979,6.978 L0.246,1.432 C-0.099,1.098 -0.099,0.558 0.246,0.224 C0.590,-0.109 1.149,-0.109 1.494,0.224 L7.736,6.262 C7.938,6.458 8.007,6.723 7.972,6.978 C8.007,7.233 7.938,7.498 7.736,7.694 Z\" \/>\r\n<\/svg>\r\n<\/a><a class=\"nav next\"><svg width=\"8.031\" height=\"14\" viewBox=\"0 0 8.031 14\">\r\n  <path fill=\"#161b1b\" d=\"M7.736,7.694 L1.494,13.731 C1.149,14.065 0.590,14.065 0.246,13.731 C-0.099,13.398 -0.099,12.857 0.246,12.524 L5.979,6.978 L0.246,1.432 C-0.099,1.098 -0.099,0.558 0.246,0.224 C0.590,-0.109 1.149,-0.109 1.494,0.224 L7.736,6.262 C7.938,6.458 8.007,6.723 7.972,6.978 C8.007,7.233 7.938,7.498 7.736,7.694 Z\" \/>\r\n<\/svg>\r\n<\/a><ul><li><img class=\"owl-lazy\" data-src=\"https:\/\/8a.pl\/8academy\/wp-content\/uploads\/2017\/03\/G\u0301ry-Atlas-sa\u0328-bardzo-surowe-fot.-Paulina-Wierzbicka.jpg\" \/><div class=\"description text-center\"><p>G\u00f3ry Atlas sa\u0328 bardzo surowe (fot. autorka)<\/p><\/div><\/li><li><img class=\"owl-lazy\" data-src=\"https:\/\/8a.pl\/8academy\/wp-content\/uploads\/2017\/03\/Dolina-Ait-Mizane-fot.-Paulina-Wierzbicka.jpg\" \/><div class=\"description text-center\"><p><\/p><\/div><\/li><li><img class=\"owl-lazy\" data-src=\"https:\/\/8a.pl\/8academy\/wp-content\/uploads\/2017\/03\/Imponuje-drogi-w-kanionach-Maroka-Todra-fot.-Paulina-Wierzbicka.jpg\" \/><div class=\"description text-center\"><p><\/p><\/div><\/li><li><img class=\"owl-lazy\" data-src=\"https:\/\/8a.pl\/8academy\/wp-content\/uploads\/2017\/03\/maorko-fot.-Paulina-Wierzbicka.jpg\" \/><div class=\"description text-center\"><p>Mu\u0142y i os\u0142y to \u015brodek transportu i si\u0142a poci\u0105gowa w masywie Atlasu (fot. autorka)<\/p><\/div><\/li><\/ul><\/div><\/div><div class=\"single-gallery single-gallery-carousel single-gallery-hidden\" id=\"single-gallery-9906\"><div class=\"single-gallery-hover\"><div class=\"single-gallery-mode\"><a class=\"mode slide active\"><svg x=\"0px\" y=\"0px\" width=\"24px\" height=\"24px\" viewBox=\"0 0 24 24\">\r\n<style type=\"text\/css\">\r\n\t.st0{;stroke-width:3;stroke-linecap:round;stroke-linejoin:round;stroke-miterlimit:10;}\r\n<\/style>\r\n<line fill=\"none\" stroke=\"#ffffff\" stroke-width=\"3\" x1=\"2\" y1=\"22.5\" x2=\"22\" y2=\"22.5\"\/>\r\n<path fill=\"none\" stroke=\"#ffffff\" stroke-width=\"3\" d=\"M18.1,12.8l-2.7-4.2l-2.9,4L9,6.9l-7.5,8.6c0,1.1,0.9,2,2,2h17c1.1,0,2-0.9,2-2v-12c0-1.1-0.9-2-2-2h-17\r\n\tc-1.1,0-2,0.9-2,2V7\"\/>\r\n<\/svg>\r\n<\/a><a class=\"mode thumb\"><svg x=\"0px\" y=\"0px\" width=\"24px\" height=\"24px\" viewBox=\"0 0 24 24\">\r\n<path fill=\"none\" stroke=\"#ffffff\" stroke-width=\"3\" d=\"M20.5,9.5h-4c-1.1,0-2-0.9-2-2v-4c0-1.1,0.9-2,2-2h4c1.1,0,2,0.9,2,2v4C22.5,8.6,21.6,9.5,20.5,9.5z\"\/>\r\n<path fill=\"none\" stroke=\"#ffffff\" stroke-width=\"3\" d=\"M7.5,9.5h-4c-1.1,0-2-0.9-2-2v-4c0-1.1,0.9-2,2-2h4c1.1,0,2,0.9,2,2v4C9.5,8.6,8.6,9.5,7.5,9.5z\"\/>\r\n<path fill=\"none\" stroke=\"#ffffff\" stroke-width=\"3\" d=\"M19,22.5h-2.5c-1.1,0-2-0.9-2-2v-4c0-1.1,0.9-2,2-2h4c1.1,0,2,0.9,2,2V19\"\/>\r\n<path fill=\"none\" stroke=\"#ffffff\" stroke-width=\"3\" d=\"M7.5,22.5h-4c-1.1,0-2-0.9-2-2v-4c0-1.1,0.9-2,2-2h4c1.1,0,2,0.9,2,2v4C9.5,21.6,8.6,22.5,7.5,22.5z\"\/>\r\n<\/svg><\/a><\/div><div class=\"single-gallery-thumbnails\"><div class=\"single-gallery-thumbnails-wrapper\"><a class=\"active\" style=\"background-image: url(https:\/\/8a.pl\/8academy\/wp-content\/uploads\/2017\/03\/G\u0301ry-Atlas-sa\u0328-bardzo-surowe-fot.-Paulina-Wierzbicka-150x150.jpg)\"><\/a><a style=\"background-image: url(https:\/\/8a.pl\/8academy\/wp-content\/uploads\/2017\/03\/Dolina-Ait-Mizane-fot.-Paulina-Wierzbicka-150x150.jpg)\"><\/a><a style=\"background-image: url(https:\/\/8a.pl\/8academy\/wp-content\/uploads\/2017\/03\/Imponuje-drogi-w-kanionach-Maroka-Todra-fot.-Paulina-Wierzbicka-150x150.jpg)\"><\/a><a style=\"background-image: url(https:\/\/8a.pl\/8academy\/wp-content\/uploads\/2017\/03\/maorko-fot.-Paulina-Wierzbicka-150x150.jpg)\"><\/a><\/div><\/div><\/div><a class=\"nav prev\"><svg width=\"8.031\" height=\"14\" viewBox=\"0 0 8.031 14\">\r\n  <path fill=\"#161b1b\" d=\"M7.736,7.694 L1.494,13.731 C1.149,14.065 0.590,14.065 0.246,13.731 C-0.099,13.398 -0.099,12.857 0.246,12.524 L5.979,6.978 L0.246,1.432 C-0.099,1.098 -0.099,0.558 0.246,0.224 C0.590,-0.109 1.149,-0.109 1.494,0.224 L7.736,6.262 C7.938,6.458 8.007,6.723 7.972,6.978 C8.007,7.233 7.938,7.498 7.736,7.694 Z\" \/>\r\n<\/svg>\r\n<\/a><a class=\"nav next\"><svg width=\"8.031\" height=\"14\" viewBox=\"0 0 8.031 14\">\r\n  <path fill=\"#161b1b\" d=\"M7.736,7.694 L1.494,13.731 C1.149,14.065 0.590,14.065 0.246,13.731 C-0.099,13.398 -0.099,12.857 0.246,12.524 L5.979,6.978 L0.246,1.432 C-0.099,1.098 -0.099,0.558 0.246,0.224 C0.590,-0.109 1.149,-0.109 1.494,0.224 L7.736,6.262 C7.938,6.458 8.007,6.723 7.972,6.978 C8.007,7.233 7.938,7.498 7.736,7.694 Z\" \/>\r\n<\/svg>\r\n<\/a><ul><li><img decoding=\"async\" src=\"https:\/\/8a.pl\/8academy\/wp-content\/uploads\/2017\/03\/G\u0301ry-Atlas-sa\u0328-bardzo-surowe-fot.-Paulina-Wierzbicka.jpg\" \/><div class=\"description text-center\"><p>G\u00f3ry Atlas sa\u0328 bardzo surowe (fot. autorka)<\/p><div class=\"social-image\"><\/div><div class=\"mobile-nav\"><span class=\"counter\"><\/span><a class=\"nav prev\"><svg width=\"8.031\" height=\"14\" viewBox=\"0 0 8.031 14\">\r\n  <path fill=\"#161b1b\" d=\"M7.736,7.694 L1.494,13.731 C1.149,14.065 0.590,14.065 0.246,13.731 C-0.099,13.398 -0.099,12.857 0.246,12.524 L5.979,6.978 L0.246,1.432 C-0.099,1.098 -0.099,0.558 0.246,0.224 C0.590,-0.109 1.149,-0.109 1.494,0.224 L7.736,6.262 C7.938,6.458 8.007,6.723 7.972,6.978 C8.007,7.233 7.938,7.498 7.736,7.694 Z\" \/>\r\n<\/svg>\r\n<\/a><a class=\"nav next\"><svg width=\"8.031\" height=\"14\" viewBox=\"0 0 8.031 14\">\r\n  <path fill=\"#161b1b\" d=\"M7.736,7.694 L1.494,13.731 C1.149,14.065 0.590,14.065 0.246,13.731 C-0.099,13.398 -0.099,12.857 0.246,12.524 L5.979,6.978 L0.246,1.432 C-0.099,1.098 -0.099,0.558 0.246,0.224 C0.590,-0.109 1.149,-0.109 1.494,0.224 L7.736,6.262 C7.938,6.458 8.007,6.723 7.972,6.978 C8.007,7.233 7.938,7.498 7.736,7.694 Z\" \/>\r\n<\/svg>\r\n<\/a><\/div><\/div><\/li><li><img decoding=\"async\" src=\"https:\/\/8a.pl\/8academy\/wp-content\/uploads\/2017\/03\/Dolina-Ait-Mizane-fot.-Paulina-Wierzbicka.jpg\" \/><div class=\"description text-center\"><p><\/p><div class=\"social-image\"><\/div><div class=\"mobile-nav\"><span class=\"counter\"><\/span><a class=\"nav prev\"><svg width=\"8.031\" height=\"14\" viewBox=\"0 0 8.031 14\">\r\n  <path fill=\"#161b1b\" d=\"M7.736,7.694 L1.494,13.731 C1.149,14.065 0.590,14.065 0.246,13.731 C-0.099,13.398 -0.099,12.857 0.246,12.524 L5.979,6.978 L0.246,1.432 C-0.099,1.098 -0.099,0.558 0.246,0.224 C0.590,-0.109 1.149,-0.109 1.494,0.224 L7.736,6.262 C7.938,6.458 8.007,6.723 7.972,6.978 C8.007,7.233 7.938,7.498 7.736,7.694 Z\" \/>\r\n<\/svg>\r\n<\/a><a class=\"nav next\"><svg width=\"8.031\" height=\"14\" viewBox=\"0 0 8.031 14\">\r\n  <path fill=\"#161b1b\" d=\"M7.736,7.694 L1.494,13.731 C1.149,14.065 0.590,14.065 0.246,13.731 C-0.099,13.398 -0.099,12.857 0.246,12.524 L5.979,6.978 L0.246,1.432 C-0.099,1.098 -0.099,0.558 0.246,0.224 C0.590,-0.109 1.149,-0.109 1.494,0.224 L7.736,6.262 C7.938,6.458 8.007,6.723 7.972,6.978 C8.007,7.233 7.938,7.498 7.736,7.694 Z\" \/>\r\n<\/svg>\r\n<\/a><\/div><\/div><\/li><li><img decoding=\"async\" src=\"https:\/\/8a.pl\/8academy\/wp-content\/uploads\/2017\/03\/Imponuje-drogi-w-kanionach-Maroka-Todra-fot.-Paulina-Wierzbicka.jpg\" \/><div class=\"description text-center\"><p><\/p><div class=\"social-image\"><\/div><div class=\"mobile-nav\"><span class=\"counter\"><\/span><a class=\"nav prev\"><svg width=\"8.031\" height=\"14\" viewBox=\"0 0 8.031 14\">\r\n  <path fill=\"#161b1b\" d=\"M7.736,7.694 L1.494,13.731 C1.149,14.065 0.590,14.065 0.246,13.731 C-0.099,13.398 -0.099,12.857 0.246,12.524 L5.979,6.978 L0.246,1.432 C-0.099,1.098 -0.099,0.558 0.246,0.224 C0.590,-0.109 1.149,-0.109 1.494,0.224 L7.736,6.262 C7.938,6.458 8.007,6.723 7.972,6.978 C8.007,7.233 7.938,7.498 7.736,7.694 Z\" \/>\r\n<\/svg>\r\n<\/a><a class=\"nav next\"><svg width=\"8.031\" height=\"14\" viewBox=\"0 0 8.031 14\">\r\n  <path fill=\"#161b1b\" d=\"M7.736,7.694 L1.494,13.731 C1.149,14.065 0.590,14.065 0.246,13.731 C-0.099,13.398 -0.099,12.857 0.246,12.524 L5.979,6.978 L0.246,1.432 C-0.099,1.098 -0.099,0.558 0.246,0.224 C0.590,-0.109 1.149,-0.109 1.494,0.224 L7.736,6.262 C7.938,6.458 8.007,6.723 7.972,6.978 C8.007,7.233 7.938,7.498 7.736,7.694 Z\" \/>\r\n<\/svg>\r\n<\/a><\/div><\/div><\/li><li><img decoding=\"async\" src=\"https:\/\/8a.pl\/8academy\/wp-content\/uploads\/2017\/03\/maorko-fot.-Paulina-Wierzbicka.jpg\" \/><div class=\"description text-center\"><p>Mu\u0142y i os\u0142y to \u015brodek transportu i si\u0142a poci\u0105gowa w masywie Atlasu (fot. autorka)<\/p><div class=\"social-image\"><\/div><div class=\"mobile-nav\"><span class=\"counter\"><\/span><a class=\"nav prev\"><svg width=\"8.031\" height=\"14\" viewBox=\"0 0 8.031 14\">\r\n  <path fill=\"#161b1b\" d=\"M7.736,7.694 L1.494,13.731 C1.149,14.065 0.590,14.065 0.246,13.731 C-0.099,13.398 -0.099,12.857 0.246,12.524 L5.979,6.978 L0.246,1.432 C-0.099,1.098 -0.099,0.558 0.246,0.224 C0.590,-0.109 1.149,-0.109 1.494,0.224 L7.736,6.262 C7.938,6.458 8.007,6.723 7.972,6.978 C8.007,7.233 7.938,7.498 7.736,7.694 Z\" \/>\r\n<\/svg>\r\n<\/a><a class=\"nav next\"><svg width=\"8.031\" height=\"14\" viewBox=\"0 0 8.031 14\">\r\n  <path fill=\"#161b1b\" d=\"M7.736,7.694 L1.494,13.731 C1.149,14.065 0.590,14.065 0.246,13.731 C-0.099,13.398 -0.099,12.857 0.246,12.524 L5.979,6.978 L0.246,1.432 C-0.099,1.098 -0.099,0.558 0.246,0.224 C0.590,-0.109 1.149,-0.109 1.494,0.224 L7.736,6.262 C7.938,6.458 8.007,6.723 7.972,6.978 C8.007,7.233 7.938,7.498 7.736,7.694 Z\" \/>\r\n<\/svg>\r\n<\/a><\/div><\/div><\/li><\/ul><div class=\"mode-thumbnails-container\"><a class=\"col-xs-4\"><div class=\"cover-container\"><div class=\"cover\" style=\"background-image: url(https:\/\/8a.pl\/8academy\/wp-content\/uploads\/2017\/03\/G\u0301ry-Atlas-sa\u0328-bardzo-surowe-fot.-Paulina-Wierzbicka-300x195.jpg)\"><\/div><\/div><svg x=\"0px\" y=\"0px\" width=\"24px\" height=\"24px\" viewBox=\"0 0 24 24\">\r\n<style type=\"text\/css\">\r\n\t.st0{fill:none;stroke:#303133;stroke-width:3;stroke-linecap:round;stroke-linejoin:round;stroke-miterlimit:10;}\r\n\t.st1{fill-rule:evenodd;clip-rule:evenodd;fill:none;stroke:#303133;stroke-width:3;stroke-linejoin:round;stroke-miterlimit:10;}\r\n\t\r\n\t\t.st2{fill-rule:evenodd;clip-rule:evenodd;fill:none;stroke:#303133;stroke-width:3;stroke-linecap:round;stroke-linejoin:round;stroke-miterlimit:10;}\r\n\t.st3{fill:none;stroke:#B4B5B7;stroke-width:2;stroke-linecap:round;stroke-linejoin:round;stroke-miterlimit:10;}\r\n\t\r\n\t\t.st4{fill-rule:evenodd;clip-rule:evenodd;fill:none;stroke:#303133;stroke-width:2;stroke-linecap:round;stroke-linejoin:round;stroke-miterlimit:10;}\r\n\t.st5{fill-rule:evenodd;clip-rule:evenodd;fill:#161B1B;}\r\n\t.st6{fill-rule:evenodd;clip-rule:evenodd;fill:#F26822;}\r\n\t.st7{fill:#F26822;}\r\n\t.st8{fill:none;stroke:#808285;stroke-width:6;stroke-linecap:round;stroke-linejoin:round;stroke-miterlimit:10;}\r\n\t.st9{fill:#161B1B;}\r\n\t.st10{fill:#808184;}\r\n<\/style>\r\n<g>\r\n\t<path fill=\"none\" stroke=\"#ffffff\" stroke-width=\"3\" d=\"M1.6,7.5v-4c0-1.1,0.9-2,2-2h4\"\/>\r\n\t<line fill=\"none\" stroke=\"#ffffff\" stroke-width=\"3\"  x1=\"2.9\" y1=\"2.9\" x2=\"8.1\" y2=\"8.1\"\/>\r\n<\/g>\r\n<g>\r\n\t<path fill=\"none\" stroke=\"#ffffff\" stroke-width=\"3\"  d=\"M22.5,16v4.1c0,1.1-1.3,2.4-2.4,2.4H16\"\/>\r\n\t<line fill=\"none\" stroke=\"#ffffff\" stroke-width=\"3\"  x1=\"20.8\" y1=\"20.8\" x2=\"15.6\" y2=\"15.5\"\/>\r\n<\/g>\r\n<g>\r\n\t<path fill=\"none\" stroke=\"#ffffff\" stroke-width=\"3\"  d=\"M16.5,1.5h4c1.1,0,2,0.9,2,2v4\"\/>\r\n\t<line fill=\"none\" stroke=\"#ffffff\" stroke-width=\"3\"  x1=\"21.1\" y1=\"2.8\" x2=\"15.9\" y2=\"8.1\"\/>\r\n<\/g>\r\n<g>\r\n\t<path fill=\"none\" stroke=\"#ffffff\" stroke-width=\"3\"  d=\"M8,22.5H3.9c-1.1,0-2.4-1.3-2.4-2.4V16\"\/>\r\n\t<line fill=\"none\" stroke=\"#ffffff\" stroke-width=\"3\"  x1=\"3.3\" y1=\"20.8\" x2=\"8.5\" y2=\"15.5\"\/>\r\n<\/g>\r\n<\/svg>\r\n<\/a><a class=\"col-xs-4\"><div class=\"cover-container\"><div class=\"cover\" style=\"background-image: url(https:\/\/8a.pl\/8academy\/wp-content\/uploads\/2017\/03\/Dolina-Ait-Mizane-fot.-Paulina-Wierzbicka-300x195.jpg)\"><\/div><\/div><svg x=\"0px\" y=\"0px\" width=\"24px\" height=\"24px\" viewBox=\"0 0 24 24\">\r\n<style type=\"text\/css\">\r\n\t.st0{fill:none;stroke:#303133;stroke-width:3;stroke-linecap:round;stroke-linejoin:round;stroke-miterlimit:10;}\r\n\t.st1{fill-rule:evenodd;clip-rule:evenodd;fill:none;stroke:#303133;stroke-width:3;stroke-linejoin:round;stroke-miterlimit:10;}\r\n\t\r\n\t\t.st2{fill-rule:evenodd;clip-rule:evenodd;fill:none;stroke:#303133;stroke-width:3;stroke-linecap:round;stroke-linejoin:round;stroke-miterlimit:10;}\r\n\t.st3{fill:none;stroke:#B4B5B7;stroke-width:2;stroke-linecap:round;stroke-linejoin:round;stroke-miterlimit:10;}\r\n\t\r\n\t\t.st4{fill-rule:evenodd;clip-rule:evenodd;fill:none;stroke:#303133;stroke-width:2;stroke-linecap:round;stroke-linejoin:round;stroke-miterlimit:10;}\r\n\t.st5{fill-rule:evenodd;clip-rule:evenodd;fill:#161B1B;}\r\n\t.st6{fill-rule:evenodd;clip-rule:evenodd;fill:#F26822;}\r\n\t.st7{fill:#F26822;}\r\n\t.st8{fill:none;stroke:#808285;stroke-width:6;stroke-linecap:round;stroke-linejoin:round;stroke-miterlimit:10;}\r\n\t.st9{fill:#161B1B;}\r\n\t.st10{fill:#808184;}\r\n<\/style>\r\n<g>\r\n\t<path fill=\"none\" stroke=\"#ffffff\" stroke-width=\"3\" d=\"M1.6,7.5v-4c0-1.1,0.9-2,2-2h4\"\/>\r\n\t<line fill=\"none\" stroke=\"#ffffff\" stroke-width=\"3\"  x1=\"2.9\" y1=\"2.9\" x2=\"8.1\" y2=\"8.1\"\/>\r\n<\/g>\r\n<g>\r\n\t<path fill=\"none\" stroke=\"#ffffff\" stroke-width=\"3\"  d=\"M22.5,16v4.1c0,1.1-1.3,2.4-2.4,2.4H16\"\/>\r\n\t<line fill=\"none\" stroke=\"#ffffff\" stroke-width=\"3\"  x1=\"20.8\" y1=\"20.8\" x2=\"15.6\" y2=\"15.5\"\/>\r\n<\/g>\r\n<g>\r\n\t<path fill=\"none\" stroke=\"#ffffff\" stroke-width=\"3\"  d=\"M16.5,1.5h4c1.1,0,2,0.9,2,2v4\"\/>\r\n\t<line fill=\"none\" stroke=\"#ffffff\" stroke-width=\"3\"  x1=\"21.1\" y1=\"2.8\" x2=\"15.9\" y2=\"8.1\"\/>\r\n<\/g>\r\n<g>\r\n\t<path fill=\"none\" stroke=\"#ffffff\" stroke-width=\"3\"  d=\"M8,22.5H3.9c-1.1,0-2.4-1.3-2.4-2.4V16\"\/>\r\n\t<line fill=\"none\" stroke=\"#ffffff\" stroke-width=\"3\"  x1=\"3.3\" y1=\"20.8\" x2=\"8.5\" y2=\"15.5\"\/>\r\n<\/g>\r\n<\/svg>\r\n<\/a><a class=\"col-xs-4\"><div class=\"cover-container\"><div class=\"cover\" style=\"background-image: url(https:\/\/8a.pl\/8academy\/wp-content\/uploads\/2017\/03\/Imponuje-drogi-w-kanionach-Maroka-Todra-fot.-Paulina-Wierzbicka-300x195.jpg)\"><\/div><\/div><svg x=\"0px\" y=\"0px\" width=\"24px\" height=\"24px\" viewBox=\"0 0 24 24\">\r\n<style type=\"text\/css\">\r\n\t.st0{fill:none;stroke:#303133;stroke-width:3;stroke-linecap:round;stroke-linejoin:round;stroke-miterlimit:10;}\r\n\t.st1{fill-rule:evenodd;clip-rule:evenodd;fill:none;stroke:#303133;stroke-width:3;stroke-linejoin:round;stroke-miterlimit:10;}\r\n\t\r\n\t\t.st2{fill-rule:evenodd;clip-rule:evenodd;fill:none;stroke:#303133;stroke-width:3;stroke-linecap:round;stroke-linejoin:round;stroke-miterlimit:10;}\r\n\t.st3{fill:none;stroke:#B4B5B7;stroke-width:2;stroke-linecap:round;stroke-linejoin:round;stroke-miterlimit:10;}\r\n\t\r\n\t\t.st4{fill-rule:evenodd;clip-rule:evenodd;fill:none;stroke:#303133;stroke-width:2;stroke-linecap:round;stroke-linejoin:round;stroke-miterlimit:10;}\r\n\t.st5{fill-rule:evenodd;clip-rule:evenodd;fill:#161B1B;}\r\n\t.st6{fill-rule:evenodd;clip-rule:evenodd;fill:#F26822;}\r\n\t.st7{fill:#F26822;}\r\n\t.st8{fill:none;stroke:#808285;stroke-width:6;stroke-linecap:round;stroke-linejoin:round;stroke-miterlimit:10;}\r\n\t.st9{fill:#161B1B;}\r\n\t.st10{fill:#808184;}\r\n<\/style>\r\n<g>\r\n\t<path fill=\"none\" stroke=\"#ffffff\" stroke-width=\"3\" d=\"M1.6,7.5v-4c0-1.1,0.9-2,2-2h4\"\/>\r\n\t<line fill=\"none\" stroke=\"#ffffff\" stroke-width=\"3\"  x1=\"2.9\" y1=\"2.9\" x2=\"8.1\" y2=\"8.1\"\/>\r\n<\/g>\r\n<g>\r\n\t<path fill=\"none\" stroke=\"#ffffff\" stroke-width=\"3\"  d=\"M22.5,16v4.1c0,1.1-1.3,2.4-2.4,2.4H16\"\/>\r\n\t<line fill=\"none\" stroke=\"#ffffff\" stroke-width=\"3\"  x1=\"20.8\" y1=\"20.8\" x2=\"15.6\" y2=\"15.5\"\/>\r\n<\/g>\r\n<g>\r\n\t<path fill=\"none\" stroke=\"#ffffff\" stroke-width=\"3\"  d=\"M16.5,1.5h4c1.1,0,2,0.9,2,2v4\"\/>\r\n\t<line fill=\"none\" stroke=\"#ffffff\" stroke-width=\"3\"  x1=\"21.1\" y1=\"2.8\" x2=\"15.9\" y2=\"8.1\"\/>\r\n<\/g>\r\n<g>\r\n\t<path fill=\"none\" stroke=\"#ffffff\" stroke-width=\"3\"  d=\"M8,22.5H3.9c-1.1,0-2.4-1.3-2.4-2.4V16\"\/>\r\n\t<line fill=\"none\" stroke=\"#ffffff\" stroke-width=\"3\"  x1=\"3.3\" y1=\"20.8\" x2=\"8.5\" y2=\"15.5\"\/>\r\n<\/g>\r\n<\/svg>\r\n<\/a><a class=\"col-xs-4\"><div class=\"cover-container\"><div class=\"cover\" style=\"background-image: url(https:\/\/8a.pl\/8academy\/wp-content\/uploads\/2017\/03\/maorko-fot.-Paulina-Wierzbicka-300x195.jpg)\"><\/div><\/div><svg x=\"0px\" y=\"0px\" width=\"24px\" height=\"24px\" viewBox=\"0 0 24 24\">\r\n<style type=\"text\/css\">\r\n\t.st0{fill:none;stroke:#303133;stroke-width:3;stroke-linecap:round;stroke-linejoin:round;stroke-miterlimit:10;}\r\n\t.st1{fill-rule:evenodd;clip-rule:evenodd;fill:none;stroke:#303133;stroke-width:3;stroke-linejoin:round;stroke-miterlimit:10;}\r\n\t\r\n\t\t.st2{fill-rule:evenodd;clip-rule:evenodd;fill:none;stroke:#303133;stroke-width:3;stroke-linecap:round;stroke-linejoin:round;stroke-miterlimit:10;}\r\n\t.st3{fill:none;stroke:#B4B5B7;stroke-width:2;stroke-linecap:round;stroke-linejoin:round;stroke-miterlimit:10;}\r\n\t\r\n\t\t.st4{fill-rule:evenodd;clip-rule:evenodd;fill:none;stroke:#303133;stroke-width:2;stroke-linecap:round;stroke-linejoin:round;stroke-miterlimit:10;}\r\n\t.st5{fill-rule:evenodd;clip-rule:evenodd;fill:#161B1B;}\r\n\t.st6{fill-rule:evenodd;clip-rule:evenodd;fill:#F26822;}\r\n\t.st7{fill:#F26822;}\r\n\t.st8{fill:none;stroke:#808285;stroke-width:6;stroke-linecap:round;stroke-linejoin:round;stroke-miterlimit:10;}\r\n\t.st9{fill:#161B1B;}\r\n\t.st10{fill:#808184;}\r\n<\/style>\r\n<g>\r\n\t<path fill=\"none\" stroke=\"#ffffff\" stroke-width=\"3\" d=\"M1.6,7.5v-4c0-1.1,0.9-2,2-2h4\"\/>\r\n\t<line fill=\"none\" stroke=\"#ffffff\" stroke-width=\"3\"  x1=\"2.9\" y1=\"2.9\" x2=\"8.1\" y2=\"8.1\"\/>\r\n<\/g>\r\n<g>\r\n\t<path fill=\"none\" stroke=\"#ffffff\" stroke-width=\"3\"  d=\"M22.5,16v4.1c0,1.1-1.3,2.4-2.4,2.4H16\"\/>\r\n\t<line fill=\"none\" stroke=\"#ffffff\" stroke-width=\"3\"  x1=\"20.8\" y1=\"20.8\" x2=\"15.6\" y2=\"15.5\"\/>\r\n<\/g>\r\n<g>\r\n\t<path fill=\"none\" stroke=\"#ffffff\" stroke-width=\"3\"  d=\"M16.5,1.5h4c1.1,0,2,0.9,2,2v4\"\/>\r\n\t<line fill=\"none\" stroke=\"#ffffff\" stroke-width=\"3\"  x1=\"21.1\" y1=\"2.8\" x2=\"15.9\" y2=\"8.1\"\/>\r\n<\/g>\r\n<g>\r\n\t<path fill=\"none\" stroke=\"#ffffff\" stroke-width=\"3\"  d=\"M8,22.5H3.9c-1.1,0-2.4-1.3-2.4-2.4V16\"\/>\r\n\t<line fill=\"none\" stroke=\"#ffffff\" stroke-width=\"3\"  x1=\"3.3\" y1=\"20.8\" x2=\"8.5\" y2=\"15.5\"\/>\r\n<\/g>\r\n<\/svg>\r\n<\/a><\/div><\/div><div class=\"preloader-box\"><div class=\"preloader\"><span><svg x=\"0px\" y=\"0px\" width=\"72px\" height=\"57px\" viewBox=\"0 0 72 57\">\r\n<path fill=\"none\" stroke=\"#606264\" stroke-width=\"6\" stroke-linecap=\"round\" stroke-linejoin=\"round\" stroke-miterlimit=\"10\" d=\"M55.3,38.9l-8.6-13.1l-9.2,12.5L26.7,19.9L3,47.5C3,50.9,5.8,54,9.3,54H63c3.5,0,6-3.3,6-6.8V9.3\r\n\tC69,5.8,66.4,3,63,3H9.3C5.8,3,3,5.8,3,9.3v11.2\"\/>\r\n<\/svg><\/span><p>Wczytuj\u0119 galeri\u0119<\/p><\/div><\/div>,<\/p>\n<p><span style=\"font-weight: 400;\">Najcz\u0119\u015bciej wybieranym \u015brodkiem transportu z Marakeszu jest autobus lub tak charakterystyczne dla Maroka Grand Taxi do Asni (oko\u0142o 47 km), by nast\u0119pnie specjalnymi ci\u0119\u017car\u00f3wkami, przypominaj\u0105cymi wozy transportowe w Nepalu dosta\u0107 si\u0119 ju\u017c bezpo\u015brednio jakie\u015b 17 km do wioseczki le\u017c\u0105cej u wylotu doliny. W Imlilu znajduje si\u0119 centrum logistyczne dla wypraw wybieraj\u0105cych si\u0119 w g\u00f3ry Atlas. To tu mo\u017cna wynaj\u0105\u0107 mu\u0142y, doposa\u017cy\u0107 si\u0119 kupuj\u0105c lub wypo\u017cyczaj\u0105c sprz\u0119t g\u00f3rski, czy w ko\u0144cu skorzysta\u0107 z us\u0142ug przewodnika. Ma\u0142a miejscowo\u015b\u0107, cho\u0107 na europejskie standardy raczej nieurodziwa mo\u017ce jednak poszczyci\u0107 si\u0119 pi\u0119knymi widokami na szczyty Atlasu.<\/span><\/p>\n<p><span style=\"font-weight: 400;\">Pod schronisko mo\u017cemy dosta\u0107 si\u0119 w dwojaki spos\u00f3b: wjecha\u0107 na mule &#8211; w przypadku wczesnej wiosny i zalegaj\u0105cej pokrywy \u015bnie\u017cnej tylko do granicy \u015bniegu, latem natomiast odbywamy podr\u00f3\u017c niemal\u017ce ,,door-to-door\u201d lub wchodzi\u0107 z przys\u0142owiowego ,,buta\u201d. Szlak nie jest wymagaj\u0105cy &#8211; w\u0119druje si\u0119 po miejscami stromej, kamienistej \u015bcie\u017cce, natomiast szlak pozbawiony jest eksponowanych miejsc, mog\u0105cych przysporzy\u0107 o zawr\u00f3t g\u0142owy. Wnosz\u0105ca si\u0119 stopniowo \u015bcie\u017cka trawersuje przez ja\u0142owe, pokryte kamieniami zbocza i w miar\u0119 zdobywania wysoko\u015bci staje si\u0119 coraz w\u0119\u017csza. Po niespe\u0142na godzinie drogi przekraczamy granic\u0119 Parku Narodowego Toubkal. Zosta\u0142 on utworzony w celu ochrony pi\u0119trowego uk\u0142adu ro\u015blinno\u015bci, a tak\u017ce wielu niepowtarzalnych i rzadkich gatunk\u00f3w motyli. <\/span><\/p>\n<p><span style=\"font-weight: 400;\">Na wysoko\u015bci oko\u0142o 3200 m n.p.m. znajduj\u0105 si\u0119 dwa schroniska &#8211; jedno prywatne i jedno prowadzone przez wspomniany ju\u017c Club Alpin Fran\u00e7ais. Istnieje tak\u017ce mo\u017cliwo\u015b\u0107 rozbicia namiotu. Z takiej opcji korzystamy i my. Na nocleg udajemy si\u0119 troch\u0119 poni\u017cej schroniska, by nie rzuca\u0107 si\u0119 w oczy. Generalnie biwakowanie jest dozwolone, trzeba tylko zwr\u00f3ci\u0107 uwag\u0119 gdzie stawiamy nasz namiot. W przypadku deszczu strumienie mocno przybieraj\u0105, co w konsekwencji mo\u017ce prowadzi\u0107 do podtopienia ca\u0142ego dobytku.<\/span><\/p>\n<p><div id=\"lightbox-9909\" data-for=\"single-gallery-9909\" class=\"gallery-lightbox hidden-lightbox\"><div class=\"lightbox-images single-gallery\"><a class=\"close-lightbox\"><svg x=\"0px\" y=\"0px\" width=\"18px\" height=\"18px\" viewBox=\"0 0 18 18\">\r\n        <line fill=\"none\" stroke=\"#303133\" stroke-width=\"3\" stroke-linecap=\"round\" stroke-linejoin=\"round\" stroke-meterlimit=\"10\" x1=\"9\" y1=\"9\" x2=\"16\" y2=\"16\" class=\"reverse middle-right\" \/>\r\n        <line fill=\"none\" stroke=\"#303133\" stroke-width=\"3\" stroke-linecap=\"round\" stroke-linejoin=\"round\" stroke-meterlimit=\"10\" x1=\"2\" y1=\"2\" x2=\"9\" y2=\"9\" class=\"middle-left\" \/>\r\n        <line fill=\"none\" stroke=\"#303133\" stroke-width=\"3\" stroke-linecap=\"round\" stroke-linejoin=\"round\" stroke-meterlimit=\"10\" x1=\"9\" y1=\"9\" x2=\"16\" y2=\"2\" class=\"reverse last-line\"\/>\r\n        <line fill=\"none\" stroke=\"#303133\" stroke-width=\"3\" stroke-linecap=\"round\" stroke-linejoin=\"round\" stroke-meterlimit=\"10\"  x1=\"2\" y1=\"16\" x2=\"9\" y2=\"9\" class=\"first-line\"\/>\r\n<\/svg><\/a><a class=\"nav prev\"><svg width=\"8.031\" height=\"14\" viewBox=\"0 0 8.031 14\">\r\n  <path fill=\"#161b1b\" d=\"M7.736,7.694 L1.494,13.731 C1.149,14.065 0.590,14.065 0.246,13.731 C-0.099,13.398 -0.099,12.857 0.246,12.524 L5.979,6.978 L0.246,1.432 C-0.099,1.098 -0.099,0.558 0.246,0.224 C0.590,-0.109 1.149,-0.109 1.494,0.224 L7.736,6.262 C7.938,6.458 8.007,6.723 7.972,6.978 C8.007,7.233 7.938,7.498 7.736,7.694 Z\" \/>\r\n<\/svg>\r\n<\/a><a class=\"nav next\"><svg width=\"8.031\" height=\"14\" viewBox=\"0 0 8.031 14\">\r\n  <path fill=\"#161b1b\" d=\"M7.736,7.694 L1.494,13.731 C1.149,14.065 0.590,14.065 0.246,13.731 C-0.099,13.398 -0.099,12.857 0.246,12.524 L5.979,6.978 L0.246,1.432 C-0.099,1.098 -0.099,0.558 0.246,0.224 C0.590,-0.109 1.149,-0.109 1.494,0.224 L7.736,6.262 C7.938,6.458 8.007,6.723 7.972,6.978 C8.007,7.233 7.938,7.498 7.736,7.694 Z\" \/>\r\n<\/svg>\r\n<\/a><ul><li><img class=\"owl-lazy\" data-src=\"https:\/\/8a.pl\/8academy\/wp-content\/uploads\/2017\/03\/Tabliczka-informujca-o-wkroczeniu-do-parku-narodowego-fot.-Grzegorz-Czajka.jpg\" \/><div class=\"description text-center\"><p>Tabliczka informujca o wkroczeniu do parku narodowego fot. Grzegorz Czajka<\/p><\/div><\/li><li><img class=\"owl-lazy\" data-src=\"https:\/\/8a.pl\/8academy\/wp-content\/uploads\/2017\/03\/maroko-2.jpg\" \/><div class=\"description text-center\"><p><\/p><\/div><\/li><li><img class=\"owl-lazy\" data-src=\"https:\/\/8a.pl\/8academy\/wp-content\/uploads\/2017\/03\/maroko.jpg\" \/><div class=\"description text-center\"><p><\/p><\/div><\/li><li><img class=\"owl-lazy\" data-src=\"https:\/\/8a.pl\/8academy\/wp-content\/uploads\/2017\/03\/Charakterystyczna-konstrukcja-na-szczycie-Toubkala-wieza-b\u0328daca-punktem-geodezyjnym-fot.-Paulina-Wierzbicka.jpg\" \/><div class=\"description text-center\"><p>Charakterystyczna konstrukcja na szczycie Toubkala - wie\u017ca b\u0119d\u0105ca punktem geodezyjnym (fot. autorka)<\/p><\/div><\/li><\/ul><\/div><\/div><div class=\"single-gallery single-gallery-carousel single-gallery-hidden\" id=\"single-gallery-9909\"><div class=\"single-gallery-hover\"><div class=\"single-gallery-mode\"><a class=\"mode slide active\"><svg x=\"0px\" y=\"0px\" width=\"24px\" height=\"24px\" viewBox=\"0 0 24 24\">\r\n<style type=\"text\/css\">\r\n\t.st0{;stroke-width:3;stroke-linecap:round;stroke-linejoin:round;stroke-miterlimit:10;}\r\n<\/style>\r\n<line fill=\"none\" stroke=\"#ffffff\" stroke-width=\"3\" x1=\"2\" y1=\"22.5\" x2=\"22\" y2=\"22.5\"\/>\r\n<path fill=\"none\" stroke=\"#ffffff\" stroke-width=\"3\" d=\"M18.1,12.8l-2.7-4.2l-2.9,4L9,6.9l-7.5,8.6c0,1.1,0.9,2,2,2h17c1.1,0,2-0.9,2-2v-12c0-1.1-0.9-2-2-2h-17\r\n\tc-1.1,0-2,0.9-2,2V7\"\/>\r\n<\/svg>\r\n<\/a><a class=\"mode thumb\"><svg x=\"0px\" y=\"0px\" width=\"24px\" height=\"24px\" viewBox=\"0 0 24 24\">\r\n<path fill=\"none\" stroke=\"#ffffff\" stroke-width=\"3\" d=\"M20.5,9.5h-4c-1.1,0-2-0.9-2-2v-4c0-1.1,0.9-2,2-2h4c1.1,0,2,0.9,2,2v4C22.5,8.6,21.6,9.5,20.5,9.5z\"\/>\r\n<path fill=\"none\" stroke=\"#ffffff\" stroke-width=\"3\" d=\"M7.5,9.5h-4c-1.1,0-2-0.9-2-2v-4c0-1.1,0.9-2,2-2h4c1.1,0,2,0.9,2,2v4C9.5,8.6,8.6,9.5,7.5,9.5z\"\/>\r\n<path fill=\"none\" stroke=\"#ffffff\" stroke-width=\"3\" d=\"M19,22.5h-2.5c-1.1,0-2-0.9-2-2v-4c0-1.1,0.9-2,2-2h4c1.1,0,2,0.9,2,2V19\"\/>\r\n<path fill=\"none\" stroke=\"#ffffff\" stroke-width=\"3\" d=\"M7.5,22.5h-4c-1.1,0-2-0.9-2-2v-4c0-1.1,0.9-2,2-2h4c1.1,0,2,0.9,2,2v4C9.5,21.6,8.6,22.5,7.5,22.5z\"\/>\r\n<\/svg><\/a><\/div><div class=\"single-gallery-thumbnails\"><div class=\"single-gallery-thumbnails-wrapper\"><a class=\"active\" style=\"background-image: url(https:\/\/8a.pl\/8academy\/wp-content\/uploads\/2017\/03\/Tabliczka-informujca-o-wkroczeniu-do-parku-narodowego-fot.-Grzegorz-Czajka-150x150.jpg)\"><\/a><a style=\"background-image: url(https:\/\/8a.pl\/8academy\/wp-content\/uploads\/2017\/03\/maroko-2-150x150.jpg)\"><\/a><a style=\"background-image: url(https:\/\/8a.pl\/8academy\/wp-content\/uploads\/2017\/03\/maroko-150x150.jpg)\"><\/a><a style=\"background-image: url(https:\/\/8a.pl\/8academy\/wp-content\/uploads\/2017\/03\/Charakterystyczna-konstrukcja-na-szczycie-Toubkala-wieza-b\u0328daca-punktem-geodezyjnym-fot.-Paulina-Wierzbicka-150x150.jpg)\"><\/a><\/div><\/div><\/div><a class=\"nav prev\"><svg width=\"8.031\" height=\"14\" viewBox=\"0 0 8.031 14\">\r\n  <path fill=\"#161b1b\" d=\"M7.736,7.694 L1.494,13.731 C1.149,14.065 0.590,14.065 0.246,13.731 C-0.099,13.398 -0.099,12.857 0.246,12.524 L5.979,6.978 L0.246,1.432 C-0.099,1.098 -0.099,0.558 0.246,0.224 C0.590,-0.109 1.149,-0.109 1.494,0.224 L7.736,6.262 C7.938,6.458 8.007,6.723 7.972,6.978 C8.007,7.233 7.938,7.498 7.736,7.694 Z\" \/>\r\n<\/svg>\r\n<\/a><a class=\"nav next\"><svg width=\"8.031\" height=\"14\" viewBox=\"0 0 8.031 14\">\r\n  <path fill=\"#161b1b\" d=\"M7.736,7.694 L1.494,13.731 C1.149,14.065 0.590,14.065 0.246,13.731 C-0.099,13.398 -0.099,12.857 0.246,12.524 L5.979,6.978 L0.246,1.432 C-0.099,1.098 -0.099,0.558 0.246,0.224 C0.590,-0.109 1.149,-0.109 1.494,0.224 L7.736,6.262 C7.938,6.458 8.007,6.723 7.972,6.978 C8.007,7.233 7.938,7.498 7.736,7.694 Z\" \/>\r\n<\/svg>\r\n<\/a><ul><li><img decoding=\"async\" src=\"https:\/\/8a.pl\/8academy\/wp-content\/uploads\/2017\/03\/Tabliczka-informujca-o-wkroczeniu-do-parku-narodowego-fot.-Grzegorz-Czajka.jpg\" \/><div class=\"description text-center\"><p>Tabliczka informujca o wkroczeniu do parku narodowego fot. Grzegorz Czajka<\/p><div class=\"social-image\"><\/div><div class=\"mobile-nav\"><span class=\"counter\"><\/span><a class=\"nav prev\"><svg width=\"8.031\" height=\"14\" viewBox=\"0 0 8.031 14\">\r\n  <path fill=\"#161b1b\" d=\"M7.736,7.694 L1.494,13.731 C1.149,14.065 0.590,14.065 0.246,13.731 C-0.099,13.398 -0.099,12.857 0.246,12.524 L5.979,6.978 L0.246,1.432 C-0.099,1.098 -0.099,0.558 0.246,0.224 C0.590,-0.109 1.149,-0.109 1.494,0.224 L7.736,6.262 C7.938,6.458 8.007,6.723 7.972,6.978 C8.007,7.233 7.938,7.498 7.736,7.694 Z\" \/>\r\n<\/svg>\r\n<\/a><a class=\"nav next\"><svg width=\"8.031\" height=\"14\" viewBox=\"0 0 8.031 14\">\r\n  <path fill=\"#161b1b\" d=\"M7.736,7.694 L1.494,13.731 C1.149,14.065 0.590,14.065 0.246,13.731 C-0.099,13.398 -0.099,12.857 0.246,12.524 L5.979,6.978 L0.246,1.432 C-0.099,1.098 -0.099,0.558 0.246,0.224 C0.590,-0.109 1.149,-0.109 1.494,0.224 L7.736,6.262 C7.938,6.458 8.007,6.723 7.972,6.978 C8.007,7.233 7.938,7.498 7.736,7.694 Z\" \/>\r\n<\/svg>\r\n<\/a><\/div><\/div><\/li><li><img decoding=\"async\" src=\"https:\/\/8a.pl\/8academy\/wp-content\/uploads\/2017\/03\/maroko-2.jpg\" \/><div class=\"description text-center\"><p><\/p><div class=\"social-image\"><\/div><div class=\"mobile-nav\"><span class=\"counter\"><\/span><a class=\"nav prev\"><svg width=\"8.031\" height=\"14\" viewBox=\"0 0 8.031 14\">\r\n  <path fill=\"#161b1b\" d=\"M7.736,7.694 L1.494,13.731 C1.149,14.065 0.590,14.065 0.246,13.731 C-0.099,13.398 -0.099,12.857 0.246,12.524 L5.979,6.978 L0.246,1.432 C-0.099,1.098 -0.099,0.558 0.246,0.224 C0.590,-0.109 1.149,-0.109 1.494,0.224 L7.736,6.262 C7.938,6.458 8.007,6.723 7.972,6.978 C8.007,7.233 7.938,7.498 7.736,7.694 Z\" \/>\r\n<\/svg>\r\n<\/a><a class=\"nav next\"><svg width=\"8.031\" height=\"14\" viewBox=\"0 0 8.031 14\">\r\n  <path fill=\"#161b1b\" d=\"M7.736,7.694 L1.494,13.731 C1.149,14.065 0.590,14.065 0.246,13.731 C-0.099,13.398 -0.099,12.857 0.246,12.524 L5.979,6.978 L0.246,1.432 C-0.099,1.098 -0.099,0.558 0.246,0.224 C0.590,-0.109 1.149,-0.109 1.494,0.224 L7.736,6.262 C7.938,6.458 8.007,6.723 7.972,6.978 C8.007,7.233 7.938,7.498 7.736,7.694 Z\" \/>\r\n<\/svg>\r\n<\/a><\/div><\/div><\/li><li><img decoding=\"async\" src=\"https:\/\/8a.pl\/8academy\/wp-content\/uploads\/2017\/03\/maroko.jpg\" \/><div class=\"description text-center\"><p><\/p><div class=\"social-image\"><\/div><div class=\"mobile-nav\"><span class=\"counter\"><\/span><a class=\"nav prev\"><svg width=\"8.031\" height=\"14\" viewBox=\"0 0 8.031 14\">\r\n  <path fill=\"#161b1b\" d=\"M7.736,7.694 L1.494,13.731 C1.149,14.065 0.590,14.065 0.246,13.731 C-0.099,13.398 -0.099,12.857 0.246,12.524 L5.979,6.978 L0.246,1.432 C-0.099,1.098 -0.099,0.558 0.246,0.224 C0.590,-0.109 1.149,-0.109 1.494,0.224 L7.736,6.262 C7.938,6.458 8.007,6.723 7.972,6.978 C8.007,7.233 7.938,7.498 7.736,7.694 Z\" \/>\r\n<\/svg>\r\n<\/a><a class=\"nav next\"><svg width=\"8.031\" height=\"14\" viewBox=\"0 0 8.031 14\">\r\n  <path fill=\"#161b1b\" d=\"M7.736,7.694 L1.494,13.731 C1.149,14.065 0.590,14.065 0.246,13.731 C-0.099,13.398 -0.099,12.857 0.246,12.524 L5.979,6.978 L0.246,1.432 C-0.099,1.098 -0.099,0.558 0.246,0.224 C0.590,-0.109 1.149,-0.109 1.494,0.224 L7.736,6.262 C7.938,6.458 8.007,6.723 7.972,6.978 C8.007,7.233 7.938,7.498 7.736,7.694 Z\" \/>\r\n<\/svg>\r\n<\/a><\/div><\/div><\/li><li><img decoding=\"async\" src=\"https:\/\/8a.pl\/8academy\/wp-content\/uploads\/2017\/03\/Charakterystyczna-konstrukcja-na-szczycie-Toubkala-wieza-b\u0328daca-punktem-geodezyjnym-fot.-Paulina-Wierzbicka.jpg\" \/><div class=\"description text-center\"><p>Charakterystyczna konstrukcja na szczycie Toubkala - wie\u017ca b\u0119d\u0105ca punktem geodezyjnym (fot. autorka)<\/p><div class=\"social-image\"><\/div><div class=\"mobile-nav\"><span class=\"counter\"><\/span><a class=\"nav prev\"><svg width=\"8.031\" height=\"14\" viewBox=\"0 0 8.031 14\">\r\n  <path fill=\"#161b1b\" d=\"M7.736,7.694 L1.494,13.731 C1.149,14.065 0.590,14.065 0.246,13.731 C-0.099,13.398 -0.099,12.857 0.246,12.524 L5.979,6.978 L0.246,1.432 C-0.099,1.098 -0.099,0.558 0.246,0.224 C0.590,-0.109 1.149,-0.109 1.494,0.224 L7.736,6.262 C7.938,6.458 8.007,6.723 7.972,6.978 C8.007,7.233 7.938,7.498 7.736,7.694 Z\" \/>\r\n<\/svg>\r\n<\/a><a class=\"nav next\"><svg width=\"8.031\" height=\"14\" viewBox=\"0 0 8.031 14\">\r\n  <path fill=\"#161b1b\" d=\"M7.736,7.694 L1.494,13.731 C1.149,14.065 0.590,14.065 0.246,13.731 C-0.099,13.398 -0.099,12.857 0.246,12.524 L5.979,6.978 L0.246,1.432 C-0.099,1.098 -0.099,0.558 0.246,0.224 C0.590,-0.109 1.149,-0.109 1.494,0.224 L7.736,6.262 C7.938,6.458 8.007,6.723 7.972,6.978 C8.007,7.233 7.938,7.498 7.736,7.694 Z\" \/>\r\n<\/svg>\r\n<\/a><\/div><\/div><\/li><\/ul><div class=\"mode-thumbnails-container\"><a class=\"col-xs-4\"><div class=\"cover-container\"><div class=\"cover\" style=\"background-image: url(https:\/\/8a.pl\/8academy\/wp-content\/uploads\/2017\/03\/Tabliczka-informujca-o-wkroczeniu-do-parku-narodowego-fot.-Grzegorz-Czajka-300x195.jpg)\"><\/div><\/div><svg x=\"0px\" y=\"0px\" width=\"24px\" height=\"24px\" viewBox=\"0 0 24 24\">\r\n<style type=\"text\/css\">\r\n\t.st0{fill:none;stroke:#303133;stroke-width:3;stroke-linecap:round;stroke-linejoin:round;stroke-miterlimit:10;}\r\n\t.st1{fill-rule:evenodd;clip-rule:evenodd;fill:none;stroke:#303133;stroke-width:3;stroke-linejoin:round;stroke-miterlimit:10;}\r\n\t\r\n\t\t.st2{fill-rule:evenodd;clip-rule:evenodd;fill:none;stroke:#303133;stroke-width:3;stroke-linecap:round;stroke-linejoin:round;stroke-miterlimit:10;}\r\n\t.st3{fill:none;stroke:#B4B5B7;stroke-width:2;stroke-linecap:round;stroke-linejoin:round;stroke-miterlimit:10;}\r\n\t\r\n\t\t.st4{fill-rule:evenodd;clip-rule:evenodd;fill:none;stroke:#303133;stroke-width:2;stroke-linecap:round;stroke-linejoin:round;stroke-miterlimit:10;}\r\n\t.st5{fill-rule:evenodd;clip-rule:evenodd;fill:#161B1B;}\r\n\t.st6{fill-rule:evenodd;clip-rule:evenodd;fill:#F26822;}\r\n\t.st7{fill:#F26822;}\r\n\t.st8{fill:none;stroke:#808285;stroke-width:6;stroke-linecap:round;stroke-linejoin:round;stroke-miterlimit:10;}\r\n\t.st9{fill:#161B1B;}\r\n\t.st10{fill:#808184;}\r\n<\/style>\r\n<g>\r\n\t<path fill=\"none\" stroke=\"#ffffff\" stroke-width=\"3\" d=\"M1.6,7.5v-4c0-1.1,0.9-2,2-2h4\"\/>\r\n\t<line fill=\"none\" stroke=\"#ffffff\" stroke-width=\"3\"  x1=\"2.9\" y1=\"2.9\" x2=\"8.1\" y2=\"8.1\"\/>\r\n<\/g>\r\n<g>\r\n\t<path fill=\"none\" stroke=\"#ffffff\" stroke-width=\"3\"  d=\"M22.5,16v4.1c0,1.1-1.3,2.4-2.4,2.4H16\"\/>\r\n\t<line fill=\"none\" stroke=\"#ffffff\" stroke-width=\"3\"  x1=\"20.8\" y1=\"20.8\" x2=\"15.6\" y2=\"15.5\"\/>\r\n<\/g>\r\n<g>\r\n\t<path fill=\"none\" stroke=\"#ffffff\" stroke-width=\"3\"  d=\"M16.5,1.5h4c1.1,0,2,0.9,2,2v4\"\/>\r\n\t<line fill=\"none\" stroke=\"#ffffff\" stroke-width=\"3\"  x1=\"21.1\" y1=\"2.8\" x2=\"15.9\" y2=\"8.1\"\/>\r\n<\/g>\r\n<g>\r\n\t<path fill=\"none\" stroke=\"#ffffff\" stroke-width=\"3\"  d=\"M8,22.5H3.9c-1.1,0-2.4-1.3-2.4-2.4V16\"\/>\r\n\t<line fill=\"none\" stroke=\"#ffffff\" stroke-width=\"3\"  x1=\"3.3\" y1=\"20.8\" x2=\"8.5\" y2=\"15.5\"\/>\r\n<\/g>\r\n<\/svg>\r\n<\/a><a class=\"col-xs-4\"><div class=\"cover-container\"><div class=\"cover\" style=\"background-image: url(https:\/\/8a.pl\/8academy\/wp-content\/uploads\/2017\/03\/maroko-2-300x195.jpg)\"><\/div><\/div><svg x=\"0px\" y=\"0px\" width=\"24px\" height=\"24px\" viewBox=\"0 0 24 24\">\r\n<style type=\"text\/css\">\r\n\t.st0{fill:none;stroke:#303133;stroke-width:3;stroke-linecap:round;stroke-linejoin:round;stroke-miterlimit:10;}\r\n\t.st1{fill-rule:evenodd;clip-rule:evenodd;fill:none;stroke:#303133;stroke-width:3;stroke-linejoin:round;stroke-miterlimit:10;}\r\n\t\r\n\t\t.st2{fill-rule:evenodd;clip-rule:evenodd;fill:none;stroke:#303133;stroke-width:3;stroke-linecap:round;stroke-linejoin:round;stroke-miterlimit:10;}\r\n\t.st3{fill:none;stroke:#B4B5B7;stroke-width:2;stroke-linecap:round;stroke-linejoin:round;stroke-miterlimit:10;}\r\n\t\r\n\t\t.st4{fill-rule:evenodd;clip-rule:evenodd;fill:none;stroke:#303133;stroke-width:2;stroke-linecap:round;stroke-linejoin:round;stroke-miterlimit:10;}\r\n\t.st5{fill-rule:evenodd;clip-rule:evenodd;fill:#161B1B;}\r\n\t.st6{fill-rule:evenodd;clip-rule:evenodd;fill:#F26822;}\r\n\t.st7{fill:#F26822;}\r\n\t.st8{fill:none;stroke:#808285;stroke-width:6;stroke-linecap:round;stroke-linejoin:round;stroke-miterlimit:10;}\r\n\t.st9{fill:#161B1B;}\r\n\t.st10{fill:#808184;}\r\n<\/style>\r\n<g>\r\n\t<path fill=\"none\" stroke=\"#ffffff\" stroke-width=\"3\" d=\"M1.6,7.5v-4c0-1.1,0.9-2,2-2h4\"\/>\r\n\t<line fill=\"none\" stroke=\"#ffffff\" stroke-width=\"3\"  x1=\"2.9\" y1=\"2.9\" x2=\"8.1\" y2=\"8.1\"\/>\r\n<\/g>\r\n<g>\r\n\t<path fill=\"none\" stroke=\"#ffffff\" stroke-width=\"3\"  d=\"M22.5,16v4.1c0,1.1-1.3,2.4-2.4,2.4H16\"\/>\r\n\t<line fill=\"none\" stroke=\"#ffffff\" stroke-width=\"3\"  x1=\"20.8\" y1=\"20.8\" x2=\"15.6\" y2=\"15.5\"\/>\r\n<\/g>\r\n<g>\r\n\t<path fill=\"none\" stroke=\"#ffffff\" stroke-width=\"3\"  d=\"M16.5,1.5h4c1.1,0,2,0.9,2,2v4\"\/>\r\n\t<line fill=\"none\" stroke=\"#ffffff\" stroke-width=\"3\"  x1=\"21.1\" y1=\"2.8\" x2=\"15.9\" y2=\"8.1\"\/>\r\n<\/g>\r\n<g>\r\n\t<path fill=\"none\" stroke=\"#ffffff\" stroke-width=\"3\"  d=\"M8,22.5H3.9c-1.1,0-2.4-1.3-2.4-2.4V16\"\/>\r\n\t<line fill=\"none\" stroke=\"#ffffff\" stroke-width=\"3\"  x1=\"3.3\" y1=\"20.8\" x2=\"8.5\" y2=\"15.5\"\/>\r\n<\/g>\r\n<\/svg>\r\n<\/a><a class=\"col-xs-4\"><div class=\"cover-container\"><div class=\"cover\" style=\"background-image: url(https:\/\/8a.pl\/8academy\/wp-content\/uploads\/2017\/03\/maroko-300x195.jpg)\"><\/div><\/div><svg x=\"0px\" y=\"0px\" width=\"24px\" height=\"24px\" viewBox=\"0 0 24 24\">\r\n<style type=\"text\/css\">\r\n\t.st0{fill:none;stroke:#303133;stroke-width:3;stroke-linecap:round;stroke-linejoin:round;stroke-miterlimit:10;}\r\n\t.st1{fill-rule:evenodd;clip-rule:evenodd;fill:none;stroke:#303133;stroke-width:3;stroke-linejoin:round;stroke-miterlimit:10;}\r\n\t\r\n\t\t.st2{fill-rule:evenodd;clip-rule:evenodd;fill:none;stroke:#303133;stroke-width:3;stroke-linecap:round;stroke-linejoin:round;stroke-miterlimit:10;}\r\n\t.st3{fill:none;stroke:#B4B5B7;stroke-width:2;stroke-linecap:round;stroke-linejoin:round;stroke-miterlimit:10;}\r\n\t\r\n\t\t.st4{fill-rule:evenodd;clip-rule:evenodd;fill:none;stroke:#303133;stroke-width:2;stroke-linecap:round;stroke-linejoin:round;stroke-miterlimit:10;}\r\n\t.st5{fill-rule:evenodd;clip-rule:evenodd;fill:#161B1B;}\r\n\t.st6{fill-rule:evenodd;clip-rule:evenodd;fill:#F26822;}\r\n\t.st7{fill:#F26822;}\r\n\t.st8{fill:none;stroke:#808285;stroke-width:6;stroke-linecap:round;stroke-linejoin:round;stroke-miterlimit:10;}\r\n\t.st9{fill:#161B1B;}\r\n\t.st10{fill:#808184;}\r\n<\/style>\r\n<g>\r\n\t<path fill=\"none\" stroke=\"#ffffff\" stroke-width=\"3\" d=\"M1.6,7.5v-4c0-1.1,0.9-2,2-2h4\"\/>\r\n\t<line fill=\"none\" stroke=\"#ffffff\" stroke-width=\"3\"  x1=\"2.9\" y1=\"2.9\" x2=\"8.1\" y2=\"8.1\"\/>\r\n<\/g>\r\n<g>\r\n\t<path fill=\"none\" stroke=\"#ffffff\" stroke-width=\"3\"  d=\"M22.5,16v4.1c0,1.1-1.3,2.4-2.4,2.4H16\"\/>\r\n\t<line fill=\"none\" stroke=\"#ffffff\" stroke-width=\"3\"  x1=\"20.8\" y1=\"20.8\" x2=\"15.6\" y2=\"15.5\"\/>\r\n<\/g>\r\n<g>\r\n\t<path fill=\"none\" stroke=\"#ffffff\" stroke-width=\"3\"  d=\"M16.5,1.5h4c1.1,0,2,0.9,2,2v4\"\/>\r\n\t<line fill=\"none\" stroke=\"#ffffff\" stroke-width=\"3\"  x1=\"21.1\" y1=\"2.8\" x2=\"15.9\" y2=\"8.1\"\/>\r\n<\/g>\r\n<g>\r\n\t<path fill=\"none\" stroke=\"#ffffff\" stroke-width=\"3\"  d=\"M8,22.5H3.9c-1.1,0-2.4-1.3-2.4-2.4V16\"\/>\r\n\t<line fill=\"none\" stroke=\"#ffffff\" stroke-width=\"3\"  x1=\"3.3\" y1=\"20.8\" x2=\"8.5\" y2=\"15.5\"\/>\r\n<\/g>\r\n<\/svg>\r\n<\/a><a class=\"col-xs-4\"><div class=\"cover-container\"><div class=\"cover\" style=\"background-image: url(https:\/\/8a.pl\/8academy\/wp-content\/uploads\/2017\/03\/Charakterystyczna-konstrukcja-na-szczycie-Toubkala-wieza-b\u0328daca-punktem-geodezyjnym-fot.-Paulina-Wierzbicka-300x195.jpg)\"><\/div><\/div><svg x=\"0px\" y=\"0px\" width=\"24px\" height=\"24px\" viewBox=\"0 0 24 24\">\r\n<style type=\"text\/css\">\r\n\t.st0{fill:none;stroke:#303133;stroke-width:3;stroke-linecap:round;stroke-linejoin:round;stroke-miterlimit:10;}\r\n\t.st1{fill-rule:evenodd;clip-rule:evenodd;fill:none;stroke:#303133;stroke-width:3;stroke-linejoin:round;stroke-miterlimit:10;}\r\n\t\r\n\t\t.st2{fill-rule:evenodd;clip-rule:evenodd;fill:none;stroke:#303133;stroke-width:3;stroke-linecap:round;stroke-linejoin:round;stroke-miterlimit:10;}\r\n\t.st3{fill:none;stroke:#B4B5B7;stroke-width:2;stroke-linecap:round;stroke-linejoin:round;stroke-miterlimit:10;}\r\n\t\r\n\t\t.st4{fill-rule:evenodd;clip-rule:evenodd;fill:none;stroke:#303133;stroke-width:2;stroke-linecap:round;stroke-linejoin:round;stroke-miterlimit:10;}\r\n\t.st5{fill-rule:evenodd;clip-rule:evenodd;fill:#161B1B;}\r\n\t.st6{fill-rule:evenodd;clip-rule:evenodd;fill:#F26822;}\r\n\t.st7{fill:#F26822;}\r\n\t.st8{fill:none;stroke:#808285;stroke-width:6;stroke-linecap:round;stroke-linejoin:round;stroke-miterlimit:10;}\r\n\t.st9{fill:#161B1B;}\r\n\t.st10{fill:#808184;}\r\n<\/style>\r\n<g>\r\n\t<path fill=\"none\" stroke=\"#ffffff\" stroke-width=\"3\" d=\"M1.6,7.5v-4c0-1.1,0.9-2,2-2h4\"\/>\r\n\t<line fill=\"none\" stroke=\"#ffffff\" stroke-width=\"3\"  x1=\"2.9\" y1=\"2.9\" x2=\"8.1\" y2=\"8.1\"\/>\r\n<\/g>\r\n<g>\r\n\t<path fill=\"none\" stroke=\"#ffffff\" stroke-width=\"3\"  d=\"M22.5,16v4.1c0,1.1-1.3,2.4-2.4,2.4H16\"\/>\r\n\t<line fill=\"none\" stroke=\"#ffffff\" stroke-width=\"3\"  x1=\"20.8\" y1=\"20.8\" x2=\"15.6\" y2=\"15.5\"\/>\r\n<\/g>\r\n<g>\r\n\t<path fill=\"none\" stroke=\"#ffffff\" stroke-width=\"3\"  d=\"M16.5,1.5h4c1.1,0,2,0.9,2,2v4\"\/>\r\n\t<line fill=\"none\" stroke=\"#ffffff\" stroke-width=\"3\"  x1=\"21.1\" y1=\"2.8\" x2=\"15.9\" y2=\"8.1\"\/>\r\n<\/g>\r\n<g>\r\n\t<path fill=\"none\" stroke=\"#ffffff\" stroke-width=\"3\"  d=\"M8,22.5H3.9c-1.1,0-2.4-1.3-2.4-2.4V16\"\/>\r\n\t<line fill=\"none\" stroke=\"#ffffff\" stroke-width=\"3\"  x1=\"3.3\" y1=\"20.8\" x2=\"8.5\" y2=\"15.5\"\/>\r\n<\/g>\r\n<\/svg>\r\n<\/a><\/div><\/div><div class=\"preloader-box\"><div class=\"preloader\"><span><svg x=\"0px\" y=\"0px\" width=\"72px\" height=\"57px\" viewBox=\"0 0 72 57\">\r\n<path fill=\"none\" stroke=\"#606264\" stroke-width=\"6\" stroke-linecap=\"round\" stroke-linejoin=\"round\" stroke-miterlimit=\"10\" d=\"M55.3,38.9l-8.6-13.1l-9.2,12.5L26.7,19.9L3,47.5C3,50.9,5.8,54,9.3,54H63c3.5,0,6-3.3,6-6.8V9.3\r\n\tC69,5.8,66.4,3,63,3H9.3C5.8,3,3,5.8,3,9.3v11.2\"\/>\r\n<\/svg><\/span><p>Wczytuj\u0119 galeri\u0119<\/p><\/div><\/div>,<\/p>\n<p><span style=\"font-weight: 400;\">Droga ze schroniska na szczyt ma niewiele ponad 2 km, natomiast czeka nas blisko 1000 m r\u00f3\u017cnicy przewy\u017csze\u0144. Na tej wysoko\u015bci pokonanie takiego przewy\u017cszenia wi\u0105\u017ce si\u0119 z ogromnym wysi\u0142kiem fizycznym. Podej\u015bcie jest strome i sk\u0142ada si\u0119 g\u0142\u00f3wnie z obsypuj\u0105cych si\u0119 kamieni, gdzie podchodzenie odbywa si\u0119 na zasadzie dwa kroki do g\u00f3ry, jeden w d\u00f3\u0142. O blisko\u015bci szczytu \u015bwiadczy osi\u0105gni\u0119cie prze\u0142\u0119czy Tizi-n-Toubkal na wysoko\u015bci oko\u0142o 3950 m n.p.m., gdzie skr\u0119camy w lewo bezpo\u015brednio ju\u017c na gra\u0144 przedszczytow\u0105. Sam wierzcho\u0142ek Toubkala znajduj\u0105cy si\u0119 na wysoko\u015bci 4167 m n.p.m. jest raczej kamienist\u0105 platform\u0105, na kt\u00f3rej znajduje si\u0119 charakterystyczna metalowa konstrukcja b\u0119d\u0105ca punktem triangulacyjnym.<\/span><\/p>\n<p><span style=\"font-weight: 400;\">Z dachu Afryki P\u00f3\u0142nocnej rozci\u0105ga si\u0119 majestatyczny krajobraz na o\u015bnie\u017cone szczyty Atlasu Wysokiego, masyw Antyatlasu, r\u00f3wniny subsaharyjskie oraz g\u00f3ry Ibel Sarhro faluj\u0105cej od gor\u0105ca panuj\u0105cego na dole. Jak okiem si\u0119gn\u0105\u0107 w stron\u0119 Sahary wszystko mieni si\u0119 w odcieniach czerwono\u015bci. <\/span><\/p>\n<h2 style=\"text-align: center;\"><b>Informacje praktyczne<\/b><\/h2>\n<h3 style=\"text-align: left;\"><b>Kiedy zdobywa\u0107 szczyt\u00a0<\/b><b>Jebel Toubkal<\/b><\/h3>\n<p><span style=\"font-weight: 400;\">Sezon trekkingowy na Toubkalu trwa od po\u0142owy kwietnia do ko\u0144ca wrze\u015bnia, z tym \u017ce przyjmuje si\u0119, \u017ce najlepszym okresem s\u0105 miesi\u0105ce maj i czerwiec &#8211; w\u00f3wczas jest niewiele \u015bniegu, a temperatury nie s\u0105 tak ekstremalnie wysokie jak latem. Jedynym minusem jest mo\u017cliwo\u015b\u0107 wyst\u0105pienia gwa\u0142townych burz, zw\u0142aszcza w godzinach popo\u0142udniowych.<\/span><\/p>\n<h3 style=\"text-align: left;\"><b>Czas operacyjny<\/b><\/h3>\n<p><span style=\"font-weight: 400;\">Warto na zdobycie Toubkala przeznaczy\u0107 cztery dni. Pierwszy na dojazd do Imlilu, rekonesans i za\u0142atwienie niezb\u0119dnych spraw zwi\u0105zanych z trekkingiem. Drugi natomiast przeznaczamy na podej\u015bcie do jednego z dw\u00f3ch schronisk znajduj\u0105cych si\u0119 na wysoko\u015bci 3200 m n.p.m. <a href=\"https:\/\/8a.pl\/8academy\/co-to-jest-trekking\/\" target=\"_blank\" rel=\"noopener noreferrer\">Trekking<\/a> powinien nam zaj\u0105\u0107 od 4 do maksymalnie 6 godzin. Wyruszaj\u0105c zatem wcze\u015bnie rano z wioski, jeszcze tego samego wieczoru znajdziemy czas na odpoczynek i regeneracj\u0119. Trzeciego dnia, je\u015bli czujemy si\u0119 dobrze i \u00a0wysoko\u015b\u0107 nie stanowi dla nas problemu, atakujemy szczyt (oko\u0142o 4 godziny podej\u015bcia i 2 zej\u015bcia), by czwartego dnia na spokojnie m\u00f3c zej\u015b\u0107 z powrotem do wioski i odby\u0107 podr\u00f3\u017c powrotn\u0105 do Marakeszu.<\/span><\/p>\n<h3 style=\"text-align: left;\"><b>Noclegi<\/b><\/h3>\n<p><span style=\"font-weight: 400;\">W wiosce Imlil bez problemu znajdziemy kwatery oferuj\u0105ce nocleg dla turyst\u00f3w. Bezpo\u015brednio na szlaku natomiast znajduj\u0105 si\u0119 niemal\u017ce tu\u017c ko\u0142o siebie dwa wspomniane wcze\u015bniej schroniska. Przed wyruszeniem w g\u00f3ry obowi\u0105zkowo w sezonie (lipiec-sierpie\u0144) musimy dokona\u0107 wcze\u015bniejszej rezerwacji: <\/span><\/p>\n<ul>\n<li style=\"font-weight: 400;\"><span style=\"font-weight: 400;\">Refuge Neltner (3.207 m) &#8211; Telefon: 21 22 27 00 90. Pojemno\u015b\u0107: 29 os\u00f3b miejsc noclegowych.<\/span><\/li>\n<li style=\"font-weight: 400;\"><span style=\"font-weight: 400;\">Refuge du Toubkal (3.207 m) &#8211; telefon 061 24 65 26. Pojemno\u015b\u0107: 86 miejsc noclegowych.<\/span><\/li>\n<\/ul>\n<div id=\"attachment_9903\" style=\"width: 1010px\" class=\"wp-caption alignnone\"><img decoding=\"async\" aria-describedby=\"caption-attachment-9903\" class=\"Maroka\u0144skie g\u00f3ry wp-image-9903 size-full\" title=\"trekking w Afryce\" src=\"http:\/\/8a.pl\/8academy\/wp-content\/uploads\/2017\/03\/Urokliwe-wioski-na-przedgrzu-Atlasu-fot.-Paulina-Wierzbicka.jpg\" alt=\"G\u00f3ry Maroko \" width=\"1000\" height=\"650\" srcset=\"https:\/\/8a.pl\/8academy\/wp-content\/uploads\/2017\/03\/Urokliwe-wioski-na-przedgrzu-Atlasu-fot.-Paulina-Wierzbicka.jpg 1000w, https:\/\/8a.pl\/8academy\/wp-content\/uploads\/2017\/03\/Urokliwe-wioski-na-przedgrzu-Atlasu-fot.-Paulina-Wierzbicka-300x195.jpg 300w, https:\/\/8a.pl\/8academy\/wp-content\/uploads\/2017\/03\/Urokliwe-wioski-na-przedgrzu-Atlasu-fot.-Paulina-Wierzbicka-768x499.jpg 768w, https:\/\/8a.pl\/8academy\/wp-content\/uploads\/2017\/03\/Urokliwe-wioski-na-przedgrzu-Atlasu-fot.-Paulina-Wierzbicka-30x20.jpg 30w\" sizes=\"(max-width: 1000px) 100vw, 1000px\" \/><p id=\"caption-attachment-9903\" class=\"wp-caption-text\">Urokliwe wioski na przedg\u00f3rzu Atlasu (fot. autorka)<\/p><\/div>\n<h3 style=\"text-align: left;\"><b>Co warto ze sob\u0105 zabra\u0107<\/b><\/h3>\n<p><span style=\"font-weight: 400;\">Przed wyjazdem warto prze\u015bledzi\u0107 obecnie panuj\u0105ce warunki oraz pogod\u0119 i zapozna\u0107 si\u0119 z warunkami \u015bniegowymi, dzi\u0119ki czemu b\u0119dziemy wiedzie\u0107 czy jest sens bra\u0107 ze sob\u0105 <a href=\"https:\/\/8a.pl\/8academy\/raczki-turystyczne-czy-raki\/\" target=\"_blank\" rel=\"noopener noreferrer\">raki czy raczki<\/a>, <a href=\"https:\/\/8a.pl\/lawinowe-abc\" target=\"_blank\" rel=\"noopener noreferrer\">lawinowe ABC<\/a> czy czekan. Jedno jest pewne &#8211; pomocne na ka\u017cdym etapie trekkingu b\u0119d\u0105 <a href=\"https:\/\/8a.pl\/kije-trekkingowe\" target=\"_blank\" rel=\"noopener noreferrer\">kijki<\/a>. O nich warto pami\u0119ta\u0107. Podobnie jak o zr\u00f3\u017cnicowanych ubraniach. Dobowe wahania temperatury w g\u00f3rach Atlasu si\u0119gaj\u0105 nieraz 30 do 40 stopni! W dzie\u0144 zatem mo\u017cemy w\u0119drowa\u0107 w kr\u00f3tkich spodenkach, w nocy natomiast przyda si\u0119 ciep\u0142a kurtka puchowa, r\u0119kawiczki i czapka. Na trekking warto zaopatrzy\u0107 si\u0119 r\u00f3wnie\u017c w wystarczaj\u0105c\u0105 ilo\u015b\u0107 wody, by nie doprowadzi\u0107 organizmu do odwodnienia i wzgl\u0119dnie nie pi\u0107 wody prosto ze strumyk\u00f3w, chyba \u017ce po wcze\u015bniejszym odka\u017ceniu tabletkami.<\/span><\/p>\n<h2 style=\"text-align: center;\"><strong>Co opr\u00f3cz g\u00f3r?<\/strong><\/h2>\n<p><span style=\"font-weight: 400;\">B\u0119d\u0105c w Maroku, pr\u00f3cz zdobycia najwy\u017cszego szczytu warto zapozna\u0107 si\u0119 z okolicznymi atrakcjami turystycznymi. Pr\u00f3cz G\u00f3r Atlas, kt\u00f3re s\u0105 r\u00f3wnie\u017c doskona\u0142ym miejscem na kilkudniowe wycieczki rowerowe i piesze, a w kt\u00f3rych to dopiero w latach 90 w obliczu coraz wi\u0119kszego zainteresowania turystyk\u0105 wyznaczono szlaki &#8211; w tym bardzo pi\u0119kn\u0105 sze\u015bciodniow\u0105 p\u0119tl\u0119, zahaczaj\u0105c\u0105 o wysokog\u00f3rskie jezioro Ifni, warto wybra\u0107 si\u0119 do okolicznych miast. <\/span><\/p>\n<p><span style=\"font-weight: 400;\">Wielkie miasta Maroka jak: Fez, Meknes, Marrakesz czy Szewszewan, przyci\u0105gaj\u0105 przepi\u0119knymi zabytkami \u2013 wystaj\u0105cymi tu i \u00f3wdzie po\u015br\u00f3d zwartych zabudowa\u0144 minaretami, z kt\u00f3rych w regularnych odst\u0119pach czasu muezini wzywaj\u0105 na mod\u0142y. Stara cz\u0119\u015b\u0107 miasta zwana medin\u0105 jest zamkni\u0119ta dla ruchu samochodowego, a tamtejsza ludno\u015b\u0107 miesza si\u0119 z turystami zapuszczaj\u0105cymi si\u0119 w najg\u0142\u0119bsze zakamarki i najw\u0119\u017csze uliczki. Co urzeka spacerowicz\u00f3w, to niepowtarzalna nigdzie indziej mnogo\u015b\u0107 kolor\u00f3w na targowiskach zwanych soukami, zapachy \u015bwie\u017cych owoc\u00f3w, dopiero co zmielonych przypraw i wonnych zi\u00f3\u0142. W ca\u0142ej tej pl\u0105taninie uliczek, we wszystkich docieraj\u0105cych do nas bod\u017acach zatracamy tu i teraz. Przenosimy si\u0119 do magicznej krainy rodem z ba\u015bni o tysi\u0105cu i jednej nocy.<\/span><\/p>\n<div id=\"attachment_9900\" style=\"width: 1010px\" class=\"wp-caption alignnone\"><img decoding=\"async\" aria-describedby=\"caption-attachment-9900\" class=\"wyprawa w g\u00f3ry Atlas wp-image-9900 size-full\" title=\"Wyprawa do Maroka\" src=\"http:\/\/8a.pl\/8academy\/wp-content\/uploads\/2017\/03\/Po-lewej-Garbarnie-w-Fezie-po-prawej-niebieskie-miasto-Szewszewan.jpg\" alt=\"Co zwiedza\u0107 w Maroku?\" width=\"1000\" height=\"650\" srcset=\"https:\/\/8a.pl\/8academy\/wp-content\/uploads\/2017\/03\/Po-lewej-Garbarnie-w-Fezie-po-prawej-niebieskie-miasto-Szewszewan.jpg 1000w, https:\/\/8a.pl\/8academy\/wp-content\/uploads\/2017\/03\/Po-lewej-Garbarnie-w-Fezie-po-prawej-niebieskie-miasto-Szewszewan-300x195.jpg 300w, https:\/\/8a.pl\/8academy\/wp-content\/uploads\/2017\/03\/Po-lewej-Garbarnie-w-Fezie-po-prawej-niebieskie-miasto-Szewszewan-768x499.jpg 768w, https:\/\/8a.pl\/8academy\/wp-content\/uploads\/2017\/03\/Po-lewej-Garbarnie-w-Fezie-po-prawej-niebieskie-miasto-Szewszewan-30x20.jpg 30w\" sizes=\"(max-width: 1000px) 100vw, 1000px\" \/><p id=\"caption-attachment-9900\" class=\"wp-caption-text\">Po lewej: garbarnie w Fezie, po prawej: niebieskie miasto -Szewszewan (fot. autorka)<\/p><\/div>\n<p><span style=\"font-weight: 400;\">Warto poczu\u0107 na sk\u00f3rze skwar Sahary, \u015bniegi Wysokiego Atlasu, bryz\u0119 morsk\u0105 Oceanu Atlantyckiego, przemierzy\u0107 najja\u015bniejsze i najciemniejsze zakamarki medyn arabskich miast. Warto pozna\u0107 \u017cyczliwych Berber\u00f3w, rdzenny lud zamieszkuj\u0105cy Afryk\u0119 P\u00f3\u0142nocn\u0105 i zazna\u0107 ich go\u015bcinno\u015bci, obcuj\u0105c z jak\u017ce odmienn\u0105 od naszej kultur\u0105.<\/span><\/p>\n<p><em>[Przenie\u015b si\u0119 z Maroko do Irlandii i przeczytaj o wej\u015bciu na <a href=\"https:\/\/8a.pl\/8academy\/jak-wejsc-na-carrantuohill\/\">Carrantuohill<\/a>, jej najwy\u017cszy szczyt!]<\/em><\/p>\n","protected":false},"excerpt":{"rendered":"<p>Maroko jest krajem, kt\u00f3re od pierwszej chwili budzi fascynacj\u0119 mieszka\u0144c\u00f3w Zachodu. Pomimo, i\u017c od Europy dzieli go zaledwie dwugodzinny rejs promem przez Cie\u015bnin\u0119 Gibraltarsk\u0105 \u2013 kraj sprawia wra\u017cenie, jakby by\u0142 oddalony od naszego kontynentu tysi\u0105ce kilometr\u00f3w. Dzieje si\u0119 tak za spraw\u0105 odmienno\u015bci kultury, g\u0142\u0119boko zakorzenionej w tradycji islamu.<\/p>\n","protected":false},"author":17,"featured_media":9902,"comment_status":"open","ping_status":"open","sticky":false,"template":"","format":"standard","meta":{"_acf_changed":false,"_uf_show_specific_survey":0,"_uf_disable_surveys":false,"footnotes":""},"categories":[26070],"tags":[26104,26077,26085],"class_list":["post-9882","post","type-post","status-publish","format-standard","has-post-thumbnail","hentry","category-turystyka-trekking","tag-caloroczne","tag-przewodnik","tag-trekking"],"acf":[],"yoast_head":"<!-- This site is optimized with the Yoast SEO Premium plugin v23.4 (Yoast SEO v25.5) - https:\/\/yoast.com\/wordpress\/plugins\/seo\/ -->\n<title>Toubkal - najwy\u017cszy szczyt g\u00f3r Atlas. Paulina Wierzbicka | 8academy<\/title>\n<meta name=\"description\" content=\"Jabal Toubkal jest stosunkowo \u0142atwym szczytem. Najbardziej popularn\u0105 drog\u0105 wej\u015bcia jest \u015bcie\u017cka wiod\u0105ca z miejscowo\u015bci Imlil.\" \/>\n<meta name=\"robots\" content=\"index, follow, max-snippet:-1, max-image-preview:large, max-video-preview:-1\" \/>\n<link rel=\"canonical\" href=\"https:\/\/8a.pl\/8academy\/toubkal-najwyzszy-szczyt-gor-atlas\/\" \/>\n<meta property=\"og:locale\" content=\"pl_PL\" \/>\n<meta property=\"og:type\" content=\"article\" \/>\n<meta property=\"og:title\" content=\"Toubkal - najwy\u017cszy szczyt g\u00f3r Atlas\" \/>\n<meta property=\"og:description\" content=\"Jabal Toubkal jest stosunkowo \u0142atwym szczytem. Najbardziej popularn\u0105 drog\u0105 wej\u015bcia jest \u015bcie\u017cka wiod\u0105ca z miejscowo\u015bci Imlil.\" \/>\n<meta property=\"og:url\" content=\"https:\/\/8a.pl\/8academy\/toubkal-najwyzszy-szczyt-gor-atlas\/\" \/>\n<meta property=\"og:site_name\" content=\"8academy.pl - portal g\u00f3rski i wspinaczkowy dla aktywnych\" \/>\n<meta property=\"article:publisher\" content=\"https:\/\/pl-pl.facebook.com\/sklep8apl\/\" \/>\n<meta property=\"article:published_time\" content=\"2017-04-14T06:22:15+00:00\" \/>\n<meta property=\"article:modified_time\" content=\"2024-05-19T21:51:25+00:00\" \/>\n<meta property=\"og:image\" content=\"http:\/\/8a.pl\/8academy\/wp-content\/uploads\/2017\/03\/Tabliczka-informujca-o-wkroczeniu-do-parku-narodowego-fot.-Grzegorz-Czajka.jpg\" \/>\n\t<meta property=\"og:image:width\" content=\"1000\" \/>\n\t<meta property=\"og:image:height\" content=\"650\" \/>\n\t<meta property=\"og:image:type\" content=\"image\/jpeg\" \/>\n<meta name=\"author\" content=\"Paulina Wierzbicka\" \/>\n<meta name=\"twitter:card\" content=\"summary_large_image\" \/>\n<meta name=\"twitter:label1\" content=\"Napisane przez\" \/>\n\t<meta name=\"twitter:data1\" content=\"Paulina Wierzbicka\" \/>\n\t<meta name=\"twitter:label2\" content=\"Szacowany czas czytania\" \/>\n\t<meta name=\"twitter:data2\" content=\"9 minut\" \/>\n<!-- \/ Yoast SEO Premium plugin. -->","yoast_head_json":{"title":"Toubkal - najwy\u017cszy szczyt g\u00f3r Atlas. Paulina Wierzbicka | 8academy","description":"Jabal Toubkal jest stosunkowo \u0142atwym szczytem. Najbardziej popularn\u0105 drog\u0105 wej\u015bcia jest \u015bcie\u017cka wiod\u0105ca z miejscowo\u015bci Imlil.","robots":{"index":"index","follow":"follow","max-snippet":"max-snippet:-1","max-image-preview":"max-image-preview:large","max-video-preview":"max-video-preview:-1"},"canonical":"https:\/\/8a.pl\/8academy\/toubkal-najwyzszy-szczyt-gor-atlas\/","og_locale":"pl_PL","og_type":"article","og_title":"Toubkal - najwy\u017cszy szczyt g\u00f3r Atlas","og_description":"Jabal Toubkal jest stosunkowo \u0142atwym szczytem. Najbardziej popularn\u0105 drog\u0105 wej\u015bcia jest \u015bcie\u017cka wiod\u0105ca z miejscowo\u015bci Imlil.","og_url":"https:\/\/8a.pl\/8academy\/toubkal-najwyzszy-szczyt-gor-atlas\/","og_site_name":"8academy.pl - portal g\u00f3rski i wspinaczkowy dla aktywnych","article_publisher":"https:\/\/pl-pl.facebook.com\/sklep8apl\/","article_published_time":"2017-04-14T06:22:15+00:00","article_modified_time":"2024-05-19T21:51:25+00:00","og_image":[{"width":1000,"height":650,"url":"http:\/\/8a.pl\/8academy\/wp-content\/uploads\/2017\/03\/Tabliczka-informujca-o-wkroczeniu-do-parku-narodowego-fot.-Grzegorz-Czajka.jpg","type":"image\/jpeg"}],"author":"Paulina Wierzbicka","twitter_card":"summary_large_image","twitter_misc":{"Napisane przez":"Paulina Wierzbicka","Szacowany czas czytania":"9 minut"},"schema":{"@context":"https:\/\/schema.org","@graph":[{"@type":"Article","@id":"https:\/\/8a.pl\/8academy\/toubkal-najwyzszy-szczyt-gor-atlas\/#article","isPartOf":{"@id":"https:\/\/8a.pl\/8academy\/toubkal-najwyzszy-szczyt-gor-atlas\/"},"author":{"name":"Paulina Wierzbicka","@id":"https:\/\/8a.pl\/8academy\/#\/schema\/person\/feee19519cca7c52e23ea3e36b03de7a"},"headline":"Toubkal &#8211; najwy\u017cszy szczyt g\u00f3r Atlas","datePublished":"2017-04-14T06:22:15+00:00","dateModified":"2024-05-19T21:51:25+00:00","mainEntityOfPage":{"@id":"https:\/\/8a.pl\/8academy\/toubkal-najwyzszy-szczyt-gor-atlas\/"},"wordCount":1700,"commentCount":0,"publisher":{"@id":"https:\/\/8a.pl\/8academy\/#organization"},"image":{"@id":"https:\/\/8a.pl\/8academy\/toubkal-najwyzszy-szczyt-gor-atlas\/#primaryimage"},"thumbnailUrl":"https:\/\/8a.pl\/8academy\/wp-content\/uploads\/2017\/03\/Tabliczka-informujca-o-wkroczeniu-do-parku-narodowego-fot.-Grzegorz-Czajka.jpg","keywords":["Ca\u0142oroczne","Przewodnik","Trekking"],"articleSection":["Turystyka \/ trekking"],"inLanguage":"pl-PL","potentialAction":[{"@type":"CommentAction","name":"Comment","target":["https:\/\/8a.pl\/8academy\/toubkal-najwyzszy-szczyt-gor-atlas\/#respond"]}]},{"@type":"WebPage","@id":"https:\/\/8a.pl\/8academy\/toubkal-najwyzszy-szczyt-gor-atlas\/","url":"https:\/\/8a.pl\/8academy\/toubkal-najwyzszy-szczyt-gor-atlas\/","name":"Toubkal - najwy\u017cszy szczyt g\u00f3r Atlas. Paulina Wierzbicka | 8academy","isPartOf":{"@id":"https:\/\/8a.pl\/8academy\/#website"},"primaryImageOfPage":{"@id":"https:\/\/8a.pl\/8academy\/toubkal-najwyzszy-szczyt-gor-atlas\/#primaryimage"},"image":{"@id":"https:\/\/8a.pl\/8academy\/toubkal-najwyzszy-szczyt-gor-atlas\/#primaryimage"},"thumbnailUrl":"https:\/\/8a.pl\/8academy\/wp-content\/uploads\/2017\/03\/Tabliczka-informujca-o-wkroczeniu-do-parku-narodowego-fot.-Grzegorz-Czajka.jpg","datePublished":"2017-04-14T06:22:15+00:00","dateModified":"2024-05-19T21:51:25+00:00","description":"Jabal Toubkal jest stosunkowo \u0142atwym szczytem. Najbardziej popularn\u0105 drog\u0105 wej\u015bcia jest \u015bcie\u017cka wiod\u0105ca z miejscowo\u015bci Imlil.","breadcrumb":{"@id":"https:\/\/8a.pl\/8academy\/toubkal-najwyzszy-szczyt-gor-atlas\/#breadcrumb"},"inLanguage":"pl-PL","potentialAction":[{"@type":"ReadAction","target":["https:\/\/8a.pl\/8academy\/toubkal-najwyzszy-szczyt-gor-atlas\/"]}]},{"@type":"ImageObject","inLanguage":"pl-PL","@id":"https:\/\/8a.pl\/8academy\/toubkal-najwyzszy-szczyt-gor-atlas\/#primaryimage","url":"https:\/\/8a.pl\/8academy\/wp-content\/uploads\/2017\/03\/Tabliczka-informujca-o-wkroczeniu-do-parku-narodowego-fot.-Grzegorz-Czajka.jpg","contentUrl":"https:\/\/8a.pl\/8academy\/wp-content\/uploads\/2017\/03\/Tabliczka-informujca-o-wkroczeniu-do-parku-narodowego-fot.-Grzegorz-Czajka.jpg","width":1000,"height":650,"caption":"Tabliczka informujca o wkroczeniu do parku narodowego fot. Grzegorz Czajka"},{"@type":"BreadcrumbList","@id":"https:\/\/8a.pl\/8academy\/toubkal-najwyzszy-szczyt-gor-atlas\/#breadcrumb","itemListElement":[{"@type":"ListItem","position":1,"name":"Strona g\u0142\u00f3wna","item":"https:\/\/8a.pl\/8academy\/"},{"@type":"ListItem","position":2,"name":"Toubkal &#8211; najwy\u017cszy szczyt g\u00f3r Atlas"}]},{"@type":"WebSite","@id":"https:\/\/8a.pl\/8academy\/#website","url":"https:\/\/8a.pl\/8academy\/","name":"8academy.pl - portal g\u00f3rski i wspinaczkowy dla aktywnych","description":"8academy to portal g\u00f3rski o wspinaczce, trekkingu i skiturach. Znajdziesz tu porady, testy sprz\u0119tu i opisy najlepszych rejon\u00f3w. Inspirujemy zdobywc\u00f3w!","publisher":{"@id":"https:\/\/8a.pl\/8academy\/#organization"},"potentialAction":[{"@type":"SearchAction","target":{"@type":"EntryPoint","urlTemplate":"https:\/\/8a.pl\/8academy\/?s={search_term_string}"},"query-input":{"@type":"PropertyValueSpecification","valueRequired":true,"valueName":"search_term_string"}}],"inLanguage":"pl-PL"},{"@type":"Organization","@id":"https:\/\/8a.pl\/8academy\/#organization","name":"8academy.pl - portal g\u00f3rski i wspinaczkowy dla aktywnych","url":"https:\/\/8a.pl\/8academy\/","logo":{"@type":"ImageObject","inLanguage":"pl-PL","@id":"https:\/\/8a.pl\/8academy\/#\/schema\/logo\/image\/","url":"https:\/\/8a.pl\/8academy\/wp-content\/uploads\/2015\/11\/logo.png","contentUrl":"https:\/\/8a.pl\/8academy\/wp-content\/uploads\/2015\/11\/logo.png","width":438,"height":315,"caption":"8academy.pl - portal g\u00f3rski i wspinaczkowy dla aktywnych"},"image":{"@id":"https:\/\/8a.pl\/8academy\/#\/schema\/logo\/image\/"},"sameAs":["https:\/\/pl-pl.facebook.com\/sklep8apl\/","https:\/\/www.instagram.com\/8apl\/"]},{"@type":"Person","@id":"https:\/\/8a.pl\/8academy\/#\/schema\/person\/feee19519cca7c52e23ea3e36b03de7a","name":"Paulina Wierzbicka","image":{"@type":"ImageObject","inLanguage":"pl-PL","@id":"https:\/\/8a.pl\/8academy\/#\/schema\/person\/image\/","url":"https:\/\/8a.pl\/8academy\/wp-content\/uploads\/2017\/10\/unnamed-1-150x150-min.jpg","contentUrl":"https:\/\/8a.pl\/8academy\/wp-content\/uploads\/2017\/10\/unnamed-1-150x150-min.jpg","caption":"Paulina Wierzbicka"},"description":"Speleolog, kt\u00f3ry nie przepada za eksploracj\u0105, rekreacyjny taternik, niedzielny biegacz, okazjonalny kanioningowiec, sezonowy skiturowiec. Urz\u0119das, pilot wycieczek, ratownik WOPR, animator czasu wolnego. Z bran\u017c\u0105 outdoorow\u0105 zwi\u0105zana wieloletnim do\u015bwiadczeniem zawodowym oraz jeszcze d\u0142u\u017cej trwaj\u0105c\u0105 pasj\u0105. Absolwentka AWF im. E. Piaseckiego w Poznaniu. Cz\u0142onek Speleoklubu D\u0105browa G\u00f3rnicza, z przewag\u0105 dzia\u0142alno\u015bci powierzchniowej na swym koncie. Autorka bloga pollyenespana.blogspot.com, kt\u00f3ry z rzeczon\u0105 Espa\u00f1\u0105 od d\u0142u\u017cszego czasu nie ma nic wsp\u00f3lnego, a wi\u0119cej traktuje o wypadach, wyprawach, pasji do aktywnego trybu \u017cycia i klasycznych weekendowych getaway\u2019ach.","url":"https:\/\/8a.pl\/8academy\/author\/polly-wierzbicka\/"}]}},"_links":{"self":[{"href":"https:\/\/8a.pl\/8academy\/wp-json\/wp\/v2\/posts\/9882","targetHints":{"allow":["GET"]}}],"collection":[{"href":"https:\/\/8a.pl\/8academy\/wp-json\/wp\/v2\/posts"}],"about":[{"href":"https:\/\/8a.pl\/8academy\/wp-json\/wp\/v2\/types\/post"}],"author":[{"embeddable":true,"href":"https:\/\/8a.pl\/8academy\/wp-json\/wp\/v2\/users\/17"}],"replies":[{"embeddable":true,"href":"https:\/\/8a.pl\/8academy\/wp-json\/wp\/v2\/comments?post=9882"}],"version-history":[{"count":1,"href":"https:\/\/8a.pl\/8academy\/wp-json\/wp\/v2\/posts\/9882\/revisions"}],"predecessor-version":[{"id":65353,"href":"https:\/\/8a.pl\/8academy\/wp-json\/wp\/v2\/posts\/9882\/revisions\/65353"}],"wp:featuredmedia":[{"embeddable":true,"href":"https:\/\/8a.pl\/8academy\/wp-json\/wp\/v2\/media\/9902"}],"wp:attachment":[{"href":"https:\/\/8a.pl\/8academy\/wp-json\/wp\/v2\/media?parent=9882"}],"wp:term":[{"taxonomy":"category","embeddable":true,"href":"https:\/\/8a.pl\/8academy\/wp-json\/wp\/v2\/categories?post=9882"},{"taxonomy":"post_tag","embeddable":true,"href":"https:\/\/8a.pl\/8academy\/wp-json\/wp\/v2\/tags?post=9882"}],"curies":[{"name":"wp","href":"https:\/\/api.w.org\/{rel}","templated":true}]}}