{"id":9378,"date":"2017-03-19T16:50:51","date_gmt":"2017-03-19T15:50:51","guid":{"rendered":"http:\/\/8a.pl\/8academy\/?p=9378"},"modified":"2024-05-19T23:52:38","modified_gmt":"2024-05-19T21:52:38","slug":"jak-chronic-spiwor-puchowy-przed-zamoknieciem","status":"publish","type":"post","link":"https:\/\/8a.pl\/8academy\/jak-chronic-spiwor-puchowy-przed-zamoknieciem\/","title":{"rendered":"Jak chroni\u0107 \u015bpiw\u00f3r puchowy przed zamokni\u0119ciem?"},"content":{"rendered":"<p><span style=\"font-weight: 400;\">Ten naturalny surowiec ma jednak wad\u0119 \u2013 pod wp\u0142ywem wilgoci traci spr\u0119\u017cysto\u015b\u0107. Woda pozbawia puch w\u0142a\u015bciwo\u015bci izoluj\u0105cych. Tymczasem musz\u0119 liczy\u0107 si\u0119 z tym, \u017ce moj\u0105 puch\u00f3wk\u0119 zabieram nieraz w miejsca, gdzie regularnie pada. Kr\u00f3tkie, weekendowe wypady mog\u0119 jeszcze prze\u017cy\u0107 nie po\u015bwi\u0119caj\u0105c zbyt wiele uwagi ochronie \u015bpiwora. Na d\u0142ugich, czasem wielomiesi\u0119cznych wyprawach, musz\u0119 zadba\u0107 o \u015bpiw\u00f3r i zwraca\u0107 bacznie uwag\u0119 na to, jak go u\u017cywam, aby unikn\u0105\u0107 jego przemoczenia. Jak chroni\u0107 <a href=\"https:\/\/8a.pl\/spiwory-puchowe\" target=\"_blank\" rel=\"noopener noreferrer\">\u015bpiw\u00f3r puchowy<\/a> przed zamokni\u0119ciem?<\/span><\/p>\n<h2 style=\"text-align: center;\"><span style=\"font-weight: 400;\">Sprawdzaj prognoz\u0119 pogody<\/span><\/h2>\n<p><span style=\"font-weight: 400;\">Jak zwykle naj\u0142atwiejsza jest profilaktyka. Szykuj\u0105c si\u0119 do wyj\u015bcia w g\u00f3ry sprawdzam prognoz\u0119 pogody, a ta pomaga mi przygotowa\u0107 si\u0119 na najgorsze spodziewane warunki. Synoptycy zapowiadaj\u0105 d\u0142ugi okres ze s\u0142o\u0144cem? Wtedy zdarza mi si\u0119 i\u015b\u0107 na szlak kompletnie bez schronienia. Stabilna pogoda nie zrobi mi niespodzianki, a w razie niespodziewanego deszczu zrobi\u0119 u\u017cytek z mapy, by znale\u017a\u0107 najbli\u017csz\u0105 mo\u017cliw\u0105 kryj\u00f3wk\u0119. Gdy prognozy s\u0105 z\u0142e, od samego pocz\u0105tku nastawiam si\u0119 na deszcz i pakuj\u0119 m\u00f3j plecak w spos\u00f3b, kt\u00f3ry ochroni baga\u017c przed zmoczeniem. Dodatkowo zabieram te\u017c co\u015b, co pos\u0142u\u017cy mi za os\u0142on\u0119 przed niepogod\u0105.<\/span><\/p>\n<h2 style=\"text-align: center;\"><span style=\"font-weight: 400;\">Zaopatrz si\u0119 w wodoodporne worki<\/span><\/h2>\n<p><span style=\"font-weight: 400;\">B\u0119d\u0105c na szlaku, sp\u0119dzam nawet kilkana\u015bcie godzin maszeruj\u0105c. Przez ten czas nie mog\u0119 dopu\u015bci\u0107, by deszcz lub \u015bnieg przemoczy\u0142y \u015bpiw\u00f3r znajduj\u0105cy si\u0119 na dnie plecaka. Na czas z\u0142ej pogody zostawiam w domu firmowy pokrowiec, w kt\u00f3rym zwykle znajduje si\u0119 dostarczany przez producenta \u015bpiw\u00f3r. Taki worek, wykonany z lekkiego nylonu, zazwyczaj nie powstrzymuje w og\u00f3le wody. Zamiast niego, u\u017cywam worka wodoszczelnego, kt\u00f3ry nawet podczas przypadkowej k\u0105pieli w g\u00f3rskim strumieniu nie przepu\u015bci wody do \u015brodka. Jego pojemno\u015b\u0107 dobieram do rozmiaru \u015bpiwora: m\u00f3j letni model z \u0142atwo\u015bci\u0105 upchn\u0119 do 4-5 litrowego worka, kt\u00f3ry po zrolowaniu staje si\u0119 szczelny. Zimowy wymaga 15-20 litrowego. Taki <a href=\"https:\/\/8a.pl\/worki-wodoszczelne\" target=\"_blank\" rel=\"noopener noreferrer\">wodoszczelny worek<\/a>, np. marki <a href=\"https:\/\/8a.pl\/sea-to-summit\" target=\"_blank\" rel=\"noopener noreferrer\"><strong>Sea to Summit<\/strong><\/a>, wykonany z materia\u0142u pokrytego silikonem, o szwach podklejonych ta\u015bm\u0105, zatrzyma wod\u0119 z dala od wra\u017cliwego puchu.<\/span><\/p>\n<div id=\"attachment_9382\" style=\"width: 1010px\" class=\"wp-caption alignnone\"><img fetchpriority=\"high\" decoding=\"async\" aria-describedby=\"caption-attachment-9382\" class=\"co zrobi\u0107, by nie zniszczy\u0107 puchu wp-image-9382 size-full\" title=\"ochrona puchu\" src=\"https:\/\/8a.pl\/8academy\/wp-content\/uploads\/2017\/02\/worki-See-to-Summit.jpg\" alt=\"worek wodoszczelny Sea to Summit\" width=\"1000\" height=\"650\" srcset=\"https:\/\/8a.pl\/8academy\/wp-content\/uploads\/2017\/02\/worki-See-to-Summit.jpg 1000w, https:\/\/8a.pl\/8academy\/wp-content\/uploads\/2017\/02\/worki-See-to-Summit-300x195.jpg 300w, https:\/\/8a.pl\/8academy\/wp-content\/uploads\/2017\/02\/worki-See-to-Summit-768x499.jpg 768w, https:\/\/8a.pl\/8academy\/wp-content\/uploads\/2017\/02\/worki-See-to-Summit-30x20.jpg 30w\" sizes=\"(max-width: 1000px) 100vw, 1000px\" \/><p id=\"caption-attachment-9382\" class=\"wp-caption-text\">Worki Sea to Summit doskonale sprawdz\u0105 si\u0119 do transportowania rzeczy, chroni\u0105c je przed zamokni\u0119ciem (fot. 8a.pl)<\/p><\/div>\n<h2 style=\"text-align: center;\"><span style=\"font-weight: 400;\">Spakuj si\u0119 w odpowiedni baga\u017c<\/span><\/h2>\n<p><span style=\"font-weight: 400;\">Jeszcze uwa\u017cniej traktuj\u0119 m\u00f3j \u015bpiw\u00f3r podczas sp\u0142ywu kajakowego. Tam, opr\u00f3cz spakowania go do ma\u0142ego, wodoszczelnego worka, ca\u0142o\u015b\u0107 baga\u017cu chowam w du\u017cym worku \u017ceglarskim. M\u00f3j ulubiony typ worka to taki, kt\u00f3ry posiada szelki i bas biodrowy, podobne do tych w plecakach. Pozwala to przenosi\u0107 nawet du\u017ce ilo\u015bci baga\u017cu podczas sp\u0142ywu. \u00a0<\/span><span style=\"font-weight: 400;\">Identyczne rozwi\u0105zanie sprawdza si\u0119 podczas zej\u015b\u0107 do jaski\u0144. W chwili, gdy pisz\u0119 te s\u0142owa, szykujemy ze znajomymi kilkudniow\u0105 eksploracj\u0119 sudeckich \u201edziur\u201d. M\u00f3j baga\u017c na tak\u0105 przygod\u0119 l\u0105duje w 50- lub 80-litrowym worku \u017ceglasko-jaskiniowym. Nie musz\u0119 si\u0119 martwi\u0107, \u017ce m\u00f3j \u015bpiw\u00f3r, jak i reszta moich rzeczy, ulegnie zawilgoceniu.<\/span><\/p>\n<div id=\"attachment_13280\" style=\"width: 1010px\" class=\"wp-caption alignnone\"><img decoding=\"async\" aria-describedby=\"caption-attachment-13280\" class=\"jak ochroni\u0107 \u015bpiw\u00f3r wp-image-13280 size-full\" title=\"plecak transportowy chroniacy puch\" src=\"https:\/\/8a.pl\/8academy\/wp-content\/uploads\/2017\/03\/worek-wodoodporny-sea-to-summit-sling-dry-bag-20-l-blue_2-1000-650.png\" alt=\"wodoodporne worki Sea To Summit Sling Dry Bag\" width=\"1000\" height=\"650\" srcset=\"https:\/\/8a.pl\/8academy\/wp-content\/uploads\/2017\/03\/worek-wodoodporny-sea-to-summit-sling-dry-bag-20-l-blue_2-1000-650.png 1000w, https:\/\/8a.pl\/8academy\/wp-content\/uploads\/2017\/03\/worek-wodoodporny-sea-to-summit-sling-dry-bag-20-l-blue_2-1000-650-300x195.png 300w, https:\/\/8a.pl\/8academy\/wp-content\/uploads\/2017\/03\/worek-wodoodporny-sea-to-summit-sling-dry-bag-20-l-blue_2-1000-650-768x499.png 768w\" sizes=\"(max-width: 1000px) 100vw, 1000px\" \/><p id=\"caption-attachment-13280\" class=\"wp-caption-text\">Wodoodporne worki Sea To Summit Sling Dry Bag posiadaj\u0105 regulowany pasek, pozwalaj\u0105cy na wygodne przenoszenie na ramieniu. (fot. 8a.pl)<\/p><\/div>\n<h2 style=\"text-align: center;\"><span style=\"font-weight: 400;\">Pomy\u015bl o tarpie<\/span><\/h2>\n<p><span style=\"font-weight: 400;\">Kiedy pogoda jest wybitnie z\u0142a, a opr\u00f3cz deszczu licz\u0119 si\u0119 z silnymi wiatrami, moim wyborem jest lekki namiot. Tak by\u0142o np. podczas trawersu Islandii. Zazwyczaj w g\u00f3ry zabieram jednak tarp <\/span><span style=\"font-weight: 400;\">&#8211; schronienie wa\u017c\u0105ce du\u017co mniej, a daj\u0105ce podobny komfort wypoczynku po ca\u0142ym dniu. Nawet przy z\u0142ej pogodzie, przy odrobinie wprawy, tarpa rozbi\u0107 mo\u017cna tak, by dawa\u0142 os\u0142on\u0119 przed zacinaj\u0105cym deszczem. Wa\u017cn\u0105 zalet\u0105 tego patentu jest fakt, \u017ce nie jeste\u015bmy w nim zamkni\u0119ci czterema szczelnymi \u015bcianami. W namiocie, gdy na zewn\u0105trz zimno i pada, wilgo\u0107 z naszych ubra\u0144 i oddechu skrapla si\u0119 wewn\u0105trz i sp\u0142ywa na pod\u0142og\u0119. Pod plandek\u0105, kt\u00f3ra pozostaje zawsze przewiewna, zjawisko kondensacji w og\u00f3le nie wyst\u0119puje. Ponadto bije ona namiot na g\u0142ow\u0119 swoj\u0105 wag\u0105 \u2013 w istocie takie niewielkie schronienie mo\u017cna mie\u0107 zawsze w plecaku- nawet podczas kr\u00f3tkich wycieczek, a jego ci\u0119\u017car b\u0119dzie ledwie wyczuwalny.<\/span><\/p>\n<div id=\"attachment_9385\" style=\"width: 1010px\" class=\"wp-caption alignnone\"><img decoding=\"async\" aria-describedby=\"caption-attachment-9385\" class=\"\u015bpiw\u00f3r puchowy - ochrona przed deszczem wp-image-9385 size-full\" title=\"Ochrona puchu przed deszczem\" src=\"http:\/\/8a.pl\/8academy\/wp-content\/uploads\/2017\/02\/006_HI_2016A-052-0.jpg\" alt=\"Jak chroni\u0107 puch przed deszczem?\" width=\"1000\" height=\"650\" srcset=\"https:\/\/8a.pl\/8academy\/wp-content\/uploads\/2017\/02\/006_HI_2016A-052-0.jpg 1000w, https:\/\/8a.pl\/8academy\/wp-content\/uploads\/2017\/02\/006_HI_2016A-052-0-300x195.jpg 300w, https:\/\/8a.pl\/8academy\/wp-content\/uploads\/2017\/02\/006_HI_2016A-052-0-768x499.jpg 768w, https:\/\/8a.pl\/8academy\/wp-content\/uploads\/2017\/02\/006_HI_2016A-052-0-30x20.jpg 30w\" sizes=\"(max-width: 1000px) 100vw, 1000px\" \/><p id=\"caption-attachment-9385\" class=\"wp-caption-text\">Przed deszczem trudno uciec. Zamiast szuka\u0107 schronienia warto je mie\u0107 w plecaku w postaci tarpu (fot. The North Face)<\/p><\/div>\n<p><span style=\"font-weight: 400;\">Opr\u00f3cz utrzymywania mojego \u015bpiwora w stanie mo\u017cliwie suchym, zawsze staram si\u0119 mie\u0107 do dyspozycji zmian\u0119 bielizny. Nawet, gdy moje ubrania po ca\u0142odziennym marszu s\u0105 wilgotne, do \u015bpiwora wskakuj\u0119 w suchej koszulce, leginsach i skarpetach. Taki zestaw daje mi ciep\u0142o, tak potrzebne podczas wypoczynku i sprawia, \u017ce noc\u0105 w \u015bpiworze nie kumuluje si\u0119 wilgo\u0107.<\/span><\/p>\n<h2 style=\"text-align: center;\"><span style=\"font-weight: 400;\">Zabierz ze sob\u0105 p\u0142acht\u0119 biwakow\u0105<\/span><\/h2>\n<p><span style=\"font-weight: 400;\">Je\u015bli planujemy szybkie wyj\u015bcie w g\u00f3ry, po\u0142\u0105czone z jednym lub dwoma biwakami, rozwi\u0105zaniem mo\u017ce by\u0107 <a href=\"https:\/\/8a.pl\/plachty-biwakowe\" target=\"_blank\" rel=\"noopener noreferrer\">p\u0142achta biwakowa<\/a>. To w istocie specjalny worek na cz\u0142owieka i \u015bpiw\u00f3r, do kt\u00f3rego chowamy si\u0119, niczym do torby<\/span><span style=\"font-weight: 400;\">. P\u0142achta wykonana jest zazwyczaj z nylonu, pokrytego pow\u0142ok\u0105 nadaj\u0105c\u0105 mu wodoodporno\u015b\u0107. Taki patent jest du\u017co bezpieczniejszy ni\u017c spanie w samym \u015bpiworze pod go\u0142ym niebem. Bardziej zaawansowane modele szyje si\u0119 z materia\u0142\u00f3w wyposa\u017conych w membran\u0119 \u2013 mo\u017ce to by\u0107 GORE-TEX\u00ae\u00a0lub inny rodzaj. Membrana jest dro\u017csza i nieco ci\u0119\u017csza ni\u017c zwyk\u0142y nylon, ale znacznie bardziej odporna. Co wa\u017cne, przepuszcza na zewn\u0105trz par\u0119 wodn\u0105, po nocy sp\u0119dzonej w p\u0142achcie nie obudzimy si\u0119 wi\u0119c mokrzy.<\/span><\/p>\n<p><span style=\"font-weight: 400;\">Opr\u00f3cz os\u0142ony przed deszczem, p\u0142achta biwakowa oferuje mo\u017cliwo\u015b\u0107 zamkni\u0119cia si\u0119 w niej, co sprawia, \u017ce temperatura wewn\u0105trz wzrasta nawet o 5-10 stopni. Cho\u0107 wykonana z cienkiego nylonu, faktycznie podwy\u017csza ona komfort termiczny \u015bpiwora.<\/span><\/p>\n<div id=\"attachment_9384\" style=\"width: 1010px\" class=\"wp-caption alignnone\"><img loading=\"lazy\" decoding=\"async\" aria-describedby=\"caption-attachment-9384\" class=\"\u015bpiw\u00f3r puchowy a woda wp-image-9384 size-full\" title=\"plachta biwakowa do czego\" src=\"http:\/\/8a.pl\/8academy\/wp-content\/uploads\/2017\/02\/14032_5S9A0002_MAYAR_PACLITE_JACKET_ORIGINAL.jpg\" alt=\"W\u0119drowanie na lekko - co zabra\u0107?\" width=\"1000\" height=\"650\" srcset=\"https:\/\/8a.pl\/8academy\/wp-content\/uploads\/2017\/02\/14032_5S9A0002_MAYAR_PACLITE_JACKET_ORIGINAL.jpg 1000w, https:\/\/8a.pl\/8academy\/wp-content\/uploads\/2017\/02\/14032_5S9A0002_MAYAR_PACLITE_JACKET_ORIGINAL-300x195.jpg 300w, https:\/\/8a.pl\/8academy\/wp-content\/uploads\/2017\/02\/14032_5S9A0002_MAYAR_PACLITE_JACKET_ORIGINAL-768x499.jpg 768w, https:\/\/8a.pl\/8academy\/wp-content\/uploads\/2017\/02\/14032_5S9A0002_MAYAR_PACLITE_JACKET_ORIGINAL-30x20.jpg 30w\" sizes=\"(max-width: 1000px) 100vw, 1000px\" \/><p id=\"caption-attachment-9384\" class=\"wp-caption-text\">Je\u015bli w\u0119drujesz ,,na lekko&#8221;, a planujesz nocleg pod go\u0142ym niebem, opr\u00f3cz puchowego \u015bpiwora warto do plecaka dorzuci\u0107 r\u00f3wnie\u017c p\u0142acht\u0119 biwakow\u0105 (fot. Berghaus)<\/p><\/div>\n<p><span style=\"font-weight: 400;\">P\u0142achty biwakowe to popularne wyposa\u017cenie wspinaczy i alpinist\u00f3w na wypadek nieprzewidzianego biwaku w \u015bcianie (obrazowo nazywanego \u201ekiblem\u201d) lub na szybkie przej\u015bcia du\u017cych \u015bcian. Dobrze pos\u0142u\u017c\u0105 tak\u017ce turystom \u2013 wyposa\u017cony jedynie w lekk\u0105 p\u0142acht\u0119 i \u015bpiw\u00f3r przeszed\u0142em kilka tysi\u0119cy kilometr\u00f3w przez Europ\u0119. Produkowane s\u0105 w wersjach 1- i 2-osobowych.<\/span><\/p>\n<h2 style=\"text-align: center;\"><span style=\"font-weight: 400;\">Zainwestuj w puch hydrofobowy<\/span><\/h2>\n<p><span style=\"font-weight: 400;\">Patentem zdobywaj\u0105cym coraz wi\u0119ksz\u0105 popularno\u015b\u0107 jest puch hydrofobowy, kt\u00f3ry coraz wi\u0119cej firm wprowadza do swojej oferty. Jest to taki sam puch kaczy b\u0105d\u017a g\u0119si, co w ka\u017cdej kurtce lub \u015bpiworze, ale pokryty niezwykle cienk\u0105 impregnacj\u0105, nadaj\u0105c\u0105 mu w\u0142a\u015bciwo\u015bci wodoodporne. To rozwi\u0105zanie pomaga chroni\u0107 \u015bpiw\u00f3r przed przemoczeniem, odwracaj\u0105c jednak ten proces. To nie u\u017cytkownik ma szuka\u0107 sposobu na os\u0142on\u0119 przed wod\u0105 \u2013 to sam puch wytrzymuje kontakt z ni\u0105, znacznie d\u0142u\u017cej zachowuj\u0105c w\u0142a\u015bciwo\u015bci. Taki patent sprawdza si\u0119 w rejonach, gdzie kr\u00f3luj\u0105 deszcz i wszechobecna wilgo\u0107.<\/span><\/p>\n<div id=\"attachment_9386\" style=\"width: 1010px\" class=\"wp-caption alignnone\"><img loading=\"lazy\" decoding=\"async\" aria-describedby=\"caption-attachment-9386\" class=\"\u015bpiw\u00f3r puchowy - jak go ochroni\u0107 wp-image-9386 size-full\" title=\"puch a woda\" src=\"http:\/\/8a.pl\/8academy\/wp-content\/uploads\/2017\/02\/019_HI_2016A-020-0.jpg\" alt=\"Jak ochroni\u0107 \u015bpiw\u00f3r puchowy przed wod\u0105?\" width=\"1000\" height=\"650\" srcset=\"https:\/\/8a.pl\/8academy\/wp-content\/uploads\/2017\/02\/019_HI_2016A-020-0.jpg 1000w, https:\/\/8a.pl\/8academy\/wp-content\/uploads\/2017\/02\/019_HI_2016A-020-0-300x195.jpg 300w, https:\/\/8a.pl\/8academy\/wp-content\/uploads\/2017\/02\/019_HI_2016A-020-0-768x499.jpg 768w, https:\/\/8a.pl\/8academy\/wp-content\/uploads\/2017\/02\/019_HI_2016A-020-0-30x20.jpg 30w\" sizes=\"(max-width: 1000px) 100vw, 1000px\" \/><p id=\"caption-attachment-9386\" class=\"wp-caption-text\">Nie tylko deszcz czy \u015bnieg mog\u0105 by\u0107 zagro\u017ceniem dla twojego puchowego \u015bpiwora (fot. The North Face)<\/p><\/div>\n<p><span style=\"font-weight: 400;\">Oczywi\u015bcie nie warto \u015bpiwora z puchem hydrofobowym zanurza\u0107 w wodzie i wystawia\u0107 na rz\u0119sisty deszcz. Materia\u0142 tworz\u0105cy pokrycie \u015bpiwora zazwyczaj nie jest nieprzemakalny, szybko obudzimy si\u0119 wi\u0119c mokrzy. Zalet\u0105 takiego puchu jest raczej fakt, \u017ce po zmoczeniu wysycha on i wraca do pierwotnego stanu du\u017co szybciej. Nie warto jednak rezygnowa\u0107 z dodatkowej os\u0142ony. Nawet maj\u0105c \u015bpiw\u00f3r z hydrofobowym puchem g\u0119sim, zabieram w g\u00f3ry <a href=\"https:\/\/8a.pl\/tarpy-turystyczne\" target=\"_blank\" rel=\"noopener noreferrer\">tarp<\/a> lub <a href=\"https:\/\/8a.pl\/namioty-turystyczne\" target=\"_blank\" rel=\"noopener noreferrer\">namiot<\/a>.<\/span><\/p>\n<h2 style=\"text-align: center;\"><span style=\"font-weight: 400;\">Pami\u0119taj o odpowiednim suszeniu<\/span><\/h2>\n<p><span style=\"font-weight: 400;\">Ostatni\u0105 zasad\u0105 dbania o \u015bpiw\u00f3r jest jego suszenie. Je\u015bli po deszczowej nocy przychodzi s\u0142o\u0144ce, odk\u0142adam wyruszenie na szlak o kilka minut i rozwieszam go na namiocie lub lince mi\u0119dzy drzewami, aby wysech\u0142. W tym czasie mog\u0119 pakowa\u0107 plecak lub je\u015b\u0107 \u015bniadanie. Gdy nie chc\u0119 d\u0142ugo czeka\u0107, po prostu&#8230; owijam si\u0119 \u015bpiworem i ruszam. Wisz\u0105cy mi na ramionach i plecaku wygl\u0105da do\u015b\u0107 dziwnie, ale ciep\u0142o s\u0142o\u0144ca i mojego cia\u0142a potrafi go zaskakuj\u0105co szybko wysuszy\u0107.<\/span><\/p>\n<p><span style=\"font-weight: 400;\">\u015apiwory puchowe, cho\u0107 lekkie i ciep\u0142e, trzeba chroni\u0107 przed wod\u0105. Jednak przy zachowaniu ostro\u017cno\u015bci sprawdz\u0105 si\u0119 nawet w warunkach d\u0142ugotrwa\u0142ego deszczu, a je\u015bli b\u0119dziemy o nie odpowiednio dba\u0107, pos\u0142u\u017c\u0105 nam przez lata.<\/span><\/p>\n","protected":false},"excerpt":{"rendered":"<p>Kilka miesi\u0119cy temu rozwa\u017cali\u015bmy, wsp\u00f3lnie z kilkoma autorami 8academy.pl, jaki \u015bpiw\u00f3r jest najlepszy do naszych aktywno\u015bci. M\u00f3j wyb\u00f3r ju\u017c chyba od dziesi\u0119ciu sezon\u00f3w jest sta\u0142y: tylko puch. Mimo post\u0119p\u00f3w w technologii materia\u0142\u00f3w, nie ma jeszcze syntetycznej ociepliny, kt\u00f3ra zr\u00f3wna\u0142aby si\u0119 z nim w\u0142a\u015bciwo\u015bciami. W mojej szafie sprz\u0119towej wisz\u0105 dwa \u015bpiwory: wiosenno-letni i zimowy, obydwa wype\u0142nione puchem.<\/p>\n","protected":false},"author":15,"featured_media":15322,"comment_status":"open","ping_status":"open","sticky":false,"template":"","format":"standard","meta":{"_acf_changed":false,"_uf_show_specific_survey":0,"_uf_disable_surveys":false,"footnotes":""},"categories":[26070],"tags":[26104,26069,26085],"class_list":["post-9378","post","type-post","status-publish","format-standard","has-post-thumbnail","hentry","category-turystyka-trekking","tag-caloroczne","tag-poradnik","tag-trekking"],"acf":[],"yoast_head":"<!-- This site is optimized with the Yoast SEO Premium plugin v23.4 (Yoast SEO v25.5) - https:\/\/yoast.com\/wordpress\/plugins\/seo\/ -->\n<title>Jak chroni\u0107 \u015bpiw\u00f3r puchowy przed zamokni\u0119ciem? \u0141ukasz Supergan | 8academy<\/title>\n<meta name=\"description\" content=\"Na d\u0142ugich, czasem wielomiesi\u0119cznych wyprawach, musz\u0119 zadba\u0107 o \u015bpiw\u00f3r i unikn\u0105\u0107 jego przemoczenia. Jak chroni\u0107 \u015bpiw\u00f3r puchowy przed zamokni\u0119ciem?\" \/>\n<meta name=\"robots\" content=\"index, follow, max-snippet:-1, max-image-preview:large, max-video-preview:-1\" \/>\n<link rel=\"canonical\" href=\"https:\/\/8a.pl\/8academy\/jak-chronic-spiwor-puchowy-przed-zamoknieciem\/\" \/>\n<meta property=\"og:locale\" content=\"pl_PL\" \/>\n<meta property=\"og:type\" content=\"article\" \/>\n<meta property=\"og:title\" content=\"Jak chroni\u0107 \u015bpiw\u00f3r puchowy przed zamokni\u0119ciem?\" \/>\n<meta property=\"og:description\" content=\"Na d\u0142ugich, czasem wielomiesi\u0119cznych wyprawach, musz\u0119 zadba\u0107 o \u015bpiw\u00f3r i unikn\u0105\u0107 jego przemoczenia. Jak chroni\u0107 \u015bpiw\u00f3r puchowy przed zamokni\u0119ciem?\" \/>\n<meta property=\"og:url\" content=\"https:\/\/8a.pl\/8academy\/jak-chronic-spiwor-puchowy-przed-zamoknieciem\/\" \/>\n<meta property=\"og:site_name\" content=\"8academy.pl - portal g\u00f3rski i wspinaczkowy dla aktywnych\" \/>\n<meta property=\"article:publisher\" content=\"https:\/\/pl-pl.facebook.com\/sklep8apl\/\" \/>\n<meta property=\"article:published_time\" content=\"2017-03-19T15:50:51+00:00\" \/>\n<meta property=\"article:modified_time\" content=\"2024-05-19T21:52:38+00:00\" \/>\n<meta property=\"og:image\" content=\"https:\/\/8a.pl\/8academy\/wp-content\/uploads\/2017\/03\/006_HI_2016A-052-0-1.jpg\" \/>\n\t<meta property=\"og:image:width\" content=\"1100\" \/>\n\t<meta property=\"og:image:height\" content=\"715\" \/>\n\t<meta property=\"og:image:type\" content=\"image\/jpeg\" \/>\n<meta name=\"author\" content=\"\u0141ukasz Supergan\" \/>\n<meta name=\"twitter:card\" content=\"summary_large_image\" \/>\n<meta name=\"twitter:label1\" content=\"Napisane przez\" \/>\n\t<meta name=\"twitter:data1\" content=\"\u0141ukasz Supergan\" \/>\n\t<meta name=\"twitter:label2\" content=\"Szacowany czas czytania\" \/>\n\t<meta name=\"twitter:data2\" content=\"7 minut\" \/>\n<!-- \/ Yoast SEO Premium plugin. -->","yoast_head_json":{"title":"Jak chroni\u0107 \u015bpiw\u00f3r puchowy przed zamokni\u0119ciem? \u0141ukasz Supergan | 8academy","description":"Na d\u0142ugich, czasem wielomiesi\u0119cznych wyprawach, musz\u0119 zadba\u0107 o \u015bpiw\u00f3r i unikn\u0105\u0107 jego przemoczenia. Jak chroni\u0107 \u015bpiw\u00f3r puchowy przed zamokni\u0119ciem?","robots":{"index":"index","follow":"follow","max-snippet":"max-snippet:-1","max-image-preview":"max-image-preview:large","max-video-preview":"max-video-preview:-1"},"canonical":"https:\/\/8a.pl\/8academy\/jak-chronic-spiwor-puchowy-przed-zamoknieciem\/","og_locale":"pl_PL","og_type":"article","og_title":"Jak chroni\u0107 \u015bpiw\u00f3r puchowy przed zamokni\u0119ciem?","og_description":"Na d\u0142ugich, czasem wielomiesi\u0119cznych wyprawach, musz\u0119 zadba\u0107 o \u015bpiw\u00f3r i unikn\u0105\u0107 jego przemoczenia. Jak chroni\u0107 \u015bpiw\u00f3r puchowy przed zamokni\u0119ciem?","og_url":"https:\/\/8a.pl\/8academy\/jak-chronic-spiwor-puchowy-przed-zamoknieciem\/","og_site_name":"8academy.pl - portal g\u00f3rski i wspinaczkowy dla aktywnych","article_publisher":"https:\/\/pl-pl.facebook.com\/sklep8apl\/","article_published_time":"2017-03-19T15:50:51+00:00","article_modified_time":"2024-05-19T21:52:38+00:00","og_image":[{"width":1100,"height":715,"url":"https:\/\/8a.pl\/8academy\/wp-content\/uploads\/2017\/03\/006_HI_2016A-052-0-1.jpg","type":"image\/jpeg"}],"author":"\u0141ukasz Supergan","twitter_card":"summary_large_image","twitter_misc":{"Napisane przez":"\u0141ukasz Supergan","Szacowany czas czytania":"7 minut"},"schema":{"@context":"https:\/\/schema.org","@graph":[{"@type":"Article","@id":"https:\/\/8a.pl\/8academy\/jak-chronic-spiwor-puchowy-przed-zamoknieciem\/#article","isPartOf":{"@id":"https:\/\/8a.pl\/8academy\/jak-chronic-spiwor-puchowy-przed-zamoknieciem\/"},"author":{"name":"\u0141ukasz Supergan","@id":"https:\/\/8a.pl\/8academy\/#\/schema\/person\/eaf166d69373907c8e46461771300229"},"headline":"Jak chroni\u0107 \u015bpiw\u00f3r puchowy przed zamokni\u0119ciem?","datePublished":"2017-03-19T15:50:51+00:00","dateModified":"2024-05-19T21:52:38+00:00","mainEntityOfPage":{"@id":"https:\/\/8a.pl\/8academy\/jak-chronic-spiwor-puchowy-przed-zamoknieciem\/"},"wordCount":1405,"commentCount":0,"publisher":{"@id":"https:\/\/8a.pl\/8academy\/#organization"},"image":{"@id":"https:\/\/8a.pl\/8academy\/jak-chronic-spiwor-puchowy-przed-zamoknieciem\/#primaryimage"},"thumbnailUrl":"https:\/\/8a.pl\/8academy\/wp-content\/uploads\/2017\/03\/006_HI_2016A-052-0-1.jpg","keywords":["Ca\u0142oroczne","Poradnik","Trekking"],"articleSection":["Turystyka \/ trekking"],"inLanguage":"pl-PL","potentialAction":[{"@type":"CommentAction","name":"Comment","target":["https:\/\/8a.pl\/8academy\/jak-chronic-spiwor-puchowy-przed-zamoknieciem\/#respond"]}]},{"@type":"WebPage","@id":"https:\/\/8a.pl\/8academy\/jak-chronic-spiwor-puchowy-przed-zamoknieciem\/","url":"https:\/\/8a.pl\/8academy\/jak-chronic-spiwor-puchowy-przed-zamoknieciem\/","name":"Jak chroni\u0107 \u015bpiw\u00f3r puchowy przed zamokni\u0119ciem? \u0141ukasz Supergan | 8academy","isPartOf":{"@id":"https:\/\/8a.pl\/8academy\/#website"},"primaryImageOfPage":{"@id":"https:\/\/8a.pl\/8academy\/jak-chronic-spiwor-puchowy-przed-zamoknieciem\/#primaryimage"},"image":{"@id":"https:\/\/8a.pl\/8academy\/jak-chronic-spiwor-puchowy-przed-zamoknieciem\/#primaryimage"},"thumbnailUrl":"https:\/\/8a.pl\/8academy\/wp-content\/uploads\/2017\/03\/006_HI_2016A-052-0-1.jpg","datePublished":"2017-03-19T15:50:51+00:00","dateModified":"2024-05-19T21:52:38+00:00","description":"Na d\u0142ugich, czasem wielomiesi\u0119cznych wyprawach, musz\u0119 zadba\u0107 o \u015bpiw\u00f3r i unikn\u0105\u0107 jego przemoczenia. Jak chroni\u0107 \u015bpiw\u00f3r puchowy przed zamokni\u0119ciem?","breadcrumb":{"@id":"https:\/\/8a.pl\/8academy\/jak-chronic-spiwor-puchowy-przed-zamoknieciem\/#breadcrumb"},"inLanguage":"pl-PL","potentialAction":[{"@type":"ReadAction","target":["https:\/\/8a.pl\/8academy\/jak-chronic-spiwor-puchowy-przed-zamoknieciem\/"]}]},{"@type":"ImageObject","inLanguage":"pl-PL","@id":"https:\/\/8a.pl\/8academy\/jak-chronic-spiwor-puchowy-przed-zamoknieciem\/#primaryimage","url":"https:\/\/8a.pl\/8academy\/wp-content\/uploads\/2017\/03\/006_HI_2016A-052-0-1.jpg","contentUrl":"https:\/\/8a.pl\/8academy\/wp-content\/uploads\/2017\/03\/006_HI_2016A-052-0-1.jpg","width":1100,"height":715,"caption":"Przed deszczem trudno uciec. Zamiast szuka\u0107 schronienia warto je mie\u0107 w plecaku w postaci tarpu (fot. The North Face)"},{"@type":"BreadcrumbList","@id":"https:\/\/8a.pl\/8academy\/jak-chronic-spiwor-puchowy-przed-zamoknieciem\/#breadcrumb","itemListElement":[{"@type":"ListItem","position":1,"name":"Strona g\u0142\u00f3wna","item":"https:\/\/8a.pl\/8academy\/"},{"@type":"ListItem","position":2,"name":"Jak chroni\u0107 \u015bpiw\u00f3r puchowy przed zamokni\u0119ciem?"}]},{"@type":"WebSite","@id":"https:\/\/8a.pl\/8academy\/#website","url":"https:\/\/8a.pl\/8academy\/","name":"8academy.pl - portal g\u00f3rski i wspinaczkowy dla aktywnych","description":"8academy to portal g\u00f3rski o wspinaczce, trekkingu i skiturach. Znajdziesz tu porady, testy sprz\u0119tu i opisy najlepszych rejon\u00f3w. Inspirujemy zdobywc\u00f3w!","publisher":{"@id":"https:\/\/8a.pl\/8academy\/#organization"},"potentialAction":[{"@type":"SearchAction","target":{"@type":"EntryPoint","urlTemplate":"https:\/\/8a.pl\/8academy\/?s={search_term_string}"},"query-input":{"@type":"PropertyValueSpecification","valueRequired":true,"valueName":"search_term_string"}}],"inLanguage":"pl-PL"},{"@type":"Organization","@id":"https:\/\/8a.pl\/8academy\/#organization","name":"8academy.pl - portal g\u00f3rski i wspinaczkowy dla aktywnych","url":"https:\/\/8a.pl\/8academy\/","logo":{"@type":"ImageObject","inLanguage":"pl-PL","@id":"https:\/\/8a.pl\/8academy\/#\/schema\/logo\/image\/","url":"https:\/\/8a.pl\/8academy\/wp-content\/uploads\/2015\/11\/logo.png","contentUrl":"https:\/\/8a.pl\/8academy\/wp-content\/uploads\/2015\/11\/logo.png","width":438,"height":315,"caption":"8academy.pl - portal g\u00f3rski i wspinaczkowy dla aktywnych"},"image":{"@id":"https:\/\/8a.pl\/8academy\/#\/schema\/logo\/image\/"},"sameAs":["https:\/\/pl-pl.facebook.com\/sklep8apl\/","https:\/\/www.instagram.com\/8apl\/"]},{"@type":"Person","@id":"https:\/\/8a.pl\/8academy\/#\/schema\/person\/eaf166d69373907c8e46461771300229","name":"\u0141ukasz Supergan","image":{"@type":"ImageObject","inLanguage":"pl-PL","@id":"https:\/\/8a.pl\/8academy\/#\/schema\/person\/image\/","url":"https:\/\/8a.pl\/8academy\/wp-content\/uploads\/2024\/03\/lukasz_8a_team-scaled-e1709800486592-150x150.jpg","contentUrl":"https:\/\/8a.pl\/8academy\/wp-content\/uploads\/2024\/03\/lukasz_8a_team-scaled-e1709800486592-150x150.jpg","caption":"\u0141ukasz Supergan"},"description":"Jego pasj\u0105 s\u0105 w\u0119dr\u00f3wki d\u0142ugodystansowe, o ka\u017cdej porze roku, pod ka\u017cda szeroko\u015bci\u0105 geograficzn\u0105. W ci\u0105gu minionych 5 lat przeszed\u0142 ponad 15 000 km, w g\u00f3rach Europy i Azji. Przetrawersowa\u0142 ira\u0144skie g\u00f3ry Zagros i \u0142a\u0144cuch Pirenej\u00f3w. W 2004 roku, jako pierwszy cz\u0142owiek, przeszed\u0142 samotnie \u0141uk Karpat, powtarzaj\u0105c ten wyczyn po 9 latach. W 2004 roku uko\u0144czy\u0142 pierwsze w historii samotne przej\u015bcie Karpat (powt\u00f3rzy\u0142 je po 9 latach). Przeszed\u0142 4 000 km szlakiem Warszawa \u2013 przyl\u0105dek Finisterra w Hiszpanii. Przemierzy\u0142 2300 km ira\u0144skich g\u00f3r Zagros, ma na swoim koncie gra\u0144 Pirenej\u00f3w, Izraelski Szlak Narodowy, trawers Alp, zimowe Karpaty S\u0142owackie, 2 trawersy Islandii \u2013 letni i zimowy oraz ponad 25 wej\u015b\u0107 na 4- i 5-tysi\u0119czniki Alp, Kaukazu i Tien Szanu, a w 2021 r. - tak\u017ce na szczyt Piku Lenina (7134 m). Autor dw\u00f3ch ksi\u0105\u017cek i kilkudziesi\u0119ciu artyku\u0142\u00f3w. G\u00f3rskim do\u015bwiadczeniem dzieli si\u0119 na swoim blogu www.lukaszsupergan.com 8academy.pl.","sameAs":["https:\/\/lukaszsupergan.com\/"],"url":"https:\/\/8a.pl\/8academy\/author\/lukasz-supergan\/"}]}},"_links":{"self":[{"href":"https:\/\/8a.pl\/8academy\/wp-json\/wp\/v2\/posts\/9378","targetHints":{"allow":["GET"]}}],"collection":[{"href":"https:\/\/8a.pl\/8academy\/wp-json\/wp\/v2\/posts"}],"about":[{"href":"https:\/\/8a.pl\/8academy\/wp-json\/wp\/v2\/types\/post"}],"author":[{"embeddable":true,"href":"https:\/\/8a.pl\/8academy\/wp-json\/wp\/v2\/users\/15"}],"replies":[{"embeddable":true,"href":"https:\/\/8a.pl\/8academy\/wp-json\/wp\/v2\/comments?post=9378"}],"version-history":[{"count":1,"href":"https:\/\/8a.pl\/8academy\/wp-json\/wp\/v2\/posts\/9378\/revisions"}],"predecessor-version":[{"id":69360,"href":"https:\/\/8a.pl\/8academy\/wp-json\/wp\/v2\/posts\/9378\/revisions\/69360"}],"wp:featuredmedia":[{"embeddable":true,"href":"https:\/\/8a.pl\/8academy\/wp-json\/wp\/v2\/media\/15322"}],"wp:attachment":[{"href":"https:\/\/8a.pl\/8academy\/wp-json\/wp\/v2\/media?parent=9378"}],"wp:term":[{"taxonomy":"category","embeddable":true,"href":"https:\/\/8a.pl\/8academy\/wp-json\/wp\/v2\/categories?post=9378"},{"taxonomy":"post_tag","embeddable":true,"href":"https:\/\/8a.pl\/8academy\/wp-json\/wp\/v2\/tags?post=9378"}],"curies":[{"name":"wp","href":"https:\/\/api.w.org\/{rel}","templated":true}]}}