{"id":88470,"date":"2026-09-03T13:37:20","date_gmt":"2026-09-03T11:37:20","guid":{"rendered":"https:\/\/8a.pl\/8academy\/?p=88470"},"modified":"2026-09-04T07:31:10","modified_gmt":"2026-09-04T05:31:10","slug":"test-plecaka-cotopaxi-allpa-28l","status":"publish","type":"post","link":"https:\/\/8a.pl\/8academy\/test-plecaka-cotopaxi-allpa-28l\/","title":{"rendered":"Test plecaka Cotopaxi Allpa 28L &#8211; outdoorowy akcent w miejskim p\u0119dzie!"},"content":{"rendered":"\n<p class=\"wp-block-paragraph\">Cotopaxi to ugruntowana ameryka\u0144ska marka outdoorowa, kt\u00f3rej nazwa pochodzi od jednego z najbardziej charakterystycznych wulkan\u00f3w Ekwadoru. Wielkie szczyty dobrze wsp\u00f3\u0142graj\u0105 z wielkimi ideami, dlatego jednym z fundament\u00f3w marki jest has\u0142o \u201eDo Good\u201d, podkre\u015blaj\u0105ce wykorzystywanie biznesu jako narz\u0119dzia do wspierania ludzi i \u015brodowiska.&nbsp;<\/p>\n\n\n\n<p class=\"wp-block-paragraph\">Czy wielkie has\u0142a id\u0105 w parze z r\u00f3wnie wielk\u0105 funkcjonalno\u015bci\u0105? Sprawdz\u0119 to na w\u0142asnym przyk\u0142adzie!<\/p>\n\n\n\n<p class=\"wp-block-paragraph\"><\/p>\n\n\n<div class=\"wp-block-image\">\n<figure class=\"aligncenter size-full\"><img fetchpriority=\"high\" decoding=\"async\" width=\"600\" height=\"816\" src=\"https:\/\/8a.pl\/8academy\/wp-content\/uploads\/2026\/09\/image00006.webp\" alt=\"Test aplecaka Cotopaxi Allpa 28.\" class=\"wp-image-88506\" srcset=\"https:\/\/8a.pl\/8academy\/wp-content\/uploads\/2026\/09\/image00006.webp 600w, https:\/\/8a.pl\/8academy\/wp-content\/uploads\/2026\/09\/image00006-221x300.webp 221w\" sizes=\"(max-width: 600px) 100vw, 600px\" \/><figcaption class=\"wp-element-caption\">Cotopaxi Allpa 28L. Dyskrecja zdecydowanie nie by\u0142a tu priorytetem. (fot. Monika Guga\u0142a)<\/figcaption><\/figure>\n<\/div>\n\n\n<h2 id=\"h-cotopaxi-allpa-28l\" class=\"wp-block-heading\">Cotopaxi Allpa 28L<\/h2>\n\n\n\n<p class=\"wp-block-paragraph\">Pozornie zwyczajny plecak mo\u017ce okaza\u0107 si\u0119 wa\u017cnym sprzymierze\u0144cem, gdy w ci\u0105gu kilkunastu godzin trzeba pogodzi\u0107 kilka r\u00f3\u017cnych r\u00f3l. Praca, \u017cycie prywatne, trening, rodzicielstwo i\u2026 druga praca. Przy takim rytmie dnia organizacja przestaje dotyczy\u0107 wy\u0142\u0105cznie czasu. R\u00f3wnie wa\u017cna staje si\u0119 organizacja przestrzeni.<\/p>\n\n\n\n<p class=\"wp-block-paragraph\"><\/p>\n\n\n\n<div class=\"wp-block-buttons is-content-justification-center is-layout-flex wp-container-core-buttons-is-layout-fe48e5de wp-block-buttons-is-layout-flex\">\n<div class=\"wp-block-button is-style-fill\"><a class=\"wp-block-button__link has-background wp-element-button\" href=\"https:\/\/8a.pl\/plecak-podrozny-cotopaxi-allpa-28l-travel-pack-del-dia\" style=\"border-top-left-radius:6px;border-top-right-radius:6px;border-bottom-left-radius:6px;border-bottom-right-radius:6px;background-color:#e9600e\">KUP PLECAK PODR\u00d3\u017bNY COTOPAXI ALLPA 28L<\/a><\/div>\n<\/div>\n\n\n\n<p class=\"wp-block-paragraph\">Na pierwszy rzut oka mo\u017cna \u015bmia\u0142o powiedzie\u0107, \u017ce z Cotopaxi nie trzeba wybiera\u0107 mi\u0119dzy funkcjonalno\u015bci\u0105 a charakterem. W \u015bwiecie, w kt\u00f3rym nawet kolorystyka sprz\u0119tu outdoorowego coraz cz\u0119\u015bciej podporz\u0105dkowuje si\u0119 trendom i temu, co akurat jest \u201ekolorem roku\u201d, przyjemnie jest mie\u0107 na plecach co\u015b, co zdecydowanie nie pr\u00f3buje znikn\u0105\u0107 w t\u0142umie.<\/p>\n\n\n\n<p class=\"wp-block-paragraph\"><\/p>\n\n\n<div class=\"wp-block-image\">\n<figure class=\"aligncenter size-full\"><img decoding=\"async\" width=\"600\" height=\"816\" src=\"https:\/\/8a.pl\/8academy\/wp-content\/uploads\/2026\/09\/image00010.webp\" alt=\"Test aplecaka Cotopaxi Allpa 28.\" class=\"wp-image-88508\" srcset=\"https:\/\/8a.pl\/8academy\/wp-content\/uploads\/2026\/09\/image00010.webp 600w, https:\/\/8a.pl\/8academy\/wp-content\/uploads\/2026\/09\/image00010-221x300.webp 221w\" sizes=\"(max-width: 600px) 100vw, 600px\" \/><figcaption class=\"wp-element-caption\">Deadstock, druga szansa dla materia\u0142\u00f3w i zero gwarancji, jaki zestaw kolor\u00f3w trafi w\u0142a\u015bnie do Ciebie. (fot. Dawid Wilczek)<\/figcaption><\/figure>\n<\/div>\n\n\n<p class=\"wp-block-paragraph\">Dla niewtajemniczonych &#8211; wtajemniczeni mog\u0105 spokojnie przeskoczy\u0107 ten akapit &#8211; seria Del D\u00eda powstaje z wysokiej jako\u015bci materia\u0142\u00f3w typu deadstock, pozosta\u0142ych po innych produkcjach. Zamiast trafi\u0107 na sk\u0142adowisko, dostaj\u0105 drugie \u017cycie w postaci plecak\u00f3w i toreb, a ostateczny dob\u00f3r kolor\u00f3w pozostaje w r\u0119kach os\u00f3b, kt\u00f3re je szyj\u0105. To zdecydowanie propozycja dla odwa\u017cnych. W Del D\u00eda nie wybieramy konkretnej kolorystyki, kupujemy i godzimy si\u0119 na niespodziank\u0119.<\/p>\n\n\n\n<p class=\"wp-block-paragraph\">I tu wchodzi on. Ca\u0142y na kolorowo. Wyrazisty. Przyci\u0105gaj\u0105cy uwag\u0119. Cotopaxi Allpa 28L.<\/p>\n\n\n\n<p class=\"wp-block-paragraph\"><\/p>\n\n\n    <section class=\"ep8a-section\">\n      <div class=\"ep8a-header\">\n        <div class=\"ep8a-titlebar\">\n          <p class=\"ep8a-h\">Plecaki Ctopaxi<\/p>          <span class=\"ep8a-titleline\"><\/span>\n        <\/div>\n      <\/div>\n\n      <div class=\"ep8a-wrap\" id=\"ep8a_98ab4895-e973-447c-87e8-7c9231b60687\">\n        <div class=\"ep8a-carousel swiper\" id=\"ep8a_98ab4895-e973-447c-87e8-7c9231b60687_swiper\">\n          <div class=\"swiper-wrapper\">\n                          <div class=\"swiper-slide\">\n                <article class=\"ep8a-tile\">\n                  <a class=\"ep8a-link\" href=\"https:\/\/8a.pl\/plecak-miejski-cotopaxi-allpa-18l-daypack-fatigue\" target=\"_self\" rel=\"nofollow noopener noreferrer\" aria-label=\"Cotopaxi Allpa 18L Daypack\">\n                    <div class=\"ep8a-card\">\n                      <div class=\"ep8a-imgwrap\">\n                                                <img class=\"ep8a-img skip-lazy no-lazy\" decoding=\"async\" loading=\"eager\" data-no-lazy=\"1\" src=\"https:\/\/8a.pl\/media\/catalog\/product\/p\/l\/plecak-miejski-cotopaxi-allpa-18l-daypack-fatigue-1775643214.webp@jpg\" alt=\"Cotopaxi Allpa 18L Daypack\" width=\"500\" height=\"600\">                      <\/div>\n                    <\/div>\n                  <\/a>\n                  <div class=\"ep8a-caption\">\n                    <a class=\"ep8a-link\" href=\"https:\/\/8a.pl\/plecak-miejski-cotopaxi-allpa-18l-daypack-fatigue\" target=\"_self\" rel=\"nofollow noopener noreferrer\">\n                      <h3 class=\"ep8a-title\" title=\"Cotopaxi Allpa 18L Daypack\">Cotopaxi Allpa 18L Daypack<\/h3>\n                    <\/a>\n                    <div class=\"ep8a-price\">579.99 z\u0142<\/div>                  <\/div>\n                <\/article>\n              <\/div>\n                          <div class=\"swiper-slide\">\n                <article class=\"ep8a-tile\">\n                  <a class=\"ep8a-link\" href=\"https:\/\/8a.pl\/plecak-cotopaxi-todo-8l-sling-del-dia\" target=\"_self\" rel=\"nofollow noopener noreferrer\" aria-label=\"Cotopaxi Todo 8L Sling\">\n                    <div class=\"ep8a-card\">\n                      <div class=\"ep8a-imgwrap\">\n                                                <img class=\"ep8a-img skip-lazy no-lazy\" decoding=\"async\" loading=\"eager\" data-no-lazy=\"1\" src=\"https:\/\/8a.pl\/media\/catalog\/product\/p\/l\/plecak-cotopaxi-todo-8l-sling-del-dia-1777969055.webp@jpg\" alt=\"Cotopaxi Todo 8L Sling\" width=\"500\" height=\"600\">                      <\/div>\n                    <\/div>\n                  <\/a>\n                  <div class=\"ep8a-caption\">\n                    <a class=\"ep8a-link\" href=\"https:\/\/8a.pl\/plecak-cotopaxi-todo-8l-sling-del-dia\" target=\"_self\" rel=\"nofollow noopener noreferrer\">\n                      <h3 class=\"ep8a-title\" title=\"Cotopaxi Todo 8L Sling\">Cotopaxi Todo 8L Sling<\/h3>\n                    <\/a>\n                    <div class=\"ep8a-price\">339.99 z\u0142<\/div>                  <\/div>\n                <\/article>\n              <\/div>\n                          <div class=\"swiper-slide\">\n                <article class=\"ep8a-tile\">\n                  <a class=\"ep8a-link\" href=\"https:\/\/8a.pl\/plecak-miejski-cotopaxi-allpa-18l-daypack-del-dia\" target=\"_self\" rel=\"nofollow noopener noreferrer\" aria-label=\"Cotopaxi Allpa 18L Daypack\">\n                    <div class=\"ep8a-card\">\n                      <div class=\"ep8a-imgwrap\">\n                                                <img class=\"ep8a-img skip-lazy no-lazy\" decoding=\"async\" loading=\"eager\" data-no-lazy=\"1\" src=\"https:\/\/8a.pl\/media\/catalog\/product\/p\/l\/plecak-miejski-cotopaxi-allpa-18l-daypack-del-dia-1775643204.webp@jpg\" alt=\"Cotopaxi Allpa 18L Daypack\" width=\"500\" height=\"600\">                      <\/div>\n                    <\/div>\n                  <\/a>\n                  <div class=\"ep8a-caption\">\n                    <a class=\"ep8a-link\" href=\"https:\/\/8a.pl\/plecak-miejski-cotopaxi-allpa-18l-daypack-del-dia\" target=\"_self\" rel=\"nofollow noopener noreferrer\">\n                      <h3 class=\"ep8a-title\" title=\"Cotopaxi Allpa 18L Daypack\">Cotopaxi Allpa 18L Daypack<\/h3>\n                    <\/a>\n                    <div class=\"ep8a-price\">599.99 z\u0142<\/div>                  <\/div>\n                <\/article>\n              <\/div>\n                          <div class=\"swiper-slide\">\n                <article class=\"ep8a-tile\">\n                  <a class=\"ep8a-link\" href=\"https:\/\/8a.pl\/plecak-miejski-cotopaxi-allpa-18l-daypack-aster\" target=\"_self\" rel=\"nofollow noopener noreferrer\" aria-label=\"Cotopaxi Allpa 18L Daypack\">\n                    <div class=\"ep8a-card\">\n                      <div class=\"ep8a-imgwrap\">\n                                                <img class=\"ep8a-img skip-lazy no-lazy\" decoding=\"async\" loading=\"eager\" data-no-lazy=\"1\" src=\"https:\/\/8a.pl\/media\/catalog\/product\/p\/l\/plecak-miejski-cotopaxi-allpa-18l-daypack-aster-1775643206.webp@jpg\" alt=\"Cotopaxi Allpa 18L Daypack\" width=\"500\" height=\"600\">                      <\/div>\n                    <\/div>\n                  <\/a>\n                  <div class=\"ep8a-caption\">\n                    <a class=\"ep8a-link\" href=\"https:\/\/8a.pl\/plecak-miejski-cotopaxi-allpa-18l-daypack-aster\" target=\"_self\" rel=\"nofollow noopener noreferrer\">\n                      <h3 class=\"ep8a-title\" title=\"Cotopaxi Allpa 18L Daypack\">Cotopaxi Allpa 18L Daypack<\/h3>\n                    <\/a>\n                    <div class=\"ep8a-price\">579.99 z\u0142<\/div>                  <\/div>\n                <\/article>\n              <\/div>\n                          <div class=\"swiper-slide\">\n                <article class=\"ep8a-tile\">\n                  <a class=\"ep8a-link\" href=\"https:\/\/8a.pl\/plecak-miejski-cotopaxi-allpa-26l-daypack-del-dia\" target=\"_self\" rel=\"nofollow noopener noreferrer\" aria-label=\"Cotopaxi Allpa 26L Daypack\">\n                    <div class=\"ep8a-card\">\n                      <div class=\"ep8a-imgwrap\">\n                                                <img class=\"ep8a-img skip-lazy no-lazy\" decoding=\"async\" loading=\"eager\" data-no-lazy=\"1\" src=\"https:\/\/8a.pl\/media\/catalog\/product\/p\/l\/plecak-miejski-cotopaxi-allpa-26l-daypack-del-dia-1776258578.webp@jpg\" alt=\"Cotopaxi Allpa 26L Daypack\" width=\"500\" height=\"600\">                      <\/div>\n                    <\/div>\n                  <\/a>\n                  <div class=\"ep8a-caption\">\n                    <a class=\"ep8a-link\" href=\"https:\/\/8a.pl\/plecak-miejski-cotopaxi-allpa-26l-daypack-del-dia\" target=\"_self\" rel=\"nofollow noopener noreferrer\">\n                      <h3 class=\"ep8a-title\" title=\"Cotopaxi Allpa 26L Daypack\">Cotopaxi Allpa 26L Daypack<\/h3>\n                    <\/a>\n                    <div class=\"ep8a-price\">699.99 z\u0142<\/div>                  <\/div>\n                <\/article>\n              <\/div>\n                          <div class=\"swiper-slide\">\n                <article class=\"ep8a-tile\">\n                  <a class=\"ep8a-link\" href=\"https:\/\/8a.pl\/plecak-dla-dziecka-cotopaxi-dimi-12l-backpack-del-dia\" target=\"_self\" rel=\"nofollow noopener noreferrer\" aria-label=\"Cotopaxi Dimi 12L Backpack\">\n                    <div class=\"ep8a-card\">\n                      <div class=\"ep8a-imgwrap\">\n                                                <img class=\"ep8a-img skip-lazy no-lazy\" decoding=\"async\" loading=\"eager\" data-no-lazy=\"1\" src=\"https:\/\/8a.pl\/media\/catalog\/product\/p\/l\/plecak-dla-dziecka-cotopaxi-dimi-12l-backpack-del-dia-1761216730.webp@jpg\" alt=\"Cotopaxi Dimi 12L Backpack\" width=\"500\" height=\"600\">                      <\/div>\n                    <\/div>\n                  <\/a>\n                  <div class=\"ep8a-caption\">\n                    <a class=\"ep8a-link\" href=\"https:\/\/8a.pl\/plecak-dla-dziecka-cotopaxi-dimi-12l-backpack-del-dia\" target=\"_self\" rel=\"nofollow noopener noreferrer\">\n                      <h3 class=\"ep8a-title\" title=\"Cotopaxi Dimi 12L Backpack\">Cotopaxi Dimi 12L Backpack<\/h3>\n                    <\/a>\n                    <div class=\"ep8a-price\">319.99 z\u0142<\/div>                  <\/div>\n                <\/article>\n              <\/div>\n                          <div class=\"swiper-slide\">\n                <article class=\"ep8a-tile\">\n                  <a class=\"ep8a-link\" href=\"https:\/\/8a.pl\/plecak-podrozny-cotopaxi-allpa-50l-adventure-travel-pack-fig\" target=\"_self\" rel=\"nofollow noopener noreferrer\" aria-label=\"Cotopaxi Allpa 50L Adventure Travel Pack\">\n                    <div class=\"ep8a-card\">\n                      <div class=\"ep8a-imgwrap\">\n                                                <img class=\"ep8a-img skip-lazy no-lazy\" decoding=\"async\" loading=\"eager\" data-no-lazy=\"1\" src=\"https:\/\/8a.pl\/media\/catalog\/product\/p\/l\/plecak-podrozny-cotopaxi-allpa-50l-adventure-travel-pack-fig-1779959366.webp@jpg\" alt=\"Cotopaxi Allpa 50L Adventure Travel Pack\" width=\"500\" height=\"600\">                      <\/div>\n                    <\/div>\n                  <\/a>\n                  <div class=\"ep8a-caption\">\n                    <a class=\"ep8a-link\" href=\"https:\/\/8a.pl\/plecak-podrozny-cotopaxi-allpa-50l-adventure-travel-pack-fig\" target=\"_self\" rel=\"nofollow noopener noreferrer\">\n                      <h3 class=\"ep8a-title\" title=\"Cotopaxi Allpa 50L Adventure Travel Pack\">Cotopaxi Allpa 50L Adventure Travel Pack<\/h3>\n                    <\/a>\n                    <div class=\"ep8a-price\">1449.99 z\u0142<\/div>                  <\/div>\n                <\/article>\n              <\/div>\n                          <div class=\"swiper-slide\">\n                <article class=\"ep8a-tile\">\n                  <a class=\"ep8a-link\" href=\"https:\/\/8a.pl\/plecak-miejski-cotopaxi-allpa-26l-daypack-blue-spruce-abyss\" target=\"_self\" rel=\"nofollow noopener noreferrer\" aria-label=\"Cotopaxi Allpa 26L Daypack\">\n                    <div class=\"ep8a-card\">\n                      <div class=\"ep8a-imgwrap\">\n                                                <img class=\"ep8a-img skip-lazy no-lazy\" decoding=\"async\" loading=\"eager\" data-no-lazy=\"1\" src=\"https:\/\/8a.pl\/media\/catalog\/product\/p\/l\/plecak-miejski-cotopaxi-allpa-26l-daypack-blue-spruce-abyss-1767623951.webp@jpg\" alt=\"Cotopaxi Allpa 26L Daypack\" width=\"500\" height=\"600\">                      <\/div>\n                    <\/div>\n                  <\/a>\n                  <div class=\"ep8a-caption\">\n                    <a class=\"ep8a-link\" href=\"https:\/\/8a.pl\/plecak-miejski-cotopaxi-allpa-26l-daypack-blue-spruce-abyss\" target=\"_self\" rel=\"nofollow noopener noreferrer\">\n                      <h3 class=\"ep8a-title\" title=\"Cotopaxi Allpa 26L Daypack\">Cotopaxi Allpa 26L Daypack<\/h3>\n                    <\/a>\n                    <div class=\"ep8a-price\">739.99 z\u0142<\/div>                  <\/div>\n                <\/article>\n              <\/div>\n                          <div class=\"swiper-slide\">\n                <article class=\"ep8a-tile\">\n                  <a class=\"ep8a-link\" href=\"https:\/\/8a.pl\/plecak-podrozny-cotopaxi-allpa-35l-travel-pack-fig\" target=\"_self\" rel=\"nofollow noopener noreferrer\" aria-label=\"Cotopaxi Allpa 35L Travel Pack\">\n                    <div class=\"ep8a-card\">\n                      <div class=\"ep8a-imgwrap\">\n                                                <img class=\"ep8a-img skip-lazy no-lazy\" decoding=\"async\" loading=\"eager\" data-no-lazy=\"1\" src=\"https:\/\/8a.pl\/media\/catalog\/product\/p\/l\/plecak-podrozny-cotopaxi-allpa-35l-travel-pack-fig-1763987192.webp@jpg\" alt=\"Cotopaxi Allpa 35L Travel Pack\" width=\"500\" height=\"600\">                      <\/div>\n                    <\/div>\n                  <\/a>\n                  <div class=\"ep8a-caption\">\n                    <a class=\"ep8a-link\" href=\"https:\/\/8a.pl\/plecak-podrozny-cotopaxi-allpa-35l-travel-pack-fig\" target=\"_self\" rel=\"nofollow noopener noreferrer\">\n                      <h3 class=\"ep8a-title\" title=\"Cotopaxi Allpa 35L Travel Pack\">Cotopaxi Allpa 35L Travel Pack<\/h3>\n                    <\/a>\n                    <div class=\"ep8a-price\">1129.99 z\u0142<\/div>                  <\/div>\n                <\/article>\n              <\/div>\n                          <div class=\"swiper-slide\">\n                <article class=\"ep8a-tile\">\n                  <a class=\"ep8a-link\" href=\"https:\/\/8a.pl\/plecak-podrozny-cotopaxi-allpa-mini-20l-travel-pack-fatigue\" target=\"_self\" rel=\"nofollow noopener noreferrer\" aria-label=\"Cotopaxi Allpa Mini 20L Travel Pack\">\n                    <div class=\"ep8a-card\">\n                      <div class=\"ep8a-imgwrap\">\n                                                <img class=\"ep8a-img skip-lazy no-lazy\" decoding=\"async\" loading=\"eager\" data-no-lazy=\"1\" src=\"https:\/\/8a.pl\/media\/catalog\/product\/p\/l\/plecak-podrozny-cotopaxi-allpa-mini-20l-travel-pack-fatigue-1759139832.webp@jpg\" alt=\"Cotopaxi Allpa Mini 20L Travel Pack\" width=\"500\" height=\"600\">                      <\/div>\n                    <\/div>\n                  <\/a>\n                  <div class=\"ep8a-caption\">\n                    <a class=\"ep8a-link\" href=\"https:\/\/8a.pl\/plecak-podrozny-cotopaxi-allpa-mini-20l-travel-pack-fatigue\" target=\"_self\" rel=\"nofollow noopener noreferrer\">\n                      <h3 class=\"ep8a-title\" title=\"Cotopaxi Allpa Mini 20L Travel Pack\">Cotopaxi Allpa Mini 20L Travel Pack<\/h3>\n                    <\/a>\n                    <div class=\"ep8a-price\">799.99 z\u0142<\/div>                  <\/div>\n                <\/article>\n              <\/div>\n                      <\/div>\n        <\/div>\n\n        <!-- Strza\u0142ki poza .swiper -->\n        <button class=\"ep8a-arrow ep8a-prev\" id=\"ep8a_98ab4895-e973-447c-87e8-7c9231b60687_prev\" aria-label=\"Poprzedni\"><\/button>\n        <button class=\"ep8a-arrow ep8a-next\" id=\"ep8a_98ab4895-e973-447c-87e8-7c9231b60687_next\" aria-label=\"Nast\u0119pny\"><\/button>\n      <\/div>\n\n      <!-- Stopka: linia + CTA po prawej -->\n      <div class=\"ep8a-bottom\">\n        <span class=\"ep8a-bottomline\"><\/span>\n                  <a class=\"ep8a-cta\" href=\"https:\/\/8a.pl\/cotopaxi\/type-plecak\" target=\"_self\" rel=\"nofollow noopener noreferrer\">\n            ZOBACZ PLECAKI COTOPAXI           <\/a>\n              <\/div>\n    <\/section>\n\n\t<script>\n\tdocument.addEventListener(\"DOMContentLoaded\", function(){\n\t  if (typeof Swiper === \"undefined\") return;\n\n\t  const sel    = \"#ep8a_98ab4895-e973-447c-87e8-7c9231b60687_swiper\";\n\t  const prevEl = \"#ep8a_98ab4895-e973-447c-87e8-7c9231b60687_prev\";\n\t  const nextEl = \"#ep8a_98ab4895-e973-447c-87e8-7c9231b60687_next\";\n\n\t  \/\/ 1) Zainicjuj Swiper od razu \u2013 nie czekaj na wszystkie obrazy\n\t  let sw = new Swiper(sel, {\n\t\tloop: true,\n\t\tspaceBetween: 24,\n\t\tslidesPerView: 1,\n\t\troundLengths: true,\n\t\tobserver: true,\n\t\tobserveParents: true,\n\t\tresizeObserver: true,\n\t\tpreloadImages: true,\n\t\tupdateOnWindowResize: true,\n\t\tlazy: { loadOnTransitionStart: true, loadPrevNext: true, loadPrevNextAmount: 2 },\n\t\twatchSlidesProgress: true,\n\t\twatchSlidesVisibility: true,\n\t\tnavigation: { nextEl, prevEl },\n\t\tbreakpoints: {\n\t\t  320:  { slidesPerView: 2 },\n\t\t  720:  { slidesPerView: 3 },\n\t\t  1200: { slidesPerView: 4 }\n\t\t},\n\t\ton: {\n\t\t  imagesReady() { try { sw.update(); } catch(e){} },\n\t\t  afterInit()   { try { sw.update(); } catch(e){} }\n\t\t}\n\t  });\n\n\t  \/\/ 2) Delikatny \u201enudge\u201d dla przegl\u0105darki: je\u015bli obraz jest w DOM i ma src, popro\u015b o decode\n\t  const imgs = document.querySelectorAll(sel + \" .ep8a-img\");\n\t  imgs.forEach((img) => {\n\t\tif (img.complete) {\n\t\t  if (img.decode) { img.decode().catch(()=>{}).finally(()=> sw && sw.update()); }\n\t\t} else {\n\t\t  img.addEventListener(\"load\",  () => { if (img.decode) { img.decode().catch(()=>{}).finally(()=> sw && sw.update()); } else { sw && sw.update(); } }, { once:true });\n\t\t  img.addEventListener(\"error\", () => { sw && sw.update(); }, { once:true });\n\t\t}\n\t  });\n\n\t  \/\/ 3) Gdy okno w pe\u0142ni si\u0119 za\u0142aduje, przelicz jeszcze raz\n\t  window.addEventListener(\"load\", () => { sw && sw.update(); });\n\t});\n\t<\/script>\n\n    \n\n\n\n<h2 id=\"h-kolor-przyciaga-konstrukcja-przekonuje\" class=\"wp-block-heading\"><strong>Kolor przyci\u0105ga, konstrukcja przekonuje<\/strong><\/h2>\n\n\n\n<p class=\"wp-block-paragraph\">Zostawiam ju\u017c wygl\u0105d do subiektywnej oceny ka\u017cdego z nas, a sama skupi\u0119 si\u0119 na zastosowanych rozwi\u0105zaniach i konstrukcji. Bo o ile kolor mo\u017ce przyci\u0105gn\u0105\u0107 wzrok, to w\u0142a\u015bnie funkcjonalno\u015b\u0107 decyduje, czy plecak zostanie z nami na d\u0142u\u017cej.<\/p>\n\n\n\n<p class=\"wp-block-paragraph\"><\/p>\n\n\n<div class=\"wp-block-image\">\n<figure class=\"aligncenter size-full\"><img decoding=\"async\" width=\"600\" height=\"816\" src=\"https:\/\/8a.pl\/8academy\/wp-content\/uploads\/2026\/09\/image00023.webp\" alt=\"Test aplecaka Cotopaxi Allpa 28.\" class=\"wp-image-88513\" srcset=\"https:\/\/8a.pl\/8academy\/wp-content\/uploads\/2026\/09\/image00023.webp 600w, https:\/\/8a.pl\/8academy\/wp-content\/uploads\/2026\/09\/image00023-221x300.webp 221w\" sizes=\"(max-width: 600px) 100vw, 600px\" \/><figcaption class=\"wp-element-caption\">Trzy organizery, pe\u0142ny dost\u0119p do zawarto\u015bci i porz\u0105dek, kt\u00f3ry a\u017c prosi si\u0119, \u017ceby go nie zepsu\u0107. (fot. Monika Guga\u0142a)<\/figcaption><\/figure>\n<\/div>\n\n\n<p class=\"wp-block-paragraph\">Sama konstrukcja Allpy mocno czerpie z walizkowych rozwi\u0105za\u0144, co przy citybreakach czy podr\u00f3\u017cach samolotem sprawdza si\u0119 znakomicie. Plecak mo\u017cna wygodnie otworzy\u0107 niemal na ca\u0142ej d\u0142ugo\u015bci, a jego wn\u0119trze podzielono na trzy zintegrowane organizery. &nbsp;Liczne uchwyty daj\u0105 mo\u017cliwo\u015b\u0107 z\u0142apania go z praktycznie ka\u017cdej strony: od g\u00f3ry, od do\u0142u, z boku, a nawet w centralnej cz\u0119\u015bci plec\u00f3w. Ten ostatni, odpowiednio wzmocniony, s\u0142u\u017cy do nasuni\u0119cia plecaka na r\u0105czk\u0119 walizki. Proste? Bardzo. Przydatne? Jeszcze bardziej.<\/p>\n\n\n\n<p class=\"wp-block-paragraph\"><\/p>\n\n\n<div class=\"wp-block-image\">\n<figure class=\"aligncenter size-full\"><img loading=\"lazy\" decoding=\"async\" width=\"600\" height=\"816\" src=\"https:\/\/8a.pl\/8academy\/wp-content\/uploads\/2026\/09\/image00004.webp\" alt=\"Test aplecaka Cotopaxi Allpa 28.\" class=\"wp-image-88505\" srcset=\"https:\/\/8a.pl\/8academy\/wp-content\/uploads\/2026\/09\/image00004.webp 600w, https:\/\/8a.pl\/8academy\/wp-content\/uploads\/2026\/09\/image00004-221x300.webp 221w\" sizes=\"(max-width: 600px) 100vw, 600px\" \/><figcaption class=\"wp-element-caption\">Kr\u00f3tki wyjazd? To zdecydowanie \u017cywio\u0142 Cotopaxi Allpa 28L. (fot. Dawid Wilczek)<\/figcaption><\/figure>\n<\/div>\n\n\n<p class=\"wp-block-paragraph\">W\u0142a\u015bnie w podr\u00f3\u017cy Cotopaxi Allpa pokazuje pe\u0142ni\u0119 swoich mo\u017cliwo\u015bci. Podczas kr\u00f3tkiego wyjazdu, kiedy trzeba szybko przemieszcza\u0107 si\u0119 mi\u0119dzy lotniskiem, dworcem, hotelem i kolejnymi punktami miasta, mo\u017cliwo\u015b\u0107 wygodnego podniesienia plecaka, od\u0142o\u017cenia go, przypi\u0119cia do walizki czy dost\u0119pu do ca\u0142ej zawarto\u015bci bez nurkowania od g\u00f3ry jest naprawd\u0119 du\u017cym udogodnieniem.<br>Na citybreak trudno o bardziej naturalne \u015brodowisko dla tej konstrukcji. <\/p>\n\n\n\n<p><\/p>\n\n\n\n<h2 id=\"h-cotopaxi-allpa-28l-od-citybreaku-do-codziennego-biegu\" class=\"wp-block-heading\">Cotopaxi Allpa 28L &#8211;<strong> od citybreaku do codziennego biegu<\/strong><\/h2>\n\n\n\n<p class=\"wp-block-paragraph\">Przyznaj\u0119 bez bicia, uwielbiam porz\u0105dek, cho\u0107 nie zawsze udaje mi si\u0119 go utrzyma\u0107. Jestem z tych, kt\u00f3rzy uk\u0142adaj\u0105 odzie\u017c kolorystycznie. Prosz\u0119 si\u0119 wi\u0119c nie dziwi\u0107, \u017ce oczarowa\u0142 mnie ten fantastyczny widok trzech przegr\u00f3dek, kt\u00f3re pozwalaj\u0105 odseparowa\u0107 moje etapy dnia i pomagaj\u0105 utrzyma\u0107 \u0142ad i sk\u0142ad!<\/p>\n\n\n\n<p class=\"wp-block-paragraph\"><\/p>\n\n\n<div class=\"wp-block-image\">\n<figure class=\"aligncenter size-full\"><img loading=\"lazy\" decoding=\"async\" width=\"600\" height=\"816\" src=\"https:\/\/8a.pl\/8academy\/wp-content\/uploads\/2026\/09\/image00022.webp\" alt=\"Test plecaka.\" class=\"wp-image-88512\" srcset=\"https:\/\/8a.pl\/8academy\/wp-content\/uploads\/2026\/09\/image00022.webp 600w, https:\/\/8a.pl\/8academy\/wp-content\/uploads\/2026\/09\/image00022-221x300.webp 221w\" sizes=\"(max-width: 600px) 100vw, 600px\" \/><figcaption class=\"wp-element-caption\">Przerwa techniczna w codziennym biegu. (fot. Damian Wilczek)<\/figcaption><\/figure>\n<\/div>\n\n\n<p class=\"wp-block-paragraph\">Jak wysz\u0142o w praktyce? Mimo mego zachwytu nie tak kolorowo, jak chcia\u0142abym zak\u0142ada\u0107. Plecak niew\u0105tpliwie wymaga obycia i \u015bwiadomego pakowania. To, co mia\u0142o by\u0107 zalet\u0105, przez pierwsze dni u\u017cytkowania sta\u0142o si\u0119 dla mnie ma\u0142ym ziarenkiem piasku w oku.<\/p>\n\n\n\n<p class=\"wp-block-paragraph\">W moje r\u0119ce trafi\u0142 model o do\u015b\u0107 ciemnym wyko\u0144czeniu (spokojnie, nie ka\u017cdy taki jest). By\u0107 mo\u017ce to nie wina plecaka, a lec\u0105cych lat na mym karku, ale\u2026 czarnego etui szuka\u0142am trzy razy. Dopiero roz\u0142o\u017cenie wszystkich moich grat\u00f3w w odpowiednim o\u015bwietleniu zako\u0144czy\u0142o poszukiwania sukcesem.<\/p>\n\n\n\n<p class=\"wp-block-paragraph\"><\/p>\n\n\n<div class=\"wp-block-image\">\n<figure class=\"aligncenter size-full\"><img loading=\"lazy\" decoding=\"async\" width=\"600\" height=\"816\" src=\"https:\/\/8a.pl\/8academy\/wp-content\/uploads\/2026\/09\/image00024.webp\" alt=\"Test aplecaka Cotopaxi Allpa 28.\" class=\"wp-image-88514\" srcset=\"https:\/\/8a.pl\/8academy\/wp-content\/uploads\/2026\/09\/image00024.webp 600w, https:\/\/8a.pl\/8academy\/wp-content\/uploads\/2026\/09\/image00024-221x300.webp 221w\" sizes=\"(max-width: 600px) 100vw, 600px\" \/><figcaption class=\"wp-element-caption\">Szeroki zamek i niemal pe\u0142ne otwarcie komory g\u0142\u00f3wnej wyra\u017anie zdradzaj\u0105 walizkowe inspiracje Allpy. (fot. Dawid Wilczek)<\/figcaption><\/figure>\n<\/div>\n\n\n<p class=\"wp-block-paragraph\">Druga surowa lekcja obycia nadesz\u0142a w momencie, gdy, trzymaj\u0105c plecak za pas ramienny w jednej r\u0119ce, drug\u0105 pr\u00f3bowa\u0142am w po\u015bpiechu dosta\u0107 si\u0119 do rzeczy schowanych w dolnym organizerze. Ca\u0142a, jak\u017ce szybka procedura zako\u0144czy\u0142a si\u0119 fiaskiem, a ja szybko nauczy\u0142am si\u0119 zostawia\u0107 suwaki na g\u00f3rnej kraw\u0119dzi ka\u017cdej komory. Dzi\u0119ki temu dost\u0119p do zawarto\u015bci jest zdecydowanie sprawniejszy, nawet je\u015bli akurat nie mam mo\u017cliwo\u015bci po\u0142o\u017cenia plecaka i roz\u0142o\u017cenia go niczym walizki. Na uwag\u0119 zas\u0142uguje r\u00f3wnie\u017c obecno\u015b\u0107 wy\u015bcie\u0142anej przegrody na 15-calowego laptopa &#8211; opcja dla tych zapracowanych.<\/p>\n\n\n\n<p class=\"wp-block-paragraph\">Co ciekawe, producent najwyra\u017aniej przewidzia\u0142 takie sytuacje. Na froncie Allpy znalaz\u0142y si\u0119 dwie zewn\u0119trzne kieszenie &#8211; wi\u0119ksza i mniejsza &#8211; z szybkim dost\u0119pem do zawarto\u015bci. Wystarczy\u0142 niewielki przepak: klucze, s\u0142uchawki, portfel czy inne rzeczy, po kt\u00f3re si\u0119gam najcz\u0119\u015bciej, trafi\u0142y w\u0142a\u015bnie tam. Efekt? Wszystko znalaz\u0142o si\u0119 dos\u0142ownie w zasi\u0119gu r\u0119ki, a wn\u0119trze plecaka mog\u0142o spokojnie pozosta\u0107 uporz\u0105dkowane.<\/p>\n\n\n\n<p class=\"wp-block-paragraph\"><\/p>\n\n\n<div class=\"wp-block-image\">\n<figure class=\"aligncenter size-full\"><img loading=\"lazy\" decoding=\"async\" width=\"600\" height=\"816\" src=\"https:\/\/8a.pl\/8academy\/wp-content\/uploads\/2026\/09\/image00019.webp\" alt=\"Test aplecaka Cotopaxi Allpa 28.\" class=\"wp-image-88511\" srcset=\"https:\/\/8a.pl\/8academy\/wp-content\/uploads\/2026\/09\/image00019.webp 600w, https:\/\/8a.pl\/8academy\/wp-content\/uploads\/2026\/09\/image00019-221x300.webp 221w\" sizes=\"(max-width: 600px) 100vw, 600px\" \/><figcaption class=\"wp-element-caption\">Rzeczy pierwszej potrzeby w\u0119druj\u0105 do zewn\u0119trznych kieszonek. (fot. Dawid Wilczek)<\/figcaption><\/figure>\n<\/div>\n\n\n<h2 id=\"h-porzadek-nie-lubi-pospiechu\" class=\"wp-block-heading\"><strong>Porz\u0105dek nie lubi po\u015bpiechu<\/strong><\/h2>\n\n\n\n<p class=\"wp-block-paragraph\">Czy Allpa faktycznie jest w stanie pomie\u015bci\u0107 ca\u0142y m\u00f3j dzie\u0144? Pojemno\u015b\u0107 28 litr\u00f3w to ju\u017c ca\u0142kiem sporo. Na zdj\u0119ciu poni\u017cej prezentuj\u0119 m\u00f3j zestaw przetrwania na ca\u0142y dzie\u0144: rzeczy do pracy, na trening, do codziennego u\u017cytku i kilka drobiazg\u00f3w, kt\u00f3re oczywi\u015bcie \u201emog\u0105 si\u0119 przyda\u0107\u201d.<\/p>\n\n\n\n<p class=\"wp-block-paragraph\"><\/p>\n\n\n<div class=\"wp-block-image\">\n<figure class=\"aligncenter size-full\"><img loading=\"lazy\" decoding=\"async\" width=\"600\" height=\"816\" src=\"https:\/\/8a.pl\/8academy\/wp-content\/uploads\/2026\/09\/Image.webp\" alt=\"Testv plecaka Cotopaxi Allpa 28.\" class=\"wp-image-88503\" srcset=\"https:\/\/8a.pl\/8academy\/wp-content\/uploads\/2026\/09\/Image.webp 600w, https:\/\/8a.pl\/8academy\/wp-content\/uploads\/2026\/09\/Image-221x300.webp 221w\" sizes=\"(max-width: 600px) 100vw, 600px\" \/><figcaption class=\"wp-element-caption\">Tak wygl\u0105da m\u00f3j codzienny \u201eniezb\u0119dnik\u201d. Allpa 28L ma przed sob\u0105 konkretne zadanie. (fot. Monika Guga\u0142a)<\/figcaption><\/figure>\n<\/div>\n\n\n<p class=\"wp-block-paragraph\">Pojemny plecak \u0142atwo przeci\u0105\u017cy\u0107, dlatego przy pe\u0142nym wykorzystaniu mo\u017cliwo\u015bci szczeg\u00f3lnego znaczenia nabieraj\u0105 szerokie pasy ramienne i chowany pas biodrowy. Te pierwsze dobrze rozk\u0142adaj\u0105 nacisk i nie wrzynaj\u0105 si\u0119 w cia\u0142o, drugi pozwala przenie\u015b\u0107 cz\u0119\u015b\u0107 ci\u0119\u017caru na biodra, odci\u0105\u017caj\u0105c plecy. Przy moich szerokich ramionach to zestaw, kt\u00f3ry zdecydowanie zapisuj\u0119 po stronie zalet.<\/p>\n\n\n\n<h3 id=\"h-suwaki-i-petle\" class=\"wp-block-heading\"><strong>Suwaki i p\u0119tle<\/strong><\/h3>\n\n\n\n<p class=\"wp-block-paragraph\">Suwaki s\u0105 du\u017ce, wygodne w chwycie i pracuj\u0105 p\u0142ynnie. Bez problemu mo\u017cna obs\u0142u\u017cy\u0107 je jedn\u0105 r\u0119k\u0105, bez przytrzymywania materia\u0142u czy szarpania. Przy plecaku, do kt\u00f3rego zagl\u0105dam wielokrotnie w ci\u0105gu dnia, to po prostu dzia\u0142a. Zewn\u0119trzne p\u0119tle zwi\u0119kszaj\u0105 mo\u017cliwo\u015bci transportowe Allpy. Mo\u017cna do nich przypi\u0105\u0107 siatk\u0119 na kask, dodatkowe wyposa\u017cenie czy przedmiot, kt\u00f3rego nie chcemy upycha\u0107 wewn\u0105trz. Proste rozwi\u0105zanie, kt\u00f3re daje sporo swobody.<\/p>\n\n\n\n<p class=\"wp-block-paragraph\"><\/p>\n\n\n<div class=\"wp-block-image\">\n<figure class=\"aligncenter size-full\"><img loading=\"lazy\" decoding=\"async\" width=\"600\" height=\"816\" src=\"https:\/\/8a.pl\/8academy\/wp-content\/uploads\/2026\/09\/image00002.webp\" alt=\"Test aplecaka Cotopaxi Allpa 28.\" class=\"wp-image-88504\" srcset=\"https:\/\/8a.pl\/8academy\/wp-content\/uploads\/2026\/09\/image00002.webp 600w, https:\/\/8a.pl\/8academy\/wp-content\/uploads\/2026\/09\/image00002-221x300.webp 221w\" sizes=\"(max-width: 600px) 100vw, 600px\" \/><figcaption class=\"wp-element-caption\">Du\u017ce uchwyty zamk\u00f3w to jeden z tych prostych detali, kt\u00f3re naprawd\u0119 poprawiaj\u0105 wygod\u0119 u\u017cytkowania. (fot. Monika Guga\u0142a)<\/figcaption><\/figure>\n<\/div>\n\n\n<h2 id=\"h-cotopaxi-allpa-28l-a-deszcz\" class=\"wp-block-heading\"><strong>Cotopaxi Allpa 28L<\/strong> a deszcz<\/h2>\n\n\n\n<p class=\"wp-block-paragraph\">Plecak nie jest impregnowany, ale zastosowany materia\u0142 radzi sobie z deszczem ca\u0142kiem dobrze. Krople nie wsi\u0105kaj\u0105 od razu w tkanin\u0119, tylko perl\u0105 si\u0119 na jej powierzchni i sp\u0142ywaj\u0105, daj\u0105c zawarto\u015bci chwilow\u0105 ochron\u0119 przed opadami. To oczywi\u015bcie nie jest plecak, kt\u00f3ry zabra\u0142abym na ca\u0142odniow\u0105 ulew\u0119 bez dodatkowego zabezpieczenia, ale nag\u0142y deszcz czy przelotna m\u017cawka nie robi\u0105 na nim wi\u0119kszego wra\u017cenia.<\/p>\n\n\n\n<h2 id=\"h-czy-wielkie-hasla-cotopaxi-ida-wiec-w-parze-z-funkcjonalnoscia\" class=\"wp-block-heading\"><strong>Czy wielkie has\u0142a Cotopaxi id\u0105 wi\u0119c w parze z funkcjonalno\u015bci\u0105?<\/strong><\/h2>\n\n\n\n<p class=\"wp-block-paragraph\">Cotopaxi Allpa 28L nie jest plecakiem, kt\u00f3ry po prostu ma pomie\u015bci\u0107 laptopa, butelk\u0119 i kilka drobiazg\u00f3w. To sprz\u0119t dla tych, kt\u00f3rzy sp\u0119dzaj\u0105 poza domem du\u017c\u0105 cz\u0119\u015b\u0107 dnia i potrzebuj\u0105 mie\u0107 przy sobie zdecydowanie wi\u0119cej ni\u017c standardowy zestaw \u201edo biura\u201d. Wymaga \u015bwiadomego pakowania, ale w zamian oferuje bardzo dobr\u0105 organizacj\u0119, wygod\u0119 noszenia i rozwi\u0105zania, kt\u00f3re sprawdzaj\u0105 si\u0119 zar\u00f3wno podczas citybreaku, jak i zwyk\u0142ego, miejskiego maratonu.<\/p>\n\n\n\n<p class=\"wp-block-paragraph\"><\/p>\n\n\n<div class=\"wp-block-image\">\n<figure class=\"aligncenter size-full\"><img loading=\"lazy\" decoding=\"async\" width=\"600\" height=\"816\" src=\"https:\/\/8a.pl\/8academy\/wp-content\/uploads\/2026\/09\/image00009.webp\" alt=\"Test aplecaka Cotopaxi Allpa 28.\" class=\"wp-image-88507\" srcset=\"https:\/\/8a.pl\/8academy\/wp-content\/uploads\/2026\/09\/image00009.webp 600w, https:\/\/8a.pl\/8academy\/wp-content\/uploads\/2026\/09\/image00009-221x300.webp 221w\" sizes=\"(max-width: 600px) 100vw, 600px\" \/><figcaption class=\"wp-element-caption\">Cotopaxi Allpa 28L \u2013 stworzona do bycia w drodze. (fot. Dawid Wilczek)<\/figcaption><\/figure>\n<\/div>\n\n\n<p class=\"wp-block-paragraph\">I w\u0142a\u015bnie to podoba mi si\u0119 w nim najbardziej. Allpa nie pr\u00f3buje wtapia\u0107 si\u0119 w t\u0142um ani wizualnie, ani funkcjonalnie. Jest kolorowa, charakterystyczna i troch\u0119 bezczelna w \u015bwiecie pe\u0142nym bezpiecznej czerni. Zupe\u0142nie jak ja.<\/p>\n","protected":false},"excerpt":{"rendered":"<p>Kolorowy, bezczelnie charakterystyczny i zaprojektowany troch\u0119 jak walizka, a troch\u0119 jak plecak do ogarniania codziennego chaosu. Cotopaxi Allpa 28L od pocz\u0105tku zapowiada, \u017ce nie zamierza by\u0107 kolejnym nudnym modelem \u201edo wszystkiego\u201d. Pytanie tylko, czy za tym wygl\u0105dem faktycznie stoi funkcjonalno\u015b\u0107.<\/p>\n","protected":false},"author":99,"featured_media":88502,"comment_status":"closed","ping_status":"closed","sticky":false,"template":"","format":"standard","meta":{"_acf_changed":false,"_uf_show_specific_survey":0,"_uf_disable_surveys":false,"footnotes":""},"categories":[26070],"tags":[26104,26078,26105],"class_list":["post-88470","post","type-post","status-publish","format-standard","has-post-thumbnail","hentry","category-turystyka-trekking","tag-caloroczne","tag-test","tag-turystyka"],"acf":[],"yoast_head":"<!-- This site is optimized with the Yoast SEO Premium plugin v23.4 (Yoast SEO v25.5) - https:\/\/yoast.com\/wordpress\/plugins\/seo\/ -->\n<title>Test plecaka podr\u00f3\u017cnego Cotopaxi Allpa 28L | 8academy.pl<\/title>\n<meta name=\"description\" content=\"Cotopaxi Allpa 28L \u0142\u0105czy charakterystyczny design z przemy\u015blan\u0105 organizacj\u0105. Plecak na citybreak, podr\u00f3\u017c i dzie\u0144 wype\u0142niony po brzegi.\" \/>\n<meta name=\"robots\" content=\"index, follow, max-snippet:-1, max-image-preview:large, max-video-preview:-1\" \/>\n<link rel=\"canonical\" href=\"https:\/\/8a.pl\/8academy\/test-plecaka-cotopaxi-allpa-28l\/\" \/>\n<meta property=\"og:locale\" content=\"pl_PL\" \/>\n<meta property=\"og:type\" content=\"article\" \/>\n<meta property=\"og:title\" content=\"Test plecaka Cotopaxi Allpa 28L - outdoorowy akcent w miejskim p\u0119dzie!\" \/>\n<meta property=\"og:description\" content=\"Cotopaxi Allpa 28L \u0142\u0105czy charakterystyczny design z przemy\u015blan\u0105 organizacj\u0105. Plecak na citybreak, podr\u00f3\u017c i dzie\u0144 wype\u0142niony po brzegi.\" \/>\n<meta property=\"og:url\" content=\"https:\/\/8a.pl\/8academy\/test-plecaka-cotopaxi-allpa-28l\/\" \/>\n<meta property=\"og:site_name\" content=\"8academy.pl - portal g\u00f3rski i wspinaczkowy dla aktywnych\" \/>\n<meta property=\"article:publisher\" content=\"https:\/\/pl-pl.facebook.com\/sklep8apl\/\" \/>\n<meta property=\"article:published_time\" content=\"2026-09-03T11:37:20+00:00\" \/>\n<meta property=\"article:modified_time\" content=\"2026-09-04T05:31:10+00:00\" \/>\n<meta property=\"og:image\" content=\"https:\/\/8a.pl\/8academy\/wp-content\/uploads\/2026\/09\/front.webp\" \/>\n\t<meta property=\"og:image:width\" content=\"1800\" \/>\n\t<meta property=\"og:image:height\" content=\"1314\" \/>\n\t<meta property=\"og:image:type\" content=\"image\/webp\" \/>\n<meta name=\"author\" content=\"Monika Guga\u0142a\" \/>\n<meta name=\"twitter:card\" content=\"summary_large_image\" \/>\n<meta name=\"twitter:label1\" content=\"Napisane przez\" \/>\n\t<meta name=\"twitter:data1\" content=\"Monika Guga\u0142a\" \/>\n\t<meta name=\"twitter:label2\" content=\"Szacowany czas czytania\" \/>\n\t<meta name=\"twitter:data2\" content=\"10 minut\" \/>\n<!-- \/ Yoast SEO Premium plugin. -->","yoast_head_json":{"title":"Test plecaka podr\u00f3\u017cnego Cotopaxi Allpa 28L | 8academy.pl","description":"Cotopaxi Allpa 28L \u0142\u0105czy charakterystyczny design z przemy\u015blan\u0105 organizacj\u0105. Plecak na citybreak, podr\u00f3\u017c i dzie\u0144 wype\u0142niony po brzegi.","robots":{"index":"index","follow":"follow","max-snippet":"max-snippet:-1","max-image-preview":"max-image-preview:large","max-video-preview":"max-video-preview:-1"},"canonical":"https:\/\/8a.pl\/8academy\/test-plecaka-cotopaxi-allpa-28l\/","og_locale":"pl_PL","og_type":"article","og_title":"Test plecaka Cotopaxi Allpa 28L - outdoorowy akcent w miejskim p\u0119dzie!","og_description":"Cotopaxi Allpa 28L \u0142\u0105czy charakterystyczny design z przemy\u015blan\u0105 organizacj\u0105. Plecak na citybreak, podr\u00f3\u017c i dzie\u0144 wype\u0142niony po brzegi.","og_url":"https:\/\/8a.pl\/8academy\/test-plecaka-cotopaxi-allpa-28l\/","og_site_name":"8academy.pl - portal g\u00f3rski i wspinaczkowy dla aktywnych","article_publisher":"https:\/\/pl-pl.facebook.com\/sklep8apl\/","article_published_time":"2026-09-03T11:37:20+00:00","article_modified_time":"2026-09-04T05:31:10+00:00","og_image":[{"width":1800,"height":1314,"url":"https:\/\/8a.pl\/8academy\/wp-content\/uploads\/2026\/09\/front.webp","type":"image\/webp"}],"author":"Monika Guga\u0142a","twitter_card":"summary_large_image","twitter_misc":{"Napisane przez":"Monika Guga\u0142a","Szacowany czas czytania":"10 minut"},"schema":{"@context":"https:\/\/schema.org","@graph":[{"@type":"Article","@id":"https:\/\/8a.pl\/8academy\/test-plecaka-cotopaxi-allpa-28l\/#article","isPartOf":{"@id":"https:\/\/8a.pl\/8academy\/test-plecaka-cotopaxi-allpa-28l\/"},"author":{"name":"Monika Guga\u0142a","@id":"https:\/\/8a.pl\/8academy\/#\/schema\/person\/c4784fb5317431fc66459926d546a7fc"},"headline":"Test plecaka Cotopaxi Allpa 28L &#8211; outdoorowy akcent w miejskim p\u0119dzie!","datePublished":"2026-09-03T11:37:20+00:00","dateModified":"2026-09-04T05:31:10+00:00","mainEntityOfPage":{"@id":"https:\/\/8a.pl\/8academy\/test-plecaka-cotopaxi-allpa-28l\/"},"wordCount":1446,"publisher":{"@id":"https:\/\/8a.pl\/8academy\/#organization"},"image":{"@id":"https:\/\/8a.pl\/8academy\/test-plecaka-cotopaxi-allpa-28l\/#primaryimage"},"thumbnailUrl":"https:\/\/8a.pl\/8academy\/wp-content\/uploads\/2026\/09\/front.webp","keywords":["Ca\u0142oroczne","Test","Turystyka"],"articleSection":["Turystyka \/ trekking"],"inLanguage":"pl-PL"},{"@type":"WebPage","@id":"https:\/\/8a.pl\/8academy\/test-plecaka-cotopaxi-allpa-28l\/","url":"https:\/\/8a.pl\/8academy\/test-plecaka-cotopaxi-allpa-28l\/","name":"Test plecaka podr\u00f3\u017cnego Cotopaxi Allpa 28L | 8academy.pl","isPartOf":{"@id":"https:\/\/8a.pl\/8academy\/#website"},"primaryImageOfPage":{"@id":"https:\/\/8a.pl\/8academy\/test-plecaka-cotopaxi-allpa-28l\/#primaryimage"},"image":{"@id":"https:\/\/8a.pl\/8academy\/test-plecaka-cotopaxi-allpa-28l\/#primaryimage"},"thumbnailUrl":"https:\/\/8a.pl\/8academy\/wp-content\/uploads\/2026\/09\/front.webp","datePublished":"2026-09-03T11:37:20+00:00","dateModified":"2026-09-04T05:31:10+00:00","description":"Cotopaxi Allpa 28L \u0142\u0105czy charakterystyczny design z przemy\u015blan\u0105 organizacj\u0105. Plecak na citybreak, podr\u00f3\u017c i dzie\u0144 wype\u0142niony po brzegi.","breadcrumb":{"@id":"https:\/\/8a.pl\/8academy\/test-plecaka-cotopaxi-allpa-28l\/#breadcrumb"},"inLanguage":"pl-PL","potentialAction":[{"@type":"ReadAction","target":["https:\/\/8a.pl\/8academy\/test-plecaka-cotopaxi-allpa-28l\/"]}]},{"@type":"ImageObject","inLanguage":"pl-PL","@id":"https:\/\/8a.pl\/8academy\/test-plecaka-cotopaxi-allpa-28l\/#primaryimage","url":"https:\/\/8a.pl\/8academy\/wp-content\/uploads\/2026\/09\/front.webp","contentUrl":"https:\/\/8a.pl\/8academy\/wp-content\/uploads\/2026\/09\/front.webp","width":1800,"height":1314,"caption":"(fot. Monika Guga\u0142a)"},{"@type":"BreadcrumbList","@id":"https:\/\/8a.pl\/8academy\/test-plecaka-cotopaxi-allpa-28l\/#breadcrumb","itemListElement":[{"@type":"ListItem","position":1,"name":"Strona g\u0142\u00f3wna","item":"https:\/\/8a.pl\/8academy\/"},{"@type":"ListItem","position":2,"name":"Test plecaka Cotopaxi Allpa 28L &#8211; outdoorowy akcent w miejskim p\u0119dzie!"}]},{"@type":"WebSite","@id":"https:\/\/8a.pl\/8academy\/#website","url":"https:\/\/8a.pl\/8academy\/","name":"8academy.pl - portal g\u00f3rski i wspinaczkowy dla aktywnych","description":"8academy to portal g\u00f3rski o wspinaczce, trekkingu i skiturach. Znajdziesz tu porady, testy sprz\u0119tu i opisy najlepszych rejon\u00f3w. Inspirujemy zdobywc\u00f3w!","publisher":{"@id":"https:\/\/8a.pl\/8academy\/#organization"},"potentialAction":[{"@type":"SearchAction","target":{"@type":"EntryPoint","urlTemplate":"https:\/\/8a.pl\/8academy\/?s={search_term_string}"},"query-input":{"@type":"PropertyValueSpecification","valueRequired":true,"valueName":"search_term_string"}}],"inLanguage":"pl-PL"},{"@type":"Organization","@id":"https:\/\/8a.pl\/8academy\/#organization","name":"8academy.pl - portal g\u00f3rski i wspinaczkowy dla aktywnych","url":"https:\/\/8a.pl\/8academy\/","logo":{"@type":"ImageObject","inLanguage":"pl-PL","@id":"https:\/\/8a.pl\/8academy\/#\/schema\/logo\/image\/","url":"https:\/\/8a.pl\/8academy\/wp-content\/uploads\/2015\/11\/logo.png","contentUrl":"https:\/\/8a.pl\/8academy\/wp-content\/uploads\/2015\/11\/logo.png","width":438,"height":315,"caption":"8academy.pl - portal g\u00f3rski i wspinaczkowy dla aktywnych"},"image":{"@id":"https:\/\/8a.pl\/8academy\/#\/schema\/logo\/image\/"},"sameAs":["https:\/\/pl-pl.facebook.com\/sklep8apl\/","https:\/\/www.instagram.com\/8apl\/"]},{"@type":"Person","@id":"https:\/\/8a.pl\/8academy\/#\/schema\/person\/c4784fb5317431fc66459926d546a7fc","name":"Monika Guga\u0142a","image":{"@type":"ImageObject","inLanguage":"pl-PL","@id":"https:\/\/8a.pl\/8academy\/#\/schema\/person\/image\/","url":"https:\/\/8a.pl\/8academy\/wp-content\/uploads\/2025\/10\/monika-author-150x150.jpg","contentUrl":"https:\/\/8a.pl\/8academy\/wp-content\/uploads\/2025\/10\/monika-author-150x150.jpg","caption":"Monika Guga\u0142a"},"description":"Z wszelkimi formami sportu jestem zwi\u0105zana od zawsze, a z outdoorem - co najmniej po\u0142ow\u0119 tego czasu. Ceni\u0119 mo\u017cliwo\u015b\u0107 sp\u0119dzania ka\u017cdej wolnej chwili w ruchu i na \u015bwie\u017cym powietrzu. Cho\u0107 moje cele sportowe koncentruj\u0105 si\u0119 wok\u00f3\u0142 crossfitu, w du\u017cym stopniu stawiam na wszechstronno\u015b\u0107 - to ona pozwala mi z r\u00f3wn\u0105 przyjemno\u015bci\u0105 uciec w g\u00f3ry, wskoczy\u0107 na szos\u0119 czy po prostu pobiec przed siebie. Po\u0142\u0105czenie pasji z \u017cyciem zawodowym zaprowadzi\u0142o mnie jeszcze wy\u017cej - dos\u0142ownie i w przeno\u015bni - w g\u00f3rskie rejony, gdzie na co dzie\u0144 realizuj\u0119 si\u0119 zawodowo. Opr\u00f3cz pracy w g\u00f3rskim otoczeniu jestem tak\u017ce trenerem personalnym, kt\u00f3ry sercem wci\u0105\u017c pozostaje w wielkim, t\u0119tni\u0105cym \u017cyciem mie\u015bcie.","url":"https:\/\/8a.pl\/8academy\/author\/monika-gugala\/"}]}},"_links":{"self":[{"href":"https:\/\/8a.pl\/8academy\/wp-json\/wp\/v2\/posts\/88470","targetHints":{"allow":["GET"]}}],"collection":[{"href":"https:\/\/8a.pl\/8academy\/wp-json\/wp\/v2\/posts"}],"about":[{"href":"https:\/\/8a.pl\/8academy\/wp-json\/wp\/v2\/types\/post"}],"author":[{"embeddable":true,"href":"https:\/\/8a.pl\/8academy\/wp-json\/wp\/v2\/users\/99"}],"replies":[{"embeddable":true,"href":"https:\/\/8a.pl\/8academy\/wp-json\/wp\/v2\/comments?post=88470"}],"version-history":[{"count":16,"href":"https:\/\/8a.pl\/8academy\/wp-json\/wp\/v2\/posts\/88470\/revisions"}],"predecessor-version":[{"id":88531,"href":"https:\/\/8a.pl\/8academy\/wp-json\/wp\/v2\/posts\/88470\/revisions\/88531"}],"wp:featuredmedia":[{"embeddable":true,"href":"https:\/\/8a.pl\/8academy\/wp-json\/wp\/v2\/media\/88502"}],"wp:attachment":[{"href":"https:\/\/8a.pl\/8academy\/wp-json\/wp\/v2\/media?parent=88470"}],"wp:term":[{"taxonomy":"category","embeddable":true,"href":"https:\/\/8a.pl\/8academy\/wp-json\/wp\/v2\/categories?post=88470"},{"taxonomy":"post_tag","embeddable":true,"href":"https:\/\/8a.pl\/8academy\/wp-json\/wp\/v2\/tags?post=88470"}],"curies":[{"name":"wp","href":"https:\/\/api.w.org\/{rel}","templated":true}]}}