{"id":86616,"date":"2026-06-03T17:42:08","date_gmt":"2026-06-03T15:42:08","guid":{"rendered":"https:\/\/8a.pl\/8academy\/?p=86616"},"modified":"2026-06-03T17:42:40","modified_gmt":"2026-06-03T15:42:40","slug":"swiat-outdooru-5-przeglad-wydarzen","status":"publish","type":"post","link":"https:\/\/8a.pl\/8academy\/swiat-outdooru-5-przeglad-wydarzen\/","title":{"rendered":"\u015awiat outdooru #5 &#8211; przegl\u0105d wydarze\u0144"},"content":{"rendered":"\n<p class=\"wp-block-paragraph\">Co s\u0142ycha\u0107 w g\u00f3rach? Jak zwykle sporo. Dlatego wracamy z kolejnym odcinkiem \u201e\u015awiata outdooru\u201d, w kt\u00f3rym zbieramy najciekawsze wydarzenia ostatnich tygodni. B\u0119dzie o rekordach, kt\u00f3re budz\u0105 emocje, zmianach w dobrze znanych miejscach i spektakularnych wynikach. Po wi\u0119cej zapraszamy do odcinka na kanale YouTube.<\/p>\n\n\n\n<p><iframe src=\"\/\/www.youtube.com\/embed\/7JeQl4QnYSg?si=JsRXCNb2hoQgIYfB\" width=\"850\" height=\"477\" allowfullscreen=\"allowfullscreen\"><\/iframe><\/p>\n\n\n\n<h2 class=\"wp-block-heading\" id=\"h-ile-czasu-potrzeba-zeby-zdobyc-everest\">Ile czasu potrzeba, \u017ceby zdoby\u0107 Everest?<\/h2>\n\n\n\n<p class=\"wp-block-paragraph\">Okazuje si\u0119, \u017ce mniej, ni\u017c mog\u0142oby si\u0119 wydawa\u0107. Amerykanin Tyler Andrews ustanowi\u0142 nowy rekord szybko\u015bci wej\u015bcia na najwy\u017csz\u0105 g\u00f3r\u0119 \u015bwiata. Warto doda\u0107, \u017ce rekord zosta\u0142 ustanowiony z wykorzystaniem dodatkowego tlenu. To w\u0142a\u015bnie ten element sprawia, \u017ce podobne osi\u0105gni\u0119cia cz\u0119sto staj\u0105 si\u0119 tematem dyskusji w \u015brodowisku g\u00f3rskim. O tym, sk\u0105d bior\u0105 si\u0119 te kontrowersje i jak wp\u0142ywaj\u0105 na ocen\u0119 takich rekord\u00f3w, <a href=\"https:\/\/www.youtube.com\/watch?v=7JeQl4QnYSg\">opowiadamy szerzej w najnowszym odcinku \u201e\u015awiata outdooru\u201d<\/a>.<\/p>\n\n\n\n<p class=\"wp-block-paragraph\"><\/p>\n\n\n<div class=\"wp-block-image\">\n<figure class=\"aligncenter size-full\"><img fetchpriority=\"high\" decoding=\"async\" width=\"600\" height=\"816\" src=\"https:\/\/8a.pl\/8academy\/wp-content\/uploads\/2026\/06\/AdobeStock_113789415.webp\" alt=\"\" class=\"wp-image-86657\" srcset=\"https:\/\/8a.pl\/8academy\/wp-content\/uploads\/2026\/06\/AdobeStock_113789415.webp 600w, https:\/\/8a.pl\/8academy\/wp-content\/uploads\/2026\/06\/AdobeStock_113789415-221x300.webp 221w\" sizes=\"(max-width: 600px) 100vw, 600px\" \/><figcaption class=\"wp-element-caption\">Everest widziany z okolic Base Campu. To w\u0142a\u015bnie st\u0105d rozpoczyna si\u0119 wi\u0119kszo\u015b\u0107 wypraw na najwy\u017csz\u0105 g\u00f3r\u0119 \u015bwiata. (fot. Adobe Stock)<\/figcaption><\/figure>\n<\/div>\n\n\n<h2 class=\"wp-block-heading\" id=\"h-piotr-krzyzowski-i-kolejny-osmiotysiecznik\">Piotr Krzy\u017cowski i kolejny o\u015bmiotysi\u0119cznik<\/h2>\n\n\n\n<p class=\"wp-block-paragraph\">Skoro jeste\u015bmy ju\u017c w Himalajach, zostajemy tam na chwil\u0119 d\u0142u\u017cej. Piotr Krzy\u017cowski zdoby\u0142 Kanczendzong\u0119, dopisuj\u0105c do swojego dorobku jedenasty o\u015bmiotysi\u0119cznik.<\/p>\n\n\n\n<p class=\"wp-block-paragraph\">Polski himalaista dzia\u0142a jednak w zupe\u0142nie innym stylu ni\u017c bohater poprzedniego newsa. Kanczendzong\u0119 zdoby\u0142 bez dodatkowego tlenu i bez wsparcia Szerp\u00f3w. Co wi\u0119cej, wej\u015bciem na trzeci najwy\u017cszy szczyt \u015bwiata domkn\u0105\u0142 zdobycie pi\u0119ciu najwy\u017cszych g\u00f3r Ziemi. To kolejne wa\u017cne osi\u0105gni\u0119cie w konsekwentnie realizowanym projekcie zdobywania o\u015bmiotysi\u0119cznik\u00f3w. A przy okazji dobra okazja, by porozmawia\u0107 o r\u00f3\u017cnych stylach dzia\u0142ania w Himalajach \u2013 od rekordowych wej\u015b\u0107 po klasyczny himalaizm.<\/p>\n\n\n\n<p class=\"wp-block-paragraph\"><\/p>\n\n\n<div class=\"wp-block-image\">\n<figure class=\"aligncenter size-full\"><img decoding=\"async\" width=\"600\" height=\"816\" src=\"https:\/\/8a.pl\/8academy\/wp-content\/uploads\/2026\/06\/Kanchenjunga_India.webp\" alt=\"Kanczendzonga.\" class=\"wp-image-86655\" srcset=\"https:\/\/8a.pl\/8academy\/wp-content\/uploads\/2026\/06\/Kanchenjunga_India.webp 600w, https:\/\/8a.pl\/8academy\/wp-content\/uploads\/2026\/06\/Kanchenjunga_India-221x300.webp 221w\" sizes=\"(max-width: 600px) 100vw, 600px\" \/><figcaption class=\"wp-element-caption\"><strong>Kanczendzonga<\/strong>, 8586 m n.p.m. &#8211; trzeci najwy\u017cszy szczyt Ziemi. (fot. Wikimedia Commons)<\/figcaption><\/figure>\n<\/div>\n\n\n<h2 class=\"wp-block-heading\" id=\"h-koniec-zimowej-przerwy-w-slowackich-tatrach\">Koniec zimowej przerwy w s\u0142owackich Tatrach<\/h2>\n\n\n\n<p class=\"wp-block-paragraph\">Z Himalaj\u00f3w wracamy pod Tatry Po kilku miesi\u0105cach przerwy ponownie otwarte zosta\u0142y wysokog\u00f3rskie szlaki po s\u0142owackiej stronie Tatr. To dobra wiadomo\u015b\u0107 dla wszystkich, kt\u00f3rzy planuj\u0105 letnie wycieczki i maj\u0105 na li\u015bcie wysokog\u00f3skie klasyki.<\/p>\n\n\n\n<p class=\"wp-block-paragraph\">Warto jednak pami\u0119ta\u0107, \u017ce mimo otwarcia szlak\u00f3w w najwy\u017cszych partiach g\u00f3r wci\u0105\u017c mo\u017cna natkn\u0105\u0107 si\u0119 na zalegaj\u0105cy \u015bnieg. Kalendarz m\u00f3wi jedno, ale tatrza\u0144ska przyroda od lat pokazuje, \u017ce pocz\u0105tek czerwca potrafi jeszcze zaskoczy\u0107 warunkami.<\/p>\n\n\n\n<h2 class=\"wp-block-heading\" id=\"h-tatry-bez-billboardow-czy-to-mozliwe\">Tatry bez billboard\u00f3w? Czy to mo\u017cliwe?<\/h2>\n\n\n\n<p class=\"wp-block-paragraph\">Wracamy na nasze podw\u00f3rko. Tym razem nie chodzi jednak o g\u00f3ry, a o to, co od lat skutecznie odwraca od nich uwag\u0119. Je\u015bli kto\u015b nigdy nie by\u0142 w Zakopanem, mo\u017ce nie uwierzy\u0107, \u017ce z niekt\u00f3rych miejsc \u0142atwiej zobaczy\u0107 reklam\u0119 blachodach\u00f3wek ni\u017c Tatry.<\/p>\n\n\n\n<p class=\"wp-block-paragraph\">Zakopane przyj\u0119\u0142o uchwa\u0142\u0119 krajobrazow\u0105, kt\u00f3ra ma ograniczy\u0107 reklamowy chaos i uporz\u0105dkowa\u0107 przestrze\u0144 miasta. Dla wielu os\u00f3b brzmi to jak dobra wiadomo\u015b\u0107. Trudno si\u0119 dziwi\u0107 \u2013 \u201ebillboardoza\u201d na Podhalu od lat budzi emocje i bywa wskazywana jako jeden z najbardziej jaskrawych przyk\u0142ad\u00f3w niekontrolowanej reklamy w Polsce.<\/p>\n\n\n\n<p class=\"wp-block-paragraph\">Czy za kilka lat widok na Tatry b\u0119dzie \u0142atwiej dostrzec ni\u017c kolejn\u0105 reklam\u0119 apartament\u00f3w, oscypk\u00f3w albo skupu z\u0142ota? Tego jeszcze nie wiemy. Sam kierunek zmian wydaje si\u0119 jednak interesuj\u0105cy i z pewno\u015bci\u0105 b\u0119dziemy si\u0119 temu przygl\u0105da\u0107.<\/p>\n\n\n\n<p class=\"wp-block-paragraph\"><\/p>\n\n\n<div class=\"wp-block-image\">\n<figure class=\"aligncenter size-full\"><img decoding=\"async\" width=\"600\" height=\"816\" src=\"https:\/\/8a.pl\/8academy\/wp-content\/uploads\/2026\/06\/AdobeStock_528213787.webp\" alt=\"Panorama na Tatry.\" class=\"wp-image-86659\" srcset=\"https:\/\/8a.pl\/8academy\/wp-content\/uploads\/2026\/06\/AdobeStock_528213787.webp 600w, https:\/\/8a.pl\/8academy\/wp-content\/uploads\/2026\/06\/AdobeStock_528213787-221x300.webp 221w\" sizes=\"(max-width: 600px) 100vw, 600px\" \/><figcaption class=\"wp-element-caption\">Widok, kt\u00f3ry nie potrzebuje dodatkowej reklamy. Nowe przepisy maj\u0105 pom\u00f3c uporz\u0105dkowa\u0107 przestrze\u0144 pod Tatrami. (fot. Adobe Stock)<\/figcaption><\/figure>\n<\/div>\n\n\n<h2 class=\"wp-block-heading\" id=\"h-laura-rogora-na-czele-swiatowego-rankingu\">Laura Rogora na czele \u015bwiatowego rankingu<\/h2>\n\n\n\n<p class=\"wp-block-paragraph\">Laura Rogora znalaz\u0142a si\u0119 na pierwszym miejscu rocznego rankingu 8a.nu. Dla os\u00f3b spoza wspinaczkowej ba\u0144ki: to jeden z najbardziej rozpoznawalnych serwis\u00f3w s\u0142u\u017c\u0105cych do dokumentowania przej\u015b\u0107 i \u015bledzenia aktywno\u015bci wspinaczy na ca\u0142ym \u015bwiecie.<\/p>\n\n\n\n<p class=\"wp-block-paragraph\">Sama Rogora od lat nale\u017cy do \u015bcis\u0142ej \u015bwiatowej czo\u0142\u00f3wki. W\u0142oszka z powodzeniem \u0142\u0105czy starty w zawodach z dzia\u0142alno\u015bci\u0105 w ska\u0142ach, gdzie regularnie pokonuje drogi o trudno\u015bciach osi\u0105ganych przez niewielk\u0105 grup\u0119 wspinaczy na \u015bwiecie.<\/p>\n\n\n\n<p class=\"wp-block-paragraph\">Ranking opiera si\u0119 na zg\u0142oszonych przej\u015bciach, ich trudno\u015bciach oraz stylu pokonania drogi. W przypadku Rogory nie m\u00f3wimy jednak o pojedynczym mocnym przej\u015bciu, ale o ca\u0142ym sezonie wspinania na najwy\u017cszym poziomie.<\/p>\n\n\n\n<h2 class=\"wp-block-heading\" id=\"h-gdzie-lezy-granica-wytrzymalosci\">Gdzie le\u017cy granica wytrzyma\u0142o\u015bci?<\/h2>\n\n\n\n<p class=\"wp-block-paragraph\">Na koniec temat, przy kt\u00f3rym trudno nie unie\u015b\u0107 brwi. Jurand Czaba\u0144ski uko\u0144czy\u0142 20-krotnego Ironmana Continuous, poprawiaj\u0105c rekord \u015bwiata, kt\u00f3ry pozostawa\u0142 niepobity od 1998 roku.<\/p>\n\n\n\n<p class=\"wp-block-paragraph\"><\/p>\n\n\n<div class=\"wp-block-image\">\n<figure class=\"aligncenter size-full\"><img loading=\"lazy\" decoding=\"async\" width=\"600\" height=\"816\" src=\"https:\/\/8a.pl\/8academy\/wp-content\/uploads\/2026\/06\/AdobeStock_362343465.webp\" alt=\"P\u0142ywanie podczas triathlonu.\" class=\"wp-image-86658\" srcset=\"https:\/\/8a.pl\/8academy\/wp-content\/uploads\/2026\/06\/AdobeStock_362343465.webp 600w, https:\/\/8a.pl\/8academy\/wp-content\/uploads\/2026\/06\/AdobeStock_362343465-221x300.webp 221w\" sizes=\"(max-width: 600px) 100vw, 600px\" \/><figcaption class=\"wp-element-caption\">Triathlon potrafi by\u0107 wymagaj\u0105cy. 20-krotny Ironman przenosi t\u0119 definicj\u0119 na zupe\u0142nie inny poziom. (fot. Adobe Stock)<\/figcaption><\/figure>\n<\/div>\n\n\n<p class=\"wp-block-paragraph\">Skala? 4520 kilometr\u00f3w w formule ci\u0105g\u0142ej: 76 kilometr\u00f3w p\u0142ywania, 3600 kilometr\u00f3w na rowerze i 844 kilometry biegu. Wszystko zaj\u0119\u0142o mu 412 godzin, 42 minuty i 27 sekund. Dotychczasowy rekord poprawi\u0142 o ponad dob\u0119. W \u015bwiecie sport\u00f3w wytrzyma\u0142o\u015bciowych to wynik, kt\u00f3ry jeszcze d\u0142ugo b\u0119dzie punktem odniesienia.<\/p>\n","protected":false},"excerpt":{"rendered":"<p>Everest, Himalaje, Tatry i rekord, kt\u00f3ry przez prawie 30 lat wydawa\u0142 si\u0119 nie do ruszenia. Sprawdzamy, czym \u017cy\u0142y g\u00f3ry, wspinanie i sporty wytrzyma\u0142o\u015bciowe w ostatnich tygodniach.<\/p>\n","protected":false},"author":7,"featured_media":86660,"comment_status":"closed","ping_status":"closed","sticky":false,"template":"","format":"standard","meta":{"_acf_changed":false,"_uf_show_specific_survey":0,"_uf_disable_surveys":false,"footnotes":""},"categories":[26070],"tags":[26086,26092],"class_list":["post-86616","post","type-post","status-publish","format-standard","has-post-thumbnail","hentry","category-turystyka-trekking","tag-alpinizm","tag-bieganie"],"acf":[],"yoast_head":"<!-- This site is optimized with the Yoast SEO Premium plugin v23.4 (Yoast SEO v25.5) - https:\/\/yoast.com\/wordpress\/plugins\/seo\/ -->\n<title>\u015awiat outdooru #5 - przegl\u0105d wydarze\u0144 - 8academy.pl - portal g\u00f3rski i wspinaczkowy dla aktywnych<\/title>\n<meta name=\"description\" content=\"Co wydarzy\u0142o si\u0119 w g\u00f3rach w ostatnich dniach? Rekord na Evere\u015bcie, sukces Piotra Krzy\u017cowskiego, zmiany pod Tatrami i historie, o kt\u00f3rych m\u00f3wi\u0142o si\u0119 w \u015bwiecie outdooru.\" \/>\n<meta name=\"robots\" content=\"index, follow, max-snippet:-1, max-image-preview:large, max-video-preview:-1\" \/>\n<link rel=\"canonical\" href=\"https:\/\/8a.pl\/8academy\/swiat-outdooru-5-przeglad-wydarzen\/\" \/>\n<meta property=\"og:locale\" content=\"pl_PL\" \/>\n<meta property=\"og:type\" content=\"article\" \/>\n<meta property=\"og:title\" content=\"\u015awiat outdooru #5 - przegl\u0105d wydarze\u0144\" \/>\n<meta property=\"og:description\" content=\"Co wydarzy\u0142o si\u0119 w g\u00f3rach w ostatnich dniach? Rekord na Evere\u015bcie, sukces Piotra Krzy\u017cowskiego, zmiany pod Tatrami i historie, o kt\u00f3rych m\u00f3wi\u0142o si\u0119 w \u015bwiecie outdooru.\" \/>\n<meta property=\"og:url\" content=\"https:\/\/8a.pl\/8academy\/swiat-outdooru-5-przeglad-wydarzen\/\" \/>\n<meta property=\"og:site_name\" content=\"8academy.pl - portal g\u00f3rski i wspinaczkowy dla aktywnych\" \/>\n<meta property=\"article:publisher\" content=\"https:\/\/pl-pl.facebook.com\/sklep8apl\/\" \/>\n<meta property=\"article:published_time\" content=\"2026-06-03T15:42:08+00:00\" \/>\n<meta property=\"article:modified_time\" content=\"2026-06-03T15:42:40+00:00\" \/>\n<meta property=\"og:image\" content=\"https:\/\/8a.pl\/8academy\/wp-content\/uploads\/2026\/06\/Glowne-zdjecie-swiat-outdooru5.webp\" \/>\n\t<meta property=\"og:image:width\" content=\"1800\" \/>\n\t<meta property=\"og:image:height\" content=\"1314\" \/>\n\t<meta property=\"og:image:type\" content=\"image\/webp\" \/>\n<meta name=\"author\" content=\"Redakcja 8Academy\" \/>\n<meta name=\"twitter:card\" content=\"summary_large_image\" \/>\n<meta name=\"twitter:label1\" content=\"Napisane przez\" \/>\n\t<meta name=\"twitter:data1\" content=\"Redakcja 8Academy\" \/>\n\t<meta name=\"twitter:label2\" content=\"Szacowany czas czytania\" \/>\n\t<meta name=\"twitter:data2\" content=\"5 minut\" \/>\n<!-- \/ Yoast SEO Premium plugin. -->","yoast_head_json":{"title":"\u015awiat outdooru #5 - przegl\u0105d wydarze\u0144 - 8academy.pl - portal g\u00f3rski i wspinaczkowy dla aktywnych","description":"Co wydarzy\u0142o si\u0119 w g\u00f3rach w ostatnich dniach? Rekord na Evere\u015bcie, sukces Piotra Krzy\u017cowskiego, zmiany pod Tatrami i historie, o kt\u00f3rych m\u00f3wi\u0142o si\u0119 w \u015bwiecie outdooru.","robots":{"index":"index","follow":"follow","max-snippet":"max-snippet:-1","max-image-preview":"max-image-preview:large","max-video-preview":"max-video-preview:-1"},"canonical":"https:\/\/8a.pl\/8academy\/swiat-outdooru-5-przeglad-wydarzen\/","og_locale":"pl_PL","og_type":"article","og_title":"\u015awiat outdooru #5 - przegl\u0105d wydarze\u0144","og_description":"Co wydarzy\u0142o si\u0119 w g\u00f3rach w ostatnich dniach? Rekord na Evere\u015bcie, sukces Piotra Krzy\u017cowskiego, zmiany pod Tatrami i historie, o kt\u00f3rych m\u00f3wi\u0142o si\u0119 w \u015bwiecie outdooru.","og_url":"https:\/\/8a.pl\/8academy\/swiat-outdooru-5-przeglad-wydarzen\/","og_site_name":"8academy.pl - portal g\u00f3rski i wspinaczkowy dla aktywnych","article_publisher":"https:\/\/pl-pl.facebook.com\/sklep8apl\/","article_published_time":"2026-06-03T15:42:08+00:00","article_modified_time":"2026-06-03T15:42:40+00:00","og_image":[{"width":1800,"height":1314,"url":"https:\/\/8a.pl\/8academy\/wp-content\/uploads\/2026\/06\/Glowne-zdjecie-swiat-outdooru5.webp","type":"image\/webp"}],"author":"Redakcja 8Academy","twitter_card":"summary_large_image","twitter_misc":{"Napisane przez":"Redakcja 8Academy","Szacowany czas czytania":"5 minut"},"schema":{"@context":"https:\/\/schema.org","@graph":[{"@type":"Article","@id":"https:\/\/8a.pl\/8academy\/swiat-outdooru-5-przeglad-wydarzen\/#article","isPartOf":{"@id":"https:\/\/8a.pl\/8academy\/swiat-outdooru-5-przeglad-wydarzen\/"},"author":{"name":"Redakcja 8Academy","@id":"https:\/\/8a.pl\/8academy\/#\/schema\/person\/2e392153a51786e6c3d5ede231b5d2a4"},"headline":"\u015awiat outdooru #5 &#8211; przegl\u0105d wydarze\u0144","datePublished":"2026-06-03T15:42:08+00:00","dateModified":"2026-06-03T15:42:40+00:00","mainEntityOfPage":{"@id":"https:\/\/8a.pl\/8academy\/swiat-outdooru-5-przeglad-wydarzen\/"},"wordCount":789,"publisher":{"@id":"https:\/\/8a.pl\/8academy\/#organization"},"image":{"@id":"https:\/\/8a.pl\/8academy\/swiat-outdooru-5-przeglad-wydarzen\/#primaryimage"},"thumbnailUrl":"https:\/\/8a.pl\/8academy\/wp-content\/uploads\/2026\/06\/Glowne-zdjecie-swiat-outdooru5.webp","keywords":["Alpinizm","Bieganie"],"articleSection":["Turystyka \/ trekking"],"inLanguage":"pl-PL"},{"@type":"WebPage","@id":"https:\/\/8a.pl\/8academy\/swiat-outdooru-5-przeglad-wydarzen\/","url":"https:\/\/8a.pl\/8academy\/swiat-outdooru-5-przeglad-wydarzen\/","name":"\u015awiat outdooru #5 - przegl\u0105d wydarze\u0144 - 8academy.pl - portal g\u00f3rski i wspinaczkowy dla aktywnych","isPartOf":{"@id":"https:\/\/8a.pl\/8academy\/#website"},"primaryImageOfPage":{"@id":"https:\/\/8a.pl\/8academy\/swiat-outdooru-5-przeglad-wydarzen\/#primaryimage"},"image":{"@id":"https:\/\/8a.pl\/8academy\/swiat-outdooru-5-przeglad-wydarzen\/#primaryimage"},"thumbnailUrl":"https:\/\/8a.pl\/8academy\/wp-content\/uploads\/2026\/06\/Glowne-zdjecie-swiat-outdooru5.webp","datePublished":"2026-06-03T15:42:08+00:00","dateModified":"2026-06-03T15:42:40+00:00","description":"Co wydarzy\u0142o si\u0119 w g\u00f3rach w ostatnich dniach? Rekord na Evere\u015bcie, sukces Piotra Krzy\u017cowskiego, zmiany pod Tatrami i historie, o kt\u00f3rych m\u00f3wi\u0142o si\u0119 w \u015bwiecie outdooru.","breadcrumb":{"@id":"https:\/\/8a.pl\/8academy\/swiat-outdooru-5-przeglad-wydarzen\/#breadcrumb"},"inLanguage":"pl-PL","potentialAction":[{"@type":"ReadAction","target":["https:\/\/8a.pl\/8academy\/swiat-outdooru-5-przeglad-wydarzen\/"]}]},{"@type":"ImageObject","inLanguage":"pl-PL","@id":"https:\/\/8a.pl\/8academy\/swiat-outdooru-5-przeglad-wydarzen\/#primaryimage","url":"https:\/\/8a.pl\/8academy\/wp-content\/uploads\/2026\/06\/Glowne-zdjecie-swiat-outdooru5.webp","contentUrl":"https:\/\/8a.pl\/8academy\/wp-content\/uploads\/2026\/06\/Glowne-zdjecie-swiat-outdooru5.webp","width":1800,"height":1314,"caption":"(fot. Adobe Stock\/ 8a.pl)"},{"@type":"BreadcrumbList","@id":"https:\/\/8a.pl\/8academy\/swiat-outdooru-5-przeglad-wydarzen\/#breadcrumb","itemListElement":[{"@type":"ListItem","position":1,"name":"Strona g\u0142\u00f3wna","item":"https:\/\/8a.pl\/8academy\/"},{"@type":"ListItem","position":2,"name":"\u015awiat outdooru #5 &#8211; przegl\u0105d wydarze\u0144"}]},{"@type":"WebSite","@id":"https:\/\/8a.pl\/8academy\/#website","url":"https:\/\/8a.pl\/8academy\/","name":"8academy.pl - portal g\u00f3rski i wspinaczkowy dla aktywnych","description":"8academy to portal g\u00f3rski o wspinaczce, trekkingu i skiturach. Znajdziesz tu porady, testy sprz\u0119tu i opisy najlepszych rejon\u00f3w. Inspirujemy zdobywc\u00f3w!","publisher":{"@id":"https:\/\/8a.pl\/8academy\/#organization"},"potentialAction":[{"@type":"SearchAction","target":{"@type":"EntryPoint","urlTemplate":"https:\/\/8a.pl\/8academy\/?s={search_term_string}"},"query-input":{"@type":"PropertyValueSpecification","valueRequired":true,"valueName":"search_term_string"}}],"inLanguage":"pl-PL"},{"@type":"Organization","@id":"https:\/\/8a.pl\/8academy\/#organization","name":"8academy.pl - portal g\u00f3rski i wspinaczkowy dla aktywnych","url":"https:\/\/8a.pl\/8academy\/","logo":{"@type":"ImageObject","inLanguage":"pl-PL","@id":"https:\/\/8a.pl\/8academy\/#\/schema\/logo\/image\/","url":"https:\/\/8a.pl\/8academy\/wp-content\/uploads\/2015\/11\/logo.png","contentUrl":"https:\/\/8a.pl\/8academy\/wp-content\/uploads\/2015\/11\/logo.png","width":438,"height":315,"caption":"8academy.pl - portal g\u00f3rski i wspinaczkowy dla aktywnych"},"image":{"@id":"https:\/\/8a.pl\/8academy\/#\/schema\/logo\/image\/"},"sameAs":["https:\/\/pl-pl.facebook.com\/sklep8apl\/","https:\/\/www.instagram.com\/8apl\/"]},{"@type":"Person","@id":"https:\/\/8a.pl\/8academy\/#\/schema\/person\/2e392153a51786e6c3d5ede231b5d2a4","name":"Redakcja 8Academy","image":{"@type":"ImageObject","inLanguage":"pl-PL","@id":"https:\/\/8a.pl\/8academy\/#\/schema\/person\/image\/","url":"https:\/\/8a.pl\/8academy\/wp-content\/uploads\/2017\/10\/logo_obrobione_2_150_59ICJ.jpg","contentUrl":"https:\/\/8a.pl\/8academy\/wp-content\/uploads\/2017\/10\/logo_obrobione_2_150_59ICJ.jpg","caption":"Redakcja 8Academy"},"url":"https:\/\/8a.pl\/8academy\/author\/redakcja\/"}]}},"_links":{"self":[{"href":"https:\/\/8a.pl\/8academy\/wp-json\/wp\/v2\/posts\/86616","targetHints":{"allow":["GET"]}}],"collection":[{"href":"https:\/\/8a.pl\/8academy\/wp-json\/wp\/v2\/posts"}],"about":[{"href":"https:\/\/8a.pl\/8academy\/wp-json\/wp\/v2\/types\/post"}],"author":[{"embeddable":true,"href":"https:\/\/8a.pl\/8academy\/wp-json\/wp\/v2\/users\/7"}],"replies":[{"embeddable":true,"href":"https:\/\/8a.pl\/8academy\/wp-json\/wp\/v2\/comments?post=86616"}],"version-history":[{"count":9,"href":"https:\/\/8a.pl\/8academy\/wp-json\/wp\/v2\/posts\/86616\/revisions"}],"predecessor-version":[{"id":86672,"href":"https:\/\/8a.pl\/8academy\/wp-json\/wp\/v2\/posts\/86616\/revisions\/86672"}],"wp:featuredmedia":[{"embeddable":true,"href":"https:\/\/8a.pl\/8academy\/wp-json\/wp\/v2\/media\/86660"}],"wp:attachment":[{"href":"https:\/\/8a.pl\/8academy\/wp-json\/wp\/v2\/media?parent=86616"}],"wp:term":[{"taxonomy":"category","embeddable":true,"href":"https:\/\/8a.pl\/8academy\/wp-json\/wp\/v2\/categories?post=86616"},{"taxonomy":"post_tag","embeddable":true,"href":"https:\/\/8a.pl\/8academy\/wp-json\/wp\/v2\/tags?post=86616"}],"curies":[{"name":"wp","href":"https:\/\/api.w.org\/{rel}","templated":true}]}}