{"id":85977,"date":"2026-04-30T18:00:00","date_gmt":"2026-04-30T16:00:00","guid":{"rendered":"https:\/\/8a.pl\/8academy\/?p=85977"},"modified":"2026-05-04T08:18:44","modified_gmt":"2026-05-04T06:18:44","slug":"swiat-outdooru-4-przeglad-wydarzen","status":"publish","type":"post","link":"https:\/\/8a.pl\/8academy\/swiat-outdooru-4-przeglad-wydarzen\/","title":{"rendered":"\u015awiat outdooru #4 \u2013 przegl\u0105d wydarze\u0144"},"content":{"rendered":"\n<p class=\"wp-block-paragraph\">\u201e\u015awiat outdooru\u201d to przegl\u0105d tego, co dzieje si\u0119 w g\u00f3rach i wok\u00f3\u0142 nich \u2013 od sportowych rekord\u00f3w i nowych technologii, po wydarzenia, kt\u00f3re pokazuj\u0105 mniej oczywist\u0105 stron\u0119 outdooru. Kr\u00f3tko i konkretnie. Po pe\u0142ne rozwini\u0119cie zapraszamy na nasz kana\u0142 YouTube.<\/p>\n\n\n\n<p><iframe src=\"\/\/www.youtube.com\/embed\/r_4ILmcfwDQ?si=wtu4f7xPDue5rukF\" width=\"850\" height=\"477\" allowfullscreen=\"allowfullscreen\"><\/iframe><\/p>\n\n\n\n<h2 class=\"wp-block-heading\" id=\"h-trudny-poczatek-sezonu-w-bazie-pod-everestem\">Trudny pocz\u0105tek sezonu w bazie pod Everestem<\/h2>\n\n\n\n<p class=\"wp-block-paragraph\">Sezon pod Everestem dopiero si\u0119 zaczyna, a z Base Campu ju\u017c p\u0142yn\u0105 sygna\u0142y, \u017ce \u0142atwo nie b\u0119dzie. Na Khumbu Icefall pojawi\u0142 si\u0119 du\u017cy, niestabilny serak, kt\u00f3ry na moment zatrzyma\u0142 wytyczanie drogi mi\u0119dzy baz\u0105 a obozem pierwszym. Problem by\u0142 na tyle powa\u017cny, \u017ce oficjalne zespo\u0142y Sherp\u00f3w, Icefall Doctors i osoby odpowiedzialne za por\u0119czowanie drogi mia\u0142y wr\u00f3ci\u0107 z jedn\u0105, niezbyt optymistyczn\u0105 informacj\u0105: bezpiecznego przej\u015bcia nie ma.<\/p>\n\n\n\n<p class=\"wp-block-paragraph\">Tymczasem pod g\u00f3r\u0105 robi si\u0119 t\u0142oczno. W tym roku wydano oko\u0142o 410 permit\u00f3w dla zagranicznych wspinaczy, a razem z Sherpami i ca\u0142ym zapleczem logistycznym oznacza to setki os\u00f3b czekaj\u0105cych na otwarcie drogi przez Icefall. A co z tym wszystkim wsp\u00f3lnego ma Bartek Ziemski \u2013 polski skialpinista? <a href=\"https:\/\/www.youtube.com\/watch?v=r_4ILmcfwDQ\">Wi\u0119cej dowiesz si\u0119 z naszego odcinka na YouTube.<\/a><\/p>\n\n\n\n<p class=\"wp-block-paragraph\"><\/p>\n\n\n<div class=\"wp-block-image\">\n<figure class=\"aligncenter size-full\"><img fetchpriority=\"high\" decoding=\"async\" width=\"600\" height=\"816\" src=\"https:\/\/8a.pl\/8academy\/wp-content\/uploads\/2026\/04\/IMG_0527.webp\" alt=\"Basa pod Everestem. \" class=\"wp-image-85998\" srcset=\"https:\/\/8a.pl\/8academy\/wp-content\/uploads\/2026\/04\/IMG_0527.webp 600w, https:\/\/8a.pl\/8academy\/wp-content\/uploads\/2026\/04\/IMG_0527-221x300.webp 221w\" sizes=\"(max-width: 600px) 100vw, 600px\" \/><figcaption class=\"wp-element-caption\">Miasteczko pod Everestem w oczekiwaniu na otwarcie drogi przez Khumbu Icefall. (fot. Zuza Kl\u0119ka)<\/figcaption><\/figure>\n<\/div>\n\n\n<h2 class=\"wp-block-heading\" id=\"h-drony-na-everescie-przyszlosc-logistyki-w-gorach\">Drony na Evere\u015bcie \u2013 przysz\u0142o\u015b\u0107 logistyki w g\u00f3rach?<\/h2>\n\n\n\n<p class=\"wp-block-paragraph\">Zostajemy w bazie pod Everestem. W zwi\u0105zku z op\u00f3\u017anieniem w zabezpieczeniu i wytyczaniu trasy przez Khumbu Icefall zespo\u0142y szykuj\u0105ce si\u0119 do zdobycia Lhotse, Everestu oraz Nuptse potrzebuj\u0105 za\u0142o\u017cy\u0107 obozy powy\u017cej bazy. Z pomoc\u0105 przychodzi technologia i transport ekwipunku przez dron cargo.<\/p>\n\n\n\n<p class=\"wp-block-paragraph\">Za projektem stoj\u0105 lokalna firma Airlift Technologies oraz Dawa Steven Sherpa i Tenzing David Sherpa z Asian Trekking. Dron ma przenosi\u0107 do 50 kg \u0142adunku, czyli przej\u0105\u0107 cz\u0119\u015b\u0107 pracy, kt\u00f3r\u0105 do tej pory wykonywali Sherpowie na jednym z najbardziej ryzykownych odcink\u00f3w normalnej drogi na Everest. A im mniej takich kurs\u00f3w przez Khumbu Icefall, tym mniejsze nara\u017cenie ludzi, kt\u00f3rzy co sezon d\u017awigaj\u0105 na swoich barkach logistyk\u0119 wypraw.<\/p>\n\n\n\n<p class=\"wp-block-paragraph\">Trudno udawa\u0107, \u017ce technologia w g\u00f3rach nie istnieje. Korzystamy z prognoz pogody, \u0142\u0105czno\u015bci satelitarnej, lekkiego sprz\u0119tu, aplikacji, GPS-\u00f3w i coraz lepszych system\u00f3w ratunkowych. Je\u015bli drony mog\u0105 ograniczy\u0107 liczb\u0119 przej\u015b\u0107 przez Khumbu Icefall, to trudno z g\u00f3ry odrzuca\u0107 takie rozwi\u0105zanie.<\/p>\n\n\n\n<p class=\"wp-block-paragraph\">Jest te\u017c drugi w\u0105tek. Taki transport mo\u017ce w przysz\u0142o\u015bci pom\u00f3c nie tylko w dostarczaniu sprz\u0119tu, ale te\u017c w znoszeniu tego, co z g\u00f3r powinno znikn\u0105\u0107: pustych butli, zu\u017cytych lin, element\u00f3w oboz\u00f3w i \u015bmieci zostawianych na wysoko\u015bci. Everest od lat mierzy si\u0119 z problemem odpad\u00f3w, wi\u0119c ka\u017cda technologia, kt\u00f3ra u\u0142atwia ich sprowadzanie ni\u017cej, mo\u017ce mie\u0107 znaczenie wi\u0119ksze ni\u017c tylko logistyczne.<\/p>\n\n\n\n<h2 class=\"wp-block-heading\" id=\"h-historyczny-maraton-w-londynie-padla-bariera-2-godzin\">Historyczny maraton w Londynie \u2013 pad\u0142a bariera 2 godzin<\/h2>\n\n\n\n<p class=\"wp-block-paragraph\">London Marathon, 26.04.2026 \u2013 pad\u0142a granica, kt\u00f3ra przez lata wydawa\u0142a si\u0119 bardziej fantazj\u0105 ni\u017c mo\u017cliwym do osi\u0105gni\u0119cia wynikiem. Kenijczyk Sabastian Sawe przebieg\u0142 maraton z czasem 1:59:30 i jako pierwszy cz\u0142owiek z\u0142ama\u0142 dwie godziny w oficjalnym biegu. Poprzedni rekord Kelvina Kiptuma poprawi\u0142 a\u017c o 65 sekund.<\/p>\n\n\n\n<p class=\"wp-block-paragraph\">To nie by\u0142 jedyny kosmiczny wynik tego dnia. Etiopka Tigst Assefa wygra\u0142a rywalizacj\u0119 kobiet z czasem 2:15:41, ustanawiaj\u0105c nowy rekord \u015bwiata w biegu kobiet bez m\u0119skich pacemaker\u00f3w.<\/p>\n\n\n\n<p class=\"wp-block-paragraph\"><\/p>\n\n\n<div class=\"wp-block-image\">\n<figure class=\"aligncenter size-full\"><img decoding=\"async\" width=\"600\" height=\"816\" src=\"https:\/\/8a.pl\/8academy\/wp-content\/uploads\/2026\/04\/AdobeStock_1565403625.webp\" alt=\"Biegacze podczas maratonu.\" class=\"wp-image-86006\" srcset=\"https:\/\/8a.pl\/8academy\/wp-content\/uploads\/2026\/04\/AdobeStock_1565403625.webp 600w, https:\/\/8a.pl\/8academy\/wp-content\/uploads\/2026\/04\/AdobeStock_1565403625-221x300.webp 221w\" sizes=\"(max-width: 600px) 100vw, 600px\" \/><figcaption class=\"wp-element-caption\">London Maraton z rekordem \u015bwiata. (fot. Adobe Stock)<\/figcaption><\/figure>\n<\/div>\n\n\n<h2 class=\"wp-block-heading\" id=\"h-nie-zyje-will-stanhope\">Nie \u017cyje Will Stanhope<\/h2>\n\n\n\n<p class=\"wp-block-paragraph\">Niestety ten tydzie\u0144 to tak\u017ce bardzo smutna informacja z Kanady. \u015awiat wspinaczkowy straci\u0142 jedn\u0105 ze swoich najbardziej charakterystycznych postaci. W wieku 39 lat zgin\u0105\u0142 Will Stanhope, kanadyjski wspinacz zwi\u0105zany m.in. ze Squamish i klasycznym wspinaniem tradowym. <\/p>\n\n\n\n<p class=\"wp-block-paragraph\">Wiadomo, \u017ce do tragedii dosz\u0142o na drodze Rutabaga na The Chief \u2013 popularnym klasyku rejonu, wycenionym na 5.11a, czyli oko\u0142o VI.2. Droga ma dwa wyci\u0105gi i oko\u0142o 70 metr\u00f3w d\u0142ugo\u015bci. Pierwszy ko\u0144czy si\u0119 na stanowisku ze spit\u00f3w, drugi wymaga ju\u017c w\u0142asnej asekuracji z friend\u00f3w. Szczeg\u00f3\u0142y samego wypadku nie s\u0105 jeszcze znane. Stanhope by\u0142 znany z mocnych przej\u015b\u0107, ale te\u017c z podej\u015bcia do wspinania, w kt\u00f3rym liczy\u0142y si\u0119 styl, przygoda i autentyczno\u015b\u0107. Dlatego ta informacja tak mocno poruszy\u0142a \u015brodowisko.<\/p>\n\n\n\n<p class=\"wp-block-paragraph\"><\/p>\n\n\n<div class=\"wp-block-image\">\n<figure class=\"aligncenter size-full\"><img decoding=\"async\" width=\"600\" height=\"816\" src=\"https:\/\/8a.pl\/8academy\/wp-content\/uploads\/2026\/04\/AdobeStock_281683068.webp\" alt=\"The Chief Squamish.\" class=\"wp-image-86008\" srcset=\"https:\/\/8a.pl\/8academy\/wp-content\/uploads\/2026\/04\/AdobeStock_281683068.webp 600w, https:\/\/8a.pl\/8academy\/wp-content\/uploads\/2026\/04\/AdobeStock_281683068-221x300.webp 221w\" sizes=\"(max-width: 600px) 100vw, 600px\" \/><figcaption class=\"wp-element-caption\">The Chief \u2013 klasyk Squamish, na kt\u00f3rym znajduje si\u0119 droga Rutabaga (5.11a). (fot. Adobe Stock)<\/figcaption><\/figure>\n<\/div>\n\n\n<h2 class=\"wp-block-heading\" id=\"h-rekord-na-mont-blanc-z-chamonix-na-szczyt-i-z-powrotem\">Rekord na Mont Blanc <strong>\u2013<\/strong> z Chamonix na szczyt i z powrotem<\/h2>\n\n\n\n<p class=\"wp-block-paragraph\">Wracamy w Alpy. W Alpach r\u00f3wnie\u017c pad\u0142 rekord, kt\u00f3ry robi wra\u017cenie. Duet Samuel Equy i Math\u00e9o Jacquemoud pokona\u0142 tras\u0119 Chamonix \u2013 szczyt Mont Blanc \u2013 Chamonix w zaledwie 4 godziny, 41 minut i 24 sekundy. To wynik, kt\u00f3ry jeszcze mocniej przesuwa granice skialpinizmu i pokazuje, jak bardzo zmienia si\u0119 podej\u015bcie do szybkiego poruszania si\u0119 w g\u00f3rach wysokich.<\/p>\n\n\n\n<h2 class=\"wp-block-heading\" id=\"h-tragiczny-w-skutkach-wypadek-w-tatrach\">Tragiczny w skutkach wypadek w Tatrach<\/h2>\n\n\n\n<p class=\"wp-block-paragraph\">Do tragicznego wypadku dosz\u0142o 24.04.2026r. w rejonie Lodowego Szczytu. Para polskich turyst\u00f3w pr\u00f3bowa\u0142a wej\u015b\u0107 na Lodowy Szczyt. Podczas przechodzenia przez zalegaj\u0105ce zaspy, jeden z Polak\u00f3w potkn\u0105\u0142 si\u0119 i spad\u0142 oko\u0142o 200 metr\u00f3w w d\u00f3\u0142. Mimo szybkiej akcji s\u0142owackich ratownik\u00f3w turysty nie uda\u0142o si\u0119 uratowa\u0107.<\/p>\n\n\n\n<p class=\"wp-block-paragraph\">\u201e\u015awiat outdooru\u201d to nie tylko rekordy, wyprawy i efektowne przej\u015bcia, ale te\u017c informacje, kt\u00f3re przypominaj\u0105, \u017ce g\u00f3ry potrafi\u0105 by\u0107 bezwzgl\u0119dne \u2013 r\u00f3wnie\u017c te najbli\u017csze, dobrze znane i pozornie oswojone. Zw\u0142aszcza wiosn\u0105, gdy pogoda jest niestabilna, a pokrywa \u015bnie\u017cna zaczyna topnie\u0107, warunki mog\u0105 zmienia\u0107 si\u0119 bardzo szybko. Dlatego warto sprawdza\u0107 komunikaty, nie lekcewa\u017cy\u0107 zalegaj\u0105cego \u015bniegu i pami\u0119ta\u0107, \u017ce wiosna w mie\u015bcie nie oznacza jeszcze wiosny wysoko w Tatrach.<\/p>\n\n\n\n<p class=\"wp-block-paragraph\"><\/p>\n\n\n\n\n\n\n","protected":false},"excerpt":{"rendered":"<p>Pod Everestem robi si\u0119 nerwowo, w Londynie padaj\u0105 rekordy, a w Alpach przesuwa si\u0119 granic\u0119 tego, co wydaje si\u0119 mo\u017cliwe.<\/p>\n","protected":false},"author":7,"featured_media":86005,"comment_status":"closed","ping_status":"closed","sticky":false,"template":"","format":"standard","meta":{"_acf_changed":false,"_uf_show_specific_survey":0,"_uf_disable_surveys":false,"footnotes":""},"categories":[26070],"tags":[26086,26092,26104,26068,26105,26088],"class_list":["post-85977","post","type-post","status-publish","format-standard","has-post-thumbnail","hentry","category-turystyka-trekking","tag-alpinizm","tag-bieganie","tag-caloroczne","tag-felieton","tag-turystyka","tag-wspinaczka_skalkowa"],"acf":[],"yoast_head":"<!-- This site is optimized with the Yoast SEO Premium plugin v23.4 (Yoast SEO v25.5) - https:\/\/yoast.com\/wordpress\/plugins\/seo\/ -->\n<title>\u015awiat Outdooru #4 | 8academy.pl<\/title>\n<meta name=\"description\" content=\"\u015awiat outdooru - przegl\u0105d najwa\u017cniejszych wydarze\u0144 prosto z g\u00f3y i \u015bwiata sportu.\" \/>\n<meta name=\"robots\" content=\"index, follow, max-snippet:-1, max-image-preview:large, max-video-preview:-1\" \/>\n<link rel=\"canonical\" href=\"https:\/\/8a.pl\/8academy\/swiat-outdooru-4-przeglad-wydarzen\/\" \/>\n<meta property=\"og:locale\" content=\"pl_PL\" \/>\n<meta property=\"og:type\" content=\"article\" \/>\n<meta property=\"og:title\" content=\"\u015awiat outdooru #4 \u2013 przegl\u0105d wydarze\u0144\" \/>\n<meta property=\"og:description\" content=\"\u015awiat outdooru - przegl\u0105d najwa\u017cniejszych wydarze\u0144 prosto z g\u00f3y i \u015bwiata sportu.\" \/>\n<meta property=\"og:url\" content=\"https:\/\/8a.pl\/8academy\/swiat-outdooru-4-przeglad-wydarzen\/\" \/>\n<meta property=\"og:site_name\" content=\"8academy.pl - portal g\u00f3rski i wspinaczkowy dla aktywnych\" \/>\n<meta property=\"article:publisher\" content=\"https:\/\/pl-pl.facebook.com\/sklep8apl\/\" \/>\n<meta property=\"article:published_time\" content=\"2026-04-30T16:00:00+00:00\" \/>\n<meta property=\"article:modified_time\" content=\"2026-05-04T06:18:44+00:00\" \/>\n<meta property=\"og:image\" content=\"https:\/\/8a.pl\/8academy\/wp-content\/uploads\/2026\/04\/Glowne-zdjecie-swiat-outdooru.webp\" \/>\n\t<meta property=\"og:image:width\" content=\"1800\" \/>\n\t<meta property=\"og:image:height\" content=\"1314\" \/>\n\t<meta property=\"og:image:type\" content=\"image\/webp\" \/>\n<meta name=\"author\" content=\"Redakcja 8Academy\" \/>\n<meta name=\"twitter:card\" content=\"summary_large_image\" \/>\n<meta name=\"twitter:label1\" content=\"Napisane przez\" \/>\n\t<meta name=\"twitter:data1\" content=\"Redakcja 8Academy\" \/>\n\t<meta name=\"twitter:label2\" content=\"Szacowany czas czytania\" \/>\n\t<meta name=\"twitter:data2\" content=\"6 minut\" \/>\n<!-- \/ Yoast SEO Premium plugin. -->","yoast_head_json":{"title":"\u015awiat Outdooru #4 | 8academy.pl","description":"\u015awiat outdooru - przegl\u0105d najwa\u017cniejszych wydarze\u0144 prosto z g\u00f3y i \u015bwiata sportu.","robots":{"index":"index","follow":"follow","max-snippet":"max-snippet:-1","max-image-preview":"max-image-preview:large","max-video-preview":"max-video-preview:-1"},"canonical":"https:\/\/8a.pl\/8academy\/swiat-outdooru-4-przeglad-wydarzen\/","og_locale":"pl_PL","og_type":"article","og_title":"\u015awiat outdooru #4 \u2013 przegl\u0105d wydarze\u0144","og_description":"\u015awiat outdooru - przegl\u0105d najwa\u017cniejszych wydarze\u0144 prosto z g\u00f3y i \u015bwiata sportu.","og_url":"https:\/\/8a.pl\/8academy\/swiat-outdooru-4-przeglad-wydarzen\/","og_site_name":"8academy.pl - portal g\u00f3rski i wspinaczkowy dla aktywnych","article_publisher":"https:\/\/pl-pl.facebook.com\/sklep8apl\/","article_published_time":"2026-04-30T16:00:00+00:00","article_modified_time":"2026-05-04T06:18:44+00:00","og_image":[{"width":1800,"height":1314,"url":"https:\/\/8a.pl\/8academy\/wp-content\/uploads\/2026\/04\/Glowne-zdjecie-swiat-outdooru.webp","type":"image\/webp"}],"author":"Redakcja 8Academy","twitter_card":"summary_large_image","twitter_misc":{"Napisane przez":"Redakcja 8Academy","Szacowany czas czytania":"6 minut"},"schema":{"@context":"https:\/\/schema.org","@graph":[{"@type":"Article","@id":"https:\/\/8a.pl\/8academy\/swiat-outdooru-4-przeglad-wydarzen\/#article","isPartOf":{"@id":"https:\/\/8a.pl\/8academy\/swiat-outdooru-4-przeglad-wydarzen\/"},"author":{"name":"Redakcja 8Academy","@id":"https:\/\/8a.pl\/8academy\/#\/schema\/person\/2e392153a51786e6c3d5ede231b5d2a4"},"headline":"\u015awiat outdooru #4 \u2013 przegl\u0105d wydarze\u0144","datePublished":"2026-04-30T16:00:00+00:00","dateModified":"2026-05-04T06:18:44+00:00","mainEntityOfPage":{"@id":"https:\/\/8a.pl\/8academy\/swiat-outdooru-4-przeglad-wydarzen\/"},"wordCount":917,"publisher":{"@id":"https:\/\/8a.pl\/8academy\/#organization"},"image":{"@id":"https:\/\/8a.pl\/8academy\/swiat-outdooru-4-przeglad-wydarzen\/#primaryimage"},"thumbnailUrl":"https:\/\/8a.pl\/8academy\/wp-content\/uploads\/2026\/04\/Glowne-zdjecie-swiat-outdooru.webp","keywords":["Alpinizm","Bieganie","Ca\u0142oroczne","Felieton","Turystyka","Wspinaczka ska\u0142kowa"],"articleSection":["Turystyka \/ trekking"],"inLanguage":"pl-PL"},{"@type":"WebPage","@id":"https:\/\/8a.pl\/8academy\/swiat-outdooru-4-przeglad-wydarzen\/","url":"https:\/\/8a.pl\/8academy\/swiat-outdooru-4-przeglad-wydarzen\/","name":"\u015awiat Outdooru #4 | 8academy.pl","isPartOf":{"@id":"https:\/\/8a.pl\/8academy\/#website"},"primaryImageOfPage":{"@id":"https:\/\/8a.pl\/8academy\/swiat-outdooru-4-przeglad-wydarzen\/#primaryimage"},"image":{"@id":"https:\/\/8a.pl\/8academy\/swiat-outdooru-4-przeglad-wydarzen\/#primaryimage"},"thumbnailUrl":"https:\/\/8a.pl\/8academy\/wp-content\/uploads\/2026\/04\/Glowne-zdjecie-swiat-outdooru.webp","datePublished":"2026-04-30T16:00:00+00:00","dateModified":"2026-05-04T06:18:44+00:00","description":"\u015awiat outdooru - przegl\u0105d najwa\u017cniejszych wydarze\u0144 prosto z g\u00f3y i \u015bwiata sportu.","breadcrumb":{"@id":"https:\/\/8a.pl\/8academy\/swiat-outdooru-4-przeglad-wydarzen\/#breadcrumb"},"inLanguage":"pl-PL","potentialAction":[{"@type":"ReadAction","target":["https:\/\/8a.pl\/8academy\/swiat-outdooru-4-przeglad-wydarzen\/"]}]},{"@type":"ImageObject","inLanguage":"pl-PL","@id":"https:\/\/8a.pl\/8academy\/swiat-outdooru-4-przeglad-wydarzen\/#primaryimage","url":"https:\/\/8a.pl\/8academy\/wp-content\/uploads\/2026\/04\/Glowne-zdjecie-swiat-outdooru.webp","contentUrl":"https:\/\/8a.pl\/8academy\/wp-content\/uploads\/2026\/04\/Glowne-zdjecie-swiat-outdooru.webp","width":1800,"height":1314,"caption":"(fot. 8a.pl)"},{"@type":"BreadcrumbList","@id":"https:\/\/8a.pl\/8academy\/swiat-outdooru-4-przeglad-wydarzen\/#breadcrumb","itemListElement":[{"@type":"ListItem","position":1,"name":"Strona g\u0142\u00f3wna","item":"https:\/\/8a.pl\/8academy\/"},{"@type":"ListItem","position":2,"name":"\u015awiat outdooru #4 \u2013 przegl\u0105d wydarze\u0144"}]},{"@type":"WebSite","@id":"https:\/\/8a.pl\/8academy\/#website","url":"https:\/\/8a.pl\/8academy\/","name":"8academy.pl - portal g\u00f3rski i wspinaczkowy dla aktywnych","description":"8academy to portal g\u00f3rski o wspinaczce, trekkingu i skiturach. Znajdziesz tu porady, testy sprz\u0119tu i opisy najlepszych rejon\u00f3w. Inspirujemy zdobywc\u00f3w!","publisher":{"@id":"https:\/\/8a.pl\/8academy\/#organization"},"potentialAction":[{"@type":"SearchAction","target":{"@type":"EntryPoint","urlTemplate":"https:\/\/8a.pl\/8academy\/?s={search_term_string}"},"query-input":{"@type":"PropertyValueSpecification","valueRequired":true,"valueName":"search_term_string"}}],"inLanguage":"pl-PL"},{"@type":"Organization","@id":"https:\/\/8a.pl\/8academy\/#organization","name":"8academy.pl - portal g\u00f3rski i wspinaczkowy dla aktywnych","url":"https:\/\/8a.pl\/8academy\/","logo":{"@type":"ImageObject","inLanguage":"pl-PL","@id":"https:\/\/8a.pl\/8academy\/#\/schema\/logo\/image\/","url":"https:\/\/8a.pl\/8academy\/wp-content\/uploads\/2015\/11\/logo.png","contentUrl":"https:\/\/8a.pl\/8academy\/wp-content\/uploads\/2015\/11\/logo.png","width":438,"height":315,"caption":"8academy.pl - portal g\u00f3rski i wspinaczkowy dla aktywnych"},"image":{"@id":"https:\/\/8a.pl\/8academy\/#\/schema\/logo\/image\/"},"sameAs":["https:\/\/pl-pl.facebook.com\/sklep8apl\/","https:\/\/www.instagram.com\/8apl\/"]},{"@type":"Person","@id":"https:\/\/8a.pl\/8academy\/#\/schema\/person\/2e392153a51786e6c3d5ede231b5d2a4","name":"Redakcja 8Academy","image":{"@type":"ImageObject","inLanguage":"pl-PL","@id":"https:\/\/8a.pl\/8academy\/#\/schema\/person\/image\/","url":"https:\/\/8a.pl\/8academy\/wp-content\/uploads\/2017\/10\/logo_obrobione_2_150_59ICJ.jpg","contentUrl":"https:\/\/8a.pl\/8academy\/wp-content\/uploads\/2017\/10\/logo_obrobione_2_150_59ICJ.jpg","caption":"Redakcja 8Academy"},"url":"https:\/\/8a.pl\/8academy\/author\/redakcja\/"}]}},"_links":{"self":[{"href":"https:\/\/8a.pl\/8academy\/wp-json\/wp\/v2\/posts\/85977","targetHints":{"allow":["GET"]}}],"collection":[{"href":"https:\/\/8a.pl\/8academy\/wp-json\/wp\/v2\/posts"}],"about":[{"href":"https:\/\/8a.pl\/8academy\/wp-json\/wp\/v2\/types\/post"}],"author":[{"embeddable":true,"href":"https:\/\/8a.pl\/8academy\/wp-json\/wp\/v2\/users\/7"}],"replies":[{"embeddable":true,"href":"https:\/\/8a.pl\/8academy\/wp-json\/wp\/v2\/comments?post=85977"}],"version-history":[{"count":10,"href":"https:\/\/8a.pl\/8academy\/wp-json\/wp\/v2\/posts\/85977\/revisions"}],"predecessor-version":[{"id":86020,"href":"https:\/\/8a.pl\/8academy\/wp-json\/wp\/v2\/posts\/85977\/revisions\/86020"}],"wp:featuredmedia":[{"embeddable":true,"href":"https:\/\/8a.pl\/8academy\/wp-json\/wp\/v2\/media\/86005"}],"wp:attachment":[{"href":"https:\/\/8a.pl\/8academy\/wp-json\/wp\/v2\/media?parent=85977"}],"wp:term":[{"taxonomy":"category","embeddable":true,"href":"https:\/\/8a.pl\/8academy\/wp-json\/wp\/v2\/categories?post=85977"},{"taxonomy":"post_tag","embeddable":true,"href":"https:\/\/8a.pl\/8academy\/wp-json\/wp\/v2\/tags?post=85977"}],"curies":[{"name":"wp","href":"https:\/\/api.w.org\/{rel}","templated":true}]}}