{"id":84267,"date":"2026-02-17T12:51:55","date_gmt":"2026-02-17T11:51:55","guid":{"rendered":"https:\/\/8a.pl\/8academy\/?p=84267"},"modified":"2026-02-17T13:00:44","modified_gmt":"2026-02-17T12:00:44","slug":"test-butow-trekkingowych-meindl-literock-3-0-gtx","status":"publish","type":"post","link":"https:\/\/8a.pl\/8academy\/test-butow-trekkingowych-meindl-literock-3-0-gtx\/","title":{"rendered":"Test but\u00f3w trekkingowych Meindl Literock 3.0 GTX \u2013 buty, kt\u00f3rym nie straszna \u017cadna pogoda"},"content":{"rendered":"\n<p class=\"wp-block-paragraph\">O samej marce nie trzeba wiele m\u00f3wi\u0107. Niewiele firm na \u015bwiecie mo\u017ce pochwali\u0107 si\u0119 tak d\u0142ug\u0105 histori\u0105 i rzemie\u015blnicz\u0105 tradycj\u0105 jak Meindl. To prawdziwy weteran w\u015br\u00f3d producent\u00f3w obuwia trekkingowego. Pocz\u0105tki rodzinnej manufaktury si\u0119gaj\u0105 Bawarii i a\u017c 1683 roku, co czyni j\u0105 jedn\u0105 z najstarszych marek obuwniczych w Europie. Tradycja tradycj\u0105, ale Meindl od lat z powodzeniem \u0142\u0105czy j\u0105 z nowoczesnymi rozwi\u0105zaniami. Sama mog\u0142am si\u0119 o tym przekona\u0107, testuj\u0105c model Literock 3.0 GTX.<\/p>\n\n\n\n<p class=\"wp-block-paragraph\"><\/p>\n\n\n\n<div class=\"wp-block-buttons is-content-justification-center is-layout-flex wp-container-core-buttons-is-layout-fe48e5de wp-block-buttons-is-layout-flex\">\n<div class=\"wp-block-button\"><a class=\"wp-block-button__link has-background wp-element-button\" href=\"https:\/\/8a.pl\/buty-damskie-meindl-literock-3-0-gtx-turquoise-graphite\" style=\"border-radius:6px;background-color:#e9600e\">ZOBACZ BUTY DAMSKIE MEINDL LITEROCK 3.0 GTX<\/a><\/div>\n\n\n\n<div class=\"wp-block-button\"><a class=\"wp-block-button__link has-background wp-element-button\" href=\"https:\/\/8a.pl\/buty-turystyczne-meindl-literock-3-0-gtx-dark-green-yellow\" style=\"border-radius:6px;background-color:#e9600e\">BUTY TURYSTYCZNE MEINDL LITEROCK 3.0 GTX<\/a><\/div>\n<\/div>\n\n\n\n<h2 class=\"wp-block-heading\" id=\"h-meindl-literock-3-0-gtx-co-to-za-model\">Meindl Literock 3.0 GTX &#8211; co to za model?<\/h2>\n\n\n\n<p class=\"wp-block-paragraph\">Meindl dzieli swoje obuwie na kategorie od A do D, okre\u015blaj\u0105ce poziom wsparcia, sztywno\u015bci oraz przeznaczenie w terenie. Model Literock 3.0 GTX wed\u0142ug producenta nale\u017cy do kategorii A &#8211; Lightwalker. W praktyce oznacza to obuwie zaprojektowane z my\u015bl\u0105 o wypoczynku, codziennym u\u017cytkowaniu, wycieczkach, podr\u00f3\u017cach oraz d\u0142u\u017cszych spacerach. Najlepiej sprawdza si\u0119 na dobrze utrzymanych szlakach, w parkach, a tak\u017ce jako wygodne buty na co dzie\u0144. Cholewk\u0119 wykonano z po\u0142\u0105czenia zamszu i siateczki, co zapewnia r\u00f3wnowag\u0119 mi\u0119dzy trwa\u0142o\u015bci\u0105 a odpowiedni\u0105 wentylacj\u0105. <\/p>\n\n\n\n<p class=\"wp-block-paragraph\"><\/p>\n\n\n    <section class=\"ep8a-section\">\n      <div class=\"ep8a-header\">\n        <div class=\"ep8a-titlebar\">\n          <p class=\"ep8a-h\">Buty Meindl<\/p>          <span class=\"ep8a-titleline\"><\/span>\n        <\/div>\n      <\/div>\n\n      <div class=\"ep8a-wrap\" id=\"ep8a_249c4014-1a06-464f-88cb-f243c0a4377a\">\n        <div class=\"ep8a-carousel swiper\" id=\"ep8a_249c4014-1a06-464f-88cb-f243c0a4377a_swiper\">\n          <div class=\"swiper-wrapper\">\n                          <div class=\"swiper-slide\">\n                <article class=\"ep8a-tile\">\n                  <a class=\"ep8a-link\" href=\"https:\/\/8a.pl\/buty-trekkingowe-meskie-meindl-top-trail-mid-gtx-loden-orange\" target=\"_self\" rel=\"nofollow noopener noreferrer\" aria-label=\"Meindl Top Trail Mid GTX\">\n                    <div class=\"ep8a-card\">\n                      <div class=\"ep8a-imgwrap\">\n                                                <img fetchpriority=\"high\" class=\"ep8a-img skip-lazy no-lazy\" decoding=\"async\" loading=\"eager\" data-no-lazy=\"1\" src=\"https:\/\/8a.pl\/media\/catalog\/product\/b\/u\/buty-trekkingowe-meskie-meindl-top-trail-mid-gtx-loden-orange-1787663113.webp@jpg\" alt=\"Meindl Top Trail Mid GTX\" width=\"500\" height=\"600\">                      <\/div>\n                    <\/div>\n                  <\/a>\n                  <div class=\"ep8a-caption\">\n                    <a class=\"ep8a-link\" href=\"https:\/\/8a.pl\/buty-trekkingowe-meskie-meindl-top-trail-mid-gtx-loden-orange\" target=\"_self\" rel=\"nofollow noopener noreferrer\">\n                      <h3 class=\"ep8a-title\" title=\"Meindl Top Trail Mid GTX\">Meindl Top Trail Mid GTX<\/h3>\n                    <\/a>\n                    <div class=\"ep8a-price\">1149.99 z\u0142<\/div>                  <\/div>\n                <\/article>\n              <\/div>\n                          <div class=\"swiper-slide\">\n                <article class=\"ep8a-tile\">\n                  <a class=\"ep8a-link\" href=\"https:\/\/8a.pl\/buty-turystyczne-niskie-meindl-antero-1-0-yellow\" target=\"_self\" rel=\"nofollow noopener noreferrer\" aria-label=\"Meindl Antero 1.0\">\n                    <div class=\"ep8a-card\">\n                      <div class=\"ep8a-imgwrap\">\n                                                <img class=\"ep8a-img skip-lazy no-lazy\" decoding=\"async\" loading=\"eager\" data-no-lazy=\"1\" src=\"https:\/\/8a.pl\/media\/catalog\/product\/b\/u\/buty-turystyczne-niskie-meindl-antero-1-0-yellow-1772447737.webp@jpg\" alt=\"Meindl Antero 1.0\" width=\"500\" height=\"600\">                      <\/div>\n                    <\/div>\n                  <\/a>\n                  <div class=\"ep8a-caption\">\n                    <a class=\"ep8a-link\" href=\"https:\/\/8a.pl\/buty-turystyczne-niskie-meindl-antero-1-0-yellow\" target=\"_self\" rel=\"nofollow noopener noreferrer\">\n                      <h3 class=\"ep8a-title\" title=\"Meindl Antero 1.0\">Meindl Antero 1.0<\/h3>\n                    <\/a>\n                    <div class=\"ep8a-price\">949.99 z\u0142<\/div>                  <\/div>\n                <\/article>\n              <\/div>\n                          <div class=\"swiper-slide\">\n                <article class=\"ep8a-tile\">\n                  <a class=\"ep8a-link\" href=\"https:\/\/8a.pl\/buty-turystyczne-damskie-meindl-antero-1-0-terracotta\" target=\"_self\" rel=\"nofollow noopener noreferrer\" aria-label=\"Meindl Antero 1.0\">\n                    <div class=\"ep8a-card\">\n                      <div class=\"ep8a-imgwrap\">\n                                                <img class=\"ep8a-img skip-lazy no-lazy\" decoding=\"async\" loading=\"eager\" data-no-lazy=\"1\" src=\"https:\/\/8a.pl\/media\/catalog\/product\/b\/u\/buty-turystyczne-damskie-meindl-antero-1-0-terracotta-1774014197.webp@jpg\" alt=\"Meindl Antero 1.0\" width=\"500\" height=\"600\">                      <\/div>\n                    <\/div>\n                  <\/a>\n                  <div class=\"ep8a-caption\">\n                    <a class=\"ep8a-link\" href=\"https:\/\/8a.pl\/buty-turystyczne-damskie-meindl-antero-1-0-terracotta\" target=\"_self\" rel=\"nofollow noopener noreferrer\">\n                      <h3 class=\"ep8a-title\" title=\"Meindl Antero 1.0\">Meindl Antero 1.0<\/h3>\n                    <\/a>\n                    <div class=\"ep8a-price\">949.99 z\u0142<\/div>                  <\/div>\n                <\/article>\n              <\/div>\n                          <div class=\"swiper-slide\">\n                <article class=\"ep8a-tile\">\n                  <a class=\"ep8a-link\" href=\"https:\/\/8a.pl\/buty-turystyczne-meskie-meindl-antero-2-0-gtx-olive\" target=\"_self\" rel=\"nofollow noopener noreferrer\" aria-label=\"Meindl Antero 2.0 GTX\">\n                    <div class=\"ep8a-card\">\n                      <div class=\"ep8a-imgwrap\">\n                                                <img class=\"ep8a-img skip-lazy no-lazy\" decoding=\"async\" loading=\"eager\" data-no-lazy=\"1\" src=\"https:\/\/8a.pl\/media\/catalog\/product\/b\/u\/buty-turystyczne-meskie-meindl-antero-2-0-gtx-olive-1772447734.webp@jpg\" alt=\"Meindl Antero 2.0 GTX\" width=\"500\" height=\"600\">                      <\/div>\n                    <\/div>\n                  <\/a>\n                  <div class=\"ep8a-caption\">\n                    <a class=\"ep8a-link\" href=\"https:\/\/8a.pl\/buty-turystyczne-meskie-meindl-antero-2-0-gtx-olive\" target=\"_self\" rel=\"nofollow noopener noreferrer\">\n                      <h3 class=\"ep8a-title\" title=\"Meindl Antero 2.0 GTX\">Meindl Antero 2.0 GTX<\/h3>\n                    <\/a>\n                    <div class=\"ep8a-price\">969.99 z\u0142<\/div>                  <\/div>\n                <\/article>\n              <\/div>\n                          <div class=\"swiper-slide\">\n                <article class=\"ep8a-tile\">\n                  <a class=\"ep8a-link\" href=\"https:\/\/8a.pl\/buty-gore-tex-damskie-meindl-antero-2-0-gtx-jeans\" target=\"_self\" rel=\"nofollow noopener noreferrer\" aria-label=\"Meindl Antero 2.0 GTX\">\n                    <div class=\"ep8a-card\">\n                      <div class=\"ep8a-imgwrap\">\n                                                <img class=\"ep8a-img skip-lazy no-lazy\" decoding=\"async\" loading=\"eager\" data-no-lazy=\"1\" src=\"https:\/\/8a.pl\/media\/catalog\/product\/b\/u\/buty-gore-tex-damskie-meindl-antero-2-0-gtx-jeans-1774014199.webp@jpg\" alt=\"Meindl Antero 2.0 GTX\" width=\"500\" height=\"600\">                      <\/div>\n                    <\/div>\n                  <\/a>\n                  <div class=\"ep8a-caption\">\n                    <a class=\"ep8a-link\" href=\"https:\/\/8a.pl\/buty-gore-tex-damskie-meindl-antero-2-0-gtx-jeans\" target=\"_self\" rel=\"nofollow noopener noreferrer\">\n                      <h3 class=\"ep8a-title\" title=\"Meindl Antero 2.0 GTX\">Meindl Antero 2.0 GTX<\/h3>\n                    <\/a>\n                    <div class=\"ep8a-price\">969.99 z\u0142<\/div>                  <\/div>\n                <\/article>\n              <\/div>\n                          <div class=\"swiper-slide\">\n                <article class=\"ep8a-tile\">\n                  <a class=\"ep8a-link\" href=\"https:\/\/8a.pl\/buty-gore-tex-meindl-antero-1-0-gtx-olive\" target=\"_self\" rel=\"nofollow noopener noreferrer\" aria-label=\"Meindl Antero 1.0 GTX\">\n                    <div class=\"ep8a-card\">\n                      <div class=\"ep8a-imgwrap\">\n                                                <img class=\"ep8a-img skip-lazy no-lazy\" decoding=\"async\" loading=\"eager\" data-no-lazy=\"1\" src=\"https:\/\/8a.pl\/media\/catalog\/product\/b\/u\/buty-gore-tex-meindl-antero-1-0-gtx-olive-1776421705.webp@jpg\" alt=\"Meindl Antero 1.0 GTX\" width=\"500\" height=\"600\">                      <\/div>\n                    <\/div>\n                  <\/a>\n                  <div class=\"ep8a-caption\">\n                    <a class=\"ep8a-link\" href=\"https:\/\/8a.pl\/buty-gore-tex-meindl-antero-1-0-gtx-olive\" target=\"_self\" rel=\"nofollow noopener noreferrer\">\n                      <h3 class=\"ep8a-title\" title=\"Meindl Antero 1.0 GTX\">Meindl Antero 1.0 GTX<\/h3>\n                    <\/a>\n                    <div class=\"ep8a-price\">1099.99 z\u0142<\/div>                  <\/div>\n                <\/article>\n              <\/div>\n                          <div class=\"swiper-slide\">\n                <article class=\"ep8a-tile\">\n                  <a class=\"ep8a-link\" href=\"https:\/\/8a.pl\/buty-gore-tex-damskie-meindl-antero-1-0-gtx-jeans\" target=\"_self\" rel=\"nofollow noopener noreferrer\" aria-label=\"Meindl Antero 1.0 GTX\">\n                    <div class=\"ep8a-card\">\n                      <div class=\"ep8a-imgwrap\">\n                                                <img class=\"ep8a-img skip-lazy no-lazy\" decoding=\"async\" loading=\"eager\" data-no-lazy=\"1\" src=\"https:\/\/8a.pl\/media\/catalog\/product\/b\/u\/buty-gore-tex-damskie-meindl-antero-1-0-gtx-jeans-1774353527.webp@jpg\" alt=\"Meindl Antero 1.0 GTX\" width=\"500\" height=\"600\">                      <\/div>\n                    <\/div>\n                  <\/a>\n                  <div class=\"ep8a-caption\">\n                    <a class=\"ep8a-link\" href=\"https:\/\/8a.pl\/buty-gore-tex-damskie-meindl-antero-1-0-gtx-jeans\" target=\"_self\" rel=\"nofollow noopener noreferrer\">\n                      <h3 class=\"ep8a-title\" title=\"Meindl Antero 1.0 GTX\">Meindl Antero 1.0 GTX<\/h3>\n                    <\/a>\n                    <div class=\"ep8a-price\">1099.99 z\u0142<\/div>                  <\/div>\n                <\/article>\n              <\/div>\n                          <div class=\"swiper-slide\">\n                <article class=\"ep8a-tile\">\n                  <a class=\"ep8a-link\" href=\"https:\/\/8a.pl\/buty-trekkingowe-meindl-ohio-2-gtx-blue\" target=\"_self\" rel=\"nofollow noopener noreferrer\" aria-label=\"Meindl Ohio 2 GTX\">\n                    <div class=\"ep8a-card\">\n                      <div class=\"ep8a-imgwrap\">\n                                                <img class=\"ep8a-img skip-lazy no-lazy\" decoding=\"async\" loading=\"eager\" data-no-lazy=\"1\" src=\"https:\/\/8a.pl\/media\/catalog\/product\/b\/u\/buty-trekkingowe-meindl-ohio-2-gtx-blue-1772447732.webp@jpg\" alt=\"Meindl Ohio 2 GTX\" width=\"500\" height=\"600\">                      <\/div>\n                    <\/div>\n                  <\/a>\n                  <div class=\"ep8a-caption\">\n                    <a class=\"ep8a-link\" href=\"https:\/\/8a.pl\/buty-trekkingowe-meindl-ohio-2-gtx-blue\" target=\"_self\" rel=\"nofollow noopener noreferrer\">\n                      <h3 class=\"ep8a-title\" title=\"Meindl Ohio 2 GTX\">Meindl Ohio 2 GTX<\/h3>\n                    <\/a>\n                    <div class=\"ep8a-price\">969.99 z\u0142<\/div>                  <\/div>\n                <\/article>\n              <\/div>\n                          <div class=\"swiper-slide\">\n                <article class=\"ep8a-tile\">\n                  <a class=\"ep8a-link\" href=\"https:\/\/8a.pl\/buty-trekkingowe-damskie-meindl-baltimore-gtx-fawn\" target=\"_self\" rel=\"nofollow noopener noreferrer\" aria-label=\"Meindl Baltimore GTX\">\n                    <div class=\"ep8a-card\">\n                      <div class=\"ep8a-imgwrap\">\n                                                <img class=\"ep8a-img skip-lazy no-lazy\" decoding=\"async\" loading=\"eager\" data-no-lazy=\"1\" src=\"https:\/\/8a.pl\/media\/catalog\/product\/b\/u\/buty-trekkingowe-damskie-meindl-baltimore-gtx-fawn-1771913784.webp@jpg\" alt=\"Meindl Baltimore GTX\" width=\"500\" height=\"600\">                      <\/div>\n                    <\/div>\n                  <\/a>\n                  <div class=\"ep8a-caption\">\n                    <a class=\"ep8a-link\" href=\"https:\/\/8a.pl\/buty-trekkingowe-damskie-meindl-baltimore-gtx-fawn\" target=\"_self\" rel=\"nofollow noopener noreferrer\">\n                      <h3 class=\"ep8a-title\" title=\"Meindl Baltimore GTX\">Meindl Baltimore GTX<\/h3>\n                    <\/a>\n                    <div class=\"ep8a-price\">1029.99 z\u0142<\/div>                  <\/div>\n                <\/article>\n              <\/div>\n                          <div class=\"swiper-slide\">\n                <article class=\"ep8a-tile\">\n                  <a class=\"ep8a-link\" href=\"https:\/\/8a.pl\/buty-gore-tex-meindl-vakuum-ultra-loden\" target=\"_self\" rel=\"nofollow noopener noreferrer\" aria-label=\"Meindl Vakuum Ultra\">\n                    <div class=\"ep8a-card\">\n                      <div class=\"ep8a-imgwrap\">\n                                                <img class=\"ep8a-img skip-lazy no-lazy\" decoding=\"async\" loading=\"eager\" data-no-lazy=\"1\" src=\"https:\/\/8a.pl\/media\/catalog\/product\/b\/u\/buty-gore-tex-meindl-vakuum-ultra-loden-1772447729.webp@jpg\" alt=\"Meindl Vakuum Ultra\" width=\"500\" height=\"600\">                      <\/div>\n                    <\/div>\n                  <\/a>\n                  <div class=\"ep8a-caption\">\n                    <a class=\"ep8a-link\" href=\"https:\/\/8a.pl\/buty-gore-tex-meindl-vakuum-ultra-loden\" target=\"_self\" rel=\"nofollow noopener noreferrer\">\n                      <h3 class=\"ep8a-title\" title=\"Meindl Vakuum Ultra\">Meindl Vakuum Ultra<\/h3>\n                    <\/a>\n                    <div class=\"ep8a-price\">1009.99 z\u0142<\/div>                  <\/div>\n                <\/article>\n              <\/div>\n                      <\/div>\n        <\/div>\n\n        <!-- Strza\u0142ki poza .swiper -->\n        <button class=\"ep8a-arrow ep8a-prev\" id=\"ep8a_249c4014-1a06-464f-88cb-f243c0a4377a_prev\" aria-label=\"Poprzedni\"><\/button>\n        <button class=\"ep8a-arrow ep8a-next\" id=\"ep8a_249c4014-1a06-464f-88cb-f243c0a4377a_next\" aria-label=\"Nast\u0119pny\"><\/button>\n      <\/div>\n\n      <!-- Stopka: linia + CTA po prawej -->\n      <div class=\"ep8a-bottom\">\n        <span class=\"ep8a-bottomline\"><\/span>\n                  <a class=\"ep8a-cta\" href=\"https:\/\/8a.pl\/meindl\" target=\"_self\" rel=\"nofollow noopener noreferrer\">\n            ZOBACZ BUTY MEINDL          <\/a>\n              <\/div>\n    <\/section>\n\n\t<script>\n\tdocument.addEventListener(\"DOMContentLoaded\", function(){\n\t  if (typeof Swiper === \"undefined\") return;\n\n\t  const sel    = \"#ep8a_249c4014-1a06-464f-88cb-f243c0a4377a_swiper\";\n\t  const prevEl = \"#ep8a_249c4014-1a06-464f-88cb-f243c0a4377a_prev\";\n\t  const nextEl = \"#ep8a_249c4014-1a06-464f-88cb-f243c0a4377a_next\";\n\n\t  \/\/ 1) Zainicjuj Swiper od razu \u2013 nie czekaj na wszystkie obrazy\n\t  let sw = new Swiper(sel, {\n\t\tloop: true,\n\t\tspaceBetween: 24,\n\t\tslidesPerView: 1,\n\t\troundLengths: true,\n\t\tobserver: true,\n\t\tobserveParents: true,\n\t\tresizeObserver: true,\n\t\tpreloadImages: true,\n\t\tupdateOnWindowResize: true,\n\t\tlazy: { loadOnTransitionStart: true, loadPrevNext: true, loadPrevNextAmount: 2 },\n\t\twatchSlidesProgress: true,\n\t\twatchSlidesVisibility: true,\n\t\tnavigation: { nextEl, prevEl },\n\t\tbreakpoints: {\n\t\t  320:  { slidesPerView: 2 },\n\t\t  720:  { slidesPerView: 3 },\n\t\t  1200: { slidesPerView: 4 }\n\t\t},\n\t\ton: {\n\t\t  imagesReady() { try { sw.update(); } catch(e){} },\n\t\t  afterInit()   { try { sw.update(); } catch(e){} }\n\t\t}\n\t  });\n\n\t  \/\/ 2) Delikatny \u201enudge\u201d dla przegl\u0105darki: je\u015bli obraz jest w DOM i ma src, popro\u015b o decode\n\t  const imgs = document.querySelectorAll(sel + \" .ep8a-img\");\n\t  imgs.forEach((img) => {\n\t\tif (img.complete) {\n\t\t  if (img.decode) { img.decode().catch(()=>{}).finally(()=> sw && sw.update()); }\n\t\t} else {\n\t\t  img.addEventListener(\"load\",  () => { if (img.decode) { img.decode().catch(()=>{}).finally(()=> sw && sw.update()); } else { sw && sw.update(); } }, { once:true });\n\t\t  img.addEventListener(\"error\", () => { sw && sw.update(); }, { once:true });\n\t\t}\n\t  });\n\n\t  \/\/ 3) Gdy okno w pe\u0142ni si\u0119 za\u0142aduje, przelicz jeszcze raz\n\t  window.addEventListener(\"load\", () => { sw && sw.update(); });\n\t});\n\t<\/script>\n\n    \n\n\n\n<p class=\"wp-block-paragraph\">Wewn\u0105trz zastosowano wk\u0142adk\u0119 AIR-ACTIVE, kt\u00f3ra dopasowuje si\u0119 do stopy i wspiera komfort podczas d\u0142u\u017cszego chodzenia. W modelu nie zabrak\u0142o r\u00f3wnie\u017c technologii, kt\u00f3re dla wielu s\u0105 ju\u017c standardem w obuwiu trekkingowym. Buty wyposa\u017cono w membran\u0119 GORE-TEX, odpowiadaj\u0105c\u0105 za ochron\u0119 przed wilgoci\u0105 i utrzymanie sucho\u015bci st\u00f3p. Za przyczepno\u015b\u0107 w terenie odpowiada podeszwa Vibram Approach PRO, kt\u00f3ra ma zapewni\u0107 stabilno\u015b\u0107 i przyczepno\u015b\u0107 na zr\u00f3\u017cnicowanym pod\u0142o\u017cu. Zastosowana \u015br\u00f3dpodeszwa z pianki EVA dodatkowo ma za zadanie zwi\u0119kszy\u0107 amortyzacj\u0119, a tym samym komfort podczas marszu.<\/p>\n\n\n\n<p class=\"wp-block-paragraph\"><\/p>\n\n\n<div class=\"wp-block-image\">\n<figure class=\"aligncenter size-full\"><img decoding=\"async\" width=\"600\" height=\"816\" src=\"https:\/\/8a.pl\/8academy\/wp-content\/uploads\/2026\/02\/IMG_7995.webp\" alt=\"Test but\u00f3w Meindl Literock 3.0 GTX\" class=\"wp-image-84289\" srcset=\"https:\/\/8a.pl\/8academy\/wp-content\/uploads\/2026\/02\/IMG_7995.webp 600w, https:\/\/8a.pl\/8academy\/wp-content\/uploads\/2026\/02\/IMG_7995-221x300.webp 221w\" sizes=\"(max-width: 600px) 100vw, 600px\" \/><figcaption class=\"wp-element-caption\">Meindl Literock 3.0 GTX w naturalnym \u015brodowisku. (fot. Dawid Markwica)<\/figcaption><\/figure>\n<\/div>\n\n\n<h2 class=\"wp-block-heading\" id=\"h-pierwsze-spotkanie-z-meindl-literock-3-0-gtx\">Pierwsze spotkanie z Meindl Literock 3.0 GTX<\/h2>\n\n\n\n<p class=\"wp-block-paragraph\">Gdy tylko dotar\u0142a do mnie przesy\u0142ka, nie mog\u0142am si\u0119 powstrzyma\u0107 przed otwarciem pude\u0142ka. Ju\u017c samo opakowanie zach\u0119ca\u0142o, by zajrze\u0107 do \u015brodka.  Na jego tylnej cz\u0119\u015bci producent umie\u015bci\u0142 czyteln\u0105 informacj\u0119 o kategoriach obuwia A-D. To bardzo pomocne rozwi\u0105zanie, szczeg\u00f3lnie dla os\u00f3b rozpoczynaj\u0105cych swoj\u0105 przygod\u0119 z turystyk\u0105 i zastanawiaj\u0105cych si\u0119, jaki typ but\u00f3w b\u0119dzie dla nich odpowiedni. Po wyj\u0119ciu but\u00f3w pierwsza my\u015bl by\u0142a jedna: wow. Wyko\u0144czenie stoi na bardzo wysokim poziomie, a ka\u017cdy detal jest dopracowany, bez niedor\u00f3bek czy przypadkowych element\u00f3w.<\/p>\n\n\n\n<p class=\"wp-block-paragraph\">Ju\u017c na pierwszy rzut oka wida\u0107, \u017ce to para, kt\u00f3ra ma potencja\u0142 przej\u015b\u0107 z nami niejeden szlak. Model Literock 3.0 GTX to ciekawe po\u0142\u0105czenie stylistyki g\u00f3rskiej z nut\u0105 lifestyle\u2019u.  Buty wygl\u0105daj\u0105 technicznie, a jednocze\u015bnie na tyle uniwersalnie, \u017ce nie odstaj\u0105 od codziennego stroju. Du\u017ce wra\u017cenie zrobi\u0142a na mnie tak\u017ce podeszwa, kt\u00f3ra dos\u0142ownie \u201eklei si\u0119\u201d do palc\u00f3w d\u0142oni, a po za\u0142o\u017ceniu but\u00f3w wyra\u017anie czu\u0107 przyczepno\u015b\u0107 nawet na g\u0142adkiej pod\u0142odze. To zdecydowany plus w kontek\u015bcie trakcji w terenie. Pojawi\u0142a si\u0119 jednak naturalna obawa &#8211; czy podeszwa nie zacznie si\u0119 szybko \u015bciera\u0107 przy pierwszych wyj\u015bciach w g\u00f3ry?<\/p>\n\n\n\n<p class=\"wp-block-paragraph\"><\/p>\n\n\n<div class=\"wp-block-image\">\n<figure class=\"aligncenter size-full\"><img decoding=\"async\" width=\"600\" height=\"816\" src=\"https:\/\/8a.pl\/8academy\/wp-content\/uploads\/2026\/02\/IMG_8175.webp\" alt=\"Test but\u00f3w Meindl Literock 3.0 GTX\" class=\"wp-image-84285\" srcset=\"https:\/\/8a.pl\/8academy\/wp-content\/uploads\/2026\/02\/IMG_8175.webp 600w, https:\/\/8a.pl\/8academy\/wp-content\/uploads\/2026\/02\/IMG_8175-221x300.webp 221w\" sizes=\"(max-width: 600px) 100vw, 600px\" \/><figcaption class=\"wp-element-caption\">Podeszwa Vibram Approach PRO w praktyce. (fot. Dawid Markwica)<\/figcaption><\/figure>\n<\/div>\n\n\n<h2 class=\"wp-block-heading\" id=\"h-czas-na-test\">Czas na test!<\/h2>\n\n\n\n<p class=\"wp-block-paragraph\">Postanowi\u0142am to sprawdzi\u0107 w praktyce jak najszybciej! Mimo \u017ce warunki pogodowe by\u0142y dalekie od idealnych &#8211; \u015bnieg, niskie temperatury, deszcz i porywisty wiatr &#8211; wybra\u0142am si\u0119 w tych butach na Jur\u0119 Krakowsko-Cz\u0119stochowsk\u0105. Przyznaj\u0119, od razu postawi\u0142am butom wysok\u0105 poprzeczk\u0119.<\/p>\n\n\n\n<p class=\"wp-block-paragraph\">Swoj\u0105 wycieczk\u0119 rozpocz\u0119li\u015bmy w lesie, gdzie zalega\u0142 jeszcze \u015bnieg, miejscami pojawia\u0142o si\u0119 b\u0142oto, ka\u0142u\u017ce, a nawet l\u00f3d. Ju\u017c pierwsze kroki pokaza\u0142y, \u017ce buty dobrze utrzymuj\u0105 komfort termiczny st\u00f3p, mimo niskich temperatur i typowo zimowej aury. \u015awietnie radzi\u0142y sobie zar\u00f3wno na \u015bniegu, jak i w ka\u0142u\u017cach. Nie przemok\u0142y ani razu! Do ko\u0144ca wycieczki stopy pozosta\u0142y suche i ciep\u0142e, co w takich warunkach by\u0142o naprawd\u0119 du\u017cym plusem. Kolejnym etapem naszej wycieczki by\u0142y \u0142\u0105ki i cz\u0119sto bardzo mokre tereny, a mimo to buty wci\u0105\u017c pozostawa\u0142y suche w \u015brodku. Po drodze mijali\u015bmy liczne ska\u0142y, wi\u0119c nie mog\u0142am sobie odm\u00f3wi\u0107 sprawdzenia, jak Literock 3.0 GTX radz\u0105 sobie w trudniejszym, kamienistym terenie.<\/p>\n\n\n\n<p class=\"wp-block-paragraph\"><\/p>\n\n\n<div class=\"wp-block-image\">\n<figure class=\"aligncenter size-full\"><img decoding=\"async\" width=\"600\" height=\"816\" src=\"https:\/\/8a.pl\/8academy\/wp-content\/uploads\/2026\/02\/IMG_8152.webp\" alt=\"Test but\u00f3w trekkingowych Meindl Literock 3.0 GTX.\" class=\"wp-image-84283\" srcset=\"https:\/\/8a.pl\/8academy\/wp-content\/uploads\/2026\/02\/IMG_8152.webp 600w, https:\/\/8a.pl\/8academy\/wp-content\/uploads\/2026\/02\/IMG_8152-221x300.webp 221w\" sizes=\"(max-width: 600px) 100vw, 600px\" \/><figcaption class=\"wp-element-caption\">Meindl Literock 3.0 GTX w akcji \u2013 pewny krok na mokrych ska\u0142ach i le\u015bnych \u015bcie\u017ckach. (fot. Dawid Markwica)<\/figcaption><\/figure>\n<\/div>\n\n\n<p class=\"wp-block-paragraph\">Niekt\u00f3re fragmenty by\u0142y mokre i wy\u015blizgane, jednak dzi\u0119ki podeszwie Vibram Approach buty poradzi\u0142y sobie naprawd\u0119 dobrze. Trzyma\u0142y si\u0119 pod\u0142o\u017ca pewnie, nawet w tych wymagaj\u0105cych warunkach. Tras\u0119 zako\u0144czyli\u015bmy dopiero wieczorem, a buty towarzyszy\u0142y mi przez ca\u0142y dzie\u0144. Po wycieczce stopy pozosta\u0142y suche &#8211; membrana GORE-TEX w pe\u0142ni wywi\u0105za\u0142a si\u0119 ze swojego zadania. Wk\u0142adka AIR-ACTIVE idealnie dopasowuje si\u0119 do stopy, co przy tak d\u0142ugiej trasie okaza\u0142o si\u0119 ogromnym atutem. Przesz\u0142am w nich wiele kilometr\u00f3w, a stopy nie by\u0142y zm\u0119czone. Cholewka z po\u0142\u0105czenia zamszu i siateczki sprawdzi\u0142a si\u0119 znakomicie &#8211; stopa nie przegrzewa si\u0119 ani nie marznie, niezale\u017cnie od warunk\u00f3w. To naprawd\u0119 udane po\u0142\u0105czenie wygody i funkcjonalno\u015bci.<\/p>\n\n\n\n<h2 class=\"wp-block-heading\" id=\"h-meindl-literock-3-0-gtx-na-lesnych-sciezkach\">Meindl Literock 3.0 GTX na le\u015bnych \u015bcie\u017ckach<\/h2>\n\n\n\n<p class=\"wp-block-paragraph\">Producent deklaruje \u017ce buty \u015bwietnie sprawdz\u0105 si\u0119 tak\u017ce w codziennym u\u017cytkowaniu, dlatego postanowi\u0142am przetestowa\u0107 je podczas codziennego spaceru w lesie z moim psem. M\u00f3j pies nie nale\u017cy do tych \u201eu\u0142o\u017conych\u201d, jest bardzo ruchliwy i ciekawy \u015bwiata, wi\u0119c potrzebowa\u0142am obuwia, kt\u00f3re nie boi si\u0119 b\u0142ota ani wody. Tutaj r\u00f3wnie\u017c Meindl Literock 3.0 GTX w pe\u0142ni mnie nie zawiod\u0142y. Tak samo jak podczas g\u00f3rskiej wycieczki, buty \u015bwietnie poradzi\u0142y sobie podczas spaceru w lesie. Membrana dzia\u0142a bez zarzutu, komfort termiczny jest doskona\u0142y w obecnych temperaturach, a stopa czuje si\u0119 w nich pewnie i wygodnie przez ca\u0142y czas spaceru.<\/p>\n\n\n\n<p class=\"wp-block-paragraph\"><\/p>\n\n\n<div class=\"wp-block-image\">\n<figure class=\"aligncenter size-full\"><img loading=\"lazy\" decoding=\"async\" width=\"600\" height=\"816\" src=\"https:\/\/8a.pl\/8academy\/wp-content\/uploads\/2026\/02\/IMG_8007.webp\" alt=\"Test but\u00f3w trekkingowych Meindl Literock 3.0 GTX\" class=\"wp-image-84281\" srcset=\"https:\/\/8a.pl\/8academy\/wp-content\/uploads\/2026\/02\/IMG_8007.webp 600w, https:\/\/8a.pl\/8academy\/wp-content\/uploads\/2026\/02\/IMG_8007-221x300.webp 221w\" sizes=\"(max-width: 600px) 100vw, 600px\" \/><figcaption class=\"wp-element-caption\">Nie tylko g\u00f3ry \u2013 Literock 3.0 GTX sprawdzaj\u0105 si\u0119 te\u017c na zwyk\u0142ej, le\u015bnej \u015bcie\u017cce. (fot. Dawid Markwica)<\/figcaption><\/figure>\n<\/div>\n\n\n<h2 class=\"wp-block-heading\" id=\"h-meindl-literock-3-0-gtx-w-praktyce\">Meindl Literock 3.0 GTX w praktyce<\/h2>\n\n\n\n<p class=\"wp-block-paragraph\">Buty Meindl Literock 3.0 GTX to propozycja dla os\u00f3b, kt\u00f3re stawiaj\u0105 wysokie wymagania wobec swojego obuwia trekkingowego. Ten model zosta\u0142 zaprojektowany tak, aby sprawdzi\u0107 si\u0119 w niemal ka\u017cdych warunkach &#8211; od deszczu i \u015bniegu po niskie temperatury. Dzi\u0119ki temu jest idealnym wyborem zar\u00f3wno dla pocz\u0105tkuj\u0105cych turyst\u00f3w, jak i dla os\u00f3b szukaj\u0105cych niezawodnych but\u00f3w do codziennego u\u017cytkowania w terenie. Jednym z najwi\u0119kszych atut\u00f3w Literock 3.0 GTX jest po\u0142\u0105czenie tradycji z nowoczesnymi technologiami. Cholewka wykonana z zamszu i siateczki zapewnia optymalny balans mi\u0119dzy trwa\u0142o\u015bci\u0105 a wentylacj\u0105. Wk\u0142adka AIR-ACTIVE doskonale dopasowuje si\u0119 do stopy, zapewniaj\u0105c komfort nawet podczas d\u0142ugich w\u0119dr\u00f3wek.<\/p>\n\n\n\n<p class=\"wp-block-paragraph\">Nie mo\u017cna te\u017c pomin\u0105\u0107 membrany GORE-TEX, kt\u00f3ra skutecznie chroni stopy przed wilgoci\u0105. W moich testach zar\u00f3wno na \u015bniegu, mokrych \u0142\u0105kach, jak i w ka\u0142u\u017cach, buty pozosta\u0142y ca\u0142kowicie suche. Dzi\u0119ki temu komfort termiczny st\u00f3p by\u0142 zachowany przez ca\u0142y dzie\u0144. Kolejnym mocnym punktem jest podeszwa Vibram Approach PRO. Ju\u017c podczas pierwszych krok\u00f3w w domu czu\u0107 by\u0142o, \u017ce guma \u015bwietnie trzyma si\u0119 pod\u0142o\u017ca, a w terenie zapewnia\u0142a pewn\u0105 przyczepno\u015b\u0107 nawet na mokrych, wy\u015blizganych ska\u0142ach i nier\u00f3wnym terenie. Dodatkowy \u015br\u00f3dpodeszwa z pianki EVA odpowiada za mi\u0119kk\u0105 amortyzacj\u0119, co zwi\u0119ksza komfort marszu i zmniejsza zm\u0119czenie st\u00f3p na d\u0142u\u017cszych dystansach.<\/p>\n\n\n\n<p class=\"wp-block-paragraph\"><\/p>\n\n\n<div class=\"wp-block-image\">\n<figure class=\"aligncenter size-full\"><img loading=\"lazy\" decoding=\"async\" width=\"600\" height=\"816\" src=\"https:\/\/8a.pl\/8academy\/wp-content\/uploads\/2026\/02\/IMG_7997.webp\" alt=\"Test Meindl Literock 3.0 GTX \" class=\"wp-image-84280\" srcset=\"https:\/\/8a.pl\/8academy\/wp-content\/uploads\/2026\/02\/IMG_7997.webp 600w, https:\/\/8a.pl\/8academy\/wp-content\/uploads\/2026\/02\/IMG_7997-221x300.webp 221w\" sizes=\"(max-width: 600px) 100vw, 600px\" \/><figcaption class=\"wp-element-caption\">Le\u015bny sprawdzian w zimowej aurze \u2013 stabilno\u015b\u0107, amortyzacja i sucha stopa przez ca\u0142y dzie\u0144. (fot. Dawid Markwica)<\/figcaption><\/figure>\n<\/div>\n\n\n<p class=\"wp-block-paragraph\">Co wa\u017cne, model Literock 3.0 GTX sprawdza si\u0119 nie tylko w g\u00f3rach, ale r\u00f3wnie\u017c na codziennych spacerach. Podczas le\u015bnych w\u0119dr\u00f3wek z psem buty \u015bwietnie radzi\u0142y sobie w b\u0142ocie, po ka\u0142u\u017cach, jednocze\u015bnie pozostaj\u0105c suche w \u015brodku. To dow\u00f3d na to, \u017ce buty s\u0105 naprawd\u0119 wszechstronne i mog\u0105 pe\u0142ni\u0107 rol\u0119 zar\u00f3wno sprz\u0119tu trekkingowego, jak i wygodnego obuwia na co dzie\u0144.<\/p>\n\n\n\n<h2 class=\"wp-block-heading\" id=\"h-meindl-literock-3-0-gtx-dla-kogo\">Meindl Literock 3.0 GTX &#8211; dla kogo?<\/h2>\n\n\n\n<p class=\"wp-block-paragraph\">Podsumowuj\u0105c, Meindl Literock 3.0 GTX to model dla u\u017cytkownik\u00f3w wymagaj\u0105cych niezawodno\u015bci i komfortu w ka\u017cdych warunkach. Doskonale sprawdzi si\u0119 w trudnym terenie, deszczu, \u015bniegu czy niskich temperaturach, a przy tym jest wygodny, lekki i trwa\u0142y. To idealna propozycja zar\u00f3wno dla pocz\u0105tkuj\u0105cych g\u00f3ro\u0142az\u00f3w, jak i os\u00f3b szukaj\u0105cych sprawdzonego, wszechstronnego obuwia na co dzie\u0144. Te buty po prostu zostaj\u0105 u mnie. Sprawdzi\u0142y si\u0119 w trudnych warunkach, a przy okazji s\u0105 na tyle wygodne, \u017ce spokojnie mog\u0119 w nich chodzi\u0107 na co dzie\u0144. Ciekawi mnie, jak poradz\u0105 sobie w cieplejszych warunkach.<\/p>\n\n\n\n<p class=\"wp-block-paragraph\"><\/p>\n\n\n\n<div class=\"wp-block-columns is-layout-flex wp-container-core-columns-is-layout-8f761849 wp-block-columns-is-layout-flex\">\n<div class=\"wp-block-column is-layout-flow wp-block-column-is-layout-flow\">\n<p class=\"wp-block-paragraph\"><strong>PLUSY<\/strong><\/p>\n\n\n\n<ul class=\"wp-block-list\">\n<li>Wygl\u0105d (po\u0142\u0105czenie codziennej stylistyki z obuwiem trekkignowym)<\/li>\n\n\n\n<li>Wodoodporno\u015b\u0107 &#8211; obecno\u015b\u0107 membrany GORE-TEX<\/li>\n\n\n\n<li>Cholewka (zamsz + siateczka), dobra oddychalno\u015b\u0107 i komfort termiczny<\/li>\n\n\n\n<li>Podeszwa Vibram Approach Pro (dobra przyczepno\u015b\u0107 do pod\u0142o\u017ca)<\/li>\n<\/ul>\n<\/div>\n\n\n\n<div class=\"wp-block-column is-layout-flow wp-block-column-is-layout-flow\">\n<p class=\"wp-block-paragraph\"><strong>MINUSY<\/strong><\/p>\n\n\n\n<ul class=\"wp-block-list\">\n<li>Waga (490g)<\/li>\n<\/ul>\n<\/div>\n<\/div>\n\n\n\n<p class=\"wp-block-paragraph\">Test wykona\u0142a dla Was Paulina Gajdzik.<\/p>\n","protected":false},"excerpt":{"rendered":"<p>Od d\u0142u\u017cszego czasu szuka\u0142am but\u00f3w mo\u017cliwie jak najbardziej wszechstronnych, takich, kt\u00f3re sprawdz\u0105 si\u0119 zar\u00f3wno podczas codziennych, d\u0142u\u017cszych spacer\u00f3w, jak i w ni\u017cszych partiach g\u00f3r. W ko\u0144cu trafi\u0142am na model, kt\u00f3ry idealnie wpisa\u0142 si\u0119 w te potrzeby. W moje r\u0119ce wpad\u0142y buty Meindl Literock 3.0 GTX.<\/p>\n","protected":false},"author":7,"featured_media":84286,"comment_status":"closed","ping_status":"closed","sticky":false,"template":"","format":"standard","meta":{"_acf_changed":false,"_uf_show_specific_survey":0,"_uf_disable_surveys":false,"footnotes":""},"categories":[1],"tags":[26104,26078,26085],"class_list":["post-84267","post","type-post","status-publish","format-standard","has-post-thumbnail","hentry","category-bez-kategorii","tag-caloroczne","tag-test","tag-trekking"],"acf":[],"yoast_head":"<!-- This site is optimized with the Yoast SEO Premium plugin v23.4 (Yoast SEO v25.5) - https:\/\/yoast.com\/wordpress\/plugins\/seo\/ -->\n<title>Test but\u00f3w trekkingowych Meindl Literock 3.0 GTX | 8academy.pl<\/title>\n<meta name=\"description\" content=\"Szukasz nowego modelu podej\u015bciowego? Sprawd\u017a, jak w terenie poradzi\u0142y sobie buty Meindl Literock 3.0 GTX.\" \/>\n<meta name=\"robots\" content=\"index, follow, max-snippet:-1, max-image-preview:large, max-video-preview:-1\" \/>\n<link rel=\"canonical\" href=\"https:\/\/8a.pl\/8academy\/test-butow-trekkingowych-meindl-literock-3-0-gtx\/\" \/>\n<meta property=\"og:locale\" content=\"pl_PL\" \/>\n<meta property=\"og:type\" content=\"article\" \/>\n<meta property=\"og:title\" content=\"Test but\u00f3w trekkingowych Meindl Literock 3.0 GTX \u2013 buty, kt\u00f3rym nie straszna \u017cadna pogoda\" \/>\n<meta property=\"og:description\" content=\"Szukasz nowego modelu podej\u015bciowego? Sprawd\u017a, jak w terenie poradzi\u0142y sobie buty Meindl Literock 3.0 GTX.\" \/>\n<meta property=\"og:url\" content=\"https:\/\/8a.pl\/8academy\/test-butow-trekkingowych-meindl-literock-3-0-gtx\/\" \/>\n<meta property=\"og:site_name\" content=\"8academy.pl - portal g\u00f3rski i wspinaczkowy dla aktywnych\" \/>\n<meta property=\"article:publisher\" content=\"https:\/\/pl-pl.facebook.com\/sklep8apl\/\" \/>\n<meta property=\"article:published_time\" content=\"2026-02-17T11:51:55+00:00\" \/>\n<meta property=\"article:modified_time\" content=\"2026-02-17T12:00:44+00:00\" \/>\n<meta property=\"og:image\" content=\"https:\/\/8a.pl\/8academy\/wp-content\/uploads\/2026\/02\/Glowne-zdjecie-meindl.webp\" \/>\n\t<meta property=\"og:image:width\" content=\"1800\" \/>\n\t<meta property=\"og:image:height\" content=\"1314\" \/>\n\t<meta property=\"og:image:type\" content=\"image\/webp\" \/>\n<meta name=\"author\" content=\"Redakcja 8Academy\" \/>\n<meta name=\"twitter:card\" content=\"summary_large_image\" \/>\n<meta name=\"twitter:label1\" content=\"Napisane przez\" \/>\n\t<meta name=\"twitter:data1\" content=\"Redakcja 8Academy\" \/>\n\t<meta name=\"twitter:label2\" content=\"Szacowany czas czytania\" \/>\n\t<meta name=\"twitter:data2\" content=\"9 minut\" \/>\n<!-- \/ Yoast SEO Premium plugin. -->","yoast_head_json":{"title":"Test but\u00f3w trekkingowych Meindl Literock 3.0 GTX | 8academy.pl","description":"Szukasz nowego modelu podej\u015bciowego? Sprawd\u017a, jak w terenie poradzi\u0142y sobie buty Meindl Literock 3.0 GTX.","robots":{"index":"index","follow":"follow","max-snippet":"max-snippet:-1","max-image-preview":"max-image-preview:large","max-video-preview":"max-video-preview:-1"},"canonical":"https:\/\/8a.pl\/8academy\/test-butow-trekkingowych-meindl-literock-3-0-gtx\/","og_locale":"pl_PL","og_type":"article","og_title":"Test but\u00f3w trekkingowych Meindl Literock 3.0 GTX \u2013 buty, kt\u00f3rym nie straszna \u017cadna pogoda","og_description":"Szukasz nowego modelu podej\u015bciowego? Sprawd\u017a, jak w terenie poradzi\u0142y sobie buty Meindl Literock 3.0 GTX.","og_url":"https:\/\/8a.pl\/8academy\/test-butow-trekkingowych-meindl-literock-3-0-gtx\/","og_site_name":"8academy.pl - portal g\u00f3rski i wspinaczkowy dla aktywnych","article_publisher":"https:\/\/pl-pl.facebook.com\/sklep8apl\/","article_published_time":"2026-02-17T11:51:55+00:00","article_modified_time":"2026-02-17T12:00:44+00:00","og_image":[{"width":1800,"height":1314,"url":"https:\/\/8a.pl\/8academy\/wp-content\/uploads\/2026\/02\/Glowne-zdjecie-meindl.webp","type":"image\/webp"}],"author":"Redakcja 8Academy","twitter_card":"summary_large_image","twitter_misc":{"Napisane przez":"Redakcja 8Academy","Szacowany czas czytania":"9 minut"},"schema":{"@context":"https:\/\/schema.org","@graph":[{"@type":"Article","@id":"https:\/\/8a.pl\/8academy\/test-butow-trekkingowych-meindl-literock-3-0-gtx\/#article","isPartOf":{"@id":"https:\/\/8a.pl\/8academy\/test-butow-trekkingowych-meindl-literock-3-0-gtx\/"},"author":{"name":"Redakcja 8Academy","@id":"https:\/\/8a.pl\/8academy\/#\/schema\/person\/2e392153a51786e6c3d5ede231b5d2a4"},"headline":"Test but\u00f3w trekkingowych Meindl Literock 3.0 GTX \u2013 buty, kt\u00f3rym nie straszna \u017cadna pogoda","datePublished":"2026-02-17T11:51:55+00:00","dateModified":"2026-02-17T12:00:44+00:00","mainEntityOfPage":{"@id":"https:\/\/8a.pl\/8academy\/test-butow-trekkingowych-meindl-literock-3-0-gtx\/"},"wordCount":1511,"publisher":{"@id":"https:\/\/8a.pl\/8academy\/#organization"},"image":{"@id":"https:\/\/8a.pl\/8academy\/test-butow-trekkingowych-meindl-literock-3-0-gtx\/#primaryimage"},"thumbnailUrl":"https:\/\/8a.pl\/8academy\/wp-content\/uploads\/2026\/02\/Glowne-zdjecie-meindl.webp","keywords":["Ca\u0142oroczne","Test","Trekking"],"inLanguage":"pl-PL"},{"@type":"WebPage","@id":"https:\/\/8a.pl\/8academy\/test-butow-trekkingowych-meindl-literock-3-0-gtx\/","url":"https:\/\/8a.pl\/8academy\/test-butow-trekkingowych-meindl-literock-3-0-gtx\/","name":"Test but\u00f3w trekkingowych Meindl Literock 3.0 GTX | 8academy.pl","isPartOf":{"@id":"https:\/\/8a.pl\/8academy\/#website"},"primaryImageOfPage":{"@id":"https:\/\/8a.pl\/8academy\/test-butow-trekkingowych-meindl-literock-3-0-gtx\/#primaryimage"},"image":{"@id":"https:\/\/8a.pl\/8academy\/test-butow-trekkingowych-meindl-literock-3-0-gtx\/#primaryimage"},"thumbnailUrl":"https:\/\/8a.pl\/8academy\/wp-content\/uploads\/2026\/02\/Glowne-zdjecie-meindl.webp","datePublished":"2026-02-17T11:51:55+00:00","dateModified":"2026-02-17T12:00:44+00:00","description":"Szukasz nowego modelu podej\u015bciowego? Sprawd\u017a, jak w terenie poradzi\u0142y sobie buty Meindl Literock 3.0 GTX.","breadcrumb":{"@id":"https:\/\/8a.pl\/8academy\/test-butow-trekkingowych-meindl-literock-3-0-gtx\/#breadcrumb"},"inLanguage":"pl-PL","potentialAction":[{"@type":"ReadAction","target":["https:\/\/8a.pl\/8academy\/test-butow-trekkingowych-meindl-literock-3-0-gtx\/"]}]},{"@type":"ImageObject","inLanguage":"pl-PL","@id":"https:\/\/8a.pl\/8academy\/test-butow-trekkingowych-meindl-literock-3-0-gtx\/#primaryimage","url":"https:\/\/8a.pl\/8academy\/wp-content\/uploads\/2026\/02\/Glowne-zdjecie-meindl.webp","contentUrl":"https:\/\/8a.pl\/8academy\/wp-content\/uploads\/2026\/02\/Glowne-zdjecie-meindl.webp","width":1800,"height":1314,"caption":"(fot. Paulina Gajdzik)"},{"@type":"BreadcrumbList","@id":"https:\/\/8a.pl\/8academy\/test-butow-trekkingowych-meindl-literock-3-0-gtx\/#breadcrumb","itemListElement":[{"@type":"ListItem","position":1,"name":"Strona g\u0142\u00f3wna","item":"https:\/\/8a.pl\/8academy\/"},{"@type":"ListItem","position":2,"name":"Test but\u00f3w trekkingowych Meindl Literock 3.0 GTX \u2013 buty, kt\u00f3rym nie straszna \u017cadna pogoda"}]},{"@type":"WebSite","@id":"https:\/\/8a.pl\/8academy\/#website","url":"https:\/\/8a.pl\/8academy\/","name":"8academy.pl - portal g\u00f3rski i wspinaczkowy dla aktywnych","description":"8academy to portal g\u00f3rski o wspinaczce, trekkingu i skiturach. Znajdziesz tu porady, testy sprz\u0119tu i opisy najlepszych rejon\u00f3w. Inspirujemy zdobywc\u00f3w!","publisher":{"@id":"https:\/\/8a.pl\/8academy\/#organization"},"potentialAction":[{"@type":"SearchAction","target":{"@type":"EntryPoint","urlTemplate":"https:\/\/8a.pl\/8academy\/?s={search_term_string}"},"query-input":{"@type":"PropertyValueSpecification","valueRequired":true,"valueName":"search_term_string"}}],"inLanguage":"pl-PL"},{"@type":"Organization","@id":"https:\/\/8a.pl\/8academy\/#organization","name":"8academy.pl - portal g\u00f3rski i wspinaczkowy dla aktywnych","url":"https:\/\/8a.pl\/8academy\/","logo":{"@type":"ImageObject","inLanguage":"pl-PL","@id":"https:\/\/8a.pl\/8academy\/#\/schema\/logo\/image\/","url":"https:\/\/8a.pl\/8academy\/wp-content\/uploads\/2015\/11\/logo.png","contentUrl":"https:\/\/8a.pl\/8academy\/wp-content\/uploads\/2015\/11\/logo.png","width":438,"height":315,"caption":"8academy.pl - portal g\u00f3rski i wspinaczkowy dla aktywnych"},"image":{"@id":"https:\/\/8a.pl\/8academy\/#\/schema\/logo\/image\/"},"sameAs":["https:\/\/pl-pl.facebook.com\/sklep8apl\/","https:\/\/www.instagram.com\/8apl\/"]},{"@type":"Person","@id":"https:\/\/8a.pl\/8academy\/#\/schema\/person\/2e392153a51786e6c3d5ede231b5d2a4","name":"Redakcja 8Academy","image":{"@type":"ImageObject","inLanguage":"pl-PL","@id":"https:\/\/8a.pl\/8academy\/#\/schema\/person\/image\/","url":"https:\/\/8a.pl\/8academy\/wp-content\/uploads\/2017\/10\/logo_obrobione_2_150_59ICJ.jpg","contentUrl":"https:\/\/8a.pl\/8academy\/wp-content\/uploads\/2017\/10\/logo_obrobione_2_150_59ICJ.jpg","caption":"Redakcja 8Academy"},"url":"https:\/\/8a.pl\/8academy\/author\/redakcja\/"}]}},"_links":{"self":[{"href":"https:\/\/8a.pl\/8academy\/wp-json\/wp\/v2\/posts\/84267","targetHints":{"allow":["GET"]}}],"collection":[{"href":"https:\/\/8a.pl\/8academy\/wp-json\/wp\/v2\/posts"}],"about":[{"href":"https:\/\/8a.pl\/8academy\/wp-json\/wp\/v2\/types\/post"}],"author":[{"embeddable":true,"href":"https:\/\/8a.pl\/8academy\/wp-json\/wp\/v2\/users\/7"}],"replies":[{"embeddable":true,"href":"https:\/\/8a.pl\/8academy\/wp-json\/wp\/v2\/comments?post=84267"}],"version-history":[{"count":13,"href":"https:\/\/8a.pl\/8academy\/wp-json\/wp\/v2\/posts\/84267\/revisions"}],"predecessor-version":[{"id":84302,"href":"https:\/\/8a.pl\/8academy\/wp-json\/wp\/v2\/posts\/84267\/revisions\/84302"}],"wp:featuredmedia":[{"embeddable":true,"href":"https:\/\/8a.pl\/8academy\/wp-json\/wp\/v2\/media\/84286"}],"wp:attachment":[{"href":"https:\/\/8a.pl\/8academy\/wp-json\/wp\/v2\/media?parent=84267"}],"wp:term":[{"taxonomy":"category","embeddable":true,"href":"https:\/\/8a.pl\/8academy\/wp-json\/wp\/v2\/categories?post=84267"},{"taxonomy":"post_tag","embeddable":true,"href":"https:\/\/8a.pl\/8academy\/wp-json\/wp\/v2\/tags?post=84267"}],"curies":[{"name":"wp","href":"https:\/\/api.w.org\/{rel}","templated":true}]}}