{"id":8366,"date":"2023-05-29T09:00:00","date_gmt":"2023-05-29T07:00:00","guid":{"rendered":"http:\/\/8a.pl\/8academy\/?p=8366"},"modified":"2023-12-19T10:32:01","modified_gmt":"2023-12-19T09:32:01","slug":"ubezpieczenie-na-zagraniczny-wyjazd-w-gory","status":"publish","type":"post","link":"https:\/\/8a.pl\/8academy\/ubezpieczenie-na-zagraniczny-wyjazd-w-gory\/","title":{"rendered":"Ubezpieczenie na zagraniczny wyjazd w g\u00f3ry"},"content":{"rendered":"\n<p class=\"wp-block-paragraph\"><span style=\"font-weight: 400;\">We wst\u0119pie niniejszego artyku\u0142u, pragniemy zaznaczy\u0107, \u017ce tekst ten w \u017caden spos\u00f3b nie jest sponsorowany i wynika jedynie z subiektywnych spostrze\u017ce\u0144. Przed rozpocz\u0119ciem pisania tego artyku\u0142u, zapytali\u015bmy dziesi\u0119ciu wspinaczy o ubezpieczenie w g\u00f3ry. Wymieniono g\u0142\u00f3wnie dwie firmy, kt\u00f3re ostatecznie znalaz\u0142y si\u0119 w tabeli na ko\u0144cu. Poni\u017cszy artyku\u0142 na pewno nie wyczerpuje tematu i z pewno\u015bci\u0105 niejeden z was stwierdzi, i\u017c s\u0105 w Polsce inne produkty ubezpieczeniowe warte zainteresowania. My wybrali\u015bmy wy\u0142\u0105cznie te, kt\u00f3re turystom i wspinaczom najbardziej kojarz\u0105 si\u0119 z g\u00f3rskim ubezpieczeniem wykupywanym z my\u015bl\u0105 o ewentualnej akcji ratowniczej. Co wybierzecie, zale\u017cy ju\u017c od was. My postaramy si\u0119 uporz\u0105dkowa\u0107 informacje, by u\u0142atwi\u0107 wam wyb\u00f3r. A przede wszystkim zach\u0119ci\u0107 do tego, by wybieraj\u0105c si\u0119 w g\u00f3ry za granic\u0119, ubezpieczenie ka\u017cdorazowo wykupi\u0107. Niezale\u017cnie od tego, kt\u00f3r\u0105 opcj\u0119 wybierzecie, ubezpieczenie na zagraniczny wyjazd trzeba mie\u0107 i oby, kiedy ju\u017c b\u0119dzie na szlaku, w og\u00f3le nie by\u0142o wam potrzebne!<\/span><\/p>\n\n\n\n<blockquote class=\"wp-block-quote is-layout-flow wp-block-quote-is-layout-flow\">\n<p class=\"wp-block-paragraph\"><span style=\"font-weight: 400;\">Hoping for the best, but expecting the worst (Maj\u0105c nadziej\u0119 na najlepsze, ale oczekuj\u0105c najgorszego)<br>-Forever Young, Alphaville<\/span>)<\/p>\n<\/blockquote>\n\n\n\n<p class=\"wp-block-paragraph\"><\/p>\n\n\n<div class=\"wp-block-image jakie ubezpieczenie na szlaku? wp-image-8375 size-full is-style-default\">\n<figure class=\"aligncenter size-large\"><img fetchpriority=\"high\" decoding=\"async\" width=\"600\" height=\"900\" src=\"https:\/\/8a.pl\/8academy\/wp-content\/uploads\/2016\/12\/Alpine_FreeriderPro_SideShot_11_Martin-Bissig.jpg\" alt=\"ubezpieczenie w g\u00f3ry\" class=\"wp-image-51630\" srcset=\"https:\/\/8a.pl\/8academy\/wp-content\/uploads\/2016\/12\/Alpine_FreeriderPro_SideShot_11_Martin-Bissig.jpg 600w, https:\/\/8a.pl\/8academy\/wp-content\/uploads\/2016\/12\/Alpine_FreeriderPro_SideShot_11_Martin-Bissig-200x300.jpg 200w\" sizes=\"(max-width: 600px) 100vw, 600px\" \/><figcaption class=\"wp-element-caption\">Wspinaczka, trekking, skitoury &#8211; niezale\u017cnie od dyscypliny ubezpieczenie oszcz\u0119dzi zmartwie\u0144 i koszt\u00f3w (fot. Deuter)<\/figcaption><\/figure>\n<\/div>\n\n\n<h2 class=\"wp-block-heading\" id=\"h-wypadek-w-gorach-i-co-dalej\"><b><strong>Wypadek w g\u00f3rach i co dalej?<\/strong><\/b><\/h2>\n\n\n\n<p class=\"wp-block-paragraph\"><span style=\"font-weight: 400;\">Tym \u201enajgorszym\u201d, z tekstu zacytowanego powy\u017cej fragmentu piosenki, mo\u017ce by\u0107 wypadek w g\u00f3rach.&nbsp;Je\u017celi wypadek mia\u0142 miejsce w Polsce to poszkodowany mia\u0142 ,,szcz\u0119\u015bcie w nieszcz\u0119\u015bciu\u201d\u2013 ratownictwo jest darmowe. Tak jak za darmo przyjedzie karetka czy stra\u017c po\u017carna,&nbsp;tak podczas wypadku w Tatrach- <strong>TOPR<\/strong> podejmie pr\u00f3b\u0119 ratunku adekwatnymi i dost\u0119pnymi \u015brodkami, w tym r\u00f3wnie\u017c \u015bmig\u0142owcem. Koszty leczenia nast\u0119pstw wypadku pokrywane s\u0105&nbsp;w ramach <strong>NFZ<\/strong> (oczywi\u015bcie zak\u0142adamy wariant, \u017ce ka\u017cdy z czytelnik\u00f3w jest ubezpieczony). W Polsce ubezpieczenie w g\u00f3ry nie jest obowi\u0105zkowe. Zawsze jednak mo\u017cna&nbsp;wykupi\u0107 ubezpieczenie nast\u0119pstw nieszcz\u0119\u015bliwych wypadk\u00f3w (NNW) dzia\u0142aj\u0105ce na terytorium kraju i w przypadku z\u0142amanej na szlaku nogi czy r\u0119ki dosta\u0107 ,,par\u0119 z\u0142otych&#8221; odszkodowania.<\/span><\/p>\n\n\n\n<p class=\"wp-block-paragraph\"><span style=\"font-weight: 400;\">W innych krajach nie jest &nbsp;ju\u017c tak r\u00f3\u017cowo. Wystarczy zej\u015b\u0107 tatrza\u0144skim szlakiem na s\u0142owack\u0105 stron\u0119 &#8211; ju\u017c tam panuj\u0105 zgo\u0142a inne zasady. Za ratunek w wi\u0119kszo\u015bci ,,zagranicznych g\u00f3r\u201d zap\u0142aci poszkodowany. Je\u015bli nie on, to ubezpieczyciel lub cz\u0119\u015bciowo pa\u0144stwo. Koszty ratownictwa to jedno, a posiadanie przy sobie wydawanej bezp\u0142atnie karty EKUZ na terenie UE to drugie.<\/span><\/p>\n\n\n\n<p class=\"wp-block-paragraph\"><span style=\"font-weight: 400;\">Wyruszaj\u0105c za granic\u0119 warto mie\u0107 ubezpieczenie w g\u00f3ry, podobnie jak posiadamy je w innych aspektach \u017cycia codziennego. Ubezpieczamy auto, dom, \u017cycie, ale na przyk\u0142ad wybieraj\u0105c si\u0119 w s\u0142owackie Tatry cz\u0119sto bagatelizujemy potrzeb\u0119 posiadania ubezpieczenia albo po prostu o nim zapominamy. A je\u015bli si\u0119 co\u015b stanie, to kto\u015b poszkodowanego musi uratowa\u0107 \u2013 niewa\u017cne czy jest ubezpieczony czy nie. Pocz\u0105tkowo \u015brodki materialne schodz\u0105 na dalszy plan, ale p\u00f3\u017aniej\u2026&nbsp;koszty ratownictwa mog\u0105 by\u0107 naprawd\u0119 du\u017ce.<\/span><\/p>\n\n\n\n<p class=\"wp-block-paragraph\"><\/p>\n\n\n<div class=\"wp-block-image Gorskie ubezpieczenie wp-image-5296 size-full is-style-default\">\n<figure class=\"aligncenter size-large\"><img decoding=\"async\" width=\"600\" height=\"900\" src=\"https:\/\/8a.pl\/8academy\/wp-content\/uploads\/2016\/12\/salewa.jpg\" alt=\"ubezpieczenie w g\u00f3ry\" class=\"wp-image-51629\" srcset=\"https:\/\/8a.pl\/8academy\/wp-content\/uploads\/2016\/12\/salewa.jpg 600w, https:\/\/8a.pl\/8academy\/wp-content\/uploads\/2016\/12\/salewa-200x300.jpg 200w\" sizes=\"(max-width: 600px) 100vw, 600px\" \/><figcaption class=\"wp-element-caption\">W Polsce ratownictwo jest bezp\u0142atne, ale to wyj\u0105tek. Zagranic\u0105 trzeba mie\u0107 ubezpieczenie (fot. Salewa)<\/figcaption><\/figure>\n<\/div>\n\n\n<h2 class=\"wp-block-heading\" id=\"h-koszty-akcji-ratunkowej-w-gorach\"><b>Koszty akcji ratunkowej w g\u00f3rach<\/b><\/h2>\n\n\n\n<p class=\"wp-block-paragraph\"><span style=\"font-weight: 400;\">Na my\u015bl przychodz\u0105 nam dwa wypadki. W pierwszym poszkodowany, mimo posiadania ubezpieczenia, zap\u0142aci\u0142 horrendaln\u0105 kwot\u0119. HZS (s\u0142owacki odpowiednik TOPR&#8217;u) ratowa\u0142a go przez dwa dni. Firma ubezpieczeniowa pokry\u0142a tylko cz\u0119\u015b\u0107 rachunku opiewaj\u0105cego na ponad 33 tysi\u0105ce euro. Warto pami\u0119ta\u0107, \u017ce s\u0142owaccy ratownicy nie s\u0105 tani i wystawiaj\u0105 s\u0142one rachunki.&nbsp;Na pocieszenie nadmienimy, \u017ce ubezpieczyciel (poszkodowany by\u0142 cz\u0142onkiem OeAV i mia\u0142 ich ubezpieczenie) wyp\u0142aci\u0142 ca\u0142\u0105 gwarantowan\u0105 kwot\u0119 przewidzian\u0105 przez ubezpieczenie. O reszt\u0119 s\u0142onego rachunku, jak to bywa w takiej sytuacji, za\u0142o\u017cona zosta\u0142a sprawa s\u0105dowa.<\/span><\/p>\n\n\n\n<p class=\"wp-block-paragraph\"><span style=\"font-weight: 400;\">Zastanawiaj\u0105c si\u0119 nad t\u0105 sytuacj\u0105 nasuwaj\u0105 si\u0119 natychmiast pytania:<\/span><\/p>\n\n\n\n<ul class=\"wp-block-list\">\n<li><span style=\"font-weight: 400;\">kto by dosta\u0142 rachunek w sytuacji krytycznej i \u015bmierci ratowanego \u2013 rodzina?<\/span><\/li>\n\n\n\n<li><span style=\"font-weight: 400;\">na ile opiewa\u0142by rachunek w sytuacji przed\u0142u\u017caj\u0105cej si\u0119 akcji ratowniczej?<\/span><\/li>\n\n\n\n<li><span style=\"font-weight: 400;\">czy wezwanie pomocy jest r\u00f3wnoznaczne z akceptacj\u0105 wszystkich warunk\u00f3w \u201eus\u0142ugi ratowniczej\u201d &#8211; nawet bez ich znajomo\u015bci?<\/span><\/li>\n\n\n\n<li><span style=\"font-weight: 400;\">czy mo\u017cna zakwestionowa\u0107 w\u0105tpliwe pozycje w wystawionym rachunku &#8211; jak przyk\u0142adowo kilometr\u00f3wka &#8211; 2 tysi\u0105ce kilometr\u00f3w autem terenowym? I tak dalej&#8230;<\/span><\/li>\n<\/ul>\n\n\n\n<p class=\"wp-block-paragraph\"><span style=\"font-weight: 400;\">Takich pyta\u0144 i w\u0105tpliwo\u015bci jest du\u017co wi\u0119cej. Taki s\u0142ony rachunek mo\u017ce skutecznie uprzykrzy\u0107 dalsze \u017cycie. Zw\u0142aszcza, \u017ce poszkodowanego mo\u017ce czeka\u0107 kosztowne leczenie i rehabilitacja, kt\u00f3re w \u201edarmowym\u201d NFZ wygl\u0105da r\u00f3\u017cnie.<\/span><\/p>\n\n\n\n<p class=\"wp-block-paragraph\"><span style=\"font-weight: 400;\">W drugim przypadku, a by\u0142o to w Austrii, \u201ezdrowy\u201d kolega zosta\u0142 zabrany razem z poszkodowanym, a ubezpieczyciel (Euro 26 sport) zakwestionowa\u0142 zasadno\u015b\u0107 takiego \u015brodka transportu w g\u00f3rach i, mimo wygranej w s\u0105dzie w pierwszej instancji, przegra\u0142 w drugiej i finalnie zap\u0142aci\u0142 15 tysi\u0119cy z\u0142otych.<\/span><\/p>\n\n\n\n<p class=\"wp-block-paragraph\"><span style=\"font-weight: 400;\">Przynajmniej u nas nie ma takich dylemat\u00f3w, cho\u0107 debata nad obowi\u0105zkowym ubezpieczeniem powraca z ka\u017cdym sezonem letnim i zimowym. Pomys\u0142 finansowania s\u0142u\u017cb ratunkowych z ubezpiecze\u0144 jest powa\u017cnym wyzwaniem. A co w przypadku, gdy liczba wypadk\u00f3w przekroczy zak\u0142adany poziom? Gdyby jednak kto\u015b wymy\u015bli\u0142, \u017ce koszty g\u00f3rskich akcji ratunkowych b\u0119d\u0105 pokrywane wy\u0142\u0105cznie z wp\u0142yw\u00f3w ze sk\u0142adek ubezpieczeniowych, to i tak do utrzymania s\u0142u\u017cb w stanie gotowo\u015bci, pa\u0144stwo musia\u0142oby dop\u0142aca\u0107.<\/span><\/p>\n\n\n\n<p class=\"wp-block-paragraph\"><\/p>\n\n\n<div class=\"wp-block-image Gdzie sie ubezpieczyc jadac w gory? wp-image-8380 size-full is-style-default\">\n<figure class=\"aligncenter size-large\"><img decoding=\"async\" width=\"600\" height=\"900\" src=\"https:\/\/8a.pl\/8academy\/wp-content\/uploads\/2016\/12\/ortovox-1.jpg\" alt=\"ubezpieczenie w g\u00f3ry\" class=\"wp-image-51632\" srcset=\"https:\/\/8a.pl\/8academy\/wp-content\/uploads\/2016\/12\/ortovox-1.jpg 600w, https:\/\/8a.pl\/8academy\/wp-content\/uploads\/2016\/12\/ortovox-1-200x300.jpg 200w\" sizes=\"(max-width: 600px) 100vw, 600px\" \/><figcaption class=\"wp-element-caption\">Ubezpieczenie mo\u017ce by\u0107 roczne lub na konkretny wyjazd (fot. Ortovox)<\/figcaption><\/figure>\n<\/div>\n\n\n<h2 class=\"wp-block-heading\" id=\"h-ubezpieczenie-w-gory-przeglad-ofert\">Ubezpieczenie w g\u00f3ry &#8211; przegl\u0105d ofert<\/h2>\n\n\n\n<p class=\"wp-block-paragraph\"><span style=\"font-weight: 400;\">W Polsce d\u0142ugo brakowa\u0142o ubezpieczenia stricte g\u00f3rskiego. Pr\u00f3by stworzenia ubezpieczenia wynegocjowanego przez PZA z firm\u0105 Compensa spe\u0142z\u0142y finalnie na niczym.<\/span> Poniewa\u017c&nbsp;\u017cycie nie lubi pustki, t\u0119 luk\u0119 wykorzysta\u0142a austriacka organizacja OeAV Alpenverein \u2013 co\u015b mi\u0119dzy PTTK a PZA, przyr\u00f3wnuj\u0105c j\u0105 do naszego podw\u00f3rka. Najpierw, jako sekcja Wiede\u0144 a p\u00f3\u017aniej ju\u017c, jako oddzia\u0142 w Polsce. <span style=\"font-weight: 400;\">Dzi\u015b wi\u0119kszo\u015b\u0107 os\u00f3b aktywnie korzystaj\u0105cych z g\u00f3r decyduje si\u0119 na dwa rozwi\u0105zania: cz\u0142onkostwo w <strong>OeAV Alpenverein<\/strong><\/span> lub ubezpieczenie <strong>PZU Bezpieczny Powr\u00f3t<\/strong> &#8211; efekt wsp\u00f3\u0142pracy PZU i PZA. <\/p>\n\n\n\n<p class=\"wp-block-paragraph\">Zacznijmy od pierwszego z nich. Wiemy, wiemy- &nbsp;nie jest to typowe ubezpieczenie w g\u00f3ry, a op\u0142ata cz\u0142onkowska \/ klubowa w OeAV. Zostali\u015bmy nawet pouczeni przez Manager Projektu Alpenverein Polska Pana Micha\u0142 Dryla, \u017ce: <em>\u201e\u2026informuj\u0119, \u017ce opublikowanie materia\u0142u b\u0119dzie \u015bcigane drog\u0105 s\u0105dowa w Polsce\u2026\u201d<\/em> &nbsp;i \u017ce nie mo\u017cemy o tym \u201eprodukcie\u201d pisa\u0107, jako o ubezpieczeniu i zestawia\u0107 go czy por\u00f3wnywa\u0107 z innymi ofertami firm ubezpieczeniowych. <\/p>\n\n\n\n<p class=\"wp-block-paragraph\">Podkre\u015blamy zatem &#8211; <span style=\"font-weight: 400;\">OeAV Alpenverein<\/span> jest przede wszystkim cz\u0142onkostwem w austriackim klubie a ubezpieczenie jest tylko darmowym dodatkiem. W ramach op\u0142aconej sk\u0142adki cz\u0142onkowskiej, otrzymujemy tak\u017ce zni\u017cki w schroniskach, upusty na mapy, przewodniki itd. Ale z drugiej strony, nie oszukujmy si\u0119: wiele os\u00f3b op\u0142aca t\u0119 sk\u0142adk\u0119 tylko lub zw\u0142aszcza dla tego \u201edodatku\u201d. Oczywi\u015bcie to ubezpieczenie dzia\u0142a i nawet s\u0142yszeli\u015bmy o szybkim zabiegu rekonstrukcji ACL w Austrii na koszt ubezpieczyciela. <\/p>\n\n\n\n<p class=\"wp-block-paragraph\">Trzeba tutaj zaznaczy\u0107, i\u017c w razie wypadku kontakt odbywa si\u0119 w j\u0119zyku niemieckim b\u0105d\u017a angielskim. Nie sprawdzali\u015bmy innych j\u0119zyk\u00f3w, ale nie uzyskamy pomocy w j\u0119zyku polskim. Wymagana jest wi\u0119c dobra znajomo\u015b\u0107 j\u0119zyka obcego, poniewa\u017c pytania s\u0105 szczeg\u00f3\u0142owe. Unikniemy tego problemu wykupuj\u0105c ubezpieczenie u polskiego ubezpieczyciela (czy w polskim oddziale). Mamy na przyk\u0142ad bardzo dobre do\u015bwiadczenie z Generali, kt\u00f3re sprawdza si\u0119 na nartach, czy turystycznych wyjazdach. Nawiasem m\u00f3wi\u0105c, OeAV ma umow\u0119 w\u0142a\u015bnie z Generali.<\/p>\n\n\n\n<p class=\"wp-block-paragraph\"><span style=\"font-weight: 400;\">Ceny ubezpiecze\u0144 na dany kraj oraz wybrany okres czasu potrafi\u0105 by\u0107 bardzo r\u00f3\u017cne u poszczeg\u00f3lnych ubezpieczycieli, poza tym stawki mog\u0105 si\u0119 zmienia\u0107 w zale\u017cno\u015bci od bie\u017c\u0105cej sytuacji w danym kraju. <\/span><\/p>\n\n\n\n<ul class=\"wp-block-list\">\n<li><span style=\"font-weight: 400;\">je\u015bli chodzi o S\u0142owacj\u0119 to mo\u017cna wybra\u0107 ubezpieczenie <a href=\"https:\/\/www.union.sk\/poistenie-do-hor\/\" target=\"_blank\" rel=\"noreferrer noopener\">union.sk<\/a>. Ma pewn\u0105 du\u017c\u0105 zalet\u0119 &#8211; ubezpieczenie mo\u017cna r\u00f3wnie\u017c wykupi\u0107 na pojedyncze dni. Istnieje r\u00f3wnie\u017c mo\u017cliwo\u015b\u0107 przynale\u017cno\u015bci do JAMES, czyli do stowarzyszenia wspinaczy ze S\u0142owacji \u2013 odpowiednika PZA w Polsce. Za cen\u0119 sk\u0142adki dostajemy zni\u017cki do 50 % w schroniskach s\u0142owackich \u2013 analogicznie jak w przypadku OeAV w Austrii.<\/span><\/li>\n\n\n\n<li>ciekawym ubezpieczeniem jest <a href=\"https:\/\/szlakibezgranic.pl\/\" target=\"_blank\" rel=\"noreferrer noopener\">PZU Szlaki Bez Granic<\/a> obejmuj\u0105ce zakresem polskie g\u00f3ry i pas przygraniczny 30km. Obejmuje ponad 30 dyscyplin i dzia\u0142a r\u00f3wnie\u017c na \u015bciankach wspiaczkowych.<\/li>\n\n\n\n<li>Warto si\u0119 r\u00f3wnie\u017c zainteresowa\u0107 <a href=\"https:\/\/www.ergo-ubezpieczeniapodrozy.pl\/\" target=\"_blank\" rel=\"noreferrer noopener\">ubezpieczeniami turystycznymi firmy ERGO HESTIA<\/a>. Cho\u0107 nie s\u0105 to typowe ubezpieczenia stricte g\u00f3rskie, maj\u0105 du\u017co r\u00f3\u017cnych mo\u017cliwo\u015bci.<\/li>\n\n\n\n<li>mo\u017cna r\u00f3wnie\u017c wykupi\u0107 kart\u0119 <a href=\"https:\/\/euro26.pl\/kup-karte\/\" target=\"_blank\" rel=\"noreferrer noopener\">Euro 26 sport,<\/a>&nbsp;ale jest to propozycja dla \u201em\u0142odzie\u017cy\u201d czyli os\u00f3b do 30 roku \u017cycia<\/li>\n\n\n\n<li>koszty ubezpiecze\u0144 na dany wyjazd i okres czasu mo\u017cna szybko sprawdzi\u0107 korzystaj\u0105c z wyszukiwarki <a href=\"https:\/\/kalkulator.polisaturystyczna.pl\/kalkulator\/ubezpieczenia-turystyczne\" target=\"_blank\" rel=\"noreferrer noopener\">polisaturystyczna.pl<\/a> lub <a href=\"https:\/\/rankomat.pl\/\" target=\"_blank\" rel=\"noreferrer noopener\">rankomat.pl<\/a><\/li>\n<\/ul>\n\n\n\n<p class=\"wp-block-paragraph\"><\/p>\n\n\n<div class=\"wp-block-image Gdzie ubezpieczyc sie na wyjazd w gory? wp-image-8377 size-full is-style-default\">\n<figure class=\"aligncenter size-large\"><img loading=\"lazy\" decoding=\"async\" width=\"600\" height=\"900\" src=\"https:\/\/8a.pl\/8academy\/wp-content\/uploads\/2016\/12\/MM_STLABS_Salewa_Eline_Dolomites_5651-2.jpg\" alt=\"ubezpieczenie w g\u00f3ry\" class=\"wp-image-51631\" srcset=\"https:\/\/8a.pl\/8academy\/wp-content\/uploads\/2016\/12\/MM_STLABS_Salewa_Eline_Dolomites_5651-2.jpg 600w, https:\/\/8a.pl\/8academy\/wp-content\/uploads\/2016\/12\/MM_STLABS_Salewa_Eline_Dolomites_5651-2-200x300.jpg 200w\" sizes=\"(max-width: 600px) 100vw, 600px\" \/><figcaption class=\"wp-element-caption\">Ceny ubezpiecze\u0144 g\u00f3rskich wahaj\u0105 si\u0119 od kilkuset do kilku tysi\u0119cy pln (fot. Salewa)<\/figcaption><\/figure>\n<\/div>\n\n\n<h2 class=\"wp-block-heading\" id=\"h-ubezpieczenie-na-zagraniczny-wyjazd-w-gory-na-co-zwrocic-uwage\"><b>Ubezpieczenie na zagraniczny wyjazd w g\u00f3ry &#8211; na co zwr\u00f3ci\u0107 uwag\u0119<\/b><\/h2>\n\n\n\n<p class=\"wp-block-paragraph\"><span style=\"font-weight: 400;\">W wielu firmach mo\u017cna samemu p\u0142ynnie ustali\u0107 wysoko\u015b\u0107 sumy gwarancyjnej dla koszt\u00f3w leczenia (KL) i assistance. Wiadomo, im wy\u017csze koszty leczenia, tym wy\u017csza sk\u0142adka. Warto zwr\u00f3ci\u0107 uwag\u0119 i starannie wybra\u0107 w\u0142a\u015bciw\u0105 opcj\u0119, kt\u00f3ra uwzgl\u0119dnia wspinaczk\u0119 czy jazd\u0119 na nartach, czyli zazwyczaj rozszerzenie na sporty wysokiego ryzyka czy tzw. sporty ekstremalne. Warto zwr\u00f3ci\u0107 uwag\u0119 na <\/span><i><span style=\"font-weight: 400;\">assistance &#8211; <\/span><\/i><span style=\"font-weight: 400;\">czy opcja, kt\u00f3r\u0105 wybrali\u015bmy zawiera pokrycie koszt\u00f3w akcji poszukiwawczej i ratowniczej oraz jaki jest g\u00f3rny limit finansowania takiej akcji. Wielu ubezpieczycieli proponuje te\u017c wykup dodatkowych opcji np. ubezpieczenie baga\u017cu czy sprz\u0119tu sportowego.&nbsp;Zwracajmy r\u00f3wnie\u017c uwag\u0119 na wysoko\u015b\u0107 OC. W razie poszkodowania osoby trzeciej, mo\u017cemy liczy\u0107 si\u0119 z pozwem odszkodowawczym. M\u00f3wimy tu o du\u017cych kwotach.&nbsp;<\/span><\/p>\n\n\n\n<p class=\"wp-block-paragraph\"><span style=\"font-weight: 400;\">Oczywi\u015bcie nie musimy od razu wykupywa\u0107 ubezpieczenia ca\u0142orocznego. Mo\u017cemy kupowa\u0107 ubezpieczenie ka\u017cdorazowo na kr\u00f3tsze wyjazdy (np. kilka dni) i wtedy jest to wygodne i ta\u0144sze rozwi\u0105zanie. Oczywi\u015bcie trzeba o tym pami\u0119ta\u0107, a pami\u0119\u0107 p\u0142ata figle i uaktywnia si\u0119 w czasie podr\u00f3\u017cy w g\u00f3ry \u2013 tej bez ubezpieczenia<\/span>.<\/p>\n\n\n\n<p class=\"wp-block-paragraph\"><span style=\"font-weight: 400;\">Warto tak\u017ce pami\u0119ta\u0107, \u017ce generalnie ubezpieczenie nie dzia\u0142a w przypadku pracy za granic\u0105. Wybieraj\u0105c si\u0119 do pracy za granic\u0119, trzeba wykupi\u0107 ubezpieczenie, kt\u00f3re zawiera takie rozszerzenie zakresu podstawowej ochrony. Instruktorzy PZA szkol\u0105cy poza granicami Polski &#8211;&nbsp;chocia\u017cby w Tatrach s\u0142owackich- powinni o tym pami\u0119ta\u0107. <\/span><\/p>\n\n\n\n<p class=\"wp-block-paragraph\"><span style=\"font-weight: 400;\">Trzeba te\u017c pami\u0119ta\u0107, \u017ce ubezpieczenie NNW, kt\u00f3re zwykle sprzedawane jest razem z KL nie dzia\u0142a na terenie Polski. Ochrona ubezpieczeniowa rozpoczyna si\u0119 z chwil\u0105 przekroczenia granicy.<\/span><\/p>\n\n\n\n<p class=\"wp-block-paragraph\"><\/p>\n\n\n<div class=\"wp-block-image G\u00f3ry - jaka polisa? wp-image-8379 size-large is-style-default\">\n<figure class=\"aligncenter\"><img loading=\"lazy\" decoding=\"async\" width=\"600\" height=\"900\" src=\"https:\/\/8a.pl\/8academy\/wp-content\/uploads\/2016\/12\/salewa2.jpg\" alt=\"\" class=\"wp-image-51633\" srcset=\"https:\/\/8a.pl\/8academy\/wp-content\/uploads\/2016\/12\/salewa2.jpg 600w, https:\/\/8a.pl\/8academy\/wp-content\/uploads\/2016\/12\/salewa2-200x300.jpg 200w\" sizes=\"(max-width: 600px) 100vw, 600px\" \/><figcaption class=\"wp-element-caption\">By m\u00f3c pracowa\u0107 w g\u00f3rach, np. jako przewodnik potrzebne jest oddzielne ubezpiecznie (fot. Salewa)<\/figcaption><\/figure>\n<\/div>\n\n\n<h2 class=\"wp-block-heading\" id=\"h-ubezpieczenia-w-gory-porownanie\"><b>Ubezpieczenia w g\u00f3ry- por\u00f3wnanie<\/b><\/h2>\n\n\n\n<p class=\"wp-block-paragraph\"><span style=\"font-weight: 400;\">W ko\u0144cowym zestawieniu przedstawiamy propozycje dw\u00f3ch firm: <\/span><\/p>\n\n\n\n<ul class=\"wp-block-list\">\n<li><span style=\"font-weight: 400;\"><strong>OeAV, kt\u00f3re jest dodatkiem do cz\u0142onkostwa<\/strong><\/span><strong><span style=\"font-weight: 400;\"> <\/span><\/strong><\/li>\n\n\n\n<li><span style=\"font-weight: 400;\"><strong>PZU Bezpieczny Powr\u00f3t utworzone wsp\u00f3lnie z PZA<\/strong><\/span><\/li>\n<\/ul>\n\n\n\n<p class=\"wp-block-paragraph\">To dlatego, \u017ce tylko te dwie opcje mo\u017cna nazwa\u0107 ubezpieczeniami stricte g\u00f3rskimi &#8211; dzia\u0142aj\u0105cymi prawie na ca\u0142ym \u015bwiecie i tak\u017ce w g\u00f3rach wysokich. Pozosta\u0142e rozwi\u0105zania, cho\u0107 obejmuj\u0105 turystyk\u0119 g\u00f3rsk\u0105 a nawet sporty ekstremalne, to raczej ubezpieczenia turystyczne. <span style=\"font-weight: 400;\">Poni\u017csze dane maj\u0105 charakter informacyjny i mog\u0105 si\u0119 zmieni\u0107.&nbsp;Przed wykupieniem polisy zawsze nale\u017cy przeczyta\u0107 aktualne Og\u00f3lne Warunki Ubezpieczenia (OWU).<\/span> <\/p>\n\n\n\n<p class=\"wp-block-paragraph\"><\/p>\n\n\n\n<figure class=\"wp-block-table is-style-stripes\"><table><thead><tr><td>&nbsp;<\/td><td><span style=\"font-weight: 400;\">Generali SA<\/span> <p><span style=\"font-weight: 400;\">Alpenverein<\/span><\/p> <\/td><td><span style=\"font-weight: 400;\">PZU SA<\/span> <p><span style=\"font-weight: 400;\">Bezpieczny powr\u00f3t<\/span><\/p> <\/td><\/tr><\/thead><tbody><tr><td><span style=\"font-weight: 400;\">Cena<\/span><\/td><td><b>Jest to op\u0142ata klubowa z pakietem ubezpieczenia.<br><\/b><span style=\"font-weight: 400;\">Indywidualnie<br><\/span><span style=\"font-family: inherit; font-size: inherit; line-height: 1.5;\">28-64 lat &#8211; 300 z\u0142<br><\/span><span style=\"font-weight: 400;\">Studenci, Seniorzy &#8211; 250 z\u0142<br>Dzieci do 18 roku \u017cycia &#8211; 150 z\u0142<br>Rodzinny &#8211; 550 z\u0142 <\/span><\/td><td><span style=\"font-weight: 400;\"><strong>Dla cz\u0142onk\u00f3w PZA:<\/strong><br><\/span><span style=\"font-weight: 400;\">Indywidualny -220 z\u0142,<br><\/span><span style=\"font-weight: 400;\">Partnerski &#8211; 352 z\u0142,<br><\/span><span style=\"font-weight: 400;\">Rodzinny &#8211; 363 z\u0142,<br><\/span><span style=\"font-weight: 400;\">M\u0142odzie\u017cowy &#8211; 110 z\u0142,<br><\/span><span style=\"font-weight: 400;\"><strong>Pozostali:<\/strong><br><\/span><span style=\"font-weight: 400;\">Indywidualny &#8211; 253 z\u0142,<br><\/span><span style=\"font-weight: 400;\">Partnerski &#8211; 405 z\u0142,<br><\/span><span style=\"font-weight: 400;\">Rodzinny &#8211; 418 z\u0142,<br><\/span><span style=\"font-weight: 400;\">M\u0142odzie\u017cowy &#8211; 127 z\u0142<br><\/span><strong>Pakiet&nbsp;<\/strong><span style=\"font-weight: 400;\"><strong>Rozszerzony<br>Indywidualny:<\/strong><br>PZA &#8211; 453 z\u0142,<br>Pozostali &#8211; 521 z\u0142<\/span><\/td><\/tr><tr><td><span style=\"font-weight: 400;\">Okres<br><\/span><span style=\"font-weight: 400;\">ubezpieczenia<\/span><\/td><td><span style=\"font-weight: 400;\">Zawsze<br><\/span><span style=\"font-family: inherit; font-size: inherit; line-height: 1.5;\">01 stycze\u0144 &#8211; 31 grudzie\u0144<\/span><\/td><td><span style=\"font-weight: 400;\">12 miesi\u0119cy<br>pocz\u0105tek ubezpieczenia<br>dopasowany do<br>potrzeby klienta<\/span><\/td><\/tr><tr><td><span style=\"font-weight: 400;\">Zakres<br><\/span><span style=\"font-weight: 400;\">terytorialny<\/span><\/td><td><span style=\"font-weight: 400;\">\u015awiat z wy\u0142\u0105czeniem<br>Arktyki, Antarktydy,<br>Grenlandii.<br>Tereny le\u017c\u0105ce do wys.<br>6000 m. n.p.m.<br>OC i Ochrona Prawna<br>&#8211; ochrona ubezpieczeniowa<br>obejmuje&nbsp;<\/span><span style=\"font-family: inherit; font-size: inherit; line-height: 1.5;\">Europ\u0119<br>\u0142\u0105cznie z wyspami<br><\/span><span style=\"font-weight: 400;\">Morza \u015ar\u00f3dziemnego<br>(za wyj\u0105tkiem wysp<br>Oceanu Atlantyckiego,<br>Islandii,<\/span><span style=\"font-family: inherit; font-size: inherit; line-height: 1.5;\">Grenlandii,<br>Spitsbergenu<\/span><span style=\"font-weight: 400;\"> oraz<br>azjatyckiej cz\u0119\u015bci Turcji<br>i WNP)<\/span><\/td><td><span style=\"font-weight: 400;\">\u015awiat z wy\u0142\u0105czeniem<br>Arktyki, Antarktydy,<br>Grenlandii.<br>Tereny le\u017c\u0105ce<br>do wysoko\u015bci<br>6000 m. n.p.m.<\/span> <\/td><\/tr><tr><td><span style=\"font-weight: 400;\">Potwierdzenie<br><\/span><span style=\"font-weight: 400;\">ochrony<\/span><\/td><td><span style=\"font-weight: 400;\">Karta <\/span><span style=\"font-weight: 400;\">wysy\u0142ana przesy\u0142k\u0105 pocztow\u0105 + karta wys\u0142ana elektronicznie w formie PDF<\/span><\/td><td><span style=\"font-weight: 400;\">Polisa elektroniczna<br>wysy\u0142ana na maila<br>+ karta wysy\u0142ana<br>przesy\u0142k\u0105 polecon\u0105<\/span><\/td><\/tr><tr><td><span style=\"font-weight: 400;\">Obs\u0142uga<br><\/span><span style=\"font-weight: 400;\">szkodowa<\/span><\/td><td><span style=\"font-weight: 400;\">Formularz online<br><\/span><span style=\"font-weight: 400;\">+ infolinia 24h\/ 7 dni<br><\/span><span style=\"font-weight: 400;\"> w j\u0119zyku<br><\/span><span style=\"font-weight: 400;\">niemieckim\/angielskim<\/span><\/td><td><span style=\"font-weight: 400;\">24h\/ 7 dni<br>w j\u0119zyku polskim<\/span><\/td><\/tr><tr><td><span style=\"font-weight: 400;\">W przypadku leczenia<br>ambulatoryjnego<br>cz\u0142onek OeAV<br><\/span><span style=\"font-family: inherit; font-size: inherit; line-height: 1.5;\">sam pokrywa koszty<br>leczenia,<\/span><span style=\"font-weight: 400;\"> nast\u0119pnie<br>uzyskuje zwrot.<\/span><\/td><td><span style=\"font-weight: 400;\">Koszty leczenia<br>ambulatoryjnego<br>rozliczane bez&nbsp;udzia\u0142u<br>Ubezpieczonego.<\/span><\/td><td>&nbsp;<\/td><\/tr><tr><td><span style=\"font-weight: 400;\">Maksymalny<br><\/span><span style=\"font-weight: 400;\">czas<br><\/span><span style=\"font-weight: 400;\"> jednego<br><\/span><span style=\"font-weight: 400;\"> wyjazdu<\/span><\/td><td><span style=\"font-weight: 400;\">8 tygodni<\/span><\/td><td><span style=\"font-weight: 400;\">8 tygodni<br>(opcja rozszerzenia<br>do 16 tygodni)<\/span><\/td><\/tr><tr><td><span style=\"font-weight: 400;\">Karta<br><\/span><span style=\"font-weight: 400;\">zni\u017ckowa<\/span><\/td><td><span style=\"font-weight: 400;\">50 % rabatu&nbsp;<\/span><span style=\"font-weight: 400;\">na noclegi<br>w&nbsp;<\/span><span style=\"font-weight: 400;\">schroniskach alpejskich<\/span><\/td><td><span style=\"font-weight: 400;\">Brak<\/span><\/td><\/tr><tr><td><span style=\"font-weight: 400;\">P\u0142atno\u015b\u0107<br><\/span><span style=\"font-weight: 400;\"> w ratach<\/span><\/td><td><span style=\"font-weight: 400;\">Brak<\/span><\/td><td><span style=\"font-weight: 400;\">TAK<br>2, 4 raty<\/span><\/td><\/tr><tr><td>&nbsp;<\/td><td><strong>Zakres ubezpieczenia<\/strong><\/td><\/tr><tr><td><span style=\"font-weight: 400;\">Koszty<br><\/span><span style=\"font-weight: 400;\">ratownictwa<\/span><\/td><td><span style=\"font-weight: 400;\">25 000 EUR<\/span><\/td><td><span style=\"font-weight: 400;\">100 000 z\u0142 lub<br>250 000 z\u0142<\/span><\/td><\/tr><tr><td><span style=\"font-weight: 400;\">Koszty<br><\/span><span style=\"font-weight: 400;\">leczenia<br><\/span><span style=\"font-weight: 400;\">szpitalnego<\/span><\/td><td><span style=\"font-weight: 400;\">10 000 EUR<\/span><\/td><td><span style=\"font-weight: 400;\">250 000,00 z\u0142<\/span><\/td><\/tr><tr><td><span style=\"font-weight: 400;\">Koszty<br><\/span><span style=\"font-weight: 400;\">leczenia<br><\/span><span style=\"font-weight: 400;\">ambulatoryjnego<\/span><\/td><td><span style=\"font-weight: 400;\">2 000 EUR<\/span><\/td><td><span style=\"font-weight: 400;\">10 000 z\u0142 lub<br>20 000 z\u0142<\/span><\/td><\/tr><tr><td><span style=\"font-weight: 400;\">Koszty<br><\/span><span style=\"font-weight: 400;\">transportu<br><\/span><span style=\"font-weight: 400;\">do kraju<\/span><\/td><td><span style=\"font-weight: 400;\">Bez ogranicze\u0144<br>pod warunkiem transportu<br>zorganizowanego przez<br>organizacje wymienione<br>na karcie cz\u0142onkowskiej OAV,<br>w przeciwnym wypadku<br>pokrywane jest 750 EUR<\/span><\/td><td><span style=\"font-weight: 400;\">Bez ogranicze\u0144<\/span><\/td><\/tr><tr><td><span style=\"font-weight: 400;\">OC<\/span><\/td><td><span style=\"font-weight: 400;\">3 000 000 EUR<\/span><\/td><td><span style=\"font-weight: 400;\">500 000 z\u0142<br>na osobie,<br>100 000 z\u0142<br>na mieniu<\/span><\/td><\/tr><tr><td><span style=\"font-weight: 400;\">Ochrona<br><\/span><span style=\"font-weight: 400;\">Prawna<\/span><\/td><td><span style=\"font-weight: 400;\">35 000 EUR<\/span><\/td><td><span style=\"font-weight: 400;\">20 000 z\u0142 lub<br>35 000 z\u0142<\/span><\/td><\/tr><tr><td><span style=\"font-weight: 400;\">Baga\u017c<\/span><\/td><td><span style=\"font-weight: 400;\">Brak<\/span><\/td><td><span style=\"font-weight: 400;\">2 000 z\u0142 lub<br>3 000 z\u0142<\/span><\/td><\/tr><tr><td><span style=\"font-weight: 400;\">NNW<\/span><\/td><td><span style=\"font-weight: 400;\">Brak<\/span><\/td><td><span style=\"font-weight: 400;\">Za op\u0142at\u0105 dodatkowej<br>sk\u0142adki od 50 000 z\u0142<br>do 1 000 000 z\u0142.&nbsp;<\/span>Dzia\u0142a za granic\u0105<br>i<span style=\"font-weight: 400;\">&nbsp;w Polsce, ale tylko<br>w sytuacji, gdy celem<br>podr\u00f3\u017cy jest zagranica<\/span><\/td><\/tr><tr><td>&nbsp;<\/td><td><strong>Dodatkowe rozszerzenia<\/strong><\/td><\/tr><tr><td><span style=\"font-weight: 400;\">Tereny<br><\/span><span style=\"font-weight: 400;\">powy\u017cej<br><\/span><span style=\"font-family: inherit; font-size: inherit; line-height: 1.5;\">6 tys.<br>m. n.p.m.<\/span><\/td><td><span style=\"font-weight: 400;\">Wniosek oceny ryzyka<br><\/span><span style=\"font-weight: 400;\"> &#8211; sk\u0142adka kalkulowana<br><\/span><span style=\"font-weight: 400;\"> indywidualnie<\/span><\/td><td><span style=\"font-weight: 400;\">TAK &#8211; mo\u017cliwo\u015b\u0107<br>rozszerzenia podczas<br>wype\u0142niania wniosku<br><\/span><span style=\"font-weight: 400;\">(w tym 7600 m. n.p.m.)<\/span><\/td><\/tr><tr><td><span style=\"font-weight: 400;\">Ryzyka<br><\/span><span style=\"font-weight: 400;\">wynikaj\u0105ce<br><\/span><span style=\"font-weight: 400;\">z akt\u00f3w<br><\/span><span style=\"font-weight: 400;\">terroryzmu,<br><\/span><span style=\"font-weight: 400;\">dzia\u0142a\u0144<br><\/span><span style=\"font-weight: 400;\">wojennych<\/span><\/td><td><span style=\"font-weight: 400;\">NIE<\/span><\/td><td><span style=\"font-weight: 400;\">TAK &#8211; mo\u017cliwo\u015b\u0107<br>rozszerzenia podczas<br>wype\u0142niania wniosku<\/span><\/td><\/tr><\/tbody><\/table><\/figure>\n\n\n\n<p class=\"wp-block-paragraph\">Podsumowuj\u0105c powy\u017csze zestawienie, ka\u017cde z zaproponowanych ubezpiecze\u0144 ma swoje plusy. Alpenverein oferuje dodatkowe zni\u017cki w schroniskach. Najbardziej uniwersalne wydaje si\u0119 jednak ubezpieczenie PZU SA &#8211; Bezpieczny Powr\u00f3t, chocia\u017cby ze wzgl\u0119du na dost\u0119pno\u015b\u0107 infolinii w j\u0119zyku polskim, mo\u017cliwo\u015b\u0107 rozszerzenia ochrony ubezpieczeniowej do 16 tygodni i wysoko\u015bci 7600 m n.p.m., ubezpieczenia baga\u017cu czy transportu do kraju bez ogranicze\u0144. Ostateczny wyb\u00f3r pozostawiamy jednak naszym czytelnikom. Jedno jest pewne. Ubezpieczenie w g\u00f3ry trzeba mie\u0107!<\/p>\n\n\n\n<p class=\"wp-block-paragraph\"><em><span style=\"font-weight: 400;\"><strong>Podzi\u0119kowania:&nbsp;<\/strong><\/span><\/em><em><span style=\"font-weight: 400;\">Adam Pieprzycki, Bogus\u0142aw Kowalski, <\/span><span style=\"font-weight: 400;\">Kinga Wale\u0144 (Hestia).<\/span><\/em><\/p>\n","protected":false},"excerpt":{"rendered":"<p>Wybieracie si\u0119 w g\u00f3ry i pakuj\u0105c plecak zastanawiacie si\u0119, czy \u00a0o czym\u015b nie zapomnieli\u015bcie? Ubranie spakowane, sprz\u0119t skompletowany, prowiant jest. Chyba wszystko\u2026 A czy pami\u0119tacie o tym, \u017ceby wykupi\u0107 ubezpieczenie?<\/p>\n","protected":false},"author":7,"featured_media":51628,"comment_status":"open","ping_status":"open","sticky":false,"template":"","format":"standard","meta":{"_acf_changed":false,"_uf_show_specific_survey":0,"_uf_disable_surveys":false,"footnotes":""},"categories":[26070],"tags":[26104,26069,26085,26105],"class_list":["post-8366","post","type-post","status-publish","format-standard","has-post-thumbnail","hentry","category-turystyka-trekking","tag-caloroczne","tag-poradnik","tag-trekking","tag-turystyka"],"acf":[],"yoast_head":"<!-- This site is optimized with the Yoast SEO Premium plugin v23.4 (Yoast SEO v25.5) - https:\/\/yoast.com\/wordpress\/plugins\/seo\/ -->\n<title>Ubezpieczenie w g\u00f3ry - jakie wybra\u0107 na zagraniczny wyjazd? | 8academy<\/title>\n<meta name=\"description\" content=\"Pakuj\u0105c plecak zastanawiacie si\u0119, czy \u00a0o czym\u015b nie zapomnieli\u015bcie? Sprawd\u017acie, czy macie ubezpieczenie na zagraniczny wyjazd w g\u00f3ry.\" \/>\n<meta name=\"robots\" content=\"index, follow, max-snippet:-1, max-image-preview:large, max-video-preview:-1\" \/>\n<link rel=\"canonical\" href=\"https:\/\/8a.pl\/8academy\/ubezpieczenie-na-zagraniczny-wyjazd-w-gory\/\" \/>\n<meta property=\"og:locale\" content=\"pl_PL\" \/>\n<meta property=\"og:type\" content=\"article\" \/>\n<meta property=\"og:title\" content=\"Ubezpieczenie na zagraniczny wyjazd w g\u00f3ry\" \/>\n<meta property=\"og:description\" content=\"Pakuj\u0105c plecak zastanawiacie si\u0119, czy \u00a0o czym\u015b nie zapomnieli\u015bcie? Sprawd\u017acie, czy macie ubezpieczenie na zagraniczny wyjazd w g\u00f3ry.\" \/>\n<meta property=\"og:url\" content=\"https:\/\/8a.pl\/8academy\/ubezpieczenie-na-zagraniczny-wyjazd-w-gory\/\" \/>\n<meta property=\"og:site_name\" content=\"8academy.pl - portal g\u00f3rski i wspinaczkowy dla aktywnych\" \/>\n<meta property=\"article:publisher\" content=\"https:\/\/pl-pl.facebook.com\/sklep8apl\/\" \/>\n<meta property=\"article:published_time\" content=\"2023-05-29T07:00:00+00:00\" \/>\n<meta property=\"article:modified_time\" content=\"2023-12-19T09:32:01+00:00\" \/>\n<meta property=\"og:image\" content=\"http:\/\/8a.pl\/8academy\/wp-content\/uploads\/2016\/12\/Ribelle_SS21_Scarpa_Mathieu-Maynadier_FannySchmutz\u00a9MathisDumas-59_Professional-shooting-with-Mathieu-Maynadier-and-Fanny-Schmutz_-photographer-Mathis-Dumas0D0A.jpg\" \/>\n\t<meta property=\"og:image:width\" content=\"1100\" \/>\n\t<meta property=\"og:image:height\" content=\"715\" \/>\n\t<meta property=\"og:image:type\" content=\"image\/jpeg\" \/>\n<meta name=\"author\" content=\"Redakcja 8Academy\" \/>\n<meta name=\"twitter:card\" content=\"summary_large_image\" \/>\n<meta name=\"twitter:label1\" content=\"Napisane przez\" \/>\n\t<meta name=\"twitter:data1\" content=\"Redakcja 8Academy\" \/>\n\t<meta name=\"twitter:label2\" content=\"Szacowany czas czytania\" \/>\n\t<meta name=\"twitter:data2\" content=\"13 minut\" \/>\n<!-- \/ Yoast SEO Premium plugin. -->","yoast_head_json":{"title":"Ubezpieczenie w g\u00f3ry - jakie wybra\u0107 na zagraniczny wyjazd? | 8academy","description":"Pakuj\u0105c plecak zastanawiacie si\u0119, czy \u00a0o czym\u015b nie zapomnieli\u015bcie? Sprawd\u017acie, czy macie ubezpieczenie na zagraniczny wyjazd w g\u00f3ry.","robots":{"index":"index","follow":"follow","max-snippet":"max-snippet:-1","max-image-preview":"max-image-preview:large","max-video-preview":"max-video-preview:-1"},"canonical":"https:\/\/8a.pl\/8academy\/ubezpieczenie-na-zagraniczny-wyjazd-w-gory\/","og_locale":"pl_PL","og_type":"article","og_title":"Ubezpieczenie na zagraniczny wyjazd w g\u00f3ry","og_description":"Pakuj\u0105c plecak zastanawiacie si\u0119, czy \u00a0o czym\u015b nie zapomnieli\u015bcie? Sprawd\u017acie, czy macie ubezpieczenie na zagraniczny wyjazd w g\u00f3ry.","og_url":"https:\/\/8a.pl\/8academy\/ubezpieczenie-na-zagraniczny-wyjazd-w-gory\/","og_site_name":"8academy.pl - portal g\u00f3rski i wspinaczkowy dla aktywnych","article_publisher":"https:\/\/pl-pl.facebook.com\/sklep8apl\/","article_published_time":"2023-05-29T07:00:00+00:00","article_modified_time":"2023-12-19T09:32:01+00:00","og_image":[{"width":1100,"height":715,"url":"http:\/\/8a.pl\/8academy\/wp-content\/uploads\/2016\/12\/Ribelle_SS21_Scarpa_Mathieu-Maynadier_FannySchmutz\u00a9MathisDumas-59_Professional-shooting-with-Mathieu-Maynadier-and-Fanny-Schmutz_-photographer-Mathis-Dumas0D0A.jpg","type":"image\/jpeg"}],"author":"Redakcja 8Academy","twitter_card":"summary_large_image","twitter_misc":{"Napisane przez":"Redakcja 8Academy","Szacowany czas czytania":"13 minut"},"schema":{"@context":"https:\/\/schema.org","@graph":[{"@type":"Article","@id":"https:\/\/8a.pl\/8academy\/ubezpieczenie-na-zagraniczny-wyjazd-w-gory\/#article","isPartOf":{"@id":"https:\/\/8a.pl\/8academy\/ubezpieczenie-na-zagraniczny-wyjazd-w-gory\/"},"author":{"name":"Redakcja 8Academy","@id":"https:\/\/8a.pl\/8academy\/#\/schema\/person\/2e392153a51786e6c3d5ede231b5d2a4"},"headline":"Ubezpieczenie na zagraniczny wyjazd w g\u00f3ry","datePublished":"2023-05-29T07:00:00+00:00","dateModified":"2023-12-19T09:32:01+00:00","mainEntityOfPage":{"@id":"https:\/\/8a.pl\/8academy\/ubezpieczenie-na-zagraniczny-wyjazd-w-gory\/"},"wordCount":2362,"commentCount":0,"publisher":{"@id":"https:\/\/8a.pl\/8academy\/#organization"},"image":{"@id":"https:\/\/8a.pl\/8academy\/ubezpieczenie-na-zagraniczny-wyjazd-w-gory\/#primaryimage"},"thumbnailUrl":"https:\/\/8a.pl\/8academy\/wp-content\/uploads\/2016\/12\/Ribelle_SS21_Scarpa_Mathieu-Maynadier_FannySchmutz\u00a9MathisDumas-59_Professional-shooting-with-Mathieu-Maynadier-and-Fanny-Schmutz_-photographer-Mathis-Dumas0D0A.jpg","keywords":["Ca\u0142oroczne","Poradnik","Trekking","Turystyka"],"articleSection":["Turystyka \/ trekking"],"inLanguage":"pl-PL","potentialAction":[{"@type":"CommentAction","name":"Comment","target":["https:\/\/8a.pl\/8academy\/ubezpieczenie-na-zagraniczny-wyjazd-w-gory\/#respond"]}]},{"@type":"WebPage","@id":"https:\/\/8a.pl\/8academy\/ubezpieczenie-na-zagraniczny-wyjazd-w-gory\/","url":"https:\/\/8a.pl\/8academy\/ubezpieczenie-na-zagraniczny-wyjazd-w-gory\/","name":"Ubezpieczenie w g\u00f3ry - jakie wybra\u0107 na zagraniczny wyjazd? | 8academy","isPartOf":{"@id":"https:\/\/8a.pl\/8academy\/#website"},"primaryImageOfPage":{"@id":"https:\/\/8a.pl\/8academy\/ubezpieczenie-na-zagraniczny-wyjazd-w-gory\/#primaryimage"},"image":{"@id":"https:\/\/8a.pl\/8academy\/ubezpieczenie-na-zagraniczny-wyjazd-w-gory\/#primaryimage"},"thumbnailUrl":"https:\/\/8a.pl\/8academy\/wp-content\/uploads\/2016\/12\/Ribelle_SS21_Scarpa_Mathieu-Maynadier_FannySchmutz\u00a9MathisDumas-59_Professional-shooting-with-Mathieu-Maynadier-and-Fanny-Schmutz_-photographer-Mathis-Dumas0D0A.jpg","datePublished":"2023-05-29T07:00:00+00:00","dateModified":"2023-12-19T09:32:01+00:00","description":"Pakuj\u0105c plecak zastanawiacie si\u0119, czy \u00a0o czym\u015b nie zapomnieli\u015bcie? Sprawd\u017acie, czy macie ubezpieczenie na zagraniczny wyjazd w g\u00f3ry.","breadcrumb":{"@id":"https:\/\/8a.pl\/8academy\/ubezpieczenie-na-zagraniczny-wyjazd-w-gory\/#breadcrumb"},"inLanguage":"pl-PL","potentialAction":[{"@type":"ReadAction","target":["https:\/\/8a.pl\/8academy\/ubezpieczenie-na-zagraniczny-wyjazd-w-gory\/"]}]},{"@type":"ImageObject","inLanguage":"pl-PL","@id":"https:\/\/8a.pl\/8academy\/ubezpieczenie-na-zagraniczny-wyjazd-w-gory\/#primaryimage","url":"https:\/\/8a.pl\/8academy\/wp-content\/uploads\/2016\/12\/Ribelle_SS21_Scarpa_Mathieu-Maynadier_FannySchmutz\u00a9MathisDumas-59_Professional-shooting-with-Mathieu-Maynadier-and-Fanny-Schmutz_-photographer-Mathis-Dumas0D0A.jpg","contentUrl":"https:\/\/8a.pl\/8academy\/wp-content\/uploads\/2016\/12\/Ribelle_SS21_Scarpa_Mathieu-Maynadier_FannySchmutz\u00a9MathisDumas-59_Professional-shooting-with-Mathieu-Maynadier-and-Fanny-Schmutz_-photographer-Mathis-Dumas0D0A.jpg","width":1100,"height":715,"caption":"Mathieu Maynadier and Fanny Schmutz climb around the Aiguille de La Vierge, Italy - Mont Blanc Range. \u00a9Mathis Dumas"},{"@type":"BreadcrumbList","@id":"https:\/\/8a.pl\/8academy\/ubezpieczenie-na-zagraniczny-wyjazd-w-gory\/#breadcrumb","itemListElement":[{"@type":"ListItem","position":1,"name":"Strona g\u0142\u00f3wna","item":"https:\/\/8a.pl\/8academy\/"},{"@type":"ListItem","position":2,"name":"Ubezpieczenie na zagraniczny wyjazd w g\u00f3ry"}]},{"@type":"WebSite","@id":"https:\/\/8a.pl\/8academy\/#website","url":"https:\/\/8a.pl\/8academy\/","name":"8academy.pl - portal g\u00f3rski i wspinaczkowy dla aktywnych","description":"8academy to portal g\u00f3rski o wspinaczce, trekkingu i skiturach. Znajdziesz tu porady, testy sprz\u0119tu i opisy najlepszych rejon\u00f3w. Inspirujemy zdobywc\u00f3w!","publisher":{"@id":"https:\/\/8a.pl\/8academy\/#organization"},"potentialAction":[{"@type":"SearchAction","target":{"@type":"EntryPoint","urlTemplate":"https:\/\/8a.pl\/8academy\/?s={search_term_string}"},"query-input":{"@type":"PropertyValueSpecification","valueRequired":true,"valueName":"search_term_string"}}],"inLanguage":"pl-PL"},{"@type":"Organization","@id":"https:\/\/8a.pl\/8academy\/#organization","name":"8academy.pl - portal g\u00f3rski i wspinaczkowy dla aktywnych","url":"https:\/\/8a.pl\/8academy\/","logo":{"@type":"ImageObject","inLanguage":"pl-PL","@id":"https:\/\/8a.pl\/8academy\/#\/schema\/logo\/image\/","url":"https:\/\/8a.pl\/8academy\/wp-content\/uploads\/2015\/11\/logo.png","contentUrl":"https:\/\/8a.pl\/8academy\/wp-content\/uploads\/2015\/11\/logo.png","width":438,"height":315,"caption":"8academy.pl - portal g\u00f3rski i wspinaczkowy dla aktywnych"},"image":{"@id":"https:\/\/8a.pl\/8academy\/#\/schema\/logo\/image\/"},"sameAs":["https:\/\/pl-pl.facebook.com\/sklep8apl\/","https:\/\/www.instagram.com\/8apl\/"]},{"@type":"Person","@id":"https:\/\/8a.pl\/8academy\/#\/schema\/person\/2e392153a51786e6c3d5ede231b5d2a4","name":"Redakcja 8Academy","image":{"@type":"ImageObject","inLanguage":"pl-PL","@id":"https:\/\/8a.pl\/8academy\/#\/schema\/person\/image\/","url":"https:\/\/8a.pl\/8academy\/wp-content\/uploads\/2017\/10\/logo_obrobione_2_150_59ICJ.jpg","contentUrl":"https:\/\/8a.pl\/8academy\/wp-content\/uploads\/2017\/10\/logo_obrobione_2_150_59ICJ.jpg","caption":"Redakcja 8Academy"},"url":"https:\/\/8a.pl\/8academy\/author\/redakcja\/"}]}},"_links":{"self":[{"href":"https:\/\/8a.pl\/8academy\/wp-json\/wp\/v2\/posts\/8366","targetHints":{"allow":["GET"]}}],"collection":[{"href":"https:\/\/8a.pl\/8academy\/wp-json\/wp\/v2\/posts"}],"about":[{"href":"https:\/\/8a.pl\/8academy\/wp-json\/wp\/v2\/types\/post"}],"author":[{"embeddable":true,"href":"https:\/\/8a.pl\/8academy\/wp-json\/wp\/v2\/users\/7"}],"replies":[{"embeddable":true,"href":"https:\/\/8a.pl\/8academy\/wp-json\/wp\/v2\/comments?post=8366"}],"version-history":[{"count":4,"href":"https:\/\/8a.pl\/8academy\/wp-json\/wp\/v2\/posts\/8366\/revisions"}],"predecessor-version":[{"id":66442,"href":"https:\/\/8a.pl\/8academy\/wp-json\/wp\/v2\/posts\/8366\/revisions\/66442"}],"wp:featuredmedia":[{"embeddable":true,"href":"https:\/\/8a.pl\/8academy\/wp-json\/wp\/v2\/media\/51628"}],"wp:attachment":[{"href":"https:\/\/8a.pl\/8academy\/wp-json\/wp\/v2\/media?parent=8366"}],"wp:term":[{"taxonomy":"category","embeddable":true,"href":"https:\/\/8a.pl\/8academy\/wp-json\/wp\/v2\/categories?post=8366"},{"taxonomy":"post_tag","embeddable":true,"href":"https:\/\/8a.pl\/8academy\/wp-json\/wp\/v2\/tags?post=8366"}],"curies":[{"name":"wp","href":"https:\/\/api.w.org\/{rel}","templated":true}]}}