{"id":83451,"date":"2026-01-14T14:53:02","date_gmt":"2026-01-14T13:53:02","guid":{"rendered":"https:\/\/8a.pl\/8academy\/?p=83451"},"modified":"2026-01-14T14:54:10","modified_gmt":"2026-01-14T13:54:10","slug":"kasprowy-wierch-zima-praktyczny-przewodnik","status":"publish","type":"post","link":"https:\/\/8a.pl\/8academy\/kasprowy-wierch-zima-praktyczny-przewodnik\/","title":{"rendered":"Kasprowy Wierch zim\u0105 &#8211; praktyczny przewodnik"},"content":{"rendered":"\n<p class=\"wp-block-paragraph\">Le\u017c\u0105cy na granicy Tatr Zachodnich i Wysokich Kasprowy Wierch to jeden z najbardziej rozpoznawalnych szczyt\u00f3w w Polsce. Latem t\u0142umnie odwiedzany przez turyst\u00f3w, zim\u0105 cz\u0119sto jest pierwszym celem os\u00f3b, kt\u00f3re dopiero rozpoczynaj\u0105 swoj\u0105 przygod\u0119 z g\u00f3rami w zimowych warunkach. <\/p>\n\n\n\n<ul class=\"wp-block-list\">\n<li><strong><a href=\"https:\/\/8a.pl\/8academy\/kasprowy-wierch-zima-praktyczny-przewodnik\/#h-kasprowy-wierch-zima-jak-wejsc\">Kasprowy Wierch zim\u0105 &#8211; jak wej\u015b\u0107?<\/a><\/strong><\/li>\n\n\n\n<li><strong><a href=\"https:\/\/8a.pl\/8academy\/kasprowy-wierch-zima-praktyczny-przewodnik\/#h-warunki-zimowe-na-kasprowym-wierchu\">Warunki zimowe na Kasprowym Wierchu<\/a><\/strong><\/li>\n\n\n\n<li><strong><a href=\"https:\/\/8a.pl\/8academy\/kasprowy-wierch-zima-praktyczny-przewodnik\/#h-kolejka-na-kasprowy-wierch-zima\">Kolejka na Kasprowy Wierch zim\u0105<\/a><\/strong><\/li>\n\n\n\n<li><strong><a href=\"https:\/\/8a.pl\/8academy\/kasprowy-wierch-zima-praktyczny-przewodnik\/#h-narty-na-kasprowym-wierchu\">Narty na Kasprowym Wierchu<\/a><\/strong><\/li>\n\n\n\n<li><strong><a href=\"https:\/\/8a.pl\/8academy\/kasprowy-wierch-zima-praktyczny-przewodnik\/#h-jak-przygotowac-sie-na-piesza-wycieczke-na-kasprowy-wierch-zima\">Jak przygotowa\u0107 si\u0119 na piesz\u0105 wycieczk\u0119 na Kasprowy Wierch zim\u0105?<\/a><\/strong><\/li>\n\n\n\n<li><strong><a href=\"https:\/\/8a.pl\/8academy\/kasprowy-wierch-zima-praktyczny-przewodnik\/#h-kasprowy-wierch-zima-czy-warto\">Kasprowy Wierch zim\u0105 \u2013 czy warto?<\/a><\/strong><\/li>\n<\/ul>\n\n\n\n<p class=\"wp-block-paragraph\"><\/p>\n\n\n<div class=\"wp-block-image\">\n<figure class=\"aligncenter size-full\"><img fetchpriority=\"high\" decoding=\"async\" width=\"600\" height=\"816\" src=\"https:\/\/8a.pl\/8academy\/wp-content\/uploads\/2026\/01\/front-5.webp\" alt=\"Widok na Kasprowy Wierch zim\u0105.\" class=\"wp-image-83529\" srcset=\"https:\/\/8a.pl\/8academy\/wp-content\/uploads\/2026\/01\/front-5.webp 600w, https:\/\/8a.pl\/8academy\/wp-content\/uploads\/2026\/01\/front-5-221x300.webp 221w\" sizes=\"(max-width: 600px) 100vw, 600px\" \/><figcaption class=\"wp-element-caption\">Tatry, kiedy warunki s\u0105 idealne. To w\u0142a\u015bnie dla takich chwil warto wybra\u0107 si\u0119 na Kasprowy Wierch zim\u0105 \u2013 pieszo lub z pomoc\u0105 kolejki. (fot. Joanna Kapinos)<\/figcaption><\/figure>\n<\/div>\n\n\n<h2 class=\"wp-block-heading\" id=\"h-kasprowy-wierch-zima\">Kasprowy Wierch zim\u0105<\/h2>\n\n\n\n<p class=\"wp-block-paragraph\">Kasprowy Wierch to klasyczny cel zimowych wyj\u015b\u0107. Zaraz obok Giewontu to jedno z najbardziej rozpoznawalnych miejsc w polskich Tatrach. Dlaczego w\u0142a\u015bnie Kasprowy? Nie ma trudno\u015bci technicznych, jest \u0142atwo dost\u0119pny, a do tego znajdziemy na nim stacj\u0119 kolejki. Czy oznacza to, ze Kasprowy Wierch zim\u0105 jest \u0142atwy do zdobycia?<\/p>\n\n\n\n<p class=\"wp-block-paragraph\">Warto pami\u0119ta\u0107, \u017ce w Tatrach zim\u0105 zagro\u017cenie lawinowe nigdy nie znika \u2013 nawet przy pierwszym stopniu skali ryzyka lawinowego (najni\u017cszym) nadal istnieje realne ryzyko zej\u015bcia \u015bniegu. To nie taka sytuacja, \u017ce lawiny schodz\u0105 tylko na stromych \u015bcianach \u2013 w Tatrach lawiny mog\u0105 zje\u017cd\u017ca\u0107 spod grani i \u017cleb\u00f3w tak\u017ce na ni\u017csze partie terenu, zw\u0142aszcza po wi\u0119kszych opadach czy silnym wietrze.<\/p>\n\n\n\n<p class=\"wp-block-paragraph\"><\/p>\n\n\n<div class=\"wp-block-image\">\n<figure class=\"aligncenter size-full\"><img decoding=\"async\" width=\"600\" height=\"816\" src=\"https:\/\/8a.pl\/8academy\/wp-content\/uploads\/2026\/01\/20240304_105652.webp\" alt=\"Widok z Kasprowego Wierchu zim\u0105.\" class=\"wp-image-83526\" srcset=\"https:\/\/8a.pl\/8academy\/wp-content\/uploads\/2026\/01\/20240304_105652.webp 600w, https:\/\/8a.pl\/8academy\/wp-content\/uploads\/2026\/01\/20240304_105652-221x300.webp 221w\" sizes=\"(max-width: 600px) 100vw, 600px\" \/><figcaption class=\"wp-element-caption\">Pogoda potrafi zmienia\u0107 si\u0119 b\u0142yskawicznie, a \u015bniegu jest tu znacznie wi\u0119cej ni\u017c w dolinach \u2013 warto o tym pami\u0119ta\u0107 przy planowaniu wej\u015bcia na Kasprowy Wierch zim\u0105. (fot. Tosia Zbroniec)<\/figcaption><\/figure>\n<\/div>\n\n\n<p class=\"wp-block-paragraph\">Poza lawinami zmienno\u015b\u0107 warunk\u00f3w na szlaku jest tu na porz\u0105dku dziennym: rano mo\u017ce by\u0107 twardy l\u00f3d, w po\u0142udnie mi\u0119kki \u015bnieg, a pod wiecz\u00f3r zn\u00f3w twarda skorupa. Nawet kr\u00f3tkie odcinki z du\u017cym nachyleniem mog\u0105 przy takich zmianach wymaga\u0107 u\u017cycia raczk\u00f3w lub rak\u00f3w bardziej, ni\u017c by si\u0119 wydawa\u0142o po spojrzeniu na map\u0119. Dla os\u00f3b, kt\u00f3re dopiero zaczynaj\u0105 przygod\u0119 z Tatrami zim\u0105, Kasprowy to \u015bwietny poligon do nauki \u2013 pozwala do\u015bwiadczy\u0107 typowych zimowych element\u00f3w szlaku, jednocze\u015bnie daj\u0105c mo\u017cliwo\u015b\u0107 zej\u015bcia w d\u00f3\u0142 wzgl\u0119dnie szybko, je\u015bli warunki przestan\u0105 si\u0119 uk\u0142ada\u0107 po naszej my\u015bli. <\/p>\n\n\n\n<p class=\"wp-block-paragraph\"><strong>Przeczytaj te\u017c:<\/strong><\/p>\n\n\n\n<ul class=\"wp-block-list\">\n<li><strong><a href=\"https:\/\/8a.pl\/8academy\/tatry-zima-dla-poczatkujacych\/\">Tatry zim\u0105 dla pocz\u0105tkuj\u0105cych \u2013 gdzie i\u015b\u0107 i jak zacz\u0105\u0107<\/a><\/strong><\/li>\n\n\n\n<li><strong><a href=\"https:\/\/8a.pl\/8academy\/gory-stolowe-zima-gdzie-isc-i-dlaczego-to-dobry-kierunek\/\">G\u00f3ry Sto\u0142owe zim\u0105 \u2013 co zobaczy\u0107 i dlaczego to dobry kierunek<\/a><\/strong><\/li>\n<\/ul>\n\n\n\n<hr class=\"wp-block-separator has-text-color has-cyan-bluish-gray-color has-alpha-channel-opacity has-cyan-bluish-gray-background-color has-background\"\/>\n\n\n\n<h2 class=\"wp-block-heading\" id=\"h-kasprowy-wierch-zima-jak-wejsc\">Kasprowy Wierch zim\u0105 &#8211; jak wej\u015b\u0107?<\/h2>\n\n\n\n<p class=\"wp-block-paragraph\">Opcji jest kilka. Teoretycznie mo\u017cna wjecha\u0107 kolejk\u0105 z Ku\u017anic, ale je\u015bli czytasz ten tekst, to najpewniej planujesz wej\u015b\u0107 tam na w\u0142asnych nogach. I dobrze \u2013 zimowa trasa na Kasprowy mo\u017ce by\u0107 \u015bwietnym celem, o ile dobrze dobierzesz wariant do warunk\u00f3w i w\u0142asnego do\u015bwiadczenia. Poni\u017cej znajdziesz trzy najpopularniejsze opcje piesze, kt\u00f3re pozwalaj\u0105 delektowa\u0107 si\u0119 zimow\u0105 sceneri\u0105 i wycisn\u0105\u0107 odrobin\u0119 potu.<\/p>\n\n\n\n<h3 class=\"wp-block-heading\" id=\"h-czarny-szlak-z-brzezin-przez-hale-gasienicowa-i-murowaniec\">Czarny szlak z Brzezin przez Hal\u0119 G\u0105sienicow\u0105 i Murowaniec<\/h3>\n\n\n\n<p class=\"wp-block-paragraph\">To najd\u0142u\u017cszy z opisanych wariant\u00f3w, ale te\u017c jeden pozwalaj\u0105cy zahaczy\u0107 o Hal\u0119 G\u0105sienicow\u0105, a tym samym &#8211; wst\u0105pi\u0107 do schroniska Murowaniec. droga do Murowa\u0144ca wiedzie szerok\u0105, dobrze wydeptan\u0105 drog\u0105 le\u015bn\u0105, kt\u00f3ra nawet przy wi\u0119kszym \u015bniegu jest stosunkowo \u0142atwa do pokonania. Od schroniska zaczyna si\u0119 podej\u015bcie w stron\u0119 Kasprowego przez Dolin\u0119 G\u0105sienicow\u0105 \u2013 otwarty teren, nara\u017cony na wiatr, z potencjalnymi oblodzeniami. Pami\u0119taj &#8211; raki na podej\u015bciu b\u0119d\u0105 niezb\u0119dne!<\/p>\n\n\n\n<ul class=\"wp-block-list\">\n<li><strong>Dystans:<\/strong> ~ 9,3 km<\/li>\n\n\n\n<li><strong>Szacowany czas przej\u015bcia<\/strong>: ~ 4 h<\/li>\n\n\n\n<li><strong>Suma podej\u015b\u0107:<\/strong>~ 984 m<\/li>\n<\/ul>\n\n\n\n<h3 class=\"wp-block-heading\" id=\"h-zielony-szlak-z-kuznic-przez-myslenickie-turnie\">Zielony szlak z Ku\u017anic przez My\u015blenickie Turnie<\/h3>\n\n\n\n<p class=\"wp-block-paragraph\">To najbardziej bezpo\u015brednie, klasyczne podej\u015bcie na Kasprowy. Szlak zaczyna si\u0119 w Ku\u017anicach i prowadzi przez las, a potem przez My\u015blenickie Turnie w stron\u0119 grani. Zim\u0105 robi si\u0119 tu miejscami stromo, a przy oblodzeniu raki (albo chocia\u017c raczki) to absolutne minimum. Po drodze nie ma schroniska, wi\u0119c planuj\u0105c t\u0119 tras\u0119 warto zabra\u0107 ciep\u0142y termos i by\u0107 gotowym na ca\u0142e podej\u015bcie bez wi\u0119kszego odpoczynku.<\/p>\n\n\n\n<ul class=\"wp-block-list\">\n<li><strong>Dystans:<\/strong> ~ 6,4 km<\/li>\n\n\n\n<li><strong>Szacowany czas przej\u015bcia: <\/strong>~ 3:15 h<\/li>\n\n\n\n<li><strong>Suma podej\u015b\u0107:<\/strong> ~ 972 m<\/li>\n<\/ul>\n\n\n\n<h3 class=\"wp-block-heading\" id=\"h-niebieski-szlak-z-kuznic-przez-boczan-i-hale-gasienicowa\">Niebieski szlak z Ku\u017anic przez Bocza\u0144 i Hal\u0119 G\u0105sienicow\u0105<\/h3>\n\n\n\n<p class=\"wp-block-paragraph\">To wariant po\u015bredni: startujesz z Ku\u017anic, ale zamiast i\u015b\u0107 zielonym, skr\u0119casz w stron\u0119 Boczania i dochodzisz do Hali G\u0105sienicowej, a potem dalej przez Murowaniec na szczyt. D\u0142u\u017cej ni\u017c zielonym, ale \u0142atwiejszy technicznie i ciekawszy krajobrazowo. Bocza\u0144 to ods\u0142oni\u0119ty grzbiet \u2013 miejscami wieje, ale jest przestrzennie i z dobr\u0105 widoczno\u015bci\u0105. Pami\u0119taj o niezb\u0119dnym zimowym sprz\u0119cie! Kasprowy Wierch zim\u0105 wymaga odpowiedniego przygotowania.<\/p>\n\n\n\n<ul class=\"wp-block-list\">\n<li><strong>Dystans: <\/strong>~ 7,4 km<\/li>\n\n\n\n<li><strong>Szacowany czas przej\u015bcia: <\/strong>~ 4 h<\/li>\n\n\n\n<li><strong>Suma podej\u015b\u0107: <\/strong>~ 10047 m<\/li>\n<\/ul>\n\n\n\n<h2 class=\"wp-block-heading\" id=\"h-warunki-zimowe-na-kasprowym-wierchu\">Warunki zimowe na Kasprowym Wierchu<\/h2>\n\n\n\n<p class=\"wp-block-paragraph\">Zim\u0105 Kasprowy Wierch nie jest odosobniony od reszty tatrza\u0144skich szczyt\u00f3w i potrafi pokaza\u0107 zupe\u0142nie inne oblicze ni\u017c w sezonie letnim. Wiatr, \u015bnieg, l\u00f3d, bardzo szybka zmienno\u015b\u0107 pogody \u2013 to wszystko sprawia, \u017ce nawet na dobrze znanym szlaku robi si\u0119 wymagaj\u0105co. Cho\u0107 to szczyt, kt\u00f3ry teoretycznie nadaje si\u0119 na pierwszy zimowy raz, trzeba pami\u0119ta\u0107, \u017ce jeste\u015bmy w wysokich partiach Tatr. Tu naprawd\u0119 potrafi wia\u0107 i sypn\u0105\u0107 \u015bniegiem tak, \u017ce ci\u0119\u017cko usta\u0107.<\/p>\n\n\n\n<p class=\"wp-block-paragraph\"><\/p>\n\n\n<div class=\"wp-block-image\">\n<figure class=\"aligncenter size-full\"><img decoding=\"async\" width=\"600\" height=\"816\" src=\"https:\/\/8a.pl\/8academy\/wp-content\/uploads\/2026\/01\/20240304_113006.webp\" alt=\"Podej\u015bcie na Kasprowy Wierch zim\u0105.\" class=\"wp-image-83528\" srcset=\"https:\/\/8a.pl\/8academy\/wp-content\/uploads\/2026\/01\/20240304_113006.webp 600w, https:\/\/8a.pl\/8academy\/wp-content\/uploads\/2026\/01\/20240304_113006-221x300.webp 221w\" sizes=\"(max-width: 600px) 100vw, 600px\" \/><figcaption class=\"wp-element-caption\">Podej\u015bcie na Kasprowy Wierch zim\u0105 \u2013 utwardzona trasa mo\u017ce wygl\u0105da\u0107 niepozornie, ale bywa bardzo \u015bliska. Raki kijki zdecydowanie si\u0119 przydaj\u0105, zw\u0142aszcza przy silnym wietrze (fot. Tosia Zbroniec)<\/figcaption><\/figure>\n<\/div>\n\n\n<p class=\"wp-block-paragraph\">Warunki potrafi\u0105 zmienia\u0107 si\u0119 w zale\u017cno\u015bci od wybranego wariantu szlaku oraz rzecz jasna &#8211; wysoko\u015bci. Przy s\u0142abszej zimie pierwsze podej\u015bcia mog\u0105 by\u0107 pozbawione \u015bniegu, ale nie lodu. Powy\u017cej granicy lasu, mo\u017cna spodziewa\u0107 si\u0119 \u015bniegu w ka\u017cdej mo\u017cliwej jego formie oraz wiatru.  otwartych fragmentach szlaku nawiewa \u015bnieg, zakrywa oznaczenia i utrudnia orientacj\u0119. Do tego dochodz\u0105 oblodzenia \u2013 szczeg\u00f3lnie w g\u00f3rnej cz\u0119\u015bci podej\u015bcia przez My\u015blenickie Turnie albo nad Hal\u0105 G\u0105sienicow\u0105. Dlatego trzeba by\u0107 przygotowanym na zr\u00f3\u017cnicowane warunki &#8211; raki, kije trekkingowe to absolutne minimum. Nie wspominaj\u0105c o odpowiednim ubraniu oraz reszcie ekwipunku &#8211; to prawdziwa g\u00f3rska wyprawa.<\/p>\n\n\n\n<h3 class=\"wp-block-heading\">Zagro\u017cenie lawinowe<\/h3>\n\n\n\n<p class=\"wp-block-paragraph\">Cho\u0107 Kasprowy sam w sobie nie jest klasycznie lawiniasty, to otaczaj\u0105ce go tereny ju\u017c tak. Przede wszystkim przy zej\u015bciu w stron\u0119 Doliny Goryczkowej czy w rejonie Doliny G\u0105sienicowej trzeba bra\u0107 pod uwag\u0119 aktualny komunikat lawinowy. Wystarczy nieco zej\u015b\u0107 ze szlaku, \u017ceby wpakowa\u0107 si\u0119 w problematyczny teren. Lawiny to nie tylko ekstremalne sytuacje przy trzecim stopniu \u2013 ju\u017c przy pierwszym i drugim mog\u0105 zej\u015b\u0107 mniejsze zsuwy \u015bniegu z nawianych \u017cleb\u00f3w. To w\u0142a\u015bnie dlatego warto mie\u0107 przy sobie chocia\u017cby raki lub raczki, kije, stuptuty, a przy wi\u0119kszych planach \u2013 lawinowe ABC.<\/p>\n\n\n\n<p class=\"wp-block-paragraph\">Sprz\u0119t to jedno &#8211; jeszcze wa\u017cniejsza jest umiej\u0119tno\u015b\u0107 poprawnego zak\u0142adania i bezpiecznego poruszania si\u0119 w rakach. Do tego dochodzi umiej\u0119tno\u015b\u0107 obs\u0142ugi i znajomo\u015b\u0107 podstaw zwi\u0105zanych z lawinowym ABC. Naprawd\u0119 warto skorzysta\u0107 z szeroko dost\u0119pnych kurs\u00f3w zimowej turystyki wysokog\u00f3rskiej. <\/p>\n\n\n\n<p class=\"wp-block-paragraph\"><\/p>\n\n\n    <section class=\"ep8a-section\">\n      <div class=\"ep8a-header\">\n        <div class=\"ep8a-titlebar\">\n          <p class=\"ep8a-h\">Raki koszykowe<\/p>          <span class=\"ep8a-titleline\"><\/span>\n        <\/div>\n      <\/div>\n\n      <div class=\"ep8a-wrap\" id=\"ep8a_fb10b058-bb0e-4044-8149-9c8e1ff0773a\">\n        <div class=\"ep8a-carousel swiper\" id=\"ep8a_fb10b058-bb0e-4044-8149-9c8e1ff0773a_swiper\">\n          <div class=\"swiper-wrapper\">\n                          <div class=\"swiper-slide\">\n                <article class=\"ep8a-tile\">\n                  <a class=\"ep8a-link\" href=\"https:\/\/8a.pl\/raki-koszykowe-skylotec-rupal-classic-grey-orange\" target=\"_self\" rel=\"nofollow noopener noreferrer\" aria-label=\"SKYLOTEC Rupal Classic\">\n                    <div class=\"ep8a-card\">\n                      <div class=\"ep8a-imgwrap\">\n                                                <img class=\"ep8a-img skip-lazy no-lazy\" decoding=\"async\" loading=\"eager\" data-no-lazy=\"1\" src=\"https:\/\/8a.pl\/media\/catalog\/product\/8\/0\/8053841307496-1768489102.webp@jpg\" alt=\"SKYLOTEC Rupal Classic\" width=\"500\" height=\"600\">                      <\/div>\n                    <\/div>\n                  <\/a>\n                  <div class=\"ep8a-caption\">\n                    <a class=\"ep8a-link\" href=\"https:\/\/8a.pl\/raki-koszykowe-skylotec-rupal-classic-grey-orange\" target=\"_self\" rel=\"nofollow noopener noreferrer\">\n                      <h3 class=\"ep8a-title\" title=\"SKYLOTEC Rupal Classic\">SKYLOTEC Rupal Classic<\/h3>\n                    <\/a>\n                    <div class=\"ep8a-price\">501.99 z\u0142<\/div>                  <\/div>\n                <\/article>\n              <\/div>\n                          <div class=\"swiper-slide\">\n                <article class=\"ep8a-tile\">\n                  <a class=\"ep8a-link\" href=\"https:\/\/8a.pl\/raki-koszykowe-skylotec-raide-classic-grey-orange\" target=\"_self\" rel=\"nofollow noopener noreferrer\" aria-label=\"SKYLOTEC Raide Classic\">\n                    <div class=\"ep8a-card\">\n                      <div class=\"ep8a-imgwrap\">\n                                                <img class=\"ep8a-img skip-lazy no-lazy\" decoding=\"async\" loading=\"eager\" data-no-lazy=\"1\" src=\"https:\/\/8a.pl\/media\/catalog\/product\/8\/0\/8053841307526-1768489097.webp@jpg\" alt=\"SKYLOTEC Raide Classic\" width=\"500\" height=\"600\">                      <\/div>\n                    <\/div>\n                  <\/a>\n                  <div class=\"ep8a-caption\">\n                    <a class=\"ep8a-link\" href=\"https:\/\/8a.pl\/raki-koszykowe-skylotec-raide-classic-grey-orange\" target=\"_self\" rel=\"nofollow noopener noreferrer\">\n                      <h3 class=\"ep8a-title\" title=\"SKYLOTEC Raide Classic\">SKYLOTEC Raide Classic<\/h3>\n                    <\/a>\n                    <div class=\"ep8a-price\">509.99 z\u0142<\/div>                  <\/div>\n                <\/article>\n              <\/div>\n                          <div class=\"swiper-slide\">\n                <article class=\"ep8a-tile\">\n                  <a class=\"ep8a-link\" href=\"https:\/\/8a.pl\/raki-koszykowe-black-diamond-neve-strap-black\" target=\"_self\" rel=\"nofollow noopener noreferrer\" aria-label=\"Black Diamond Neve Strap\">\n                    <div class=\"ep8a-card\">\n                      <div class=\"ep8a-imgwrap\">\n                                                <img class=\"ep8a-img skip-lazy no-lazy\" decoding=\"async\" loading=\"eager\" data-no-lazy=\"1\" src=\"https:\/\/8a.pl\/media\/catalog\/product\/r\/a\/raki-koszykowe-black-diamond-neve-strap-black-1783055915.webp@jpg\" alt=\"Black Diamond Neve Strap\" width=\"500\" height=\"600\">                      <\/div>\n                    <\/div>\n                  <\/a>\n                  <div class=\"ep8a-caption\">\n                    <a class=\"ep8a-link\" href=\"https:\/\/8a.pl\/raki-koszykowe-black-diamond-neve-strap-black\" target=\"_self\" rel=\"nofollow noopener noreferrer\">\n                      <h3 class=\"ep8a-title\" title=\"Black Diamond Neve Strap\">Black Diamond Neve Strap<\/h3>\n                    <\/a>\n                    <div class=\"ep8a-price\">604.99 z\u0142<\/div>                  <\/div>\n                <\/article>\n              <\/div>\n                          <div class=\"swiper-slide\">\n                <article class=\"ep8a-tile\">\n                  <a class=\"ep8a-link\" href=\"https:\/\/8a.pl\/raki-automatyczne-edelrid-shark-night-oasis\" target=\"_self\" rel=\"nofollow noopener noreferrer\" aria-label=\"Edelrid Shark\">\n                    <div class=\"ep8a-card\">\n                      <div class=\"ep8a-imgwrap\">\n                                                <img class=\"ep8a-img skip-lazy no-lazy\" decoding=\"async\" loading=\"eager\" data-no-lazy=\"1\" src=\"https:\/\/8a.pl\/media\/catalog\/product\/R\/a\/Raki_automatyczne_Edelrid_Shark___night_oasis__235_e3ea.jpg\" alt=\"Edelrid Shark\" width=\"500\" height=\"600\">                      <\/div>\n                    <\/div>\n                  <\/a>\n                  <div class=\"ep8a-caption\">\n                    <a class=\"ep8a-link\" href=\"https:\/\/8a.pl\/raki-automatyczne-edelrid-shark-night-oasis\" target=\"_self\" rel=\"nofollow noopener noreferrer\">\n                      <h3 class=\"ep8a-title\" title=\"Edelrid Shark\">Edelrid Shark<\/h3>\n                    <\/a>\n                    <div class=\"ep8a-price\">639.99 z\u0142<\/div>                  <\/div>\n                <\/article>\n              <\/div>\n                          <div class=\"swiper-slide\">\n                <article class=\"ep8a-tile\">\n                  <a class=\"ep8a-link\" href=\"https:\/\/8a.pl\/raki-koszykowe-edelrid-nemo-kids-soft-night-oasis\" target=\"_self\" rel=\"nofollow noopener noreferrer\" aria-label=\"Edelrid Nemo Kids Soft\">\n                    <div class=\"ep8a-card\">\n                      <div class=\"ep8a-imgwrap\">\n                                                <img class=\"ep8a-img skip-lazy no-lazy\" decoding=\"async\" loading=\"eager\" data-no-lazy=\"1\" src=\"https:\/\/8a.pl\/media\/catalog\/product\/R\/a\/Raki_koszykowe_Edelrid_Nemo_Kids_Soft___night_oasis__218_6bc9.jpg\" alt=\"Edelrid Nemo Kids Soft\" width=\"500\" height=\"600\">                      <\/div>\n                    <\/div>\n                  <\/a>\n                  <div class=\"ep8a-caption\">\n                    <a class=\"ep8a-link\" href=\"https:\/\/8a.pl\/raki-koszykowe-edelrid-nemo-kids-soft-night-oasis\" target=\"_self\" rel=\"nofollow noopener noreferrer\">\n                      <h3 class=\"ep8a-title\" title=\"Edelrid Nemo Kids Soft\">Edelrid Nemo Kids Soft<\/h3>\n                    <\/a>\n                    <div class=\"ep8a-price\">479.99 z\u0142<\/div>                  <\/div>\n                <\/article>\n              <\/div>\n                          <div class=\"swiper-slide\">\n                <article class=\"ep8a-tile\">\n                  <a class=\"ep8a-link\" href=\"https:\/\/8a.pl\/raki-koszykowe-edelrid-nemo-soft-night-oasis\" target=\"_self\" rel=\"nofollow noopener noreferrer\" aria-label=\"Edelrid Nemo Soft\">\n                    <div class=\"ep8a-card\">\n                      <div class=\"ep8a-imgwrap\">\n                                                <img class=\"ep8a-img skip-lazy no-lazy\" decoding=\"async\" loading=\"eager\" data-no-lazy=\"1\" src=\"https:\/\/8a.pl\/media\/catalog\/product\/R\/a\/Raki_koszykowe_Edelrid_Nemo_Soft___night_oasis__215_f153.jpg\" alt=\"Edelrid Nemo Soft\" width=\"500\" height=\"600\">                      <\/div>\n                    <\/div>\n                  <\/a>\n                  <div class=\"ep8a-caption\">\n                    <a class=\"ep8a-link\" href=\"https:\/\/8a.pl\/raki-koszykowe-edelrid-nemo-soft-night-oasis\" target=\"_self\" rel=\"nofollow noopener noreferrer\">\n                      <h3 class=\"ep8a-title\" title=\"Edelrid Nemo Soft\">Edelrid Nemo Soft<\/h3>\n                    <\/a>\n                    <div class=\"ep8a-price\">519.99 z\u0142<\/div>                  <\/div>\n                <\/article>\n              <\/div>\n                          <div class=\"swiper-slide\">\n                <article class=\"ep8a-tile\">\n                  <a class=\"ep8a-link\" href=\"https:\/\/8a.pl\/raki-koszykowe-climbing-technology-skylotec-nuptse-evo-classic-flex-gray\" target=\"_self\" rel=\"nofollow noopener noreferrer\" aria-label=\"Climbing Technology\/SKYLOTEC Nuptse Evo Classic Flex\">\n                    <div class=\"ep8a-card\">\n                      <div class=\"ep8a-imgwrap\">\n                                                <img class=\"ep8a-img skip-lazy no-lazy\" decoding=\"async\" loading=\"eager\" data-no-lazy=\"1\" src=\"https:\/\/8a.pl\/media\/catalog\/product\/r\/a\/raki-koszykowe-climbing-technology-nuptse-evo-classic-flex-gray-1740488798.jpg\" alt=\"Climbing Technology\/SKYLOTEC Nuptse Evo Classic Flex\" width=\"500\" height=\"600\">                      <\/div>\n                    <\/div>\n                  <\/a>\n                  <div class=\"ep8a-caption\">\n                    <a class=\"ep8a-link\" href=\"https:\/\/8a.pl\/raki-koszykowe-climbing-technology-skylotec-nuptse-evo-classic-flex-gray\" target=\"_self\" rel=\"nofollow noopener noreferrer\">\n                      <h3 class=\"ep8a-title\" title=\"Climbing Technology\/SKYLOTEC Nuptse Evo Classic Flex\">Climbing Technology\/SKYLOTEC Nuptse Evo Classic Flex<\/h3>\n                    <\/a>\n                    <div class=\"ep8a-price\">569.99 z\u0142<\/div>                  <\/div>\n                <\/article>\n              <\/div>\n                          <div class=\"swiper-slide\">\n                <article class=\"ep8a-tile\">\n                  <a class=\"ep8a-link\" href=\"https:\/\/8a.pl\/raki-koszykowe-grivel-g1-newclassic-evo-w-antibott-flex-bar\" target=\"_self\" rel=\"nofollow noopener noreferrer\" aria-label=\"Grivel G1 NewClassic EVO w\/Antibott + Flex bar\">\n                    <div class=\"ep8a-card\">\n                      <div class=\"ep8a-imgwrap\">\n                                                <img class=\"ep8a-img skip-lazy no-lazy\" decoding=\"async\" loading=\"eager\" data-no-lazy=\"1\" src=\"https:\/\/8a.pl\/media\/catalog\/product\/r\/a\/raki-koszykowe-grivel-g1-newclassic-evo-w-antibott-flex-bar-1740745432.jpg\" alt=\"Grivel G1 NewClassic EVO w\/Antibott + Flex bar\" width=\"500\" height=\"600\">                      <\/div>\n                    <\/div>\n                  <\/a>\n                  <div class=\"ep8a-caption\">\n                    <a class=\"ep8a-link\" href=\"https:\/\/8a.pl\/raki-koszykowe-grivel-g1-newclassic-evo-w-antibott-flex-bar\" target=\"_self\" rel=\"nofollow noopener noreferrer\">\n                      <h3 class=\"ep8a-title\" title=\"Grivel G1 NewClassic EVO w\/Antibott + Flex bar\">Grivel G1 NewClassic EVO w\/Antibott + Flex bar<\/h3>\n                    <\/a>\n                    <div class=\"ep8a-price\">381.99 z\u0142<\/div>                  <\/div>\n                <\/article>\n              <\/div>\n                          <div class=\"swiper-slide\">\n                <article class=\"ep8a-tile\">\n                  <a class=\"ep8a-link\" href=\"https:\/\/8a.pl\/raki-koszykowe-salewa-alpinist-alu-walk-steel-blue\" target=\"_self\" rel=\"nofollow noopener noreferrer\" aria-label=\"Salewa Alpinist Alu Walk\">\n                    <div class=\"ep8a-card\">\n                      <div class=\"ep8a-imgwrap\">\n                                                <img class=\"ep8a-img skip-lazy no-lazy\" decoding=\"async\" loading=\"eager\" data-no-lazy=\"1\" src=\"https:\/\/8a.pl\/media\/catalog\/product\/S\/a\/Salewa_Alpinist_Alu_Walk___steel_blue_10_e588.jpg\" alt=\"Salewa Alpinist Alu Walk\" width=\"500\" height=\"600\">                      <\/div>\n                    <\/div>\n                  <\/a>\n                  <div class=\"ep8a-caption\">\n                    <a class=\"ep8a-link\" href=\"https:\/\/8a.pl\/raki-koszykowe-salewa-alpinist-alu-walk-steel-blue\" target=\"_self\" rel=\"nofollow noopener noreferrer\">\n                      <h3 class=\"ep8a-title\" title=\"Salewa Alpinist Alu Walk\">Salewa Alpinist Alu Walk<\/h3>\n                    <\/a>\n                    <div class=\"ep8a-price\">689.99 z\u0142<\/div>                  <\/div>\n                <\/article>\n              <\/div>\n                          <div class=\"swiper-slide\">\n                <article class=\"ep8a-tile\">\n                  <a class=\"ep8a-link\" href=\"https:\/\/8a.pl\/raki-koszykowe-salewa-alpinist-walk-black\" target=\"_self\" rel=\"nofollow noopener noreferrer\" aria-label=\"Salewa Alpinist Walk\">\n                    <div class=\"ep8a-card\">\n                      <div class=\"ep8a-imgwrap\">\n                                                <img class=\"ep8a-img skip-lazy no-lazy\" decoding=\"async\" loading=\"eager\" data-no-lazy=\"1\" src=\"https:\/\/8a.pl\/media\/catalog\/product\/r\/a\/raki_koszykowe_salewa_alpinist_walk_black_1631014018_a5bb.jpg\" alt=\"Salewa Alpinist Walk\" width=\"500\" height=\"600\">                      <\/div>\n                    <\/div>\n                  <\/a>\n                  <div class=\"ep8a-caption\">\n                    <a class=\"ep8a-link\" href=\"https:\/\/8a.pl\/raki-koszykowe-salewa-alpinist-walk-black\" target=\"_self\" rel=\"nofollow noopener noreferrer\">\n                      <h3 class=\"ep8a-title\" title=\"Salewa Alpinist Walk\">Salewa Alpinist Walk<\/h3>\n                    <\/a>\n                    <div class=\"ep8a-price\">779.99 z\u0142<\/div>                  <\/div>\n                <\/article>\n              <\/div>\n                      <\/div>\n        <\/div>\n\n        <!-- Strza\u0142ki poza .swiper -->\n        <button class=\"ep8a-arrow ep8a-prev\" id=\"ep8a_fb10b058-bb0e-4044-8149-9c8e1ff0773a_prev\" aria-label=\"Poprzedni\"><\/button>\n        <button class=\"ep8a-arrow ep8a-next\" id=\"ep8a_fb10b058-bb0e-4044-8149-9c8e1ff0773a_next\" aria-label=\"Nast\u0119pny\"><\/button>\n      <\/div>\n\n      <!-- Stopka: linia + CTA po prawej -->\n      <div class=\"ep8a-bottom\">\n        <span class=\"ep8a-bottomline\"><\/span>\n                  <a class=\"ep8a-cta\" href=\"https:\/\/8a.pl\/raki-koszykowe\" target=\"_self\" rel=\"nofollow noopener noreferrer\">\n            KUP RAKI KOSZYKOWE          <\/a>\n              <\/div>\n    <\/section>\n\n\t<script>\n\tdocument.addEventListener(\"DOMContentLoaded\", function(){\n\t  if (typeof Swiper === \"undefined\") return;\n\n\t  const sel    = \"#ep8a_fb10b058-bb0e-4044-8149-9c8e1ff0773a_swiper\";\n\t  const prevEl = \"#ep8a_fb10b058-bb0e-4044-8149-9c8e1ff0773a_prev\";\n\t  const nextEl = \"#ep8a_fb10b058-bb0e-4044-8149-9c8e1ff0773a_next\";\n\n\t  \/\/ 1) Zainicjuj Swiper od razu \u2013 nie czekaj na wszystkie obrazy\n\t  let sw = new Swiper(sel, {\n\t\tloop: true,\n\t\tspaceBetween: 24,\n\t\tslidesPerView: 1,\n\t\troundLengths: true,\n\t\tobserver: true,\n\t\tobserveParents: true,\n\t\tresizeObserver: true,\n\t\tpreloadImages: true,\n\t\tupdateOnWindowResize: true,\n\t\tlazy: { loadOnTransitionStart: true, loadPrevNext: true, loadPrevNextAmount: 2 },\n\t\twatchSlidesProgress: true,\n\t\twatchSlidesVisibility: true,\n\t\tnavigation: { nextEl, prevEl },\n\t\tbreakpoints: {\n\t\t  320:  { slidesPerView: 2 },\n\t\t  720:  { slidesPerView: 3 },\n\t\t  1200: { slidesPerView: 4 }\n\t\t},\n\t\ton: {\n\t\t  imagesReady() { try { sw.update(); } catch(e){} },\n\t\t  afterInit()   { try { sw.update(); } catch(e){} }\n\t\t}\n\t  });\n\n\t  \/\/ 2) Delikatny \u201enudge\u201d dla przegl\u0105darki: je\u015bli obraz jest w DOM i ma src, popro\u015b o decode\n\t  const imgs = document.querySelectorAll(sel + \" .ep8a-img\");\n\t  imgs.forEach((img) => {\n\t\tif (img.complete) {\n\t\t  if (img.decode) { img.decode().catch(()=>{}).finally(()=> sw && sw.update()); }\n\t\t} else {\n\t\t  img.addEventListener(\"load\",  () => { if (img.decode) { img.decode().catch(()=>{}).finally(()=> sw && sw.update()); } else { sw && sw.update(); } }, { once:true });\n\t\t  img.addEventListener(\"error\", () => { sw && sw.update(); }, { once:true });\n\t\t}\n\t  });\n\n\t  \/\/ 3) Gdy okno w pe\u0142ni si\u0119 za\u0142aduje, przelicz jeszcze raz\n\t  window.addEventListener(\"load\", () => { sw && sw.update(); });\n\t});\n\t<\/script>\n\n    \n\n\n\n<h2 class=\"wp-block-heading\" id=\"h-kolejka-na-kasprowy-wierch-zima\">Kolejka na Kasprowy Wierch zim\u0105<\/h2>\n\n\n\n<p class=\"wp-block-paragraph\">Je\u015bli z jakiego\u015b powodu nie planujesz zimowego podej\u015bcia na szczyt, ale nadal chcesz zobaczy\u0107 panoram\u0119 Tatr w pe\u0142ni zimowej ods\u0142onie \u2013 wjazd kolejk\u0105 na Kasprowy mo\u017ce by\u0107 ca\u0142kiem dobr\u0105 opcj\u0105. Sprawdza si\u0119 szczeg\u00f3lnie w przypadku rodzin z dzie\u0107mi, os\u00f3b starszych albo tych, kt\u00f3rzy po prostu wol\u0105 wjecha\u0107, ni\u017c sp\u0119dza\u0107 kilka godzin na szlaku.<\/p>\n\n\n\n<p class=\"wp-block-paragraph\">Z Ku\u017anic na szczyt wje\u017cd\u017ca si\u0119 w niespe\u0142na 20 minut, ale zanim kupisz bilet, warto pami\u0119ta\u0107 o kilku rzeczach. <\/p>\n\n\n\n<ul class=\"wp-block-list\">\n<li>Kolejka cz\u0119sto bywa zamykana ze wzgl\u0119du na warunki pogodowe &#8211; silny wiatr, du\u017cy opad \u015bniegu.<\/li>\n\n\n\n<li>Nawet je\u015bli startujesz z Zakopanego w s\u0142oneczny dzie\u0144, na g\u00f3rze temperatura b\u0119dzie zdecydowanie ni\u017csza ni\u017c w Ku\u017anicach, a tak\u017ce du\u017ce prawdopodobie\u0144stwo wyst\u0105pienia wiatru. To prawie 2000 m n.p.m. \u2013 warunki s\u0105 g\u00f3rskie, nie parkowe.<\/li>\n<\/ul>\n\n\n\n<p class=\"wp-block-paragraph\">Je\u015bli planujesz tylko wjazd i kr\u00f3tki spacer w okolicach stacji, nie potrzebujesz specjalistycznego sprz\u0119tu. Ale warto mie\u0107 ze sob\u0105 ciep\u0142\u0105 kurtk\u0119, czapk\u0119, r\u0119kawice i co\u015b na szyj\u0119 \u2013 zmarzni\u0119cie w pi\u0119\u0107 minut to \u017cadna sztuka. I jeszcze jedno &#8211; przydadz\u0105 si\u0119 raczki. Na g\u00f3rze bywa bardzo \u015blisko.<\/p>\n\n\n\n<p class=\"wp-block-paragraph\"><\/p>\n\n\n<div class=\"wp-block-image\">\n<figure class=\"aligncenter size-full\"><img loading=\"lazy\" decoding=\"async\" width=\"600\" height=\"816\" src=\"https:\/\/8a.pl\/8academy\/wp-content\/uploads\/2025\/12\/6L7A3124.webp\" alt=\"Raczki na butach,\" class=\"wp-image-83410\" srcset=\"https:\/\/8a.pl\/8academy\/wp-content\/uploads\/2025\/12\/6L7A3124.webp 600w, https:\/\/8a.pl\/8academy\/wp-content\/uploads\/2025\/12\/6L7A3124-221x300.webp 221w\" sizes=\"(max-width: 600px) 100vw, 600px\" \/><figcaption class=\"wp-element-caption\">Raczki (lub raki) na Kasprowy Wierch zim\u0105 \u2013 obowi\u0105zkowy element wyposa\u017cenia. (fot. 8a.pl)<\/figcaption><\/figure>\n<\/div>\n\n\n<h2 class=\"wp-block-heading\" id=\"h-narty-na-kasprowym-wierchu\">Narty na Kasprowym Wierchu<\/h2>\n\n\n\n<p class=\"wp-block-paragraph\">Kasprowy Wierch to jedyne miejsce w polskich Tatrach, gdzie mo\u017cesz legalnie je\u017adzi\u0107 na nartach w warunkach wysokog\u00f3rskich. Zim\u0105 dzia\u0142a tu infrastruktura narciarska &#8211; trasy w Dolinie G\u0105sienicowej i Goryczkowej, wyci\u0105gi krzese\u0142kowe i oczywi\u015bcie kolej linowa z Ku\u017anic. Widok nart i but\u00f3w narciarskich na szczycie nikogo nie dziwi \u2013 to cz\u0119\u015b\u0107 tutejszego zimowego krajobrazu.<\/p>\n\n\n\n<p class=\"wp-block-paragraph\"><\/p>\n\n\n    <section class=\"ep8a-section\">\n      <div class=\"ep8a-header\">\n        <div class=\"ep8a-titlebar\">\n          <p class=\"ep8a-h\">Narty zjazdowe<\/p>          <span class=\"ep8a-titleline\"><\/span>\n        <\/div>\n      <\/div>\n\n      <div class=\"ep8a-wrap\" id=\"ep8a_6a9f2d9c-a0bd-4f86-b3f4-3696f7325832\">\n        <div class=\"ep8a-carousel swiper\" id=\"ep8a_6a9f2d9c-a0bd-4f86-b3f4-3696f7325832_swiper\">\n          <div class=\"swiper-wrapper\">\n                          <div class=\"swiper-slide\">\n                <article class=\"ep8a-tile\">\n                  <a class=\"ep8a-link\" href=\"https:\/\/8a.pl\/narty-volkl-shine-72-wiazania-vmotion-9-gw-lady\" target=\"_self\" rel=\"nofollow noopener noreferrer\" aria-label=\"Volkl Shine 72 \/ Vmotion 9 GW Lady\">\n                    <div class=\"ep8a-card\">\n                      <div class=\"ep8a-imgwrap\">\n                                                <img class=\"ep8a-img skip-lazy no-lazy\" decoding=\"async\" loading=\"eager\" data-no-lazy=\"1\" src=\"https:\/\/8a.pl\/media\/catalog\/product\/n\/a\/narty-volkl-shine-72-wiazania-vmotion-9-gw-lady-1764948698.webp@jpg\" alt=\"Volkl Shine 72 \/ Vmotion 9 GW Lady\" width=\"500\" height=\"600\">                      <\/div>\n                    <\/div>\n                  <\/a>\n                  <div class=\"ep8a-caption\">\n                    <a class=\"ep8a-link\" href=\"https:\/\/8a.pl\/narty-volkl-shine-72-wiazania-vmotion-9-gw-lady\" target=\"_self\" rel=\"nofollow noopener noreferrer\">\n                      <h3 class=\"ep8a-title\" title=\"Volkl Shine 72 \/ Vmotion 9 GW Lady\">Volkl Shine 72 \/ Vmotion 9 GW Lady<\/h3>\n                    <\/a>\n                    <div class=\"ep8a-price\">1350.99 z\u0142<\/div>                  <\/div>\n                <\/article>\n              <\/div>\n                          <div class=\"swiper-slide\">\n                <article class=\"ep8a-tile\">\n                  <a class=\"ep8a-link\" href=\"https:\/\/8a.pl\/narty-volkl-shine-72-wiazania-vmotion-10-gw-lady\" target=\"_self\" rel=\"nofollow noopener noreferrer\" aria-label=\"Volkl Shine 72 \/ Vmotion 10 GW Lady\">\n                    <div class=\"ep8a-card\">\n                      <div class=\"ep8a-imgwrap\">\n                                                <img class=\"ep8a-img skip-lazy no-lazy\" decoding=\"async\" loading=\"eager\" data-no-lazy=\"1\" src=\"https:\/\/8a.pl\/media\/catalog\/product\/n\/a\/narty-volkl-shine-72-wiazania-vmotion-10-gw-lady-1764948699.webp@jpg\" alt=\"Volkl Shine 72 \/ Vmotion 10 GW Lady\" width=\"500\" height=\"600\">                      <\/div>\n                    <\/div>\n                  <\/a>\n                  <div class=\"ep8a-caption\">\n                    <a class=\"ep8a-link\" href=\"https:\/\/8a.pl\/narty-volkl-shine-72-wiazania-vmotion-10-gw-lady\" target=\"_self\" rel=\"nofollow noopener noreferrer\">\n                      <h3 class=\"ep8a-title\" title=\"Volkl Shine 72 \/ Vmotion 10 GW Lady\">Volkl Shine 72 \/ Vmotion 10 GW Lady<\/h3>\n                    <\/a>\n                    <div class=\"ep8a-price\">1387.99 z\u0142<\/div>                  <\/div>\n                <\/article>\n              <\/div>\n                          <div class=\"swiper-slide\">\n                <article class=\"ep8a-tile\">\n                  <a class=\"ep8a-link\" href=\"https:\/\/8a.pl\/narty-volkl-shine-76-wiazania-vmotion-10-gw-lady\" target=\"_self\" rel=\"nofollow noopener noreferrer\" aria-label=\"Volkl Shine 76 \/ Vmotion 10 GW Lady\">\n                    <div class=\"ep8a-card\">\n                      <div class=\"ep8a-imgwrap\">\n                                                <img class=\"ep8a-img skip-lazy no-lazy\" decoding=\"async\" loading=\"eager\" data-no-lazy=\"1\" src=\"https:\/\/8a.pl\/media\/catalog\/product\/n\/a\/narty-volkl-shine-76-wiazania-vmotion-10-gw-lady-1764948731.webp@jpg\" alt=\"Volkl Shine 76 \/ Vmotion 10 GW Lady\" width=\"500\" height=\"600\">                      <\/div>\n                    <\/div>\n                  <\/a>\n                  <div class=\"ep8a-caption\">\n                    <a class=\"ep8a-link\" href=\"https:\/\/8a.pl\/narty-volkl-shine-76-wiazania-vmotion-10-gw-lady\" target=\"_self\" rel=\"nofollow noopener noreferrer\">\n                      <h3 class=\"ep8a-title\" title=\"Volkl Shine 76 \/ Vmotion 10 GW Lady\">Volkl Shine 76 \/ Vmotion 10 GW Lady<\/h3>\n                    <\/a>\n                    <div class=\"ep8a-price\">1699.99 z\u0142<\/div>                  <\/div>\n                <\/article>\n              <\/div>\n                          <div class=\"swiper-slide\">\n                <article class=\"ep8a-tile\">\n                  <a class=\"ep8a-link\" href=\"https:\/\/8a.pl\/narty-volkl-shine-mt-wiazania-vmotion-10-gw-lady\" target=\"_self\" rel=\"nofollow noopener noreferrer\" aria-label=\"Volkl Shine MT \/ Vmotion 10 GW Lady\">\n                    <div class=\"ep8a-card\">\n                      <div class=\"ep8a-imgwrap\">\n                                                <img class=\"ep8a-img skip-lazy no-lazy\" decoding=\"async\" loading=\"eager\" data-no-lazy=\"1\" src=\"https:\/\/8a.pl\/media\/catalog\/product\/n\/a\/narty-volkl-shine-mt-wiazania-vmotion-10-gw-lady-1764948734.webp@jpg\" alt=\"Volkl Shine MT \/ Vmotion 10 GW Lady\" width=\"500\" height=\"600\">                      <\/div>\n                    <\/div>\n                  <\/a>\n                  <div class=\"ep8a-caption\">\n                    <a class=\"ep8a-link\" href=\"https:\/\/8a.pl\/narty-volkl-shine-mt-wiazania-vmotion-10-gw-lady\" target=\"_self\" rel=\"nofollow noopener noreferrer\">\n                      <h3 class=\"ep8a-title\" title=\"Volkl Shine MT \/ Vmotion 10 GW Lady\">Volkl Shine MT \/ Vmotion 10 GW Lady<\/h3>\n                    <\/a>\n                    <div class=\"ep8a-price\">2044.99 z\u0142<\/div>                  <\/div>\n                <\/article>\n              <\/div>\n                          <div class=\"swiper-slide\">\n                <article class=\"ep8a-tile\">\n                  <a class=\"ep8a-link\" href=\"https:\/\/8a.pl\/narty-volkl-peregrine-x-wiazania-vmotion-10-gw-red\" target=\"_self\" rel=\"nofollow noopener noreferrer\" aria-label=\"Volkl Peregrine X \/ Vmotion 10 GW\">\n                    <div class=\"ep8a-card\">\n                      <div class=\"ep8a-imgwrap\">\n                                                <img class=\"ep8a-img skip-lazy no-lazy\" decoding=\"async\" loading=\"eager\" data-no-lazy=\"1\" src=\"https:\/\/8a.pl\/media\/catalog\/product\/n\/a\/narty-volkl-peregrine-x-wiazania-vmotion-10-gw-red-1764948579.webp@jpg\" alt=\"Volkl Peregrine X \/ Vmotion 10 GW\" width=\"500\" height=\"600\">                      <\/div>\n                    <\/div>\n                  <\/a>\n                  <div class=\"ep8a-caption\">\n                    <a class=\"ep8a-link\" href=\"https:\/\/8a.pl\/narty-volkl-peregrine-x-wiazania-vmotion-10-gw-red\" target=\"_self\" rel=\"nofollow noopener noreferrer\">\n                      <h3 class=\"ep8a-title\" title=\"Volkl Peregrine X \/ Vmotion 10 GW\">Volkl Peregrine X \/ Vmotion 10 GW<\/h3>\n                    <\/a>\n                    <div class=\"ep8a-price\">1387.99 z\u0142<\/div>                  <\/div>\n                <\/article>\n              <\/div>\n                          <div class=\"swiper-slide\">\n                <article class=\"ep8a-tile\">\n                  <a class=\"ep8a-link\" href=\"https:\/\/8a.pl\/narty-volkl-peregrine-x-wiazania-vmotion-12-gw-red\" target=\"_self\" rel=\"nofollow noopener noreferrer\" aria-label=\"Volkl Peregrine X \/ Vmotion 12 GW\">\n                    <div class=\"ep8a-card\">\n                      <div class=\"ep8a-imgwrap\">\n                                                <img class=\"ep8a-img skip-lazy no-lazy\" decoding=\"async\" loading=\"eager\" data-no-lazy=\"1\" src=\"https:\/\/8a.pl\/media\/catalog\/product\/n\/a\/narty-volkl-peregrine-x-wiazania-vmotion-12-gw-red-1764948582.webp@jpg\" alt=\"Volkl Peregrine X \/ Vmotion 12 GW\" width=\"500\" height=\"600\">                      <\/div>\n                    <\/div>\n                  <\/a>\n                  <div class=\"ep8a-caption\">\n                    <a class=\"ep8a-link\" href=\"https:\/\/8a.pl\/narty-volkl-peregrine-x-wiazania-vmotion-12-gw-red\" target=\"_self\" rel=\"nofollow noopener noreferrer\">\n                      <h3 class=\"ep8a-title\" title=\"Volkl Peregrine X \/ Vmotion 12 GW\">Volkl Peregrine X \/ Vmotion 12 GW<\/h3>\n                    <\/a>\n                    <div class=\"ep8a-price\">1705.99 z\u0142<\/div>                  <\/div>\n                <\/article>\n              <\/div>\n                          <div class=\"swiper-slide\">\n                <article class=\"ep8a-tile\">\n                  <a class=\"ep8a-link\" href=\"https:\/\/8a.pl\/narty-volkl-racetiger-rc-wiazania-vmotion-10-gw-red-black\" target=\"_self\" rel=\"nofollow noopener noreferrer\" aria-label=\"Volkl Racetiger RC \/ Vmotion 10 GW\">\n                    <div class=\"ep8a-card\">\n                      <div class=\"ep8a-imgwrap\">\n                                                <img class=\"ep8a-img skip-lazy no-lazy\" decoding=\"async\" loading=\"eager\" data-no-lazy=\"1\" src=\"https:\/\/8a.pl\/media\/catalog\/product\/n\/a\/narty-volkl-racetiger-rc-wiazania-vmotion-10-gw-red-black-1764948616.webp@jpg\" alt=\"Volkl Racetiger RC \/ Vmotion 10 GW\" width=\"500\" height=\"600\">                      <\/div>\n                    <\/div>\n                  <\/a>\n                  <div class=\"ep8a-caption\">\n                    <a class=\"ep8a-link\" href=\"https:\/\/8a.pl\/narty-volkl-racetiger-rc-wiazania-vmotion-10-gw-red-black\" target=\"_self\" rel=\"nofollow noopener noreferrer\">\n                      <h3 class=\"ep8a-title\" title=\"Volkl Racetiger RC \/ Vmotion 10 GW\">Volkl Racetiger RC \/ Vmotion 10 GW<\/h3>\n                    <\/a>\n                    <div class=\"ep8a-price\">2999.99 z\u0142<\/div>                  <\/div>\n                <\/article>\n              <\/div>\n                          <div class=\"swiper-slide\">\n                <article class=\"ep8a-tile\">\n                  <a class=\"ep8a-link\" href=\"https:\/\/8a.pl\/narty-volkl-racetiger-sl-wiazania-rmotion-t-12-yellow-dark-grey\" target=\"_self\" rel=\"nofollow noopener noreferrer\" aria-label=\"Volkl Racetiger SL \/ Rmotion T 12\">\n                    <div class=\"ep8a-card\">\n                      <div class=\"ep8a-imgwrap\">\n                                                <img class=\"ep8a-img skip-lazy no-lazy\" decoding=\"async\" loading=\"eager\" data-no-lazy=\"1\" src=\"https:\/\/8a.pl\/media\/catalog\/product\/n\/a\/narty-volkl-racetiger-sl-wiazania-rmotion-t-12-yellow-dark-grey-1764948690.webp@jpg\" alt=\"Volkl Racetiger SL \/ Rmotion T 12\" width=\"500\" height=\"600\">                      <\/div>\n                    <\/div>\n                  <\/a>\n                  <div class=\"ep8a-caption\">\n                    <a class=\"ep8a-link\" href=\"https:\/\/8a.pl\/narty-volkl-racetiger-sl-wiazania-rmotion-t-12-yellow-dark-grey\" target=\"_self\" rel=\"nofollow noopener noreferrer\">\n                      <h3 class=\"ep8a-title\" title=\"Volkl Racetiger SL \/ Rmotion T 12\">Volkl Racetiger SL \/ Rmotion T 12<\/h3>\n                    <\/a>\n                    <div class=\"ep8a-price\">3358.99 z\u0142<\/div>                  <\/div>\n                <\/article>\n              <\/div>\n                          <div class=\"swiper-slide\">\n                <article class=\"ep8a-tile\">\n                  <a class=\"ep8a-link\" href=\"https:\/\/8a.pl\/narty-volkl-racetiger-gs-master-wiazania-comp-12-red-dark-grey\" target=\"_self\" rel=\"nofollow noopener noreferrer\" aria-label=\"Volkl Racetiger GS Master \/ Comp 12\">\n                    <div class=\"ep8a-card\">\n                      <div class=\"ep8a-imgwrap\">\n                                                <img class=\"ep8a-img skip-lazy no-lazy\" decoding=\"async\" loading=\"eager\" data-no-lazy=\"1\" src=\"https:\/\/8a.pl\/media\/catalog\/product\/n\/a\/narty-volkl-racetiger-gs-master-wiazania-comp-12-red-dark-grey-1764929440.webp@jpg\" alt=\"Volkl Racetiger GS Master \/ Comp 12\" width=\"500\" height=\"600\">                      <\/div>\n                    <\/div>\n                  <\/a>\n                  <div class=\"ep8a-caption\">\n                    <a class=\"ep8a-link\" href=\"https:\/\/8a.pl\/narty-volkl-racetiger-gs-master-wiazania-comp-12-red-dark-grey\" target=\"_self\" rel=\"nofollow noopener noreferrer\">\n                      <h3 class=\"ep8a-title\" title=\"Volkl Racetiger GS Master \/ Comp 12\">Volkl Racetiger GS Master \/ Comp 12<\/h3>\n                    <\/a>\n                    <div class=\"ep8a-price\">4822.99 z\u0142<\/div>                  <\/div>\n                <\/article>\n              <\/div>\n                          <div class=\"swiper-slide\">\n                <article class=\"ep8a-tile\">\n                  <a class=\"ep8a-link\" href=\"https:\/\/8a.pl\/narty-volkl-racetiger-gs-master-wiazania-comp-16-gw-red-dark-grey\" target=\"_self\" rel=\"nofollow noopener noreferrer\" aria-label=\"Volkl Racetiger GS Master \/ Comp 16 GW\">\n                    <div class=\"ep8a-card\">\n                      <div class=\"ep8a-imgwrap\">\n                                                <img class=\"ep8a-img skip-lazy no-lazy\" decoding=\"async\" loading=\"eager\" data-no-lazy=\"1\" src=\"https:\/\/8a.pl\/media\/catalog\/product\/n\/a\/narty-volkl-racetiger-gs-master-wiazania-comp-16-gw-red-dark-grey-1764929439.webp@jpg\" alt=\"Volkl Racetiger GS Master \/ Comp 16 GW\" width=\"500\" height=\"600\">                      <\/div>\n                    <\/div>\n                  <\/a>\n                  <div class=\"ep8a-caption\">\n                    <a class=\"ep8a-link\" href=\"https:\/\/8a.pl\/narty-volkl-racetiger-gs-master-wiazania-comp-16-gw-red-dark-grey\" target=\"_self\" rel=\"nofollow noopener noreferrer\">\n                      <h3 class=\"ep8a-title\" title=\"Volkl Racetiger GS Master \/ Comp 16 GW\">Volkl Racetiger GS Master \/ Comp 16 GW<\/h3>\n                    <\/a>\n                    <div class=\"ep8a-price\">5053.99 z\u0142<\/div>                  <\/div>\n                <\/article>\n              <\/div>\n                      <\/div>\n        <\/div>\n\n        <!-- Strza\u0142ki poza .swiper -->\n        <button class=\"ep8a-arrow ep8a-prev\" id=\"ep8a_6a9f2d9c-a0bd-4f86-b3f4-3696f7325832_prev\" aria-label=\"Poprzedni\"><\/button>\n        <button class=\"ep8a-arrow ep8a-next\" id=\"ep8a_6a9f2d9c-a0bd-4f86-b3f4-3696f7325832_next\" aria-label=\"Nast\u0119pny\"><\/button>\n      <\/div>\n\n      <!-- Stopka: linia + CTA po prawej -->\n      <div class=\"ep8a-bottom\">\n        <span class=\"ep8a-bottomline\"><\/span>\n                  <a class=\"ep8a-cta\" href=\"https:\/\/8a.pl\/narty-zjazdowe\" target=\"_self\" rel=\"nofollow noopener noreferrer\">\n            KUP NARTY ZJAZDOWE          <\/a>\n              <\/div>\n    <\/section>\n\n\t<script>\n\tdocument.addEventListener(\"DOMContentLoaded\", function(){\n\t  if (typeof Swiper === \"undefined\") return;\n\n\t  const sel    = \"#ep8a_6a9f2d9c-a0bd-4f86-b3f4-3696f7325832_swiper\";\n\t  const prevEl = \"#ep8a_6a9f2d9c-a0bd-4f86-b3f4-3696f7325832_prev\";\n\t  const nextEl = \"#ep8a_6a9f2d9c-a0bd-4f86-b3f4-3696f7325832_next\";\n\n\t  \/\/ 1) Zainicjuj Swiper od razu \u2013 nie czekaj na wszystkie obrazy\n\t  let sw = new Swiper(sel, {\n\t\tloop: true,\n\t\tspaceBetween: 24,\n\t\tslidesPerView: 1,\n\t\troundLengths: true,\n\t\tobserver: true,\n\t\tobserveParents: true,\n\t\tresizeObserver: true,\n\t\tpreloadImages: true,\n\t\tupdateOnWindowResize: true,\n\t\tlazy: { loadOnTransitionStart: true, loadPrevNext: true, loadPrevNextAmount: 2 },\n\t\twatchSlidesProgress: true,\n\t\twatchSlidesVisibility: true,\n\t\tnavigation: { nextEl, prevEl },\n\t\tbreakpoints: {\n\t\t  320:  { slidesPerView: 2 },\n\t\t  720:  { slidesPerView: 3 },\n\t\t  1200: { slidesPerView: 4 }\n\t\t},\n\t\ton: {\n\t\t  imagesReady() { try { sw.update(); } catch(e){} },\n\t\t  afterInit()   { try { sw.update(); } catch(e){} }\n\t\t}\n\t  });\n\n\t  \/\/ 2) Delikatny \u201enudge\u201d dla przegl\u0105darki: je\u015bli obraz jest w DOM i ma src, popro\u015b o decode\n\t  const imgs = document.querySelectorAll(sel + \" .ep8a-img\");\n\t  imgs.forEach((img) => {\n\t\tif (img.complete) {\n\t\t  if (img.decode) { img.decode().catch(()=>{}).finally(()=> sw && sw.update()); }\n\t\t} else {\n\t\t  img.addEventListener(\"load\",  () => { if (img.decode) { img.decode().catch(()=>{}).finally(()=> sw && sw.update()); } else { sw && sw.update(); } }, { once:true });\n\t\t  img.addEventListener(\"error\", () => { sw && sw.update(); }, { once:true });\n\t\t}\n\t  });\n\n\t  \/\/ 3) Gdy okno w pe\u0142ni si\u0119 za\u0142aduje, przelicz jeszcze raz\n\t  window.addEventListener(\"load\", () => { sw && sw.update(); });\n\t});\n\t<\/script>\n\n    \n\n\n\n<p class=\"wp-block-paragraph\">Trzeba jednak zaznaczy\u0107 &#8211; to nie jest o\u015brodek dla pocz\u0105tkuj\u0105cych. Strome stoki, cz\u0119sto twarde i przewiane trasy, ograniczona widoczno\u015b\u0107, a czasem po prostu l\u00f3d \u2013 wszystko to sprawia, \u017ce Kasprowy to propozycja dla os\u00f3b z do\u015bwiadczeniem. Je\u015bli planujesz wyjazd na narty i chcesz wjecha\u0107 na Kasprowy, sprawd\u017a wcze\u015bniej komunikaty pogodowe, stan tras i aktualne warunki lawinowe. A je\u015bli dopiero zaczynasz przygod\u0119 ze skiturami \u2013 to nie jest najlepsze miejsce na pierwszy raz.<\/p>\n\n\n\n<p class=\"wp-block-paragraph\"><\/p>\n\n\n<div class=\"wp-block-image\">\n<figure class=\"aligncenter size-full is-resized\"><img loading=\"lazy\" decoding=\"async\" width=\"600\" height=\"816\" src=\"https:\/\/8a.pl\/8academy\/wp-content\/uploads\/2026\/01\/dynastar_3.webp\" alt=\"Kolejka z narciarzami.\" class=\"wp-image-83479\" style=\"width:600px;height:auto\" srcset=\"https:\/\/8a.pl\/8academy\/wp-content\/uploads\/2026\/01\/dynastar_3.webp 600w, https:\/\/8a.pl\/8academy\/wp-content\/uploads\/2026\/01\/dynastar_3-221x300.webp 221w\" sizes=\"(max-width: 600px) 100vw, 600px\" \/><figcaption class=\"wp-element-caption\">Kasprowy Wierch zim\u0105 oferuje tak\u017ce mo\u017cliwo\u015bci dla fan\u00f3w narciarstwa. (fot. Dynastar)<\/figcaption><\/figure>\n<\/div>\n\n\n<h2 class=\"wp-block-heading\" id=\"h-jak-przygotowac-sie-na-piesza-wycieczke-na-kasprowy-wierch-zima\">Jak przygotowa\u0107 si\u0119 na piesz\u0105 wycieczk\u0119 na Kasprowy Wierch zim\u0105?<\/h2>\n\n\n\n<p class=\"wp-block-paragraph\">Zimowe wej\u015bcie na Kasprowy nie jest wypraw\u0105 ekstremaln\u0105, ale te\u017c nie jest to przespacerowanie si\u0119 po \u015bniegu. To wycieczka w teren wysokog\u00f3rski, gdzie warunki potrafi\u0105 by\u0107 naprawd\u0119 wymagaj\u0105ce, a b\u0142\u0119dy potrafi\u0105 kosztowa\u0107 sporo. Dlatego przygotowanie powinno zacz\u0105\u0107 si\u0119 jeszcze przed wyj\u015bciem z domu \u2013 od sprawdzenia komunikatu lawinowego, prognozy pogody i tego, jak wygl\u0105da trasa, kt\u00f3r\u0105 planujesz i\u015b\u0107.<\/p>\n\n\n\n<p class=\"wp-block-paragraph\">Na szlak obowi\u0105zkowo:<\/p>\n\n\n\n<ul class=\"wp-block-list\">\n<li><strong>Raczki lub raki<\/strong> \u2013 zale\u017cnie od warunk\u00f3w,<\/li>\n\n\n\n<li><strong>Kije trekkingowe<\/strong>,<\/li>\n\n\n\n<li><strong>Porz\u0105dne buty zimowe z wysok\u0105 cholewk\u0105<\/strong> i dobr\u0105 podeszw\u0105,<\/li>\n\n\n\n<li><strong>Warstwowy ubi\u00f3r<\/strong>: bielizna termiczna, warstwa ocieplaj\u0105ca i dobra kurtka,<\/li>\n\n\n\n<li><strong>R\u0119kawice (najlepiej dwie pary), czapka i co\u015b na szyj\u0119<\/strong>,<\/li>\n\n\n\n<li><strong>Gogle lub okulary przeciws\u0142oneczne<\/strong> \u2013 bo \u015bnieg potrafi o\u015blepia\u0107, a wiatr wia\u0107 prosto w oczy<\/li>\n\n\n\n<li><strong>Czo\u0142\u00f3wka, na\u0142adowany telefon, termos z ciep\u0142ym napojem i przek\u0105ski.<\/strong><\/li>\n<\/ul>\n\n\n\n<p class=\"wp-block-paragraph\"><\/p>\n\n\n    <section class=\"ep8a-section\">\n      <div class=\"ep8a-header\">\n        <div class=\"ep8a-titlebar\">\n          <p class=\"ep8a-h\">Raczki turystyczne<\/p>          <span class=\"ep8a-titleline\"><\/span>\n        <\/div>\n      <\/div>\n\n      <div class=\"ep8a-wrap\" id=\"ep8a_8d71c154-b9ac-4b06-9c1c-926712c42e36\">\n        <div class=\"ep8a-carousel swiper\" id=\"ep8a_8d71c154-b9ac-4b06-9c1c-926712c42e36_swiper\">\n          <div class=\"swiper-wrapper\">\n                          <div class=\"swiper-slide\">\n                <article class=\"ep8a-tile\">\n                  <a class=\"ep8a-link\" href=\"https:\/\/8a.pl\/raczki-na-buty-skylotec-mini-crampon-6p-black\" target=\"_self\" rel=\"nofollow noopener noreferrer\" aria-label=\"SKYLOTEC Mini Crampon 6P\">\n                    <div class=\"ep8a-card\">\n                      <div class=\"ep8a-imgwrap\">\n                                                <img class=\"ep8a-img skip-lazy no-lazy\" decoding=\"async\" loading=\"eager\" data-no-lazy=\"1\" src=\"https:\/\/8a.pl\/media\/catalog\/product\/8\/0\/8053841306857-1768484120.webp@jpg\" alt=\"SKYLOTEC Mini Crampon 6P\" width=\"500\" height=\"600\">                      <\/div>\n                    <\/div>\n                  <\/a>\n                  <div class=\"ep8a-caption\">\n                    <a class=\"ep8a-link\" href=\"https:\/\/8a.pl\/raczki-na-buty-skylotec-mini-crampon-6p-black\" target=\"_self\" rel=\"nofollow noopener noreferrer\">\n                      <h3 class=\"ep8a-title\" title=\"SKYLOTEC Mini Crampon 6P\">SKYLOTEC Mini Crampon 6P<\/h3>\n                    <\/a>\n                    <div class=\"ep8a-price\">229.99 z\u0142<\/div>                  <\/div>\n                <\/article>\n              <\/div>\n                          <div class=\"swiper-slide\">\n                <article class=\"ep8a-tile\">\n                  <a class=\"ep8a-link\" href=\"https:\/\/8a.pl\/raczki-turystyczne-8a-hiking-crampons-orange\" target=\"_self\" rel=\"nofollow noopener noreferrer\" aria-label=\"8a Hiking Crampons\">\n                    <div class=\"ep8a-card\">\n                      <div class=\"ep8a-imgwrap\">\n                                                <img class=\"ep8a-img skip-lazy no-lazy\" decoding=\"async\" loading=\"eager\" data-no-lazy=\"1\" src=\"https:\/\/8a.pl\/media\/catalog\/product\/r\/a\/raczki-turystyczne-8a-hiking-crampons-orange-1768209135.webp@jpg\" alt=\"8a Hiking Crampons\" width=\"500\" height=\"600\">                      <\/div>\n                    <\/div>\n                  <\/a>\n                  <div class=\"ep8a-caption\">\n                    <a class=\"ep8a-link\" href=\"https:\/\/8a.pl\/raczki-turystyczne-8a-hiking-crampons-orange\" target=\"_self\" rel=\"nofollow noopener noreferrer\">\n                      <h3 class=\"ep8a-title\" title=\"8a Hiking Crampons\">8a Hiking Crampons<\/h3>\n                    <\/a>\n                    <div class=\"ep8a-price\">99.99 z\u0142<\/div>                  <\/div>\n                <\/article>\n              <\/div>\n                          <div class=\"swiper-slide\">\n                <article class=\"ep8a-tile\">\n                  <a class=\"ep8a-link\" href=\"https:\/\/8a.pl\/raczki-turystyczne-camp-ice-master-pro\" target=\"_self\" rel=\"nofollow noopener noreferrer\" aria-label=\"Camp Ice Master Pro\">\n                    <div class=\"ep8a-card\">\n                      <div class=\"ep8a-imgwrap\">\n                                                <img class=\"ep8a-img skip-lazy no-lazy\" decoding=\"async\" loading=\"eager\" data-no-lazy=\"1\" src=\"https:\/\/8a.pl\/media\/catalog\/product\/r\/a\/raczki-turystyczne-camp-ice-master-pro-1765547256.webp@jpg\" alt=\"Camp Ice Master Pro\" width=\"500\" height=\"600\">                      <\/div>\n                    <\/div>\n                  <\/a>\n                  <div class=\"ep8a-caption\">\n                    <a class=\"ep8a-link\" href=\"https:\/\/8a.pl\/raczki-turystyczne-camp-ice-master-pro\" target=\"_self\" rel=\"nofollow noopener noreferrer\">\n                      <h3 class=\"ep8a-title\" title=\"Camp Ice Master Pro\">Camp Ice Master Pro<\/h3>\n                    <\/a>\n                    <div class=\"ep8a-price\">221.99 z\u0142<\/div>                  <\/div>\n                <\/article>\n              <\/div>\n                          <div class=\"swiper-slide\">\n                <article class=\"ep8a-tile\">\n                  <a class=\"ep8a-link\" href=\"https:\/\/8a.pl\/raczki-biegowe-nortec-corsa-2-5-lemon\" target=\"_self\" rel=\"nofollow noopener noreferrer\" aria-label=\"Nortec Corsa 2.5\">\n                    <div class=\"ep8a-card\">\n                      <div class=\"ep8a-imgwrap\">\n                                                <img class=\"ep8a-img skip-lazy no-lazy\" decoding=\"async\" loading=\"eager\" data-no-lazy=\"1\" src=\"https:\/\/8a.pl\/media\/catalog\/product\/r\/a\/raczki-biegowe-nortec-corsa-2-5-lemon-1765547607.webp@jpg\" alt=\"Nortec Corsa 2.5\" width=\"500\" height=\"600\">                      <\/div>\n                    <\/div>\n                  <\/a>\n                  <div class=\"ep8a-caption\">\n                    <a class=\"ep8a-link\" href=\"https:\/\/8a.pl\/raczki-biegowe-nortec-corsa-2-5-lemon\" target=\"_self\" rel=\"nofollow noopener noreferrer\">\n                      <h3 class=\"ep8a-title\" title=\"Nortec Corsa 2.5\">Nortec Corsa 2.5<\/h3>\n                    <\/a>\n                    <div class=\"ep8a-price\">209.99 z\u0142<\/div>                  <\/div>\n                <\/article>\n              <\/div>\n                          <div class=\"swiper-slide\">\n                <article class=\"ep8a-tile\">\n                  <a class=\"ep8a-link\" href=\"https:\/\/8a.pl\/raczki-do-biegania-nortec-trail-2-4-pink\" target=\"_self\" rel=\"nofollow noopener noreferrer\" aria-label=\"Nortec Trail 2.4\">\n                    <div class=\"ep8a-card\">\n                      <div class=\"ep8a-imgwrap\">\n                                                <img class=\"ep8a-img skip-lazy no-lazy\" decoding=\"async\" loading=\"eager\" data-no-lazy=\"1\" src=\"https:\/\/8a.pl\/media\/catalog\/product\/r\/a\/raczki-do-biegania-nortec-trail-2-4-pink-1770217931.webp@jpg\" alt=\"Nortec Trail 2.4\" width=\"500\" height=\"600\">                      <\/div>\n                    <\/div>\n                  <\/a>\n                  <div class=\"ep8a-caption\">\n                    <a class=\"ep8a-link\" href=\"https:\/\/8a.pl\/raczki-do-biegania-nortec-trail-2-4-pink\" target=\"_self\" rel=\"nofollow noopener noreferrer\">\n                      <h3 class=\"ep8a-title\" title=\"Nortec Trail 2.4\">Nortec Trail 2.4<\/h3>\n                    <\/a>\n                    <div class=\"ep8a-price\">299.99 z\u0142<\/div>                  <\/div>\n                <\/article>\n              <\/div>\n                          <div class=\"swiper-slide\">\n                <article class=\"ep8a-tile\">\n                  <a class=\"ep8a-link\" href=\"https:\/\/8a.pl\/raczki-do-biegania-nortec-trail-2-4-orange\" target=\"_self\" rel=\"nofollow noopener noreferrer\" aria-label=\"Nortec Trail 2.4\">\n                    <div class=\"ep8a-card\">\n                      <div class=\"ep8a-imgwrap\">\n                                                <img class=\"ep8a-img skip-lazy no-lazy\" decoding=\"async\" loading=\"eager\" data-no-lazy=\"1\" src=\"https:\/\/8a.pl\/media\/catalog\/product\/r\/a\/raczki-do-biegania-nortec-trail-2-4-orange-1770217880.webp@jpg\" alt=\"Nortec Trail 2.4\" width=\"500\" height=\"600\">                      <\/div>\n                    <\/div>\n                  <\/a>\n                  <div class=\"ep8a-caption\">\n                    <a class=\"ep8a-link\" href=\"https:\/\/8a.pl\/raczki-do-biegania-nortec-trail-2-4-orange\" target=\"_self\" rel=\"nofollow noopener noreferrer\">\n                      <h3 class=\"ep8a-title\" title=\"Nortec Trail 2.4\">Nortec Trail 2.4<\/h3>\n                    <\/a>\n                    <div class=\"ep8a-price\">284.99 z\u0142<\/div>                  <\/div>\n                <\/article>\n              <\/div>\n                          <div class=\"swiper-slide\">\n                <article class=\"ep8a-tile\">\n                  <a class=\"ep8a-link\" href=\"https:\/\/8a.pl\/raczki-na-buty-salewa-ultralight-mtn-spike-crampon-orange\" target=\"_self\" rel=\"nofollow noopener noreferrer\" aria-label=\"Salewa Ultralight Mtn Spike Crampon\">\n                    <div class=\"ep8a-card\">\n                      <div class=\"ep8a-imgwrap\">\n                                                <img class=\"ep8a-img skip-lazy no-lazy\" decoding=\"async\" loading=\"eager\" data-no-lazy=\"1\" src=\"https:\/\/8a.pl\/media\/catalog\/product\/r\/a\/raczki-na-buty-salewa-ultralight-mtn-spike-crampon-orange-1770298160.webp@jpg\" alt=\"Salewa Ultralight Mtn Spike Crampon\" width=\"500\" height=\"600\">                      <\/div>\n                    <\/div>\n                  <\/a>\n                  <div class=\"ep8a-caption\">\n                    <a class=\"ep8a-link\" href=\"https:\/\/8a.pl\/raczki-na-buty-salewa-ultralight-mtn-spike-crampon-orange\" target=\"_self\" rel=\"nofollow noopener noreferrer\">\n                      <h3 class=\"ep8a-title\" title=\"Salewa Ultralight Mtn Spike Crampon\">Salewa Ultralight Mtn Spike Crampon<\/h3>\n                    <\/a>\n                    <div class=\"ep8a-price\">161.99 z\u0142<\/div>                  <\/div>\n                <\/article>\n              <\/div>\n                          <div class=\"swiper-slide\">\n                <article class=\"ep8a-tile\">\n                  <a class=\"ep8a-link\" href=\"https:\/\/8a.pl\/raczki-turystyczne-salewa-pedroc-mtn-spike-crampon-orange-grey-onyx\" target=\"_self\" rel=\"nofollow noopener noreferrer\" aria-label=\"Salewa Pedroc MTN Spike Crampon\">\n                    <div class=\"ep8a-card\">\n                      <div class=\"ep8a-imgwrap\">\n                                                <img class=\"ep8a-img skip-lazy no-lazy\" decoding=\"async\" loading=\"eager\" data-no-lazy=\"1\" src=\"https:\/\/8a.pl\/media\/catalog\/product\/S\/a\/Salewa_Pedroc_MTN_Spike_Crampon___orange_grey_onyx_0992_13dc.jpg\" alt=\"Salewa Pedroc MTN Spike Crampon\" width=\"500\" height=\"600\">                      <\/div>\n                    <\/div>\n                  <\/a>\n                  <div class=\"ep8a-caption\">\n                    <a class=\"ep8a-link\" href=\"https:\/\/8a.pl\/raczki-turystyczne-salewa-pedroc-mtn-spike-crampon-orange-grey-onyx\" target=\"_self\" rel=\"nofollow noopener noreferrer\">\n                      <h3 class=\"ep8a-title\" title=\"Salewa Pedroc MTN Spike Crampon\">Salewa Pedroc MTN Spike Crampon<\/h3>\n                    <\/a>\n                    <div class=\"ep8a-price\">324.99 z\u0142<\/div>                  <\/div>\n                <\/article>\n              <\/div>\n                          <div class=\"swiper-slide\">\n                <article class=\"ep8a-tile\">\n                  <a class=\"ep8a-link\" href=\"https:\/\/8a.pl\/raczki-turystyczne-grivel-explorer-light\" target=\"_self\" rel=\"nofollow noopener noreferrer\" aria-label=\"Grivel Explorer Light\">\n                    <div class=\"ep8a-card\">\n                      <div class=\"ep8a-imgwrap\">\n                                                <img class=\"ep8a-img skip-lazy no-lazy\" decoding=\"async\" loading=\"eager\" data-no-lazy=\"1\" src=\"https:\/\/8a.pl\/media\/catalog\/product\/G\/r\/Grivel_Explorer_Light_201_ebd3.jpg\" alt=\"Grivel Explorer Light\" width=\"500\" height=\"600\">                      <\/div>\n                    <\/div>\n                  <\/a>\n                  <div class=\"ep8a-caption\">\n                    <a class=\"ep8a-link\" href=\"https:\/\/8a.pl\/raczki-turystyczne-grivel-explorer-light\" target=\"_self\" rel=\"nofollow noopener noreferrer\">\n                      <h3 class=\"ep8a-title\" title=\"Grivel Explorer Light\">Grivel Explorer Light<\/h3>\n                    <\/a>\n                    <div class=\"ep8a-price\">139.99 z\u0142<\/div>                  <\/div>\n                <\/article>\n              <\/div>\n                          <div class=\"swiper-slide\">\n                <article class=\"ep8a-tile\">\n                  <a class=\"ep8a-link\" href=\"https:\/\/8a.pl\/raczki-biegowe-camp-ice-master-run\" target=\"_self\" rel=\"nofollow noopener noreferrer\" aria-label=\"Camp Ice Master Run\">\n                    <div class=\"ep8a-card\">\n                      <div class=\"ep8a-imgwrap\">\n                                                <img class=\"ep8a-img skip-lazy no-lazy\" decoding=\"async\" loading=\"eager\" data-no-lazy=\"1\" src=\"https:\/\/8a.pl\/media\/catalog\/product\/r\/a\/raki_camp_ice_master_run_1645708994_2_82ca.jpg\" alt=\"Camp Ice Master Run\" width=\"500\" height=\"600\">                      <\/div>\n                    <\/div>\n                  <\/a>\n                  <div class=\"ep8a-caption\">\n                    <a class=\"ep8a-link\" href=\"https:\/\/8a.pl\/raczki-biegowe-camp-ice-master-run\" target=\"_self\" rel=\"nofollow noopener noreferrer\">\n                      <h3 class=\"ep8a-title\" title=\"Camp Ice Master Run\">Camp Ice Master Run<\/h3>\n                    <\/a>\n                    <div class=\"ep8a-price\">169.99 z\u0142<\/div>                  <\/div>\n                <\/article>\n              <\/div>\n                      <\/div>\n        <\/div>\n\n        <!-- Strza\u0142ki poza .swiper -->\n        <button class=\"ep8a-arrow ep8a-prev\" id=\"ep8a_8d71c154-b9ac-4b06-9c1c-926712c42e36_prev\" aria-label=\"Poprzedni\"><\/button>\n        <button class=\"ep8a-arrow ep8a-next\" id=\"ep8a_8d71c154-b9ac-4b06-9c1c-926712c42e36_next\" aria-label=\"Nast\u0119pny\"><\/button>\n      <\/div>\n\n      <!-- Stopka: linia + CTA po prawej -->\n      <div class=\"ep8a-bottom\">\n        <span class=\"ep8a-bottomline\"><\/span>\n                  <a class=\"ep8a-cta\" href=\"https:\/\/8a.pl\/raczki-turystyczne\" target=\"_self\" rel=\"nofollow noopener noreferrer\">\n            KUP RACZKI NA BUTY          <\/a>\n              <\/div>\n    <\/section>\n\n\t<script>\n\tdocument.addEventListener(\"DOMContentLoaded\", function(){\n\t  if (typeof Swiper === \"undefined\") return;\n\n\t  const sel    = \"#ep8a_8d71c154-b9ac-4b06-9c1c-926712c42e36_swiper\";\n\t  const prevEl = \"#ep8a_8d71c154-b9ac-4b06-9c1c-926712c42e36_prev\";\n\t  const nextEl = \"#ep8a_8d71c154-b9ac-4b06-9c1c-926712c42e36_next\";\n\n\t  \/\/ 1) Zainicjuj Swiper od razu \u2013 nie czekaj na wszystkie obrazy\n\t  let sw = new Swiper(sel, {\n\t\tloop: true,\n\t\tspaceBetween: 24,\n\t\tslidesPerView: 1,\n\t\troundLengths: true,\n\t\tobserver: true,\n\t\tobserveParents: true,\n\t\tresizeObserver: true,\n\t\tpreloadImages: true,\n\t\tupdateOnWindowResize: true,\n\t\tlazy: { loadOnTransitionStart: true, loadPrevNext: true, loadPrevNextAmount: 2 },\n\t\twatchSlidesProgress: true,\n\t\twatchSlidesVisibility: true,\n\t\tnavigation: { nextEl, prevEl },\n\t\tbreakpoints: {\n\t\t  320:  { slidesPerView: 2 },\n\t\t  720:  { slidesPerView: 3 },\n\t\t  1200: { slidesPerView: 4 }\n\t\t},\n\t\ton: {\n\t\t  imagesReady() { try { sw.update(); } catch(e){} },\n\t\t  afterInit()   { try { sw.update(); } catch(e){} }\n\t\t}\n\t  });\n\n\t  \/\/ 2) Delikatny \u201enudge\u201d dla przegl\u0105darki: je\u015bli obraz jest w DOM i ma src, popro\u015b o decode\n\t  const imgs = document.querySelectorAll(sel + \" .ep8a-img\");\n\t  imgs.forEach((img) => {\n\t\tif (img.complete) {\n\t\t  if (img.decode) { img.decode().catch(()=>{}).finally(()=> sw && sw.update()); }\n\t\t} else {\n\t\t  img.addEventListener(\"load\",  () => { if (img.decode) { img.decode().catch(()=>{}).finally(()=> sw && sw.update()); } else { sw && sw.update(); } }, { once:true });\n\t\t  img.addEventListener(\"error\", () => { sw && sw.update(); }, { once:true });\n\t\t}\n\t  });\n\n\t  \/\/ 3) Gdy okno w pe\u0142ni si\u0119 za\u0142aduje, przelicz jeszcze raz\n\t  window.addEventListener(\"load\", () => { sw && sw.update(); });\n\t});\n\t<\/script>\n\n    \n\n\n\n<p class=\"wp-block-paragraph\">Ale najwa\u017cniejszym elementem wyposa\u017cenia s\u0105\u2026 umiej\u0119tno\u015bci. Sam sprz\u0119t nie wystarczy, je\u015bli nie wiesz jak go u\u017cywa\u0107 i jak oceni\u0107 zagro\u017cenie. To nie jest dobry moment na testowanie nowo kupionych rak\u00f3w. Je\u015bli nie czujesz si\u0119 pewnie w zimowych warunkach \u2013 skorzystaj ze szkolenia pod okiem instruktor\u00f3w, czy ratownik\u00f3w TOPR.<\/p>\n\n\n\n<p class=\"wp-block-paragraph\"><\/p>\n\n\n<div class=\"wp-block-image\">\n<figure class=\"aligncenter size-full\"><img loading=\"lazy\" decoding=\"async\" width=\"600\" height=\"816\" src=\"https:\/\/8a.pl\/8academy\/wp-content\/uploads\/2026\/01\/VFSC-BK-7.webp\" alt=\"Turysta pij\u0105cy z termosu.\" class=\"wp-image-83531\" srcset=\"https:\/\/8a.pl\/8academy\/wp-content\/uploads\/2026\/01\/VFSC-BK-7.webp 600w, https:\/\/8a.pl\/8academy\/wp-content\/uploads\/2026\/01\/VFSC-BK-7-221x300.webp 221w\" sizes=\"(max-width: 600px) 100vw, 600px\" \/><figcaption class=\"wp-element-caption\">Jak przygotowa\u0107 si\u0119 na Kasprowy Wierch zim\u0105? Termos z gor\u0105cym napojem to podstawa. (fot. Esbit)<\/figcaption><\/figure>\n<\/div>\n\n\n<p class=\"wp-block-paragraph\">Pami\u0119taj te\u017c, \u017ce zima w g\u00f3rach to inne tempo \u2013 wszystko trwa d\u0142u\u017cej, a dzie\u0144 jest zdecydowanie kr\u00f3tszy ni\u017c latem. Zawsze miej zapas czasu, czo\u0142\u00f3wk\u0119 (na\u0142adowan\u0105!), termos z czym\u015b ciep\u0142ym i plan B. Kasprowy nie ucieknie, a dobra decyzja to taka, z kt\u00f3r\u0105 wracasz bezpiecznie na d\u00f3\u0142, niekoniecznie ze szczytu.<\/p>\n\n\n\n<p class=\"wp-block-paragraph\"><strong>Przeczytaj te\u017c:<\/strong><\/p>\n\n\n\n<ul class=\"wp-block-list\">\n<li><strong><a href=\"https:\/\/8a.pl\/8academy\/co-zabrac-w-gory-zima\/\">Co zabra\u0107 w g\u00f3ry zim\u0105? Czyli lista rzeczy na wyjazd w g\u00f3ry<\/a><\/strong><\/li>\n\n\n\n<li><strong><a href=\"https:\/\/8a.pl\/8academy\/jak-ubrac-sie-zima-w-gory\/\">Jak ubra\u0107 si\u0119 w g\u00f3ry zim\u0105?<\/a><\/strong><\/li>\n<\/ul>\n\n\n\n<hr class=\"wp-block-separator has-text-color has-cyan-bluish-gray-color has-alpha-channel-opacity has-cyan-bluish-gray-background-color has-background\"\/>\n\n\n\n<p class=\"wp-block-paragraph\"><\/p>\n\n\n    <section class=\"ep8a-section\">\n      <div class=\"ep8a-header\">\n        <div class=\"ep8a-titlebar\">\n          <p class=\"ep8a-h\">Termosy na napoje<\/p>          <span class=\"ep8a-titleline\"><\/span>\n        <\/div>\n      <\/div>\n\n      <div class=\"ep8a-wrap\" id=\"ep8a_d5a24f75-a0bf-40bf-86da-2ecd1f235369\">\n        <div class=\"ep8a-carousel swiper\" id=\"ep8a_d5a24f75-a0bf-40bf-86da-2ecd1f235369_swiper\">\n          <div class=\"swiper-wrapper\">\n                          <div class=\"swiper-slide\">\n                <article class=\"ep8a-tile\">\n                  <a class=\"ep8a-link\" href=\"https:\/\/8a.pl\/termos-esbit-majoris-vaccum-flask-1l-berry\" target=\"_self\" rel=\"nofollow noopener noreferrer\" aria-label=\"Esbit Majoris Vaccum Flask 1L\">\n                    <div class=\"ep8a-card\">\n                      <div class=\"ep8a-imgwrap\">\n                                                <img class=\"ep8a-img skip-lazy no-lazy\" decoding=\"async\" loading=\"eager\" data-no-lazy=\"1\" src=\"https:\/\/8a.pl\/media\/catalog\/product\/t\/e\/termos-esbit-majoris-vaccum-flask-1l-berry-1784786601.webp@jpg\" alt=\"Esbit Majoris Vaccum Flask 1L\" width=\"500\" height=\"600\">                      <\/div>\n                    <\/div>\n                  <\/a>\n                  <div class=\"ep8a-caption\">\n                    <a class=\"ep8a-link\" href=\"https:\/\/8a.pl\/termos-esbit-majoris-vaccum-flask-1l-berry\" target=\"_self\" rel=\"nofollow noopener noreferrer\">\n                      <h3 class=\"ep8a-title\" title=\"Esbit Majoris Vaccum Flask 1L\">Esbit Majoris Vaccum Flask 1L<\/h3>\n                    <\/a>\n                    <div class=\"ep8a-price\">194.99 z\u0142<\/div>                  <\/div>\n                <\/article>\n              <\/div>\n                          <div class=\"swiper-slide\">\n                <article class=\"ep8a-tile\">\n                  <a class=\"ep8a-link\" href=\"https:\/\/8a.pl\/termos-turystyczny-salewa-rienza-thermobottle-1-l-duck-green\" target=\"_self\" rel=\"nofollow noopener noreferrer\" aria-label=\"Salewa Rienza Thermobottle 1 L\">\n                    <div class=\"ep8a-card\">\n                      <div class=\"ep8a-imgwrap\">\n                                                <img class=\"ep8a-img skip-lazy no-lazy\" decoding=\"async\" loading=\"eager\" data-no-lazy=\"1\" src=\"https:\/\/8a.pl\/media\/catalog\/product\/t\/e\/termos-turystyczny-salewa-rienza-thermobottle-1-l-duck-green-1768899251.webp@jpg\" alt=\"Salewa Rienza Thermobottle 1 L\" width=\"500\" height=\"600\">                      <\/div>\n                    <\/div>\n                  <\/a>\n                  <div class=\"ep8a-caption\">\n                    <a class=\"ep8a-link\" href=\"https:\/\/8a.pl\/termos-turystyczny-salewa-rienza-thermobottle-1-l-duck-green\" target=\"_self\" rel=\"nofollow noopener noreferrer\">\n                      <h3 class=\"ep8a-title\" title=\"Salewa Rienza Thermobottle 1 L\">Salewa Rienza Thermobottle 1 L<\/h3>\n                    <\/a>\n                    <div class=\"ep8a-price\">209.99 z\u0142<\/div>                  <\/div>\n                <\/article>\n              <\/div>\n                          <div class=\"swiper-slide\">\n                <article class=\"ep8a-tile\">\n                  <a class=\"ep8a-link\" href=\"https:\/\/8a.pl\/termos-turystyczny-esbit-vacuum-0-5l-olive-green-olive-green\" target=\"_self\" rel=\"nofollow noopener noreferrer\" aria-label=\"Esbit Vacuum 0,5L\">\n                    <div class=\"ep8a-card\">\n                      <div class=\"ep8a-imgwrap\">\n                                                <img class=\"ep8a-img skip-lazy no-lazy\" decoding=\"async\" loading=\"eager\" data-no-lazy=\"1\" src=\"https:\/\/8a.pl\/media\/catalog\/product\/t\/e\/termos-turystyczny-esbit-vacuum-0-5l-olive-green-olive-green-1767956591.webp@jpg\" alt=\"Esbit Vacuum 0,5L\" width=\"500\" height=\"600\">                      <\/div>\n                    <\/div>\n                  <\/a>\n                  <div class=\"ep8a-caption\">\n                    <a class=\"ep8a-link\" href=\"https:\/\/8a.pl\/termos-turystyczny-esbit-vacuum-0-5l-olive-green-olive-green\" target=\"_self\" rel=\"nofollow noopener noreferrer\">\n                      <h3 class=\"ep8a-title\" title=\"Esbit Vacuum 0,5L\">Esbit Vacuum 0,5L<\/h3>\n                    <\/a>\n                    <div class=\"ep8a-price\">115.99 z\u0142<\/div>                  <\/div>\n                <\/article>\n              <\/div>\n                          <div class=\"swiper-slide\">\n                <article class=\"ep8a-tile\">\n                  <a class=\"ep8a-link\" href=\"https:\/\/8a.pl\/termos-turystyczny-esbit-classic-vaccum-flask-1l-olive-green\" target=\"_self\" rel=\"nofollow noopener noreferrer\" aria-label=\"Esbit Classic Vaccum Flask 1L\">\n                    <div class=\"ep8a-card\">\n                      <div class=\"ep8a-imgwrap\">\n                                                <img class=\"ep8a-img skip-lazy no-lazy\" decoding=\"async\" loading=\"eager\" data-no-lazy=\"1\" src=\"https:\/\/8a.pl\/media\/catalog\/product\/t\/e\/termos-turystyczny-esbit-classic-vaccum-flask-1l-olive-green-1763390905.webp@jpg\" alt=\"Esbit Classic Vaccum Flask 1L\" width=\"500\" height=\"600\">                      <\/div>\n                    <\/div>\n                  <\/a>\n                  <div class=\"ep8a-caption\">\n                    <a class=\"ep8a-link\" href=\"https:\/\/8a.pl\/termos-turystyczny-esbit-classic-vaccum-flask-1l-olive-green\" target=\"_self\" rel=\"nofollow noopener noreferrer\">\n                      <h3 class=\"ep8a-title\" title=\"Esbit Classic Vaccum Flask 1L\">Esbit Classic Vaccum Flask 1L<\/h3>\n                    <\/a>\n                    <div class=\"ep8a-price\">131.99 z\u0142<\/div>                  <\/div>\n                <\/article>\n              <\/div>\n                          <div class=\"swiper-slide\">\n                <article class=\"ep8a-tile\">\n                  <a class=\"ep8a-link\" href=\"https:\/\/8a.pl\/termos-turystyczny-esbit-classic-vaccum-flask-1l-black\" target=\"_self\" rel=\"nofollow noopener noreferrer\" aria-label=\"Esbit Classic Vaccum Flask 1L\">\n                    <div class=\"ep8a-card\">\n                      <div class=\"ep8a-imgwrap\">\n                                                <img class=\"ep8a-img skip-lazy no-lazy\" decoding=\"async\" loading=\"eager\" data-no-lazy=\"1\" src=\"https:\/\/8a.pl\/media\/catalog\/product\/t\/e\/termos-turystyczny-esbit-classic-vaccum-flask-1l-black-1771494374.webp@jpg\" alt=\"Esbit Classic Vaccum Flask 1L\" width=\"500\" height=\"600\">                      <\/div>\n                    <\/div>\n                  <\/a>\n                  <div class=\"ep8a-caption\">\n                    <a class=\"ep8a-link\" href=\"https:\/\/8a.pl\/termos-turystyczny-esbit-classic-vaccum-flask-1l-black\" target=\"_self\" rel=\"nofollow noopener noreferrer\">\n                      <h3 class=\"ep8a-title\" title=\"Esbit Classic Vaccum Flask 1L\">Esbit Classic Vaccum Flask 1L<\/h3>\n                    <\/a>\n                    <div class=\"ep8a-price\">146.99 z\u0142<\/div>                  <\/div>\n                <\/article>\n              <\/div>\n                          <div class=\"swiper-slide\">\n                <article class=\"ep8a-tile\">\n                  <a class=\"ep8a-link\" href=\"https:\/\/8a.pl\/termos-turystyczny-esbit-classic-vaccum-flask-1l-forest-green\" target=\"_self\" rel=\"nofollow noopener noreferrer\" aria-label=\"Esbit Classic Vaccum Flask 1L\">\n                    <div class=\"ep8a-card\">\n                      <div class=\"ep8a-imgwrap\">\n                                                <img class=\"ep8a-img skip-lazy no-lazy\" decoding=\"async\" loading=\"eager\" data-no-lazy=\"1\" src=\"https:\/\/8a.pl\/media\/catalog\/product\/t\/e\/termos-turystyczny-esbit-classic-vaccum-flask-1l-forest-green-1771494375.webp@jpg\" alt=\"Esbit Classic Vaccum Flask 1L\" width=\"500\" height=\"600\">                      <\/div>\n                    <\/div>\n                  <\/a>\n                  <div class=\"ep8a-caption\">\n                    <a class=\"ep8a-link\" href=\"https:\/\/8a.pl\/termos-turystyczny-esbit-classic-vaccum-flask-1l-forest-green\" target=\"_self\" rel=\"nofollow noopener noreferrer\">\n                      <h3 class=\"ep8a-title\" title=\"Esbit Classic Vaccum Flask 1L\">Esbit Classic Vaccum Flask 1L<\/h3>\n                    <\/a>\n                    <div class=\"ep8a-price\">149.99 z\u0142<\/div>                  <\/div>\n                <\/article>\n              <\/div>\n                          <div class=\"swiper-slide\">\n                <article class=\"ep8a-tile\">\n                  <a class=\"ep8a-link\" href=\"https:\/\/8a.pl\/termos-turystyczny-esbit-classic-vaccum-flask-0-5l-black\" target=\"_self\" rel=\"nofollow noopener noreferrer\" aria-label=\"Esbit Classic Vaccum Flask 0,5L\">\n                    <div class=\"ep8a-card\">\n                      <div class=\"ep8a-imgwrap\">\n                                                <img class=\"ep8a-img skip-lazy no-lazy\" decoding=\"async\" loading=\"eager\" data-no-lazy=\"1\" src=\"https:\/\/8a.pl\/media\/catalog\/product\/t\/e\/termos-turystyczny-esbit-classic-vaccum-flask-0-5l-black-1766502879.webp@jpg\" alt=\"Esbit Classic Vaccum Flask 0,5L\" width=\"500\" height=\"600\">                      <\/div>\n                    <\/div>\n                  <\/a>\n                  <div class=\"ep8a-caption\">\n                    <a class=\"ep8a-link\" href=\"https:\/\/8a.pl\/termos-turystyczny-esbit-classic-vaccum-flask-0-5l-black\" target=\"_self\" rel=\"nofollow noopener noreferrer\">\n                      <h3 class=\"ep8a-title\" title=\"Esbit Classic Vaccum Flask 0,5L\">Esbit Classic Vaccum Flask 0,5L<\/h3>\n                    <\/a>\n                    <div class=\"ep8a-price\">109.99 z\u0142<\/div>                  <\/div>\n                <\/article>\n              <\/div>\n                          <div class=\"swiper-slide\">\n                <article class=\"ep8a-tile\">\n                  <a class=\"ep8a-link\" href=\"https:\/\/8a.pl\/termos-turystyczny-esbit-classic-vaccum-flask-0-75l-black\" target=\"_self\" rel=\"nofollow noopener noreferrer\" aria-label=\"Esbit Classic Vaccum Flask 0,75L\">\n                    <div class=\"ep8a-card\">\n                      <div class=\"ep8a-imgwrap\">\n                                                <img class=\"ep8a-img skip-lazy no-lazy\" decoding=\"async\" loading=\"eager\" data-no-lazy=\"1\" src=\"https:\/\/8a.pl\/media\/catalog\/product\/t\/e\/termos-turystyczny-esbit-classic-vaccum-flask-0-75l-black-1767956537.webp@jpg\" alt=\"Esbit Classic Vaccum Flask 0,75L\" width=\"500\" height=\"600\">                      <\/div>\n                    <\/div>\n                  <\/a>\n                  <div class=\"ep8a-caption\">\n                    <a class=\"ep8a-link\" href=\"https:\/\/8a.pl\/termos-turystyczny-esbit-classic-vaccum-flask-0-75l-black\" target=\"_self\" rel=\"nofollow noopener noreferrer\">\n                      <h3 class=\"ep8a-title\" title=\"Esbit Classic Vaccum Flask 0,75L\">Esbit Classic Vaccum Flask 0,75L<\/h3>\n                    <\/a>\n                    <div class=\"ep8a-price\">114.99 z\u0142<\/div>                  <\/div>\n                <\/article>\n              <\/div>\n                          <div class=\"swiper-slide\">\n                <article class=\"ep8a-tile\">\n                  <a class=\"ep8a-link\" href=\"https:\/\/8a.pl\/termos-turystyczny-esbit-classic-vaccum-flask-0-75l-olive-green\" target=\"_self\" rel=\"nofollow noopener noreferrer\" aria-label=\"Esbit Classic Vaccum Flask 0,75L\">\n                    <div class=\"ep8a-card\">\n                      <div class=\"ep8a-imgwrap\">\n                                                <img class=\"ep8a-img skip-lazy no-lazy\" decoding=\"async\" loading=\"eager\" data-no-lazy=\"1\" src=\"https:\/\/8a.pl\/media\/catalog\/product\/t\/e\/termos-turystyczny-esbit-classic-vaccum-flask-0-75l-olive-green-1787137331.webp@jpg\" alt=\"Esbit Classic Vaccum Flask 0,75L\" width=\"500\" height=\"600\">                      <\/div>\n                    <\/div>\n                  <\/a>\n                  <div class=\"ep8a-caption\">\n                    <a class=\"ep8a-link\" href=\"https:\/\/8a.pl\/termos-turystyczny-esbit-classic-vaccum-flask-0-75l-olive-green\" target=\"_self\" rel=\"nofollow noopener noreferrer\">\n                      <h3 class=\"ep8a-title\" title=\"Esbit Classic Vaccum Flask 0,75L\">Esbit Classic Vaccum Flask 0,75L<\/h3>\n                    <\/a>\n                    <div class=\"ep8a-price\">114.99 z\u0142<\/div>                  <\/div>\n                <\/article>\n              <\/div>\n                          <div class=\"swiper-slide\">\n                <article class=\"ep8a-tile\">\n                  <a class=\"ep8a-link\" href=\"https:\/\/8a.pl\/termos-primus-classic-light-vacuum-bottle-0-75l-pale-peach\" target=\"_self\" rel=\"nofollow noopener noreferrer\" aria-label=\"Primus Classic Light Vacuum Bottle 0.75L\">\n                    <div class=\"ep8a-card\">\n                      <div class=\"ep8a-imgwrap\">\n                                                <img class=\"ep8a-img skip-lazy no-lazy\" decoding=\"async\" loading=\"eager\" data-no-lazy=\"1\" src=\"https:\/\/8a.pl\/media\/catalog\/product\/t\/e\/termos-primus-classic-light-vacuum-bottle-0-75l-pale-peach-1777036829.webp@jpg\" alt=\"Primus Classic Light Vacuum Bottle 0.75L\" width=\"500\" height=\"600\">                      <\/div>\n                    <\/div>\n                  <\/a>\n                  <div class=\"ep8a-caption\">\n                    <a class=\"ep8a-link\" href=\"https:\/\/8a.pl\/termos-primus-classic-light-vacuum-bottle-0-75l-pale-peach\" target=\"_self\" rel=\"nofollow noopener noreferrer\">\n                      <h3 class=\"ep8a-title\" title=\"Primus Classic Light Vacuum Bottle 0.75L\">Primus Classic Light Vacuum Bottle 0.75L<\/h3>\n                    <\/a>\n                    <div class=\"ep8a-price\">116.99 z\u0142<\/div>                  <\/div>\n                <\/article>\n              <\/div>\n                      <\/div>\n        <\/div>\n\n        <!-- Strza\u0142ki poza .swiper -->\n        <button class=\"ep8a-arrow ep8a-prev\" id=\"ep8a_d5a24f75-a0bf-40bf-86da-2ecd1f235369_prev\" aria-label=\"Poprzedni\"><\/button>\n        <button class=\"ep8a-arrow ep8a-next\" id=\"ep8a_d5a24f75-a0bf-40bf-86da-2ecd1f235369_next\" aria-label=\"Nast\u0119pny\"><\/button>\n      <\/div>\n\n      <!-- Stopka: linia + CTA po prawej -->\n      <div class=\"ep8a-bottom\">\n        <span class=\"ep8a-bottomline\"><\/span>\n                  <a class=\"ep8a-cta\" href=\"https:\/\/8a.pl\/termosy-na-napoje\" target=\"_self\" rel=\"nofollow noopener noreferrer\">\n            KUP TERMOS          <\/a>\n              <\/div>\n    <\/section>\n\n\t<script>\n\tdocument.addEventListener(\"DOMContentLoaded\", function(){\n\t  if (typeof Swiper === \"undefined\") return;\n\n\t  const sel    = \"#ep8a_d5a24f75-a0bf-40bf-86da-2ecd1f235369_swiper\";\n\t  const prevEl = \"#ep8a_d5a24f75-a0bf-40bf-86da-2ecd1f235369_prev\";\n\t  const nextEl = \"#ep8a_d5a24f75-a0bf-40bf-86da-2ecd1f235369_next\";\n\n\t  \/\/ 1) Zainicjuj Swiper od razu \u2013 nie czekaj na wszystkie obrazy\n\t  let sw = new Swiper(sel, {\n\t\tloop: true,\n\t\tspaceBetween: 24,\n\t\tslidesPerView: 1,\n\t\troundLengths: true,\n\t\tobserver: true,\n\t\tobserveParents: true,\n\t\tresizeObserver: true,\n\t\tpreloadImages: true,\n\t\tupdateOnWindowResize: true,\n\t\tlazy: { loadOnTransitionStart: true, loadPrevNext: true, loadPrevNextAmount: 2 },\n\t\twatchSlidesProgress: true,\n\t\twatchSlidesVisibility: true,\n\t\tnavigation: { nextEl, prevEl },\n\t\tbreakpoints: {\n\t\t  320:  { slidesPerView: 2 },\n\t\t  720:  { slidesPerView: 3 },\n\t\t  1200: { slidesPerView: 4 }\n\t\t},\n\t\ton: {\n\t\t  imagesReady() { try { sw.update(); } catch(e){} },\n\t\t  afterInit()   { try { sw.update(); } catch(e){} }\n\t\t}\n\t  });\n\n\t  \/\/ 2) Delikatny \u201enudge\u201d dla przegl\u0105darki: je\u015bli obraz jest w DOM i ma src, popro\u015b o decode\n\t  const imgs = document.querySelectorAll(sel + \" .ep8a-img\");\n\t  imgs.forEach((img) => {\n\t\tif (img.complete) {\n\t\t  if (img.decode) { img.decode().catch(()=>{}).finally(()=> sw && sw.update()); }\n\t\t} else {\n\t\t  img.addEventListener(\"load\",  () => { if (img.decode) { img.decode().catch(()=>{}).finally(()=> sw && sw.update()); } else { sw && sw.update(); } }, { once:true });\n\t\t  img.addEventListener(\"error\", () => { sw && sw.update(); }, { once:true });\n\t\t}\n\t  });\n\n\t  \/\/ 3) Gdy okno w pe\u0142ni si\u0119 za\u0142aduje, przelicz jeszcze raz\n\t  window.addEventListener(\"load\", () => { sw && sw.update(); });\n\t});\n\t<\/script>\n\n    \n\n\n\n<h3 class=\"wp-block-heading\" id=\"h-co-ubrac-na-kasprowy-wierch-zima\">Co ubra\u0107 na Kasprowy Wierch zim\u0105?<\/h3>\n\n\n\n<p class=\"wp-block-paragraph\">Zimowe wyj\u015bcie w Tatry to nie pokaz mody, tylko kwestia wygody, bezpiecze\u0144stwa i\u2026 powrotu z wycieczki bez przemarzni\u0119cia. Na Kasprowym potrafi nie\u017ale zawia\u0107, wi\u0119c ubranie powinno chroni\u0107 nie tylko przed temperatur\u0105, ale te\u017c przed wiatrem i wilgoci\u0105.<\/p>\n\n\n\n<p class=\"wp-block-paragraph\"><\/p>\n\n\n    <section class=\"ep8a-section\">\n      <div class=\"ep8a-header\">\n        <div class=\"ep8a-titlebar\">\n          <p class=\"ep8a-h\">Przegl\u0105daj bielizn\u0119 termoaktywn\u0105<\/p>          <span class=\"ep8a-titleline\"><\/span>\n        <\/div>\n      <\/div>\n\n      <div class=\"ep8a-wrap\" id=\"ep8a_27642cf0-59d8-4f3e-a7cc-2788927f0bb1\">\n        <div class=\"ep8a-carousel swiper\" id=\"ep8a_27642cf0-59d8-4f3e-a7cc-2788927f0bb1_swiper\">\n          <div class=\"swiper-wrapper\">\n                          <div class=\"swiper-slide\">\n                <article class=\"ep8a-tile\">\n                  <a class=\"ep8a-link\" href=\"https:\/\/8a.pl\/bluza-termoaktywna-damska-mons-royale-bella-merino-long-sleeve-hood-purple-bolt-grey-heather\" target=\"_self\" rel=\"nofollow noopener noreferrer\" aria-label=\"Mons Royale Bella Merino Long Sleeve Hood\">\n                    <div class=\"ep8a-card\">\n                      <div class=\"ep8a-imgwrap\">\n                                                <img class=\"ep8a-img skip-lazy no-lazy\" decoding=\"async\" loading=\"eager\" data-no-lazy=\"1\" src=\"https:\/\/8a.pl\/media\/catalog\/product\/b\/l\/bluza-damska-mons-royale-bella-merino-long-sleeve-hood-purple-bolt-grey-heather-1785319638.webp@jpg\" alt=\"Mons Royale Bella Merino Long Sleeve Hood\" width=\"500\" height=\"600\">                      <\/div>\n                    <\/div>\n                  <\/a>\n                  <div class=\"ep8a-caption\">\n                    <a class=\"ep8a-link\" href=\"https:\/\/8a.pl\/bluza-termoaktywna-damska-mons-royale-bella-merino-long-sleeve-hood-purple-bolt-grey-heather\" target=\"_self\" rel=\"nofollow noopener noreferrer\">\n                      <h3 class=\"ep8a-title\" title=\"Mons Royale Bella Merino Long Sleeve Hood\">Mons Royale Bella Merino Long Sleeve Hood<\/h3>\n                    <\/a>\n                    <div class=\"ep8a-price\">439.99 z\u0142<\/div>                  <\/div>\n                <\/article>\n              <\/div>\n                          <div class=\"swiper-slide\">\n                <article class=\"ep8a-tile\">\n                  <a class=\"ep8a-link\" href=\"https:\/\/8a.pl\/bluza-termoaktywna-dovre-wool-zip-active-black\" target=\"_self\" rel=\"nofollow noopener noreferrer\" aria-label=\"Dovre Wool Zip Active\">\n                    <div class=\"ep8a-card\">\n                      <div class=\"ep8a-imgwrap\">\n                                                <img class=\"ep8a-img skip-lazy no-lazy\" decoding=\"async\" loading=\"eager\" data-no-lazy=\"1\" src=\"https:\/\/8a.pl\/media\/catalog\/product\/b\/l\/bluza-termoaktywna-dovre-wool-zip-active-black-1785319639.webp@jpg\" alt=\"Dovre Wool Zip Active\" width=\"500\" height=\"600\">                      <\/div>\n                    <\/div>\n                  <\/a>\n                  <div class=\"ep8a-caption\">\n                    <a class=\"ep8a-link\" href=\"https:\/\/8a.pl\/bluza-termoaktywna-dovre-wool-zip-active-black\" target=\"_self\" rel=\"nofollow noopener noreferrer\">\n                      <h3 class=\"ep8a-title\" title=\"Dovre Wool Zip Active\">Dovre Wool Zip Active<\/h3>\n                    <\/a>\n                    <div class=\"ep8a-price\">449.99 z\u0142<\/div>                  <\/div>\n                <\/article>\n              <\/div>\n                          <div class=\"swiper-slide\">\n                <article class=\"ep8a-tile\">\n                  <a class=\"ep8a-link\" href=\"https:\/\/8a.pl\/koszulka-termoaktywna-damska-turbat-hike-lite-ss-thermo-t-shirt-glacier-gray\" target=\"_self\" rel=\"nofollow noopener noreferrer\" aria-label=\"Turbat Hike Lite SS Thermo T-Shirt\">\n                    <div class=\"ep8a-card\">\n                      <div class=\"ep8a-imgwrap\">\n                                                <img class=\"ep8a-img skip-lazy no-lazy\" decoding=\"async\" loading=\"eager\" data-no-lazy=\"1\" src=\"https:\/\/8a.pl\/media\/catalog\/product\/k\/o\/koszulka-termoaktywna-damska-turbat-hike-lite-ss-thermo-t-shirt-glacier-gray-1785319636.webp@jpg\" alt=\"Turbat Hike Lite SS Thermo T-Shirt\" width=\"500\" height=\"600\">                      <\/div>\n                    <\/div>\n                  <\/a>\n                  <div class=\"ep8a-caption\">\n                    <a class=\"ep8a-link\" href=\"https:\/\/8a.pl\/koszulka-termoaktywna-damska-turbat-hike-lite-ss-thermo-t-shirt-glacier-gray\" target=\"_self\" rel=\"nofollow noopener noreferrer\">\n                      <h3 class=\"ep8a-title\" title=\"Turbat Hike Lite SS Thermo T-Shirt\">Turbat Hike Lite SS Thermo T-Shirt<\/h3>\n                    <\/a>\n                    <div class=\"ep8a-price\">97.99 z\u0142<\/div>                  <\/div>\n                <\/article>\n              <\/div>\n                          <div class=\"swiper-slide\">\n                <article class=\"ep8a-tile\">\n                  <a class=\"ep8a-link\" href=\"https:\/\/8a.pl\/bluza-termoaktywna-damska-patagonia-cap-tw-zip-neck-black\" target=\"_self\" rel=\"nofollow noopener noreferrer\" aria-label=\"Patagonia Cap TW Zip Neck\">\n                    <div class=\"ep8a-card\">\n                      <div class=\"ep8a-imgwrap\">\n                                                <img class=\"ep8a-img skip-lazy no-lazy\" decoding=\"async\" loading=\"eager\" data-no-lazy=\"1\" src=\"https:\/\/8a.pl\/media\/catalog\/product\/1\/9\/196924733596-1-1786719792.webp@jpg\" alt=\"Patagonia Cap TW Zip Neck\" width=\"500\" height=\"600\">                      <\/div>\n                    <\/div>\n                  <\/a>\n                  <div class=\"ep8a-caption\">\n                    <a class=\"ep8a-link\" href=\"https:\/\/8a.pl\/bluza-termoaktywna-damska-patagonia-cap-tw-zip-neck-black\" target=\"_self\" rel=\"nofollow noopener noreferrer\">\n                      <h3 class=\"ep8a-title\" title=\"Patagonia Cap TW Zip Neck\">Patagonia Cap TW Zip Neck<\/h3>\n                    <\/a>\n                    <div class=\"ep8a-price\">519.99 z\u0142<\/div>                  <\/div>\n                <\/article>\n              <\/div>\n                          <div class=\"swiper-slide\">\n                <article class=\"ep8a-tile\">\n                  <a class=\"ep8a-link\" href=\"https:\/\/8a.pl\/bluza-termoaktywna-patagonia-cap-tw-zip-neck-black\" target=\"_self\" rel=\"nofollow noopener noreferrer\" aria-label=\"Patagonia Cap TW Zip Neck\">\n                    <div class=\"ep8a-card\">\n                      <div class=\"ep8a-imgwrap\">\n                                                <img class=\"ep8a-img skip-lazy no-lazy\" decoding=\"async\" loading=\"eager\" data-no-lazy=\"1\" src=\"https:\/\/8a.pl\/media\/catalog\/product\/1\/9\/196924686731-1-1786719862.webp@jpg\" alt=\"Patagonia Cap TW Zip Neck\" width=\"500\" height=\"600\">                      <\/div>\n                    <\/div>\n                  <\/a>\n                  <div class=\"ep8a-caption\">\n                    <a class=\"ep8a-link\" href=\"https:\/\/8a.pl\/bluza-termoaktywna-patagonia-cap-tw-zip-neck-black\" target=\"_self\" rel=\"nofollow noopener noreferrer\">\n                      <h3 class=\"ep8a-title\" title=\"Patagonia Cap TW Zip Neck\">Patagonia Cap TW Zip Neck<\/h3>\n                    <\/a>\n                    <div class=\"ep8a-price\">519.99 z\u0142<\/div>                  <\/div>\n                <\/article>\n              <\/div>\n                          <div class=\"swiper-slide\">\n                <article class=\"ep8a-tile\">\n                  <a class=\"ep8a-link\" href=\"https:\/\/8a.pl\/bluza-termoaktywna-patagonia-cap-tw-crew-black\" target=\"_self\" rel=\"nofollow noopener noreferrer\" aria-label=\"Patagonia Cap TW Crew\">\n                    <div class=\"ep8a-card\">\n                      <div class=\"ep8a-imgwrap\">\n                                                <img class=\"ep8a-img skip-lazy no-lazy\" decoding=\"async\" loading=\"eager\" data-no-lazy=\"1\" src=\"https:\/\/8a.pl\/media\/catalog\/product\/1\/9\/196924685338-1-1786719854.webp@jpg\" alt=\"Patagonia Cap TW Crew\" width=\"500\" height=\"600\">                      <\/div>\n                    <\/div>\n                  <\/a>\n                  <div class=\"ep8a-caption\">\n                    <a class=\"ep8a-link\" href=\"https:\/\/8a.pl\/bluza-termoaktywna-patagonia-cap-tw-crew-black\" target=\"_self\" rel=\"nofollow noopener noreferrer\">\n                      <h3 class=\"ep8a-title\" title=\"Patagonia Cap TW Crew\">Patagonia Cap TW Crew<\/h3>\n                    <\/a>\n                    <div class=\"ep8a-price\">469.99 z\u0142<\/div>                  <\/div>\n                <\/article>\n              <\/div>\n                          <div class=\"swiper-slide\">\n                <article class=\"ep8a-tile\">\n                  <a class=\"ep8a-link\" href=\"https:\/\/8a.pl\/bluza-termoaktywna-damska-patagonia-cap-tw-crew-black\" target=\"_self\" rel=\"nofollow noopener noreferrer\" aria-label=\"Patagonia Cap TW Crew\">\n                    <div class=\"ep8a-card\">\n                      <div class=\"ep8a-imgwrap\">\n                                                <img class=\"ep8a-img skip-lazy no-lazy\" decoding=\"async\" loading=\"eager\" data-no-lazy=\"1\" src=\"https:\/\/8a.pl\/media\/catalog\/product\/1\/9\/196924684874-1-1786719795.webp@jpg\" alt=\"Patagonia Cap TW Crew\" width=\"500\" height=\"600\">                      <\/div>\n                    <\/div>\n                  <\/a>\n                  <div class=\"ep8a-caption\">\n                    <a class=\"ep8a-link\" href=\"https:\/\/8a.pl\/bluza-termoaktywna-damska-patagonia-cap-tw-crew-black\" target=\"_self\" rel=\"nofollow noopener noreferrer\">\n                      <h3 class=\"ep8a-title\" title=\"Patagonia Cap TW Crew\">Patagonia Cap TW Crew<\/h3>\n                    <\/a>\n                    <div class=\"ep8a-price\">469.99 z\u0142<\/div>                  <\/div>\n                <\/article>\n              <\/div>\n                          <div class=\"swiper-slide\">\n                <article class=\"ep8a-tile\">\n                  <a class=\"ep8a-link\" href=\"https:\/\/8a.pl\/stanik-sportowy-ortovox-185-rock-n-wool-sport-top-black-raven\" target=\"_self\" rel=\"nofollow noopener noreferrer\" aria-label=\"Ortovox 185 Rock N Wool Sport Top\">\n                    <div class=\"ep8a-card\">\n                      <div class=\"ep8a-imgwrap\">\n                                                <img class=\"ep8a-img skip-lazy no-lazy\" decoding=\"async\" loading=\"eager\" data-no-lazy=\"1\" src=\"https:\/\/8a.pl\/media\/catalog\/product\/s\/t\/stanik-sportowy-ortovox-185-rock-n-wool-sport-top-black-raven-1788530659.webp@jpg\" alt=\"Ortovox 185 Rock N Wool Sport Top\" width=\"500\" height=\"600\">                      <\/div>\n                    <\/div>\n                  <\/a>\n                  <div class=\"ep8a-caption\">\n                    <a class=\"ep8a-link\" href=\"https:\/\/8a.pl\/stanik-sportowy-ortovox-185-rock-n-wool-sport-top-black-raven\" target=\"_self\" rel=\"nofollow noopener noreferrer\">\n                      <h3 class=\"ep8a-title\" title=\"Ortovox 185 Rock N Wool Sport Top\">Ortovox 185 Rock N Wool Sport Top<\/h3>\n                    <\/a>\n                    <div class=\"ep8a-price\">299.99 z\u0142<\/div>                  <\/div>\n                <\/article>\n              <\/div>\n                          <div class=\"swiper-slide\">\n                <article class=\"ep8a-tile\">\n                  <a class=\"ep8a-link\" href=\"https:\/\/8a.pl\/legginsy-termoaktywne-ortovox-185-rock-n-wool-short-pants-dark-arctic-grey\" target=\"_self\" rel=\"nofollow noopener noreferrer\" aria-label=\"Ortovox 185 Rock N Wool Short Pants\">\n                    <div class=\"ep8a-card\">\n                      <div class=\"ep8a-imgwrap\">\n                                                <img class=\"ep8a-img skip-lazy no-lazy\" decoding=\"async\" loading=\"eager\" data-no-lazy=\"1\" src=\"https:\/\/8a.pl\/media\/catalog\/product\/l\/e\/legginsy-termoaktywne-ortovox-185-rock-n-wool-short-pants-dark-arctic-grey-1788530476.webp@jpg\" alt=\"Ortovox 185 Rock N Wool Short Pants\" width=\"500\" height=\"600\">                      <\/div>\n                    <\/div>\n                  <\/a>\n                  <div class=\"ep8a-caption\">\n                    <a class=\"ep8a-link\" href=\"https:\/\/8a.pl\/legginsy-termoaktywne-ortovox-185-rock-n-wool-short-pants-dark-arctic-grey\" target=\"_self\" rel=\"nofollow noopener noreferrer\">\n                      <h3 class=\"ep8a-title\" title=\"Ortovox 185 Rock N Wool Short Pants\">Ortovox 185 Rock N Wool Short Pants<\/h3>\n                    <\/a>\n                    <div class=\"ep8a-price\">499.99 z\u0142<\/div>                  <\/div>\n                <\/article>\n              <\/div>\n                          <div class=\"swiper-slide\">\n                <article class=\"ep8a-tile\">\n                  <a class=\"ep8a-link\" href=\"https:\/\/8a.pl\/legginsy-termoaktywne-ortovox-185-rock-n-wool-long-pants-dark-arctic-grey\" target=\"_self\" rel=\"nofollow noopener noreferrer\" aria-label=\"Ortovox 185 Rock N Wool Long Pants\">\n                    <div class=\"ep8a-card\">\n                      <div class=\"ep8a-imgwrap\">\n                                                <img class=\"ep8a-img skip-lazy no-lazy\" decoding=\"async\" loading=\"eager\" data-no-lazy=\"1\" src=\"https:\/\/8a.pl\/media\/catalog\/product\/l\/e\/legginsy-termoaktywne-ortovox-185-rock-n-wool-long-pants-dark-arctic-grey-1788530542.webp@jpg\" alt=\"Ortovox 185 Rock N Wool Long Pants\" width=\"500\" height=\"600\">                      <\/div>\n                    <\/div>\n                  <\/a>\n                  <div class=\"ep8a-caption\">\n                    <a class=\"ep8a-link\" href=\"https:\/\/8a.pl\/legginsy-termoaktywne-ortovox-185-rock-n-wool-long-pants-dark-arctic-grey\" target=\"_self\" rel=\"nofollow noopener noreferrer\">\n                      <h3 class=\"ep8a-title\" title=\"Ortovox 185 Rock N Wool Long Pants\">Ortovox 185 Rock N Wool Long Pants<\/h3>\n                    <\/a>\n                    <div class=\"ep8a-price\">549.99 z\u0142<\/div>                  <\/div>\n                <\/article>\n              <\/div>\n                      <\/div>\n        <\/div>\n\n        <!-- Strza\u0142ki poza .swiper -->\n        <button class=\"ep8a-arrow ep8a-prev\" id=\"ep8a_27642cf0-59d8-4f3e-a7cc-2788927f0bb1_prev\" aria-label=\"Poprzedni\"><\/button>\n        <button class=\"ep8a-arrow ep8a-next\" id=\"ep8a_27642cf0-59d8-4f3e-a7cc-2788927f0bb1_next\" aria-label=\"Nast\u0119pny\"><\/button>\n      <\/div>\n\n      <!-- Stopka: linia + CTA po prawej -->\n      <div class=\"ep8a-bottom\">\n        <span class=\"ep8a-bottomline\"><\/span>\n                  <a class=\"ep8a-cta\" href=\"https:\/\/8a.pl\/bielizna-termoaktywna\" target=\"_self\" rel=\"nofollow noopener noreferrer\">\n            ZOBACZ BIELIZN\u0118 TERMOAKTYWN\u0104          <\/a>\n              <\/div>\n    <\/section>\n\n\t<script>\n\tdocument.addEventListener(\"DOMContentLoaded\", function(){\n\t  if (typeof Swiper === \"undefined\") return;\n\n\t  const sel    = \"#ep8a_27642cf0-59d8-4f3e-a7cc-2788927f0bb1_swiper\";\n\t  const prevEl = \"#ep8a_27642cf0-59d8-4f3e-a7cc-2788927f0bb1_prev\";\n\t  const nextEl = \"#ep8a_27642cf0-59d8-4f3e-a7cc-2788927f0bb1_next\";\n\n\t  \/\/ 1) Zainicjuj Swiper od razu \u2013 nie czekaj na wszystkie obrazy\n\t  let sw = new Swiper(sel, {\n\t\tloop: true,\n\t\tspaceBetween: 24,\n\t\tslidesPerView: 1,\n\t\troundLengths: true,\n\t\tobserver: true,\n\t\tobserveParents: true,\n\t\tresizeObserver: true,\n\t\tpreloadImages: true,\n\t\tupdateOnWindowResize: true,\n\t\tlazy: { loadOnTransitionStart: true, loadPrevNext: true, loadPrevNextAmount: 2 },\n\t\twatchSlidesProgress: true,\n\t\twatchSlidesVisibility: true,\n\t\tnavigation: { nextEl, prevEl },\n\t\tbreakpoints: {\n\t\t  320:  { slidesPerView: 2 },\n\t\t  720:  { slidesPerView: 3 },\n\t\t  1200: { slidesPerView: 4 }\n\t\t},\n\t\ton: {\n\t\t  imagesReady() { try { sw.update(); } catch(e){} },\n\t\t  afterInit()   { try { sw.update(); } catch(e){} }\n\t\t}\n\t  });\n\n\t  \/\/ 2) Delikatny \u201enudge\u201d dla przegl\u0105darki: je\u015bli obraz jest w DOM i ma src, popro\u015b o decode\n\t  const imgs = document.querySelectorAll(sel + \" .ep8a-img\");\n\t  imgs.forEach((img) => {\n\t\tif (img.complete) {\n\t\t  if (img.decode) { img.decode().catch(()=>{}).finally(()=> sw && sw.update()); }\n\t\t} else {\n\t\t  img.addEventListener(\"load\",  () => { if (img.decode) { img.decode().catch(()=>{}).finally(()=> sw && sw.update()); } else { sw && sw.update(); } }, { once:true });\n\t\t  img.addEventListener(\"error\", () => { sw && sw.update(); }, { once:true });\n\t\t}\n\t  });\n\n\t  \/\/ 3) Gdy okno w pe\u0142ni si\u0119 za\u0142aduje, przelicz jeszcze raz\n\t  window.addEventListener(\"load\", () => { sw && sw.update(); });\n\t});\n\t<\/script>\n\n    \n\n\n\n<p class=\"wp-block-paragraph\">Najlepiej sprawdza si\u0119 klasyczny system warstwowy:<\/p>\n\n\n\n<ul class=\"wp-block-list\">\n<li><strong>Warstwa pierwsza (bielizna termoaktywna)<\/strong> \u2013 odprowadza wilgo\u0107 od cia\u0142a, nie dopuszcza do wych\u0142odzenia. Syntetyki lub we\u0142na merino.<\/li>\n\n\n\n<li><strong>Warstwa druga (ocieplaj\u0105ca)<\/strong> \u2013 polar, cienka puch\u00f3wka albo grubsza bluza techniczna. Co\u015b, co trzyma ciep\u0142o, ale pozwala oddycha\u0107.<\/li>\n\n\n\n<li><strong>Warstwa trzecia (zewn\u0119trzna)<\/strong> \u2013 kurtka z membran\u0105 chroni\u0105ca przed wiatrem i opadami. Dobrze, je\u015bli ma regulowany kaptur i wysoki ko\u0142nierz.<\/li>\n\n\n\n<li><strong>Spodnie<\/strong> \u2013 softshellowe lub ocieplane trekkingowe. W zale\u017cno\u015bci od temperatury i intensywno\u015bci wysi\u0142ku.<\/li>\n\n\n\n<li><strong>Buty trekkingowe &#8211;  <\/strong>z przyczepn\u0105 podeszw\u0105<\/li>\n\n\n\n<li><strong>Skarpety <\/strong>&#8211; \u015bwietnie sprawdz\u0105 si\u0119 grubsze modele z we\u0142n\u0105 merino,<\/li>\n\n\n\n<li><strong>R\u0119kawice (najlepiej dwie pary)<\/strong> \u2013 cienkie do podej\u015bcia + grubsze na post\u00f3j i wiatr.<\/li>\n\n\n\n<li><strong>Czapka + komin lub buff<\/strong> \u2013 zakrywaj\u0105 uszy i kark.<\/li>\n\n\n\n<li><strong>Gogle albo okulary przeciws\u0142oneczne<\/strong> \u2013 je\u015bli \u015bwieci s\u0142o\u0144ce lub sypie \u015bnieg z wiatrem.<\/li>\n<\/ul>\n\n\n\n<p class=\"wp-block-paragraph\"><\/p>\n\n\n<div class=\"wp-block-image\">\n<figure class=\"aligncenter size-full\"><img loading=\"lazy\" decoding=\"async\" width=\"600\" height=\"816\" src=\"https:\/\/8a.pl\/8academy\/wp-content\/uploads\/2026\/01\/20240304_113004.webp\" alt=\"Podej\u015bcia na Kasprowy Wierch zim\u0105.\" class=\"wp-image-83527\" srcset=\"https:\/\/8a.pl\/8academy\/wp-content\/uploads\/2026\/01\/20240304_113004.webp 600w, https:\/\/8a.pl\/8academy\/wp-content\/uploads\/2026\/01\/20240304_113004-221x300.webp 221w\" sizes=\"(max-width: 600px) 100vw, 600px\" \/><figcaption class=\"wp-element-caption\">Buty trekkingowe z porz\u0105dn\u0105 podeszw\u0105, warstwowy str\u00f3j, wygodny plecak &#8211; to podstawy podczas w\u0119dr\u00f3wek w zimowych warunkach. (fot. Tosia Zbroniec)<\/figcaption><\/figure>\n<\/div>\n\n\n<h2 class=\"wp-block-heading\" id=\"h-kasprowy-wierch-zima-z-dzieckiem\">Kasprowy Wierch zim\u0105 z dzieckiem?<\/h2>\n\n\n\n<p class=\"wp-block-paragraph\">To zale\u017cy, ale\u2026 najcz\u0119\u015bciej: tak \u2013 tylko kolejk\u0105. Zimowe szlaki na Kasprowy s\u0105 d\u0142ugie, maj\u0105 spore przewy\u017cszenie i potrafi\u0105 by\u0107 oblodzone \u2013 nawet w s\u0142oneczny dzie\u0144. Dlatego piesze wej\u015bcie z dzieckiem (zw\u0142aszcza m\u0142odszym) raczej odpada. Chyba \u017ce m\u00f3wimy o starszym nastolatku, kt\u00f3ry ma ju\u017c do\u015bwiadczenie w g\u00f3rach zim\u0105. Wjazd kolejk\u0105 to bezpieczna i wygodna alternatywa. Dziecko mo\u017ce zobaczy\u0107 Tatry z g\u00f3ry, poczu\u0107 klimat g\u00f3rskiej zimy i po prostu sp\u0119dzi\u0107 dzie\u0144 inaczej ni\u017c na deptaku w Zakopanem. Trzeba tylko pami\u0119ta\u0107, \u017ce na g\u00f3rze jest zimniej ni\u017c na starcie kolejki i bywa bardzo \u015blisko, dlatego warto wyposa\u017cy\u0107 si\u0119 w raczki, r\u00f3wnie\u017c dla dzieci.<\/p>\n\n\n\n<p class=\"wp-block-paragraph\"><strong>Przeczytaj te\u017c:<\/strong><\/p>\n\n\n\n<ul class=\"wp-block-list\">\n<li><strong><a href=\"https:\/\/8a.pl\/8academy\/gdzie-w-gory-z-dziecmi-zima\/\">Gdzie w g\u00f3ry z dzie\u0107mi zim\u0105?<\/a><\/strong><\/li>\n<\/ul>\n\n\n\n<hr class=\"wp-block-separator has-text-color has-cyan-bluish-gray-color has-alpha-channel-opacity has-cyan-bluish-gray-background-color has-background\"\/>\n\n\n\n<h2 class=\"wp-block-heading\" id=\"h-kasprowy-wierch-zima-czy-warto\">Kasprowy Wierch zim\u0105 \u2013 czy warto?<\/h2>\n\n\n\n<p class=\"wp-block-paragraph\">Tak, je\u015bli wiesz, na co si\u0119 piszesz. To dobry cel na pocz\u0105tek zimowych w\u0119dr\u00f3wek w Tatry \u2013 dost\u0119pny, ale wymagaj\u0105cy przygotowania. Kasprowy pozwala poczu\u0107 klimat wysokich g\u00f3r bez konieczno\u015bci poruszania si\u0119 po eksponowanych grzbietach czy u\u017cywania czekana.<\/p>\n\n\n\n<p class=\"wp-block-paragraph\"><\/p>\n\n\n<div class=\"wp-block-image\">\n<figure class=\"aligncenter size-full\"><img loading=\"lazy\" decoding=\"async\" width=\"600\" height=\"816\" src=\"https:\/\/8a.pl\/8academy\/wp-content\/uploads\/2026\/01\/DSC2523-1.webp\" alt=\"Widok z Kasprowego Wierchu w kierunku \u015awinicy.\" class=\"wp-image-83532\" srcset=\"https:\/\/8a.pl\/8academy\/wp-content\/uploads\/2026\/01\/DSC2523-1.webp 600w, https:\/\/8a.pl\/8academy\/wp-content\/uploads\/2026\/01\/DSC2523-1-221x300.webp 221w\" sizes=\"(max-width: 600px) 100vw, 600px\" \/><figcaption class=\"wp-element-caption\">Kasprowy Wierch zim\u0105 &#8211; dla tych widok\u00f3w warto! (fot. Joanna Kapinos)<\/figcaption><\/figure>\n<\/div>\n\n\n<p class=\"wp-block-paragraph\">W nagrod\u0119 dostajesz \u015bwietne widoki, dobrze przygotowane szlaki i satysfakcj\u0119 z przej\u015bcia zimowej trasy. A je\u015bli pogoda nie dopisze, albo idziesz z kim\u015b, kto nie mo\u017ce wej\u015b\u0107 pieszo \u2013 kolejka linowa nadal pozwala zobaczy\u0107 Tatry z g\u00f3ry. Zaplanuj wyj\u015bcie, sprawd\u017a warunki i daj sobie czas. Tatry zim\u0105 nie wybaczaj\u0105 lekcewa\u017cenia, ale przy odrobinie rozs\u0105dku &#8211; potrafi\u0105 si\u0119 odwdzi\u0119czy\u0107.<\/p>\n","protected":false},"excerpt":{"rendered":"<p>Kasprowy Wierch zim\u0105 szybko pokazuje, \u017ce zima w Tatrach to zupe\u0142nie inna historia ni\u017c jesienne wycieczki. Dla wielu os\u00f3b to naturalny krok mi\u0119dzy jesiennym chodzeniem po g\u00f3rach a pierwszymi zimowymi wyj\u015bciami w Tatry. I w\u0142a\u015bnie ten moment, kiedy zimowy Kasprowy zaczyna chodzi\u0107 po g\u0142owie, jest najlepszy, \u017ceby na spokojnie sprawdzi\u0107, z czym tak naprawd\u0119 wi\u0105\u017ce si\u0119 to wyj\u015bcie. <\/p>\n","protected":false},"author":7,"featured_media":83530,"comment_status":"closed","ping_status":"closed","sticky":false,"template":"","format":"standard","meta":{"_acf_changed":false,"_uf_show_specific_survey":0,"_uf_disable_surveys":false,"footnotes":""},"categories":[26070],"tags":[26077,26085,26084],"class_list":["post-83451","post","type-post","status-publish","format-standard","has-post-thumbnail","hentry","category-turystyka-trekking","tag-przewodnik","tag-trekking","tag-zima"],"acf":[],"yoast_head":"<!-- This site is optimized with the Yoast SEO Premium plugin v23.4 (Yoast SEO v25.5) - https:\/\/yoast.com\/wordpress\/plugins\/seo\/ -->\n<title>Kasprowy Wierch zim\u0105 - praktyczny przewodnik | 8academy.pl<\/title>\n<meta name=\"description\" content=\"Szukasz tatrza\u0144skiego szczytu na pierwsze zimowe wej\u015bcie? Kasprowy Wierch zim\u0105 - praktyczny przewodnik pomo\u017ce Ci odpowiednio si\u0119 przygotowa\u0107.\" \/>\n<meta name=\"robots\" content=\"index, follow, max-snippet:-1, max-image-preview:large, max-video-preview:-1\" \/>\n<link rel=\"canonical\" href=\"https:\/\/8a.pl\/8academy\/kasprowy-wierch-zima-praktyczny-przewodnik\/\" \/>\n<meta property=\"og:locale\" content=\"pl_PL\" \/>\n<meta property=\"og:type\" content=\"article\" \/>\n<meta property=\"og:title\" content=\"Kasprowy Wierch zim\u0105 - praktyczny przewodnik\" \/>\n<meta property=\"og:description\" content=\"Szukasz tatrza\u0144skiego szczytu na pierwsze zimowe wej\u015bcie? Kasprowy Wierch zim\u0105 - praktyczny przewodnik pomo\u017ce Ci odpowiednio si\u0119 przygotowa\u0107.\" \/>\n<meta property=\"og:url\" content=\"https:\/\/8a.pl\/8academy\/kasprowy-wierch-zima-praktyczny-przewodnik\/\" \/>\n<meta property=\"og:site_name\" content=\"8academy.pl - portal g\u00f3rski i wspinaczkowy dla aktywnych\" \/>\n<meta property=\"article:publisher\" content=\"https:\/\/pl-pl.facebook.com\/sklep8apl\/\" \/>\n<meta property=\"article:published_time\" content=\"2026-01-14T13:53:02+00:00\" \/>\n<meta property=\"article:modified_time\" content=\"2026-01-14T13:54:10+00:00\" \/>\n<meta property=\"og:image\" content=\"https:\/\/8a.pl\/8academy\/wp-content\/uploads\/2026\/01\/front.webp\" \/>\n\t<meta property=\"og:image:width\" content=\"1800\" \/>\n\t<meta property=\"og:image:height\" content=\"1314\" \/>\n\t<meta property=\"og:image:type\" content=\"image\/webp\" \/>\n<meta name=\"author\" content=\"Redakcja 8Academy\" \/>\n<meta name=\"twitter:card\" content=\"summary_large_image\" \/>\n<meta name=\"twitter:label1\" content=\"Napisane przez\" \/>\n\t<meta name=\"twitter:data1\" content=\"Redakcja 8Academy\" \/>\n\t<meta name=\"twitter:label2\" content=\"Szacowany czas czytania\" \/>\n\t<meta name=\"twitter:data2\" content=\"14 minut\" \/>\n<!-- \/ Yoast SEO Premium plugin. -->","yoast_head_json":{"title":"Kasprowy Wierch zim\u0105 - praktyczny przewodnik | 8academy.pl","description":"Szukasz tatrza\u0144skiego szczytu na pierwsze zimowe wej\u015bcie? Kasprowy Wierch zim\u0105 - praktyczny przewodnik pomo\u017ce Ci odpowiednio si\u0119 przygotowa\u0107.","robots":{"index":"index","follow":"follow","max-snippet":"max-snippet:-1","max-image-preview":"max-image-preview:large","max-video-preview":"max-video-preview:-1"},"canonical":"https:\/\/8a.pl\/8academy\/kasprowy-wierch-zima-praktyczny-przewodnik\/","og_locale":"pl_PL","og_type":"article","og_title":"Kasprowy Wierch zim\u0105 - praktyczny przewodnik","og_description":"Szukasz tatrza\u0144skiego szczytu na pierwsze zimowe wej\u015bcie? Kasprowy Wierch zim\u0105 - praktyczny przewodnik pomo\u017ce Ci odpowiednio si\u0119 przygotowa\u0107.","og_url":"https:\/\/8a.pl\/8academy\/kasprowy-wierch-zima-praktyczny-przewodnik\/","og_site_name":"8academy.pl - portal g\u00f3rski i wspinaczkowy dla aktywnych","article_publisher":"https:\/\/pl-pl.facebook.com\/sklep8apl\/","article_published_time":"2026-01-14T13:53:02+00:00","article_modified_time":"2026-01-14T13:54:10+00:00","og_image":[{"width":1800,"height":1314,"url":"https:\/\/8a.pl\/8academy\/wp-content\/uploads\/2026\/01\/front.webp","type":"image\/webp"}],"author":"Redakcja 8Academy","twitter_card":"summary_large_image","twitter_misc":{"Napisane przez":"Redakcja 8Academy","Szacowany czas czytania":"14 minut"},"schema":{"@context":"https:\/\/schema.org","@graph":[{"@type":"Article","@id":"https:\/\/8a.pl\/8academy\/kasprowy-wierch-zima-praktyczny-przewodnik\/#article","isPartOf":{"@id":"https:\/\/8a.pl\/8academy\/kasprowy-wierch-zima-praktyczny-przewodnik\/"},"author":{"name":"Redakcja 8Academy","@id":"https:\/\/8a.pl\/8academy\/#\/schema\/person\/2e392153a51786e6c3d5ede231b5d2a4"},"headline":"Kasprowy Wierch zim\u0105 &#8211; praktyczny przewodnik","datePublished":"2026-01-14T13:53:02+00:00","dateModified":"2026-01-14T13:54:10+00:00","mainEntityOfPage":{"@id":"https:\/\/8a.pl\/8academy\/kasprowy-wierch-zima-praktyczny-przewodnik\/"},"wordCount":2328,"publisher":{"@id":"https:\/\/8a.pl\/8academy\/#organization"},"image":{"@id":"https:\/\/8a.pl\/8academy\/kasprowy-wierch-zima-praktyczny-przewodnik\/#primaryimage"},"thumbnailUrl":"https:\/\/8a.pl\/8academy\/wp-content\/uploads\/2026\/01\/front.webp","keywords":["Przewodnik","Trekking","Zima"],"articleSection":["Turystyka \/ trekking"],"inLanguage":"pl-PL"},{"@type":"WebPage","@id":"https:\/\/8a.pl\/8academy\/kasprowy-wierch-zima-praktyczny-przewodnik\/","url":"https:\/\/8a.pl\/8academy\/kasprowy-wierch-zima-praktyczny-przewodnik\/","name":"Kasprowy Wierch zim\u0105 - praktyczny przewodnik | 8academy.pl","isPartOf":{"@id":"https:\/\/8a.pl\/8academy\/#website"},"primaryImageOfPage":{"@id":"https:\/\/8a.pl\/8academy\/kasprowy-wierch-zima-praktyczny-przewodnik\/#primaryimage"},"image":{"@id":"https:\/\/8a.pl\/8academy\/kasprowy-wierch-zima-praktyczny-przewodnik\/#primaryimage"},"thumbnailUrl":"https:\/\/8a.pl\/8academy\/wp-content\/uploads\/2026\/01\/front.webp","datePublished":"2026-01-14T13:53:02+00:00","dateModified":"2026-01-14T13:54:10+00:00","description":"Szukasz tatrza\u0144skiego szczytu na pierwsze zimowe wej\u015bcie? Kasprowy Wierch zim\u0105 - praktyczny przewodnik pomo\u017ce Ci odpowiednio si\u0119 przygotowa\u0107.","breadcrumb":{"@id":"https:\/\/8a.pl\/8academy\/kasprowy-wierch-zima-praktyczny-przewodnik\/#breadcrumb"},"inLanguage":"pl-PL","potentialAction":[{"@type":"ReadAction","target":["https:\/\/8a.pl\/8academy\/kasprowy-wierch-zima-praktyczny-przewodnik\/"]}]},{"@type":"ImageObject","inLanguage":"pl-PL","@id":"https:\/\/8a.pl\/8academy\/kasprowy-wierch-zima-praktyczny-przewodnik\/#primaryimage","url":"https:\/\/8a.pl\/8academy\/wp-content\/uploads\/2026\/01\/front.webp","contentUrl":"https:\/\/8a.pl\/8academy\/wp-content\/uploads\/2026\/01\/front.webp","width":1800,"height":1314,"caption":"(fot. Joanna Kapinos)"},{"@type":"BreadcrumbList","@id":"https:\/\/8a.pl\/8academy\/kasprowy-wierch-zima-praktyczny-przewodnik\/#breadcrumb","itemListElement":[{"@type":"ListItem","position":1,"name":"Strona g\u0142\u00f3wna","item":"https:\/\/8a.pl\/8academy\/"},{"@type":"ListItem","position":2,"name":"Kasprowy Wierch zim\u0105 &#8211; praktyczny przewodnik"}]},{"@type":"WebSite","@id":"https:\/\/8a.pl\/8academy\/#website","url":"https:\/\/8a.pl\/8academy\/","name":"8academy.pl - portal g\u00f3rski i wspinaczkowy dla aktywnych","description":"8academy to portal g\u00f3rski o wspinaczce, trekkingu i skiturach. Znajdziesz tu porady, testy sprz\u0119tu i opisy najlepszych rejon\u00f3w. Inspirujemy zdobywc\u00f3w!","publisher":{"@id":"https:\/\/8a.pl\/8academy\/#organization"},"potentialAction":[{"@type":"SearchAction","target":{"@type":"EntryPoint","urlTemplate":"https:\/\/8a.pl\/8academy\/?s={search_term_string}"},"query-input":{"@type":"PropertyValueSpecification","valueRequired":true,"valueName":"search_term_string"}}],"inLanguage":"pl-PL"},{"@type":"Organization","@id":"https:\/\/8a.pl\/8academy\/#organization","name":"8academy.pl - portal g\u00f3rski i wspinaczkowy dla aktywnych","url":"https:\/\/8a.pl\/8academy\/","logo":{"@type":"ImageObject","inLanguage":"pl-PL","@id":"https:\/\/8a.pl\/8academy\/#\/schema\/logo\/image\/","url":"https:\/\/8a.pl\/8academy\/wp-content\/uploads\/2015\/11\/logo.png","contentUrl":"https:\/\/8a.pl\/8academy\/wp-content\/uploads\/2015\/11\/logo.png","width":438,"height":315,"caption":"8academy.pl - portal g\u00f3rski i wspinaczkowy dla aktywnych"},"image":{"@id":"https:\/\/8a.pl\/8academy\/#\/schema\/logo\/image\/"},"sameAs":["https:\/\/pl-pl.facebook.com\/sklep8apl\/","https:\/\/www.instagram.com\/8apl\/"]},{"@type":"Person","@id":"https:\/\/8a.pl\/8academy\/#\/schema\/person\/2e392153a51786e6c3d5ede231b5d2a4","name":"Redakcja 8Academy","image":{"@type":"ImageObject","inLanguage":"pl-PL","@id":"https:\/\/8a.pl\/8academy\/#\/schema\/person\/image\/","url":"https:\/\/8a.pl\/8academy\/wp-content\/uploads\/2017\/10\/logo_obrobione_2_150_59ICJ.jpg","contentUrl":"https:\/\/8a.pl\/8academy\/wp-content\/uploads\/2017\/10\/logo_obrobione_2_150_59ICJ.jpg","caption":"Redakcja 8Academy"},"url":"https:\/\/8a.pl\/8academy\/author\/redakcja\/"}]}},"_links":{"self":[{"href":"https:\/\/8a.pl\/8academy\/wp-json\/wp\/v2\/posts\/83451","targetHints":{"allow":["GET"]}}],"collection":[{"href":"https:\/\/8a.pl\/8academy\/wp-json\/wp\/v2\/posts"}],"about":[{"href":"https:\/\/8a.pl\/8academy\/wp-json\/wp\/v2\/types\/post"}],"author":[{"embeddable":true,"href":"https:\/\/8a.pl\/8academy\/wp-json\/wp\/v2\/users\/7"}],"replies":[{"embeddable":true,"href":"https:\/\/8a.pl\/8academy\/wp-json\/wp\/v2\/comments?post=83451"}],"version-history":[{"count":20,"href":"https:\/\/8a.pl\/8academy\/wp-json\/wp\/v2\/posts\/83451\/revisions"}],"predecessor-version":[{"id":83545,"href":"https:\/\/8a.pl\/8academy\/wp-json\/wp\/v2\/posts\/83451\/revisions\/83545"}],"wp:featuredmedia":[{"embeddable":true,"href":"https:\/\/8a.pl\/8academy\/wp-json\/wp\/v2\/media\/83530"}],"wp:attachment":[{"href":"https:\/\/8a.pl\/8academy\/wp-json\/wp\/v2\/media?parent=83451"}],"wp:term":[{"taxonomy":"category","embeddable":true,"href":"https:\/\/8a.pl\/8academy\/wp-json\/wp\/v2\/categories?post=83451"},{"taxonomy":"post_tag","embeddable":true,"href":"https:\/\/8a.pl\/8academy\/wp-json\/wp\/v2\/tags?post=83451"}],"curies":[{"name":"wp","href":"https:\/\/api.w.org\/{rel}","templated":true}]}}