{"id":83336,"date":"2026-01-07T16:10:34","date_gmt":"2026-01-07T15:10:34","guid":{"rendered":"https:\/\/8a.pl\/8academy\/?p=83336"},"modified":"2026-01-07T16:10:34","modified_gmt":"2026-01-07T15:10:34","slug":"gdzie-w-gory-z-dziecmi-zima","status":"publish","type":"post","link":"https:\/\/8a.pl\/8academy\/gdzie-w-gory-z-dziecmi-zima\/","title":{"rendered":"Gdzie w g\u00f3ry z dzie\u0107mi zim\u0105?"},"content":{"rendered":"\n<p class=\"wp-block-paragraph\">Wyjazd w g\u00f3ry z dzieckiem zim\u0105 rz\u0105dzi si\u0119 innymi zasadami ni\u017c letni trekking czy szybki wypad we dwoje. Tu nie chodzi o wysoko\u015b\u0107 szczyt\u00f3w ani liczb\u0119 kilometr\u00f3w, tylko o \u015bnieg, prost\u0105 rado\u015b\u0107 z ruchu i miejsca, kt\u00f3re naprawd\u0119 nadaj\u0105 si\u0119 na rodzinny wyjazd. Dlatego pytanie gdzie w g\u00f3ry z dzie\u0107mi zim\u0105 warto potraktowa\u0107 serio \u2013 dobrze wybrany kierunek potrafi zamieni\u0107 ferie w przygod\u0119, do kt\u00f3rej dzieci ch\u0119tnie wracaj\u0105.<\/p>\n\n\n\n<p class=\"wp-block-paragraph\">Rodzinne g\u00f3ry zim\u0105 z dzieckiem to \u0142atwe trasy, sanki, kr\u00f3tkie spacery i zaplecze, kt\u00f3re pozwala elastycznie planowa\u0107 dzie\u0144. W\u0142a\u015bnie na tym si\u0119 skupimy. Podpowiadamy gdzie jecha\u0107 w g\u00f3ry z dzie\u0107mi zim\u0105, poka\u017cemy sprawdzone regiony w Polsce i dorzucamy praktyczne wskaz\u00f3wki. Gotowi dowiedzie\u0107 si\u0119 gdzie na ferie z dzie\u0107mi w g\u00f3ry?<\/p>\n\n\n\n<ul class=\"wp-block-list\">\n<li><strong><a href=\"https:\/\/8a.pl\/8academy\/gdzie-w-gory-z-dziecmi-zima\/#h-dlaczego-warto-jechac-w-gory-z-dziecmi-zima\">Dlaczego warto jecha\u0107 w g\u00f3ry zim\u0105 z dzie\u0107mi?<\/a><\/strong><\/li>\n\n\n\n<li><strong><a href=\"https:\/\/8a.pl\/8academy\/gdzie-w-gory-z-dziecmi-zima\/#h-gdzie-w-gory-z-dziecmi-zima\">Gdzie w g\u00f3ry z dzie\u0107mi zim\u0105?<\/a><\/strong><\/li>\n\n\n\n<li><strong><a href=\"https:\/\/8a.pl\/8academy\/gdzie-w-gory-z-dziecmi-zima\/#h-gdzie-na-ferie-z-dziecmi-w-gory-karkonosze\">Gdzie na ferie z dzie\u0107mi w g\u00f3ry &#8211; Karkonosze<\/a><\/strong><\/li>\n\n\n\n<li><strong><a href=\"https:\/\/8a.pl\/8academy\/gdzie-w-gory-z-dziecmi-zima\/#h-gdzie-w-gory-z-dziecmi-zima-gory-izerskie\">Gdzie w g\u00f3ry z dzie\u0107mi zim\u0105? G\u00f3ry Izerskie<\/a><\/strong><\/li>\n\n\n\n<li><a href=\"https:\/\/8a.pl\/8academy\/gdzie-w-gory-z-dziecmi-zima\/#h-gory-stolowe-z-dziecmi\"><strong>G\u00f3ry Sto\u0142owe z dzie\u0107mi<\/strong><\/a><\/li>\n\n\n\n<li><strong><a href=\"https:\/\/8a.pl\/8academy\/gdzie-w-gory-z-dziecmi-zima\/#h-tatry-w-wersji-rodzinnej\">Tatry w wersji rodzinnej<\/a><\/strong><\/li>\n\n\n\n<li><strong><a href=\"https:\/\/8a.pl\/8academy\/gdzie-w-gory-z-dziecmi-zima\/#h-beskidy-z-dzieckiem\">Beskidy z dzieckiem<\/a><\/strong><\/li>\n\n\n\n<li><strong><a href=\"https:\/\/8a.pl\/8academy\/gdzie-w-gory-z-dziecmi-zima\/#h-jak-ubrac-dziecko-w-gory-zima\">Jak ubra\u0107 dziecko w g\u00f3ry zim\u0105?<\/a><\/strong><\/li>\n<\/ul>\n\n\n\n<p class=\"wp-block-paragraph\"><\/p>\n\n\n<div class=\"wp-block-image\">\n<figure class=\"aligncenter size-full\"><img fetchpriority=\"high\" decoding=\"async\" width=\"600\" height=\"816\" src=\"https:\/\/8a.pl\/8academy\/wp-content\/uploads\/2026\/01\/F24_US_SNOW_MT_06702.webp\" alt=\"Dziewczynka zjezdzajaca na sankach.\" class=\"wp-image-83345\" srcset=\"https:\/\/8a.pl\/8academy\/wp-content\/uploads\/2026\/01\/F24_US_SNOW_MT_06702.webp 600w, https:\/\/8a.pl\/8academy\/wp-content\/uploads\/2026\/01\/F24_US_SNOW_MT_06702-221x300.webp 221w\" sizes=\"(max-width: 600px) 100vw, 600px\" \/><figcaption class=\"wp-element-caption\">G\u00f3ry zim\u0105 z dzie\u0107mi to przede wszystkim frajda &#8211; sanki, \u015bnieg i zimowa zabawa na \u015bwie\u017cym powietrzu. (fot. Columbia)<\/figcaption><\/figure>\n<\/div>\n\n\n<h2 class=\"wp-block-heading\" id=\"h-dlaczego-warto-jechac-w-gory-zima-z-dziecmi\">Dlaczego warto jecha\u0107 w g\u00f3ry zim\u0105 z dzie\u0107mi?<\/h2>\n\n\n\n<p class=\"wp-block-paragraph\">Zim\u0105 g\u00f3ry robi\u0105 si\u0119 naturalnym placem zabaw. S\u0105 g\u00f3rki pod sanki, \u015bnieg na orze\u0142ki, kr\u00f3tkie spacery w zupe\u0142nie innej scenerii i widoki, kt\u00f3re dzia\u0142aj\u0105 na dzieci\u0119c\u0105 wyobra\u017ani\u0119. G\u00f3ry zim\u0105 z dzieckiem to po prostu frajda!<\/p>\n\n\n\n<p class=\"wp-block-paragraph\">Nie trzeba od razu i\u015b\u0107 wysoko, by poczu\u0107 g\u00f3rski charakter. Wystarcz\u0105 doliny, polany, le\u015bne drogi i miejsca, gdzie mo\u017cna pobawi\u0107 si\u0119 \u015bniegiem, a przy okazji pokaza\u0107 dzieciom prawdziw\u0105 zim\u0119. To \u015bnieg skrzypi\u0105cy pod butami, czerwone policzki i ciep\u0142e kakao po drodze. Dobrze wybrane g\u00f3ry z dzie\u0107mi zim\u0105 pozwalaj\u0105 po\u0142\u0105czy\u0107 zabaw\u0119 z ruchem i pokaza\u0107 r\u00f3\u017cne g\u00f3rskie krajobrazy w wersji &#8220;wow&#8221; .<\/p>\n\n\n\n<p class=\"wp-block-paragraph\"><\/p>\n\n\n<div class=\"wp-block-image\">\n<figure class=\"aligncenter size-full\"><img decoding=\"async\" width=\"600\" height=\"816\" src=\"https:\/\/8a.pl\/8academy\/wp-content\/uploads\/2026\/01\/F25_SNOW_EH_UT_A_2254.webp\" alt=\"Dzieci zim\u0105 w g\u00f3rach.\" class=\"wp-image-83348\" srcset=\"https:\/\/8a.pl\/8academy\/wp-content\/uploads\/2026\/01\/F25_SNOW_EH_UT_A_2254.webp 600w, https:\/\/8a.pl\/8academy\/wp-content\/uploads\/2026\/01\/F25_SNOW_EH_UT_A_2254-221x300.webp 221w\" sizes=\"(max-width: 600px) 100vw, 600px\" \/><figcaption class=\"wp-element-caption\">Gdzie w g\u00f3ry z dzie\u0107mi zim\u0105? Polecamy sprawdzone kierunki na rodzinny wyjazd w \u015bnie\u017cnej scenerii. (fot. Columbia)<\/figcaption><\/figure>\n<\/div>\n\n\n<p class=\"wp-block-paragraph\"><strong>Przeczytaj te\u017c:<\/strong><\/p>\n\n\n\n<ul class=\"wp-block-list\">\n<li><a href=\"https:\/\/8a.pl\/8academy\/gory-z-dzieckiem-co-zabrac-na-wycieczke\/\"><strong>G\u00f3ry z dzieckiem \u2013 co ze sob\u0105 zabra\u0107?<\/strong><\/a><\/li>\n<\/ul>\n\n\n\n<hr class=\"wp-block-separator has-text-color has-cyan-bluish-gray-color has-alpha-channel-opacity has-cyan-bluish-gray-background-color has-background\"\/>\n\n\n\n<h2 class=\"wp-block-heading\" id=\"h-gdzie-w-gory-z-dziecmi-zima\">Gdzie w g\u00f3ry z dzie\u0107mi zim\u0105?<\/h2>\n\n\n\n<p class=\"wp-block-paragraph\">Planuj\u0105c wyjazd w g\u00f3ry zim\u0105 z dzie\u0107mi, warto na chwil\u0119 zatrzyma\u0107 si\u0119 przy wyborze miejsca. R\u00f3\u017cne pasma oferuj\u0105 zupe\u0142nie inne do\u015bwiadczenia. Jedne sprzyjaj\u0105 spokojnym spacerom i zabawie na \u015bniegu, inne daj\u0105 wi\u0119cej mo\u017cliwo\u015bci kr\u00f3tkich wycieczek i atrakcji poza szlakiem. Jeszcze inne b\u0119d\u0105 \u015bwitn\u0105 baz\u0105 wypadow\u0105 na narty! To w\u0142a\u015bnie te r\u00f3\u017cnice decyduj\u0105 o tym, czy zimowy wyjazd b\u0119dzie komfortowy i ciekawy dla ca\u0142ej rodziny.<\/p>\n\n\n\n<p class=\"wp-block-paragraph\">W kolejnych cz\u0119\u015bciach zebrali\u015bmy sprawdzone regiony g\u00f3rskie, kt\u00f3re zim\u0105 dobrze sprawdzaj\u0105 si\u0119 na wyjazdy z dzie\u0107mi. Przy ka\u017cdym z nich znajdziesz propozycje tras, miejsc na sanki i atrakcji, kt\u00f3re pozwalaj\u0105 cieszy\u0107 si\u0119 zim\u0105 w g\u00f3rach w lekkiej, przyjaznej formie.<\/p>\n\n\n\n<p class=\"wp-block-paragraph\"><strong>Przeczytaj te\u017c:<\/strong><\/p>\n\n\n\n<ul class=\"wp-block-list\">\n<li><a href=\"https:\/\/8a.pl\/8academy\/gdzie-w-gory-na-weekend-zima\/\"><strong>Gdzie w g\u00f3ry na weekend zim\u0105? Pomys\u0142y na weekend w g\u00f3rach.<\/strong><\/a><\/li>\n\n\n\n<li><a href=\"https:\/\/8a.pl\/8academy\/jak-ubrac-dziecko-zima-na-spacer-w-gory\/\"><strong>Jak ubra\u0107 dziecko zim\u0105 na spacer w g\u00f3ry? <\/strong><\/a><\/li>\n<\/ul>\n\n\n\n<hr class=\"wp-block-separator has-text-color has-cyan-bluish-gray-color has-alpha-channel-opacity has-cyan-bluish-gray-background-color has-background\"\/>\n\n\n\n<p class=\"wp-block-paragraph\"><\/p>\n\n\n<div class=\"wp-block-image\">\n<figure class=\"aligncenter size-full\"><img decoding=\"async\" width=\"600\" height=\"816\" src=\"https:\/\/8a.pl\/8academy\/wp-content\/uploads\/2026\/01\/5100040C-4967_Kipina_5300021C-5661_Pohjoinen_5300104B-_5660_Ote.webp\" alt=\"Dziecko podczas lepienia ba\u0142wana.\" class=\"wp-image-83341\" srcset=\"https:\/\/8a.pl\/8academy\/wp-content\/uploads\/2026\/01\/5100040C-4967_Kipina_5300021C-5661_Pohjoinen_5300104B-_5660_Ote.webp 600w, https:\/\/8a.pl\/8academy\/wp-content\/uploads\/2026\/01\/5100040C-4967_Kipina_5300021C-5661_Pohjoinen_5300104B-_5660_Ote-221x300.webp 221w\" sizes=\"(max-width: 600px) 100vw, 600px\" \/><figcaption class=\"wp-element-caption\">Zima, g\u00f3ry, \u015bnieg &#8211; czego chcie\u0107 wi\u0119cej? (fot. Reima)<\/figcaption><\/figure>\n<\/div>\n\n\n<h3 class=\"wp-block-heading\" id=\"h-gdzie-na-ferie-z-dziecmi-w-gory-karkonosze\">Gdzie na ferie z dzie\u0107mi w g\u00f3ry &#8211; Karkonosze<\/h3>\n\n\n\n<p class=\"wp-block-paragraph\">Karkonosze zim\u0105 daj\u0105 bardzo szerokie mo\u017cliwo\u015bci na wyjazd z dzie\u0107mi \u2013 od kr\u00f3tkich spacer\u00f3w, przez sanki i narty. To dobre miejsca na pierwsze \u201eprawdziwe\u201d g\u00f3rskie do\u015bwiadczenia. To region, w kt\u00f3rym \u0142atwo dopasowa\u0107 plan do wieku i energii dzieci.<\/p>\n\n\n\n<ul class=\"wp-block-list\">\n<li><strong>Narty i stoki przyjazne rodzinom<\/strong> &#8211; w okolicach Szklarskiej Por\u0119by i Karpacza bez problemu znajdziesz stoki, szk\u00f3\u0142ki narciarskie, kt\u00f3re dobrze sprawdzaj\u0105 si\u0119 przy rodzinnych wyjazdach. To dobry kierunek, je\u015bli chcesz po\u0142\u0105czy\u0107 g\u00f3ry zim\u0105 z dzieckiem z nauk\u0105 jazdy na nartach lub pierwszymi \u015blizgami na \u015bniegu.<\/li>\n\n\n\n<li><strong>Zimowe spacery do wodospad\u00f3w<\/strong> &#8211; Wodospad Kamie\u0144czyka i Wodospad Szklarki to \u015bwietna opcja na spokojny dzie\u0144 w terenie. Wycieczki s\u0105 kr\u00f3tkie, efektowne wizualnie i pozwalaj\u0105 dzieciom zobaczy\u0107 zimowe g\u00f3ry bez d\u0142ugich podej\u015b\u0107.<\/li>\n\n\n\n<li><strong>Kolejk\u0105 po g\u00f3rskie widoki<\/strong> &#8211; je\u015bli chcesz pokaza\u0107 dzieciom karkonoskie panoramy bez wielogodzinnego marszu, dobrym wyborem jest wjazd kolejk\u0105 na Szrenica albo na Kop\u0119. To prawdziwe, g\u00f3rskie do\u015bwiadczenie.<\/li>\n\n\n\n<li><strong>Schronisko Samotnia <\/strong>\u2013 wersja dla starszych dzieci &#8211; ciekaw\u0105 opcj\u0105 jest trasa w okolice Schronisko Samotnia. Zim\u0105 doj\u015bcie to ju\u017c pe\u0142noprawna wycieczka g\u00f3rska (oko\u0142o 4\u20135 km w jedn\u0105 stron\u0119), ale wci\u0105\u017c realna przy dobrym planie i pogodzie. Nocleg w schronisku i poranek nad Ma\u0142ym Stawem robi\u0105 ogromne wra\u017cenie.<\/li>\n<\/ul>\n\n\n\n<p class=\"wp-block-paragraph\">G\u00f3ry z dzie\u0107mi zim\u0105 &#8211; warto podej\u015b\u0107 do tematu rozs\u0105dnie. Dobrze dobra\u0107 tras\u0119 do wieku dziecka, zadba\u0107 o odpowiednie ubranie, ciep\u0142e napoje w termosie i proste przek\u0105ski.<\/p>\n\n\n\n<p class=\"wp-block-paragraph\"><\/p>\n\n\n<div class=\"wp-block-image\">\n<figure class=\"aligncenter size-full\"><img loading=\"lazy\" decoding=\"async\" width=\"600\" height=\"816\" src=\"https:\/\/8a.pl\/8academy\/wp-content\/uploads\/2025\/11\/5300227B-6900_Topsu_5100110A-67A0_Stavanger.webp\" alt=\"Dziecko w zimowej scenerii z kubkiem termicznym w d\u0142oniach.\" class=\"wp-image-82589\" srcset=\"https:\/\/8a.pl\/8academy\/wp-content\/uploads\/2025\/11\/5300227B-6900_Topsu_5100110A-67A0_Stavanger.webp 600w, https:\/\/8a.pl\/8academy\/wp-content\/uploads\/2025\/11\/5300227B-6900_Topsu_5100110A-67A0_Stavanger-221x300.webp 221w\" sizes=\"(max-width: 600px) 100vw, 600px\" \/><figcaption class=\"wp-element-caption\">Zimowy wyjazd w g\u00f3ry z dzieckiem \u2013 odpowiedni ubi\u00f3r i termos z gor\u0105cym napojem to podstawa. (fot. Reima)<\/figcaption><\/figure>\n<\/div>\n\n\n<p class=\"wp-block-paragraph\"><strong>Przeczytaj te\u017c:<\/strong><\/p>\n\n\n\n<ul class=\"wp-block-list\">\n<li><strong><a href=\"https:\/\/8a.pl\/8academy\/karkonosze-szlaki-schroniska-i-inne-atrakcje\/\">Karkonosze \u2013 szlaki, schroniska i inne atrakcje<\/a><\/strong><\/li>\n<\/ul>\n\n\n\n<hr class=\"wp-block-separator has-text-color has-cyan-bluish-gray-color has-alpha-channel-opacity has-cyan-bluish-gray-background-color has-background\"\/>\n\n\n\n<h3 class=\"wp-block-heading\" id=\"h-gdzie-w-gory-z-dziecmi-zima-gory-izerskie\">Gdzie w g\u00f3ry z dzie\u0107mi zim\u0105? G\u00f3ry Izerskie<\/h3>\n\n\n\n<p class=\"wp-block-paragraph\">G\u00f3ry Izerskie to bardzo dobry wyb\u00f3r, je\u015bli zim\u0105 szukasz spokojnego, spacerowego miejsca przyjaznego dzieciom. To pasmo oferuje du\u017co \u015bniegu, \u0142agodne trasy i przestrze\u0144 do swobodnej zabawy na \u015bwie\u017cym powietrzu. G\u00f3ry z dzie\u0107mi zim\u0105 w tej cz\u0119\u015bci Sudet\u00f3w maj\u0105 wyra\u017anie rekreacyjny charakter.<\/p>\n\n\n\n<p class=\"wp-block-paragraph\">Izerskie trasy s\u0105 szerokie i pozbawione du\u017cych przewy\u017csze\u0144, dlatego dobrze nadaj\u0105 si\u0119 na zimowe spacery z m\u0142odszymi dzie\u0107mi. Le\u015bne drogi i polany w okolicach \u015awieradowa-Zdroju sprzyjaj\u0105 kr\u00f3tkim wyj\u015bciom w teren. W wielu miejscach bez problemu znajdziesz te\u017c naturalne g\u00f3rki idealne na sanki. G\u00f3ry Izerskie zim\u0105 sprawdzaj\u0105 si\u0119 wtedy, gdy g\u00f3ry z dzie\u0107mi zim\u0105 maj\u0105 by\u0107 lekk\u0105 i przyjemn\u0105 przygod\u0105. Spacery, sanki i \u015bnie\u017cna sceneria daj\u0105 du\u017co rado\u015bci i pozwalaj\u0105 cieszy\u0107 si\u0119 zim\u0105 w prosty spos\u00f3b.<\/p>\n\n\n\n<p class=\"wp-block-paragraph\"><\/p>\n\n\n<div class=\"wp-block-image\">\n<figure class=\"aligncenter size-full\"><img loading=\"lazy\" decoding=\"async\" width=\"600\" height=\"816\" src=\"https:\/\/8a.pl\/8academy\/wp-content\/uploads\/2026\/01\/5300214B-6981_Kuuraan_5100141B-4961_Aapua_1.webp\" alt=\"Mama z dzieckiem w zimowej, g\u00f3rskiej scenerii.\" class=\"wp-image-83344\" srcset=\"https:\/\/8a.pl\/8academy\/wp-content\/uploads\/2026\/01\/5300214B-6981_Kuuraan_5100141B-4961_Aapua_1.webp 600w, https:\/\/8a.pl\/8academy\/wp-content\/uploads\/2026\/01\/5300214B-6981_Kuuraan_5100141B-4961_Aapua_1-221x300.webp 221w\" sizes=\"(max-width: 600px) 100vw, 600px\" \/><figcaption class=\"wp-element-caption\">Gdzie zim\u0105 w g\u00f3ry z dzie\u0107mi na spacery i sanki? G\u00f3ry Izerskie oferuj\u0105 \u0142agodne trasy dla najm\u0142odszych. (fot. Reima)<\/figcaption><\/figure>\n<\/div>\n\n\n<h3 class=\"wp-block-heading\" id=\"h-gory-stolowe-z-dziecmi\">G\u00f3ry Sto\u0142owe z dzie\u0107mi<\/h3>\n\n\n\n<p class=\"wp-block-paragraph\">G\u00f3ry Sto\u0142owe zim\u0105 to jeden z najbardziej rodzinnych kierunk\u00f3w w Polsce. Ich najwi\u0119ksz\u0105 zalet\u0105 jest charakter terenu \u2013 zamiast d\u0142ugich podej\u015b\u0107 i stromych zboczy mamy tu p\u0142askie fragmenty, kr\u00f3tkie odcinki i formacje skalne, kt\u00f3re same w sobie s\u0105 atrakcj\u0105. Dla dzieci to idealne g\u00f3ry do ogl\u0105dania i odkrywania. <\/p>\n\n\n\n<p class=\"wp-block-paragraph\">Zim\u0105 \u015bwietnie sprawdzaj\u0105 si\u0119 spacery w rejonie Szczeli\u0144ca Wielkiego. Nawet je\u015bli wej\u015bcie na sam szczyt nie zawsze jest mo\u017cliwe przy trudniejszych warunkach, okolice i dolne partie Parku Narodowego G\u00f3r Sto\u0142owych oferuj\u0105 du\u017co kr\u00f3tkich tras, kt\u00f3re daj\u0105 namiastk\u0119 g\u00f3rskiej przygody bez du\u017cego wysi\u0142ku. Ska\u0142y pokryte \u015bniegiem i lodem robi\u0105 na dzieciach ogromne wra\u017cenie.<\/p>\n\n\n\n<p class=\"wp-block-paragraph\"><\/p>\n\n\n<div class=\"wp-block-image\">\n<figure class=\"aligncenter size-full\"><img loading=\"lazy\" decoding=\"async\" width=\"600\" height=\"816\" src=\"https:\/\/8a.pl\/8academy\/wp-content\/uploads\/2025\/12\/obraz-4.webp\" alt=\"Formacje skalne na Szczeli\u0144cu.\" class=\"wp-image-83001\" srcset=\"https:\/\/8a.pl\/8academy\/wp-content\/uploads\/2025\/12\/obraz-4.webp 600w, https:\/\/8a.pl\/8academy\/wp-content\/uploads\/2025\/12\/obraz-4-221x300.webp 221w\" sizes=\"(max-width: 600px) 100vw, 600px\" \/><figcaption class=\"wp-element-caption\">G\u00f3ry Sto\u0142owe polecaj\u0105 si\u0119 na zimowy wyjazd z dzie\u0107mi. (fot. Marzena Diuwe)<\/figcaption><\/figure>\n<\/div>\n\n\n<p class=\"wp-block-paragraph\">R\u00f3wnie charakterystyczne s\u0105 okolice B\u0142\u0119dne Ska\u0142y. Latem to skalny labirynt, a zim\u0105 bajkowa sceneria, kt\u00f3r\u0105 mo\u017cna podziwia\u0107 nawet bez wchodzenia w \u015bcis\u0142e partie skalne. Kr\u00f3tkie spacery w tym rejonie dobrze pokazuj\u0105 dzieciom, \u017ce g\u00f3ry mog\u0105 wygl\u0105da\u0107 zupe\u0142nie inaczej ni\u017c klasyczne grzbiety i doliny. G\u00f3ry Sto\u0142owe zim\u0105 to \u015bwietny wyb\u00f3r, gdy g\u00f3ry z dzie\u0107mi zim\u0105 maj\u0105 by\u0107 przede wszystkim zabaw\u0105 i odkrywaniem nowych krajobraz\u00f3w. Kr\u00f3tkie trasy, \u015bnieg, niezwyk\u0142e ska\u0142y i brak du\u017cych przewy\u017csze\u0144 sprawiaj\u0105, \u017ce to region bardzo przyjazny rodzinom z dzie\u0107mi.<\/p>\n\n\n\n<p class=\"wp-block-paragraph\"><strong>Przeczytaj te\u017c:<\/strong><\/p>\n\n\n\n<ul class=\"wp-block-list\">\n<li><strong><a href=\"https:\/\/8a.pl\/8academy\/gory-stolowe-zima-gdzie-isc-i-dlaczego-to-dobry-kierunek\/\">G\u00f3ry Sto\u0142owe zim\u0105 \u2013 co zobaczy\u0107 i dlaczego to dobry kierunek<\/a><\/strong><\/li>\n<\/ul>\n\n\n\n<hr class=\"wp-block-separator has-text-color has-cyan-bluish-gray-color has-alpha-channel-opacity has-cyan-bluish-gray-background-color has-background\"\/>\n\n\n\n<h3 class=\"wp-block-heading\" id=\"h-tatry-w-wersji-rodzinnej\">Tatry w wersji rodzinnej<\/h3>\n\n\n\n<p class=\"wp-block-paragraph\">Tatry zim\u0105 z dzie\u0107mi potrafi\u0105 da\u0107 bardzo intensywne, \u201eprawdziwie g\u00f3rskie\u201d wra\u017cenia \u2013 nawet wtedy, gdy planujesz spokojne spacery i kr\u00f3tkie wyj\u015bcia w teren. Kluczem jest wyb\u00f3r miejsc, kt\u00f3re zim\u0105 pozostaj\u0105 dost\u0119pne i przyjazne dzieciakom. Poni\u017cej kilka propozycji na Tatry zim\u0105 z dzieckiem.<\/p>\n\n\n\n<p class=\"wp-block-paragraph\"><\/p>\n\n\n<div class=\"wp-block-image\">\n<figure class=\"aligncenter size-full\"><img loading=\"lazy\" decoding=\"async\" width=\"600\" height=\"816\" src=\"https:\/\/8a.pl\/8academy\/wp-content\/uploads\/2026\/01\/F25_SNOW_EH_UT_A_1799.webp\" alt=\"Ch\u0142ppiec bawi\u0105cy si\u0119 \u015bniegiem.\" class=\"wp-image-83347\" srcset=\"https:\/\/8a.pl\/8academy\/wp-content\/uploads\/2026\/01\/F25_SNOW_EH_UT_A_1799.webp 600w, https:\/\/8a.pl\/8academy\/wp-content\/uploads\/2026\/01\/F25_SNOW_EH_UT_A_1799-221x300.webp 221w\" sizes=\"(max-width: 600px) 100vw, 600px\" \/><figcaption class=\"wp-element-caption\">Gdzie zim\u0105 w g\u00f3ry z dzie\u0107mi po prawdziwy g\u00f3rski klimat? Tatry w rodzinnej ods\u0142onie. (fot. Columbia)<\/figcaption><\/figure>\n<\/div>\n\n\n<ul class=\"wp-block-list\">\n<li><strong>Tatrza\u0144skie doliny<\/strong> &#8211; Dolina Ko\u015bcieliska to jedna z najlepszych propozycji, gdy zastanawiasz si\u0119, gdzie w g\u00f3ry z dzieckiem zim\u0105. Szeroka, \u015bnie\u017cna trasa, niewielkie nachylenie i mo\u017cliwo\u015b\u0107 zawr\u00f3cenia w dowolnym momencie sprawiaj\u0105, \u017ce to bezpieczny i bardzo efektowny spacer w zimowej scenerii.<\/li>\n\n\n\n<li><strong>Kalat\u00f3wki \u2013 <\/strong>wycieczka na Kalat\u00f3wki to \u015bwietny spos\u00f3b na pokazanie dzieciom Tatr \u201eod \u015brodka\u201d. Kr\u00f3tka trasa prowadzi do polany i schroniska, a widoki i zimowy klimat daj\u0105 poczucie prawdziwej g\u00f3rskiej wycieczki, bez konieczno\u015bci wielogodzinnego podej\u015bcia.<\/li>\n\n\n\n<li><strong>Nosal<\/strong> &#8211; to kr\u00f3tka, ale widokowa trasa, kt\u00f3ra zim\u0105 pozwala poczu\u0107 g\u00f3rski klimat i zobaczy\u0107 Tatry z g\u00f3ry, bez wchodzenia w wysokog\u00f3rski teren.<\/li>\n\n\n\n<li><strong>Guba\u0142\u00f3wka<\/strong> &#8211; je\u015bli Tatry zim\u0105 z dzie\u0107mi maj\u0105 obejmowa\u0107 tak\u017ce narty, Guba\u0142\u00f3wka to bardzo dobry wyb\u00f3r. \u0141agodne stoki, szk\u00f3\u0142ki narciarskie i \u0142atwy dojazd sprawiaj\u0105, \u017ce to jedno z najpopularniejszych miejsc na pierwsze narciarskie kroki w Zakopanem.<\/li>\n\n\n\n<li><strong>Kolejk\u0105 na Kasprowy <\/strong>\u2013 szybki kontakt z wysokimi Tatrami &#8211; wjazd kolejk\u0105 na Kasprowy Wierch to jedna z tych atrakcji, kt\u00f3re robi\u0105 ogromne wra\u017cenie tak\u017ce na dzieciach. Ju\u017c sam przejazd jest przygod\u0105, a panorama na g\u00f3rze daje poczucie obcowania z wysokimi g\u00f3rami \u2013 nawet je\u015bli plan ogranicza si\u0119 do kr\u00f3tkiego spaceru.<\/li>\n<\/ul>\n\n\n\n<p class=\"wp-block-paragraph\"><\/p>\n\n\n<div class=\"wp-block-image\">\n<figure class=\"aligncenter size-full\"><img loading=\"lazy\" decoding=\"async\" width=\"600\" height=\"816\" src=\"https:\/\/8a.pl\/8academy\/wp-content\/uploads\/2026\/01\/5300104B-67A0_Ote_5300227B-6900_Topsu_5100110A-67A0_Stavanger.webp\" alt=\"Dziecko robi\u0105ce orze\u0142ka na \u015bniegu.\" class=\"wp-image-83343\" srcset=\"https:\/\/8a.pl\/8academy\/wp-content\/uploads\/2026\/01\/5300104B-67A0_Ote_5300227B-6900_Topsu_5100110A-67A0_Stavanger.webp 600w, https:\/\/8a.pl\/8academy\/wp-content\/uploads\/2026\/01\/5300104B-67A0_Ote_5300227B-6900_Topsu_5100110A-67A0_Stavanger-221x300.webp 221w\" sizes=\"(max-width: 600px) 100vw, 600px\" \/><figcaption class=\"wp-element-caption\">G\u00f3ry zim\u0105 z dzieckiem? Oczywi\u015bcie! (fot. Reima)<\/figcaption><\/figure>\n<\/div>\n\n\n<h3 class=\"wp-block-heading\" id=\"h-beskidy-z-dzieckiem\">Beskidy z dzieckiem<\/h3>\n\n\n\n<p class=\"wp-block-paragraph\">Je\u015bli zastanawiasz si\u0119, gdzie w g\u00f3ry z dzieckiem zim\u0105, Beskidy to jeden z najbardziej uniwersalnych kierunk\u00f3w. G\u00f3ry zim\u0105 z dzie\u0107mi maj\u0105 tu spokojny, dost\u0119pny charakter, a plan dnia \u0142atwo dopasowa\u0107 do wieku i energii najm\u0142odszych.<\/p>\n\n\n\n<p class=\"wp-block-paragraph\"><\/p>\n\n\n<div class=\"wp-block-image\">\n<figure class=\"aligncenter size-full\"><img loading=\"lazy\" decoding=\"async\" width=\"600\" height=\"816\" src=\"https:\/\/8a.pl\/8academy\/wp-content\/uploads\/2026\/01\/F25_SNOW_EH_UT_A_1461.webp\" alt=\"Dziecko podczas zimowego szale\u0144stwa.\" class=\"wp-image-83346\" srcset=\"https:\/\/8a.pl\/8academy\/wp-content\/uploads\/2026\/01\/F25_SNOW_EH_UT_A_1461.webp 600w, https:\/\/8a.pl\/8academy\/wp-content\/uploads\/2026\/01\/F25_SNOW_EH_UT_A_1461-221x300.webp 221w\" sizes=\"(max-width: 600px) 100vw, 600px\" \/><figcaption class=\"wp-element-caption\">G\u00f3ry zim\u0105 z dzieckiem to tak\u017ce okazja do zaliczenia pobliskich stok\u00f3w. (fot. Columbia)<\/figcaption><\/figure>\n<\/div>\n\n\n<p class=\"wp-block-paragraph\">Beskidy zim\u0105 to spacery, sanki i bardzo dobre zaplecze narciarskie. Je\u015bli zastanawiasz si\u0119 gdzie na narty z dzieckiem &#8211; okolice Szczyrku, czy Wis\u0142y powinny sprosta\u0107 wymaganiom. Region oferuje wiele mniejszych stok\u00f3w oraz szk\u00f3\u0142ek, kt\u00f3re \u015bwietnie sprawdzaj\u0105 si\u0119 przy pierwszych krokach na nartach. To dobry wyb\u00f3r, je\u015bli g\u00f3ry z dzie\u0107mi zim\u0105 maj\u0105 \u0142\u0105czy\u0107 zabaw\u0119 na \u015bniegu z nauk\u0105 jazdy \u2013 bez presji i bez alpejskich warunk\u00f3w.<\/p>\n\n\n\n<p class=\"wp-block-paragraph\"><\/p>\n\n\n    <section class=\"ep8a-section\">\n      <div class=\"ep8a-header\">\n        <div class=\"ep8a-titlebar\">\n          <p class=\"ep8a-h\">Przegl\u0105daj gogle narciarskie dla dzieci<\/p>          <span class=\"ep8a-titleline\"><\/span>\n        <\/div>\n      <\/div>\n\n      <div class=\"ep8a-wrap\" id=\"ep8a_e6a21c3d-fa6f-4d73-b1b6-1e541f842e22\">\n        <div class=\"ep8a-carousel swiper\" id=\"ep8a_e6a21c3d-fa6f-4d73-b1b6-1e541f842e22_swiper\">\n          <div class=\"swiper-wrapper\">\n                          <div class=\"swiper-slide\">\n                <article class=\"ep8a-tile\">\n                  <a class=\"ep8a-link\" href=\"https:\/\/8a.pl\/gogle-narciarskie-dla-dzieci-julbo-atome-spectron-3-gray-blue\" target=\"_self\" rel=\"nofollow noopener noreferrer\" aria-label=\"Julbo Atome - Spectron 3\">\n                    <div class=\"ep8a-card\">\n                      <div class=\"ep8a-imgwrap\">\n                                                <img class=\"ep8a-img skip-lazy no-lazy\" decoding=\"async\" loading=\"eager\" data-no-lazy=\"1\" src=\"https:\/\/8a.pl\/media\/catalog\/product\/g\/o\/gogle-narciarskie-dla-dzieci-julbo-atome-spectron-3-gray-blue-1764760398.webp@jpg\" alt=\"Julbo Atome - Spectron 3\" width=\"500\" height=\"600\">                      <\/div>\n                    <\/div>\n                  <\/a>\n                  <div class=\"ep8a-caption\">\n                    <a class=\"ep8a-link\" href=\"https:\/\/8a.pl\/gogle-narciarskie-dla-dzieci-julbo-atome-spectron-3-gray-blue\" target=\"_self\" rel=\"nofollow noopener noreferrer\">\n                      <h3 class=\"ep8a-title\" title=\"Julbo Atome - Spectron 3\">Julbo Atome - Spectron 3<\/h3>\n                    <\/a>\n                    <div class=\"ep8a-price\">209.99 z\u0142<\/div>                  <\/div>\n                <\/article>\n              <\/div>\n                          <div class=\"swiper-slide\">\n                <article class=\"ep8a-tile\">\n                  <a class=\"ep8a-link\" href=\"https:\/\/8a.pl\/gogle-narciarskie-dla-dzieci-uvex-pwdr-fm-white-matt-dl-silver-clear\" target=\"_self\" rel=\"nofollow noopener noreferrer\" aria-label=\"Uvex pwdr FM\">\n                    <div class=\"ep8a-card\">\n                      <div class=\"ep8a-imgwrap\">\n                                                <img class=\"ep8a-img skip-lazy no-lazy\" decoding=\"async\" loading=\"eager\" data-no-lazy=\"1\" src=\"https:\/\/8a.pl\/media\/catalog\/product\/g\/o\/gogle-narciarskie-dla-dzieci-uvex-pwdr-fm-white-matt-dl-silver-clear-1760097131.webp@jpg\" alt=\"Uvex pwdr FM\" width=\"500\" height=\"600\">                      <\/div>\n                    <\/div>\n                  <\/a>\n                  <div class=\"ep8a-caption\">\n                    <a class=\"ep8a-link\" href=\"https:\/\/8a.pl\/gogle-narciarskie-dla-dzieci-uvex-pwdr-fm-white-matt-dl-silver-clear\" target=\"_self\" rel=\"nofollow noopener noreferrer\">\n                      <h3 class=\"ep8a-title\" title=\"Uvex pwdr FM\">Uvex pwdr FM<\/h3>\n                    <\/a>\n                    <div class=\"ep8a-price\">184.99 z\u0142<\/div>                  <\/div>\n                <\/article>\n              <\/div>\n                          <div class=\"swiper-slide\">\n                <article class=\"ep8a-tile\">\n                  <a class=\"ep8a-link\" href=\"https:\/\/8a.pl\/gogle-narciarskie-dla-dzieci-uvex-pwdr-fm-black-pink-green-clear\" target=\"_self\" rel=\"nofollow noopener noreferrer\" aria-label=\"Uvex pwdr FM\">\n                    <div class=\"ep8a-card\">\n                      <div class=\"ep8a-imgwrap\">\n                                                <img class=\"ep8a-img skip-lazy no-lazy\" decoding=\"async\" loading=\"eager\" data-no-lazy=\"1\" src=\"https:\/\/8a.pl\/media\/catalog\/product\/g\/o\/gogle-narciarskie-dla-dzieci-uvex-pwdr-fm-black-pink-green-clear-1742819891.webp@jpg\" alt=\"Uvex pwdr FM\" width=\"500\" height=\"600\">                      <\/div>\n                    <\/div>\n                  <\/a>\n                  <div class=\"ep8a-caption\">\n                    <a class=\"ep8a-link\" href=\"https:\/\/8a.pl\/gogle-narciarskie-dla-dzieci-uvex-pwdr-fm-black-pink-green-clear\" target=\"_self\" rel=\"nofollow noopener noreferrer\">\n                      <h3 class=\"ep8a-title\" title=\"Uvex pwdr FM\">Uvex pwdr FM<\/h3>\n                    <\/a>\n                    <div class=\"ep8a-price\">209.99 z\u0142<\/div>                  <\/div>\n                <\/article>\n              <\/div>\n                          <div class=\"swiper-slide\">\n                <article class=\"ep8a-tile\">\n                  <a class=\"ep8a-link\" href=\"https:\/\/8a.pl\/gogle-narciarskie-oakley-target-line-s-violet-iridium\" target=\"_self\" rel=\"nofollow noopener noreferrer\" aria-label=\"Oakley Target Line S\">\n                    <div class=\"ep8a-card\">\n                      <div class=\"ep8a-imgwrap\">\n                                                <img class=\"ep8a-img skip-lazy no-lazy\" decoding=\"async\" loading=\"eager\" data-no-lazy=\"1\" src=\"https:\/\/8a.pl\/media\/catalog\/product\/O\/a\/Oakley_Target_Line_S___violet_iridiu_888392571748a_2f64.webp@jpg\" alt=\"Oakley Target Line S\" width=\"500\" height=\"600\">                      <\/div>\n                    <\/div>\n                  <\/a>\n                  <div class=\"ep8a-caption\">\n                    <a class=\"ep8a-link\" href=\"https:\/\/8a.pl\/gogle-narciarskie-oakley-target-line-s-violet-iridium\" target=\"_self\" rel=\"nofollow noopener noreferrer\">\n                      <h3 class=\"ep8a-title\" title=\"Oakley Target Line S\">Oakley Target Line S<\/h3>\n                    <\/a>\n                    <div class=\"ep8a-price\">389.99 z\u0142<\/div>                  <\/div>\n                <\/article>\n              <\/div>\n                          <div class=\"swiper-slide\">\n                <article class=\"ep8a-tile\">\n                  <a class=\"ep8a-link\" href=\"https:\/\/8a.pl\/gogle-narciarskie-oakley-target-line-s-fire-iridium\" target=\"_self\" rel=\"nofollow noopener noreferrer\" aria-label=\"Oakley Target Line S\">\n                    <div class=\"ep8a-card\">\n                      <div class=\"ep8a-imgwrap\">\n                                                <img class=\"ep8a-img skip-lazy no-lazy\" decoding=\"async\" loading=\"eager\" data-no-lazy=\"1\" src=\"https:\/\/8a.pl\/media\/catalog\/product\/g\/o\/gogle-narciarskie-oakley-target-line-s-fire-iridium-1740578934.webp@jpg\" alt=\"Oakley Target Line S\" width=\"500\" height=\"600\">                      <\/div>\n                    <\/div>\n                  <\/a>\n                  <div class=\"ep8a-caption\">\n                    <a class=\"ep8a-link\" href=\"https:\/\/8a.pl\/gogle-narciarskie-oakley-target-line-s-fire-iridium\" target=\"_self\" rel=\"nofollow noopener noreferrer\">\n                      <h3 class=\"ep8a-title\" title=\"Oakley Target Line S\">Oakley Target Line S<\/h3>\n                    <\/a>\n                    <div class=\"ep8a-price\">389.99 z\u0142<\/div>                  <\/div>\n                <\/article>\n              <\/div>\n                      <\/div>\n        <\/div>\n\n        <!-- Strza\u0142ki poza .swiper -->\n        <button class=\"ep8a-arrow ep8a-prev\" id=\"ep8a_e6a21c3d-fa6f-4d73-b1b6-1e541f842e22_prev\" aria-label=\"Poprzedni\"><\/button>\n        <button class=\"ep8a-arrow ep8a-next\" id=\"ep8a_e6a21c3d-fa6f-4d73-b1b6-1e541f842e22_next\" aria-label=\"Nast\u0119pny\"><\/button>\n      <\/div>\n\n      <!-- Stopka: linia + CTA po prawej -->\n      <div class=\"ep8a-bottom\">\n        <span class=\"ep8a-bottomline\"><\/span>\n                  <a class=\"ep8a-cta\" href=\"https:\/\/8a.pl\/gogle-narciarskie-dzieciece\" target=\"_self\" rel=\"nofollow noopener noreferrer\">\n            ZOBACZ GOGLE NARCIARSKIE DZIECI\u0118CE          <\/a>\n              <\/div>\n    <\/section>\n\n\t<script>\n\tdocument.addEventListener(\"DOMContentLoaded\", function(){\n\t  if (typeof Swiper === \"undefined\") return;\n\n\t  const sel    = \"#ep8a_e6a21c3d-fa6f-4d73-b1b6-1e541f842e22_swiper\";\n\t  const prevEl = \"#ep8a_e6a21c3d-fa6f-4d73-b1b6-1e541f842e22_prev\";\n\t  const nextEl = \"#ep8a_e6a21c3d-fa6f-4d73-b1b6-1e541f842e22_next\";\n\n\t  \/\/ 1) Zainicjuj Swiper od razu \u2013 nie czekaj na wszystkie obrazy\n\t  let sw = new Swiper(sel, {\n\t\tloop: true,\n\t\tspaceBetween: 24,\n\t\tslidesPerView: 1,\n\t\troundLengths: true,\n\t\tobserver: true,\n\t\tobserveParents: true,\n\t\tresizeObserver: true,\n\t\tpreloadImages: true,\n\t\tupdateOnWindowResize: true,\n\t\tlazy: { loadOnTransitionStart: true, loadPrevNext: true, loadPrevNextAmount: 2 },\n\t\twatchSlidesProgress: true,\n\t\twatchSlidesVisibility: true,\n\t\tnavigation: { nextEl, prevEl },\n\t\tbreakpoints: {\n\t\t  320:  { slidesPerView: 2 },\n\t\t  720:  { slidesPerView: 3 },\n\t\t  1200: { slidesPerView: 4 }\n\t\t},\n\t\ton: {\n\t\t  imagesReady() { try { sw.update(); } catch(e){} },\n\t\t  afterInit()   { try { sw.update(); } catch(e){} }\n\t\t}\n\t  });\n\n\t  \/\/ 2) Delikatny \u201enudge\u201d dla przegl\u0105darki: je\u015bli obraz jest w DOM i ma src, popro\u015b o decode\n\t  const imgs = document.querySelectorAll(sel + \" .ep8a-img\");\n\t  imgs.forEach((img) => {\n\t\tif (img.complete) {\n\t\t  if (img.decode) { img.decode().catch(()=>{}).finally(()=> sw && sw.update()); }\n\t\t} else {\n\t\t  img.addEventListener(\"load\",  () => { if (img.decode) { img.decode().catch(()=>{}).finally(()=> sw && sw.update()); } else { sw && sw.update(); } }, { once:true });\n\t\t  img.addEventListener(\"error\", () => { sw && sw.update(); }, { once:true });\n\t\t}\n\t  });\n\n\t  \/\/ 3) Gdy okno w pe\u0142ni si\u0119 za\u0142aduje, przelicz jeszcze raz\n\t  window.addEventListener(\"load\", () => { sw && sw.update(); });\n\t});\n\t<\/script>\n\n    \n\n\n\n<h2 class=\"wp-block-heading\" id=\"h-jak-ubrac-dziecko-w-gory-zima\">Jak ubra\u0107 dziecko w g\u00f3ry zim\u0105?<\/h2>\n\n\n\n<p class=\"wp-block-paragraph\">Je\u015bli ju\u017c wiesz, gdzie jecha\u0107 w g\u00f3ry z dzie\u0107mi zim\u0105, warto przej\u015b\u0107 do kwestii, kt\u00f3ra realnie wp\u0142ywa na komfort ca\u0142ego wyjazdu \u2013 ubioru. Zim\u0105 w g\u00f3rach liczy si\u0119 nie liczba warstw, ale takie ich dobranie, kt\u00f3re zapewni dziecku ciep\u0142o, wygod\u0119 i swobod\u0119 ruchu. To szczeg\u00f3lnie wa\u017cne, gdy g\u00f3ry zim\u0105 z dzieckiem maj\u0105 oznacza\u0107 aktywno\u015b\u0107 na \u015bniegu, a nie ci\u0105g\u0142e przerwy.<\/p>\n\n\n\n<p class=\"wp-block-paragraph\"><\/p>\n\n\n    <section class=\"ep8a-section\">\n      <div class=\"ep8a-header\">\n        <div class=\"ep8a-titlebar\">\n          <p class=\"ep8a-h\">Kombinezony dla dziecka<\/p>          <span class=\"ep8a-titleline\"><\/span>\n        <\/div>\n      <\/div>\n\n      <div class=\"ep8a-wrap\" id=\"ep8a_cbc0629e-9a44-47b0-8c4d-7d9b08c79710\">\n        <div class=\"ep8a-carousel swiper\" id=\"ep8a_cbc0629e-9a44-47b0-8c4d-7d9b08c79710_swiper\">\n          <div class=\"swiper-wrapper\">\n                          <div class=\"swiper-slide\">\n                <article class=\"ep8a-tile\">\n                  <a class=\"ep8a-link\" href=\"https:\/\/8a.pl\/kombinezon-dzieciecy-columbia-foxy-baby-sherpa-bunting-rainy-day-phoenix-blue\" target=\"_self\" rel=\"nofollow noopener noreferrer\" aria-label=\"Columbia Foxy Baby Sherpa Bunting\">\n                    <div class=\"ep8a-card\">\n                      <div class=\"ep8a-imgwrap\">\n                                                <img class=\"ep8a-img skip-lazy no-lazy\" decoding=\"async\" loading=\"eager\" data-no-lazy=\"1\" src=\"https:\/\/8a.pl\/media\/catalog\/product\/k\/o\/kombinezon-dzieciecy-columbia-foxy-baby-sherpa-bunting-rainy-day-phoenix-blue-1786006998.webp@jpg\" alt=\"Columbia Foxy Baby Sherpa Bunting\" width=\"500\" height=\"600\">                      <\/div>\n                    <\/div>\n                  <\/a>\n                  <div class=\"ep8a-caption\">\n                    <a class=\"ep8a-link\" href=\"https:\/\/8a.pl\/kombinezon-dzieciecy-columbia-foxy-baby-sherpa-bunting-rainy-day-phoenix-blue\" target=\"_self\" rel=\"nofollow noopener noreferrer\">\n                      <h3 class=\"ep8a-title\" title=\"Columbia Foxy Baby Sherpa Bunting\">Columbia Foxy Baby Sherpa Bunting<\/h3>\n                    <\/a>\n                    <div class=\"ep8a-price\">199.99 z\u0142<\/div>                  <\/div>\n                <\/article>\n              <\/div>\n                          <div class=\"swiper-slide\">\n                <article class=\"ep8a-tile\">\n                  <a class=\"ep8a-link\" href=\"https:\/\/8a.pl\/kombinezon-dzieciecy-columbia-foxy-baby-sherpa-bunting-antique-mauve-moonvista\" target=\"_self\" rel=\"nofollow noopener noreferrer\" aria-label=\"Columbia Foxy Baby Sherpa Bunting\">\n                    <div class=\"ep8a-card\">\n                      <div class=\"ep8a-imgwrap\">\n                                                <img class=\"ep8a-img skip-lazy no-lazy\" decoding=\"async\" loading=\"eager\" data-no-lazy=\"1\" src=\"https:\/\/8a.pl\/media\/catalog\/product\/k\/o\/kombinezon-dzieciecy-columbia-foxy-baby-sherpa-bunting-antique-mauve-moonvista-1786456998.webp@jpg\" alt=\"Columbia Foxy Baby Sherpa Bunting\" width=\"500\" height=\"600\">                      <\/div>\n                    <\/div>\n                  <\/a>\n                  <div class=\"ep8a-caption\">\n                    <a class=\"ep8a-link\" href=\"https:\/\/8a.pl\/kombinezon-dzieciecy-columbia-foxy-baby-sherpa-bunting-antique-mauve-moonvista\" target=\"_self\" rel=\"nofollow noopener noreferrer\">\n                      <h3 class=\"ep8a-title\" title=\"Columbia Foxy Baby Sherpa Bunting\">Columbia Foxy Baby Sherpa Bunting<\/h3>\n                    <\/a>\n                    <div class=\"ep8a-price\">199.99 z\u0142<\/div>                  <\/div>\n                <\/article>\n              <\/div>\n                          <div class=\"swiper-slide\">\n                <article class=\"ep8a-tile\">\n                  <a class=\"ep8a-link\" href=\"https:\/\/8a.pl\/kombinezon-dzieciecy-columbia-snuggly-bunny-ii-bunting-rainy-day\" target=\"_self\" rel=\"nofollow noopener noreferrer\" aria-label=\"Columbia Snuggly Bunny II Bunting\">\n                    <div class=\"ep8a-card\">\n                      <div class=\"ep8a-imgwrap\">\n                                                <img class=\"ep8a-img skip-lazy no-lazy\" decoding=\"async\" loading=\"eager\" data-no-lazy=\"1\" src=\"https:\/\/8a.pl\/media\/catalog\/product\/k\/o\/kombinezon-dzieciecy-columbia-snuggly-bunny-ii-bunting-rainy-day-1784019680.webp@jpg\" alt=\"Columbia Snuggly Bunny II Bunting\" width=\"500\" height=\"600\">                      <\/div>\n                    <\/div>\n                  <\/a>\n                  <div class=\"ep8a-caption\">\n                    <a class=\"ep8a-link\" href=\"https:\/\/8a.pl\/kombinezon-dzieciecy-columbia-snuggly-bunny-ii-bunting-rainy-day\" target=\"_self\" rel=\"nofollow noopener noreferrer\">\n                      <h3 class=\"ep8a-title\" title=\"Columbia Snuggly Bunny II Bunting\">Columbia Snuggly Bunny II Bunting<\/h3>\n                    <\/a>\n                    <div class=\"ep8a-price\">349.99 z\u0142<\/div>                  <\/div>\n                <\/article>\n              <\/div>\n                          <div class=\"swiper-slide\">\n                <article class=\"ep8a-tile\">\n                  <a class=\"ep8a-link\" href=\"https:\/\/8a.pl\/kombinezon-dzieciecy-columbia-foxy-baby-sherpa-bunting-satin-pink-chalk\" target=\"_self\" rel=\"nofollow noopener noreferrer\" aria-label=\"Columbia Foxy Baby Sherpa Bunting\">\n                    <div class=\"ep8a-card\">\n                      <div class=\"ep8a-imgwrap\">\n                                                <img class=\"ep8a-img skip-lazy no-lazy\" decoding=\"async\" loading=\"eager\" data-no-lazy=\"1\" src=\"https:\/\/8a.pl\/media\/catalog\/product\/k\/o\/kombinezon-dzieciecy-columbia-foxy-baby-sherpa-bunting-satin-pink-chalk-1784719594.webp@jpg\" alt=\"Columbia Foxy Baby Sherpa Bunting\" width=\"500\" height=\"600\">                      <\/div>\n                    <\/div>\n                  <\/a>\n                  <div class=\"ep8a-caption\">\n                    <a class=\"ep8a-link\" href=\"https:\/\/8a.pl\/kombinezon-dzieciecy-columbia-foxy-baby-sherpa-bunting-satin-pink-chalk\" target=\"_self\" rel=\"nofollow noopener noreferrer\">\n                      <h3 class=\"ep8a-title\" title=\"Columbia Foxy Baby Sherpa Bunting\">Columbia Foxy Baby Sherpa Bunting<\/h3>\n                    <\/a>\n                    <div class=\"ep8a-price\">199.99 z\u0142<\/div>                  <\/div>\n                <\/article>\n              <\/div>\n                          <div class=\"swiper-slide\">\n                <article class=\"ep8a-tile\">\n                  <a class=\"ep8a-link\" href=\"https:\/\/8a.pl\/kombinezon-dzieciecy-reima-kipina-thyme-green\" target=\"_self\" rel=\"nofollow noopener noreferrer\" aria-label=\"Reima Kipina\">\n                    <div class=\"ep8a-card\">\n                      <div class=\"ep8a-imgwrap\">\n                                                <img class=\"ep8a-img skip-lazy no-lazy\" decoding=\"async\" loading=\"eager\" data-no-lazy=\"1\" src=\"https:\/\/8a.pl\/media\/catalog\/product\/k\/o\/kombinezon-dzieciecy-reima-kipina-thyme-green-1784804840.webp@jpg\" alt=\"Reima Kipina\" width=\"500\" height=\"600\">                      <\/div>\n                    <\/div>\n                  <\/a>\n                  <div class=\"ep8a-caption\">\n                    <a class=\"ep8a-link\" href=\"https:\/\/8a.pl\/kombinezon-dzieciecy-reima-kipina-thyme-green\" target=\"_self\" rel=\"nofollow noopener noreferrer\">\n                      <h3 class=\"ep8a-title\" title=\"Reima Kipina\">Reima Kipina<\/h3>\n                    <\/a>\n                    <div class=\"ep8a-price\">799.99 z\u0142<\/div>                  <\/div>\n                <\/article>\n              <\/div>\n                          <div class=\"swiper-slide\">\n                <article class=\"ep8a-tile\">\n                  <a class=\"ep8a-link\" href=\"https:\/\/8a.pl\/kombinezon-dzieciecy-reima-kurikka-stone-green\" target=\"_self\" rel=\"nofollow noopener noreferrer\" aria-label=\"Reima Kurikka\">\n                    <div class=\"ep8a-card\">\n                      <div class=\"ep8a-imgwrap\">\n                                                <img class=\"ep8a-img skip-lazy no-lazy\" decoding=\"async\" loading=\"eager\" data-no-lazy=\"1\" src=\"https:\/\/8a.pl\/media\/catalog\/product\/k\/o\/kombinezon-dzieciecy-reima-kurikka-stone-green-1784556140.webp@jpg\" alt=\"Reima Kurikka\" width=\"500\" height=\"600\">                      <\/div>\n                    <\/div>\n                  <\/a>\n                  <div class=\"ep8a-caption\">\n                    <a class=\"ep8a-link\" href=\"https:\/\/8a.pl\/kombinezon-dzieciecy-reima-kurikka-stone-green\" target=\"_self\" rel=\"nofollow noopener noreferrer\">\n                      <h3 class=\"ep8a-title\" title=\"Reima Kurikka\">Reima Kurikka<\/h3>\n                    <\/a>\n                    <div class=\"ep8a-price\">649.99 z\u0142<\/div>                  <\/div>\n                <\/article>\n              <\/div>\n                          <div class=\"swiper-slide\">\n                <article class=\"ep8a-tile\">\n                  <a class=\"ep8a-link\" href=\"https:\/\/8a.pl\/kombinezon-dzieciecy-reima-kurikka-navy\" target=\"_self\" rel=\"nofollow noopener noreferrer\" aria-label=\"Reima Kurikka\">\n                    <div class=\"ep8a-card\">\n                      <div class=\"ep8a-imgwrap\">\n                                                <img class=\"ep8a-img skip-lazy no-lazy\" decoding=\"async\" loading=\"eager\" data-no-lazy=\"1\" src=\"https:\/\/8a.pl\/media\/catalog\/product\/k\/o\/kombinezon-dzieciecy-reima-kurikka-navy-1785160939.webp@jpg\" alt=\"Reima Kurikka\" width=\"500\" height=\"600\">                      <\/div>\n                    <\/div>\n                  <\/a>\n                  <div class=\"ep8a-caption\">\n                    <a class=\"ep8a-link\" href=\"https:\/\/8a.pl\/kombinezon-dzieciecy-reima-kurikka-navy\" target=\"_self\" rel=\"nofollow noopener noreferrer\">\n                      <h3 class=\"ep8a-title\" title=\"Reima Kurikka\">Reima Kurikka<\/h3>\n                    <\/a>\n                    <div class=\"ep8a-price\">649.99 z\u0142<\/div>                  <\/div>\n                <\/article>\n              <\/div>\n                          <div class=\"swiper-slide\">\n                <article class=\"ep8a-tile\">\n                  <a class=\"ep8a-link\" href=\"https:\/\/8a.pl\/kombinezon-dzieciecy-reima-kurikka-grey-pink\" target=\"_self\" rel=\"nofollow noopener noreferrer\" aria-label=\"Reima Kurikka\">\n                    <div class=\"ep8a-card\">\n                      <div class=\"ep8a-imgwrap\">\n                                                <img class=\"ep8a-img skip-lazy no-lazy\" decoding=\"async\" loading=\"eager\" data-no-lazy=\"1\" src=\"https:\/\/8a.pl\/media\/catalog\/product\/k\/o\/kombinezon-dzieciecy-reima-kurikka-grey-pink-1785160931.webp@jpg\" alt=\"Reima Kurikka\" width=\"500\" height=\"600\">                      <\/div>\n                    <\/div>\n                  <\/a>\n                  <div class=\"ep8a-caption\">\n                    <a class=\"ep8a-link\" href=\"https:\/\/8a.pl\/kombinezon-dzieciecy-reima-kurikka-grey-pink\" target=\"_self\" rel=\"nofollow noopener noreferrer\">\n                      <h3 class=\"ep8a-title\" title=\"Reima Kurikka\">Reima Kurikka<\/h3>\n                    <\/a>\n                    <div class=\"ep8a-price\">649.99 z\u0142<\/div>                  <\/div>\n                <\/article>\n              <\/div>\n                          <div class=\"swiper-slide\">\n                <article class=\"ep8a-tile\">\n                  <a class=\"ep8a-link\" href=\"https:\/\/8a.pl\/kombinezon-dzieciecy-reima-puhuri-stone-green\" target=\"_self\" rel=\"nofollow noopener noreferrer\" aria-label=\"Reima Puhuri\">\n                    <div class=\"ep8a-card\">\n                      <div class=\"ep8a-imgwrap\">\n                                                <img class=\"ep8a-img skip-lazy no-lazy\" decoding=\"async\" loading=\"eager\" data-no-lazy=\"1\" src=\"https:\/\/8a.pl\/media\/catalog\/product\/k\/o\/kombinezon-dzieciecy-reima-puhuri-stone-green-1787843311.webp@jpg\" alt=\"Reima Puhuri\" width=\"500\" height=\"600\">                      <\/div>\n                    <\/div>\n                  <\/a>\n                  <div class=\"ep8a-caption\">\n                    <a class=\"ep8a-link\" href=\"https:\/\/8a.pl\/kombinezon-dzieciecy-reima-puhuri-stone-green\" target=\"_self\" rel=\"nofollow noopener noreferrer\">\n                      <h3 class=\"ep8a-title\" title=\"Reima Puhuri\">Reima Puhuri<\/h3>\n                    <\/a>\n                    <div class=\"ep8a-price\">549.99 z\u0142<\/div>                  <\/div>\n                <\/article>\n              <\/div>\n                          <div class=\"swiper-slide\">\n                <article class=\"ep8a-tile\">\n                  <a class=\"ep8a-link\" href=\"https:\/\/8a.pl\/kombinezon-dzieciecy-reima-puhuri-grey-pink\" target=\"_self\" rel=\"nofollow noopener noreferrer\" aria-label=\"Reima Puhuri\">\n                    <div class=\"ep8a-card\">\n                      <div class=\"ep8a-imgwrap\">\n                                                <img class=\"ep8a-img skip-lazy no-lazy\" decoding=\"async\" loading=\"eager\" data-no-lazy=\"1\" src=\"https:\/\/8a.pl\/media\/catalog\/product\/k\/o\/kombinezon-dzieciecy-reima-puhuri-grey-pink-1787843191.webp@jpg\" alt=\"Reima Puhuri\" width=\"500\" height=\"600\">                      <\/div>\n                    <\/div>\n                  <\/a>\n                  <div class=\"ep8a-caption\">\n                    <a class=\"ep8a-link\" href=\"https:\/\/8a.pl\/kombinezon-dzieciecy-reima-puhuri-grey-pink\" target=\"_self\" rel=\"nofollow noopener noreferrer\">\n                      <h3 class=\"ep8a-title\" title=\"Reima Puhuri\">Reima Puhuri<\/h3>\n                    <\/a>\n                    <div class=\"ep8a-price\">549.99 z\u0142<\/div>                  <\/div>\n                <\/article>\n              <\/div>\n                      <\/div>\n        <\/div>\n\n        <!-- Strza\u0142ki poza .swiper -->\n        <button class=\"ep8a-arrow ep8a-prev\" id=\"ep8a_cbc0629e-9a44-47b0-8c4d-7d9b08c79710_prev\" aria-label=\"Poprzedni\"><\/button>\n        <button class=\"ep8a-arrow ep8a-next\" id=\"ep8a_cbc0629e-9a44-47b0-8c4d-7d9b08c79710_next\" aria-label=\"Nast\u0119pny\"><\/button>\n      <\/div>\n\n      <!-- Stopka: linia + CTA po prawej -->\n      <div class=\"ep8a-bottom\">\n        <span class=\"ep8a-bottomline\"><\/span>\n                  <a class=\"ep8a-cta\" href=\"https:\/\/8a.pl\/kombinezony-dla-dziecka\" target=\"_self\" rel=\"nofollow noopener noreferrer\">\n            KUP KOMBINEZON DLA DZIECKA          <\/a>\n              <\/div>\n    <\/section>\n\n\t<script>\n\tdocument.addEventListener(\"DOMContentLoaded\", function(){\n\t  if (typeof Swiper === \"undefined\") return;\n\n\t  const sel    = \"#ep8a_cbc0629e-9a44-47b0-8c4d-7d9b08c79710_swiper\";\n\t  const prevEl = \"#ep8a_cbc0629e-9a44-47b0-8c4d-7d9b08c79710_prev\";\n\t  const nextEl = \"#ep8a_cbc0629e-9a44-47b0-8c4d-7d9b08c79710_next\";\n\n\t  \/\/ 1) Zainicjuj Swiper od razu \u2013 nie czekaj na wszystkie obrazy\n\t  let sw = new Swiper(sel, {\n\t\tloop: true,\n\t\tspaceBetween: 24,\n\t\tslidesPerView: 1,\n\t\troundLengths: true,\n\t\tobserver: true,\n\t\tobserveParents: true,\n\t\tresizeObserver: true,\n\t\tpreloadImages: true,\n\t\tupdateOnWindowResize: true,\n\t\tlazy: { loadOnTransitionStart: true, loadPrevNext: true, loadPrevNextAmount: 2 },\n\t\twatchSlidesProgress: true,\n\t\twatchSlidesVisibility: true,\n\t\tnavigation: { nextEl, prevEl },\n\t\tbreakpoints: {\n\t\t  320:  { slidesPerView: 2 },\n\t\t  720:  { slidesPerView: 3 },\n\t\t  1200: { slidesPerView: 4 }\n\t\t},\n\t\ton: {\n\t\t  imagesReady() { try { sw.update(); } catch(e){} },\n\t\t  afterInit()   { try { sw.update(); } catch(e){} }\n\t\t}\n\t  });\n\n\t  \/\/ 2) Delikatny \u201enudge\u201d dla przegl\u0105darki: je\u015bli obraz jest w DOM i ma src, popro\u015b o decode\n\t  const imgs = document.querySelectorAll(sel + \" .ep8a-img\");\n\t  imgs.forEach((img) => {\n\t\tif (img.complete) {\n\t\t  if (img.decode) { img.decode().catch(()=>{}).finally(()=> sw && sw.update()); }\n\t\t} else {\n\t\t  img.addEventListener(\"load\",  () => { if (img.decode) { img.decode().catch(()=>{}).finally(()=> sw && sw.update()); } else { sw && sw.update(); } }, { once:true });\n\t\t  img.addEventListener(\"error\", () => { sw && sw.update(); }, { once:true });\n\t\t}\n\t  });\n\n\t  \/\/ 3) Gdy okno w pe\u0142ni si\u0119 za\u0142aduje, przelicz jeszcze raz\n\t  window.addEventListener(\"load\", () => { sw && sw.update(); });\n\t});\n\t<\/script>\n\n    \n\n\n\n<p class=\"wp-block-paragraph\">Najlepiej sprawdza si\u0119 prosty uk\u0142ad warstw: baza odprowadzaj\u0105ca wilgo\u0107, warstwa ocieplaj\u0105ca oraz ochrona przed wiatrem i \u015bniegiem. Do tego ciep\u0142e r\u0119kawice, czapka i ciep\u0142e buty z dobr\u0105 przyczepno\u015bci\u0105. To zestaw, kt\u00f3ry sprawdzi si\u0119 zar\u00f3wno podczas spacer\u00f3w, jak i zabawy na sankach. Warto dorzuci\u0107 zapasowe r\u0119kawice, such\u0105 par\u0119 skarpet i termos z ciep\u0142ym napojem. Dzi\u0119ki temu g\u00f3ry zim\u0105 z dzieckiem pozostaj\u0105 przyjemno\u015bci\u0105, niezale\u017cnie od tego, czy dzie\u0144 ko\u0144czy si\u0119 d\u0142u\u017cszym spacerem, czy kr\u00f3tkim wyj\u015bciem w \u015bnieg.<\/p>\n\n\n\n<p class=\"wp-block-paragraph\"><\/p>\n\n\n    <section class=\"ep8a-section\">\n      <div class=\"ep8a-header\">\n        <div class=\"ep8a-titlebar\">\n          <p class=\"ep8a-h\">R\u0119kawice narciarskie dla dzieci<\/p>          <span class=\"ep8a-titleline\"><\/span>\n        <\/div>\n      <\/div>\n\n      <div class=\"ep8a-wrap\" id=\"ep8a_c107ec2a-0662-484a-bd26-b38fd3c7df85\">\n        <div class=\"ep8a-carousel swiper\" id=\"ep8a_c107ec2a-0662-484a-bd26-b38fd3c7df85_swiper\">\n          <div class=\"swiper-wrapper\">\n                          <div class=\"swiper-slide\">\n                <article class=\"ep8a-tile\">\n                  <a class=\"ep8a-link\" href=\"https:\/\/8a.pl\/rekawiczki-dzieciece-reima-tartu-misty-violet\" target=\"_self\" rel=\"nofollow noopener noreferrer\" aria-label=\"Reima Tartu\">\n                    <div class=\"ep8a-card\">\n                      <div class=\"ep8a-imgwrap\">\n                                                <img class=\"ep8a-img skip-lazy no-lazy\" decoding=\"async\" loading=\"eager\" data-no-lazy=\"1\" src=\"https:\/\/8a.pl\/media\/catalog\/product\/r\/e\/rekawiczki-dzieciece-reima-tartu-misty-violet-1786543520.webp@jpg\" alt=\"Reima Tartu\" width=\"500\" height=\"600\">                      <\/div>\n                    <\/div>\n                  <\/a>\n                  <div class=\"ep8a-caption\">\n                    <a class=\"ep8a-link\" href=\"https:\/\/8a.pl\/rekawiczki-dzieciece-reima-tartu-misty-violet\" target=\"_self\" rel=\"nofollow noopener noreferrer\">\n                      <h3 class=\"ep8a-title\" title=\"Reima Tartu\">Reima Tartu<\/h3>\n                    <\/a>\n                    <div class=\"ep8a-price\">219.99 z\u0142<\/div>                  <\/div>\n                <\/article>\n              <\/div>\n                          <div class=\"swiper-slide\">\n                <article class=\"ep8a-tile\">\n                  <a class=\"ep8a-link\" href=\"https:\/\/8a.pl\/rekawiczki-dzieciece-reima-tepas-misty-violet\" target=\"_self\" rel=\"nofollow noopener noreferrer\" aria-label=\"Reima Tepas\">\n                    <div class=\"ep8a-card\">\n                      <div class=\"ep8a-imgwrap\">\n                                                <img class=\"ep8a-img skip-lazy no-lazy\" decoding=\"async\" loading=\"eager\" data-no-lazy=\"1\" src=\"https:\/\/8a.pl\/media\/catalog\/product\/r\/e\/rekawiczki-dzieciece-reima-tepas-misty-violet-1784716304.webp@jpg\" alt=\"Reima Tepas\" width=\"500\" height=\"600\">                      <\/div>\n                    <\/div>\n                  <\/a>\n                  <div class=\"ep8a-caption\">\n                    <a class=\"ep8a-link\" href=\"https:\/\/8a.pl\/rekawiczki-dzieciece-reima-tepas-misty-violet\" target=\"_self\" rel=\"nofollow noopener noreferrer\">\n                      <h3 class=\"ep8a-title\" title=\"Reima Tepas\">Reima Tepas<\/h3>\n                    <\/a>\n                    <div class=\"ep8a-price\">179.99 z\u0142<\/div>                  <\/div>\n                <\/article>\n              <\/div>\n                          <div class=\"swiper-slide\">\n                <article class=\"ep8a-tile\">\n                  <a class=\"ep8a-link\" href=\"https:\/\/8a.pl\/rekawiczki-dzieciece-reima-tepas-maroon\" target=\"_self\" rel=\"nofollow noopener noreferrer\" aria-label=\"Reima Tepas\">\n                    <div class=\"ep8a-card\">\n                      <div class=\"ep8a-imgwrap\">\n                                                <img class=\"ep8a-img skip-lazy no-lazy\" decoding=\"async\" loading=\"eager\" data-no-lazy=\"1\" src=\"https:\/\/8a.pl\/media\/catalog\/product\/r\/e\/rekawiczki-dzieciece-reima-tepas-maroon-1784556072.webp@jpg\" alt=\"Reima Tepas\" width=\"500\" height=\"600\">                      <\/div>\n                    <\/div>\n                  <\/a>\n                  <div class=\"ep8a-caption\">\n                    <a class=\"ep8a-link\" href=\"https:\/\/8a.pl\/rekawiczki-dzieciece-reima-tepas-maroon\" target=\"_self\" rel=\"nofollow noopener noreferrer\">\n                      <h3 class=\"ep8a-title\" title=\"Reima Tepas\">Reima Tepas<\/h3>\n                    <\/a>\n                    <div class=\"ep8a-price\">179.99 z\u0142<\/div>                  <\/div>\n                <\/article>\n              <\/div>\n                          <div class=\"swiper-slide\">\n                <article class=\"ep8a-tile\">\n                  <a class=\"ep8a-link\" href=\"https:\/\/8a.pl\/rekawiczki-dzieciece-reima-vanukko-fucshia\" target=\"_self\" rel=\"nofollow noopener noreferrer\" aria-label=\"Reima Vanukko\">\n                    <div class=\"ep8a-card\">\n                      <div class=\"ep8a-imgwrap\">\n                                                <img class=\"ep8a-img skip-lazy no-lazy\" decoding=\"async\" loading=\"eager\" data-no-lazy=\"1\" src=\"https:\/\/8a.pl\/media\/catalog\/product\/r\/e\/rekawiczki-dzieciece-reima-vanukko-fucshia-1784553989.webp@jpg\" alt=\"Reima Vanukko\" width=\"500\" height=\"600\">                      <\/div>\n                    <\/div>\n                  <\/a>\n                  <div class=\"ep8a-caption\">\n                    <a class=\"ep8a-link\" href=\"https:\/\/8a.pl\/rekawiczki-dzieciece-reima-vanukko-fucshia\" target=\"_self\" rel=\"nofollow noopener noreferrer\">\n                      <h3 class=\"ep8a-title\" title=\"Reima Vanukko\">Reima Vanukko<\/h3>\n                    <\/a>\n                    <div class=\"ep8a-price\">279.99 z\u0142<\/div>                  <\/div>\n                <\/article>\n              <\/div>\n                          <div class=\"swiper-slide\">\n                <article class=\"ep8a-tile\">\n                  <a class=\"ep8a-link\" href=\"https:\/\/8a.pl\/rekawiczki-dzieciece-reima-hanskas-black\" target=\"_self\" rel=\"nofollow noopener noreferrer\" aria-label=\"Reima Hanskas\">\n                    <div class=\"ep8a-card\">\n                      <div class=\"ep8a-imgwrap\">\n                                                <img class=\"ep8a-img skip-lazy no-lazy\" decoding=\"async\" loading=\"eager\" data-no-lazy=\"1\" src=\"https:\/\/8a.pl\/media\/catalog\/product\/r\/e\/rekawiczki-dzieciece-reima-hanskas-black-1784616075.webp@jpg\" alt=\"Reima Hanskas\" width=\"500\" height=\"600\">                      <\/div>\n                    <\/div>\n                  <\/a>\n                  <div class=\"ep8a-caption\">\n                    <a class=\"ep8a-link\" href=\"https:\/\/8a.pl\/rekawiczki-dzieciece-reima-hanskas-black\" target=\"_self\" rel=\"nofollow noopener noreferrer\">\n                      <h3 class=\"ep8a-title\" title=\"Reima Hanskas\">Reima Hanskas<\/h3>\n                    <\/a>\n                    <div class=\"ep8a-price\">229.99 z\u0142<\/div>                  <\/div>\n                <\/article>\n              <\/div>\n                          <div class=\"swiper-slide\">\n                <article class=\"ep8a-tile\">\n                  <a class=\"ep8a-link\" href=\"https:\/\/8a.pl\/rekawiczki-dzieciece-viking-flinx-ski-orange-navy\" target=\"_self\" rel=\"nofollow noopener noreferrer\" aria-label=\"Viking Flinx Ski\">\n                    <div class=\"ep8a-card\">\n                      <div class=\"ep8a-imgwrap\">\n                                                <img class=\"ep8a-img skip-lazy no-lazy\" decoding=\"async\" loading=\"eager\" data-no-lazy=\"1\" src=\"https:\/\/8a.pl\/media\/catalog\/product\/r\/e\/rekawiczki-dzieciece-viking-flinx-ski-orange-navy-1761918312.webp@jpg\" alt=\"Viking Flinx Ski\" width=\"500\" height=\"600\">                      <\/div>\n                    <\/div>\n                  <\/a>\n                  <div class=\"ep8a-caption\">\n                    <a class=\"ep8a-link\" href=\"https:\/\/8a.pl\/rekawiczki-dzieciece-viking-flinx-ski-orange-navy\" target=\"_self\" rel=\"nofollow noopener noreferrer\">\n                      <h3 class=\"ep8a-title\" title=\"Viking Flinx Ski\">Viking Flinx Ski<\/h3>\n                    <\/a>\n                    <div class=\"ep8a-price\">84.99 z\u0142<\/div>                  <\/div>\n                <\/article>\n              <\/div>\n                          <div class=\"swiper-slide\">\n                <article class=\"ep8a-tile\">\n                  <a class=\"ep8a-link\" href=\"https:\/\/8a.pl\/rekawiczki-dzieciece-viking-flinx-ski-black-dark-grey\" target=\"_self\" rel=\"nofollow noopener noreferrer\" aria-label=\"Viking Flinx Ski\">\n                    <div class=\"ep8a-card\">\n                      <div class=\"ep8a-imgwrap\">\n                                                <img class=\"ep8a-img skip-lazy no-lazy\" decoding=\"async\" loading=\"eager\" data-no-lazy=\"1\" src=\"https:\/\/8a.pl\/media\/catalog\/product\/r\/e\/rekawiczki-dzieciece-viking-flinx-ski-black-dark-grey-1761918310.webp@jpg\" alt=\"Viking Flinx Ski\" width=\"500\" height=\"600\">                      <\/div>\n                    <\/div>\n                  <\/a>\n                  <div class=\"ep8a-caption\">\n                    <a class=\"ep8a-link\" href=\"https:\/\/8a.pl\/rekawiczki-dzieciece-viking-flinx-ski-black-dark-grey\" target=\"_self\" rel=\"nofollow noopener noreferrer\">\n                      <h3 class=\"ep8a-title\" title=\"Viking Flinx Ski\">Viking Flinx Ski<\/h3>\n                    <\/a>\n                    <div class=\"ep8a-price\">84.99 z\u0142<\/div>                  <\/div>\n                <\/article>\n              <\/div>\n                          <div class=\"swiper-slide\">\n                <article class=\"ep8a-tile\">\n                  <a class=\"ep8a-link\" href=\"https:\/\/8a.pl\/rekawiczki-dzieciece-viking-nomadic-gtx-infant-black\" target=\"_self\" rel=\"nofollow noopener noreferrer\" aria-label=\"Viking Nomadic GTX Infant\">\n                    <div class=\"ep8a-card\">\n                      <div class=\"ep8a-imgwrap\">\n                                                <img class=\"ep8a-img skip-lazy no-lazy\" decoding=\"async\" loading=\"eager\" data-no-lazy=\"1\" src=\"https:\/\/8a.pl\/media\/catalog\/product\/r\/e\/rekawiczki-dzieciece-viking-nomadic-gtx-infant-black-1761740651.webp@jpg\" alt=\"Viking Nomadic GTX Infant\" width=\"500\" height=\"600\">                      <\/div>\n                    <\/div>\n                  <\/a>\n                  <div class=\"ep8a-caption\">\n                    <a class=\"ep8a-link\" href=\"https:\/\/8a.pl\/rekawiczki-dzieciece-viking-nomadic-gtx-infant-black\" target=\"_self\" rel=\"nofollow noopener noreferrer\">\n                      <h3 class=\"ep8a-title\" title=\"Viking Nomadic GTX Infant\">Viking Nomadic GTX Infant<\/h3>\n                    <\/a>\n                    <div class=\"ep8a-price\">129.99 z\u0142<\/div>                  <\/div>\n                <\/article>\n              <\/div>\n                          <div class=\"swiper-slide\">\n                <article class=\"ep8a-tile\">\n                  <a class=\"ep8a-link\" href=\"https:\/\/8a.pl\/rekawiczki-dzieciece-ziener-lanic-gtx-gore-plus-warm-mitten-junior-black-persian-blue\" target=\"_self\" rel=\"nofollow noopener noreferrer\" aria-label=\"Ziener Lanic GTX + Gore Plus Warm Mitten Junior\">\n                    <div class=\"ep8a-card\">\n                      <div class=\"ep8a-imgwrap\">\n                                                <img class=\"ep8a-img skip-lazy no-lazy\" decoding=\"async\" loading=\"eager\" data-no-lazy=\"1\" src=\"https:\/\/8a.pl\/media\/catalog\/product\/r\/e\/rekawiczki-dzieciece-ziener-lanic-gtx-gore-plus-warm-mitten-junior-black-persian-blue-1761122112.webp@jpg\" alt=\"Ziener Lanic GTX + Gore Plus Warm Mitten Junior\" width=\"500\" height=\"600\">                      <\/div>\n                    <\/div>\n                  <\/a>\n                  <div class=\"ep8a-caption\">\n                    <a class=\"ep8a-link\" href=\"https:\/\/8a.pl\/rekawiczki-dzieciece-ziener-lanic-gtx-gore-plus-warm-mitten-junior-black-persian-blue\" target=\"_self\" rel=\"nofollow noopener noreferrer\">\n                      <h3 class=\"ep8a-title\" title=\"Ziener Lanic GTX + Gore Plus Warm Mitten Junior\">Ziener Lanic GTX + Gore Plus Warm Mitten Junior<\/h3>\n                    <\/a>\n                    <div class=\"ep8a-price\">155.99 z\u0142<\/div>                  <\/div>\n                <\/article>\n              <\/div>\n                          <div class=\"swiper-slide\">\n                <article class=\"ep8a-tile\">\n                  <a class=\"ep8a-link\" href=\"https:\/\/8a.pl\/rekawiczki-dzieciece-ziener-lani-gtx-junior-black-persian-blue\" target=\"_self\" rel=\"nofollow noopener noreferrer\" aria-label=\"Ziener Lani GTX Junior\">\n                    <div class=\"ep8a-card\">\n                      <div class=\"ep8a-imgwrap\">\n                                                <img class=\"ep8a-img skip-lazy no-lazy\" decoding=\"async\" loading=\"eager\" data-no-lazy=\"1\" src=\"https:\/\/8a.pl\/media\/catalog\/product\/r\/e\/rekawiczki-dzieciece-ziener-lani-gtx-junior-black-persian-blue-1761122051.webp@jpg\" alt=\"Ziener Lani GTX Junior\" width=\"500\" height=\"600\">                      <\/div>\n                    <\/div>\n                  <\/a>\n                  <div class=\"ep8a-caption\">\n                    <a class=\"ep8a-link\" href=\"https:\/\/8a.pl\/rekawiczki-dzieciece-ziener-lani-gtx-junior-black-persian-blue\" target=\"_self\" rel=\"nofollow noopener noreferrer\">\n                      <h3 class=\"ep8a-title\" title=\"Ziener Lani GTX Junior\">Ziener Lani GTX Junior<\/h3>\n                    <\/a>\n                    <div class=\"ep8a-price\">148.99 z\u0142<\/div>                  <\/div>\n                <\/article>\n              <\/div>\n                      <\/div>\n        <\/div>\n\n        <!-- Strza\u0142ki poza .swiper -->\n        <button class=\"ep8a-arrow ep8a-prev\" id=\"ep8a_c107ec2a-0662-484a-bd26-b38fd3c7df85_prev\" aria-label=\"Poprzedni\"><\/button>\n        <button class=\"ep8a-arrow ep8a-next\" id=\"ep8a_c107ec2a-0662-484a-bd26-b38fd3c7df85_next\" aria-label=\"Nast\u0119pny\"><\/button>\n      <\/div>\n\n      <!-- Stopka: linia + CTA po prawej -->\n      <div class=\"ep8a-bottom\">\n        <span class=\"ep8a-bottomline\"><\/span>\n                  <a class=\"ep8a-cta\" href=\"https:\/\/8a.pl\/rekawice-narciarskie-dzieciece\" target=\"_self\" rel=\"nofollow noopener noreferrer\">\n            KUP DZIECI\u0118CE R\u0118KAWICE NARCIARSKIE          <\/a>\n              <\/div>\n    <\/section>\n\n\t<script>\n\tdocument.addEventListener(\"DOMContentLoaded\", function(){\n\t  if (typeof Swiper === \"undefined\") return;\n\n\t  const sel    = \"#ep8a_c107ec2a-0662-484a-bd26-b38fd3c7df85_swiper\";\n\t  const prevEl = \"#ep8a_c107ec2a-0662-484a-bd26-b38fd3c7df85_prev\";\n\t  const nextEl = \"#ep8a_c107ec2a-0662-484a-bd26-b38fd3c7df85_next\";\n\n\t  \/\/ 1) Zainicjuj Swiper od razu \u2013 nie czekaj na wszystkie obrazy\n\t  let sw = new Swiper(sel, {\n\t\tloop: true,\n\t\tspaceBetween: 24,\n\t\tslidesPerView: 1,\n\t\troundLengths: true,\n\t\tobserver: true,\n\t\tobserveParents: true,\n\t\tresizeObserver: true,\n\t\tpreloadImages: true,\n\t\tupdateOnWindowResize: true,\n\t\tlazy: { loadOnTransitionStart: true, loadPrevNext: true, loadPrevNextAmount: 2 },\n\t\twatchSlidesProgress: true,\n\t\twatchSlidesVisibility: true,\n\t\tnavigation: { nextEl, prevEl },\n\t\tbreakpoints: {\n\t\t  320:  { slidesPerView: 2 },\n\t\t  720:  { slidesPerView: 3 },\n\t\t  1200: { slidesPerView: 4 }\n\t\t},\n\t\ton: {\n\t\t  imagesReady() { try { sw.update(); } catch(e){} },\n\t\t  afterInit()   { try { sw.update(); } catch(e){} }\n\t\t}\n\t  });\n\n\t  \/\/ 2) Delikatny \u201enudge\u201d dla przegl\u0105darki: je\u015bli obraz jest w DOM i ma src, popro\u015b o decode\n\t  const imgs = document.querySelectorAll(sel + \" .ep8a-img\");\n\t  imgs.forEach((img) => {\n\t\tif (img.complete) {\n\t\t  if (img.decode) { img.decode().catch(()=>{}).finally(()=> sw && sw.update()); }\n\t\t} else {\n\t\t  img.addEventListener(\"load\",  () => { if (img.decode) { img.decode().catch(()=>{}).finally(()=> sw && sw.update()); } else { sw && sw.update(); } }, { once:true });\n\t\t  img.addEventListener(\"error\", () => { sw && sw.update(); }, { once:true });\n\t\t}\n\t  });\n\n\t  \/\/ 3) Gdy okno w pe\u0142ni si\u0119 za\u0142aduje, przelicz jeszcze raz\n\t  window.addEventListener(\"load\", () => { sw && sw.update(); });\n\t});\n\t<\/script>\n\n    \n","protected":false},"excerpt":{"rendered":"<p>To jedno z tych pyta\u0144, kt\u00f3re co roku wraca jak bumerang \u2013 zwykle wtedy, gdy dzieci pytaj\u0105 czy b\u0119dzie \u015bnieg. Dobra wiadomo\u015b\u0107 jest taka, \u017ce g\u00f3ry zim\u0105 z dzieckiem mog\u0105 by\u0107 \u015bwietn\u0105 przygod\u0105, zw\u0142aszcza, kiedy wiemy co, gdzie i jak. Gdzie jecha\u0107 w g\u00f3ry z dzie\u0107mi zim\u0105, by zamiast marudzenia i stresu by\u0142y sanki, orze\u0142ki w \u015bniegu i kakao z termosu?<\/p>\n","protected":false},"author":7,"featured_media":83339,"comment_status":"closed","ping_status":"closed","sticky":false,"template":"","format":"standard","meta":{"_acf_changed":false,"_uf_show_specific_survey":0,"_uf_disable_surveys":false,"footnotes":""},"categories":[26070],"tags":[26077,26105,26084],"class_list":["post-83336","post","type-post","status-publish","format-standard","has-post-thumbnail","hentry","category-turystyka-trekking","tag-przewodnik","tag-turystyka","tag-zima"],"acf":[],"yoast_head":"<!-- This site is optimized with the Yoast SEO Premium plugin v23.4 (Yoast SEO v25.5) - https:\/\/yoast.com\/wordpress\/plugins\/seo\/ -->\n<title>Gdzie w g\u00f3ry z dzie\u0107mi zim\u0105? | 8academy.pl<\/title>\n<meta name=\"description\" content=\"Gdzie w g\u00f3ry z dzie\u0107mi zim\u0105, by cieszy\u0107 si\u0119 zimowym szale\u0144stwem? Podpowiadamy regiony w Polsce gdzie jecha\u0107 na ferie z dzie\u0107mi w g\u00f3ry!\" \/>\n<meta name=\"robots\" content=\"index, follow, max-snippet:-1, max-image-preview:large, max-video-preview:-1\" \/>\n<link rel=\"canonical\" href=\"https:\/\/8a.pl\/8academy\/gdzie-w-gory-z-dziecmi-zima\/\" \/>\n<meta property=\"og:locale\" content=\"pl_PL\" \/>\n<meta property=\"og:type\" content=\"article\" \/>\n<meta property=\"og:title\" content=\"Gdzie w g\u00f3ry z dzie\u0107mi zim\u0105?\" \/>\n<meta property=\"og:description\" content=\"Gdzie w g\u00f3ry z dzie\u0107mi zim\u0105, by cieszy\u0107 si\u0119 zimowym szale\u0144stwem? Podpowiadamy regiony w Polsce gdzie jecha\u0107 na ferie z dzie\u0107mi w g\u00f3ry!\" \/>\n<meta property=\"og:url\" content=\"https:\/\/8a.pl\/8academy\/gdzie-w-gory-z-dziecmi-zima\/\" \/>\n<meta property=\"og:site_name\" content=\"8academy.pl - portal g\u00f3rski i wspinaczkowy dla aktywnych\" \/>\n<meta property=\"article:publisher\" content=\"https:\/\/pl-pl.facebook.com\/sklep8apl\/\" \/>\n<meta property=\"article:published_time\" content=\"2026-01-07T15:10:34+00:00\" \/>\n<meta property=\"og:image\" content=\"https:\/\/8a.pl\/8academy\/wp-content\/uploads\/2026\/01\/Glowne-zdjecie-Firefly-Upscaler-skala-2x.webp\" \/>\n\t<meta property=\"og:image:width\" content=\"3600\" \/>\n\t<meta property=\"og:image:height\" content=\"2628\" \/>\n\t<meta property=\"og:image:type\" content=\"image\/webp\" \/>\n<meta name=\"author\" content=\"Redakcja 8Academy\" \/>\n<meta name=\"twitter:card\" content=\"summary_large_image\" \/>\n<meta name=\"twitter:label1\" content=\"Napisane przez\" \/>\n\t<meta name=\"twitter:data1\" content=\"Redakcja 8Academy\" \/>\n\t<meta name=\"twitter:label2\" content=\"Szacowany czas czytania\" \/>\n\t<meta name=\"twitter:data2\" content=\"12 minut\" \/>\n<!-- \/ Yoast SEO Premium plugin. -->","yoast_head_json":{"title":"Gdzie w g\u00f3ry z dzie\u0107mi zim\u0105? | 8academy.pl","description":"Gdzie w g\u00f3ry z dzie\u0107mi zim\u0105, by cieszy\u0107 si\u0119 zimowym szale\u0144stwem? Podpowiadamy regiony w Polsce gdzie jecha\u0107 na ferie z dzie\u0107mi w g\u00f3ry!","robots":{"index":"index","follow":"follow","max-snippet":"max-snippet:-1","max-image-preview":"max-image-preview:large","max-video-preview":"max-video-preview:-1"},"canonical":"https:\/\/8a.pl\/8academy\/gdzie-w-gory-z-dziecmi-zima\/","og_locale":"pl_PL","og_type":"article","og_title":"Gdzie w g\u00f3ry z dzie\u0107mi zim\u0105?","og_description":"Gdzie w g\u00f3ry z dzie\u0107mi zim\u0105, by cieszy\u0107 si\u0119 zimowym szale\u0144stwem? Podpowiadamy regiony w Polsce gdzie jecha\u0107 na ferie z dzie\u0107mi w g\u00f3ry!","og_url":"https:\/\/8a.pl\/8academy\/gdzie-w-gory-z-dziecmi-zima\/","og_site_name":"8academy.pl - portal g\u00f3rski i wspinaczkowy dla aktywnych","article_publisher":"https:\/\/pl-pl.facebook.com\/sklep8apl\/","article_published_time":"2026-01-07T15:10:34+00:00","og_image":[{"width":3600,"height":2628,"url":"https:\/\/8a.pl\/8academy\/wp-content\/uploads\/2026\/01\/Glowne-zdjecie-Firefly-Upscaler-skala-2x.webp","type":"image\/webp"}],"author":"Redakcja 8Academy","twitter_card":"summary_large_image","twitter_misc":{"Napisane przez":"Redakcja 8Academy","Szacowany czas czytania":"12 minut"},"schema":{"@context":"https:\/\/schema.org","@graph":[{"@type":"Article","@id":"https:\/\/8a.pl\/8academy\/gdzie-w-gory-z-dziecmi-zima\/#article","isPartOf":{"@id":"https:\/\/8a.pl\/8academy\/gdzie-w-gory-z-dziecmi-zima\/"},"author":{"name":"Redakcja 8Academy","@id":"https:\/\/8a.pl\/8academy\/#\/schema\/person\/2e392153a51786e6c3d5ede231b5d2a4"},"headline":"Gdzie w g\u00f3ry z dzie\u0107mi zim\u0105?","datePublished":"2026-01-07T15:10:34+00:00","mainEntityOfPage":{"@id":"https:\/\/8a.pl\/8academy\/gdzie-w-gory-z-dziecmi-zima\/"},"wordCount":1909,"publisher":{"@id":"https:\/\/8a.pl\/8academy\/#organization"},"image":{"@id":"https:\/\/8a.pl\/8academy\/gdzie-w-gory-z-dziecmi-zima\/#primaryimage"},"thumbnailUrl":"https:\/\/8a.pl\/8academy\/wp-content\/uploads\/2026\/01\/Glowne-zdjecie-Firefly-Upscaler-skala-2x.webp","keywords":["Przewodnik","Turystyka","Zima"],"articleSection":["Turystyka \/ trekking"],"inLanguage":"pl-PL"},{"@type":"WebPage","@id":"https:\/\/8a.pl\/8academy\/gdzie-w-gory-z-dziecmi-zima\/","url":"https:\/\/8a.pl\/8academy\/gdzie-w-gory-z-dziecmi-zima\/","name":"Gdzie w g\u00f3ry z dzie\u0107mi zim\u0105? | 8academy.pl","isPartOf":{"@id":"https:\/\/8a.pl\/8academy\/#website"},"primaryImageOfPage":{"@id":"https:\/\/8a.pl\/8academy\/gdzie-w-gory-z-dziecmi-zima\/#primaryimage"},"image":{"@id":"https:\/\/8a.pl\/8academy\/gdzie-w-gory-z-dziecmi-zima\/#primaryimage"},"thumbnailUrl":"https:\/\/8a.pl\/8academy\/wp-content\/uploads\/2026\/01\/Glowne-zdjecie-Firefly-Upscaler-skala-2x.webp","datePublished":"2026-01-07T15:10:34+00:00","description":"Gdzie w g\u00f3ry z dzie\u0107mi zim\u0105, by cieszy\u0107 si\u0119 zimowym szale\u0144stwem? Podpowiadamy regiony w Polsce gdzie jecha\u0107 na ferie z dzie\u0107mi w g\u00f3ry!","breadcrumb":{"@id":"https:\/\/8a.pl\/8academy\/gdzie-w-gory-z-dziecmi-zima\/#breadcrumb"},"inLanguage":"pl-PL","potentialAction":[{"@type":"ReadAction","target":["https:\/\/8a.pl\/8academy\/gdzie-w-gory-z-dziecmi-zima\/"]}]},{"@type":"ImageObject","inLanguage":"pl-PL","@id":"https:\/\/8a.pl\/8academy\/gdzie-w-gory-z-dziecmi-zima\/#primaryimage","url":"https:\/\/8a.pl\/8academy\/wp-content\/uploads\/2026\/01\/Glowne-zdjecie-Firefly-Upscaler-skala-2x.webp","contentUrl":"https:\/\/8a.pl\/8academy\/wp-content\/uploads\/2026\/01\/Glowne-zdjecie-Firefly-Upscaler-skala-2x.webp","width":3600,"height":2628,"caption":"(fot. Columbia)"},{"@type":"BreadcrumbList","@id":"https:\/\/8a.pl\/8academy\/gdzie-w-gory-z-dziecmi-zima\/#breadcrumb","itemListElement":[{"@type":"ListItem","position":1,"name":"Strona g\u0142\u00f3wna","item":"https:\/\/8a.pl\/8academy\/"},{"@type":"ListItem","position":2,"name":"Gdzie w g\u00f3ry z dzie\u0107mi zim\u0105?"}]},{"@type":"WebSite","@id":"https:\/\/8a.pl\/8academy\/#website","url":"https:\/\/8a.pl\/8academy\/","name":"8academy.pl - portal g\u00f3rski i wspinaczkowy dla aktywnych","description":"8academy to portal g\u00f3rski o wspinaczce, trekkingu i skiturach. Znajdziesz tu porady, testy sprz\u0119tu i opisy najlepszych rejon\u00f3w. Inspirujemy zdobywc\u00f3w!","publisher":{"@id":"https:\/\/8a.pl\/8academy\/#organization"},"potentialAction":[{"@type":"SearchAction","target":{"@type":"EntryPoint","urlTemplate":"https:\/\/8a.pl\/8academy\/?s={search_term_string}"},"query-input":{"@type":"PropertyValueSpecification","valueRequired":true,"valueName":"search_term_string"}}],"inLanguage":"pl-PL"},{"@type":"Organization","@id":"https:\/\/8a.pl\/8academy\/#organization","name":"8academy.pl - portal g\u00f3rski i wspinaczkowy dla aktywnych","url":"https:\/\/8a.pl\/8academy\/","logo":{"@type":"ImageObject","inLanguage":"pl-PL","@id":"https:\/\/8a.pl\/8academy\/#\/schema\/logo\/image\/","url":"https:\/\/8a.pl\/8academy\/wp-content\/uploads\/2015\/11\/logo.png","contentUrl":"https:\/\/8a.pl\/8academy\/wp-content\/uploads\/2015\/11\/logo.png","width":438,"height":315,"caption":"8academy.pl - portal g\u00f3rski i wspinaczkowy dla aktywnych"},"image":{"@id":"https:\/\/8a.pl\/8academy\/#\/schema\/logo\/image\/"},"sameAs":["https:\/\/pl-pl.facebook.com\/sklep8apl\/","https:\/\/www.instagram.com\/8apl\/"]},{"@type":"Person","@id":"https:\/\/8a.pl\/8academy\/#\/schema\/person\/2e392153a51786e6c3d5ede231b5d2a4","name":"Redakcja 8Academy","image":{"@type":"ImageObject","inLanguage":"pl-PL","@id":"https:\/\/8a.pl\/8academy\/#\/schema\/person\/image\/","url":"https:\/\/8a.pl\/8academy\/wp-content\/uploads\/2017\/10\/logo_obrobione_2_150_59ICJ.jpg","contentUrl":"https:\/\/8a.pl\/8academy\/wp-content\/uploads\/2017\/10\/logo_obrobione_2_150_59ICJ.jpg","caption":"Redakcja 8Academy"},"url":"https:\/\/8a.pl\/8academy\/author\/redakcja\/"}]}},"_links":{"self":[{"href":"https:\/\/8a.pl\/8academy\/wp-json\/wp\/v2\/posts\/83336","targetHints":{"allow":["GET"]}}],"collection":[{"href":"https:\/\/8a.pl\/8academy\/wp-json\/wp\/v2\/posts"}],"about":[{"href":"https:\/\/8a.pl\/8academy\/wp-json\/wp\/v2\/types\/post"}],"author":[{"embeddable":true,"href":"https:\/\/8a.pl\/8academy\/wp-json\/wp\/v2\/users\/7"}],"replies":[{"embeddable":true,"href":"https:\/\/8a.pl\/8academy\/wp-json\/wp\/v2\/comments?post=83336"}],"version-history":[{"count":4,"href":"https:\/\/8a.pl\/8academy\/wp-json\/wp\/v2\/posts\/83336\/revisions"}],"predecessor-version":[{"id":83355,"href":"https:\/\/8a.pl\/8academy\/wp-json\/wp\/v2\/posts\/83336\/revisions\/83355"}],"wp:featuredmedia":[{"embeddable":true,"href":"https:\/\/8a.pl\/8academy\/wp-json\/wp\/v2\/media\/83339"}],"wp:attachment":[{"href":"https:\/\/8a.pl\/8academy\/wp-json\/wp\/v2\/media?parent=83336"}],"wp:term":[{"taxonomy":"category","embeddable":true,"href":"https:\/\/8a.pl\/8academy\/wp-json\/wp\/v2\/categories?post=83336"},{"taxonomy":"post_tag","embeddable":true,"href":"https:\/\/8a.pl\/8academy\/wp-json\/wp\/v2\/tags?post=83336"}],"curies":[{"name":"wp","href":"https:\/\/api.w.org\/{rel}","templated":true}]}}