{"id":83260,"date":"2026-01-02T13:05:59","date_gmt":"2026-01-02T12:05:59","guid":{"rendered":"https:\/\/8a.pl\/8academy\/?p=83260"},"modified":"2026-01-09T14:37:13","modified_gmt":"2026-01-09T13:37:13","slug":"jak-sie-ubrac-na-narty-zjazdowe","status":"publish","type":"post","link":"https:\/\/8a.pl\/8academy\/jak-sie-ubrac-na-narty-zjazdowe\/","title":{"rendered":"Jak si\u0119 ubra\u0107 na narty zjazdowe? Kompletny poradnik"},"content":{"rendered":"\n<p class=\"wp-block-paragraph\">Czasy jednocz\u0119\u015bciowych kombinezon\u00f3w w jaskrawych kolorach odesz\u0142y na szcz\u0119\u015bcie w przesz\u0142o\u015b\u0107. Ostatnie kilkana\u015bcie lat zrewolucjonizowa\u0142o nie tylko same narty i technik\u0119 jazdy, ale tak\u017ce odzie\u017c narciarsk\u0105. Narty, zar\u00f3wno zjazdowe jak i skiturowe to specyficzny rodzaj aktywno\u015bci fizycznej. Cia\u0142o generuje przy nim spore ilo\u015bci ciep\u0142a i wilgoci, z drugiej za\u015b strony wystawione jest cz\u0119sto na trudne warunki atmosferyczne: \u015bnieg, mr\u00f3z, wiatr. Czasami, mo\u017ce grza\u0107 intensywne s\u0142o\u0144ce, czasami za\u015b mo\u017cemy napotka\u0107 siarczysty mr\u00f3z. Taki rodzaj zimowej aktywno\u015bci wymaga efektywnego po\u0142\u0105czenia kilku rodzaj\u00f3w odzie\u017cy, najcz\u0119\u015bciej w trzech warstwach. Zatem jak si\u0119 ubra\u0107 na narty zjazdowe?<\/p>\n\n\n\n<ul class=\"wp-block-list\">\n<li><strong><a href=\"https:\/\/8a.pl\/8academy\/jak-sie-ubrac-na-narty-zjazdowe\/#h-jak-sie-ubrac-na-narty-zjazdowe-warstwy-to-podstawa\">Jak si\u0119 ubra\u0107 na narty zjazdowe? Warstwy to podstawa<\/a><\/strong><\/li>\n\n\n\n<li><strong><a href=\"https:\/\/8a.pl\/8academy\/jak-sie-ubrac-na-narty-zjazdowe\/#h-pierwsza-warstwa-bielizna-termoaktywna\">Pierwsza warstwa &#8211; bielizna termoaktywna<\/a><\/strong><\/li>\n\n\n\n<li><strong><a href=\"https:\/\/8a.pl\/8academy\/jak-sie-ubrac-na-narty-zjazdowe\/#h-jak-sie-ubrac-na-narty-druga-warstwa-cos-cieplego\">Jak si\u0119 ubra\u0107 na narty? Druga warstwa &#8211; co\u015b ciep\u0142ego<\/a><\/strong><\/li>\n\n\n\n<li><strong><a href=\"https:\/\/8a.pl\/8academy\/jak-sie-ubrac-na-narty-zjazdowe\/#h-jak-sie-ubrac-na-narty-trzecia-warstwa-kurtka-i-spodnie-narciarskie\">Jak si\u0119 ubra\u0107 na narty? Trzecia warstwa &#8211; kurtka i spodnie narciarskie<\/a><\/strong><\/li>\n\n\n\n<li><strong><a href=\"https:\/\/8a.pl\/8academy\/jak-sie-ubrac-na-narty-zjazdowe\/#h-obowiazkowo-gogle-i-kask\">Obowi\u0105zkowo &#8211; gogle i kask<\/a><\/strong><\/li>\n\n\n\n<li><strong><a href=\"https:\/\/8a.pl\/8academy\/jak-sie-ubrac-na-narty-zjazdowe\/#h-jak-sie-ubrac-na-narty-niezbedne-detale\">Jak si\u0119 ubra\u0107 na narty? Niezb\u0119dne detale<\/a><\/strong><\/li>\n\n\n\n<li><strong><a href=\"https:\/\/8a.pl\/8academy\/jak-sie-ubrac-na-narty-zjazdowe\/#h-jak-ubrac-dziecko-na-narty\">Jak ubra\u0107 dziecko na narty?<\/a><\/strong><\/li>\n<\/ul>\n\n\n\n<p class=\"wp-block-paragraph\"><\/p>\n\n\n<div class=\"wp-block-image\">\n<figure class=\"aligncenter size-full\"><img fetchpriority=\"high\" decoding=\"async\" width=\"600\" height=\"900\" src=\"https:\/\/8a.pl\/8academy\/wp-content\/uploads\/2025\/12\/F25_EU_SKI_GOOD_MEN_MC_08062.jpg\" alt=\"Narciarz z nartami na ramieniu.\" class=\"wp-image-83168\" srcset=\"https:\/\/8a.pl\/8academy\/wp-content\/uploads\/2025\/12\/F25_EU_SKI_GOOD_MEN_MC_08062.jpg 600w, https:\/\/8a.pl\/8academy\/wp-content\/uploads\/2025\/12\/F25_EU_SKI_GOOD_MEN_MC_08062-200x300.jpg 200w\" sizes=\"(max-width: 600px) 100vw, 600px\" \/><figcaption class=\"wp-element-caption\">Jak si\u0119 ubra\u0107 na narty? Warstwowy str\u00f3j narciarski pozwala zachowa\u0107 komfort termiczny i swobod\u0119 ruch\u00f3w nawet przy zmiennej pogodzie. (fot. Columbia)<\/figcaption><\/figure>\n<\/div>\n\n\n<h2 class=\"wp-block-heading\" id=\"h-jak-sie-ubrac-na-narty-zjazdowe-warstwy-to-podstawa\">Jak si\u0119 ubra\u0107 na narty zjazdowe? Warstwy to podstawa<\/h2>\n\n\n\n<p class=\"wp-block-paragraph\">W skr\u00f3cie wygl\u0105da to nast\u0119puj\u0105co. Warstwa bazowa to bielizna termoaktywna, kt\u00f3ra znajduje si\u0119 najbli\u017cej cia\u0142a i odpowiada z jednej strony za termik\u0119, z drugiej za\u015b z odprowadzenie wilgoci powstaj\u0105cej podczas wysi\u0142ku. Druga warstwa to w\u0142a\u015bciwa warstwa docieplajaca &#8211; ona zapewni cia\u0142u izolacj\u0119 i co za tym idzie ciep\u0142o. Ostatnia warstwa to kurtka z membran\u0105, kt\u00f3ra zabezpieczy nas przed \u015bniegiem i wiatrem.<\/p>\n\n\n\n<p class=\"wp-block-paragraph\"><strong>Przeczytaj te\u017c:<\/strong><\/p>\n\n\n\n<ul class=\"wp-block-list\">\n<li><strong><a href=\"https:\/\/8a.pl\/8academy\/co-zabrac-na-narty-lista-niezbednych-rzeczy\/\">Co zabra\u0107 na narty? Lista rzeczy na wyjazd narciarski<\/a><\/strong><\/li>\n<\/ul>\n\n\n\n<hr class=\"wp-block-separator has-text-color has-cyan-bluish-gray-color has-alpha-channel-opacity has-cyan-bluish-gray-background-color has-background\"\/>\n\n\n\n<p class=\"wp-block-paragraph\">Przede wszystkim ciep\u0142o, bo na nartach zjazdowych najwa\u017cniejsze jest, aby nie marzn\u0105\u0107. W ko\u0144cu narciarstwo zjazdowe to nie tylko jazda w d\u00f3\u0142 po stoku, ale i czas w kolejkach i na wyci\u0105gu, kanapie czy w gondoli. Ostry mr\u00f3z, zacinaj\u0105cy wiatr, \u015bnieg &#8211; z tym trzeba si\u0119 liczy\u0107. Wtedy organizm mo\u017ce si\u0119 nieco wych\u0142odzi\u0107. Dlatego str\u00f3j na zjazd\u00f3wki musi uwzgl\u0119dnia\u0107 intensywn\u0105 aktywno\u015b\u0107 jak i odpoczynek czy przejazd kolejk\u0105. Izolacj\u0119 termiczn\u0105 zapewni\u0107 maj\u0105 dwie pierwsze warstwy &#8211; bielizna termiczna oraz w\u0142a\u015bciwa warstwa docieplaj\u0105ca. Na nartach trzeba wzi\u0105\u0107 r\u00f3wnie\u017c pod uwag\u0119 ochron\u0119 przed wiatrem oraz wilgoci\u0105 p\u0142yn\u0105c\u0105 od \u015bniegu. Za to odpowiada\u0107 b\u0119dzie trzecia warstwa (w przypadku dolnej cz\u0119\u015bci cia\u0142a &#8211; druga). Kurtka i spodnie z membran\u0105 powinny przed ni\u0105&nbsp;skutecznie zabezpieczy\u0107, a docenisz to szczeg\u00f3lnie w razie wywrotki na stoku. <\/p>\n\n\n\n<p class=\"wp-block-paragraph\"><\/p>\n\n\n<div class=\"wp-block-image\">\n<figure class=\"aligncenter size-full\"><img decoding=\"async\" width=\"600\" height=\"816\" src=\"https:\/\/8a.pl\/8academy\/wp-content\/uploads\/2025\/11\/Christian-Adam_F25_Ski-LCC_20250221_2511.webp\" alt=\"Marciarz podczas zjazdu free ride.\" class=\"wp-image-82508\" srcset=\"https:\/\/8a.pl\/8academy\/wp-content\/uploads\/2025\/11\/Christian-Adam_F25_Ski-LCC_20250221_2511.webp 600w, https:\/\/8a.pl\/8academy\/wp-content\/uploads\/2025\/11\/Christian-Adam_F25_Ski-LCC_20250221_2511-221x300.webp 221w\" sizes=\"(max-width: 600px) 100vw, 600px\" \/><figcaption class=\"wp-element-caption\">Jak si\u0119 ubra\u0107 na narty, gdy planujesz intensywn\u0105 jazd\u0119? Oddychaj\u0105ce warstwy i techniczna odzie\u017c zadbaj\u0105 o komfort jazdy na stoku i poza nim.(fot. Black Diamond)<\/figcaption><\/figure>\n<\/div>\n\n\n<p class=\"wp-block-paragraph\">Ok, mamy zatem og\u00f3ln\u0105 wiedz\u0119 o tym jak si\u0119 ubra\u0107 na narty zjazdowe. A teraz rozbierzmy to na czynniki pierwsze i przeanalizujmy warstwa po warstwie. Poza tym sama odzie\u017c narciarska to nie wszystko. Niezb\u0119dne b\u0119d\u0105 r\u00f3wnie\u017c akcesoria takie jak cho\u0107by r\u0119kawiczki, czapka, skarpety.<\/p>\n\n\n\n<h2 class=\"wp-block-heading\" id=\"h-pierwsza-warstwa-bielizna-termoaktywna\">Pierwsza warstwa &#8211; bielizna termoaktywna<\/h2>\n\n\n\n<p class=\"wp-block-paragraph\">Zacznijmy od pocz\u0105tku, czyli od odpowiedniej bielizny termoaktywnej. Ma ona dwojak\u0105 funkcj\u0119. Z jednej strony zabezpiecza przed nieprzyjemnym ch\u0142odem, z drugiej za\u015b ma za zadanie odprowadzanie nagromadzonej podczas wysi\u0142ku wilgoci z powierzchni sk\u00f3ry. Bieliza termoaktywna mo\u017ce byc wykonana z materia\u0142\u00f3w syntetycznych, naturalnej we\u0142ny merino lub z mieszanki tych dw\u00f3ch w\u0142\u00f3kien. Ka\u017cda opcja ma swoje wady i zalety, zwolennik\u00f3w oraz przeciwnik\u00f3w ale w ostatnich latach odzie\u017c merino zdobywa coraz wi\u0119cej fan\u00f3w. Nic dziwnego,&nbsp;bielizna merino zapewni naturaln\u0105 termoregulacj\u0119, dzi\u0119ki czemu poczujesz si\u0119 komfortowo w trakcie aktywno\u015bci jak i odpoczynku na stoku. W\u0142\u00f3kna s\u0105 przyjemne w dotyku oraz posiadaj\u0105 naturalne w\u0142a\u015bciwo\u015bci bakteriob\u00f3jcze, co gwarantuj\u0105 ochron\u0119 przed powstawaniem nieprzyjemnych zapach\u00f3w. Nie musisz obawia\u0107 si\u0119 o uczucie \u015bwie\u017co\u015bci nawet po ca\u0142ym dniu sp\u0119dzonym na stoku.<\/p>\n\n\n\n<p class=\"wp-block-paragraph\"><\/p>\n\n\n    <section class=\"ep8a-section\">\n      <div class=\"ep8a-header\">\n        <div class=\"ep8a-titlebar\">\n          <p class=\"ep8a-h\">Przegl\u0105daj bielizn\u0119 termoaktywn\u0105<\/p>          <span class=\"ep8a-titleline\"><\/span>\n        <\/div>\n      <\/div>\n\n      <div class=\"ep8a-wrap\" id=\"ep8a_217c680c-ee23-4701-baa2-7aade93e2eb4\">\n        <div class=\"ep8a-carousel swiper\" id=\"ep8a_217c680c-ee23-4701-baa2-7aade93e2eb4_swiper\">\n          <div class=\"swiper-wrapper\">\n                          <div class=\"swiper-slide\">\n                <article class=\"ep8a-tile\">\n                  <a class=\"ep8a-link\" href=\"https:\/\/8a.pl\/bluza-termoaktywna-damska-mons-royale-bella-merino-long-sleeve-hood-purple-bolt-grey-heather\" target=\"_self\" rel=\"nofollow noopener noreferrer\" aria-label=\"Mons Royale Bella Merino Long Sleeve Hood\">\n                    <div class=\"ep8a-card\">\n                      <div class=\"ep8a-imgwrap\">\n                                                <img class=\"ep8a-img skip-lazy no-lazy\" decoding=\"async\" loading=\"eager\" data-no-lazy=\"1\" src=\"https:\/\/8a.pl\/media\/catalog\/product\/b\/l\/bluza-damska-mons-royale-bella-merino-long-sleeve-hood-purple-bolt-grey-heather-1785319638.webp@jpg\" alt=\"Mons Royale Bella Merino Long Sleeve Hood\" width=\"500\" height=\"600\">                      <\/div>\n                    <\/div>\n                  <\/a>\n                  <div class=\"ep8a-caption\">\n                    <a class=\"ep8a-link\" href=\"https:\/\/8a.pl\/bluza-termoaktywna-damska-mons-royale-bella-merino-long-sleeve-hood-purple-bolt-grey-heather\" target=\"_self\" rel=\"nofollow noopener noreferrer\">\n                      <h3 class=\"ep8a-title\" title=\"Mons Royale Bella Merino Long Sleeve Hood\">Mons Royale Bella Merino Long Sleeve Hood<\/h3>\n                    <\/a>\n                    <div class=\"ep8a-price\">439.99 z\u0142<\/div>                  <\/div>\n                <\/article>\n              <\/div>\n                          <div class=\"swiper-slide\">\n                <article class=\"ep8a-tile\">\n                  <a class=\"ep8a-link\" href=\"https:\/\/8a.pl\/bluza-termoaktywna-dovre-wool-zip-active-black\" target=\"_self\" rel=\"nofollow noopener noreferrer\" aria-label=\"Dovre Wool Zip Active\">\n                    <div class=\"ep8a-card\">\n                      <div class=\"ep8a-imgwrap\">\n                                                <img class=\"ep8a-img skip-lazy no-lazy\" decoding=\"async\" loading=\"eager\" data-no-lazy=\"1\" src=\"https:\/\/8a.pl\/media\/catalog\/product\/b\/l\/bluza-termoaktywna-dovre-wool-zip-active-black-1785319639.webp@jpg\" alt=\"Dovre Wool Zip Active\" width=\"500\" height=\"600\">                      <\/div>\n                    <\/div>\n                  <\/a>\n                  <div class=\"ep8a-caption\">\n                    <a class=\"ep8a-link\" href=\"https:\/\/8a.pl\/bluza-termoaktywna-dovre-wool-zip-active-black\" target=\"_self\" rel=\"nofollow noopener noreferrer\">\n                      <h3 class=\"ep8a-title\" title=\"Dovre Wool Zip Active\">Dovre Wool Zip Active<\/h3>\n                    <\/a>\n                    <div class=\"ep8a-price\">449.99 z\u0142<\/div>                  <\/div>\n                <\/article>\n              <\/div>\n                          <div class=\"swiper-slide\">\n                <article class=\"ep8a-tile\">\n                  <a class=\"ep8a-link\" href=\"https:\/\/8a.pl\/koszulka-termoaktywna-damska-turbat-hike-lite-ss-thermo-t-shirt-glacier-gray\" target=\"_self\" rel=\"nofollow noopener noreferrer\" aria-label=\"Turbat Hike Lite SS Thermo T-Shirt\">\n                    <div class=\"ep8a-card\">\n                      <div class=\"ep8a-imgwrap\">\n                                                <img class=\"ep8a-img skip-lazy no-lazy\" decoding=\"async\" loading=\"eager\" data-no-lazy=\"1\" src=\"https:\/\/8a.pl\/media\/catalog\/product\/k\/o\/koszulka-termoaktywna-damska-turbat-hike-lite-ss-thermo-t-shirt-glacier-gray-1785319636.webp@jpg\" alt=\"Turbat Hike Lite SS Thermo T-Shirt\" width=\"500\" height=\"600\">                      <\/div>\n                    <\/div>\n                  <\/a>\n                  <div class=\"ep8a-caption\">\n                    <a class=\"ep8a-link\" href=\"https:\/\/8a.pl\/koszulka-termoaktywna-damska-turbat-hike-lite-ss-thermo-t-shirt-glacier-gray\" target=\"_self\" rel=\"nofollow noopener noreferrer\">\n                      <h3 class=\"ep8a-title\" title=\"Turbat Hike Lite SS Thermo T-Shirt\">Turbat Hike Lite SS Thermo T-Shirt<\/h3>\n                    <\/a>\n                    <div class=\"ep8a-price\">97.99 z\u0142<\/div>                  <\/div>\n                <\/article>\n              <\/div>\n                          <div class=\"swiper-slide\">\n                <article class=\"ep8a-tile\">\n                  <a class=\"ep8a-link\" href=\"https:\/\/8a.pl\/bluza-termoaktywna-damska-patagonia-cap-tw-zip-neck-black\" target=\"_self\" rel=\"nofollow noopener noreferrer\" aria-label=\"Patagonia Cap TW Zip Neck\">\n                    <div class=\"ep8a-card\">\n                      <div class=\"ep8a-imgwrap\">\n                                                <img class=\"ep8a-img skip-lazy no-lazy\" decoding=\"async\" loading=\"eager\" data-no-lazy=\"1\" src=\"https:\/\/8a.pl\/media\/catalog\/product\/1\/9\/196924733596-1-1786719792.webp@jpg\" alt=\"Patagonia Cap TW Zip Neck\" width=\"500\" height=\"600\">                      <\/div>\n                    <\/div>\n                  <\/a>\n                  <div class=\"ep8a-caption\">\n                    <a class=\"ep8a-link\" href=\"https:\/\/8a.pl\/bluza-termoaktywna-damska-patagonia-cap-tw-zip-neck-black\" target=\"_self\" rel=\"nofollow noopener noreferrer\">\n                      <h3 class=\"ep8a-title\" title=\"Patagonia Cap TW Zip Neck\">Patagonia Cap TW Zip Neck<\/h3>\n                    <\/a>\n                    <div class=\"ep8a-price\">519.99 z\u0142<\/div>                  <\/div>\n                <\/article>\n              <\/div>\n                          <div class=\"swiper-slide\">\n                <article class=\"ep8a-tile\">\n                  <a class=\"ep8a-link\" href=\"https:\/\/8a.pl\/bluza-termoaktywna-patagonia-cap-tw-zip-neck-black\" target=\"_self\" rel=\"nofollow noopener noreferrer\" aria-label=\"Patagonia Cap TW Zip Neck\">\n                    <div class=\"ep8a-card\">\n                      <div class=\"ep8a-imgwrap\">\n                                                <img class=\"ep8a-img skip-lazy no-lazy\" decoding=\"async\" loading=\"eager\" data-no-lazy=\"1\" src=\"https:\/\/8a.pl\/media\/catalog\/product\/1\/9\/196924686731-1-1786719862.webp@jpg\" alt=\"Patagonia Cap TW Zip Neck\" width=\"500\" height=\"600\">                      <\/div>\n                    <\/div>\n                  <\/a>\n                  <div class=\"ep8a-caption\">\n                    <a class=\"ep8a-link\" href=\"https:\/\/8a.pl\/bluza-termoaktywna-patagonia-cap-tw-zip-neck-black\" target=\"_self\" rel=\"nofollow noopener noreferrer\">\n                      <h3 class=\"ep8a-title\" title=\"Patagonia Cap TW Zip Neck\">Patagonia Cap TW Zip Neck<\/h3>\n                    <\/a>\n                    <div class=\"ep8a-price\">519.99 z\u0142<\/div>                  <\/div>\n                <\/article>\n              <\/div>\n                          <div class=\"swiper-slide\">\n                <article class=\"ep8a-tile\">\n                  <a class=\"ep8a-link\" href=\"https:\/\/8a.pl\/bluza-termoaktywna-patagonia-cap-tw-crew-black\" target=\"_self\" rel=\"nofollow noopener noreferrer\" aria-label=\"Patagonia Cap TW Crew\">\n                    <div class=\"ep8a-card\">\n                      <div class=\"ep8a-imgwrap\">\n                                                <img class=\"ep8a-img skip-lazy no-lazy\" decoding=\"async\" loading=\"eager\" data-no-lazy=\"1\" src=\"https:\/\/8a.pl\/media\/catalog\/product\/1\/9\/196924685338-1-1786719854.webp@jpg\" alt=\"Patagonia Cap TW Crew\" width=\"500\" height=\"600\">                      <\/div>\n                    <\/div>\n                  <\/a>\n                  <div class=\"ep8a-caption\">\n                    <a class=\"ep8a-link\" href=\"https:\/\/8a.pl\/bluza-termoaktywna-patagonia-cap-tw-crew-black\" target=\"_self\" rel=\"nofollow noopener noreferrer\">\n                      <h3 class=\"ep8a-title\" title=\"Patagonia Cap TW Crew\">Patagonia Cap TW Crew<\/h3>\n                    <\/a>\n                    <div class=\"ep8a-price\">469.99 z\u0142<\/div>                  <\/div>\n                <\/article>\n              <\/div>\n                          <div class=\"swiper-slide\">\n                <article class=\"ep8a-tile\">\n                  <a class=\"ep8a-link\" href=\"https:\/\/8a.pl\/bluza-termoaktywna-damska-patagonia-cap-tw-crew-black\" target=\"_self\" rel=\"nofollow noopener noreferrer\" aria-label=\"Patagonia Cap TW Crew\">\n                    <div class=\"ep8a-card\">\n                      <div class=\"ep8a-imgwrap\">\n                                                <img class=\"ep8a-img skip-lazy no-lazy\" decoding=\"async\" loading=\"eager\" data-no-lazy=\"1\" src=\"https:\/\/8a.pl\/media\/catalog\/product\/1\/9\/196924684874-1-1786719795.webp@jpg\" alt=\"Patagonia Cap TW Crew\" width=\"500\" height=\"600\">                      <\/div>\n                    <\/div>\n                  <\/a>\n                  <div class=\"ep8a-caption\">\n                    <a class=\"ep8a-link\" href=\"https:\/\/8a.pl\/bluza-termoaktywna-damska-patagonia-cap-tw-crew-black\" target=\"_self\" rel=\"nofollow noopener noreferrer\">\n                      <h3 class=\"ep8a-title\" title=\"Patagonia Cap TW Crew\">Patagonia Cap TW Crew<\/h3>\n                    <\/a>\n                    <div class=\"ep8a-price\">469.99 z\u0142<\/div>                  <\/div>\n                <\/article>\n              <\/div>\n                          <div class=\"swiper-slide\">\n                <article class=\"ep8a-tile\">\n                  <a class=\"ep8a-link\" href=\"https:\/\/8a.pl\/stanik-sportowy-ortovox-185-rock-n-wool-sport-top-black-raven\" target=\"_self\" rel=\"nofollow noopener noreferrer\" aria-label=\"Ortovox 185 Rock N Wool Sport Top\">\n                    <div class=\"ep8a-card\">\n                      <div class=\"ep8a-imgwrap\">\n                                                <img class=\"ep8a-img skip-lazy no-lazy\" decoding=\"async\" loading=\"eager\" data-no-lazy=\"1\" src=\"https:\/\/8a.pl\/media\/catalog\/product\/s\/t\/stanik-sportowy-ortovox-185-rock-n-wool-sport-top-black-raven-1788530659.webp@jpg\" alt=\"Ortovox 185 Rock N Wool Sport Top\" width=\"500\" height=\"600\">                      <\/div>\n                    <\/div>\n                  <\/a>\n                  <div class=\"ep8a-caption\">\n                    <a class=\"ep8a-link\" href=\"https:\/\/8a.pl\/stanik-sportowy-ortovox-185-rock-n-wool-sport-top-black-raven\" target=\"_self\" rel=\"nofollow noopener noreferrer\">\n                      <h3 class=\"ep8a-title\" title=\"Ortovox 185 Rock N Wool Sport Top\">Ortovox 185 Rock N Wool Sport Top<\/h3>\n                    <\/a>\n                    <div class=\"ep8a-price\">299.99 z\u0142<\/div>                  <\/div>\n                <\/article>\n              <\/div>\n                          <div class=\"swiper-slide\">\n                <article class=\"ep8a-tile\">\n                  <a class=\"ep8a-link\" href=\"https:\/\/8a.pl\/legginsy-termoaktywne-ortovox-185-rock-n-wool-short-pants-dark-arctic-grey\" target=\"_self\" rel=\"nofollow noopener noreferrer\" aria-label=\"Ortovox 185 Rock N Wool Short Pants\">\n                    <div class=\"ep8a-card\">\n                      <div class=\"ep8a-imgwrap\">\n                                                <img class=\"ep8a-img skip-lazy no-lazy\" decoding=\"async\" loading=\"eager\" data-no-lazy=\"1\" src=\"https:\/\/8a.pl\/media\/catalog\/product\/l\/e\/legginsy-termoaktywne-ortovox-185-rock-n-wool-short-pants-dark-arctic-grey-1788530476.webp@jpg\" alt=\"Ortovox 185 Rock N Wool Short Pants\" width=\"500\" height=\"600\">                      <\/div>\n                    <\/div>\n                  <\/a>\n                  <div class=\"ep8a-caption\">\n                    <a class=\"ep8a-link\" href=\"https:\/\/8a.pl\/legginsy-termoaktywne-ortovox-185-rock-n-wool-short-pants-dark-arctic-grey\" target=\"_self\" rel=\"nofollow noopener noreferrer\">\n                      <h3 class=\"ep8a-title\" title=\"Ortovox 185 Rock N Wool Short Pants\">Ortovox 185 Rock N Wool Short Pants<\/h3>\n                    <\/a>\n                    <div class=\"ep8a-price\">499.99 z\u0142<\/div>                  <\/div>\n                <\/article>\n              <\/div>\n                          <div class=\"swiper-slide\">\n                <article class=\"ep8a-tile\">\n                  <a class=\"ep8a-link\" href=\"https:\/\/8a.pl\/legginsy-termoaktywne-ortovox-185-rock-n-wool-long-pants-dark-arctic-grey\" target=\"_self\" rel=\"nofollow noopener noreferrer\" aria-label=\"Ortovox 185 Rock N Wool Long Pants\">\n                    <div class=\"ep8a-card\">\n                      <div class=\"ep8a-imgwrap\">\n                                                <img class=\"ep8a-img skip-lazy no-lazy\" decoding=\"async\" loading=\"eager\" data-no-lazy=\"1\" src=\"https:\/\/8a.pl\/media\/catalog\/product\/l\/e\/legginsy-termoaktywne-ortovox-185-rock-n-wool-long-pants-dark-arctic-grey-1788530542.webp@jpg\" alt=\"Ortovox 185 Rock N Wool Long Pants\" width=\"500\" height=\"600\">                      <\/div>\n                    <\/div>\n                  <\/a>\n                  <div class=\"ep8a-caption\">\n                    <a class=\"ep8a-link\" href=\"https:\/\/8a.pl\/legginsy-termoaktywne-ortovox-185-rock-n-wool-long-pants-dark-arctic-grey\" target=\"_self\" rel=\"nofollow noopener noreferrer\">\n                      <h3 class=\"ep8a-title\" title=\"Ortovox 185 Rock N Wool Long Pants\">Ortovox 185 Rock N Wool Long Pants<\/h3>\n                    <\/a>\n                    <div class=\"ep8a-price\">549.99 z\u0142<\/div>                  <\/div>\n                <\/article>\n              <\/div>\n                      <\/div>\n        <\/div>\n\n        <!-- Strza\u0142ki poza .swiper -->\n        <button class=\"ep8a-arrow ep8a-prev\" id=\"ep8a_217c680c-ee23-4701-baa2-7aade93e2eb4_prev\" aria-label=\"Poprzedni\"><\/button>\n        <button class=\"ep8a-arrow ep8a-next\" id=\"ep8a_217c680c-ee23-4701-baa2-7aade93e2eb4_next\" aria-label=\"Nast\u0119pny\"><\/button>\n      <\/div>\n\n      <!-- Stopka: linia + CTA po prawej -->\n      <div class=\"ep8a-bottom\">\n        <span class=\"ep8a-bottomline\"><\/span>\n                  <a class=\"ep8a-cta\" href=\"https:\/\/8a.pl\/bielizna-termoaktywna\" target=\"_self\" rel=\"nofollow noopener noreferrer\">\n            ZOBACZ BIELIZN\u0118 TERMOAKTYWN\u0104          <\/a>\n              <\/div>\n    <\/section>\n\n\t<script>\n\tdocument.addEventListener(\"DOMContentLoaded\", function(){\n\t  if (typeof Swiper === \"undefined\") return;\n\n\t  const sel    = \"#ep8a_217c680c-ee23-4701-baa2-7aade93e2eb4_swiper\";\n\t  const prevEl = \"#ep8a_217c680c-ee23-4701-baa2-7aade93e2eb4_prev\";\n\t  const nextEl = \"#ep8a_217c680c-ee23-4701-baa2-7aade93e2eb4_next\";\n\n\t  \/\/ 1) Zainicjuj Swiper od razu \u2013 nie czekaj na wszystkie obrazy\n\t  let sw = new Swiper(sel, {\n\t\tloop: true,\n\t\tspaceBetween: 24,\n\t\tslidesPerView: 1,\n\t\troundLengths: true,\n\t\tobserver: true,\n\t\tobserveParents: true,\n\t\tresizeObserver: true,\n\t\tpreloadImages: true,\n\t\tupdateOnWindowResize: true,\n\t\tlazy: { loadOnTransitionStart: true, loadPrevNext: true, loadPrevNextAmount: 2 },\n\t\twatchSlidesProgress: true,\n\t\twatchSlidesVisibility: true,\n\t\tnavigation: { nextEl, prevEl },\n\t\tbreakpoints: {\n\t\t  320:  { slidesPerView: 2 },\n\t\t  720:  { slidesPerView: 3 },\n\t\t  1200: { slidesPerView: 4 }\n\t\t},\n\t\ton: {\n\t\t  imagesReady() { try { sw.update(); } catch(e){} },\n\t\t  afterInit()   { try { sw.update(); } catch(e){} }\n\t\t}\n\t  });\n\n\t  \/\/ 2) Delikatny \u201enudge\u201d dla przegl\u0105darki: je\u015bli obraz jest w DOM i ma src, popro\u015b o decode\n\t  const imgs = document.querySelectorAll(sel + \" .ep8a-img\");\n\t  imgs.forEach((img) => {\n\t\tif (img.complete) {\n\t\t  if (img.decode) { img.decode().catch(()=>{}).finally(()=> sw && sw.update()); }\n\t\t} else {\n\t\t  img.addEventListener(\"load\",  () => { if (img.decode) { img.decode().catch(()=>{}).finally(()=> sw && sw.update()); } else { sw && sw.update(); } }, { once:true });\n\t\t  img.addEventListener(\"error\", () => { sw && sw.update(); }, { once:true });\n\t\t}\n\t  });\n\n\t  \/\/ 3) Gdy okno w pe\u0142ni si\u0119 za\u0142aduje, przelicz jeszcze raz\n\t  window.addEventListener(\"load\", () => { sw && sw.update(); });\n\t});\n\t<\/script>\n\n    \n\n\n\n<p class=\"wp-block-paragraph\">Zatem bielizna termoaktywna jako pierwsza warstwa. W praktyce to dwa elementy: getry oraz bluza. Warto zwr\u00f3ci\u0107 uwag\u0119, \u017ce taki zestaw mo\u017ce mie\u0107 r\u00f3\u017cn\u0105 grubo\u015b\u0107 i charakterystyk\u0119 izolacyjn\u0105. Osoby wra\u017cliwe na zimno mog\u0105 zatem dobra\u0107 nieco grubsz\u0105 bielizn\u0119. Bielizna mo\u017ce te\u017c by\u0107 mniej lub bardziej dopasowana &#8211; nie wszyscy lubi\u0105 &#8220;obcis\u0142e&#8221;. Dobrze te\u017c zwr\u00f3ci\u0107 uwag\u0119 by bielizna nie mia\u0142a szw\u00f3w lub mia\u0142a szwy p\u0142askie. To pomo\u017ce unikn\u0105\u0107 nieprzyjemnych otar\u0107. <\/p>\n\n\n\n<p class=\"wp-block-paragraph\"><strong>Przeczytaj te\u017c:<\/strong><\/p>\n\n\n\n<ul class=\"wp-block-list\">\n<li><a href=\"https:\/\/8a.pl\/8academy\/jaka-bielizna-termoaktywna-na-narty\/\"><strong>Jaka bielizna termoaktywna na narty?<\/strong><\/a><\/li>\n<\/ul>\n\n\n\n<hr class=\"wp-block-separator has-text-color has-cyan-bluish-gray-color has-alpha-channel-opacity has-cyan-bluish-gray-background-color has-background\"\/>\n\n\n\n<p class=\"wp-block-paragraph\"><\/p>\n\n\n<div class=\"wp-block-image\">\n<figure class=\"aligncenter size-full\"><img decoding=\"async\" width=\"600\" height=\"816\" src=\"https:\/\/8a.pl\/8academy\/wp-content\/uploads\/2025\/12\/MEN-FW24SS25-CAMPAIGN-Men-Merino-200-Oasis-LS-Crewe-104365013_1.webp\" alt=\"M\u0119\u017cczyzna w bieli\u017anie teromaktywnej, zak\u0142\u0105daj\u0105cy bluz\u0119 w g\u00f3rskiej scenerii.\" class=\"wp-image-83226\" srcset=\"https:\/\/8a.pl\/8academy\/wp-content\/uploads\/2025\/12\/MEN-FW24SS25-CAMPAIGN-Men-Merino-200-Oasis-LS-Crewe-104365013_1.webp 600w, https:\/\/8a.pl\/8academy\/wp-content\/uploads\/2025\/12\/MEN-FW24SS25-CAMPAIGN-Men-Merino-200-Oasis-LS-Crewe-104365013_1-221x300.webp 221w\" sizes=\"(max-width: 600px) 100vw, 600px\" \/><figcaption class=\"wp-element-caption\">Jak si\u0119 ubra\u0107 na narty od podstaw? Zacznij od wyboru bielizny termoaktywnej. (fot. Icebreaker)<\/figcaption><\/figure>\n<\/div>\n\n\n<h2 class=\"wp-block-heading\" id=\"h-jak-sie-ubrac-na-narty-druga-warstwa-bluza-lub-kurtka-z-ocieplina\">Jak si\u0119 ubra\u0107 na narty? Druga warstwa &#8211; bluza lub kurtka z ocieplin\u0105 <\/h2>\n\n\n\n<p class=\"wp-block-paragraph\">Gdy mamy ju\u017c na sobie bielizn\u0119 termoaktywn\u0105 trzeba pomy\u015ble\u0107, co za\u0142o\u017cy\u0107 na ni\u0105. Druga warstwa to ta, kt\u00f3ra ma nam zapewni\u0107 w\u0142a\u015bciw\u0105 izolacj\u0119. Rozwi\u0105zania s\u0105 r\u00f3\u017cne, ka\u017cdy mo\u017ce znale\u017a\u0107 to co pasuje mu najlepiej. Mo\u017ce to by\u0107 bluza, softshell czy kurtka z ocieplin\u0105 syntetyczn\u0105 (np. Primaloft). Osoby wra\u017cliwe na zimno lub wybieraj\u0105ce si\u0119 w zimne rejony mog\u0105 nawet zastosowa\u0107 zdwojon\u0105 drug\u0105 warstw\u0119: cienk\u0105 bluz\u0119 a na to kurtk\u0119 z ocieplin\u0105.<\/p>\n\n\n\n<p class=\"wp-block-paragraph\">Nie warto natomiast ubiera\u0107 na narty kurtek z puchem naturalnym. To dlatego, \u017ce nie nadaj\u0105 si\u0119 one do intensywnego wysi\u0142ku. Znacznie gorzej odprowadzaj\u0105 wilgo\u0107 co sprawi, \u017ce szybko si\u0119 przepocimy. Co wi\u0119cej, w przeciwie\u0144stwie do ocieplin syntetycznych, mokry (od potu lub \u015bniegu) puch traci swoje w\u0142a\u015bciwo\u015bci termiczne. Drug\u0105 warstw\u0119 stosuje si\u0119 w zasadzie wy\u0142\u0105cznie na g\u00f3rnej cz\u0119\u015bci cia\u0142a. Nogi, mniej wra\u017cliwe na ch\u0142\u00f3d, chroni\u0107 b\u0119dzie bielizna termiczna oraz trzecia warstwa, o kt\u00f3rej ni\u017cej.<\/p>\n\n\n\n<p class=\"wp-block-paragraph\"><\/p>\n\n\n<div class=\"wp-block-image\">\n<figure class=\"aligncenter size-full\"><img loading=\"lazy\" decoding=\"async\" width=\"600\" height=\"900\" src=\"https:\/\/8a.pl\/8academy\/wp-content\/uploads\/2020\/01\/AdobeStock_319207193.jpeg\" alt=\"jak si\u0119 ubra\u0107 na narty zjazdowe\" class=\"wp-image-66237\" srcset=\"https:\/\/8a.pl\/8academy\/wp-content\/uploads\/2020\/01\/AdobeStock_319207193.jpeg 600w, https:\/\/8a.pl\/8academy\/wp-content\/uploads\/2020\/01\/AdobeStock_319207193-200x300.jpeg 200w\" sizes=\"(max-width: 600px) 100vw, 600px\" \/><figcaption class=\"wp-element-caption\">Jak si\u0119 ubra\u0107 na narty zjazdowe? Trzy warstwy to \u015bwietne rozwi\u0105zanie (fot. Adobe Stock)<\/figcaption><\/figure>\n<\/div>\n\n\n<h2 class=\"wp-block-heading\" id=\"h-jak-sie-ubrac-na-narty-trzecia-warstwa-kurtka-i-spodnie-narciarskie\">Jak si\u0119 ubra\u0107 na narty? Trzecia warstwa &#8211; kurtka i spodnie narciarskie<\/h2>\n\n\n\n<p class=\"wp-block-paragraph\">Niezale\u017cnie czy wybierzemy bluz\u0119, softshell czy kurtk\u0119 z Primaloftem, nie zapewni\u0105 nam one ochrony przed wod\u0105 i wiatrem. Do tego s\u0142u\u017cy trzecia warstwa czyli tak zwany hardshell. To odzie\u017c z membran\u0105 wodoodporn\u0105 i wiatroszczeln\u0105.  I tutaj pojawia si\u0119 pytanie: jaka kurtka na narty? Na rynku mamy wiele rodzaj\u00f3w membran o r\u00f3\u017cnych parametrach. Niekt\u00f3re marki stosuj\u0105 membrany Gore-Tex, inne za\u015b opracowa\u0142y swoje w\u0142asne technologie. <\/p>\n\n\n\n<p class=\"wp-block-paragraph\"><\/p>\n\n\n    <section class=\"ep8a-section\">\n      <div class=\"ep8a-header\">\n        <div class=\"ep8a-titlebar\">\n          <p class=\"ep8a-h\">Kurtki narciarskie<\/p>          <span class=\"ep8a-titleline\"><\/span>\n        <\/div>\n      <\/div>\n\n      <div class=\"ep8a-wrap\" id=\"ep8a_6bf4c720-8481-4e9d-80eb-ce4c79d46226\">\n        <div class=\"ep8a-carousel swiper\" id=\"ep8a_6bf4c720-8481-4e9d-80eb-ce4c79d46226_swiper\">\n          <div class=\"swiper-wrapper\">\n                          <div class=\"swiper-slide\">\n                <article class=\"ep8a-tile\">\n                  <a class=\"ep8a-link\" href=\"https:\/\/8a.pl\/kurtka-damska-ortovox-downwool-270-jacket-lush-lavender\" target=\"_self\" rel=\"nofollow noopener noreferrer\" aria-label=\"Ortovox Downwool 270 Jacket\">\n                    <div class=\"ep8a-card\">\n                      <div class=\"ep8a-imgwrap\">\n                                                <img class=\"ep8a-img skip-lazy no-lazy\" decoding=\"async\" loading=\"eager\" data-no-lazy=\"1\" src=\"https:\/\/8a.pl\/media\/catalog\/product\/k\/u\/kurtka-damska-ortovox-downwool-270-jacket-lush-lavender-1788505332.webp@jpg\" alt=\"Ortovox Downwool 270 Jacket\" width=\"500\" height=\"600\">                      <\/div>\n                    <\/div>\n                  <\/a>\n                  <div class=\"ep8a-caption\">\n                    <a class=\"ep8a-link\" href=\"https:\/\/8a.pl\/kurtka-damska-ortovox-downwool-270-jacket-lush-lavender\" target=\"_self\" rel=\"nofollow noopener noreferrer\">\n                      <h3 class=\"ep8a-title\" title=\"Ortovox Downwool 270 Jacket\">Ortovox Downwool 270 Jacket<\/h3>\n                    <\/a>\n                    <div class=\"ep8a-price\">2499.99 z\u0142<\/div>                  <\/div>\n                <\/article>\n              <\/div>\n                          <div class=\"swiper-slide\">\n                <article class=\"ep8a-tile\">\n                  <a class=\"ep8a-link\" href=\"https:\/\/8a.pl\/kurtka-puchowa-damska-ortovox-downwool-270-jacket-dark-chestnut\" target=\"_self\" rel=\"nofollow noopener noreferrer\" aria-label=\"Ortovox Downwool 270 Jacket\">\n                    <div class=\"ep8a-card\">\n                      <div class=\"ep8a-imgwrap\">\n                                                <img class=\"ep8a-img skip-lazy no-lazy\" decoding=\"async\" loading=\"eager\" data-no-lazy=\"1\" src=\"https:\/\/8a.pl\/media\/catalog\/product\/k\/u\/kurtka-puchowa-damska-ortovox-downwool-270-jacket-dark-chestnut-1788505285.webp@jpg\" alt=\"Ortovox Downwool 270 Jacket\" width=\"500\" height=\"600\">                      <\/div>\n                    <\/div>\n                  <\/a>\n                  <div class=\"ep8a-caption\">\n                    <a class=\"ep8a-link\" href=\"https:\/\/8a.pl\/kurtka-puchowa-damska-ortovox-downwool-270-jacket-dark-chestnut\" target=\"_self\" rel=\"nofollow noopener noreferrer\">\n                      <h3 class=\"ep8a-title\" title=\"Ortovox Downwool 270 Jacket\">Ortovox Downwool 270 Jacket<\/h3>\n                    <\/a>\n                    <div class=\"ep8a-price\">2499.99 z\u0142<\/div>                  <\/div>\n                <\/article>\n              <\/div>\n                          <div class=\"swiper-slide\">\n                <article class=\"ep8a-tile\">\n                  <a class=\"ep8a-link\" href=\"https:\/\/8a.pl\/kurtka-puchowa-ortovox-downwool-270-jacket-wild-cumin\" target=\"_self\" rel=\"nofollow noopener noreferrer\" aria-label=\"Ortovox Downwool 270 Jacket\">\n                    <div class=\"ep8a-card\">\n                      <div class=\"ep8a-imgwrap\">\n                                                <img class=\"ep8a-img skip-lazy no-lazy\" decoding=\"async\" loading=\"eager\" data-no-lazy=\"1\" src=\"https:\/\/8a.pl\/media\/catalog\/product\/k\/u\/kurtka-puchowa-ortovox-downwool-270-jacket-wild-cumin-1788505280.webp@jpg\" alt=\"Ortovox Downwool 270 Jacket\" width=\"500\" height=\"600\">                      <\/div>\n                    <\/div>\n                  <\/a>\n                  <div class=\"ep8a-caption\">\n                    <a class=\"ep8a-link\" href=\"https:\/\/8a.pl\/kurtka-puchowa-ortovox-downwool-270-jacket-wild-cumin\" target=\"_self\" rel=\"nofollow noopener noreferrer\">\n                      <h3 class=\"ep8a-title\" title=\"Ortovox Downwool 270 Jacket\">Ortovox Downwool 270 Jacket<\/h3>\n                    <\/a>\n                    <div class=\"ep8a-price\">2499.99 z\u0142<\/div>                  <\/div>\n                <\/article>\n              <\/div>\n                          <div class=\"swiper-slide\">\n                <article class=\"ep8a-tile\">\n                  <a class=\"ep8a-link\" href=\"https:\/\/8a.pl\/kurtka-puchowa-ortovox-downwool-270-jacket-blue-note\" target=\"_self\" rel=\"nofollow noopener noreferrer\" aria-label=\"Ortovox Downwool 270 Jacket\">\n                    <div class=\"ep8a-card\">\n                      <div class=\"ep8a-imgwrap\">\n                                                <img class=\"ep8a-img skip-lazy no-lazy\" decoding=\"async\" loading=\"eager\" data-no-lazy=\"1\" src=\"https:\/\/8a.pl\/media\/catalog\/product\/k\/u\/kurtka-puchowa-ortovox-downwool-270-jacket-blue-note-1788530536.webp@jpg\" alt=\"Ortovox Downwool 270 Jacket\" width=\"500\" height=\"600\">                      <\/div>\n                    <\/div>\n                  <\/a>\n                  <div class=\"ep8a-caption\">\n                    <a class=\"ep8a-link\" href=\"https:\/\/8a.pl\/kurtka-puchowa-ortovox-downwool-270-jacket-blue-note\" target=\"_self\" rel=\"nofollow noopener noreferrer\">\n                      <h3 class=\"ep8a-title\" title=\"Ortovox Downwool 270 Jacket\">Ortovox Downwool 270 Jacket<\/h3>\n                    <\/a>\n                    <div class=\"ep8a-price\">2499.99 z\u0142<\/div>                  <\/div>\n                <\/article>\n              <\/div>\n                          <div class=\"swiper-slide\">\n                <article class=\"ep8a-tile\">\n                  <a class=\"ep8a-link\" href=\"https:\/\/8a.pl\/kurtka-narciarska-damska-ortovox-swisswool-zinal-jacket-chestnut\" target=\"_self\" rel=\"nofollow noopener noreferrer\" aria-label=\"Ortovox Swisswool Zinal Jacket\">\n                    <div class=\"ep8a-card\">\n                      <div class=\"ep8a-imgwrap\">\n                                                <img class=\"ep8a-img skip-lazy no-lazy\" decoding=\"async\" loading=\"eager\" data-no-lazy=\"1\" src=\"https:\/\/8a.pl\/media\/catalog\/product\/k\/u\/kurtka-narciarska-damska-ortovox-swisswool-zinal-jacket-chestnut-1788441739.webp@jpg\" alt=\"Ortovox Swisswool Zinal Jacket\" width=\"500\" height=\"600\">                      <\/div>\n                    <\/div>\n                  <\/a>\n                  <div class=\"ep8a-caption\">\n                    <a class=\"ep8a-link\" href=\"https:\/\/8a.pl\/kurtka-narciarska-damska-ortovox-swisswool-zinal-jacket-chestnut\" target=\"_self\" rel=\"nofollow noopener noreferrer\">\n                      <h3 class=\"ep8a-title\" title=\"Ortovox Swisswool Zinal Jacket\">Ortovox Swisswool Zinal Jacket<\/h3>\n                    <\/a>\n                    <div class=\"ep8a-price\">1999.99 z\u0142<\/div>                  <\/div>\n                <\/article>\n              <\/div>\n                          <div class=\"swiper-slide\">\n                <article class=\"ep8a-tile\">\n                  <a class=\"ep8a-link\" href=\"https:\/\/8a.pl\/kurtka-narciarska-ortovox-swisswool-zinal-jacket-wild-cumin\" target=\"_self\" rel=\"nofollow noopener noreferrer\" aria-label=\"Ortovox Swisswool Zinal Jacket\">\n                    <div class=\"ep8a-card\">\n                      <div class=\"ep8a-imgwrap\">\n                                                <img class=\"ep8a-img skip-lazy no-lazy\" decoding=\"async\" loading=\"eager\" data-no-lazy=\"1\" src=\"https:\/\/8a.pl\/media\/catalog\/product\/k\/u\/kurtka-narciarska-ortovox-swisswool-zinal-jacket-wild-cumin-1788441794.webp@jpg\" alt=\"Ortovox Swisswool Zinal Jacket\" width=\"500\" height=\"600\">                      <\/div>\n                    <\/div>\n                  <\/a>\n                  <div class=\"ep8a-caption\">\n                    <a class=\"ep8a-link\" href=\"https:\/\/8a.pl\/kurtka-narciarska-ortovox-swisswool-zinal-jacket-wild-cumin\" target=\"_self\" rel=\"nofollow noopener noreferrer\">\n                      <h3 class=\"ep8a-title\" title=\"Ortovox Swisswool Zinal Jacket\">Ortovox Swisswool Zinal Jacket<\/h3>\n                    <\/a>\n                    <div class=\"ep8a-price\">1999.99 z\u0142<\/div>                  <\/div>\n                <\/article>\n              <\/div>\n                          <div class=\"swiper-slide\">\n                <article class=\"ep8a-tile\">\n                  <a class=\"ep8a-link\" href=\"https:\/\/8a.pl\/kurtka-columbia-platinum-peak-ii-3l-shell-super-sonic\" target=\"_self\" rel=\"nofollow noopener noreferrer\" aria-label=\"Columbia Platinum Peak II 3L Shell\">\n                    <div class=\"ep8a-card\">\n                      <div class=\"ep8a-imgwrap\">\n                                                <img class=\"ep8a-img skip-lazy no-lazy\" decoding=\"async\" loading=\"eager\" data-no-lazy=\"1\" src=\"https:\/\/8a.pl\/media\/catalog\/product\/k\/u\/kurtka-columbia-platinum-peak-ii-3l-shell-super-sonic-1786544553.webp@jpg\" alt=\"Columbia Platinum Peak II 3L Shell\" width=\"500\" height=\"600\">                      <\/div>\n                    <\/div>\n                  <\/a>\n                  <div class=\"ep8a-caption\">\n                    <a class=\"ep8a-link\" href=\"https:\/\/8a.pl\/kurtka-columbia-platinum-peak-ii-3l-shell-super-sonic\" target=\"_self\" rel=\"nofollow noopener noreferrer\">\n                      <h3 class=\"ep8a-title\" title=\"Columbia Platinum Peak II 3L Shell\">Columbia Platinum Peak II 3L Shell<\/h3>\n                    <\/a>\n                    <div class=\"ep8a-price\">1749.99 z\u0142<\/div>                  <\/div>\n                <\/article>\n              <\/div>\n                          <div class=\"swiper-slide\">\n                <article class=\"ep8a-tile\">\n                  <a class=\"ep8a-link\" href=\"https:\/\/8a.pl\/kurtka-narciarska-damska-columbia-platinum-peak-ii-3l-shell-black\" target=\"_self\" rel=\"nofollow noopener noreferrer\" aria-label=\"Columbia Platinum Peak II 3L Shell\">\n                    <div class=\"ep8a-card\">\n                      <div class=\"ep8a-imgwrap\">\n                                                <img class=\"ep8a-img skip-lazy no-lazy\" decoding=\"async\" loading=\"eager\" data-no-lazy=\"1\" src=\"https:\/\/8a.pl\/media\/catalog\/product\/k\/u\/kurtka-narciarska-damska-columbia-platinum-peak-ii-3l-shell-black-1788339794.webp@jpg\" alt=\"Columbia Platinum Peak II 3L Shell\" width=\"500\" height=\"600\">                      <\/div>\n                    <\/div>\n                  <\/a>\n                  <div class=\"ep8a-caption\">\n                    <a class=\"ep8a-link\" href=\"https:\/\/8a.pl\/kurtka-narciarska-damska-columbia-platinum-peak-ii-3l-shell-black\" target=\"_self\" rel=\"nofollow noopener noreferrer\">\n                      <h3 class=\"ep8a-title\" title=\"Columbia Platinum Peak II 3L Shell\">Columbia Platinum Peak II 3L Shell<\/h3>\n                    <\/a>\n                    <div class=\"ep8a-price\">1749.99 z\u0142<\/div>                  <\/div>\n                <\/article>\n              <\/div>\n                          <div class=\"swiper-slide\">\n                <article class=\"ep8a-tile\">\n                  <a class=\"ep8a-link\" href=\"https:\/\/8a.pl\/kurtka-narciarska-columbia-platinum-peak-ii-3l-shell-black\" target=\"_self\" rel=\"nofollow noopener noreferrer\" aria-label=\"Columbia Platinum Peak II 3L Shell\">\n                    <div class=\"ep8a-card\">\n                      <div class=\"ep8a-imgwrap\">\n                                                <img class=\"ep8a-img skip-lazy no-lazy\" decoding=\"async\" loading=\"eager\" data-no-lazy=\"1\" src=\"https:\/\/8a.pl\/media\/catalog\/product\/k\/u\/kurtka-narciarska-columbia-platinum-peak-ii-3l-shell-black-1786360589.webp@jpg\" alt=\"Columbia Platinum Peak II 3L Shell\" width=\"500\" height=\"600\">                      <\/div>\n                    <\/div>\n                  <\/a>\n                  <div class=\"ep8a-caption\">\n                    <a class=\"ep8a-link\" href=\"https:\/\/8a.pl\/kurtka-narciarska-columbia-platinum-peak-ii-3l-shell-black\" target=\"_self\" rel=\"nofollow noopener noreferrer\">\n                      <h3 class=\"ep8a-title\" title=\"Columbia Platinum Peak II 3L Shell\">Columbia Platinum Peak II 3L Shell<\/h3>\n                    <\/a>\n                    <div class=\"ep8a-price\">1749.99 z\u0142<\/div>                  <\/div>\n                <\/article>\n              <\/div>\n                          <div class=\"swiper-slide\">\n                <article class=\"ep8a-tile\">\n                  <a class=\"ep8a-link\" href=\"https:\/\/8a.pl\/kurtka-narciarska-damska-columbia-bird-mountain-iii-insulated-jacket-antique-mauve\" target=\"_self\" rel=\"nofollow noopener noreferrer\" aria-label=\"Columbia Bird Mountain III Insulated Jacket\">\n                    <div class=\"ep8a-card\">\n                      <div class=\"ep8a-imgwrap\">\n                                                <img class=\"ep8a-img skip-lazy no-lazy\" decoding=\"async\" loading=\"eager\" data-no-lazy=\"1\" src=\"https:\/\/8a.pl\/media\/catalog\/product\/k\/u\/kurtka-narciarska-damska-columbia-bird-mountain-iii-insulated-jacket-antique-mauve-1788530666.webp@jpg\" alt=\"Columbia Bird Mountain III Insulated Jacket\" width=\"500\" height=\"600\">                      <\/div>\n                    <\/div>\n                  <\/a>\n                  <div class=\"ep8a-caption\">\n                    <a class=\"ep8a-link\" href=\"https:\/\/8a.pl\/kurtka-narciarska-damska-columbia-bird-mountain-iii-insulated-jacket-antique-mauve\" target=\"_self\" rel=\"nofollow noopener noreferrer\">\n                      <h3 class=\"ep8a-title\" title=\"Columbia Bird Mountain III Insulated Jacket\">Columbia Bird Mountain III Insulated Jacket<\/h3>\n                    <\/a>\n                    <div class=\"ep8a-price\">1099.99 z\u0142<\/div>                  <\/div>\n                <\/article>\n              <\/div>\n                      <\/div>\n        <\/div>\n\n        <!-- Strza\u0142ki poza .swiper -->\n        <button class=\"ep8a-arrow ep8a-prev\" id=\"ep8a_6bf4c720-8481-4e9d-80eb-ce4c79d46226_prev\" aria-label=\"Poprzedni\"><\/button>\n        <button class=\"ep8a-arrow ep8a-next\" id=\"ep8a_6bf4c720-8481-4e9d-80eb-ce4c79d46226_next\" aria-label=\"Nast\u0119pny\"><\/button>\n      <\/div>\n\n      <!-- Stopka: linia + CTA po prawej -->\n      <div class=\"ep8a-bottom\">\n        <span class=\"ep8a-bottomline\"><\/span>\n                  <a class=\"ep8a-cta\" href=\"https:\/\/8a.pl\/kurtki-narciarskie\" target=\"_self\" rel=\"nofollow noopener noreferrer\">\n            KUP KURTK\u0118 NARCIARSK\u0104          <\/a>\n              <\/div>\n    <\/section>\n\n\t<script>\n\tdocument.addEventListener(\"DOMContentLoaded\", function(){\n\t  if (typeof Swiper === \"undefined\") return;\n\n\t  const sel    = \"#ep8a_6bf4c720-8481-4e9d-80eb-ce4c79d46226_swiper\";\n\t  const prevEl = \"#ep8a_6bf4c720-8481-4e9d-80eb-ce4c79d46226_prev\";\n\t  const nextEl = \"#ep8a_6bf4c720-8481-4e9d-80eb-ce4c79d46226_next\";\n\n\t  \/\/ 1) Zainicjuj Swiper od razu \u2013 nie czekaj na wszystkie obrazy\n\t  let sw = new Swiper(sel, {\n\t\tloop: true,\n\t\tspaceBetween: 24,\n\t\tslidesPerView: 1,\n\t\troundLengths: true,\n\t\tobserver: true,\n\t\tobserveParents: true,\n\t\tresizeObserver: true,\n\t\tpreloadImages: true,\n\t\tupdateOnWindowResize: true,\n\t\tlazy: { loadOnTransitionStart: true, loadPrevNext: true, loadPrevNextAmount: 2 },\n\t\twatchSlidesProgress: true,\n\t\twatchSlidesVisibility: true,\n\t\tnavigation: { nextEl, prevEl },\n\t\tbreakpoints: {\n\t\t  320:  { slidesPerView: 2 },\n\t\t  720:  { slidesPerView: 3 },\n\t\t  1200: { slidesPerView: 4 }\n\t\t},\n\t\ton: {\n\t\t  imagesReady() { try { sw.update(); } catch(e){} },\n\t\t  afterInit()   { try { sw.update(); } catch(e){} }\n\t\t}\n\t  });\n\n\t  \/\/ 2) Delikatny \u201enudge\u201d dla przegl\u0105darki: je\u015bli obraz jest w DOM i ma src, popro\u015b o decode\n\t  const imgs = document.querySelectorAll(sel + \" .ep8a-img\");\n\t  imgs.forEach((img) => {\n\t\tif (img.complete) {\n\t\t  if (img.decode) { img.decode().catch(()=>{}).finally(()=> sw && sw.update()); }\n\t\t} else {\n\t\t  img.addEventListener(\"load\",  () => { if (img.decode) { img.decode().catch(()=>{}).finally(()=> sw && sw.update()); } else { sw && sw.update(); } }, { once:true });\n\t\t  img.addEventListener(\"error\", () => { sw && sw.update(); }, { once:true });\n\t\t}\n\t  });\n\n\t  \/\/ 3) Gdy okno w pe\u0142ni si\u0119 za\u0142aduje, przelicz jeszcze raz\n\t  window.addEventListener(\"load\", () => { sw && sw.update(); });\n\t});\n\t<\/script>\n\n    \n\n\n\n<p class=\"wp-block-paragraph\">W przypadku kurtki narciarskiej, opr\u00f3cz membrany, warto zwr\u00f3ci\u0107 uwag\u0119 na detale, kt\u00f3re mog\u0105 przyda\u0107 si\u0119 na stoku. to na przyk\u0142ad: kieszonka na karnet, regulowane mankiety, fartuch przeciw\u015bnie\u017cny, wysoka garda, kt\u00f3ra ochroni nas przed wiatrem, \u015bci\u0105gacze, kt\u00f3re mo\u017cna obs\u0142ugiwa\u0107 w r\u0119kawiczkach. Istotny b\u0119dzie r\u00f3wnie\u017c kr\u00f3j z nieco przed\u0142u\u017con\u0105 tyln\u0105 cz\u0119\u015bci\u0105, kt\u00f3ra ochroni nasze plecy i po\u015bladki. Modele przeznaczone do narciarstwa zjazdowego mog\u0105 wyr\u00f3\u017cnia\u0107 si\u0119 tak\u017ce obecno\u015bci\u0105 dodatkowej izolacji, kt\u00f3ra dodatkowo zadba o komfort termiczny.<\/p>\n\n\n\n<p class=\"wp-block-paragraph\">Spodnie narciarskie mo\u017cna podzieli\u0107 na dwie zasadnicze grupy: niskie oraz wysokie, z fartuchem (BIB). Wysokie z pewno\u015bci\u0105 zapewni\u0105 lepsz\u0105 ochron\u0119 przed \u015bniegiem, wod\u0105, r\u00f3wnie\u017c przed ch\u0142odem. Poniewa\u017c na nogach nie mamy typowej drugiej warstwy, niekt\u00f3re modele spodni narciarskich posiadaj\u0105 warstw\u0119 ociepliny syntetycznej. Inne za\u015b to czysta membrana. Niezale\u017cnie od tego jak rodzaj i kr\u00f3j wybierzemy, podobnie jak w przypadku kurtki, wa\u017cne b\u0119d\u0105 detale: pas pozwalaj\u0105cy dobrze dopasowa\u0107 spodnie do sylwetki, wywietrzniki na udach, rozpinane nogawki w dolnej cz\u0119\u015bci, getry przeciw\u015bnie\u017cne, wygodne i wodoszczelne kieszenie. <\/p>\n\n\n\n<p class=\"wp-block-paragraph\"><\/p>\n\n\n    <section class=\"ep8a-section\">\n      <div class=\"ep8a-header\">\n        <div class=\"ep8a-titlebar\">\n          <p class=\"ep8a-h\">Spodnie narciarskie<\/p>          <span class=\"ep8a-titleline\"><\/span>\n        <\/div>\n      <\/div>\n\n      <div class=\"ep8a-wrap\" id=\"ep8a_8808b35a-0274-4b19-9b5d-111ef8a94119\">\n        <div class=\"ep8a-carousel swiper\" id=\"ep8a_8808b35a-0274-4b19-9b5d-111ef8a94119_swiper\">\n          <div class=\"swiper-wrapper\">\n                          <div class=\"swiper-slide\">\n                <article class=\"ep8a-tile\">\n                  <a class=\"ep8a-link\" href=\"https:\/\/8a.pl\/spodnie-narciarskie-ortovox-ravine-plus-3l-bib-pants-black-raven\" target=\"_self\" rel=\"nofollow noopener noreferrer\" aria-label=\"Ortovox Ravine Plus 3L Bib Pants\">\n                    <div class=\"ep8a-card\">\n                      <div class=\"ep8a-imgwrap\">\n                                                <img class=\"ep8a-img skip-lazy no-lazy\" decoding=\"async\" loading=\"eager\" data-no-lazy=\"1\" src=\"https:\/\/8a.pl\/media\/catalog\/product\/s\/p\/spodnie-narciarskie-ortovox-ravine-plus-3l-bib-pants-black-raven-1788531149.webp@jpg\" alt=\"Ortovox Ravine Plus 3L Bib Pants\" width=\"500\" height=\"600\">                      <\/div>\n                    <\/div>\n                  <\/a>\n                  <div class=\"ep8a-caption\">\n                    <a class=\"ep8a-link\" href=\"https:\/\/8a.pl\/spodnie-narciarskie-ortovox-ravine-plus-3l-bib-pants-black-raven\" target=\"_self\" rel=\"nofollow noopener noreferrer\">\n                      <h3 class=\"ep8a-title\" title=\"Ortovox Ravine Plus 3L Bib Pants\">Ortovox Ravine Plus 3L Bib Pants<\/h3>\n                    <\/a>\n                    <div class=\"ep8a-price\">2499.99 z\u0142<\/div>                  <\/div>\n                <\/article>\n              <\/div>\n                          <div class=\"swiper-slide\">\n                <article class=\"ep8a-tile\">\n                  <a class=\"ep8a-link\" href=\"https:\/\/8a.pl\/spodnie-narciarskie-columbia-platinum-peak-ii-3l-pant-super-sonic-black\" target=\"_self\" rel=\"nofollow noopener noreferrer\" aria-label=\"Columbia Platinum Peak II 3L Pant\">\n                    <div class=\"ep8a-card\">\n                      <div class=\"ep8a-imgwrap\">\n                                                <img class=\"ep8a-img skip-lazy no-lazy\" decoding=\"async\" loading=\"eager\" data-no-lazy=\"1\" src=\"https:\/\/8a.pl\/media\/catalog\/product\/s\/p\/spodnie-narciarskie-columbia-platinum-peak-ii-3l-pant-super-sonic-black-1786544471.webp@jpg\" alt=\"Columbia Platinum Peak II 3L Pant\" width=\"500\" height=\"600\">                      <\/div>\n                    <\/div>\n                  <\/a>\n                  <div class=\"ep8a-caption\">\n                    <a class=\"ep8a-link\" href=\"https:\/\/8a.pl\/spodnie-narciarskie-columbia-platinum-peak-ii-3l-pant-super-sonic-black\" target=\"_self\" rel=\"nofollow noopener noreferrer\">\n                      <h3 class=\"ep8a-title\" title=\"Columbia Platinum Peak II 3L Pant\">Columbia Platinum Peak II 3L Pant<\/h3>\n                    <\/a>\n                    <div class=\"ep8a-price\">1299.99 z\u0142<\/div>                  <\/div>\n                <\/article>\n              <\/div>\n                          <div class=\"swiper-slide\">\n                <article class=\"ep8a-tile\">\n                  <a class=\"ep8a-link\" href=\"https:\/\/8a.pl\/spodnie-narciarskie-columbia-platinum-peak-ii-3l-pant-flint-grey-black\" target=\"_self\" rel=\"nofollow noopener noreferrer\" aria-label=\"Columbia Platinum Peak II 3L Pant\">\n                    <div class=\"ep8a-card\">\n                      <div class=\"ep8a-imgwrap\">\n                                                <img class=\"ep8a-img skip-lazy no-lazy\" decoding=\"async\" loading=\"eager\" data-no-lazy=\"1\" src=\"https:\/\/8a.pl\/media\/catalog\/product\/s\/p\/spodnie-narciarskie-columbia-platinum-peak-ii-3l-pant-flint-grey-black-1786544412.webp@jpg\" alt=\"Columbia Platinum Peak II 3L Pant\" width=\"500\" height=\"600\">                      <\/div>\n                    <\/div>\n                  <\/a>\n                  <div class=\"ep8a-caption\">\n                    <a class=\"ep8a-link\" href=\"https:\/\/8a.pl\/spodnie-narciarskie-columbia-platinum-peak-ii-3l-pant-flint-grey-black\" target=\"_self\" rel=\"nofollow noopener noreferrer\">\n                      <h3 class=\"ep8a-title\" title=\"Columbia Platinum Peak II 3L Pant\">Columbia Platinum Peak II 3L Pant<\/h3>\n                    <\/a>\n                    <div class=\"ep8a-price\">1299.99 z\u0142<\/div>                  <\/div>\n                <\/article>\n              <\/div>\n                          <div class=\"swiper-slide\">\n                <article class=\"ep8a-tile\">\n                  <a class=\"ep8a-link\" href=\"https:\/\/8a.pl\/spodnie-narciarskie-damskie-columbia-platinum-peak-ii-3l-pant-tea-light-black\" target=\"_self\" rel=\"nofollow noopener noreferrer\" aria-label=\"Columbia Platinum Peak II 3L Pant\">\n                    <div class=\"ep8a-card\">\n                      <div class=\"ep8a-imgwrap\">\n                                                <img class=\"ep8a-img skip-lazy no-lazy\" decoding=\"async\" loading=\"eager\" data-no-lazy=\"1\" src=\"https:\/\/8a.pl\/media\/catalog\/product\/s\/p\/spodnie-narciarskie-damskie-columbia-platinum-peak-ii-3l-pant-tea-light-black-1787843427.webp@jpg\" alt=\"Columbia Platinum Peak II 3L Pant\" width=\"500\" height=\"600\">                      <\/div>\n                    <\/div>\n                  <\/a>\n                  <div class=\"ep8a-caption\">\n                    <a class=\"ep8a-link\" href=\"https:\/\/8a.pl\/spodnie-narciarskie-damskie-columbia-platinum-peak-ii-3l-pant-tea-light-black\" target=\"_self\" rel=\"nofollow noopener noreferrer\">\n                      <h3 class=\"ep8a-title\" title=\"Columbia Platinum Peak II 3L Pant\">Columbia Platinum Peak II 3L Pant<\/h3>\n                    <\/a>\n                    <div class=\"ep8a-price\">1299.99 z\u0142<\/div>                  <\/div>\n                <\/article>\n              <\/div>\n                          <div class=\"swiper-slide\">\n                <article class=\"ep8a-tile\">\n                  <a class=\"ep8a-link\" href=\"https:\/\/8a.pl\/spodnie-narciarskie-damskie-columbia-platinum-peak-ii-3l-pant-black\" target=\"_self\" rel=\"nofollow noopener noreferrer\" aria-label=\"Columbia Platinum Peak II 3L Pant\">\n                    <div class=\"ep8a-card\">\n                      <div class=\"ep8a-imgwrap\">\n                                                <img class=\"ep8a-img skip-lazy no-lazy\" decoding=\"async\" loading=\"eager\" data-no-lazy=\"1\" src=\"https:\/\/8a.pl\/media\/catalog\/product\/s\/p\/spodnie-narciarskie-damskie-columbia-platinum-peak-ii-3l-pant-black-1786360586.webp@jpg\" alt=\"Columbia Platinum Peak II 3L Pant\" width=\"500\" height=\"600\">                      <\/div>\n                    <\/div>\n                  <\/a>\n                  <div class=\"ep8a-caption\">\n                    <a class=\"ep8a-link\" href=\"https:\/\/8a.pl\/spodnie-narciarskie-damskie-columbia-platinum-peak-ii-3l-pant-black\" target=\"_self\" rel=\"nofollow noopener noreferrer\">\n                      <h3 class=\"ep8a-title\" title=\"Columbia Platinum Peak II 3L Pant\">Columbia Platinum Peak II 3L Pant<\/h3>\n                    <\/a>\n                    <div class=\"ep8a-price\">1299.99 z\u0142<\/div>                  <\/div>\n                <\/article>\n              <\/div>\n                          <div class=\"swiper-slide\">\n                <article class=\"ep8a-tile\">\n                  <a class=\"ep8a-link\" href=\"https:\/\/8a.pl\/spodnie-narciarskie-columbia-platinum-peak-ii-3l-pant-black\" target=\"_self\" rel=\"nofollow noopener noreferrer\" aria-label=\"Columbia Platinum Peak II 3L Pant\">\n                    <div class=\"ep8a-card\">\n                      <div class=\"ep8a-imgwrap\">\n                                                <img class=\"ep8a-img skip-lazy no-lazy\" decoding=\"async\" loading=\"eager\" data-no-lazy=\"1\" src=\"https:\/\/8a.pl\/media\/catalog\/product\/s\/p\/spodnie-narciarskie-columbia-platinum-peak-ii-3l-pant-black-1786360647.webp@jpg\" alt=\"Columbia Platinum Peak II 3L Pant\" width=\"500\" height=\"600\">                      <\/div>\n                    <\/div>\n                  <\/a>\n                  <div class=\"ep8a-caption\">\n                    <a class=\"ep8a-link\" href=\"https:\/\/8a.pl\/spodnie-narciarskie-columbia-platinum-peak-ii-3l-pant-black\" target=\"_self\" rel=\"nofollow noopener noreferrer\">\n                      <h3 class=\"ep8a-title\" title=\"Columbia Platinum Peak II 3L Pant\">Columbia Platinum Peak II 3L Pant<\/h3>\n                    <\/a>\n                    <div class=\"ep8a-price\">1299.99 z\u0142<\/div>                  <\/div>\n                <\/article>\n              <\/div>\n                          <div class=\"swiper-slide\">\n                <article class=\"ep8a-tile\">\n                  <a class=\"ep8a-link\" href=\"https:\/\/8a.pl\/spodnie-narciarskie-columbia-bugaboo-vi-pant-sedona-sage-shark\" target=\"_self\" rel=\"nofollow noopener noreferrer\" aria-label=\"Columbia Bugaboo VI Pant\">\n                    <div class=\"ep8a-card\">\n                      <div class=\"ep8a-imgwrap\">\n                                                <img class=\"ep8a-img skip-lazy no-lazy\" decoding=\"async\" loading=\"eager\" data-no-lazy=\"1\" src=\"https:\/\/8a.pl\/media\/catalog\/product\/s\/p\/spodnie-narciarskie-columbia-bugaboo-vi-pant-sedona-sage-shark-1786544481.webp@jpg\" alt=\"Columbia Bugaboo VI Pant\" width=\"500\" height=\"600\">                      <\/div>\n                    <\/div>\n                  <\/a>\n                  <div class=\"ep8a-caption\">\n                    <a class=\"ep8a-link\" href=\"https:\/\/8a.pl\/spodnie-narciarskie-columbia-bugaboo-vi-pant-sedona-sage-shark\" target=\"_self\" rel=\"nofollow noopener noreferrer\">\n                      <h3 class=\"ep8a-title\" title=\"Columbia Bugaboo VI Pant\">Columbia Bugaboo VI Pant<\/h3>\n                    <\/a>\n                    <div class=\"ep8a-price\">569.99 z\u0142<\/div>                  <\/div>\n                <\/article>\n              <\/div>\n                          <div class=\"swiper-slide\">\n                <article class=\"ep8a-tile\">\n                  <a class=\"ep8a-link\" href=\"https:\/\/8a.pl\/spodnie-gore-tex-dynafit-tigrad-gtx-pant-cinder\" target=\"_self\" rel=\"nofollow noopener noreferrer\" aria-label=\"Dynafit Tigrad GTX Pant\">\n                    <div class=\"ep8a-card\">\n                      <div class=\"ep8a-imgwrap\">\n                                                <img class=\"ep8a-img skip-lazy no-lazy\" decoding=\"async\" loading=\"eager\" data-no-lazy=\"1\" src=\"https:\/\/8a.pl\/media\/catalog\/product\/s\/p\/spodnie-gore-tex-dynafit-tigrad-gtx-pant-cinder-1786359800.webp@jpg\" alt=\"Dynafit Tigrad GTX Pant\" width=\"500\" height=\"600\">                      <\/div>\n                    <\/div>\n                  <\/a>\n                  <div class=\"ep8a-caption\">\n                    <a class=\"ep8a-link\" href=\"https:\/\/8a.pl\/spodnie-gore-tex-dynafit-tigrad-gtx-pant-cinder\" target=\"_self\" rel=\"nofollow noopener noreferrer\">\n                      <h3 class=\"ep8a-title\" title=\"Dynafit Tigrad GTX Pant\">Dynafit Tigrad GTX Pant<\/h3>\n                    <\/a>\n                    <div class=\"ep8a-price\">2099.99 z\u0142<\/div>                  <\/div>\n                <\/article>\n              <\/div>\n                          <div class=\"swiper-slide\">\n                <article class=\"ep8a-tile\">\n                  <a class=\"ep8a-link\" href=\"https:\/\/8a.pl\/spodnie-narciarskie-norrona-tamok-dri-3-bibs-caviar-black\" target=\"_self\" rel=\"nofollow noopener noreferrer\" aria-label=\"Norrona Tamok Dri 3 Bibs\">\n                    <div class=\"ep8a-card\">\n                      <div class=\"ep8a-imgwrap\">\n                                                <img class=\"ep8a-img skip-lazy no-lazy\" decoding=\"async\" loading=\"eager\" data-no-lazy=\"1\" src=\"https:\/\/8a.pl\/media\/catalog\/product\/s\/p\/spodnie-narciarskie-norrona-tamok-dri-3-bibs-caviar-black-1788530894.webp@jpg\" alt=\"Norrona Tamok Dri 3 Bibs\" width=\"500\" height=\"600\">                      <\/div>\n                    <\/div>\n                  <\/a>\n                  <div class=\"ep8a-caption\">\n                    <a class=\"ep8a-link\" href=\"https:\/\/8a.pl\/spodnie-narciarskie-norrona-tamok-dri-3-bibs-caviar-black\" target=\"_self\" rel=\"nofollow noopener noreferrer\">\n                      <h3 class=\"ep8a-title\" title=\"Norrona Tamok Dri 3 Bibs\">Norrona Tamok Dri 3 Bibs<\/h3>\n                    <\/a>\n                    <div class=\"ep8a-price\">2359.99 z\u0142<\/div>                  <\/div>\n                <\/article>\n              <\/div>\n                          <div class=\"swiper-slide\">\n                <article class=\"ep8a-tile\">\n                  <a class=\"ep8a-link\" href=\"https:\/\/8a.pl\/spodnie-narciarskie-norrona-lofoten-gore-tex-pro-pants-dark-citron\" target=\"_self\" rel=\"nofollow noopener noreferrer\" aria-label=\"Norrona Lofoten GORE-TEX Pro Pants\">\n                    <div class=\"ep8a-card\">\n                      <div class=\"ep8a-imgwrap\">\n                                                <img class=\"ep8a-img skip-lazy no-lazy\" decoding=\"async\" loading=\"eager\" data-no-lazy=\"1\" src=\"https:\/\/8a.pl\/media\/catalog\/product\/s\/p\/spodnie-narciarskie-norrona-lofoten-gore-tex-pro-pants-dark-citron-1787756723.webp@jpg\" alt=\"Norrona Lofoten GORE-TEX Pro Pants\" width=\"500\" height=\"600\">                      <\/div>\n                    <\/div>\n                  <\/a>\n                  <div class=\"ep8a-caption\">\n                    <a class=\"ep8a-link\" href=\"https:\/\/8a.pl\/spodnie-narciarskie-norrona-lofoten-gore-tex-pro-pants-dark-citron\" target=\"_self\" rel=\"nofollow noopener noreferrer\">\n                      <h3 class=\"ep8a-title\" title=\"Norrona Lofoten GORE-TEX Pro Pants\">Norrona Lofoten GORE-TEX Pro Pants<\/h3>\n                    <\/a>\n                    <div class=\"ep8a-price\">3434.99 z\u0142<\/div>                  <\/div>\n                <\/article>\n              <\/div>\n                      <\/div>\n        <\/div>\n\n        <!-- Strza\u0142ki poza .swiper -->\n        <button class=\"ep8a-arrow ep8a-prev\" id=\"ep8a_8808b35a-0274-4b19-9b5d-111ef8a94119_prev\" aria-label=\"Poprzedni\"><\/button>\n        <button class=\"ep8a-arrow ep8a-next\" id=\"ep8a_8808b35a-0274-4b19-9b5d-111ef8a94119_next\" aria-label=\"Nast\u0119pny\"><\/button>\n      <\/div>\n\n      <!-- Stopka: linia + CTA po prawej -->\n      <div class=\"ep8a-bottom\">\n        <span class=\"ep8a-bottomline\"><\/span>\n                  <a class=\"ep8a-cta\" href=\"https:\/\/8a.pl\/spodnie-narciarskie\" target=\"_self\" rel=\"nofollow noopener noreferrer\">\n            KUP SPODNIE NARCIARSKIE          <\/a>\n              <\/div>\n    <\/section>\n\n\t<script>\n\tdocument.addEventListener(\"DOMContentLoaded\", function(){\n\t  if (typeof Swiper === \"undefined\") return;\n\n\t  const sel    = \"#ep8a_8808b35a-0274-4b19-9b5d-111ef8a94119_swiper\";\n\t  const prevEl = \"#ep8a_8808b35a-0274-4b19-9b5d-111ef8a94119_prev\";\n\t  const nextEl = \"#ep8a_8808b35a-0274-4b19-9b5d-111ef8a94119_next\";\n\n\t  \/\/ 1) Zainicjuj Swiper od razu \u2013 nie czekaj na wszystkie obrazy\n\t  let sw = new Swiper(sel, {\n\t\tloop: true,\n\t\tspaceBetween: 24,\n\t\tslidesPerView: 1,\n\t\troundLengths: true,\n\t\tobserver: true,\n\t\tobserveParents: true,\n\t\tresizeObserver: true,\n\t\tpreloadImages: true,\n\t\tupdateOnWindowResize: true,\n\t\tlazy: { loadOnTransitionStart: true, loadPrevNext: true, loadPrevNextAmount: 2 },\n\t\twatchSlidesProgress: true,\n\t\twatchSlidesVisibility: true,\n\t\tnavigation: { nextEl, prevEl },\n\t\tbreakpoints: {\n\t\t  320:  { slidesPerView: 2 },\n\t\t  720:  { slidesPerView: 3 },\n\t\t  1200: { slidesPerView: 4 }\n\t\t},\n\t\ton: {\n\t\t  imagesReady() { try { sw.update(); } catch(e){} },\n\t\t  afterInit()   { try { sw.update(); } catch(e){} }\n\t\t}\n\t  });\n\n\t  \/\/ 2) Delikatny \u201enudge\u201d dla przegl\u0105darki: je\u015bli obraz jest w DOM i ma src, popro\u015b o decode\n\t  const imgs = document.querySelectorAll(sel + \" .ep8a-img\");\n\t  imgs.forEach((img) => {\n\t\tif (img.complete) {\n\t\t  if (img.decode) { img.decode().catch(()=>{}).finally(()=> sw && sw.update()); }\n\t\t} else {\n\t\t  img.addEventListener(\"load\",  () => { if (img.decode) { img.decode().catch(()=>{}).finally(()=> sw && sw.update()); } else { sw && sw.update(); } }, { once:true });\n\t\t  img.addEventListener(\"error\", () => { sw && sw.update(); }, { once:true });\n\t\t}\n\t  });\n\n\t  \/\/ 3) Gdy okno w pe\u0142ni si\u0119 za\u0142aduje, przelicz jeszcze raz\n\t  window.addEventListener(\"load\", () => { sw && sw.update(); });\n\t});\n\t<\/script>\n\n    \n\n\n\n<p class=\"wp-block-paragraph\"><strong>Przeczytaj te\u017c:<\/strong><\/p>\n\n\n\n<ul class=\"wp-block-list\">\n<li><a href=\"https:\/\/8a.pl\/8academy\/jaka-kurtka-na-narty\/\"><strong>Jaka kurtka na narty?<\/strong><\/a><\/li>\n\n\n\n<li><strong><a href=\"https:\/\/8a.pl\/8academy\/jakie-spodnie-na-narty\/\">Jakie spodnie na narty?<\/a><\/strong><\/li>\n<\/ul>\n\n\n\n<hr class=\"wp-block-separator has-text-color has-cyan-bluish-gray-color has-alpha-channel-opacity has-cyan-bluish-gray-background-color has-background\"\/>\n\n\n\n<h2 class=\"wp-block-heading\" id=\"h-obowiazkowo-gogle-i-kask\">Obowi\u0105zkowo &#8211; gogle i kask<\/h2>\n\n\n\n<p class=\"wp-block-paragraph\">Zastanawiaj\u0105c si\u0119 jak si\u0119 ubra\u0107 na narty zjazdowe, nale\u017cy pami\u0119ta\u0107 o ochronie g\u0142owy i oczu. Na g\u0142owie powinien znajdowa\u0107 si\u0119 kask narciarski z certyfikatem CE EN 1077:2007. To on daje gwarancj\u0119 w\u0142a\u015bciwego zabezpieczenia w razie upadku. Dla os\u00f3b niezorientowanych warto podkre\u015bli\u0107, \u017ce kask narciarski zasadniczo r\u00f3\u017cni si\u0119 od kasku rowerowego, wspinaczkowego a nawet skiturowego. Na stoku absolutnie niezb\u0119dne b\u0119d\u0105 tak\u017ce gogle narciarskie. Os\u0142oni\u0105 oczy przed wiatrem, promieniami s\u0142onecznymi, blaskiem \u015bniegu ale r\u00f3wnie\u017c przed ga\u0142\u0119ziami czy kijkiem narciarskim. <\/p>\n\n\n\n<ul class=\"wp-block-list\">\n<li><strong><a href=\"https:\/\/8a.pl\/8academy\/jaki-kask-na-narty\/\">Jak dobra\u0107 kask narciarski? Jaki kask na narty b\u0119dzie najlepszy<\/a><\/strong><\/li>\n\n\n\n<li><strong><a href=\"https:\/\/8a.pl\/8academy\/gogle-narciarskie-jakie-wybrac\/\">Jakie gogle na narty wybra\u0107? Przedstawiamy najlepsze gogle narciarskie<\/a><\/strong><\/li>\n<\/ul>\n\n\n\n<hr class=\"wp-block-separator has-text-color has-cyan-bluish-gray-color has-alpha-channel-opacity has-cyan-bluish-gray-background-color has-background\"\/>\n\n\n\n<p class=\"wp-block-paragraph\"><\/p>\n\n\n    <section class=\"ep8a-section\">\n      <div class=\"ep8a-header\">\n        <div class=\"ep8a-titlebar\">\n          <p class=\"ep8a-h\">Przegl\u0105daj kaski narciarskie<\/p>          <span class=\"ep8a-titleline\"><\/span>\n        <\/div>\n      <\/div>\n\n      <div class=\"ep8a-wrap\" id=\"ep8a_b007a1eb-ba36-4a7c-9f9e-e0e299af60c6\">\n        <div class=\"ep8a-carousel swiper\" id=\"ep8a_b007a1eb-ba36-4a7c-9f9e-e0e299af60c6_swiper\">\n          <div class=\"swiper-wrapper\">\n                          <div class=\"swiper-slide\">\n                <article class=\"ep8a-tile\">\n                  <a class=\"ep8a-link\" href=\"https:\/\/8a.pl\/kask-na-narty-marker-confidant-green-fade\" target=\"_self\" rel=\"nofollow noopener noreferrer\" aria-label=\"Marker Confidant\">\n                    <div class=\"ep8a-card\">\n                      <div class=\"ep8a-imgwrap\">\n                                                <img class=\"ep8a-img skip-lazy no-lazy\" decoding=\"async\" loading=\"eager\" data-no-lazy=\"1\" src=\"https:\/\/8a.pl\/media\/catalog\/product\/k\/a\/kask-na-narty-marker-confidant-green-fade-1768910958.webp@jpg\" alt=\"Marker Confidant\" width=\"500\" height=\"600\">                      <\/div>\n                    <\/div>\n                  <\/a>\n                  <div class=\"ep8a-caption\">\n                    <a class=\"ep8a-link\" href=\"https:\/\/8a.pl\/kask-na-narty-marker-confidant-green-fade\" target=\"_self\" rel=\"nofollow noopener noreferrer\">\n                      <h3 class=\"ep8a-title\" title=\"Marker Confidant\">Marker Confidant<\/h3>\n                    <\/a>\n                    <div class=\"ep8a-price\">304.99 z\u0142<\/div>                  <\/div>\n                <\/article>\n              <\/div>\n                          <div class=\"swiper-slide\">\n                <article class=\"ep8a-tile\">\n                  <a class=\"ep8a-link\" href=\"https:\/\/8a.pl\/kask-narciarski-marker-confidant-mips-green-purple\" target=\"_self\" rel=\"nofollow noopener noreferrer\" aria-label=\"Marker Confidant Mips\">\n                    <div class=\"ep8a-card\">\n                      <div class=\"ep8a-imgwrap\">\n                                                <img class=\"ep8a-img skip-lazy no-lazy\" decoding=\"async\" loading=\"eager\" data-no-lazy=\"1\" src=\"https:\/\/8a.pl\/media\/catalog\/product\/k\/a\/kask-narciarski-marker-confidant-mips-green-purple-1764630394.webp@jpg\" alt=\"Marker Confidant Mips\" width=\"500\" height=\"600\">                      <\/div>\n                    <\/div>\n                  <\/a>\n                  <div class=\"ep8a-caption\">\n                    <a class=\"ep8a-link\" href=\"https:\/\/8a.pl\/kask-narciarski-marker-confidant-mips-green-purple\" target=\"_self\" rel=\"nofollow noopener noreferrer\">\n                      <h3 class=\"ep8a-title\" title=\"Marker Confidant Mips\">Marker Confidant Mips<\/h3>\n                    <\/a>\n                    <div class=\"ep8a-price\">409.99 z\u0142<\/div>                  <\/div>\n                <\/article>\n              <\/div>\n                          <div class=\"swiper-slide\">\n                <article class=\"ep8a-tile\">\n                  <a class=\"ep8a-link\" href=\"https:\/\/8a.pl\/kask-narciarski-marker-confidant-mips-green-fade\" target=\"_self\" rel=\"nofollow noopener noreferrer\" aria-label=\"Marker Confidant Mips\">\n                    <div class=\"ep8a-card\">\n                      <div class=\"ep8a-imgwrap\">\n                                                <img class=\"ep8a-img skip-lazy no-lazy\" decoding=\"async\" loading=\"eager\" data-no-lazy=\"1\" src=\"https:\/\/8a.pl\/media\/catalog\/product\/k\/a\/kask-narciarski-marker-confidant-mips-green-fade-1768910957.webp@jpg\" alt=\"Marker Confidant Mips\" width=\"500\" height=\"600\">                      <\/div>\n                    <\/div>\n                  <\/a>\n                  <div class=\"ep8a-caption\">\n                    <a class=\"ep8a-link\" href=\"https:\/\/8a.pl\/kask-narciarski-marker-confidant-mips-green-fade\" target=\"_self\" rel=\"nofollow noopener noreferrer\">\n                      <h3 class=\"ep8a-title\" title=\"Marker Confidant Mips\">Marker Confidant Mips<\/h3>\n                    <\/a>\n                    <div class=\"ep8a-price\">409.99 z\u0142<\/div>                  <\/div>\n                <\/article>\n              <\/div>\n                          <div class=\"swiper-slide\">\n                <article class=\"ep8a-tile\">\n                  <a class=\"ep8a-link\" href=\"https:\/\/8a.pl\/kask-narciarski-marker-ampire-2-mips-yellow-black\" target=\"_self\" rel=\"nofollow noopener noreferrer\" aria-label=\"Marker Ampire 2 Mips\">\n                    <div class=\"ep8a-card\">\n                      <div class=\"ep8a-imgwrap\">\n                                                <img class=\"ep8a-img skip-lazy no-lazy\" decoding=\"async\" loading=\"eager\" data-no-lazy=\"1\" src=\"https:\/\/8a.pl\/media\/catalog\/product\/k\/a\/kask-narciarski-marker-ampire-2-mips-yellow-black-1764630391.webp@jpg\" alt=\"Marker Ampire 2 Mips\" width=\"500\" height=\"600\">                      <\/div>\n                    <\/div>\n                  <\/a>\n                  <div class=\"ep8a-caption\">\n                    <a class=\"ep8a-link\" href=\"https:\/\/8a.pl\/kask-narciarski-marker-ampire-2-mips-yellow-black\" target=\"_self\" rel=\"nofollow noopener noreferrer\">\n                      <h3 class=\"ep8a-title\" title=\"Marker Ampire 2 Mips\">Marker Ampire 2 Mips<\/h3>\n                    <\/a>\n                    <div class=\"ep8a-price\">629.99 z\u0142<\/div>                  <\/div>\n                <\/article>\n              <\/div>\n                          <div class=\"swiper-slide\">\n                <article class=\"ep8a-tile\">\n                  <a class=\"ep8a-link\" href=\"https:\/\/8a.pl\/kask-na-narty-marker-confidant-white\" target=\"_self\" rel=\"nofollow noopener noreferrer\" aria-label=\"Marker Confidant\">\n                    <div class=\"ep8a-card\">\n                      <div class=\"ep8a-imgwrap\">\n                                                <img class=\"ep8a-img skip-lazy no-lazy\" decoding=\"async\" loading=\"eager\" data-no-lazy=\"1\" src=\"https:\/\/8a.pl\/media\/catalog\/product\/k\/a\/kask-na-narty-marker-confidant-white-1764630390.webp@jpg\" alt=\"Marker Confidant\" width=\"500\" height=\"600\">                      <\/div>\n                    <\/div>\n                  <\/a>\n                  <div class=\"ep8a-caption\">\n                    <a class=\"ep8a-link\" href=\"https:\/\/8a.pl\/kask-na-narty-marker-confidant-white\" target=\"_self\" rel=\"nofollow noopener noreferrer\">\n                      <h3 class=\"ep8a-title\" title=\"Marker Confidant\">Marker Confidant<\/h3>\n                    <\/a>\n                    <div class=\"ep8a-price\">304.99 z\u0142<\/div>                  <\/div>\n                <\/article>\n              <\/div>\n                          <div class=\"swiper-slide\">\n                <article class=\"ep8a-tile\">\n                  <a class=\"ep8a-link\" href=\"https:\/\/8a.pl\/kask-narciarski-marker-confidant-black\" target=\"_self\" rel=\"nofollow noopener noreferrer\" aria-label=\"Marker Confidant\">\n                    <div class=\"ep8a-card\">\n                      <div class=\"ep8a-imgwrap\">\n                                                <img class=\"ep8a-img skip-lazy no-lazy\" decoding=\"async\" loading=\"eager\" data-no-lazy=\"1\" src=\"https:\/\/8a.pl\/media\/catalog\/product\/k\/a\/kask-narciarski-marker-confidant-black-1764630389.webp@jpg\" alt=\"Marker Confidant\" width=\"500\" height=\"600\">                      <\/div>\n                    <\/div>\n                  <\/a>\n                  <div class=\"ep8a-caption\">\n                    <a class=\"ep8a-link\" href=\"https:\/\/8a.pl\/kask-narciarski-marker-confidant-black\" target=\"_self\" rel=\"nofollow noopener noreferrer\">\n                      <h3 class=\"ep8a-title\" title=\"Marker Confidant\">Marker Confidant<\/h3>\n                    <\/a>\n                    <div class=\"ep8a-price\">304.99 z\u0142<\/div>                  <\/div>\n                <\/article>\n              <\/div>\n                          <div class=\"swiper-slide\">\n                <article class=\"ep8a-tile\">\n                  <a class=\"ep8a-link\" href=\"https:\/\/8a.pl\/kask-na-narty-marker-confidant-mips-white\" target=\"_self\" rel=\"nofollow noopener noreferrer\" aria-label=\"Marker Confidant Mips\">\n                    <div class=\"ep8a-card\">\n                      <div class=\"ep8a-imgwrap\">\n                                                <img class=\"ep8a-img skip-lazy no-lazy\" decoding=\"async\" loading=\"eager\" data-no-lazy=\"1\" src=\"https:\/\/8a.pl\/media\/catalog\/product\/k\/a\/kask-na-narty-marker-confidant-mips-white-1764630388.webp@jpg\" alt=\"Marker Confidant Mips\" width=\"500\" height=\"600\">                      <\/div>\n                    <\/div>\n                  <\/a>\n                  <div class=\"ep8a-caption\">\n                    <a class=\"ep8a-link\" href=\"https:\/\/8a.pl\/kask-na-narty-marker-confidant-mips-white\" target=\"_self\" rel=\"nofollow noopener noreferrer\">\n                      <h3 class=\"ep8a-title\" title=\"Marker Confidant Mips\">Marker Confidant Mips<\/h3>\n                    <\/a>\n                    <div class=\"ep8a-price\">409.99 z\u0142<\/div>                  <\/div>\n                <\/article>\n              <\/div>\n                          <div class=\"swiper-slide\">\n                <article class=\"ep8a-tile\">\n                  <a class=\"ep8a-link\" href=\"https:\/\/8a.pl\/kask-na-narty-marker-confidant-mips-black\" target=\"_self\" rel=\"nofollow noopener noreferrer\" aria-label=\"Marker Confidant Mips\">\n                    <div class=\"ep8a-card\">\n                      <div class=\"ep8a-imgwrap\">\n                                                <img class=\"ep8a-img skip-lazy no-lazy\" decoding=\"async\" loading=\"eager\" data-no-lazy=\"1\" src=\"https:\/\/8a.pl\/media\/catalog\/product\/k\/a\/kask-na-narty-marker-confidant-mips-black-1764630388.webp@jpg\" alt=\"Marker Confidant Mips\" width=\"500\" height=\"600\">                      <\/div>\n                    <\/div>\n                  <\/a>\n                  <div class=\"ep8a-caption\">\n                    <a class=\"ep8a-link\" href=\"https:\/\/8a.pl\/kask-na-narty-marker-confidant-mips-black\" target=\"_self\" rel=\"nofollow noopener noreferrer\">\n                      <h3 class=\"ep8a-title\" title=\"Marker Confidant Mips\">Marker Confidant Mips<\/h3>\n                    <\/a>\n                    <div class=\"ep8a-price\">409.99 z\u0142<\/div>                  <\/div>\n                <\/article>\n              <\/div>\n                          <div class=\"swiper-slide\">\n                <article class=\"ep8a-tile\">\n                  <a class=\"ep8a-link\" href=\"https:\/\/8a.pl\/kask-na-narty-marker-confidant-mips-black\" target=\"_self\" rel=\"nofollow noopener noreferrer\" aria-label=\"Marker Confidant Mips\">\n                    <div class=\"ep8a-card\">\n                      <div class=\"ep8a-imgwrap\">\n                                                <img class=\"ep8a-img skip-lazy no-lazy\" decoding=\"async\" loading=\"eager\" data-no-lazy=\"1\" src=\"https:\/\/8a.pl\/media\/catalog\/product\/k\/a\/kask-na-narty-marker-confidant-mips-black-1764630388.webp@jpg\" alt=\"Marker Confidant Mips\" width=\"500\" height=\"600\">                      <\/div>\n                    <\/div>\n                  <\/a>\n                  <div class=\"ep8a-caption\">\n                    <a class=\"ep8a-link\" href=\"https:\/\/8a.pl\/kask-na-narty-marker-confidant-mips-black\" target=\"_self\" rel=\"nofollow noopener noreferrer\">\n                      <h3 class=\"ep8a-title\" title=\"Marker Confidant Mips\">Marker Confidant Mips<\/h3>\n                    <\/a>\n                    <div class=\"ep8a-price\">409.99 z\u0142<\/div>                  <\/div>\n                <\/article>\n              <\/div>\n                          <div class=\"swiper-slide\">\n                <article class=\"ep8a-tile\">\n                  <a class=\"ep8a-link\" href=\"https:\/\/8a.pl\/kask-narciarski-marker-confidant-mips-green-purple\" target=\"_self\" rel=\"nofollow noopener noreferrer\" aria-label=\"Marker Confidant Mips\">\n                    <div class=\"ep8a-card\">\n                      <div class=\"ep8a-imgwrap\">\n                                                <img class=\"ep8a-img skip-lazy no-lazy\" decoding=\"async\" loading=\"eager\" data-no-lazy=\"1\" src=\"https:\/\/8a.pl\/media\/catalog\/product\/k\/a\/kask-narciarski-marker-confidant-mips-green-purple-1764630394.webp@jpg\" alt=\"Marker Confidant Mips\" width=\"500\" height=\"600\">                      <\/div>\n                    <\/div>\n                  <\/a>\n                  <div class=\"ep8a-caption\">\n                    <a class=\"ep8a-link\" href=\"https:\/\/8a.pl\/kask-narciarski-marker-confidant-mips-green-purple\" target=\"_self\" rel=\"nofollow noopener noreferrer\">\n                      <h3 class=\"ep8a-title\" title=\"Marker Confidant Mips\">Marker Confidant Mips<\/h3>\n                    <\/a>\n                    <div class=\"ep8a-price\">409.99 z\u0142<\/div>                  <\/div>\n                <\/article>\n              <\/div>\n                      <\/div>\n        <\/div>\n\n        <!-- Strza\u0142ki poza .swiper -->\n        <button class=\"ep8a-arrow ep8a-prev\" id=\"ep8a_b007a1eb-ba36-4a7c-9f9e-e0e299af60c6_prev\" aria-label=\"Poprzedni\"><\/button>\n        <button class=\"ep8a-arrow ep8a-next\" id=\"ep8a_b007a1eb-ba36-4a7c-9f9e-e0e299af60c6_next\" aria-label=\"Nast\u0119pny\"><\/button>\n      <\/div>\n\n      <!-- Stopka: linia + CTA po prawej -->\n      <div class=\"ep8a-bottom\">\n        <span class=\"ep8a-bottomline\"><\/span>\n                  <a class=\"ep8a-cta\" href=\"https:\/\/8a.pl\/kaski-narciarskie\" target=\"_self\" rel=\"nofollow noopener noreferrer\">\n            ZOBACZ KASKI NARCIARSKIE          <\/a>\n              <\/div>\n    <\/section>\n\n\t<script>\n\tdocument.addEventListener(\"DOMContentLoaded\", function(){\n\t  if (typeof Swiper === \"undefined\") return;\n\n\t  const sel    = \"#ep8a_b007a1eb-ba36-4a7c-9f9e-e0e299af60c6_swiper\";\n\t  const prevEl = \"#ep8a_b007a1eb-ba36-4a7c-9f9e-e0e299af60c6_prev\";\n\t  const nextEl = \"#ep8a_b007a1eb-ba36-4a7c-9f9e-e0e299af60c6_next\";\n\n\t  \/\/ 1) Zainicjuj Swiper od razu \u2013 nie czekaj na wszystkie obrazy\n\t  let sw = new Swiper(sel, {\n\t\tloop: true,\n\t\tspaceBetween: 24,\n\t\tslidesPerView: 1,\n\t\troundLengths: true,\n\t\tobserver: true,\n\t\tobserveParents: true,\n\t\tresizeObserver: true,\n\t\tpreloadImages: true,\n\t\tupdateOnWindowResize: true,\n\t\tlazy: { loadOnTransitionStart: true, loadPrevNext: true, loadPrevNextAmount: 2 },\n\t\twatchSlidesProgress: true,\n\t\twatchSlidesVisibility: true,\n\t\tnavigation: { nextEl, prevEl },\n\t\tbreakpoints: {\n\t\t  320:  { slidesPerView: 2 },\n\t\t  720:  { slidesPerView: 3 },\n\t\t  1200: { slidesPerView: 4 }\n\t\t},\n\t\ton: {\n\t\t  imagesReady() { try { sw.update(); } catch(e){} },\n\t\t  afterInit()   { try { sw.update(); } catch(e){} }\n\t\t}\n\t  });\n\n\t  \/\/ 2) Delikatny \u201enudge\u201d dla przegl\u0105darki: je\u015bli obraz jest w DOM i ma src, popro\u015b o decode\n\t  const imgs = document.querySelectorAll(sel + \" .ep8a-img\");\n\t  imgs.forEach((img) => {\n\t\tif (img.complete) {\n\t\t  if (img.decode) { img.decode().catch(()=>{}).finally(()=> sw && sw.update()); }\n\t\t} else {\n\t\t  img.addEventListener(\"load\",  () => { if (img.decode) { img.decode().catch(()=>{}).finally(()=> sw && sw.update()); } else { sw && sw.update(); } }, { once:true });\n\t\t  img.addEventListener(\"error\", () => { sw && sw.update(); }, { once:true });\n\t\t}\n\t  });\n\n\t  \/\/ 3) Gdy okno w pe\u0142ni si\u0119 za\u0142aduje, przelicz jeszcze raz\n\t  window.addEventListener(\"load\", () => { sw && sw.update(); });\n\t});\n\t<\/script>\n\n    \n\n\n\n<h2 class=\"wp-block-heading\" id=\"h-jak-sie-ubrac-na-narty-akcesoria-narciarskie-o-ktorych-latwo-zapomniec\">Jak si\u0119 ubra\u0107 na narty? Akcesoria narciarskie, o kt\u00f3rych \u0142atwo zapomnie\u0107<\/h2>\n\n\n\n<p class=\"wp-block-paragraph\">Czapka lub kominiarka, r\u0119kawice i porz\u0105dne skarpety &#8211; to niepozorne i niezb\u0119dne dodatki podczas wypadu na narty. Kominiarka lub komin chroni\u0105 twarz i szyj\u0119 przed zimnem i podmuchami wiatru. Czapka powinna by\u0107 dopasowana do kasku narciarskiego, a do tego dba\u0107 o odpowiedni\u0105 termoregulacj\u0119 g\u0142owy. Warto postawi\u0107 na modele z naturalnej prz\u0119dzy merino. Podczas jazdy d\u0142onie s\u0105 s\u0105 wyj\u0105tkowo nara\u017cone na niskie temperatury. Na nartach zjazdowych sprawdz\u0105 si\u0119 grubsze modele r\u0119kawic oraz te sk\u0142adaj\u0105ce si\u0119 z wewn\u0119trznej i zewn\u0119trznej cz\u0119\u015bci. Dobrym pomys\u0142em mog\u0105 by\u0107 tak\u017ce modele wyposa\u017cone w membran\u0119 GORE-TEX\u00ae, kt\u00f3re sprawdz\u0105 si\u0119 szczeg\u00f3lnie podczas zmiennej pogody. Dodatkowo docenisz je tak\u017ce w razie cz\u0119stych wywrotek, kiedy \u015bnieg b\u0119dzie pr\u00f3bowa\u0142 dosta\u0107 si\u0119 pod sp\u00f3d.<\/p>\n\n\n\n<p class=\"wp-block-paragraph\"><\/p>\n\n\n    <section class=\"ep8a-section\">\n      <div class=\"ep8a-header\">\n        <div class=\"ep8a-titlebar\">\n          <p class=\"ep8a-h\">R\u0119kawice narciarskie<\/p>          <span class=\"ep8a-titleline\"><\/span>\n        <\/div>\n      <\/div>\n\n      <div class=\"ep8a-wrap\" id=\"ep8a_9bc78863-2f4f-47d2-974b-6f200c379527\">\n        <div class=\"ep8a-carousel swiper\" id=\"ep8a_9bc78863-2f4f-47d2-974b-6f200c379527_swiper\">\n          <div class=\"swiper-wrapper\">\n                          <div class=\"swiper-slide\">\n                <article class=\"ep8a-tile\">\n                  <a class=\"ep8a-link\" href=\"https:\/\/8a.pl\/rekawice-narciarskie-columbia-powbound-glove-super-sonic-shark\" target=\"_self\" rel=\"nofollow noopener noreferrer\" aria-label=\"Columbia Powbound Glove\">\n                    <div class=\"ep8a-card\">\n                      <div class=\"ep8a-imgwrap\">\n                                                <img class=\"ep8a-img skip-lazy no-lazy\" decoding=\"async\" loading=\"eager\" data-no-lazy=\"1\" src=\"https:\/\/8a.pl\/media\/catalog\/product\/r\/e\/rekawice-narciarskie-columbia-powbound-glove-super-sonic-shark-1784721692.webp@jpg\" alt=\"Columbia Powbound Glove\" width=\"500\" height=\"600\">                      <\/div>\n                    <\/div>\n                  <\/a>\n                  <div class=\"ep8a-caption\">\n                    <a class=\"ep8a-link\" href=\"https:\/\/8a.pl\/rekawice-narciarskie-columbia-powbound-glove-super-sonic-shark\" target=\"_self\" rel=\"nofollow noopener noreferrer\">\n                      <h3 class=\"ep8a-title\" title=\"Columbia Powbound Glove\">Columbia Powbound Glove<\/h3>\n                    <\/a>\n                    <div class=\"ep8a-price\">439.99 z\u0142<\/div>                  <\/div>\n                <\/article>\n              <\/div>\n                          <div class=\"swiper-slide\">\n                <article class=\"ep8a-tile\">\n                  <a class=\"ep8a-link\" href=\"https:\/\/8a.pl\/rekawiczki-narciarskie-columbia-powbound-glove-black\" target=\"_self\" rel=\"nofollow noopener noreferrer\" aria-label=\"Columbia Powbound Glove\">\n                    <div class=\"ep8a-card\">\n                      <div class=\"ep8a-imgwrap\">\n                                                <img class=\"ep8a-img skip-lazy no-lazy\" decoding=\"async\" loading=\"eager\" data-no-lazy=\"1\" src=\"https:\/\/8a.pl\/media\/catalog\/product\/r\/e\/rekawiczki-narciarskie-columbia-powbound-glove-black-1784718993.webp@jpg\" alt=\"Columbia Powbound Glove\" width=\"500\" height=\"600\">                      <\/div>\n                    <\/div>\n                  <\/a>\n                  <div class=\"ep8a-caption\">\n                    <a class=\"ep8a-link\" href=\"https:\/\/8a.pl\/rekawiczki-narciarskie-columbia-powbound-glove-black\" target=\"_self\" rel=\"nofollow noopener noreferrer\">\n                      <h3 class=\"ep8a-title\" title=\"Columbia Powbound Glove\">Columbia Powbound Glove<\/h3>\n                    <\/a>\n                    <div class=\"ep8a-price\">381.99 z\u0142<\/div>                  <\/div>\n                <\/article>\n              <\/div>\n                          <div class=\"swiper-slide\">\n                <article class=\"ep8a-tile\">\n                  <a class=\"ep8a-link\" href=\"https:\/\/8a.pl\/rekawice-narciarskie-zanier-revolution-stx-trigger-black\" target=\"_self\" rel=\"nofollow noopener noreferrer\" aria-label=\"Zanier Revolution.STX Trigger\">\n                    <div class=\"ep8a-card\">\n                      <div class=\"ep8a-imgwrap\">\n                                                <img class=\"ep8a-img skip-lazy no-lazy\" decoding=\"async\" loading=\"eager\" data-no-lazy=\"1\" src=\"https:\/\/8a.pl\/media\/catalog\/product\/r\/e\/rekawice-narciarskie-zanier-revolution-stx-trigger-black-1765546701.webp@jpg\" alt=\"Zanier Revolution.STX Trigger\" width=\"500\" height=\"600\">                      <\/div>\n                    <\/div>\n                  <\/a>\n                  <div class=\"ep8a-caption\">\n                    <a class=\"ep8a-link\" href=\"https:\/\/8a.pl\/rekawice-narciarskie-zanier-revolution-stx-trigger-black\" target=\"_self\" rel=\"nofollow noopener noreferrer\">\n                      <h3 class=\"ep8a-title\" title=\"Zanier Revolution.STX Trigger\">Zanier Revolution.STX Trigger<\/h3>\n                    <\/a>\n                    <div class=\"ep8a-price\">394.99 z\u0142<\/div>                  <\/div>\n                <\/article>\n              <\/div>\n                          <div class=\"swiper-slide\">\n                <article class=\"ep8a-tile\">\n                  <a class=\"ep8a-link\" href=\"https:\/\/8a.pl\/rekawiczki-narciarskie-zanier-revolution-stx-black\" target=\"_self\" rel=\"nofollow noopener noreferrer\" aria-label=\"Zanier Revolution.STX\">\n                    <div class=\"ep8a-card\">\n                      <div class=\"ep8a-imgwrap\">\n                                                <img class=\"ep8a-img skip-lazy no-lazy\" decoding=\"async\" loading=\"eager\" data-no-lazy=\"1\" src=\"https:\/\/8a.pl\/media\/catalog\/product\/r\/e\/rekawiczki-narciarskie-zanier-revolution-stx-black-1766063238.webp@jpg\" alt=\"Zanier Revolution.STX\" width=\"500\" height=\"600\">                      <\/div>\n                    <\/div>\n                  <\/a>\n                  <div class=\"ep8a-caption\">\n                    <a class=\"ep8a-link\" href=\"https:\/\/8a.pl\/rekawiczki-narciarskie-zanier-revolution-stx-black\" target=\"_self\" rel=\"nofollow noopener noreferrer\">\n                      <h3 class=\"ep8a-title\" title=\"Zanier Revolution.STX\">Zanier Revolution.STX<\/h3>\n                    <\/a>\n                    <div class=\"ep8a-price\">394.99 z\u0142<\/div>                  <\/div>\n                <\/article>\n              <\/div>\n                          <div class=\"swiper-slide\">\n                <article class=\"ep8a-tile\">\n                  <a class=\"ep8a-link\" href=\"https:\/\/8a.pl\/rekawice-gore-tex-zanier-70-north-gtx-black-white\" target=\"_self\" rel=\"nofollow noopener noreferrer\" aria-label=\"Zanier 70 North GTX\">\n                    <div class=\"ep8a-card\">\n                      <div class=\"ep8a-imgwrap\">\n                                                <img class=\"ep8a-img skip-lazy no-lazy\" decoding=\"async\" loading=\"eager\" data-no-lazy=\"1\" src=\"https:\/\/8a.pl\/media\/catalog\/product\/r\/e\/rekawice-gore-tex-zanier-70-north-gtx-black-white-1764949334.webp@jpg\" alt=\"Zanier 70 North GTX\" width=\"500\" height=\"600\">                      <\/div>\n                    <\/div>\n                  <\/a>\n                  <div class=\"ep8a-caption\">\n                    <a class=\"ep8a-link\" href=\"https:\/\/8a.pl\/rekawice-gore-tex-zanier-70-north-gtx-black-white\" target=\"_self\" rel=\"nofollow noopener noreferrer\">\n                      <h3 class=\"ep8a-title\" title=\"Zanier 70 North GTX\">Zanier 70 North GTX<\/h3>\n                    <\/a>\n                    <div class=\"ep8a-price\">424.99 z\u0142<\/div>                  <\/div>\n                <\/article>\n              <\/div>\n                          <div class=\"swiper-slide\">\n                <article class=\"ep8a-tile\">\n                  <a class=\"ep8a-link\" href=\"https:\/\/8a.pl\/rekawiczki-narciarskie-zanier-ride-gtx-black\" target=\"_self\" rel=\"nofollow noopener noreferrer\" aria-label=\"Zanier Ride.GTX\">\n                    <div class=\"ep8a-card\">\n                      <div class=\"ep8a-imgwrap\">\n                                                <img class=\"ep8a-img skip-lazy no-lazy\" decoding=\"async\" loading=\"eager\" data-no-lazy=\"1\" src=\"https:\/\/8a.pl\/media\/catalog\/product\/r\/e\/rekawiczki-narciarskie-zanier-ride-gtx-black-1765546665.webp@jpg\" alt=\"Zanier Ride.GTX\" width=\"500\" height=\"600\">                      <\/div>\n                    <\/div>\n                  <\/a>\n                  <div class=\"ep8a-caption\">\n                    <a class=\"ep8a-link\" href=\"https:\/\/8a.pl\/rekawiczki-narciarskie-zanier-ride-gtx-black\" target=\"_self\" rel=\"nofollow noopener noreferrer\">\n                      <h3 class=\"ep8a-title\" title=\"Zanier Ride.GTX\">Zanier Ride.GTX<\/h3>\n                    <\/a>\n                    <div class=\"ep8a-price\">324.99 z\u0142<\/div>                  <\/div>\n                <\/article>\n              <\/div>\n                      <\/div>\n        <\/div>\n\n        <!-- Strza\u0142ki poza .swiper -->\n        <button class=\"ep8a-arrow ep8a-prev\" id=\"ep8a_9bc78863-2f4f-47d2-974b-6f200c379527_prev\" aria-label=\"Poprzedni\"><\/button>\n        <button class=\"ep8a-arrow ep8a-next\" id=\"ep8a_9bc78863-2f4f-47d2-974b-6f200c379527_next\" aria-label=\"Nast\u0119pny\"><\/button>\n      <\/div>\n\n      <!-- Stopka: linia + CTA po prawej -->\n      <div class=\"ep8a-bottom\">\n        <span class=\"ep8a-bottomline\"><\/span>\n                  <a class=\"ep8a-cta\" href=\"https:\/\/8a.pl\/rekawice-narciarskie\" target=\"_self\" rel=\"nofollow noopener noreferrer\">\n            KUP R\u0118KAWICE NARCIARSKIE          <\/a>\n              <\/div>\n    <\/section>\n\n\t<script>\n\tdocument.addEventListener(\"DOMContentLoaded\", function(){\n\t  if (typeof Swiper === \"undefined\") return;\n\n\t  const sel    = \"#ep8a_9bc78863-2f4f-47d2-974b-6f200c379527_swiper\";\n\t  const prevEl = \"#ep8a_9bc78863-2f4f-47d2-974b-6f200c379527_prev\";\n\t  const nextEl = \"#ep8a_9bc78863-2f4f-47d2-974b-6f200c379527_next\";\n\n\t  \/\/ 1) Zainicjuj Swiper od razu \u2013 nie czekaj na wszystkie obrazy\n\t  let sw = new Swiper(sel, {\n\t\tloop: true,\n\t\tspaceBetween: 24,\n\t\tslidesPerView: 1,\n\t\troundLengths: true,\n\t\tobserver: true,\n\t\tobserveParents: true,\n\t\tresizeObserver: true,\n\t\tpreloadImages: true,\n\t\tupdateOnWindowResize: true,\n\t\tlazy: { loadOnTransitionStart: true, loadPrevNext: true, loadPrevNextAmount: 2 },\n\t\twatchSlidesProgress: true,\n\t\twatchSlidesVisibility: true,\n\t\tnavigation: { nextEl, prevEl },\n\t\tbreakpoints: {\n\t\t  320:  { slidesPerView: 2 },\n\t\t  720:  { slidesPerView: 3 },\n\t\t  1200: { slidesPerView: 4 }\n\t\t},\n\t\ton: {\n\t\t  imagesReady() { try { sw.update(); } catch(e){} },\n\t\t  afterInit()   { try { sw.update(); } catch(e){} }\n\t\t}\n\t  });\n\n\t  \/\/ 2) Delikatny \u201enudge\u201d dla przegl\u0105darki: je\u015bli obraz jest w DOM i ma src, popro\u015b o decode\n\t  const imgs = document.querySelectorAll(sel + \" .ep8a-img\");\n\t  imgs.forEach((img) => {\n\t\tif (img.complete) {\n\t\t  if (img.decode) { img.decode().catch(()=>{}).finally(()=> sw && sw.update()); }\n\t\t} else {\n\t\t  img.addEventListener(\"load\",  () => { if (img.decode) { img.decode().catch(()=>{}).finally(()=> sw && sw.update()); } else { sw && sw.update(); } }, { once:true });\n\t\t  img.addEventListener(\"error\", () => { sw && sw.update(); }, { once:true });\n\t\t}\n\t  });\n\n\t  \/\/ 3) Gdy okno w pe\u0142ni si\u0119 za\u0142aduje, przelicz jeszcze raz\n\t  window.addEventListener(\"load\", () => { sw && sw.update(); });\n\t});\n\t<\/script>\n\n    \n\n\n\n<p class=\"wp-block-paragraph\">Ostatnie, cho\u0107 wcale nie najmniej wa\u017cnym elementem stroju narciarskiego b\u0119d\u0105 skarpety narciarskie. Nie warto go lekcewa\u017cy\u0107. Nie tylko zapewni\u0105 stopom ciep\u0142o ale tak\u017ce uchroni\u0105 przed otarciami. Polecamy zatem wybra\u0107 dedykowane skarpety narciarskie. Podobnie jak w przypadku bielizny termoaktywnej, na rynku znajdziemy produkty z r\u00f3\u017cnych materia\u0142\u00f3w: we\u0142ny merino, w\u0142\u00f3kien syntetycznych lub mieszanych. Je\u015bli zastanawiasz si\u0119, jak si\u0119 ubra\u0107 na narty w spos\u00f3b kompletny i przemy\u015blany, nie warto pomija\u0107 tych drobnych element\u00f3w. To one cz\u0119sto przes\u0105dzaj\u0105 o tym, czy dzie\u0144 na stoku b\u0119dzie przyjemno\u015bci\u0105, czy walk\u0105 z zimnem i dyskomfortem.<\/p>\n\n\n\n<p class=\"wp-block-paragraph\"><strong>Przeczytaj te\u017c:<\/strong><\/p>\n\n\n\n<ul class=\"wp-block-list\">\n<li><strong><a href=\"https:\/\/8a.pl\/8academy\/jakie-rekawice-narciarskie-rekawiczki-na-narty\/\">Jakie r\u0119kawice narciarskie? Wybieramy r\u0119kawiczki na narty<\/a><\/strong><\/li>\n\n\n\n<li><strong><a href=\"https:\/\/8a.pl\/8academy\/jakie-skarpety-na-narty-wybrac-polecamy-najlepsze-skarpety-narciarskie\/\">Jakie skarpety na narty wybra\u0107? Polecamy najlepsze skarpety narciarskie!<\/a><\/strong><\/li>\n<\/ul>\n\n\n\n<hr class=\"wp-block-separator has-text-color has-cyan-bluish-gray-color has-alpha-channel-opacity has-cyan-bluish-gray-background-color has-background\"\/>\n\n\n\n<p class=\"wp-block-paragraph\"><\/p>\n\n\n    <section class=\"ep8a-section\">\n      <div class=\"ep8a-header\">\n        <div class=\"ep8a-titlebar\">\n          <p class=\"ep8a-h\">Kominiarki narciarskie<\/p>          <span class=\"ep8a-titleline\"><\/span>\n        <\/div>\n      <\/div>\n\n      <div class=\"ep8a-wrap\" id=\"ep8a_9b9990f6-aaad-46c7-8ce6-f8b8dd481f54\">\n        <div class=\"ep8a-carousel swiper\" id=\"ep8a_9b9990f6-aaad-46c7-8ce6-f8b8dd481f54_swiper\">\n          <div class=\"swiper-wrapper\">\n                          <div class=\"swiper-slide\">\n                <article class=\"ep8a-tile\">\n                  <a class=\"ep8a-link\" href=\"https:\/\/8a.pl\/kominiarka-columbia-titanium-balaclava-phoenix-blue\" target=\"_self\" rel=\"nofollow noopener noreferrer\" aria-label=\"Columbia Titanium Balaclava\">\n                    <div class=\"ep8a-card\">\n                      <div class=\"ep8a-imgwrap\">\n                                                <img class=\"ep8a-img skip-lazy no-lazy\" decoding=\"async\" loading=\"eager\" data-no-lazy=\"1\" src=\"https:\/\/8a.pl\/media\/catalog\/product\/k\/o\/kominiarka-columbia-titanium-balaclava-phoenix-blue-1786352713.webp@jpg\" alt=\"Columbia Titanium Balaclava\" width=\"500\" height=\"600\">                      <\/div>\n                    <\/div>\n                  <\/a>\n                  <div class=\"ep8a-caption\">\n                    <a class=\"ep8a-link\" href=\"https:\/\/8a.pl\/kominiarka-columbia-titanium-balaclava-phoenix-blue\" target=\"_self\" rel=\"nofollow noopener noreferrer\">\n                      <h3 class=\"ep8a-title\" title=\"Columbia Titanium Balaclava\">Columbia Titanium Balaclava<\/h3>\n                    <\/a>\n                    <div class=\"ep8a-price\">199.99 z\u0142<\/div>                  <\/div>\n                <\/article>\n              <\/div>\n                          <div class=\"swiper-slide\">\n                <article class=\"ep8a-tile\">\n                  <a class=\"ep8a-link\" href=\"https:\/\/8a.pl\/kominiarka-narciarska-oakley-printed-pile-balaclava-cement\" target=\"_self\" rel=\"nofollow noopener noreferrer\" aria-label=\"Oakley Printed Pile Balaclava\">\n                    <div class=\"ep8a-card\">\n                      <div class=\"ep8a-imgwrap\">\n                                                <img class=\"ep8a-img skip-lazy no-lazy\" decoding=\"async\" loading=\"eager\" data-no-lazy=\"1\" src=\"https:\/\/8a.pl\/media\/catalog\/product\/k\/o\/kominiarka-narciarska-oakley-printed-pile-balaclava-cement-1787663124.webp@jpg\" alt=\"Oakley Printed Pile Balaclava\" width=\"500\" height=\"600\">                      <\/div>\n                    <\/div>\n                  <\/a>\n                  <div class=\"ep8a-caption\">\n                    <a class=\"ep8a-link\" href=\"https:\/\/8a.pl\/kominiarka-narciarska-oakley-printed-pile-balaclava-cement\" target=\"_self\" rel=\"nofollow noopener noreferrer\">\n                      <h3 class=\"ep8a-title\" title=\"Oakley Printed Pile Balaclava\">Oakley Printed Pile Balaclava<\/h3>\n                    <\/a>\n                    <div class=\"ep8a-price\">203.99 z\u0142<\/div>                  <\/div>\n                <\/article>\n              <\/div>\n                          <div class=\"swiper-slide\">\n                <article class=\"ep8a-tile\">\n                  <a class=\"ep8a-link\" href=\"https:\/\/8a.pl\/kominiarka-devold-breeze-merino-150-balaclava-black\" target=\"_self\" rel=\"nofollow noopener noreferrer\" aria-label=\"Devold Breeze Merino 150 Balaclava\">\n                    <div class=\"ep8a-card\">\n                      <div class=\"ep8a-imgwrap\">\n                                                <img class=\"ep8a-img skip-lazy no-lazy\" decoding=\"async\" loading=\"eager\" data-no-lazy=\"1\" src=\"https:\/\/8a.pl\/media\/catalog\/product\/k\/o\/kominiarka-devold-breeze-merino-150-balaclava-black-1787756472.webp@jpg\" alt=\"Devold Breeze Merino 150 Balaclava\" width=\"500\" height=\"600\">                      <\/div>\n                    <\/div>\n                  <\/a>\n                  <div class=\"ep8a-caption\">\n                    <a class=\"ep8a-link\" href=\"https:\/\/8a.pl\/kominiarka-devold-breeze-merino-150-balaclava-black\" target=\"_self\" rel=\"nofollow noopener noreferrer\">\n                      <h3 class=\"ep8a-title\" title=\"Devold Breeze Merino 150 Balaclava\">Devold Breeze Merino 150 Balaclava<\/h3>\n                    <\/a>\n                    <div class=\"ep8a-price\">179.99 z\u0142<\/div>                  <\/div>\n                <\/article>\n              <\/div>\n                          <div class=\"swiper-slide\">\n                <article class=\"ep8a-tile\">\n                  <a class=\"ep8a-link\" href=\"https:\/\/8a.pl\/kominiarka-devold-reverso-merino-balaclava-ink\" target=\"_self\" rel=\"nofollow noopener noreferrer\" aria-label=\"Devold Reverso Merino Balaclava\">\n                    <div class=\"ep8a-card\">\n                      <div class=\"ep8a-imgwrap\">\n                                                <img class=\"ep8a-img skip-lazy no-lazy\" decoding=\"async\" loading=\"eager\" data-no-lazy=\"1\" src=\"https:\/\/8a.pl\/media\/catalog\/product\/k\/o\/kominiarka-devold-reverso-merino-balaclava-ink-1787824873.webp@jpg\" alt=\"Devold Reverso Merino Balaclava\" width=\"500\" height=\"600\">                      <\/div>\n                    <\/div>\n                  <\/a>\n                  <div class=\"ep8a-caption\">\n                    <a class=\"ep8a-link\" href=\"https:\/\/8a.pl\/kominiarka-devold-reverso-merino-balaclava-ink\" target=\"_self\" rel=\"nofollow noopener noreferrer\">\n                      <h3 class=\"ep8a-title\" title=\"Devold Reverso Merino Balaclava\">Devold Reverso Merino Balaclava<\/h3>\n                    <\/a>\n                    <div class=\"ep8a-price\">259.99 z\u0142<\/div>                  <\/div>\n                <\/article>\n              <\/div>\n                          <div class=\"swiper-slide\">\n                <article class=\"ep8a-tile\">\n                  <a class=\"ep8a-link\" href=\"https:\/\/8a.pl\/kominiarka-buff-windproof-balaclava-logo-black\" target=\"_self\" rel=\"nofollow noopener noreferrer\" aria-label=\"Buff Windproof Balaclava\">\n                    <div class=\"ep8a-card\">\n                      <div class=\"ep8a-imgwrap\">\n                                                <img class=\"ep8a-img skip-lazy no-lazy\" decoding=\"async\" loading=\"eager\" data-no-lazy=\"1\" src=\"https:\/\/8a.pl\/media\/catalog\/product\/k\/o\/kominiarka-buff-windproof-balaclava-logo-black-1786629861.webp@jpg\" alt=\"Buff Windproof Balaclava\" width=\"500\" height=\"600\">                      <\/div>\n                    <\/div>\n                  <\/a>\n                  <div class=\"ep8a-caption\">\n                    <a class=\"ep8a-link\" href=\"https:\/\/8a.pl\/kominiarka-buff-windproof-balaclava-logo-black\" target=\"_self\" rel=\"nofollow noopener noreferrer\">\n                      <h3 class=\"ep8a-title\" title=\"Buff Windproof Balaclava\">Buff Windproof Balaclava<\/h3>\n                    <\/a>\n                    <div class=\"ep8a-price\">259.99 z\u0142<\/div>                  <\/div>\n                <\/article>\n              <\/div>\n                          <div class=\"swiper-slide\">\n                <article class=\"ep8a-tile\">\n                  <a class=\"ep8a-link\" href=\"https:\/\/8a.pl\/kominiarka-buff-thermonet-hinged-balaclava-solid-black\" target=\"_self\" rel=\"nofollow noopener noreferrer\" aria-label=\"Buff Thermonet Hinged Balaclava\">\n                    <div class=\"ep8a-card\">\n                      <div class=\"ep8a-imgwrap\">\n                                                <img class=\"ep8a-img skip-lazy no-lazy\" decoding=\"async\" loading=\"eager\" data-no-lazy=\"1\" src=\"https:\/\/8a.pl\/media\/catalog\/product\/k\/o\/kominiarka-buff-thermonet-hinged-balaclava-solid-black-1786629806.webp@jpg\" alt=\"Buff Thermonet Hinged Balaclava\" width=\"500\" height=\"600\">                      <\/div>\n                    <\/div>\n                  <\/a>\n                  <div class=\"ep8a-caption\">\n                    <a class=\"ep8a-link\" href=\"https:\/\/8a.pl\/kominiarka-buff-thermonet-hinged-balaclava-solid-black\" target=\"_self\" rel=\"nofollow noopener noreferrer\">\n                      <h3 class=\"ep8a-title\" title=\"Buff Thermonet Hinged Balaclava\">Buff Thermonet Hinged Balaclava<\/h3>\n                    <\/a>\n                    <div class=\"ep8a-price\">154.99 z\u0142<\/div>                  <\/div>\n                <\/article>\n              <\/div>\n                          <div class=\"swiper-slide\">\n                <article class=\"ep8a-tile\">\n                  <a class=\"ep8a-link\" href=\"https:\/\/8a.pl\/kominiarka-buff-thermonet-hinged-balaclava-arlof-powulti\" target=\"_self\" rel=\"nofollow noopener noreferrer\" aria-label=\"Buff Thermonet Hinged Balaclava\">\n                    <div class=\"ep8a-card\">\n                      <div class=\"ep8a-imgwrap\">\n                                                <img class=\"ep8a-img skip-lazy no-lazy\" decoding=\"async\" loading=\"eager\" data-no-lazy=\"1\" src=\"https:\/\/8a.pl\/media\/catalog\/product\/k\/o\/kominiarka-buff-thermonet-hinged-balaclava-arlof-powulti-1788260481.webp@jpg\" alt=\"Buff Thermonet Hinged Balaclava\" width=\"500\" height=\"600\">                      <\/div>\n                    <\/div>\n                  <\/a>\n                  <div class=\"ep8a-caption\">\n                    <a class=\"ep8a-link\" href=\"https:\/\/8a.pl\/kominiarka-buff-thermonet-hinged-balaclava-arlof-powulti\" target=\"_self\" rel=\"nofollow noopener noreferrer\">\n                      <h3 class=\"ep8a-title\" title=\"Buff Thermonet Hinged Balaclava\">Buff Thermonet Hinged Balaclava<\/h3>\n                    <\/a>\n                    <div class=\"ep8a-price\">189.99 z\u0142<\/div>                  <\/div>\n                <\/article>\n              <\/div>\n                          <div class=\"swiper-slide\">\n                <article class=\"ep8a-tile\">\n                  <a class=\"ep8a-link\" href=\"https:\/\/8a.pl\/kominiarka-buff-merino-lightweight-balaclava-solid-grey\" target=\"_self\" rel=\"nofollow noopener noreferrer\" aria-label=\"Buff Merino Lightweight Balaclava\">\n                    <div class=\"ep8a-card\">\n                      <div class=\"ep8a-imgwrap\">\n                                                <img class=\"ep8a-img skip-lazy no-lazy\" decoding=\"async\" loading=\"eager\" data-no-lazy=\"1\" src=\"https:\/\/8a.pl\/media\/catalog\/product\/k\/o\/kominiarka-buff-merino-lightweight-balaclava-solid-grey-1781067564.webp@jpg\" alt=\"Buff Merino Lightweight Balaclava\" width=\"500\" height=\"600\">                      <\/div>\n                    <\/div>\n                  <\/a>\n                  <div class=\"ep8a-caption\">\n                    <a class=\"ep8a-link\" href=\"https:\/\/8a.pl\/kominiarka-buff-merino-lightweight-balaclava-solid-grey\" target=\"_self\" rel=\"nofollow noopener noreferrer\">\n                      <h3 class=\"ep8a-title\" title=\"Buff Merino Lightweight Balaclava\">Buff Merino Lightweight Balaclava<\/h3>\n                    <\/a>\n                    <div class=\"ep8a-price\">169.99 z\u0142<\/div>                  <\/div>\n                <\/article>\n              <\/div>\n                          <div class=\"swiper-slide\">\n                <article class=\"ep8a-tile\">\n                  <a class=\"ep8a-link\" href=\"https:\/\/8a.pl\/kominiarka-buff-merino-lightweight-balaclava-solid-black\" target=\"_self\" rel=\"nofollow noopener noreferrer\" aria-label=\"Buff Merino Lightweight Balaclava\">\n                    <div class=\"ep8a-card\">\n                      <div class=\"ep8a-imgwrap\">\n                                                <img class=\"ep8a-img skip-lazy no-lazy\" decoding=\"async\" loading=\"eager\" data-no-lazy=\"1\" src=\"https:\/\/8a.pl\/media\/catalog\/product\/k\/o\/kominiarka-buff-merino-lightweight-balaclava-solid-black-1784113411.webp@jpg\" alt=\"Buff Merino Lightweight Balaclava\" width=\"500\" height=\"600\">                      <\/div>\n                    <\/div>\n                  <\/a>\n                  <div class=\"ep8a-caption\">\n                    <a class=\"ep8a-link\" href=\"https:\/\/8a.pl\/kominiarka-buff-merino-lightweight-balaclava-solid-black\" target=\"_self\" rel=\"nofollow noopener noreferrer\">\n                      <h3 class=\"ep8a-title\" title=\"Buff Merino Lightweight Balaclava\">Buff Merino Lightweight Balaclava<\/h3>\n                    <\/a>\n                    <div class=\"ep8a-price\">169.99 z\u0142<\/div>                  <\/div>\n                <\/article>\n              <\/div>\n                          <div class=\"swiper-slide\">\n                <article class=\"ep8a-tile\">\n                  <a class=\"ep8a-link\" href=\"https:\/\/8a.pl\/kominiarka-helly-hansen-lifa-merino-balaclava-black\" target=\"_self\" rel=\"nofollow noopener noreferrer\" aria-label=\"Helly Hansen Lifa Merino Balaclava\">\n                    <div class=\"ep8a-card\">\n                      <div class=\"ep8a-imgwrap\">\n                                                <img class=\"ep8a-img skip-lazy no-lazy\" decoding=\"async\" loading=\"eager\" data-no-lazy=\"1\" src=\"https:\/\/8a.pl\/media\/catalog\/product\/k\/o\/kominiarka-helly-hansen-lifa-merino-balaclava-black-1787756473.webp@jpg\" alt=\"Helly Hansen Lifa Merino Balaclava\" width=\"500\" height=\"600\">                      <\/div>\n                    <\/div>\n                  <\/a>\n                  <div class=\"ep8a-caption\">\n                    <a class=\"ep8a-link\" href=\"https:\/\/8a.pl\/kominiarka-helly-hansen-lifa-merino-balaclava-black\" target=\"_self\" rel=\"nofollow noopener noreferrer\">\n                      <h3 class=\"ep8a-title\" title=\"Helly Hansen Lifa Merino Balaclava\">Helly Hansen Lifa Merino Balaclava<\/h3>\n                    <\/a>\n                    <div class=\"ep8a-price\">159.99 z\u0142<\/div>                  <\/div>\n                <\/article>\n              <\/div>\n                      <\/div>\n        <\/div>\n\n        <!-- Strza\u0142ki poza .swiper -->\n        <button class=\"ep8a-arrow ep8a-prev\" id=\"ep8a_9b9990f6-aaad-46c7-8ce6-f8b8dd481f54_prev\" aria-label=\"Poprzedni\"><\/button>\n        <button class=\"ep8a-arrow ep8a-next\" id=\"ep8a_9b9990f6-aaad-46c7-8ce6-f8b8dd481f54_next\" aria-label=\"Nast\u0119pny\"><\/button>\n      <\/div>\n\n      <!-- Stopka: linia + CTA po prawej -->\n      <div class=\"ep8a-bottom\">\n        <span class=\"ep8a-bottomline\"><\/span>\n                  <a class=\"ep8a-cta\" href=\"https:\/\/8a.pl\/kominiarki-na-narty\" target=\"_self\" rel=\"nofollow noopener noreferrer\">\n            KUP KOMINIARK\u0118 NA NARTY          <\/a>\n              <\/div>\n    <\/section>\n\n\t<script>\n\tdocument.addEventListener(\"DOMContentLoaded\", function(){\n\t  if (typeof Swiper === \"undefined\") return;\n\n\t  const sel    = \"#ep8a_9b9990f6-aaad-46c7-8ce6-f8b8dd481f54_swiper\";\n\t  const prevEl = \"#ep8a_9b9990f6-aaad-46c7-8ce6-f8b8dd481f54_prev\";\n\t  const nextEl = \"#ep8a_9b9990f6-aaad-46c7-8ce6-f8b8dd481f54_next\";\n\n\t  \/\/ 1) Zainicjuj Swiper od razu \u2013 nie czekaj na wszystkie obrazy\n\t  let sw = new Swiper(sel, {\n\t\tloop: true,\n\t\tspaceBetween: 24,\n\t\tslidesPerView: 1,\n\t\troundLengths: true,\n\t\tobserver: true,\n\t\tobserveParents: true,\n\t\tresizeObserver: true,\n\t\tpreloadImages: true,\n\t\tupdateOnWindowResize: true,\n\t\tlazy: { loadOnTransitionStart: true, loadPrevNext: true, loadPrevNextAmount: 2 },\n\t\twatchSlidesProgress: true,\n\t\twatchSlidesVisibility: true,\n\t\tnavigation: { nextEl, prevEl },\n\t\tbreakpoints: {\n\t\t  320:  { slidesPerView: 2 },\n\t\t  720:  { slidesPerView: 3 },\n\t\t  1200: { slidesPerView: 4 }\n\t\t},\n\t\ton: {\n\t\t  imagesReady() { try { sw.update(); } catch(e){} },\n\t\t  afterInit()   { try { sw.update(); } catch(e){} }\n\t\t}\n\t  });\n\n\t  \/\/ 2) Delikatny \u201enudge\u201d dla przegl\u0105darki: je\u015bli obraz jest w DOM i ma src, popro\u015b o decode\n\t  const imgs = document.querySelectorAll(sel + \" .ep8a-img\");\n\t  imgs.forEach((img) => {\n\t\tif (img.complete) {\n\t\t  if (img.decode) { img.decode().catch(()=>{}).finally(()=> sw && sw.update()); }\n\t\t} else {\n\t\t  img.addEventListener(\"load\",  () => { if (img.decode) { img.decode().catch(()=>{}).finally(()=> sw && sw.update()); } else { sw && sw.update(); } }, { once:true });\n\t\t  img.addEventListener(\"error\", () => { sw && sw.update(); }, { once:true });\n\t\t}\n\t  });\n\n\t  \/\/ 3) Gdy okno w pe\u0142ni si\u0119 za\u0142aduje, przelicz jeszcze raz\n\t  window.addEventListener(\"load\", () => { sw && sw.update(); });\n\t});\n\t<\/script>\n\n    \n\n\n\n<h2 class=\"wp-block-heading\" id=\"h-jak-ubrac-dziecko-na-narty\">Jak ubra\u0107 dziecko na narty?<\/h2>\n\n\n\n<p class=\"wp-block-paragraph\">Zastanawiaj\u0105c si\u0119, jak ubra\u0107 dziecko na narty, warto kierowa\u0107 si\u0119 tymi samymi zasadami co w przypadku doros\u0142ych, ale z wi\u0119kszym naciskiem na komfort cieplny i \u0142atwo\u015b\u0107 regulacji warstw. Dzieci szybciej marzn\u0105, a jednocze\u015bnie intensywnie si\u0119 ruszaj\u0105, dlatego warstwowy ubi\u00f3r sprawdza si\u0119 tu najlepiej i pozwala reagowa\u0107 na zmieniaj\u0105ce si\u0119 warunki na stoku.<\/p>\n\n\n\n<p class=\"wp-block-paragraph\"><\/p>\n\n\n<div class=\"wp-block-image\">\n<figure class=\"aligncenter size-full\"><img loading=\"lazy\" decoding=\"async\" width=\"600\" height=\"816\" src=\"https:\/\/8a.pl\/8academy\/wp-content\/uploads\/2025\/11\/5100395A-5660_Viekkala_5100392A-630A_Alaniva_4a.webp\" alt=\"Dziecko zje\u017caj\u0105ce na snowboardzie.\" class=\"wp-image-82588\" srcset=\"https:\/\/8a.pl\/8academy\/wp-content\/uploads\/2025\/11\/5100395A-5660_Viekkala_5100392A-630A_Alaniva_4a.webp 600w, https:\/\/8a.pl\/8academy\/wp-content\/uploads\/2025\/11\/5100395A-5660_Viekkala_5100392A-630A_Alaniva_4a-221x300.webp 221w\" sizes=\"(max-width: 600px) 100vw, 600px\" \/><figcaption class=\"wp-element-caption\">Jak ubra\u0107 dziecko na narty? Warstwowy str\u00f3j, ciep\u0142e dodatki i swoboda ruch\u00f3w to podstawa udanej zabawy na \u015bniegu. (fot. Reima)<\/figcaption><\/figure>\n<\/div>\n\n\n<p class=\"wp-block-paragraph\">Pierwsz\u0105 warstw\u0119 powinna stanowi\u0107 bielizna termoaktywna, kt\u00f3ra skutecznie odprowadza wilgo\u0107 i ogranicza wych\u0142odzenie organizmu. Na ni\u0105 warto za\u0142o\u017cy\u0107 ciep\u0142\u0105, ale lekk\u0105 warstw\u0119 ocieplaj\u0105c\u0105 &#8211; polar lub bluz\u0119 techniczn\u0105. Zewn\u0119trzna kurtka i spodnie narciarskie musz\u0105 chroni\u0107 przed \u015bniegiem i wiatrem, a jednocze\u015bnie zapewnia\u0107 swobod\u0119 ruch\u00f3w podczas jazdy i zabawy. W przypadku m\u0142odszych dzieci warto postawi\u0107 na kombinezony.<\/p>\n\n\n\n<p class=\"wp-block-paragraph\"><\/p>\n\n\n    <section class=\"ep8a-section\">\n      <div class=\"ep8a-header\">\n        <div class=\"ep8a-titlebar\">\n          <p class=\"ep8a-h\">Kombinezony dla dziecka<\/p>          <span class=\"ep8a-titleline\"><\/span>\n        <\/div>\n      <\/div>\n\n      <div class=\"ep8a-wrap\" id=\"ep8a_fbcd7160-8de4-40b2-bd35-ebfd20e6e3b1\">\n        <div class=\"ep8a-carousel swiper\" id=\"ep8a_fbcd7160-8de4-40b2-bd35-ebfd20e6e3b1_swiper\">\n          <div class=\"swiper-wrapper\">\n                          <div class=\"swiper-slide\">\n                <article class=\"ep8a-tile\">\n                  <a class=\"ep8a-link\" href=\"https:\/\/8a.pl\/kombinezon-dzieciecy-columbia-foxy-baby-sherpa-bunting-rainy-day-phoenix-blue\" target=\"_self\" rel=\"nofollow noopener noreferrer\" aria-label=\"Columbia Foxy Baby Sherpa Bunting\">\n                    <div class=\"ep8a-card\">\n                      <div class=\"ep8a-imgwrap\">\n                                                <img class=\"ep8a-img skip-lazy no-lazy\" decoding=\"async\" loading=\"eager\" data-no-lazy=\"1\" src=\"https:\/\/8a.pl\/media\/catalog\/product\/k\/o\/kombinezon-dzieciecy-columbia-foxy-baby-sherpa-bunting-rainy-day-phoenix-blue-1786006998.webp@jpg\" alt=\"Columbia Foxy Baby Sherpa Bunting\" width=\"500\" height=\"600\">                      <\/div>\n                    <\/div>\n                  <\/a>\n                  <div class=\"ep8a-caption\">\n                    <a class=\"ep8a-link\" href=\"https:\/\/8a.pl\/kombinezon-dzieciecy-columbia-foxy-baby-sherpa-bunting-rainy-day-phoenix-blue\" target=\"_self\" rel=\"nofollow noopener noreferrer\">\n                      <h3 class=\"ep8a-title\" title=\"Columbia Foxy Baby Sherpa Bunting\">Columbia Foxy Baby Sherpa Bunting<\/h3>\n                    <\/a>\n                    <div class=\"ep8a-price\">199.99 z\u0142<\/div>                  <\/div>\n                <\/article>\n              <\/div>\n                          <div class=\"swiper-slide\">\n                <article class=\"ep8a-tile\">\n                  <a class=\"ep8a-link\" href=\"https:\/\/8a.pl\/kombinezon-dzieciecy-columbia-foxy-baby-sherpa-bunting-antique-mauve-moonvista\" target=\"_self\" rel=\"nofollow noopener noreferrer\" aria-label=\"Columbia Foxy Baby Sherpa Bunting\">\n                    <div class=\"ep8a-card\">\n                      <div class=\"ep8a-imgwrap\">\n                                                <img class=\"ep8a-img skip-lazy no-lazy\" decoding=\"async\" loading=\"eager\" data-no-lazy=\"1\" src=\"https:\/\/8a.pl\/media\/catalog\/product\/k\/o\/kombinezon-dzieciecy-columbia-foxy-baby-sherpa-bunting-antique-mauve-moonvista-1786456998.webp@jpg\" alt=\"Columbia Foxy Baby Sherpa Bunting\" width=\"500\" height=\"600\">                      <\/div>\n                    <\/div>\n                  <\/a>\n                  <div class=\"ep8a-caption\">\n                    <a class=\"ep8a-link\" href=\"https:\/\/8a.pl\/kombinezon-dzieciecy-columbia-foxy-baby-sherpa-bunting-antique-mauve-moonvista\" target=\"_self\" rel=\"nofollow noopener noreferrer\">\n                      <h3 class=\"ep8a-title\" title=\"Columbia Foxy Baby Sherpa Bunting\">Columbia Foxy Baby Sherpa Bunting<\/h3>\n                    <\/a>\n                    <div class=\"ep8a-price\">199.99 z\u0142<\/div>                  <\/div>\n                <\/article>\n              <\/div>\n                          <div class=\"swiper-slide\">\n                <article class=\"ep8a-tile\">\n                  <a class=\"ep8a-link\" href=\"https:\/\/8a.pl\/kombinezon-dzieciecy-columbia-snuggly-bunny-ii-bunting-rainy-day\" target=\"_self\" rel=\"nofollow noopener noreferrer\" aria-label=\"Columbia Snuggly Bunny II Bunting\">\n                    <div class=\"ep8a-card\">\n                      <div class=\"ep8a-imgwrap\">\n                                                <img class=\"ep8a-img skip-lazy no-lazy\" decoding=\"async\" loading=\"eager\" data-no-lazy=\"1\" src=\"https:\/\/8a.pl\/media\/catalog\/product\/k\/o\/kombinezon-dzieciecy-columbia-snuggly-bunny-ii-bunting-rainy-day-1784019680.webp@jpg\" alt=\"Columbia Snuggly Bunny II Bunting\" width=\"500\" height=\"600\">                      <\/div>\n                    <\/div>\n                  <\/a>\n                  <div class=\"ep8a-caption\">\n                    <a class=\"ep8a-link\" href=\"https:\/\/8a.pl\/kombinezon-dzieciecy-columbia-snuggly-bunny-ii-bunting-rainy-day\" target=\"_self\" rel=\"nofollow noopener noreferrer\">\n                      <h3 class=\"ep8a-title\" title=\"Columbia Snuggly Bunny II Bunting\">Columbia Snuggly Bunny II Bunting<\/h3>\n                    <\/a>\n                    <div class=\"ep8a-price\">349.99 z\u0142<\/div>                  <\/div>\n                <\/article>\n              <\/div>\n                          <div class=\"swiper-slide\">\n                <article class=\"ep8a-tile\">\n                  <a class=\"ep8a-link\" href=\"https:\/\/8a.pl\/kombinezon-dzieciecy-columbia-foxy-baby-sherpa-bunting-satin-pink-chalk\" target=\"_self\" rel=\"nofollow noopener noreferrer\" aria-label=\"Columbia Foxy Baby Sherpa Bunting\">\n                    <div class=\"ep8a-card\">\n                      <div class=\"ep8a-imgwrap\">\n                                                <img class=\"ep8a-img skip-lazy no-lazy\" decoding=\"async\" loading=\"eager\" data-no-lazy=\"1\" src=\"https:\/\/8a.pl\/media\/catalog\/product\/k\/o\/kombinezon-dzieciecy-columbia-foxy-baby-sherpa-bunting-satin-pink-chalk-1784719594.webp@jpg\" alt=\"Columbia Foxy Baby Sherpa Bunting\" width=\"500\" height=\"600\">                      <\/div>\n                    <\/div>\n                  <\/a>\n                  <div class=\"ep8a-caption\">\n                    <a class=\"ep8a-link\" href=\"https:\/\/8a.pl\/kombinezon-dzieciecy-columbia-foxy-baby-sherpa-bunting-satin-pink-chalk\" target=\"_self\" rel=\"nofollow noopener noreferrer\">\n                      <h3 class=\"ep8a-title\" title=\"Columbia Foxy Baby Sherpa Bunting\">Columbia Foxy Baby Sherpa Bunting<\/h3>\n                    <\/a>\n                    <div class=\"ep8a-price\">199.99 z\u0142<\/div>                  <\/div>\n                <\/article>\n              <\/div>\n                          <div class=\"swiper-slide\">\n                <article class=\"ep8a-tile\">\n                  <a class=\"ep8a-link\" href=\"https:\/\/8a.pl\/kombinezon-dzieciecy-reima-kipina-thyme-green\" target=\"_self\" rel=\"nofollow noopener noreferrer\" aria-label=\"Reima Kipina\">\n                    <div class=\"ep8a-card\">\n                      <div class=\"ep8a-imgwrap\">\n                                                <img class=\"ep8a-img skip-lazy no-lazy\" decoding=\"async\" loading=\"eager\" data-no-lazy=\"1\" src=\"https:\/\/8a.pl\/media\/catalog\/product\/k\/o\/kombinezon-dzieciecy-reima-kipina-thyme-green-1784804840.webp@jpg\" alt=\"Reima Kipina\" width=\"500\" height=\"600\">                      <\/div>\n                    <\/div>\n                  <\/a>\n                  <div class=\"ep8a-caption\">\n                    <a class=\"ep8a-link\" href=\"https:\/\/8a.pl\/kombinezon-dzieciecy-reima-kipina-thyme-green\" target=\"_self\" rel=\"nofollow noopener noreferrer\">\n                      <h3 class=\"ep8a-title\" title=\"Reima Kipina\">Reima Kipina<\/h3>\n                    <\/a>\n                    <div class=\"ep8a-price\">799.99 z\u0142<\/div>                  <\/div>\n                <\/article>\n              <\/div>\n                          <div class=\"swiper-slide\">\n                <article class=\"ep8a-tile\">\n                  <a class=\"ep8a-link\" href=\"https:\/\/8a.pl\/kombinezon-dzieciecy-reima-kurikka-stone-green\" target=\"_self\" rel=\"nofollow noopener noreferrer\" aria-label=\"Reima Kurikka\">\n                    <div class=\"ep8a-card\">\n                      <div class=\"ep8a-imgwrap\">\n                                                <img class=\"ep8a-img skip-lazy no-lazy\" decoding=\"async\" loading=\"eager\" data-no-lazy=\"1\" src=\"https:\/\/8a.pl\/media\/catalog\/product\/k\/o\/kombinezon-dzieciecy-reima-kurikka-stone-green-1784556140.webp@jpg\" alt=\"Reima Kurikka\" width=\"500\" height=\"600\">                      <\/div>\n                    <\/div>\n                  <\/a>\n                  <div class=\"ep8a-caption\">\n                    <a class=\"ep8a-link\" href=\"https:\/\/8a.pl\/kombinezon-dzieciecy-reima-kurikka-stone-green\" target=\"_self\" rel=\"nofollow noopener noreferrer\">\n                      <h3 class=\"ep8a-title\" title=\"Reima Kurikka\">Reima Kurikka<\/h3>\n                    <\/a>\n                    <div class=\"ep8a-price\">649.99 z\u0142<\/div>                  <\/div>\n                <\/article>\n              <\/div>\n                          <div class=\"swiper-slide\">\n                <article class=\"ep8a-tile\">\n                  <a class=\"ep8a-link\" href=\"https:\/\/8a.pl\/kombinezon-dzieciecy-reima-kurikka-navy\" target=\"_self\" rel=\"nofollow noopener noreferrer\" aria-label=\"Reima Kurikka\">\n                    <div class=\"ep8a-card\">\n                      <div class=\"ep8a-imgwrap\">\n                                                <img class=\"ep8a-img skip-lazy no-lazy\" decoding=\"async\" loading=\"eager\" data-no-lazy=\"1\" src=\"https:\/\/8a.pl\/media\/catalog\/product\/k\/o\/kombinezon-dzieciecy-reima-kurikka-navy-1785160939.webp@jpg\" alt=\"Reima Kurikka\" width=\"500\" height=\"600\">                      <\/div>\n                    <\/div>\n                  <\/a>\n                  <div class=\"ep8a-caption\">\n                    <a class=\"ep8a-link\" href=\"https:\/\/8a.pl\/kombinezon-dzieciecy-reima-kurikka-navy\" target=\"_self\" rel=\"nofollow noopener noreferrer\">\n                      <h3 class=\"ep8a-title\" title=\"Reima Kurikka\">Reima Kurikka<\/h3>\n                    <\/a>\n                    <div class=\"ep8a-price\">649.99 z\u0142<\/div>                  <\/div>\n                <\/article>\n              <\/div>\n                          <div class=\"swiper-slide\">\n                <article class=\"ep8a-tile\">\n                  <a class=\"ep8a-link\" href=\"https:\/\/8a.pl\/kombinezon-dzieciecy-reima-kurikka-grey-pink\" target=\"_self\" rel=\"nofollow noopener noreferrer\" aria-label=\"Reima Kurikka\">\n                    <div class=\"ep8a-card\">\n                      <div class=\"ep8a-imgwrap\">\n                                                <img class=\"ep8a-img skip-lazy no-lazy\" decoding=\"async\" loading=\"eager\" data-no-lazy=\"1\" src=\"https:\/\/8a.pl\/media\/catalog\/product\/k\/o\/kombinezon-dzieciecy-reima-kurikka-grey-pink-1785160931.webp@jpg\" alt=\"Reima Kurikka\" width=\"500\" height=\"600\">                      <\/div>\n                    <\/div>\n                  <\/a>\n                  <div class=\"ep8a-caption\">\n                    <a class=\"ep8a-link\" href=\"https:\/\/8a.pl\/kombinezon-dzieciecy-reima-kurikka-grey-pink\" target=\"_self\" rel=\"nofollow noopener noreferrer\">\n                      <h3 class=\"ep8a-title\" title=\"Reima Kurikka\">Reima Kurikka<\/h3>\n                    <\/a>\n                    <div class=\"ep8a-price\">649.99 z\u0142<\/div>                  <\/div>\n                <\/article>\n              <\/div>\n                          <div class=\"swiper-slide\">\n                <article class=\"ep8a-tile\">\n                  <a class=\"ep8a-link\" href=\"https:\/\/8a.pl\/kombinezon-dzieciecy-reima-puhuri-stone-green\" target=\"_self\" rel=\"nofollow noopener noreferrer\" aria-label=\"Reima Puhuri\">\n                    <div class=\"ep8a-card\">\n                      <div class=\"ep8a-imgwrap\">\n                                                <img class=\"ep8a-img skip-lazy no-lazy\" decoding=\"async\" loading=\"eager\" data-no-lazy=\"1\" src=\"https:\/\/8a.pl\/media\/catalog\/product\/k\/o\/kombinezon-dzieciecy-reima-puhuri-stone-green-1787843311.webp@jpg\" alt=\"Reima Puhuri\" width=\"500\" height=\"600\">                      <\/div>\n                    <\/div>\n                  <\/a>\n                  <div class=\"ep8a-caption\">\n                    <a class=\"ep8a-link\" href=\"https:\/\/8a.pl\/kombinezon-dzieciecy-reima-puhuri-stone-green\" target=\"_self\" rel=\"nofollow noopener noreferrer\">\n                      <h3 class=\"ep8a-title\" title=\"Reima Puhuri\">Reima Puhuri<\/h3>\n                    <\/a>\n                    <div class=\"ep8a-price\">549.99 z\u0142<\/div>                  <\/div>\n                <\/article>\n              <\/div>\n                          <div class=\"swiper-slide\">\n                <article class=\"ep8a-tile\">\n                  <a class=\"ep8a-link\" href=\"https:\/\/8a.pl\/kombinezon-dzieciecy-reima-puhuri-grey-pink\" target=\"_self\" rel=\"nofollow noopener noreferrer\" aria-label=\"Reima Puhuri\">\n                    <div class=\"ep8a-card\">\n                      <div class=\"ep8a-imgwrap\">\n                                                <img class=\"ep8a-img skip-lazy no-lazy\" decoding=\"async\" loading=\"eager\" data-no-lazy=\"1\" src=\"https:\/\/8a.pl\/media\/catalog\/product\/k\/o\/kombinezon-dzieciecy-reima-puhuri-grey-pink-1787843191.webp@jpg\" alt=\"Reima Puhuri\" width=\"500\" height=\"600\">                      <\/div>\n                    <\/div>\n                  <\/a>\n                  <div class=\"ep8a-caption\">\n                    <a class=\"ep8a-link\" href=\"https:\/\/8a.pl\/kombinezon-dzieciecy-reima-puhuri-grey-pink\" target=\"_self\" rel=\"nofollow noopener noreferrer\">\n                      <h3 class=\"ep8a-title\" title=\"Reima Puhuri\">Reima Puhuri<\/h3>\n                    <\/a>\n                    <div class=\"ep8a-price\">549.99 z\u0142<\/div>                  <\/div>\n                <\/article>\n              <\/div>\n                      <\/div>\n        <\/div>\n\n        <!-- Strza\u0142ki poza .swiper -->\n        <button class=\"ep8a-arrow ep8a-prev\" id=\"ep8a_fbcd7160-8de4-40b2-bd35-ebfd20e6e3b1_prev\" aria-label=\"Poprzedni\"><\/button>\n        <button class=\"ep8a-arrow ep8a-next\" id=\"ep8a_fbcd7160-8de4-40b2-bd35-ebfd20e6e3b1_next\" aria-label=\"Nast\u0119pny\"><\/button>\n      <\/div>\n\n      <!-- Stopka: linia + CTA po prawej -->\n      <div class=\"ep8a-bottom\">\n        <span class=\"ep8a-bottomline\"><\/span>\n                  <a class=\"ep8a-cta\" href=\"https:\/\/8a.pl\/kombinezony-dla-dziecka\" target=\"_self\" rel=\"nofollow noopener noreferrer\">\n            KUP KOMBINEZON DLA DZIECKA          <\/a>\n              <\/div>\n    <\/section>\n\n\t<script>\n\tdocument.addEventListener(\"DOMContentLoaded\", function(){\n\t  if (typeof Swiper === \"undefined\") return;\n\n\t  const sel    = \"#ep8a_fbcd7160-8de4-40b2-bd35-ebfd20e6e3b1_swiper\";\n\t  const prevEl = \"#ep8a_fbcd7160-8de4-40b2-bd35-ebfd20e6e3b1_prev\";\n\t  const nextEl = \"#ep8a_fbcd7160-8de4-40b2-bd35-ebfd20e6e3b1_next\";\n\n\t  \/\/ 1) Zainicjuj Swiper od razu \u2013 nie czekaj na wszystkie obrazy\n\t  let sw = new Swiper(sel, {\n\t\tloop: true,\n\t\tspaceBetween: 24,\n\t\tslidesPerView: 1,\n\t\troundLengths: true,\n\t\tobserver: true,\n\t\tobserveParents: true,\n\t\tresizeObserver: true,\n\t\tpreloadImages: true,\n\t\tupdateOnWindowResize: true,\n\t\tlazy: { loadOnTransitionStart: true, loadPrevNext: true, loadPrevNextAmount: 2 },\n\t\twatchSlidesProgress: true,\n\t\twatchSlidesVisibility: true,\n\t\tnavigation: { nextEl, prevEl },\n\t\tbreakpoints: {\n\t\t  320:  { slidesPerView: 2 },\n\t\t  720:  { slidesPerView: 3 },\n\t\t  1200: { slidesPerView: 4 }\n\t\t},\n\t\ton: {\n\t\t  imagesReady() { try { sw.update(); } catch(e){} },\n\t\t  afterInit()   { try { sw.update(); } catch(e){} }\n\t\t}\n\t  });\n\n\t  \/\/ 2) Delikatny \u201enudge\u201d dla przegl\u0105darki: je\u015bli obraz jest w DOM i ma src, popro\u015b o decode\n\t  const imgs = document.querySelectorAll(sel + \" .ep8a-img\");\n\t  imgs.forEach((img) => {\n\t\tif (img.complete) {\n\t\t  if (img.decode) { img.decode().catch(()=>{}).finally(()=> sw && sw.update()); }\n\t\t} else {\n\t\t  img.addEventListener(\"load\",  () => { if (img.decode) { img.decode().catch(()=>{}).finally(()=> sw && sw.update()); } else { sw && sw.update(); } }, { once:true });\n\t\t  img.addEventListener(\"error\", () => { sw && sw.update(); }, { once:true });\n\t\t}\n\t  });\n\n\t  \/\/ 3) Gdy okno w pe\u0142ni si\u0119 za\u0142aduje, przelicz jeszcze raz\n\t  window.addEventListener(\"load\", () => { sw && sw.update(); });\n\t});\n\t<\/script>\n\n    \n\n\n\n<p class=\"wp-block-paragraph\">Planuj\u0105c, jak ubra\u0107 dziecko na narty, szczeg\u00f3ln\u0105 uwag\u0119 warto zwr\u00f3ci\u0107 na dodatki: ciep\u0142e r\u0119kawice, dobrze dopasowany kask, gogle oraz skarpety narciarskie. Dobrze dobrany str\u00f3j sprawi, \u017ce dziecko nie tylko b\u0119dzie bezpieczne, ale te\u017c ch\u0119tniej sp\u0119dzi wi\u0119cej czasu na stoku \u2013 bez marudzenia i szybkiego powrotu do schroniska.<\/p>\n","protected":false},"excerpt":{"rendered":"<p>Wybieraj\u0105c si\u0119 na stok konieczny b\u0119dzie odpowiedni str\u00f3j. Aby cieszy\u0107 si\u0119 z przyjemno\u015bci czerpanej z jazdy nale\u017cy we w\u0142a\u015bciwy spos\u00f3b skompletowa\u0107 poszczeg\u00f3lne warstwy.<\/p>\n","protected":false},"author":7,"featured_media":66236,"comment_status":"open","ping_status":"closed","sticky":false,"template":"","format":"standard","meta":{"_acf_changed":false,"_uf_show_specific_survey":0,"_uf_disable_surveys":false,"footnotes":""},"categories":[26075],"tags":[26098,26069,26084],"class_list":["post-83260","post","type-post","status-publish","format-standard","has-post-thumbnail","hentry","category-sporty-zimowe","tag-narty_zjazdowe","tag-poradnik","tag-zima"],"acf":[],"yoast_head":"<!-- This site is optimized with the Yoast SEO Premium plugin v23.4 (Yoast SEO v25.5) - https:\/\/yoast.com\/wordpress\/plugins\/seo\/ -->\n<title>Jak si\u0119 ubra\u0107 na narty zjazdowe \u2013 podpowiadamy | 8academy<\/title>\n<meta name=\"description\" content=\"Zastanawiasz si\u0119 jak si\u0119 ubra\u0107 na narty zjazdowe? Podpowiadamy o czym pami\u0119ta\u0107 w doborze stroju do tej zimowej aktywno\u015bci.\" \/>\n<meta name=\"robots\" content=\"index, follow, max-snippet:-1, max-image-preview:large, max-video-preview:-1\" \/>\n<link rel=\"canonical\" href=\"https:\/\/8a.pl\/8academy\/jak-sie-ubrac-na-narty-zjazdowe\/\" \/>\n<meta property=\"og:locale\" content=\"pl_PL\" \/>\n<meta property=\"og:type\" content=\"article\" \/>\n<meta property=\"og:title\" content=\"Jak si\u0119 ubra\u0107 na narty zjazdowe? Kompletny poradnik\" \/>\n<meta property=\"og:description\" content=\"Zastanawiasz si\u0119 jak si\u0119 ubra\u0107 na narty zjazdowe? Podpowiadamy o czym pami\u0119ta\u0107 w doborze stroju do tej zimowej aktywno\u015bci.\" \/>\n<meta property=\"og:url\" content=\"https:\/\/8a.pl\/8academy\/jak-sie-ubrac-na-narty-zjazdowe\/\" \/>\n<meta property=\"og:site_name\" content=\"8academy.pl - portal g\u00f3rski i wspinaczkowy dla aktywnych\" \/>\n<meta property=\"article:publisher\" content=\"https:\/\/pl-pl.facebook.com\/sklep8apl\/\" \/>\n<meta property=\"article:published_time\" content=\"2026-01-02T12:05:59+00:00\" \/>\n<meta property=\"article:modified_time\" content=\"2026-01-09T13:37:13+00:00\" \/>\n<meta property=\"og:image\" content=\"https:\/\/8a.pl\/8academy\/wp-content\/uploads\/2020\/01\/8ACADEMY_FB_-1.jpg\" \/>\n\t<meta property=\"og:image:width\" content=\"1200\" \/>\n\t<meta property=\"og:image:height\" content=\"628\" \/>\n\t<meta property=\"og:image:type\" content=\"image\/jpeg\" \/>\n<meta name=\"author\" content=\"Redakcja 8Academy\" \/>\n<meta name=\"twitter:card\" content=\"summary_large_image\" \/>\n<meta name=\"twitter:label1\" content=\"Napisane przez\" \/>\n\t<meta name=\"twitter:data1\" content=\"Redakcja 8Academy\" \/>\n\t<meta name=\"twitter:label2\" content=\"Szacowany czas czytania\" \/>\n\t<meta name=\"twitter:data2\" content=\"11 minut\" \/>\n<!-- \/ Yoast SEO Premium plugin. -->","yoast_head_json":{"title":"Jak si\u0119 ubra\u0107 na narty zjazdowe \u2013 podpowiadamy | 8academy","description":"Zastanawiasz si\u0119 jak si\u0119 ubra\u0107 na narty zjazdowe? Podpowiadamy o czym pami\u0119ta\u0107 w doborze stroju do tej zimowej aktywno\u015bci.","robots":{"index":"index","follow":"follow","max-snippet":"max-snippet:-1","max-image-preview":"max-image-preview:large","max-video-preview":"max-video-preview:-1"},"canonical":"https:\/\/8a.pl\/8academy\/jak-sie-ubrac-na-narty-zjazdowe\/","og_locale":"pl_PL","og_type":"article","og_title":"Jak si\u0119 ubra\u0107 na narty zjazdowe? Kompletny poradnik","og_description":"Zastanawiasz si\u0119 jak si\u0119 ubra\u0107 na narty zjazdowe? Podpowiadamy o czym pami\u0119ta\u0107 w doborze stroju do tej zimowej aktywno\u015bci.","og_url":"https:\/\/8a.pl\/8academy\/jak-sie-ubrac-na-narty-zjazdowe\/","og_site_name":"8academy.pl - portal g\u00f3rski i wspinaczkowy dla aktywnych","article_publisher":"https:\/\/pl-pl.facebook.com\/sklep8apl\/","article_published_time":"2026-01-02T12:05:59+00:00","article_modified_time":"2026-01-09T13:37:13+00:00","og_image":[{"width":1200,"height":628,"url":"https:\/\/8a.pl\/8academy\/wp-content\/uploads\/2020\/01\/8ACADEMY_FB_-1.jpg","type":"image\/jpeg"}],"author":"Redakcja 8Academy","twitter_card":"summary_large_image","twitter_misc":{"Napisane przez":"Redakcja 8Academy","Szacowany czas czytania":"11 minut"},"schema":{"@context":"https:\/\/schema.org","@graph":[{"@type":"Article","@id":"https:\/\/8a.pl\/8academy\/jak-sie-ubrac-na-narty-zjazdowe\/#article","isPartOf":{"@id":"https:\/\/8a.pl\/8academy\/jak-sie-ubrac-na-narty-zjazdowe\/"},"author":{"name":"Redakcja 8Academy","@id":"https:\/\/8a.pl\/8academy\/#\/schema\/person\/2e392153a51786e6c3d5ede231b5d2a4"},"headline":"Jak si\u0119 ubra\u0107 na narty zjazdowe? Kompletny poradnik","datePublished":"2026-01-02T12:05:59+00:00","dateModified":"2026-01-09T13:37:13+00:00","mainEntityOfPage":{"@id":"https:\/\/8a.pl\/8academy\/jak-sie-ubrac-na-narty-zjazdowe\/"},"wordCount":1908,"commentCount":0,"publisher":{"@id":"https:\/\/8a.pl\/8academy\/#organization"},"image":{"@id":"https:\/\/8a.pl\/8academy\/jak-sie-ubrac-na-narty-zjazdowe\/#primaryimage"},"thumbnailUrl":"https:\/\/8a.pl\/8academy\/wp-content\/uploads\/2020\/01\/AdobeStock_270579391.jpeg","keywords":["Narty zjazdowe","Poradnik","Zima"],"articleSection":["Sporty zimowe"],"inLanguage":"pl-PL","potentialAction":[{"@type":"CommentAction","name":"Comment","target":["https:\/\/8a.pl\/8academy\/jak-sie-ubrac-na-narty-zjazdowe\/#respond"]}]},{"@type":"WebPage","@id":"https:\/\/8a.pl\/8academy\/jak-sie-ubrac-na-narty-zjazdowe\/","url":"https:\/\/8a.pl\/8academy\/jak-sie-ubrac-na-narty-zjazdowe\/","name":"Jak si\u0119 ubra\u0107 na narty zjazdowe \u2013 podpowiadamy | 8academy","isPartOf":{"@id":"https:\/\/8a.pl\/8academy\/#website"},"primaryImageOfPage":{"@id":"https:\/\/8a.pl\/8academy\/jak-sie-ubrac-na-narty-zjazdowe\/#primaryimage"},"image":{"@id":"https:\/\/8a.pl\/8academy\/jak-sie-ubrac-na-narty-zjazdowe\/#primaryimage"},"thumbnailUrl":"https:\/\/8a.pl\/8academy\/wp-content\/uploads\/2020\/01\/AdobeStock_270579391.jpeg","datePublished":"2026-01-02T12:05:59+00:00","dateModified":"2026-01-09T13:37:13+00:00","description":"Zastanawiasz si\u0119 jak si\u0119 ubra\u0107 na narty zjazdowe? Podpowiadamy o czym pami\u0119ta\u0107 w doborze stroju do tej zimowej aktywno\u015bci.","breadcrumb":{"@id":"https:\/\/8a.pl\/8academy\/jak-sie-ubrac-na-narty-zjazdowe\/#breadcrumb"},"inLanguage":"pl-PL","potentialAction":[{"@type":"ReadAction","target":["https:\/\/8a.pl\/8academy\/jak-sie-ubrac-na-narty-zjazdowe\/"]}]},{"@type":"ImageObject","inLanguage":"pl-PL","@id":"https:\/\/8a.pl\/8academy\/jak-sie-ubrac-na-narty-zjazdowe\/#primaryimage","url":"https:\/\/8a.pl\/8academy\/wp-content\/uploads\/2020\/01\/AdobeStock_270579391.jpeg","contentUrl":"https:\/\/8a.pl\/8academy\/wp-content\/uploads\/2020\/01\/AdobeStock_270579391.jpeg","width":1100,"height":715,"caption":"Young attractive skier skiing in famous ski resort in Alps, Livigno, Italy, Europe."},{"@type":"BreadcrumbList","@id":"https:\/\/8a.pl\/8academy\/jak-sie-ubrac-na-narty-zjazdowe\/#breadcrumb","itemListElement":[{"@type":"ListItem","position":1,"name":"Strona g\u0142\u00f3wna","item":"https:\/\/8a.pl\/8academy\/"},{"@type":"ListItem","position":2,"name":"Jak si\u0119 ubra\u0107 na narty zjazdowe? Kompletny poradnik"}]},{"@type":"WebSite","@id":"https:\/\/8a.pl\/8academy\/#website","url":"https:\/\/8a.pl\/8academy\/","name":"8academy.pl - portal g\u00f3rski i wspinaczkowy dla aktywnych","description":"8academy to portal g\u00f3rski o wspinaczce, trekkingu i skiturach. Znajdziesz tu porady, testy sprz\u0119tu i opisy najlepszych rejon\u00f3w. Inspirujemy zdobywc\u00f3w!","publisher":{"@id":"https:\/\/8a.pl\/8academy\/#organization"},"potentialAction":[{"@type":"SearchAction","target":{"@type":"EntryPoint","urlTemplate":"https:\/\/8a.pl\/8academy\/?s={search_term_string}"},"query-input":{"@type":"PropertyValueSpecification","valueRequired":true,"valueName":"search_term_string"}}],"inLanguage":"pl-PL"},{"@type":"Organization","@id":"https:\/\/8a.pl\/8academy\/#organization","name":"8academy.pl - portal g\u00f3rski i wspinaczkowy dla aktywnych","url":"https:\/\/8a.pl\/8academy\/","logo":{"@type":"ImageObject","inLanguage":"pl-PL","@id":"https:\/\/8a.pl\/8academy\/#\/schema\/logo\/image\/","url":"https:\/\/8a.pl\/8academy\/wp-content\/uploads\/2015\/11\/logo.png","contentUrl":"https:\/\/8a.pl\/8academy\/wp-content\/uploads\/2015\/11\/logo.png","width":438,"height":315,"caption":"8academy.pl - portal g\u00f3rski i wspinaczkowy dla aktywnych"},"image":{"@id":"https:\/\/8a.pl\/8academy\/#\/schema\/logo\/image\/"},"sameAs":["https:\/\/pl-pl.facebook.com\/sklep8apl\/","https:\/\/www.instagram.com\/8apl\/"]},{"@type":"Person","@id":"https:\/\/8a.pl\/8academy\/#\/schema\/person\/2e392153a51786e6c3d5ede231b5d2a4","name":"Redakcja 8Academy","image":{"@type":"ImageObject","inLanguage":"pl-PL","@id":"https:\/\/8a.pl\/8academy\/#\/schema\/person\/image\/","url":"https:\/\/8a.pl\/8academy\/wp-content\/uploads\/2017\/10\/logo_obrobione_2_150_59ICJ.jpg","contentUrl":"https:\/\/8a.pl\/8academy\/wp-content\/uploads\/2017\/10\/logo_obrobione_2_150_59ICJ.jpg","caption":"Redakcja 8Academy"},"url":"https:\/\/8a.pl\/8academy\/author\/redakcja\/"}]}},"_links":{"self":[{"href":"https:\/\/8a.pl\/8academy\/wp-json\/wp\/v2\/posts\/83260","targetHints":{"allow":["GET"]}}],"collection":[{"href":"https:\/\/8a.pl\/8academy\/wp-json\/wp\/v2\/posts"}],"about":[{"href":"https:\/\/8a.pl\/8academy\/wp-json\/wp\/v2\/types\/post"}],"author":[{"embeddable":true,"href":"https:\/\/8a.pl\/8academy\/wp-json\/wp\/v2\/users\/7"}],"replies":[{"embeddable":true,"href":"https:\/\/8a.pl\/8academy\/wp-json\/wp\/v2\/comments?post=83260"}],"version-history":[{"count":16,"href":"https:\/\/8a.pl\/8academy\/wp-json\/wp\/v2\/posts\/83260\/revisions"}],"predecessor-version":[{"id":83285,"href":"https:\/\/8a.pl\/8academy\/wp-json\/wp\/v2\/posts\/83260\/revisions\/83285"}],"wp:attachment":[{"href":"https:\/\/8a.pl\/8academy\/wp-json\/wp\/v2\/media?parent=83260"}],"wp:term":[{"taxonomy":"category","embeddable":true,"href":"https:\/\/8a.pl\/8academy\/wp-json\/wp\/v2\/categories?post=83260"},{"taxonomy":"post_tag","embeddable":true,"href":"https:\/\/8a.pl\/8academy\/wp-json\/wp\/v2\/tags?post=83260"}],"curies":[{"name":"wp","href":"https:\/\/api.w.org\/{rel}","templated":true}]}}