{"id":83121,"date":"2025-12-27T12:01:24","date_gmt":"2025-12-27T11:01:24","guid":{"rendered":"https:\/\/8a.pl\/8academy\/?p=83121"},"modified":"2025-12-27T12:01:27","modified_gmt":"2025-12-27T11:01:27","slug":"mammut-eiger-extreme-6-0-nowa-odslona-kolekcji","status":"publish","type":"post","link":"https:\/\/8a.pl\/8academy\/mammut-eiger-extreme-6-0-nowa-odslona-kolekcji\/","title":{"rendered":"Mammut Eiger Extreme 6.0 &#8211; nowa ods\u0142ona kolekcji"},"content":{"rendered":"\n<p class=\"wp-block-paragraph\">Kolekcja Mammut Eiger Extreme 6.0 to co\u015b wi\u0119cej ni\u017c odzie\u017c i sprz\u0119t outdoorowy &#8211; to wynik ponad trzech dekad do\u015bwiadczenia, test\u00f3w w warunkach, kt\u00f3re wi\u0119kszo\u015b\u0107 z nas widzi jedynie na zdj\u0119ciach, i wsp\u00f3\u0142pracy z zawodowymi alpinistami. Seria ta od lat definiuje najwy\u017cszy poziom funkcjonalno\u015bci i odporno\u015bci na ekstremalne warunki alpejskie, \u0142\u0105cz\u0105c technologi\u0119, trwa\u0142o\u015b\u0107 i minimalny wp\u0142yw na \u015brodowisko.<\/p>\n\n\n\n<p class=\"wp-block-paragraph\"><\/p>\n\n\n    <section class=\"ep8a-section\">\n      <div class=\"ep8a-header\">\n        <div class=\"ep8a-titlebar\">\n          <p class=\"ep8a-h\">Mammut Eiger Extreme Nordwand<\/p>          <span class=\"ep8a-titleline\"><\/span>\n        <\/div>\n      <\/div>\n\n      <div class=\"ep8a-wrap\" id=\"ep8a_23c2298c-5fda-4072-9e8d-1214e63a5e20\">\n        <div class=\"ep8a-carousel swiper\" id=\"ep8a_23c2298c-5fda-4072-9e8d-1214e63a5e20_swiper\">\n          <div class=\"swiper-wrapper\">\n                          <div class=\"swiper-slide\">\n                <article class=\"ep8a-tile\">\n                  <a class=\"ep8a-link\" href=\"https:\/\/8a.pl\/plaszcz-peak-performance-treeline-hipe-2l-insulated-shell-parka-olive-extreme\" target=\"_self\" rel=\"nofollow noopener noreferrer\" aria-label=\"Peak Performance Treeline Hipe 2L Insulated Shell Parka\">\n                    <div class=\"ep8a-card\">\n                      <div class=\"ep8a-imgwrap\">\n                                                <img fetchpriority=\"high\" class=\"ep8a-img skip-lazy no-lazy\" decoding=\"async\" loading=\"eager\" data-no-lazy=\"1\" src=\"https:\/\/8a.pl\/media\/catalog\/product\/7\/3\/7333529050809-1-1787727796.webp@jpg\" alt=\"Peak Performance Treeline Hipe 2L Insulated Shell Parka\" width=\"500\" height=\"600\">                      <\/div>\n                    <\/div>\n                  <\/a>\n                  <div class=\"ep8a-caption\">\n                    <a class=\"ep8a-link\" href=\"https:\/\/8a.pl\/plaszcz-peak-performance-treeline-hipe-2l-insulated-shell-parka-olive-extreme\" target=\"_self\" rel=\"nofollow noopener noreferrer\">\n                      <h3 class=\"ep8a-title\" title=\"Peak Performance Treeline Hipe 2L Insulated Shell Parka\">Peak Performance Treeline Hipe 2L Insulated Shell Parka<\/h3>\n                    <\/a>\n                    <div class=\"ep8a-price\">1749.99 z\u0142<\/div>                  <\/div>\n                <\/article>\n              <\/div>\n                          <div class=\"swiper-slide\">\n                <article class=\"ep8a-tile\">\n                  <a class=\"ep8a-link\" href=\"https:\/\/8a.pl\/plaszcz-peak-performance-treeline-hiper-2-5l-shell-parka-black\" target=\"_self\" rel=\"nofollow noopener noreferrer\" aria-label=\"Peak Performance Treeline HIPE\u00ae 2.5L Shell Parka\">\n                    <div class=\"ep8a-card\">\n                      <div class=\"ep8a-imgwrap\">\n                                                <img class=\"ep8a-img skip-lazy no-lazy\" decoding=\"async\" loading=\"eager\" data-no-lazy=\"1\" src=\"https:\/\/8a.pl\/media\/catalog\/product\/p\/l\/plaszcz-peak-performance-treeline-hiper-2-5l-shell-parka-black-1788271841.webp@jpg\" alt=\"Peak Performance Treeline HIPE\u00ae 2.5L Shell Parka\" width=\"500\" height=\"600\">                      <\/div>\n                    <\/div>\n                  <\/a>\n                  <div class=\"ep8a-caption\">\n                    <a class=\"ep8a-link\" href=\"https:\/\/8a.pl\/plaszcz-peak-performance-treeline-hiper-2-5l-shell-parka-black\" target=\"_self\" rel=\"nofollow noopener noreferrer\">\n                      <h3 class=\"ep8a-title\" title=\"Peak Performance Treeline HIPE\u00ae 2.5L Shell Parka\">Peak Performance Treeline HIPE\u00ae 2.5L Shell Parka<\/h3>\n                    <\/a>\n                    <div class=\"ep8a-price\">1199.99 z\u0142<\/div>                  <\/div>\n                <\/article>\n              <\/div>\n                          <div class=\"swiper-slide\">\n                <article class=\"ep8a-tile\">\n                  <a class=\"ep8a-link\" href=\"https:\/\/8a.pl\/plaszcz-przeciwdeszczowy-houdini-one-parka-ii-true-black\" target=\"_self\" rel=\"nofollow noopener noreferrer\" aria-label=\"Houdini One Parka II\">\n                    <div class=\"ep8a-card\">\n                      <div class=\"ep8a-imgwrap\">\n                                                <img class=\"ep8a-img skip-lazy no-lazy\" decoding=\"async\" loading=\"eager\" data-no-lazy=\"1\" src=\"https:\/\/8a.pl\/media\/catalog\/product\/p\/l\/plaszcz-przeciwdeszczowy-houdini-one-parka-ii-true-black-1764191711.webp@jpg\" alt=\"Houdini One Parka II\" width=\"500\" height=\"600\">                      <\/div>\n                    <\/div>\n                  <\/a>\n                  <div class=\"ep8a-caption\">\n                    <a class=\"ep8a-link\" href=\"https:\/\/8a.pl\/plaszcz-przeciwdeszczowy-houdini-one-parka-ii-true-black\" target=\"_self\" rel=\"nofollow noopener noreferrer\">\n                      <h3 class=\"ep8a-title\" title=\"Houdini One Parka II\">Houdini One Parka II<\/h3>\n                    <\/a>\n                    <div class=\"ep8a-price\">1109.99 z\u0142<\/div>                  <\/div>\n                <\/article>\n              <\/div>\n                          <div class=\"swiper-slide\">\n                <article class=\"ep8a-tile\">\n                  <a class=\"ep8a-link\" href=\"https:\/\/8a.pl\/plaszcz-przeciwdeszczowy-peak-performance-treeline-shell-parka-black-black\" target=\"_self\" rel=\"nofollow noopener noreferrer\" aria-label=\"Peak Performance Treeline Shell Parka\">\n                    <div class=\"ep8a-card\">\n                      <div class=\"ep8a-imgwrap\">\n                                                <img class=\"ep8a-img skip-lazy no-lazy\" decoding=\"async\" loading=\"eager\" data-no-lazy=\"1\" src=\"https:\/\/8a.pl\/media\/catalog\/product\/p\/l\/plaszcz-przeciwdeszczowy-peak-performance-treeline-shell-parka-black-black-1785330628.webp@jpg\" alt=\"Peak Performance Treeline Shell Parka\" width=\"500\" height=\"600\">                      <\/div>\n                    <\/div>\n                  <\/a>\n                  <div class=\"ep8a-caption\">\n                    <a class=\"ep8a-link\" href=\"https:\/\/8a.pl\/plaszcz-przeciwdeszczowy-peak-performance-treeline-shell-parka-black-black\" target=\"_self\" rel=\"nofollow noopener noreferrer\">\n                      <h3 class=\"ep8a-title\" title=\"Peak Performance Treeline Shell Parka\">Peak Performance Treeline Shell Parka<\/h3>\n                    <\/a>\n                    <div class=\"ep8a-price\">1039.99 z\u0142<\/div>                  <\/div>\n                <\/article>\n              <\/div>\n                          <div class=\"swiper-slide\">\n                <article class=\"ep8a-tile\">\n                  <a class=\"ep8a-link\" href=\"https:\/\/8a.pl\/plaszcz-przeciwdeszczowy-peak-performance-treeline-shell-parka-black\" target=\"_self\" rel=\"nofollow noopener noreferrer\" aria-label=\"Peak Performance Treeline Shell Parka\">\n                    <div class=\"ep8a-card\">\n                      <div class=\"ep8a-imgwrap\">\n                                                <img class=\"ep8a-img skip-lazy no-lazy\" decoding=\"async\" loading=\"eager\" data-no-lazy=\"1\" src=\"https:\/\/8a.pl\/media\/catalog\/product\/p\/l\/plaszcz-przeciwdeszczowy-peak-performance-treeline-shell-parka-black-1740042432.webp@jpg\" alt=\"Peak Performance Treeline Shell Parka\" width=\"500\" height=\"600\">                      <\/div>\n                    <\/div>\n                  <\/a>\n                  <div class=\"ep8a-caption\">\n                    <a class=\"ep8a-link\" href=\"https:\/\/8a.pl\/plaszcz-przeciwdeszczowy-peak-performance-treeline-shell-parka-black\" target=\"_self\" rel=\"nofollow noopener noreferrer\">\n                      <h3 class=\"ep8a-title\" title=\"Peak Performance Treeline Shell Parka\">Peak Performance Treeline Shell Parka<\/h3>\n                    <\/a>\n                    <div class=\"ep8a-price\">814.99 z\u0142<\/div>                  <\/div>\n                <\/article>\n              <\/div>\n                          <div class=\"swiper-slide\">\n                <article class=\"ep8a-tile\">\n                  <a class=\"ep8a-link\" href=\"https:\/\/8a.pl\/plaszcz-ocieplany-didriksons-ejnar-parka-long-2-murky-green\" target=\"_self\" rel=\"nofollow noopener noreferrer\" aria-label=\"Didriksons Ejnar USX Parka Long 2\">\n                    <div class=\"ep8a-card\">\n                      <div class=\"ep8a-imgwrap\">\n                                                <img class=\"ep8a-img skip-lazy no-lazy\" decoding=\"async\" loading=\"eager\" data-no-lazy=\"1\" src=\"https:\/\/8a.pl\/media\/catalog\/product\/p\/l\/plaszcz-ocieplany-didriksons-ejnar-parka-long-2-murky-green-1737553330.webp@jpg\" alt=\"Didriksons Ejnar USX Parka Long 2\" width=\"500\" height=\"600\">                      <\/div>\n                    <\/div>\n                  <\/a>\n                  <div class=\"ep8a-caption\">\n                    <a class=\"ep8a-link\" href=\"https:\/\/8a.pl\/plaszcz-ocieplany-didriksons-ejnar-parka-long-2-murky-green\" target=\"_self\" rel=\"nofollow noopener noreferrer\">\n                      <h3 class=\"ep8a-title\" title=\"Didriksons Ejnar USX Parka Long 2\">Didriksons Ejnar USX Parka Long 2<\/h3>\n                    <\/a>\n                    <div class=\"ep8a-price\">933.99 z\u0142<\/div>                  <\/div>\n                <\/article>\n              <\/div>\n                      <\/div>\n        <\/div>\n\n        <!-- Strza\u0142ki poza .swiper -->\n        <button class=\"ep8a-arrow ep8a-prev\" id=\"ep8a_23c2298c-5fda-4072-9e8d-1214e63a5e20_prev\" aria-label=\"Poprzedni\"><\/button>\n        <button class=\"ep8a-arrow ep8a-next\" id=\"ep8a_23c2298c-5fda-4072-9e8d-1214e63a5e20_next\" aria-label=\"Nast\u0119pny\"><\/button>\n      <\/div>\n\n      <!-- Stopka: linia + CTA po prawej -->\n      <div class=\"ep8a-bottom\">\n        <span class=\"ep8a-bottomline\"><\/span>\n                  <a class=\"ep8a-cta\" href=\"https:\/\/8a.pl\/mammut-eiger-extreme\" target=\"_self\" rel=\"nofollow noopener noreferrer\">\n            ZOBACZ KOLEKCJ\u0118 MAMMUT EIGER EXTREME          <\/a>\n              <\/div>\n    <\/section>\n\n\t<script>\n\tdocument.addEventListener(\"DOMContentLoaded\", function(){\n\t  if (typeof Swiper === \"undefined\") return;\n\n\t  const sel    = \"#ep8a_23c2298c-5fda-4072-9e8d-1214e63a5e20_swiper\";\n\t  const prevEl = \"#ep8a_23c2298c-5fda-4072-9e8d-1214e63a5e20_prev\";\n\t  const nextEl = \"#ep8a_23c2298c-5fda-4072-9e8d-1214e63a5e20_next\";\n\n\t  \/\/ 1) Zainicjuj Swiper od razu \u2013 nie czekaj na wszystkie obrazy\n\t  let sw = new Swiper(sel, {\n\t\tloop: true,\n\t\tspaceBetween: 24,\n\t\tslidesPerView: 1,\n\t\troundLengths: true,\n\t\tobserver: true,\n\t\tobserveParents: true,\n\t\tresizeObserver: true,\n\t\tpreloadImages: true,\n\t\tupdateOnWindowResize: true,\n\t\tlazy: { loadOnTransitionStart: true, loadPrevNext: true, loadPrevNextAmount: 2 },\n\t\twatchSlidesProgress: true,\n\t\twatchSlidesVisibility: true,\n\t\tnavigation: { nextEl, prevEl },\n\t\tbreakpoints: {\n\t\t  320:  { slidesPerView: 2 },\n\t\t  720:  { slidesPerView: 3 },\n\t\t  1200: { slidesPerView: 4 }\n\t\t},\n\t\ton: {\n\t\t  imagesReady() { try { sw.update(); } catch(e){} },\n\t\t  afterInit()   { try { sw.update(); } catch(e){} }\n\t\t}\n\t  });\n\n\t  \/\/ 2) Delikatny \u201enudge\u201d dla przegl\u0105darki: je\u015bli obraz jest w DOM i ma src, popro\u015b o decode\n\t  const imgs = document.querySelectorAll(sel + \" .ep8a-img\");\n\t  imgs.forEach((img) => {\n\t\tif (img.complete) {\n\t\t  if (img.decode) { img.decode().catch(()=>{}).finally(()=> sw && sw.update()); }\n\t\t} else {\n\t\t  img.addEventListener(\"load\",  () => { if (img.decode) { img.decode().catch(()=>{}).finally(()=> sw && sw.update()); } else { sw && sw.update(); } }, { once:true });\n\t\t  img.addEventListener(\"error\", () => { sw && sw.update(); }, { once:true });\n\t\t}\n\t  });\n\n\t  \/\/ 3) Gdy okno w pe\u0142ni si\u0119 za\u0142aduje, przelicz jeszcze raz\n\t  window.addEventListener(\"load\", () => { sw && sw.update(); });\n\t});\n\t<\/script>\n\n    \n\n\n\n<h2 class=\"wp-block-heading\" id=\"h-dlaczego-eiger-extreme\">Dlaczego Eiger Extreme?<\/h2>\n\n\n\n<p class=\"wp-block-paragraph\">Alpinistom tej nazwy nie trzeba przedstawia\u0107. Nazwa kolekcji bowiem nie jest przypadkowa &#8211; pochodzi od legendarnej p\u00f3\u0142nocnej \u015bciany Eigeru, jednej z najbardziej wymagaj\u0105cych \u015bcian w Alpach, kt\u00f3ra od dziesi\u0119cioleci przyci\u0105ga wspinaczy z ca\u0142ego \u015bwiata. Produkty sygnowane Mammut Eiger Extreme powstaj\u0105 z my\u015bl\u0105 o tych, kt\u00f3rzy w g\u00f3rach oczekuj\u0105 absolutnej niezawodno\u015bci i najwy\u017cszej wydajno\u015bci.<\/p>\n\n\n\n<p class=\"wp-block-paragraph\"><\/p>\n\n\n<div class=\"wp-block-image\">\n<figure class=\"aligncenter size-full\"><img decoding=\"async\" width=\"600\" height=\"900\" src=\"https:\/\/8a.pl\/8academy\/wp-content\/uploads\/2025\/12\/SESJA_MAMMUT_EIGER_8A_12-2025_1-15_1.webp\" alt=\"Prezentacja serii Mammut Eiger Extreme.\" class=\"wp-image-83136\" srcset=\"https:\/\/8a.pl\/8academy\/wp-content\/uploads\/2025\/12\/SESJA_MAMMUT_EIGER_8A_12-2025_1-15_1.webp 600w, https:\/\/8a.pl\/8academy\/wp-content\/uploads\/2025\/12\/SESJA_MAMMUT_EIGER_8A_12-2025_1-15_1-200x300.webp 200w\" sizes=\"(max-width: 600px) 100vw, 600px\" \/><figcaption class=\"wp-element-caption\">Mammut Eiger Extreme &#8211; ka\u017cdy element ma swoje zadanie. (fot. 8a.pl)<\/figcaption><\/figure>\n<\/div>\n\n\n<h2 class=\"wp-block-heading\" id=\"h-mammut-eiger-extreme-trzy-dekady-rozwoju\">Mammut Eiger Extreme &#8211; trzy dekady rozwoju<\/h2>\n\n\n\n<p class=\"wp-block-paragraph\">Niecz\u0119sto trafia si\u0119 linia, kt\u00f3ra jest konsekwentnie rozwijana przez trzy dekady. Mammut Eiger Extreme startowa\u0142a w po\u0142owie lat 90., gdy \u201esprz\u0119t techniczny\u201d by\u0142 odpowiedzi\u0105 na realne potrzeby w Alpach, a nie kategori\u0105 w katalogu. Od pocz\u0105tku za\u0142o\u017cenia by\u0142y proste: minimum ozdobnik\u00f3w, maksimum dzia\u0142ania, rozwi\u0105zania, kt\u00f3re wytrzymuj\u0105 tarcie, wiatr, mr\u00f3z i wielodniowe u\u017cycie.<\/p>\n\n\n\n<p class=\"wp-block-paragraph\"><\/p>\n\n\n\n<div class=\"wp-block-buttons is-content-justification-center is-layout-flex wp-container-core-buttons-is-layout-fe48e5de wp-block-buttons-is-layout-flex\">\n<div class=\"wp-block-button\"><a class=\"wp-block-button__link has-background wp-element-button\" href=\"https:\/\/8a.pl\/cms-mammut-eiger\" style=\"border-radius:6px;background-color:#e9600e\">DOWIEDZ SI\u0118 WI\u0118CEJ O EIGER EXTREME<\/a><\/div>\n<\/div>\n\n\n\n<p class=\"wp-block-paragraph\">Ka\u017cda kolejna generacja by\u0142a dopracowywana w terenie: lodzie, w mik\u015bcie, w \u015bcianie, w zespole z lud\u017ami, kt\u00f3rzy tym sprz\u0119tem naprawd\u0119 pracuj\u0105. St\u0105d ergonomia pod uprz\u0105\u017c i kask, detale umo\u017cliwiaj\u0105ce obs\u0142ug\u0119 w r\u0119kawicach, kieszenie dost\u0119pne z pasem biodrowym &#8211; rzeczy, kt\u00f3re wygl\u0105daj\u0105 surowo na zdj\u0119ciach, a w praktyce oszcz\u0119dzaj\u0105 ruchy i czas.<\/p>\n\n\n\n<p class=\"wp-block-paragraph\">Dzi\u015b Mammut Eiger Extreme to sp\u00f3jny system warstw, a nie zbi\u00f3r pojedynczych produkt\u00f3w. Kolejne elementy zosta\u0142y zaprojektowane tak, \u017ceby wsp\u00f3\u0142pracowa\u0142y. Projekty pozwalaj\u0105 na przewidywalne zarz\u0105dzanie ciep\u0142em i wilgoci\u0105, nie wchodz\u0105 sobie w drog\u0119 krojem. I co najwa\u017cniejsze &#8211; daj\u0105 si\u0119 \u0142atwo serwisowa\u0107 po sezonie i je\u015bli trzeba &#8211; naprawia\u0107 w terenie. To nie jest linia do wszystkiego. To kolekcja, kt\u00f3ra powsta\u0142a po co\u015b konkretnego i dlatego przetrwa\u0142a trzydzie\u015bci lat.<\/p>\n\n\n\n<p class=\"wp-block-paragraph\"><\/p>\n\n\n<div class=\"wp-block-image\">\n<figure class=\"aligncenter size-full\"><img decoding=\"async\" width=\"600\" height=\"900\" src=\"https:\/\/8a.pl\/8academy\/wp-content\/uploads\/2025\/12\/SESJA_MAMMUT_EIGER_8A_12-2025_1-3_1.webp\" alt=\"Prezentacja serii Mammut Eiger Extreme.\" class=\"wp-image-83137\" srcset=\"https:\/\/8a.pl\/8academy\/wp-content\/uploads\/2025\/12\/SESJA_MAMMUT_EIGER_8A_12-2025_1-3_1.webp 600w, https:\/\/8a.pl\/8academy\/wp-content\/uploads\/2025\/12\/SESJA_MAMMUT_EIGER_8A_12-2025_1-3_1-200x300.webp 200w\" sizes=\"(max-width: 600px) 100vw, 600px\" \/><figcaption class=\"wp-element-caption\">Mammut Eiger Extreme Nordwand 6.0  &#8211; stworzony do pracy w terenie. (fot. 8a.pl)<\/figcaption><\/figure>\n<\/div>\n\n\n<p class=\"wp-block-paragraph\">Patrz\u0105c na drog\u0119 od pierwszej generacji do Nordwand 6.0, zmienia si\u0119 jedno &#8211; dok\u0142adno\u015b\u0107. Lepsze dane, wi\u0119cej godzin w terenie, dopracowane detale. Kierunek pozostaje ten sam &#8211; prostsza konstrukcja, wi\u0119ksza odporno\u015b\u0107, \u0142atwiejszy serwis, sp\u00f3jny system warstw.<\/p>\n\n\n\n<h2 class=\"wp-block-heading\" id=\"h-mammut-eiger-extreme-wykorzystuj-mniej-osiagaj-wiecej\">Mammut Eiger Extreme &#8211; wykorzystuj mniej, osi\u0105gaj wi\u0119cej<\/h2>\n\n\n\n<p class=\"wp-block-paragraph\">Mammut Eiger Extreme Nordwand 6.0 stoi na prostym za\u0142o\u017ceniu: im mniej rzeczy mo\u017ce si\u0119 zepsu\u0107, tym wi\u0119ksza szansa, \u017ce sprz\u0119t si\u0119 sprawdzi. Dlatego konstrukcje s\u0105 oszcz\u0119dne w szwach i dodatkach, a elementy s\u0105 projektowane z my\u015bl\u0105 o obs\u0142udze w r\u0119kawicach. Mniej przeszy\u0107 = mniej potencjalnych punkt\u00f3w s\u0142abo\u015bci, mniej gad\u017cet\u00f3w = szybsze dzia\u0142anie w \u015bcianie. To nie jest minimalistyczna estetyka, tylko pragmatyzm.<\/p>\n\n\n\n<ul class=\"wp-block-list\">\n<li><strong>Kr\u00f3j<\/strong> jest opracowany pod pe\u0142ny zakres ruchu r\u0105k nad g\u0142ow\u0105 bez podci\u0105gania do\u0142u.<\/li>\n\n\n\n<li><strong>Dolne kraw\u0119dzie<\/strong> i d\u0142ugo\u015bci s\u0105 dopasowane do uprz\u0119\u017cy i pasa biodrowego plecaka<\/li>\n\n\n\n<li><strong>Kieszenie<\/strong> s\u0105 ustawione tak, by by\u0142y dost\u0119pne w uprz\u0119\u017cy (i \u017ceby ich zawarto\u015b\u0107 nie kolidowa\u0142a z ta\u015bmami).<\/li>\n\n\n\n<li><strong>Regulacje<\/strong> dzia\u0142aj\u0105 intuicyjnie i szybko<\/li>\n<\/ul>\n\n\n\n<p class=\"wp-block-paragraph\"><\/p>\n\n\n<div class=\"wp-block-image\">\n<figure class=\"aligncenter size-full\"><img decoding=\"async\" width=\"600\" height=\"900\" src=\"https:\/\/8a.pl\/8academy\/wp-content\/uploads\/2025\/12\/SESJA_MAMMUT_EIGER_8A_12-2025_1-34.webp\" alt=\"Prezentacja serii Mammut Eiger Extreme.\" class=\"wp-image-83133\" srcset=\"https:\/\/8a.pl\/8academy\/wp-content\/uploads\/2025\/12\/SESJA_MAMMUT_EIGER_8A_12-2025_1-34.webp 600w, https:\/\/8a.pl\/8academy\/wp-content\/uploads\/2025\/12\/SESJA_MAMMUT_EIGER_8A_12-2025_1-34-200x300.webp 200w\" sizes=\"(max-width: 600px) 100vw, 600px\" \/><figcaption class=\"wp-element-caption\">Designed to Endure. (fot. 8a.pl)<\/figcaption><\/figure>\n<\/div>\n\n\n<h2 class=\"wp-block-heading\" id=\"h-stworzone-aby-wytrzymac-i-dac-sie-naprawic\">Stworzone, aby wytrzyma\u0107 (i da\u0107 si\u0119 naprawi\u0107)<\/h2>\n\n\n\n<p class=\"wp-block-paragraph\">Designed to Endure &#8211; trzy s\u0142owa opisuj\u0105ce ca\u0142o\u015b\u0107. Zu\u017cycie to naturalny efekt dzia\u0142a\u0144 w terenie &#8211; jest wkalkulowane w projekt. Kolekcja Mammut Eiger Extreme zak\u0142ada serwis zamiast wymiany \u2013 i to zar\u00f3wno na szybko w terenie, jak i po sezonie.<\/p>\n\n\n\n<p class=\"wp-block-paragraph\"><\/p>\n\n\n    <section class=\"ep8a-section\">\n      <div class=\"ep8a-header\">\n        <div class=\"ep8a-titlebar\">\n          <p class=\"ep8a-h\">Mammut Eiger Extreme Nordwand 6.0<\/p>          <span class=\"ep8a-titleline\"><\/span>\n        <\/div>\n      <\/div>\n\n      <div class=\"ep8a-wrap\" id=\"ep8a_6af809c5-843c-4a75-aa95-ba79914ef98e\">\n        <div class=\"ep8a-carousel swiper\" id=\"ep8a_6af809c5-843c-4a75-aa95-ba79914ef98e_swiper\">\n          <div class=\"swiper-wrapper\">\n                          <div class=\"swiper-slide\">\n                <article class=\"ep8a-tile\">\n                  <a class=\"ep8a-link\" href=\"https:\/\/8a.pl\/plaszcz-peak-performance-treeline-hipe-2l-insulated-shell-parka-olive-extreme\" target=\"_self\" rel=\"nofollow noopener noreferrer\" aria-label=\"Peak Performance Treeline Hipe 2L Insulated Shell Parka\">\n                    <div class=\"ep8a-card\">\n                      <div class=\"ep8a-imgwrap\">\n                                                <img fetchpriority=\"high\" class=\"ep8a-img skip-lazy no-lazy\" decoding=\"async\" loading=\"eager\" data-no-lazy=\"1\" src=\"https:\/\/8a.pl\/media\/catalog\/product\/7\/3\/7333529050809-1-1787727796.webp@jpg\" alt=\"Peak Performance Treeline Hipe 2L Insulated Shell Parka\" width=\"500\" height=\"600\">                      <\/div>\n                    <\/div>\n                  <\/a>\n                  <div class=\"ep8a-caption\">\n                    <a class=\"ep8a-link\" href=\"https:\/\/8a.pl\/plaszcz-peak-performance-treeline-hipe-2l-insulated-shell-parka-olive-extreme\" target=\"_self\" rel=\"nofollow noopener noreferrer\">\n                      <h3 class=\"ep8a-title\" title=\"Peak Performance Treeline Hipe 2L Insulated Shell Parka\">Peak Performance Treeline Hipe 2L Insulated Shell Parka<\/h3>\n                    <\/a>\n                    <div class=\"ep8a-price\">1749.99 z\u0142<\/div>                  <\/div>\n                <\/article>\n              <\/div>\n                      <\/div>\n        <\/div>\n\n        <!-- Strza\u0142ki poza .swiper -->\n        <button class=\"ep8a-arrow ep8a-prev\" id=\"ep8a_6af809c5-843c-4a75-aa95-ba79914ef98e_prev\" aria-label=\"Poprzedni\"><\/button>\n        <button class=\"ep8a-arrow ep8a-next\" id=\"ep8a_6af809c5-843c-4a75-aa95-ba79914ef98e_next\" aria-label=\"Nast\u0119pny\"><\/button>\n      <\/div>\n\n      <!-- Stopka: linia + CTA po prawej -->\n      <div class=\"ep8a-bottom\">\n        <span class=\"ep8a-bottomline\"><\/span>\n                  <a class=\"ep8a-cta\" href=\"https:\/\/8a.pl\/mammut-eiger-extreme\/type-kurtka\" target=\"_self\" rel=\"nofollow noopener noreferrer\">\n            ZOBACZ KURTKI MAMMUT EIGER EXTREME          <\/a>\n              <\/div>\n    <\/section>\n\n\t<script>\n\tdocument.addEventListener(\"DOMContentLoaded\", function(){\n\t  if (typeof Swiper === \"undefined\") return;\n\n\t  const sel    = \"#ep8a_6af809c5-843c-4a75-aa95-ba79914ef98e_swiper\";\n\t  const prevEl = \"#ep8a_6af809c5-843c-4a75-aa95-ba79914ef98e_prev\";\n\t  const nextEl = \"#ep8a_6af809c5-843c-4a75-aa95-ba79914ef98e_next\";\n\n\t  \/\/ 1) Zainicjuj Swiper od razu \u2013 nie czekaj na wszystkie obrazy\n\t  let sw = new Swiper(sel, {\n\t\tloop: true,\n\t\tspaceBetween: 24,\n\t\tslidesPerView: 1,\n\t\troundLengths: true,\n\t\tobserver: true,\n\t\tobserveParents: true,\n\t\tresizeObserver: true,\n\t\tpreloadImages: true,\n\t\tupdateOnWindowResize: true,\n\t\tlazy: { loadOnTransitionStart: true, loadPrevNext: true, loadPrevNextAmount: 2 },\n\t\twatchSlidesProgress: true,\n\t\twatchSlidesVisibility: true,\n\t\tnavigation: { nextEl, prevEl },\n\t\tbreakpoints: {\n\t\t  320:  { slidesPerView: 2 },\n\t\t  720:  { slidesPerView: 3 },\n\t\t  1200: { slidesPerView: 4 }\n\t\t},\n\t\ton: {\n\t\t  imagesReady() { try { sw.update(); } catch(e){} },\n\t\t  afterInit()   { try { sw.update(); } catch(e){} }\n\t\t}\n\t  });\n\n\t  \/\/ 2) Delikatny \u201enudge\u201d dla przegl\u0105darki: je\u015bli obraz jest w DOM i ma src, popro\u015b o decode\n\t  const imgs = document.querySelectorAll(sel + \" .ep8a-img\");\n\t  imgs.forEach((img) => {\n\t\tif (img.complete) {\n\t\t  if (img.decode) { img.decode().catch(()=>{}).finally(()=> sw && sw.update()); }\n\t\t} else {\n\t\t  img.addEventListener(\"load\",  () => { if (img.decode) { img.decode().catch(()=>{}).finally(()=> sw && sw.update()); } else { sw && sw.update(); } }, { once:true });\n\t\t  img.addEventListener(\"error\", () => { sw && sw.update(); }, { once:true });\n\t\t}\n\t  });\n\n\t  \/\/ 3) Gdy okno w pe\u0142ni si\u0119 za\u0142aduje, przelicz jeszcze raz\n\t  window.addEventListener(\"load\", () => { sw && sw.update(); });\n\t});\n\t<\/script>\n\n    \n\n\n\n<ul class=\"wp-block-list\">\n<li>Elementy zamk\u00f3w i newralgiczne detale spozwalaj\u0105 na \u0142atw\u0105 wymian\u0119 &#8211; bez rozpruwania po\u0142owy kurtki.<\/li>\n\n\n\n<li>W newralgicznych miejscach (do\u0142y plec\u00f3w, barki, do\u0142y r\u0119kaw\u00f3w, nogawki) stosuje si\u0119 rozwi\u0105zania zwi\u0119kszaj\u0105ce odporno\u015b\u0107 na tarcie.<\/li>\n\n\n\n<li>Standardyzacja cz\u0119\u015bci (tam, gdzie to mo\u017cliwe) upraszcza dob\u00f3r zamiennik\u00f3w.<\/li>\n\n\n\n<li>Instrukcje serwisowe s\u0105 jasne i przewidywalne.<\/li>\n<\/ul>\n\n\n\n<p class=\"wp-block-paragraph\"><\/p>\n\n\n<div class=\"wp-block-image\">\n<figure class=\"aligncenter size-full\"><img loading=\"lazy\" decoding=\"async\" width=\"600\" height=\"900\" src=\"https:\/\/8a.pl\/8academy\/wp-content\/uploads\/2025\/12\/SESJA_MAMMUT_EIGER_8A_12-2025_1-32.webp\" alt=\"Prezentacja serii Mammut Eiger Extreme.\" class=\"wp-image-83135\" srcset=\"https:\/\/8a.pl\/8academy\/wp-content\/uploads\/2025\/12\/SESJA_MAMMUT_EIGER_8A_12-2025_1-32.webp 600w, https:\/\/8a.pl\/8academy\/wp-content\/uploads\/2025\/12\/SESJA_MAMMUT_EIGER_8A_12-2025_1-32-200x300.webp 200w\" sizes=\"(max-width: 600px) 100vw, 600px\" \/><figcaption class=\"wp-element-caption\">Stworzone, aby wytrzyma\u0107. (fot. 8a.pl)<\/figcaption><\/figure>\n<\/div>\n\n\n<p class=\"wp-block-paragraph\">Klucz w Eiger Extreme to naprawialno\u015b\u0107 i d\u0142ugie \u017cycie sprz\u0119tu. Do hardshelli i puch\u00f3wek otrzymasz fabryczne \u0142atki, wi\u0119c drobne uszkodzenia s\u0105 mo\u017cliwe do naprawy samodzielnie. Je\u015bli padnie g\u0142\u00f3wny zamek, przeci\u0105gasz link\u0119 przez listw\u0119 przeciwsztormow\u0105 i awaryjnie domykasz kurtk\u0119. W ofercie znajduj\u0105 si\u0119 te\u017c dedykowane zestawy naprawcze, a konstrukcja ogranicza liczb\u0119 klejonych element\u00f3w, \u017ceby zwi\u0119kszy\u0107 trwa\u0142o\u015b\u0107 i u\u0142atwi\u0107 serwis.<\/p>\n\n\n\n<h3 class=\"wp-block-heading\">System warstw w praktyce<\/h3>\n\n\n\n<p class=\"wp-block-paragraph\">To zestaw, nie kolekcja pojedynczych gwiazd. Ka\u017cda warstwa ma przypisan\u0105 rol\u0119, kt\u00f3rych wsp\u00f3\u0142praca pozwala zadba\u0107 o komfort, sucho\u015b\u0107 i wydajno\u015b\u0107 w g\u00f3rach.<\/p>\n\n\n\n<p class=\"wp-block-paragraph\"><\/p>\n\n\n<div class=\"wp-block-image\">\n<figure class=\"aligncenter size-full\"><img loading=\"lazy\" decoding=\"async\" width=\"600\" height=\"900\" src=\"https:\/\/8a.pl\/8academy\/wp-content\/uploads\/2025\/12\/SESJA_MAMMUT_EIGER_8A_12-2025_1-2.webp\" alt=\"Prezentacja odzie\u017cy Mammut Eiger Extreme.\" class=\"wp-image-83134\" srcset=\"https:\/\/8a.pl\/8academy\/wp-content\/uploads\/2025\/12\/SESJA_MAMMUT_EIGER_8A_12-2025_1-2.webp 600w, https:\/\/8a.pl\/8academy\/wp-content\/uploads\/2025\/12\/SESJA_MAMMUT_EIGER_8A_12-2025_1-2-200x300.webp 200w\" sizes=\"(max-width: 600px) 100vw, 600px\" \/><figcaption class=\"wp-element-caption\">Mammut Eiger Extreme &#8211; minimum element\u00f3w, maksimum dzia\u0142ania. (fot. 8a.pl)<\/figcaption><\/figure>\n<\/div>\n\n\n<p class=\"wp-block-paragraph\">Na podej\u015bciu liczy si\u0119 odprowadzanie wilgoci i swoboda kroku. Nic si\u0119 nie dusi. Ubranie nie pracuje przeciwko Tobie. Przy asekuracji wa\u017cne jest szybkie zatrzymanie ciep\u0142a przy ciele. Izolacja nie koliduje z kapturem ani z uprz\u0119\u017c\u0105. Przy za\u0142amaniu pogody warstwa zewn\u0119trzna dopina ca\u0142y uk\u0142ad. Kaptur stabilnie siedzi na kasku. Pole widzenia zostaje. Wracasz do ruchu &#8211; para ma gdzie uciec. <\/p>\n\n\n\n<p class=\"wp-block-paragraph\"><\/p>\n\n\n<!-- ep8a: brak wynik\u00f3w dla filtr\u00f3w -->\n\n\n\n<p class=\"wp-block-paragraph\">Mammut Eiger Extreme pozwala z\u0142o\u017cy\u0107 elastyczny, precyzyjnie dopasoway zestaw, kt\u00f3ry reaguje nie tylko na pogod\u0119 i teren, ale te\u017c na Twoj\u0105 fizjologi\u0119.<\/p>\n\n\n\n<h2 class=\"wp-block-heading\" id=\"h-trwalosc-i-odpowiedzialnosc\">Trwa\u0142o\u015b\u0107 i odpowiedzialno\u015b\u0107<\/h2>\n\n\n\n<p class=\"wp-block-paragraph\">W praktyce: priorytetem jest d\u0142ugowieczno\u015b\u0107. To najbardziej sensowna forma odpowiedzialno\u015bci w g\u00f3rach &#8211; sprz\u0119t, kt\u00f3ry s\u0142u\u017cy latami, nie trafia szybko na wysypisko. W Nordwand 6.0 dochodzi do tego eliminacja zb\u0119dnych substancji chemicznych i wysoki udzia\u0142 tkanin z recyklingu tam, gdzie nie obni\u017ca to funkcji. Komunikaty s\u0105 proste: ma dzia\u0142a\u0107 d\u0142ugo, ma da\u0107 si\u0119 serwisowa\u0107, ma zostawia\u0107 mniejszy \u015blad.<\/p>\n\n\n\n<p class=\"wp-block-paragraph\">D\u0142ugowieczno\u015b\u0107 + serwisowalno\u015b\u0107 = rzeczywiste ograniczenie wymiany sprz\u0119tu. Mniej komponent\u00f3w jednorazowych, \u0142atwiejsze naprawy, brak \u201eefektu gad\u017cetu na sezon\u201d. To podej\u015bcie bardziej rzemie\u015blnicze ni\u017c marketingowe &#8211; i dobrze.<\/p>\n","protected":false},"excerpt":{"rendered":"<p>Mammut Eiger Extreme to projekt zrodzony z praktyki. Kroje pod uprz\u0119\u017ce, kaptury pod kask, odporne tkaniny i naprawialne detale. Tylko rozwi\u0105zania, kt\u00f3re maj\u0105 sens w g\u00f3rach.<\/p>\n","protected":false},"author":7,"featured_media":83117,"comment_status":"closed","ping_status":"closed","sticky":false,"template":"","format":"standard","meta":{"_acf_changed":false,"_uf_show_specific_survey":0,"_uf_disable_surveys":false,"footnotes":""},"categories":[26071],"tags":[26086,26104,26068],"class_list":["post-83121","post","type-post","status-publish","format-standard","has-post-thumbnail","hentry","category-alpinizm","tag-alpinizm","tag-caloroczne","tag-felieton"],"acf":[],"yoast_head":"<!-- This site is optimized with the Yoast SEO Premium plugin v23.4 (Yoast SEO v25.5) - https:\/\/yoast.com\/wordpress\/plugins\/seo\/ -->\n<title>Mammut Eiger Extreme | 8academy.pl<\/title>\n<meta name=\"description\" content=\"Mammut Eiger Extreme - kolekcja stworzona przez alpinist\u00f3w dla alpinist\u00f3w. Sprawd\u017a, co oferuje w nowej ods\u0142onie.\" \/>\n<meta name=\"robots\" content=\"index, follow, max-snippet:-1, max-image-preview:large, max-video-preview:-1\" \/>\n<link rel=\"canonical\" href=\"https:\/\/8a.pl\/8academy\/mammut-eiger-extreme-6-0-nowa-odslona-kolekcji\/\" \/>\n<meta property=\"og:locale\" content=\"pl_PL\" \/>\n<meta property=\"og:type\" content=\"article\" \/>\n<meta property=\"og:title\" content=\"Mammut Eiger Extreme 6.0 - nowa ods\u0142ona kolekcji\" \/>\n<meta property=\"og:description\" content=\"Mammut Eiger Extreme - kolekcja stworzona przez alpinist\u00f3w dla alpinist\u00f3w. Sprawd\u017a, co oferuje w nowej ods\u0142onie.\" \/>\n<meta property=\"og:url\" content=\"https:\/\/8a.pl\/8academy\/mammut-eiger-extreme-6-0-nowa-odslona-kolekcji\/\" \/>\n<meta property=\"og:site_name\" content=\"8academy.pl - portal g\u00f3rski i wspinaczkowy dla aktywnych\" \/>\n<meta property=\"article:publisher\" content=\"https:\/\/pl-pl.facebook.com\/sklep8apl\/\" \/>\n<meta property=\"article:published_time\" content=\"2025-12-27T11:01:24+00:00\" \/>\n<meta property=\"article:modified_time\" content=\"2025-12-27T11:01:27+00:00\" \/>\n<meta property=\"og:image\" content=\"https:\/\/8a.pl\/8academy\/wp-content\/uploads\/2025\/12\/image.webp\" \/>\n\t<meta property=\"og:image:width\" content=\"1024\" \/>\n\t<meta property=\"og:image:height\" content=\"775\" \/>\n\t<meta property=\"og:image:type\" content=\"image\/webp\" \/>\n<meta name=\"author\" content=\"Redakcja 8Academy\" \/>\n<meta name=\"twitter:card\" content=\"summary_large_image\" \/>\n<meta name=\"twitter:label1\" content=\"Napisane przez\" \/>\n\t<meta name=\"twitter:data1\" content=\"Redakcja 8Academy\" \/>\n\t<meta name=\"twitter:label2\" content=\"Szacowany czas czytania\" \/>\n\t<meta name=\"twitter:data2\" content=\"7 minut\" \/>\n<!-- \/ Yoast SEO Premium plugin. -->","yoast_head_json":{"title":"Mammut Eiger Extreme | 8academy.pl","description":"Mammut Eiger Extreme - kolekcja stworzona przez alpinist\u00f3w dla alpinist\u00f3w. Sprawd\u017a, co oferuje w nowej ods\u0142onie.","robots":{"index":"index","follow":"follow","max-snippet":"max-snippet:-1","max-image-preview":"max-image-preview:large","max-video-preview":"max-video-preview:-1"},"canonical":"https:\/\/8a.pl\/8academy\/mammut-eiger-extreme-6-0-nowa-odslona-kolekcji\/","og_locale":"pl_PL","og_type":"article","og_title":"Mammut Eiger Extreme 6.0 - nowa ods\u0142ona kolekcji","og_description":"Mammut Eiger Extreme - kolekcja stworzona przez alpinist\u00f3w dla alpinist\u00f3w. Sprawd\u017a, co oferuje w nowej ods\u0142onie.","og_url":"https:\/\/8a.pl\/8academy\/mammut-eiger-extreme-6-0-nowa-odslona-kolekcji\/","og_site_name":"8academy.pl - portal g\u00f3rski i wspinaczkowy dla aktywnych","article_publisher":"https:\/\/pl-pl.facebook.com\/sklep8apl\/","article_published_time":"2025-12-27T11:01:24+00:00","article_modified_time":"2025-12-27T11:01:27+00:00","og_image":[{"width":1024,"height":775,"url":"https:\/\/8a.pl\/8academy\/wp-content\/uploads\/2025\/12\/image.webp","type":"image\/webp"}],"author":"Redakcja 8Academy","twitter_card":"summary_large_image","twitter_misc":{"Napisane przez":"Redakcja 8Academy","Szacowany czas czytania":"7 minut"},"schema":{"@context":"https:\/\/schema.org","@graph":[{"@type":"Article","@id":"https:\/\/8a.pl\/8academy\/mammut-eiger-extreme-6-0-nowa-odslona-kolekcji\/#article","isPartOf":{"@id":"https:\/\/8a.pl\/8academy\/mammut-eiger-extreme-6-0-nowa-odslona-kolekcji\/"},"author":{"name":"Redakcja 8Academy","@id":"https:\/\/8a.pl\/8academy\/#\/schema\/person\/2e392153a51786e6c3d5ede231b5d2a4"},"headline":"Mammut Eiger Extreme 6.0 &#8211; nowa ods\u0142ona kolekcji","datePublished":"2025-12-27T11:01:24+00:00","dateModified":"2025-12-27T11:01:27+00:00","mainEntityOfPage":{"@id":"https:\/\/8a.pl\/8academy\/mammut-eiger-extreme-6-0-nowa-odslona-kolekcji\/"},"wordCount":1041,"publisher":{"@id":"https:\/\/8a.pl\/8academy\/#organization"},"image":{"@id":"https:\/\/8a.pl\/8academy\/mammut-eiger-extreme-6-0-nowa-odslona-kolekcji\/#primaryimage"},"thumbnailUrl":"https:\/\/8a.pl\/8academy\/wp-content\/uploads\/2025\/12\/image.webp","keywords":["Alpinizm","Ca\u0142oroczne","Felieton"],"articleSection":["Alpinizm"],"inLanguage":"pl-PL"},{"@type":"WebPage","@id":"https:\/\/8a.pl\/8academy\/mammut-eiger-extreme-6-0-nowa-odslona-kolekcji\/","url":"https:\/\/8a.pl\/8academy\/mammut-eiger-extreme-6-0-nowa-odslona-kolekcji\/","name":"Mammut Eiger Extreme | 8academy.pl","isPartOf":{"@id":"https:\/\/8a.pl\/8academy\/#website"},"primaryImageOfPage":{"@id":"https:\/\/8a.pl\/8academy\/mammut-eiger-extreme-6-0-nowa-odslona-kolekcji\/#primaryimage"},"image":{"@id":"https:\/\/8a.pl\/8academy\/mammut-eiger-extreme-6-0-nowa-odslona-kolekcji\/#primaryimage"},"thumbnailUrl":"https:\/\/8a.pl\/8academy\/wp-content\/uploads\/2025\/12\/image.webp","datePublished":"2025-12-27T11:01:24+00:00","dateModified":"2025-12-27T11:01:27+00:00","description":"Mammut Eiger Extreme - kolekcja stworzona przez alpinist\u00f3w dla alpinist\u00f3w. Sprawd\u017a, co oferuje w nowej ods\u0142onie.","breadcrumb":{"@id":"https:\/\/8a.pl\/8academy\/mammut-eiger-extreme-6-0-nowa-odslona-kolekcji\/#breadcrumb"},"inLanguage":"pl-PL","potentialAction":[{"@type":"ReadAction","target":["https:\/\/8a.pl\/8academy\/mammut-eiger-extreme-6-0-nowa-odslona-kolekcji\/"]}]},{"@type":"ImageObject","inLanguage":"pl-PL","@id":"https:\/\/8a.pl\/8academy\/mammut-eiger-extreme-6-0-nowa-odslona-kolekcji\/#primaryimage","url":"https:\/\/8a.pl\/8academy\/wp-content\/uploads\/2025\/12\/image.webp","contentUrl":"https:\/\/8a.pl\/8academy\/wp-content\/uploads\/2025\/12\/image.webp","width":1024,"height":775,"caption":"(fot. Mammut)"},{"@type":"BreadcrumbList","@id":"https:\/\/8a.pl\/8academy\/mammut-eiger-extreme-6-0-nowa-odslona-kolekcji\/#breadcrumb","itemListElement":[{"@type":"ListItem","position":1,"name":"Strona g\u0142\u00f3wna","item":"https:\/\/8a.pl\/8academy\/"},{"@type":"ListItem","position":2,"name":"Mammut Eiger Extreme 6.0 &#8211; nowa ods\u0142ona kolekcji"}]},{"@type":"WebSite","@id":"https:\/\/8a.pl\/8academy\/#website","url":"https:\/\/8a.pl\/8academy\/","name":"8academy.pl - portal g\u00f3rski i wspinaczkowy dla aktywnych","description":"8academy to portal g\u00f3rski o wspinaczce, trekkingu i skiturach. Znajdziesz tu porady, testy sprz\u0119tu i opisy najlepszych rejon\u00f3w. Inspirujemy zdobywc\u00f3w!","publisher":{"@id":"https:\/\/8a.pl\/8academy\/#organization"},"potentialAction":[{"@type":"SearchAction","target":{"@type":"EntryPoint","urlTemplate":"https:\/\/8a.pl\/8academy\/?s={search_term_string}"},"query-input":{"@type":"PropertyValueSpecification","valueRequired":true,"valueName":"search_term_string"}}],"inLanguage":"pl-PL"},{"@type":"Organization","@id":"https:\/\/8a.pl\/8academy\/#organization","name":"8academy.pl - portal g\u00f3rski i wspinaczkowy dla aktywnych","url":"https:\/\/8a.pl\/8academy\/","logo":{"@type":"ImageObject","inLanguage":"pl-PL","@id":"https:\/\/8a.pl\/8academy\/#\/schema\/logo\/image\/","url":"https:\/\/8a.pl\/8academy\/wp-content\/uploads\/2015\/11\/logo.png","contentUrl":"https:\/\/8a.pl\/8academy\/wp-content\/uploads\/2015\/11\/logo.png","width":438,"height":315,"caption":"8academy.pl - portal g\u00f3rski i wspinaczkowy dla aktywnych"},"image":{"@id":"https:\/\/8a.pl\/8academy\/#\/schema\/logo\/image\/"},"sameAs":["https:\/\/pl-pl.facebook.com\/sklep8apl\/","https:\/\/www.instagram.com\/8apl\/"]},{"@type":"Person","@id":"https:\/\/8a.pl\/8academy\/#\/schema\/person\/2e392153a51786e6c3d5ede231b5d2a4","name":"Redakcja 8Academy","image":{"@type":"ImageObject","inLanguage":"pl-PL","@id":"https:\/\/8a.pl\/8academy\/#\/schema\/person\/image\/","url":"https:\/\/8a.pl\/8academy\/wp-content\/uploads\/2017\/10\/logo_obrobione_2_150_59ICJ.jpg","contentUrl":"https:\/\/8a.pl\/8academy\/wp-content\/uploads\/2017\/10\/logo_obrobione_2_150_59ICJ.jpg","caption":"Redakcja 8Academy"},"url":"https:\/\/8a.pl\/8academy\/author\/redakcja\/"}]}},"_links":{"self":[{"href":"https:\/\/8a.pl\/8academy\/wp-json\/wp\/v2\/posts\/83121","targetHints":{"allow":["GET"]}}],"collection":[{"href":"https:\/\/8a.pl\/8academy\/wp-json\/wp\/v2\/posts"}],"about":[{"href":"https:\/\/8a.pl\/8academy\/wp-json\/wp\/v2\/types\/post"}],"author":[{"embeddable":true,"href":"https:\/\/8a.pl\/8academy\/wp-json\/wp\/v2\/users\/7"}],"replies":[{"embeddable":true,"href":"https:\/\/8a.pl\/8academy\/wp-json\/wp\/v2\/comments?post=83121"}],"version-history":[{"count":15,"href":"https:\/\/8a.pl\/8academy\/wp-json\/wp\/v2\/posts\/83121\/revisions"}],"predecessor-version":[{"id":83179,"href":"https:\/\/8a.pl\/8academy\/wp-json\/wp\/v2\/posts\/83121\/revisions\/83179"}],"wp:featuredmedia":[{"embeddable":true,"href":"https:\/\/8a.pl\/8academy\/wp-json\/wp\/v2\/media\/83117"}],"wp:attachment":[{"href":"https:\/\/8a.pl\/8academy\/wp-json\/wp\/v2\/media?parent=83121"}],"wp:term":[{"taxonomy":"category","embeddable":true,"href":"https:\/\/8a.pl\/8academy\/wp-json\/wp\/v2\/categories?post=83121"},{"taxonomy":"post_tag","embeddable":true,"href":"https:\/\/8a.pl\/8academy\/wp-json\/wp\/v2\/tags?post=83121"}],"curies":[{"name":"wp","href":"https:\/\/api.w.org\/{rel}","templated":true}]}}