{"id":80780,"date":"2025-09-05T14:48:01","date_gmt":"2025-09-05T12:48:01","guid":{"rendered":"https:\/\/8a.pl\/8academy\/?p=80780"},"modified":"2025-09-08T09:53:08","modified_gmt":"2025-09-08T07:53:08","slug":"szrenica-jak-wejsc-i-co-zobaczyc","status":"publish","type":"post","link":"https:\/\/8a.pl\/8academy\/szrenica-jak-wejsc-i-co-zobaczyc\/","title":{"rendered":"Szrenica &#8211; jak wej\u015b\u0107 i co zobaczy\u0107, czyli weekend w Karkonoszach"},"content":{"rendered":"\n<p class=\"wp-block-paragraph\">Masz wolny weekend i g\u0142ow\u0119 pe\u0142n\u0105 my\u015bli? Zabierz j\u0105 w Karkonosze. Szrenica nie jest ani najwy\u017csza, ani najbardziej dzika \u2013 ale ma w sobie co\u015b, co sprawia, \u017ce chce si\u0119 do niej wraca\u0107. Niepozorna.<\/p>\n\n\n\n<p class=\"wp-block-paragraph\">Cho\u0107 Szrenica nie si\u0119ga jak \u015anie\u017cka w chmury, to klimat tu potrafi zaskoczy\u0107 i tylko dodaje unikalnego charakteru. To niesamowicie ciekawe, \u017ce przy swojej wysoko\u015bci wynosz\u0105cej &#8220;tylko&#8221; 1362 m n.p.m charakteryzuje si\u0119 specyficznym, alpejskim klimatem. \u015arednie temperatury bywaj\u0105 ni\u017csze ni\u017c w Tatrach, \u015brednia roczna temperatura wynosi zaledwie 1,9\u00b0C.  Szrenica potrafi by\u0107 naprawd\u0119 surowa &#8211; mg\u0142a zastaniemy tu do 264 dni w roku, a silny wiatr hula przez wi\u0119kszo\u015b\u0107 roku. Zjawisko wiatr\u00f3w fenowych, tak typowe dla Tatr, tutaj praktycznie nie wyst\u0119puje, przez co \u015bnieg trzyma si\u0119 d\u0142ugo, a mro\u017anych dni jest wi\u0119cej. Nie zmienia to faktu, \u017ce w letnich miesi\u0105cach roku przyci\u0105ga wielu turyst\u00f3w i ma naprawd\u0119 du\u017co do zaoferowania. <\/p>\n\n\n\n<ul class=\"wp-block-list\">\n<li><strong><a href=\"https:\/\/8a.pl\/8academy\/szrenica-jak-wejsc-i-co-zobaczyc\/#h\u2011czerwony\u2011szlak\u2011na\u2011szrenice\u2011klasyka\u2011z\u2011widokami\">Czerwony szlak na Szrenic\u0119 \u2013 klasyka z widokami<\/a><\/strong><\/li>\n\n\n\n<li><strong><a href=\"https:\/\/8a.pl\/8academy\/szrenica-jak-wejsc-i-co-zobaczyc\/#h\u2011dluzszy\u2011szlak\u2011na\u2011szrenice\">D\u0142u\u017cszy szlak na Szrenic\u0119<\/a><\/strong><\/li>\n\n\n\n<li><strong><a href=\"https:\/\/8a.pl\/8academy\/szrenica-jak-wejsc-i-co-zobaczyc\/#h\u2011szlak\u2011ze\u2011szrenicy\u2011na\u2011sniezke\u2011czyli\u2011droga\u2011przyjazni\u2011polsko\u2011czeskiej\">Szlak ze Szrenicy na \u015anie\u017ck\u0119, czyli Droga Przyja\u017ani Polsko-Czeskiej<\/a><\/strong><\/li>\n\n\n\n<li><strong><a href=\"https:\/\/8a.pl\/8academy\/szrenica-jak-wejsc-i-co-zobaczyc\/#h\u2011najlatwiejszy\u2011szlak\u2011na\u2011szrenice\">Naj\u0142atwiejszy szlak na Szrenic\u0119<\/a><\/strong><\/li>\n\n\n\n<li><strong><a href=\"https:\/\/8a.pl\/8academy\/szrenica-jak-wejsc-i-co-zobaczyc\/#h\u2011schronisko\u2011na\u2011szrenicy\">Schronisko na Szrenicy<\/a><\/strong><\/li>\n\n\n\n<li><strong><a href=\"https:\/\/8a.pl\/8academy\/szrenica-jak-wejsc-i-co\u2011zobaczyc\/#h\u2011szrenica\u2011z\u2011dzieckiem\">Szrenica z dzieckiem<\/a><\/strong><\/li>\n\n\n\n<li><strong><a href=\"https:\/\/8a.pl\/8academy\/szrenica-jak\u2011wejsc\u2011i\u2011co\u2011zobaczyc\/#h\u2011szrenica\u2011zima\">Szrenica zim\u0105<\/a><\/strong><\/li>\n<\/ul>\n\n\n\n<p class=\"wp-block-paragraph\"><\/p>\n\n\n<div class=\"wp-block-image\">\n<figure class=\"aligncenter size-full\"><img fetchpriority=\"high\" decoding=\"async\" width=\"600\" height=\"816\" src=\"https:\/\/8a.pl\/8academy\/wp-content\/uploads\/2025\/09\/AdobeStock_869786094.webp\" alt=\"Widok na Schronisko Szrenica.\" class=\"wp-image-80860\" srcset=\"https:\/\/8a.pl\/8academy\/wp-content\/uploads\/2025\/09\/AdobeStock_869786094.webp 600w, https:\/\/8a.pl\/8academy\/wp-content\/uploads\/2025\/09\/AdobeStock_869786094-221x300.webp 221w\" sizes=\"(max-width: 600px) 100vw, 600px\" \/><figcaption class=\"wp-element-caption\">Schronisko na Szrenicy &#8211; jeden z najbardziej charakterystycznych budynk\u00f3w w ca\u0142ych Karkonoszach, po\u0142o\u017cony tu\u017c pod szczytem. (fot. Adobe Stock)<\/figcaption><\/figure>\n<\/div>\n\n\n<h2 class=\"wp-block-heading\" id=\"h-szlaki-na-szrenice\">Szlaki na Szrenic\u0119<\/h2>\n\n\n\n<p class=\"wp-block-paragraph\">Szrenica wznosi si\u0119 na 1362 m n.p.m., a wej\u015bcie na jej szczyt nie nale\u017cy do najtrudniejszych. Do wyboru masz kilka tras \u2013 od kr\u00f3tszych, \u0142agodnych, po nieco d\u0142u\u017csze i wymagaj\u0105ce &#8211; wszystkie z widokami. Kt\u00f3ry szlak na Szrenic\u0119 wybra\u0107? Wszystko zale\u017cy od tego, ile masz czasu i na co masz ochot\u0119.<\/p>\n\n\n\n<p class=\"wp-block-paragraph\"><strong>Przeczytaj te\u017c:<\/strong><\/p>\n\n\n\n<ul class=\"wp-block-list\">\n<li><strong><a href=\"https:\/\/8a.pl\/8academy\/rudawy-janowickie-atrakcje-i-szlaki-piesze\/\">Rudawy Janowickie \u2013 atrakcje i szlaki piesze<\/a><\/strong><\/li>\n<\/ul>\n\n\n\n<hr class=\"wp-block-separator has-text-color has-cyan-bluish-gray-color has-alpha-channel-opacity has-cyan-bluish-gray-background-color has-background\"\/>\n\n\n\n<h3 class=\"wp-block-heading\" id=\"h-czerwony-szlak-na-szrenice-klasyka-z-widokami\">Czerwony szlak na Szrenic\u0119 \u2013 klasyka z widokami<\/h3>\n\n\n\n<p class=\"wp-block-paragraph\">To zdecydowanie najpopularniejszy szlak na Szrenic\u0119 \u2013 prowadzi z centrum Szklarskiej Por\u0119by, zaczynaj\u0105c si\u0119 tu\u017c obok dolnej stacji kolejki. To w\u0142a\u015bnie ten czerwony szlak na Szrenic\u0119 najcz\u0119\u015bciej wybieraj\u0105 tury\u015bci, kt\u00f3rzy pierwszy raz odwiedzaj\u0105 Karkonosze. Widokowy, dobrze oznakowany i z solidnym klimatem g\u00f3rskiego spaceru. <\/p>\n\n\n\n<p class=\"wp-block-paragraph\"><\/p>\n\n\n<div class=\"wp-block-image\">\n<figure class=\"aligncenter size-full\"><img decoding=\"async\" width=\"600\" height=\"816\" src=\"https:\/\/8a.pl\/8academy\/wp-content\/uploads\/2025\/09\/AdobeStock_876058559.webp\" alt=\"Wodospad Kamie\u0144czyk.\" class=\"wp-image-80862\" srcset=\"https:\/\/8a.pl\/8academy\/wp-content\/uploads\/2025\/09\/AdobeStock_876058559.webp 600w, https:\/\/8a.pl\/8academy\/wp-content\/uploads\/2025\/09\/AdobeStock_876058559-221x300.webp 221w\" sizes=\"(max-width: 600px) 100vw, 600px\" \/><figcaption class=\"wp-element-caption\">Kiedy na g\u00f3rskiej wyprawie mo\u017cesz zobaczy\u0107 co\u015b wi\u0119cej ni\u017c widok ze szczytu. (fot. Adobe Stock)<\/figcaption><\/figure>\n<\/div>\n\n\n<p class=\"wp-block-paragraph\">To w\u0142a\u015bnie ten czerwony szlak na Szrenic\u0119 najcz\u0119\u015bciej wybieraj\u0105 tury\u015bci, kt\u00f3rzy pierwszy raz odwiedzaj\u0105 Karkonosze. Widokowy, dobrze oznakowany i z solidnym klimatem g\u00f3rskiego spaceru. To nie b\u0119dzie nudne klepanie kilometr\u00f3w pod g\u00f3r\u0119. Po drodze czeka Wodospad Kamie\u0144czyka oraz Schronisko PTTK na Hali Szrenickiej. Szlak jest dobrze oznakowany, szeroki, miejscami kamienisty. Idealny na ca\u0142odzienny spacer &#8211; nawet z dzieckiem czy psem (na smyczy!). Mimo \u017ce podej\u015bcie ma \u0142\u0105cznie 657 metr\u00f3w, nie wymaga \u017celaznej kondycji &#8211; wystarcz\u0105 buty z dobr\u0105 podeszw\u0105 i co\u015b przeciwdeszczowego w plecaku.<\/p>\n\n\n\n<ul class=\"wp-block-list\">\n<li><strong>Przebieg szlaku<\/strong>: Szklarska Por\u0119ba -&gt; Wodospad Kamie\u0144czyk -&gt; Hala Szrenicka -&gt; Szrenica<\/li>\n\n\n\n<li><strong>Dystans:<\/strong> ~ 5,5 km<\/li>\n\n\n\n<li><strong>Suma podej\u015b\u0107:<\/strong> 657 m<\/li>\n\n\n\n<li><strong>Szacowany czas przej\u015bcia:<\/strong> ~ 2,5 h<\/li>\n<\/ul>\n\n\n\n<h3 class=\"wp-block-heading\" id=\"h-dluzszy-szlak-na-szrenice\">D\u0142u\u017cszy szlak na Szrenic\u0119<\/h3>\n\n\n\n<p class=\"wp-block-paragraph\">Teraz opcja dla os\u00f3b, kt\u00f3re chc\u0105 nieco d\u0142u\u017cej cieszy\u0107 si\u0119 urokiem karkonoskich szlak\u00f3w. Startuj\u0105c w centrum Szklarskiej Por\u0119by, mo\u017cna wyd\u0142u\u017cy\u0107 dystans, udaj\u0105c si\u0119 do Schroniska Pod \u0141abskim Szczytem oraz absolutny klasyk, czyli \u015anie\u017cne Kot\u0142y. Bez dw\u00f3ch zda\u0144 jest to jedno z najpi\u0119kniejszych miejsc w ca\u0142ych Karkonoszach. Nast\u0119pnie odbijamy w lewo, by fragmentem G\u0142\u00f3wnego Szlaku Sudeckiego przej\u015b\u0107 na Szrenic\u0119.<\/p>\n\n\n\n<p class=\"wp-block-paragraph\"><\/p>\n\n\n<div class=\"wp-block-image\">\n<figure class=\"aligncenter size-full\"><img decoding=\"async\" width=\"600\" height=\"816\" src=\"https:\/\/8a.pl\/8academy\/wp-content\/uploads\/2025\/09\/AdobeStock_420851714.webp\" alt=\"\u015anie\u017cna Kot\u0142y w zimowej oprawie.\" class=\"wp-image-80857\" srcset=\"https:\/\/8a.pl\/8academy\/wp-content\/uploads\/2025\/09\/AdobeStock_420851714.webp 600w, https:\/\/8a.pl\/8academy\/wp-content\/uploads\/2025\/09\/AdobeStock_420851714-221x300.webp 221w\" sizes=\"(max-width: 600px) 100vw, 600px\" \/><figcaption class=\"wp-element-caption\">Na takie widoki trafisz wybieraj\u0105c si\u0119 na nieco d\u0142u\u017csz\u0105 wycieczk\u0119 ze Szrenicy. (fot. Adobe Stock)<\/figcaption><\/figure>\n<\/div>\n\n\n<p class=\"wp-block-paragraph\">Schronisko pod \u0141abskim Szczytem to miejsce idealne na kr\u00f3tk\u0105 przerw\u0119 i pyszn\u0105 zup\u0119 przed dalsz\u0105 drog\u0105 i podej\u015bciem na \u015anie\u017cne Kot\u0142y. To \u015bwietna opcja dla tych, kt\u00f3rzy nie chc\u0105 tylko \u201codhaczy\u0107\u201d Szrenicy, ale naprawd\u0119 poczu\u0107 przestrze\u0144 Karkonoszy. Widoki? Spektakularne. Teren? Zmienny, ale technicznie \u0142atwy. Wracaj\u0105c, mo\u017cna skorzysta\u0107 z kolejki linowej, kt\u00f3rej stacja znajduje si\u0119 troszk\u0119 poni\u017cej Schroniska na Szrenicy lub wybra\u0107 wariant zej\u015bciowy przez Hal\u0119 Szrenick\u0105.<\/p>\n\n\n\n<ul class=\"wp-block-list\">\n<li><strong>Przebieg szlaku:<\/strong> Szklarska Por\u0119ba -&gt; Schronisko pod \u0141abskim Szczytem -&gt; \u015anie\u017cna Kot\u0142y -&gt; Trzy \u015awinki -&gt; Szrenica<\/li>\n\n\n\n<li><strong>Dystans<\/strong>: ~ 11,8 km<\/li>\n\n\n\n<li><strong>Suma podej\u015b\u0107:<\/strong> 890 m<\/li>\n\n\n\n<li><strong>Szacowany czas przej\u015bcia:<\/strong> ~ 4,5 h<\/li>\n<\/ul>\n\n\n\n<h3 class=\"wp-block-heading\" id=\"h-szlak-ze-szrenicy-na-sniezke-czyli-droga-przyjazni-polsko-czeskiej\">Szlak ze Szrenicy na \u015anie\u017ck\u0119, czyli Droga Przyja\u017ani Polsko-Czeskiej<\/h3>\n\n\n\n<p class=\"wp-block-paragraph\">Szrenica oraz znajduj\u0105ce si\u0119 na niej schronisko &#8220;Szrenica&#8221; stanowi \u015bwietn\u0105 baz\u0119 wypadow\u0105 na wszelkiego rodzaju wycieczki. Kr\u00f3tsze, d\u0142u\u017csze, pozwalaj\u0105ce na spokojn\u0105 eksploracj\u0119 r\u00f3wnie\u017c czeskiej strony Karkonoszy. Jedn\u0105 z kultowych tras jest przej\u015bcie ze Szrenicy na kr\u00f3low\u0105 Karkonoszy &#8211; \u015anie\u017ck\u0119. Czerwony szlak nazywany jest Drog\u0105 Przyja\u017ani Polsko-Czeskiej &#8211; biegnie wzd\u0142u\u017c g\u0142\u00f3wnego grzbietu Karkonoszy, tu\u017c obok granicy polsko-czeskiej. To najbardziej widokowa trasa w ca\u0142ych Karkonoszach.  <\/p>\n\n\n\n<p class=\"wp-block-paragraph\">Rozbudowana sie\u0107 karkonoskich schronisk pozwala na swobodne podzielenie trasy na kilka fragment\u00f3w. Startuj\u0105c ze schroniska na Szrenicy kolejny nocleg mo\u017cna zaplanowa\u0107 w schronisku Odrodzenie &#8211; bardzo ciekawy obiekt z wojenn\u0105 histori\u0105 w tle. Pod \u015anie\u017ck\u0105 znajduje si\u0119 schronisko Dom \u015al\u0105ski, a chc\u0105c wyd\u0142u\u017cy\u0107 wycieczk\u0119, mo\u017cna uda\u0107 si\u0119 a\u017c do Prze\u0142\u0119czy Okraj i zanocowa\u0107 w tamtejszym schronisku o tej samej nazwie.<\/p>\n\n\n\n<p class=\"wp-block-paragraph\"><\/p>\n\n\n<div class=\"wp-block-image\">\n<figure class=\"aligncenter size-full\"><img loading=\"lazy\" decoding=\"async\" width=\"600\" height=\"816\" src=\"https:\/\/8a.pl\/8academy\/wp-content\/uploads\/2025\/09\/AdobeStock_227316812.webp\" alt=\"Szrenica.\" class=\"wp-image-80853\" srcset=\"https:\/\/8a.pl\/8academy\/wp-content\/uploads\/2025\/09\/AdobeStock_227316812.webp 600w, https:\/\/8a.pl\/8academy\/wp-content\/uploads\/2025\/09\/AdobeStock_227316812-221x300.webp 221w\" sizes=\"(max-width: 600px) 100vw, 600px\" \/><figcaption class=\"wp-element-caption\">Granitowe bloki &#8211; karkonoski klasyk. (fot. Adobe Stock)<\/figcaption><\/figure>\n<\/div>\n\n\n<p class=\"wp-block-paragraph\">Szlak ze Szrenicy na \u015anie\u017ck\u0119? M\u00f3wimy: warto.<\/p>\n\n\n\n<ul class=\"wp-block-list\">\n<li><strong>Przebieg trasy: <\/strong>Szrenica -&gt; \u0141abski Szczyt -&gt; \u015anie\u017cne Kot\u0142y -&gt; Prze\u0142\u0119cz pod \u015amielcem -&gt; Petrova Bouda -&gt; Schronisko PTTK &#8220;Odrodzenie&#8221; -&gt; S\u0142onecznik -&gt; Schronisko Dom \u015al\u0105ski -&gt; \u015anie\u017cka<\/li>\n\n\n\n<li><strong>Dystans:<\/strong> 20,6 km<\/li>\n\n\n\n<li><strong>Suma przewy\u017csze\u0144:<\/strong> 883 m<\/li>\n\n\n\n<li><strong>Szacowany czas przej\u015bcia:<\/strong> ~ 6:40 h<\/li>\n<\/ul>\n\n\n\n<h2 class=\"wp-block-heading\" id=\"h-najlatwiejszy-szlak-na-szrenice\">Naj\u0142atwiejszy szlak na Szrenic\u0119<\/h2>\n\n\n\n<p class=\"wp-block-paragraph\">W zasadzie \u017caden z prowadz\u0105cych na Szrenic\u0119 szlak\u00f3w nie jest specjalnie wymagaj\u0105cy, je\u015bli chodzi o techniczne podej\u015bcia. Szlaki, momentami bardzo szerokie i brukowane nie powinny stanowi\u0107 wi\u0119kszego wyzwania. Najkr\u00f3tszy, a zarazem naj\u0142atwiejszy szlak na Szrenic\u0119 to szlak czerwony prowadz\u0105cy ze Szklarskiej Por\u0119by przez Hal\u0119 Szrenick\u0105. <\/p>\n\n\n\n<p class=\"wp-block-paragraph\">Istnieje jednak zdecydowanie \u0142atwiejsza i szybsza opcja, a tak\u017ce rozwi\u0105zanie dla tych, kt\u00f3rzy z r\u00f3\u017cnych powod\u00f3w nie mog\u0105 dosta\u0107 si\u0119 na szczyt si\u0142\u0105 w\u0142asnych n\u00f3g. Wyci\u0105g sw\u00f3j bieg zaczyna w Szklarskiej Por\u0119bie, tu\u017c przy Centrum Edukacji Ekologicznej, a g\u00f3rna stacja kolei linowej znajduje si\u0119 na Szrenickiej Skale, jedyne 400 m od szczytu Szrenicy.<\/p>\n\n\n\n<h2 class=\"wp-block-heading\" id=\"h-schronisko-na-szrenicy\">Schronisko na Szrenicy<\/h2>\n\n\n\n<p class=\"wp-block-paragraph\">Tu\u017c pod samym szczytem Szrenicy, na wysoko\u015bci 1362 m n.p.m., stoi jedno z najbardziej charakterystycznych schronisk w Karkonoszach. Jego sylwetk\u0119 mo\u017cna wypatrze\u0107, zerkaj\u0105c na panoram\u0119 Karkonoszy.<\/p>\n\n\n\n<p class=\"wp-block-paragraph\">Historia schroniska si\u0119ga 1922 roku i zacz\u0119\u0142a si\u0119\u2026 po czeskiej stronie Karkonoszy. Gdy tamtejsze w\u0142adze odm\u00f3wi\u0142y koncesji dawnemu w\u0142a\u015bcicielowi Voseckiej Budy, Niemcy postanowili zbudowa\u0107 nowe schronisko \u2013 po swojej stronie, na Szrenicy. W trzy miesi\u0105ce powsta\u0142 budynek, kt\u00f3ry szybko sta\u0142 si\u0119 wa\u017cnym punktem dla karkonoskich w\u0119drowc\u00f3w. Wkr\u00f3tce doprowadzono tu pr\u0105d ze Szklarskiej Por\u0119by \u2013 co na \u00f3wczesne czasy by\u0142o nie lada wyczynem. Po wojnie schronisko kilkukrotnie zmienia\u0142o zarz\u0105dc\u00f3w, prze\u017cy\u0142o po\u017car w latach 70., a jego remont przeci\u0105ga\u0142 si\u0119 niemal do lat 90. W 1992 roku zosta\u0142o ponownie otwarte i od tego czasu dzia\u0142a nieprzerwanie.<\/p>\n\n\n\n<p class=\"wp-block-paragraph\"><\/p>\n\n\n<div class=\"wp-block-image\">\n<figure class=\"aligncenter size-full\"><img loading=\"lazy\" decoding=\"async\" width=\"600\" height=\"816\" src=\"https:\/\/8a.pl\/8academy\/wp-content\/uploads\/2025\/09\/AdobeStock_380753910.webp\" alt=\"Schronisko na Szrenicy.\" class=\"wp-image-80856\" srcset=\"https:\/\/8a.pl\/8academy\/wp-content\/uploads\/2025\/09\/AdobeStock_380753910.webp 600w, https:\/\/8a.pl\/8academy\/wp-content\/uploads\/2025\/09\/AdobeStock_380753910-221x300.webp 221w\" sizes=\"(max-width: 600px) 100vw, 600px\" \/><figcaption class=\"wp-element-caption\">Zach\u00f3d s\u0142o\u0144ca na Szrenicy? Warto zosta\u0107 na noc &#8211; nie tylko dla nale\u015bnik\u00f3w z jagodami, ale i dla takiego spektaklu. (fot. Adobe Stock)<\/figcaption><\/figure>\n<\/div>\n\n\n<p class=\"wp-block-paragraph\">Schronisko na Szrenicy to nie tylko miejsce noclegowe, ale wa\u017cny punkt orientacyjny na karkonoskich szlakach. Mo\u017cna tu odbi\u0107 w stron\u0119 \u015anie\u017cnych Kot\u0142\u00f3w, kontynuowa\u0107 Drog\u0105 Przyja\u017ani Polsko-Czeskiej, albo zej\u015b\u0107 na Hal\u0119 Szrenick\u0105. W pogodny dzie\u0144 z okien wida\u0107 Kotlin\u0119 Jeleniog\u00f3rsk\u0105 i G\u00f3ry Izerskie. No i nie da si\u0119 ukry\u0107, \u017ce kawa i nale\u015bniki z jagodami smakuj\u0105 tu najlepiej w ca\u0142ych Karkonoszach.<\/p>\n\n\n\n<h2 class=\"wp-block-heading\" id=\"h-szrenica-z-dzieckiem\">Szrenica z dzieckiem<\/h2>\n\n\n\n<p class=\"wp-block-paragraph\">Zdecydowanie tak! Szrenica z dzieckiem to doskona\u0142y pomys\u0142, by w bezpiecznych i komfortowych warunkach zaszczepi\u0107 w dziecku mi\u0142o\u015b\u0107 do g\u00f3r. Podej\u015bcia s\u0105 do\u015b\u0107 \u0142agodne (szczeg\u00f3lnie od strony Hali Szrenickiej), a szlaki szerokie i dobrze oznakowane. Dodatkowymi atrakcjami dla maluch\u00f3w b\u0119dzie Wodospad Kamie\u0144czyk, czy skalne formacje nieopodal szczytu &#8211; Trzy \u015awinki, czy Twaro\u017cnik. Po drodze \u0142atwo o przystanki, czy jagodow\u0105 przek\u0105sk\u0119 na samym szczycie &#8211; w schronisku. W razie kryzysowej sytuacji istnieje mo\u017cliwo\u015b\u0107 zjazdu lub po prostu skorzystania z kolejki. M\u00f3wi\u0105c szczerze? To jedna z najbardziej przyjaznych dzieciom g\u00f3rskich wycieczek &#8211; przy \u015bwietnej pogodzie rzecz jasna!<\/p>\n\n\n\n<p class=\"wp-block-paragraph\"><strong>Przeczytaj te\u017c:<\/strong><\/p>\n\n\n\n<ul class=\"wp-block-list\">\n<li><strong><a href=\"https:\/\/8a.pl\/8academy\/gory-z-dzieckiem-co-zabrac-na-wycieczke\/\">G\u00f3ry z dzieckiem \u2013 co zabra\u0107 na wycieczk\u0119?<\/a><\/strong><\/li>\n<\/ul>\n\n\n\n<hr class=\"wp-block-separator has-text-color has-cyan-bluish-gray-color has-alpha-channel-opacity has-cyan-bluish-gray-background-color has-background\"\/>\n\n\n\n<p class=\"wp-block-paragraph\"><\/p>\n\n\n<div class=\"wp-block-image\">\n<figure class=\"aligncenter size-full\"><img loading=\"lazy\" decoding=\"async\" width=\"600\" height=\"816\" src=\"https:\/\/8a.pl\/8academy\/wp-content\/uploads\/2025\/09\/AdobeStock_490810830.webp\" alt=\"Ska\u0142ki nieopodal Szrenicy.\" class=\"wp-image-80858\" srcset=\"https:\/\/8a.pl\/8academy\/wp-content\/uploads\/2025\/09\/AdobeStock_490810830.webp 600w, https:\/\/8a.pl\/8academy\/wp-content\/uploads\/2025\/09\/AdobeStock_490810830-221x300.webp 221w\" sizes=\"(max-width: 600px) 100vw, 600px\" \/><figcaption class=\"wp-element-caption\">Ko\u0144skie \u0141by &#8211; jedna z formacji skalnych w Karkonoszach. Po wi\u0119cej wpadaj na Szrenic\u0119! (fot. Adobe Stock)<\/figcaption><\/figure>\n<\/div>\n\n\n<h2 class=\"wp-block-heading\" id=\"h-gory-z-czworonogiem-czyli-szrenica-z-psem\">G\u00f3ry z czworonogiem, czyli Szrenica z psem<\/h2>\n\n\n\n<p class=\"wp-block-paragraph\">W\u0119dr\u00f3wki z psem w Karkonoskim Parku Narodowym s\u0105 mo\u017cliwe, ale obowi\u0105zuj\u0105 jasne zasady &#8211; g\u0142\u00f3wny nacisk to bezpiecze\u0144stwo przyrody, innych turyst\u00f3w i samych czworonog\u00f3w. O czym warto pami\u0119ta\u0107:<\/p>\n\n\n\n<ul class=\"wp-block-list\">\n<li><strong>Psa zawsze prowadzimy na smyczy<\/strong>, a dla bezpiecze\u0144stwa warto mie\u0107 przy sobie te\u017c kaganiec<\/li>\n\n\n\n<li><strong>Nie wszystkie szlaki s\u0105 dost\u0119pne dla ps\u00f3w<\/strong> \u2013 oko\u0142o 34\u202fkm zosta\u0142 wy\u0142\u0105czony z ich ruchu ze wzgl\u0119d\u00f3w przyrodniczych, np. szlak przy Wodospadzie Kamie\u0144czyka czy \u015acie\u017cka nad Reglami<\/li>\n\n\n\n<li><strong>W wi\u0119kszo\u015bci jednak (ok. 97\u202fkm szlak\u00f3w) w\u0119dr\u00f3wki z psem s\u0105 dozwolone<\/strong> &#8211; warto jednak sprawdzi\u0107 dost\u0119pno\u015b\u0107 trasy na oficjalnej mapie KPN<\/li>\n\n\n\n<li><strong>Zadbaj o psa<\/strong>: no\u015b dla niego wod\u0119, woreczki na odchody i obserwuj, czy trasa nie jest zbyt wymagaj\u0105ca, zw\u0142aszcza przy wysokich temperaturach<\/li>\n<\/ul>\n\n\n\n<h2 class=\"wp-block-heading\" id=\"h-szrenica-zima\">Szrenica zim\u0105<\/h2>\n\n\n\n<p class=\"wp-block-paragraph\">Zim\u0105 Szrenica pokazuje swoje drugie, bardziej surowe oblicze \u2013 ale w\u0142a\u015bnie za to tury\u015bci j\u0105 kochaj\u0105. Grube czapy \u015bniegu na granitowych ska\u0142ach, o\u015bnie\u017cone kosodrzewiny i widoki, kt\u00f3re zapieraj\u0105 dech w piersiach, to codzienno\u015b\u0107 tutejszych zimowych szlak\u00f3w. Warto jednak pami\u0119ta\u0107, \u017ce warunki potrafi\u0105 by\u0107 ekstremalne \u2013 silny wiatr, mg\u0142a i siarczysty mr\u00f3z s\u0105 tu cz\u0119stsze ni\u017c gdziekolwiek indziej w Karkonoszach.<\/p>\n\n\n\n<p class=\"wp-block-paragraph\"><\/p>\n\n\n<div class=\"wp-block-image\">\n<figure class=\"aligncenter size-full\"><img loading=\"lazy\" decoding=\"async\" width=\"600\" height=\"816\" src=\"https:\/\/8a.pl\/8academy\/wp-content\/uploads\/2025\/09\/AdobeStock_243395126.webp\" alt=\"Szrenica zim\u0105.\" class=\"wp-image-80854\" srcset=\"https:\/\/8a.pl\/8academy\/wp-content\/uploads\/2025\/09\/AdobeStock_243395126.webp 600w, https:\/\/8a.pl\/8academy\/wp-content\/uploads\/2025\/09\/AdobeStock_243395126-221x300.webp 221w\" sizes=\"(max-width: 600px) 100vw, 600px\" \/><figcaption class=\"wp-element-caption\">A\u017c s\u0142ycha\u0107 skrzypienie \u015bniegu pod butami. (fot. Adobe Stock)<\/figcaption><\/figure>\n<\/div>\n\n\n<p class=\"wp-block-paragraph\">Szlaki potrafi\u0105 by\u0107 oblodzone i zawiane \u015bniegiem, wi\u0119c obowi\u0105zkowo zabierz raczki, kijki i ciep\u0142\u0105 odzie\u017c. Obowi\u0105zkowo sprawd\u017a przed wyj\u015bciem prognoz\u0119 pogody! Je\u015bli jednak szykuje si\u0119 pogodny dzie\u0144, to ta zimowa wycieczka z pewno\u015bci\u0105 pozostanie z Tob\u0105 na d\u0142u\u017cej.<\/p>\n\n\n","protected":false},"excerpt":{"rendered":"<p>Szrenica &#8211; ani najwy\u017csza, ani najtrudniejsza, jednak potrafi zaskoczy\u0107. \u0141atwo dost\u0119pna, ale te\u017c surowa i kapry\u015bna, otulona mg\u0142\u0105. Gotowy na weekend w g\u00f3rach?<\/p>\n","protected":false},"author":7,"featured_media":80864,"comment_status":"closed","ping_status":"closed","sticky":false,"template":"","format":"standard","meta":{"_acf_changed":false,"_uf_show_specific_survey":0,"_uf_disable_surveys":false,"footnotes":""},"categories":[26070],"tags":[26104,26077,26105],"class_list":["post-80780","post","type-post","status-publish","format-standard","has-post-thumbnail","hentry","category-turystyka-trekking","tag-caloroczne","tag-przewodnik","tag-turystyka"],"acf":[],"yoast_head":"<!-- This site is optimized with the Yoast SEO Premium plugin v23.4 (Yoast SEO v25.5) - https:\/\/yoast.com\/wordpress\/plugins\/seo\/ -->\n<title>Szrenica - jak wej\u015b\u0107 i co zobaczy\u0107, czyli weekend w Karkonoszach - 8academy.pl - portal g\u00f3rski i wspinaczkowy dla aktywnych<\/title>\n<meta name=\"robots\" content=\"index, follow, max-snippet:-1, max-image-preview:large, max-video-preview:-1\" \/>\n<link rel=\"canonical\" href=\"https:\/\/8a.pl\/8academy\/szrenica-jak-wejsc-i-co-zobaczyc\/\" \/>\n<meta property=\"og:locale\" content=\"pl_PL\" \/>\n<meta property=\"og:type\" content=\"article\" \/>\n<meta property=\"og:title\" content=\"Szrenica - jak wej\u015b\u0107 i co zobaczy\u0107, czyli weekend w Karkonoszach\" \/>\n<meta property=\"og:description\" content=\"Szrenica - ani najwy\u017csza, ani najtrudniejsza, jednak potrafi zaskoczy\u0107. \u0141atwo dost\u0119pna, ale te\u017c surowa i kapry\u015bna, otulona mg\u0142\u0105. Gotowy na weekend w g\u00f3rach?\" \/>\n<meta property=\"og:url\" content=\"https:\/\/8a.pl\/8academy\/szrenica-jak-wejsc-i-co-zobaczyc\/\" \/>\n<meta property=\"og:site_name\" content=\"8academy.pl - portal g\u00f3rski i wspinaczkowy dla aktywnych\" \/>\n<meta property=\"article:publisher\" content=\"https:\/\/pl-pl.facebook.com\/sklep8apl\/\" \/>\n<meta property=\"article:published_time\" content=\"2025-09-05T12:48:01+00:00\" \/>\n<meta property=\"article:modified_time\" content=\"2025-09-08T07:53:08+00:00\" \/>\n<meta property=\"og:image\" content=\"https:\/\/8a.pl\/8academy\/wp-content\/uploads\/2025\/09\/Glowne-zdjecie-AdobeStock_402236255.webp\" \/>\n\t<meta property=\"og:image:width\" content=\"1800\" \/>\n\t<meta property=\"og:image:height\" content=\"1314\" \/>\n\t<meta property=\"og:image:type\" content=\"image\/webp\" \/>\n<meta name=\"author\" content=\"Redakcja 8Academy\" \/>\n<meta name=\"twitter:card\" content=\"summary_large_image\" \/>\n<meta name=\"twitter:label1\" content=\"Napisane przez\" \/>\n\t<meta name=\"twitter:data1\" content=\"Redakcja 8Academy\" \/>\n\t<meta name=\"twitter:label2\" content=\"Szacowany czas czytania\" \/>\n\t<meta name=\"twitter:data2\" content=\"11 minut\" \/>\n<!-- \/ Yoast SEO Premium plugin. -->","yoast_head_json":{"title":"Szrenica - jak wej\u015b\u0107 i co zobaczy\u0107, czyli weekend w Karkonoszach - 8academy.pl - portal g\u00f3rski i wspinaczkowy dla aktywnych","robots":{"index":"index","follow":"follow","max-snippet":"max-snippet:-1","max-image-preview":"max-image-preview:large","max-video-preview":"max-video-preview:-1"},"canonical":"https:\/\/8a.pl\/8academy\/szrenica-jak-wejsc-i-co-zobaczyc\/","og_locale":"pl_PL","og_type":"article","og_title":"Szrenica - jak wej\u015b\u0107 i co zobaczy\u0107, czyli weekend w Karkonoszach","og_description":"Szrenica - ani najwy\u017csza, ani najtrudniejsza, jednak potrafi zaskoczy\u0107. \u0141atwo dost\u0119pna, ale te\u017c surowa i kapry\u015bna, otulona mg\u0142\u0105. Gotowy na weekend w g\u00f3rach?","og_url":"https:\/\/8a.pl\/8academy\/szrenica-jak-wejsc-i-co-zobaczyc\/","og_site_name":"8academy.pl - portal g\u00f3rski i wspinaczkowy dla aktywnych","article_publisher":"https:\/\/pl-pl.facebook.com\/sklep8apl\/","article_published_time":"2025-09-05T12:48:01+00:00","article_modified_time":"2025-09-08T07:53:08+00:00","og_image":[{"width":1800,"height":1314,"url":"https:\/\/8a.pl\/8academy\/wp-content\/uploads\/2025\/09\/Glowne-zdjecie-AdobeStock_402236255.webp","type":"image\/webp"}],"author":"Redakcja 8Academy","twitter_card":"summary_large_image","twitter_misc":{"Napisane przez":"Redakcja 8Academy","Szacowany czas czytania":"11 minut"},"schema":{"@context":"https:\/\/schema.org","@graph":[{"@type":"Article","@id":"https:\/\/8a.pl\/8academy\/szrenica-jak-wejsc-i-co-zobaczyc\/#article","isPartOf":{"@id":"https:\/\/8a.pl\/8academy\/szrenica-jak-wejsc-i-co-zobaczyc\/"},"author":{"name":"Redakcja 8Academy","@id":"https:\/\/8a.pl\/8academy\/#\/schema\/person\/2e392153a51786e6c3d5ede231b5d2a4"},"headline":"Szrenica &#8211; jak wej\u015b\u0107 i co zobaczy\u0107, czyli weekend w Karkonoszach","datePublished":"2025-09-05T12:48:01+00:00","dateModified":"2025-09-08T07:53:08+00:00","mainEntityOfPage":{"@id":"https:\/\/8a.pl\/8academy\/szrenica-jak-wejsc-i-co-zobaczyc\/"},"wordCount":1717,"publisher":{"@id":"https:\/\/8a.pl\/8academy\/#organization"},"image":{"@id":"https:\/\/8a.pl\/8academy\/szrenica-jak-wejsc-i-co-zobaczyc\/#primaryimage"},"thumbnailUrl":"https:\/\/8a.pl\/8academy\/wp-content\/uploads\/2025\/09\/Glowne-zdjecie-AdobeStock_402236255.webp","keywords":["Ca\u0142oroczne","Przewodnik","Turystyka"],"articleSection":["Turystyka \/ trekking"],"inLanguage":"pl-PL"},{"@type":"WebPage","@id":"https:\/\/8a.pl\/8academy\/szrenica-jak-wejsc-i-co-zobaczyc\/","url":"https:\/\/8a.pl\/8academy\/szrenica-jak-wejsc-i-co-zobaczyc\/","name":"Szrenica - jak wej\u015b\u0107 i co zobaczy\u0107, czyli weekend w Karkonoszach - 8academy.pl - portal g\u00f3rski i wspinaczkowy dla aktywnych","isPartOf":{"@id":"https:\/\/8a.pl\/8academy\/#website"},"primaryImageOfPage":{"@id":"https:\/\/8a.pl\/8academy\/szrenica-jak-wejsc-i-co-zobaczyc\/#primaryimage"},"image":{"@id":"https:\/\/8a.pl\/8academy\/szrenica-jak-wejsc-i-co-zobaczyc\/#primaryimage"},"thumbnailUrl":"https:\/\/8a.pl\/8academy\/wp-content\/uploads\/2025\/09\/Glowne-zdjecie-AdobeStock_402236255.webp","datePublished":"2025-09-05T12:48:01+00:00","dateModified":"2025-09-08T07:53:08+00:00","breadcrumb":{"@id":"https:\/\/8a.pl\/8academy\/szrenica-jak-wejsc-i-co-zobaczyc\/#breadcrumb"},"inLanguage":"pl-PL","potentialAction":[{"@type":"ReadAction","target":["https:\/\/8a.pl\/8academy\/szrenica-jak-wejsc-i-co-zobaczyc\/"]}]},{"@type":"ImageObject","inLanguage":"pl-PL","@id":"https:\/\/8a.pl\/8academy\/szrenica-jak-wejsc-i-co-zobaczyc\/#primaryimage","url":"https:\/\/8a.pl\/8academy\/wp-content\/uploads\/2025\/09\/Glowne-zdjecie-AdobeStock_402236255.webp","contentUrl":"https:\/\/8a.pl\/8academy\/wp-content\/uploads\/2025\/09\/Glowne-zdjecie-AdobeStock_402236255.webp","width":1800,"height":1314,"caption":"fot. Adobe Stock)"},{"@type":"BreadcrumbList","@id":"https:\/\/8a.pl\/8academy\/szrenica-jak-wejsc-i-co-zobaczyc\/#breadcrumb","itemListElement":[{"@type":"ListItem","position":1,"name":"Strona g\u0142\u00f3wna","item":"https:\/\/8a.pl\/8academy\/"},{"@type":"ListItem","position":2,"name":"Szrenica &#8211; jak wej\u015b\u0107 i co zobaczy\u0107, czyli weekend w Karkonoszach"}]},{"@type":"WebSite","@id":"https:\/\/8a.pl\/8academy\/#website","url":"https:\/\/8a.pl\/8academy\/","name":"8academy.pl - portal g\u00f3rski i wspinaczkowy dla aktywnych","description":"8academy to portal g\u00f3rski o wspinaczce, trekkingu i skiturach. Znajdziesz tu porady, testy sprz\u0119tu i opisy najlepszych rejon\u00f3w. Inspirujemy zdobywc\u00f3w!","publisher":{"@id":"https:\/\/8a.pl\/8academy\/#organization"},"potentialAction":[{"@type":"SearchAction","target":{"@type":"EntryPoint","urlTemplate":"https:\/\/8a.pl\/8academy\/?s={search_term_string}"},"query-input":{"@type":"PropertyValueSpecification","valueRequired":true,"valueName":"search_term_string"}}],"inLanguage":"pl-PL"},{"@type":"Organization","@id":"https:\/\/8a.pl\/8academy\/#organization","name":"8academy.pl - portal g\u00f3rski i wspinaczkowy dla aktywnych","url":"https:\/\/8a.pl\/8academy\/","logo":{"@type":"ImageObject","inLanguage":"pl-PL","@id":"https:\/\/8a.pl\/8academy\/#\/schema\/logo\/image\/","url":"https:\/\/8a.pl\/8academy\/wp-content\/uploads\/2015\/11\/logo.png","contentUrl":"https:\/\/8a.pl\/8academy\/wp-content\/uploads\/2015\/11\/logo.png","width":438,"height":315,"caption":"8academy.pl - portal g\u00f3rski i wspinaczkowy dla aktywnych"},"image":{"@id":"https:\/\/8a.pl\/8academy\/#\/schema\/logo\/image\/"},"sameAs":["https:\/\/pl-pl.facebook.com\/sklep8apl\/","https:\/\/www.instagram.com\/8apl\/"]},{"@type":"Person","@id":"https:\/\/8a.pl\/8academy\/#\/schema\/person\/2e392153a51786e6c3d5ede231b5d2a4","name":"Redakcja 8Academy","image":{"@type":"ImageObject","inLanguage":"pl-PL","@id":"https:\/\/8a.pl\/8academy\/#\/schema\/person\/image\/","url":"https:\/\/8a.pl\/8academy\/wp-content\/uploads\/2017\/10\/logo_obrobione_2_150_59ICJ.jpg","contentUrl":"https:\/\/8a.pl\/8academy\/wp-content\/uploads\/2017\/10\/logo_obrobione_2_150_59ICJ.jpg","caption":"Redakcja 8Academy"},"url":"https:\/\/8a.pl\/8academy\/author\/redakcja\/"}]}},"_links":{"self":[{"href":"https:\/\/8a.pl\/8academy\/wp-json\/wp\/v2\/posts\/80780","targetHints":{"allow":["GET"]}}],"collection":[{"href":"https:\/\/8a.pl\/8academy\/wp-json\/wp\/v2\/posts"}],"about":[{"href":"https:\/\/8a.pl\/8academy\/wp-json\/wp\/v2\/types\/post"}],"author":[{"embeddable":true,"href":"https:\/\/8a.pl\/8academy\/wp-json\/wp\/v2\/users\/7"}],"replies":[{"embeddable":true,"href":"https:\/\/8a.pl\/8academy\/wp-json\/wp\/v2\/comments?post=80780"}],"version-history":[{"count":14,"href":"https:\/\/8a.pl\/8academy\/wp-json\/wp\/v2\/posts\/80780\/revisions"}],"predecessor-version":[{"id":80874,"href":"https:\/\/8a.pl\/8academy\/wp-json\/wp\/v2\/posts\/80780\/revisions\/80874"}],"wp:featuredmedia":[{"embeddable":true,"href":"https:\/\/8a.pl\/8academy\/wp-json\/wp\/v2\/media\/80864"}],"wp:attachment":[{"href":"https:\/\/8a.pl\/8academy\/wp-json\/wp\/v2\/media?parent=80780"}],"wp:term":[{"taxonomy":"category","embeddable":true,"href":"https:\/\/8a.pl\/8academy\/wp-json\/wp\/v2\/categories?post=80780"},{"taxonomy":"post_tag","embeddable":true,"href":"https:\/\/8a.pl\/8academy\/wp-json\/wp\/v2\/tags?post=80780"}],"curies":[{"name":"wp","href":"https:\/\/api.w.org\/{rel}","templated":true}]}}