{"id":80448,"date":"2025-08-22T15:50:00","date_gmt":"2025-08-22T13:50:00","guid":{"rendered":"https:\/\/8a.pl\/8academy\/?p=80448"},"modified":"2025-08-22T16:02:50","modified_gmt":"2025-08-22T14:02:50","slug":"spacer-zelaznej-drodze-czyli-via-ferrata","status":"publish","type":"post","link":"https:\/\/8a.pl\/8academy\/spacer-zelaznej-drodze-czyli-via-ferrata\/","title":{"rendered":"Via ferrata &#8211; co to jest? Na czym polega fenomen \u017celaznych dr\u00f3g"},"content":{"rendered":"\n<p class=\"wp-block-paragraph\"><span style=\"font-weight: 400;\">Z roku na rok szlaki typu via ferrata przyci\u0105gaj\u0105 coraz wi\u0119cej os\u00f3b spragnionych emocji. To \u015bwietna propozycja dla tych, kt\u00f3rzy w g\u00f3rach szukaj\u0105 nie tylko widok\u00f3w, ale te\u017c wyzwa\u0144 \u2013 technicznych, fizycznych i mentalnych. W tym artykule poka\u017cemy Ci, co to jest via ferrata, gdzie ich szuka\u0107, jak si\u0119 przygotowa\u0107 i od czego zacz\u0105\u0107, by by\u0142o bezpiecznie i naprawd\u0119 emocjonuj\u0105co.<\/span> Lon\u017ce w d\u0142o\u0144!<\/p>\n\n\n\n<ul class=\"wp-block-list\">\n<li><a href=\"https:\/\/8a.pl\/8academy\/spacer-zelaznej-drodze-czyli-via-ferrata\/#h-via-ferrata-co-to-takiego\"><strong>Via ferrata &#8211; co to takiego?<\/strong><\/a><\/li>\n\n\n\n<li><a href=\"https:\/\/8a.pl\/8academy\/spacer-zelaznej-drodze-czyli-via-ferrata\/#h-dla-kogo-via-ferraty\"><strong>Dla kogo via ferraty?<\/strong><\/a><\/li>\n\n\n\n<li><a href=\"https:\/\/8a.pl\/8academy\/spacer-zelaznej-drodze-czyli-via-ferrata\/#h-kiedy-wybrac-sie-na-via-ferraty\"><strong>Kiedy wybra\u0107 si\u0119 na via ferraty?<\/strong><\/a><\/li>\n\n\n\n<li><a href=\"https:\/\/8a.pl\/8academy\/spacer-zelaznej-drodze-czyli-via-ferrata\/#h-via-ferrata-stopnie-trudnosci\"><strong>Via ferrata stopnie trudno\u015bci<\/strong><\/a><\/li>\n\n\n\n<li><a href=\"https:\/\/8a.pl\/8academy\/spacer-zelaznej-drodze-czyli-via-ferrata\/#h-via-ferrata-czym-kierowac-sie-przy-wyborze\"><strong>Via ferrata &#8211; czym kierowa\u0107 si\u0119 przy wyborze?<\/strong><\/a><\/li>\n\n\n\n<li><a href=\"https:\/\/8a.pl\/8academy\/spacer-zelaznej-drodze-czyli-via-ferrata\/#h-via-ferrata-w-polsce\"><strong>Via ferrata w Polsce<\/strong><\/a><\/li>\n\n\n\n<li><a href=\"https:\/\/8a.pl\/8academy\/spacer-zelaznej-drodze-czyli-via-ferrata\/#h-via-ferrata-gdzie-sie-wybrac\"><strong>Via ferrata &#8211; gdzie si\u0119 wybra\u0107?<\/strong><\/a><\/li>\n\n\n\n<li><a href=\"https:\/\/8a.pl\/8academy\/spacer-zelaznej-drodze-czyli-via-ferrata\/#h-via-ferraty-sprzet-czyli-co-musisz-miec\"><strong>Via ferraty &#8211; sprz\u0119t, czyli co musisz mie\u0107<\/strong><\/a><\/li>\n<\/ul>\n\n\n\n<p class=\"wp-block-paragraph\"><\/p>\n\n\n<div class=\"wp-block-image\">\n<figure class=\"aligncenter size-full\"><img fetchpriority=\"high\" decoding=\"async\" width=\"600\" height=\"816\" src=\"https:\/\/8a.pl\/8academy\/wp-content\/uploads\/2025\/05\/P1069195-Vylepsene-NR.webp\" alt=\"Drabinka na via ferracie.\" class=\"wp-image-78364\" srcset=\"https:\/\/8a.pl\/8academy\/wp-content\/uploads\/2025\/05\/P1069195-Vylepsene-NR.webp 600w, https:\/\/8a.pl\/8academy\/wp-content\/uploads\/2025\/05\/P1069195-Vylepsene-NR-221x300.webp 221w\" sizes=\"(max-width: 600px) 100vw, 600px\" \/><figcaption class=\"wp-element-caption\">Via ferrata &#8211; co to takiego? To przygoda, kt\u00f3ra zaczyna si\u0119 tam, gdzie ko\u0144czy si\u0119 zwyk\u0142y szlak. (fot. Ocun)<\/figcaption><\/figure>\n<\/div>\n\n\n<p class=\"wp-block-paragraph\"><\/p>\n\n\n\n<div class=\"wp-block-buttons is-content-justification-center is-layout-flex wp-container-core-buttons-is-layout-fe48e5de wp-block-buttons-is-layout-flex\">\n<div class=\"wp-block-button\"><a class=\"wp-block-button__link has-background wp-element-button\" href=\"https:\/\/8a.pl\/sprzet-na-via-ferraty\" style=\"border-radius:6px;background-color:#e9600e\">ZOBACZ SPRZ\u0118T NA VIA FERRATY<\/a><\/div>\n<\/div>\n\n\n\n<h2 class=\"wp-block-heading\" id=\"h-via-ferrata-co-to-takiego\">Via ferrata &#8211; co to takiego?<\/h2>\n\n\n\n<p class=\"wp-block-paragraph\">Z w\u0142oskiego \u201evia ferrata\u201d oznacza dos\u0142ownie \u201e\u017celazn\u0105 drog\u0119\u201d i w\u0142a\u015bnie tym s\u0105 ferraty: trasami poprowadzonymi w eksponowanym, g\u00f3rskim terenie, kt\u00f3re u\u0142atwiono za pomoc\u0105 stalowych lin, drabinek, stopni i innych metalowych element\u00f3w. Wspinaczka po ferracie przypomina nieco chodzenie po g\u00f3rskiej \u201e\u015bcie\u017cce z por\u0119cz\u00f3wk\u0105\u201d, ale znacznie bardziej wymagaj\u0105cej, zar\u00f3wno fizycznie, jak i psychicznie.<\/p>\n\n\n\n<p class=\"wp-block-paragraph\">Via ferrata to co\u015b pomi\u0119dzy trekkingiem a wspinaczk\u0105. Dla jednych spos\u00f3b na pierwsze spotkanie z ekspozycj\u0105, dla innych &#8211; przygoda na granicy komfortu i adrenaliny. To tak\u017ce \u015bwietny pomys\u0142 na wej\u015bcie w \u015bwiat g\u00f3rskiego wspinania bez konieczno\u015bci wieloletniego treningu i ogromnego zaplecza sprz\u0119towego. Wystarczy zna\u0107 podstawy, mie\u0107 odpowiedni ekwipunek i sporo pokory do g\u00f3r, a \u017celazna droga ods\u0142oni swoje uroki.<\/p>\n\n\n\n<p class=\"wp-block-paragraph\"><\/p>\n\n\n<div class=\"wp-block-image wp-image-5569 size-full\">\n<figure class=\"aligncenter\"><img decoding=\"async\" width=\"600\" height=\"900\" src=\"https:\/\/8a.pl\/8academy\/wp-content\/uploads\/2016\/07\/05_Climbing-Technology-Archive_C.Fabretti-T-Corti-Ferrata-Corna-delle-Capre-Italy_photo-by-K.DellOrto.jpg\" alt=\"\" class=\"wp-image-60475\" srcset=\"https:\/\/8a.pl\/8academy\/wp-content\/uploads\/2016\/07\/05_Climbing-Technology-Archive_C.Fabretti-T-Corti-Ferrata-Corna-delle-Capre-Italy_photo-by-K.DellOrto.jpg 600w, https:\/\/8a.pl\/8academy\/wp-content\/uploads\/2016\/07\/05_Climbing-Technology-Archive_C.Fabretti-T-Corti-Ferrata-Corna-delle-Capre-Italy_photo-by-K.DellOrto-200x300.jpg 200w\" sizes=\"(max-width: 600px) 100vw, 600px\" \/><figcaption class=\"wp-element-caption\">Ekspozycja i wysoko\u015b\u0107 &#8211; do tego trzeba si\u0119 przyzwyczai\u0107 (fot. Climbing Technology)<\/figcaption><\/figure>\n<\/div>\n\n\n<h2 class=\"wp-block-heading\" id=\"h-dla-kogo-via-ferraty\">Dla kogo via ferraty?<\/h2>\n\n\n\n<p class=\"wp-block-paragraph\"><span style=\"font-weight: 400;\">Via ferraty, ze wzgl\u0119du na to cz\u0119sto prowadz\u0105 \u015bcianami, filarami lub kominami wprost na wysokie szczyty, polecane s\u0105 osobom z do\u015bwiadczeniem g\u00f3rskim. Istotn\u0105 spraw\u0105 jest brak l\u0119ku wysoko\u015bci czy l\u0119ku przed otwart\u0105 przestrzeni\u0105.&nbsp;Osobom, kt\u00f3re wielokrotnie przechodzi\u0142y ubezpieczone \u0142a\u0144cuchami tatrza\u0144skie szlaki, via ferraty umo\u017cliwi\u0105 bezpieczne pokonywanie jeszcze wi\u0119kszych trudno\u015bci. Dostarcz\u0105 im&nbsp;nowych wra\u017ce\u0144 i emocji oraz pozwol\u0105 cieszy\u0107 si\u0119 z prze\u0142amywania w\u0142asnych s\u0142abo\u015bci. Dla tych, kt\u00f3rzy si\u0119 wspinaj\u0105, b\u0119dzie to z kolei mi\u0142a wycieczka, nowe do\u015bwiadczenia i przyjemna zabawa na bezgranicznym placu zabaw. <\/span><\/p>\n\n\n\n<p class=\"wp-block-paragraph\"><\/p>\n\n\n<div class=\"wp-block-image\">\n<figure class=\"aligncenter size-full\"><img decoding=\"async\" width=\"600\" height=\"816\" src=\"https:\/\/8a.pl\/8academy\/wp-content\/uploads\/2025\/05\/viaferrata.webp\" alt=\"Via ferrata\" class=\"wp-image-78368\" srcset=\"https:\/\/8a.pl\/8academy\/wp-content\/uploads\/2025\/05\/viaferrata.webp 600w, https:\/\/8a.pl\/8academy\/wp-content\/uploads\/2025\/05\/viaferrata-221x300.webp 221w\" sizes=\"(max-width: 600px) 100vw, 600px\" \/><figcaption class=\"wp-element-caption\">Co to via ferrata? To zabezpieczone trasy poprowadzone w eksponowanym terenie &#8211; idealne dla tych, kt\u00f3rzy chc\u0105 poczu\u0107 troszk\u0119 adrenaliny. (fot. Ocun)<\/figcaption><\/figure>\n<\/div>\n\n\n<p class=\"wp-block-paragraph\"><span style=\"font-weight: 400;\">Do uprawiania turystyki na via ferratach nie trzeba mie\u0107 specjalistycznych kurs\u00f3w. Natomiast bezwzgl\u0119dnie nale\u017cy by\u0107 obytym z przestrzeni\u0105, wysoko\u015bci\u0105 oraz ekspozycj\u0105. Warto te\u017c przed planowanym wyjazdem wybra\u0107 si\u0119 na \u015bciank\u0119 wspinaczkow\u0105. Zw\u0142aszcza je\u015bli nigdy wcze\u015bniej w \u017cyciu si\u0119 nie wspinali\u015bmy. Zdob\u0119dziemy tam nieco techniki poruszania si\u0119 w pionie. U\u017cytkowanie lon\u017cy do via ferrat nie powinno nam przysporzy\u0107 trudno\u015bci &#8211; jest intuicyjne i \u0142atwe do opanowania. Cho\u0107 poruszanie si\u0119 po via ferratach nie wymaga specjalnego szkolenia &#8211; warto zrobi\u0107 rozeznanie i by\u0107 mo\u017ce wybra\u0107 si\u0119 na pierwszy wyjazd z kim\u015b nieco bardziej do\u015bwiadczonym.<\/span><\/p>\n\n\n\n<h2 class=\"wp-block-heading\" id=\"h-via-ferrata-stopnie-trudnosci\">Via ferrata stopnie trudno\u015bci<\/h2>\n\n\n\n<p class=\"wp-block-paragraph\">Skoro ju\u017c wiesz, co to jest via ferrata, warto przyjrze\u0107 si\u0119 bli\u017cej jej skali trudno\u015bci. Bo cho\u0107 ka\u017cda z \u017celaznych dr\u00f3g bazuje na podobnym schemacie &#8211; stalowej linie, drabinkach i klamrach &#8211; to poziom wysi\u0142ku i techniki, jakiego b\u0119dzie od Ciebie wymaga\u0107, mo\u017ce si\u0119 diametralnie r\u00f3\u017cni\u0107. Najpopularniejsz\u0105 w Europie klasyfikacj\u0105 jest skala od A do F. Im wy\u017csza litera, tym wi\u0119cej emocji \u2013 i trudno\u015bci.<\/p>\n\n\n\n<ul class=\"wp-block-list\">\n<li><strong>A <\/strong>to bardzo \u0142atwe trasy, przypominaj\u0105ce szlak turystyczny z ubezpieczeniem.<\/li>\n\n\n\n<li><strong>B i C<\/strong> wymagaj\u0105 ju\u017c dobrej kondycji, obycia z wysoko\u015bci\u0105 i pewnego poruszania si\u0119 po ekspozycji.<\/li>\n\n\n\n<li><strong>D, E i F<\/strong> zarezerwowane s\u0105 dla os\u00f3b z do\u015bwiadczeniem \u2013 z odcinkami pionowymi, przewieszeniami i sporym wysi\u0142kiem si\u0142owym.<\/li>\n<\/ul>\n\n\n\n<p class=\"wp-block-paragraph\"><\/p>\n\n\n<div class=\"wp-block-image wp-image-5566 size-full\">\n<figure class=\"aligncenter\"><img loading=\"lazy\" decoding=\"async\" width=\"600\" height=\"900\" src=\"https:\/\/8a.pl\/8academy\/wp-content\/uploads\/2016\/07\/azawtF3L.jpg\" alt=\"\" class=\"wp-image-60483\" srcset=\"https:\/\/8a.pl\/8academy\/wp-content\/uploads\/2016\/07\/azawtF3L.jpg 600w, https:\/\/8a.pl\/8academy\/wp-content\/uploads\/2016\/07\/azawtF3L-200x300.jpg 200w\" sizes=\"(max-width: 600px) 100vw, 600px\" \/><figcaption class=\"wp-element-caption\">Mocne wra\u017cenia gwarantowane! (fot. Climbing Technology)<\/figcaption><\/figure>\n<\/div>\n\n\n<p class=\"wp-block-paragraph\">Na ocen\u0119 wp\u0142ywa nie tylko sama technika przej\u015bcia, ale te\u017c d\u0142ugo\u015b\u0107 ferraty, ekspozycja, liczba punkt\u00f3w odpoczynkowych czy to, jak wiele zale\u017cy od samodzielno\u015bci u\u017cytkownika. Dlatego planuj\u0105c swoj\u0105 pierwsz\u0105 via ferrat\u0119, a mo\u017ce w\u0142a\u015bnie pr\u00f3buj\u0105c lepiej zrozumie\u0107, co to jest via ferrata w praktyce, warto zacz\u0105\u0107 od tras z oznaczeniem A lub B i budowa\u0107 do\u015bwiadczenie krok po kroku.<\/p>\n\n\n\n<p class=\"wp-block-paragraph\"><strong>Przeczytaj te\u017c:<\/strong><\/p>\n\n\n\n<ul class=\"wp-block-list\">\n<li><a href=\"https:\/\/8a.pl\/8academy\/via-ferrata-sprzet-na-zelazna-droge\/\"><strong>Via ferraty dla pocz\u0105tkuj\u0105cych &#8211; jak zacz\u0105\u0107? <\/strong><\/a><\/li>\n<\/ul>\n\n\n\n<hr class=\"wp-block-separator has-text-color has-cyan-bluish-gray-color has-alpha-channel-opacity has-cyan-bluish-gray-background-color has-background\"\/>\n\n\n\n<h2 class=\"wp-block-heading\" id=\"h-kiedy-wybrac-sie-na-via-ferraty\">Kiedy wybra\u0107 si\u0119 na via ferraty?<\/h2>\n\n\n\n<p class=\"wp-block-paragraph\"><span style=\"font-weight: 400;\">Planuj\u0105c przej\u015bcie via ferraty powinni\u015bmy kierowa\u0107 si\u0119 tymi samymi wytycznymi, co przy planowaniu wycieczki zwyk\u0142ym, g\u00f3rskim szlakiem. Najlepszy okres do chodzenia po ferratach, to zdecydowanie lato i zwi\u0105zany z nim szczyt sezonu. Cho\u0107 niekiedy ze wzgl\u0119du na zalegaj\u0105ce &#8211; zw\u0142aszcza w p\u00f3\u0142nocnych partiach i \u017clebach- pok\u0142ady \u015bniegu, warto sprawdzi\u0107 w miejscowym centrum informacji turystycznej lub na stronach internetowych czy via ferrata jest otwarta i dost\u0119pna dla turyst\u00f3w.<\/span><\/p>\n\n\n\n<h2 class=\"wp-block-heading\" id=\"h-via-ferrata-w-polsce\">Via ferrata w Polsce<\/h2>\n\n\n\n<p class=\"wp-block-paragraph\">Cho\u0107 Polska nie jest europejsk\u0105 stolic\u0105 via ferrat, to i u nas znajdzie si\u0119 co\u015b dla mi\u0142o\u015bnik\u00f3w \u017celaznych dr\u00f3g  albo przynajmniej ich namiastki. Dobrym przyk\u0142adem jest Hurra Jura, czyli kr\u00f3tka, ale dobrze przygotowana trasa poprowadzona na Jurze Krakowsko-Cz\u0119stochowskiej. To pierwsza tego typu inicjatywa w naszym kraju, kt\u00f3ra pozwala spr\u00f3bowa\u0107 swoich si\u0142 w czym\u015b bardzo zbli\u017conym do klasycznej via ferraty, bez potrzeby wyjazdu za granic\u0119.<\/p>\n\n\n\n<p class=\"wp-block-paragraph\">Je\u015bli szukasz wi\u0119kszych emocji, ale nadal w granicach Polski, warto spojrze\u0107 w kierunku Tatr. Cho\u0107 Orla Per\u0107 to nie via ferrata w tradycyjnym rozumieniu tego s\u0142owa, to pod wzgl\u0119dem trudno\u015bci i liczby sztucznych u\u0142atwie\u0144 (\u0142a\u0144cuchy, klamry, drabinki) spokojnie dor\u00f3wnuje wielu ferratom znanym z Alp. To trasa tylko dla os\u00f3b \u015bwietnie przygotowanych fizycznie i psychicznie &#8211; techniczna, wymagaj\u0105ca i bardzo eksponowana.<\/p>\n\n\n\n<p class=\"wp-block-paragraph\"><\/p>\n\n\n<div class=\"wp-block-image\">\n<figure class=\"aligncenter size-full\"><img loading=\"lazy\" decoding=\"async\" width=\"600\" height=\"900\" src=\"https:\/\/8a.pl\/8academy\/wp-content\/uploads\/2016\/07\/orla13.jpg\" alt=\"via ferrata\" class=\"wp-image-60473\" srcset=\"https:\/\/8a.pl\/8academy\/wp-content\/uploads\/2016\/07\/orla13.jpg 600w, https:\/\/8a.pl\/8academy\/wp-content\/uploads\/2016\/07\/orla13-200x300.jpg 200w\" sizes=\"(max-width: 600px) 100vw, 600px\" \/><figcaption class=\"wp-element-caption\">Orla Per\u0107 &#8211; jedna z nielicznych via ferrat w Tatrach (fot. Piotrek Deska)<\/figcaption><\/figure>\n<\/div>\n\n\n<p class=\"wp-block-paragraph\">A je\u015bli masz ochot\u0119 na \u201eprawdziw\u0105\u201d ferrat\u0119, ale bez dalekiej podr\u00f3\u017cy &#8211; rzu\u0107 okiem tu\u017c za granic\u0119. D\u011b\u010d\u00edn w Czechach i Dve Ve\u017ee na S\u0142owacji to najbli\u017csze miejsca, gdzie znajdziesz dobrze przygotowane, w pe\u0142ni ubezpieczone via ferraty \u2013 idealne na pierwszy kontakt z tym stylem wspinania. Skoro ju\u017c wiesz co to via ferrata to czas obra\u0107 odpowidni kierunek!<\/p>\n\n\n\n<h2 class=\"wp-block-heading\" id=\"h-via-ferrata-gdzie-sie-wybrac\">Via ferrata &#8211; gdzie si\u0119 wybra\u0107?<\/h2>\n\n\n\n<h3 class=\"wp-block-heading\" id=\"h-wloskie-dolomity\">W\u0142oskie Dolomity<\/h3>\n\n\n\n<p class=\"wp-block-paragraph\"><span style=\"font-weight: 400;\">Swoj\u0105 przygod\u0119 z via ferratami warto zacz\u0105\u0107 w najbardziej popularnym rejonie, czyli w\u0142oskich Dolomitach. S\u0105 one wyj\u0105tkowo atrakcyjne turystycznie. To za spraw\u0105 \u0142atwego i szybkiego dost\u0119pu z dolin do najciekawszych miejsc i platform widokowych. Podej\u015bcia pod via ferraty s\u0105 ma\u0142o m\u0119cz\u0105ce i zapewniaj\u0105 moc wra\u017ce\u0144 estetycznych. Przygod\u0119 z \u017celaznymi perciami warto rozpocz\u0105\u0107 w Cortinie d\u2019Ampezzo. Ka\u017cdy znajdzie tu co\u015b dla siebie, dobieraj\u0105c odpowiedni\u0105 skal\u0119 trudno\u015bci do swoich umiej\u0119tno\u015bci oraz stopnia wytrenowania. Co ciekawe, znajdziemy tu wiele pozosta\u0142o\u015bci budowli i r\u00f3\u017cnego typu rozwi\u0105za\u0144 pochodz\u0105cych z czasu I wojny \u015bwiatowej. To w\u0142a\u015bnie od budowy udogodnie\u0144 dla wojska, kt\u00f3re pokonywa\u0142o masyw, wzi\u0119\u0142y si\u0119 tu pierwsze via ferraty. Doskona\u0142ym przyk\u0142adem jest via ferrata Lipella na Tofan\u0119 di Rozes z tunelem wydr\u0105\u017conym w skale zwanym Galeri\u0105 Castelletto. Wydr\u0105\u017cyli go W\u0142osi w celu zaatakowania Austriak\u00f3w zajmuj\u0105cych ska\u0142y Castelletto podczas I wojny \u015bwiatowej.<\/span><\/p>\n\n\n\n<p class=\"wp-block-paragraph\"><\/p>\n\n\n<div class=\"wp-block-image wp-image-5570 size-full\">\n<figure class=\"aligncenter\"><img loading=\"lazy\" decoding=\"async\" width=\"600\" height=\"900\" src=\"https:\/\/8a.pl\/8academy\/wp-content\/uploads\/2016\/07\/06_Climbing-Technology-Archive_C.Fabretti-T-Corti-Ferrata-Corna-delle-Capre-Italy_photo-by-K.DellOrto.jpg\" alt=\"via ferrata\" class=\"wp-image-60476\" srcset=\"https:\/\/8a.pl\/8academy\/wp-content\/uploads\/2016\/07\/06_Climbing-Technology-Archive_C.Fabretti-T-Corti-Ferrata-Corna-delle-Capre-Italy_photo-by-K.DellOrto.jpg 600w, https:\/\/8a.pl\/8academy\/wp-content\/uploads\/2016\/07\/06_Climbing-Technology-Archive_C.Fabretti-T-Corti-Ferrata-Corna-delle-Capre-Italy_photo-by-K.DellOrto-200x300.jpg 200w\" sizes=\"(max-width: 600px) 100vw, 600px\" \/><figcaption class=\"wp-element-caption\">W\u0142ochy &#8211; st\u0105d wywodz\u0105 si\u0119 via ferraty (fot. Climbing Technology)<\/figcaption><\/figure>\n<\/div>\n\n\n<h3 class=\"wp-block-heading\" id=\"h-alpy\">Alpy<\/h3>\n\n\n\n<p class=\"wp-block-paragraph\"><span style=\"font-weight: 400;\">Wzoruj\u0105c si\u0119 na drogach, kt\u00f3re przemierza\u0142y w\u0142oskie oddzia\u0142y Alpini, podobne szlaki zacz\u0119to projektowa\u0107 w innych europejskich g\u00f3rach. \u017belazna rewolucja pozwoli\u0142a wchodzi\u0107 na szczyty od stron wcze\u015bniej uwa\u017canych za stricte wspinaczkowe. Ogromne \u015bciany sta\u0142y si\u0119 dost\u0119pne dla zwyk\u0142ych turyst\u00f3w. Dzisiaj via ferraty wiod\u0105 eksponowanymi \u015bcianami na g\u00f3rskie szczyty w wielu krajach Europy. Zdecydowanie najwi\u0119cej jest ich w Alpach: w\u0142oskich, francuskich, austriackich i szwajcarskich. Ale&nbsp;spotkamy je tak\u017ce w innych g\u00f3rach &#8211; na przyk\u0142ad w Hiszpanii i S\u0142owenii. S\u0105 mocno zr\u00f3\u017cnicowane za r\u00f3wno pod wzgl\u0119dem trudno\u015bci jak i terenu, w kt\u00f3rym s\u0105 poprowadzone. Bardzo ciekawa via ferrata znajduje si\u0119 we Francji, w Alpach Nadmorskich. To Via Ferrata des Canyons de Lantosque. Jest ona po\u0142o\u017cona w dolinie rzeki V\u00e9subie we Francji. Oferuje nieco kanioningowy klimat, poniewa\u017c jej u\u017cytkownicy trawersuj\u0105 w\u0105w\u00f3z pe\u0142en mchu i paproci ponad spienionymi wodami rzeki.<\/span><\/p>\n\n\n\n<p class=\"wp-block-paragraph\"><\/p>\n\n\n<div class=\"wp-block-image wp-image-5568 size-large\">\n<figure class=\"aligncenter size-full\"><img loading=\"lazy\" decoding=\"async\" width=\"600\" height=\"900\" src=\"https:\/\/8a.pl\/8academy\/wp-content\/uploads\/2016\/07\/G.-Cavalli-F.-Cavalli-Ferrata-Gorges-de-la-Durance-Les-Vigneaux-Klaus-DellOrto-_-Climbing-T.jpg\" alt=\"via ferrata\" class=\"wp-image-60474\" srcset=\"https:\/\/8a.pl\/8academy\/wp-content\/uploads\/2016\/07\/G.-Cavalli-F.-Cavalli-Ferrata-Gorges-de-la-Durance-Les-Vigneaux-Klaus-DellOrto-_-Climbing-T.jpg 600w, https:\/\/8a.pl\/8academy\/wp-content\/uploads\/2016\/07\/G.-Cavalli-F.-Cavalli-Ferrata-Gorges-de-la-Durance-Les-Vigneaux-Klaus-DellOrto-_-Climbing-T-200x300.jpg 200w\" sizes=\"(max-width: 600px) 100vw, 600px\" \/><figcaption class=\"wp-element-caption\">Via ferrata Gorges de la Durance we Francji (fot. Climbing Technology)<\/figcaption><\/figure>\n<\/div>\n\n\n<h2 class=\"wp-block-heading\" id=\"h-via-ferraty-sprzet-czyli-co-musisz-miec\">Via ferraty &#8211; sprz\u0119t, czyli co musisz mie\u0107<\/h2>\n\n\n\n<p class=\"wp-block-paragraph\"><span style=\"font-weight: 400;\">W trakcie wspinania nale\u017cy u\u017cywa\u0107 odpowiedniego sprz\u0119tu na via ferraty. Podstaw\u0105 jest kask wspinaczkowy, uprz\u0105\u017c oraz lon\u017ca, kt\u00f3ra dedykowana jest specjalnie pod ferraty. Sprz\u0119t ten mo\u017cna zakupi\u0107 w gotowych zestawach do via ferrat. <\/span>Opr\u00f3cz tego bardzo przydatne b\u0119d\u0105 r\u0119kawiczki na via ferraty. \u0141a\u0144cuchy i klamry mog\u0105 by\u0107 bardzo zimne i nieprzyjemne, ska\u0142a ostra &#8211; warto zadba\u0107 o swoje r\u0119ce.<\/p>\n\n\n\n<p class=\"wp-block-paragraph\"><\/p>\n\n\n\n<div class=\"wp-block-buttons is-content-justification-center is-layout-flex wp-container-core-buttons-is-layout-fe48e5de wp-block-buttons-is-layout-flex\">\n<div class=\"wp-block-button\"><a class=\"wp-block-button__link has-background wp-element-button\" href=\"https:\/\/8a.pl\/sprzet-na-via-ferraty\" style=\"border-radius:6px;background-color:#e9600e\">ZOBACZ SPRZ\u0118T NA VIA FERRATY<\/a><\/div>\n\n\n\n<div class=\"wp-block-button\"><a class=\"wp-block-button__link has-background wp-element-button\" href=\"https:\/\/8a.pl\/zestawy-via-ferrata\" style=\"border-radius:6px;background-color:#e9600e\">KUP ZESTAW NA VIA FERRATY<\/a><\/div>\n<\/div>\n\n\n\n<p class=\"wp-block-paragraph\"><\/p>\n\n\n<div class=\"wp-block-image wp-image-5565 size-full\">\n<figure class=\"aligncenter\"><img loading=\"lazy\" decoding=\"async\" width=\"600\" height=\"900\" src=\"https:\/\/8a.pl\/8academy\/wp-content\/uploads\/2016\/07\/Ferrata-Gorges-de-la-Durance-Les-Vigneaux-_-Klaus-DellOrto-_-Climbing-Technology.jpg\" alt=\"via ferrata\" class=\"wp-image-60471\" srcset=\"https:\/\/8a.pl\/8academy\/wp-content\/uploads\/2016\/07\/Ferrata-Gorges-de-la-Durance-Les-Vigneaux-_-Klaus-DellOrto-_-Climbing-Technology.jpg 600w, https:\/\/8a.pl\/8academy\/wp-content\/uploads\/2016\/07\/Ferrata-Gorges-de-la-Durance-Les-Vigneaux-_-Klaus-DellOrto-_-Climbing-Technology-200x300.jpg 200w\" sizes=\"(max-width: 600px) 100vw, 600px\" \/><figcaption class=\"wp-element-caption\">Lonz\u0307a asekuracyjna na pore\u0328czo\u0301wce i r\u0119kawiczki &#8211; sprz\u0119t niezb\u0119dny na via ferratach (fot. Climbing Technology)<\/figcaption><\/figure>\n<\/div>\n\n\n<h3 class=\"wp-block-heading\" id=\"h-uprzaz-na-via-ferraty\">Uprz\u0105\u017c na via ferraty<\/h3>\n\n\n\n<p class=\"wp-block-paragraph\">Oczywi\u015bcie na via ferracie sprawdzi si\u0119 ka\u017cda uprz\u0105\u017c wspinaczkowa ale te dedykowane pod via ferraty s\u0105 nieco inne. Maj\u0105 zazwyczaj bardzo szerokie pasy, zwi\u0119kszaj\u0105ce komfort poruszania si\u0119 w trudno\u015bciach. <span style=\"font-weight: 400;\">Kryterium doboru uprz\u0119\u017cy wspinaczkowej powinna by\u0107 r\u00f3wnie\u017c waga. <\/span>Zawsze lepiej mie\u0107 na sobie mniej ni\u017c wi\u0119cej. <span style=\"font-weight: 400;\">Warto pami\u0119ta\u0107, \u017ce dost\u0119pne s\u0105 r\u00f3wnie\u017c uprz\u0119\u017ce skonstruowane z my\u015bl\u0105 o kobietach &#8211; profilowanie pasa biodrowego zapewnia doskona\u0142e dopasowania do kobiecej anatomii.<\/span><\/p>\n\n\n\n<p class=\"wp-block-paragraph\"><\/p>\n\n\n\n<div class=\"wp-block-buttons is-content-justification-center is-layout-flex wp-container-core-buttons-is-layout-fe48e5de wp-block-buttons-is-layout-flex\">\n<div class=\"wp-block-button\"><a class=\"wp-block-button__link has-background wp-element-button\" href=\"https:\/\/8a.pl\/uprzeze-via-ferrata\" style=\"border-radius:6px;background-color:#e9600e\">KUP UPRZ\u0104\u017b NA VIA FERRATY<\/a><\/div>\n<\/div>\n\n\n\n<p class=\"wp-block-paragraph\"><\/p>\n\n\n\n<h3 class=\"wp-block-heading\" id=\"h-lonza-na-via-ferraty\">Lon\u017ca na via ferraty<\/h3>\n\n\n\n<p class=\"wp-block-paragraph\"><span style=\"font-weight: 400;\">Na ko\u0144cu lon\u017ca. Warto zaopatrzy\u0107 si\u0119 w model z automatycznymi karabinkami z blokad\u0105 zamka. Taki system zapewni nam komfort, bezpiecze\u0144stwo, przy \u0142atwej i szybkiej mo\u017cliwo\u015bci przepi\u0119cia z jednego zabezpieczenia w kolejne. Karabinki zamocowane s\u0105 do lon\u017cy w spos\u00f3b uniemo\u017cliwiaj\u0105cy przekr\u0119canie si\u0119 ich, tym samym optymalizuj\u0105c nasze bezpiecze\u0144stwo.<\/span> Oczywi\u015bcie lon\u017c\u0119 mo\u017cna od biedy zrobi\u0107 z normalnych ta\u015bm i karabink\u00f3w. Nie polecamy jednak takiego rozwi\u0105zania. Przewaga lon\u017cy dedykowanej do via ferrat jest to, \u017ce posiada absorber, kt\u00f3ry ma poch\u0142on\u0105\u0107 szarpni\u0119cie spowodowane odpadni\u0119ciem. R\u00f3wnie\u017c karabinki s\u0105 inne &#8211; znacznie wi\u0119ksze ni\u017c karabinki wspinaczkowe, tak by bez k\u0142opotu mo\u017cna je by\u0142o wpi\u0105\u0107 w grube stalowe liny i por\u0119cze. <\/p>\n\n\n\n<p class=\"wp-block-paragraph\"><\/p>\n\n\n\n<div class=\"wp-block-buttons is-content-justification-center is-layout-flex wp-container-core-buttons-is-layout-fe48e5de wp-block-buttons-is-layout-flex\">\n<div class=\"wp-block-button\"><a class=\"wp-block-button__link has-background wp-element-button\" href=\"https:\/\/8a.pl\/lonze-via-ferrata\" style=\"border-radius:6px;background-color:#e9600e\">KUP LON\u017b\u0118 NA VIA FERRATY<\/a><\/div>\n\n\n\n<div class=\"wp-block-button\"><a class=\"wp-block-button__link has-background wp-element-button\" href=\"https:\/\/8a.pl\/rekawiczki-via-ferrata\" style=\"border-radius:6px;background-color:#e9600e\">KUP R\u0118KAWICZKI NA VIA FERRATY<\/a><\/div>\n\n\n\n<div class=\"wp-block-button\"><a class=\"wp-block-button__link has-background wp-element-button\" href=\"https:\/\/8a.pl\/karabinki-via-ferrata\" style=\"border-radius:6px;background-color:#e9600e\">SPRAWD\u0179 KARABINKI NA VIA FERRATY<\/a><\/div>\n<\/div>\n\n\n\n<p class=\"wp-block-paragraph\"><\/p>\n\n\n<div class=\"wp-block-image\">\n<figure class=\"aligncenter size-full\"><img loading=\"lazy\" decoding=\"async\" width=\"600\" height=\"816\" src=\"https:\/\/8a.pl\/8academy\/wp-content\/uploads\/2025\/05\/IGP7852.webp\" alt=\"Karabinki od lon\u017cy do via ferrat.\" class=\"wp-image-78358\" srcset=\"https:\/\/8a.pl\/8academy\/wp-content\/uploads\/2025\/05\/IGP7852.webp 600w, https:\/\/8a.pl\/8academy\/wp-content\/uploads\/2025\/05\/IGP7852-221x300.webp 221w\" sizes=\"(max-width: 600px) 100vw, 600px\" \/><figcaption class=\"wp-element-caption\">Przed wyruszeniem na najpi\u0119kniejsze via ferraty zadbaj o odpowiedni dob\u00f3r sprz\u0119tu. (fot. Ocun)<\/figcaption><\/figure>\n<\/div>\n\n\n<h3 class=\"wp-block-heading\" id=\"h-kask-na-via-ferraty\">Kask na via ferraty<\/h3>\n\n\n\n<p class=\"wp-block-paragraph\"><span style=\"font-weight: 400;\">W przypadku kasku warto wybra\u0107 model lekki, dobrze wentylowany, by unikn\u0105\u0107 niepotrzebnego przegrzania organizmu. Zwr\u00f3\u0107my uwag\u0119 na poprawne dobranie rozmiaru. Wszak\u017ce wszystkie kaski s\u0105 regulowane zazwyczaj za pomoc\u0105 \u0142atwego, szybkiego systemu, jednak wybieraj\u0105c kask miejmy na uwadze, \u017ce mo\u017cemy go nosi\u0107 na przyk\u0142ad na czapce i powinien zmie\u015bci\u0107 j\u0105 bez uwierania w g\u0142ow\u0119. Dost\u0119pne na rynku kaski posiadaj\u0105 certyfikaty bezpiecze\u0144stwa, \u0142\u0105cz\u0105 estetyk\u0119 wykonania, gam\u0119 kolor\u00f3w z funkcjami technicznymi.<\/span><\/p>\n\n\n\n<p class=\"wp-block-paragraph\"><\/p>\n\n\n\n<div class=\"wp-block-buttons is-content-justification-center is-layout-flex wp-container-core-buttons-is-layout-fe48e5de wp-block-buttons-is-layout-flex\">\n<div class=\"wp-block-button\"><a class=\"wp-block-button__link has-background wp-element-button\" href=\"https:\/\/8a.pl\/kaski-wspinaczkowe\" style=\"border-radius:6px;background-color:#e9600e\">KUP KASK WSPINACZKOWY<\/a><\/div>\n<\/div>\n\n\n\n<p class=\"wp-block-paragraph\"><\/p>\n\n\n\n<h3 class=\"wp-block-heading\" id=\"h-buty-na-via-ferraty\">Buty na via ferraty<\/h3>\n\n\n\n<p class=\"wp-block-paragraph\"><span style=\"font-weight: 400;\">Warto r\u00f3wnie\u017c zwr\u00f3ci\u0107 uwag\u0119 na buty. Dob\u00f3r but\u00f3w na via ferraty opisali\u015bmy co prawda szczeg\u00f3\u0142owo w innych artykule, wi\u0119c tu ograniczmy si\u0119 do podstaw. Sprawdz\u0105 si\u0119 modele zwane \u201epodej\u015bci\u00f3wkami\u201d, czyli niskie buty trekkingowe przeznaczone na \u0142atwe drogi wspinaczkowe i doj\u015bcie pod ska\u0142\u0119, posiadaj\u0105ce dodatkowe wzmocnienie z przodu oraz podklejone specjaln\u0105 gum\u0105 wykorzystywan\u0105 r\u00f3wnie\u017c w butach wspinaczkowych. <\/span>Wiele firm produkuje r\u00f3wnie\u017c dedykowane obuwie na via ferraty.<\/p>\n\n\n\n<p class=\"wp-block-paragraph\"><\/p>\n\n\n\n<div class=\"wp-block-buttons is-content-justification-center is-layout-flex wp-container-core-buttons-is-layout-fe48e5de wp-block-buttons-is-layout-flex\">\n<div class=\"wp-block-button\"><a class=\"wp-block-button__link has-background wp-element-button\" href=\"https:\/\/8a.pl\/buty-podejsciowe-damskie\" style=\"border-radius:6px;background-color:#e9600e\">KUP BUTY PODEJ\u015aCIOWE DAMSKIE<\/a><\/div>\n\n\n\n<div class=\"wp-block-button\"><a class=\"wp-block-button__link has-background wp-element-button\" href=\"https:\/\/8a.pl\/buty-podejsciowe-meskie\" style=\"border-radius:6px;background-color:#e9600e\">KUP BUTY PODEJ\u015aCIOWE M\u0118SKIE<\/a><\/div>\n\n\n\n<div class=\"wp-block-button\"><a class=\"wp-block-button__link has-background wp-element-button\" href=\"https:\/\/8a.pl\/buty-na-via-ferraty\" style=\"border-radius:6px;background-color:#e9600e\">ZOBACZ BUTY NA VIA FERRATY<\/a><\/div>\n<\/div>\n\n\n\n<p class=\"wp-block-paragraph\"><\/p>\n\n\n\n<p class=\"wp-block-paragraph\"><strong>Przeczytaj te\u017c:<\/strong><\/p>\n\n\n\n<ul class=\"wp-block-list\">\n<li><strong><a href=\"https:\/\/8a.pl\/8academy\/jakie-buty-na-via-ferraty\/\">Jakie buty na via ferraty<\/a><\/strong><\/li>\n\n\n\n<li><a href=\"https:\/\/8a.pl\/8academy\/via-ferrata-sprzet-na-zelazna-droge\/\" target=\"_blank\" rel=\"noreferrer noopener\"><strong>Via ferrata \u2013 sprz\u0119t na \u201c\u017celazn\u0105 drog\u0119\u201d<\/strong><\/a><\/li>\n\n\n\n<li><strong><a href=\"https:\/\/8a.pl\/8academy\/lonza-via-ferrata-jak-uzywac-jej-w-gorach\/\">Lon\u017ca via ferrata \u2013 jak u\u017cywa\u0107 jej w g\u00f3rach<\/a><\/strong><\/li>\n<\/ul>\n\n\n\n<hr class=\"wp-block-separator has-text-color has-cyan-bluish-gray-color has-alpha-channel-opacity has-cyan-bluish-gray-background-color has-background\"\/>\n\n\n\n<p class=\"wp-block-paragraph\"><\/p>\n\n\n\n<p class=\"wp-block-paragraph\"><\/p>\n","protected":false},"excerpt":{"rendered":"<p>Kochasz g\u00f3rskie w\u0119dr\u00f3wki, a na sam\u0105 my\u015bl o otwartych przestrzeniach, du\u017cych wysoko\u015bciach i skokach adrenaliny masz na plecach ciarki? Powoli nudz\u0105 Ci\u0119 tatrza\u0144skie szlaki? Znakomicie! To czas, by pomy\u015ble\u0107 o czym\u015b wi\u0119cej. Dla piechur\u00f3w poszukuj\u0105cych zdecydowanej dawki emocji polecamy szlaki o podwy\u017cszonym poziomie adrenaliny, czyli via ferraty.<\/p>\n","protected":false},"author":7,"featured_media":60485,"comment_status":"open","ping_status":"open","sticky":false,"template":"","format":"standard","meta":{"_acf_changed":false,"_uf_show_specific_survey":0,"_uf_disable_surveys":false,"footnotes":""},"categories":[26076],"tags":[26082,26069,26102],"class_list":["post-80448","post","type-post","status-publish","format-standard","has-post-thumbnail","hentry","category-via-ferrata","tag-lato","tag-poradnik","tag-via_ferrata"],"acf":[],"yoast_head":"<!-- This site is optimized with the Yoast SEO Premium plugin v23.4 (Yoast SEO v25.5) - https:\/\/yoast.com\/wordpress\/plugins\/seo\/ -->\n<title>Spacer po \u017celaznej drodze, czyli co to jest via ferrata | 8academy<\/title>\n<meta name=\"description\" content=\"Nutka adrenaliny, przyspieszone bicie serca czy poc\u0105ce si\u0119 z nerw\u00f3w d\u0142onie - Paulina Wierzbicka opowiada czym jest via ferrata.\" \/>\n<meta name=\"robots\" content=\"index, follow, max-snippet:-1, max-image-preview:large, max-video-preview:-1\" \/>\n<link rel=\"canonical\" href=\"https:\/\/8a.pl\/8academy\/spacer-zelaznej-drodze-czyli-via-ferrata\/\" \/>\n<meta property=\"og:locale\" content=\"pl_PL\" \/>\n<meta property=\"og:type\" content=\"article\" \/>\n<meta property=\"og:title\" content=\"Via ferrata - co to jest? Na czym polega fenomen \u017celaznych dr\u00f3g\" \/>\n<meta property=\"og:description\" content=\"Nutka adrenaliny, przyspieszone bicie serca czy poc\u0105ce si\u0119 z nerw\u00f3w d\u0142onie - Paulina Wierzbicka opowiada czym jest via ferrata.\" \/>\n<meta property=\"og:url\" content=\"https:\/\/8a.pl\/8academy\/spacer-zelaznej-drodze-czyli-via-ferrata\/\" \/>\n<meta property=\"og:site_name\" content=\"8academy.pl - portal g\u00f3rski i wspinaczkowy dla aktywnych\" \/>\n<meta property=\"article:publisher\" content=\"https:\/\/pl-pl.facebook.com\/sklep8apl\/\" \/>\n<meta property=\"article:published_time\" content=\"2025-08-22T13:50:00+00:00\" \/>\n<meta property=\"article:modified_time\" content=\"2025-08-22T14:02:50+00:00\" \/>\n<meta property=\"og:image\" content=\"https:\/\/8a.pl\/8academy\/wp-content\/uploads\/2016\/07\/8ACADEMY_FB_.jpg\" \/>\n\t<meta property=\"og:image:width\" content=\"1200\" \/>\n\t<meta property=\"og:image:height\" content=\"628\" \/>\n\t<meta property=\"og:image:type\" content=\"image\/jpeg\" \/>\n<meta name=\"author\" content=\"Redakcja 8Academy\" \/>\n<meta name=\"twitter:card\" content=\"summary_large_image\" \/>\n<meta name=\"twitter:label1\" content=\"Napisane przez\" \/>\n\t<meta name=\"twitter:data1\" content=\"Redakcja 8Academy\" \/>\n\t<meta name=\"twitter:label2\" content=\"Szacowany czas czytania\" \/>\n\t<meta name=\"twitter:data2\" content=\"13 minut\" \/>\n<!-- \/ Yoast SEO Premium plugin. -->","yoast_head_json":{"title":"Spacer po \u017celaznej drodze, czyli co to jest via ferrata | 8academy","description":"Nutka adrenaliny, przyspieszone bicie serca czy poc\u0105ce si\u0119 z nerw\u00f3w d\u0142onie - Paulina Wierzbicka opowiada czym jest via ferrata.","robots":{"index":"index","follow":"follow","max-snippet":"max-snippet:-1","max-image-preview":"max-image-preview:large","max-video-preview":"max-video-preview:-1"},"canonical":"https:\/\/8a.pl\/8academy\/spacer-zelaznej-drodze-czyli-via-ferrata\/","og_locale":"pl_PL","og_type":"article","og_title":"Via ferrata - co to jest? Na czym polega fenomen \u017celaznych dr\u00f3g","og_description":"Nutka adrenaliny, przyspieszone bicie serca czy poc\u0105ce si\u0119 z nerw\u00f3w d\u0142onie - Paulina Wierzbicka opowiada czym jest via ferrata.","og_url":"https:\/\/8a.pl\/8academy\/spacer-zelaznej-drodze-czyli-via-ferrata\/","og_site_name":"8academy.pl - portal g\u00f3rski i wspinaczkowy dla aktywnych","article_publisher":"https:\/\/pl-pl.facebook.com\/sklep8apl\/","article_published_time":"2025-08-22T13:50:00+00:00","article_modified_time":"2025-08-22T14:02:50+00:00","og_image":[{"width":1200,"height":628,"url":"https:\/\/8a.pl\/8academy\/wp-content\/uploads\/2016\/07\/8ACADEMY_FB_.jpg","type":"image\/jpeg"}],"author":"Redakcja 8Academy","twitter_card":"summary_large_image","twitter_misc":{"Napisane przez":"Redakcja 8Academy","Szacowany czas czytania":"13 minut"},"schema":{"@context":"https:\/\/schema.org","@graph":[{"@type":"Article","@id":"https:\/\/8a.pl\/8academy\/spacer-zelaznej-drodze-czyli-via-ferrata\/#article","isPartOf":{"@id":"https:\/\/8a.pl\/8academy\/spacer-zelaznej-drodze-czyli-via-ferrata\/"},"author":{"name":"Redakcja 8Academy","@id":"https:\/\/8a.pl\/8academy\/#\/schema\/person\/2e392153a51786e6c3d5ede231b5d2a4"},"headline":"Via ferrata &#8211; co to jest? Na czym polega fenomen \u017celaznych dr\u00f3g","datePublished":"2025-08-22T13:50:00+00:00","dateModified":"2025-08-22T14:02:50+00:00","mainEntityOfPage":{"@id":"https:\/\/8a.pl\/8academy\/spacer-zelaznej-drodze-czyli-via-ferrata\/"},"wordCount":2037,"commentCount":0,"publisher":{"@id":"https:\/\/8a.pl\/8academy\/#organization"},"image":{"@id":"https:\/\/8a.pl\/8academy\/spacer-zelaznej-drodze-czyli-via-ferrata\/#primaryimage"},"thumbnailUrl":"https:\/\/8a.pl\/8academy\/wp-content\/uploads\/2016\/07\/HhaSswjU.jpg","keywords":["Lato","Poradnik","Via ferrata"],"articleSection":["Via ferrata"],"inLanguage":"pl-PL","potentialAction":[{"@type":"CommentAction","name":"Comment","target":["https:\/\/8a.pl\/8academy\/spacer-zelaznej-drodze-czyli-via-ferrata\/#respond"]}]},{"@type":"WebPage","@id":"https:\/\/8a.pl\/8academy\/spacer-zelaznej-drodze-czyli-via-ferrata\/","url":"https:\/\/8a.pl\/8academy\/spacer-zelaznej-drodze-czyli-via-ferrata\/","name":"Spacer po \u017celaznej drodze, czyli co to jest via ferrata | 8academy","isPartOf":{"@id":"https:\/\/8a.pl\/8academy\/#website"},"primaryImageOfPage":{"@id":"https:\/\/8a.pl\/8academy\/spacer-zelaznej-drodze-czyli-via-ferrata\/#primaryimage"},"image":{"@id":"https:\/\/8a.pl\/8academy\/spacer-zelaznej-drodze-czyli-via-ferrata\/#primaryimage"},"thumbnailUrl":"https:\/\/8a.pl\/8academy\/wp-content\/uploads\/2016\/07\/HhaSswjU.jpg","datePublished":"2025-08-22T13:50:00+00:00","dateModified":"2025-08-22T14:02:50+00:00","description":"Nutka adrenaliny, przyspieszone bicie serca czy poc\u0105ce si\u0119 z nerw\u00f3w d\u0142onie - Paulina Wierzbicka opowiada czym jest via ferrata.","breadcrumb":{"@id":"https:\/\/8a.pl\/8academy\/spacer-zelaznej-drodze-czyli-via-ferrata\/#breadcrumb"},"inLanguage":"pl-PL","potentialAction":[{"@type":"ReadAction","target":["https:\/\/8a.pl\/8academy\/spacer-zelaznej-drodze-czyli-via-ferrata\/"]}]},{"@type":"ImageObject","inLanguage":"pl-PL","@id":"https:\/\/8a.pl\/8academy\/spacer-zelaznej-drodze-czyli-via-ferrata\/#primaryimage","url":"https:\/\/8a.pl\/8academy\/wp-content\/uploads\/2016\/07\/HhaSswjU.jpg","contentUrl":"https:\/\/8a.pl\/8academy\/wp-content\/uploads\/2016\/07\/HhaSswjU.jpg","width":1100,"height":715},{"@type":"BreadcrumbList","@id":"https:\/\/8a.pl\/8academy\/spacer-zelaznej-drodze-czyli-via-ferrata\/#breadcrumb","itemListElement":[{"@type":"ListItem","position":1,"name":"Strona g\u0142\u00f3wna","item":"https:\/\/8a.pl\/8academy\/"},{"@type":"ListItem","position":2,"name":"Via ferrata &#8211; co to jest? Na czym polega fenomen \u017celaznych dr\u00f3g"}]},{"@type":"WebSite","@id":"https:\/\/8a.pl\/8academy\/#website","url":"https:\/\/8a.pl\/8academy\/","name":"8academy.pl - portal g\u00f3rski i wspinaczkowy dla aktywnych","description":"8academy to portal g\u00f3rski o wspinaczce, trekkingu i skiturach. Znajdziesz tu porady, testy sprz\u0119tu i opisy najlepszych rejon\u00f3w. Inspirujemy zdobywc\u00f3w!","publisher":{"@id":"https:\/\/8a.pl\/8academy\/#organization"},"potentialAction":[{"@type":"SearchAction","target":{"@type":"EntryPoint","urlTemplate":"https:\/\/8a.pl\/8academy\/?s={search_term_string}"},"query-input":{"@type":"PropertyValueSpecification","valueRequired":true,"valueName":"search_term_string"}}],"inLanguage":"pl-PL"},{"@type":"Organization","@id":"https:\/\/8a.pl\/8academy\/#organization","name":"8academy.pl - portal g\u00f3rski i wspinaczkowy dla aktywnych","url":"https:\/\/8a.pl\/8academy\/","logo":{"@type":"ImageObject","inLanguage":"pl-PL","@id":"https:\/\/8a.pl\/8academy\/#\/schema\/logo\/image\/","url":"https:\/\/8a.pl\/8academy\/wp-content\/uploads\/2015\/11\/logo.png","contentUrl":"https:\/\/8a.pl\/8academy\/wp-content\/uploads\/2015\/11\/logo.png","width":438,"height":315,"caption":"8academy.pl - portal g\u00f3rski i wspinaczkowy dla aktywnych"},"image":{"@id":"https:\/\/8a.pl\/8academy\/#\/schema\/logo\/image\/"},"sameAs":["https:\/\/pl-pl.facebook.com\/sklep8apl\/","https:\/\/www.instagram.com\/8apl\/"]},{"@type":"Person","@id":"https:\/\/8a.pl\/8academy\/#\/schema\/person\/2e392153a51786e6c3d5ede231b5d2a4","name":"Redakcja 8Academy","image":{"@type":"ImageObject","inLanguage":"pl-PL","@id":"https:\/\/8a.pl\/8academy\/#\/schema\/person\/image\/","url":"https:\/\/8a.pl\/8academy\/wp-content\/uploads\/2017\/10\/logo_obrobione_2_150_59ICJ.jpg","contentUrl":"https:\/\/8a.pl\/8academy\/wp-content\/uploads\/2017\/10\/logo_obrobione_2_150_59ICJ.jpg","caption":"Redakcja 8Academy"},"url":"https:\/\/8a.pl\/8academy\/author\/redakcja\/"}]}},"_links":{"self":[{"href":"https:\/\/8a.pl\/8academy\/wp-json\/wp\/v2\/posts\/80448","targetHints":{"allow":["GET"]}}],"collection":[{"href":"https:\/\/8a.pl\/8academy\/wp-json\/wp\/v2\/posts"}],"about":[{"href":"https:\/\/8a.pl\/8academy\/wp-json\/wp\/v2\/types\/post"}],"author":[{"embeddable":true,"href":"https:\/\/8a.pl\/8academy\/wp-json\/wp\/v2\/users\/7"}],"replies":[{"embeddable":true,"href":"https:\/\/8a.pl\/8academy\/wp-json\/wp\/v2\/comments?post=80448"}],"version-history":[{"count":13,"href":"https:\/\/8a.pl\/8academy\/wp-json\/wp\/v2\/posts\/80448\/revisions"}],"predecessor-version":[{"id":80471,"href":"https:\/\/8a.pl\/8academy\/wp-json\/wp\/v2\/posts\/80448\/revisions\/80471"}],"wp:attachment":[{"href":"https:\/\/8a.pl\/8academy\/wp-json\/wp\/v2\/media?parent=80448"}],"wp:term":[{"taxonomy":"category","embeddable":true,"href":"https:\/\/8a.pl\/8academy\/wp-json\/wp\/v2\/categories?post=80448"},{"taxonomy":"post_tag","embeddable":true,"href":"https:\/\/8a.pl\/8academy\/wp-json\/wp\/v2\/tags?post=80448"}],"curies":[{"name":"wp","href":"https:\/\/api.w.org\/{rel}","templated":true}]}}