{"id":79968,"date":"2025-07-29T13:10:00","date_gmt":"2025-07-29T11:10:00","guid":{"rendered":"https:\/\/8a.pl\/8academy\/?p=79968"},"modified":"2025-07-31T14:22:06","modified_gmt":"2025-07-31T12:22:06","slug":"gory-z-dzieckiem-co-zabrac-na-wycieczke","status":"publish","type":"post","link":"https:\/\/8a.pl\/8academy\/gory-z-dzieckiem-co-zabrac-na-wycieczke\/","title":{"rendered":"G\u00f3ry z dzieckiem &#8211; co zabra\u0107 na wycieczk\u0119?"},"content":{"rendered":"\n<p class=\"wp-block-paragraph\">A je\u015bli wspomnianym hobby s\u0105 piesze wycieczki, to nie powinno by\u0107 \u017cadnych przeciwwskaza\u0144, by taka przygoda zacz\u0119\u0142a si\u0119 bardzo wcze\u015bnie. G\u00f3ry z dzieckiem mog\u0105 by\u0107 ciekawym do\u015bwiadczeniem. Trzeba tylko odpowiednio dopasowa\u0107 cel i dobrze zastanowi\u0107 si\u0119, co ze sob\u0105 zabra\u0107. Czasami te\u017c zmieni\u0107 kilka dotychczasowych nawyk\u00f3w.<\/p>\n\n\n\n<p class=\"wp-block-paragraph\">Rodzinne w\u0119dr\u00f3wki to nie tylko frajda, ale te\u017c okazja do budowania wsp\u00f3lnych wspomnie\u0144 i mi\u0142o\u015bci do przyrody od najm\u0142odszych lat. \u017beby jednak wyjazd by\u0142 udany, warto zadba\u0107 o kilka rzeczy: dopasowa\u0107 tras\u0119 do mo\u017cliwo\u015bci malucha, wybra\u0107 miejsce przyjazne rodzinom i dobrze si\u0119 spakowa\u0107 (bez brania ca\u0142ego domu na plecy).<\/p>\n\n\n\n<ul class=\"wp-block-list\">\n<li><strong><a href=\"https:\/\/8a.pl\/8academy\/gory-z-dzieckiem-co-zabrac-na-wycieczke\/#h-gory-z-dzieckiem-co-ze-soba-zabrac\"><strong><\/strong><\/a><strong><a href=\"https:\/\/8a.pl\/8academy\/gory-z-dzieckiem-co-zabrac-na-wycieczke\/#h-gory-z-dzieckiem-kiedy-zaczac\">G\u00f3ry z dzieckiem &#8211; kiedy zacz\u0105\u0107?<\/a><\/strong><\/strong><\/li>\n\n\n\n<li><strong><a href=\"https:\/\/8a.pl\/8academy\/gory-z-dzieckiem-co-zabrac-na-wycieczke\/#h-gory-z-dzieckiem-czyli-gdzie-sie-wybrac-i-o-czym-pamietac-przy-wyborze-trasy\">G\u00f3ry z dzieckiem, czyli gdzie si\u0119 wybra\u0107 i o czym pami\u0119ta\u0107 przy wyborze trasy<\/a><\/strong><\/li>\n\n\n\n<li><strong><a href=\"http:\/\/O czym pami\u0119ta\u0107 przy wyborze szlak\u00f3w z dzieckiem?\">O czym pami\u0119ta\u0107 przy wyborze szlak\u00f3w z dzieckiem?<\/a><\/strong><\/li>\n\n\n\n<li><strong><a href=\"https:\/\/8a.pl\/8academy\/gory-z-dzieckiem-co-zabrac-na-wycieczke\/#h-gdzie-w-gory-z-dzieckiem\">Gdzie w g\u00f3ry z dzieckiem?<\/a><\/strong><\/li>\n\n\n\n<li><strong><a href=\"https:\/\/8a.pl\/8academy\/gory-z-dzieckiem-co-zabrac-na-wycieczke\/#h-gory-z-dzieckiem-o-czym-pamietac\">G\u00f3ry z dzieckiem \u2013 o czym pami\u0119ta\u0107?<\/a><\/strong><\/li>\n\n\n\n<li><strong><a href=\"https:\/\/8a.pl\/8academy\/gory-z-dzieckiem-co-zabrac-na-wycieczke\/#h-gory-z-dzieckiem-co-ze-soba-zabrac\">G\u00f3ry z dzieckiem \u2013 co ze sob\u0105 zabra\u0107?<\/a><\/strong><\/li>\n<\/ul>\n\n\n\n<p class=\"wp-block-paragraph\"><\/p>\n\n\n<div class=\"wp-block-image\">\n<figure class=\"aligncenter size-full\"><img fetchpriority=\"high\" decoding=\"async\" width=\"600\" height=\"900\" src=\"https:\/\/8a.pl\/8academy\/wp-content\/uploads\/2025\/07\/KidCarrier_KidComfort_Sideshot_1_JulianBuckers_21.webp\" alt=\"Rodzina na g\u00f3rskiej wycieczce.\" class=\"wp-image-79985\" srcset=\"https:\/\/8a.pl\/8academy\/wp-content\/uploads\/2025\/07\/KidCarrier_KidComfort_Sideshot_1_JulianBuckers_21.webp 600w, https:\/\/8a.pl\/8academy\/wp-content\/uploads\/2025\/07\/KidCarrier_KidComfort_Sideshot_1_JulianBuckers_21-200x300.webp 200w\" sizes=\"(max-width: 600px) 100vw, 600px\" \/><figcaption class=\"wp-element-caption\">Kr\u00f3tka trasa, d\u0142uga lista rzeczy do zabrania. Ale warto. (fot. Deuter)<\/figcaption><\/figure>\n<\/div>\n\n\n<h2 class=\"wp-block-heading\" id=\"h-gory-z-dzieckiem-kiedy-zaczac\">G\u00f3ry z dzieckiem &#8211; kiedy zacz\u0105\u0107?<\/h2>\n\n\n\n<p class=\"wp-block-paragraph\">Nie ma jednej poprawnej odpowiedzi &#8211; wszystko zale\u017cy od Waszych mo\u017cliwo\u015bci, do\u015bwiadczenia i&#8230; nastawienia dziecka. Na kr\u00f3tk\u0105 wycieczk\u0119 w g\u00f3ry mo\u017cna ruszy\u0107 ju\u017c z niemowlakiem, pod warunkiem, \u017ce czujecie si\u0119 pewnie i jeste\u015bcie odpowiednio przygotowani.<\/p>\n\n\n\n<p class=\"wp-block-paragraph\">Dzi\u015b, dzi\u0119ki noside\u0142kom turystycznym, z wypadami nie trzeba czeka\u0107 do momentu, a\u017c dzieci sprawnie b\u0119d\u0105 si\u0119 porusza\u0107 na w\u0142asnych nogach. Wst\u0119pem do takiej turystyki mog\u0105 by\u0107 podr\u00f3\u017ce na plecach opiekun\u00f3w. W takiej sytuacji rodzic, ciesz\u0105c si\u0119 macierzy\u0144stwem lub tacierzy\u0144stwem, nie traci kontaktu z g\u00f3rami, a maluch, mo\u017ce nie do ko\u0144ca \u015bwiadomie, oswaja si\u0119 z nowym otoczeniem. Dla wielu os\u00f3b bezpieczniejszym momentem jest etap, gdy dziecko potrafi ju\u017c stabilnie siedzie\u0107 (czyli oko\u0142o 6\u20139 miesi\u0105ca \u017cycia), a idealnym momentem na pierwsze, samodzielne w\u0119dr\u00f3wki s\u0105 okolice 3\u20135 roku \u017cycia.<\/p>\n\n\n\n<p class=\"wp-block-paragraph\"><\/p>\n\n\n\n<div class=\"wp-block-buttons is-content-justification-center is-layout-flex wp-container-core-buttons-is-layout-fe48e5de wp-block-buttons-is-layout-flex\">\n<div class=\"wp-block-button\"><a class=\"wp-block-button__link has-background wp-element-button\" href=\"https:\/\/8a.pl\/nosidelka-turystyczne\" style=\"border-radius:6px;background-color:#e9600e\">ZOBACZ NOSIDE\u0141KA TURYSTYCZNE<\/a><\/div>\n<\/div>\n\n\n\n<p class=\"wp-block-paragraph\"><strong>Przeczytaj te\u017c:<\/strong><\/p>\n\n\n\n<ul class=\"wp-block-list\">\n<li><strong><a href=\"https:\/\/8a.pl\/8academy\/nosidelko-turystyczne-od-jakiego-wieku\/\">Noside\u0142ko turystyczne \u2013 od jakiego wieku zacz\u0105\u0107 go u\u017cywa\u0107?<\/a><\/strong><\/li>\n<\/ul>\n\n\n\n<hr class=\"wp-block-separator has-text-color has-cyan-bluish-gray-color has-alpha-channel-opacity has-cyan-bluish-gray-background-color has-background\"\/>\n\n\n\n<p class=\"wp-block-paragraph\"><\/p>\n\n\n<div class=\"wp-block-image\">\n<figure class=\"aligncenter size-full\"><img decoding=\"async\" width=\"600\" height=\"900\" src=\"https:\/\/8a.pl\/8academy\/wp-content\/uploads\/2020\/08\/nosidelka-turystyczne.jpg\" alt=\"spacer w g\u00f3rach\" class=\"wp-image-43005\" srcset=\"https:\/\/8a.pl\/8academy\/wp-content\/uploads\/2020\/08\/nosidelka-turystyczne.jpg 600w, https:\/\/8a.pl\/8academy\/wp-content\/uploads\/2020\/08\/nosidelka-turystyczne-200x300.jpg 200w\" sizes=\"(max-width: 600px) 100vw, 600px\" \/><figcaption class=\"wp-element-caption\">Wyjazdy w g\u00f3ry z dzieckiem mo\u017cna zacz\u0105\u0107 od najm\u0142odszych lat. Umo\u017cliwiaj\u0105 to noside\u0142ka turystyczne. (fot. Deuter)<\/figcaption><\/figure>\n<\/div>\n\n\n<h2 class=\"wp-block-heading\" id=\"h-gory-z-dzieckiem-czyli-gdzie-sie-wybrac-i-o-czym-pamietac-przy-wyborze-trasy\">G\u00f3ry z dzieckiem, czyli gdzie si\u0119 wybra\u0107 i o czym pami\u0119ta\u0107 przy wyborze trasy<\/h2>\n\n\n\n<p class=\"wp-block-paragraph\">Oczywi\u015bcie trzeba przy tym pami\u0119ta\u0107, \u017ceby odpowiednio dobra\u0107 tras\u0119. Wiek dziecka ma kluczowe znaczenie, bowiem zupe\u0142nie inaczej wygl\u0105da planowanie wycieczki z rocznym dzieckiem ni\u017c z energicznym 8 latkiem. D\u017awigaj\u0105c w noside\u0142ku kilka kilo w postaci dziecka, nale\u017cy skupi\u0107 si\u0119 na zapewnieniu mu maksymalnego bezpiecze\u0144stwa. Z pewno\u015bci\u0105 nie jest to odpowiedni moment, by odwiedza\u0107 szczyty potrzebne nam do zdobycia Wielkiej Korony Tatr, ale tatrza\u0144skie dolinki czy \u0142agodne wzniesienia Beskidu Niskiego b\u0119d\u0105 dobrym wyborem. Poza tym warto mierzy\u0107 si\u0142y na zamiary i wzi\u0105\u0107 pod uwag\u0119 dodatkowy ci\u0119\u017car, jaki trzeba b\u0119dzie przenie\u015b\u0107 i zwi\u0105zany z tym ubytek si\u0142.<\/p>\n\n\n\n<p class=\"wp-block-paragraph\">Gdy pociecha porusza si\u0119 ju\u017c na w\u0142asnych nogach, opr\u00f3cz trudno\u015bci technicznych, znaczenie ma te\u017c dystans. Przy planowaniu trasy postarajmy wczu\u0107 si\u0119 w rol\u0119 malucha, kt\u00f3ry prawdopodobnie zacznie dzie\u0144 z du\u017c\u0105 energi\u0105, ale niewykluczone, \u017ce dosy\u0107 szybko opadnie z si\u0142. Mo\u017ce te\u017c, wcze\u015bniej ni\u017c my\u015blimy, zacz\u0105\u0107 si\u0119 nudzi\u0107.<\/p>\n\n\n\n<p class=\"wp-block-paragraph\"><\/p>\n\n\n<div class=\"wp-block-image\">\n<figure class=\"aligncenter size-full\"><img decoding=\"async\" width=\"600\" height=\"900\" src=\"https:\/\/8a.pl\/8academy\/wp-content\/uploads\/2020\/08\/kurtka-przeciwdeszcowa-dla-dzieci.jpg\" alt=\"jaka kurtka dzieci\u0119ca w g\u00f3ry\" class=\"wp-image-43014\" srcset=\"https:\/\/8a.pl\/8academy\/wp-content\/uploads\/2020\/08\/kurtka-przeciwdeszcowa-dla-dzieci.jpg 600w, https:\/\/8a.pl\/8academy\/wp-content\/uploads\/2020\/08\/kurtka-przeciwdeszcowa-dla-dzieci-200x300.jpg 200w\" sizes=\"(max-width: 600px) 100vw, 600px\" \/><figcaption class=\"wp-element-caption\">A co je\u015bli  podczas wycieczki w g\u00f3ry z dzieckiem zacznie pada\u0107 deszcz? W takiej sytuacji przyda si\u0119 dobra kurtka. (fot. Columbia)<\/figcaption><\/figure>\n<\/div>\n\n\n<h2 class=\"wp-block-heading\" id=\"h-o-czym-pamietac-przy-wyborze-szlakow-z-dzieckiem\">O czym pami\u0119ta\u0107 przy wyborze szlak\u00f3w z dzieckiem?<\/h2>\n\n\n\n<h3 class=\"wp-block-heading\" id=\"h-dojazd-w-gory-krotki-i-latwy\">Dojazd w g\u00f3ry &#8211; kr\u00f3tki i \u0142atwy<\/h3>\n\n\n\n<p class=\"wp-block-paragraph\">Wypad w g\u00f3ry z dzieckiem mo\u017ce si\u0119 sko\u0144czy\u0107 katastrof\u0105, zanim jeszcze na dobre wyjdziemy w g\u00f3ry. Ba, zanim nawet opu\u015bcimy samoch\u00f3d. Je\u015bli wyjazd ma charakter weekendowy, to ju\u017c u podstaw planowania&nbsp;odrzuc\u0107my wszystkie propozycje, kt\u00f3re s\u0105 powy\u017cej trzech godzin jazdy&nbsp;(mowa tylko o samochodzie). Zostawiamy je na przed\u0142u\u017cone weekendy lub wypady ze znajomymi. Tu nawet nie chodzi tylko i wy\u0142\u0105cznie o m\u0119czenie potomstwa w samochodzie i testowanie wytrzyma\u0142o\u015bci malucha, no chyba, \u017ce wasze dziecko naprawd\u0119 kocha sp\u0119dza\u0107 czas w foteliku\u2026 \u2013 lecz o wasze zm\u0119czenie. Mimo \u017ce fizycznie z dzieckiem nie nachodzimy si\u0119 tyle co solo, to dochodzi jeszcze og\u00f3lne zm\u0119czenie materia\u0142u, kt\u00f3re zna ka\u017cdy rodzic. Sze\u015bciogodzinny powr\u00f3t w niedziel\u0119 w nocy, po dw\u00f3ch dniach z dzieckiem w g\u00f3rach, nie do ko\u0144ca musi by\u0107 udanym pomys\u0142em. Lepiej zadba\u0107 o szlak, kt\u00f3ry jest:<\/p>\n\n\n\n<ul class=\"wp-block-list\">\n<li>w miar\u0119 blisko;<\/li>\n\n\n\n<li>ma dobry punkt parkingowy, znajduj\u0105cy si\u0119 tuz przy szlaku;<\/li>\n\n\n\n<li>pozwala wjecha\u0107 samochodem na prze\u0142\u0119cz lub pod samo schronisko.<\/li>\n<\/ul>\n\n\n\n<p class=\"wp-block-paragraph\"><\/p>\n\n\n<div class=\"wp-block-image\">\n<figure class=\"aligncenter size-full\"><img loading=\"lazy\" decoding=\"async\" width=\"600\" height=\"900\" src=\"https:\/\/8a.pl\/8academy\/wp-content\/uploads\/2020\/08\/dzieci-w-gorach.jpg\" alt=\"co na komary\" class=\"wp-image-42974\" srcset=\"https:\/\/8a.pl\/8academy\/wp-content\/uploads\/2020\/08\/dzieci-w-gorach.jpg 600w, https:\/\/8a.pl\/8academy\/wp-content\/uploads\/2020\/08\/dzieci-w-gorach-200x300.jpg 200w\" sizes=\"(max-width: 600px) 100vw, 600px\" \/><figcaption class=\"wp-element-caption\">Wybieraj\u0105c si\u0119 w g\u00f3ry z dzie\u0107mi, nie przesadzajmy z d\u0142ugo\u015bci\u0105 trasy. (fot.  Care Plus)<\/figcaption><\/figure>\n<\/div>\n\n\n<h3 class=\"wp-block-heading\" id=\"h-na-poczatek-stosunkowo-krotki-szlak\">Na pocz\u0105tek stosunkowo kr\u00f3tki szlak<\/h3>\n\n\n\n<p class=\"wp-block-paragraph\">Wiemy, wiemy co to za dystans 10, 15 kilometr\u00f3w\u2026?! Tyle to przechodzili\u015bcie zwykle w g\u00f3rach do drugiego \u015bniadania. Oczywi\u015bcie, w miar\u0119 nabierania do\u015bwiadczenia w w\u0119dr\u00f3wkach z dzieckiem dystans mo\u017ce si\u0119 wyd\u0142u\u017ca\u0107 &#8211; na pocz\u0105tku jednak warto postawi\u0107 na kr\u00f3tsze wycieczki, kt\u00f3re naucz\u0105 zar\u00f3wno nas, jak i dziecko obycia w nowej sytuacji.<\/p>\n\n\n\n<p class=\"wp-block-paragraph\">Wiadoma sprawa &#8211; wycieczki ze starszakami rz\u0105dz\u0105 si\u0119 swoimi prawami, jednak pami\u0119tajmy, aby zaplanowana trasa by\u0142a realnie dopasowana do mo\u017cliwo\u015bci i ch\u0119ci dziecka. Tylko to uchroni nas przed wycieczk\u0105-katastrof\u0105. Po co m\u0119czy\u0107 dziecko wielogodzinnym siedzeniem w jednakowej pozycji? \u2013 niech si\u0119 wybiega, na to r\u00f3wnie\u017c musi by\u0107 czas. No i po co stresowa\u0107 si\u0119, \u017ce do przej\u015bcia zosta\u0142o jeszcze tak du\u017co, a czasu coraz mniej.<\/p>\n\n\n\n<p class=\"wp-block-paragraph\"><\/p>\n\n\n<div class=\"wp-block-image\">\n<figure class=\"aligncenter size-full\"><img loading=\"lazy\" decoding=\"async\" width=\"600\" height=\"900\" src=\"https:\/\/8a.pl\/8academy\/wp-content\/uploads\/2020\/08\/plecak-dla-dziecka.jpg\" alt=\"G\u00f3ry z dzieckiem\" class=\"wp-image-42983\" srcset=\"https:\/\/8a.pl\/8academy\/wp-content\/uploads\/2020\/08\/plecak-dla-dziecka.jpg 600w, https:\/\/8a.pl\/8academy\/wp-content\/uploads\/2020\/08\/plecak-dla-dziecka-200x300.jpg 200w\" sizes=\"(max-width: 600px) 100vw, 600px\" \/><figcaption class=\"wp-element-caption\">Niewielki plecak dla dziecka, pozwoli maluchowi zabra\u0107 w g\u00f3ry w\u0142asne drobiazgi. (fot. Salewa)<\/figcaption><\/figure>\n<\/div>\n\n\n<p class=\"wp-block-paragraph\">Najlepiej sprawdzaj\u0105 si\u0119 trasy do oko\u0142o 10 -12 km, na kt\u00f3rych jest czas, \u017ceby posiedzie\u0107 przy schronisku \/ pobiega\u0107 na polanie \/ pom\u0119czy\u0107 wszystkie psy na szlaku \/ pozrywa\u0107 kwiatki \/ poucieka\u0107 rodzicom \/ pomarudzi\u0107 przy jedzeniu\u2026 i zrobi\u0107 wiele nieistotnych z punktu widzenia rodzica rzeczy, o kt\u00f3rych cz\u0119sto zapominamy, gdy w\u0119drujemy bez b\u0105belka.<\/p>\n\n\n\n<h3 class=\"wp-block-heading\" id=\"h-zaplanuj-miejsca-postoju-sprawdz-dostepnosc-schronisk\">Zaplanuj miejsca postoju, sprawd\u017a dost\u0119pno\u015b\u0107 schronisk<\/h3>\n\n\n\n<p class=\"wp-block-paragraph\">Sko\u0144czy si\u0119 woda, sko\u0144cz\u0105 si\u0119 chusteczki, zachce si\u0119 chrupek, zachce si\u0119 je\u015b\u0107 (bo we wcze\u015bniejszym schronisku, jako\u015b si\u0119 nie zachcia\u0142o), znudzi si\u0119 dynda\u0107 w nosidle, zechce si\u0119 pobiega\u0107\u2026 mo\u017cliwo\u015bci jest wiele. Lepiej wi\u0119c, \u017ceby odleg\u0142o\u015bci pomi\u0119dzy poszczeg\u00f3lnymi punktami postojowymi by\u0142y w miar\u0119 bliskie. Je\u015bli decydowa\u0107 si\u0119 na tras\u0119 w g\u00f3rach \u201edzikich\u201d z daleka od cywilizacji, to tylko wtedy, gdy na 100% mamy wszystko, co b\u0119dzie nam potrzebne przy d\u0142u\u017cszej w\u0119dr\u00f3wce z dzieckiem. W innym przypadku Beskidy \u2013 szczeg\u00f3lnie&nbsp;\u015al\u0105ski, Ma\u0142y i troch\u0119 mniej&nbsp;\u017bywiecki&nbsp;\u2013 to idealne lokacje na wypad z dzieckiem. Dla mieszka\u0144c\u00f3w Dolnego \u015al\u0105ska dobrym miejscem b\u0119d\u0105&nbsp;G\u00f3ry Sto\u0142owe, Izery lub Rudawy Janowickie.<\/p>\n\n\n\n<h3 class=\"wp-block-heading\" id=\"h-ulatwienia-i-atrakcje-dla-malucha\">U\u0142atwienia i atrakcje dla malucha<\/h3>\n\n\n\n<p class=\"wp-block-paragraph\">\u015awietn\u0105 alternatyw\u0105 dla stromego podej\u015bcia i ogromn\u0105 atrakcj\u0105 dla starszego dziecka jest kolejka g\u00f3rska. Pozwala to nieco usprawni\u0107 ca\u0142\u0105 wycieczk\u0119, a tak\u017ce pokaza\u0107 dziecku nieco mniej dost\u0119pne (jak na jego wiek) miejsca w g\u00f3rach. W tym miejscu nie ma si\u0119 co lamentowa\u0107, \u017ce to wbrew naszej g\u00f3rskiej etyce, \u017ce to dobre dla \u201cklapkowicz\u00f3w\u201d i w og\u00f3le jak tak mo\u017cna. Zapewniamy Was, \u017ce mo\u017cna. A czasami nawet trzeba.<\/p>\n\n\n\n<p class=\"wp-block-paragraph\"><\/p>\n\n\n<div class=\"wp-block-image\">\n<figure class=\"aligncenter size-full\"><img loading=\"lazy\" decoding=\"async\" width=\"600\" height=\"816\" src=\"https:\/\/8a.pl\/8academy\/wp-content\/uploads\/2025\/07\/F24_US_WS_TK_VAN_28103.webp\" alt=\"Gdzie w g\u00f3ry z dzieckiem?\" class=\"wp-image-79970\" srcset=\"https:\/\/8a.pl\/8academy\/wp-content\/uploads\/2025\/07\/F24_US_WS_TK_VAN_28103.webp 600w, https:\/\/8a.pl\/8academy\/wp-content\/uploads\/2025\/07\/F24_US_WS_TK_VAN_28103-221x300.webp 221w\" sizes=\"(max-width: 600px) 100vw, 600px\" \/><figcaption class=\"wp-element-caption\">Je\u015bli co\u015b wygl\u0105da jak do wspinania, oznacza, \u017ce b\u0119dzie wspinane. (fot. Columbia)<\/figcaption><\/figure>\n<\/div>\n\n\n<p class=\"wp-block-paragraph\">Je\u015bli gdzie\u015b na ko\u0144cu trasy znajduje si\u0119 wie\u017ca widokowa &#8211; masz sukces w kieszeni. Dzieciaki kochaj\u0105 zdobywanie okre\u015blonego celu! Dla doros\u0142ych to mi\u0142y bonus w postaci panoramy, dla dziecka &#8211; prawdziwa przygoda i nagroda za wysi\u0142ek. Dla dzieci trasa to nie tylko dystans do pokonania &#8211; to pole zabawy. Szlak z wystaj\u0105cymi korzeniami, \u201etajn\u0105 \u015bcie\u017ck\u0105\u201d przez las, tunelem mi\u0119dzy ska\u0142kami czy mostkiem nad potokiem potrafi zaj\u0105\u0107 na d\u0142ugo. W G\u00f3rach Sto\u0142owych czy Rudawach Janowickich takich atrakcji jest pod dostatkiem.<\/p>\n\n\n\n<h2 class=\"wp-block-heading\" id=\"h-gdzie-w-gory-z-dzieckiem\">Gdzie w g\u00f3ry z dzieckiem?<\/h2>\n\n\n\n<p class=\"wp-block-paragraph\">Gdzie zatem uda\u0107 si\u0119 z dzieckiem? W Polsce jest kilka ni\u017cszych pasm, w kt\u00f3rych bez trudu znale\u017a\u0107 mo\u017cna trasy idealnie dopasowane do aktualnych mo\u017cliwo\u015bci malucha.<\/p>\n\n\n\n<h3 class=\"wp-block-heading\" id=\"h-beskidy-klasyka-w-rodzinnym-wydaniu\">Beskidy \u2013 klasyka w rodzinnym wydaniu<\/h3>\n\n\n\n<p class=\"wp-block-paragraph\">Beskidy to idealny kierunek na start \u2013 \u0142atwe podej\u015bcia, du\u017co schronisk, dobra infrastruktura i mn\u00f3stwo kr\u00f3tkich tras. \u015awietnie sprawdza si\u0119 Beskid \u015al\u0105ski z Ustroniem, Szczyrkiem i Wis\u0142\u0105 \u2013 podej\u015bcie na R\u00f3wnic\u0119, Czantori\u0119 czy Klimczok to w sam raz na dzie\u0144 z dzieckiem. Beskid Ma\u0142y to spokojniejsze, mniej ucz\u0119szczane szlaki w okolicach Mi\u0119dzybrodzia \u2013 Magurka Wilkowicka czy G\u00f3ra \u017bar (z kolejk\u0105) s\u0105 wr\u0119cz stworzone dla najm\u0142odszych. Na d\u0142u\u017cszy wypad polecamy Beskid \u017bywiecki \u2013 np. tras\u0119 na Rysiank\u0119 lub Hal\u0119 Miziow\u0105, gdzie mo\u017cna zanocowa\u0107 w schronisku i poczu\u0107 klimat prawdziwej g\u00f3rskiej przygody.<\/p>\n\n\n\n<p class=\"wp-block-paragraph\"><\/p>\n\n\n<div class=\"wp-block-image\">\n<figure class=\"aligncenter size-full\"><img loading=\"lazy\" decoding=\"async\" width=\"600\" height=\"900\" src=\"https:\/\/8a.pl\/8academy\/wp-content\/uploads\/2025\/07\/F23_Poco_LT_Blue_Sky_10003406-13-kopia-kopia.webp\" alt=\"Gdzie w g\u00f3ry z dzieckiem?\" class=\"wp-image-79981\" srcset=\"https:\/\/8a.pl\/8academy\/wp-content\/uploads\/2025\/07\/F23_Poco_LT_Blue_Sky_10003406-13-kopia-kopia.webp 600w, https:\/\/8a.pl\/8academy\/wp-content\/uploads\/2025\/07\/F23_Poco_LT_Blue_Sky_10003406-13-kopia-kopia-200x300.webp 200w\" sizes=\"(max-width: 600px) 100vw, 600px\" \/><figcaption class=\"wp-element-caption\">Czy jest lepszy spos\u00f3b na wsp\u00f3lne sp\u0119dzanie czasu? (fot. Osprey)<\/figcaption><\/figure>\n<\/div>\n\n\n<h3 class=\"wp-block-heading\" id=\"h-gory-stolowe\">G\u00f3ry Sto\u0142owe<\/h3>\n\n\n\n<p class=\"wp-block-paragraph\">Szczeliniec Wielki i B\u0142\u0119dne Ska\u0142y to absolutne hity w kategorii \u201edzieci kontra nuda\u201d. Skalny labirynt, w\u0105skie przej\u015bcia, dziwne formacje i\u2026 schody, kt\u00f3re potrafi\u0105 by\u0107 atrakcj\u0105 sam\u0105 w sobie. Do tego wygodne parkingi, dobra infrastruktura i mo\u017cliwo\u015b\u0107 skr\u00f3cenia tras, je\u015bli ma\u0142y piechur odm\u00f3wi wsp\u00f3\u0142pracy.<br>Warto zabra\u0107 nosid\u0142o, bo nie wsz\u0119dzie przejedziesz z w\u00f3zkiem, ale teren nie jest wymagaj\u0105cy technicznie.<\/p>\n\n\n\n<h3 class=\"wp-block-heading\" id=\"h-gory-izerskie\">G\u00f3ry Izerskie<\/h3>\n\n\n\n<p class=\"wp-block-paragraph\">Je\u015bli zastanawiasz si\u0119, gdzie w g\u00f3ry z dzieckiem, \u017ceby by\u0142o spokojnie, wygodnie i bez stresu &#8211; G\u00f3ry Izerskie to absolutny strza\u0142 w dziesi\u0105tk\u0119. To jedno z nielicznych pasm, kt\u00f3re nadaj\u0105 si\u0119 nawet na wyprawy z w\u00f3zkiem terenowym czy z dzieckiem na rowerku biegowym. Trasy s\u0105 szerokie, szutrowe i niemal p\u0142askie. Szczeg\u00f3lnie polecamy drog\u0119 z Jakuszyc do Schroniska Orle lub dalej, przez Polan\u0119 Izersk\u0105, do kultowej Chatki G\u00f3rzyst\u00f3w, gdzie nale\u015bniki z jagodami smakuj\u0105 jak nagroda za ca\u0142odzienn\u0105 w\u0119dr\u00f3wk\u0119.<\/p>\n\n\n\n<p class=\"wp-block-paragraph\">W g\u00f3rach z dzieckiem wa\u017cna jest przewidywalno\u015b\u0107, a Izery oferuj\u0105 w\u0142a\u015bnie to: \u0142atwe doj\u015bcia, cie\u0144 lasu, potoki do zabawy, mostki do przekraczania i du\u017co przestrzeni do biegania. Zim\u0105 mo\u017cna wr\u00f3ci\u0107 tu z sankami, latem nie zapomnie\u0107 o sprayu na komary.<\/p>\n\n\n\n<p class=\"wp-block-paragraph\"><\/p>\n\n\n<div class=\"wp-block-image\">\n<figure class=\"aligncenter size-full\"><img loading=\"lazy\" decoding=\"async\" width=\"600\" height=\"816\" src=\"https:\/\/8a.pl\/8academy\/wp-content\/uploads\/2025\/07\/dziecko3.webp\" alt=\"Co zabra\u0107 na wakacje?\" class=\"wp-image-79683\" srcset=\"https:\/\/8a.pl\/8academy\/wp-content\/uploads\/2025\/07\/dziecko3.webp 600w, https:\/\/8a.pl\/8academy\/wp-content\/uploads\/2025\/07\/dziecko3-221x300.webp 221w\" sizes=\"(max-width: 600px) 100vw, 600px\" \/><figcaption class=\"wp-element-caption\">G\u00f3ry z dzieckiem? Zadbaj o ochron\u0119 przed s\u0142o\u0144cem: krem z filtrem, nakrycie g\u0142owy i porz\u0105dne okulary przeciws\u0142oneczne. (fot. Julbo)<\/figcaption><\/figure>\n<\/div>\n\n\n<h3 class=\"wp-block-heading\" id=\"h-rudawy-janowickie-gory-sowie-i-karkonosze\">Rudawy Janowickie, G\u00f3ry Sowie i Karkonosze<\/h3>\n\n\n\n<p class=\"wp-block-paragraph\">Je\u015bli szukasz pomys\u0142u, gdzie w g\u00f3ry z dzieckiem w Sudetach, \u015bwietnym wyborem b\u0119d\u0105 okolice Rudaw Janowickich, G\u00f3r Sowich i Karkonoszy. Rudawy Janowickie z pewno\u015bci\u0105 przypadn\u0105 do gustu ma\u0142ym odkrywcom &#8211; mnogo\u015b\u0107 formacji skalnych, ruiny zamku Bolcz\u00f3w, czy kolorowe jeziorka to idealny plan na weekend z maluchem. W G\u00f3rach Sowich warto wybra\u0107 si\u0119 na Wielk\u0105 Sow\u0119 &#8211; szlak z Prze\u0142\u0119czy Sokolej jest kr\u00f3tki i \u0142agodny, a wie\u017ca widokowa na szczycie to atrakcja sama w sobie. Z kolei Karkonosze to propozycja dla rodzin, kt\u00f3re maj\u0105 ju\u017c troch\u0119 do\u015bwiadczenia &#8211; z dzieckiem warto skorzysta\u0107 z kolejki na Kop\u0119 i podej\u015b\u0107 w stron\u0119 \u015anie\u017cki.&nbsp;Na uwag\u0119 zas\u0142uguj\u0105 te\u017c wodospady &#8211; Szklarka oraz Kamie\u0144czyk.<\/p>\n\n\n\n<p class=\"wp-block-paragraph\"><\/p>\n\n\n<div class=\"wp-block-image\">\n<figure class=\"aligncenter size-full\"><img loading=\"lazy\" decoding=\"async\" width=\"600\" height=\"816\" src=\"https:\/\/8a.pl\/8academy\/wp-content\/uploads\/2025\/07\/F25_DRY_EH_UT_A_1572.webp\" alt=\"G\u00f3ry z dzieckiem.\" class=\"wp-image-79972\" srcset=\"https:\/\/8a.pl\/8academy\/wp-content\/uploads\/2025\/07\/F25_DRY_EH_UT_A_1572.webp 600w, https:\/\/8a.pl\/8academy\/wp-content\/uploads\/2025\/07\/F25_DRY_EH_UT_A_1572-221x300.webp 221w\" sizes=\"(max-width: 600px) 100vw, 600px\" \/><figcaption class=\"wp-element-caption\">Dzieci\u0119ca ciekawo\u015b\u0107 nie zna granic. G\u00f3ry z dzieckiem to \u015bwietna okazja do poznawania \u015bwiata. (fot. Columbia)<\/figcaption><\/figure>\n<\/div>\n\n\n<h3 class=\"wp-block-heading\" id=\"h-gory-z-dzieckiem-moze-tatry\">G\u00f3ry z dzieckiem? Mo\u017ce Tatry?<\/h3>\n\n\n\n<p class=\"wp-block-paragraph\">Dla wielu \u201eTatry z dzieckiem\u201d brzmi\u0105 jak wyzwanie, ale dolinki udowadniaj\u0105, \u017ce da si\u0119 i\u015b\u0107 na kompromis mi\u0119dzy przygod\u0105 a rozs\u0105dkiem. Dolina Ko\u015bcieliska to szeroki, szutrowy trakt &#8211; nada si\u0119 i pod w\u00f3zek, i na d\u0142u\u017cszy spacer z nosid\u0142em. Po drodze mamy jaskinie, schronisko, a nawet bac\u00f3wk\u0119 z oscypkami. Dolina Chocho\u0142owska to z kolei \u015bwietna opcja dla mi\u0142o\u015bnik\u00f3w rowerk\u00f3w biegowych. Trasa jest prosta, a do schroniska prowadzi asfaltowa droga. Na kr\u00f3tsze wypady sprawdz\u0105 si\u0119 te\u017c Dolina Str\u0105\u017cyska i Dolina Bia\u0142ego &#8211; mniej ucz\u0119szczane, ale r\u00f3wnie malownicze.<\/p>\n\n\n\n<p class=\"wp-block-paragraph\"><strong>Przeczytaj te\u017c:<\/strong><\/p>\n\n\n\n<ul class=\"wp-block-list\">\n<li><a href=\"https:\/\/8a.pl\/8academy\/wakacje-z-dzieckiem-w-gorach-gory-stolowe\/\" target=\"_blank\" rel=\"noreferrer noopener\"><strong>Wakacje z dzieckiem w g\u00f3rach: G\u00f3ry Sto\u0142owe<\/strong><\/a><\/li>\n\n\n\n<li><a href=\"https:\/\/8a.pl\/8academy\/beskidy-z-dzieckiem-szlaki-dla-maluchow\/\" target=\"_blank\" rel=\"noreferrer noopener\"><strong>Beskidy z dzieckiem \u2013 szlaki dla maluch\u00f3w: Beskid \u015al\u0105ski<\/strong><\/a><\/li>\n\n\n\n<li><a href=\"https:\/\/8a.pl\/8academy\/gory-z-dzieckiem-beskid-zywiecki\/\"><strong>G\u00f3ry z dzieckiem \u2013 gdzie jecha\u0107 w Beskid \u017bywieck<\/strong>i<\/a><\/li>\n<\/ul>\n\n\n\n<hr class=\"wp-block-separator has-text-color has-cyan-bluish-gray-color has-alpha-channel-opacity has-cyan-bluish-gray-background-color has-background\"\/>\n\n\n\n<p class=\"wp-block-paragraph\"><\/p>\n\n\n<div class=\"wp-block-image\">\n<figure class=\"aligncenter size-full\"><img loading=\"lazy\" decoding=\"async\" width=\"600\" height=\"900\" src=\"https:\/\/8a.pl\/8academy\/wp-content\/uploads\/2020\/08\/chodzenie-po-gorach-z-dziecmi.jpg\" alt=\"g\u00f3ry z dzieckiem\" class=\"wp-image-42977\" srcset=\"https:\/\/8a.pl\/8academy\/wp-content\/uploads\/2020\/08\/chodzenie-po-gorach-z-dziecmi.jpg 600w, https:\/\/8a.pl\/8academy\/wp-content\/uploads\/2020\/08\/chodzenie-po-gorach-z-dziecmi-200x300.jpg 200w\" sizes=\"(max-width: 600px) 100vw, 600px\" \/><figcaption class=\"wp-element-caption\">Udaj\u0105c si\u0119 w g\u00f3ry z dzieckiem, trzeba by\u0107 w pe\u0142nej gotowo\u015bci. Gdy maluchowi zabraknie si\u0142, konieczne jest wdro\u017cenia &#8220;planu awaryjnego&#8221;.  \ud83d\ude09 (fot. Deuter)<\/figcaption><\/figure>\n<\/div>\n\n\n<h2 class=\"wp-block-heading\" id=\"h-gory-z-dzieckiem-o-czym-pamietac\">G\u00f3ry z dzieckiem \u2013 o czym pami\u0119ta\u0107?<\/h2>\n\n\n\n<p class=\"wp-block-paragraph\">Do\u015bwiadczeni tury\u015bci, doskonale znaj\u0105 specyfik\u0119 tej aktywno\u015bci. Skoro wiedz\u0105, jak wygl\u0105da prawid\u0142owo skonfigurowany str\u00f3j w g\u00f3ry oraz s\u0105 przygotowani na trudno\u015bci terenowe, jak i ewentualne kaprysy aury, to z pewno\u015bci\u0105 zadbaj\u0105 te\u017c o w\u0142a\u015bciwe wyposa\u017cenie swoich maluch\u00f3w. Zadanie to u\u0142atwia bogata oferta marek outdoorowych, w kt\u00f3rej coraz wa\u017cniejsz\u0105 rol\u0119 odgrywaj\u0105 artyku\u0142y zaprojektowane z my\u015bl\u0105 o dzieciach. Mi\u0119dzy innymi buty trekkingowe na ma\u0142e st\u00f3pki czy odzie\u017c dla najm\u0142odszych turyst\u00f3w oraz ubrania dla m\u0142odych turystek.<\/p>\n\n\n\n<p class=\"wp-block-paragraph\"><\/p>\n\n\n<div class=\"wp-block-image\">\n<figure class=\"aligncenter size-full\"><img loading=\"lazy\" decoding=\"async\" width=\"600\" height=\"816\" src=\"https:\/\/8a.pl\/8academy\/wp-content\/uploads\/2025\/07\/S25_US_BC_TK_16214.webp\" alt=\"G\u00f3ry z dzieckiem.\" class=\"wp-image-79973\" srcset=\"https:\/\/8a.pl\/8academy\/wp-content\/uploads\/2025\/07\/S25_US_BC_TK_16214.webp 600w, https:\/\/8a.pl\/8academy\/wp-content\/uploads\/2025\/07\/S25_US_BC_TK_16214-221x300.webp 221w\" sizes=\"(max-width: 600px) 100vw, 600px\" \/><figcaption class=\"wp-element-caption\">Dobre buty i wygodna bluza &#8211; podstawowy zestaw na ka\u017cde dzieci\u0119ce wyzwanie w terenie. (fot. Columbia)<\/figcaption><\/figure>\n<\/div>\n\n\n<p class=\"wp-block-paragraph\"><\/p>\n\n\n\n<div class=\"wp-block-buttons is-content-justification-center is-layout-flex wp-container-core-buttons-is-layout-fe48e5de wp-block-buttons-is-layout-flex\">\n<div class=\"wp-block-button\"><a class=\"wp-block-button__link has-background wp-element-button\" href=\"https:\/\/8a.pl\/buty-dla-chlopcow\" style=\"border-radius:6px;background-color:#e9600e\">KUP BUTY DLA CH\u0141OPC\u00d3W<\/a><\/div>\n\n\n\n<div class=\"wp-block-button\"><a class=\"wp-block-button__link has-background wp-element-button\" href=\"https:\/\/8a.pl\/buty-dla-dziewczynek\" style=\"border-radius:6px;background-color:#e9600e\">KUP BUTY DLA DZIEWCZYNEK<\/a><\/div>\n<\/div>\n\n\n\n<h2 class=\"wp-block-heading\" id=\"h-gory-z-dzieckiem-co-ze-soba-zabrac\">G\u00f3ry z dzieckiem \u2013 co ze sob\u0105 zabra\u0107?<\/h2>\n\n\n\n<p class=\"wp-block-paragraph\">Przygotowanie maluchowi odpowiednich but\u00f3w oraz ubra\u0144 to niejedyny &#8220;punkt programu&#8221;. Wycieczka w g\u00f3ry z dzieckiem wymaga te\u017c odpowiedniego skupienia podczas pakowania plecaka. Trzeba, bowiem, my\u015ble\u0107 za dwie osoby i przewidywa\u0107 ewentualne potrzeby malucha. Niezabranie ze sob\u0105 jakiej\u015b kluczowej rzeczy mo\u017ce skutkowa\u0107 wyj\u0105tkowo szybkim zej\u015bciem z trasy i pogrzebaniem szans na fajn\u0105 wycieczk\u0119.<\/p>\n\n\n\n<p class=\"wp-block-paragraph\"><\/p>\n\n\n\n<div class=\"wp-block-buttons is-content-justification-center is-layout-flex wp-container-core-buttons-is-layout-fe48e5de wp-block-buttons-is-layout-flex\">\n<div class=\"wp-block-button\"><a class=\"wp-block-button__link has-background wp-element-button\" href=\"https:\/\/8a.pl\/butelki-na-wode-dla-dzieci\" style=\"border-radius:6px;background-color:#e9600e\">ZOBACZ BUTELKI NA WOD\u0118 DLA DZIECI<\/a><\/div>\n\n\n\n<div class=\"wp-block-button\"><a class=\"wp-block-button__link has-background wp-element-button\" href=\"https:\/\/8a.pl\/plecaki-turystyczne-dla-dzieci\" style=\"border-radius:6px;background-color:#e9600e\">ZOBACZ PLECAKI TURYSTYCZNE DLA DZIECI<\/a><\/div>\n<\/div>\n\n\n\n<p class=\"wp-block-paragraph\">O tym co standardowo zabiera si\u0119 w g\u00f3ry, pisali\u015bmy w jednym ze wcze\u015bniejszych poradnik\u00f3w. Oto kilka dodatkowych rzeczy, o kt\u00f3rych warto pomy\u015ble\u0107 podczas pakowaniu plecaka, gdy w trakcie wycieczki towarzyszy\u0107 nam maj\u0105 pociechy.<\/p>\n\n\n\n<p class=\"wp-block-paragraph\"><\/p>\n\n\n<div class=\"wp-block-image\">\n<figure class=\"aligncenter size-full\"><img loading=\"lazy\" decoding=\"async\" width=\"600\" height=\"816\" src=\"https:\/\/8a.pl\/8academy\/wp-content\/uploads\/2025\/07\/kid_julbo.webp\" alt=\"Dziecko na le\u015bnej \u015bcie\u017cce.\" class=\"wp-image-79941\" srcset=\"https:\/\/8a.pl\/8academy\/wp-content\/uploads\/2025\/07\/kid_julbo.webp 600w, https:\/\/8a.pl\/8academy\/wp-content\/uploads\/2025\/07\/kid_julbo-221x300.webp 221w\" sizes=\"(max-width: 600px) 100vw, 600px\" \/><figcaption class=\"wp-element-caption\">G\u00f3ry z dzieckiem? Kiedy ca\u0142y szlak jest placem zabaw. (fot. Julbo) (fot. Julbo)<\/figcaption><\/figure>\n<\/div>\n\n\n<p class=\"wp-block-paragraph\"><\/p>\n\n\n\n<div class=\"wp-block-buttons is-content-justification-center is-layout-flex wp-container-core-buttons-is-layout-fe48e5de wp-block-buttons-is-layout-flex\">\n<div class=\"wp-block-button\"><a class=\"wp-block-button__link has-background wp-element-button\" href=\"https:\/\/8a.pl\/okulary-przeciwsloneczne-dla-dzieci\" style=\"border-radius:6px;background-color:#e9600e\">ZOBACZ OKULARY PRZECIWS\u0141ONECZNE DLA DZIECI<\/a><\/div>\n\n\n\n<div class=\"wp-block-button\"><a class=\"wp-block-button__link has-background wp-element-button\" href=\"https:\/\/8a.pl\/chusty-wielofunkcyjne-dla-dzieci\" style=\"border-radius:6px;background-color:#e9600e\">ZOBACZ CHUSTY WIELOFUNKCYJNE DLA DZIECI<\/a><\/div>\n<\/div>\n\n\n\n<ul class=\"wp-block-list\">\n<li><strong>Cieplejsze ubranie i odzie\u017c przeciwdeszczowa<\/strong> &#8211; pogoda w g\u00f3rach lubi by\u0107 kapry\u015bna, na zdobytym szczycie mo\u017ce by\u0107 du\u017co ch\u0142odniej ni\u017c na parkingu<\/li>\n\n\n\n<li><strong>Ubrania na zmian\u0119<\/strong> \u2013 koszulka, skarpetki, cienka bluza, wiadomo jak jest w terenie z dzie\u0107mi \ud83d\ude09<\/li>\n\n\n\n<li><strong>Nakrycie g\u0142owy <\/strong>&#8211; czapka z daszkiem i cie\u0144ka czapka na ch\u0142odniejsze dni<\/li>\n\n\n\n<li><strong>Krem UV i okulary przeciws\u0142odneczne<\/strong> &#8211; absolutny must have, zw\u0142aszcza latem<\/li>\n\n\n\n<li><strong>Ma\u0142a apteczka, suche i mokre chusteczki<\/strong>,<strong> p\u0142yn do dezynfekcji r\u0105k<\/strong>&#8211; wiadomo sprawa<\/li>\n\n\n\n<li><strong>Przek\u0105ski<\/strong> &#8211; je\u015bli nie mamy dost\u0119pu do schroniska po drodze warto zabra\u0107 termos z ciep\u0142\u0105 zup\u0105<\/li>\n\n\n\n<li><strong>Woda<\/strong> &#8211; chyba nie musimy wspomina\u0107, \u017ce z w\u0142asnej, kolorowej butelki smakuje lepiej?<\/li>\n\n\n\n<li><strong>Zapas pieluszek, mata do przewijania<\/strong> &#8211; dla rodzic\u00f3w malutkich dzieci<\/li>\n\n\n\n<li><strong>Plecak ma\u0142ego odkrywcy<\/strong> (koniecznie z dinozaurami lub serduszkami- wiemy co m\u00f3wimy), czo\u0142\u00f3wka, ulubiona zabawka &#8211; wtedy dziecko poczuje si\u0119 jak pe\u0142noprawny g\u00f3rski turysta!<\/li>\n\n\n\n<li><strong>W\u00f3zek\/nosid\u0142o<\/strong> &#8211; w zale\u017cno\u015bci od trasy i potrzeby dziecka i Twojej<\/li>\n<\/ul>\n","protected":false},"excerpt":{"rendered":"<p>M\u00f3wi si\u0119, \u017ce czym skorupka za m\u0142odu nasi\u0105knie, tym na staro\u015b\u0107 tr\u0105ci. Dlatego je\u015bli chcemy, by nasze pociechy potrafi\u0142y sp\u0119dza\u0107 wolny czas tak\u017ce poza \u015bwiatem wirtualnym, trzeba w por\u0119 zach\u0119ci\u0107 je do aktywno\u015bci. Pomys\u0142\u00f3w na wypoczynek w ruchu mo\u017ce by\u0107 wiele, jednak chyba naj\u0142atwiej zacz\u0105\u0107 od zaszczepienia w nich w\u0142asnej pasji.<\/p>\n","protected":false},"author":7,"featured_media":43082,"comment_status":"closed","ping_status":"closed","sticky":false,"template":"","format":"standard","meta":{"_acf_changed":false,"_uf_show_specific_survey":0,"_uf_disable_surveys":false,"footnotes":""},"categories":[26070],"tags":[26104,26069,26085],"class_list":["post-79968","post","type-post","status-publish","format-standard","has-post-thumbnail","hentry","category-turystyka-trekking","tag-caloroczne","tag-poradnik","tag-trekking"],"acf":[],"yoast_head":"<!-- This site is optimized with the Yoast SEO Premium plugin v23.4 (Yoast SEO v25.5) - https:\/\/yoast.com\/wordpress\/plugins\/seo\/ -->\n<title>G\u00f3ry z dzieckiem \u2013 co ze sob\u0105 zabra\u0107? | 8academy<\/title>\n<meta name=\"description\" content=\"G\u00f3ry z dzieckiem mog\u0105 by\u0107 ciekawym do\u015bwiadczeniem. Trzeba tylko odpowiednio dopasowa\u0107 cel i dobrze zastanowi\u0107 si\u0119, co zabra\u0107.\" \/>\n<meta name=\"robots\" content=\"index, follow, max-snippet:-1, max-image-preview:large, max-video-preview:-1\" \/>\n<link rel=\"canonical\" href=\"https:\/\/8a.pl\/8academy\/gory-z-dzieckiem-co-zabrac-na-wycieczke\/\" \/>\n<meta property=\"og:locale\" content=\"pl_PL\" \/>\n<meta property=\"og:type\" content=\"article\" \/>\n<meta property=\"og:title\" content=\"G\u00f3ry z dzieckiem - co zabra\u0107 na wycieczk\u0119?\" \/>\n<meta property=\"og:description\" content=\"G\u00f3ry z dzieckiem mog\u0105 by\u0107 ciekawym do\u015bwiadczeniem. Trzeba tylko odpowiednio dopasowa\u0107 cel i dobrze zastanowi\u0107 si\u0119, co zabra\u0107.\" \/>\n<meta property=\"og:url\" content=\"https:\/\/8a.pl\/8academy\/gory-z-dzieckiem-co-zabrac-na-wycieczke\/\" \/>\n<meta property=\"og:site_name\" content=\"8academy.pl - portal g\u00f3rski i wspinaczkowy dla aktywnych\" \/>\n<meta property=\"article:publisher\" content=\"https:\/\/pl-pl.facebook.com\/sklep8apl\/\" \/>\n<meta property=\"article:published_time\" content=\"2025-07-29T11:10:00+00:00\" \/>\n<meta property=\"article:modified_time\" content=\"2025-07-31T12:22:06+00:00\" \/>\n<meta property=\"og:image\" content=\"https:\/\/8a.pl\/8academy\/wp-content\/uploads\/2020\/08\/dzieci-w-gorach-1.jpg\" \/>\n\t<meta property=\"og:image:width\" content=\"1200\" \/>\n\t<meta property=\"og:image:height\" content=\"628\" \/>\n\t<meta property=\"og:image:type\" content=\"image\/jpeg\" \/>\n<meta name=\"author\" content=\"Redakcja 8Academy\" \/>\n<meta name=\"twitter:card\" content=\"summary_large_image\" \/>\n<meta name=\"twitter:label1\" content=\"Napisane przez\" \/>\n\t<meta name=\"twitter:data1\" content=\"Redakcja 8Academy\" \/>\n\t<meta name=\"twitter:label2\" content=\"Szacowany czas czytania\" \/>\n\t<meta name=\"twitter:data2\" content=\"16 minut\" \/>\n<!-- \/ Yoast SEO Premium plugin. -->","yoast_head_json":{"title":"G\u00f3ry z dzieckiem \u2013 co ze sob\u0105 zabra\u0107? | 8academy","description":"G\u00f3ry z dzieckiem mog\u0105 by\u0107 ciekawym do\u015bwiadczeniem. Trzeba tylko odpowiednio dopasowa\u0107 cel i dobrze zastanowi\u0107 si\u0119, co zabra\u0107.","robots":{"index":"index","follow":"follow","max-snippet":"max-snippet:-1","max-image-preview":"max-image-preview:large","max-video-preview":"max-video-preview:-1"},"canonical":"https:\/\/8a.pl\/8academy\/gory-z-dzieckiem-co-zabrac-na-wycieczke\/","og_locale":"pl_PL","og_type":"article","og_title":"G\u00f3ry z dzieckiem - co zabra\u0107 na wycieczk\u0119?","og_description":"G\u00f3ry z dzieckiem mog\u0105 by\u0107 ciekawym do\u015bwiadczeniem. Trzeba tylko odpowiednio dopasowa\u0107 cel i dobrze zastanowi\u0107 si\u0119, co zabra\u0107.","og_url":"https:\/\/8a.pl\/8academy\/gory-z-dzieckiem-co-zabrac-na-wycieczke\/","og_site_name":"8academy.pl - portal g\u00f3rski i wspinaczkowy dla aktywnych","article_publisher":"https:\/\/pl-pl.facebook.com\/sklep8apl\/","article_published_time":"2025-07-29T11:10:00+00:00","article_modified_time":"2025-07-31T12:22:06+00:00","og_image":[{"width":1200,"height":628,"url":"https:\/\/8a.pl\/8academy\/wp-content\/uploads\/2020\/08\/dzieci-w-gorach-1.jpg","type":"image\/jpeg"}],"author":"Redakcja 8Academy","twitter_card":"summary_large_image","twitter_misc":{"Napisane przez":"Redakcja 8Academy","Szacowany czas czytania":"16 minut"},"schema":{"@context":"https:\/\/schema.org","@graph":[{"@type":"Article","@id":"https:\/\/8a.pl\/8academy\/gory-z-dzieckiem-co-zabrac-na-wycieczke\/#article","isPartOf":{"@id":"https:\/\/8a.pl\/8academy\/gory-z-dzieckiem-co-zabrac-na-wycieczke\/"},"author":{"name":"Redakcja 8Academy","@id":"https:\/\/8a.pl\/8academy\/#\/schema\/person\/2e392153a51786e6c3d5ede231b5d2a4"},"headline":"G\u00f3ry z dzieckiem &#8211; co zabra\u0107 na wycieczk\u0119?","datePublished":"2025-07-29T11:10:00+00:00","dateModified":"2025-07-31T12:22:06+00:00","mainEntityOfPage":{"@id":"https:\/\/8a.pl\/8academy\/gory-z-dzieckiem-co-zabrac-na-wycieczke\/"},"wordCount":2522,"publisher":{"@id":"https:\/\/8a.pl\/8academy\/#organization"},"image":{"@id":"https:\/\/8a.pl\/8academy\/gory-z-dzieckiem-co-zabrac-na-wycieczke\/#primaryimage"},"thumbnailUrl":"https:\/\/8a.pl\/8academy\/wp-content\/uploads\/2020\/08\/dzieci-w-gorach-1.jpg","keywords":["Ca\u0142oroczne","Poradnik","Trekking"],"articleSection":["Turystyka \/ trekking"],"inLanguage":"pl-PL"},{"@type":"WebPage","@id":"https:\/\/8a.pl\/8academy\/gory-z-dzieckiem-co-zabrac-na-wycieczke\/","url":"https:\/\/8a.pl\/8academy\/gory-z-dzieckiem-co-zabrac-na-wycieczke\/","name":"G\u00f3ry z dzieckiem \u2013 co ze sob\u0105 zabra\u0107? | 8academy","isPartOf":{"@id":"https:\/\/8a.pl\/8academy\/#website"},"primaryImageOfPage":{"@id":"https:\/\/8a.pl\/8academy\/gory-z-dzieckiem-co-zabrac-na-wycieczke\/#primaryimage"},"image":{"@id":"https:\/\/8a.pl\/8academy\/gory-z-dzieckiem-co-zabrac-na-wycieczke\/#primaryimage"},"thumbnailUrl":"https:\/\/8a.pl\/8academy\/wp-content\/uploads\/2020\/08\/dzieci-w-gorach-1.jpg","datePublished":"2025-07-29T11:10:00+00:00","dateModified":"2025-07-31T12:22:06+00:00","description":"G\u00f3ry z dzieckiem mog\u0105 by\u0107 ciekawym do\u015bwiadczeniem. Trzeba tylko odpowiednio dopasowa\u0107 cel i dobrze zastanowi\u0107 si\u0119, co zabra\u0107.","breadcrumb":{"@id":"https:\/\/8a.pl\/8academy\/gory-z-dzieckiem-co-zabrac-na-wycieczke\/#breadcrumb"},"inLanguage":"pl-PL","potentialAction":[{"@type":"ReadAction","target":["https:\/\/8a.pl\/8academy\/gory-z-dzieckiem-co-zabrac-na-wycieczke\/"]}]},{"@type":"ImageObject","inLanguage":"pl-PL","@id":"https:\/\/8a.pl\/8academy\/gory-z-dzieckiem-co-zabrac-na-wycieczke\/#primaryimage","url":"https:\/\/8a.pl\/8academy\/wp-content\/uploads\/2020\/08\/dzieci-w-gorach-1.jpg","contentUrl":"https:\/\/8a.pl\/8academy\/wp-content\/uploads\/2020\/08\/dzieci-w-gorach-1.jpg","width":1200,"height":628,"caption":"ma\u0142e dzieci w g\u00f3rach"},{"@type":"BreadcrumbList","@id":"https:\/\/8a.pl\/8academy\/gory-z-dzieckiem-co-zabrac-na-wycieczke\/#breadcrumb","itemListElement":[{"@type":"ListItem","position":1,"name":"Strona g\u0142\u00f3wna","item":"https:\/\/8a.pl\/8academy\/"},{"@type":"ListItem","position":2,"name":"G\u00f3ry z dzieckiem &#8211; co zabra\u0107 na wycieczk\u0119?"}]},{"@type":"WebSite","@id":"https:\/\/8a.pl\/8academy\/#website","url":"https:\/\/8a.pl\/8academy\/","name":"8academy.pl - portal g\u00f3rski i wspinaczkowy dla aktywnych","description":"8academy to portal g\u00f3rski o wspinaczce, trekkingu i skiturach. Znajdziesz tu porady, testy sprz\u0119tu i opisy najlepszych rejon\u00f3w. Inspirujemy zdobywc\u00f3w!","publisher":{"@id":"https:\/\/8a.pl\/8academy\/#organization"},"potentialAction":[{"@type":"SearchAction","target":{"@type":"EntryPoint","urlTemplate":"https:\/\/8a.pl\/8academy\/?s={search_term_string}"},"query-input":{"@type":"PropertyValueSpecification","valueRequired":true,"valueName":"search_term_string"}}],"inLanguage":"pl-PL"},{"@type":"Organization","@id":"https:\/\/8a.pl\/8academy\/#organization","name":"8academy.pl - portal g\u00f3rski i wspinaczkowy dla aktywnych","url":"https:\/\/8a.pl\/8academy\/","logo":{"@type":"ImageObject","inLanguage":"pl-PL","@id":"https:\/\/8a.pl\/8academy\/#\/schema\/logo\/image\/","url":"https:\/\/8a.pl\/8academy\/wp-content\/uploads\/2015\/11\/logo.png","contentUrl":"https:\/\/8a.pl\/8academy\/wp-content\/uploads\/2015\/11\/logo.png","width":438,"height":315,"caption":"8academy.pl - portal g\u00f3rski i wspinaczkowy dla aktywnych"},"image":{"@id":"https:\/\/8a.pl\/8academy\/#\/schema\/logo\/image\/"},"sameAs":["https:\/\/pl-pl.facebook.com\/sklep8apl\/","https:\/\/www.instagram.com\/8apl\/"]},{"@type":"Person","@id":"https:\/\/8a.pl\/8academy\/#\/schema\/person\/2e392153a51786e6c3d5ede231b5d2a4","name":"Redakcja 8Academy","image":{"@type":"ImageObject","inLanguage":"pl-PL","@id":"https:\/\/8a.pl\/8academy\/#\/schema\/person\/image\/","url":"https:\/\/8a.pl\/8academy\/wp-content\/uploads\/2017\/10\/logo_obrobione_2_150_59ICJ.jpg","contentUrl":"https:\/\/8a.pl\/8academy\/wp-content\/uploads\/2017\/10\/logo_obrobione_2_150_59ICJ.jpg","caption":"Redakcja 8Academy"},"url":"https:\/\/8a.pl\/8academy\/author\/redakcja\/"}]}},"_links":{"self":[{"href":"https:\/\/8a.pl\/8academy\/wp-json\/wp\/v2\/posts\/79968","targetHints":{"allow":["GET"]}}],"collection":[{"href":"https:\/\/8a.pl\/8academy\/wp-json\/wp\/v2\/posts"}],"about":[{"href":"https:\/\/8a.pl\/8academy\/wp-json\/wp\/v2\/types\/post"}],"author":[{"embeddable":true,"href":"https:\/\/8a.pl\/8academy\/wp-json\/wp\/v2\/users\/7"}],"replies":[{"embeddable":true,"href":"https:\/\/8a.pl\/8academy\/wp-json\/wp\/v2\/comments?post=79968"}],"version-history":[{"count":4,"href":"https:\/\/8a.pl\/8academy\/wp-json\/wp\/v2\/posts\/79968\/revisions"}],"predecessor-version":[{"id":79993,"href":"https:\/\/8a.pl\/8academy\/wp-json\/wp\/v2\/posts\/79968\/revisions\/79993"}],"wp:attachment":[{"href":"https:\/\/8a.pl\/8academy\/wp-json\/wp\/v2\/media?parent=79968"}],"wp:term":[{"taxonomy":"category","embeddable":true,"href":"https:\/\/8a.pl\/8academy\/wp-json\/wp\/v2\/categories?post=79968"},{"taxonomy":"post_tag","embeddable":true,"href":"https:\/\/8a.pl\/8academy\/wp-json\/wp\/v2\/tags?post=79968"}],"curies":[{"name":"wp","href":"https:\/\/api.w.org\/{rel}","templated":true}]}}