{"id":78641,"date":"2025-05-26T12:00:00","date_gmt":"2025-05-26T10:00:00","guid":{"rendered":"https:\/\/8a.pl\/8academy\/?p=78641"},"modified":"2025-05-26T14:40:46","modified_gmt":"2025-05-26T12:40:46","slug":"skalnik-szlaki-na-szczyt","status":"publish","type":"post","link":"https:\/\/8a.pl\/8academy\/skalnik-szlaki-na-szczyt\/","title":{"rendered":"Skalnik &#8211; szlaki na szczyt"},"content":{"rendered":"\n<p class=\"wp-block-paragraph\">Nie musisz zdobywa\u0107 dwutysi\u0119cznik\u00f3w, \u017ceby poczu\u0107 satysfakcj\u0119 ze zdobycia szczytu. Skalnik (945 m n.p.m.), cho\u0107 niepozorny na tle karkonoskich gigant\u00f3w, to g\u00f3ra z charakterem. Najwy\u017cszy punkt Rudaw Janowickich zachwyca nie tylko panoram\u0105 z Ostrej Ma\u0142ej, ale te\u017c r\u00f3\u017cnorodno\u015bci\u0105 szlak\u00f3w, spokojem tras i klimatem, jakiego trudno szuka\u0107 w zat\u0142oczonych g\u00f3rach.<\/p>\n\n\n\n<p class=\"wp-block-paragraph\">To idealny cel na p\u00f3\u0142 dnia w terenie, rodzinny spacer, ale te\u017c punkt obowi\u0105zkowy dla tych, kt\u00f3rzy zbieraj\u0105 Koron\u0119 G\u00f3r Polski. Je\u015bli chcesz pozna\u0107 najlepsze doj\u015bcia, sprawdzi\u0107, kt\u00f3ra trasa jest najkr\u00f3tsza, a kt\u00f3ra naj\u0142adniejsza \u2013 dobrze trafi\u0142e\u015b.\u00a0<\/p>\n\n\n\n<ul class=\"wp-block-list\">\n<li><strong><a href=\"https:\/\/8a.pl\/8academy\/skalnik-szlaki-na-szczyt\/#h-skalnik-najwyzszy-szczyt-rudaw-janowickich\">Skalnik &#8211; najwy\u017cszy szczyt Rudaw Janowickich<\/a><\/strong><\/li>\n\n\n\n<li><a href=\"https:\/\/8a.pl\/8academy\/skalnik-szlaki-na-szczyt\/#h-skalnik-szlaki-na-szczyt\"><strong>Skalnik &#8211; szlaki na szczy<\/strong>t<\/a><\/li>\n\n\n\n<li><strong><a href=\"https:\/\/8a.pl\/8academy\/skalnik-szlaki-na-szczyt\/#h-najkrotszy-szlak-na-skalnik\">Najkr\u00f3tszy szlak na Skalnik<\/a><\/strong><\/li>\n\n\n\n<li><strong><a href=\"https:\/\/8a.pl\/8academy\/skalnik-szlaki-na-szczyt\/#h-gdzie-pieczatka-dla-zdobywcow-korony-gor-polski\">A gdzie piecz\u0105tka dla zdobywc\u00f3w Korony G\u00f3r Polski?<\/a><\/strong><\/li>\n\n\n\n<li><strong><a href=\"https:\/\/8a.pl\/8academy\/skalnik-szlaki-na-szczyt\/#h-skalnik-z-dzieckiem-plan-na-pierwsza-gore\">Skalnik z dzieckiem? Plan na pierwsz\u0105 g\u00f3r\u0119<\/a><\/strong><\/li>\n\n\n\n<li><strong><a href=\"https:\/\/8a.pl\/8academy\/skalnik-szlaki-na-szczyt\/#h-skalnik-z-psem-czyli-gorski-spacer-z-czworonogim\">Skalnik z psem, czyli g\u00f3rski spacer z czworonogim<\/a><\/strong><\/li>\n<\/ul>\n\n\n\n<p class=\"wp-block-paragraph\"><strong>Przeczytaj te\u017c:<\/strong><\/p>\n\n\n\n<ul class=\"wp-block-list\">\n<li><a href=\"https:\/\/8a.pl\/8academy\/rudawy-janowickie-atrakcje-i-szlaki-piesze\/\">Rudawy Janowickie &#8211; atrkacje i szlaki piesze<\/a><\/li>\n<\/ul>\n\n\n\n<hr class=\"wp-block-separator has-text-color has-cyan-bluish-gray-color has-alpha-channel-opacity has-cyan-bluish-gray-background-color has-background\"\/>\n\n\n<div class=\"wp-block-image\">\n<figure class=\"aligncenter size-full\"><img fetchpriority=\"high\" decoding=\"async\" width=\"600\" height=\"816\" src=\"https:\/\/8a.pl\/8academy\/wp-content\/uploads\/2025\/05\/AdobeStock_347800296.webp\" alt=\"Widok z Ma\u0142ej Ostrej w Rudawach Janowickich.\" class=\"wp-image-78647\" srcset=\"https:\/\/8a.pl\/8academy\/wp-content\/uploads\/2025\/05\/AdobeStock_347800296.webp 600w, https:\/\/8a.pl\/8academy\/wp-content\/uploads\/2025\/05\/AdobeStock_347800296-221x300.webp 221w\" sizes=\"(max-width: 600px) 100vw, 600px\" \/><figcaption class=\"wp-element-caption\">Na chwil\u0119 przed Skalnikiem \u2013 miejsce, dla kt\u00f3rego warto by\u0142o ruszy\u0107 z domu. (fot. Adobe Stock)<\/figcaption><\/figure>\n<\/div>\n\n\n<h2 class=\"wp-block-heading\" id=\"h-skalnik-najwyzszy-szczyt-rudaw-janowickich\">Skalnik &#8211; najwy\u017cszy szczyt Rudaw Janowickich<\/h2>\n\n\n\n<p class=\"wp-block-paragraph\">Skalnik ma 945 metr\u00f3w i&#8230; to by by\u0142o na tyle, je\u015bli chodzi o emocje zwi\u0105zane z jego wierzcho\u0142kiem. Zalesiony, skromny, bez spektakularnych panoram \u2013 nie wzbudza zachwytu sam\u0105 obecno\u015bci\u0105 na szczycie. Ale spokojnie, to nie pow\u00f3d, \u017ceby go skre\u015bla\u0107. Bo prawdziwy pow\u00f3d, \u017ceby tu przyj\u015b\u0107, znajduje si\u0119 nieco obok \u2013 Ostra Ma\u0142a. To w\u0142a\u015bnie tam, na efektownych ska\u0142kach widokowych, czeka jedna z naj\u0142adniejszych panoram w Rudawach. Po drodze za\u015b \u2013 formacje skalne ukryte w lesie, jakby porozrzucane tu celowo, \u017ceby przypomnie\u0107, \u017ce Rudawy maj\u0105 swoje tajemnice.<\/p>\n\n\n\n<p class=\"wp-block-paragraph\">Ten szczyt le\u017cy na granicy dw\u00f3ch \u015bwiat\u00f3w: mi\u0119dzy znanymi z surowych ska\u0142 Sokolikami, a spokojniejszymi, poro\u015bni\u0119tymi lasem wzg\u00f3rzami bli\u017cej Kamiennej G\u00f3ry. Mimo \u017ce Skalnik jest najwy\u017cszy w okolicy, sam w sobie jest do\u015b\u0107&#8230; skromny. Nie wystrzela w niebo. Nie epatuje ekspozycj\u0105. Ale ma to co\u015b \u2013 cisz\u0119, przyrod\u0119 i zaskakuj\u0105co \u0142adne widoki z Ostrej Ma\u0142ej, jego skalistego \u201es\u0105siada\u201d.<\/p>\n\n\n\n<p class=\"wp-block-paragraph\"><\/p>\n\n\n<div class=\"wp-block-image\">\n<figure class=\"aligncenter size-full\"><img decoding=\"async\" width=\"600\" height=\"816\" src=\"https:\/\/8a.pl\/8academy\/wp-content\/uploads\/2025\/05\/AdobeStock_1111811832.webp\" alt=\"Skalnik - tabliczka szczytowa.\" class=\"wp-image-78653\" srcset=\"https:\/\/8a.pl\/8academy\/wp-content\/uploads\/2025\/05\/AdobeStock_1111811832.webp 600w, https:\/\/8a.pl\/8academy\/wp-content\/uploads\/2025\/05\/AdobeStock_1111811832-221x300.webp 221w\" sizes=\"(max-width: 600px) 100vw, 600px\" \/><figcaption class=\"wp-element-caption\">Skalnik zdobyty. \ud83d\ude42 (fot. Adobe Stock)<\/figcaption><\/figure>\n<\/div>\n\n\n<p class=\"wp-block-paragraph\">Cho\u0107 na samym wierzcho\u0142ku nie ma spektakularnych panoram, to w\u0142a\u015bnie ta naturalno\u015b\u0107 i brak t\u0142um\u00f3w przyci\u0105gaj\u0105 coraz wi\u0119cej os\u00f3b. No i oczywi\u015bcie Korona G\u00f3r Polski \u2013 niekt\u00f3rzy wchodz\u0105 tu, bo \u201etrzeba\u201d. Ale wielu wraca, bo&#8230; mo\u017cna odetchn\u0105\u0107.<\/p>\n\n\n\n<h2 class=\"wp-block-heading\" id=\"h-skalnik-szlaki-na-szczyt\">Skalnik &#8211; szlaki na szczyt<\/h2>\n\n\n\n<p class=\"wp-block-paragraph\">Skalnik nie rzuca na kolana wysoko\u015bci\u0105 ani spektakularnym finiszem. Ale je\u015bli lubisz chodzi\u0107 po g\u00f3rach dla samego bycia w terenie \u2013 ten kierunek zaskoczy Ci\u0119 pozytywnie. Szlaki na Skalnik prowadz\u0105 przez spokojny, g\u0119sty las Rudaw Janowickich. Czasem \u015bcie\u017cka zakr\u0119ca przy skalnych formacjach, kt\u00f3re wygl\u0105daj\u0105 tak, \u017ce a\u017c chce si\u0119 zgadywa\u0107, co przypominaj\u0105. Natura ma tu fantazj\u0119. Nie trzeba od razu zdobywa\u0107 wysokich g\u00f3r, \u017ceby poczu\u0107, \u017ce si\u0119 oddycha naprawd\u0119. A je\u015bli do tego do\u0142o\u017cysz widok z Ostrej Ma\u0142ej \u2013 skalistego grzbietu tu\u017c obok Skalnika \u2013 dostajesz pe\u0142noprawne g\u00f3rskie do\u015bwiadczenie w pigu\u0142ce.<\/p>\n\n\n\n<p class=\"wp-block-paragraph\"><\/p>\n\n\n<div class=\"wp-block-image\">\n<figure class=\"aligncenter size-full\"><img decoding=\"async\" width=\"600\" height=\"816\" src=\"https:\/\/8a.pl\/8academy\/wp-content\/uploads\/2025\/05\/AdobeStock_462809251.webp\" alt=\"Rudawy Janowickie.\" class=\"wp-image-78650\" srcset=\"https:\/\/8a.pl\/8academy\/wp-content\/uploads\/2025\/05\/AdobeStock_462809251.webp 600w, https:\/\/8a.pl\/8academy\/wp-content\/uploads\/2025\/05\/AdobeStock_462809251-221x300.webp 221w\" sizes=\"(max-width: 600px) 100vw, 600px\" \/><figcaption class=\"wp-element-caption\">Sokolik i Krzy\u017cna G\u00f3ra \u2013 najbardziej rozpoznawalne sylwetki Rudaw Janowickich. (fot. Adobe Stock)<\/figcaption><\/figure>\n<\/div>\n\n\n<h3 class=\"wp-block-heading\" id=\"h-szlak-z-kowar-przez-stary-trakt-kowarsko-kamiennogorski\">Szlak z Kowar \u2013 przez stary trakt kowarsko-kamiennog\u00f3rski<\/h3>\n\n\n\n<p class=\"wp-block-paragraph\"><strong>Przebieg trasy:<\/strong> Kowary -> Stary Trakt Kowarko-Kamiennog\u00f3rski -> Ma\u0142a Ostra -> Skalnik<\/p>\n\n\n\n<p class=\"wp-block-paragraph\">To propozycja dla tych, kt\u00f3rzy lubi\u0105 troch\u0119 d\u0142u\u017csze w\u0119dr\u00f3wki z klimatem. Trasa rozpoczyna si\u0119 w Kowarach, przy ul. Rejtana, i prowadzi przez Stary Trakt Kamiennog\u00f3rsko-Kowarski \u2013 dawn\u0105 drog\u0119 handlow\u0105, kt\u00f3ra kiedy\u015b \u0142\u0105czy\u0142a Kowary z Kamienn\u0105 G\u00f3r\u0105. Dzi\u015b to szeroka, le\u015bna \u015bcie\u017cka z \u0142agodnym nachyleniem, idealna na spokojne podej\u015bcie. Tu\u017c przed podej\u015bciem na Ostr\u0105 Ma\u0142\u0105, szlak \u0142\u0105czy si\u0119 z wariantem prowadz\u0105cym z Czarnowa \u2013 i w\u0142a\u015bnie tam czeka punkt widokowy, kt\u00f3ry robi najwi\u0119ksze wra\u017cenie. Dalej ju\u017c tylko kilka minut do zalesionego wierzcho\u0142ka Skalnika.<\/p>\n\n\n\n<p class=\"wp-block-paragraph\">Je\u015bli masz wi\u0119cej czasu i nie zale\u017cy Ci na \u201eodhaczeniu szczytu\u201d, ten wariant b\u0119dzie bardziej kameralny ni\u017c doj\u015bcie z Czarnowa \u2013 i mo\u017ce w\u0142a\u015bnie dlatego warto da\u0107 mu szans\u0119.<\/p>\n\n\n\n<ul class=\"wp-block-list\">\n<li><strong>Dystans:<\/strong> ~ 4,9 km<\/li>\n\n\n\n<li><strong>Czas przej\u015bcia:<\/strong> ~ 2 h<\/li>\n\n\n\n<li><strong>Suma podej\u015b\u0107:<\/strong> ~ 449 m<\/li>\n<\/ul>\n\n\n\n<h3 class=\"wp-block-heading\" id=\"h-szlak-z-czarnowa-pomysl-na-krotka-petle\">Szlak z Czarnowa &#8211; pomys\u0142 na kr\u00f3tk\u0105 p\u0119tl\u0119<\/h3>\n\n\n\n<p class=\"wp-block-paragraph\"><strong>Przebieg trasy:<\/strong> Czarn\u00f3w -> Rozdro\u017ce pod Bobrzakiem -> Konie Apokalipsy -> Ma\u0142a Ostra -> Skalnik<\/p>\n\n\n\n<p class=\"wp-block-paragraph\">Trasa z Czarnowa \u017c\u00f3\u0142tym szlakiem przez Rozdro\u017ce pod Bobrzakiem, a potem dalej na Ostr\u0105 Ma\u0142\u0105 i Skalnik daje mo\u017cliwo\u015b\u0107 stworzenie p\u0119tli w po\u0142\u0105czeniu z najkr\u00f3tszym szlakiem na Skalnik. Na pocz\u0105tku czeka Ci\u0119 podej\u015bcie le\u015bn\u0105 drog\u0105 o \u0142agodnym nachyleniu \u2013 idealne na rozgrzewk\u0119. Dalej robi si\u0119 ciekawiej: szlak biegnie przez poro\u015bni\u0119ty \u015bwierkami grzbiet i dociera na Ostr\u0105 Ma\u0142\u0105, czyli obowi\u0105zkowy punkt ka\u017cdej wyprawy w ten rejon Rudaw. To st\u0105d roztacza si\u0119 najlepszy widok \u2013 przy dobrej pogodzie zobaczysz ca\u0142e Karkonosze.<\/p>\n\n\n\n<p class=\"wp-block-paragraph\"><\/p>\n\n\n<div class=\"wp-block-image\">\n<figure class=\"aligncenter size-full\"><img loading=\"lazy\" decoding=\"async\" width=\"600\" height=\"816\" src=\"https:\/\/8a.pl\/8academy\/wp-content\/uploads\/2025\/05\/Konie_Apokalipsy_Skalnik_3.webp\" alt=\"Konie Apokalipsy w drodze na Skalnik.\" class=\"wp-image-78656\" srcset=\"https:\/\/8a.pl\/8academy\/wp-content\/uploads\/2025\/05\/Konie_Apokalipsy_Skalnik_3.webp 600w, https:\/\/8a.pl\/8academy\/wp-content\/uploads\/2025\/05\/Konie_Apokalipsy_Skalnik_3-221x300.webp 221w\" sizes=\"(max-width: 600px) 100vw, 600px\" \/><figcaption class=\"wp-element-caption\">W drodze na Sokolik mo\u017cna spotka\u0107\u2026 Konie Apokalipsy. (fot. Wikimedia)<\/figcaption><\/figure>\n<\/div>\n\n\n<p class=\"wp-block-paragraph\">Z Ostrej Ma\u0142ej na Skalnik masz ju\u017c tylko kilka minut spaceru przez las. Mo\u017cesz zej\u015b\u0107 t\u0105 sam\u0105 tras\u0105 albo \u2013 co szczeg\u00f3lnie polecamy \u2013 po\u0142\u0105czy\u0107 j\u0105 z najkr\u00f3tszym wariantem niebieskim szlakiem z Czarnowa i zamkn\u0105\u0107 p\u0119tl\u0119.<\/p>\n\n\n\n<ul class=\"wp-block-list\">\n<li><strong>Dystans:<\/strong> ~ 2,8 km<\/li>\n\n\n\n<li><strong>Czas przej\u015bcia:<\/strong> ~ 1:10 h<\/li>\n\n\n\n<li><strong>Suma podej\u015b\u0107:<\/strong> ~ 203 m<\/li>\n<\/ul>\n\n\n\n<h3 class=\"wp-block-heading\" id=\"h-najkrotszy-szlak-na-skalnik\">Najkr\u00f3tszy szlak na Skalnik<\/h3>\n\n\n\n<p class=\"wp-block-paragraph\"><strong>Przebieg trasy: \u00a0<\/strong>Czarn\u00f3w, Czartak \u2013 \u2013 Ostra Ma\u0142a \u2013 Skalnik<\/p>\n\n\n\n<p class=\"wp-block-paragraph\">Niebieski szlak, rozpoczynaj\u0105cy si\u0119 w Czarnowie to najkr\u00f3tsza opcja dostania si\u0119 na najwy\u017cszy szczyt Rudaw Janowickich. To nie tylko najkr\u00f3tsze, ale i najciekawsze doj\u015bcie na Skalnik. Niebieski szlak z Czarnowa prowadzi przez przyjemny, cienisty las, a po drodze wyprowadza na prawdziw\u0105 gwiazd\u0119 tej trasy \u2013 Ostr\u0105 Ma\u0142\u0105 (935 m n.p.m.). Cho\u0107 ni\u017csza od Skalnika, to w\u0142a\u015bnie ona zapewnia widoki, dla kt\u00f3rych warto w\u0142o\u017cy\u0107 buty trekkingowe. Na jej skalistym wierzcho\u0142ku znajdziesz drewnian\u0105 platform\u0119 i por\u0119cze, a z nich rozci\u0105ga si\u0119 widok na Karkonosze, Kotlin\u0119 Jeleniog\u00f3rsk\u0105, a przy dobrej widoczno\u015bci nawet na G\u00f3ry Kaczawskie. To \u015bwietne miejsce na przerw\u0119 \u2013 z tych, kt\u00f3re zostaj\u0105 w pami\u0119ci.<\/p>\n\n\n\n<p class=\"wp-block-paragraph\"><\/p>\n\n\n<div class=\"wp-block-image\">\n<figure class=\"aligncenter size-full\"><img loading=\"lazy\" decoding=\"async\" width=\"600\" height=\"816\" src=\"https:\/\/8a.pl\/8academy\/wp-content\/uploads\/2025\/05\/AdobeStock_433895102.webp\" alt=\"Oznacenie niebieskiego szlaku w drodze na Skalnik.\" class=\"wp-image-78649\" srcset=\"https:\/\/8a.pl\/8academy\/wp-content\/uploads\/2025\/05\/AdobeStock_433895102.webp 600w, https:\/\/8a.pl\/8academy\/wp-content\/uploads\/2025\/05\/AdobeStock_433895102-221x300.webp 221w\" sizes=\"(max-width: 600px) 100vw, 600px\" \/><figcaption class=\"wp-element-caption\">Niebieski szlak na Skalnik. (fot. Adobe Stock)<\/figcaption><\/figure>\n<\/div>\n\n\n<p class=\"wp-block-paragraph\">Po nacieszeniu si\u0119 panoram\u0105 ruszasz dalej \u2013 przez chwil\u0119 do\u015b\u0107 p\u0142asko, a potem ju\u017c tylko kr\u00f3tki odcinek przez las i stajesz pod niepozorn\u0105 tabliczk\u0105 z napisem \u201eSkalnik 945 m n.p.m.\u201d. Gdyby nie ona \u2013 wielu mog\u0142oby nie zauwa\u017cy\u0107, \u017ce dotarli na najwy\u017cszy szczyt Rudaw. Szczyt sam w sobie jest zalesiony i nieeksponowany i nie b\u0119dziemy ukrywa\u0107, ale najciekawsz\u0105 cz\u0119\u015b\u0107i\u0105 Skalnika jest odwiedzenie Ma\u0142ej Ostrej ;).<\/p>\n\n\n\n<ul class=\"wp-block-list\">\n<li><strong>Dystans:<\/strong> 2,3 km<\/li>\n\n\n\n<li><strong>Czas przej\u015bcia:<\/strong> ~ 1 h<\/li>\n\n\n\n<li><strong>Suma podej\u015b\u0107:<\/strong> ~ 214 m<\/li>\n<\/ul>\n\n\n\n<h2 class=\"wp-block-heading\" id=\"h-a-gdzie-pieczatka-dla-zdobywcow-korony-gor-polski\">A gdzie piecz\u0105tka dla zdobywc\u00f3w Korony G\u00f3r Polski?<\/h2>\n\n\n\n<p class=\"wp-block-heading wp-block-paragraph\">\u00a0Cho\u0107 Skalnik nie imponuje szczytow\u0105 panoram\u0105, to dla wielu turyst\u00f3w ma du\u017ce znaczenie \u2013 to w\u0142a\u015bnie on widnieje na li\u015bcie Korony G\u00f3r Polski jako najwy\u017cszy punkt Rudaw Janowickich. A jak Korona, to i piecz\u0105tka!<\/p>\n\n\n\n<p class=\"wp-block-paragraph\">Nie znajdziesz jej na samym szczycie, ale te\u017c nie musisz urz\u0105dza\u0107 ekspedycji. Wracaj\u0105c ze Skalnika w stron\u0119 Ostrej Ma\u0142ej, w pewnym momencie warto odbi\u0107 w lewo od g\u0142\u00f3wnej \u015bcie\u017cki \u2013 w g\u0142\u0105b lasu, w kierunku zachodnim. Po kilkunastu krokach trafisz na czerwon\u0105 skrzynk\u0119 \u2013 \u0142atw\u0105 do wypatrzenia mi\u0119dzy drzewami. W niej znajduje si\u0119 piecz\u0105tka potwierdzaj\u0105ca zdobycie szczytu.<\/p>\n\n\n\n<p class=\"wp-block-paragraph\"><strong>Przeczytaj te\u017c:<\/strong><\/p>\n\n\n\n<ul class=\"wp-block-list\">\n<li><a href=\"https:\/\/8a.pl\/8academy\/korona-gor-polski\/\"><strong>Korona G\u00f3r Polski \u2013 jak zdoby\u0107 28 szczyt\u00f3w<\/strong><\/a><\/li>\n\n\n\n<li><strong><a href=\"https:\/\/8a.pl\/8academy\/diadem-gor-polski-czym-wlasciwie-jest\/\">Diadem G\u00f3r Polski \u2013 czym w\u0142a\u015bciwie jest?<\/a><\/strong><\/li>\n<\/ul>\n\n\n\n<hr class=\"wp-block-separator has-text-color has-cyan-bluish-gray-color has-alpha-channel-opacity has-cyan-bluish-gray-background-color has-background\"\/>\n\n\n\n<h2 class=\"wp-block-heading\" id=\"h-skalnik-z-dzieckiem-plan-na-pierwsza-gore\">Skalnik z dzieckiem? Plan na pierwsz\u0105 g\u00f3r\u0119<\/h2>\n\n\n\n<p class=\"wp-block-paragraph\">Je\u015bli szukasz g\u00f3ry \u201ena pr\u00f3b\u0119\u201d z dzieckiem \u2013 Skalnik sprawdzi si\u0119 idealnie. Kr\u00f3tkie podej\u015bcie z Czarnowa nie powinno zaj\u0105\u0107 wi\u0119cej ni\u017c godzin\u0119 w jedn\u0105 stron\u0119, a przewy\u017cszenie nie jest na tyle du\u017ce, \u017ceby zm\u0119czy\u0107 m\u0142odszych piechur\u00f3w. Trasa prowadzi ca\u0142y czas przez las, wi\u0119c nawet w cieplejsze dni jest przyjemnie zacieniona.<\/p>\n\n\n\n<p class=\"wp-block-paragraph\">Najwi\u0119ksz\u0105 atrakcj\u0105 po drodze b\u0119dzie Ostra Ma\u0142a \u2013 niewysoka, ale efektowna ska\u0142a z punktem widokowym i barierk\u0105. Dla dzieci to fajne urozmaicenie i \u201emini przygoda\u201d \u2013 mo\u017cna wej\u015b\u0107, popatrze\u0107, a potem opowiedzie\u0107 w szkole, \u017ce zdoby\u0142o si\u0119 \u201eska\u0142\u0119 z widokiem na g\u00f3ry\u201d ;). Szczyt Skalnika sam w sobie mo\u017ce nie zrobi\u0107 na dzieciach wra\u017cenia (ot, tabliczka w lesie), ale je\u015bli zbieracie razem piecz\u0105tki do Korony G\u00f3r Polski, to b\u0119dzie to dobry pretekst, \u017ceby wci\u0105gn\u0105\u0107 najm\u0142odszych w g\u00f3rskie tradycje.<\/p>\n\n\n\n<p class=\"wp-block-paragraph\"><strong>Przeczytaj te\u017c:<\/strong><\/p>\n\n\n\n<ul class=\"wp-block-list\">\n<li><strong><a href=\"https:\/\/8a.pl\/8academy\/gdzie-w-gory-z-dzieckiem\/\">Gdzie w g\u00f3ry z dzieckiem \u2013 o czym pami\u0119ta\u0107 przy wyborze szlaku<\/a><\/strong><\/li>\n<\/ul>\n\n\n\n<hr class=\"wp-block-separator has-text-color has-cyan-bluish-gray-color has-alpha-channel-opacity has-cyan-bluish-gray-background-color has-background\"\/>\n\n\n\n<p class=\"wp-block-paragraph\"><\/p>\n\n\n<div class=\"wp-block-image\">\n<figure class=\"aligncenter size-full\"><img loading=\"lazy\" decoding=\"async\" width=\"600\" height=\"816\" src=\"https:\/\/8a.pl\/8academy\/wp-content\/uploads\/2025\/05\/AdobeStock_424746809.webp\" alt=\"Le\u015bna, g\u00f3rska \u015bcie\u017cka.\" class=\"wp-image-78648\" srcset=\"https:\/\/8a.pl\/8academy\/wp-content\/uploads\/2025\/05\/AdobeStock_424746809.webp 600w, https:\/\/8a.pl\/8academy\/wp-content\/uploads\/2025\/05\/AdobeStock_424746809-221x300.webp 221w\" sizes=\"(max-width: 600px) 100vw, 600px\" \/><figcaption class=\"wp-element-caption\">Taki w\u0142a\u015bnie jest Skalnik \u2013 spokojny, z dala od zgie\u0142ku. (fot. Adobe Stokck)<\/figcaption><\/figure>\n<\/div>\n\n\n<h2 class=\"wp-block-heading\" id=\"h-skalnik-z-psem-czyli-gorski-spacer-z-czworonogim\">Skalnik z psem, czyli g\u00f3rski spacer z czworonogim<\/h2>\n\n\n\n<p class=\"wp-block-paragraph\">Skalnik to \u015bwietny cel na g\u00f3rsk\u0105 wycieczk\u0119 z psem \u2013 kr\u00f3tka trasa, niewielkie przewy\u017cszenia i du\u017co cienia po drodze. Ca\u0142y szczyt znajduje si\u0119 na terenie Rudawskiego Parku Krajobrazowego, kt\u00f3ry jest otwarty dla turyst\u00f3w z psami \u2013 ale obowi\u0105zuj\u0105 tu konkretne zasady.<\/p>\n\n\n\n<ul class=\"wp-block-list\">\n<li><strong>Pies mo\u017ce przebywa\u0107 na terenie parku, ale musi by\u0107 prowadzony na smyczy.<\/strong> <br>To nie tylko kwestia przepis\u00f3w \u2013 to r\u00f3wnie\u017c bezpiecze\u0144stwo zwierz\u0105t dziko \u017cyj\u0105cych (w okolicy \u0142atwo natkn\u0105\u0107 si\u0119 na sarny czy dziki) i innych turyst\u00f3w.<\/li>\n<\/ul>\n\n\n\n<p class=\"wp-block-paragraph\"><\/p>\n\n\n<div class=\"wp-block-image\">\n<figure class=\"aligncenter size-full\"><img loading=\"lazy\" decoding=\"async\" width=\"600\" height=\"816\" src=\"https:\/\/8a.pl\/8academy\/wp-content\/uploads\/2025\/05\/AdobeStock_501194830.webp\" alt=\"Piesek na g\u00f3skim szlaku.\" class=\"wp-image-78651\" srcset=\"https:\/\/8a.pl\/8academy\/wp-content\/uploads\/2025\/05\/AdobeStock_501194830.webp 600w, https:\/\/8a.pl\/8academy\/wp-content\/uploads\/2025\/05\/AdobeStock_501194830-221x300.webp 221w\" sizes=\"(max-width: 600px) 100vw, 600px\" \/><figcaption class=\"wp-element-caption\">Na Skalnik z psem? Jak najbardziej! (fot. Adobe Stock)<\/figcaption><\/figure>\n<\/div>\n\n\n<p class=\"wp-block-paragraph\">W\u0119druj\u0105c niebieskim szlakiem z Czarnowa, mo\u017cesz spokojnie zabra\u0107 psa \u2013 trasa nie jest zbyt ucz\u0119szczana, nie ma trudnych technicznie fragment\u00f3w, a po drodze znajduje si\u0119 punkt widokowy na Ostrej Ma\u0142ej, gdzie mo\u017cna zatrzyma\u0107 si\u0119 na przerw\u0119. Sam szczyt Skalnika znajduje si\u0119 w lesie i nie wymaga wspinania si\u0119 po ska\u0142ach, wi\u0119c spokojnie poradzi sobie tu nawet starszy pies.<\/p>\n\n\n\n<p class=\"wp-block-paragraph\"><strong>Przeczytaj te\u017c:<\/strong><\/p>\n\n\n\n<ul class=\"wp-block-list\">\n<li><strong><a href=\"https:\/\/8a.pl\/8academy\/cztery-lapy-cztery-lapy-czyli-w-gory-z-psem\/\">Gdzie jecha\u0107 w g\u00f3ry z psem<\/a><\/strong><\/li>\n<\/ul>\n\n\n\n<hr class=\"wp-block-separator has-text-color has-cyan-bluish-gray-color has-alpha-channel-opacity has-cyan-bluish-gray-background-color has-background\"\/>\n","protected":false},"excerpt":{"rendered":"<p>Skalnik \u2013 niepozorny, ale wyj\u0105tkowy. Najwy\u017cszy szczyt Rudaw Janowickich ma do zaoferowania wi\u0119cej, ni\u017c sugeruje jego wysoko\u015b\u0107. Kr\u00f3tka trasa, pi\u0119kny las i widowiskowa panorama z punktu widokowego nieopodal. Brzmi jak plan?<\/p>\n","protected":false},"author":7,"featured_media":78655,"comment_status":"closed","ping_status":"closed","sticky":false,"template":"","format":"standard","meta":{"_acf_changed":false,"_uf_show_specific_survey":0,"_uf_disable_surveys":false,"footnotes":""},"categories":[26070],"tags":[26104,26077,26105],"class_list":["post-78641","post","type-post","status-publish","format-standard","has-post-thumbnail","hentry","category-turystyka-trekking","tag-caloroczne","tag-przewodnik","tag-turystyka"],"acf":[],"yoast_head":"<!-- This site is optimized with the Yoast SEO Premium plugin v23.4 (Yoast SEO v25.5) - https:\/\/yoast.com\/wordpress\/plugins\/seo\/ -->\n<title>Skalnik - szlaki na szczyt | 8academy.pl<\/title>\n<meta name=\"description\" content=\"Planujesz weekend w g\u00f3rach? Mo\u017ce Skalnik - najwy\u017cszy szczyt Rudaw Janowickich? Podpowiadamy jak wej\u015b\u0107 i kt\u00f3ry szlak wybra\u0107.\" \/>\n<meta name=\"robots\" content=\"index, follow, max-snippet:-1, max-image-preview:large, max-video-preview:-1\" \/>\n<link rel=\"canonical\" href=\"https:\/\/8a.pl\/8academy\/skalnik-szlaki-na-szczyt\/\" \/>\n<meta property=\"og:locale\" content=\"pl_PL\" \/>\n<meta property=\"og:type\" content=\"article\" \/>\n<meta property=\"og:title\" content=\"Skalnik - szlaki na szczyt\" \/>\n<meta property=\"og:description\" content=\"Planujesz weekend w g\u00f3rach? Mo\u017ce Skalnik - najwy\u017cszy szczyt Rudaw Janowickich? Podpowiadamy jak wej\u015b\u0107 i kt\u00f3ry szlak wybra\u0107.\" \/>\n<meta property=\"og:url\" content=\"https:\/\/8a.pl\/8academy\/skalnik-szlaki-na-szczyt\/\" \/>\n<meta property=\"og:site_name\" content=\"8academy.pl - portal g\u00f3rski i wspinaczkowy dla aktywnych\" \/>\n<meta property=\"article:publisher\" content=\"https:\/\/pl-pl.facebook.com\/sklep8apl\/\" \/>\n<meta property=\"article:published_time\" content=\"2025-05-26T10:00:00+00:00\" \/>\n<meta property=\"article:modified_time\" content=\"2025-05-26T12:40:46+00:00\" \/>\n<meta property=\"og:image\" content=\"http:\/\/8a.pl\/8academy\/wp-content\/uploads\/2025\/05\/Glowne-zdjecie-skalnik2.webp\" \/>\n\t<meta property=\"og:image:width\" content=\"1800\" \/>\n\t<meta property=\"og:image:height\" content=\"1314\" \/>\n\t<meta property=\"og:image:type\" content=\"image\/webp\" \/>\n<meta name=\"author\" content=\"Redakcja 8Academy\" \/>\n<meta name=\"twitter:card\" content=\"summary_large_image\" \/>\n<meta name=\"twitter:label1\" content=\"Napisane przez\" \/>\n\t<meta name=\"twitter:data1\" content=\"Redakcja 8Academy\" \/>\n\t<meta name=\"twitter:label2\" content=\"Szacowany czas czytania\" \/>\n\t<meta name=\"twitter:data2\" content=\"10 minut\" \/>\n<!-- \/ Yoast SEO Premium plugin. -->","yoast_head_json":{"title":"Skalnik - szlaki na szczyt | 8academy.pl","description":"Planujesz weekend w g\u00f3rach? Mo\u017ce Skalnik - najwy\u017cszy szczyt Rudaw Janowickich? Podpowiadamy jak wej\u015b\u0107 i kt\u00f3ry szlak wybra\u0107.","robots":{"index":"index","follow":"follow","max-snippet":"max-snippet:-1","max-image-preview":"max-image-preview:large","max-video-preview":"max-video-preview:-1"},"canonical":"https:\/\/8a.pl\/8academy\/skalnik-szlaki-na-szczyt\/","og_locale":"pl_PL","og_type":"article","og_title":"Skalnik - szlaki na szczyt","og_description":"Planujesz weekend w g\u00f3rach? Mo\u017ce Skalnik - najwy\u017cszy szczyt Rudaw Janowickich? Podpowiadamy jak wej\u015b\u0107 i kt\u00f3ry szlak wybra\u0107.","og_url":"https:\/\/8a.pl\/8academy\/skalnik-szlaki-na-szczyt\/","og_site_name":"8academy.pl - portal g\u00f3rski i wspinaczkowy dla aktywnych","article_publisher":"https:\/\/pl-pl.facebook.com\/sklep8apl\/","article_published_time":"2025-05-26T10:00:00+00:00","article_modified_time":"2025-05-26T12:40:46+00:00","og_image":[{"width":1800,"height":1314,"url":"http:\/\/8a.pl\/8academy\/wp-content\/uploads\/2025\/05\/Glowne-zdjecie-skalnik2.webp","type":"image\/webp"}],"author":"Redakcja 8Academy","twitter_card":"summary_large_image","twitter_misc":{"Napisane przez":"Redakcja 8Academy","Szacowany czas czytania":"10 minut"},"schema":{"@context":"https:\/\/schema.org","@graph":[{"@type":"Article","@id":"https:\/\/8a.pl\/8academy\/skalnik-szlaki-na-szczyt\/#article","isPartOf":{"@id":"https:\/\/8a.pl\/8academy\/skalnik-szlaki-na-szczyt\/"},"author":{"name":"Redakcja 8Academy","@id":"https:\/\/8a.pl\/8academy\/#\/schema\/person\/2e392153a51786e6c3d5ede231b5d2a4"},"headline":"Skalnik &#8211; szlaki na szczyt","datePublished":"2025-05-26T10:00:00+00:00","dateModified":"2025-05-26T12:40:46+00:00","mainEntityOfPage":{"@id":"https:\/\/8a.pl\/8academy\/skalnik-szlaki-na-szczyt\/"},"wordCount":1610,"publisher":{"@id":"https:\/\/8a.pl\/8academy\/#organization"},"image":{"@id":"https:\/\/8a.pl\/8academy\/skalnik-szlaki-na-szczyt\/#primaryimage"},"thumbnailUrl":"https:\/\/8a.pl\/8academy\/wp-content\/uploads\/2025\/05\/Glowne-zdjecie-skalnik2.webp","keywords":["Ca\u0142oroczne","Przewodnik","Turystyka"],"articleSection":["Turystyka \/ trekking"],"inLanguage":"pl-PL"},{"@type":"WebPage","@id":"https:\/\/8a.pl\/8academy\/skalnik-szlaki-na-szczyt\/","url":"https:\/\/8a.pl\/8academy\/skalnik-szlaki-na-szczyt\/","name":"Skalnik - szlaki na szczyt | 8academy.pl","isPartOf":{"@id":"https:\/\/8a.pl\/8academy\/#website"},"primaryImageOfPage":{"@id":"https:\/\/8a.pl\/8academy\/skalnik-szlaki-na-szczyt\/#primaryimage"},"image":{"@id":"https:\/\/8a.pl\/8academy\/skalnik-szlaki-na-szczyt\/#primaryimage"},"thumbnailUrl":"https:\/\/8a.pl\/8academy\/wp-content\/uploads\/2025\/05\/Glowne-zdjecie-skalnik2.webp","datePublished":"2025-05-26T10:00:00+00:00","dateModified":"2025-05-26T12:40:46+00:00","description":"Planujesz weekend w g\u00f3rach? Mo\u017ce Skalnik - najwy\u017cszy szczyt Rudaw Janowickich? Podpowiadamy jak wej\u015b\u0107 i kt\u00f3ry szlak wybra\u0107.","breadcrumb":{"@id":"https:\/\/8a.pl\/8academy\/skalnik-szlaki-na-szczyt\/#breadcrumb"},"inLanguage":"pl-PL","potentialAction":[{"@type":"ReadAction","target":["https:\/\/8a.pl\/8academy\/skalnik-szlaki-na-szczyt\/"]}]},{"@type":"ImageObject","inLanguage":"pl-PL","@id":"https:\/\/8a.pl\/8academy\/skalnik-szlaki-na-szczyt\/#primaryimage","url":"https:\/\/8a.pl\/8academy\/wp-content\/uploads\/2025\/05\/Glowne-zdjecie-skalnik2.webp","contentUrl":"https:\/\/8a.pl\/8academy\/wp-content\/uploads\/2025\/05\/Glowne-zdjecie-skalnik2.webp","width":1800,"height":1314,"caption":"(fot. Adobe Stock)"},{"@type":"BreadcrumbList","@id":"https:\/\/8a.pl\/8academy\/skalnik-szlaki-na-szczyt\/#breadcrumb","itemListElement":[{"@type":"ListItem","position":1,"name":"Strona g\u0142\u00f3wna","item":"https:\/\/8a.pl\/8academy\/"},{"@type":"ListItem","position":2,"name":"Skalnik &#8211; szlaki na szczyt"}]},{"@type":"WebSite","@id":"https:\/\/8a.pl\/8academy\/#website","url":"https:\/\/8a.pl\/8academy\/","name":"8academy.pl - portal g\u00f3rski i wspinaczkowy dla aktywnych","description":"8academy to portal g\u00f3rski o wspinaczce, trekkingu i skiturach. Znajdziesz tu porady, testy sprz\u0119tu i opisy najlepszych rejon\u00f3w. Inspirujemy zdobywc\u00f3w!","publisher":{"@id":"https:\/\/8a.pl\/8academy\/#organization"},"potentialAction":[{"@type":"SearchAction","target":{"@type":"EntryPoint","urlTemplate":"https:\/\/8a.pl\/8academy\/?s={search_term_string}"},"query-input":{"@type":"PropertyValueSpecification","valueRequired":true,"valueName":"search_term_string"}}],"inLanguage":"pl-PL"},{"@type":"Organization","@id":"https:\/\/8a.pl\/8academy\/#organization","name":"8academy.pl - portal g\u00f3rski i wspinaczkowy dla aktywnych","url":"https:\/\/8a.pl\/8academy\/","logo":{"@type":"ImageObject","inLanguage":"pl-PL","@id":"https:\/\/8a.pl\/8academy\/#\/schema\/logo\/image\/","url":"https:\/\/8a.pl\/8academy\/wp-content\/uploads\/2015\/11\/logo.png","contentUrl":"https:\/\/8a.pl\/8academy\/wp-content\/uploads\/2015\/11\/logo.png","width":438,"height":315,"caption":"8academy.pl - portal g\u00f3rski i wspinaczkowy dla aktywnych"},"image":{"@id":"https:\/\/8a.pl\/8academy\/#\/schema\/logo\/image\/"},"sameAs":["https:\/\/pl-pl.facebook.com\/sklep8apl\/","https:\/\/www.instagram.com\/8apl\/"]},{"@type":"Person","@id":"https:\/\/8a.pl\/8academy\/#\/schema\/person\/2e392153a51786e6c3d5ede231b5d2a4","name":"Redakcja 8Academy","image":{"@type":"ImageObject","inLanguage":"pl-PL","@id":"https:\/\/8a.pl\/8academy\/#\/schema\/person\/image\/","url":"https:\/\/8a.pl\/8academy\/wp-content\/uploads\/2017\/10\/logo_obrobione_2_150_59ICJ.jpg","contentUrl":"https:\/\/8a.pl\/8academy\/wp-content\/uploads\/2017\/10\/logo_obrobione_2_150_59ICJ.jpg","caption":"Redakcja 8Academy"},"url":"https:\/\/8a.pl\/8academy\/author\/redakcja\/"}]}},"_links":{"self":[{"href":"https:\/\/8a.pl\/8academy\/wp-json\/wp\/v2\/posts\/78641","targetHints":{"allow":["GET"]}}],"collection":[{"href":"https:\/\/8a.pl\/8academy\/wp-json\/wp\/v2\/posts"}],"about":[{"href":"https:\/\/8a.pl\/8academy\/wp-json\/wp\/v2\/types\/post"}],"author":[{"embeddable":true,"href":"https:\/\/8a.pl\/8academy\/wp-json\/wp\/v2\/users\/7"}],"replies":[{"embeddable":true,"href":"https:\/\/8a.pl\/8academy\/wp-json\/wp\/v2\/comments?post=78641"}],"version-history":[{"count":9,"href":"https:\/\/8a.pl\/8academy\/wp-json\/wp\/v2\/posts\/78641\/revisions"}],"predecessor-version":[{"id":78668,"href":"https:\/\/8a.pl\/8academy\/wp-json\/wp\/v2\/posts\/78641\/revisions\/78668"}],"wp:featuredmedia":[{"embeddable":true,"href":"https:\/\/8a.pl\/8academy\/wp-json\/wp\/v2\/media\/78655"}],"wp:attachment":[{"href":"https:\/\/8a.pl\/8academy\/wp-json\/wp\/v2\/media?parent=78641"}],"wp:term":[{"taxonomy":"category","embeddable":true,"href":"https:\/\/8a.pl\/8academy\/wp-json\/wp\/v2\/categories?post=78641"},{"taxonomy":"post_tag","embeddable":true,"href":"https:\/\/8a.pl\/8academy\/wp-json\/wp\/v2\/tags?post=78641"}],"curies":[{"name":"wp","href":"https:\/\/api.w.org\/{rel}","templated":true}]}}