{"id":78310,"date":"2025-05-14T12:00:00","date_gmt":"2025-05-14T10:00:00","guid":{"rendered":"https:\/\/8a.pl\/8academy\/?p=78310"},"modified":"2025-05-15T13:50:09","modified_gmt":"2025-05-15T11:50:09","slug":"via-ferrata-sprzet-na-zelazna-droge","status":"publish","type":"post","link":"https:\/\/8a.pl\/8academy\/via-ferrata-sprzet-na-zelazna-droge\/","title":{"rendered":"Via ferraty dla pocz\u0105tkuj\u0105cych &#8211; jak zacz\u0105\u0107?"},"content":{"rendered":"\n<p class=\"wp-block-paragraph\">Je\u015bli do tej pory Twoje g\u00f3rskie przygody ogranicza\u0142y si\u0119 do klasycznych szlak\u00f3w, to ferraty b\u0119d\u0105 czym\u015b zupe\u0142nie nowym, ale niekoniecznie trudnym. Na pierwszy rzut oka via ferraty mog\u0105 wygl\u0105da\u0107 gro\u017anie \u2013 pionowa ska\u0142a, stalowa lina, ekspozycja jak z g\u00f3rskiego koszmaru. Ale nie daj si\u0119 zwie\u015b\u0107 pozorom. Via ferraty dla pocz\u0105tkuj\u0105cych s\u0105 zaprojektowane w\u0142a\u015bnie po to, by ka\u017cdy, kto ma dobr\u0105 kondycj\u0119 i nie panikuje w ekspozycji, m\u00f3g\u0142 spr\u00f3bowa\u0107 swoich si\u0142.<\/p>\n\n\n\n<ul class=\"wp-block-list\">\n<li><strong><a href=\"https:\/\/8a.pl\/8academy\/via-ferrata-sprzet-na-zelazna-droge\/#h-co-zabrac-na-via-ferraty\">Co zabra\u0107 na via ferraty?<\/a><\/strong><\/li>\n\n\n\n<li><strong><a href=\"https:\/\/8a.pl\/8academy\/via-ferrata-sprzet-na-zelazna-droge\/#h-na-dobry-poczatek-jak-wybrac-ferrate-dla-poczatkujacych\">Na dobry pocz\u0105tek \u2013 jak wybra\u0107 ferrat\u0119 dla pocz\u0105tkuj\u0105cych?<\/a><\/strong><\/li>\n\n\n\n<li><strong><a href=\"https:\/\/8a.pl\/8academy\/via-ferrata-sprzet-na-zelazna-droge\/#h-via-ferraty-dla-poczatkujacych-propozycje-tras\">Via ferraty dla pocz\u0105tkuj\u0105cych &#8211; propozycje tras<\/a><\/strong><\/li>\n\n\n\n<li><strong><a href=\"http:\/\/via-ferraty-dla-poczatkujacych-w-dolomitach\">Via ferraty dla pocz\u0105tkuj\u0105cych w Dolomitach<\/a><\/strong><\/li>\n<\/ul>\n\n\n\n<p class=\"wp-block-paragraph\"><\/p>\n\n\n<div class=\"wp-block-image\">\n<figure class=\"aligncenter size-full\"><img fetchpriority=\"high\" decoding=\"async\" width=\"600\" height=\"816\" src=\"https:\/\/8a.pl\/8academy\/wp-content\/uploads\/2025\/05\/wspinaczka_zapisane.webp\" alt=\"Wspinacze na via ferratach.\" class=\"wp-image-78369\" srcset=\"https:\/\/8a.pl\/8academy\/wp-content\/uploads\/2025\/05\/wspinaczka_zapisane.webp 600w, https:\/\/8a.pl\/8academy\/wp-content\/uploads\/2025\/05\/wspinaczka_zapisane-221x300.webp 221w\" sizes=\"(max-width: 600px) 100vw, 600px\" \/><figcaption class=\"wp-element-caption\">Kiedy szlaki to ju\u017c za ma\u0142o, a my\u015bl o ekspozycji wywo\u0142uje ekscytacj\u0119 zamiast strachu \u2013 czas na via ferraty. (fot. Ocun)<\/figcaption><\/figure>\n<\/div>\n\n\n<h2 class=\"wp-block-heading\" id=\"h-jak-zaczac-nowa-przygode-czyli-via-ferraty-dla-poczatkujacych\">Jak zacz\u0105\u0107 now\u0105 przygod\u0119, czyli via ferraty dla pocz\u0105tkuj\u0105cych<\/h2>\n\n\n\n<p class=\"wp-block-paragraph\">Via ferraty wygl\u0105daj\u0105 spektakularnie i w\u0142a\u015bnie to w nich kusi. Ale zanim wpi\u0119ty w stalow\u0105 lin\u0119 spojrzysz w d\u00f3\u0142 kilkadziesi\u0105t metr\u00f3w, warto si\u0119 przygotowa\u0107. Dobrze przygotowa\u0107. Cho\u0107 via ferraty dla pocz\u0105tkuj\u0105cych s\u0105 projektowane z my\u015bl\u0105 o osobach bez wspinaczkowego do\u015bwiadczenia, to nie oznacza, \u017ce wystarczy chcie\u0107. \u017belazne drogi to co\u015b pomi\u0119dzy g\u00f3rsk\u0105 turystyk\u0105 a wspinaniem, a to oznacza konkretne wymagania.<\/p>\n\n\n\n<p class=\"wp-block-paragraph\"><\/p>\n\n\n\n<div class=\"wp-block-buttons is-content-justification-center is-layout-flex wp-container-core-buttons-is-layout-fe48e5de wp-block-buttons-is-layout-flex\">\n<div class=\"wp-block-button\"><a class=\"wp-block-button__link has-background wp-element-button\" href=\"https:\/\/8a.pl\/sprzet-na-via-ferraty\" style=\"border-radius:6px;background-color:#e9600e\">ZOBACZ SPRZ\u0118T NA VIA FERRATY<\/a><\/div>\n<\/div>\n\n\n\n<p class=\"wp-block-paragraph\"><strong>Po pierwsze: kondycja.<\/strong> Na ferracie pracuj\u0105 nie tylko nogi, ale i r\u0119ce, a trasa potrafi ci\u0105gn\u0105\u0107 si\u0119 przez kilka godzin w ekspozycji. Je\u015bli w\u0119drowanie z plecakiem po g\u00f3rach to dla Ciebie chleb powszedni \u2013 masz dobry punkt wyj\u015bcia.<\/p>\n\n\n\n<p class=\"wp-block-paragraph\"><strong>Po drugie: g\u0142owa.<\/strong> Ekspozycja potrafi zaskoczy\u0107. Zw\u0142aszcza je\u015bli nie masz z ni\u0105 do\u015bwiadczenia. Nie musisz si\u0119 ni\u0105 zachwyca\u0107, ale dobrze, \u017ceby Ci\u0119 nie parali\u017cowa\u0142a. Spokojna g\u0142owa, pewny krok i umiej\u0119tno\u015b\u0107 podejmowania decyzji w stresie \u2013 to bezcenne.<\/p>\n\n\n\n<p class=\"wp-block-paragraph\"><strong>Po trzecie: sprz\u0119t.<\/strong> Ferraty wymagaj\u0105 konkretnego wyposa\u017cenia \u2013 kasku, uprz\u0119\u017cy i lon\u017cy z absorberem energii. Ale sam sprz\u0119t nie wystarczy. Trzeba jeszcze wiedzie\u0107, jak si\u0119 nim pos\u0142ugiwa\u0107: jak si\u0119 przepina\u0107, jak asekurowa\u0107, jak reagowa\u0107 w razie awaryjnej sytuacji. Je\u015bli robisz to pierwszy raz \u2013 po\u0107wicz. Na \u015bciance, w parku linowym, z do\u015bwiadczonym partnerem albo pod okiem instruktora.<\/p>\n\n\n\n<p class=\"wp-block-paragraph\"><\/p>\n\n\n<div class=\"wp-block-image\">\n<figure class=\"aligncenter size-full\"><img decoding=\"async\" width=\"600\" height=\"816\" src=\"https:\/\/8a.pl\/8academy\/wp-content\/uploads\/2025\/05\/P1069132-Vylepsene-NR.webp\" alt=\"Kobieta na via ferracie.\" class=\"wp-image-78362\" srcset=\"https:\/\/8a.pl\/8academy\/wp-content\/uploads\/2025\/05\/P1069132-Vylepsene-NR.webp 600w, https:\/\/8a.pl\/8academy\/wp-content\/uploads\/2025\/05\/P1069132-Vylepsene-NR-221x300.webp 221w\" sizes=\"(max-width: 600px) 100vw, 600px\" \/><figcaption class=\"wp-element-caption\"><strong>Via ferraty dla pocz\u0105tkuj\u0105cych<\/strong> to bezpieczny spos\u00f3b, by zrobi\u0107 pierwszy krok w pionie. (fot. Ocun)<\/figcaption><\/figure>\n<\/div>\n\n\n<p class=\"wp-block-paragraph\"><strong>Przeczytaj te\u017c:<\/strong><\/p>\n\n\n\n<ul class=\"wp-block-list\">\n<li><strong><a href=\"https:\/\/8a.pl\/8academy\/spacer-zelaznej-drodze-czyli-via-ferrata\/\">Spacer po \u017celaznej drodze, czyli co to jest via ferrata<\/a><\/strong><\/li>\n<\/ul>\n\n\n\n<hr class=\"wp-block-separator has-text-color has-cyan-bluish-gray-color has-alpha-channel-opacity has-cyan-bluish-gray-background-color has-background\"\/>\n\n\n\n<h2 class=\"wp-block-heading\" id=\"h-co-zabrac-na-via-ferraty\">Co zabra\u0107 na via ferraty?<\/h2>\n\n\n\n<p class=\"wp-block-paragraph\">Je\u015bli dopiero zaczynasz przygod\u0119 z via ferratami dla pocz\u0105tkuj\u0105cych, mo\u017cesz pomy\u015ble\u0107, \u017ce wystarczy po prostu co\u015b, \u017ceby si\u0119 przypi\u0105\u0107 do liny. Nic bardziej mylnego. Odpowiedni sprz\u0119t do via ferrat to nie dodatek, tylko absolutna podstawa \u2013 od niego zale\u017cy Twoje bezpiecze\u0144stwo w trudnym terenie. Ka\u017cdy element ma znaczenie: od lon\u017cy, przez uprz\u0105\u017c, po kask i buty. <\/p>\n\n\n\n<h3 class=\"wp-block-heading\" id=\"h-uprzaz-wspinaczkowa\">Uprz\u0105\u017c wspinaczkowa<\/h3>\n\n\n\n<p class=\"wp-block-paragraph\">Uprz\u0105\u017c jest podstawowym elementem wyposa\u017cenia wspinaczy, od niej zale\u017cy tak\u017ce bezpiecze\u0144stwo os\u00f3b, kt\u00f3re mierz\u0105 si\u0119 z via ferratami. Czym si\u0119 kierowa\u0107 przy wyborze? Zakres poszukiwa\u0144 na pewno powinni\u015bmy ograniczy\u0107 do uprz\u0119\u017cy biodrowych, posiadaj\u0105cych odpowiednie atesty (np.: EN 12277). Ten ci\u0105g znak\u00f3w m\u00f3wi nam, \u017ce sprz\u0119t pozytywnie przeszed\u0142 testy w warunkach, jakich mo\u017cemy si\u0119 spodziewa\u0107 na trasie, wi\u0119c powinien sprosta\u0107 zadaniu, gdy pojawi si\u0119 realne zagro\u017cenie.<\/p>\n\n\n\n<p class=\"wp-block-paragraph\"><\/p>\n\n\n\n<div class=\"wp-block-buttons is-content-justification-center is-layout-flex wp-container-core-buttons-is-layout-fe48e5de wp-block-buttons-is-layout-flex\">\n<div class=\"wp-block-button\"><a class=\"wp-block-button__link has-background wp-element-button\" href=\"https:\/\/8a.pl\/uprzeze-via-ferrata\" style=\"border-radius:6px;background-color:#e9600e\">ZOBACZ UPRZ\u0118\u017bE VIA FERRATA<\/a><\/div>\n<\/div>\n\n\n\n<p class=\"wp-block-paragraph\">Gdy mamy wyb\u00f3r, warto rozwa\u017cy\u0107 zakup modelu o niskiej wadze. Warto wybra\u0107 uprz\u0105\u017c wyposa\u017con\u0105 w klamry umo\u017cliwiaj\u0105ce regulacj\u0119. Je\u015bli postawimy na tak\u0105 wersj\u0119, z \u0142atwo\u015bci\u0105 powinni\u015bmy dopasowa\u0107 jej wymiary do w\u0142asnej fizjonomii (pod warunkiem, \u017ce prawid\u0142owo dobierzemy jej zakres). <\/p>\n\n\n\n<p class=\"wp-block-paragraph\"><\/p>\n\n\n<div class=\"wp-block-image\">\n<figure class=\"aligncenter size-full\"><img decoding=\"async\" width=\"600\" height=\"816\" src=\"https:\/\/8a.pl\/8academy\/wp-content\/uploads\/2025\/05\/P1069136-Vylepsene-NR.webp\" alt=\"Kobieta na via ferracie.\" class=\"wp-image-78363\" srcset=\"https:\/\/8a.pl\/8academy\/wp-content\/uploads\/2025\/05\/P1069136-Vylepsene-NR.webp 600w, https:\/\/8a.pl\/8academy\/wp-content\/uploads\/2025\/05\/P1069136-Vylepsene-NR-221x300.webp 221w\" sizes=\"(max-width: 600px) 100vw, 600px\" \/><figcaption class=\"wp-element-caption\">Wybieraj\u0105c uprz\u0105\u017c na via ferraty, postaw na komfort i mo\u017cliwo\u015b\u0107 regulacji \u2013 szczeg\u00f3lnie je\u015bli dopiero zaczynasz i chcesz unikn\u0105\u0107 nieprzyjemnych niespodzianek w terenie. (fot. Ocun)<\/figcaption><\/figure>\n<\/div>\n\n\n<h3 class=\"wp-block-heading\" id=\"h-lonza-z-absorberem\">Lon\u017ca z absorberem<\/h3>\n\n\n\n<p class=\"wp-block-paragraph\">Ale sama uprz\u0105\u017c nie jest w stanie zagwarantowa\u0107 nam bezpiecze\u0144stwa, podczas pokonywania kolejnych metr\u00f3w &#8220;\u017celaznej drogi&#8221;. W przypadku utraty r\u00f3wnowagi nasze \u017cycie i zdrowie zale\u017ce\u0107 b\u0119dzie od dobrej wsp\u00f3\u0142pracy uprz\u0119\u017cy oraz lon\u017cy. To absolutna podstawa. Lon\u017ca do via ferrat to nie kawa\u0142ek repa i dwa karabinki. To specjalistyczny zestaw z absorberem energii, kt\u00f3ry ma za zadanie poch\u0142on\u0105\u0107 si\u0142\u0119 ewentualnego odpadni\u0119cia. Sk\u0142ada si\u0119 z dw\u00f3ch ramion zako\u0144czonych solidnymi karabinkami, kt\u00f3re wpinamy do stalowej liny.<\/p>\n\n\n\n<p class=\"wp-block-paragraph\"><\/p>\n\n\n\n<div class=\"wp-block-buttons is-content-justification-center is-layout-flex wp-container-core-buttons-is-layout-fe48e5de wp-block-buttons-is-layout-flex\">\n<div class=\"wp-block-button\"><a class=\"wp-block-button__link has-background wp-element-button\" href=\"https:\/\/8a.pl\/zestawy-via-ferrata\" style=\"border-radius:6px;background-color:#e9600e\">KUP LON\u017bE VIA FERRATA<\/a><\/div>\n<\/div>\n\n\n\n<p class=\"wp-block-paragraph\">Jak taki uk\u0142ad dzia\u0142a? Ot\u00f3\u017c lon\u017c\u0119, kt\u00f3ra powinna mie\u0107 kszta\u0142t litery Y mocujemy do uprz\u0119\u017cy, wykorzystuj\u0105c znajduj\u0105c\u0105 si\u0119 na ko\u0144cu p\u0119tl\u0119 (stosujemy w tym celu w\u0119ze\u0142 nazywany potocznie &#8220;krawatem&#8221; lub &#8220;g\u0142\u00f3wk\u0105 skowronka&#8221;).  W specjalnym pokrowcu znajduje si\u0119 pozszywana ta\u015bma &#8211; absorber energii. W momencie, gdy rozpocznie si\u0119 wyhamowywanie lotu, szwy zaczynaj\u0105 p\u0119ka\u0107, poch\u0142aniaj\u0105c energi\u0119, kt\u00f3ra wyzwolona zosta\u0142a po odpadni\u0119ciu. Dzi\u0119ki temu, ca\u0142y proces przebiega dosy\u0107 \u0142agodnie. <\/p>\n\n\n\n<p class=\"wp-block-paragraph\"><\/p>\n\n\n<div class=\"wp-block-image\">\n<figure class=\"aligncenter size-full\"><img loading=\"lazy\" decoding=\"async\" width=\"600\" height=\"816\" src=\"https:\/\/8a.pl\/8academy\/wp-content\/uploads\/2025\/05\/04395_Via_Ferrata_Captur_2022.webp\" alt=\"Ocun - lon\u017ca via ferrata.\" class=\"wp-image-78359\" srcset=\"https:\/\/8a.pl\/8academy\/wp-content\/uploads\/2025\/05\/04395_Via_Ferrata_Captur_2022.webp 600w, https:\/\/8a.pl\/8academy\/wp-content\/uploads\/2025\/05\/04395_Via_Ferrata_Captur_2022-221x300.webp 221w\" sizes=\"(max-width: 600px) 100vw, 600px\" \/><figcaption class=\"wp-element-caption\">Dobra lon\u017ca to kluczowy element wyposa\u017cenia na via ferraty. Warto postawi\u0107 na sprz\u0119t od sprawdzonej marki \u2013 tu nie ma miejsca na kompromisy. (fot. Ocun)<\/figcaption><\/figure>\n<\/div>\n\n\n<h3 class=\"wp-block-heading\" id=\"h-kask-wspinaczkowy\">Kask wspinaczkowy<\/h3>\n\n\n\n<p class=\"wp-block-paragraph\">Chocia\u017c nie ka\u017cdy z nas lubi chodzi\u0107 w kasku, na via ferratach to konieczno\u015b\u0107. Pokonuj\u0105c &#8220;\u017celazne drogi&#8221;, cz\u0119sto nara\u017ceni jeste\u015bmy na urazy spowodowane spadaj\u0105cymi kamieniami. Ryzyko jest szczeg\u00f3lnie du\u017ce, gdy przemierzamy te popularniejsze trasy. Jaki kask wybra\u0107? Tu zdecydowanie nale\u017cy postawi\u0107 na model wspinaczkowy, kt\u00f3ry testowany by\u0142 w\u0142a\u015bnie w takich warunkach i uzyska\u0142 wszelkie niezb\u0119dne certyfikaty. Sprz\u0119t innego rodzaju (np. kask rowerowy)&nbsp; nie spe\u0142ni swojego zadania, gdy\u017c jego konstrukcja uwzgl\u0119dnia jedynie sytuacje typowe dla dedykowanej mu dyscypliny.<\/p>\n\n\n\n<p class=\"wp-block-paragraph\"><\/p>\n\n\n\n<div class=\"wp-block-buttons is-content-justification-center is-layout-flex wp-container-core-buttons-is-layout-fe48e5de wp-block-buttons-is-layout-flex\">\n<div class=\"wp-block-button\"><a class=\"wp-block-button__link has-background wp-element-button\" href=\"https:\/\/8a.pl\/kaski-wspinaczkowe\" style=\"border-radius:6px;background-color:#e9600e\">ZOBACZ KASKI WSPINACZKOWE<\/a><\/div>\n\n\n\n<div class=\"wp-block-button\"><a class=\"wp-block-button__link has-background wp-element-button\" href=\"https:\/\/8a.pl\/zestawy-via-ferrata\" style=\"border-radius:6px;background-color:#e9600e\">ZOBACZ ZESTAWY VIA FERRATA<\/a><\/div>\n<\/div>\n\n\n<div class=\"wp-block-image\">\n<figure class=\"aligncenter size-full\"><img loading=\"lazy\" decoding=\"async\" width=\"600\" height=\"816\" src=\"https:\/\/8a.pl\/8academy\/wp-content\/uploads\/2025\/05\/kask-wspinaczkowy-ocun-shard-petrol-mediterranea-1740377473.webp\" alt=\"Kask wspinaczkowy Ocun\" class=\"wp-image-78361\" srcset=\"https:\/\/8a.pl\/8academy\/wp-content\/uploads\/2025\/05\/kask-wspinaczkowy-ocun-shard-petrol-mediterranea-1740377473.webp 600w, https:\/\/8a.pl\/8academy\/wp-content\/uploads\/2025\/05\/kask-wspinaczkowy-ocun-shard-petrol-mediterranea-1740377473-221x300.webp 221w\" sizes=\"(max-width: 600px) 100vw, 600px\" \/><figcaption class=\"wp-element-caption\">Na via ferracie kask to podstawa. Chroni przed uderzeniem o ska\u0142\u0119 i spadaj\u0105cymi kamieniami \u2013 nawet na naj\u0142atwiejszej trasie warto mie\u0107 go na g\u0142owie od pocz\u0105tku do ko\u0144ca. (fot. Ocun)<\/figcaption><\/figure>\n<\/div>\n\n\n<p class=\"wp-block-paragraph\">Via ferratowe &#8220;trio&#8221; (uprz\u0105\u017c + lon\u017ca + kask) to wyposa\u017cenie niezb\u0119dne, bez kt\u00f3rego nie wychodzi si\u0119 na &#8220;\u017celazn\u0105 drog\u0119&#8221;. Mamy tu do czynienia z pozycjami, kt\u00f3re w takich okoliczno\u015bciach s\u0105 nieroz\u0142\u0105czne, dlatego w niekt\u00f3rych sklepach outdoorowych naby\u0107 mo\u017cna gotowe, trzycz\u0119\u015bciowe zestawy.<\/p>\n\n\n\n<h3 class=\"wp-block-heading\" id=\"h-buty\">Buty<\/h3>\n\n\n\n<p class=\"wp-block-paragraph\">Na via ferracie nie chcesz mie\u0107 na nogach ani ci\u0119\u017ckich but\u00f3w trekkingowych, ani mi\u0119kkich sneakers\u00f3w. Potrzebujesz czego\u015b pomi\u0119dzy. Najlepiej sprawdz\u0105 si\u0119 buty podej\u015bciowe \u2013 z tward\u0105 podeszw\u0105, dobr\u0105 przyczepno\u015bci\u0105 i niskim profilem. \u015awietnie trzymaj\u0105 si\u0119 ska\u0142y, pozwalaj\u0105 precyzyjnie stawa\u0107 na metalowych stopniach i nie ci\u0105gn\u0105 za sob\u0105 niepotrzebnego ci\u0119\u017caru. W ch\u0142odniejszych porach roku warto rozwa\u017cy\u0107 l\u017cejsze buty trekkingowe \u2013 ale zawsze z dobr\u0105 gum\u0105 na podeszwie (np. Vibram) i stabiln\u0105 konstrukcj\u0105.<\/p>\n\n\n\n<p class=\"wp-block-paragraph\"><\/p>\n\n\n\n<div class=\"wp-block-buttons is-content-justification-center is-layout-flex wp-container-core-buttons-is-layout-fe48e5de wp-block-buttons-is-layout-flex\">\n<div class=\"wp-block-button\"><a class=\"wp-block-button__link has-background wp-element-button\" href=\"https:\/\/8a.pl\/buty-na-via-ferraty\" style=\"border-radius:6px;background-color:#e9600e\">KUP NA VIA FERRATY<\/a><\/div>\n<\/div>\n\n\n\n<p class=\"wp-block-paragraph\"><strong>Przeczytaj te\u017c:<\/strong><\/p>\n\n\n\n<ul class=\"wp-block-list\">\n<li><a href=\"https:\/\/8a.pl\/8academy\/jakie-buty-na-via-ferraty\/\"><strong>Jakie buty na via ferraty wybra\u0107?<\/strong><\/a><\/li>\n<\/ul>\n\n\n\n<hr class=\"wp-block-separator has-text-color has-cyan-bluish-gray-color has-alpha-channel-opacity has-cyan-bluish-gray-background-color has-background\"\/>\n\n\n\n<h3 class=\"wp-block-heading\" id=\"h-ekspres-i-rekawiczki\">Ekspres i r\u0119kawiczki<\/h3>\n\n\n\n<p class=\"wp-block-paragraph\">Na via ferratach zdarzaj\u0105 si\u0119 sytuacje, gdy chcemy odpocz\u0105\u0107, jednak ukszta\u0142towanie terenu nie sprzyja robieniu sobie przerw. \u017beby spokojnie nabra\u0107 si\u0142, nie ryzykuj\u0105c przy tym zdrowia, niezb\u0119dne b\u0119dzie dodatkowe wsparcie. Maj\u0105c ze sob\u0105 ekspres wspinaczkowy (lub zestaw sk\u0142adaj\u0105cy si\u0119 z zakr\u0119canego karabinka HMS oraz zszywanej p\u0119tli wspinaczkowej z nylonu), mo\u017cemy wygodnie wpi\u0105\u0107 si\u0119 w stalow\u0105 lin\u0119 i na jaki\u015b czas stabilnie zawisn\u0105\u0107 na stanowisku. Wa\u017cne jest oczywi\u015bcie wybranie odpowiedniego miejsca na odpoczynek. Zm\u0119czone mi\u0119\u015bnie z pewno\u015bci\u0105 b\u0119d\u0105 nam za to wdzi\u0119czne!<\/p>\n\n\n\n<p class=\"wp-block-paragraph\"><\/p>\n\n\n<div class=\"wp-block-image\">\n<figure class=\"aligncenter size-full\"><img loading=\"lazy\" decoding=\"async\" width=\"600\" height=\"816\" src=\"https:\/\/8a.pl\/8academy\/wp-content\/uploads\/2025\/05\/IGP7852.webp\" alt=\"Karabinki od lon\u017cy do via ferrat.\" class=\"wp-image-78358\" srcset=\"https:\/\/8a.pl\/8academy\/wp-content\/uploads\/2025\/05\/IGP7852.webp 600w, https:\/\/8a.pl\/8academy\/wp-content\/uploads\/2025\/05\/IGP7852-221x300.webp 221w\" sizes=\"(max-width: 600px) 100vw, 600px\" \/><figcaption class=\"wp-element-caption\">Karabinki z automatyczn\u0105 blokad\u0105 to standard w lon\u017cach do via ferrat. Umo\u017cliwiaj\u0105 szybkie przepinanie, a przy tym minimalizuj\u0105 ryzyko b\u0142\u0119du. (fot. Ocun)<\/figcaption><\/figure>\n<\/div>\n\n\n<p class=\"wp-block-paragraph\"><\/p>\n\n\n\n<div class=\"wp-block-buttons is-content-justification-center is-layout-flex wp-container-core-buttons-is-layout-fe48e5de wp-block-buttons-is-layout-flex\">\n<div class=\"wp-block-button\"><a class=\"wp-block-button__link has-background wp-element-button\" href=\"https:\/\/8a.pl\/ekspresy-wspinaczkowe\" style=\"border-radius:6px;background-color:#e9600e\">KUP EKSPRESY WSPINACZKOWE<\/a><\/div>\n\n\n\n<div class=\"wp-block-button\"><a class=\"wp-block-button__link has-background wp-element-button\" href=\"https:\/\/8a.pl\/rekawiczki-via-ferrata\" style=\"border-radius:6px;background-color:#e9600e\">KUP R\u0118KAWICZKI NA VIA FERRATY<\/a><\/div>\n<\/div>\n\n\n\n<p class=\"wp-block-paragraph\">Cho\u0107 nie s\u0105 obowi\u0105zkowe, r\u0119kawiczki na via ferraty znacz\u0105co poprawiaj\u0105 komfort i bezpiecze\u0144stwo. Chroni\u0105 d\u0142onie przed otarciami i rozgrzan\u0105 w s\u0142o\u0144cu stalow\u0105 lin\u0105, a tak\u017ce zapewniaj\u0105 lepszy chwyt na wilgotnych lub zabrudzonych odcinkach. Warto wybra\u0107 model z odkrytymi palcami \u2013 dla lepszego czucia podczas przepinania lon\u017cy.<\/p>\n\n\n\n<h2 class=\"wp-block-heading\" id=\"h-na-dobry-poczatek-jak-wybrac-ferrate-dla-poczatkujacych\">Na dobry pocz\u0105tek \u2013 jak wybra\u0107 ferrat\u0119 dla pocz\u0105tkuj\u0105cych?<\/h2>\n\n\n\n<p class=\"wp-block-paragraph\">Wchodz\u0105c w \u015bwiat \u017celaznych dr\u00f3g, mo\u017cesz mie\u0107 ochot\u0119 od razu rzuci\u0107 si\u0119 na s\u0142ynn\u0105 tras\u0119 z zapieraj\u0105cymi dech widokami i eksponowanymi graniami. Ale je\u015bli to Twoje pierwsze spotkanie z via ferrat\u0105 \u2013 od\u0142\u00f3\u017c ambicje na bok i wybierz tras\u0119, kt\u00f3ra pozwoli Ci oswoi\u0107 si\u0119 z terenem, sprz\u0119tem i ekspozycj\u0105.<\/p>\n\n\n\n<ul class=\"wp-block-list\">\n<li><strong>Poziom trudno\u015bci<\/strong> \u2013 szukaj tras oznaczonych jako A lub B. Im wy\u017cej w alfabecie, tym wi\u0119ksze trudno\u015bci techniczne, przewieszenia, mniejsze stopnie i wi\u0119ksza ekspozycja.<\/li>\n\n\n\n<li><strong>Czas przej\u015bcia<\/strong> \u2013 idealna na pocz\u0105tek b\u0119dzie via ferrata, kt\u00f3rej przej\u015bcie zajmie maksymalnie 2\u20133 godziny.<\/li>\n\n\n\n<li><strong>Opis i opinie<\/strong> \u2013 przed wyj\u015bciem dobrze przeczyta\u0107 aktualne relacje i spojrze\u0107 na schemat trasy. Nie wszystkie ferraty oznaczone jako \u201e\u0142atwe\u201d faktycznie s\u0105 takie w praktyce.<\/li>\n<\/ul>\n\n\n\n<p class=\"wp-block-paragraph\"><\/p>\n\n\n<div class=\"wp-block-image\">\n<figure class=\"aligncenter size-full\"><img loading=\"lazy\" decoding=\"async\" width=\"600\" height=\"816\" src=\"https:\/\/8a.pl\/8academy\/wp-content\/uploads\/2025\/05\/P1069195-Vylepsene-NR.webp\" alt=\"Drabinka na via ferracie.\" class=\"wp-image-78364\" srcset=\"https:\/\/8a.pl\/8academy\/wp-content\/uploads\/2025\/05\/P1069195-Vylepsene-NR.webp 600w, https:\/\/8a.pl\/8academy\/wp-content\/uploads\/2025\/05\/P1069195-Vylepsene-NR-221x300.webp 221w\" sizes=\"(max-width: 600px) 100vw, 600px\" \/><figcaption class=\"wp-element-caption\">Tego typu stalowe drabiny cz\u0119sto pojawiaj\u0105 si\u0119 na via ferratach dla pocz\u0105tkuj\u0105cych. (fot. Ocun)<\/figcaption><\/figure>\n<\/div>\n\n\n<h2 class=\"wp-block-heading\" id=\"h-via-ferraty-dla-poczatkujacych-propozycje-tras\">Via ferraty dla pocz\u0105tkuj\u0105cych &#8211; propozycje tras<\/h2>\n\n\n\n<h3 class=\"wp-block-heading\" id=\"h-czechy-via-ferrata-pastyrska-stena-decin\">Czechy \u2013 Via Ferrata Past\u00fd\u0159sk\u00e1 st\u011bna (D\u011b\u010d\u00edn)<\/h3>\n\n\n\n<p class=\"wp-block-paragraph\">To \u015bwietny wyb\u00f3r na pierwszy raz \u2013 kr\u00f3tko, bezpiecznie i z opcj\u0105 stopniowania trudno\u015bci. Na skalnej \u015bcianie nad \u0141ab\u0105 poprowadzono ferraty o zr\u00f3\u017cnicowanym poziomie (od A do C), wi\u0119c mo\u017cna zacz\u0105\u0107 od naj\u0142atwiejszych i spokojnie testowa\u0107 kolejne. Podej\u015bcie? Kilka minut. Ekspozycja? Umiarkowana. To miejsce, gdzie nauczysz si\u0119 pracy z lon\u017c\u0105, sprawdzisz reakcje na wysoko\u015b\u0107 i z\u0142apiesz pierwsz\u0105 ferratow\u0105 zajawk\u0119 \u2013 bez zb\u0119dnej presji.<\/p>\n\n\n\n<h3 class=\"wp-block-heading\" id=\"h-niemcy-via-ferrata-alpiner-grat-oybin-saksonia\">Niemcy \u2013 Via Ferrata Alpiner Grat (Oybin, Saksonia)<\/h3>\n\n\n\n<p class=\"wp-block-paragraph\">Tu\u017c przy polskiej granicy, w\u015br\u00f3d granitowych formacji G\u00f3r \u017bytawskich, znajduje si\u0119 Alpiner Grat \u2013 kr\u00f3tka, malownicza trasa o trudno\u015bciach A\/B, kt\u00f3ra \u015bwietnie sprawdzi si\u0119 jako pierwsza przygoda na \u017celaznej drodze. Dobrze rozplanowane ubezpieczenia, \u0142agodna ekspozycja i \u0142atwe podej\u015bcie sprawiaj\u0105, \u017ce to jedno z ch\u0119tniej polecanych miejsc, gdy mowa o via ferratach dla pocz\u0105tkuj\u0105cych. Przej\u015bcie zajmuje oko\u0142o p\u00f3\u0142 godziny i daje solidn\u0105 okazj\u0119 do prze\u0107wiczenia pracy z lon\u017c\u0105 oraz sprawdzenia si\u0119 w skalnym terenie \u2013 bez skomplikowanej logistyki i bezpiecznie blisko domu.<\/p>\n\n\n\n<h3 class=\"wp-block-heading\" id=\"h-slowenia-via-ferrata-hvadnik-gozd-martuljek\">S\u0142owenia \u2013 Via Ferrata Hvadnik (Gozd Martuljek)<\/h3>\n\n\n\n<p class=\"wp-block-paragraph\">Je\u015bli szukasz spokojnego wej\u015bcia w \u015bwiat ferrat w otoczeniu alpejskiej przyrody, Hvadnik to \u015bwietny wyb\u00f3r. Ta kr\u00f3tka trasa prowadzi przez w\u0105w\u00f3z z naturalnymi progami skalnymi, mostkami i k\u0142adkami, ale bez du\u017cej ekspozycji czy trudno\u015bci technicznych. Jest dobrze zabezpieczona i bardzo intuicyjna \u2013 idealna do nauki przepinania lon\u017cy i nabrania pewno\u015bci w poruszaniu si\u0119 po stalowej linie. W\u015br\u00f3d via ferrat dla pocz\u0105tkuj\u0105cych to jedna z tych, kt\u00f3re bardziej bawi\u0105 ni\u017c stresuj\u0105, a przy okazji daj\u0105 \u015bwietn\u0105 okazj\u0119 do zobaczenia mniej znanej, ale wyj\u0105tkowo urokliwej cz\u0119\u015bci Alp Julijskich.<\/p>\n\n\n\n<h2 class=\"wp-block-heading\" id=\"h-via-ferraty-dla-poczatkujacych-w-dolomitach\">Via ferraty dla pocz\u0105tkuj\u0105cych w Dolomitach<\/h2>\n\n\n\n<p class=\"wp-block-paragraph\">Je\u015bli zakocha\u0142e\u015b si\u0119 w ferratach od pierwszego przypi\u0119cia \u2013 Dolomity pr\u0119dzej czy p\u00f3\u017aniej pojawi\u0105 si\u0119 na Twoim radarze. I s\u0142usznie. To w\u0142a\u015bnie tutaj narodzi\u0142y si\u0119 \u017celazne drogi, a dzi\u015b znajdziesz ich setki \u2013 od wymagaj\u0105cych, historycznych tras po \u0142agodne, widokowe \u015bcie\u017cki idealne na pocz\u0105tek. Cho\u0107 teren bywa powa\u017cny, via ferraty dla pocz\u0105tkuj\u0105cych w Dolomitach istniej\u0105 \u2013 i potrafi\u0105 oczarowa\u0107 od pierwszego kroku.<\/p>\n\n\n\n<p class=\"wp-block-paragraph\"><\/p>\n\n\n<div class=\"wp-block-image\">\n<figure class=\"aligncenter size-full\"><img loading=\"lazy\" decoding=\"async\" width=\"600\" height=\"816\" src=\"https:\/\/8a.pl\/8academy\/wp-content\/uploads\/2025\/05\/P1080573.webp\" alt=\"Drabinka na via ferracie.\" class=\"wp-image-78367\" srcset=\"https:\/\/8a.pl\/8academy\/wp-content\/uploads\/2025\/05\/P1080573.webp 600w, https:\/\/8a.pl\/8academy\/wp-content\/uploads\/2025\/05\/P1080573-221x300.webp 221w\" sizes=\"(max-width: 600px) 100vw, 600px\" \/><figcaption class=\"wp-element-caption\">W Dolomitach nawet via ferraty dla pocz\u0105tkuj\u0105cych potrafi\u0105 zaskoczy\u0107 rozmachem i widokami, kt\u00f3re zostaj\u0105 w g\u0142owie na d\u0142ugo. (fot Ocun)<\/figcaption><\/figure>\n<\/div>\n\n\n<p class=\"wp-block-paragraph\">Na co zwr\u00f3ci\u0107 uwag\u0119? Dolomity to g\u00f3ry wysokie i surowe. Nawet \u0142atwa trasa mo\u017ce zyska\u0107 na trudno\u015bci przez d\u0142ugo\u015b\u0107, nag\u0142\u0105 zmian\u0119 pogody czy wymagaj\u0105ce podej\u015bcie. Dlatego warto dobrze dobra\u0107 tras\u0119, startowa\u0107 wcze\u015bnie i mie\u0107 solidn\u0105 kondycj\u0119. Nagroda? Spektakularne panoramy, pi\u0119kna ekspozycja i uczucie, \u017ce w\u0142a\u015bnie robisz co\u015b naprawd\u0119 wyj\u0105tkowego.<\/p>\n\n\n\n<h3 class=\"wp-block-heading\" id=\"h-sentiero-attrezzato-del-col-dei-bos\">Sentiero Attrezzato del Col dei Bos<\/h3>\n\n\n\n<ul class=\"wp-block-list\">\n<li><strong>Dlaczego warto:<\/strong> Kr\u00f3tki, technicznie prosty odcinek, pi\u0119knie poprowadzony wzd\u0142u\u017c grani, z widokiem na Tofany i Lagazuoi. Dobre miejsce na pierwsz\u0105 powa\u017cniejsz\u0105 ferrat\u0119 w Dolomitach \u2013 mo\u017cna j\u0105 zrobi\u0107 \u201ena lekko\u201d, w jeden dzie\u0144 z Cortiny.<\/li>\n\n\n\n<li><strong>Poziom trudno\u015bci:<\/strong> B<\/li>\n\n\n\n<li><strong>Czas przej\u015bcia:<\/strong> ok. 3 godziny (sama ferrata)<\/li>\n<\/ul>\n\n\n\n<h3 class=\"wp-block-heading\" id=\"h-ferrata-sass-de-stria\">Ferrata Sass de Stria<\/h3>\n\n\n\n<ul class=\"wp-block-list\">\n<li><strong>Dlaczego warto:<\/strong> \u0141atwa, kr\u00f3tka i bardzo widokowa trasa z militarn\u0105 histori\u0105 w tle. Idealna na rozgrzewk\u0119 lub na dzie\u0144 regeneracyjny mi\u0119dzy d\u0142u\u017cszymi trasami. Przyst\u0119pna nawet dla os\u00f3b z mniejszym do\u015bwiadczeniem, ale daje ju\u017c poczucie dolomickiego powietrza pod stopami.<\/li>\n\n\n\n<li><strong>Poziom trudno\u015bci:<\/strong> A\/B<\/li>\n\n\n\n<li><strong>Czas przej\u015bcia:<\/strong> ok. 1,5 godziny<\/li>\n<\/ul>\n\n\n\n<h3 class=\"wp-block-heading\" id=\"h-ferrata-averau\">Ferrata Averau<\/h3>\n\n\n\n<ul class=\"wp-block-list\">\n<li><strong>Dlaczego warto:<\/strong> Ferrata kr\u00f3tka, ale bardzo efektowna. \u015awietna panorama na Cinque Torri i mo\u017cliwo\u015b\u0107 po\u0142\u0105czenia jej z wej\u015bciem na szczyt Averau. Trasa cz\u0119sto wykorzystywana jako \u201epierwsza ferrata w \u017cyciu\u201d \u2013 i trudno o lepsze wprowadzenie.<\/li>\n\n\n\n<li><strong>Poziom trudno\u015bci:<\/strong> A\/B<\/li>\n\n\n\n<li><strong>Czas przej\u015bcia:<\/strong> ok. 1 godzina<\/li>\n<\/ul>\n\n\n\n<p class=\"wp-block-paragraph\"><strong>Przeczytaj te\u017c:<\/strong><\/p>\n\n\n\n<ul class=\"wp-block-list\">\n<li><strong><a href=\"https:\/\/8a.pl\/8academy\/dolomity\/\">Dolomity \u2013 wspinanie na via ferratach<\/a><\/strong><\/li>\n<\/ul>\n\n\n\n<hr class=\"wp-block-separator has-text-color has-cyan-bluish-gray-color has-alpha-channel-opacity has-cyan-bluish-gray-background-color has-background\"\/>\n\n\n\n<p class=\"wp-block-paragraph\">&nbsp;<\/p>\n","protected":false},"excerpt":{"rendered":"<p>Je\u017celi dobrze znasz uczucie zm\u0119czonych n\u00f3g po ca\u0142ym dniu w g\u00f3rach, ale wci\u0105\u017c brakuje Ci w tym wszystkim odrobiny ryzyka i wysoko\u015bci \u2013 via ferraty dla pocz\u0105tkuj\u0105cych mog\u0105 by\u0107 tym, czego szukasz. Je\u015bli zwyk\u0142e szlaki przesta\u0142y ju\u017c ekscytowa\u0107, a tatrza\u0144ska gra\u0144 nie robi takiego wra\u017cenia jak kiedy\u015b \u2013 czas poszuka\u0107 nowych emocji. \u017belazne drogi to \u015bwietny pomost mi\u0119dzy w\u0119dr\u00f3wk\u0105 a wspinaniem. Daj\u0105 poczucie przestrzeni, ekspozycji i adrenaliny \u2013 bez konieczno\u015bci bycia wspinaczem.<\/p>\n","protected":false},"author":7,"featured_media":78370,"comment_status":"open","ping_status":"closed","sticky":false,"template":"","format":"standard","meta":{"_acf_changed":false,"_uf_show_specific_survey":0,"_uf_disable_surveys":false,"footnotes":""},"categories":[26076],"tags":[26083,26082,26069,26102,26081],"class_list":["post-78310","post","type-post","status-publish","format-standard","has-post-thumbnail","hentry","category-via-ferrata","tag-jesien","tag-lato","tag-poradnik","tag-via_ferrata","tag-wiosna"],"acf":[],"yoast_head":"<!-- This site is optimized with the Yoast SEO Premium plugin v23.4 (Yoast SEO v25.5) - https:\/\/yoast.com\/wordpress\/plugins\/seo\/ -->\n<title>Via ferraty dla pocz\u0105tkuj\u0105cych - jak zacz\u0105\u0107? | 8academy<\/title>\n<meta name=\"description\" content=\"Via ferraty dla pocz\u0105tkuj\u0105cych - jak zacz\u0105\u0107 i co zabra\u0107? Podpowiadamy jak zadba\u0107 o bezpiecze\u0144stwo podczas pokonywania \u017celaznych dr\u00f3g.\" \/>\n<meta name=\"robots\" content=\"index, follow, max-snippet:-1, max-image-preview:large, max-video-preview:-1\" \/>\n<link rel=\"canonical\" href=\"https:\/\/8a.pl\/8academy\/via-ferrata-sprzet-na-zelazna-droge\/\" \/>\n<meta property=\"og:locale\" content=\"pl_PL\" \/>\n<meta property=\"og:type\" content=\"article\" \/>\n<meta property=\"og:title\" content=\"Szykujesz si\u0119 na via ferrat\u0119? Dowiedz si\u0119, co ze sob\u0105 zabra\u0107! | 8academy\" \/>\n<meta property=\"og:description\" content=\"Via ferraty dla pocz\u0105tkuj\u0105cych - jak zacz\u0105\u0107 i co zabra\u0107? Podpowiadamy jak zadba\u0107 o bezpiecze\u0144stwo podczas pokonywania \u017celaznych dr\u00f3g.\" \/>\n<meta property=\"og:url\" content=\"https:\/\/8a.pl\/8academy\/via-ferrata-sprzet-na-zelazna-droge\/\" \/>\n<meta property=\"og:site_name\" content=\"8academy.pl - portal g\u00f3rski i wspinaczkowy dla aktywnych\" \/>\n<meta property=\"article:publisher\" content=\"https:\/\/pl-pl.facebook.com\/sklep8apl\/\" \/>\n<meta property=\"article:published_time\" content=\"2025-05-14T10:00:00+00:00\" \/>\n<meta property=\"article:modified_time\" content=\"2025-05-15T11:50:09+00:00\" \/>\n<meta property=\"og:image\" content=\"http:\/\/8a.pl\/8academy\/wp-content\/uploads\/2019\/06\/8academy_FB-17.jpg\" \/>\n\t<meta property=\"og:image:width\" content=\"1200\" \/>\n\t<meta property=\"og:image:height\" content=\"628\" \/>\n\t<meta property=\"og:image:type\" content=\"image\/jpeg\" \/>\n<meta name=\"author\" content=\"Redakcja 8Academy\" \/>\n<meta name=\"twitter:card\" content=\"summary_large_image\" \/>\n<meta name=\"twitter:title\" content=\"Via ferraty dla pocz\u0105tkuj\u0105cych - jak zacz\u0105\u0107?\" \/>\n<meta name=\"twitter:label1\" content=\"Napisane przez\" \/>\n\t<meta name=\"twitter:data1\" content=\"Redakcja 8Academy\" \/>\n\t<meta name=\"twitter:label2\" content=\"Szacowany czas czytania\" \/>\n\t<meta name=\"twitter:data2\" content=\"13 minut\" \/>\n<!-- \/ Yoast SEO Premium plugin. -->","yoast_head_json":{"title":"Via ferraty dla pocz\u0105tkuj\u0105cych - jak zacz\u0105\u0107? | 8academy","description":"Via ferraty dla pocz\u0105tkuj\u0105cych - jak zacz\u0105\u0107 i co zabra\u0107? Podpowiadamy jak zadba\u0107 o bezpiecze\u0144stwo podczas pokonywania \u017celaznych dr\u00f3g.","robots":{"index":"index","follow":"follow","max-snippet":"max-snippet:-1","max-image-preview":"max-image-preview:large","max-video-preview":"max-video-preview:-1"},"canonical":"https:\/\/8a.pl\/8academy\/via-ferrata-sprzet-na-zelazna-droge\/","og_locale":"pl_PL","og_type":"article","og_title":"Szykujesz si\u0119 na via ferrat\u0119? Dowiedz si\u0119, co ze sob\u0105 zabra\u0107! | 8academy","og_description":"Via ferraty dla pocz\u0105tkuj\u0105cych - jak zacz\u0105\u0107 i co zabra\u0107? Podpowiadamy jak zadba\u0107 o bezpiecze\u0144stwo podczas pokonywania \u017celaznych dr\u00f3g.","og_url":"https:\/\/8a.pl\/8academy\/via-ferrata-sprzet-na-zelazna-droge\/","og_site_name":"8academy.pl - portal g\u00f3rski i wspinaczkowy dla aktywnych","article_publisher":"https:\/\/pl-pl.facebook.com\/sklep8apl\/","article_published_time":"2025-05-14T10:00:00+00:00","article_modified_time":"2025-05-15T11:50:09+00:00","og_image":[{"width":1200,"height":628,"url":"http:\/\/8a.pl\/8academy\/wp-content\/uploads\/2019\/06\/8academy_FB-17.jpg","type":"image\/jpeg"}],"author":"Redakcja 8Academy","twitter_card":"summary_large_image","twitter_title":"Via ferraty dla pocz\u0105tkuj\u0105cych - jak zacz\u0105\u0107?","twitter_misc":{"Napisane przez":"Redakcja 8Academy","Szacowany czas czytania":"13 minut"},"schema":{"@context":"https:\/\/schema.org","@graph":[{"@type":"Article","@id":"https:\/\/8a.pl\/8academy\/via-ferrata-sprzet-na-zelazna-droge\/#article","isPartOf":{"@id":"https:\/\/8a.pl\/8academy\/via-ferrata-sprzet-na-zelazna-droge\/"},"author":{"name":"Redakcja 8Academy","@id":"https:\/\/8a.pl\/8academy\/#\/schema\/person\/2e392153a51786e6c3d5ede231b5d2a4"},"headline":"Via ferraty dla pocz\u0105tkuj\u0105cych &#8211; jak zacz\u0105\u0107?","datePublished":"2025-05-14T10:00:00+00:00","dateModified":"2025-05-15T11:50:09+00:00","mainEntityOfPage":{"@id":"https:\/\/8a.pl\/8academy\/via-ferrata-sprzet-na-zelazna-droge\/"},"wordCount":2135,"commentCount":0,"publisher":{"@id":"https:\/\/8a.pl\/8academy\/#organization"},"image":{"@id":"https:\/\/8a.pl\/8academy\/via-ferrata-sprzet-na-zelazna-droge\/#primaryimage"},"thumbnailUrl":"https:\/\/8a.pl\/8academy\/wp-content\/uploads\/2025\/05\/Glowne-zdjecie-viaferrata-1.webp","keywords":["Jesie\u0144","Lato","Poradnik","Via ferrata","Wiosna"],"articleSection":["Via ferrata"],"inLanguage":"pl-PL","potentialAction":[{"@type":"CommentAction","name":"Comment","target":["https:\/\/8a.pl\/8academy\/via-ferrata-sprzet-na-zelazna-droge\/#respond"]}]},{"@type":"WebPage","@id":"https:\/\/8a.pl\/8academy\/via-ferrata-sprzet-na-zelazna-droge\/","url":"https:\/\/8a.pl\/8academy\/via-ferrata-sprzet-na-zelazna-droge\/","name":"Via ferraty dla pocz\u0105tkuj\u0105cych - jak zacz\u0105\u0107? | 8academy","isPartOf":{"@id":"https:\/\/8a.pl\/8academy\/#website"},"primaryImageOfPage":{"@id":"https:\/\/8a.pl\/8academy\/via-ferrata-sprzet-na-zelazna-droge\/#primaryimage"},"image":{"@id":"https:\/\/8a.pl\/8academy\/via-ferrata-sprzet-na-zelazna-droge\/#primaryimage"},"thumbnailUrl":"https:\/\/8a.pl\/8academy\/wp-content\/uploads\/2025\/05\/Glowne-zdjecie-viaferrata-1.webp","datePublished":"2025-05-14T10:00:00+00:00","dateModified":"2025-05-15T11:50:09+00:00","description":"Via ferraty dla pocz\u0105tkuj\u0105cych - jak zacz\u0105\u0107 i co zabra\u0107? Podpowiadamy jak zadba\u0107 o bezpiecze\u0144stwo podczas pokonywania \u017celaznych dr\u00f3g.","breadcrumb":{"@id":"https:\/\/8a.pl\/8academy\/via-ferrata-sprzet-na-zelazna-droge\/#breadcrumb"},"inLanguage":"pl-PL","potentialAction":[{"@type":"ReadAction","target":["https:\/\/8a.pl\/8academy\/via-ferrata-sprzet-na-zelazna-droge\/"]}]},{"@type":"ImageObject","inLanguage":"pl-PL","@id":"https:\/\/8a.pl\/8academy\/via-ferrata-sprzet-na-zelazna-droge\/#primaryimage","url":"https:\/\/8a.pl\/8academy\/wp-content\/uploads\/2025\/05\/Glowne-zdjecie-viaferrata-1.webp","contentUrl":"https:\/\/8a.pl\/8academy\/wp-content\/uploads\/2025\/05\/Glowne-zdjecie-viaferrata-1.webp","width":1800,"height":1314,"caption":"(fot Ocun)"},{"@type":"BreadcrumbList","@id":"https:\/\/8a.pl\/8academy\/via-ferrata-sprzet-na-zelazna-droge\/#breadcrumb","itemListElement":[{"@type":"ListItem","position":1,"name":"Strona g\u0142\u00f3wna","item":"https:\/\/8a.pl\/8academy\/"},{"@type":"ListItem","position":2,"name":"Via ferraty dla pocz\u0105tkuj\u0105cych &#8211; jak zacz\u0105\u0107?"}]},{"@type":"WebSite","@id":"https:\/\/8a.pl\/8academy\/#website","url":"https:\/\/8a.pl\/8academy\/","name":"8academy.pl - portal g\u00f3rski i wspinaczkowy dla aktywnych","description":"8academy to portal g\u00f3rski o wspinaczce, trekkingu i skiturach. Znajdziesz tu porady, testy sprz\u0119tu i opisy najlepszych rejon\u00f3w. Inspirujemy zdobywc\u00f3w!","publisher":{"@id":"https:\/\/8a.pl\/8academy\/#organization"},"potentialAction":[{"@type":"SearchAction","target":{"@type":"EntryPoint","urlTemplate":"https:\/\/8a.pl\/8academy\/?s={search_term_string}"},"query-input":{"@type":"PropertyValueSpecification","valueRequired":true,"valueName":"search_term_string"}}],"inLanguage":"pl-PL"},{"@type":"Organization","@id":"https:\/\/8a.pl\/8academy\/#organization","name":"8academy.pl - portal g\u00f3rski i wspinaczkowy dla aktywnych","url":"https:\/\/8a.pl\/8academy\/","logo":{"@type":"ImageObject","inLanguage":"pl-PL","@id":"https:\/\/8a.pl\/8academy\/#\/schema\/logo\/image\/","url":"https:\/\/8a.pl\/8academy\/wp-content\/uploads\/2015\/11\/logo.png","contentUrl":"https:\/\/8a.pl\/8academy\/wp-content\/uploads\/2015\/11\/logo.png","width":438,"height":315,"caption":"8academy.pl - portal g\u00f3rski i wspinaczkowy dla aktywnych"},"image":{"@id":"https:\/\/8a.pl\/8academy\/#\/schema\/logo\/image\/"},"sameAs":["https:\/\/pl-pl.facebook.com\/sklep8apl\/","https:\/\/www.instagram.com\/8apl\/"]},{"@type":"Person","@id":"https:\/\/8a.pl\/8academy\/#\/schema\/person\/2e392153a51786e6c3d5ede231b5d2a4","name":"Redakcja 8Academy","image":{"@type":"ImageObject","inLanguage":"pl-PL","@id":"https:\/\/8a.pl\/8academy\/#\/schema\/person\/image\/","url":"https:\/\/8a.pl\/8academy\/wp-content\/uploads\/2017\/10\/logo_obrobione_2_150_59ICJ.jpg","contentUrl":"https:\/\/8a.pl\/8academy\/wp-content\/uploads\/2017\/10\/logo_obrobione_2_150_59ICJ.jpg","caption":"Redakcja 8Academy"},"url":"https:\/\/8a.pl\/8academy\/author\/redakcja\/"}]}},"_links":{"self":[{"href":"https:\/\/8a.pl\/8academy\/wp-json\/wp\/v2\/posts\/78310","targetHints":{"allow":["GET"]}}],"collection":[{"href":"https:\/\/8a.pl\/8academy\/wp-json\/wp\/v2\/posts"}],"about":[{"href":"https:\/\/8a.pl\/8academy\/wp-json\/wp\/v2\/types\/post"}],"author":[{"embeddable":true,"href":"https:\/\/8a.pl\/8academy\/wp-json\/wp\/v2\/users\/7"}],"replies":[{"embeddable":true,"href":"https:\/\/8a.pl\/8academy\/wp-json\/wp\/v2\/comments?post=78310"}],"version-history":[{"count":11,"href":"https:\/\/8a.pl\/8academy\/wp-json\/wp\/v2\/posts\/78310\/revisions"}],"predecessor-version":[{"id":78407,"href":"https:\/\/8a.pl\/8academy\/wp-json\/wp\/v2\/posts\/78310\/revisions\/78407"}],"wp:featuredmedia":[{"embeddable":true,"href":"https:\/\/8a.pl\/8academy\/wp-json\/wp\/v2\/media\/78370"}],"wp:attachment":[{"href":"https:\/\/8a.pl\/8academy\/wp-json\/wp\/v2\/media?parent=78310"}],"wp:term":[{"taxonomy":"category","embeddable":true,"href":"https:\/\/8a.pl\/8academy\/wp-json\/wp\/v2\/categories?post=78310"},{"taxonomy":"post_tag","embeddable":true,"href":"https:\/\/8a.pl\/8academy\/wp-json\/wp\/v2\/tags?post=78310"}],"curies":[{"name":"wp","href":"https:\/\/api.w.org\/{rel}","templated":true}]}}