{"id":77181,"date":"2025-04-09T15:00:00","date_gmt":"2025-04-09T13:00:00","guid":{"rendered":"https:\/\/8a.pl\/8academy\/?p=77181"},"modified":"2025-04-16T13:54:55","modified_gmt":"2025-04-16T11:54:55","slug":"diadem-gor-polski-czym-wlasciwie-jest","status":"publish","type":"post","link":"https:\/\/8a.pl\/8academy\/diadem-gor-polski-czym-wlasciwie-jest\/","title":{"rendered":"Diadem G\u00f3r Polski &#8211; czym w\u0142a\u015bciwie jest?"},"content":{"rendered":"\n<p class=\"wp-block-paragraph\">Diadem G\u00f3r Polski to nieco mniej znany, ale zdecydowanie wart uwagi projekt dla tych, kt\u00f3rzy chc\u0105 dobrze pozna\u0107 polskie pasma, tak\u017ce te mniej rozpoznawalne. W odr\u00f3\u017cnieniu od Korony, kt\u00f3ra skupia si\u0119 na najwy\u017cszych wierzcho\u0142kach ka\u017cdego pasma, Diadem Polskich G\u00f3r zabierze Ci\u0119 tak\u017ce tam, gdzie rzadziej dociera masowa turystyka. Nie chodzi jednak o \u201eodhaczanie\u201d, to raczej pretekst do tego, \u017ceby poczu\u0107 klimat r\u00f3\u017cnych region\u00f3w, czasem zej\u015b\u0107 ze szlaku po cisz\u0119, czasem wej\u015b\u0107 na popularny punkt z zupe\u0142nie innej strony. Diadem G\u00f3r Polski to zaproszenie do \u015bwiadomej eksploracji, nie zawsze \u0142atwej, mimo to, zawsze satysfakcjonuj\u0105cej.<\/p>\n\n\n\n<ul class=\"wp-block-list\">\n<li><strong><a href=\"https:\/\/8a.pl\/8academy\/diadem-gor-polski-czym-wlasciwie-jest\/#h-czym-jest-diadem-polskich-gor\">Czym jest Diadem Polskich G\u00f3r?<\/a><\/strong><\/li>\n\n\n\n<li><strong><a href=\"https:\/\/8a.pl\/8academy\/diadem-gor-polski-czym-wlasciwie-jest\/#h-korona-gor-polski-vs-diadem-polskich-gor\">Korona G\u00f3r Polski vs Diadem Polskich G\u00f3r<\/a><\/strong><\/li>\n\n\n\n<li><strong><a href=\"https:\/\/8a.pl\/8academy\/diadem-gor-polski-czym-wlasciwie-jest\/#h-diadem-polskich-gor-ksiazeczka-i-pieczatki-czyli-od-czego-zaczac\">Diadem Polskich G\u00f3r &#8211; ksi\u0105\u017ceczka i piecz\u0105tki, czyli od czego zacz\u0105\u0107?<\/a><\/strong><\/li>\n\n\n\n<li><strong><a href=\"https:\/\/8a.pl\/8academy\/diadem-gor-polski-czym-wlasciwie-jest\/#h-diadem-polskich-gor-wykaz-szczytow\">Diadem Polskich G\u00f3r &#8211; wykaz szczyt\u00f3w<\/a><\/strong><\/li>\n<\/ul>\n\n\n\n<p class=\"wp-block-paragraph\"><strong>Przeczytaj te\u017c:<\/strong><\/p>\n\n\n\n<ul class=\"wp-block-list\">\n<li><strong><a href=\"https:\/\/8a.pl\/8academy\/hiking-co-to-jest\/\">Hiking- co to jest?<\/a><\/strong><\/li>\n<\/ul>\n\n\n\n<hr class=\"wp-block-separator has-text-color has-cyan-bluish-gray-color has-alpha-channel-opacity has-cyan-bluish-gray-background-color has-background\"\/>\n\n\n\n<h2 class=\"wp-block-heading\" id=\"h-czym-jest-diadem-polskich-gor\">Czym jest Diadem Polskich G\u00f3r?<\/h2>\n\n\n\n<p class=\"wp-block-paragraph\">Diadem Polskich G\u00f3r to turystyczna odznaka PTTK, kt\u00f3r\u0105 zdobywasz za wej\u015bcie na 80 szczyt\u00f3w rozsianych po ca\u0142ym po\u0142udniu Polski. Projekt ten ma bardzo konkretny cel \u2014 mianowicie, chce zach\u0119ci\u0107 do odkrywania g\u00f3r nie tylko przez pryzmat zdobywania najwy\u017cszych punkt\u00f3w. Zamiast tego, skupia si\u0119 na tym, co naprawd\u0119 wyr\u00f3\u017cnia dane pasmo, czyli rze\u017abie, charakterze oraz historii regionu.<\/p>\n\n\n\n<p class=\"wp-block-paragraph\"><\/p>\n\n\n<div class=\"wp-block-image\">\n<figure class=\"aligncenter size-full\"><img fetchpriority=\"high\" decoding=\"async\" width=\"600\" height=\"816\" src=\"https:\/\/8a.pl\/8academy\/wp-content\/uploads\/2025\/04\/10002714_P1-large.webp\" alt=\"Turysta stoj\u0105cy na tle g\u00f3rskiej panoramy.\" class=\"wp-image-77303\" srcset=\"https:\/\/8a.pl\/8academy\/wp-content\/uploads\/2025\/04\/10002714_P1-large.webp 600w, https:\/\/8a.pl\/8academy\/wp-content\/uploads\/2025\/04\/10002714_P1-large-221x300.webp 221w\" sizes=\"(max-width: 600px) 100vw, 600px\" \/><figcaption class=\"wp-element-caption\">W poszukiwaniu mniej oczywistych szczyt\u00f3w \u2013 w\u0142a\u015bnie taki jest Diadem Polskich G\u00f3r. (fot. Osprey)<\/figcaption><\/figure>\n<\/div>\n\n\n<p class=\"wp-block-paragraph\">Formalnie rzecz bior\u0105c, Diadem Polskich G\u00f3r to odznaka przyznawana za zdobycie 80 najwy\u017cszych szczyt\u00f3w pasm i masyw\u00f3w g\u00f3rskich w Polsce, wyznaczonych w randze mezoregion\u00f3w oraz wybranych mikroregion\u00f3w. Brzmi jak lekcja geografii? Troch\u0119 tak, ale w praktyce chodzi o to, by lepiej pozna\u0107 struktur\u0119 polskich g\u00f3r i zg\u0142\u0119bi\u0107 ich geograficzn\u0105 uk\u0142adank\u0119, szczeg\u00f3lnie \u017ce r\u00f3\u017cnorodno\u015b\u0107 g\u00f3r w Polsce ma naprawd\u0119 wiele do zaoferowania.<\/p>\n\n\n\n<h2 class=\"wp-block-heading\" id=\"h-korona-gor-polski-vs-diadem-polskich-gor\">Korona G\u00f3r Polski vs Diadem Polskich G\u00f3r<\/h2>\n\n\n\n<p class=\"wp-block-paragraph\">Cho\u0107 oba projekty maj\u0105 wsp\u00f3lny mianownik \u2013 zach\u0119caj\u0105 do g\u00f3rskich w\u0119dr\u00f3wek i systematycznego zdobywania szczyt\u00f3w, r\u00f3\u017cni\u0105 si\u0119 jednak podej\u015bciem, skal\u0105 oraz poziomem zaawansowania. Z jednej strony, Korona G\u00f3r Polski to \u015bwietny wyb\u00f3r na pocz\u0105tek przygody z g\u00f3rskim kolekcjonerstwem, natomiast Diadem Polskich G\u00f3r wci\u0105ga na d\u0142u\u017cej i prowadzi przez znacznie bardziej zr\u00f3\u017cnicowany krajobraz, dlatego mo\u017ce stanowi\u0107 kolejny krok w stron\u0119 eksploracji polskich g\u00f3r.<\/p>\n\n\n\n<p class=\"wp-block-paragraph\"><\/p>\n\n\n<div class=\"wp-block-image\">\n<figure class=\"aligncenter size-full\"><img decoding=\"async\" width=\"600\" height=\"816\" src=\"https:\/\/8a.pl\/8academy\/wp-content\/uploads\/2025\/04\/IMG_20190824_124504.webp\" alt=\"Le\u015bna \u015bcie\u017cka.\" class=\"wp-image-77308\" srcset=\"https:\/\/8a.pl\/8academy\/wp-content\/uploads\/2025\/04\/IMG_20190824_124504.webp 600w, https:\/\/8a.pl\/8academy\/wp-content\/uploads\/2025\/04\/IMG_20190824_124504-221x300.webp 221w\" sizes=\"(max-width: 600px) 100vw, 600px\" \/><figcaption class=\"wp-element-caption\">Niepozorny szlak przez las \u2013 to w\u0142a\u015bnie takie miejsca tworz\u0105 klimat Diademu Polskich G\u00f3r. (fot. Redakcja 8a.pl)<\/figcaption><\/figure>\n<\/div>\n\n\n<p class=\"wp-block-paragraph\">Przeczytaj te\u017c:<\/p>\n\n\n\n<ul class=\"wp-block-list\">\n<li><strong><a href=\"https:\/\/8a.pl\/8academy\/korona-gor-polski\/\">Korona G\u00f3r Polski \u2013 jak zdoby\u0107 28 szczyt\u00f3w<\/a><\/strong><\/li>\n<\/ul>\n\n\n\n<hr class=\"wp-block-separator has-text-color has-cyan-bluish-gray-color has-alpha-channel-opacity has-cyan-bluish-gray-background-color has-background\"\/>\n\n\n\n<p class=\"wp-block-paragraph\"><\/p>\n\n\n\n<style>\n  table {\n    width: 100%;\n    border-collapse: collapse;\n  }\n  th, td {\n    text-align: center;\n    border: 1px solid #ddd;\n    padding: 8px;\n  }\n  \n  thead tr {\n    background-color: #d0d0d0;\n  }\n \n  th a {\n    color: inherit;\n    text-decoration: none;\n  }\n \n  .table-container {\n    overflow-x: auto;\n  }\n \n  @media (max-width: 600px) {\n    th, td {\n      white-space: nowrap;\n    }\n  }\n<\/style>\n<div class=\"table-container\">\n<table>\n<thead>\n<tr>\n<th> <\/th>\n<th>Korona G\u00f3r Polski<\/th>\n<th>Diadem G\u00f3r Polski<\/th>\n<\/tr>\n<\/thead>\n<tbody>\n<tr>\n<th>Liczba szczyt\u00f3w<\/th>\n<td>28<\/td>\n<td>80<\/td>\n<\/tr>\n<tr>\n<th>Kryterium wyboru<\/th>\n<td>Najwy\u017cszy szczyt ka\u017cdego pasma<\/td>\n<td>Najwy\u017cszy szczyt mezoregion\u00f3w i wybranych mikroregion\u00f3w<\/td>\n<\/tr>\n<tr>\n<th>Charakter projektu<\/th>\n<td>Bardzo popularny, o umiarkowanej trudno\u015bci<\/td>\n<td>Przekrojowy, wymagaj\u0105cy szerszej eksploracji<\/td>\n<\/tr>\n<tr>\n<th>Odznaka<\/th>\n<td>Tak<\/td>\n<td>Tak<\/td>\n<\/tr>\n<\/tbody>\n<\/table>\n<\/div>\n\n\n\n<p class=\"wp-block-paragraph\"><\/p>\n\n\n<div class=\"wp-block-image\">\n<figure class=\"aligncenter size-full\"><img decoding=\"async\" width=\"600\" height=\"816\" src=\"https:\/\/8a.pl\/8academy\/wp-content\/uploads\/2025\/04\/S23_EjaPro_Evan_Kay_exp_8-23-24-29-large.webp\" alt=\"Turystka na g\u00f3rskim podej\u015bciu.\" class=\"wp-image-77309\" srcset=\"https:\/\/8a.pl\/8academy\/wp-content\/uploads\/2025\/04\/S23_EjaPro_Evan_Kay_exp_8-23-24-29-large.webp 600w, https:\/\/8a.pl\/8academy\/wp-content\/uploads\/2025\/04\/S23_EjaPro_Evan_Kay_exp_8-23-24-29-large-221x300.webp 221w\" sizes=\"(max-width: 600px) 100vw, 600px\" \/><figcaption class=\"wp-element-caption\">Diadem G\u00f3r Polski to tak\u017ce okazja do d\u0142u\u017cszego, bardziej wymagaj\u0105cego trekkingu &#8211; wszystko na Twoich zasadach. (fot. Osprey)<\/figcaption><\/figure>\n<\/div>\n\n\n<h2 class=\"wp-block-heading\" id=\"h-diadem-polskich-gor-ksiazeczka-i-pieczatki-czyli-od-czego-zaczac\">Diadem Polskich G\u00f3r &#8211; ksi\u0105\u017ceczka i piecz\u0105tki, czyli od czego zacz\u0105\u0107?<\/h2>\n\n\n\n<p class=\"wp-block-paragraph\">Zanim ruszysz po Diadem Polskich G\u00f3r, dobrze jest wiedzie\u0107, jak to dzia\u0142a w praktyce \u2013 zw\u0142aszcza \u017ce do zdobycia oficjalnej odznaki PTTK potrzebna b\u0119dzie Ksi\u0105\u017ceczka G\u00f3rskiej Odznaki Turystycznej (GOT). To w\u0142a\u015bnie w niej b\u0119dziesz dokumentowa\u0107 swoje wycieczki oraz zdobyte szczyty. Wielu turyst\u00f3w na tym etapie wpisuje w wyszukiwark\u0119 fraz\u0119: \u201eDiadem Polskich G\u00f3r ksi\u0105\u017ceczka gdzie kupi\u0107\u201d \u2013 i s\u0142usznie. Najpro\u015bciej bowiem znale\u017a\u0107 j\u0105 w lokalnych oddzia\u0142ach PTTK lub te\u017c zam\u00f3wi\u0107 online przez oficjaln\u0105 stron\u0119.<\/p>\n\n\n\n<p class=\"wp-block-paragraph\"><\/p>\n\n\n<div class=\"wp-block-image\">\n<figure class=\"aligncenter size-full\"><img loading=\"lazy\" decoding=\"async\" width=\"600\" height=\"816\" src=\"https:\/\/8a.pl\/8academy\/wp-content\/uploads\/2025\/04\/056A9908-large.webp\" alt=\"Turystka z plecakiem na plecach.\" class=\"wp-image-77302\" srcset=\"https:\/\/8a.pl\/8academy\/wp-content\/uploads\/2025\/04\/056A9908-large.webp 600w, https:\/\/8a.pl\/8academy\/wp-content\/uploads\/2025\/04\/056A9908-large-221x300.webp 221w\" sizes=\"(max-width: 600px) 100vw, 600px\" \/><figcaption class=\"wp-element-caption\">Wyposa\u017cenie gotowe, trasa zaplanowana \u2013 czas ruszy\u0107 po Diadem Polskich G\u00f3r. (fot. Osprey)<\/figcaption><\/figure>\n<\/div>\n\n\n<p class=\"wp-block-paragraph\">Najpopularniejsz\u0105 form\u0105 potwierdzenia s\u0105 piecz\u0105tki z obiekt\u00f3w turystycznych, schronisk, tablic informacyjnych czy te\u017c skrzyneczek w pobli\u017cu szczytu.  Je\u015bli jednak na trasie nie znajdziesz miejsca do przybicia piecz\u0105tki, zamiast tego mo\u017cesz do\u0142\u0105czy\u0107 zdj\u0119cie z dat\u0105. Dodatkowo, sprawdzi si\u0119 tak\u017ce kr\u00f3tki opis trasy oraz okoliczno\u015bci wej\u015bcia, co wi\u0119cej, jest to zgodne z zasadami PTTK.<\/p>\n\n\n\n<h2 class=\"wp-block-heading\" id=\"h-diadem-gor-polski-szczyty\">Diadem G\u00f3r Polski &#8211; szczyty<\/h2>\n\n\n\n<p class=\"wp-block-paragraph\">Zdobywanie Diademu G\u00f3r Polski to proces. Co istotne, nie musisz robi\u0107 tego w okre\u015blonej kolejno\u015bci ani te\u017c w konkretnym czasie. Z powodzeniem mo\u017cesz realizowa\u0107 ten cel przy okazji weekendowych wypad\u00f3w, d\u0142u\u017cszych urlop\u00f3w lub te\u017c spontanicznych wyjazd\u00f3w. Najwa\u017cniejsze jednak jest to, \u017ce ka\u017cda wyprawa ma sw\u00f3j cel. Co wi\u0119cej, lista szczyt\u00f3w podpowiada nowe kierunki, o kt\u00f3rych wcze\u015bniej mog\u0142e\u015b nawet nie pomy\u015ble\u0107.<\/p>\n\n\n\n<p class=\"wp-block-paragraph\">Lista szczyt\u00f3w wchodz\u0105cych w sk\u0142ad Diademu Polskich G\u00f3r obejmuje 80 wierzcho\u0142k\u00f3w, wybranych na podstawie podzia\u0142u fizycznogeograficznego Polski \u2013 z uwzgl\u0119dnieniem mezoregion\u00f3w, a tak\u017ce niekt\u00f3rych mikroregion\u00f3w.  W praktyce oznacza to naprawd\u0119 szeroki przekr\u00f3j przez polskie g\u00f3ry \u2013 od Tatr i Beskid\u00f3w, poprzez Sudety, a\u017c po Pog\u00f3rze Przemyskie. Niekt\u00f3re trasy b\u0119d\u0105 dobrze znane i \u0142atwo dost\u0119pne, natomiast inne mog\u0105 wymaga\u0107 nieco wi\u0119cej planowania, a nawet odrobiny orientacji w terenie. To w\u0142a\u015bnie dlatego Diadem Polskich G\u00f3r jest tak ciekawy i wci\u0105gaj\u0105cy.<\/p>\n\n\n\n<p class=\"wp-block-paragraph\"><\/p>\n\n\n<div class=\"wp-block-image\">\n<figure class=\"aligncenter size-full\"><img loading=\"lazy\" decoding=\"async\" width=\"600\" height=\"816\" src=\"https:\/\/8a.pl\/8academy\/wp-content\/uploads\/2025\/04\/20231001_1221392.webp\" alt=\"Widok na Tatry.\" class=\"wp-image-77304\" srcset=\"https:\/\/8a.pl\/8academy\/wp-content\/uploads\/2025\/04\/20231001_1221392.webp 600w, https:\/\/8a.pl\/8academy\/wp-content\/uploads\/2025\/04\/20231001_1221392-221x300.webp 221w\" sizes=\"(max-width: 600px) 100vw, 600px\" \/><figcaption class=\"wp-element-caption\">Diadem Polskich G\u00f3r to nie tylko beskidzkie w\u0119dr\u00f3wki \u2013 czasem prowadzi przez ostre granie i wymagaj\u0105ce szlaki. (fot. Redakcja 8a.pl)<\/figcaption><\/figure>\n<\/div>\n\n\n<p class=\"wp-block-paragraph\">Pe\u0142ny wykaz szczyt\u00f3w dost\u0119pny jest na oficjalnej stronie PTTK. Warto jednak pami\u0119ta\u0107, \u017ce w internecie mo\u017cna natkn\u0105\u0107 si\u0119 r\u00f3wnie\u017c na nieoficjalne wersje tej listy. Z tego wzgl\u0119du najlepiej opiera\u0107 si\u0119 na wersji oficjalnej, poniewa\u017c to w\u0142a\u015bnie ona stanowi podstaw\u0119 do przyznania odznaki.<\/p>\n\n\n\n<h2 class=\"wp-block-heading\" id=\"h-diadem-polskich-gor-wykaz-szczytow\">Diadem Polskich G\u00f3r &#8211; wykaz szczyt\u00f3w<\/h2>\n\n\n\n<h3 class=\"wp-block-heading\" id=\"h-beskidy-zachodnie\">Beskidy Zachodnie<\/h3>\n\n\n\n<p class=\"wp-block-paragraph\">1<strong>. Wielka Czantoria <\/strong>995 m n.p.m.\u200b (Beskid \u015al\u0105ski)<br>2. <strong>Klimczok<\/strong> 1117 m n.p.m.\u200b (Beskid \u015al\u0105ski)<br>3. <strong>Skrzyczne<\/strong> 1257 m n.p.m. (Beskid \u015al\u0105ski) &#8211; <a href=\"https:\/\/8a.pl\/8academy\/korona-gor-polski-skrzyczne\/\"><strong>Przeczytaj jak wej\u015b\u0107 na Skrzyczne.<\/strong><\/a><br>4. <strong>Czupel<\/strong> 933 m n.p.m (Beskid Ma\u0142y) &#8211; <strong><a href=\"https:\/\/8a.pl\/8academy\/czupel-najwyzszy-szczyt-beskidu-malego\/\">Dowiedz si\u0119 jak zdoby\u0107 Czupel.<\/a><\/strong><br>5. <strong>\u0141amana Ska\u0142a (Madohora)<\/strong> 929 m n.p.m. (Beskid Ma\u0142y)<br>6. <strong>Wielka Racza<\/strong> 1236 m n.p.m. (Beskid \u017bywiecki)<br>7. <strong>Pilsko (G\u00f3ra Pi\u0119ciu Kopc\u00f3w)<\/strong> 1542 m n.p.m. (Beskid \u017bywiecki)<br>8. <strong>Ja\u0142owiec<\/strong> 1111 m n.p.m. (Beskid \u017bywiecki)<br>9. <strong>Babia G\u00f3ra (Diablak)<\/strong> 1725 m n.p.m. (Beskid \u017bywiecki) &#8211; <a href=\"https:\/\/8a.pl\/8academy\/korona-gor-polski-babia-gora\/\"><strong>Tu przeczytasz jak wej\u015b\u0107 na Babi\u0105 G\u00f3r\u0119.<\/strong><\/a><br>10. <strong>Polica<\/strong> 1369 m n.p.m. (Beskid \u017bywiecki)<br>11. <strong>Polica<\/strong> 1369 m n.p.m. (Beskid \u017bywiecki)<br>12. <strong>Lasek (\u0141osek)<\/strong> 868 m n.p.m. (Beskid Makowski)<br>13. <strong>Babica<\/strong> 728 m n.p.m. (Beskid Makowski)<br>14. <strong>Koskowa G\u00f3ra<\/strong> 867 m n.p.m. (Beskid Makowski)<br>15. <strong>Lubomir<\/strong> 904 m n.p.m. (Beskid Makowski)<br>16. <strong>Lubo\u0144 Wielki<\/strong> 1022 m n.p.m. (Beskid Wyspowy)<br>17. <strong>\u0106wilin <\/strong>1072 n.p.m. (Beskid Wyspowy)<br>18. <strong>Mogielica<\/strong> 1170 m n.p.m. (Beskid Wyspowy) &#8211; <strong><a href=\"https:\/\/8a.pl\/8academy\/korona-gor-polski-mogielica\/\">Sprawd\u017a szlaki na Mogielnic\u0119.<\/a><\/strong><br>19. <strong>Mody\u0144<\/strong> 1029 n.p.m. (Beskid Wyspowy)<br>20. <strong>Jaworz<\/strong> 921 n.p.m (Beskid Wyspowy)<br>21. <strong>Turbacz<\/strong> &#8211; 1310 n.p.m (Gorce) &#8211;<a href=\"https:\/\/8a.pl\/8academy\/korona-gor-polski-turbacz\/\"> <strong>Sprawd\u017a szlaki na Turbacz.<\/strong><\/a><br>22. <strong>Luba\u0144<\/strong> 1225 n.p.m. (Gorce)<br>23. <strong>Radziejowa<\/strong> 1262 n.p.m. (Beskid S\u0105decki) &#8211; <strong><a href=\"https:\/\/8a.pl\/8academy\/korona-gor-polski-radziejowa\/\">Dowiedz si\u0119, jak zdoby\u0107 Radziejow\u0105.<\/a><\/strong><br>24. <strong>Jaworzyna Krynicka<\/strong> 1114 n.p.m. (Beskid S\u0105decki)<br>25. <strong>Kraczonik<\/strong> 934 n.p.m. (Beskid S\u0105decki)<br>26. <strong>Jaworze <\/strong>882 n.p.m (Beskid Niski)<br>27. <strong>Lackowa<\/strong> 997 n.p.m (Beskid Niski)<br>28. <strong>W\u0105tkowa<\/strong> 846 n.p.m. (Beskid Niski)<br>29. <strong>Baranie <\/strong>754 n.p.m. (Beskid Niski)<br>30. <strong>Kamie\u0144<\/strong> 857 n.p.m. (Beskid Niski)<br>31. <strong>Tokarnia<\/strong> 778 n.p.m. (Beskid Niski)<\/p>\n\n\n\n<h3 class=\"wp-block-heading\" id=\"h-obnizenie-orawsko-podhalanskie\">Obni\u017cenie Orawsko-Podhala\u0144skie<\/h3>\n\n\n\n<p class=\"wp-block-paragraph\">32. <strong>\u017bar<\/strong> 883 n.p.m. (Pieniny)<br>33. <strong>Trzy Korony<\/strong> 982 n.p.m. (Pieniny)<br>34. <strong>Wysoka<\/strong> 1050 n.p.m. (Pieniny) &#8211; <\/p>\n\n\n\n<h3 class=\"wp-block-heading\" id=\"h-tatry\">Tatry<\/h3>\n\n\n\n<p class=\"wp-block-paragraph\">35. <strong>Starorobocia\u0144ski Wierch<\/strong> 2176 n.p.m. (Tatry)<br>36. <strong>Krzesanica<\/strong> 2122 n.p.m. (Tatry)<br>37. <strong>\u015awinica<\/strong> 2301 n.p.m. (Tatry)<br>38. <strong>Rysy<\/strong> 2499 n.p.m. (Tatry) &#8211; <a href=\"https:\/\/8a.pl\/8academy\/wejscie-na-rysy\/\"><strong>Sprawd\u017a jak wej\u015b\u0107 na Rysy.<\/strong><\/a><\/p>\n\n\n\n<h3 class=\"wp-block-heading\" id=\"h-beskidy-wschodnie\">Beskidy Wschodnie<\/h3>\n\n\n\n<p class=\"wp-block-paragraph\">39. <strong>S\u0142onny<\/strong> (pn.-zach.) 668 n.p.m. (G\u00f3ry Sanocko-Turcza\u0144skie)<br>40.<strong> S\u0142onny<\/strong> (pd.-wsch.) 668 n.p.m. (G\u00f3ry Sanocko-Turcza\u0144skie)<br>41.<strong> Jaworniki<\/strong> 908 n.p.m. (G\u00f3ry Sanocko-Turcza\u0144skie)<br>42. <strong>Trohaniec<\/strong> 939 n.p.m. (Bieszczady)<br>43. <strong>\u0141opiennik<\/strong> 1069 n.p.m. (Bieszczady)<br>44. <strong>Wo\u0142osa\u0144<\/strong> 1071 n.p.m. (Bieszczady)<br>45. <strong>Wielka Rawka<\/strong> 1307 n.p.m. (Bieszczady)<br>46. <strong>Tarnica <\/strong>1346 n.p.m. (Bieszczady) &#8211; <a href=\"https:\/\/8a.pl\/8academy\/korona-gor-polski-tarnica\/\">Zobacz, jak zdoby\u0107 Tarnic\u0119<\/a><\/p>\n\n\n\n<h3 class=\"wp-block-heading\" id=\"h-sudety-zachodnie\">Sudety Zachodnie<\/h3>\n\n\n\n<p class=\"wp-block-paragraph\">47. <strong>Wysoka Kopa<\/strong> 1126 n.p.m. (G\u00f3ry Izerskie) &#8211; <a href=\"https:\/\/8a.pl\/8academy\/wysoka-kopa-najwyzszy-szczyt-gor-izerskich\/\"><strong>Przeczytaj, jak wej\u015b\u0107 na Wysok\u0105 Kop\u0119.<\/strong><\/a><br>48. <strong>\u015anie\u017cka<\/strong> 1602 n.p.m. (Karkonosze) &#8211; <a href=\"https:\/\/8a.pl\/8academy\/korona-gor-polski-sniezka\/\"><strong>Sprawd\u017a szlaki na \u015anie\u017ck\u0119.<\/strong><\/a><br>49. <strong>Skalny St\u00f3\u0142<\/strong> 1282 n.p.m. (Karkonosze)<br>50. <strong>\u0141ysocina<\/strong> 1188 n.p.m. (Karkonosze)<br>51. <strong>Okole<\/strong> 718 n.p.m. (G\u00f3ry Kaczawskie)<br>52. <strong>Ma\u015blak \u2013 Folwarczna<\/strong> 720 n.p.m. (G\u00f3ry Kaczawskie)<br>53. <strong>Baraniec<\/strong> 720 n.p.m. (G\u00f3ry Kaczawskie)<br>54. <strong>Skopiec<\/strong> 724 n.p.m. (G\u00f3ry Kaczawskie)<br>55. <strong>Por\u0119ba<\/strong> 671 n.p.m. (G\u00f3ry Kaczawskie)<br>56. <strong>Krzy\u017cna G\u00f3ra<\/strong> 654 n.p.m. (Rudawy Janowickie)<br>57.<strong> Skalnik<\/strong> 945 n.p.m. (Rudawy Janowickie)<\/p>\n\n\n\n<h3 class=\"wp-block-heading\" id=\"h-sudety-srodkowe\">Sudety \u015arodkowe<\/h3>\n\n\n\n<p class=\"wp-block-paragraph\">58. <strong>Tr\u00f3jgarb<\/strong> 778 n.p.m. (G\u00f3ry Wa\u0142brzyskie)<br>59. <strong>Che\u0142miec<\/strong> 851 n.p.m. (G\u00f3ry Wa\u0142brzyskie)<br>60. <strong>Borowa<\/strong> 853 n.p.m. (G\u00f3ry Wa\u0142brzyskie)<br>61. <strong>Walig\u00f3ra<\/strong> 936 n.p.m. (G\u00f3ry Kamienne)<br>62. <strong>Lesista Wielka<\/strong> 851 n.p.m. (G\u00f3ry Kamienne)<br>63. <strong>Szeroka<\/strong> 842 n.p.m. (G\u00f3ry Kamienne)<br>64. <strong>Ja\u0144ski Wierch<\/strong> 697 n.p.m. (G\u00f3ry Jastrz\u0119bie)<br>65. <strong>R\u00f3g<\/strong> 715 n.p.m. (G\u00f3ry Sto\u0142owe)<br>66. <strong>Szczeliniec Wielki<\/strong> 919 n.p.m. (G\u00f3ry Sto\u0142owe)<br>67. <strong>Orlica<\/strong> 1084 n.p.m. (G\u00f3ry Orlickie) &#8211; <strong><a href=\"https:\/\/8a.pl\/8academy\/orlica-szlaki-na-szczyt\/\">Tu znajdziesz wi\u0119cej informacji o Orlicy.<\/a><\/strong><br>68. <strong>Jagodna pn<\/strong>. 980 n.p.m. (G\u00f3ry Bystrzyckie) &#8211; <strong><a href=\"https:\/\/8a.pl\/8academy\/jagodna-szlaki-na-najwyzszy-szczyt-gor-bystrzyckich\/\">Zapoznaj si\u0119 ze szlakami na Jagodn\u0105.<\/a><\/strong><br>69.<strong> Jagodna pn.<\/strong> 980 n.p.m. (G\u00f3ry Bystrzyckie)<br>70. <strong>W\u0142odarz<\/strong> 811 n.p.m. (G\u00f3ry Sowie)<br>71.<strong> Wielka Sowa<\/strong> 1015 n.p.m. (G\u00f3ry Sowie) &#8211; <strong><a href=\"https:\/\/8a.pl\/8academy\/wielka-sowa-szlaki-na-najwyzszy-szczyt-gor-sowich\/\">Sprawd\u017a, jak zdoby\u0107 Wielk\u0105 Sow\u0119.<\/a><\/strong><br>72. <strong>Szeroka G\u00f3ra<\/strong> 770 n.p.m. (G\u00f3ry Bardzkie)<br>73. <strong>K\u0142odzka G\u00f3ra<\/strong> 765 n.p.m. (G\u00f3ry Bardzkie)<\/p>\n\n\n\n<h3 class=\"wp-block-heading\" id=\"h-sudety-wschodnie\">Sudety Wschodnie<\/h3>\n\n\n\n<p class=\"wp-block-paragraph\">74. <strong>Kowad\u0142o<\/strong> 989 n.p.m. (G\u00f3ry Z\u0142ote)<br>75. <strong>Postawna<\/strong> 1117 n.p.m. (G\u00f3ry Bialskie)<br>76. <strong>Sucho\u0144<\/strong> 964 n.p.m. (Masyw \u015anie\u017cnika)<br>77. <strong>\u015anie\u017cnik<\/strong> 1424 n.p.m. (Masyw \u015anie\u017cnika) &#8211; <a href=\"https:\/\/8a.pl\/8academy\/korona-gor-polski-snieznik\/\"><strong>Dowiedz si\u0119, jak wej\u015b\u0107 na \u015anie\u017cnik.<\/strong><\/a><br>78. <strong>Biskupia Kopa<\/strong> 890 n.p.m. (G\u00f3ry Opawskie) &#8211; <strong><a href=\"https:\/\/8a.pl\/8academy\/biskupia-kopa-szlaki-na-najwyzszy-szczyt-gor-opawskich\/\">Sprawd\u017a szlaki na Biskupi\u0105 Kop\u0119.<\/a><\/strong><\/p>\n\n\n\n<h3 class=\"wp-block-heading\" id=\"h-przedgorze-sudeckie-i-wyzyna-kielecka\">Przedg\u00f3rze Sudeckie i Wy\u017cyna Kielecka<\/h3>\n\n\n\n<p class=\"wp-block-paragraph\">79. <strong>\u015al\u0119\u017ca<\/strong> 718 m n.p.m. (Masyw \u015al\u0119\u017cy) &#8211; <strong><a href=\"https:\/\/8a.pl\/8academy\/korona-gor-polski-sleza\/\">\u015al\u0119\u017ca poleca si\u0119 na weekend.<\/a><\/strong><br>80. <strong>\u0141ysica<\/strong> 612 m n.p.m. (G\u00f3ry \u015awi\u0119tokrzyskie) &#8211; <strong><a href=\"https:\/\/8a.pl\/8academy\/lysica-szlaki-na-najwyzszy-szczyt-gor-swietokrzyskich\/\">Tu znajdziesz wi\u0119cej informacji o \u0141ysicy.<\/a><\/strong><\/p>\n\n\n\n<p class=\"wp-block-paragraph\"><\/p>\n","protected":false},"excerpt":{"rendered":"<p>Diadem Polskich G\u00f3r daje szans\u0119 naprawd\u0119 pozna\u0107 polskie g\u00f3ry \u2013 w ca\u0142ej ich r\u00f3\u017cnorodno\u015bci. To nie tylko miejsca z poczt\u00f3wek, ale r\u00f3wnie\u017c szlaki, kt\u00f3re prowadz\u0105 przez odludne grzbiety, zaro\u015bni\u0119te \u015bcie\u017cki i mniej popularne, cho\u0107 r\u00f3wnie zjawiskowe punkty widokowe. Je\u015bli Korona G\u00f3r Polski by\u0142a \u015bwietnym pretekstem, \u017ceby ruszy\u0107 w teren i masz ochot\u0119 wyj\u015b\u0107 poza list\u0119 najbardziej oczywistych szczyt\u00f3w Diadem G\u00f3r Polskich to doskona\u0142a propozycja. Brzmi jak plan?<\/p>\n","protected":false},"author":7,"featured_media":77307,"comment_status":"closed","ping_status":"closed","sticky":false,"template":"","format":"standard","meta":{"_acf_changed":false,"_uf_show_specific_survey":0,"_uf_disable_surveys":false,"footnotes":""},"categories":[26070],"tags":[26104,26077,26105],"class_list":["post-77181","post","type-post","status-publish","format-standard","has-post-thumbnail","hentry","category-turystyka-trekking","tag-caloroczne","tag-przewodnik","tag-turystyka"],"acf":[],"yoast_head":"<!-- This site is optimized with the Yoast SEO Premium plugin v23.4 (Yoast SEO v25.5) - https:\/\/yoast.com\/wordpress\/plugins\/seo\/ -->\n<title>Diadem Polskich G\u00f3r, czyli co to w\u0142a\u015bciwie jest? | 8academy.pl<\/title>\n<meta name=\"description\" content=\"Diadem Polskich G\u00f3r czym jest? Odpowiadamy na pytanie, czym r\u00f3\u017cni si\u0119 od Korony G\u00f3r Polski i jakie szczyty wchodz\u0105 w jego sk\u0142ad.\" \/>\n<meta name=\"robots\" content=\"index, follow, max-snippet:-1, max-image-preview:large, max-video-preview:-1\" \/>\n<link rel=\"canonical\" href=\"https:\/\/8a.pl\/8academy\/diadem-gor-polski-czym-wlasciwie-jest\/\" \/>\n<meta property=\"og:locale\" content=\"pl_PL\" \/>\n<meta property=\"og:type\" content=\"article\" \/>\n<meta property=\"og:title\" content=\"Diadem G\u00f3r Polski - czym w\u0142a\u015bciwie jest?\" \/>\n<meta property=\"og:description\" content=\"Diadem Polskich G\u00f3r czym jest? Odpowiadamy na pytanie, czym r\u00f3\u017cni si\u0119 od Korony G\u00f3r Polski i jakie szczyty wchodz\u0105 w jego sk\u0142ad.\" \/>\n<meta property=\"og:url\" content=\"https:\/\/8a.pl\/8academy\/diadem-gor-polski-czym-wlasciwie-jest\/\" \/>\n<meta property=\"og:site_name\" content=\"8academy.pl - portal g\u00f3rski i wspinaczkowy dla aktywnych\" \/>\n<meta property=\"article:publisher\" content=\"https:\/\/pl-pl.facebook.com\/sklep8apl\/\" \/>\n<meta property=\"article:published_time\" content=\"2025-04-09T13:00:00+00:00\" \/>\n<meta property=\"article:modified_time\" content=\"2025-04-16T11:54:55+00:00\" \/>\n<meta property=\"og:image\" content=\"http:\/\/8a.pl\/8academy\/wp-content\/uploads\/2025\/04\/AdobeStock_1069403130-poziom.webp\" \/>\n\t<meta property=\"og:image:width\" content=\"1800\" \/>\n\t<meta property=\"og:image:height\" content=\"1314\" \/>\n\t<meta property=\"og:image:type\" content=\"image\/webp\" \/>\n<meta name=\"author\" content=\"Redakcja 8Academy\" \/>\n<meta name=\"twitter:card\" content=\"summary_large_image\" \/>\n<meta name=\"twitter:label1\" content=\"Napisane przez\" \/>\n\t<meta name=\"twitter:data1\" content=\"Redakcja 8Academy\" \/>\n\t<meta name=\"twitter:label2\" content=\"Szacowany czas czytania\" \/>\n\t<meta name=\"twitter:data2\" content=\"10 minut\" \/>\n<!-- \/ Yoast SEO Premium plugin. -->","yoast_head_json":{"title":"Diadem Polskich G\u00f3r, czyli co to w\u0142a\u015bciwie jest? | 8academy.pl","description":"Diadem Polskich G\u00f3r czym jest? Odpowiadamy na pytanie, czym r\u00f3\u017cni si\u0119 od Korony G\u00f3r Polski i jakie szczyty wchodz\u0105 w jego sk\u0142ad.","robots":{"index":"index","follow":"follow","max-snippet":"max-snippet:-1","max-image-preview":"max-image-preview:large","max-video-preview":"max-video-preview:-1"},"canonical":"https:\/\/8a.pl\/8academy\/diadem-gor-polski-czym-wlasciwie-jest\/","og_locale":"pl_PL","og_type":"article","og_title":"Diadem G\u00f3r Polski - czym w\u0142a\u015bciwie jest?","og_description":"Diadem Polskich G\u00f3r czym jest? Odpowiadamy na pytanie, czym r\u00f3\u017cni si\u0119 od Korony G\u00f3r Polski i jakie szczyty wchodz\u0105 w jego sk\u0142ad.","og_url":"https:\/\/8a.pl\/8academy\/diadem-gor-polski-czym-wlasciwie-jest\/","og_site_name":"8academy.pl - portal g\u00f3rski i wspinaczkowy dla aktywnych","article_publisher":"https:\/\/pl-pl.facebook.com\/sklep8apl\/","article_published_time":"2025-04-09T13:00:00+00:00","article_modified_time":"2025-04-16T11:54:55+00:00","og_image":[{"width":1800,"height":1314,"url":"http:\/\/8a.pl\/8academy\/wp-content\/uploads\/2025\/04\/AdobeStock_1069403130-poziom.webp","type":"image\/webp"}],"author":"Redakcja 8Academy","twitter_card":"summary_large_image","twitter_misc":{"Napisane przez":"Redakcja 8Academy","Szacowany czas czytania":"10 minut"},"schema":{"@context":"https:\/\/schema.org","@graph":[{"@type":"Article","@id":"https:\/\/8a.pl\/8academy\/diadem-gor-polski-czym-wlasciwie-jest\/#article","isPartOf":{"@id":"https:\/\/8a.pl\/8academy\/diadem-gor-polski-czym-wlasciwie-jest\/"},"author":{"name":"Redakcja 8Academy","@id":"https:\/\/8a.pl\/8academy\/#\/schema\/person\/2e392153a51786e6c3d5ede231b5d2a4"},"headline":"Diadem G\u00f3r Polski &#8211; czym w\u0142a\u015bciwie jest?","datePublished":"2025-04-09T13:00:00+00:00","dateModified":"2025-04-16T11:54:55+00:00","mainEntityOfPage":{"@id":"https:\/\/8a.pl\/8academy\/diadem-gor-polski-czym-wlasciwie-jest\/"},"wordCount":1687,"publisher":{"@id":"https:\/\/8a.pl\/8academy\/#organization"},"image":{"@id":"https:\/\/8a.pl\/8academy\/diadem-gor-polski-czym-wlasciwie-jest\/#primaryimage"},"thumbnailUrl":"https:\/\/8a.pl\/8academy\/wp-content\/uploads\/2025\/04\/AdobeStock_1069403130-poziom.webp","keywords":["Ca\u0142oroczne","Przewodnik","Turystyka"],"articleSection":["Turystyka \/ trekking"],"inLanguage":"pl-PL"},{"@type":"WebPage","@id":"https:\/\/8a.pl\/8academy\/diadem-gor-polski-czym-wlasciwie-jest\/","url":"https:\/\/8a.pl\/8academy\/diadem-gor-polski-czym-wlasciwie-jest\/","name":"Diadem Polskich G\u00f3r, czyli co to w\u0142a\u015bciwie jest? | 8academy.pl","isPartOf":{"@id":"https:\/\/8a.pl\/8academy\/#website"},"primaryImageOfPage":{"@id":"https:\/\/8a.pl\/8academy\/diadem-gor-polski-czym-wlasciwie-jest\/#primaryimage"},"image":{"@id":"https:\/\/8a.pl\/8academy\/diadem-gor-polski-czym-wlasciwie-jest\/#primaryimage"},"thumbnailUrl":"https:\/\/8a.pl\/8academy\/wp-content\/uploads\/2025\/04\/AdobeStock_1069403130-poziom.webp","datePublished":"2025-04-09T13:00:00+00:00","dateModified":"2025-04-16T11:54:55+00:00","description":"Diadem Polskich G\u00f3r czym jest? Odpowiadamy na pytanie, czym r\u00f3\u017cni si\u0119 od Korony G\u00f3r Polski i jakie szczyty wchodz\u0105 w jego sk\u0142ad.","breadcrumb":{"@id":"https:\/\/8a.pl\/8academy\/diadem-gor-polski-czym-wlasciwie-jest\/#breadcrumb"},"inLanguage":"pl-PL","potentialAction":[{"@type":"ReadAction","target":["https:\/\/8a.pl\/8academy\/diadem-gor-polski-czym-wlasciwie-jest\/"]}]},{"@type":"ImageObject","inLanguage":"pl-PL","@id":"https:\/\/8a.pl\/8academy\/diadem-gor-polski-czym-wlasciwie-jest\/#primaryimage","url":"https:\/\/8a.pl\/8academy\/wp-content\/uploads\/2025\/04\/AdobeStock_1069403130-poziom.webp","contentUrl":"https:\/\/8a.pl\/8academy\/wp-content\/uploads\/2025\/04\/AdobeStock_1069403130-poziom.webp","width":1800,"height":1314,"caption":"(fot. Adobe Stock)"},{"@type":"BreadcrumbList","@id":"https:\/\/8a.pl\/8academy\/diadem-gor-polski-czym-wlasciwie-jest\/#breadcrumb","itemListElement":[{"@type":"ListItem","position":1,"name":"Strona g\u0142\u00f3wna","item":"https:\/\/8a.pl\/8academy\/"},{"@type":"ListItem","position":2,"name":"Diadem G\u00f3r Polski &#8211; czym w\u0142a\u015bciwie jest?"}]},{"@type":"WebSite","@id":"https:\/\/8a.pl\/8academy\/#website","url":"https:\/\/8a.pl\/8academy\/","name":"8academy.pl - portal g\u00f3rski i wspinaczkowy dla aktywnych","description":"8academy to portal g\u00f3rski o wspinaczce, trekkingu i skiturach. Znajdziesz tu porady, testy sprz\u0119tu i opisy najlepszych rejon\u00f3w. Inspirujemy zdobywc\u00f3w!","publisher":{"@id":"https:\/\/8a.pl\/8academy\/#organization"},"potentialAction":[{"@type":"SearchAction","target":{"@type":"EntryPoint","urlTemplate":"https:\/\/8a.pl\/8academy\/?s={search_term_string}"},"query-input":{"@type":"PropertyValueSpecification","valueRequired":true,"valueName":"search_term_string"}}],"inLanguage":"pl-PL"},{"@type":"Organization","@id":"https:\/\/8a.pl\/8academy\/#organization","name":"8academy.pl - portal g\u00f3rski i wspinaczkowy dla aktywnych","url":"https:\/\/8a.pl\/8academy\/","logo":{"@type":"ImageObject","inLanguage":"pl-PL","@id":"https:\/\/8a.pl\/8academy\/#\/schema\/logo\/image\/","url":"https:\/\/8a.pl\/8academy\/wp-content\/uploads\/2015\/11\/logo.png","contentUrl":"https:\/\/8a.pl\/8academy\/wp-content\/uploads\/2015\/11\/logo.png","width":438,"height":315,"caption":"8academy.pl - portal g\u00f3rski i wspinaczkowy dla aktywnych"},"image":{"@id":"https:\/\/8a.pl\/8academy\/#\/schema\/logo\/image\/"},"sameAs":["https:\/\/pl-pl.facebook.com\/sklep8apl\/","https:\/\/www.instagram.com\/8apl\/"]},{"@type":"Person","@id":"https:\/\/8a.pl\/8academy\/#\/schema\/person\/2e392153a51786e6c3d5ede231b5d2a4","name":"Redakcja 8Academy","image":{"@type":"ImageObject","inLanguage":"pl-PL","@id":"https:\/\/8a.pl\/8academy\/#\/schema\/person\/image\/","url":"https:\/\/8a.pl\/8academy\/wp-content\/uploads\/2017\/10\/logo_obrobione_2_150_59ICJ.jpg","contentUrl":"https:\/\/8a.pl\/8academy\/wp-content\/uploads\/2017\/10\/logo_obrobione_2_150_59ICJ.jpg","caption":"Redakcja 8Academy"},"url":"https:\/\/8a.pl\/8academy\/author\/redakcja\/"}]}},"_links":{"self":[{"href":"https:\/\/8a.pl\/8academy\/wp-json\/wp\/v2\/posts\/77181","targetHints":{"allow":["GET"]}}],"collection":[{"href":"https:\/\/8a.pl\/8academy\/wp-json\/wp\/v2\/posts"}],"about":[{"href":"https:\/\/8a.pl\/8academy\/wp-json\/wp\/v2\/types\/post"}],"author":[{"embeddable":true,"href":"https:\/\/8a.pl\/8academy\/wp-json\/wp\/v2\/users\/7"}],"replies":[{"embeddable":true,"href":"https:\/\/8a.pl\/8academy\/wp-json\/wp\/v2\/comments?post=77181"}],"version-history":[{"count":32,"href":"https:\/\/8a.pl\/8academy\/wp-json\/wp\/v2\/posts\/77181\/revisions"}],"predecessor-version":[{"id":77513,"href":"https:\/\/8a.pl\/8academy\/wp-json\/wp\/v2\/posts\/77181\/revisions\/77513"}],"wp:featuredmedia":[{"embeddable":true,"href":"https:\/\/8a.pl\/8academy\/wp-json\/wp\/v2\/media\/77307"}],"wp:attachment":[{"href":"https:\/\/8a.pl\/8academy\/wp-json\/wp\/v2\/media?parent=77181"}],"wp:term":[{"taxonomy":"category","embeddable":true,"href":"https:\/\/8a.pl\/8academy\/wp-json\/wp\/v2\/categories?post=77181"},{"taxonomy":"post_tag","embeddable":true,"href":"https:\/\/8a.pl\/8academy\/wp-json\/wp\/v2\/tags?post=77181"}],"curies":[{"name":"wp","href":"https:\/\/api.w.org\/{rel}","templated":true}]}}