{"id":75788,"date":"2025-02-19T12:54:28","date_gmt":"2025-02-19T11:54:28","guid":{"rendered":"https:\/\/8a.pl\/8academy\/?p=75788"},"modified":"2025-02-19T12:54:28","modified_gmt":"2025-02-19T11:54:28","slug":"cztery-lapy-cztery-lapy-czyli-w-gory-z-psem","status":"publish","type":"post","link":"https:\/\/8a.pl\/8academy\/cztery-lapy-cztery-lapy-czyli-w-gory-z-psem\/","title":{"rendered":"Gdzie jecha\u0107 w g\u00f3ry z psem"},"content":{"rendered":"\n<p class=\"wp-block-paragraph\">&#8220;Jak to&#8230; beze mnie idziesz?&#8221; Zapewne ka\u017cdy kto ma psa dobrze zna ten b\u0142agaj\u0105cy wzrok zwierz\u0119cia stoj\u0105cego w drzwiach gdy wychodzisz bez niego. &#8220;Ale we\u017a mnie, we\u017a mnie ze sob\u0105!&#8221; Zw\u0142aszcza, \u017ce idziesz w g\u00f3ry! No w\u0142a\u015bnie, dlaczego mieliby\u015bmy w g\u00f3ry i\u015b\u0107 bez psa? Wiele os\u00f3b uwa\u017ca, \u017ce pies to na g\u00f3rskiej w\u0119dr\u00f3wce ograniczenie, a jego obecno\u015b\u0107 mo\u017ce wr\u0119cz powodowa\u0107 jakie\u015b zagro\u017cenie. Nic bardziej mylnego. Pies to najlepszy przyjaciel cz\u0142owieka nie tylko na nizinach, ale r\u00f3wnie\u017c w g\u00f3rach. W\u0119dr\u00f3wka w g\u00f3ry z psem u boku po dziewiczych zboczach, graniach czy lasach to przecie\u017c czysta frajda zar\u00f3wno dla nas jak i dla zwierz\u0119cia. Ogromne przestrzenie, \u015bwie\u017ce g\u00f3rskie powietrze, naturalna flora i fauna i miliony zapach\u00f3w. Brzmi jak psi raj? Owszem.<\/p>\n\n\n\n<p class=\"wp-block-paragraph\">Niemniej, nie wszystkie rejony g\u00f3rskie s\u0105 dost\u0119pne dla ps\u00f3w i trzeba to wzi\u0105\u0107 pod uwag\u0119. Zanim zatem ruszymy z psem w g\u00f3ry warto zapozna\u0107 si\u0119 z obowi\u0105zuj\u0105cym prawem, pozna\u0107 podstawowe zasady poruszania si\u0119 po g\u00f3rskich, a przede wszystkim, wiedzie\u0107 gdzie mo\u017cemy si\u0119 wybra\u0107.<\/p>\n\n\n\n<p class=\"wp-block-paragraph\"><strong>Przeczytaj te\u017c:<\/strong><\/p>\n\n\n\n<ul class=\"wp-block-list\">\n<li><a href=\"https:\/\/8a.pl\/8academy\/dogtrekking-czyli-wycieczki-z-psem-ze-sportowym-zacieciem\/\"><strong>Dogtrekking, czyli wycieczki z psem ze sportowym zaci\u0119ciem<\/strong><\/a><\/li>\n<\/ul>\n\n\n\n<hr class=\"wp-block-separator has-text-color has-cyan-bluish-gray-color has-alpha-channel-opacity has-cyan-bluish-gray-background-color has-background\"\/>\n\n\n\n<p class=\"wp-block-paragraph\"><\/p>\n\n\n<div class=\"wp-block-image\">\n<figure class=\"aligncenter size-full\"><img fetchpriority=\"high\" decoding=\"async\" width=\"600\" height=\"900\" src=\"https:\/\/8a.pl\/8academy\/wp-content\/uploads\/2022\/07\/DSC3158.jpg\" alt=\"Dla w\u0142a\u015bcicieli czworonog\u00f3w, chodzenie w g\u00f3ry z psem jest najzupe\u0142niej naturalne, bo jak nie zabra\u0107 ze sob\u0105 najlepszego przyjaciela?\" class=\"wp-image-59571\" srcset=\"https:\/\/8a.pl\/8academy\/wp-content\/uploads\/2022\/07\/DSC3158.jpg 600w, https:\/\/8a.pl\/8academy\/wp-content\/uploads\/2022\/07\/DSC3158-200x300.jpg 200w\" sizes=\"(max-width: 600px) 100vw, 600px\" \/><figcaption class=\"wp-element-caption\">Dla w\u0142a\u015bcicieli czworonog\u00f3w, chodzenie w g\u00f3ry z psem jest najzupe\u0142niej naturalne, bo jak nie zabra\u0107 ze sob\u0105 najlepszego przyjaciela? (fot. Joanna Kapinos)<\/figcaption><\/figure>\n<\/div>\n\n\n<h2 class=\"wp-block-heading\" id=\"h-pies-w-gorach-przepisy-prawne\">Pies w g\u00f3rach \u2013 przepisy prawne<\/h2>\n\n\n\n<p class=\"wp-block-paragraph\">Przed wyruszeniem w g\u00f3ry z psem trzeba mie\u0107 \u015bwiadomo\u015b\u0107, \u017ce dotycz\u0105 nas w\u00f3wczas szczeg\u00f3\u0142owe przepisy prawa. Obecno\u015b\u0107 ps\u00f3w w niekt\u00f3rych rejonach g\u00f3r reguluje ustawa z&nbsp;16&nbsp;kwietnia 2004 r.&nbsp;o&nbsp;ochronie przyrody. Dla chc\u0105cych w\u0119drowa\u0107 z czworonogiem po g\u00f3rskich szlakach istotne s\u0105  umieszczone w niej przepisy dotycz\u0105ce park\u00f3w narodowych. W Polsce mamy 23 takie obszary chronione, a a\u017c 10 z nich po\u0142o\u017conych jest w g\u00f3rach. W artykule 15 tej ustawy czytamy: <em>&#8220;W parkach narodowych oraz w rezerwatach przyrody zabrania si\u0119 wprowadzania ps\u00f3w na obszary obj\u0119te ochron\u0105 \u015bcis\u0142\u0105 i czynn\u0105, z wyj\u0105tkiem miejsc wyznaczonych w planie ochrony oraz ps\u00f3w pasterskich wprowadzanych na obszary obj\u0119te ochron\u0105 czynn\u0105, na kt\u00f3rych plan ochrony albo zadania ochronne dopuszczaj\u0105 wypas.&#8221;<\/em> Jak to cz\u0119sto bywa z prawnymi regulacjami, ten przepis jest do\u015b\u0107 nieprecyzyjny i de facto pozostawia decyzj\u0119 w r\u0119kach dyrekcji poszczeg\u00f3lnych park\u00f3w narodowych.<\/p>\n\n\n\n<p class=\"wp-block-paragraph\">Powod\u00f3w takich ogranicze\u0144 jest wiele. Dyrekcje park\u00f3w zwracaj\u0105 uwag\u0119 przede wszystkim na to, \u017ce psy wprowadzaj\u0105 do rezerwat\u00f3w obce zapachy, wirusy i bakterie znajduj\u0105ce si\u0119 w ich odchodach i moczu. Drobnoustroje, kt\u00f3re s\u0105 niegro\u017ane dla zwierz\u0105t domowych obj\u0119tych szczepieniami, mog\u0105 by\u0107 \u015bmiertelnym zagro\u017ceniem dla dzikiej fauny. Co wi\u0119cej, obce zapachy mog\u0105 zaburza\u0107 migracje i zachowania zwierz\u0105t terytorialnych. Ha\u0142as, kt\u00f3ry powoduje szczekaj\u0105cy pies mo\u017ce p\u0142oszy\u0107 zwierz\u0119ta a nawet zaburza\u0107 ich rozr\u00f3d.<\/p>\n\n\n\n<p class=\"wp-block-paragraph\"><\/p>\n\n\n<div class=\"wp-block-image\">\n<figure class=\"aligncenter size-full\"><img decoding=\"async\" width=\"600\" height=\"900\" src=\"https:\/\/8a.pl\/8academy\/wp-content\/uploads\/2025\/02\/andrew-spencer-1_tk2XEFEiE-unsplash.jpg\" alt=\"Zakazy dotycz\u0105ce chodzenia z psem w g\u00f3ry nie s\u0105 tak dokuczliwe jak si\u0119 pocz\u0105tkowo mo\u017ce wydawa\u0107. Szlak\u00f3w, kt\u00f3re s\u0105 dost\u0119pne wystarczy na wiele lat chodzenia.\" class=\"wp-image-75800\" srcset=\"https:\/\/8a.pl\/8academy\/wp-content\/uploads\/2025\/02\/andrew-spencer-1_tk2XEFEiE-unsplash.jpg 600w, https:\/\/8a.pl\/8academy\/wp-content\/uploads\/2025\/02\/andrew-spencer-1_tk2XEFEiE-unsplash-200x300.jpg 200w\" sizes=\"(max-width: 600px) 100vw, 600px\" \/><figcaption class=\"wp-element-caption\">Zakazy dotycz\u0105ce chodzenia z psem w g\u00f3ry nie s\u0105 tak dokuczliwe jak si\u0119 pocz\u0105tkowo mo\u017ce wydawa\u0107. Szlak\u00f3w, kt\u00f3re s\u0105 dost\u0119pne wystarczy na wiele lat chodzenia. (fot. Unsplash)<\/figcaption><\/figure>\n<\/div>\n\n\n<p class=\"wp-block-paragraph\">Ograniczenia dotycz\u0105 nie tylko park\u00f3w narodowych. W ustawie obok park\u00f3w narodowych wymienione s\u0105 rezerwaty przyrody. Wi\u0119kszo\u015b\u0107 takich obszar\u00f3w znajduje si\u0119 poza granicami park\u00f3w narodowych i do nich r\u00f3wnie\u017c nie wolno wchodzi\u0107 z psem. Niezwykle rzadko jest to kontrolowane i przypadki, w kt\u00f3rych kogo\u015b z tego powodu spotka\u0142y jakiekolwiek nieprzyjemno\u015bci s\u0105 raczej anegdotyczne ni\u017c powszechne. M\u00f3wi\u0105c wprost &#8211; wi\u0119kszo\u015b\u0107 turyst\u00f3w nic sobie z tego zakazu nie robi i id\u0105c z psem w g\u00f3ry nie omija rezerwat\u00f3w. Nietrudno jednak w\u0119drowa\u0107 z psem tak, \u017ceby do rezerwat\u00f3w nie wchodzi\u0107, do czego was namawiamy.<\/p>\n\n\n\n<h2 class=\"wp-block-heading\" id=\"h-gdzie-z-psem-wolno-chodzic-w-gorach\">Gdzie z psem wolno chodzi\u0107 w g\u00f3rach<\/h2>\n\n\n\n<p class=\"wp-block-paragraph\">Na pierwszy rzut oka mog\u0142oby si\u0119 wydawa\u0107, \u017ce legalnie z psem i\u015b\u0107 w g\u00f3ry si\u0119 nie da. Tu park narodowy, tam rezerwat. Ograniczenia i zakazy nie s\u0105 jednak a\u017c tak kr\u0119puj\u0105ce jak jawi si\u0119 to na pierwszy rzut oka. Poza obszarem park\u00f3w narodowych i rezerwat\u00f3w z psem mo\u017cna bowiem swobodnie spacerowa\u0107 prawie wsz\u0119dzie. <\/p>\n\n\n\n<p class=\"wp-block-paragraph\">Jest jeszcze lepiej. Jak zaznaczyli\u015bmy, przepisy daj\u0105 parkom narodowym spor\u0105 swobod\u0119 w okre\u015blaniu obszar\u00f3w otwartych dla ps\u00f3w. Do wielu park\u00f3w narodowych mo\u017cna wej\u015b\u0107 z psem na konkretne fragmenty szlak\u00f3w, a s\u0105 i takie gdzie ograniczenia s\u0105 naprawd\u0119 niewielkie.<\/p>\n\n\n\n<p class=\"wp-block-paragraph\"><\/p>\n\n\n<div class=\"wp-block-image\">\n<figure class=\"aligncenter size-full\"><img decoding=\"async\" width=\"600\" height=\"900\" src=\"https:\/\/8a.pl\/8academy\/wp-content\/uploads\/2022\/07\/DSC3181.jpg\" alt=\"Przed wycieczk\u0105 w g\u00f3ry z psem trzeba zastanowi\u0107 si\u0119 nad wyborem odpowiedniego szlaku i sprawdzi\u0107 lokalne przepisy.\" class=\"wp-image-59572\" srcset=\"https:\/\/8a.pl\/8academy\/wp-content\/uploads\/2022\/07\/DSC3181.jpg 600w, https:\/\/8a.pl\/8academy\/wp-content\/uploads\/2022\/07\/DSC3181-200x300.jpg 200w\" sizes=\"(max-width: 600px) 100vw, 600px\" \/><figcaption class=\"wp-element-caption\">Przed wycieczk\u0105 w g\u00f3ry z psem trzeba zastanowi\u0107 si\u0119 nad wyborem odpowiedniego szlaku i sprawdzi\u0107 lokalne przepisy. (fot. Joanna Kapinos)<\/figcaption><\/figure>\n<\/div>\n\n\n<h2 class=\"wp-block-heading\" id=\"h-gdzie-w-gory-z-psem\">Gdzie w g\u00f3ry z psem?<\/h2>\n\n\n\n<p class=\"wp-block-paragraph\">Gdzie zatem mo\u017cemy nie nara\u017caj\u0105c si\u0119 na mandat i nie \u0142ami\u0105c prawa zabra\u0107 swojego &#8220;Reksia&#8221; a gdzie nie? Przyjrzyjmy si\u0119 temu jak wygl\u0105da to w poszczeg\u00f3lnych parkach narodowych po\u0142o\u017conych w polskich g\u00f3rach. Warto wspomnie\u0107, \u017ce poni\u017cszymi zakazami nie s\u0105 obj\u0119te psy asystuj\u0105ce. Musz\u0105 oczywi\u015bcie posiada\u0107 certyfikat szkolenia, a na uprz\u0119\u017cy powinno znale\u017a\u0107 si\u0119 czytelne oznaczenie &#8220;Pies asystuj\u0105cy&#8221;. Dzi\u0119ki temu jednak ich opiekunowie mog\u0105 bez przeszk\u00f3d, ale w granicach zdrowego rozs\u0105dku, chodzi\u0107 z psem asystuj\u0105cym w g\u00f3ry.<\/p>\n\n\n\n<h3 class=\"wp-block-heading\" id=\"h-babiogorski-park-narodowy-z-psem\">Babiog\u00f3rski Park Narodowy z psem<\/h3>\n\n\n\n<p class=\"wp-block-paragraph\">W obejmuj\u0105cym masyw Babiej G\u00f3ry w Beskidzie \u017bywieckim parku obowi\u0105zuje ca\u0142kowity zakaz wst\u0119pu z psami.&nbsp;Na spacer z psiakiem mo\u017cna si\u0119 jednak wybra\u0107 na \u015bcie\u017cce krajobrazowej \u201cMokry Kozub\u201d. Mo\u017cliwa jest te\u017c w\u0119dr\u00f3wka szlakiem Diablak &#8211; Prze\u0142\u0119cz Brona &#8211; Ma\u0142a Babia. Ten szlak prowadzi granic\u0105 parku, ale dosta\u0107 si\u0119 na niego z psem trzeba od s\u0142owackiej strony. <\/p>\n\n\n\n<p class=\"wp-block-paragraph\">Skoro o tym mowa, to trzeba pami\u0119ta\u0107, \u017ce najwy\u017cszy punkt w masywie znajduje si\u0119 ca\u0142kowicie po polskiej stronie granicy. To oznacza, \u017ce &#8211; przynajmniej w teorii &#8211; jest obj\u0119ty zakazem, bo le\u017cy na terenie parku narodowego. Je\u015bli wchodzimy z psem na szczyt g\u00f3ry od po\u0142udnia i nie wybieramy si\u0119 w g\u0142\u0105b parku (do schroniska albo na prze\u0142\u0119cz Krowiarki), mo\u017cna zwykle liczy\u0107 na to, \u017ce stra\u017cnicy b\u0119d\u0105 \u0142askawi.<\/p>\n\n\n\n<h3 class=\"wp-block-heading\" id=\"h-bieszczadzki-park-narodowy-z-psem\">Bieszczadzki Park Narodowy z psem<\/h3>\n\n\n\n<p class=\"wp-block-paragraph\">W Bieszczadzkim Parku Narodowym zakaz wst\u0119pu z psami obejmuje niemal ca\u0142y jego obszar. Nie wejdziemy z psem na Tarnic\u0119 czy na obie po\u0142oniny. Z psami mo\u017cna wej\u015b\u0107 jedynie na szlaki turystyczne z Nasicznego do Bere\u017cek przez Przys\u0142up Cary\u0144ski i na szlak z Prze\u0142\u0119czy Wy\u017cnia\u0144skiej do schroniska pod Ma\u0142\u0105 Rawk\u0105. Otwarta do w\u0119dr\u00f3wki z psem jest r\u00f3wnie\u017c kr\u00f3tka \u015bcie\u017cka z Tarnawy Ni\u017cnej do D\u017awiniacza G\u00f3rnego, na terenie przygranicznej eksklawy parku.<\/p>\n\n\n\n<p class=\"wp-block-paragraph\">Bieszczady s\u0105 jednak na tyle rozleg\u0142e, \u017ce nadal sporo jest miejsc gdzie mo\u017cna bez przeszk\u00f3d w\u0119drowa\u0107 z psem nie wchodz\u0105c na teren parku. Ma\u0142o tego &#8211; takie w\u0119dr\u00f3wki maj\u0105 spor\u0105 zalet\u0119. Szlaki po\u0142o\u017cone poza parkiem, omijaj\u0105ce jego najwi\u0119ksze atrakcje s\u0105, nawet w sezonie, puste. To w\u0142a\u015bnie tam mo\u017cecie zasmakowa\u0107 prawdziwie bieszczadzkiej dziko\u015bci i samotno\u015bci.<\/p>\n\n\n\n<p class=\"wp-block-paragraph\"><\/p>\n\n\n<div class=\"wp-block-image\">\n<figure class=\"aligncenter size-full\"><img loading=\"lazy\" decoding=\"async\" width=\"600\" height=\"900\" src=\"https:\/\/8a.pl\/8academy\/wp-content\/uploads\/2025\/02\/fizan_274104032_4793753074077961_2527570186383015921_n-1.jpg\" alt=\"Z psem w g\u00f3ry mo\u017cna wybra\u0107 si\u0119 tak\u017ce zim\u0105. Dla niekt\u00f3rych ras \u015bnieg i mr\u00f3z nie jest \u017cadn\u0105 przeszkod\u0105.\" class=\"wp-image-75803\" srcset=\"https:\/\/8a.pl\/8academy\/wp-content\/uploads\/2025\/02\/fizan_274104032_4793753074077961_2527570186383015921_n-1.jpg 600w, https:\/\/8a.pl\/8academy\/wp-content\/uploads\/2025\/02\/fizan_274104032_4793753074077961_2527570186383015921_n-1-200x300.jpg 200w\" sizes=\"(max-width: 600px) 100vw, 600px\" \/><figcaption class=\"wp-element-caption\">Z psem w g\u00f3ry mo\u017cna wybra\u0107 si\u0119 tak\u017ce zim\u0105. Dla niekt\u00f3rych ras \u015bnieg i mr\u00f3z nie jest \u017cadn\u0105 przeszkod\u0105. (fot. Fizan)<\/figcaption><\/figure>\n<\/div>\n\n\n<h3 class=\"wp-block-heading\" id=\"h-gorczanski-park-narodowy-z-psem\">Gorcza\u0144ski Park Narodowy z psem<\/h3>\n\n\n\n<p class=\"wp-block-paragraph\">W Gorcza\u0144skim Parku Narodowym obowi\u0105zuje zakaz wst\u0119pu z psami, ale &#8211; podobnie jak w innych parkach &#8211; jest kilka wyj\u0105tk\u00f3w. Mo\u017cna porusza\u0107 si\u0119 szlakami, biegn\u0105cymi cz\u0119\u015bciowo granic\u0105 parku. Otwarte s\u0105 wi\u0119c wszystkie szlaki prowadz\u0105c do schroniska na Starych Wierchach i czerwony szlak prowadz\u0105cy stamt\u0105d na Turbacz. <\/p>\n\n\n\n<p class=\"wp-block-paragraph\">Na najwy\u017cszy szczyt Gorc\u00f3w, mo\u017cna r\u00f3wnie\u017c wej\u015b\u0107 z psem z Koninek. Przebiegaj\u0105cy przez teren parku zielony szlak Koninki &#8211; Tobo\u0142\u00f3w &#8211; Obidowiec nie jest obj\u0119ty zakazem. Warto zaznaczy\u0107 te\u017c, \u017ce zar\u00f3wno Schronisko pod Turbaczem jak i sam szczyt, le\u017c\u0105 poza granicami parku.<\/p>\n\n\n\n<h3 class=\"wp-block-heading\" id=\"h-karkonoski-park-narodowy-z-psem\">Karkonoski Park Narodowy z psem<\/h3>\n\n\n\n<p class=\"wp-block-paragraph\">Karkonosze to g\u00f3ry, gdzie mo\u017cna wyj\u0105tkowo swobodnie w\u0119drowa\u0107 z psem. Karkonoski Park Narodowy ma bowiem do tego wyj\u0105tkowo liberalne podej\u015bcie. Otwartych dla czworonog\u00f3w szlak\u00f3w jest w Karkonoszach tyle, \u017ce na stronie KPN wyliczone s\u0105 te zamkni\u0119te dla ps\u00f3w, a nie jak w przypadku innych park\u00f3w nieliczne wyj\u0105tki. Z ponad 130 kilometr\u00f3w szlak\u00f3w, zakazem obj\u0119te jest niewiele ponad 30.<\/p>\n\n\n\n<p class=\"wp-block-paragraph\">Najcz\u0119\u015bciej zadawanym pytaniem jest oczywi\u015bcie to, czy mo\u017cna wej\u015b\u0107 z psem na \u015anie\u017ck\u0119. Ot\u00f3\u017c oczywi\u015bcie mo\u017cna, i to zar\u00f3wno od&nbsp;polskiej, jak i&nbsp;od czeskiej strony. Warto jednak pami\u0119ta\u0107 o&nbsp;tym, \u017ce zamkni\u0119ty dla w\u0119dr\u00f3wek z psem jest fragment czerwonego szlaku przez Kocio\u0142 \u0141omniczki &#8211; &nbsp;od schroniska Nad \u0141omniczk\u0105 do Domu \u015al\u0105skiego.<\/p>\n\n\n\n<h3 class=\"wp-block-heading\" id=\"h-magurski-park-narodowy-z-psem\">Magurski Park Narodowy z psem<\/h3>\n\n\n\n<p class=\"wp-block-paragraph\">W parku obejmuj\u0105cym spory obszar Beskidu Niskiego sytuacja jest cokolwiek niejednoznaczna. Na swojej stronie park powo\u0142uje si\u0119 wprost na ustawowy zakaz sugeruj\u0105c, \u017ce dotyczy on ca\u0142ego obszaru parku. Jednak to gdzie wolno, a gdzie nie wolno i\u015b\u0107 w g\u00f3ry na terenie parku z psem powinno by\u0107 okre\u015blone w opracowanym przez park planie ochrony, a ten &#8211; jak na razie &#8211; nie istnieje. W teorii wi\u0119c zakaz obowi\u0105zuje na ca\u0142ym terenie parku, a w praktyce jego interpretacja zale\u017cy od parkowych stra\u017cnik\u00f3w.<\/p>\n\n\n\n<h3 class=\"wp-block-heading\" id=\"h-ojcowski-park-narodowy-z-psem\">Ojcowski Park Narodowy z psem<\/h3>\n\n\n\n<p class=\"wp-block-paragraph\">Najmniejszy park narodowy w Polsce ma naj\u0142agodniejsze w tej kwestii przepisy. W skr\u00f3cie &#8211; na jego terenie mo\u017cna porusza\u0107 si\u0119 z psem bez ogranicze\u0144. Jura Krakowsko-Cz\u0119stochowska to co prawda nie g\u00f3ry, ale z pewno\u015bci\u0105 jest doskona\u0142ym miejscem na w\u0119dr\u00f3wki z psem. <\/p>\n\n\n\n<p class=\"wp-block-paragraph\"><\/p>\n\n\n<div class=\"wp-block-image\">\n<figure class=\"aligncenter size-full\"><img loading=\"lazy\" decoding=\"async\" width=\"600\" height=\"900\" src=\"https:\/\/8a.pl\/8academy\/wp-content\/uploads\/2025\/02\/Web_JPG-20402-Bivy-Bowl-Nate-Winston-PRINT-9_sm.jpg\" alt=\"Miska i zapas jedzenia oraz wody to w przypadku wyj\u015b\u0107 w g\u00f3ry z psem wyposa\u017cenie obowi\u0105zkowe.\" class=\"wp-image-75804\" srcset=\"https:\/\/8a.pl\/8academy\/wp-content\/uploads\/2025\/02\/Web_JPG-20402-Bivy-Bowl-Nate-Winston-PRINT-9_sm.jpg 600w, https:\/\/8a.pl\/8academy\/wp-content\/uploads\/2025\/02\/Web_JPG-20402-Bivy-Bowl-Nate-Winston-PRINT-9_sm-200x300.jpg 200w\" sizes=\"(max-width: 600px) 100vw, 600px\" \/><figcaption class=\"wp-element-caption\">Miska i zapas jedzenia oraz wody to w przypadku wyj\u015b\u0107 w g\u00f3ry z psem wyposa\u017cenie obowi\u0105zkowe. (fot. Ruffwear)<\/figcaption><\/figure>\n<\/div>\n\n\n<h3 class=\"wp-block-heading\" id=\"h-park-narodowy-gor-stolowych-z-psem\">Park Narodowy G\u00f3r Sto\u0142owych z psem<\/h3>\n\n\n\n<p class=\"wp-block-paragraph\">Do niedawna jeszcze G\u00f3ry Sto\u0142owe nie by\u0142y obj\u0119te \u017cadnymi zakazami je\u015bli chodzi o wchodzenie na szlaki z czworonogami. Obecnie pojawi\u0142y si\u0119 zakazy, jednak dotycz\u0105 wy\u0142\u0105cznie tras turystycznych w B\u0142\u0119dnych Ska\u0142ach i na Szczeli\u0144cu Wielkim. W tym drugim wypadku mo\u017cna jednak bez przeszk\u00f3d wchodzi\u0107 z psem a\u017c do schroniska. Dla chc\u0105cych zdoby\u0107 Koron\u0119 G\u00f3r Polski wa\u017cn\u0105 informacj\u0105 jest to, \u017ce piecz\u0105tk\u0119 znajdziecie w\u0142a\u015bnie w schronisku.<\/p>\n\n\n\n<h3 class=\"wp-block-heading\" id=\"h-pieninski-park-narodowy-z-psem\">Pieni\u0144ski Park Narodowy z psem<\/h3>\n\n\n\n<p class=\"wp-block-paragraph\">Niewiele wi\u0119kszy od Ojcowskiego Parku Narodowego, park w Pieninach ma dok\u0142adnie przeciwne podej\u015bcie do wpuszczania ps\u00f3w na szlaki na swoim terenie. Obowi\u0105zuje tu ca\u0142kowity zakaz wst\u0119pu z psami i w parkowym planie ochrony nie ma od niego \u017cadnych wyj\u0105tk\u00f3w. <\/p>\n\n\n\n<p class=\"wp-block-paragraph\">Nie mo\u017cna wi\u0119c wej\u015b\u0107 na Sokolic\u0119 albo na Trzy Korony, ale mo\u017cna podziwia\u0107 pieni\u0144ski krajobraz w\u0119druj\u0105c \u015bcie\u017ck\u0105 wzd\u0142u\u017c prze\u0142omu Dunajca. Prowadz\u0105ca nad brzegiem trasa z Czerwonego Klasztoru do schroniska PTTK Orlica w Szczawnicy le\u017cy niemal w ca\u0142o\u015bci poza granicami parku narodowego.<\/p>\n\n\n\n<h3 class=\"wp-block-heading\" id=\"h-swietokrzyski-park-narodowy-z-psem\">\u015awi\u0119tokrzyski Park Narodowy z psem<\/h3>\n\n\n\n<p class=\"wp-block-paragraph\">G\u00f3ry \u015awi\u0119tokrzyskie to kolejny obszar, gdzie w\u0119dr\u00f3wki z psem s\u0105 raczej wykluczone. Nie mo\u017cna wchodzi\u0107 bowiem na teren parku z czworonogiem poza fragmentem szlaku czerwonego Huta Szklana &#8211; \u0141ysa G\u00f3ra, wiod\u0105cym wzd\u0142u\u017c asfaltowej drogi.<\/p>\n\n\n\n<p class=\"wp-block-paragraph\">Nie ma natomiast przeszk\u00f3d, \u017ceby z psem odwiedzi\u0107 le\u017c\u0105cy w G\u00f3rach \u015awi\u0119tokrzyskich Jeleniowski Park Krajobrazowy. Czerwony szlak przez niego przechodz\u0105cy jest r\u00f3wnie uroczy, a najwy\u017csze wzniesienie na nim, maj\u0105cy 554 m n.p.m. Szczytniak tylko niewiele ust\u0119puje \u0141ysicy i Skale Agaty.<\/p>\n\n\n\n<h3 class=\"wp-block-heading\" id=\"h-tatrzanski-park-narodowy-z-psem\">Tatrza\u0144ski Park Narodowy z psem<\/h3>\n\n\n\n<p class=\"wp-block-paragraph\">Na koniec zostawili\u015bmy miejsce, do kt\u00f3rego ci\u0105gnie najwi\u0119cej turyst\u00f3w &#8211; Tatrza\u0144ski Park Narodowy. Najwy\u017csze g\u00f3ry w Polsce by\u0142yby zapewne ulubionym celem waszych w\u0119dr\u00f3wek z psem, ale &#8211; jak zapewne wiecie &#8211; zakaz obejmuje niemal ca\u0142y teren parku. Z psem mo\u017cna wybra\u0107 si\u0119 w Tatry jedynie na Drog\u0119 pod Reglami\u00a0(biegn\u0105c\u0105 granic\u0105 parku) i na sze\u015bciokilometrowy zielony szlak od granicy parku do schroniska  w Dolinie Chocho\u0142owskiej.<\/p>\n\n\n\n<p class=\"wp-block-paragraph\"><\/p>\n\n\n<div class=\"wp-block-image\">\n<figure class=\"aligncenter size-full\"><img loading=\"lazy\" decoding=\"async\" width=\"600\" height=\"900\" src=\"https:\/\/8a.pl\/8academy\/wp-content\/uploads\/2025\/02\/man-hiker-with-his-dog-2024-10-22-19-39-56-utc.jpg\" alt=\"Ilo\u015b\u0107 szlak\u00f3w w polskich g\u00f3rach, na kt\u00f3re mo\u017cna bez ogranicze\u0144 wej\u015b\u0107 z psem jest wystarczaj\u0105ca nawet dla najbardziej wytrwa\u0142ych w\u0119drowc\u00f3w.\" class=\"wp-image-75808\" srcset=\"https:\/\/8a.pl\/8academy\/wp-content\/uploads\/2025\/02\/man-hiker-with-his-dog-2024-10-22-19-39-56-utc.jpg 600w, https:\/\/8a.pl\/8academy\/wp-content\/uploads\/2025\/02\/man-hiker-with-his-dog-2024-10-22-19-39-56-utc-200x300.jpg 200w\" sizes=\"(max-width: 600px) 100vw, 600px\" \/><figcaption class=\"wp-element-caption\">Ilo\u015b\u0107 szlak\u00f3w w polskich g\u00f3rach, na kt\u00f3re mo\u017cna bez ogranicze\u0144 wej\u015b\u0107 z psem jest wystarczaj\u0105ca nawet dla najbardziej wytrwa\u0142ych w\u0119drowc\u00f3w. (fot. Envato)<\/figcaption><\/figure>\n<\/div>\n\n\n<h2 class=\"wp-block-heading\" id=\"h-wedrowki-z-psem-poza-parkami-narodowymi\">W\u0119dr\u00f3wki z psem poza parkami narodowymi<\/h2>\n\n\n\n<p class=\"wp-block-paragraph\">Skoro ograniczenia dotycz\u0105 tylko park\u00f3w i rezerwat\u00f3w, pewnie pomy\u015blicie, \u017ce wsz\u0119dzie poza nimi nie ma absolutnie \u017cadnych ogranicze\u0144. Je\u015bli chodzi o sam fakt wej\u015bcia na szlak czy do lasu z psem &#8211; tak, nic nas nie powstrzymuje. Pami\u0119ta\u0107 jednak trzeba o jednym, do\u015b\u0107 nagminnie niestety, ignorowanym szczeg\u00f3le. Wiele g\u00f3rskich szlak\u00f3w przebiega przez lasy nale\u017c\u0105ce do Las\u00f3w Pa\u0144stwowych. Na ich terenie obowi\u0105zuje przepis m\u00f3wi\u0105cy o tym, \u017ce pies musi by\u0107 prowadzony na smyczy. Wiemy, \u017ce w\u0142a\u015bciciele ps\u00f3w lubi\u0105 sytuacj\u0119, kiedy pies biega wolno, i \u017ce &#8211; ca\u0142kiem s\u0142usznie &#8211; uwa\u017caj\u0105, \u017ce to dla niego wi\u0119ksza rado\u015b\u0107. Nie jeste\u015bmy jednak na szlaku sami. To, \u017ce nas pies jest przyjazny wiemy tylko my. Inni tury\u015bci mog\u0105 obawia\u0107 si\u0119 biegn\u0105cej rado\u015bnie w ich kierunku masy futra i trudno im si\u0119 dziwi\u0107. Nawet je\u015bli obcy pies nie budzi w nich niepokoju to mo\u017ce zwyczajnie nie maj\u0105 ochoty si\u0119 z nim zaprzyja\u017ania\u0107.<\/p>\n\n\n\n<p class=\"wp-block-paragraph\">W\u0119druj\u0105c z psem czy bez niego, powinni\u015bmy my\u015ble\u0107 nie tylko o sobie, ale te\u017c o innych. Sami krzywimy si\u0119 widz\u0105c &#8220;turyst\u00f3w&#8221; z rycz\u0105cym g\u0142o\u015bnikiem na plecaku i dziwi nas brak odpowiedzi na tradycyjne &#8220;cze\u015b\u0107!&#8221; kiedy si\u0119 z kim\u015b mijamy. Nasz pies te\u017c nie powinien nikomu uprzykrza\u0107 \u017cycia. Wzi\u0119cie go na smycz to nie poddanie si\u0119 ograniczeniom naszej osobistej wolno\u015bci, ale wyraz szacunku dla innych.<\/p>\n\n\n\n<h2 class=\"wp-block-heading\" id=\"h-szlaki-graniczne-z-psem-i-wejscia-na-szczyty-od-poludnia\">Szlaki graniczne z psem i wej\u015bcia na szczyty od po\u0142udnia<\/h2>\n\n\n\n<p class=\"wp-block-paragraph\">Zapewne wielokrotnie s\u0142yszeli\u015bcie o tym, \u017ce nasi po\u0142udniowi s\u0105siedzi maj\u0105 znacznie bardziej liberalne podej\u015bcie do kwestii obecno\u015bci ps\u00f3w w g\u00f3rach ni\u017c w\u0142adze polskich park\u00f3w narodowych. Istotnie tak jest, i ogranicze\u0144 dotycz\u0105cych wchodzenia z psem na szlak jest w S\u0142owacji i Czechach mniej. Nie oznacza to jednak, \u017ce ich w og\u00f3le nie ma. Wszystko zmienia si\u0119 bowiem do\u015b\u0107 dynamicznie. Po S\u0142owackich Tatrach mo\u017cna by\u0142o jeszcze niedawno chodzi\u0107 z psem bez wielkich ogranicze\u0144. W grudniu 2023 TANAP wyda\u0142 zarz\u0105dzenie szczeg\u00f3\u0142owo okre\u015blaj\u0105ce, kt\u00f3re szlaki mo\u017cna odwiedza\u0107 z czworonogiem. Jest ich blisko trzydzie\u015bci, ale \u017caden nie zapuszcza si\u0119 w wysokog\u00f3rski teren.<\/p>\n\n\n\n<p class=\"wp-block-paragraph\">Zanim wi\u0119c wyruszycie na w\u0119dr\u00f3wk\u0119 z psem po po\u0142udniowej stronie naszej granicy, na przyk\u0142ad w Karkonosze, sprawd\u017acie czy i jakie ograniczenia tam obowi\u0105zuj\u0105. \u015awiadomie nie podajemy ich w szczeg\u00f3\u0142ach w tym artykule, bo mog\u0105 si\u0119 b\u0142yskawicznie zdezaktualizowa\u0107.<\/p>\n\n\n\n<p class=\"wp-block-paragraph\"><\/p>\n\n\n<div class=\"wp-block-image\">\n<figure class=\"aligncenter size-full\"><img loading=\"lazy\" decoding=\"async\" width=\"600\" height=\"900\" src=\"https:\/\/8a.pl\/8academy\/wp-content\/uploads\/2022\/07\/DSC3215.jpg\" alt=\"Beskidy, to g\u00f3ry, kt\u00f3re zar\u00f3wno dzi\u0119ki ukszta\u0142towaniu szlak\u00f3w jak i dzi\u0119ki niewielkim ograniczeniom, s\u0105 bardzo przyjazne psom.\" class=\"wp-image-59574\" srcset=\"https:\/\/8a.pl\/8academy\/wp-content\/uploads\/2022\/07\/DSC3215.jpg 600w, https:\/\/8a.pl\/8academy\/wp-content\/uploads\/2022\/07\/DSC3215-200x300.jpg 200w\" sizes=\"(max-width: 600px) 100vw, 600px\" \/><figcaption class=\"wp-element-caption\">Beskidy, to g\u00f3ry, kt\u00f3re zar\u00f3wno dzi\u0119ki ukszta\u0142towaniu szlak\u00f3w jak i dzi\u0119ki niewielkim ograniczeniom, s\u0105 bardzo przyjazne psom. (fot. Joanna Kapinos)<\/figcaption><\/figure>\n<\/div>\n\n\n<h2 class=\"wp-block-heading\" id=\"h-w-gory-z-psem-ekwipunek\">W g\u00f3ry z psem &#8211; ekwipunek<\/h2>\n\n\n\n<p class=\"wp-block-paragraph\">Skoro ju\u017c wiemy dok\u0105d mo\u017cemy wybra\u0107 si\u0119 na w\u0119dr\u00f3wk\u0119 z psem a dok\u0105d nie, warto po\u015bwi\u0119ci\u0107 chwil\u0119 na przygotowanie niezb\u0119dnego psiego ekwipunku. Pies &#8211; tak samo jak cz\u0142owiek &#8211; musi zabra\u0107 w g\u00f3ry troch\u0119 &#8220;spejalistycznego&#8221; sprz\u0119tu, \u017ceby wycieczka by\u0142a mi\u0142a i bezpieczna.<\/p>\n\n\n\n<p class=\"wp-block-paragraph\"><\/p>\n\n\n\n<div class=\"wp-block-buttons is-content-justification-center is-layout-flex wp-container-core-buttons-is-layout-fe48e5de wp-block-buttons-is-layout-flex\">\n<div class=\"wp-block-button\"><a class=\"wp-block-button__link has-background wp-element-button\" style=\"border-radius:6px;background-color:#e9600e\">KUP AKCESORIA DLA PS\u00d3W<\/a><\/div>\n<\/div>\n\n\n\n<p class=\"wp-block-paragraph\"><\/p>\n\n\n\n<ul class=\"wp-block-list\">\n<li><strong>Szelki<\/strong> &#8211; to podstawa. Na rynku jest wiele modeli o r\u00f3\u017cnej konstrukcji. Wyb\u00f3r pozostawiamy opiekunom czworonog\u00f3w, bo to oni przecie\u017c najlepiej znaj\u0105 swoje zwierz\u0119ta. Wa\u017cne jest to by szelki by\u0142y wygodne i nie obciera\u0142y, nie blokowa\u0142y ruchu \u0142opatek i nie uciska\u0142y klatki piersiowej. Uchwyt na grzbiecie przyda si\u0119 podczas pokonywania trudniejszych miejsc na szlaku lub gdy b\u0119dzie trzeba zwierzaka przytrzyma\u0107.<\/li>\n\n\n\n<li><strong>Smycz<\/strong> &#8211; D\u0142uga czy kr\u00f3tka? Wyb\u00f3r nale\u017cy do opiekun\u00f3w. Warto tylko pami\u0119ta\u0107, \u017ce niekt\u00f3re parki narodowe wymagaj\u0105 aby smycz nie by\u0142a d\u0142u\u017csza ni\u017c 1,5 m. Tak czy inaczej, smycz jest absolutnie niezb\u0119dna. Wygodnym dodatkiem do smyczy jest pas biodrowy. Dzi\u0119ki niemu b\u0119dziemy mieli wolne obie r\u0119ce.<\/li>\n\n\n\n<li><strong>Kaganiec<\/strong> &#8211; nie lubi\u0105 go ani psy ani opiekunowie, to jasne. S\u0105 jednak w g\u00f3rach miejsca, gdzie pies powinien mie\u0107 za\u0142o\u017cony kaganiec. Dobrze go na wszelki wypadek ze sob\u0105 zabiera\u0107. <\/li>\n\n\n\n<li><strong>Miska na wod\u0119<\/strong> &#8211; najlepiej lekka, sk\u0142adana, tak by zajmowa\u0142a jak najmniej miejsca. Na szlak nale\u017cy te\u017c zabra\u0107 przek\u0105ski i porcj\u0119 karmy dla zwierzaka oraz du\u017cy zapas wody. Ile? Zale\u017cy od wielko\u015bci psa ale na kilkugodzinn\u0105 wycieczk\u0119 2 litry wody to minimum.<\/li>\n\n\n\n<li><strong>Paszport dla psa<\/strong> &#8211; ten element b\u0119dzie istotny gdy podr\u00f3\u017cujemy zagranic\u0119 lub poruszamy si\u0119 szlakami, kt\u00f3re przekraczaj\u0105 granic\u0119. Wraz z paszportem nale\u017cy zabra\u0107 za\u015bwiadczenie o szczepieniach.<\/li>\n\n\n\n<li><strong>Przyrz\u0105d do wyci\u0105gania kleszczy<\/strong> &#8211; rzecz niezb\u0119dna zar\u00f3wno dla psa jak i dla opiekuna je\u015bli chcemy unikn\u0105\u0107 zaka\u017cenia chorobami przenoszonymi przez te owady.<\/li>\n\n\n\n<li><strong>Woreczki na odchody <\/strong>&#8211; tego chyba nie trzeba t\u0142umaczy\u0107.<\/li>\n<\/ul>\n\n\n\n<p class=\"wp-block-paragraph\"><\/p>\n\n\n<div class=\"wp-block-image\">\n<figure class=\"aligncenter size-full is-resized\"><img loading=\"lazy\" decoding=\"async\" width=\"600\" height=\"900\" src=\"https:\/\/8a.pl\/8academy\/wp-content\/uploads\/2022\/07\/DSC3246.jpg\" alt=\"Na g\u00f3rskiej w\u0119dr\u00f3wce pies te\u017c musi mie\u0107 sw\u00f3j ekwipunek.\" class=\"wp-image-59575\" style=\"width:600px;height:auto\" srcset=\"https:\/\/8a.pl\/8academy\/wp-content\/uploads\/2022\/07\/DSC3246.jpg 600w, https:\/\/8a.pl\/8academy\/wp-content\/uploads\/2022\/07\/DSC3246-200x300.jpg 200w\" sizes=\"(max-width: 600px) 100vw, 600px\" \/><figcaption class=\"wp-element-caption\">Na g\u00f3rskiej w\u0119dr\u00f3wce pies te\u017c musi mie\u0107 sw\u00f3j ekwipunek. (fot. Joanna Kapinos)<\/figcaption><\/figure>\n<\/div>\n\n\n<h2 class=\"wp-block-heading\" id=\"h-o-czym-warto-pamietac-wedrujac-po-gorach-z-psem\">O czym warto pami\u0119ta\u0107 w\u0119druj\u0105c po g\u00f3rach z psem<\/h2>\n\n\n\n<p class=\"wp-block-paragraph\">Mamy wybrany rejon, szlak, zebrali\u015bmy sprz\u0119t. Czy jest jeszcze co\u015b o czym musimy wiedzie\u0107 zanim ruszymy z psem w g\u00f3ry? Owszem. Warto jeszcze pami\u0119ta\u0107 o kilku zasadach.<\/p>\n\n\n\n<p class=\"wp-block-paragraph\">Kluczow\u0105 spraw\u0105 jest wyb\u00f3r odpowiedniej trasy. Odpowiedniej nie dla nas, ale dla psa. Warto pami\u0119ta\u0107, \u017ce niekt\u00f3re miejsca mog\u0105 by\u0107 dla psa trudne lub stresuj\u0105ce. Tak jak w przypadku cz\u0142owieka &#8211; trzeba mierzy\u0107 psie si\u0142y na zamiary. Wymagaj\u0105ca b\u0119dzie na przyk\u0142ad wspinaczka po skalnych g\u0142azach. Co wi\u0119cej, d\u0142ugo\u015b\u0107 i charakter szlaku nale\u017cy dobra\u0107 do mo\u017cliwo\u015bci i gabaryt\u00f3w psa. Inne zdolno\u015bci motoryczne i wydolno\u015b\u0107 b\u0119dzie mia\u0142 na przyk\u0142ad husky a zupe\u0142nie inne ma\u0142y pudelek. Nawet du\u017cy pies nie powinien wybiera\u0107 si\u0119 na ca\u0142odniow\u0105 w\u0119dr\u00f3wk\u0119 je\u015bli na co dzie\u0144 odbywa tylko kr\u00f3tkie spacery po parku. Tak samo jak cz\u0142owiek, potrzebuje treningu i powinien zacz\u0105\u0107 od kr\u00f3tszych i \u0142atwiejszych szlak\u00f3w. Wierzymy jednak, \u017ce opiekunowie dobrze znaj\u0105 swoje psiaki i wiedz\u0105 co jest w ich zasi\u0119gu.<\/p>\n\n\n\n<p class=\"wp-block-paragraph\">Podczas w\u0119dr\u00f3wki pies b\u0119dzie mia\u0142 ogromne zapotrzebowanie na wod\u0119, zw\u0142aszcza w cieplejsze dni. Opr\u00f3cz zapasu wody w plecaku, dobrze tak zaplanowa\u0107 tras\u0119 by przebiega\u0142a w pobli\u017cu strumyk\u00f3w lub staw\u00f3w. Lepiej te\u017c wybiera\u0107 miejsca zacienione i unika\u0107 tych eksponowanych na s\u0142o\u0144ce w najgor\u0119tsze dni roku. <\/p>\n\n\n\n<p class=\"wp-block-paragraph\">Spacer z psem w g\u00f3ry z natury b\u0119dzie mia\u0142 te\u017c nieco inne tempo. W\u0119sz\u0105cy, w\u0119druj\u0105cy swobodnie pies pokonuje znacznie d\u0142u\u017csz\u0105 tras\u0119 ni\u017c jego opiekun, zw\u0142aszcza gdy nie idzie na smyczy. Nale\u017cy to uwzgl\u0119dni\u0107 planuj\u0105c regularne kilkuminutowe odpoczynki na ka\u017cd\u0105 godzin\u0119 marszu. <\/p>\n\n\n\n<p class=\"wp-block-paragraph\"><\/p>\n\n\n\n<p class=\"wp-block-paragraph\"><\/p>\n","protected":false},"excerpt":{"rendered":"<p>Pies to najlepszy przyjaciel cz\u0142owieka &#8211; nie tylko na nizinach ale r\u00f3wnie\u017c w g\u00f3rach. Czy jednak na ka\u017cd\u0105 g\u00f3rsk\u0105 w\u0119dr\u00f3wk\u0119 mo\u017cemy wybra\u0107 si\u0119 z czworonogiem u boku? Jak nale\u017cy si\u0119 do tego przygotowa\u0107?<\/p>\n","protected":false},"author":7,"featured_media":59606,"comment_status":"closed","ping_status":"closed","sticky":false,"template":"","format":"standard","meta":{"_acf_changed":false,"_uf_show_specific_survey":0,"_uf_disable_surveys":false,"footnotes":""},"categories":[26070],"tags":[26104,26069,26085,26105],"class_list":["post-75788","post","type-post","status-publish","format-standard","has-post-thumbnail","hentry","category-turystyka-trekking","tag-caloroczne","tag-poradnik","tag-trekking","tag-turystyka"],"acf":[],"yoast_head":"<!-- This site is optimized with the Yoast SEO Premium plugin v23.4 (Yoast SEO v25.5) - https:\/\/yoast.com\/wordpress\/plugins\/seo\/ -->\n<title>Gdzie jecha\u0107 w g\u00f3ry z psem | 8academy<\/title>\n<meta name=\"description\" content=\"W g\u00f3ry z psem. Przeczytaj kt\u00f3re rejony s\u0105 dost\u0119pne dla ps\u00f3w, sprawd\u017a jak si\u0119 przygotowa\u0107 oraz co zabra\u0107 na w\u0119dr\u00f3wk\u0119 z najlepszym kumplem,\" \/>\n<meta name=\"robots\" content=\"index, follow, max-snippet:-1, max-image-preview:large, max-video-preview:-1\" \/>\n<link rel=\"canonical\" href=\"https:\/\/8a.pl\/8academy\/cztery-lapy-cztery-lapy-czyli-w-gory-z-psem\/\" \/>\n<meta property=\"og:locale\" content=\"pl_PL\" \/>\n<meta property=\"og:type\" content=\"article\" \/>\n<meta property=\"og:title\" content=\"Gdzie jecha\u0107 w g\u00f3ry z psem\" \/>\n<meta property=\"og:description\" content=\"W g\u00f3ry z psem. Przeczytaj kt\u00f3re rejony s\u0105 dost\u0119pne dla ps\u00f3w, sprawd\u017a jak si\u0119 przygotowa\u0107 oraz co zabra\u0107 na w\u0119dr\u00f3wk\u0119 z najlepszym kumplem,\" \/>\n<meta property=\"og:url\" content=\"https:\/\/8a.pl\/8academy\/cztery-lapy-cztery-lapy-czyli-w-gory-z-psem\/\" \/>\n<meta property=\"og:site_name\" content=\"8academy.pl - portal g\u00f3rski i wspinaczkowy dla aktywnych\" \/>\n<meta property=\"article:publisher\" content=\"https:\/\/pl-pl.facebook.com\/sklep8apl\/\" \/>\n<meta property=\"article:published_time\" content=\"2025-02-19T11:54:28+00:00\" \/>\n<meta property=\"og:image\" content=\"http:\/\/8a.pl\/8academy\/wp-content\/uploads\/2022\/07\/8ACADEMY_FB_-10.jpg\" \/>\n\t<meta property=\"og:image:width\" content=\"1200\" \/>\n\t<meta property=\"og:image:height\" content=\"628\" \/>\n\t<meta property=\"og:image:type\" content=\"image\/jpeg\" \/>\n<meta name=\"author\" content=\"Redakcja 8Academy\" \/>\n<meta name=\"twitter:card\" content=\"summary_large_image\" \/>\n<meta name=\"twitter:label1\" content=\"Napisane przez\" \/>\n\t<meta name=\"twitter:data1\" content=\"Redakcja 8Academy\" \/>\n\t<meta name=\"twitter:label2\" content=\"Szacowany czas czytania\" \/>\n\t<meta name=\"twitter:data2\" content=\"18 minut\" \/>\n<!-- \/ Yoast SEO Premium plugin. -->","yoast_head_json":{"title":"Gdzie jecha\u0107 w g\u00f3ry z psem | 8academy","description":"W g\u00f3ry z psem. Przeczytaj kt\u00f3re rejony s\u0105 dost\u0119pne dla ps\u00f3w, sprawd\u017a jak si\u0119 przygotowa\u0107 oraz co zabra\u0107 na w\u0119dr\u00f3wk\u0119 z najlepszym kumplem,","robots":{"index":"index","follow":"follow","max-snippet":"max-snippet:-1","max-image-preview":"max-image-preview:large","max-video-preview":"max-video-preview:-1"},"canonical":"https:\/\/8a.pl\/8academy\/cztery-lapy-cztery-lapy-czyli-w-gory-z-psem\/","og_locale":"pl_PL","og_type":"article","og_title":"Gdzie jecha\u0107 w g\u00f3ry z psem","og_description":"W g\u00f3ry z psem. Przeczytaj kt\u00f3re rejony s\u0105 dost\u0119pne dla ps\u00f3w, sprawd\u017a jak si\u0119 przygotowa\u0107 oraz co zabra\u0107 na w\u0119dr\u00f3wk\u0119 z najlepszym kumplem,","og_url":"https:\/\/8a.pl\/8academy\/cztery-lapy-cztery-lapy-czyli-w-gory-z-psem\/","og_site_name":"8academy.pl - portal g\u00f3rski i wspinaczkowy dla aktywnych","article_publisher":"https:\/\/pl-pl.facebook.com\/sklep8apl\/","article_published_time":"2025-02-19T11:54:28+00:00","og_image":[{"width":1200,"height":628,"url":"http:\/\/8a.pl\/8academy\/wp-content\/uploads\/2022\/07\/8ACADEMY_FB_-10.jpg","type":"image\/jpeg"}],"author":"Redakcja 8Academy","twitter_card":"summary_large_image","twitter_misc":{"Napisane przez":"Redakcja 8Academy","Szacowany czas czytania":"18 minut"},"schema":{"@context":"https:\/\/schema.org","@graph":[{"@type":"Article","@id":"https:\/\/8a.pl\/8academy\/cztery-lapy-cztery-lapy-czyli-w-gory-z-psem\/#article","isPartOf":{"@id":"https:\/\/8a.pl\/8academy\/cztery-lapy-cztery-lapy-czyli-w-gory-z-psem\/"},"author":{"name":"Redakcja 8Academy","@id":"https:\/\/8a.pl\/8academy\/#\/schema\/person\/2e392153a51786e6c3d5ede231b5d2a4"},"headline":"Gdzie jecha\u0107 w g\u00f3ry z psem","datePublished":"2025-02-19T11:54:28+00:00","mainEntityOfPage":{"@id":"https:\/\/8a.pl\/8academy\/cztery-lapy-cztery-lapy-czyli-w-gory-z-psem\/"},"wordCount":3201,"publisher":{"@id":"https:\/\/8a.pl\/8academy\/#organization"},"image":{"@id":"https:\/\/8a.pl\/8academy\/cztery-lapy-cztery-lapy-czyli-w-gory-z-psem\/#primaryimage"},"thumbnailUrl":"https:\/\/8a.pl\/8academy\/wp-content\/uploads\/2022\/07\/image.jpg","keywords":["Ca\u0142oroczne","Poradnik","Trekking","Turystyka"],"articleSection":["Turystyka \/ trekking"],"inLanguage":"pl-PL"},{"@type":"WebPage","@id":"https:\/\/8a.pl\/8academy\/cztery-lapy-cztery-lapy-czyli-w-gory-z-psem\/","url":"https:\/\/8a.pl\/8academy\/cztery-lapy-cztery-lapy-czyli-w-gory-z-psem\/","name":"Gdzie jecha\u0107 w g\u00f3ry z psem | 8academy","isPartOf":{"@id":"https:\/\/8a.pl\/8academy\/#website"},"primaryImageOfPage":{"@id":"https:\/\/8a.pl\/8academy\/cztery-lapy-cztery-lapy-czyli-w-gory-z-psem\/#primaryimage"},"image":{"@id":"https:\/\/8a.pl\/8academy\/cztery-lapy-cztery-lapy-czyli-w-gory-z-psem\/#primaryimage"},"thumbnailUrl":"https:\/\/8a.pl\/8academy\/wp-content\/uploads\/2022\/07\/image.jpg","datePublished":"2025-02-19T11:54:28+00:00","description":"W g\u00f3ry z psem. Przeczytaj kt\u00f3re rejony s\u0105 dost\u0119pne dla ps\u00f3w, sprawd\u017a jak si\u0119 przygotowa\u0107 oraz co zabra\u0107 na w\u0119dr\u00f3wk\u0119 z najlepszym kumplem,","breadcrumb":{"@id":"https:\/\/8a.pl\/8academy\/cztery-lapy-cztery-lapy-czyli-w-gory-z-psem\/#breadcrumb"},"inLanguage":"pl-PL","potentialAction":[{"@type":"ReadAction","target":["https:\/\/8a.pl\/8academy\/cztery-lapy-cztery-lapy-czyli-w-gory-z-psem\/"]}]},{"@type":"ImageObject","inLanguage":"pl-PL","@id":"https:\/\/8a.pl\/8academy\/cztery-lapy-cztery-lapy-czyli-w-gory-z-psem\/#primaryimage","url":"https:\/\/8a.pl\/8academy\/wp-content\/uploads\/2022\/07\/image.jpg","contentUrl":"https:\/\/8a.pl\/8academy\/wp-content\/uploads\/2022\/07\/image.jpg","width":1100,"height":715},{"@type":"BreadcrumbList","@id":"https:\/\/8a.pl\/8academy\/cztery-lapy-cztery-lapy-czyli-w-gory-z-psem\/#breadcrumb","itemListElement":[{"@type":"ListItem","position":1,"name":"Strona g\u0142\u00f3wna","item":"https:\/\/8a.pl\/8academy\/"},{"@type":"ListItem","position":2,"name":"Gdzie jecha\u0107 w g\u00f3ry z psem"}]},{"@type":"WebSite","@id":"https:\/\/8a.pl\/8academy\/#website","url":"https:\/\/8a.pl\/8academy\/","name":"8academy.pl - portal g\u00f3rski i wspinaczkowy dla aktywnych","description":"8academy to portal g\u00f3rski o wspinaczce, trekkingu i skiturach. Znajdziesz tu porady, testy sprz\u0119tu i opisy najlepszych rejon\u00f3w. Inspirujemy zdobywc\u00f3w!","publisher":{"@id":"https:\/\/8a.pl\/8academy\/#organization"},"potentialAction":[{"@type":"SearchAction","target":{"@type":"EntryPoint","urlTemplate":"https:\/\/8a.pl\/8academy\/?s={search_term_string}"},"query-input":{"@type":"PropertyValueSpecification","valueRequired":true,"valueName":"search_term_string"}}],"inLanguage":"pl-PL"},{"@type":"Organization","@id":"https:\/\/8a.pl\/8academy\/#organization","name":"8academy.pl - portal g\u00f3rski i wspinaczkowy dla aktywnych","url":"https:\/\/8a.pl\/8academy\/","logo":{"@type":"ImageObject","inLanguage":"pl-PL","@id":"https:\/\/8a.pl\/8academy\/#\/schema\/logo\/image\/","url":"https:\/\/8a.pl\/8academy\/wp-content\/uploads\/2015\/11\/logo.png","contentUrl":"https:\/\/8a.pl\/8academy\/wp-content\/uploads\/2015\/11\/logo.png","width":438,"height":315,"caption":"8academy.pl - portal g\u00f3rski i wspinaczkowy dla aktywnych"},"image":{"@id":"https:\/\/8a.pl\/8academy\/#\/schema\/logo\/image\/"},"sameAs":["https:\/\/pl-pl.facebook.com\/sklep8apl\/","https:\/\/www.instagram.com\/8apl\/"]},{"@type":"Person","@id":"https:\/\/8a.pl\/8academy\/#\/schema\/person\/2e392153a51786e6c3d5ede231b5d2a4","name":"Redakcja 8Academy","image":{"@type":"ImageObject","inLanguage":"pl-PL","@id":"https:\/\/8a.pl\/8academy\/#\/schema\/person\/image\/","url":"https:\/\/8a.pl\/8academy\/wp-content\/uploads\/2017\/10\/logo_obrobione_2_150_59ICJ.jpg","contentUrl":"https:\/\/8a.pl\/8academy\/wp-content\/uploads\/2017\/10\/logo_obrobione_2_150_59ICJ.jpg","caption":"Redakcja 8Academy"},"url":"https:\/\/8a.pl\/8academy\/author\/redakcja\/"}]}},"_links":{"self":[{"href":"https:\/\/8a.pl\/8academy\/wp-json\/wp\/v2\/posts\/75788","targetHints":{"allow":["GET"]}}],"collection":[{"href":"https:\/\/8a.pl\/8academy\/wp-json\/wp\/v2\/posts"}],"about":[{"href":"https:\/\/8a.pl\/8academy\/wp-json\/wp\/v2\/types\/post"}],"author":[{"embeddable":true,"href":"https:\/\/8a.pl\/8academy\/wp-json\/wp\/v2\/users\/7"}],"replies":[{"embeddable":true,"href":"https:\/\/8a.pl\/8academy\/wp-json\/wp\/v2\/comments?post=75788"}],"version-history":[{"count":13,"href":"https:\/\/8a.pl\/8academy\/wp-json\/wp\/v2\/posts\/75788\/revisions"}],"predecessor-version":[{"id":75814,"href":"https:\/\/8a.pl\/8academy\/wp-json\/wp\/v2\/posts\/75788\/revisions\/75814"}],"wp:attachment":[{"href":"https:\/\/8a.pl\/8academy\/wp-json\/wp\/v2\/media?parent=75788"}],"wp:term":[{"taxonomy":"category","embeddable":true,"href":"https:\/\/8a.pl\/8academy\/wp-json\/wp\/v2\/categories?post=75788"},{"taxonomy":"post_tag","embeddable":true,"href":"https:\/\/8a.pl\/8academy\/wp-json\/wp\/v2\/tags?post=75788"}],"curies":[{"name":"wp","href":"https:\/\/api.w.org\/{rel}","templated":true}]}}