{"id":75418,"date":"2025-02-06T17:29:40","date_gmt":"2025-02-06T16:29:40","guid":{"rendered":"https:\/\/8a.pl\/8academy\/?p=75418"},"modified":"2025-02-26T13:42:19","modified_gmt":"2025-02-26T12:42:19","slug":"korona-ziemi-moda-czy-poszukiwanie-wlasnej-drogi","status":"publish","type":"post","link":"https:\/\/8a.pl\/8academy\/korona-ziemi-moda-czy-poszukiwanie-wlasnej-drogi\/","title":{"rendered":"Korona Ziemi &#8211; najwy\u017csze szczyty kontynent\u00f3w"},"content":{"rendered":"\n<h2 class=\"wp-block-heading\" id=\"h-czym-jest-korona-ziemi\">Czym jest Korona Ziemi?<\/h2>\n\n\n\n<p class=\"wp-block-paragraph\">Korona Ziemi, zwana czasem tak\u017ce Koron\u0105 G\u00f3r \u015awiata lub Koron\u0105 G\u00f3r Ziemi, to wyzwanie polegaj\u0105ce na zdobyciu najwy\u017cszego szczytu ka\u017cdego kontynentu. Pomys\u0142 takiego projektu przypisuje si\u0119 powszechnie ameryka\u0144skiemu biznesmenowi i mi\u0142o\u015bnikowi g\u00f3r &#8211; Richardowi Bassowi. Nada\u0142 mu efektown\u0105 nazw\u0119 \u201eSeven Summits\u201d, czyli \u201eSiedem Szczyt\u00f3w\u201d, kt\u00f3ra \u2013 co wyja\u015bnimy za chwil\u0119 \u2013 bywa nieprecyzyjna. Wiele os\u00f3b decyduj\u0105cych si\u0119 skompletowa\u0107 najwy\u017csze szczyty siedmiu kontynent\u00f3w, odwiedza ich nie siedem, ale nawet dziewi\u0119\u0107.<\/p>\n\n\n\n<p class=\"wp-block-paragraph\">Bass nie by\u0142 wcale pierwszym, kt\u00f3ry wpad\u0142 na pomys\u0142 zdobycia Korony Ziemi. Pod koniec lat 40. taki w\u0142a\u015bnie projekt zacz\u0105\u0142 realizowa\u0107 znakomity ameryka\u0144ski wspinacz, William Hackett. Uda\u0142o mu si\u0119 wej\u015b\u0107 na pi\u0119\u0107 z siedmiu szczyt\u00f3w. Pr\u00f3ba wej\u015bcia na Mount Vinson, kt\u00f3r\u0105 podj\u0105\u0142 maj\u0105c 67 lat nie powiod\u0142a si\u0119, a na Everest nigdy si\u0119 nie wybra\u0142 z powod\u00f3w czysto finansowych. Hackett by\u0142 pierwszym Amerykaninem na Aconcagui, i bra\u0142 udzia\u0142 w wyprawie na K2 w 1960 roku.<\/p>\n\n\n\n<p class=\"wp-block-paragraph\">Po spopularyzowaniu Korony Ziemi powsta\u0142o kilka podobnych list. Wszak podr\u00f3\u017cnicy i wspinacze zawsze szukaj\u0105 mo\u017cliwo\u015bci zrobienia czego\u015b, czego nie zrobi\u0142 nikt wcze\u015bniej. Jednak wbrew temu co mog\u0142oby si\u0119 wydawa\u0107 wcale nie s\u0105 to wyzwania \u0142atwiejsze. We\u017amy cho\u0107by Seven Second Summits, czyli drugie co do wysoko\u015bci szczyty ka\u017cdego kontynentu. Na li\u015bcie jest na przyk\u0142ad K2, blisko siedmiotysi\u0119czny Ojos del Salado, czy Mount Logan \u2013 o kt\u00f3rym trudno powiedzie\u0107, \u017ce jest \u0142atwym szczytem. Spor\u0105 popularno\u015b\u0107 zdoby\u0142a r\u00f3wnie\u017c lista siedmiu najwy\u017cszych wulkan\u00f3w Ziemi. Co ciekawe, pierwsi Polacy \u2013 Ryszard Paw\u0142owski i Tomasz Bryl &#8211; skompletowali j\u0105 dopiero w 2024 roku<\/p>\n\n\n\n<p class=\"wp-block-paragraph\"><\/p>\n\n\n<div class=\"wp-block-image\">\n<figure class=\"aligncenter size-full\"><img fetchpriority=\"high\" decoding=\"async\" width=\"600\" height=\"900\" src=\"https:\/\/8a.pl\/8academy\/wp-content\/uploads\/2025\/02\/kalle-kortelainen-cenlDgUeuW8-unsplash_sm.jpg\" alt=\"Najwy\u017csze szczyty \u015bwiata od zawsze poci\u0105gaj\u0105 poszukiwaczy przyg\u00f3d. Korona Ziemi to siedem takich niezwyk\u0142ych, ka\u017cda o zupe\u0142nie innym charakterze.\" class=\"wp-image-75524\" srcset=\"https:\/\/8a.pl\/8academy\/wp-content\/uploads\/2025\/02\/kalle-kortelainen-cenlDgUeuW8-unsplash_sm.jpg 600w, https:\/\/8a.pl\/8academy\/wp-content\/uploads\/2025\/02\/kalle-kortelainen-cenlDgUeuW8-unsplash_sm-200x300.jpg 200w\" sizes=\"(max-width: 600px) 100vw, 600px\" \/><figcaption class=\"wp-element-caption\">Najwy\u017csze szczyty \u015bwiata od zawsze poci\u0105gaj\u0105 poszukiwaczy przyg\u00f3d. Korona Ziemi to siedem takich niezwyk\u0142ych, ka\u017cda o zupe\u0142nie innym charakterze. (fot. Unsplash)<\/figcaption><\/figure>\n<\/div>\n\n\n<h2 class=\"wp-block-heading\" id=\"h-pierwszy-zdobywca-korony-ziemi\">Pierwszy zdobywca Korony Ziemi<\/h2>\n\n\n\n<p class=\"wp-block-paragraph\">Richard Bass w ide\u0119 zdobycia najwy\u017cszych szczyt\u00f3w ka\u017cdego kontynentu zaanga\u017cowa\u0142 si\u0119 na pocz\u0105tku lat 80. W tamtych czasach wchodzenie na najwy\u017csze szczyty nie by\u0142o tak komercyjnie dost\u0119pne jak obecnie, a co dopiero m\u00f3wi\u0107 o zdobyciu ca\u0142ej Korony Ziemi. Ka\u017cda ekspedycja by\u0142a wi\u0119c niezwykle kosztowna i skomplikowana. Towarzyszem Bassa w tym przedsi\u0119wzi\u0119ciu by\u0142 r\u00f3wnie zamo\u017cny jak on, Frank Wells, i panowie rozpocz\u0119li wsp\u00f3lne realizowanie go 1 stycznia 1983 roku. Ciekawostk\u0105 jest, \u017ce pierwszy szczyt, Aconcagu\u0119, zdobyli w towarzystwie legendarnego Yvona Chouinarda, za\u0142o\u017cyciela marki Patagonia. Do ko\u0144ca roku uda\u0142o im si\u0119 zebra\u0107 sze\u015b\u0107 z siedmiu szczyt\u00f3w i do zdobycia zosta\u0142 tylko Everest.<\/p>\n\n\n\n<p class=\"wp-block-paragraph\">Po dw\u00f3ch nieudanych pr\u00f3bach w 1984 roku, Wells zrezygnowa\u0142 i zosta\u0142\u2026 prezesem The Walt Disney Company. Bass uparcie jednak par\u0142 do przodu. Rok p\u00f3\u017aniej podj\u0105\u0142 trzeci\u0105 pr\u00f3b\u0119 i zako\u0144czy\u0142 zdobywanie Korony Ziemi 30 kwietnia 1985 roku wchodz\u0105c na Mount Everest.<\/p>\n\n\n\n<h2 class=\"wp-block-heading\" id=\"h-dlaczego-jest-kilka-wersji-korony-ziemi\">Dlaczego jest kilka wersji Korony Ziemi?<\/h2>\n\n\n\n<p class=\"wp-block-paragraph\">Ju\u017c kiedy Bass i Wells realizowali sw\u00f3j projekt, pojawi\u0142y si\u0119 g\u0142osy m\u00f3wi\u0105ce o tym, \u017ce lista najwy\u017cszych szczyt\u00f3w ka\u017cdego z kontynent\u00f3w powinna wygl\u0105da\u0107 nieco inaczej. Reinhold Messner uzna\u0142, \u017ce G\u00f3ra Ko\u015bciuszki, najwy\u017cszy szczyt Australii jest zbyt \u0142atwy. Ma zaledwie 2230 m wysoko\u015bci, a wej\u015bcie na szczyt jest raczej spacerem ni\u017c wspinaczk\u0105.<\/p>\n\n\n\n<p class=\"wp-block-paragraph\"><\/p>\n\n\n<div class=\"wp-block-image\">\n<figure class=\"aligncenter size-full\"><img decoding=\"async\" width=\"600\" height=\"900\" src=\"https:\/\/8a.pl\/8academy\/wp-content\/uploads\/2025\/02\/millet_messner.jpg\" alt=\"Reinhold Messner uzna\u0142, \u017ce zaproponowana przez Richarda Bassa wersja Korony Ziemi jest niew\u0142a\u015bciwa i to w\u0142a\u015bnie tzw. wersja Messnera sta\u0142a si\u0119 standardem.\" class=\"wp-image-75508\" srcset=\"https:\/\/8a.pl\/8academy\/wp-content\/uploads\/2025\/02\/millet_messner.jpg 600w, https:\/\/8a.pl\/8academy\/wp-content\/uploads\/2025\/02\/millet_messner-200x300.jpg 200w\" sizes=\"(max-width: 600px) 100vw, 600px\" \/><figcaption class=\"wp-element-caption\">Reinhold Messner uzna\u0142, \u017ce zaproponowana przez Richarda Bassa wersja Korony Ziemi jest niew\u0142a\u015bciwa i to w\u0142a\u015bnie tzw. wersja Messnera sta\u0142a si\u0119 standardem. (fot. Millet)<\/figcaption><\/figure>\n<\/div>\n\n\n<p class=\"wp-block-paragraph\">Z geograficznego i geologicznego punktu widzenia za kontynent powinno uwa\u017ca\u0107 si\u0119 nie sam\u0105 Australi\u0119, ale Australi\u0119 i Oceani\u0119. To oznacza, \u017ce najwy\u017cszym szczytem tak rozumianego kontynentu jest Piramida Carstensza czyli Puncak Jaya. Ten maj\u0105cy 4884 m szczyt jest prawdziwym alpinistycznym wyzwaniem. Na dodatek, trudno\u015bci nie s\u0105 czysto wspinaczkowe, bo sama logistyka dotarcia na Now\u0105 Gwine\u0119 i uzyskania pozwolenie jest skomplikowana. Do\u015b\u0107 powiedzie\u0107, \u017ce przez dziesi\u0119\u0107 lat \u2013 0d 1995 do 2005 roku \u2013 wej\u015bcie na ten szczyt w og\u00f3le nie by\u0142o mo\u017cliwe.<\/p>\n\n\n\n<p class=\"wp-block-paragraph\">Drugim szczytem w Koronie Ziemi, co do kt\u00f3rego toczy\u0142y si\u0119 dyskusje by\u0142 Mont Blanc. Je\u015bli bowiem przyj\u0105\u0107 najpowszechniej uznawan\u0105 granic\u0119 mi\u0119dzy Europ\u0105 a Azj\u0105, przebiegaj\u0105c\u0105 przez Kaukaz, to Mont Blanc ju\u017c nie jest najwy\u017cszy. W takiej sytuacji przegrywa bowiem z Elbrusem, le\u017c\u0105cym niemal dok\u0142adnie na tej granicy. Co prawda, je\u015bli Europ\u0119 rozumie\u0107 jako wsp\u00f3lnot\u0119 kulturowo-cywilizacyjn\u0105, to Kaukaz trudno uzna\u0107 za jej cz\u0119\u015b\u0107. Barwnie odni\u00f3s\u0142 si\u0119 do tego Piotr Pustelnik, m\u00f3wi\u0105c: \u201cJe\u015bli Messnertwierdzi , \u017ce Kaukaz to jest Europa, niech wejdzie do ubikacji w Mineralnych Wodach. Zobaczy, jak wygl\u0105da ta jego Europa. Je\u015bli wed\u0142ug niego tak ma wygl\u0105da\u0107 Europa, to ja bardzo przepraszam!\u201d.<\/p>\n\n\n\n<p class=\"wp-block-paragraph\">Posta\u0107 znakomitego polskiego himalaisty, zdobywcy Korony Ziemi przywo\u0142ujemy nie bez powodu. Pustelnik zaproponowa\u0142 bowiem jeszcze wi\u0119ksze wyzwanie \u2013 \u201eTrzy Korony\u201d, czyli Koron\u0119 Ziemi, Koronk\u0119 Ziemi (drugie szczyty wszystkich kontynent\u00f3w) oraz Koron\u0119 Himalaj\u00f3w i Karakorum.<\/p>\n\n\n\n<p class=\"wp-block-paragraph\">Pierwszym zdobywc\u0105 Korony Ziemi w wersji Messnera by\u0142 jednak nie s\u0142ynny Austriak, ale Kanadyjczyk Pat Morrow, kt\u00f3ry ubieg\u0142 go o kilka miesi\u0119cy. Messner z kolei skompletowa\u0142 Koron\u0119 Ziemi wierny swoim przekonaniom &#8211; bez korzystania z dodatkowego tlenu.<\/p>\n\n\n\n<p class=\"wp-block-paragraph\"><strong>Przeczytaj te\u017c:<\/strong><\/p>\n\n\n\n<ul class=\"wp-block-list\">\n<li><a href=\"https:\/\/8a.pl\/8academy\/mont-blanc-wejsc-dach-europy\/\"><strong>Mont Blanc \u2013 jak wej\u015b\u0107 na Dach Europy<\/strong><\/a><\/li>\n<\/ul>\n\n\n\n<hr class=\"wp-block-separator has-text-color has-cyan-bluish-gray-color has-alpha-channel-opacity has-cyan-bluish-gray-background-color has-background\"\/>\n\n\n\n<p class=\"wp-block-paragraph\"><\/p>\n\n\n<div class=\"wp-block-image\">\n<figure class=\"aligncenter size-full\"><img decoding=\"async\" width=\"600\" height=\"900\" src=\"https:\/\/8a.pl\/8academy\/wp-content\/uploads\/2025\/02\/Mont_Blanc_oct_2004.jpg\" alt=\"Mont Blanc, szczyt, kt\u00f3rego wi\u0119kszo\u015b\u0107 wspinaczy nie zalicza do Korony Ziemi.\" class=\"wp-image-75506\" srcset=\"https:\/\/8a.pl\/8academy\/wp-content\/uploads\/2025\/02\/Mont_Blanc_oct_2004.jpg 600w, https:\/\/8a.pl\/8academy\/wp-content\/uploads\/2025\/02\/Mont_Blanc_oct_2004-200x300.jpg 200w\" sizes=\"(max-width: 600px) 100vw, 600px\" \/><figcaption class=\"wp-element-caption\">Mont Blanc, szczyt, kt\u00f3rego wi\u0119kszo\u015b\u0107 wspinaczy nie zalicza do Korony Ziemi. (fot. Wikimedia Commons)<\/figcaption><\/figure>\n<\/div>\n\n\n<h2 class=\"wp-block-heading\" id=\"h-korona-ziemi-szczyty\">Korona Ziemi \u2013 szczyty<\/h2>\n\n\n\n<p class=\"wp-block-paragraph\">Najpowszechniej relizowana wersja Korony Ziemi, tzw. lista Messnera, obejmuje nast\u0119puj\u0105ce szczyty:<\/p>\n\n\n\n<ul class=\"wp-block-list\">\n<li><strong>Mount Everest (Azja, 8849 m n.p.m.)<\/strong><\/li>\n\n\n\n<li><strong>Aconcagua (Ameryka Po\u0142udniowa, 6961 m n.p.m.)<\/strong><\/li>\n\n\n\n<li><strong>Denali (Ameryka P\u00f3\u0142nocna, 6190 m n.p.m.)<\/strong><\/li>\n\n\n\n<li><strong>Kilimand\u017caro (Afryka, 5895 m n.p.m.)<\/strong><\/li>\n\n\n\n<li><strong>Elbrus (Europa, 5642 m n.p.m.)<\/strong><\/li>\n\n\n\n<li><strong>Mount Vinson (Antarktyda, 4892 m n.p.m.)<\/strong><\/li>\n\n\n\n<li><strong>Piramida Carstensza (Australia i Oceania, 4884 m n.p.m.)<\/strong><\/li>\n<\/ul>\n\n\n\n<p class=\"wp-block-paragraph\"><\/p>\n\n\n<div class=\"wp-block-image\">\n<figure class=\"aligncenter size-full\"><img loading=\"lazy\" decoding=\"async\" width=\"600\" height=\"900\" src=\"https:\/\/8a.pl\/8academy\/wp-content\/uploads\/2025\/02\/mt-everest-sunset-tibet-2023-11-27-05-28-46-utc.jpg\" alt=\"Mount Everest, najwa\u017cniejszy i najtrudniejszy pod wieloma wzgl\u0119dami szczyt w Koronie Ziemi.\" class=\"wp-image-75509\" srcset=\"https:\/\/8a.pl\/8academy\/wp-content\/uploads\/2025\/02\/mt-everest-sunset-tibet-2023-11-27-05-28-46-utc.jpg 600w, https:\/\/8a.pl\/8academy\/wp-content\/uploads\/2025\/02\/mt-everest-sunset-tibet-2023-11-27-05-28-46-utc-200x300.jpg 200w\" sizes=\"(max-width: 600px) 100vw, 600px\" \/><figcaption class=\"wp-element-caption\">Mount Everest, najwa\u017cniejszy i najtrudniejszy pod wieloma wzgl\u0119dami szczyt w Koronie Ziemi. (fot. Unsplash)<\/figcaption><\/figure>\n<\/div>\n\n\n<h2 class=\"wp-block-heading\" id=\"h-najwyzszy-szczyt-azji-mount-everest\">Najwy\u017cszy szczyt Azji &#8211; Mount Everest<\/h2>\n\n\n\n<p class=\"wp-block-paragraph\">Mount Everest \u2013 Dach \u015awiata, to marzenie, kt\u00f3re uwodzi wielu. Najwy\u017csza g\u00f3ra na \u015bwiecie le\u017cy w Himalajach, na granicy Nepalu i Tybetu. Pr\u00f3bowano j\u0105 zdobywa\u0107 ju\u017c w latach 20., ale przez ponad 30 lat skutecznie opiera\u0142a si\u0119 \u015bmia\u0142kom. Na szczyt jako pierwsi dotarli 29 maja 1953 Nowozelandczyk Edmund Hillary i Nepalczyk Tenzing Norgay.<\/p>\n\n\n\n<p class=\"wp-block-paragraph\">Obecnie w sezonie na szczycie staje czasem kilkaset os\u00f3b. 23 maja 2019 by\u0142o ich \u2026 354. Nie mo\u017cna oczywi\u015bcie powiedzie\u0107, \u017ce wej\u015bcie na Mount Everest jest \u0142atwe. Jednak coraz lepszy sprz\u0119t, znajomo\u015b\u0107 g\u00f3ry i do\u015bwiadczenie przewodnik\u00f3w powoduj\u0105, \u017ce klienci agencji maj\u0105 wi\u0119ksz\u0105 ni\u017c dawniej szans\u0119 na sukces.<\/p>\n\n\n\n<p class=\"wp-block-paragraph\">Z jedn\u0105 z najwi\u0119kszych trudno\u015bci i jednym z najpowa\u017cniejszych niebezpiecze\u0144stw na Evere\u015bcie trzeba si\u0119 zmierzy\u0107 jeszcze przed dotarciem do obozu I. Lodowiec Khumbu, kt\u00f3ry trzeba przej\u015b\u0107, \u017ceby zacz\u0105\u0107 w\u0142a\u015bciw\u0105 wspinaczk\u0119 to istny labirynt szczelin. Na domiar z\u0142ego, ocieplenie klimatu powoduje, \u017ce drog\u0119 przez lodowiec trzeba co roku wyznacza\u0107 w zasadzie na nowo. Szczelin jest coraz wi\u0119cej a sam lodowiec jest powa\u017cnie zagro\u017cony lawinami. Everest bardzo cz\u0119sto jest zdobywany jako ostatni w Koronie ZIemi, w\u0142a\u015bnie ze wzgl\u0119du na trudno\u015b\u0107 i koszty.<\/p>\n\n\n\n<p class=\"wp-block-paragraph\"><strong>Przeczytaj te\u017c:<\/strong><\/p>\n\n\n\n<ul class=\"wp-block-list\">\n<li><a href=\"https:\/\/8a.pl\/8academy\/szczyt-mount-everest-na-dachu-swiata\/\"><strong>Szczyt Mount Everest \u2013 na Dachu \u015awiata<\/strong><\/a><\/li>\n<\/ul>\n\n\n\n<hr class=\"wp-block-separator has-text-color has-cyan-bluish-gray-color has-alpha-channel-opacity has-cyan-bluish-gray-background-color has-background\"\/>\n\n\n\n<p class=\"wp-block-paragraph\"><\/p>\n\n\n<div class=\"wp-block-image\">\n<figure class=\"aligncenter size-full\"><img loading=\"lazy\" decoding=\"async\" width=\"600\" height=\"900\" src=\"https:\/\/8a.pl\/8academy\/wp-content\/uploads\/2025\/02\/Climbing_in_the_Alaska_Range.jpg\" alt=\"Ekstremalnie niskie temperatury i na niekt\u00f3rych drogach powa\u017cne trudno\u015bci wspinaczkowe stanowi\u0105 na Denali du\u017ce wyzwanie.\" class=\"wp-image-75511\" srcset=\"https:\/\/8a.pl\/8academy\/wp-content\/uploads\/2025\/02\/Climbing_in_the_Alaska_Range.jpg 600w, https:\/\/8a.pl\/8academy\/wp-content\/uploads\/2025\/02\/Climbing_in_the_Alaska_Range-200x300.jpg 200w\" sizes=\"(max-width: 600px) 100vw, 600px\" \/><figcaption class=\"wp-element-caption\">Ekstremalnie niskie temperatury i na niekt\u00f3rych drogach powa\u017cne trudno\u015bci wspinaczkowe stanowi\u0105 na Denali du\u017ce wyzwanie. (fot. Unsplash)<\/figcaption><\/figure>\n<\/div>\n\n\n<h2 class=\"wp-block-heading\" id=\"h-denali\">Denali<\/h2>\n\n\n\n<p class=\"wp-block-paragraph\">Denali, dawniej nazywany Mount McKinley (cho\u0107 stara nazwa ma w\u0142a\u015bnie powr\u00f3ci\u0107), to najwy\u017csza g\u00f3ra Ameryki P\u00f3\u0142nocnej. Jest po\u0142o\u017cona na Alasce, w pa\u015bmie Kordylier\u00f3w, nieco poni\u017cej ko\u0142a podbiegunowego. Wysoko\u015b\u0107 nieznacznie tylko przekraczaj\u0105ca 6000 m mog\u0142aby sugerowa\u0107, \u017ce nie stanowi wi\u0119kszego wyzwania ni\u017c wy\u017csze szczyty w Koronie Ziemi &#8211; Aconcagua czy Everest. Tymczasem Denali to szczyt, na kt\u00f3rym szanse na sukces s\u0105 statystycznie najni\u017csze.<\/p>\n\n\n\n<p class=\"wp-block-paragraph\">Mimo relatywnie niedu\u017cych trudno\u015bci technicznych, zdarzaj\u0105 si\u0119 sezony, kiedy na szczyt udaje si\u0119 dotrze\u0107 mniej ni\u017c jednej trzeciej wspinaczy. Problemem na Denali s\u0105 bowiem ekstremalnie niskie temperatury i bardzo silne wiatry. W 2003 roku termometr umieszczony kilkaset metr\u00f3w poni\u017cej szczytu zanotowa\u0142 -59,7\u00b0C. To oznacza, \u017ce na wierzcho\u0142ku mog\u0142o by\u0107 sporo poni\u017cej -60\u00b0C. Denali nie jest po prostu mro\u017an\u0105 g\u00f3r\u0105. To jedno z najzimniejszych miejsc na naszej planecie.<\/p>\n\n\n\n<p class=\"wp-block-paragraph\"><strong>Przeczytaj te\u017c:<\/strong><\/p>\n\n\n\n<ul class=\"wp-block-list\">\n<li><a href=\"https:\/\/8a.pl\/8academy\/denali-mount-mckinley-najwyzszy-szczyt-ameryki-polnocnej\/\"><strong>Denali (Mount McKinley) \u2013 najwy\u017cszy szczyt Ameryki P\u00f3\u0142nocnej<\/strong><\/a><\/li>\n<\/ul>\n\n\n\n<hr class=\"wp-block-separator has-text-color has-cyan-bluish-gray-color has-alpha-channel-opacity has-cyan-bluish-gray-background-color has-background\"\/>\n\n\n\n<p class=\"wp-block-paragraph\"><\/p>\n\n\n<div class=\"wp-block-image\">\n<figure class=\"aligncenter size-full\"><img loading=\"lazy\" decoding=\"async\" width=\"600\" height=\"900\" src=\"https:\/\/8a.pl\/8academy\/wp-content\/uploads\/2025\/02\/the-road-to-kilimanjaro-2024-12-01-09-18-50-utc.jpg\" alt=\"Kontrast \u015bnie\u017cnej czapy z rozgrzan\u0105 sawann\u0105 spowodowa\u0142, \u017ce pocz\u0105tkowo uwa\u017cano, \u017ce Kliminad\u017caro to wymys\u0142 jego odkrywcy, Johanessa Rebmanna. \" class=\"wp-image-75513\" srcset=\"https:\/\/8a.pl\/8academy\/wp-content\/uploads\/2025\/02\/the-road-to-kilimanjaro-2024-12-01-09-18-50-utc.jpg 600w, https:\/\/8a.pl\/8academy\/wp-content\/uploads\/2025\/02\/the-road-to-kilimanjaro-2024-12-01-09-18-50-utc-200x300.jpg 200w\" sizes=\"(max-width: 600px) 100vw, 600px\" \/><figcaption class=\"wp-element-caption\">Kontrast \u015bnie\u017cnej czapy z rozgrzan\u0105 sawann\u0105 spowodowa\u0142, \u017ce pocz\u0105tkowo uwa\u017cano, \u017ce Kliminad\u017caro to wymys\u0142 jego odkrywcy, Johanessa Rebmanna. (fot. Unsplash)<\/figcaption><\/figure>\n<\/div>\n\n\n<h2 class=\"wp-block-heading\" id=\"h-kilimandzaro\">Kilimand\u017caro<\/h2>\n\n\n\n<p class=\"wp-block-paragraph\">Najwy\u017cszy szczyt Afryki jest niemal idealnym przeciwie\u0144stwem Denali. Kilimand\u017caro, najwy\u017csza g\u00f3ra Afryki, le\u017cy w Tanzanii, zaledwie 3 stopnie (ok. 330 km) na po\u0142udnie od r\u00f3wnika. To wygas\u0142y wulkan z trzema sto\u017ckami, z kt\u00f3rych najwy\u017cszy, Kibo, wznosi si\u0119 na 5895 m nad poziomem morza. Najwy\u017cszy punkt o kilkudziesi\u0119ciu lat nazywa si\u0119 Uhuru Peak, co w j\u0119zyku suahili oznacza \u201eSzczyt Wolno\u015bci\u201d.<\/p>\n\n\n\n<p class=\"wp-block-paragraph\">Wej\u015bcie na Kilimand\u017caro nie wymaga sprz\u0119tu wspinaczkowego, ale sporym wyzwaniem jest sama wysoko\u015b\u0107. Zdecydowana wi\u0119kszo\u015b\u0107 nieudanych wej\u015b\u0107 szczyt jest spowodanych chorob\u0105 wysoko\u015bciow\u0105. Wiele os\u00f3b w\u0142a\u015bnie od do\u015b\u0107 \u0142atwo dost\u0119pnego Kilimand\u017caro zaczyna swoj\u0105 drog\u0119 do zdobycia Korony Ziemi. Temperatury &#8211; cho\u0107 niskie &#8211; nie s\u0105 tak problematyczne jak na innych szczytach, trudno\u015bci wspinaczkowych brak i jedyn\u0105 zagadk\u0105 jest to jak nasz organizm zniesie wysoko\u015b\u0107.<\/p>\n\n\n\n<p class=\"wp-block-paragraph\">Wok\u00f3\u0142 wierzcho\u0142ka Kilimand\u017caro le\u017cy kilka lodowc\u00f3w, kt\u00f3re znikaj\u0105 w nieprawdopodobnie wr\u0119cz szybkim tempie. Kilka z nich mo\u017cna zobaczy\u0107 ju\u017c tylko na zdj\u0119ciach, a klimatolodzy prognozuj\u0105, \u017ce do po\u0142owy XXI wieku, na Kilimand\u017caro nie b\u0119dzie ju\u017c ani grama \u015bniegu ani lodu.<\/p>\n\n\n\n<p class=\"wp-block-paragraph\"><strong>Przeczytaj te\u017c:<\/strong><\/p>\n\n\n\n<ul class=\"wp-block-list\">\n<li><a href=\"https:\/\/8a.pl\/8academy\/kilimandzaro-trekking-na-najwyzszy-szczyt-afryki\/\"><strong>Kilimand\u017caro \u2013 trekking na najwy\u017cszy szczyt Afryki<\/strong><\/a><\/li>\n<\/ul>\n\n\n\n<hr class=\"wp-block-separator has-text-color has-cyan-bluish-gray-color has-alpha-channel-opacity has-cyan-bluish-gray-background-color has-background\"\/>\n\n\n\n<p class=\"wp-block-paragraph\"><\/p>\n\n\n<div class=\"wp-block-image\">\n<figure class=\"aligncenter size-full\"><img loading=\"lazy\" decoding=\"async\" width=\"600\" height=\"900\" src=\"https:\/\/8a.pl\/8academy\/wp-content\/uploads\/2025\/02\/elbrus-region-mount-elbrus-is-visible-in-the-back-2023-11-27-04-50-43-utc.jpg\" alt=\"Elbrus to szczyt zdobywany zar\u00f3wno w ramach Korony Ziemi jak i Korony Wulkanicznej Ziemi.\" class=\"wp-image-75514\" srcset=\"https:\/\/8a.pl\/8academy\/wp-content\/uploads\/2025\/02\/elbrus-region-mount-elbrus-is-visible-in-the-back-2023-11-27-04-50-43-utc.jpg 600w, https:\/\/8a.pl\/8academy\/wp-content\/uploads\/2025\/02\/elbrus-region-mount-elbrus-is-visible-in-the-back-2023-11-27-04-50-43-utc-200x300.jpg 200w\" sizes=\"(max-width: 600px) 100vw, 600px\" \/><figcaption class=\"wp-element-caption\">Elbrus to szczyt zdobywany zar\u00f3wno w ramach Korony Ziemi jak i Korony Wulkanicznej Ziemi. (fot. Envato)<\/figcaption><\/figure>\n<\/div>\n\n\n<h2 class=\"wp-block-heading\" id=\"h-elbrus\">Elbrus<\/h2>\n\n\n\n<p class=\"wp-block-paragraph\">Tak samo jak Kilimand\u017caro, i Elbrus jest szczytem wulkanicznym. Najwy\u017csza g\u00f3ra Europy &nbsp;znajduje si\u0119 w Rosyjskiej cz\u0119\u015bci Kaukazu. W odr\u00f3\u017cnieniu od najwy\u017cszego szczytu Afryki, Elbrus jest wulkanem nie wygas\u0142ym, ale drzemi\u0105cym. Ostatnia aktywno\u015b\u0107 mia\u0142a miejsce co prawda ok. 2000 lat temu, ale na stokach nadal mo\u017cna poczu\u0107 charakterystyczn\u0105 wo\u0144 siarkowodoru.<\/p>\n\n\n\n<p class=\"wp-block-paragraph\">Elbrus jest obok Kilimand\u017caro uwa\u017cany za naj\u0142atwiejszy szczyt w Koronie Ziemi. Droga normalna nie stawia przed pr\u00f3buj\u0105cymi go zdoby\u0107 szczeg\u00f3lnych trudno\u015bci, ale \u2013 absurdalnie \u2013 w\u0142a\u015bnie to przekonanie jest \u017ar\u00f3d\u0142em wielu wypadk\u00f3w. Wiele os\u00f3b wybieraj\u0105cych si\u0119 na Elbrus, zach\u0119conych entuzjastycznymi relacjami, wierzy, \u017ce to po prostu \u201ebardzo wysoka Babia G\u00f3ra\u201d. Co sezon na Elbrusie traci \u017cycie nawet dwadzie\u015bcia kilka os\u00f3b. W\u0142a\u015bnie z powodu zbyt s\u0142abego przygotowania i niestarannej aklimatyzacji.<\/p>\n\n\n\n<p class=\"wp-block-paragraph\"><strong>Przeczytaj te\u017c:<\/strong><\/p>\n\n\n\n<ul class=\"wp-block-list\">\n<li><a href=\"https:\/\/8a.pl\/8academy\/choroby-wysokosciowe\/\"><strong>Choroby wysoko\u015bciowe<\/strong><\/a><\/li>\n<\/ul>\n\n\n\n<hr class=\"wp-block-separator has-text-color has-cyan-bluish-gray-color has-alpha-channel-opacity has-cyan-bluish-gray-background-color has-background\"\/>\n\n\n\n<p class=\"wp-block-paragraph\"><\/p>\n\n\n<div class=\"wp-block-image\">\n<figure class=\"aligncenter size-full\"><img loading=\"lazy\" decoding=\"async\" width=\"600\" height=\"900\" src=\"https:\/\/8a.pl\/8academy\/wp-content\/uploads\/2025\/02\/Mount_Vinson_from_NW_at_Vinson_Plateau_by_Christian_Stangl_flickr.jpg\" alt=\"Po\u0142o\u017cony na Antarktydzie Mount Vinson zosta\u0142 ze wszystkich szczyt\u00f3w Korony Ziemi zdobyty najp\u00f3\u017aniej.\" class=\"wp-image-75515\" srcset=\"https:\/\/8a.pl\/8academy\/wp-content\/uploads\/2025\/02\/Mount_Vinson_from_NW_at_Vinson_Plateau_by_Christian_Stangl_flickr.jpg 600w, https:\/\/8a.pl\/8academy\/wp-content\/uploads\/2025\/02\/Mount_Vinson_from_NW_at_Vinson_Plateau_by_Christian_Stangl_flickr-200x300.jpg 200w\" sizes=\"(max-width: 600px) 100vw, 600px\" \/><figcaption class=\"wp-element-caption\">Po\u0142o\u017cony na Antarktydzie Mount Vinson zosta\u0142 ze wszystkich szczyt\u00f3w Korony Ziemi zdobyty najp\u00f3\u017aniej. (fot. Wikimedia Commons)<\/figcaption><\/figure>\n<\/div>\n\n\n<h2 class=\"wp-block-heading\" id=\"h-mount-vinson\">Mount Vinson<\/h2>\n\n\n\n<p class=\"wp-block-paragraph\">Le\u017c\u0105cy na Antarktydzie Mount Vinson jest kolejnym szczytem Korony Ziemi, w przypadku kt\u00f3rego wyzwaniem nie s\u0105 trudno\u015bci techniczne. Problemem jest oczywi\u015bcie jego po\u0142o\u017cenie na kontynencie, kt\u00f3ry w odr\u00f3\u017cnieniu od wszystkich pozosta\u0142ych jest niezamieszkany.<\/p>\n\n\n\n<p class=\"wp-block-paragraph\">O istnieniu pi\u0119ciotysi\u0119cznego szczytu w G\u00f3rach Ellswortha na Antarktydzie przez d\u0142ugie lata jedynie spekulowano. Samo pasmo odkryto w latach 30. ubieg\u0142ego stulecia, ale nie wiedziano o nim wiele wi\u0119cej ponad to, \u017ce istnieje i, \u017ce mo\u017cna szacowa\u0107 wysoko\u015b\u0107 najwy\u017cszych jego szczyt\u00f3w na ponad 4000 m. Dopiero w 1958, podczas jednego z wojskowych lot\u00f3w nad nim dokonano pomiar\u00f3w, kt\u00f3re wykaza\u0142y, \u017ce najwy\u017csze wzniesienie ma 4893 m.<\/p>\n\n\n\n<p class=\"wp-block-paragraph\">Jak wiadomo, Antarktyda jest terytorium bezpa\u0144stwowym, zarz\u0105dzanym przez spo\u0142eczno\u015b\u0107 mi\u0119dzynarodow\u0105 na podstawie Traktatu Antarktycznego. Nie wszystkie jednak pa\u0144stwa s\u0105 co do tego zgodne. Cz\u0119\u015b\u0107 G\u00f3r Ellswortha, w tym mi\u0119dzy innym Masyw Vinsona, le\u017c\u0105 na terytorium do kt\u00f3rego prawa ro\u015bci sobie Chile. Wycinek antartyckiego \u201etortu\u201d uwa\u017caj\u0105 za, ni mniej ni wi\u0119cej, tylko terytorium swojego pa\u0144stwa. Na Antraktydzie powsta\u0142a nawet niewielka, zamieszkiwana przez ok. 100 os\u00f3b chilijska osada \u2013 Villa San Estrellas. Bez obaw, jak na razie wej\u015bcie na Mount Vinson nie wymaga posiadania chilijskiej wizy.<\/p>\n\n\n\n<p class=\"wp-block-paragraph\"><\/p>\n\n\n<div class=\"wp-block-image\">\n<figure class=\"aligncenter size-full\"><img loading=\"lazy\" decoding=\"async\" width=\"600\" height=\"900\" src=\"https:\/\/8a.pl\/8academy\/wp-content\/uploads\/2025\/02\/majestic-peak-of-aconcagua-2025-01-09-06-27-12-utc-1.jpg\" alt=\"Drugi pod wzgl\u0119dem wysoko\u015bci szczyt w Koronie Ziemi i najwy\u017csza g\u00f3ra, kt\u00f3ra nie le\u017cy w Himalajach - Aconcagua.\" class=\"wp-image-75517\" srcset=\"https:\/\/8a.pl\/8academy\/wp-content\/uploads\/2025\/02\/majestic-peak-of-aconcagua-2025-01-09-06-27-12-utc-1.jpg 600w, https:\/\/8a.pl\/8academy\/wp-content\/uploads\/2025\/02\/majestic-peak-of-aconcagua-2025-01-09-06-27-12-utc-1-200x300.jpg 200w\" sizes=\"(max-width: 600px) 100vw, 600px\" \/><figcaption class=\"wp-element-caption\">Drugi pod wzgl\u0119dem wysoko\u015bci szczyt w Koronie Ziemi i najwy\u017csza g\u00f3ra, kt\u00f3ra nie le\u017cy w Himalajach &#8211; Aconcagua. (fot. Envato)<\/figcaption><\/figure>\n<\/div>\n\n\n<h2 class=\"wp-block-heading\" id=\"h-aconcagua\">Aconcagua<\/h2>\n\n\n\n<p class=\"wp-block-paragraph\">Aconcagua to nie tylko najwy\u017csza g\u00f3ra Ameryki Po\u0142udniowej. To tak\u017ce najwy\u017csze na Ziemi wzniesienie poza Himalajami i Karakorum. W Koronie Ziemi jest wi\u0119c oczywi\u015bcie drugim co do wysoko\u015bci szczytem. Tak samo jak w przypadku Kilimand\u017caro czy Elbrusu, droga normalna na szczyt jest relatywnie prosta. Nie ma odcink\u00f3w wspinaczkowych, a czekan i raki przydaj\u0105 si\u0119 tylko w\u00f3wczas, gdy pod szczytem jest du\u017co \u015bniegu. Bywa nazywana najwy\u017cszym trekkingowym szczytem \u015bwiata, bo gdyby nie wysoko\u015b\u0107, zdoby\u0107 m\u00f3g\u0142by j\u0105 niemal ka\u017cdy.<\/p>\n\n\n\n<p class=\"wp-block-paragraph\">Z racji na brak wyzwa\u0144 technicznych, Aconcagua cz\u0119sto jest wybierana przez himalaist\u00f3w jako miejsce aklimatyzacji przed wypraw\u0105. Znacznie \u0142atwiej bowiem zdoby\u0107 wysoko\u015b\u0107 wchodz\u0105c na najwy\u017cszy szczyt Ameryki Po\u0142udniowej, ni\u017c zmaga\u0107 si\u0119 z trudn\u0105 technicznie wspinaczk\u0105 w Himalajach. Na Aconcagu\u0119 prowadzi te\u017c kilka prawdziwie trudnych wspinaczkowych dr\u00f3g, jak cho\u0107by Droga Polak\u00f3w, kt\u00f3r\u0105 na po\u0142udniowej \u015bcianie wytyczy\u0142a polska wyprawa w 1934 roku.<\/p>\n\n\n\n<p class=\"wp-block-paragraph\"><strong>Przeczytaj te\u017c:<\/strong><\/p>\n\n\n\n<ul class=\"wp-block-list\">\n<li><a href=\"https:\/\/8a.pl\/8academy\/aconcagua-najwyzszy-szczyt-ameryki-poludniowej\/\"><strong>Aconcagua \u2013 najwy\u017cszy szczyt Ameryki Po\u0142udniowej<\/strong><\/a><\/li>\n\n\n\n<li><a href=\"https:\/\/8a.pl\/8academy\/aconcagua-wyprawa-najwyzszy-szczyt-ameryki-poludniowej\/\"><strong>Aconcagua \u2013 wyprawa na najwy\u017cszy szczyt Ameryki Po\u0142udniowej<\/strong><\/a><\/li>\n<\/ul>\n\n\n\n<hr class=\"wp-block-separator has-text-color has-cyan-bluish-gray-color has-alpha-channel-opacity has-cyan-bluish-gray-background-color has-background\"\/>\n\n\n\n<p class=\"wp-block-paragraph\"><\/p>\n\n\n<div class=\"wp-block-image\">\n<figure class=\"aligncenter size-full\"><img loading=\"lazy\" decoding=\"async\" width=\"600\" height=\"900\" src=\"https:\/\/8a.pl\/8academy\/wp-content\/uploads\/2025\/02\/600x900_academy_72.jpg.webp\" alt=\"W naszym podca\u015bcie, Tomasz Kobielski opowiada\u0142 o dw\u00f3ch najbardziej skomplikowanych logistycznie szczytach w Koronie Ziemi - Piramidzie Carstensza i Mount Vinson.\" class=\"wp-image-75518\" srcset=\"https:\/\/8a.pl\/8academy\/wp-content\/uploads\/2025\/02\/600x900_academy_72.jpg.webp 600w, https:\/\/8a.pl\/8academy\/wp-content\/uploads\/2025\/02\/600x900_academy_72.jpg-200x300.webp 200w\" sizes=\"(max-width: 600px) 100vw, 600px\" \/><figcaption class=\"wp-element-caption\">W naszym podca\u015bcie, Tomasz Kobielski opowiada\u0142 o dw\u00f3ch najbardziej skomplikowanych logistycznie szczytach w Koronie Ziemi &#8211; Piramidzie Carstensza i Mount Vinson. (fot. Piotr Deska)<\/figcaption><\/figure>\n<\/div>\n\n\n<h2 class=\"wp-block-heading\" id=\"h-piramida-carstensza\">Piramida Carstensza<\/h2>\n\n\n\n<p class=\"wp-block-paragraph\">Le\u017c\u0105ca na Nowej Gwinei Piramida Carstensza jest szczytem, kt\u00f3ry nie by\u0142 obecny w pierwszych wersjach listy Korony Ziemi. Wspinacze s\u0105 jednak poszukiwaczami wyzwa\u0144 i adrenaliny i od momentu kiedy Messner zaproponowa\u0142 zast\u0105pienie G\u00f3ry Ko\u015bciuszki tym szczytem, wi\u0119kszo\u015b\u0107 mu przyklasn\u0119\u0142a.<\/p>\n\n\n\n<p class=\"wp-block-paragraph\">Piramida Carstensza to oczywi\u015bcie nazwa nadana przez kolonizator\u00f3w, Holendr\u00f3w, na cze\u015b\u0107 jej odkrywcy, Jana Carstensza. Kiedy w 1963 roku Indonezja przej\u0119\u0142a kontrol\u0119 nad holendersk\u0105 cz\u0119\u015bci\u0105 Nowej Gwinei, nadano jej nazw\u0119 Puncak Jaya, co mo\u017cna przet\u0142umaczy\u0107 jako \u201eSzczyt Zwyci\u0119stwa\u201d.<\/p>\n\n\n\n<p class=\"wp-block-paragraph\">Jest najni\u017cszym z siedmiu szczyt\u00f3w z tzw. listy Messnera, ale powszechnie uwa\u017ca si\u0119 go za jeden z trudniejszych. Poza czysto technicznymi, wspinaczkowymi wyzwaniami, ogromn\u0105 komplikacj\u0105 jest logistyka wyprawy. Rz\u0105d Indonezji bardzo restrykcyjnie kontroluje dost\u0119p do g\u00f3ry i zdarza\u0142o si\u0119, \u017ce przez ca\u0142e lata nie wydawano \u017cadnych zezwole\u0144. Jednym z powod\u00f3w jest fakt, \u017ce u st\u00f3p Puncak Jaya le\u017cy druga co do wielko\u015bci kopalnia z\u0142ota na \u015bwiecie.<\/p>\n\n\n\n<p class=\"wp-block-paragraph\">Z pierwszym wej\u015bciem na Piramid\u0119 Carstensza wi\u0105\u017ce si\u0119 cokolwiek kuriozalna historia. Holenderska ekspedycja, kt\u00f3ra wybra\u0142a si\u0119 na podb\u00f3j najwy\u017cszego wzniesienia na wyspie w 1936 nie wesz\u0142a na ten szczyt, mo\u017cna by powiedzie\u0107 przez przypadek. Nie byli w stanie okre\u015bli\u0107, kt\u00f3ry wierzcho\u0142ek jest najwy\u017cszy i \u2026 wybrali \u017ale wchodz\u0105c na zaledwie 20 metr\u00f3w ni\u017cszy Ngga Pulu. Na w\u0142a\u015bciwy szczyt dotar\u0142 ze swoj\u0105 ekip\u0105 dopiero w 1962 roku Heinrich Harrer.<\/p>\n\n\n\n<p class=\"wp-block-paragraph\"><strong>Przeczytaj te\u017c:<\/strong><\/p>\n\n\n\n<ul class=\"wp-block-list\">\n<li><a href=\"https:\/\/8a.pl\/8academy\/piramida-carstensz-i-mount-vinson-podcast-z-tomaszem-kobielskim\/\"><strong>Piramida Carstensz i Mount Vinson \u2013 podcast z Tomaszem Kobielskim<\/strong><\/a><\/li>\n<\/ul>\n\n\n\n<hr class=\"wp-block-separator has-text-color has-cyan-bluish-gray-color has-alpha-channel-opacity has-cyan-bluish-gray-background-color has-background\"\/>\n\n\n\n<p class=\"wp-block-paragraph\"><\/p>\n\n\n<div class=\"wp-block-image\">\n<figure class=\"aligncenter size-full\"><img loading=\"lazy\" decoding=\"async\" width=\"600\" height=\"900\" src=\"https:\/\/8a.pl\/8academy\/wp-content\/uploads\/2025\/02\/Leszek_Cichy.jpg\" alt=\"Pierwszym polskim zdobywc\u0105 Korony Ziemi jest Leszek Cichy.\" class=\"wp-image-75519\" srcset=\"https:\/\/8a.pl\/8academy\/wp-content\/uploads\/2025\/02\/Leszek_Cichy.jpg 600w, https:\/\/8a.pl\/8academy\/wp-content\/uploads\/2025\/02\/Leszek_Cichy-200x300.jpg 200w\" sizes=\"(max-width: 600px) 100vw, 600px\" \/><figcaption class=\"wp-element-caption\">Pierwszym polskim zdobywc\u0105 Korony Ziemi jest Leszek Cichy. (fot. Wikimedia Commons)<\/figcaption><\/figure>\n<\/div>\n\n\n<h2 class=\"wp-block-heading\" id=\"h-polscy-zdobywcy-korony-ziemi\">Polscy zdobywcy Korony Ziemi<\/h2>\n\n\n\n<p class=\"wp-block-paragraph\">Koron\u0119 Ziemi zdoby\u0142o dotychczas pradowpodobnie blisko 500 os\u00f3b. \u201ePrawdopodobnie\u201d, bo w odr\u00f3\u017cnieniu od himalajskich o\u015bmiotysi\u0119cznik\u00f3w, nie ma jednolitego rejestru wej\u015b\u0107. Informacje s\u0105 mocno rozporoszone i nierzadko sprzeczne. Nas jednak najbardziej interesuje lista polskich zdobywc\u00f3w Korony Ziemi, a na niej jest prawie 30 os\u00f3b. Wymie\u0144my wi\u0119c chocia\u017c cz\u0119\u015b\u0107 z nich.<\/p>\n\n\n\n<ul class=\"wp-block-list\">\n<li><strong>Leszek Cichy<\/strong> \u2013 pierwszy zimowy zdobywca Everestu (w 1980 roku z Krzysztofem Wielickim) jest pierwszy Polakiem, kt\u00f3ry skompletowa\u0142 Koron\u0119 Ziemi. Projekt zako\u0144czy\u0142 w 1999 roku wchodz\u0105c na Puncak Jaya \/ Piramid\u0119 Carstensza.<\/li>\n\n\n\n<li><strong>Anna Czerwi\u0144ska<\/strong> \u2013 znakomita himalaistka, sw\u00f3j projekt zako\u0144czy\u0142a rok p\u00f3\u017aniej, w 2000 roku.<\/li>\n\n\n\n<li><strong>Martyna Wojciechowska<\/strong> \u2013 trzecia Polka z Koron\u0105 Ziemi, ale dopiero druga, kt\u00f3ra zdoby\u0142a j\u0105 w wersji Reinholda Messnera. Projekt zaj\u0105\u0142 jej 7 lat, uko\u0144czy\u0142a go w 2010 roku.<\/li>\n\n\n\n<li><strong>Janusz Kocha\u0144ski<\/strong> \u2013 Koron\u0119 Ziemi zdoby\u0142 dwukrotnie. Za pierwszym razem zrobi\u0142 to w ci\u0105gu jednego roku kalendarzowego, w 2016 roku. W 2017 zaj\u0119\u0142o mu to zaledwie 126 dni. 14 stycznia stan\u0105\u0142 na Mount Vinson, a 20 maja zako\u0144czy\u0142 projekt zdobywaj\u0105c Mount Everest.<\/li>\n\n\n\n<li><strong>Bogumi\u0142a \u201eMi\u0142ka\u201d Raulin<\/strong> \u2013 podr\u00f3\u017cniczka, jest najm\u0142odsz\u0105 Polk\u0105, kt\u00f3ra skompletowa\u0142a Koron\u0119 Ziemi. Zrobi\u0142a to w wersji z\u0142o\u017conej z dziewi\u0119ciu szczyt\u00f3w, czyli wesz\u0142a na Elbrus i Mont Blanc, oraz na G\u00f3r\u0119 Ko\u015bciuszki i Piramid\u0119 Carstensza.<\/li>\n\n\n\n<li><strong>Tomasz Kobielski <\/strong>\u2013 himalaista, znany wam z pewno\u015bci\u0105 z publikacji na 8academy i naszych podcast\u00f3w. Tomek zdoby\u0142 Koron\u0119 Ziemi dwukrotnie. Po raz pierwszy uko\u0144czy\u0142 wyzwanie w 2008 roku, a po raz drugi w 2024. Na pocz\u0105tku 2025 zosta\u0142 r\u00f3wnie\u017c zdobywc\u0105 Wulkanicznej Korony Ziemi wchodz\u0105c na Mount Sidley na Antarktydzie.<\/li>\n<\/ul>\n\n\n\n<p class=\"wp-block-paragraph\"><\/p>\n\n\n<div class=\"wp-block-image\">\n<figure class=\"aligncenter size-full\"><img loading=\"lazy\" decoding=\"async\" width=\"600\" height=\"900\" src=\"https:\/\/8a.pl\/8academy\/wp-content\/uploads\/2025\/02\/mario_simoes_flickr_27818932152_8fb8081f2b_o_sm.jpg\" alt=\"Dotarcie na szczyt Mount Everest jest wyczynem nie tylko je\u015bli chodzi o wydolno\u015b\u0107 i wysi\u0142ek, ale tak\u017ce pod wzgl\u0119dem ogromnych koszt\u00f3w takiej wyprawy.\" class=\"wp-image-75520\" srcset=\"https:\/\/8a.pl\/8academy\/wp-content\/uploads\/2025\/02\/mario_simoes_flickr_27818932152_8fb8081f2b_o_sm.jpg 600w, https:\/\/8a.pl\/8academy\/wp-content\/uploads\/2025\/02\/mario_simoes_flickr_27818932152_8fb8081f2b_o_sm-200x300.jpg 200w\" sizes=\"(max-width: 600px) 100vw, 600px\" \/><figcaption class=\"wp-element-caption\">Dotarcie na szczyt Mount Everest jest wyczynem nie tylko je\u015bli chodzi o wydolno\u015b\u0107 i wysi\u0142ek, ale tak\u017ce pod wzgl\u0119dem ogromnych koszt\u00f3w takiej wyprawy. (fot. Mario Simoes \/ flickr)<\/figcaption><\/figure>\n<\/div>\n\n\n<h2 class=\"wp-block-heading\" id=\"h-korona-ziemi-koszty\">Korona Ziemi \u2013 koszty<\/h2>\n\n\n\n<p class=\"wp-block-paragraph\">Wyprawy na wszystkie kontynenty, zdobywanie trudnych szczyt\u00f3w \u2013 trudno si\u0119 dziwi\u0107, \u017ce skompletowanie Korony Ziemi to ogromne koszta. To prawda, \u017ce cho\u0107by na Elbrus mo\u017cna wej\u015b\u0107 w wersji bud\u017cetowej. Nie ma wymogu wchodzenia z przewodnikiem, dotarcie na Kaukaz te\u017c nie jest jako\u015b niezwykle kosztowne.<\/p>\n\n\n\n<p class=\"wp-block-paragraph\">Sytuacja jest jednak diametralnie inna je\u015bli przyjrze\u0107 si\u0119 kosztom zwi\u0105zanym ze zdobywaniem Mount Everest albo Mount Vinson. W tym pierwszym przypadku nawet mocno oszcz\u0119dna wersja wyprawy to koszt ok. 35&nbsp;000 USD \u2013 bez sprz\u0119tu i bilet\u00f3w do Nepalu. Mount Vinson jest r\u00f3wnie szalonym wydatkiem. Firma, kt\u00f3ra jest liderem w organizowaniu wypraw na Antarktydzie, ALE (Antarctic Logistics &amp; Expedition) wycenia tak\u0105 przyjemno\u015b\u0107 na ponad 50000$. Je\u015bli doliczy\u0107 do tego jeszcze dro\u017csze ni\u017c w przypadku lotu w Himalaje bilety, okazuje si\u0119, \u017ce ka\u017cda z tych dw\u00f3ch wypraw jest kosztowniejsza ni\u017c pozosta\u0142ych pi\u0119\u0107.<\/p>\n\n\n\n<p class=\"wp-block-paragraph\">W teorii, wej\u015bcie na Denali r\u00f3wnie\u017c nie wymaga korzystania z us\u0142ug agencji. Ma\u0142o kto jednak \u2013 poza bardzo do\u015bwiadczonymi wspinaczami i himalaistami \u2013 si\u0119 na to decyduje. Zatem teoretyczny najni\u017cszy koszt takiej wyprawy jest niemal zupe\u0142nie iluzoryczny, bo wi\u0119kszo\u015b\u0107 os\u00f3b wybieraj\u0105cych si\u0119 na najwy\u017csz\u0105 g\u00f3r\u0119 Ameryki P\u00f3\u0142nocnej, dla w\u0142asnego bezpiecze\u0144stwa, skorzysta z us\u0142ug do\u015bwiadczonych przewodnik\u00f3w.<\/p>\n\n\n\n<p class=\"wp-block-paragraph\">Szacunkowe koszty wypraw na ka\u017cdy z siedmiu szczyt\u00f3w Korony Ziemi, na bazie cen proponowanych przez agencje to:<\/p>\n\n\n\n<ul class=\"wp-block-list\">\n<li>Elbrus \u2013 ok. 9000 PLN<\/li>\n\n\n\n<li>Kilimanjaro \u2013 ok. 15000 PLN<\/li>\n\n\n\n<li>Aconcagua \u2013 ok. 18-20000 PLN<\/li>\n\n\n\n<li>Denali \u2013 45-50000 PLN<\/li>\n\n\n\n<li>Piramida Carstensza \u2013 55-60000 PLN<\/li>\n\n\n\n<li>Mount Everest \u2013 140-160000 PLN<\/li>\n\n\n\n<li>Mount Vinson \u2013 160-190000 PLN<\/li>\n<\/ul>\n","protected":false},"excerpt":{"rendered":"<p>Wszystko co \u201enaj\u201d wydaje si\u0119 poci\u0105gaj\u0105ce. Najwy\u017cszy szczyt na \u015bwiecie, najwi\u0119ksza pustynia, najd\u0142u\u017csza rzeka \u2013 to wyzwania, kt\u00f3re kusz\u0105 poszukiwaczy mocnych wra\u017ce\u0144. Po jednym przychodzi pora na nast\u0119pne, potem kolejne. I ani si\u0119 obejrze\u0107, a powstaje projekt obejmuj\u0105cy wi\u0119cej takich \u201enaj\u201d\u2026<\/p>\n","protected":false},"author":82,"featured_media":75505,"comment_status":"open","ping_status":"open","sticky":false,"template":"","format":"standard","meta":{"_acf_changed":false,"_uf_show_specific_survey":0,"_uf_disable_surveys":false,"footnotes":""},"categories":[26071],"tags":[26086,26104,26077],"class_list":["post-75418","post","type-post","status-publish","format-standard","has-post-thumbnail","hentry","category-alpinizm","tag-alpinizm","tag-caloroczne","tag-przewodnik"],"acf":[],"yoast_head":"<!-- This site is optimized with the Yoast SEO Premium plugin v23.4 (Yoast SEO v25.5) - https:\/\/yoast.com\/wordpress\/plugins\/seo\/ -->\n<title>Korona Ziemi - moda czy poszukiwanie w\u0142asnej drogi?<\/title>\n<meta name=\"description\" content=\"Korona Ziemi to nie tylko wyzwanie czysto wspinaczkowe i g\u00f3rskie, ale tak\u017ce pot\u0119\u017cne przedsi\u0119wzi\u0119cie logistyczne.\" \/>\n<meta name=\"robots\" content=\"index, follow, max-snippet:-1, max-image-preview:large, max-video-preview:-1\" \/>\n<link rel=\"canonical\" href=\"https:\/\/8a.pl\/8academy\/korona-ziemi-moda-czy-poszukiwanie-wlasnej-drogi\/\" \/>\n<meta property=\"og:locale\" content=\"pl_PL\" \/>\n<meta property=\"og:type\" content=\"article\" \/>\n<meta property=\"og:title\" content=\"Korona Ziemi - najwy\u017csze szczyty kontynent\u00f3w\" \/>\n<meta property=\"og:description\" content=\"Korona Ziemi to nie tylko wyzwanie czysto wspinaczkowe i g\u00f3rskie, ale tak\u017ce pot\u0119\u017cne przedsi\u0119wzi\u0119cie logistyczne.\" \/>\n<meta property=\"og:url\" content=\"https:\/\/8a.pl\/8academy\/korona-ziemi-moda-czy-poszukiwanie-wlasnej-drogi\/\" \/>\n<meta property=\"og:site_name\" content=\"8academy.pl - portal g\u00f3rski i wspinaczkowy dla aktywnych\" \/>\n<meta property=\"article:publisher\" content=\"https:\/\/pl-pl.facebook.com\/sklep8apl\/\" \/>\n<meta property=\"article:published_time\" content=\"2025-02-06T16:29:40+00:00\" \/>\n<meta property=\"article:modified_time\" content=\"2025-02-26T12:42:19+00:00\" \/>\n<meta property=\"og:image\" content=\"http:\/\/8a.pl\/8academy\/wp-content\/uploads\/2016\/06\/cover-fb-3.jpg\" \/>\n\t<meta property=\"og:image:width\" content=\"1200\" \/>\n\t<meta property=\"og:image:height\" content=\"628\" \/>\n\t<meta property=\"og:image:type\" content=\"image\/jpeg\" \/>\n<meta name=\"author\" content=\"Tomasz Biernacki\" \/>\n<meta name=\"twitter:card\" content=\"summary_large_image\" \/>\n<meta name=\"twitter:label1\" content=\"Napisane przez\" \/>\n\t<meta name=\"twitter:data1\" content=\"Tomasz Biernacki\" \/>\n\t<meta name=\"twitter:label2\" content=\"Szacowany czas czytania\" \/>\n\t<meta name=\"twitter:data2\" content=\"19 minut\" \/>\n<!-- \/ Yoast SEO Premium plugin. -->","yoast_head_json":{"title":"Korona Ziemi - moda czy poszukiwanie w\u0142asnej drogi?","description":"Korona Ziemi to nie tylko wyzwanie czysto wspinaczkowe i g\u00f3rskie, ale tak\u017ce pot\u0119\u017cne przedsi\u0119wzi\u0119cie logistyczne.","robots":{"index":"index","follow":"follow","max-snippet":"max-snippet:-1","max-image-preview":"max-image-preview:large","max-video-preview":"max-video-preview:-1"},"canonical":"https:\/\/8a.pl\/8academy\/korona-ziemi-moda-czy-poszukiwanie-wlasnej-drogi\/","og_locale":"pl_PL","og_type":"article","og_title":"Korona Ziemi - najwy\u017csze szczyty kontynent\u00f3w","og_description":"Korona Ziemi to nie tylko wyzwanie czysto wspinaczkowe i g\u00f3rskie, ale tak\u017ce pot\u0119\u017cne przedsi\u0119wzi\u0119cie logistyczne.","og_url":"https:\/\/8a.pl\/8academy\/korona-ziemi-moda-czy-poszukiwanie-wlasnej-drogi\/","og_site_name":"8academy.pl - portal g\u00f3rski i wspinaczkowy dla aktywnych","article_publisher":"https:\/\/pl-pl.facebook.com\/sklep8apl\/","article_published_time":"2025-02-06T16:29:40+00:00","article_modified_time":"2025-02-26T12:42:19+00:00","og_image":[{"width":1200,"height":628,"url":"http:\/\/8a.pl\/8academy\/wp-content\/uploads\/2016\/06\/cover-fb-3.jpg","type":"image\/jpeg"}],"author":"Tomasz Biernacki","twitter_card":"summary_large_image","twitter_misc":{"Napisane przez":"Tomasz Biernacki","Szacowany czas czytania":"19 minut"},"schema":{"@context":"https:\/\/schema.org","@graph":[{"@type":"Article","@id":"https:\/\/8a.pl\/8academy\/korona-ziemi-moda-czy-poszukiwanie-wlasnej-drogi\/#article","isPartOf":{"@id":"https:\/\/8a.pl\/8academy\/korona-ziemi-moda-czy-poszukiwanie-wlasnej-drogi\/"},"author":{"name":"Tomasz Biernacki","@id":"https:\/\/8a.pl\/8academy\/#\/schema\/person\/2bdd3501d6620de31291c8b8b6bcf1e7"},"headline":"Korona Ziemi &#8211; najwy\u017csze szczyty kontynent\u00f3w","datePublished":"2025-02-06T16:29:40+00:00","dateModified":"2025-02-26T12:42:19+00:00","mainEntityOfPage":{"@id":"https:\/\/8a.pl\/8academy\/korona-ziemi-moda-czy-poszukiwanie-wlasnej-drogi\/"},"wordCount":3108,"commentCount":0,"publisher":{"@id":"https:\/\/8a.pl\/8academy\/#organization"},"image":{"@id":"https:\/\/8a.pl\/8academy\/korona-ziemi-moda-czy-poszukiwanie-wlasnej-drogi\/#primaryimage"},"thumbnailUrl":"https:\/\/8a.pl\/8academy\/wp-content\/uploads\/2025\/02\/cover-4.jpg","keywords":["Alpinizm","Ca\u0142oroczne","Przewodnik"],"articleSection":["Alpinizm"],"inLanguage":"pl-PL","potentialAction":[{"@type":"CommentAction","name":"Comment","target":["https:\/\/8a.pl\/8academy\/korona-ziemi-moda-czy-poszukiwanie-wlasnej-drogi\/#respond"]}]},{"@type":"WebPage","@id":"https:\/\/8a.pl\/8academy\/korona-ziemi-moda-czy-poszukiwanie-wlasnej-drogi\/","url":"https:\/\/8a.pl\/8academy\/korona-ziemi-moda-czy-poszukiwanie-wlasnej-drogi\/","name":"Korona Ziemi - moda czy poszukiwanie w\u0142asnej drogi?","isPartOf":{"@id":"https:\/\/8a.pl\/8academy\/#website"},"primaryImageOfPage":{"@id":"https:\/\/8a.pl\/8academy\/korona-ziemi-moda-czy-poszukiwanie-wlasnej-drogi\/#primaryimage"},"image":{"@id":"https:\/\/8a.pl\/8academy\/korona-ziemi-moda-czy-poszukiwanie-wlasnej-drogi\/#primaryimage"},"thumbnailUrl":"https:\/\/8a.pl\/8academy\/wp-content\/uploads\/2025\/02\/cover-4.jpg","datePublished":"2025-02-06T16:29:40+00:00","dateModified":"2025-02-26T12:42:19+00:00","description":"Korona Ziemi to nie tylko wyzwanie czysto wspinaczkowe i g\u00f3rskie, ale tak\u017ce pot\u0119\u017cne przedsi\u0119wzi\u0119cie logistyczne.","breadcrumb":{"@id":"https:\/\/8a.pl\/8academy\/korona-ziemi-moda-czy-poszukiwanie-wlasnej-drogi\/#breadcrumb"},"inLanguage":"pl-PL","potentialAction":[{"@type":"ReadAction","target":["https:\/\/8a.pl\/8academy\/korona-ziemi-moda-czy-poszukiwanie-wlasnej-drogi\/"]}]},{"@type":"ImageObject","inLanguage":"pl-PL","@id":"https:\/\/8a.pl\/8academy\/korona-ziemi-moda-czy-poszukiwanie-wlasnej-drogi\/#primaryimage","url":"https:\/\/8a.pl\/8academy\/wp-content\/uploads\/2025\/02\/cover-4.jpg","contentUrl":"https:\/\/8a.pl\/8academy\/wp-content\/uploads\/2025\/02\/cover-4.jpg","width":2000,"height":1460,"caption":"Everest peak sunset himalayas Tibet China."},{"@type":"BreadcrumbList","@id":"https:\/\/8a.pl\/8academy\/korona-ziemi-moda-czy-poszukiwanie-wlasnej-drogi\/#breadcrumb","itemListElement":[{"@type":"ListItem","position":1,"name":"Strona g\u0142\u00f3wna","item":"https:\/\/8a.pl\/8academy\/"},{"@type":"ListItem","position":2,"name":"Korona Ziemi &#8211; najwy\u017csze szczyty kontynent\u00f3w"}]},{"@type":"WebSite","@id":"https:\/\/8a.pl\/8academy\/#website","url":"https:\/\/8a.pl\/8academy\/","name":"8academy.pl - portal g\u00f3rski i wspinaczkowy dla aktywnych","description":"8academy to portal g\u00f3rski o wspinaczce, trekkingu i skiturach. Znajdziesz tu porady, testy sprz\u0119tu i opisy najlepszych rejon\u00f3w. Inspirujemy zdobywc\u00f3w!","publisher":{"@id":"https:\/\/8a.pl\/8academy\/#organization"},"potentialAction":[{"@type":"SearchAction","target":{"@type":"EntryPoint","urlTemplate":"https:\/\/8a.pl\/8academy\/?s={search_term_string}"},"query-input":{"@type":"PropertyValueSpecification","valueRequired":true,"valueName":"search_term_string"}}],"inLanguage":"pl-PL"},{"@type":"Organization","@id":"https:\/\/8a.pl\/8academy\/#organization","name":"8academy.pl - portal g\u00f3rski i wspinaczkowy dla aktywnych","url":"https:\/\/8a.pl\/8academy\/","logo":{"@type":"ImageObject","inLanguage":"pl-PL","@id":"https:\/\/8a.pl\/8academy\/#\/schema\/logo\/image\/","url":"https:\/\/8a.pl\/8academy\/wp-content\/uploads\/2015\/11\/logo.png","contentUrl":"https:\/\/8a.pl\/8academy\/wp-content\/uploads\/2015\/11\/logo.png","width":438,"height":315,"caption":"8academy.pl - portal g\u00f3rski i wspinaczkowy dla aktywnych"},"image":{"@id":"https:\/\/8a.pl\/8academy\/#\/schema\/logo\/image\/"},"sameAs":["https:\/\/pl-pl.facebook.com\/sklep8apl\/","https:\/\/www.instagram.com\/8apl\/"]},{"@type":"Person","@id":"https:\/\/8a.pl\/8academy\/#\/schema\/person\/2bdd3501d6620de31291c8b8b6bcf1e7","name":"Tomasz Biernacki","image":{"@type":"ImageObject","inLanguage":"pl-PL","@id":"https:\/\/8a.pl\/8academy\/#\/schema\/person\/image\/","url":"https:\/\/8a.pl\/8academy\/wp-content\/uploads\/2024\/02\/profile_00-150x150.jpg","contentUrl":"https:\/\/8a.pl\/8academy\/wp-content\/uploads\/2024\/02\/profile_00-150x150.jpg","caption":"Tomasz Biernacki"},"description":"Ci\u0105gle niespe\u0142niony podr\u00f3\u017cnik, wielbiciel staroci, z entuzjazmem rzuca si\u0119 w ka\u017cdy nowy projekt. Uwa\u017ca, \u017ce zawsze jest dobry moment, \u017ceby wybra\u0107 si\u0119 na drugi koniec \u015bwiata albo nauczy\u0107 czego\u015b nowego. Eksploruje z ciekawo\u015bci\u0105 nowe technologie, ale r\u00f3wnocze\u015bnie ceni tradycyjne, proste rozwi\u0105zania.","url":"https:\/\/8a.pl\/8academy\/author\/tomasz-biernacki\/"}]}},"_links":{"self":[{"href":"https:\/\/8a.pl\/8academy\/wp-json\/wp\/v2\/posts\/75418","targetHints":{"allow":["GET"]}}],"collection":[{"href":"https:\/\/8a.pl\/8academy\/wp-json\/wp\/v2\/posts"}],"about":[{"href":"https:\/\/8a.pl\/8academy\/wp-json\/wp\/v2\/types\/post"}],"author":[{"embeddable":true,"href":"https:\/\/8a.pl\/8academy\/wp-json\/wp\/v2\/users\/82"}],"replies":[{"embeddable":true,"href":"https:\/\/8a.pl\/8academy\/wp-json\/wp\/v2\/comments?post=75418"}],"version-history":[{"count":16,"href":"https:\/\/8a.pl\/8academy\/wp-json\/wp\/v2\/posts\/75418\/revisions"}],"predecessor-version":[{"id":75525,"href":"https:\/\/8a.pl\/8academy\/wp-json\/wp\/v2\/posts\/75418\/revisions\/75525"}],"wp:featuredmedia":[{"embeddable":true,"href":"https:\/\/8a.pl\/8academy\/wp-json\/wp\/v2\/media\/75505"}],"wp:attachment":[{"href":"https:\/\/8a.pl\/8academy\/wp-json\/wp\/v2\/media?parent=75418"}],"wp:term":[{"taxonomy":"category","embeddable":true,"href":"https:\/\/8a.pl\/8academy\/wp-json\/wp\/v2\/categories?post=75418"},{"taxonomy":"post_tag","embeddable":true,"href":"https:\/\/8a.pl\/8academy\/wp-json\/wp\/v2\/tags?post=75418"}],"curies":[{"name":"wp","href":"https:\/\/api.w.org\/{rel}","templated":true}]}}