{"id":74843,"date":"2025-01-09T12:34:23","date_gmt":"2025-01-09T11:34:23","guid":{"rendered":"https:\/\/8a.pl\/8academy\/?p=74843"},"modified":"2025-01-28T10:41:11","modified_gmt":"2025-01-28T09:41:11","slug":"babia-gora-zima-co-zabrac-i-jak-wejsc","status":"publish","type":"post","link":"https:\/\/8a.pl\/8academy\/babia-gora-zima-co-zabrac-i-jak-wejsc\/","title":{"rendered":"Babia G\u00f3ra zim\u0105 &#8211; co zabra\u0107 i jak wej\u015b\u0107?"},"content":{"rendered":"\n<p class=\"wp-block-paragraph\">Trudno by\u0142oby stwierdzi\u0107, \u017ce latem czy wczesn\u0105 jesieni\u0105 na szlakach wiod\u0105cych na Diablak czyhaj\u0105 na turyst\u00f3w jakie\u015b szczeg\u00f3lne niebezpiecze\u0144stwa. Zw\u0142aszcza je\u015bli omijamy najtrudniejszy, \u017c\u00f3\u0142ty szlak, czyli Per\u0107 Akademik\u00f3w. \u017badnych g\u00f3r nie mo\u017cna oczywi\u015bcie o \u017cadnej porze roku lekcewa\u017cy\u0107, ale wi\u0119kszo\u015b\u0107 beskidzkich wiosennych, letnich czy jesiennych w\u0119dr\u00f3wek przy odrobinie przygotowania i zdrowego rozs\u0105dku toczy si\u0119 zgodnie z planem. Je\u015bli natomiast wybieramy si\u0119 na Babi\u0105 G\u00f3r\u0119 zim\u0105, wymaga to znacznie wi\u0119cej do\u015bwiadczenia i przygotowa\u0144 ni\u017c w pozosta\u0142ej cz\u0119\u015bci roku.<\/p>\n\n\n\n<p class=\"wp-block-paragraph\"><\/p>\n\n\n<div class=\"wp-block-image\">\n<figure class=\"aligncenter size-full\"><img fetchpriority=\"high\" decoding=\"async\" width=\"600\" height=\"900\" src=\"https:\/\/8a.pl\/8academy\/wp-content\/uploads\/2025\/01\/katarzyna-pe-wj7C4RGzyJ4-unsplash.jpg\" alt=\"Babia G\u00f3ra zim\u0105, to w dobrej pogodzie bardzo popularnych cel w\u0119dr\u00f3wek g\u00f3rskich.\" class=\"wp-image-74862\" srcset=\"https:\/\/8a.pl\/8academy\/wp-content\/uploads\/2025\/01\/katarzyna-pe-wj7C4RGzyJ4-unsplash.jpg 600w, https:\/\/8a.pl\/8academy\/wp-content\/uploads\/2025\/01\/katarzyna-pe-wj7C4RGzyJ4-unsplash-200x300.jpg 200w\" sizes=\"(max-width: 600px) 100vw, 600px\" \/><figcaption class=\"wp-element-caption\">Babia G\u00f3ra zim\u0105, to w dobrej pogodzie bardzo popularnych cel w\u0119dr\u00f3wek g\u00f3rskich. (fot. Unsplash)<\/figcaption><\/figure>\n<\/div>\n\n\n<h2 class=\"wp-block-heading\" id=\"h-babia-gora-zima-warunki-pogodowe\">Babia G\u00f3ra zim\u0105 &#8211; warunki pogodowe<\/h2>\n\n\n\n<p class=\"wp-block-paragraph\">Babia G\u00f3ra nie na darmo nazywana jest Kr\u00f3low\u0105 Niepog\u00f3d albo Kapry\u015bnic\u0105. Trafi\u0107 na pi\u0119kn\u0105 bezwietrzn\u0105 pogod\u0119 na szczycie to niemal jak wygra\u0107 na loterii. To mo\u017ce pewna przesada, ale poczt\u00f3wkowa pogoda na Babiej G\u00f3rze zdarza si\u0119 stosunkowo rzadko.<\/p>\n\n\n\n<p class=\"wp-block-paragraph\">Zim\u0105 za\u015b, kiedy na szczycie mog\u0105 panowa\u0107 i\u015bcie arktyczne warunki, Babia G\u00f3ra staje si\u0119 prawdziwym wyzwaniem dla turyst\u00f3w. To w\u0142a\u015bnie nie\u0142atwe i bardzo zmienne warunki pogodowe stanowi\u0105 o trudno\u015bci wej\u015bcia na Kr\u00f3low\u0105 Beskid\u00f3w zim\u0105. Temperatura mo\u017ce spa\u015b\u0107 grubo poni\u017cej -20\u00b0C, a wiatr powoduje, \u017ce &nbsp;ta odczuwalna jest sporo ni\u017csza. P\u00f3\u017an\u0105 jesieni\u0105 i zim\u0105 na Babiej G\u00f3rze wieje znacznie mocniej ni\u017c przez pozosta\u0142\u0105 cz\u0119\u015b\u0107 roku.<\/p>\n\n\n\n<p class=\"wp-block-paragraph\">Cz\u0119sto pojawia si\u0119 te\u017c mg\u0142a, ograniczaj\u0105ca widoczno\u015b\u0107. W kopule szczytowej Babiej G\u00f3ry, ponad g\u00f3rn\u0105 granic\u0105 lasu, tury\u015bci trac\u0105 zim\u0105 w takich warunkach orientacj\u0119 i gubi\u0105 szlak. Zab\u0142\u0105dzenie w tym rejonie masywu jest w\u00f3wczas bardzo cz\u0119stym powodem wzywania s\u0142u\u017cb ratunkowych. Na bardziej nastromiomych fragmentach szlaku, cho\u0107by na czerwonym prowadz\u0105cym ze szczytu przez prze\u0142\u0119cz Brona do schroniska na Markowych Szczawinach, \u015bnieg i l\u00f3d znacz\u0105co utrudniaj\u0105 poruszanie si\u0119.<\/p>\n\n\n\n<p class=\"wp-block-paragraph\">Je\u015bli my\u015blicie o wyprawie zim\u0105 na Babi\u0105 G\u00f3r\u0119, kluczowe jest dok\u0142adne planowanie trasy oraz regularne sprawdzanie prognozy pogody. Okre\u015blenie \u201ewyprawa\u201d wcale nie jest w tym wypadku mocno przesadzone. Przy dobrej pogodzie, wej\u015bcie zim\u0105 na Babi\u0105 G\u00f3r\u0119 b\u0119dzie wyt\u0119\u017caj\u0105cym, ale przyjemnym spacerem. Je\u015bli jednak aura si\u0119 zmieni, to nawet do\u015bwiadczeni tury\u015bci mog\u0105 mie\u0107 problem ze stawieniem im czo\u0142a.<\/p>\n\n\n\n<p class=\"wp-block-paragraph\">Gwa\u0142towne zmiany pogody, prawdziwie zimowe warunki ze \u015bniegiem i mrozem, zamiecie, mg\u0142y \u2013 to wszystko wymaga odpowiedniego przygotowania.<\/p>\n\n\n\n<p class=\"wp-block-paragraph\"><\/p>\n\n\n<div class=\"wp-block-image\">\n<figure class=\"aligncenter size-full\"><img decoding=\"async\" width=\"600\" height=\"900\" src=\"https:\/\/8a.pl\/8academy\/wp-content\/uploads\/2025\/01\/wojciech-celinski-ybUa5z6mYlQ-unsplash.jpg\" alt=\"Id\u0105c na Babi\u0105 G\u00f3r\u0119 zim\u0105, trzeba liczy\u0107 si\u0119 z tym, \u017ce wszystko przes\u0142oni\u0105 nam chmury.\" class=\"wp-image-74863\" srcset=\"https:\/\/8a.pl\/8academy\/wp-content\/uploads\/2025\/01\/wojciech-celinski-ybUa5z6mYlQ-unsplash.jpg 600w, https:\/\/8a.pl\/8academy\/wp-content\/uploads\/2025\/01\/wojciech-celinski-ybUa5z6mYlQ-unsplash-200x300.jpg 200w\" sizes=\"(max-width: 600px) 100vw, 600px\" \/><figcaption class=\"wp-element-caption\">Id\u0105c na Babi\u0105 G\u00f3r\u0119 zim\u0105, trzeba liczy\u0107 si\u0119 z tym, \u017ce wszystko przes\u0142oni\u0105 nam chmury. (fot. Unsplash)<\/figcaption><\/figure>\n<\/div>\n\n\n<h2 class=\"wp-block-heading\" id=\"h-wejscie-na-babia-gore-zima-szlaki\">Wej\u015bcie na Babi\u0105 G\u00f3r\u0119 zim\u0105 &#8211; szlaki<\/h2>\n\n\n\n<p class=\"wp-block-paragraph\">Pierwsz\u0105 decyzj\u0105, kt\u00f3r\u0105 trzeba podj\u0105\u0107 planuj\u0105c wej\u015bcie na Babi\u0105 G\u00f3r\u0119 zim\u0105, jest wyb\u00f3r szlaku. O tej porze roku, tak samo zreszt\u0105 jak latem, najpopularniejszy jest czerwony szlak z Prze\u0142\u0119czy Krowiarki przez Sokolic\u0119. Jest dobrze oznaczony i raczej \u0142atwy, bez znacz\u0105cych stromizn. Zim\u0105 oczywi\u015bcie w niekt\u00f3rych miejscach, nie tylko ponad g\u00f3rn\u0105 granic\u0105 lasu, mo\u017ce by\u0107 oblodzony. Po cz\u0119\u015bci to w\u0142a\u015bnie jego popularno\u015b\u0107 jest tego powodem. Mocno ubity przez setki, a mo\u017ce tysi\u0105ce turyst\u00f3w \u015bnieg, szybko zamienia si\u0119 w lodow\u0105 skorup\u0119. Na mniej popularnych trasach mog\u0105 pojawi\u0107 si\u0119 dok\u0142adnie odwrotne trudno\u015bci. Trzeba torowa\u0107 szlak w \u015bniegu albo szuka\u0107 s\u0142abo widocznych zim\u0105 oznacze\u0144.<\/p>\n\n\n\n<p class=\"wp-block-paragraph\">Zdecydowanie mniej ucz\u0119szczane zim\u0105 s\u0105 inne szlaki \u2013 zielony z Zawoji Markowe i niebieski i czarny z Zawoji Policzne. W obu przypadkach trzeba pokona\u0107 wi\u0119ksz\u0105 r\u00f3\u017cnic\u0119 wysoko\u015bci ni\u017c kiedy idzie si\u0119 czerwonym szlakiem z Prze\u0142\u0119czy Krowiarki. Trasy \u0142\u0105cz\u0105 si\u0119 przy schronisku na Markowych Szczawinach i stamt\u0105d czeka was podej\u015bcie czerwonym szlakiem na Prze\u0142\u0119cz Brona.<\/p>\n\n\n\n<p class=\"wp-block-paragraph\">Zar\u00f3wno zielony jak i czarny szlak robi\u0105 si\u0119 do\u015b\u0107 strome na podej\u015bciu do schroniska, a nachylenie wiod\u0105cego dalej, na prze\u0142\u0119cz, czerwonego szlaku przekracza nawet 40%. W zimowych warunkach, przy grubej pokrywie \u015bnie\u017cnej, mo\u017ce to by\u0107 sporym utrudnieniem. Mniejszy ruch na tych szlakach oznacza te\u017c, \u017ce cz\u0119\u015bciej, zw\u0142aszcza po okresie intensywnych opad\u00f3w \u015bniegu, b\u0119d\u0105 nieprzetarte. Je\u015bli nie macie do\u015bwiadczenia w zimowych g\u00f3rskich w\u0119dr\u00f3wkach, najlepiej jest wybra\u0107 najpopularniejszy wariant, czerwonym szlakiem z prze\u0142\u0119czy Krowiarki. Przemawia za nim te\u017c to, \u017ce je\u015bli pogoda dopisze, oferuje najwi\u0119cej wspania\u0142ych widok\u00f3w.<\/p>\n\n\n\n<p class=\"wp-block-paragraph\">Trzeba te\u017c pami\u0119ta\u0107, \u017ce wej\u015bcie zim\u0105 na Babi\u0105 G\u00f3r\u0119 zajmie najprawdopodobniej znacznie wi\u0119cej czasu ni\u017c w bez\u015bnie\u017cnych okoliczno\u015bciach. Nie chcemy kreowa\u0107 przekonania, \u017ce Babia G\u00f3ra zim\u0105, to prawie jak K2 albo co najmniej Rysy. Nale\u017cy jednak pami\u0119ta\u0107, \u017ce to zupe\u0142nie inne wyzwanie ni\u017c latem, wymaga wi\u0119c odpowiedzialnego podej\u015bcia i przygotowania.<\/p>\n\n\n\n<p class=\"wp-block-paragraph\"><strong>Przeczytaj te\u017c:<\/strong><\/p>\n\n\n\n<ul class=\"wp-block-list\">\n<li><a href=\"https:\/\/8a.pl\/8academy\/korona-gor-polski-babia-gora\/\"><strong>Babia G\u00f3ra \u2013 Per\u0107 Akademik\u00f3w i inne szlaki na Diablak<\/strong><\/a><\/li>\n<\/ul>\n\n\n\n<hr class=\"wp-block-separator has-text-color has-cyan-bluish-gray-color has-alpha-channel-opacity has-cyan-bluish-gray-background-color has-background\"\/>\n\n\n\n<p class=\"wp-block-paragraph\"><\/p>\n\n\n<div class=\"wp-block-image\">\n<figure class=\"aligncenter size-full\"><img decoding=\"async\" width=\"600\" height=\"900\" src=\"https:\/\/8a.pl\/8academy\/wp-content\/uploads\/2025\/01\/tubbs_2223_flex-trk_khaki_x2201006_8.jpg\" alt=\"Na mocno za\u015bnie\u017conych szlakach znacznie \u0142atwiej jest porusza\u0107 si\u0119 w rakietach \u015bnie\u017cnych.\" class=\"wp-image-74865\" srcset=\"https:\/\/8a.pl\/8academy\/wp-content\/uploads\/2025\/01\/tubbs_2223_flex-trk_khaki_x2201006_8.jpg 600w, https:\/\/8a.pl\/8academy\/wp-content\/uploads\/2025\/01\/tubbs_2223_flex-trk_khaki_x2201006_8-200x300.jpg 200w\" sizes=\"(max-width: 600px) 100vw, 600px\" \/><figcaption class=\"wp-element-caption\">Na mocno za\u015bnie\u017conych szlakach znacznie \u0142atwiej jest porusza\u0107 si\u0119 w rakietach \u015bnie\u017cnych. (fot. Tubbs)<\/figcaption><\/figure>\n<\/div>\n\n\n<h3 class=\"wp-block-heading\" id=\"h-ktore-szlaki-na-babiej-gorze-sa-zamkniete-zima\">Kt\u00f3re szlaki na Babiej G\u00f3rze s\u0105 zamkni\u0119te zim\u0105?<\/h3>\n\n\n\n<p class=\"wp-block-paragraph\">Babia G\u00f3ra zim\u0105 podlega tym samym prawid\u0142om co inne pasma g\u00f3rskie. Zim\u0105 zamyka si\u0119 tam okresowo ca\u0142e szlaki lub ich odcinki. Co roku zim\u0105 zamkni\u0119ta jest Per\u0107 Akademik\u00f3w, najtrudniejszy odcinek szlaku prowadz\u0105cy na Babi\u0105 G\u00f3r\u0119. Wynika to z du\u017cego ryzyka lawin i ekstremalnie trudnych w por\u00f3wnaniu z latem warunk\u00f3w. Szlak jest stromy i wyst\u0119puj\u0105 na nim sztuczne u\u0142atwienia \u2013 \u0142a\u0144cuchy jak np. na Orlej Perci. Okresowo mog\u0105 by\u0107 zamykane tak\u017ce inne fragmenty szlak\u00f3w, zale\u017cnie od panuj\u0105cych warunk\u00f3w.<\/p>\n\n\n\n<p class=\"wp-block-paragraph\"><\/p>\n\n\n<div class=\"wp-block-image\">\n<figure class=\"aligncenter size-full\"><img loading=\"lazy\" decoding=\"async\" width=\"600\" height=\"900\" src=\"https:\/\/8a.pl\/8academy\/wp-content\/uploads\/2025\/01\/katarzyna-pe-8vH0qrf5zQE-unsplash-1.jpg\" alt=\"Widok s\u0142upa ze znacznikami szlak\u00f3w na szczycie Babiej G\u00f3ry daje dobre wyobra\u017cenie o tym, jak mocno wieje tam zim\u0105.\" class=\"wp-image-74874\" srcset=\"https:\/\/8a.pl\/8academy\/wp-content\/uploads\/2025\/01\/katarzyna-pe-8vH0qrf5zQE-unsplash-1.jpg 600w, https:\/\/8a.pl\/8academy\/wp-content\/uploads\/2025\/01\/katarzyna-pe-8vH0qrf5zQE-unsplash-1-200x300.jpg 200w\" sizes=\"(max-width: 600px) 100vw, 600px\" \/><figcaption class=\"wp-element-caption\">Widok s\u0142upa ze znacznikami szlak\u00f3w na szczycie Babiej G\u00f3ry daje dobre wyobra\u017cenie o tym, jak mocno wieje tam zim\u0105. (fot. Unsplash)<\/figcaption><\/figure>\n<\/div>\n\n\n<h2 class=\"wp-block-heading\" id=\"h-perc-akademikow-zima\">Per\u0107 Akademik\u00f3w zim\u0105<\/h2>\n\n\n\n<p class=\"wp-block-paragraph\">\u017b\u00f3\u0142ty szlak na p\u00f3\u0142nocnych zboczach Babiej G\u00f3ry, \u0142\u0105cz\u0105cy tzw. G\u00f3rny P\u0142aj z czerwonym szlakiem pod samym szczytem Diablaka nazywa si\u0119 Per\u0107 Akademik\u00f3w. Zim\u0105 jest zamkni\u0119ty z powodu znacznego ryzyka lawinowego oraz du\u017cego nastromienia ca\u0142ego szlaku. Nawet latem, kiedy ten jednokierunkowy, prowadz\u0105cy tylko w g\u00f3r\u0119 szlak, jest dost\u0119pny, odradza si\u0119 go mniej do\u015bwiadczonym turystom. W najtrudniejszym miejscu trzeba pokona\u0107 dziesi\u0119ciometrowy skalny pr\u00f3g \u2013 Czarny Dzi\u00f3b \u2013 gdzie zainstalowano \u0142a\u0144cuchy. Zim\u0105 oblodzone ska\u0142y by\u0142yby i\u015bcie alpinistycznym wyzwaniem, a ka\u017cdy b\u0142\u0105d grozi\u0142by powa\u017cnym wypadkiem.<\/p>\n\n\n\n<p class=\"wp-block-paragraph\">P\u00f3\u0142nocne zbocza Babiej G\u00f3ry s\u0105 strome, a to oznacza, \u017ce zim\u0105 pojawia si\u0119 tam zagro\u017cenie lawinowe. Zdarza si\u0119, \u017ce lawiny schodz\u0105 a\u017c do niebieskiego szlaku, G\u00f3rnego P\u0142aju, kt\u00f3ry trawersuje p\u00f3\u0142nocne zbocze masywu. Nie trzeba wcale pot\u0119\u017cnych opad\u00f3w, \u017ceby pojawi\u0142o si\u0119 ryzyko lawinowe, wi\u0119c przed zimowy wyj\u015bciem na Babi\u0105 G\u00f3r\u0119 trzeba sprawdzi\u0107 aktualny komunikat lawinowy na stronie GOPR.<\/p>\n\n\n\n<p class=\"wp-block-paragraph\">Zamkni\u0119cie Perci Akademik\u00f3w na zim\u0119 nie oznacza, \u017ce mo\u017cna j\u0105 pokona\u0107 ostatniego dnia kalendarzowej jesieni albo w pierwszy dzie\u0144 wiosny. Co roku decyzja jest podejmowana na podstawie warunk\u00f3w \u015bniegowych. Zdarza si\u0119, \u017ce \u017c\u00f3\u0142ty szlak jest zamykany nawet jeszcze w listopadzie, a otwarcie og\u0142aszane jest dopiero na pocz\u0105tku czerwca.<\/p>\n\n\n\n<p class=\"wp-block-paragraph\"><\/p>\n\n\n<div class=\"wp-block-image\">\n<figure class=\"aligncenter size-full\"><img loading=\"lazy\" decoding=\"async\" width=\"600\" height=\"900\" src=\"https:\/\/8a.pl\/8academy\/wp-content\/uploads\/2025\/01\/272622552_10160463330100992_2054622417536525682_n.jpg\" alt=\"Nie wystarczy mie\u0107 ze sob\u0105 lawinowe ABC. Trzeba jeszcze umie\u0107 z niego korzysta\u0107.\" class=\"wp-image-74867\" srcset=\"https:\/\/8a.pl\/8academy\/wp-content\/uploads\/2025\/01\/272622552_10160463330100992_2054622417536525682_n.jpg 600w, https:\/\/8a.pl\/8academy\/wp-content\/uploads\/2025\/01\/272622552_10160463330100992_2054622417536525682_n-200x300.jpg 200w\" sizes=\"(max-width: 600px) 100vw, 600px\" \/><figcaption class=\"wp-element-caption\">Nie wystarczy mie\u0107 ze sob\u0105 lawinowe ABC. Trzeba jeszcze umie\u0107 z niego korzysta\u0107. (fot. Ortovox)<\/figcaption><\/figure>\n<\/div>\n\n\n<h2 class=\"wp-block-heading\" id=\"h-babia-gora-zagrozenie-lawinowe\">Babia G\u00f3ra &#8211; zagro\u017cenie lawinowe<\/h2>\n\n\n\n<p class=\"wp-block-paragraph\">Zim\u0105, Babia G\u00f3ra, czyli ca\u0142y masyw od prze\u0142\u0119czy Krowiarki a\u017c po Prze\u0142\u0119cz Ja\u0142owieck\u0105, to rejon gdzie wyst\u0119puje si\u0119 zagro\u017cenie lawinowe. Jest zupe\u0142nie realne, i pojawia si\u0119 co roku. Najmocniej nara\u017cone s\u0105 strome, p\u00f3\u0142nocne zbocza po polskiej stronie ca\u0142ego masywu. Cz\u0119sto zdarza si\u0119 te\u017c, \u017ce lawiny schodz\u0105 po drugiej stronie, zagra\u017caj\u0105c zielonemu szlakowi. Wcale nie b\u0119dzie wi\u0119c przesad\u0105 zabranie ze sob\u0105 zim\u0105 na Babi\u0105 G\u00f3r\u0119 lawinowego ABC.<\/p>\n\n\n\n<p class=\"wp-block-paragraph\">W po\u0142owie grudnia 2024 ratownicy GOPR odebrali wezwanie od turysty, kt\u00f3rego nieco poni\u017cej szczytu, w\u0142a\u015bnie na zielonym szlaku, przysypa\u0142a lawina. Nie by\u0142 w stanie sam si\u0119 wydoby\u0107, ale szcz\u0119\u015bliwie uda\u0142o mi si\u0119 skorzysta\u0107 z aplikacji Ratunek. To najta\u0144sza polisa ubezpieczeniowa jak\u0105 mo\u017cemy zabra\u0107 ze sob\u0105 w g\u00f3ry. Oczywi\u015bcie najlepszym sposobem na unikni\u0119cie k\u0142opot\u00f3w jest po prostu zmiana plan\u00f3w. Je\u015bli warunki pogodowe s\u0105 niesprzyjaj\u0105ce, albo przewidywane jest pogorszenie aury, lepiej wybra\u0107 inny cel. &nbsp;Wa\u017cne jest, aby nie lekcewa\u017cy\u0107 ryzyka, i zdawa\u0107 sobie spraw\u0119 ze skali zagro\u017cenia.<\/p>\n\n\n\n<p class=\"wp-block-paragraph\">Pogoda w kopule szczytowej Babiej G\u00f3ry mo\u017ce by\u0107 diametralnie inna od tego czego do\u015bwiadcza si\u0119 przed wyruszeniem na szlak. Na parkingu mo\u017cecie wygrzewa\u0107 si\u0119 w s\u0142o\u0144cu, a w pobli\u017cu szczytu b\u0119dzie czeka\u0107 na was mr\u00f3z, wiatr i niemal zerowa widoczno\u015b\u0107.<\/p>\n\n\n\n<p class=\"wp-block-paragraph\"><\/p>\n\n\n<div class=\"wp-block-image\">\n<figure class=\"aligncenter size-full\"><img loading=\"lazy\" decoding=\"async\" width=\"600\" height=\"900\" src=\"https:\/\/8a.pl\/8academy\/wp-content\/uploads\/2025\/01\/shutterstock_2227960983_sm.jpg\" alt=\"Ciep\u0142e, najlepiej nieprzemakalne r\u0119kawiczki i czapka to absolutna podstawa w czasie zimowych g\u00f3rskich wycieczek.\" class=\"wp-image-74868\" srcset=\"https:\/\/8a.pl\/8academy\/wp-content\/uploads\/2025\/01\/shutterstock_2227960983_sm.jpg 600w, https:\/\/8a.pl\/8academy\/wp-content\/uploads\/2025\/01\/shutterstock_2227960983_sm-200x300.jpg 200w\" sizes=\"(max-width: 600px) 100vw, 600px\" \/><figcaption class=\"wp-element-caption\">Ciep\u0142e, najlepiej nieprzemakalne r\u0119kawiczki i czapka to absolutna podstawa w czasie zimowych g\u00f3rskich wycieczek. (fot. Shutterstock)<\/figcaption><\/figure>\n<\/div>\n\n\n<h2 class=\"wp-block-heading\" id=\"h-babia-gora-zima-co-zabrac\">Babia G\u00f3ra zim\u0105 &#8211; co zabra\u0107?<\/h2>\n\n\n\n<p class=\"wp-block-paragraph\">Przygotowanie do wyprawy na Babi\u0105 G\u00f3r\u0119 zim\u0105 wymaga odpowiedniego sprz\u0119tu i odzie\u017cy. Za ka\u017cdym razem nale\u017cy spakowa\u0107 si\u0119 adekwatnie do warunk\u00f3w i poni\u017cszy wykaz nie jest stuprocentowo wyczerpuj\u0105cy. To jedynie najbardziej podstawowe, absolutnie niezb\u0119dne elementy.<\/p>\n\n\n\n<h3 class=\"wp-block-heading\" id=\"h-ubranie-na-babia-gore-zima\">Ubranie na Babi\u0105 G\u00f3r\u0119 zim\u0105<\/h3>\n\n\n\n<ul class=\"wp-block-list\">\n<li><strong>Ciep\u0142a, warstwowa odzie\u017c<br><\/strong>Trzeba mie\u0107 ze sob\u0105 wystarczaj\u0105co warstw, \u017ceby utrzyma\u0107 komfort termiczny w niskich temperaturach w razie konieczno\u015bci postoju. Je\u015bli zdarzy si\u0119 kontuzja i trzeba b\u0119dzie czeka\u0107 na ratownik\u00f3w, nasze cia\u0142o b\u0142yskawicznie \u2013 zw\u0142aszcza w kopule szczytowej, gdzie nie ma os\u0142ony przed wiatrem \u2013 wych\u0142adza\u0107.<\/li>\n\n\n\n<li><strong>Buty g\u00f3rskie z rakami lub raczkami<br><\/strong>Chocia\u017c na dobrze przetartym szlaku raczki mog\u0105 okaza\u0107 si\u0119 wystarczaj\u0105ce, pe\u0142noprawne raki wcale nie b\u0119d\u0105 du\u017c\u0105 przesad\u0105. Na stromym odcinku szlaku, raczki, kt\u00f3re nie maj\u0105 skierowanych do przodu z\u0119b\u00f3w, nie dadz\u0105 wystarczaj\u0105co stabilnego oparcia. Trzeba te\u017c pami\u0119ta\u0107, \u017ce raki wymagaj\u0105 odpowiedniego obuwia, ze sztywn\u0105 podeszw\u0105.<\/li>\n\n\n\n<li><strong>R\u0119kawiczki i czapki<\/strong><br>W liczbie mnogiej, bo zim\u0105 powinni\u015bmy mie\u0107 i zapasow\u0105 par\u0119 r\u0119kawic i zapasow\u0105 czapk\u0119. Mo\u017cna je zgubi\u0107, przemoczy\u0107, mog\u0105 wreszcie okaza\u0107 si\u0119 niewystarczaj\u0105co ciep\u0142e.<\/li>\n<\/ul>\n\n\n\n<p class=\"wp-block-paragraph\"><\/p>\n\n\n\n<div class=\"wp-block-buttons is-content-justification-center is-layout-flex wp-container-core-buttons-is-layout-fe48e5de wp-block-buttons-is-layout-flex\">\n<div class=\"wp-block-button\"><a class=\"wp-block-button__link has-background wp-element-button\" href=\"https:\/\/8a.pl\/raczki-turystyczne\" style=\"border-radius:6px;background-color:#e9600e\">KUP RACZKI TURYSTYCZNE<\/a><\/div>\n<\/div>\n\n\n\n<p class=\"wp-block-paragraph\"><\/p>\n\n\n<div class=\"wp-block-image\">\n<figure class=\"aligncenter size-full\"><img loading=\"lazy\" decoding=\"async\" width=\"600\" height=\"900\" src=\"https:\/\/8a.pl\/8academy\/wp-content\/uploads\/2025\/01\/patrick-schneider-YplGypVvbcs-unsplash.jpg\" alt=\"Raczki s\u0105 minimum, kt\u00f3re planuj\u0105c wej\u015bcie zim\u0105 na tak wysoki szczyt jakim jest Babia G\u00f3ra, powinni\u015bmy zabra\u0107.\" class=\"wp-image-74870\" srcset=\"https:\/\/8a.pl\/8academy\/wp-content\/uploads\/2025\/01\/patrick-schneider-YplGypVvbcs-unsplash.jpg 600w, https:\/\/8a.pl\/8academy\/wp-content\/uploads\/2025\/01\/patrick-schneider-YplGypVvbcs-unsplash-200x300.jpg 200w\" sizes=\"(max-width: 600px) 100vw, 600px\" \/><figcaption class=\"wp-element-caption\">Raczki s\u0105 minimum, kt\u00f3re planuj\u0105c wej\u015bcie zim\u0105 na tak wysoki szczyt jakim jest Babia G\u00f3ra, powinni\u015bmy zabra\u0107. (fot. Unsplash)<\/figcaption><\/figure>\n<\/div>\n\n\n<h3 class=\"wp-block-heading\" id=\"h-sprzet-na-babia-gore-zima\">Sprz\u0119t na Babi\u0105 G\u00f3r\u0119 zim\u0105<\/h3>\n\n\n\n<ul class=\"wp-block-list\">\n<li><strong>Kijki trekkingowe<\/strong><\/li>\n\n\n\n<li><strong>Czo\u0142\u00f3wka z zapasowymi bateriami<br><\/strong>Zim\u0105 dzie\u0144 jest na tyle kr\u00f3tki, \u017ce podczas zej\u015bcia mo\u017ce z\u0142apa\u0107 nas zmrok. Z kolei na mrozie, baterie \u201etrzymaj\u0105\u201d znacznie kr\u00f3cej ni\u017c gdy jest ciep\u0142o. Jeszcze lepszym wyj\u015bciem ni\u017c zapasowy zestaw baterii jest po prostu zapasowa czo\u0142\u00f3wka. Wymiana baterii na wietrze, w grubych r\u0119kawiczkach mo\u017ce okaza\u0107 si\u0119 wr\u0119cz niemo\u017cliwa.<\/li>\n\n\n\n<li><strong>Termos z gor\u0105cym napojem<br><\/strong>Wa\u017cne jest nie tylko, \u017ceby termos ze s\u0142odk\u0105 herbat\u0105 albo kaw\u0105 zabra\u0107. Trzeba go te\u017c odpowiednio uprzednio zahartowa\u0107, dzi\u0119ki czemu utrzyma ciep\u0142o znacznie d\u0142u\u017cej. Powinien te\u017c by\u0107 wewn\u0105trz plecaka, os\u0142oni\u0119ty przed wiatrem i zimnem. Niesiony w bocznej, zewn\u0119trznej kieszeni plecaka, b\u0119dzie wytraca\u0142 temperatur\u0119 zbyt szybko.<\/li>\n\n\n\n<li><strong>Mapa i GPS<br><\/strong>Nie &#8220;mapa albo GPS&#8221;, ale &#8220;mapa i GPS&#8221;. Urz\u0105dzenie elektroniczne mo\u017ce zawie\u015b\u0107, a w przypadku mapy nie ma takiego niebezpiecze\u0144stwa. Oczywi\u015bcie niezb\u0119dnym dodatkiem do mapy jest kompas. Nie cyfrowy w telefonie albo w zegarku, ale zwyk\u0142y, mechaniczny, z ig\u0142\u0105 wskazuj\u0105c\u0105 p\u00f3\u0142noc. Tak samo jak w przypadku lawinowego ABC \u2013 nie wystarczy map\u0119 i kompas mie\u0107, ale trzeba te\u017c wiedzie\u0107 jak si\u0119 tym pos\u0142ugiwa\u0107.<\/li>\n\n\n\n<li><strong>Lawinowe ABC (detektor, sonda, \u0142opata)<br><\/strong>Podczas wycieczki czerwonym szlakiem z Prze\u0142\u0119czy Krowiarki mo\u017ce rzeczywi\u015bcie b\u0119dzie to zbyteczn\u0105 ostro\u017cno\u015bci\u0105, ale je\u015bli planujemy przej\u015bcie jakiego\u015b stromego fragmentu szlaku, lepiej mie\u0107 ABC w plecaku.<\/li>\n<\/ul>\n\n\n\n<p class=\"wp-block-paragraph\">Zim\u0105 na Babiej G\u00f3rze Przydatne mog\u0105 by\u0107 te\u017c przydatne stuptuty, czyli ochraniacze na buty, kt\u00f3re zabezpieczaj\u0105 je i nogawki spodni przed \u015bniegiem. Warto zabra\u0107 te\u017c \u2013 jak na ka\u017cde wyj\u015bcie w g\u00f3ry niezale\u017cnie od pory roku, apteczk\u0119. Zim\u0105 powinna znale\u017a\u0107 si\u0119 w niej koniecznie folia NRC czyli tzw. koc termiczny. Cho\u0107 schronisko znajduje si\u0119 stosunkowo niedaleko od szczytu, we\u017amy ze sob\u0105 zapas jedzenia o wysokiej warto\u015bci energetycznej. Wystarcz\u0105 batony energetyczne, mieszanka orzech\u00f3w czy nie\u015bmiertelna czekolada.<\/p>\n\n\n\n<p class=\"wp-block-paragraph\"><strong>Przeczytaj te\u017c:<\/strong><\/p>\n\n\n\n<ul class=\"wp-block-list\">\n<li><a href=\"https:\/\/8a.pl\/8academy\/co-zabrac-w-gory-zima\/\"><strong>Co zabra\u0107 w g\u00f3ry zim\u0105?<\/strong><\/a><\/li>\n\n\n\n<li><a href=\"https:\/\/8a.pl\/8academy\/jak-ubrac-sie-zima-w-gory\/\"><strong>Jak ubra\u0107 si\u0119 w g\u00f3ry zim\u0105?<\/strong><\/a><\/li>\n<\/ul>\n\n\n\n<hr class=\"wp-block-separator has-text-color has-cyan-bluish-gray-color has-alpha-channel-opacity has-cyan-bluish-gray-background-color has-background\"\/>\n\n\n\n<p class=\"wp-block-paragraph\"><\/p>\n\n\n<div class=\"wp-block-image\">\n<figure class=\"aligncenter size-full\"><img loading=\"lazy\" decoding=\"async\" width=\"600\" height=\"900\" src=\"https:\/\/8a.pl\/8academy\/wp-content\/uploads\/2025\/01\/map.jpg\" alt=\"Mapa w telefonie jest por\u0119czna, ale t\u0119 papierow\u0105 te\u017c wk\u0142adajmy do plecaka. Na wszelki wypadek.\" class=\"wp-image-74877\" srcset=\"https:\/\/8a.pl\/8academy\/wp-content\/uploads\/2025\/01\/map.jpg 600w, https:\/\/8a.pl\/8academy\/wp-content\/uploads\/2025\/01\/map-200x300.jpg 200w\" sizes=\"(max-width: 600px) 100vw, 600px\" \/><figcaption class=\"wp-element-caption\">Mapa w telefonie jest por\u0119czna, ale t\u0119 papierow\u0105 te\u017c wk\u0142adajmy do plecaka. Na wszelki wypadek. (fot. Envato)<\/figcaption><\/figure>\n<\/div>\n\n\n<h2 class=\"wp-block-heading\" id=\"h-babia-gora-zima-z-dzieckiem-czy-to-dobry-pomysl\">Babia G\u00f3ra zim\u0105 z dzieckiem &#8211; czy to dobry pomys\u0142?<\/h2>\n\n\n\n<p class=\"wp-block-paragraph\">Je\u015bli mieliby\u015bmy udzieli\u0107 na to pytanie lakonicznej odpowiedzi, to brzmia\u0142aby ona \u2013 Nie, to nie jest dobry pomys\u0142. Wyprawa na Babi\u0105 G\u00f3r\u0119 zim\u0105 z dzieckiem mo\u017ce by\u0107 po prostu zbyt trudna i ryzykowna. Zmienne warunki pogodowe, oblodzone szlaki, ch\u0142\u00f3d i wiatr powoduj\u0105, \u017ce nie da si\u0119 tego por\u00f3wna\u0107 z letni\u0105 wycieczk\u0105 na Kr\u00f3low\u0105 Beskid\u00f3w.<\/p>\n\n\n\n<p class=\"wp-block-paragraph\">Istotny jest wiek dziecka i wasze wsp\u00f3lne zimowe do\u015bwiadczenie w g\u00f3rach. Zabranie na Babi\u0105 G\u00f3r\u0119 4- czy 5-latka, kt\u00f3ry nigdy nie by\u0142 zim\u0105 w g\u00f3rach to po prostu nieodpowiedzialno\u015b\u0107. Nastolatek, kt\u00f3ry ma za sob\u0105 wiele g\u00f3rskich w\u0119dr\u00f3wek o ka\u017cdej porze roku zapewne odnajdzie si\u0119 nawet w trudniejszych warunkach znacznie \u0142atwiej. Nadal jednak, trzeba pami\u0119ta\u0107, \u017ce to kto\u015b za kogo jeste\u015bmy odpowiedzialni. Musimy mie\u0107 absolutn\u0105 pewno\u015b\u0107, \u017ce wiemy jak post\u0119powa\u0107 w krytycznej sytuacji, kiedy trzeba zadba\u0107 nie tylko o swoje, ale te\u017c o czyje\u015b bezpiecze\u0144stwo.<\/p>\n\n\n\n<p class=\"wp-block-paragraph\"><\/p>\n\n\n<div class=\"wp-block-image\">\n<figure class=\"aligncenter size-full\"><img loading=\"lazy\" decoding=\"async\" width=\"600\" height=\"900\" src=\"https:\/\/8a.pl\/8academy\/wp-content\/uploads\/2025\/01\/2004-12-zimowy-widok-na-tatry-z-babiej-gory.jpg\" alt=\"Babia G\u00f3ra kusi zim\u0105 widokami, jak ten, na Tatry.\" class=\"wp-image-74872\" srcset=\"https:\/\/8a.pl\/8academy\/wp-content\/uploads\/2025\/01\/2004-12-zimowy-widok-na-tatry-z-babiej-gory.jpg 600w, https:\/\/8a.pl\/8academy\/wp-content\/uploads\/2025\/01\/2004-12-zimowy-widok-na-tatry-z-babiej-gory-200x300.jpg 200w\" sizes=\"(max-width: 600px) 100vw, 600px\" \/><figcaption class=\"wp-element-caption\">Babia G\u00f3ra kusi zim\u0105 widokami, jak ten, na Tatry. (fot. Wikimedia Commons)<\/figcaption><\/figure>\n<\/div>\n\n\n<h2 class=\"wp-block-heading\" id=\"h-babia-gora-na-narty-skiturowe\">Babia G\u00f3ra na narty skiturowe?<\/h2>\n\n\n\n<p class=\"wp-block-paragraph\">Babia G\u00f3ra to zim\u0105 cel bardzo popularnych w\u015br\u00f3d mi\u0142o\u015bnik\u00f3w skituringu. Narty skiturowe pozwalaj\u0105 na sprawniejsze ni\u017c w przypadku pieszej w\u0119dr\u00f3wki pokonywanie za\u015bnie\u017conych szlak\u00f3w. Najbardziej popularna jest, rzecz jasna, trasa czerwonym szlakiem z Prze\u0142\u0119czy Krowiarki. Trzeba pami\u0119ta\u0107 jednak, \u017ce to nadal spora odleg\u0142o\u015b\u0107 i r\u00f3\u017cnica wysoko\u015bci. Wymaga to dobrego przygotowania technicznego i kondycyjnego. Babia G\u00f3ra nie jest wi\u0119c najlepszym wyborem na pierwszy skiturowy wypad.<\/p>\n\n\n\n<p class=\"wp-block-paragraph\">Id\u0105c na Babi\u0105 G\u00f3r\u0119, poruszamy si\u0119 ca\u0142y czas po terenie Babiog\u00f3rskiego Parku Narodowego. To oznacza, \u017ce nie wolno nam zbacza\u0107 z wyznaczonych szlak\u00f3w turystycznych. BPN udost\u0119pnia jednak kilka szlak\u00f3w do turystyki narciarskiej, w\u0142a\u015bnie z my\u015bl\u0105 o skiturowcach.<\/p>\n\n\n\n<ul class=\"wp-block-list\">\n<li><strong>Szlak&nbsp;niebieski\/czerwony:<\/strong>&nbsp;Krowiarki \u2013 G\u00f3rny P\u0142aj &#8211; Markowe Szczawiny \u2013 Prze\u0142\u0119cz Brona \u2013 Diablak &#8211; Sokolica \u2013 Krowiarki<br>d\u0142ugo\u015b\u0107 p\u0119tli: ok. 15 km<br>Na najbardziej stromym odcinku, z Markowych Szczawin na Prze\u0142\u0119cz Brona, trasa narciarska jest jednokierunkowa, s\u0142u\u017cy wy\u0142\u0105cznie do podchodzenia.<\/li>\n\n\n\n<li><strong>Szlak&nbsp;czarny:<\/strong>&nbsp;Zawoja Lajkonik \u2013 Rybna \u2013 Sulowa Cyrhel \u2013 G\u00f3rny P\u0142aj\/Markowe Szczawiny<br>d\u0142ugo\u015b\u0107: 5,3 km<\/li>\n\n\n\n<li><strong>Szlak&nbsp;zielony:<\/strong>&nbsp;Zawoja Markowa \u2013 Markowe R\u00f3wienki \u2013 G\u00f3rny P\u0142aj\/ Markowe Szczawiny<br>d\u0142ugo\u015b\u0107: 2,2 km<\/li>\n<\/ul>\n\n\n\n<p class=\"wp-block-paragraph\">&nbsp;<\/p>\n","protected":false},"excerpt":{"rendered":"<p>Babia G\u00f3ra, cho\u0107 to najwy\u017cszy poza Tatrami szczyt w Polsce, przez wi\u0119kszo\u015b\u0107 roku \u2013 b\u0105d\u017amy szczerzy \u2013 jest w zasi\u0119gu ka\u017cdego turysty. Zim\u0105 jednak sytuacja zmienia si\u0119 diametralnie. <\/p>\n","protected":false},"author":7,"featured_media":74853,"comment_status":"closed","ping_status":"closed","sticky":false,"template":"","format":"standard","meta":{"_acf_changed":false,"_uf_show_specific_survey":0,"_uf_disable_surveys":false,"footnotes":""},"categories":[26070],"tags":[26077,26085,26105,26084],"class_list":["post-74843","post","type-post","status-publish","format-standard","has-post-thumbnail","hentry","category-turystyka-trekking","tag-przewodnik","tag-trekking","tag-turystyka","tag-zima"],"acf":[],"yoast_head":"<!-- This site is optimized with the Yoast SEO Premium plugin v23.4 (Yoast SEO v25.5) - https:\/\/yoast.com\/wordpress\/plugins\/seo\/ -->\n<title>Babia G\u00f3ra zim\u0105 - co zabra\u0107 i jak wej\u015b\u0107? | 8academy.pl<\/title>\n<meta name=\"description\" content=\"Babia G\u00f3ra zim\u0105 to wycieczka niepor\u00f3wnywalna z tym, czego mo\u017cecie tam do\u015bwiadczy\u0107 latem. Warto si\u0119 do niej odpowiednio przygotowa\u0107.\" \/>\n<meta name=\"robots\" content=\"index, follow, max-snippet:-1, max-image-preview:large, max-video-preview:-1\" \/>\n<link rel=\"canonical\" href=\"https:\/\/8a.pl\/8academy\/babia-gora-zima-co-zabrac-i-jak-wejsc\/\" \/>\n<meta property=\"og:locale\" content=\"pl_PL\" \/>\n<meta property=\"og:type\" content=\"article\" \/>\n<meta property=\"og:title\" content=\"Babia G\u00f3ra zim\u0105 - co zabra\u0107 i jak wej\u015b\u0107?\" \/>\n<meta property=\"og:description\" content=\"Babia G\u00f3ra zim\u0105 to wycieczka niepor\u00f3wnywalna z tym, czego mo\u017cecie tam do\u015bwiadczy\u0107 latem. Warto si\u0119 do niej odpowiednio przygotowa\u0107.\" \/>\n<meta property=\"og:url\" content=\"https:\/\/8a.pl\/8academy\/babia-gora-zima-co-zabrac-i-jak-wejsc\/\" \/>\n<meta property=\"og:site_name\" content=\"8academy.pl - portal g\u00f3rski i wspinaczkowy dla aktywnych\" \/>\n<meta property=\"article:publisher\" content=\"https:\/\/pl-pl.facebook.com\/sklep8apl\/\" \/>\n<meta property=\"article:published_time\" content=\"2025-01-09T11:34:23+00:00\" \/>\n<meta property=\"article:modified_time\" content=\"2025-01-28T09:41:11+00:00\" \/>\n<meta property=\"og:image\" content=\"http:\/\/8a.pl\/8academy\/wp-content\/uploads\/2025\/01\/cover-2.jpg\" \/>\n\t<meta property=\"og:image:width\" content=\"2000\" \/>\n\t<meta property=\"og:image:height\" content=\"1460\" \/>\n\t<meta property=\"og:image:type\" content=\"image\/jpeg\" \/>\n<meta name=\"author\" content=\"Redakcja 8Academy\" \/>\n<meta name=\"twitter:card\" content=\"summary_large_image\" \/>\n<meta name=\"twitter:label1\" content=\"Napisane przez\" \/>\n\t<meta name=\"twitter:data1\" content=\"Redakcja 8Academy\" \/>\n\t<meta name=\"twitter:label2\" content=\"Szacowany czas czytania\" \/>\n\t<meta name=\"twitter:data2\" content=\"15 minut\" \/>\n<!-- \/ Yoast SEO Premium plugin. -->","yoast_head_json":{"title":"Babia G\u00f3ra zim\u0105 - co zabra\u0107 i jak wej\u015b\u0107? | 8academy.pl","description":"Babia G\u00f3ra zim\u0105 to wycieczka niepor\u00f3wnywalna z tym, czego mo\u017cecie tam do\u015bwiadczy\u0107 latem. Warto si\u0119 do niej odpowiednio przygotowa\u0107.","robots":{"index":"index","follow":"follow","max-snippet":"max-snippet:-1","max-image-preview":"max-image-preview:large","max-video-preview":"max-video-preview:-1"},"canonical":"https:\/\/8a.pl\/8academy\/babia-gora-zima-co-zabrac-i-jak-wejsc\/","og_locale":"pl_PL","og_type":"article","og_title":"Babia G\u00f3ra zim\u0105 - co zabra\u0107 i jak wej\u015b\u0107?","og_description":"Babia G\u00f3ra zim\u0105 to wycieczka niepor\u00f3wnywalna z tym, czego mo\u017cecie tam do\u015bwiadczy\u0107 latem. Warto si\u0119 do niej odpowiednio przygotowa\u0107.","og_url":"https:\/\/8a.pl\/8academy\/babia-gora-zima-co-zabrac-i-jak-wejsc\/","og_site_name":"8academy.pl - portal g\u00f3rski i wspinaczkowy dla aktywnych","article_publisher":"https:\/\/pl-pl.facebook.com\/sklep8apl\/","article_published_time":"2025-01-09T11:34:23+00:00","article_modified_time":"2025-01-28T09:41:11+00:00","og_image":[{"width":2000,"height":1460,"url":"http:\/\/8a.pl\/8academy\/wp-content\/uploads\/2025\/01\/cover-2.jpg","type":"image\/jpeg"}],"author":"Redakcja 8Academy","twitter_card":"summary_large_image","twitter_misc":{"Napisane przez":"Redakcja 8Academy","Szacowany czas czytania":"15 minut"},"schema":{"@context":"https:\/\/schema.org","@graph":[{"@type":"Article","@id":"https:\/\/8a.pl\/8academy\/babia-gora-zima-co-zabrac-i-jak-wejsc\/#article","isPartOf":{"@id":"https:\/\/8a.pl\/8academy\/babia-gora-zima-co-zabrac-i-jak-wejsc\/"},"author":{"name":"Redakcja 8Academy","@id":"https:\/\/8a.pl\/8academy\/#\/schema\/person\/2e392153a51786e6c3d5ede231b5d2a4"},"headline":"Babia G\u00f3ra zim\u0105 &#8211; co zabra\u0107 i jak wej\u015b\u0107?","datePublished":"2025-01-09T11:34:23+00:00","dateModified":"2025-01-28T09:41:11+00:00","mainEntityOfPage":{"@id":"https:\/\/8a.pl\/8academy\/babia-gora-zima-co-zabrac-i-jak-wejsc\/"},"wordCount":2479,"publisher":{"@id":"https:\/\/8a.pl\/8academy\/#organization"},"image":{"@id":"https:\/\/8a.pl\/8academy\/babia-gora-zima-co-zabrac-i-jak-wejsc\/#primaryimage"},"thumbnailUrl":"https:\/\/8a.pl\/8academy\/wp-content\/uploads\/2025\/01\/cover-2.jpg","keywords":["Przewodnik","Trekking","Turystyka","Zima"],"articleSection":["Turystyka \/ trekking"],"inLanguage":"pl-PL"},{"@type":"WebPage","@id":"https:\/\/8a.pl\/8academy\/babia-gora-zima-co-zabrac-i-jak-wejsc\/","url":"https:\/\/8a.pl\/8academy\/babia-gora-zima-co-zabrac-i-jak-wejsc\/","name":"Babia G\u00f3ra zim\u0105 - co zabra\u0107 i jak wej\u015b\u0107? | 8academy.pl","isPartOf":{"@id":"https:\/\/8a.pl\/8academy\/#website"},"primaryImageOfPage":{"@id":"https:\/\/8a.pl\/8academy\/babia-gora-zima-co-zabrac-i-jak-wejsc\/#primaryimage"},"image":{"@id":"https:\/\/8a.pl\/8academy\/babia-gora-zima-co-zabrac-i-jak-wejsc\/#primaryimage"},"thumbnailUrl":"https:\/\/8a.pl\/8academy\/wp-content\/uploads\/2025\/01\/cover-2.jpg","datePublished":"2025-01-09T11:34:23+00:00","dateModified":"2025-01-28T09:41:11+00:00","description":"Babia G\u00f3ra zim\u0105 to wycieczka niepor\u00f3wnywalna z tym, czego mo\u017cecie tam do\u015bwiadczy\u0107 latem. Warto si\u0119 do niej odpowiednio przygotowa\u0107.","breadcrumb":{"@id":"https:\/\/8a.pl\/8academy\/babia-gora-zima-co-zabrac-i-jak-wejsc\/#breadcrumb"},"inLanguage":"pl-PL","potentialAction":[{"@type":"ReadAction","target":["https:\/\/8a.pl\/8academy\/babia-gora-zima-co-zabrac-i-jak-wejsc\/"]}]},{"@type":"ImageObject","inLanguage":"pl-PL","@id":"https:\/\/8a.pl\/8academy\/babia-gora-zima-co-zabrac-i-jak-wejsc\/#primaryimage","url":"https:\/\/8a.pl\/8academy\/wp-content\/uploads\/2025\/01\/cover-2.jpg","contentUrl":"https:\/\/8a.pl\/8academy\/wp-content\/uploads\/2025\/01\/cover-2.jpg","width":2000,"height":1460},{"@type":"BreadcrumbList","@id":"https:\/\/8a.pl\/8academy\/babia-gora-zima-co-zabrac-i-jak-wejsc\/#breadcrumb","itemListElement":[{"@type":"ListItem","position":1,"name":"Strona g\u0142\u00f3wna","item":"https:\/\/8a.pl\/8academy\/"},{"@type":"ListItem","position":2,"name":"Babia G\u00f3ra zim\u0105 &#8211; co zabra\u0107 i jak wej\u015b\u0107?"}]},{"@type":"WebSite","@id":"https:\/\/8a.pl\/8academy\/#website","url":"https:\/\/8a.pl\/8academy\/","name":"8academy.pl - portal g\u00f3rski i wspinaczkowy dla aktywnych","description":"8academy to portal g\u00f3rski o wspinaczce, trekkingu i skiturach. Znajdziesz tu porady, testy sprz\u0119tu i opisy najlepszych rejon\u00f3w. Inspirujemy zdobywc\u00f3w!","publisher":{"@id":"https:\/\/8a.pl\/8academy\/#organization"},"potentialAction":[{"@type":"SearchAction","target":{"@type":"EntryPoint","urlTemplate":"https:\/\/8a.pl\/8academy\/?s={search_term_string}"},"query-input":{"@type":"PropertyValueSpecification","valueRequired":true,"valueName":"search_term_string"}}],"inLanguage":"pl-PL"},{"@type":"Organization","@id":"https:\/\/8a.pl\/8academy\/#organization","name":"8academy.pl - portal g\u00f3rski i wspinaczkowy dla aktywnych","url":"https:\/\/8a.pl\/8academy\/","logo":{"@type":"ImageObject","inLanguage":"pl-PL","@id":"https:\/\/8a.pl\/8academy\/#\/schema\/logo\/image\/","url":"https:\/\/8a.pl\/8academy\/wp-content\/uploads\/2015\/11\/logo.png","contentUrl":"https:\/\/8a.pl\/8academy\/wp-content\/uploads\/2015\/11\/logo.png","width":438,"height":315,"caption":"8academy.pl - portal g\u00f3rski i wspinaczkowy dla aktywnych"},"image":{"@id":"https:\/\/8a.pl\/8academy\/#\/schema\/logo\/image\/"},"sameAs":["https:\/\/pl-pl.facebook.com\/sklep8apl\/","https:\/\/www.instagram.com\/8apl\/"]},{"@type":"Person","@id":"https:\/\/8a.pl\/8academy\/#\/schema\/person\/2e392153a51786e6c3d5ede231b5d2a4","name":"Redakcja 8Academy","image":{"@type":"ImageObject","inLanguage":"pl-PL","@id":"https:\/\/8a.pl\/8academy\/#\/schema\/person\/image\/","url":"https:\/\/8a.pl\/8academy\/wp-content\/uploads\/2017\/10\/logo_obrobione_2_150_59ICJ.jpg","contentUrl":"https:\/\/8a.pl\/8academy\/wp-content\/uploads\/2017\/10\/logo_obrobione_2_150_59ICJ.jpg","caption":"Redakcja 8Academy"},"url":"https:\/\/8a.pl\/8academy\/author\/redakcja\/"}]}},"_links":{"self":[{"href":"https:\/\/8a.pl\/8academy\/wp-json\/wp\/v2\/posts\/74843","targetHints":{"allow":["GET"]}}],"collection":[{"href":"https:\/\/8a.pl\/8academy\/wp-json\/wp\/v2\/posts"}],"about":[{"href":"https:\/\/8a.pl\/8academy\/wp-json\/wp\/v2\/types\/post"}],"author":[{"embeddable":true,"href":"https:\/\/8a.pl\/8academy\/wp-json\/wp\/v2\/users\/7"}],"replies":[{"embeddable":true,"href":"https:\/\/8a.pl\/8academy\/wp-json\/wp\/v2\/comments?post=74843"}],"version-history":[{"count":13,"href":"https:\/\/8a.pl\/8academy\/wp-json\/wp\/v2\/posts\/74843\/revisions"}],"predecessor-version":[{"id":74878,"href":"https:\/\/8a.pl\/8academy\/wp-json\/wp\/v2\/posts\/74843\/revisions\/74878"}],"wp:featuredmedia":[{"embeddable":true,"href":"https:\/\/8a.pl\/8academy\/wp-json\/wp\/v2\/media\/74853"}],"wp:attachment":[{"href":"https:\/\/8a.pl\/8academy\/wp-json\/wp\/v2\/media?parent=74843"}],"wp:term":[{"taxonomy":"category","embeddable":true,"href":"https:\/\/8a.pl\/8academy\/wp-json\/wp\/v2\/categories?post=74843"},{"taxonomy":"post_tag","embeddable":true,"href":"https:\/\/8a.pl\/8academy\/wp-json\/wp\/v2\/tags?post=74843"}],"curies":[{"name":"wp","href":"https:\/\/api.w.org\/{rel}","templated":true}]}}