{"id":74390,"date":"2024-12-23T09:00:00","date_gmt":"2024-12-23T08:00:00","guid":{"rendered":"https:\/\/8a.pl\/8academy\/?p=74390"},"modified":"2024-12-22T09:28:18","modified_gmt":"2024-12-22T08:28:18","slug":"test-meindl-litepeak-gtx-buty-trekkingowe-na-kazde-warunki","status":"publish","type":"post","link":"https:\/\/8a.pl\/8academy\/test-meindl-litepeak-gtx-buty-trekkingowe-na-kazde-warunki\/","title":{"rendered":"Test Meindl Litepeak GTX &#8211; buty trekkingowe na ka\u017cde warunki?"},"content":{"rendered":"\n<h2 class=\"wp-block-heading\" id=\"h-co-to-za-produkt-dlaczego-zdecydowalem-sie-na-testy\">Co to za produkt? Dlaczego zdecydowa\u0142em si\u0119 na testy?<\/h2>\n\n\n\n<p class=\"wp-block-paragraph\">Decyzj\u0119 o ich przetestowaniu podj\u0105\u0142em po d\u0142u\u017cszym czasie poszukiwa\u0144 idealnego partnera na szlak. A skoro partner na szlak musi by\u0107 trwa\u0142y, niezawodny i gotowy na wszystko, to wyb\u00f3r but\u00f3w zamiast ludzi wydawa\u0142 si\u0119 ca\u0142kiem sensowny.<\/p>\n\n\n\n<p class=\"wp-block-paragraph\"><\/p>\n\n\n<div class=\"wp-block-image\">\n<figure class=\"aligncenter size-full\"><img fetchpriority=\"high\" decoding=\"async\" width=\"600\" height=\"900\" src=\"https:\/\/8a.pl\/8academy\/wp-content\/uploads\/2024\/12\/Image-4.jpg\" alt=\"Je\u015bli kto\u015b szuka zimy, to zapraszam w Beskidy.\" class=\"wp-image-74394\" srcset=\"https:\/\/8a.pl\/8academy\/wp-content\/uploads\/2024\/12\/Image-4.jpg 600w, https:\/\/8a.pl\/8academy\/wp-content\/uploads\/2024\/12\/Image-4-200x300.jpg 200w\" sizes=\"(max-width: 600px) 100vw, 600px\" \/><figcaption class=\"wp-element-caption\">Je\u015bli kto\u015b szuka zimy, to zapraszam w Beskidy. (fot. Przemys\u0142aw Garkun)<\/figcaption><\/figure>\n<\/div>\n\n\n<h2 class=\"wp-block-heading\" id=\"h-co-nieco-o-marce-meindl\">Co nieco o marce Meindl<\/h2>\n\n\n\n<p class=\"wp-block-paragraph\">Je\u015bli buty mia\u0142yby zdobywa\u0107 medale w kategorii \u201enajlepszy rodow\u00f3d\u201d, to Meindl by\u0142by olimpijskim z\u0142otym medalist\u0105. Niemiecka marka z tradycj\u0105 si\u0119gaj\u0105c\u0105 1683 roku oferuje produkty, kt\u00f3re w swojej kategorii s\u0105 jak niemieckie auta w \u015bwiecie motoryzacji \u2013 niezawodne, precyzyjne i solidne. Nie mog\u0142em wi\u0119c nie zaufa\u0107 firmie, kt\u00f3ra produkowa\u0142a obuwie ju\u017c w czasach, kiedy w Europie jeszcze nawet nie my\u015blano o wynalezieniu turystyki g\u00f3rskiej. Po\u0142\u0105czenie tradycji i nowoczesnych technologii, takich jak membrany GORE-TEX czy podeszwy Vibram, obiecuje, \u017ce buty poradz\u0105 sobie w ka\u017cdych warunkach.<\/p>\n\n\n\n<p class=\"wp-block-paragraph\"><\/p>\n\n\n\n<div class=\"wp-block-buttons is-content-justification-center is-layout-flex wp-container-core-buttons-is-layout-fe48e5de wp-block-buttons-is-layout-flex\">\n<div class=\"wp-block-button\"><a class=\"wp-block-button__link has-background wp-element-button\" href=\"https:\/\/8a.pl\/meindl\" style=\"border-radius:6px;background-color:#e9600e\">ZOBACZ OFERT\u0118 MEINDL<\/a><\/div>\n<\/div>\n\n\n\n<p class=\"wp-block-paragraph\"><\/p>\n\n\n\n<h2 class=\"wp-block-heading\" id=\"h-meindl-litepeak-gtx-nbsp-moje-pierwsze-wrazenia\">Meindl Litepeak GTX &nbsp;&#8211; moje pierwsze wra\u017cenia<\/h2>\n\n\n\n<p class=\"wp-block-paragraph\">Rozpakowywanie Meindl Litepeak GTX by\u0142o niczym otwieranie prezentu na gwiazdk\u0119, z t\u0105 tylko r\u00f3\u017cnic\u0105, \u017ce wiedzia\u0142em co jest w \u015brodku. Od razu uderzy\u0142a mnie solidno\u015b\u0107 wykonania i przemy\u015blany design. Zamszowa sk\u00f3ra, siateczkowy materia\u0142 i staranne przeszycia \u2013 wszystko w tych butach m\u00f3wi: \u201ejeste\u015bmy gotowe na przygod\u0119\u201d.<\/p>\n\n\n\n<p class=\"wp-block-paragraph\">Kolorystyka? C\u00f3\u017c, moje gusta zazwyczaj oscyluj\u0105 mi\u0119dzy \u201eneutralne\u201d a \u201ewow, co\u015b si\u0119 dzieje!\u201d, a Litepeak GTX l\u0105duj\u0105 idealnie po\u015brodku. Szare i naturalne akcenty z czerwonymi wstawkami wygl\u0105daj\u0105 elegancko, ale z pazurem. Co\u015b jak ja na szlakach. W zestawie nie znalaz\u0142em dodatkowych sznurowade\u0142. Troch\u0119 szkoda, bo my\u015bl\u0119 \u017ce producent m\u00f3g\u0142by w ten spos\u00f3b pokaza\u0107, \u017ce buty s\u0105 d\u0142ugowieczne. A sznurowad\u0142a &#8211; nigdy nie wiadomo kiedy w tajemniczy spos\u00f3b gdzie\u015b zagin\u0105.<\/p>\n\n\n\n<p class=\"wp-block-paragraph\">Je\u015bli buty mog\u0142yby mie\u0107 CV, Litepeak GTX napisa\u0142yby je tak, \u017ce ka\u017cdy rekruter zatrudni\u0142by je z miejsca.<\/p>\n\n\n\n<p class=\"wp-block-paragraph\">Cholewka: Po\u0142\u0105czenie sk\u00f3ry zamszowej i materia\u0142u siateczkowego. Wytrzyma\u0142o\u015b\u0107 + oddychalno\u015b\u0107 = idealny duet.<\/p>\n\n\n\n<p class=\"wp-block-paragraph\"><\/p>\n\n\n<div class=\"wp-block-image\">\n<figure class=\"aligncenter size-full\"><img decoding=\"async\" width=\"600\" height=\"900\" src=\"https:\/\/8a.pl\/8academy\/wp-content\/uploads\/2024\/12\/IMG_6267.jpeg\" alt=\"Meindl Litepeak GTX s\u0105 wykonane wyj\u0105tkowo solidnie.\" class=\"wp-image-74397\" srcset=\"https:\/\/8a.pl\/8academy\/wp-content\/uploads\/2024\/12\/IMG_6267.jpeg 600w, https:\/\/8a.pl\/8academy\/wp-content\/uploads\/2024\/12\/IMG_6267-200x300.jpeg 200w\" sizes=\"(max-width: 600px) 100vw, 600px\" \/><figcaption class=\"wp-element-caption\">Meindl Litepeak GTX s\u0105 wykonane wyj\u0105tkowo solidnie. (fot. Przemys\u0142aw Garkun)<\/figcaption><\/figure>\n<\/div>\n\n\n<p class=\"wp-block-paragraph\">Membrana &#8211; GORE-TEX Performance Comfort: Gwarancja, \u017ce wn\u0119trze buta nie zamieni si\u0119 w ka\u0142u\u017c\u0119, nawet gdy z nieba pada deszcz, \u015bnieg albo co\u015b pomi\u0119dzy nimi.<\/p>\n\n\n\n<p class=\"wp-block-paragraph\">Podeszwa Vibram Multigrip 3 Alpin Light: Tyle przyczepno\u015bci, \u017ce czu\u0142em na g\u00f3rskim szlaku czu\u0142em si\u0119 jak Spiderman.<\/p>\n\n\n\n<p class=\"wp-block-paragraph\">System Variofix\u00ae: Stabilizuje pi\u0119t\u0119 tak, \u017ce w tych butach czujesz si\u0119 jak w fotelu gamingowym \u2013 wszystko jest na swoim miejscu.<\/p>\n\n\n\n<p class=\"wp-block-paragraph\">Wk\u0142adka AIR-ACTIVE\u00ae Soft Print: Amortyzacja, kt\u00f3ra pozwala zapomnie\u0107 o przebytych kilometrach, cho\u0107 kolana przypomn\u0105 o tym p\u00f3\u017aniej.<\/p>\n\n\n\n<p class=\"wp-block-paragraph\"><\/p>\n\n\n\n<div class=\"wp-block-buttons is-content-justification-center is-layout-flex wp-container-core-buttons-is-layout-fe48e5de wp-block-buttons-is-layout-flex\">\n<div class=\"wp-block-button\"><a class=\"wp-block-button__link has-background wp-element-button\" href=\"https:\/\/8a.pl\/buty-trekkingowe-damskie-meindl-litepeak-lady-gtx-granite-berry\" style=\"border-radius:6px;background-color:#e9600e\">KUP BUTY MEINDL LITEPEAK GTX DAMSKIE<\/a><\/div>\n\n\n\n<div class=\"wp-block-button\"><a class=\"wp-block-button__link has-background wp-element-button\" href=\"https:\/\/8a.pl\/buty-trekkingowe-meindl-litepeak-gtx-granite-lemon\" style=\"border-radius:6px;background-color:#e9600e\">KUP BUTY MEINDL LITEPEAK GTX M\u0118SKIE<\/a><\/div>\n<\/div>\n\n\n\n<p class=\"wp-block-paragraph\"><\/p>\n\n\n<div class=\"wp-block-image\">\n<figure class=\"aligncenter size-full\"><img decoding=\"async\" width=\"600\" height=\"900\" src=\"https:\/\/8a.pl\/8academy\/wp-content\/uploads\/2024\/12\/Image-11.jpg\" alt=\"Mimo doskonale przyczepnej podeszwy, w takich warunkach Meindl Litepeak GTX musia\u0142em uzbroi\u0107 w raczki.\" class=\"wp-image-74398\" srcset=\"https:\/\/8a.pl\/8academy\/wp-content\/uploads\/2024\/12\/Image-11.jpg 600w, https:\/\/8a.pl\/8academy\/wp-content\/uploads\/2024\/12\/Image-11-200x300.jpg 200w\" sizes=\"(max-width: 600px) 100vw, 600px\" \/><figcaption class=\"wp-element-caption\">Mimo doskonale przyczepnej podeszwy, w takich warunkach Meindl Litepeak GTX musia\u0142em uzbroi\u0107 w raczki. (fot. Przemys\u0142aw Garkun)<\/figcaption><\/figure>\n<\/div>\n\n\n<h2 class=\"wp-block-heading\" id=\"h-meindl-litepeak-gtx-test-pierwszy-beskid-slaski-malinowska-skala-i-skrzyczne\">Meindl Litepeak GTX \/ Test pierwszy: Beskid \u015al\u0105ski \u2013 Malinowska Ska\u0142a i Skrzyczne<\/h2>\n\n\n\n<p class=\"wp-block-paragraph\">Pierwszy test Meindl Litepeak GTX odby\u0142 si\u0119 w Beskidzie \u015al\u0105skim. Trasa z parkingu we wsi Ostre przez Malinowsk\u0105 Ska\u0142\u0119 na Skrzyczne by\u0142a pe\u0142na niespodzianek \u2013 niestety nie tych pozytywnych. Aura? Warunki jakie mi si\u0119 trafi\u0142y nazywa si\u0119 \u201epogod\u0105 dla koneser\u00f3w\u201d. By\u0142 lodowaty wiatr, zamarzaj\u0105cy na ubraniach deszcz, a pod nogami mia\u0142em l\u00f3d.<\/p>\n\n\n\n<p class=\"wp-block-paragraph\">Jakie by\u0142y moje wra\u017cenia po tej wyciecze? Komfort termiczny by\u0142 znakomity. W temperaturze odczuwalnej -5\u00b0C moim stopom by\u0142o cieplej ni\u017c gdybym siedzia\u0142 pod kocem przy kominku. Z przyczepno\u015bci\u0105 by\u0142o r\u00f3wnie dobrze. Podeszwa marki Vibram trzyma\u0142a si\u0119 pod\u0142o\u017ca jak superglue, i to nawet na kamieniach i pokrytych lodem \u015bcie\u017ckach. Do \u015brodka nie przedosta\u0142a si\u0119 ani kropla wilgoci, mimo \u017ce \u015bnieg i b\u0142oto by\u0142y wsz\u0119dzie. Membrana Gore-Tex r\u00f3wnie\u017c wi\u0119c zda\u0142a egzamin.<\/p>\n\n\n\n<p class=\"wp-block-paragraph\">Jedynym minusem by\u0142o to, \u017ce po d\u0142u\u017cszym marszu w raczkach, pojawi\u0142 si\u0119 ucisk w przedniej cz\u0119\u015bci buta. Trudno mi jednak absolutnie jednoznacznie stwierdzi\u0107, czy to kwestia samego obuwia, czy mo\u017ce dopasowania, a raczej niedopasowania raczk\u00f3w.<\/p>\n\n\n\n<p class=\"wp-block-paragraph\"><\/p>\n\n\n<div class=\"wp-block-image\">\n<figure class=\"aligncenter size-full\"><img loading=\"lazy\" decoding=\"async\" width=\"600\" height=\"900\" src=\"https:\/\/8a.pl\/8academy\/wp-content\/uploads\/2024\/12\/Image-37.jpg\" alt=\"W Tatrach Meindl Litepeak GTX pokona\u0142y ze mn\u0105 spory dystans i okaza\u0142o si\u0119, \u017ce na komfort nie mo\u017cna narzeka\u0107.\" class=\"wp-image-74399\" srcset=\"https:\/\/8a.pl\/8academy\/wp-content\/uploads\/2024\/12\/Image-37.jpg 600w, https:\/\/8a.pl\/8academy\/wp-content\/uploads\/2024\/12\/Image-37-200x300.jpg 200w\" sizes=\"(max-width: 600px) 100vw, 600px\" \/><figcaption class=\"wp-element-caption\">W Tatrach Meindl Litepeak GTX pokona\u0142y ze mn\u0105 spory dystans i okaza\u0142o si\u0119, \u017ce na komfort nie mo\u017cna narzeka\u0107. (fot. Przemys\u0142aw Garkun)<\/figcaption><\/figure>\n<\/div>\n\n\n<h2 class=\"wp-block-heading\" id=\"h-meindl-litepeak-gtx-test-drugi-tatry-kasprowy-wierch-i-hala-gasienicowa\">Meindl Litepeak GTX \/ Test drugi: Tatry \u2013 Kasprowy Wierch i Hala G\u0105sienicowa<\/h2>\n\n\n\n<p class=\"wp-block-paragraph\">Kolejny test odby\u0142 si\u0119 tydzie\u0144 p\u00f3\u017aniej w Tatrach, gdzie pogoda by\u0142a znacznie \u0142askawsza. Dzie\u0144 by\u0142 s\u0142oneczny, temperatury od -5\u00b0C do 8\u00b0C i na liczniku \u0142atwo pojawi\u0142o si\u0119 30 kilometr\u00f3w, z czego 22 km po g\u00f3rach.<\/p>\n\n\n\n<p class=\"wp-block-paragraph\">Tym razem stara\u0142em si\u0119 zwr\u00f3ci\u0107 uwag\u0119 na inne kwestie. Tym bardziej, \u017ce tatrza\u0144skie szlaki postawi\u0142y przed Meindl Litepeak GTX inne wyzwania ni\u017c trasa w Beskidach.<\/p>\n\n\n\n<p class=\"wp-block-paragraph\">W Tatrach poczu\u0142em jak dzia\u0142a stabilizacja w tym modelu. System Variofix to czysta magia \u2013 nawet na nier\u00f3wno\u015bciach czu\u0142em si\u0119 stabilnie. R\u00f3\u017cna od beskidzkiej aura, pokaza\u0142a drugie oblicze membrany \u2013 oddychalno\u015b\u0107. Po\u0142\u0105czenie siateczki i membrany GORE-TEX sprawi\u0142o, \u017ce moje stopy by\u0142y suche, mimo znacznej r\u00f3\u017cnicy temperatur i do\u015b\u0107 intensywnego wysi\u0142ku.<\/p>\n\n\n\n<p class=\"wp-block-paragraph\">Spodziewa\u0142em si\u0119, \u017ce po pokonaniu takiego dystansu w Tatrach, moje stopy b\u0119d\u0105 b\u0142aga\u0107 o chwil\u0119 przerwy, ale dzi\u0119ki wk\u0142adkom AIR-ACTIVE czu\u0142em si\u0119 \u015bwietnie.<\/p>\n\n\n\n<p class=\"wp-block-paragraph\">Co okaza\u0142o si\u0119 najwi\u0119ksz\u0105 zalet\u0105 Meindl Litepeak GTX? W Tatrach, podczas w\u0119dr\u00f3wki przez \u015bnieg i l\u00f3d, mia\u0142em wra\u017cenie, \u017ce te buty s\u0105 o \u2013 nomen omen &#8211; krok przed moimi oczekiwaniami. Nawet w topniej\u0105cym \u015bniegu nie mia\u0142em problem\u00f3w z utrzymaniem suchego wn\u0119trza but\u00f3w.<\/p>\n\n\n\n<p class=\"wp-block-paragraph\"><\/p>\n\n\n<div class=\"wp-block-image\">\n<figure class=\"aligncenter size-full\"><img loading=\"lazy\" decoding=\"async\" width=\"600\" height=\"900\" src=\"https:\/\/8a.pl\/8academy\/wp-content\/uploads\/2024\/12\/IMG_6273.jpeg\" alt=\"System Variofix w butach Meindl Litepeak GTX to czysta magia. Zapewnia fantastyczn\u0105 stabilno\u015b\u0107.\" class=\"wp-image-74400\" srcset=\"https:\/\/8a.pl\/8academy\/wp-content\/uploads\/2024\/12\/IMG_6273.jpeg 600w, https:\/\/8a.pl\/8academy\/wp-content\/uploads\/2024\/12\/IMG_6273-200x300.jpeg 200w\" sizes=\"(max-width: 600px) 100vw, 600px\" \/><figcaption class=\"wp-element-caption\">System Variofix w butach Meindl Litepeak GTX to czysta magia. Zapewnia fantastyczn\u0105 stabilno\u015b\u0107. (fot. Przemys\u0142aw Garkun)<\/figcaption><\/figure>\n<\/div>\n\n\n<h2 class=\"wp-block-heading\" id=\"h-podsumowanie\">Podsumowanie<\/h2>\n\n\n\n<p class=\"wp-block-paragraph\">Buty Meindl Litepeak GTX to co\u015b wi\u0119cej ni\u017c zwyk\u0142y sprz\u0119t na szlak. To towarzysz, kt\u00f3ry nie zawiedzie w trudnych chwilach. S\u0105 idealne dla ka\u017cdego, kto szuka uniwersalnego obuwia na r\u00f3\u017cne warunki pogodowe i terenowe.<\/p>\n\n\n\n<h3 class=\"wp-block-heading\" id=\"h-plusy-i-minusy-meindl-litepeak-gtx\">Plusy i minusy Meindl Litepeak GTX<\/h3>\n\n\n\n<p class=\"wp-block-paragraph\"><strong>Plusy:<\/strong><\/p>\n\n\n\n<ul class=\"wp-block-list\">\n<li>Wyj\u0105tkowa przyczepno\u015b\u0107<\/li>\n\n\n\n<li>Wysoki komfort termiczny i oddychalno\u015b\u0107<\/li>\n\n\n\n<li>Doskona\u0142e wykonanie i trwa\u0142o\u015b\u0107<\/li>\n\n\n\n<li>Stabilizacja stopy w trudnym terenie<\/li>\n\n\n\n<li>Wszechstronno\u015b\u0107 \u2013 na szlak i poza nim<\/li>\n<\/ul>\n\n\n\n<p class=\"wp-block-paragraph\"><strong>Minusy:<\/strong><\/p>\n\n\n\n<ul class=\"wp-block-list\">\n<li>Podczas d\u0142ugich marsz\u00f3w w raczkach w przedniej cz\u0119\u015bci stopy mo\u017ce pojawi\u0107 si\u0119 ucisk<\/li>\n<\/ul>\n\n\n\n<p class=\"wp-block-paragraph\">Za minus mo\u017cna by co prawda uzna\u0107 te\u017c wysok\u0105 cen\u0119, ale moim zdaniem jest adekwatna do jako\u015bci.<\/p>\n\n\n\n<p class=\"wp-block-paragraph\"><\/p>\n\n\n<div class=\"wp-block-image\">\n<figure class=\"aligncenter size-full\"><img loading=\"lazy\" decoding=\"async\" width=\"600\" height=\"900\" src=\"https:\/\/8a.pl\/8academy\/wp-content\/uploads\/2024\/12\/IMG_6274.jpeg\" alt=\"Meindl Litepeak GTX spe\u0142ni\u0142y wszystkie moje - nawet te nieco wyg\u00f3rowane - oczekiwania.\" class=\"wp-image-74401\" srcset=\"https:\/\/8a.pl\/8academy\/wp-content\/uploads\/2024\/12\/IMG_6274.jpeg 600w, https:\/\/8a.pl\/8academy\/wp-content\/uploads\/2024\/12\/IMG_6274-200x300.jpeg 200w\" sizes=\"(max-width: 600px) 100vw, 600px\" \/><figcaption class=\"wp-element-caption\">Meindl Litepeak GTX spe\u0142ni\u0142y wszystkie moje &#8211; nawet te nieco wyg\u00f3rowane &#8211; oczekiwania. (fot. Przemys\u0142aw Garkun)<\/figcaption><\/figure>\n<\/div>\n\n\n<p class=\"wp-block-paragraph\"><em>Test przygotowa\u0142 dla was <strong>Przemys\u0142aw Garkun<\/strong><\/em><\/p>\n","protected":false},"excerpt":{"rendered":"<p>Wiele razy szuka\u0142em obuwia uniwersalnego, kt\u00f3re sprawdzi si\u0119 zar\u00f3wno na \u0142agodnych szlakach w umiarkowanym terenie g\u00f3rskim jak Beskid \u015al\u0105ski, jak i w trudniejszych warunkach wy\u017cszych g\u00f3r, takich jak Tatry. Oczywi\u015bcie moje wymagania s\u0105 wysokie \u2013 buty musz\u0105 by\u0107 wytrzyma\u0142e, wygodne, a przy tym odporne na kaprysy pogody. Meindl Litepeak GTX obiecywa\u0142y spe\u0142nienie tych wszystkich kryteri\u00f3w.<\/p>\n","protected":false},"author":7,"featured_media":74396,"comment_status":"closed","ping_status":"closed","sticky":false,"template":"","format":"standard","meta":{"_acf_changed":false,"_uf_show_specific_survey":0,"_uf_disable_surveys":false,"footnotes":""},"categories":[26070],"tags":[26104,26078,26085],"class_list":["post-74390","post","type-post","status-publish","format-standard","has-post-thumbnail","hentry","category-turystyka-trekking","tag-caloroczne","tag-test","tag-trekking"],"acf":[],"yoast_head":"<!-- This site is optimized with the Yoast SEO Premium plugin v23.4 (Yoast SEO v25.5) - https:\/\/yoast.com\/wordpress\/plugins\/seo\/ -->\n<title>Test Meindl Litepeak GTX - buty trekkingowe na ka\u017cde warunki? | 8academy.pl - portal g\u00f3rski i wspinaczkowy dla aktywnych<\/title>\n<meta name=\"description\" content=\"Czy Meindl Litepeak GTX s\u0105 tym, czego oczekiwaliby\u015bmy od marki z ponad 300-letni\u0105 tradycj\u0105? Sprawdzili\u015bmy to bardzo starannie.\" \/>\n<meta name=\"robots\" content=\"index, follow, max-snippet:-1, max-image-preview:large, max-video-preview:-1\" \/>\n<link rel=\"canonical\" href=\"http:\/\/8a.pl\/8academy\/test-meindl-litepeak-gtx-buty-trekkingowe-na-kazde-warunki\/\" \/>\n<meta property=\"og:locale\" content=\"pl_PL\" \/>\n<meta property=\"og:type\" content=\"article\" \/>\n<meta property=\"og:title\" content=\"Test Meindl Litepeak GTX - buty trekkingowe na ka\u017cde warunki?\" \/>\n<meta property=\"og:description\" content=\"Czy Meindl Litepeak GTX s\u0105 tym, czego oczekiwaliby\u015bmy od marki z ponad 300-letni\u0105 tradycj\u0105? Sprawdzili\u015bmy to bardzo starannie.\" \/>\n<meta property=\"og:url\" content=\"http:\/\/8a.pl\/8academy\/test-meindl-litepeak-gtx-buty-trekkingowe-na-kazde-warunki\/\" \/>\n<meta property=\"og:site_name\" content=\"8academy.pl - portal g\u00f3rski i wspinaczkowy dla aktywnych\" \/>\n<meta property=\"article:publisher\" content=\"https:\/\/pl-pl.facebook.com\/sklep8apl\/\" \/>\n<meta property=\"article:published_time\" content=\"2024-12-23T08:00:00+00:00\" \/>\n<meta property=\"og:image\" content=\"http:\/\/8a.pl\/8academy\/wp-content\/uploads\/2024\/12\/cover_2-1.jpg\" \/>\n\t<meta property=\"og:image:width\" content=\"2000\" \/>\n\t<meta property=\"og:image:height\" content=\"1460\" \/>\n\t<meta property=\"og:image:type\" content=\"image\/jpeg\" \/>\n<meta name=\"author\" content=\"Redakcja 8Academy\" \/>\n<meta name=\"twitter:card\" content=\"summary_large_image\" \/>\n<meta name=\"twitter:label1\" content=\"Napisane przez\" \/>\n\t<meta name=\"twitter:data1\" content=\"Redakcja 8Academy\" \/>\n\t<meta name=\"twitter:label2\" content=\"Szacowany czas czytania\" \/>\n\t<meta name=\"twitter:data2\" content=\"7 minut\" \/>\n<!-- \/ Yoast SEO Premium plugin. -->","yoast_head_json":{"title":"Test Meindl Litepeak GTX - buty trekkingowe na ka\u017cde warunki? | 8academy.pl - portal g\u00f3rski i wspinaczkowy dla aktywnych","description":"Czy Meindl Litepeak GTX s\u0105 tym, czego oczekiwaliby\u015bmy od marki z ponad 300-letni\u0105 tradycj\u0105? Sprawdzili\u015bmy to bardzo starannie.","robots":{"index":"index","follow":"follow","max-snippet":"max-snippet:-1","max-image-preview":"max-image-preview:large","max-video-preview":"max-video-preview:-1"},"canonical":"http:\/\/8a.pl\/8academy\/test-meindl-litepeak-gtx-buty-trekkingowe-na-kazde-warunki\/","og_locale":"pl_PL","og_type":"article","og_title":"Test Meindl Litepeak GTX - buty trekkingowe na ka\u017cde warunki?","og_description":"Czy Meindl Litepeak GTX s\u0105 tym, czego oczekiwaliby\u015bmy od marki z ponad 300-letni\u0105 tradycj\u0105? Sprawdzili\u015bmy to bardzo starannie.","og_url":"http:\/\/8a.pl\/8academy\/test-meindl-litepeak-gtx-buty-trekkingowe-na-kazde-warunki\/","og_site_name":"8academy.pl - portal g\u00f3rski i wspinaczkowy dla aktywnych","article_publisher":"https:\/\/pl-pl.facebook.com\/sklep8apl\/","article_published_time":"2024-12-23T08:00:00+00:00","og_image":[{"width":2000,"height":1460,"url":"http:\/\/8a.pl\/8academy\/wp-content\/uploads\/2024\/12\/cover_2-1.jpg","type":"image\/jpeg"}],"author":"Redakcja 8Academy","twitter_card":"summary_large_image","twitter_misc":{"Napisane przez":"Redakcja 8Academy","Szacowany czas czytania":"7 minut"},"schema":{"@context":"https:\/\/schema.org","@graph":[{"@type":"Article","@id":"http:\/\/8a.pl\/8academy\/test-meindl-litepeak-gtx-buty-trekkingowe-na-kazde-warunki\/#article","isPartOf":{"@id":"http:\/\/8a.pl\/8academy\/test-meindl-litepeak-gtx-buty-trekkingowe-na-kazde-warunki\/"},"author":{"name":"Redakcja 8Academy","@id":"https:\/\/8a.pl\/8academy\/#\/schema\/person\/2e392153a51786e6c3d5ede231b5d2a4"},"headline":"Test Meindl Litepeak GTX &#8211; buty trekkingowe na ka\u017cde warunki?","datePublished":"2024-12-23T08:00:00+00:00","mainEntityOfPage":{"@id":"http:\/\/8a.pl\/8academy\/test-meindl-litepeak-gtx-buty-trekkingowe-na-kazde-warunki\/"},"wordCount":1098,"publisher":{"@id":"https:\/\/8a.pl\/8academy\/#organization"},"image":{"@id":"http:\/\/8a.pl\/8academy\/test-meindl-litepeak-gtx-buty-trekkingowe-na-kazde-warunki\/#primaryimage"},"thumbnailUrl":"https:\/\/8a.pl\/8academy\/wp-content\/uploads\/2024\/12\/cover_2-1.jpg","keywords":["Ca\u0142oroczne","Test","Trekking"],"articleSection":["Turystyka \/ trekking"],"inLanguage":"pl-PL"},{"@type":"WebPage","@id":"http:\/\/8a.pl\/8academy\/test-meindl-litepeak-gtx-buty-trekkingowe-na-kazde-warunki\/","url":"http:\/\/8a.pl\/8academy\/test-meindl-litepeak-gtx-buty-trekkingowe-na-kazde-warunki\/","name":"Test Meindl Litepeak GTX - buty trekkingowe na ka\u017cde warunki? | 8academy.pl - portal g\u00f3rski i wspinaczkowy dla aktywnych","isPartOf":{"@id":"https:\/\/8a.pl\/8academy\/#website"},"primaryImageOfPage":{"@id":"http:\/\/8a.pl\/8academy\/test-meindl-litepeak-gtx-buty-trekkingowe-na-kazde-warunki\/#primaryimage"},"image":{"@id":"http:\/\/8a.pl\/8academy\/test-meindl-litepeak-gtx-buty-trekkingowe-na-kazde-warunki\/#primaryimage"},"thumbnailUrl":"https:\/\/8a.pl\/8academy\/wp-content\/uploads\/2024\/12\/cover_2-1.jpg","datePublished":"2024-12-23T08:00:00+00:00","description":"Czy Meindl Litepeak GTX s\u0105 tym, czego oczekiwaliby\u015bmy od marki z ponad 300-letni\u0105 tradycj\u0105? Sprawdzili\u015bmy to bardzo starannie.","breadcrumb":{"@id":"http:\/\/8a.pl\/8academy\/test-meindl-litepeak-gtx-buty-trekkingowe-na-kazde-warunki\/#breadcrumb"},"inLanguage":"pl-PL","potentialAction":[{"@type":"ReadAction","target":["http:\/\/8a.pl\/8academy\/test-meindl-litepeak-gtx-buty-trekkingowe-na-kazde-warunki\/"]}]},{"@type":"ImageObject","inLanguage":"pl-PL","@id":"http:\/\/8a.pl\/8academy\/test-meindl-litepeak-gtx-buty-trekkingowe-na-kazde-warunki\/#primaryimage","url":"https:\/\/8a.pl\/8academy\/wp-content\/uploads\/2024\/12\/cover_2-1.jpg","contentUrl":"https:\/\/8a.pl\/8academy\/wp-content\/uploads\/2024\/12\/cover_2-1.jpg","width":2000,"height":1460},{"@type":"BreadcrumbList","@id":"http:\/\/8a.pl\/8academy\/test-meindl-litepeak-gtx-buty-trekkingowe-na-kazde-warunki\/#breadcrumb","itemListElement":[{"@type":"ListItem","position":1,"name":"Strona g\u0142\u00f3wna","item":"https:\/\/8a.pl\/8academy\/"},{"@type":"ListItem","position":2,"name":"Test Meindl Litepeak GTX &#8211; buty trekkingowe na ka\u017cde warunki?"}]},{"@type":"WebSite","@id":"https:\/\/8a.pl\/8academy\/#website","url":"https:\/\/8a.pl\/8academy\/","name":"8academy.pl - portal g\u00f3rski i wspinaczkowy dla aktywnych","description":"8academy to portal g\u00f3rski o wspinaczce, trekkingu i skiturach. Znajdziesz tu porady, testy sprz\u0119tu i opisy najlepszych rejon\u00f3w. Inspirujemy zdobywc\u00f3w!","publisher":{"@id":"https:\/\/8a.pl\/8academy\/#organization"},"potentialAction":[{"@type":"SearchAction","target":{"@type":"EntryPoint","urlTemplate":"https:\/\/8a.pl\/8academy\/?s={search_term_string}"},"query-input":{"@type":"PropertyValueSpecification","valueRequired":true,"valueName":"search_term_string"}}],"inLanguage":"pl-PL"},{"@type":"Organization","@id":"https:\/\/8a.pl\/8academy\/#organization","name":"8academy.pl - portal g\u00f3rski i wspinaczkowy dla aktywnych","url":"https:\/\/8a.pl\/8academy\/","logo":{"@type":"ImageObject","inLanguage":"pl-PL","@id":"https:\/\/8a.pl\/8academy\/#\/schema\/logo\/image\/","url":"https:\/\/8a.pl\/8academy\/wp-content\/uploads\/2015\/11\/logo.png","contentUrl":"https:\/\/8a.pl\/8academy\/wp-content\/uploads\/2015\/11\/logo.png","width":438,"height":315,"caption":"8academy.pl - portal g\u00f3rski i wspinaczkowy dla aktywnych"},"image":{"@id":"https:\/\/8a.pl\/8academy\/#\/schema\/logo\/image\/"},"sameAs":["https:\/\/pl-pl.facebook.com\/sklep8apl\/","https:\/\/www.instagram.com\/8apl\/"]},{"@type":"Person","@id":"https:\/\/8a.pl\/8academy\/#\/schema\/person\/2e392153a51786e6c3d5ede231b5d2a4","name":"Redakcja 8Academy","image":{"@type":"ImageObject","inLanguage":"pl-PL","@id":"https:\/\/8a.pl\/8academy\/#\/schema\/person\/image\/","url":"https:\/\/8a.pl\/8academy\/wp-content\/uploads\/2017\/10\/logo_obrobione_2_150_59ICJ.jpg","contentUrl":"https:\/\/8a.pl\/8academy\/wp-content\/uploads\/2017\/10\/logo_obrobione_2_150_59ICJ.jpg","caption":"Redakcja 8Academy"},"url":"https:\/\/8a.pl\/8academy\/author\/redakcja\/"}]}},"_links":{"self":[{"href":"https:\/\/8a.pl\/8academy\/wp-json\/wp\/v2\/posts\/74390","targetHints":{"allow":["GET"]}}],"collection":[{"href":"https:\/\/8a.pl\/8academy\/wp-json\/wp\/v2\/posts"}],"about":[{"href":"https:\/\/8a.pl\/8academy\/wp-json\/wp\/v2\/types\/post"}],"author":[{"embeddable":true,"href":"https:\/\/8a.pl\/8academy\/wp-json\/wp\/v2\/users\/7"}],"replies":[{"embeddable":true,"href":"https:\/\/8a.pl\/8academy\/wp-json\/wp\/v2\/comments?post=74390"}],"version-history":[{"count":6,"href":"https:\/\/8a.pl\/8academy\/wp-json\/wp\/v2\/posts\/74390\/revisions"}],"predecessor-version":[{"id":74406,"href":"https:\/\/8a.pl\/8academy\/wp-json\/wp\/v2\/posts\/74390\/revisions\/74406"}],"wp:featuredmedia":[{"embeddable":true,"href":"https:\/\/8a.pl\/8academy\/wp-json\/wp\/v2\/media\/74396"}],"wp:attachment":[{"href":"https:\/\/8a.pl\/8academy\/wp-json\/wp\/v2\/media?parent=74390"}],"wp:term":[{"taxonomy":"category","embeddable":true,"href":"https:\/\/8a.pl\/8academy\/wp-json\/wp\/v2\/categories?post=74390"},{"taxonomy":"post_tag","embeddable":true,"href":"https:\/\/8a.pl\/8academy\/wp-json\/wp\/v2\/tags?post=74390"}],"curies":[{"name":"wp","href":"https:\/\/api.w.org\/{rel}","templated":true}]}}