{"id":73523,"date":"2024-11-28T09:48:13","date_gmt":"2024-11-28T08:48:13","guid":{"rendered":"https:\/\/8a.pl\/8academy\/?p=73523"},"modified":"2024-12-02T12:15:01","modified_gmt":"2024-12-02T11:15:01","slug":"helly-hansen-norweski-krol-jesienno-zimowych-warstw-test","status":"publish","type":"post","link":"https:\/\/8a.pl\/8academy\/helly-hansen-norweski-krol-jesienno-zimowych-warstw-test\/","title":{"rendered":"Helly Hansen &#8211; norweski kr\u00f3l jesienno-zimowych warstw &#8211; test"},"content":{"rendered":"\n<p class=\"wp-block-paragraph\">W kt\u00f3r\u0105 z tych dw\u00f3ch stron idzie norweski brand, za\u0142o\u017cony w 1877 roku przez kapitana Helly&#8217;ego Juela Hansena wraz z \u017con\u0105? Sprawdzili\u015bmy to ostatnio w damsko-m\u0119skim duecie, dziel\u0105c mi\u0119dzy sob\u0105 r\u00f3\u017cne elementy ubioru warstwowego i wymieniaj\u0105c si\u0119 swoimi przemy\u015bleniami. Oto efekt.<\/p>\n\n\n\n<h2 class=\"wp-block-heading\" id=\"h-legginsy-termoaktywne-damskie-helly-hansen-lifa-merino-midweight-pant-i-bluza-termoaktywna-damska-helly-hansen-lifa-merino-midweight-crew\">Legginsy termoaktywne damskie Helly Hansen Lifa Merino Midweight Pant i bluza termoaktywna damska Helly Hansen Lifa Merino Midweight Crew<\/h2>\n\n\n\n<p class=\"wp-block-paragraph\"><strong>Natalia: <\/strong>Zar\u00f3wno legginsy, jak i bluza sprawdzaj\u0105 si\u0119 super jako pierwsza warstwa. Podczas biegania w ch\u0142odniejsze dni legginsy \u015bwietnie sprawdzi\u0142y si\u0119 w pojedynk\u0119, odgrywaj\u0105c rol\u0119 jedynej warstwy. Skutecznie chroni\u0105 przed zimnem, a przy tym nie przegrzewaj\u0105 cia\u0142a. Bluza natomiast sprawdzi\u0142a si\u0119 u mnie najlepiej w po\u0142\u0105czeniu z dodatkow\u0105 warstw\u0105, softshellem, tworz\u0105c zestaw odporny na ch\u0142\u00f3d i wiatr.<\/p>\n\n\n\n<p class=\"wp-block-paragraph\"><\/p>\n\n\n\n<div class=\"wp-block-buttons is-content-justification-center is-layout-flex wp-container-core-buttons-is-layout-fe48e5de wp-block-buttons-is-layout-flex\">\n<div class=\"wp-block-button\"><a class=\"wp-block-button__link has-background wp-element-button\" href=\"https:\/\/8a.pl\/legginsy-termoaktywne-damskie-helly-hansen-lifa-merino-midweight-pant-emerald\" style=\"border-radius:6px;background-color:#e9600e\">KUP LEGGINSY HELLY HANSEN LIFA MERINO MIDWEIGHT<\/a><\/div>\n\n\n\n<div class=\"wp-block-button\"><a class=\"wp-block-button__link has-background wp-element-button\" href=\"https:\/\/8a.pl\/bluza-termoaktywna-damska-helly-hansen-lifa-merino-midweight-crew-emerald\" style=\"border-radius:6px;background-color:#e9600e\">KUP BLUZ\u0118 HELLY HANSEN LIFA MERINO MIDWEIGHT<\/a><\/div>\n<\/div>\n\n\n\n<p class=\"wp-block-paragraph\"><\/p>\n\n\n<div class=\"wp-block-image\">\n<figure class=\"aligncenter size-full\"><img fetchpriority=\"high\" decoding=\"async\" width=\"600\" height=\"900\" src=\"https:\/\/8a.pl\/8academy\/wp-content\/uploads\/2024\/11\/bielizna-lifa-2.jpg\" alt=\"Bielizna Lifa Merino od Helly Hansen jest \u015bwietnym wyborem na jesienne treningi na \u015bwie\u017cym powietrzu.\" class=\"wp-image-73527\" srcset=\"https:\/\/8a.pl\/8academy\/wp-content\/uploads\/2024\/11\/bielizna-lifa-2.jpg 600w, https:\/\/8a.pl\/8academy\/wp-content\/uploads\/2024\/11\/bielizna-lifa-2-200x300.jpg 200w\" sizes=\"(max-width: 600px) 100vw, 600px\" \/><figcaption class=\"wp-element-caption\">Bielizna Lifa Merino od Helly Hansen jest \u015bwietnym wyborem na jesienne treningi na \u015bwie\u017cym powietrzu. (fot. Szymon Podstufka)<\/figcaption><\/figure>\n<\/div>\n\n\n<p class=\"wp-block-paragraph\">Oddychalno\u015b\u0107 obu element\u00f3w zestawu jest bez zarzutu. Dzi\u0119ki technologii HH LIFA\u00ae, ultralekkiemu w\u0142\u00f3knu odprowadzaj\u0105cemu wilgo\u0107, tak bluza, jak i legginsy doskonale radz\u0105 sobie z nadmiarem potu. Dzia\u0142a to nast\u0119puj\u0105co: w\u0142\u00f3kna przy sk\u00f3rze \u015bwietnie radz\u0105 sobie ze zbieraniem nadmiaru potu i przekazywaniem go na tkanin\u0119 zewn\u0119trzn\u0105. Tam jest on rozprowadzany po ca\u0142ej jej powierzchni, by m\u00f3g\u0142 szybko i efektywnie odparowa\u0107.<\/p>\n\n\n\n<p class=\"wp-block-paragraph\">Opr\u00f3cz tego bielizna termoaktywna spod znaku Helly Hansen nie denerwuje, nie gryzie i nie powoduje podra\u017cnie\u0144 sk\u00f3ry, nawet podczas intensywniejszych aktywno\u015bci. P\u0142askie szwy to komfort noszenia i zminimalizowane ryzyko otar\u0107. U mnie one nie wyst\u0105pi\u0142y.<\/p>\n\n\n\n<p class=\"wp-block-paragraph\">Materia\u0142 zewn\u0119trzny u\u017cyty w tym zestawie jest niezwykle przyjemny w dotyku, nie powoduj\u0105c uczucia gryzienia, mimo \u017ce mamy tu do czynienia z we\u0142n\u0105. To jednak standard, kiedy mowa o zastosowaniu merino przez brand o tak mocnym osadzeniu w outdoorze jak Helly Hansen.<\/p>\n\n\n\n<p class=\"wp-block-paragraph\"><\/p>\n\n\n<div class=\"wp-block-image\">\n<figure class=\"aligncenter size-full\"><img decoding=\"async\" width=\"600\" height=\"900\" src=\"https:\/\/8a.pl\/8academy\/wp-content\/uploads\/2024\/11\/bielizna-lifa-3.jpg\" alt=\"Pierwsza warstwa musi by\u0107 mi\u0119kka, wygodna i nie powodowa\u0107 podra\u017cnie\u0144. Life Merino od Helly Hansen spe\u0142nia wszystkie wymagania.\" class=\"wp-image-73542\" srcset=\"https:\/\/8a.pl\/8academy\/wp-content\/uploads\/2024\/11\/bielizna-lifa-3.jpg 600w, https:\/\/8a.pl\/8academy\/wp-content\/uploads\/2024\/11\/bielizna-lifa-3-200x300.jpg 200w\" sizes=\"(max-width: 600px) 100vw, 600px\" \/><figcaption class=\"wp-element-caption\">Pierwsza warstwa musi by\u0107 mi\u0119kka, wygodna i nie powodowa\u0107 podra\u017cnie\u0144. Life Merino od Helly Hansen spe\u0142nia wszystkie wymagania. (fot. Szymon Podstufka)<\/figcaption><\/figure>\n<\/div>\n\n\n<p class=\"wp-block-paragraph\">Kr\u00f3j zestawu jest doskonale dopasowany do damskiej sylwetki, dzi\u0119ki czemu odzie\u017c nie tylko dobrze wygl\u0105da, ale r\u00f3wnie\u017c zapewnia pe\u0142n\u0105 swobod\u0119 ruch\u00f3w. Tym samym bluza i legginsy Lifa Merino Midweight to niezawodna warstwa bazowa na ch\u0142odne dni. Mnie zapewni\u0142y ciep\u0142o i wygod\u0119 przy jesiennych wybieganiach. Nie mam natomiast w\u0105tpliwo\u015bci, \u017ce sprawdzi\u0142yby si\u0119 tak\u017ce podczas zimowych trekking\u00f3w czy w roli baselayera na stokach narciarskich.<\/p>\n\n\n\n<h2 class=\"wp-block-heading\" id=\"h-bluza-polarowa-helly-hansen-daybreaker-fleece-jacket\">Bluza polarowa Helly Hansen Daybreaker Fleece Jacket<\/h2>\n\n\n\n<p class=\"wp-block-paragraph\"><strong>Natalia: <\/strong>Helly Hansen Daybreaker Fleece Jacket to najklasyczniejszy polar, jaki tylko mo\u017cna sobie wyobrazi\u0107. I nie jest to bynajmniej jego wad\u0105. Wiadomo doskonale, czego si\u0119 spodziewa\u0107 i dok\u0142adnie to si\u0119 dostaje. Bluza sprawdza si\u0119 zar\u00f3wno jako warstwa zewn\u0119trzna, jak i w roli docieplenia pod kurtk\u0105. Jest lekka (tkanina ma nisk\u0105 gramatur\u0119 &#8211; 100 g\/m<sup>2<\/sup>), a jednocze\u015bnie skutecznie izoluj\u0105ca.<\/p>\n\n\n\n<p class=\"wp-block-paragraph\">Jednym z najwi\u0119kszych atut\u00f3w tego modelu jest jego fantastyczny kr\u00f3j. Bluza jest wytaliowana, co sprawia, \u017ce \u015bwietnie dopasowuje si\u0119 do sylwetki, podkre\u015blaj\u0105c jej kszta\u0142t. Nie jest to lu\u017any, &#8220;bezkszta\u0142tny&#8221; polar, ale model, kt\u00f3ry zadowoli osoby ceni\u0105ce zar\u00f3wno funkcjonalno\u015b\u0107, jak i estetyk\u0119.<\/p>\n\n\n\n<p class=\"wp-block-paragraph\"><\/p>\n\n\n\n<div class=\"wp-block-buttons is-content-justification-center is-layout-flex wp-container-core-buttons-is-layout-fe48e5de wp-block-buttons-is-layout-flex\">\n<div class=\"wp-block-button\"><a class=\"wp-block-button__link has-background wp-element-button\" href=\"https:\/\/8a.pl\/bluza-bez-kaptura-damska-helly-hansen-daybreaker-fleece-jacket-am-navy\" style=\"border-radius:6px;background-color:#e9600e\">KUP POLAR HELLY HANSEN DAYBREAKER FLEECE JACKET<\/a><\/div>\n<\/div>\n\n\n\n<p class=\"wp-block-paragraph\"><\/p>\n\n\n<div class=\"wp-block-image\">\n<figure class=\"aligncenter size-full\"><img decoding=\"async\" width=\"600\" height=\"900\" src=\"https:\/\/8a.pl\/8academy\/wp-content\/uploads\/2024\/11\/daybreaker-fleece-retro-pile-headband.jpg\" alt=\"Helly Hansen Daybreaker Fleece Jacket - Klasyka zawsze w cenie.\" class=\"wp-image-73528\" srcset=\"https:\/\/8a.pl\/8academy\/wp-content\/uploads\/2024\/11\/daybreaker-fleece-retro-pile-headband.jpg 600w, https:\/\/8a.pl\/8academy\/wp-content\/uploads\/2024\/11\/daybreaker-fleece-retro-pile-headband-200x300.jpg 200w\" sizes=\"(max-width: 600px) 100vw, 600px\" \/><figcaption class=\"wp-element-caption\">Helly Hansen Daybreaker Fleece Jacket &#8211; Klasyka zawsze w cenie. (fot. Szymon Podstufka)<\/figcaption><\/figure>\n<\/div>\n\n\n<p class=\"wp-block-paragraph\">Uszyto go z klasycznej polarowej tkaniny \u2013 mi\u0119kkiej w dotyku, a przy tym doskonale odprowadzaj\u0105cej wilgo\u0107, co gwarantuje komfort podczas wysi\u0142ku. Dzi\u0119ki swojej elastyczno\u015bci Daybreaker Fleece Jacket nie kr\u0119puje ruch\u00f3w, co czyni j\u0105 wygodnym wyborem na w\u0119dr\u00f3wki czy inne aktywno\u015bci na \u015bwie\u017cym powietrzu. Nie zdziwi\u0142am si\u0119 ani troch\u0119 widz\u0105c charakterystyczn\u0105 metk\u0119 Polartec\u00ae w dolnej cz\u0119\u015bci bluzy.<\/p>\n\n\n\n<p class=\"wp-block-paragraph\">Bluza zosta\u0142a wyposa\u017cona w dwie kieszenie boczne, co jest szczeg\u00f3lnie praktyczne, gdy nosi si\u0119 j\u0105 jako warstw\u0119 zewn\u0119trzn\u0105. Kieszenie pozwalaj\u0105 wygodnie schowa\u0107 drobiazgi, takie jak klucze czy telefon. Szczeg\u00f3lnie doceni\u0105 to panie, bo damskie d\u017cinsy cz\u0119sto maj\u0105 p\u0142ytkie i bardzo ciasne kieszenie.<\/p>\n\n\n\n<h2 class=\"wp-block-heading\" id=\"h-kamizelka-ocieplana-helly-hansen-adore-puffy-vest\">Kamizelka ocieplana Helly Hansen Adore Puffy Vest<\/h2>\n\n\n\n<p class=\"wp-block-paragraph\"><strong>Natalia: <\/strong>Kamizelka sprawdza si\u0119 doskonale jako warstwa zewn\u0119trzna w jesiennych temperaturach. Chroni korpus przed ch\u0142odem i, w po\u0142\u0105czeniu z polarem oraz bielizn\u0105 termoaktywn\u0105, tworzy skuteczn\u0105 barier\u0119 przed zimnem.<\/p>\n\n\n\n<p class=\"wp-block-paragraph\">Gdybym mia\u0142a wskaza\u0107 zakres temperatur w jakich dzia\u0142a najlepiej, to w moim przypadku by\u0142o to od 5\u00b0 C wzwy\u017c. W takich warunkach utrzymuje ciep\u0142o, a jednocze\u015bnie nie powoduje uczucia przegrzania. Poni\u017cej tej granicy musia\u0142am si\u0119 ju\u017c zdecydowa\u0107 na co\u015b z r\u0119kawami &#8211; zreszt\u0105 taka opcja te\u017c si\u0119 w tej recenzji znajdzie. Trzeba oczywi\u015bcie pami\u0119ta\u0107, \u017ce odczuwanie ciep\u0142a jest mocno subiektywne i najlepszym sposobem jest po prostu sprawdzenie kamizelki w r\u00f3\u017cnych warunkach.<\/p>\n\n\n\n<p class=\"wp-block-paragraph\">Zastosowano w niej wype\u0142nienie syntetyczne, co sprawia, \u017ce w razie mocniejszego deszczu ocieplina nie straci pe\u0142ni swoich w\u0142a\u015bciwo\u015bci, jak mia\u0142oby to miejsce w przypadku naturalnego puchu. Wybrany przez projektant\u00f3w Helly Hansen PrimaLoft\u00ae Black Eco sprawdzi si\u0119 \u015bwietnie r\u00f3wnie\u017c jesieni\u0105, w jej bardziej deszczowej ods\u0142onie.<\/p>\n\n\n\n<p class=\"wp-block-paragraph\"><\/p>\n\n\n\n<div class=\"wp-block-buttons is-content-justification-center is-layout-flex wp-container-core-buttons-is-layout-fe48e5de wp-block-buttons-is-layout-flex\">\n<div class=\"wp-block-button\"><a class=\"wp-block-button__link has-background wp-element-button\" href=\"https:\/\/8a.pl\/kamizelka-damska-helly-hansen-adore-puffy-vest-black\" style=\"border-radius:6px;background-color:#e9600e\">KUP KAMIZELK\u0118 HELLY HANSEN ADORE PUFFY VEST<\/a><\/div>\n<\/div>\n\n\n\n<p class=\"wp-block-paragraph\"><\/p>\n\n\n<div class=\"wp-block-image\">\n<figure class=\"aligncenter size-full\"><img loading=\"lazy\" decoding=\"async\" width=\"600\" height=\"900\" src=\"https:\/\/8a.pl\/8academy\/wp-content\/uploads\/2024\/11\/adore-puffy-vest-retro-pile-headband-daybreaker-fleece.jpg\" alt=\"Kamizelka Helly Hansen Adore Puffy Vest w stylu oversize doskonale sprawdza si\u0119 na co dzie\u0144.\" class=\"wp-image-73529\" srcset=\"https:\/\/8a.pl\/8academy\/wp-content\/uploads\/2024\/11\/adore-puffy-vest-retro-pile-headband-daybreaker-fleece.jpg 600w, https:\/\/8a.pl\/8academy\/wp-content\/uploads\/2024\/11\/adore-puffy-vest-retro-pile-headband-daybreaker-fleece-200x300.jpg 200w\" sizes=\"(max-width: 600px) 100vw, 600px\" \/><figcaption class=\"wp-element-caption\">Kamizelka w stylu oversize doskonale sprawdza si\u0119 na co dzie\u0144. (fot. Szymon Podstufka)<\/figcaption><\/figure>\n<\/div>\n\n\n<p class=\"wp-block-paragraph\">Adore Puffy Vest oferuje \u015bwietny komfort noszenia dzi\u0119ki swojemu krojowi. Na metce \u201ejak byk\u201d stoi Regular, ale ja odnios\u0142am wra\u017cenie, \u017ce fason sk\u0142ania si\u0119 raczej ku opcji oversize. Je\u017celi jeste\u015b fank\u0105 mocno dopasowanych ubra\u0144, to Adore Puffy Vest raczej nie b\u0119dzie odpowiednim dla Ciebie modelem.<\/p>\n\n\n\n<p class=\"wp-block-paragraph\">Zalet\u0105 takiej konstrukcji jest natomiast zapewnienie swobody ruch\u00f3w. Dodatek ciep\u0142ego kaptura, kt\u00f3ry mo\u017cna regulowa\u0107 za pomoc\u0105 \u015bci\u0105gaczy, zwi\u0119ksza funkcjonalno\u015b\u0107 kamizelki, chroni\u0105c dodatkowo g\u0142ow\u0119 przed ch\u0142odem. Dzi\u0119ki temu, \u017ce zamek g\u0142\u00f3wny zapinany jest pod sam\u0105 brod\u0119, przy za\u0142o\u017conym kapturze i do ko\u0144ca zapi\u0119tej kamizelce, g\u0142owa i szyja s\u0105 bardzo dobrze zabezpieczone.<\/p>\n\n\n\n<p class=\"wp-block-paragraph\">Praktyczne kieszenie to zdecydowany atut tego modelu. S\u0105 zapinane na zamki, co pozwala bezpiecznie przechowywa\u0107 niezb\u0119dne przedmioty, takie jak telefon, portfel czy klucze. W ch\u0142odne dni sprawdzaj\u0105 si\u0119 r\u00f3wnie\u017c jako schronienie dla zmarzni\u0119tych d\u0142oni. Brak wewn\u0119trznej kieszeni przy zamku m\u00f3g\u0142by by\u0107 drobnym minusem, ale rekompensuje to pojemno\u015b\u0107 i wygoda tych zewn\u0119trznych.<\/p>\n\n\n\n<p class=\"wp-block-paragraph\">Materia\u0142 kamizelki ju\u017c przy pierwszym dotyku robi wra\u017cenie solidnego i trwa\u0142ego. Jest sztywny, a jednocze\u015bnie elastyczny. Dobrze uk\u0142ada si\u0119 na sylwetce, ale mo\u017cna te\u017c mie\u0107 pewno\u015b\u0107, \u017ce wytrzyma d\u0142ugie lata u\u017cytkowania. To model, kt\u00f3ry nie sprawia wra\u017cenia delikatnego \u2013 zdecydowanie nadaje si\u0119 do intensywniejszej eksploatacji.<\/p>\n\n\n\n<p class=\"wp-block-paragraph\">Jedynym ograniczeniem jest wi\u0119kszy rozmiar kamizelki po z\u0142o\u017ceniu, wi\u0119c nieco trudniej j\u0105 spakowa\u0107 do minimalistycznego baga\u017cu. Je\u015bli jednak nosimy j\u0105 w warunkach, w kt\u00f3rych kluczowe s\u0105 komfort i ciep\u0142o, ten aspekt schodzi na dalszy plan.<\/p>\n\n\n\n<h2 class=\"wp-block-heading\" id=\"h-kurtka-z-membrana-helly-hansen-verglas-infinity-shell-jacket-2-0\">Kurtka z membran\u0105 Helly Hansen Verglas Infinity Shell Jacket 2.0<\/h2>\n\n\n\n<p class=\"wp-block-paragraph\"><strong>Szymon: <\/strong>Kurtka membranowa Helly Hansen Verglas Infinity Shell Jacket 2.0 to projekt, w kt\u00f3rym funkcjonalno\u015b\u0107 spotyka si\u0119 z naprawd\u0119 solidnym wykonaniem. Dzi\u0119ki tr\u00f3jwarstwowej membranie LIFA Infinity Pro\u2122, kurtka zapewnia imponuj\u0105c\u0105 ochron\u0119 przed wod\u0105. To kluczowy element, kt\u00f3ry doceni ka\u017cdy, kto sp\u0119dza d\u0142ugie godziny na szlaku lub wspina si\u0119 w wymagaj\u0105cych warunkach. Mnie nie uda\u0142o si\u0119 sprawdzi\u0107 kurtki w deszczowy dzie\u0144, wi\u0119c skonfrontowa\u0142em j\u0105 z&#8230; domowym prysznicem. Woda nie da\u0142a rady spenetrowa\u0107 materia\u0142u, wi\u0119c mog\u0119 zaufa\u0107, \u017ce nie zrobi tego nawet ulewny deszcz, gdy zastanie mnie na szlaku.<\/p>\n\n\n\n<p class=\"wp-block-paragraph\"><\/p>\n\n\n\n<div class=\"wp-block-buttons is-content-justification-center is-layout-flex wp-container-core-buttons-is-layout-fe48e5de wp-block-buttons-is-layout-flex\">\n<div class=\"wp-block-button\"><a class=\"wp-block-button__link has-background wp-element-button\" href=\"https:\/\/8a.pl\/kurtka-z-membrana-helly-hansen-verglas-infinity-shell-jkt-2-0-dark-creek\" style=\"border-radius:6px;background-color:#e9600e\">KUP KURTK\u0118 HELLY HANSEN VERGLAS INFINITY SHELL JACKET 2.0<\/a><\/div>\n<\/div>\n\n\n\n<p class=\"wp-block-paragraph\"><\/p>\n\n\n<div class=\"wp-block-image\">\n<figure class=\"aligncenter size-full\"><img loading=\"lazy\" decoding=\"async\" width=\"600\" height=\"900\" src=\"https:\/\/8a.pl\/8academy\/wp-content\/uploads\/2024\/11\/verglas-jacket.jpg\" alt=\"Verglas Infinity Shell Jacket 2.0 - kompaktowa kurtka chroni\u0105ca przed wiatrem i deszczem\" class=\"wp-image-73530\" srcset=\"https:\/\/8a.pl\/8academy\/wp-content\/uploads\/2024\/11\/verglas-jacket.jpg 600w, https:\/\/8a.pl\/8academy\/wp-content\/uploads\/2024\/11\/verglas-jacket-200x300.jpg 200w\" sizes=\"(max-width: 600px) 100vw, 600px\" \/><figcaption class=\"wp-element-caption\">Verglas Infinity Shell Jacket 2.0 &#8211; kompaktowa kurtka chroni\u0105ca przed wiatrem i deszczem. (fot. Natalia Podstufka)<\/figcaption><\/figure>\n<\/div>\n\n\n<p class=\"wp-block-paragraph\">Na uwag\u0119 zas\u0142uguje konstrukcja kieszeni \u2013 ich podwy\u017cszone umiejscowienie to przemy\u015blane rozwi\u0105zanie, kt\u00f3re umo\u017cliwia wygodne korzystanie z uprz\u0119\u017cy wspinaczkowej lub pasa biodrowego plecaka, bez utrudniania dost\u0119pu do ich zawarto\u015bci. Sama kurtka, cho\u0107 przy pierwszym kontakcie wydaje si\u0119 zrobiona z do\u015b\u0107 sztywnego materia\u0142u, w praktyce nie ogranicza ruch\u00f3w. Ta &#8220;sztywno\u015b\u0107&#8221; ma z kolei prze\u0142o\u017cenie na wytrzyma\u0142o\u015b\u0107. Nawet jednak w przypadku rozci\u0119cia czy rozdarcia materia\u0142u, przed post\u0119powaniem uszkodzenia chroni splot tkaniny ripstop.<\/p>\n\n\n\n<p class=\"wp-block-paragraph\">Dla os\u00f3b aktywnych fizycznie, szczeg\u00f3lnie cennym dodatkiem b\u0119d\u0105 zamki wentylacyjne pod pachami. Otwieraj\u0105c je, mo\u017cna znacznie poprawi\u0107 cyrkulacj\u0119 powietrza, co zapobiega przegrzaniu. Wentylacja jest na tyle skuteczna, \u017ce nawet w przypadku intensywnego podej\u015bcia z ci\u0119\u017ckim plecakiem kurtka pozwala na komfortowe utrzymanie optymalnej temperatury cia\u0142a.<\/p>\n\n\n\n<p class=\"wp-block-paragraph\">Kompaktowe wymiary po spakowaniu to kolejna zaleta Verglas Infinity Shell Jacket 2.0. Zwini\u0119ta kurtka ma rozmiary niewielkiej kostki, co sprawia, \u017ce zajmuje minimum miejsca w plecaku. To idealne rozwi\u0105zanie dla os\u00f3b, kt\u00f3re licz\u0105 ka\u017cdy gram w swoim ekwipunku.<\/p>\n\n\n\n<p class=\"wp-block-paragraph\">Nie mo\u017cna pomin\u0105\u0107 dodatkowych udogodnie\u0144, takich jak kompatybilny z kaskiem, regulowany kaptur, czy precyzyjnie dopasowywane mankiety na rzepy. Pojemne kieszenie pomieszcz\u0105 niezb\u0119dne akcesoria, co sprawia. \u017ce kurtka jest nie tylko praktyczna, ale r\u00f3wnie\u017c bardzo wygodna w u\u017cytkowaniu. Co wi\u0119cej, jej przed\u0142u\u017cony ty\u0142 skutecznie chroni okolice l\u0119d\u017awi przed deszczem i wiatrem, co jest du\u017cym plusem w czasie niesprzyjaj\u0105cej pogody.<\/p>\n\n\n\n<h2 class=\"wp-block-heading\" id=\"h-kurtka-zimowa-helly-hansen-coastal-3-0-parka\">Kurtka zimowa Helly Hansen Coastal 3.0 Parka<\/h2>\n\n\n\n<p class=\"wp-block-paragraph\"><strong>Szymon: <\/strong>Jest wype\u0142niona syntetyczn\u0105 ocieplin\u0105 najwy\u017cszej klasy &#8211; Primaloft\u00ae Black Eco 133g i zabezpieczona przed przemakaniem membran\u0105 HELLY TECH\u00ae PROTECTION. Czy zimowe warunki s\u0105 w stanie jakkolwiek j\u0105 ruszy\u0107?<\/p>\n\n\n\n<p class=\"wp-block-paragraph\">M\u00f3g\u0142bym w tym miejscu napisa\u0107 po prostu &#8220;nie&#8221; &#8211; i fajrant. Zimowa kurtka Helly Hansen Coastal 3.0 Parka zas\u0142uguje jednak na zdecydowanie wi\u0119cej.<\/p>\n\n\n\n<p class=\"wp-block-paragraph\"><\/p>\n\n\n\n<div class=\"wp-block-buttons is-content-justification-center is-layout-flex wp-container-core-buttons-is-layout-fe48e5de wp-block-buttons-is-layout-flex\">\n<div class=\"wp-block-button\"><a class=\"wp-block-button__link has-background wp-element-button\" href=\"https:\/\/8a.pl\/kurtka-zimowa-helly-hansen-coastal-3-0-parka-navy-vaporous-grey-gum\" style=\"border-radius:6px;background-color:#e9600e\">KUP KURTK\u0118 HELLY HANSEN COASTAL 3.0 PARKA<\/a><\/div>\n<\/div>\n\n\n\n<p class=\"wp-block-paragraph\"><\/p>\n\n\n<div class=\"wp-block-image\">\n<figure class=\"aligncenter size-full\"><img loading=\"lazy\" decoding=\"async\" width=\"600\" height=\"900\" src=\"https:\/\/8a.pl\/8academy\/wp-content\/uploads\/2024\/11\/coastal-3.0-parka.jpg\" alt=\"Helly Hansen Coastal 3.0 Parka - zostawiam j\u0105 na najsurowsz\u0105 zim\u0119. \" class=\"wp-image-73531\" srcset=\"https:\/\/8a.pl\/8academy\/wp-content\/uploads\/2024\/11\/coastal-3.0-parka.jpg 600w, https:\/\/8a.pl\/8academy\/wp-content\/uploads\/2024\/11\/coastal-3.0-parka-200x300.jpg 200w\" sizes=\"(max-width: 600px) 100vw, 600px\" \/><figcaption class=\"wp-element-caption\">Helly Hansen Coastal 3.0 Parka &#8211; zostawiam j\u0105 na najsurowsz\u0105 zim\u0119. (fot. Natalia Podstufka)<\/figcaption><\/figure>\n<\/div>\n\n\n<p class=\"wp-block-paragraph\">Materia\u0142em zewn\u0119trznym jest poliester zaimpregnowany hydrofobowo DWR-em bez PFC. Przy lekkim deszczu czy \u015bniegu, woda w zetkni\u0119ciu z materia\u0142em kurtki perli si\u0119 na jej powierzchni, nie wnikaj\u0105c w tkanin\u0119. Nawet jednak, gdy opady s\u0105 na tyle silne, by DWR nie da\u0142 rady, ca\u0142y czas przed przemakaniem chroni r\u00f3wnie\u017c wspomniana wcze\u015bniej membrana HELLY TECH\u00ae PROTECTION. To daje pewno\u015b\u0107, \u017ce wilgo\u0107 nie uczyni ch\u0142odu na zewn\u0105trz bardziej odczuwalnym.<\/p>\n\n\n\n<p class=\"wp-block-paragraph\">Kluczowa w ochronie przed ch\u0142odem jest jednak umieszczona wewn\u0105trz kurtki ocieplina &#8211; PrimaLoft\u00ae Black Insulation Eco. Bazuje na syntetycznych w\u0142\u00f3knach, spo\u015br\u00f3d kt\u00f3rych wi\u0119kszo\u015b\u0107 pochodzi z recyklingu. Zosta\u0142a przeze mnie sprawdzona a\u017c do kilku stopni poni\u017cej zera. Nawet przez moment nie poczu\u0142em, \u017ce jest zbyt cienka i \u017ce ociepliny jest za ma\u0142o.<\/p>\n\n\n\n<p class=\"wp-block-paragraph\">Kurtka posiada a\u017c cztery zewn\u0119trzne kieszenie, kt\u00f3re oferuj\u0105 przestrze\u0144 na sporo niezb\u0119dnych drobiazg\u00f3w. Ma\u0142o tego, te na d\u0142onie maj\u0105 wn\u0119trze uszyte z polarowego materia\u0142u, dzi\u0119ki czemu mo\u017cna szybko ogrza\u0107 w nich zzi\u0119bni\u0119te palce. Zw\u0142aszcza, gdy &#8211; jak ja &#8211; regularnie zapominacie lub gubicie r\u0119kawiczki.<\/p>\n\n\n\n<h2 class=\"wp-block-heading\" id=\"h-plaszcz-ocieplany-damski-helly-hansen-senja-parka\">P\u0142aszcz ocieplany Damski Helly Hansen Senja Parka<\/h2>\n\n\n\n<p class=\"wp-block-paragraph\"><strong>Natalia: <\/strong>Kluczow\u0105 cech\u0105 p\u0142aszcza Senja Parka, na jak\u0105 zwraca\u0142am uwag\u0119 podczas test\u00f3w, jest jego zdolno\u015b\u0107 do ochrony przed ch\u0142odem. Kaptur nie tylko \u015bwietnie blokuje zimnym wiatr, ale dzi\u0119ki futerkowemu wyko\u0144czeniu dodatkowo otula g\u0142ow\u0119, zapewniaj\u0105c przyjemne ciep\u0142o. \u015aci\u0105gacze przy r\u0119kawach eliminuj\u0105 problem wnikania zimnego powietrza do ich wn\u0119trza, a sama konstrukcja p\u0142aszcza, cho\u0107 zwi\u0119ksza jego wag\u0119, sugeruje solidn\u0105 ilo\u015b\u0107 wysokiej jako\u015bci ociepliny, idealnej na mro\u017ane dni.<\/p>\n\n\n\n<p class=\"wp-block-paragraph\">Za ochron\u0119 przed wilgoci\u0105 odpowiada membrana HELLY TECH\u00ae PROTECTION, podobnie jak w testowanym przez Szymona modelu Coastal 3.0 Parka. Lubi\u0119, gdy zimowe kurtki posiadaj\u0105 membran\u0119, bo to zawsze dodatkowa bariera dla opad\u00f3w atmosferycznych. Wp\u0142ywa to tak\u017ce na wszechstronno\u015b\u0107, bo dzi\u0119ki temu Senja Parka sprawdzi si\u0119 w warunkach \u015bnie\u017cnych lub wilgotnych.<\/p>\n\n\n\n<p class=\"wp-block-paragraph\"><\/p>\n\n\n\n<div class=\"wp-block-buttons is-content-justification-center is-layout-flex wp-container-core-buttons-is-layout-fe48e5de wp-block-buttons-is-layout-flex\">\n<div class=\"wp-block-button\"><a class=\"wp-block-button__link has-background wp-element-button\" href=\"https:\/\/8a.pl\/plaszcz-damski-helly-hansen-senja-parka-navy\" style=\"border-radius:6px;background-color:#e9600e\">KUP P\u0141ASZCZ HELLY HANSEN SENJA PARKA<\/a><\/div>\n<\/div>\n\n\n\n<p class=\"wp-block-paragraph\"><\/p>\n\n\n<div class=\"wp-block-image\">\n<figure class=\"aligncenter size-full\"><img loading=\"lazy\" decoding=\"async\" width=\"600\" height=\"900\" src=\"https:\/\/8a.pl\/8academy\/wp-content\/uploads\/2024\/11\/senja-parka-3.jpg\" alt=\"Funkcjonalno\u015b\u0107 i urok prostoty - parka Helly Hansen Senja.\" class=\"wp-image-73532\" srcset=\"https:\/\/8a.pl\/8academy\/wp-content\/uploads\/2024\/11\/senja-parka-3.jpg 600w, https:\/\/8a.pl\/8academy\/wp-content\/uploads\/2024\/11\/senja-parka-3-200x300.jpg 200w\" sizes=\"(max-width: 600px) 100vw, 600px\" \/><figcaption class=\"wp-element-caption\">Funkcjonalno\u015b\u0107 i urok prostoty &#8211; parka Helly Hansen Senja. (fot. Szymon Podstufka)<\/figcaption><\/figure>\n<\/div>\n\n\n<p class=\"wp-block-paragraph\">Na pierwszy rzut oka kr\u00f3j mo\u017ce wydawa\u0107 si\u0119 zbyt prosty, ale mo\u017cliwo\u015b\u0107 regulacji w pasie zmienia t\u0119 perspektyw\u0119. Dzi\u0119ki \u015bci\u0105gaczowi p\u0142aszcz nie tylko dobrze przylega do sylwetki, ale tak\u017ce \u015bwietnie si\u0119 uk\u0142ada, zachowuj\u0105c przy tym swoj\u0105 funkcjonalno\u015b\u0107 i wygod\u0119. Helly Hansen Senja Parka \u0142\u0105czy w sobie niezawodno\u015b\u0107 i komfort. To model, kt\u00f3ry powinien sprosta\u0107 wymaganiom ka\u017cdej mi\u0142o\u015bniczki zimowych aktywno\u015bci na \u015bwie\u017cym powietrzu.<\/p>\n\n\n\n<p class=\"wp-block-paragraph\">Gdybym mog\u0142a zmieni\u0107 jedn\u0105 rzecz, zmodyfikowa\u0142abym nieco kieszenie zewn\u0119trzne. Moim zdaniem lepiej sprawdzi\u0142yby si\u0119 zapinane na zamek, bo do tych na napy nie mam stuprocentowego zaufania, gdy mam tam wrzuci\u0107 smartfon czy klucze. Na szcz\u0119\u015bcie Senja Parka posiada zapinan\u0105 kiesze\u0144 wewn\u0119trzn\u0105, ale by si\u0119 do niej dosta\u0107, trzeba jednak wpu\u015bci\u0107 pod sp\u00f3d nieco ch\u0142odu.<\/p>\n\n\n\n<h2 class=\"wp-block-heading\" id=\"h-buty-damskie-helly-hansen-the-forester-premium\">Buty damskie Helly Hansen The Forester Premium<\/h2>\n\n\n\n<p class=\"wp-block-paragraph\"><strong>Natalia: <\/strong>Ju\u017c na pierwszy rzut oka wida\u0107, \u017ce s\u0142owo &#8220;Premium&#8221; w nazwie buta nie znalaz\u0142o si\u0119 przypadkowo. Model The Forester w tej w\u0142a\u015bnie ods\u0142onie, po wyj\u0119ciu z pude\u0142ka natychmiast sprawia wra\u017cenie buta z g\u00f3rnej p\u00f3\u0142ki. Wystarczy spojrze\u0107 na staranno\u015b\u0107 wszystkich przeszy\u0107, \u0142\u0105czenia, czy wreszcie na sam materia\u0142. Odci\u015bni\u0119te w sk\u00f3rze rok za\u0142o\u017cenia firmy Helly Hansen oraz &#8220;WATERPROOF LEATHER&#8221; czy z\u0142ote logo od zewn\u0119trznej strony, to detale, na kt\u00f3re nie spos\u00f3b nie zwr\u00f3ci\u0107 uwagi i cho\u0107 odrobin\u0119 si\u0119 nimi nie zachwyci\u0107.<\/p>\n\n\n\n<p class=\"wp-block-paragraph\">Zastosowana w modelu The Forester sk\u00f3ra licowa oczywi\u015bcie wymaga odpowiedniej troski, aby maksymalnie przed\u0142u\u017cy\u0107 czas \u017cycia buta. Ale je\u015bli wszelka staranno\u015b\u0107 zostanie z naszej strony dochowana, materia\u0142 &#8211; m\u00f3wi\u0105c kolokwialnie &#8211; &#8220;odwdzi\u0119czy si\u0119&#8221;. Zar\u00f3wno wygl\u0105dem jak i w\u0142a\u015bciwo\u015bciami, bo m\u00f3wi\u0105c o lic\u00f3wce, m\u00f3wimy przecie\u017c o tkaninie wysoce odpornej na zu\u017cycie, a przy tym wygodnej i elastycznej.<\/p>\n\n\n\n<p class=\"wp-block-paragraph\"><\/p>\n\n\n\n<div class=\"wp-block-buttons is-content-justification-center is-layout-flex wp-container-core-buttons-is-layout-fe48e5de wp-block-buttons-is-layout-flex\">\n<div class=\"wp-block-button\"><a class=\"wp-block-button__link has-background wp-element-button\" href=\"https:\/\/8a.pl\/buty-damskie-helly-hansen-the-forester-premium-honey-wheat-cement\" style=\"border-radius:6px;background-color:#e9600e\">KUP BUTY HELLY HANSEN THE FORESTER PREMIUM<\/a><\/div>\n<\/div>\n\n\n\n<p class=\"wp-block-paragraph\"><\/p>\n\n\n<div class=\"wp-block-image\">\n<figure class=\"aligncenter size-full\"><img loading=\"lazy\" decoding=\"async\" width=\"600\" height=\"900\" src=\"https:\/\/8a.pl\/8academy\/wp-content\/uploads\/2024\/11\/forrester-premium-2.jpg\" alt=\"The Forester Premium - jak sama nazwa wskazuje - sprawdzaj\u0105 si\u0119 doskonale podczas weekendowych wypad\u00f3w do lasu. \" class=\"wp-image-73533\" srcset=\"https:\/\/8a.pl\/8academy\/wp-content\/uploads\/2024\/11\/forrester-premium-2.jpg 600w, https:\/\/8a.pl\/8academy\/wp-content\/uploads\/2024\/11\/forrester-premium-2-200x300.jpg 200w\" sizes=\"(max-width: 600px) 100vw, 600px\" \/><figcaption class=\"wp-element-caption\">Helly Hansen The Forester Premium &#8211; jak sama nazwa wskazuje &#8211; sprawdzaj\u0105 si\u0119 doskonale podczas weekendowych wypad\u00f3w do lasu. (fot. Szymon Podstufka)<\/figcaption><\/figure>\n<\/div>\n\n\n<p class=\"wp-block-paragraph\">Nosz\u0105c te buty od kilku tygodni mog\u0119 potwierdzi\u0107, \u017ce s\u0105 bardzo wygodne. Od pierwszego za\u0142o\u017cenia le\u017c\u0105 dobrze na nodze i nie obcieraj\u0105 w \u017cadnym punkcie. Zwr\u00f3ci\u0142am te\u017c od razu uwag\u0119 na bardzo przyczepn\u0105 podeszw\u0119 HH\u00ae Max-Grip. Na mokrej, czy nawet lekko zmro\u017conej nawierzchni podczas listopadowych przechadzek, ani razu nie zdarzy\u0142o mi si\u0119 zanotowa\u0107 niekontrolowanego po\u015blizgu. W zestawie ze \u015br\u00f3dpodeszw\u0105 z pianki EVA, ta podeszwa stanowi te\u017c o \u015bwietnej amortyzacji tego modelu. Na bardzo d\u0142ugie jesienno-zimowe spacery jak znalaz\u0142.<\/p>\n\n\n\n<p class=\"wp-block-paragraph\">Jedyna uwaga z mojej strony dotyczy rozmiar\u00f3wki. Przed zakupem sprawd\u017acie dobrze w tabeli rozmiar\u00f3w, kt\u00f3ry b\u0119dzie dla Was najodpowiedniejszy. Ja zazwyczaj nosz\u0119 38, w porywach do 38,5, natomiast tutaj strza\u0142em w dziesi\u0105tk\u0119 okaza\u0142a si\u0119 dopiero wersja 39 1\/3.<\/p>\n\n\n\n<h2 class=\"wp-block-heading\" id=\"h-opaska-na-glowe-helly-hansen-hh-pile-headband\">Opaska na g\u0142ow\u0119 Helly Hansen HH Pile Headband<\/h2>\n\n\n\n<p class=\"wp-block-paragraph\"><strong>Natalia: <\/strong>Tylko gabarytowo to najmniejszy z testowanych element\u00f3w zestawu od Helly Hansen. Wa\u017cy bowiem bardzo wiele, je\u015bli chodzi o utrzymanie komfortowego ciep\u0142a ca\u0142ego cia\u0142a podczas p\u00f3\u017ano-jesiennych i zimowych wyj\u015b\u0107. Opaska jest do\u015b\u0107 szeroka, przez co bardzo dobrze os\u0142ania przed ch\u0142odem czo\u0142o, uszy i ty\u0142 g\u0142owy. Jako &#8211; przynajmniej do tej pory &#8211; oddana fanka czapek, musz\u0119 przyzna\u0107, \u017ce projektanci marki Helly Hansen wykonali kawa\u0142 dobrej roboty.<\/p>\n\n\n\n<p class=\"wp-block-paragraph\">Opaska jest mi\u0119ciutka w kontakcie ze sk\u00f3r\u0105, nie uciska g\u0142owy za bardzo, jednocze\u015bnie dobrze przylegaj\u0105c na ca\u0142ej powierzchni. &#8220;Kuleczkowa&#8221; faktura materia\u0142u sprawia, \u017ce model wygl\u0105da lekko oldschoolowo. I bardzi mi si\u0119 to podoba!<\/p>\n\n\n\n<p class=\"wp-block-paragraph\">Dla mnie, osoby przywi\u0105zanej do natury, bardzo dobr\u0105 informacj\u0105 jest wykonanie ca\u0142o\u015bci zar\u00f3wno z zewn\u0105trz, jak i od strony podszewki z w\u0142\u00f3kien pochodz\u0105cych z recyklingu.<\/p>\n\n\n\n<p class=\"wp-block-paragraph\"><\/p>\n\n\n\n<div class=\"wp-block-buttons is-content-justification-center is-layout-flex wp-container-core-buttons-is-layout-fe48e5de wp-block-buttons-is-layout-flex\">\n<div class=\"wp-block-button\"><a class=\"wp-block-button__link has-background wp-element-button\" href=\"https:\/\/8a.pl\/opaska-na-glowe-damska-helly-hansen-hh-pile-headband-navy\" style=\"border-radius:6px;background-color:#e9600e\">KUP OPASK\u0118 HELLY HANSEN HH PILE HEADBAND<\/a><\/div>\n<\/div>\n\n\n\n<p class=\"wp-block-paragraph\"><\/p>\n\n\n<div class=\"wp-block-image\">\n<figure class=\"aligncenter size-full\"><img loading=\"lazy\" decoding=\"async\" width=\"600\" height=\"900\" src=\"https:\/\/8a.pl\/8academy\/wp-content\/uploads\/2024\/11\/daybreaker-fleece-retro-pile-headband-3.jpg\" alt=\"Z ciep\u0142\u0105 opask\u0105 na g\u0142ow\u0119 mo\u017cna \u015bmia\u0142o zrezygnowa\u0107 z czapki.\" class=\"wp-image-73534\" srcset=\"https:\/\/8a.pl\/8academy\/wp-content\/uploads\/2024\/11\/daybreaker-fleece-retro-pile-headband-3.jpg 600w, https:\/\/8a.pl\/8academy\/wp-content\/uploads\/2024\/11\/daybreaker-fleece-retro-pile-headband-3-200x300.jpg 200w\" sizes=\"(max-width: 600px) 100vw, 600px\" \/><figcaption class=\"wp-element-caption\">Z opask\u0105 Helly Hansen HH Pile Headband mo\u017cna \u015bmia\u0142o zrezygnowa\u0107 z czapki. (fot. Szymon Podstufka)<\/figcaption><\/figure>\n<\/div>\n\n\n<p class=\"wp-block-paragraph\">Podsumowuj\u0105c, naszym zdaniem nie ma nic dziwnego w tym, \u017ce Helly Hansen zdobywa serca mi\u0142o\u015bnik\u00f3w outdooru. Zar\u00f3wno wyjadaczy, profesjonalist\u00f3w pracuj\u0105cych w najci\u0119\u017cszych warunkach, ale i \u2013 po prostu &#8211; amator\u00f3w aktywnego stylu \u017cycia. Odpowiadaj\u0105c na pytanie zadane we wst\u0119pie \u2013 Helly Hansen marka zdecydowanie idzie drog\u0105 ci\u0105g\u0142ego rozwoju, nie od\u017cegnuj\u0105c si\u0119 jednak od tego, co uda\u0142o si\u0119 ju\u017c wypracowa\u0107 w przesz\u0142o\u015bci.<\/p>\n\n\n\n<p class=\"wp-block-paragraph\">I to po\u0142\u0105czenie zdecydowanie wychodzi im na dobre. My ju\u017c wiemy, \u017ce w najbli\u017cszych sezonach bardzo intensywnie b\u0119dziemy przeczesywa\u0107 ofert\u0119 norweskiego brandu w poszukiwaniu podobnych pere\u0142ek, na jakie trafili\u015bmy podczas tego testu.<\/p>\n\n\n\n<p class=\"wp-block-paragraph\"><em>Test wykonali dla was<strong> Natalia i Szymon Podstufka<\/strong><\/em><\/p>\n\n\n\n<p class=\"wp-block-paragraph\"><\/p>\n\n\n","protected":false},"excerpt":{"rendered":"<p>Helly Hansen to marka outdoorowa z tak d\u0142ug\u0105 brod\u0105, \u017ce niejeden wiking by si\u0119 jej nie powstydzi\u0142. Niemal sto pi\u0119\u0107dziesi\u0105t lat historii mo\u017ce jednak zadzia\u0142a\u0107 dwojako. Mo\u017cna by przecie\u017c uzna\u0107, \u017ce wszystko ju\u017c zosta\u0142o wymy\u015blone, i \u017ce nie ma sensu odchodzi\u0107 od sprawdzonych rozwi\u0105za\u0144. Mo\u017cna te\u017c podej\u015b\u0107 do sprawy inaczej &#8211; podkr\u0119ca\u0107, udoskonala\u0107, by zbli\u017cy\u0107 si\u0119 do majacz\u0105cej gdzie\u015b na horyzoncie perfekcji.<\/p>\n","protected":false},"author":7,"featured_media":73547,"comment_status":"closed","ping_status":"closed","sticky":false,"template":"","format":"standard","meta":{"_acf_changed":false,"_uf_show_specific_survey":0,"_uf_disable_surveys":false,"footnotes":""},"categories":[26070],"tags":[26078,26085,26084],"class_list":["post-73523","post","type-post","status-publish","format-standard","has-post-thumbnail","hentry","category-turystyka-trekking","tag-test","tag-trekking","tag-zima"],"acf":[],"yoast_head":"<!-- This site is optimized with the Yoast SEO Premium plugin v23.4 (Yoast SEO v25.5) - https:\/\/yoast.com\/wordpress\/plugins\/seo\/ -->\n<title>Helly Hansen - norweski kr\u00f3l jesienno-zimowych warstw - test - 8academy.pl - portal g\u00f3rski i wspinaczkowy dla aktywnych<\/title>\n<meta name=\"description\" content=\"Norweska marka Helly Hansen od p\u00f3\u0142tora wieku dostarcza ubrania skutecznie chroni\u0105ce przed surowym, arktycznym klimatem.\" \/>\n<meta name=\"robots\" content=\"index, follow, max-snippet:-1, max-image-preview:large, max-video-preview:-1\" \/>\n<link rel=\"canonical\" href=\"http:\/\/8a.pl\/8academy\/helly-hansen-norweski-krol-jesienno-zimowych-warstw-test\/\" \/>\n<meta property=\"og:locale\" content=\"pl_PL\" \/>\n<meta property=\"og:type\" content=\"article\" \/>\n<meta property=\"og:title\" content=\"Helly Hansen - norweski kr\u00f3l jesienno-zimowych warstw - test\" \/>\n<meta property=\"og:description\" content=\"Norweska marka Helly Hansen od p\u00f3\u0142tora wieku dostarcza ubrania skutecznie chroni\u0105ce przed surowym, arktycznym klimatem.\" \/>\n<meta property=\"og:url\" content=\"http:\/\/8a.pl\/8academy\/helly-hansen-norweski-krol-jesienno-zimowych-warstw-test\/\" \/>\n<meta property=\"og:site_name\" content=\"8academy.pl - portal g\u00f3rski i wspinaczkowy dla aktywnych\" \/>\n<meta property=\"article:publisher\" content=\"https:\/\/pl-pl.facebook.com\/sklep8apl\/\" \/>\n<meta property=\"article:published_time\" content=\"2024-11-28T08:48:13+00:00\" \/>\n<meta property=\"article:modified_time\" content=\"2024-12-02T11:15:01+00:00\" \/>\n<meta property=\"og:image\" content=\"http:\/\/8a.pl\/8academy\/wp-content\/uploads\/2024\/11\/cover_ai-1.jpg\" \/>\n\t<meta property=\"og:image:width\" content=\"2000\" \/>\n\t<meta property=\"og:image:height\" content=\"1460\" \/>\n\t<meta property=\"og:image:type\" content=\"image\/jpeg\" \/>\n<meta name=\"author\" content=\"Redakcja 8Academy\" \/>\n<meta name=\"twitter:card\" content=\"summary_large_image\" \/>\n<meta name=\"twitter:label1\" content=\"Napisane przez\" \/>\n\t<meta name=\"twitter:data1\" content=\"Redakcja 8Academy\" \/>\n\t<meta name=\"twitter:label2\" content=\"Szacowany czas czytania\" \/>\n\t<meta name=\"twitter:data2\" content=\"17 minut\" \/>\n<!-- \/ Yoast SEO Premium plugin. -->","yoast_head_json":{"title":"Helly Hansen - norweski kr\u00f3l jesienno-zimowych warstw - test - 8academy.pl - portal g\u00f3rski i wspinaczkowy dla aktywnych","description":"Norweska marka Helly Hansen od p\u00f3\u0142tora wieku dostarcza ubrania skutecznie chroni\u0105ce przed surowym, arktycznym klimatem.","robots":{"index":"index","follow":"follow","max-snippet":"max-snippet:-1","max-image-preview":"max-image-preview:large","max-video-preview":"max-video-preview:-1"},"canonical":"http:\/\/8a.pl\/8academy\/helly-hansen-norweski-krol-jesienno-zimowych-warstw-test\/","og_locale":"pl_PL","og_type":"article","og_title":"Helly Hansen - norweski kr\u00f3l jesienno-zimowych warstw - test","og_description":"Norweska marka Helly Hansen od p\u00f3\u0142tora wieku dostarcza ubrania skutecznie chroni\u0105ce przed surowym, arktycznym klimatem.","og_url":"http:\/\/8a.pl\/8academy\/helly-hansen-norweski-krol-jesienno-zimowych-warstw-test\/","og_site_name":"8academy.pl - portal g\u00f3rski i wspinaczkowy dla aktywnych","article_publisher":"https:\/\/pl-pl.facebook.com\/sklep8apl\/","article_published_time":"2024-11-28T08:48:13+00:00","article_modified_time":"2024-12-02T11:15:01+00:00","og_image":[{"width":2000,"height":1460,"url":"http:\/\/8a.pl\/8academy\/wp-content\/uploads\/2024\/11\/cover_ai-1.jpg","type":"image\/jpeg"}],"author":"Redakcja 8Academy","twitter_card":"summary_large_image","twitter_misc":{"Napisane przez":"Redakcja 8Academy","Szacowany czas czytania":"17 minut"},"schema":{"@context":"https:\/\/schema.org","@graph":[{"@type":"Article","@id":"http:\/\/8a.pl\/8academy\/helly-hansen-norweski-krol-jesienno-zimowych-warstw-test\/#article","isPartOf":{"@id":"http:\/\/8a.pl\/8academy\/helly-hansen-norweski-krol-jesienno-zimowych-warstw-test\/"},"author":{"name":"Redakcja 8Academy","@id":"https:\/\/8a.pl\/8academy\/#\/schema\/person\/2e392153a51786e6c3d5ede231b5d2a4"},"headline":"Helly Hansen &#8211; norweski kr\u00f3l jesienno-zimowych warstw &#8211; test","datePublished":"2024-11-28T08:48:13+00:00","dateModified":"2024-12-02T11:15:01+00:00","mainEntityOfPage":{"@id":"http:\/\/8a.pl\/8academy\/helly-hansen-norweski-krol-jesienno-zimowych-warstw-test\/"},"wordCount":2776,"publisher":{"@id":"https:\/\/8a.pl\/8academy\/#organization"},"image":{"@id":"http:\/\/8a.pl\/8academy\/helly-hansen-norweski-krol-jesienno-zimowych-warstw-test\/#primaryimage"},"thumbnailUrl":"https:\/\/8a.pl\/8academy\/wp-content\/uploads\/2024\/11\/cover_ai-1.jpg","keywords":["Test","Trekking","Zima"],"articleSection":["Turystyka \/ trekking"],"inLanguage":"pl-PL"},{"@type":"WebPage","@id":"http:\/\/8a.pl\/8academy\/helly-hansen-norweski-krol-jesienno-zimowych-warstw-test\/","url":"http:\/\/8a.pl\/8academy\/helly-hansen-norweski-krol-jesienno-zimowych-warstw-test\/","name":"Helly Hansen - norweski kr\u00f3l jesienno-zimowych warstw - test - 8academy.pl - portal g\u00f3rski i wspinaczkowy dla aktywnych","isPartOf":{"@id":"https:\/\/8a.pl\/8academy\/#website"},"primaryImageOfPage":{"@id":"http:\/\/8a.pl\/8academy\/helly-hansen-norweski-krol-jesienno-zimowych-warstw-test\/#primaryimage"},"image":{"@id":"http:\/\/8a.pl\/8academy\/helly-hansen-norweski-krol-jesienno-zimowych-warstw-test\/#primaryimage"},"thumbnailUrl":"https:\/\/8a.pl\/8academy\/wp-content\/uploads\/2024\/11\/cover_ai-1.jpg","datePublished":"2024-11-28T08:48:13+00:00","dateModified":"2024-12-02T11:15:01+00:00","description":"Norweska marka Helly Hansen od p\u00f3\u0142tora wieku dostarcza ubrania skutecznie chroni\u0105ce przed surowym, arktycznym klimatem.","breadcrumb":{"@id":"http:\/\/8a.pl\/8academy\/helly-hansen-norweski-krol-jesienno-zimowych-warstw-test\/#breadcrumb"},"inLanguage":"pl-PL","potentialAction":[{"@type":"ReadAction","target":["http:\/\/8a.pl\/8academy\/helly-hansen-norweski-krol-jesienno-zimowych-warstw-test\/"]}]},{"@type":"ImageObject","inLanguage":"pl-PL","@id":"http:\/\/8a.pl\/8academy\/helly-hansen-norweski-krol-jesienno-zimowych-warstw-test\/#primaryimage","url":"https:\/\/8a.pl\/8academy\/wp-content\/uploads\/2024\/11\/cover_ai-1.jpg","contentUrl":"https:\/\/8a.pl\/8academy\/wp-content\/uploads\/2024\/11\/cover_ai-1.jpg","width":2000,"height":1460},{"@type":"BreadcrumbList","@id":"http:\/\/8a.pl\/8academy\/helly-hansen-norweski-krol-jesienno-zimowych-warstw-test\/#breadcrumb","itemListElement":[{"@type":"ListItem","position":1,"name":"Strona g\u0142\u00f3wna","item":"https:\/\/8a.pl\/8academy\/"},{"@type":"ListItem","position":2,"name":"Helly Hansen &#8211; norweski kr\u00f3l jesienno-zimowych warstw &#8211; test"}]},{"@type":"WebSite","@id":"https:\/\/8a.pl\/8academy\/#website","url":"https:\/\/8a.pl\/8academy\/","name":"8academy.pl - portal g\u00f3rski i wspinaczkowy dla aktywnych","description":"8academy to portal g\u00f3rski o wspinaczce, trekkingu i skiturach. Znajdziesz tu porady, testy sprz\u0119tu i opisy najlepszych rejon\u00f3w. Inspirujemy zdobywc\u00f3w!","publisher":{"@id":"https:\/\/8a.pl\/8academy\/#organization"},"potentialAction":[{"@type":"SearchAction","target":{"@type":"EntryPoint","urlTemplate":"https:\/\/8a.pl\/8academy\/?s={search_term_string}"},"query-input":{"@type":"PropertyValueSpecification","valueRequired":true,"valueName":"search_term_string"}}],"inLanguage":"pl-PL"},{"@type":"Organization","@id":"https:\/\/8a.pl\/8academy\/#organization","name":"8academy.pl - portal g\u00f3rski i wspinaczkowy dla aktywnych","url":"https:\/\/8a.pl\/8academy\/","logo":{"@type":"ImageObject","inLanguage":"pl-PL","@id":"https:\/\/8a.pl\/8academy\/#\/schema\/logo\/image\/","url":"https:\/\/8a.pl\/8academy\/wp-content\/uploads\/2015\/11\/logo.png","contentUrl":"https:\/\/8a.pl\/8academy\/wp-content\/uploads\/2015\/11\/logo.png","width":438,"height":315,"caption":"8academy.pl - portal g\u00f3rski i wspinaczkowy dla aktywnych"},"image":{"@id":"https:\/\/8a.pl\/8academy\/#\/schema\/logo\/image\/"},"sameAs":["https:\/\/pl-pl.facebook.com\/sklep8apl\/","https:\/\/www.instagram.com\/8apl\/"]},{"@type":"Person","@id":"https:\/\/8a.pl\/8academy\/#\/schema\/person\/2e392153a51786e6c3d5ede231b5d2a4","name":"Redakcja 8Academy","image":{"@type":"ImageObject","inLanguage":"pl-PL","@id":"https:\/\/8a.pl\/8academy\/#\/schema\/person\/image\/","url":"https:\/\/8a.pl\/8academy\/wp-content\/uploads\/2017\/10\/logo_obrobione_2_150_59ICJ.jpg","contentUrl":"https:\/\/8a.pl\/8academy\/wp-content\/uploads\/2017\/10\/logo_obrobione_2_150_59ICJ.jpg","caption":"Redakcja 8Academy"},"url":"https:\/\/8a.pl\/8academy\/author\/redakcja\/"}]}},"_links":{"self":[{"href":"https:\/\/8a.pl\/8academy\/wp-json\/wp\/v2\/posts\/73523","targetHints":{"allow":["GET"]}}],"collection":[{"href":"https:\/\/8a.pl\/8academy\/wp-json\/wp\/v2\/posts"}],"about":[{"href":"https:\/\/8a.pl\/8academy\/wp-json\/wp\/v2\/types\/post"}],"author":[{"embeddable":true,"href":"https:\/\/8a.pl\/8academy\/wp-json\/wp\/v2\/users\/7"}],"replies":[{"embeddable":true,"href":"https:\/\/8a.pl\/8academy\/wp-json\/wp\/v2\/comments?post=73523"}],"version-history":[{"count":8,"href":"https:\/\/8a.pl\/8academy\/wp-json\/wp\/v2\/posts\/73523\/revisions"}],"predecessor-version":[{"id":73546,"href":"https:\/\/8a.pl\/8academy\/wp-json\/wp\/v2\/posts\/73523\/revisions\/73546"}],"wp:featuredmedia":[{"embeddable":true,"href":"https:\/\/8a.pl\/8academy\/wp-json\/wp\/v2\/media\/73547"}],"wp:attachment":[{"href":"https:\/\/8a.pl\/8academy\/wp-json\/wp\/v2\/media?parent=73523"}],"wp:term":[{"taxonomy":"category","embeddable":true,"href":"https:\/\/8a.pl\/8academy\/wp-json\/wp\/v2\/categories?post=73523"},{"taxonomy":"post_tag","embeddable":true,"href":"https:\/\/8a.pl\/8academy\/wp-json\/wp\/v2\/tags?post=73523"}],"curies":[{"name":"wp","href":"https:\/\/api.w.org\/{rel}","templated":true}]}}