{"id":73311,"date":"2024-11-14T18:47:07","date_gmt":"2024-11-14T17:47:07","guid":{"rendered":"https:\/\/8a.pl\/8academy\/?p=73311"},"modified":"2024-11-19T22:46:15","modified_gmt":"2024-11-19T21:46:15","slug":"millet-od-stu-lat-na-szczycie","status":"publish","type":"post","link":"https:\/\/8a.pl\/8academy\/millet-od-stu-lat-na-szczycie\/","title":{"rendered":"Millet &#8211; od stu lat na szczycie"},"content":{"rendered":"\n<h2 class=\"wp-block-heading\" id=\"h-millet-narodziny-marki\">Millet \u2013 narodziny marki<\/h2>\n\n\n\n<p class=\"wp-block-paragraph\">Kiedy nieco ponad sto lat temu, w 1921 roku, Marc i Hermance Millet otwierali sw\u00f3j pierwszy sklep w Lyonie, g\u00f3ry i outdoor w zasadzie nie pojawia\u0142y si\u0119 w orbicie ich zainteresowa\u0144. W Saint-Fons na przedmie\u015bciach Lyonu prowadzili bowiem sklep\u2026 spo\u017cywczy. Zmora wsp\u00f3\u0142czesno\u015bci, jednorazowe, plastikowe torby na zakupy, nie za\u015bmieca\u0142y w\u00f3wczas jeszcze \u015bwiata. Pa\u0144stwo Millet oferowali wi\u0119c swoim klientom w\u0142asnor\u0119cznie szyte torby.<\/p>\n\n\n\n<p class=\"wp-block-paragraph\"><\/p>\n\n\n\n<div class=\"wp-block-buttons is-content-justification-center is-layout-flex wp-container-core-buttons-is-layout-fe48e5de wp-block-buttons-is-layout-flex\">\n<div class=\"wp-block-button\"><a class=\"wp-block-button__link has-background wp-element-button\" href=\"https:\/\/8a.pl\/millet\" style=\"border-radius:6px;background-color:#e9600e\">KUP PRODUKTY MILLET<\/a><\/div>\n<\/div>\n\n\n\n<p class=\"wp-block-paragraph\"><\/p>\n\n\n\n<p class=\"wp-block-paragraph\">Jako\u015b\u0107 tych toreb przysparza\u0142a im coraz wi\u0119kszej popularno\u015bci. Zacz\u0119li wprowadza\u0107 kolejne modele, i kilka lat p\u00f3\u017aniej sklep spo\u017cywczy sta\u0142 si\u0119 sklepem z torbami podr\u00f3\u017cnymi. Poboczny obszar ich dzia\u0142alno\u015bci sta\u0142 si\u0119 wi\u0119c g\u0142\u00f3wnym. Nadal jednak nie mo\u017cna by\u0142oby nazwa\u0107 Millet z lat 20. ubieg\u0142ego stulecia firm\u0105 outdoorow\u0105 par excellence.<\/p>\n\n\n\n<p class=\"wp-block-paragraph\"><\/p>\n\n\n<div class=\"wp-block-image\">\n<figure class=\"aligncenter size-full\"><img fetchpriority=\"high\" decoding=\"async\" width=\"600\" height=\"900\" src=\"https:\/\/8a.pl\/8academy\/wp-content\/uploads\/2024\/11\/millet-et-ses-sacs-a-dos-en-toile-puis-en-nylon-dans-les-annees-60-sur-tous-les-fronts-de-developpement-photo-images-archives-millet-1663251017.jpg\" alt=\"Jedna z reklam Millet z lat 30.\" class=\"wp-image-73317\" srcset=\"https:\/\/8a.pl\/8academy\/wp-content\/uploads\/2024\/11\/millet-et-ses-sacs-a-dos-en-toile-puis-en-nylon-dans-les-annees-60-sur-tous-les-fronts-de-developpement-photo-images-archives-millet-1663251017.jpg 600w, https:\/\/8a.pl\/8academy\/wp-content\/uploads\/2024\/11\/millet-et-ses-sacs-a-dos-en-toile-puis-en-nylon-dans-les-annees-60-sur-tous-les-fronts-de-developpement-photo-images-archives-millet-1663251017-200x300.jpg 200w\" sizes=\"(max-width: 600px) 100vw, 600px\" \/><figcaption class=\"wp-element-caption\">Reklama prasowa Millet z lat 30. (fot. Millet)<\/figcaption><\/figure>\n<\/div>\n\n\n<p class=\"wp-block-paragraph\">Zmiana nast\u0105pi\u0142a do\u015b\u0107 gwa\u0142townie i nieco przypadkowo. Marc, mimo do\u015b\u0107 m\u0142odego wieku &nbsp;zacz\u0105\u0142 podupada\u0107 na zdrowiu. Lekarze zasugerowali, \u017ce mo\u017ce mu pom\u00f3c czystsze, g\u00f3rskie powietrze i ca\u0142a rodzina przeprowadzi\u0142a si\u0119 w 1928 roku do Annecy. Przeniesienie firmy produkuj\u0105cej torby do g\u00f3rskiego kurortu nie mog\u0142o sko\u0144czy\u0107 si\u0119 inaczej ni\u017c wprowadzeniem do oferty plecak\u00f3w. W 1934 powsta\u0142 pierwszy plecak z ram\u0105 i od tego momentu marka Millet jest nierozerwalnie zwi\u0105zana z g\u00f3rami.<\/p>\n\n\n\n<p class=\"wp-block-paragraph\">Marc zmar\u0142 nied\u0142ugo p\u00f3\u017aniej i przez jaki\u015b czas firm\u0119 prowadzi\u0142a jego \u017cona. Zaraz po wojnie, w 1945 przekaza\u0142a stery synom &#8211; Ren\u00e9 i Raymondowi. To ich pasja g\u00f3rska i odwa\u017cne decyzje sprawi\u0142y, \u017ce marka Millet sta\u0142a si\u0119 synonimem alpinizmu i himalaizmu na najwy\u017cszym poziomie.<\/p>\n\n\n\n<h2 class=\"wp-block-heading\" id=\"h-bracia-millet-pasja-do-gor-ktora-stala-sie-fundamentem-sukcesu\">Bracia Millet &#8211; pasja do g\u00f3r, kt\u00f3ra sta\u0142a si\u0119 fundamentem sukcesu<\/h2>\n\n\n\n<p class=\"wp-block-paragraph\">Bracia Millet, mieszkaj\u0105c od najm\u0142odszych lat u podn\u00f3\u017ca Alp, nie mogli nie zainteresowa\u0107 si\u0119 wspinaniem. Poznali wi\u0119c dobrze \u015brodowisko \u00f3wczesnych alpinist\u00f3w i zacz\u0119li z nimi wsp\u00f3\u0142pracowa\u0107 chc\u0105c tworzy\u0107 sprz\u0119t jak najlepiej odpowiadaj\u0105cy ich potrzebom. Ren\u00e9 Millet zaprzyja\u017ani\u0142 si\u0119 z m\u0142odym, ambitnym wspinaczem, Louisem Lachenalem. Jak mia\u0142o si\u0119 niebawem okaza\u0107, Lachenal zapisa\u0142 si\u0119 na wieki w historii alpinizmu i himalaizmu, a z nim marka Millet.<\/p>\n\n\n\n<p class=\"wp-block-paragraph\">Prze\u0142om nadszed\u0142 w roku 1950, kiedy francuska ekspedycja zdoby\u0142a pierwszy w historii o\u015bmiotysi\u0119cznik, Annapurn\u0119. 3 czerwca na szczycie stan\u0119li Louis Lachenal i Maurice Herzog. Obaj wyposa\u017ceni w plecaki zaprojektowane przez braci Millet z udzia\u0142em pierwszego z nich. Model nazwano &#8211; jak\u017ceby inaczej \u2013 Annapurna 50. Millet w jednej chwili z niewielkiej marki z Annecy znanej tylko garstce alpinist\u00f3w sta\u0142 si\u0119 rozpoznawalnym na \u015bwiecie brandem.<\/p>\n\n\n\n<p class=\"wp-block-paragraph\"><\/p>\n\n\n<div class=\"wp-block-image\">\n<figure class=\"aligncenter size-full\"><img decoding=\"async\" width=\"600\" height=\"900\" src=\"https:\/\/8a.pl\/8academy\/wp-content\/uploads\/2024\/11\/Annapurna_I.jpg\" alt=\"Annapurna - to od zdobycia tego szczytu historia marki Millet zacz\u0119\u0142a si\u0119 na nowo.\" class=\"wp-image-73319\" srcset=\"https:\/\/8a.pl\/8academy\/wp-content\/uploads\/2024\/11\/Annapurna_I.jpg 600w, https:\/\/8a.pl\/8academy\/wp-content\/uploads\/2024\/11\/Annapurna_I-200x300.jpg 200w\" sizes=\"(max-width: 600px) 100vw, 600px\" \/><figcaption class=\"wp-element-caption\">Annapurna &#8211; to od zdobycia tego szczytu historia marki Millet zacz\u0119\u0142a si\u0119 na nowo. (fot. Wikimedia Commons)<\/figcaption><\/figure>\n<\/div>\n\n\n<p class=\"wp-block-paragraph\">S\u0142awa firmy, kt\u00f3rej sprz\u0119t pom\u00f3g\u0142 pokona\u0107 magiczn\u0105 barier\u0119 8000 m, przyci\u0105gn\u0105\u0142 kolejnych wspinaczy. Z Millet zacz\u0119li wsp\u00f3\u0142pracowa\u0107 m.in. Walter Bonatti i Ren\u00e9 Desmaison, kt\u00f3rzy w 1963 pokonali w odst\u0119pie zaledwie kilku dni jako pierwsi zim\u0105 legendarn\u0105 p\u00f3\u0142nocn\u0105 \u015bcian\u0119 Grandes Jorasses. Bonatti by\u0142 pierwszym doradc\u0105 technicznym zatrudnionym przez mark\u0119 Millet.<\/p>\n\n\n\n<p class=\"wp-block-paragraph\">Od tego czasu sprz\u0119t i ubrania Millet towarzysz\u0105 alpinistom i himalaistom eksploruj\u0105cym nieznane. W 1977 do teamu Millet do\u0142\u0105cza Reinhold Messner, b\u0119d\u0105cy w\u00f3wczas na pocz\u0105tku swojej wielkiej kariery. Rok p\u00f3\u017aniej, na historyczn\u0105 wypraw\u0119 na Everest zabiera ze sob\u0105 m.in. jedn\u0105 z pierwszych kurtek uszytych z \u00f3wczesnej nowo\u015bci &#8211; laminatu GORE-TEX. Jako pierwszy cz\u0142owiek w historii zdobywa w\u00f3wczas o\u015bmiotysi\u0119cznik bez u\u017cycia tlenu z butli, \u0142ami\u0105c barier\u0119, kt\u00f3ra wydawa\u0142a si\u0119 nieprzekraczalna.<\/p>\n\n\n\n<p class=\"wp-block-paragraph\"><\/p>\n\n\n<div class=\"wp-block-image\">\n<figure class=\"aligncenter size-full\"><img decoding=\"async\" width=\"600\" height=\"900\" src=\"https:\/\/8a.pl\/8academy\/wp-content\/uploads\/2024\/11\/millet_messner.jpg\" alt=\"Reinhold Messner na swoj\u0105 historyczn\u0105 ekspedycj\u0119 na Everest w 1978 roku wybra\u0142 ubrania marki Millet.\" class=\"wp-image-73320\" srcset=\"https:\/\/8a.pl\/8academy\/wp-content\/uploads\/2024\/11\/millet_messner.jpg 600w, https:\/\/8a.pl\/8academy\/wp-content\/uploads\/2024\/11\/millet_messner-200x300.jpg 200w\" sizes=\"(max-width: 600px) 100vw, 600px\" \/><figcaption class=\"wp-element-caption\">Reinhold Messner na swoj\u0105 historyczn\u0105 ekspedycj\u0119 na Everest w 1978 roku wybra\u0142 ubrania marki Millet. (fot. Millet)<\/figcaption><\/figure>\n<\/div>\n\n\n<h2 class=\"wp-block-heading\" id=\"h-team-millet\">Team Millet<\/h2>\n\n\n\n<p class=\"wp-block-paragraph\">Dzi\u015b team Millet to ponad 40 sportowc\u00f3w \u2013 wspinaczy, narciarzy i alpinist\u00f3w. \u0141\u0105czy ich poszukiwanie, dos\u0142ownie i w przeno\u015bni, nowych dr\u00f3g i przekraczanie granic. S\u0105 w\u015br\u00f3d nich laureaci najbardziej presti\u017cowej g\u00f3rskiej nagrody, Z\u0142otego Czekana: Symon Welfringer, Manu Pellissier, S\u00e9bastien Ratel i Michel Piolat. Z\u0142otym Czekanem za osi\u0105gni\u0119cia ca\u0142ej kariery uhonorowano r\u00f3wnie\u017c dwie wielkie postaci zwi\u0105zane z mark\u0105 &#8211; Waltera Bonattiego i Reinholda Messnera.<\/p>\n\n\n\n<p class=\"wp-block-paragraph\"><\/p>\n\n\n<div class=\"wp-block-image\">\n<figure class=\"aligncenter size-full\"><img loading=\"lazy\" decoding=\"async\" width=\"600\" height=\"900\" src=\"https:\/\/8a.pl\/8academy\/wp-content\/uploads\/2024\/11\/358065265_648495537310477_7811865125957496626_n.jpg\" alt=\"Anna Tybor - skialpinistka, jedna z tr\u00f3jki Polak\u00f3w w teamie Millet.\" class=\"wp-image-73321\" srcset=\"https:\/\/8a.pl\/8academy\/wp-content\/uploads\/2024\/11\/358065265_648495537310477_7811865125957496626_n.jpg 600w, https:\/\/8a.pl\/8academy\/wp-content\/uploads\/2024\/11\/358065265_648495537310477_7811865125957496626_n-200x300.jpg 200w\" sizes=\"(max-width: 600px) 100vw, 600px\" \/><figcaption class=\"wp-element-caption\">Anna Tybor &#8211; skialpinistka, jedna z tr\u00f3jki polskich sportowc\u00f3w w teamie Millet. (fot. Millet)<\/figcaption><\/figure>\n<\/div>\n\n\n<p class=\"wp-block-paragraph\">W teamie Millet jest r\u00f3wnie\u017c tr\u00f3jka Polak\u00f3w.<\/p>\n\n\n\n<ul class=\"wp-block-list\">\n<li>Anna Tybor \u2013 skialpinistka, kt\u00f3ra po zako\u0144czeniu kariery zawodniczej przenios\u0142a si\u0119 w g\u00f3ry najwy\u017csze i w 2021 zjecha\u0142a na nartach z Manaslu.<\/li>\n\n\n\n<li>Wadim Jab\u0142o\u0144ski \u2013 wspinacz, paraglider i \u2026 DJ, od paru lat szef programu Polski Himalazim Sportowy. Ma na koncie ponad 150 zimowych przej\u015b\u0107 w Tatrach, trudne drogi w Himalajach, Karakorum i g\u00f3rach Kaukazu.<\/li>\n\n\n\n<li>Micha\u0142 Czech \u2013 wspinacz praktykuj\u0105cy wszystko, od sportowych dr\u00f3g na Jurze, poprze bigwallowe ekspedycje w Yosemite i Patagonii, a\u017c po pierwsze wej\u015bcia na pakista\u0144skie sze\u015bciotysi\u0119czniki.<\/li>\n<\/ul>\n\n\n\n<h2 class=\"wp-block-heading\" id=\"h-narodziny-kolekcji-trilogy\">Narodziny kolekcji Trilogy<\/h2>\n\n\n\n<p class=\"wp-block-paragraph\">Zwi\u0105zek Millet z alpinizmem na najwy\u017cszym poziomie najlepiej wida\u0107 w kolekcji Trilogy. Nazwa pochodzi od tzw. trylogii alpejskiej. To trzy najs\u0142ynniejsze i najtrudniejsze p\u00f3\u0142nocne \u015bciany Alp \u2013 Grandes Jorasses, Matterhorn i Eiger. Pierwszych przej\u015b\u0107 dokonano w latach trzydziestych. Najbardziej cenione s\u0105 oczywi\u015bcie te dokonane solo w warunkach zimowych. Pierwszym, kt\u00f3remu si\u0119 to uda\u0142o by\u0142 Ivano Ghirardini. Poprzeczk\u0119 mo\u017cna by\u0142o jednak podnie\u015b\u0107 jeszcze wy\u017cej i wielu alpinist\u00f3w pr\u00f3bowa\u0142o przej\u015b\u0107 ca\u0142\u0105 Trylogi\u0119 w ci\u0105gu, jedn\u0105 drog\u0119 po drugiej. W 1986 Tomo \u010cesen og\u0142osi\u0142, \u017ce mu si\u0119 to uda\u0142o. Pojawi\u0142y si\u0119 jednak w\u0105tpliwo\u015bci co do autentyczno\u015bci tego wyczynu, tak samo zreszt\u0105 jak przej\u015bcia s\u0142ynnej po\u0142udniowej \u015bciany Lhotse, kt\u00f3rego mia\u0142 dokona\u0107 w 1990.<\/p>\n\n\n\n<p class=\"wp-block-paragraph\"><\/p>\n\n\n\n<div class=\"wp-block-buttons is-content-justification-center is-layout-flex wp-container-core-buttons-is-layout-fe48e5de wp-block-buttons-is-layout-flex\">\n<div class=\"wp-block-button\"><a class=\"wp-block-button__link has-background wp-element-button\" href=\"https:\/\/8a.pl\/search\/millet+trilogy\" style=\"border-radius:6px;background-color:#e9600e\">ZOBACZ KOLEKCJ\u0118 TRILOGY<\/a><\/div>\n<\/div>\n\n\n\n<p class=\"wp-block-paragraph\"><\/p>\n\n\n<div class=\"wp-block-image\">\n<figure class=\"aligncenter size-full\"><img loading=\"lazy\" decoding=\"async\" width=\"600\" height=\"899\" src=\"https:\/\/8a.pl\/8academy\/wp-content\/uploads\/2024\/11\/face-nord-eiger-copy.jpg\" alt=\"P\u00f3\u0142nocna \u015bciana Eigeru to jedna z trzech najtrudniejszych \u015bcian Alp. W\u0142a\u015bnie od tej Trylogii Alpejskiej wzi\u0119\u0142a swoj\u0105 nazw\u0119 jedna z najwa\u017cniejszych kolekcji Millet.\" class=\"wp-image-73322\" srcset=\"https:\/\/8a.pl\/8academy\/wp-content\/uploads\/2024\/11\/face-nord-eiger-copy.jpg 600w, https:\/\/8a.pl\/8academy\/wp-content\/uploads\/2024\/11\/face-nord-eiger-copy-200x300.jpg 200w\" sizes=\"(max-width: 600px) 100vw, 600px\" \/><figcaption class=\"wp-element-caption\">P\u00f3\u0142nocna \u015bciana Eigeru to jedna z trzech najtrudniejszych \u015bcian Alp. W\u0142a\u015bnie od tej Trylogii Alpejskiej wzi\u0119\u0142a swoj\u0105 nazw\u0119 jedna z najwa\u017cniejszych kolekcji Millet. (fot. Millet)<\/figcaption><\/figure>\n<\/div>\n\n\n<p class=\"wp-block-paragraph\">Korona pierwszego zdobywcy Trylogii w najbardziej ekstremalnym i czystym stylu nied\u0142ugo jednak pozostawa\u0142a niezagospodarowana. W 1987 cz\u0142onek teamu Millet, Christophe Profit, pokona\u0142 wszystkie p\u00f3\u0142nocne \u015bciany wchodz\u0105ce w sk\u0142ad Trylogii Alpejskiej wci\u0105gu dw\u00f3ch dni. W\u0142a\u015bnie to osi\u0105gni\u0119cie by\u0142o impulsem do stworzenia kolekcji Trilogy.<\/p>\n\n\n\n<p class=\"wp-block-paragraph\">Esktremalne przej\u015bcia w g\u00f3rach wysokich wymagaj\u0105 nie tylko czysto wspinaczkowych umiej\u0119tno\u015bci i hartu ducha. Konieczny jest te\u017c sprz\u0119t, kt\u00f3ry umo\u017cliwi przetrwanie w najsurowszych okoliczno\u015bciach. Trilogy jest kolekcj\u0105 wszystkiego, co potrzebne, \u017ceby my\u015ble\u0107 o podbijaniu g\u00f3r najwy\u017cszych. &nbsp;Od bielizny, poprzez wszystkie kolejne warstwy ubra\u0144, po puchowe kombinezony na o\u015bmiotysi\u0119czniki. Trilogy to tak\u017ce plecaki, r\u0119kawiczki, \u015bpiwory i buty, w tym te, kt\u00f3rych u\u017cywa si\u0119 niemal wy\u0142\u0105cznie podczas wypraw w Himalaje i Karakorum.<\/p>\n\n\n\n<p class=\"wp-block-paragraph\"><\/p>\n\n\n<div class=\"wp-block-image\">\n<figure class=\"aligncenter size-full\"><img loading=\"lazy\" decoding=\"async\" width=\"600\" height=\"901\" src=\"https:\/\/8a.pl\/8academy\/wp-content\/uploads\/2024\/11\/339822396_937724860612630_6357263539615016372_n.jpg\" alt=\"Do klasycznych sport\u00f3w g\u00f3rskich w ofercie Millet - wspinania, alpinizmu i narciarstwa - do\u0142\u0105czy\u0142y coraz popularniejsze biegi g\u00f3rskie. \" class=\"wp-image-73324\" srcset=\"https:\/\/8a.pl\/8academy\/wp-content\/uploads\/2024\/11\/339822396_937724860612630_6357263539615016372_n.jpg 600w, https:\/\/8a.pl\/8academy\/wp-content\/uploads\/2024\/11\/339822396_937724860612630_6357263539615016372_n-200x300.jpg 200w\" sizes=\"(max-width: 600px) 100vw, 600px\" \/><figcaption class=\"wp-element-caption\">Do klasycznych sport\u00f3w g\u00f3rskich w ofercie Millet &#8211; wspinania, alpinizmu i narciarstwa &#8211; do\u0142\u0105czy\u0142y coraz popularniejsze biegi g\u00f3rskie. (fot. Millet)<\/figcaption><\/figure>\n<\/div>\n\n\n<h2 class=\"wp-block-heading\" id=\"h-millet-nie-tylko-dla-profesjonalistow\">Millet \u2013 nie tylko dla profesjonalist\u00f3w<\/h2>\n\n\n\n<p class=\"wp-block-paragraph\">B\u0105d\u017amy szczerzy, ekstremalne wyprawy w g\u00f3ry najwy\u017csze, to si\u0142\u0105 rzeczy domena garstki alpinist\u00f3w i himalaist\u00f3w. Ci, kt\u00f3rzy operuj\u0105 w ni\u017cszych g\u00f3rach, wspinacze, tury\u015bci, narciarze czy biegacze, r\u00f3wnie\u017c potrzebuj\u0105 godnego zaufania sprz\u0119tu. Zdecydowana wi\u0119kszo\u015b\u0107 oferty Millet to ubrania i akcesoria zaprojektowane do wszystkich pozosta\u0142ych g\u00f3rskich aktywno\u015bci. Od lekkiej turystyki, przez biegi trailowe, wspinanie, po skitouring. Wszystko czerpie z bogatych do\u015bwiadcze\u0144 sportowc\u00f3w teamu Millet i dzi\u0119ki temu mo\u017cecie mie\u0107 pewno\u015b\u0107, \u017ce produkty z charakterystyczn\u0105 literk\u0105 \u201eM\u201d, zosta\u0142y dog\u0142\u0119bnie przetestowane. Nie polegaj\u0105 wy\u0142\u0105cznie na teorii czy laboratoryjnych testach, ale zosta\u0142y sprawdzone w rzeczywistych g\u00f3rskich sytuacjach. Tam gdzie maj\u0105 ostatecznie trafi\u0107.<\/p>\n\n\n\n<p class=\"wp-block-paragraph\"><\/p>\n\n\n<div class=\"wp-block-image\">\n<figure class=\"aligncenter size-full\"><img loading=\"lazy\" decoding=\"async\" width=\"600\" height=\"900\" src=\"https:\/\/8a.pl\/8academy\/wp-content\/uploads\/2024\/11\/130772276_10158897993147560_9138908363832972269_n.jpg\" alt=\"Millet my\u015bli nie tylko o tych chwilach, kt\u00f3re sp\u0119dzamy w g\u00f3rach, ale tak\u017ce o codziennym \u017cyciu w mie\u015bcie.\" class=\"wp-image-73327\" srcset=\"https:\/\/8a.pl\/8academy\/wp-content\/uploads\/2024\/11\/130772276_10158897993147560_9138908363832972269_n.jpg 600w, https:\/\/8a.pl\/8academy\/wp-content\/uploads\/2024\/11\/130772276_10158897993147560_9138908363832972269_n-200x300.jpg 200w\" sizes=\"(max-width: 600px) 100vw, 600px\" \/><figcaption class=\"wp-element-caption\">Millet my\u015bli nie tylko o tych chwilach, kt\u00f3re sp\u0119dzamy w g\u00f3rach, ale tak\u017ce o codziennym \u017cyciu w mie\u015bcie. (fot. Millet)<\/figcaption><\/figure>\n<\/div>\n\n\n<p class=\"wp-block-paragraph\">Firma Millet posz\u0142a jeszcze krok dalej. Nawet Ci, kt\u00f3rzy sp\u0119dzaj\u0105 na alpejskich \u015bcianach ka\u017cd\u0105 woln\u0105 chwil\u0119, musz\u0105 w ko\u0144cu powr\u00f3ci\u0107 do cywilizacji. Techniczne kurtki czy termoaktywna bielizna nie zawsze s\u0105 najwygodniejszym wyborem na co dzie\u0144. W ofercie Millet pojawi\u0142y si\u0119 wi\u0119c i takie ubrania. Przewidziane nie do podboju najwy\u017cszych szczyt\u00f3w, ale zaprojektowane z wygodnych, mi\u0119kkich tkanin. Mo\u017cna wi\u0119c i dni restowe sp\u0119dzi\u0107 korzystaj\u0105c z ponad stuletniego do\u015bwiadczenia francuskiej firmy.<\/p>\n\n\n\n<p class=\"wp-block-paragraph\">&nbsp;<\/p>\n","protected":false},"excerpt":{"rendered":"<p>W\u015br\u00f3d marek outdoorowych s\u0105 takie, kt\u00f3re spotkacie na ka\u017cdym kroku i takie, kt\u00f3re wcale nie stawiaj\u0105 sobie za cel podbicia serc wszystkich wielbicieli g\u00f3r. Stoj\u0105 nieco w cieniu, ale dla wszystkich, kt\u00f3rzy spr\u00f3bowali podj\u0105\u0107 cho\u0107 najskromniejsze g\u00f3rskie wyzwania, s\u0105 synonimem jako\u015bci i jednoznacznie kojarz\u0105 si\u0119 g\u00f3rami przez du\u017ce G.<\/p>\n","protected":false},"author":7,"featured_media":73333,"comment_status":"closed","ping_status":"closed","sticky":false,"template":"","format":"standard","meta":{"_acf_changed":false,"_uf_show_specific_survey":0,"_uf_disable_surveys":false,"footnotes":""},"categories":[26071],"tags":[26086,26104,26069,26097,26088],"class_list":["post-73311","post","type-post","status-publish","format-standard","has-post-thumbnail","hentry","category-alpinizm","tag-alpinizm","tag-caloroczne","tag-poradnik","tag-skitouring","tag-wspinaczka_skalkowa"],"acf":[],"yoast_head":"<!-- This site is optimized with the Yoast SEO Premium plugin v23.4 (Yoast SEO v25.5) - https:\/\/yoast.com\/wordpress\/plugins\/seo\/ -->\n<title>Millet - od stu lat na szczycie | 8academy<\/title>\n<meta name=\"description\" content=\"Francuska marka Millet jest znana alpinistom i wspinaczom ju\u017c od ponad sto lat, ale jej pocz\u0105tki firmy by\u0142y do\u015b\u0107 odleg\u0142e od outdooru i g\u00f3r.\" \/>\n<meta name=\"robots\" content=\"index, follow, max-snippet:-1, max-image-preview:large, max-video-preview:-1\" \/>\n<link rel=\"canonical\" href=\"http:\/\/8a.pl\/8academy\/millet-od-stu-lat-na-szczycie\/\" \/>\n<meta property=\"og:locale\" content=\"pl_PL\" \/>\n<meta property=\"og:type\" content=\"article\" \/>\n<meta property=\"og:title\" content=\"Millet - od stu lat na szczycie\" \/>\n<meta property=\"og:description\" content=\"Francuska marka Millet jest znana alpinistom i wspinaczom ju\u017c od ponad sto lat, ale jej pocz\u0105tki firmy by\u0142y do\u015b\u0107 odleg\u0142e od outdooru i g\u00f3r.\" \/>\n<meta property=\"og:url\" content=\"http:\/\/8a.pl\/8academy\/millet-od-stu-lat-na-szczycie\/\" \/>\n<meta property=\"og:site_name\" content=\"8academy.pl - portal g\u00f3rski i wspinaczkowy dla aktywnych\" \/>\n<meta property=\"article:publisher\" content=\"https:\/\/pl-pl.facebook.com\/sklep8apl\/\" \/>\n<meta property=\"article:published_time\" content=\"2024-11-14T17:47:07+00:00\" \/>\n<meta property=\"article:modified_time\" content=\"2024-11-19T21:46:15+00:00\" \/>\n<meta property=\"og:image\" content=\"http:\/\/8a.pl\/8academy\/wp-content\/uploads\/2024\/11\/cover-4.jpg\" \/>\n\t<meta property=\"og:image:width\" content=\"2000\" \/>\n\t<meta property=\"og:image:height\" content=\"1460\" \/>\n\t<meta property=\"og:image:type\" content=\"image\/jpeg\" \/>\n<meta name=\"author\" content=\"Redakcja 8Academy\" \/>\n<meta name=\"twitter:card\" content=\"summary_large_image\" \/>\n<meta name=\"twitter:label1\" content=\"Napisane przez\" \/>\n\t<meta name=\"twitter:data1\" content=\"Redakcja 8Academy\" \/>\n\t<meta name=\"twitter:label2\" content=\"Szacowany czas czytania\" \/>\n\t<meta name=\"twitter:data2\" content=\"9 minut\" \/>\n<!-- \/ Yoast SEO Premium plugin. -->","yoast_head_json":{"title":"Millet - od stu lat na szczycie | 8academy","description":"Francuska marka Millet jest znana alpinistom i wspinaczom ju\u017c od ponad sto lat, ale jej pocz\u0105tki firmy by\u0142y do\u015b\u0107 odleg\u0142e od outdooru i g\u00f3r.","robots":{"index":"index","follow":"follow","max-snippet":"max-snippet:-1","max-image-preview":"max-image-preview:large","max-video-preview":"max-video-preview:-1"},"canonical":"http:\/\/8a.pl\/8academy\/millet-od-stu-lat-na-szczycie\/","og_locale":"pl_PL","og_type":"article","og_title":"Millet - od stu lat na szczycie","og_description":"Francuska marka Millet jest znana alpinistom i wspinaczom ju\u017c od ponad sto lat, ale jej pocz\u0105tki firmy by\u0142y do\u015b\u0107 odleg\u0142e od outdooru i g\u00f3r.","og_url":"http:\/\/8a.pl\/8academy\/millet-od-stu-lat-na-szczycie\/","og_site_name":"8academy.pl - portal g\u00f3rski i wspinaczkowy dla aktywnych","article_publisher":"https:\/\/pl-pl.facebook.com\/sklep8apl\/","article_published_time":"2024-11-14T17:47:07+00:00","article_modified_time":"2024-11-19T21:46:15+00:00","og_image":[{"width":2000,"height":1460,"url":"http:\/\/8a.pl\/8academy\/wp-content\/uploads\/2024\/11\/cover-4.jpg","type":"image\/jpeg"}],"author":"Redakcja 8Academy","twitter_card":"summary_large_image","twitter_misc":{"Napisane przez":"Redakcja 8Academy","Szacowany czas czytania":"9 minut"},"schema":{"@context":"https:\/\/schema.org","@graph":[{"@type":"Article","@id":"http:\/\/8a.pl\/8academy\/millet-od-stu-lat-na-szczycie\/#article","isPartOf":{"@id":"http:\/\/8a.pl\/8academy\/millet-od-stu-lat-na-szczycie\/"},"author":{"name":"Redakcja 8Academy","@id":"https:\/\/8a.pl\/8academy\/#\/schema\/person\/2e392153a51786e6c3d5ede231b5d2a4"},"headline":"Millet &#8211; od stu lat na szczycie","datePublished":"2024-11-14T17:47:07+00:00","dateModified":"2024-11-19T21:46:15+00:00","mainEntityOfPage":{"@id":"http:\/\/8a.pl\/8academy\/millet-od-stu-lat-na-szczycie\/"},"wordCount":1399,"publisher":{"@id":"https:\/\/8a.pl\/8academy\/#organization"},"image":{"@id":"http:\/\/8a.pl\/8academy\/millet-od-stu-lat-na-szczycie\/#primaryimage"},"thumbnailUrl":"https:\/\/8a.pl\/8academy\/wp-content\/uploads\/2024\/11\/cover-4.jpg","keywords":["Alpinizm","Ca\u0142oroczne","Poradnik","Skitouring","Wspinaczka ska\u0142kowa"],"articleSection":["Alpinizm"],"inLanguage":"pl-PL"},{"@type":"WebPage","@id":"http:\/\/8a.pl\/8academy\/millet-od-stu-lat-na-szczycie\/","url":"http:\/\/8a.pl\/8academy\/millet-od-stu-lat-na-szczycie\/","name":"Millet - od stu lat na szczycie | 8academy","isPartOf":{"@id":"https:\/\/8a.pl\/8academy\/#website"},"primaryImageOfPage":{"@id":"http:\/\/8a.pl\/8academy\/millet-od-stu-lat-na-szczycie\/#primaryimage"},"image":{"@id":"http:\/\/8a.pl\/8academy\/millet-od-stu-lat-na-szczycie\/#primaryimage"},"thumbnailUrl":"https:\/\/8a.pl\/8academy\/wp-content\/uploads\/2024\/11\/cover-4.jpg","datePublished":"2024-11-14T17:47:07+00:00","dateModified":"2024-11-19T21:46:15+00:00","description":"Francuska marka Millet jest znana alpinistom i wspinaczom ju\u017c od ponad sto lat, ale jej pocz\u0105tki firmy by\u0142y do\u015b\u0107 odleg\u0142e od outdooru i g\u00f3r.","breadcrumb":{"@id":"http:\/\/8a.pl\/8academy\/millet-od-stu-lat-na-szczycie\/#breadcrumb"},"inLanguage":"pl-PL","potentialAction":[{"@type":"ReadAction","target":["http:\/\/8a.pl\/8academy\/millet-od-stu-lat-na-szczycie\/"]}]},{"@type":"ImageObject","inLanguage":"pl-PL","@id":"http:\/\/8a.pl\/8academy\/millet-od-stu-lat-na-szczycie\/#primaryimage","url":"https:\/\/8a.pl\/8academy\/wp-content\/uploads\/2024\/11\/cover-4.jpg","contentUrl":"https:\/\/8a.pl\/8academy\/wp-content\/uploads\/2024\/11\/cover-4.jpg","width":2000,"height":1460},{"@type":"BreadcrumbList","@id":"http:\/\/8a.pl\/8academy\/millet-od-stu-lat-na-szczycie\/#breadcrumb","itemListElement":[{"@type":"ListItem","position":1,"name":"Strona g\u0142\u00f3wna","item":"https:\/\/8a.pl\/8academy\/"},{"@type":"ListItem","position":2,"name":"Millet &#8211; od stu lat na szczycie"}]},{"@type":"WebSite","@id":"https:\/\/8a.pl\/8academy\/#website","url":"https:\/\/8a.pl\/8academy\/","name":"8academy.pl - portal g\u00f3rski i wspinaczkowy dla aktywnych","description":"8academy to portal g\u00f3rski o wspinaczce, trekkingu i skiturach. Znajdziesz tu porady, testy sprz\u0119tu i opisy najlepszych rejon\u00f3w. Inspirujemy zdobywc\u00f3w!","publisher":{"@id":"https:\/\/8a.pl\/8academy\/#organization"},"potentialAction":[{"@type":"SearchAction","target":{"@type":"EntryPoint","urlTemplate":"https:\/\/8a.pl\/8academy\/?s={search_term_string}"},"query-input":{"@type":"PropertyValueSpecification","valueRequired":true,"valueName":"search_term_string"}}],"inLanguage":"pl-PL"},{"@type":"Organization","@id":"https:\/\/8a.pl\/8academy\/#organization","name":"8academy.pl - portal g\u00f3rski i wspinaczkowy dla aktywnych","url":"https:\/\/8a.pl\/8academy\/","logo":{"@type":"ImageObject","inLanguage":"pl-PL","@id":"https:\/\/8a.pl\/8academy\/#\/schema\/logo\/image\/","url":"https:\/\/8a.pl\/8academy\/wp-content\/uploads\/2015\/11\/logo.png","contentUrl":"https:\/\/8a.pl\/8academy\/wp-content\/uploads\/2015\/11\/logo.png","width":438,"height":315,"caption":"8academy.pl - portal g\u00f3rski i wspinaczkowy dla aktywnych"},"image":{"@id":"https:\/\/8a.pl\/8academy\/#\/schema\/logo\/image\/"},"sameAs":["https:\/\/pl-pl.facebook.com\/sklep8apl\/","https:\/\/www.instagram.com\/8apl\/"]},{"@type":"Person","@id":"https:\/\/8a.pl\/8academy\/#\/schema\/person\/2e392153a51786e6c3d5ede231b5d2a4","name":"Redakcja 8Academy","image":{"@type":"ImageObject","inLanguage":"pl-PL","@id":"https:\/\/8a.pl\/8academy\/#\/schema\/person\/image\/","url":"https:\/\/8a.pl\/8academy\/wp-content\/uploads\/2017\/10\/logo_obrobione_2_150_59ICJ.jpg","contentUrl":"https:\/\/8a.pl\/8academy\/wp-content\/uploads\/2017\/10\/logo_obrobione_2_150_59ICJ.jpg","caption":"Redakcja 8Academy"},"url":"https:\/\/8a.pl\/8academy\/author\/redakcja\/"}]}},"_links":{"self":[{"href":"https:\/\/8a.pl\/8academy\/wp-json\/wp\/v2\/posts\/73311","targetHints":{"allow":["GET"]}}],"collection":[{"href":"https:\/\/8a.pl\/8academy\/wp-json\/wp\/v2\/posts"}],"about":[{"href":"https:\/\/8a.pl\/8academy\/wp-json\/wp\/v2\/types\/post"}],"author":[{"embeddable":true,"href":"https:\/\/8a.pl\/8academy\/wp-json\/wp\/v2\/users\/7"}],"replies":[{"embeddable":true,"href":"https:\/\/8a.pl\/8academy\/wp-json\/wp\/v2\/comments?post=73311"}],"version-history":[{"count":10,"href":"https:\/\/8a.pl\/8academy\/wp-json\/wp\/v2\/posts\/73311\/revisions"}],"predecessor-version":[{"id":73335,"href":"https:\/\/8a.pl\/8academy\/wp-json\/wp\/v2\/posts\/73311\/revisions\/73335"}],"wp:featuredmedia":[{"embeddable":true,"href":"https:\/\/8a.pl\/8academy\/wp-json\/wp\/v2\/media\/73333"}],"wp:attachment":[{"href":"https:\/\/8a.pl\/8academy\/wp-json\/wp\/v2\/media?parent=73311"}],"wp:term":[{"taxonomy":"category","embeddable":true,"href":"https:\/\/8a.pl\/8academy\/wp-json\/wp\/v2\/categories?post=73311"},{"taxonomy":"post_tag","embeddable":true,"href":"https:\/\/8a.pl\/8academy\/wp-json\/wp\/v2\/tags?post=73311"}],"curies":[{"name":"wp","href":"https:\/\/api.w.org\/{rel}","templated":true}]}}