{"id":72894,"date":"2024-10-28T13:30:13","date_gmt":"2024-10-28T12:30:13","guid":{"rendered":"https:\/\/8a.pl\/8academy\/?p=72894"},"modified":"2024-10-28T13:30:14","modified_gmt":"2024-10-28T12:30:14","slug":"beskid-sadecki-szlaki-i-atrakcje","status":"publish","type":"post","link":"https:\/\/8a.pl\/8academy\/beskid-sadecki-szlaki-i-atrakcje\/","title":{"rendered":"Beskid S\u0105decki \u2013 szlaki i atrakcje"},"content":{"rendered":"\n<ul class=\"wp-block-list\">\n<li><a href=\"https:\/\/8a.pl\/8academy\/beskid-sadecki-szlaki-i-atrakcje#h-beskid-sadecki-podstawowe-informacje\">Beskid S\u0105decki \u2013 podstawowe informacje<\/a><\/li>\n\n\n\n<li><a href=\"https:\/\/8a.pl\/8academy\/beskid-sadecki-szlaki-i-atrakcje#h-beskid-sadecki-szczyty\">Beskid S\u0105decki \u2013 szczyty<\/a><\/li>\n\n\n\n<li><a href=\"https:\/\/8a.pl\/8academy\/beskid-sadecki-szlaki-i-atrakcje#h-beskid-sadecki-szlaki\">Beskid S\u0105decki \u2013 szlaki<\/a><\/li>\n\n\n\n<li><a href=\"https:\/\/8a.pl\/8academy\/beskid-sadecki-szlaki-i-atrakcje#h-beskid-sadecki-najpiekniejsze-szlaki\">Beskid S\u0105decki &#8211; najpi\u0119kniejsze szlaki<\/a><\/li>\n\n\n\n<li><a href=\"https:\/\/8a.pl\/8academy\/beskid-sadecki-szlaki-i-atrakcje#h-szlak-na-najwyzszy-szczyt-beskidu-sadeckiego-radziejowa\">Szlak na najwy\u017cszy szczyt Beskidu S\u0105deckiego &#8211; Radziejow\u0105<\/a><\/li>\n\n\n\n<li><a href=\"https:\/\/8a.pl\/8academy\/beskid-sadecki-szlaki-i-atrakcje#h-beskid-sadecki-inne-atrakcje\">Beskid S\u0105decki &#8211; inne atrakcje<\/a><\/li>\n\n\n\n<li><a href=\"https:\/\/8a.pl\/8academy\/beskid-sadecki-szlaki-i-atrakcje#h-wieze-widokowe-w-beskidzie-sadeckim\">Wie\u017ce widokowe w Beskidzie S\u0105deckim<\/a><\/li>\n\n\n\n<li><a href=\"https:\/\/8a.pl\/8academy\/beskid-sadecki-szlaki-i-atrakcje#h-najpiekniejsze-miejsca-w-beskidzie-sadeckim\">Najpi\u0119kniejsze miejsca w Beskidzie S\u0105deckim<\/a><\/li>\n\n\n\n<li><a href=\"https:\/\/8a.pl\/8academy\/beskid-sadecki-szlaki-i-atrakcje#h-beskid-sadecki-z-psem\">Beskid S\u0105decki z psem<\/a><\/li>\n<\/ul>\n\n\n\n<h2 class=\"wp-block-heading\" id=\"h-beskid-sadecki-podstawowe-informacje\">Beskid S\u0105decki \u2013 podstawowe informacje<\/h2>\n\n\n\n<p class=\"wp-block-paragraph\">Beskid S\u0105decki, jak wi\u0119kszo\u015b\u0107 pasm g\u00f3rskich w Polsce, rozci\u0105ga si\u0119 w przybli\u017ceniu na linii wsch\u00f3d-zach\u00f3d, czyli r\u00f3wnole\u017cnikowo. Na zachodzie od Gorc\u00f3w, Pienin i Beskidu Wyspowego oddziela go dolina Dunajca, a na wschodzie naturaln\u0105 granic\u0105 s\u0105 doliny Kamienicy i Muszynki, za kt\u00f3rymi rozci\u0105ga si\u0119 Beskid Niski. Sam Beskid S\u0105decki jest dodatkowo podzielony na dwie cz\u0119\u015bci doln\u0105 Popradu. Na zach\u00f3d od Popradu le\u017cy Pasmo Radziejowej (z najwy\u017cszym szczytem pasma), a na wsch\u00f3d Pasmo Jaworzyny Krynickiej.<\/p>\n\n\n\n<p class=\"wp-block-paragraph\"><\/p>\n\n\n<div class=\"wp-block-image\">\n<figure class=\"aligncenter size-full\"><img fetchpriority=\"high\" decoding=\"async\" width=\"600\" height=\"900\" src=\"https:\/\/8a.pl\/8academy\/wp-content\/uploads\/2024\/10\/Masyw_Radziejowej_a1.jpg\" alt=\"Wie\u017ca widokowa na Radziejowej - najwy\u017cszym szczycie Beskidu S\u0105deckiego - jest widoczna z daleka.\" class=\"wp-image-72900\" srcset=\"https:\/\/8a.pl\/8academy\/wp-content\/uploads\/2024\/10\/Masyw_Radziejowej_a1.jpg 600w, https:\/\/8a.pl\/8academy\/wp-content\/uploads\/2024\/10\/Masyw_Radziejowej_a1-200x300.jpg 200w\" sizes=\"(max-width: 600px) 100vw, 600px\" \/><figcaption class=\"wp-element-caption\">Wie\u017ca widokowa na Radziejowej &#8211; najwy\u017cszym szczycie Beskidu S\u0105deckiego &#8211; jest widoczna z daleka. (fot. Wikimedia Commons)<\/figcaption><\/figure>\n<\/div>\n\n\n<p class=\"wp-block-paragraph\">Cz\u0119\u015b\u0107 Beskidu S\u0105deckiego le\u017c\u0105ca na S\u0142owacji nazywa si\u0119 \u013dubovnianska vrchovina. Dawniej, zanim wzd\u0142u\u017c Popradu poprowadzono granic\u0119, ca\u0142o\u015b\u0107 by\u0142a nazywana Beskidem Nadpopradzkim. Ta nazwa zreszt\u0105 zupe\u0142nie nie znikn\u0119\u0142a, bo funkcjonuje na przyk\u0142ad odznaka PTTK \u201eKorona Beskidu Nadpopradzkiego\u201d. \u017beby j\u0105 zdoby\u0107 trzeba oczywi\u015bcie odwiedzi\u0107 szczyty po obu stronach granicy.<\/p>\n\n\n\n<h2 class=\"wp-block-heading\" id=\"h-beskid-sadecki-szczyty\">Beskid S\u0105decki \u2013 szczyty<\/h2>\n\n\n\n<p class=\"wp-block-paragraph\">Najwy\u017csze szczyty Beskidu S\u0105deckiego le\u017c\u0105 w Pa\u015bmie Radziejowej. Cztery z nich przekraczaj\u0105 1200 m n.p.m.: Radziejowa (1266 m n.p.m.), Z\u0142omisty Wierch (1224 m n.p.m.), Ma\u0142a Radziejowa (1207 m n.p.m.) i niezbyt wybitny wierzcho\u0142ek, maj\u0105cy 1209 m n.p.m. nazywaj\u0105cy si\u0119 Bukowinki. Najwy\u017cszy punkt w pa\u015bmie Jaworzyny Krynickiej to oczywi\u015bcie szczyt, od kt\u00f3rego pochodzi nazwa tego pasma \u2013 Jaworzyna Krynicka maj\u0105ca 1114 m n.p.m. Pod wzgl\u0119dem wysoko\u015bci jest dopiero czternastym szczytem Beskidu S\u0105deckiego \u2013 wszystkie wy\u017csze od niej s\u0105 w Pa\u015bmie Radziejowej. Te szczyty to:<\/p>\n\n\n\n<ul class=\"wp-block-list\">\n<li>Radziejowa \u2013 1266 m n.p.m.<\/li>\n\n\n\n<li>Z\u0142omisty Wierch &#8211; 1224 m n.p.m.<\/li>\n\n\n\n<li>Bukowinki &#8211; 1209 m n.p.m.<\/li>\n\n\n\n<li>Ma\u0142a Radziejowa &#8211; 1207 m n.p.m.<\/li>\n\n\n\n<li>Wielka Przehyba &#8211; 1191 m n.p.m.<\/li>\n\n\n\n<li>Wielki Rogacz &#8211; 1182 m n.p.m.<\/li>\n\n\n\n<li>Przehyba &#8211; 1175 m n.p.m.<\/li>\n\n\n\n<li>Ska\u0142ka &#8211; 1163 m n.p.m.<\/li>\n\n\n\n<li>Ma\u0142y Rogacz &#8211; 1162 m n.p.m.<\/li>\n\n\n\n<li>Ma\u0142a Przehyba &#8211; 1155 m n.p.m.<\/li>\n\n\n\n<li>Jasiennik &#8211; 1128 m n.p.m.<\/li>\n\n\n\n<li>Zgrzypy &#8211; 1124 m n.p.m.<\/li>\n\n\n\n<li>Czeremcha &#8211; 1124 m n.p.m.<\/li>\n<\/ul>\n\n\n\n<h2 class=\"wp-block-heading\" id=\"h-beskid-sadecki-szlaki\">Beskid S\u0105decki \u2013 szlaki<\/h2>\n\n\n\n<p class=\"wp-block-paragraph\">Najbardziej znanym szlakiem biegn\u0105cym przez Beskid S\u0105decki jest z pewno\u015bci\u0105 G\u0142\u00f3wny Szlak Beskidzki. Nie omija w zasadzie \u017cadnego z wa\u017cniejszych szczyt\u00f3w tego pasma. Prowadzi przez Przehyb\u0119, Radziejow\u0105 i Wielki Rogacz, potem schodzi do Rytra i ponownie wspina si\u0119 id\u0105c g\u0142\u00f3wnym grzbietem Pasma Jaworzyny. Ca\u0142y fragment GSB w Beskidzie S\u0105deckim ma nieco ponad 60 km. Inne popularne szlaki w tym regionie to przede wszystkim te, kt\u00f3rymi najszybciej mo\u017cna dotrze\u0107 na najwa\u017cniejsze szczyty pasma, albo do schronisk.<\/p>\n\n\n\n<p class=\"wp-block-paragraph\"><\/p>\n\n\n<div class=\"wp-block-image\">\n<figure class=\"aligncenter size-full\"><img decoding=\"async\" width=\"600\" height=\"900\" src=\"https:\/\/8a.pl\/8academy\/wp-content\/uploads\/2024\/10\/Beskid_Sadecki_9_-_panoramio.jpg\" alt=\"Z wielu polan i szczyt\u00f3w Beskidu S\u0105deckiego wida\u0107 Tatry.\" class=\"wp-image-72901\" srcset=\"https:\/\/8a.pl\/8academy\/wp-content\/uploads\/2024\/10\/Beskid_Sadecki_9_-_panoramio.jpg 600w, https:\/\/8a.pl\/8academy\/wp-content\/uploads\/2024\/10\/Beskid_Sadecki_9_-_panoramio-200x300.jpg 200w\" sizes=\"(max-width: 600px) 100vw, 600px\" \/><figcaption class=\"wp-element-caption\">Z wielu polan i szczyt\u00f3w Beskidu S\u0105deckiego wida\u0107 Tatry. (fot. Wikimedia Commons)<\/figcaption><\/figure>\n<\/div>\n\n\n<p class=\"wp-block-paragraph\">Beskid S\u0105decki to tak\u017ce liczne kr\u00f3tsze szlaki i popularne trasy spacerowe w okolicach popularnych uzdrowisk &#8211; Krynicy-Zdroju, Piwnicznej, Szczawnicy czy Muszyny. Znajdziecie tu zar\u00f3wno spokojne, malownicze trasy, jak i bardziej wymagaj\u0105ce podej\u015bcia, jak cho\u0107by to na Jaworzyn\u0119 Krynick\u0105 albo niebieski szlak z \u0141omnicy na Hal\u0119 \u0142abowsk\u0105. Ten drugi jest bardzo popularny w\u015br\u00f3d amator\u00f3w jazdy na rowerach enduro i oczywi\u015bcie poruszaj\u0105 si\u0119 nim w d\u00f3\u0142 \u2013 warto wi\u0119c mie\u0107 si\u0119 na baczno\u015bci.<\/p>\n\n\n\n<p class=\"wp-block-paragraph\"><strong>Przeczytaj te\u017c:<\/strong><\/p>\n\n\n\n<ul class=\"wp-block-list\">\n<li><strong><a href=\"https:\/\/8a.pl\/8academy\/jak-przejsc-glowny-szlak-beskidzki\/\">Jak przej\u015b\u0107 G\u0142\u00f3wny Szlak Beskidzki<\/a><\/strong><\/li>\n<\/ul>\n\n\n\n<hr class=\"wp-block-separator has-text-color has-cyan-bluish-gray-color has-alpha-channel-opacity has-cyan-bluish-gray-background-color has-background\"\/>\n\n\n\n<h3 class=\"wp-block-heading\" id=\"h-beskid-sadecki-najpiekniejsze-szlaki\">Beskid S\u0105decki &#8211; najpi\u0119kniejsze szlaki<\/h3>\n\n\n\n<p class=\"wp-block-paragraph\">Wyb\u00f3r najpi\u0119kniejszych szlak\u00f3w w Beskidzie S\u0105deckim to nie lada wyzwanie, bo pasmo jest ca\u0142kiem rozleg\u0142e i ka\u017cdy z nich ma sw\u00f3j unikatowy charakter. Najbardziej oczywistym \u2013 i zupe\u0142nie w gruncie rzeczy obiektywnym \u2013 wyznacznikiem urody szlaku jest to jakie oferuje widoki. To oznacza, \u017ce najpi\u0119kniejsze szlaki prowadz\u0105 zwykle wysoko i w Beskidzie S\u0105deckim nie jest inaczej. \u017beby napawa\u0107 si\u0119 pi\u0119knem panoram trzeba si\u0119 najpierw nieco natrudzi\u0107 na podej\u015bciu \u2013 nie ma na to rady.<\/p>\n\n\n\n<p class=\"wp-block-paragraph\">Gdzie w takim razie w Beskidzie S\u0105deckim szuka\u0107 efektownych widok\u00f3w? Oczywistym wyborem s\u0105 najwy\u017csze szczyty \u2013 Radziejowa i Jaworzyna Krynicka. Efektowny jest te\u017c szlak na Przehyb\u0119 (1175 m n.p.m.). W wy\u017cszych partiach otwiera si\u0119 widok na po\u0142udnie, wi\u0119c na horyzoncie rysuj\u0105 si\u0119 ostre szczyty Tatr, a po drodze mo\u017cna odpocz\u0105\u0107 w schronisku PTTK na Przehybie. Mi\u0142o\u015bnicy efektownych widok\u00f3w ceni\u0105 sobie r\u00f3wnie\u017c szlak z Piwnicznej-Zdroju na Eliasz\u00f3wk\u0119, kt\u00f3ry prowadzi granic\u0105 polsko-s\u0142owack\u0105. Na trasie znajduj\u0105 si\u0119 liczne polany z pi\u0119knymi panoramami, a na samej Eliasz\u00f3wce znajdziecie wie\u017c\u0119 widokow\u0105, z kt\u00f3rej wida\u0107 jeszcze wi\u0119cej.<\/p>\n\n\n\n<p class=\"wp-block-paragraph\"><\/p>\n\n\n<div class=\"wp-block-image\">\n<figure class=\"aligncenter size-full\"><img decoding=\"async\" width=\"600\" height=\"900\" src=\"https:\/\/8a.pl\/8academy\/wp-content\/uploads\/2024\/10\/Beskid_Sadecki_mountains_-_view_from_Prehyba.jpg\" alt=\"Na Przechybie zbudowano mini plaftorm\u0119 widokow\u0105 - trudno o lepsze miejsce.\" class=\"wp-image-72902\" srcset=\"https:\/\/8a.pl\/8academy\/wp-content\/uploads\/2024\/10\/Beskid_Sadecki_mountains_-_view_from_Prehyba.jpg 600w, https:\/\/8a.pl\/8academy\/wp-content\/uploads\/2024\/10\/Beskid_Sadecki_mountains_-_view_from_Prehyba-200x300.jpg 200w\" sizes=\"(max-width: 600px) 100vw, 600px\" \/><figcaption class=\"wp-element-caption\">Na Przechybie zbudowano mini plaftorm\u0119 widokow\u0105 &#8211; trudno o lepsze miejsce. (fot. Wikimedia Commons)<\/figcaption><\/figure>\n<\/div>\n\n\n<p class=\"wp-block-paragraph\">Wiele szlak\u00f3w w Beskidzie S\u0105deckim jest stosunkowo ma\u0142o ucz\u0119szczanych. To pasmo jest idealnym miejscem dla os\u00f3b szukaj\u0105cych spokoju i kontaktu z natur\u0105. Znajdziecie tu tak\u017ce kilka kultowych schronisk, kt\u00f3re zachowa\u0142y sw\u00f3j charakter sprzed lat. Nie podda\u0142y si\u0119 trendom komercjalizacji i nie zamieni\u0142y si\u0119 w g\u00f3rskie hotele. Takie s\u0105 cho\u0107by Bac\u00f3wka nad Wierchoml\u0105 czy Chatka Mag\u00f3ry.<\/p>\n\n\n\n<h3 class=\"wp-block-heading\" id=\"h-szlak-na-najwyzszy-szczyt-beskidu-sadeckiego-radziejowa\">Szlak na najwy\u017cszy szczyt Beskidu S\u0105deckiego &#8211; Radziejow\u0105<\/h3>\n\n\n\n<p class=\"wp-block-paragraph\">Radziejowa, maj\u0105ca 1266 m n.p.m., b\u0119d\u0105ca najwy\u017cszym szczytem Beskidu S\u0105deckiego, jest prawdopodobnie najpopularniejszym celem w\u0119dr\u00f3wek. Cho\u0107 wi\u0119kszo\u015b\u0107 szlak\u00f3w wiod\u0105cych na szczyt prowadzi lasem, wi\u0119c efektownych punkt\u00f3w widokowych jest niewiele, na szczycie nadrabia to z ok\u0142adem wie\u017ca widokowa. Mo\u017cna podziwia\u0107 st\u0105d panoram\u0119 ca\u0142ego niemal Beskidu S\u0105deckiego, Beskid Niski, cz\u0119\u015b\u0107 Pienin i Tatr, a nawet odleg\u0142e o oko\u0142o 150 km Bieszczady. Przy dobrej pogodzie widok jest naprawd\u0119 spektakularny. Rozci\u0105gaj\u0105cy si\u0119 doko\u0142a krajobraz sprawia, \u017ce b\u0119dziecie \u017ca\u0142owa\u0107, je\u015bli na najwy\u017cszy szczyt Beskidu S\u0105deckiego wybierzecie si\u0119 bez aparatu.<\/p>\n\n\n\n<p class=\"wp-block-paragraph\">Przeczytaj te\u017c:<\/p>\n\n\n\n<ul class=\"wp-block-list\">\n<li><strong><a href=\"https:\/\/8a.pl\/8academy\/korona-gor-polski-radziejowa\">Radziejowa \u2013 najwy\u017cszy szczyt Beskidu S\u0105deckiego<\/a><\/strong><\/li>\n<\/ul>\n\n\n\n<hr class=\"wp-block-separator has-text-color has-cyan-bluish-gray-color has-alpha-channel-opacity has-cyan-bluish-gray-background-color has-background\"\/>\n\n\n\n<h2 class=\"wp-block-heading\" id=\"h-beskid-sadecki-inne-atrakcje\">Beskid S\u0105decki &#8211; inne atrakcje<\/h2>\n\n\n\n<p class=\"wp-block-paragraph\">Beskid S\u0105decki to oczywi\u015bcie nie tylko g\u00f3rskie szlaki, ale tak\u017ce obfito\u015b\u0107 innych atrakcji, kt\u00f3re przyci\u0105gaj\u0105 turyst\u00f3w. W ca\u0142ym regionie, dzi\u0119ki licznym \u017ar\u00f3d\u0142om w\u00f3d mineralnych, powsta\u0142y znane uzdrowiska jak cho\u0107by Krynica-Zdr\u00f3j czy Piwniczna-Zdr\u00f3j. Je\u015bli pogoda pokrzy\u017cuje wam plany g\u00f3rskich w\u0119dr\u00f3wek, na pewno nie b\u0119dziecie si\u0119 nudzi\u0107.<\/p>\n\n\n\n<p class=\"wp-block-paragraph\"><\/p>\n\n\n<div class=\"wp-block-image\">\n<figure class=\"aligncenter size-full\"><img loading=\"lazy\" decoding=\"async\" width=\"600\" height=\"900\" src=\"https:\/\/8a.pl\/8academy\/wp-content\/uploads\/2024\/10\/Widok_z_wiezy_widokowej_na_Radziejowej_w_Beskidzie_Sadeckim_20240407_1153_7255.jpg\" alt=\"Z wie\u017cy widokowej na Radziejowej mo\u017cna podziwia\u0107 ca\u0142y niemal Beskid S\u0105decki.\" class=\"wp-image-72903\" srcset=\"https:\/\/8a.pl\/8academy\/wp-content\/uploads\/2024\/10\/Widok_z_wiezy_widokowej_na_Radziejowej_w_Beskidzie_Sadeckim_20240407_1153_7255.jpg 600w, https:\/\/8a.pl\/8academy\/wp-content\/uploads\/2024\/10\/Widok_z_wiezy_widokowej_na_Radziejowej_w_Beskidzie_Sadeckim_20240407_1153_7255-200x300.jpg 200w\" sizes=\"(max-width: 600px) 100vw, 600px\" \/><figcaption class=\"wp-element-caption\">Z wie\u017cy widokowej na Radziejowej mo\u017cna podziwia\u0107 ca\u0142y niemal Beskid S\u0105decki. (fot. Wikimedia Commons)<\/figcaption><\/figure>\n<\/div>\n\n\n<p class=\"wp-block-paragraph\">Wschodnie rubie\u017ce Beskidu S\u0105deckiego, w okolicach Krynicy-Zdr\u00f3j, to obszar, gdzie zachowa\u0142o si\u0119 wiele \u015blad\u00f3w kultury \u0141emkowskiej. Nadal stoj\u0105 tu pi\u0119kne drewniane cerkwie, przy drogach sporo jest wiekowych kapliczek, a po dawnych wsiach pozosta\u0142y zaro\u015bni\u0119te ju\u017c cmentarze. \u0141emkowie zamieszkiwali g\u0142\u00f3wnie s\u0105siedni Beskid Niski, ale osiedlali si\u0119 r\u00f3wnie\u017c bardziej na zach\u00f3d \u2013 w Beskidzie S\u0105deckim \u2013 i na wsch\u00f3d \u2013 w Bieszczadach.<\/p>\n\n\n\n<p class=\"wp-block-paragraph\">Miejscem wartym odwiedzenia jest bez w\u0105tpienie zamek w Rytrze, a raczej ruiny, kt\u00f3re po nim pozosta\u0142y, i kt\u00f3re stanowi\u0105 jedn\u0105 z najwi\u0119kszych atrakcji historycznych w regionie. Jest datowany na XIV wiek i udost\u0119pniono go turystom. Z mur\u00f3w mo\u017cna podziwia\u0107 dolin\u0119 Popradu i okoliczne wzg\u00f3rza. W Beskidzie S\u0105deckim znajdziecie te\u017c zamek w Muszynie, kt\u00f3ry jeszcze do niedawna by\u0142 niemal zupe\u0142nie zaro\u015bni\u0119t\u0105 ale w 2023 zako\u0144czono jego odnow\u0119, cho\u0107 trafniej by\u0142oby nazwa\u0107 to odbudow\u0105. Po s\u0142owackiej stronie s\u0105 jeszcze ruiny zamku w P\u0142awcu, te jednak nadal powoli niszczej\u0105.<\/p>\n\n\n\n<p class=\"wp-block-paragraph\"><\/p>\n\n\n<div class=\"wp-block-image\">\n<figure class=\"aligncenter size-full\"><img loading=\"lazy\" decoding=\"async\" width=\"600\" height=\"900\" src=\"https:\/\/8a.pl\/8academy\/wp-content\/uploads\/2024\/10\/Wieza_widokowa_na_Radziejowej_BS22_4.jpg\" alt=\"Wie\u017ca na szczycie Radziejowej to ju\u017c trzecia z kolei konstrukcja w tym miejscu.\" class=\"wp-image-72904\" srcset=\"https:\/\/8a.pl\/8academy\/wp-content\/uploads\/2024\/10\/Wieza_widokowa_na_Radziejowej_BS22_4.jpg 600w, https:\/\/8a.pl\/8academy\/wp-content\/uploads\/2024\/10\/Wieza_widokowa_na_Radziejowej_BS22_4-200x300.jpg 200w\" sizes=\"(max-width: 600px) 100vw, 600px\" \/><figcaption class=\"wp-element-caption\">Wie\u017ca na szczycie Radziejowej to ju\u017c trzecia z kolei konstrukcja w tym miejscu. (fot. Wikimedia Commons)<\/figcaption><\/figure>\n<\/div>\n\n\n<h2 class=\"wp-block-heading\" id=\"h-wieze-widokowe-w-beskidzie-sadeckim\">Wie\u017ce widokowe w Beskidzie S\u0105deckim<\/h2>\n\n\n\n<p class=\"wp-block-paragraph\">W Beskidzie S\u0105deckim nie brak wie\u017c widokowych, kt\u00f3re rozsiane s\u0105 po ca\u0142ym regionie i stanowi\u0105 doskona\u0142e punkty obserwacyjne. Najbardziej znana jest oczywi\u015bcie wie\u017ca widokowa na Radziejowej. Inn\u0105 popularn\u0105 wie\u017c\u0105 jest ta na Eliasz\u00f3wce, na granicy polsko-s\u0142owackiej. Taki obiekt stan\u0105\u0142 te\u017c na Koziarzu i opr\u00f3cz dalekich panoram wida\u0107 st\u0105d te\u017c doskonale dolin\u0119 Dunajca. To tak\u017ce jedna z naj\u0142atwiej dost\u0119pnych wie\u017c widokowych w polskich g\u00f3rach. Dotarcie pod ni\u0105 z parkingu zajmuje raptem 20 minut.<\/p>\n\n\n\n<p class=\"wp-block-paragraph\">Umieszczone na szczytach wie\u017ce widokowe to nie wszystko, bo w Beskidzie S\u0105deckim powsta\u0142o te\u017c kilka mniejszych obiekt\u00f3w. Platformy widokowe stoj\u0105 na W\u0119gielniku w Piwnicznej-Zdroju i w Woli Kroguleckiej. Ta druga, nosz\u0105ca nazw\u0119 &#8220;\u015alimak&#8221;, jest szczeg\u00f3lnie efektowna bo ma kszta\u0142t spiralnej k\u0142adki zawieszonej nad ziemi\u0105.<\/p>\n\n\n\n<p class=\"wp-block-paragraph\"><\/p>\n\n\n<div class=\"wp-block-image\">\n<figure class=\"aligncenter size-full\"><img loading=\"lazy\" decoding=\"async\" width=\"600\" height=\"900\" src=\"https:\/\/8a.pl\/8academy\/wp-content\/uploads\/2024\/10\/Snail_View_Platform_in_Wola_Krogulecka_Dzielnica_Hill_1.jpg\" alt=\"Platforma widokowa &quot;\u015alimak&quot; w Woli Kroguleckiej sama w sobie jest efektowna.\" class=\"wp-image-72906\" srcset=\"https:\/\/8a.pl\/8academy\/wp-content\/uploads\/2024\/10\/Snail_View_Platform_in_Wola_Krogulecka_Dzielnica_Hill_1.jpg 600w, https:\/\/8a.pl\/8academy\/wp-content\/uploads\/2024\/10\/Snail_View_Platform_in_Wola_Krogulecka_Dzielnica_Hill_1-200x300.jpg 200w\" sizes=\"(max-width: 600px) 100vw, 600px\" \/><figcaption class=\"wp-element-caption\">Platforma widokowa &#8220;\u015alimak&#8221; w Woli Kroguleckiej sama w sobie jest efektowna. (fot. Wikimedia Commons)<\/figcaption><\/figure>\n<\/div>\n\n\n<h3 class=\"wp-block-heading\" id=\"h-najpiekniejsze-miejsca-w-beskidzie-sadeckim\">Najpi\u0119kniejsze miejsca w Beskidzie S\u0105deckim<\/h3>\n\n\n\n<p class=\"wp-block-paragraph\">Jak ka\u017cde g\u00f3ry, Beskid S\u0105decki to pasmo, gdzie znajdziecie mn\u00f3stwo urokliwych miejsc, przyci\u0105gaj\u0105cych swoim naturalnym pi\u0119knem. Z pewno\u015bci\u0105 trzeba do nich zaliczy\u0107 widokowe polany czy szczyty. Napotkacie je zreszt\u0105 nie tylko na najpopularniejszych szlakach. W Beskidzie S\u0105deckim, tak samo jak innych okolicznych pasmach, powsta\u0142a g\u0119sta sie\u0107 dr\u00f3g le\u015bnych, tzw. stok\u00f3wek, kt\u00f3rymi mo\u017cna w\u0119drowa\u0107. Wystarczy wzi\u0105\u0107 w d\u0142o\u0144 map\u0119 i odwa\u017cy\u0107 si\u0119 zboczy\u0107 z najbardziej ucz\u0119szczanych szlak\u00f3w.<\/p>\n\n\n\n<p class=\"wp-block-paragraph\">Nie wszyscy o tym wiedz\u0105, ale w Beskidzie S\u0105deckim jest kilka wcale efektownych wodospad\u00f3w. Nie s\u0105 specjalnie wysokie, ale nie spos\u00f3b odm\u00f3wi\u0107 im urody. Ich zalet\u0105 jest na pewno niezbyt du\u017ca popularno\u015b\u0107 \u2013 nie spotkacie przy nich t\u0142um\u00f3w nawet w szczycie sezonu wakacyjnego. Wodospad Zaskalnik w pobli\u017cu Szczawnicy albo Wodospad Wielki maj\u0105 zaledwie 5 m wysoko\u015bci, wi\u0119c daleko im do tatrza\u0144skich siklaw. Po wiosennych roztopach albo gwa\u0142townych letnich burzach wygl\u0105daj\u0105 jednak bardzo okazale.<\/p>\n\n\n\n<p class=\"wp-block-paragraph\"><\/p>\n\n\n<div class=\"wp-block-image\">\n<figure class=\"aligncenter size-full\"><img loading=\"lazy\" decoding=\"async\" width=\"600\" height=\"900\" src=\"https:\/\/8a.pl\/8academy\/wp-content\/uploads\/2024\/10\/Wodospad_Wielki_Obidzki_BS9.jpg\" alt=\"Jeden z najwy\u017cszych wodospad\u00f3w w Beskidzie S\u0105deckim - Wodospad Wielki w Obidzy.\" class=\"wp-image-72905\" srcset=\"https:\/\/8a.pl\/8academy\/wp-content\/uploads\/2024\/10\/Wodospad_Wielki_Obidzki_BS9.jpg 600w, https:\/\/8a.pl\/8academy\/wp-content\/uploads\/2024\/10\/Wodospad_Wielki_Obidzki_BS9-200x300.jpg 200w\" sizes=\"(max-width: 600px) 100vw, 600px\" \/><figcaption class=\"wp-element-caption\">Jeden z najwy\u017cszych wodospad\u00f3w w Beskidzie S\u0105deckim &#8211; Wodospad Wielki w Obidzy. (fot. Wikimedia Commons)<\/figcaption><\/figure>\n<\/div>\n\n\n<h2 class=\"wp-block-heading\" id=\"h-beskid-sadecki-z-psem\">Beskid S\u0105decki z psem<\/h2>\n\n\n\n<p class=\"wp-block-paragraph\">Beskid S\u0105decki to wr\u0119cz idealne miejsce na wycieczki z psem. Wi\u0119kszo\u015b\u0107 szlak\u00f3w w regionie jest relatywnie \u0142agodna, a wi\u0119c przyjazna dla czworonog\u00f3w. Popularne trasy jak cho\u0107by na Przehyb\u0119 czy Radziejow\u0105 s\u0105 umiarkowanie wymagaj\u0105ce. Nawet ma\u0142ym psom pokonanie ich nie sprawi zatem wielkiego problemu. Warto jednak pami\u0119ta\u0107, \u017ce Beskid S\u0105decki to region gdzie sporo jest dzikich zwierz\u0105t wi\u0119c psa trzeba prowadzi\u0107 na smyczy.<\/p>\n\n\n\n<p class=\"wp-block-paragraph\">Wi\u0119kszo\u015b\u0107 schronisk w regionie akceptuje obecno\u015b\u0107 ps\u00f3w, ale zanim zarezerwujecie w nich nocleg, dobrze si\u0119 upewni\u0107 czy to mo\u017cliwe. Czym innym jest odwiedzenie schroniska w ci\u0105gu dnia na posi\u0142ek, a czym innym sp\u0119dzenie tam nocy.<\/p>\n\n\n\n<p class=\"wp-block-paragraph\"><\/p>\n\n\n","protected":false},"excerpt":{"rendered":"<p>\u0141agodnie zaokr\u0105glone szczyty nad dolinami Popradu i Dunajca, gdzie mo\u017cna znale\u017a\u0107 spok\u00f3j i cisz\u0119, to w\u0142a\u015bnie Beskid S\u0105decki. W\u0119drowcy, rowerzy\u015bci czy narciarze &#8211; wszyscy mog\u0105 czu\u0107 si\u0119 tu jak u siebie.<\/p>\n","protected":false},"author":7,"featured_media":72908,"comment_status":"closed","ping_status":"closed","sticky":false,"template":"","format":"standard","meta":{"_acf_changed":false,"_uf_show_specific_survey":0,"_uf_disable_surveys":false,"footnotes":""},"categories":[26070],"tags":[26104,26077,26085],"class_list":["post-72894","post","type-post","status-publish","format-standard","has-post-thumbnail","hentry","category-turystyka-trekking","tag-caloroczne","tag-przewodnik","tag-trekking"],"acf":[],"yoast_head":"<!-- This site is optimized with the Yoast SEO Premium plugin v23.4 (Yoast SEO v25.5) - https:\/\/yoast.com\/wordpress\/plugins\/seo\/ -->\n<title>Beskid S\u0105decki \u2013 szlaki i atrakcje | 8academy.pl<\/title>\n<meta name=\"description\" content=\"\u0141agodnie zaokr\u0105glone szczyty nad dolinami Popradu i Dunajca, gdzie mo\u017cna znale\u017a\u0107 spok\u00f3j i cisz\u0119 - to w\u0142a\u015bnie Beskid S\u0105decki.\" \/>\n<meta name=\"robots\" content=\"index, follow, max-snippet:-1, max-image-preview:large, max-video-preview:-1\" \/>\n<link rel=\"canonical\" href=\"http:\/\/8a.pl\/8academy\/beskid-sadecki-szlaki-i-atrakcje\/\" \/>\n<meta property=\"og:locale\" content=\"pl_PL\" \/>\n<meta property=\"og:type\" content=\"article\" \/>\n<meta property=\"og:title\" content=\"Beskid S\u0105decki \u2013 szlaki i atrakcje\" \/>\n<meta property=\"og:description\" content=\"\u0141agodnie zaokr\u0105glone szczyty nad dolinami Popradu i Dunajca, gdzie mo\u017cna znale\u017a\u0107 spok\u00f3j i cisz\u0119 - to w\u0142a\u015bnie Beskid S\u0105decki.\" \/>\n<meta property=\"og:url\" content=\"http:\/\/8a.pl\/8academy\/beskid-sadecki-szlaki-i-atrakcje\/\" \/>\n<meta property=\"og:site_name\" content=\"8academy.pl - portal g\u00f3rski i wspinaczkowy dla aktywnych\" \/>\n<meta property=\"article:publisher\" content=\"https:\/\/pl-pl.facebook.com\/sklep8apl\/\" \/>\n<meta property=\"article:published_time\" content=\"2024-10-28T12:30:13+00:00\" \/>\n<meta property=\"article:modified_time\" content=\"2024-10-28T12:30:14+00:00\" \/>\n<meta property=\"og:image\" content=\"http:\/\/8a.pl\/8academy\/wp-content\/uploads\/2024\/10\/cover-10.jpg\" \/>\n\t<meta property=\"og:image:width\" content=\"2000\" \/>\n\t<meta property=\"og:image:height\" content=\"1460\" \/>\n\t<meta property=\"og:image:type\" content=\"image\/jpeg\" \/>\n<meta name=\"author\" content=\"Redakcja 8Academy\" \/>\n<meta name=\"twitter:card\" content=\"summary_large_image\" \/>\n<meta name=\"twitter:label1\" content=\"Napisane przez\" \/>\n\t<meta name=\"twitter:data1\" content=\"Redakcja 8Academy\" \/>\n\t<meta name=\"twitter:label2\" content=\"Szacowany czas czytania\" \/>\n\t<meta name=\"twitter:data2\" content=\"11 minut\" \/>\n<!-- \/ Yoast SEO Premium plugin. -->","yoast_head_json":{"title":"Beskid S\u0105decki \u2013 szlaki i atrakcje | 8academy.pl","description":"\u0141agodnie zaokr\u0105glone szczyty nad dolinami Popradu i Dunajca, gdzie mo\u017cna znale\u017a\u0107 spok\u00f3j i cisz\u0119 - to w\u0142a\u015bnie Beskid S\u0105decki.","robots":{"index":"index","follow":"follow","max-snippet":"max-snippet:-1","max-image-preview":"max-image-preview:large","max-video-preview":"max-video-preview:-1"},"canonical":"http:\/\/8a.pl\/8academy\/beskid-sadecki-szlaki-i-atrakcje\/","og_locale":"pl_PL","og_type":"article","og_title":"Beskid S\u0105decki \u2013 szlaki i atrakcje","og_description":"\u0141agodnie zaokr\u0105glone szczyty nad dolinami Popradu i Dunajca, gdzie mo\u017cna znale\u017a\u0107 spok\u00f3j i cisz\u0119 - to w\u0142a\u015bnie Beskid S\u0105decki.","og_url":"http:\/\/8a.pl\/8academy\/beskid-sadecki-szlaki-i-atrakcje\/","og_site_name":"8academy.pl - portal g\u00f3rski i wspinaczkowy dla aktywnych","article_publisher":"https:\/\/pl-pl.facebook.com\/sklep8apl\/","article_published_time":"2024-10-28T12:30:13+00:00","article_modified_time":"2024-10-28T12:30:14+00:00","og_image":[{"width":2000,"height":1460,"url":"http:\/\/8a.pl\/8academy\/wp-content\/uploads\/2024\/10\/cover-10.jpg","type":"image\/jpeg"}],"author":"Redakcja 8Academy","twitter_card":"summary_large_image","twitter_misc":{"Napisane przez":"Redakcja 8Academy","Szacowany czas czytania":"11 minut"},"schema":{"@context":"https:\/\/schema.org","@graph":[{"@type":"Article","@id":"http:\/\/8a.pl\/8academy\/beskid-sadecki-szlaki-i-atrakcje\/#article","isPartOf":{"@id":"http:\/\/8a.pl\/8academy\/beskid-sadecki-szlaki-i-atrakcje\/"},"author":{"name":"Redakcja 8Academy","@id":"https:\/\/8a.pl\/8academy\/#\/schema\/person\/2e392153a51786e6c3d5ede231b5d2a4"},"headline":"Beskid S\u0105decki \u2013 szlaki i atrakcje","datePublished":"2024-10-28T12:30:13+00:00","dateModified":"2024-10-28T12:30:14+00:00","mainEntityOfPage":{"@id":"http:\/\/8a.pl\/8academy\/beskid-sadecki-szlaki-i-atrakcje\/"},"wordCount":1802,"publisher":{"@id":"https:\/\/8a.pl\/8academy\/#organization"},"image":{"@id":"http:\/\/8a.pl\/8academy\/beskid-sadecki-szlaki-i-atrakcje\/#primaryimage"},"thumbnailUrl":"https:\/\/8a.pl\/8academy\/wp-content\/uploads\/2024\/10\/cover-10.jpg","keywords":["Ca\u0142oroczne","Przewodnik","Trekking"],"articleSection":["Turystyka \/ trekking"],"inLanguage":"pl-PL"},{"@type":"WebPage","@id":"http:\/\/8a.pl\/8academy\/beskid-sadecki-szlaki-i-atrakcje\/","url":"http:\/\/8a.pl\/8academy\/beskid-sadecki-szlaki-i-atrakcje\/","name":"Beskid S\u0105decki \u2013 szlaki i atrakcje | 8academy.pl","isPartOf":{"@id":"https:\/\/8a.pl\/8academy\/#website"},"primaryImageOfPage":{"@id":"http:\/\/8a.pl\/8academy\/beskid-sadecki-szlaki-i-atrakcje\/#primaryimage"},"image":{"@id":"http:\/\/8a.pl\/8academy\/beskid-sadecki-szlaki-i-atrakcje\/#primaryimage"},"thumbnailUrl":"https:\/\/8a.pl\/8academy\/wp-content\/uploads\/2024\/10\/cover-10.jpg","datePublished":"2024-10-28T12:30:13+00:00","dateModified":"2024-10-28T12:30:14+00:00","description":"\u0141agodnie zaokr\u0105glone szczyty nad dolinami Popradu i Dunajca, gdzie mo\u017cna znale\u017a\u0107 spok\u00f3j i cisz\u0119 - to w\u0142a\u015bnie Beskid S\u0105decki.","breadcrumb":{"@id":"http:\/\/8a.pl\/8academy\/beskid-sadecki-szlaki-i-atrakcje\/#breadcrumb"},"inLanguage":"pl-PL","potentialAction":[{"@type":"ReadAction","target":["http:\/\/8a.pl\/8academy\/beskid-sadecki-szlaki-i-atrakcje\/"]}]},{"@type":"ImageObject","inLanguage":"pl-PL","@id":"http:\/\/8a.pl\/8academy\/beskid-sadecki-szlaki-i-atrakcje\/#primaryimage","url":"https:\/\/8a.pl\/8academy\/wp-content\/uploads\/2024\/10\/cover-10.jpg","contentUrl":"https:\/\/8a.pl\/8academy\/wp-content\/uploads\/2024\/10\/cover-10.jpg","width":2000,"height":1460},{"@type":"BreadcrumbList","@id":"http:\/\/8a.pl\/8academy\/beskid-sadecki-szlaki-i-atrakcje\/#breadcrumb","itemListElement":[{"@type":"ListItem","position":1,"name":"Strona g\u0142\u00f3wna","item":"https:\/\/8a.pl\/8academy\/"},{"@type":"ListItem","position":2,"name":"Beskid S\u0105decki \u2013 szlaki i atrakcje"}]},{"@type":"WebSite","@id":"https:\/\/8a.pl\/8academy\/#website","url":"https:\/\/8a.pl\/8academy\/","name":"8academy.pl - portal g\u00f3rski i wspinaczkowy dla aktywnych","description":"8academy to portal g\u00f3rski o wspinaczce, trekkingu i skiturach. Znajdziesz tu porady, testy sprz\u0119tu i opisy najlepszych rejon\u00f3w. Inspirujemy zdobywc\u00f3w!","publisher":{"@id":"https:\/\/8a.pl\/8academy\/#organization"},"potentialAction":[{"@type":"SearchAction","target":{"@type":"EntryPoint","urlTemplate":"https:\/\/8a.pl\/8academy\/?s={search_term_string}"},"query-input":{"@type":"PropertyValueSpecification","valueRequired":true,"valueName":"search_term_string"}}],"inLanguage":"pl-PL"},{"@type":"Organization","@id":"https:\/\/8a.pl\/8academy\/#organization","name":"8academy.pl - portal g\u00f3rski i wspinaczkowy dla aktywnych","url":"https:\/\/8a.pl\/8academy\/","logo":{"@type":"ImageObject","inLanguage":"pl-PL","@id":"https:\/\/8a.pl\/8academy\/#\/schema\/logo\/image\/","url":"https:\/\/8a.pl\/8academy\/wp-content\/uploads\/2015\/11\/logo.png","contentUrl":"https:\/\/8a.pl\/8academy\/wp-content\/uploads\/2015\/11\/logo.png","width":438,"height":315,"caption":"8academy.pl - portal g\u00f3rski i wspinaczkowy dla aktywnych"},"image":{"@id":"https:\/\/8a.pl\/8academy\/#\/schema\/logo\/image\/"},"sameAs":["https:\/\/pl-pl.facebook.com\/sklep8apl\/","https:\/\/www.instagram.com\/8apl\/"]},{"@type":"Person","@id":"https:\/\/8a.pl\/8academy\/#\/schema\/person\/2e392153a51786e6c3d5ede231b5d2a4","name":"Redakcja 8Academy","image":{"@type":"ImageObject","inLanguage":"pl-PL","@id":"https:\/\/8a.pl\/8academy\/#\/schema\/person\/image\/","url":"https:\/\/8a.pl\/8academy\/wp-content\/uploads\/2017\/10\/logo_obrobione_2_150_59ICJ.jpg","contentUrl":"https:\/\/8a.pl\/8academy\/wp-content\/uploads\/2017\/10\/logo_obrobione_2_150_59ICJ.jpg","caption":"Redakcja 8Academy"},"url":"https:\/\/8a.pl\/8academy\/author\/redakcja\/"}]}},"_links":{"self":[{"href":"https:\/\/8a.pl\/8academy\/wp-json\/wp\/v2\/posts\/72894","targetHints":{"allow":["GET"]}}],"collection":[{"href":"https:\/\/8a.pl\/8academy\/wp-json\/wp\/v2\/posts"}],"about":[{"href":"https:\/\/8a.pl\/8academy\/wp-json\/wp\/v2\/types\/post"}],"author":[{"embeddable":true,"href":"https:\/\/8a.pl\/8academy\/wp-json\/wp\/v2\/users\/7"}],"replies":[{"embeddable":true,"href":"https:\/\/8a.pl\/8academy\/wp-json\/wp\/v2\/comments?post=72894"}],"version-history":[{"count":7,"href":"https:\/\/8a.pl\/8academy\/wp-json\/wp\/v2\/posts\/72894\/revisions"}],"predecessor-version":[{"id":72910,"href":"https:\/\/8a.pl\/8academy\/wp-json\/wp\/v2\/posts\/72894\/revisions\/72910"}],"wp:featuredmedia":[{"embeddable":true,"href":"https:\/\/8a.pl\/8academy\/wp-json\/wp\/v2\/media\/72908"}],"wp:attachment":[{"href":"https:\/\/8a.pl\/8academy\/wp-json\/wp\/v2\/media?parent=72894"}],"wp:term":[{"taxonomy":"category","embeddable":true,"href":"https:\/\/8a.pl\/8academy\/wp-json\/wp\/v2\/categories?post=72894"},{"taxonomy":"post_tag","embeddable":true,"href":"https:\/\/8a.pl\/8academy\/wp-json\/wp\/v2\/tags?post=72894"}],"curies":[{"name":"wp","href":"https:\/\/api.w.org\/{rel}","templated":true}]}}