{"id":71959,"date":"2024-09-12T22:24:00","date_gmt":"2024-09-12T20:24:00","guid":{"rendered":"https:\/\/8a.pl\/8academy\/?p=71959"},"modified":"2024-09-12T22:24:20","modified_gmt":"2024-09-12T20:24:20","slug":"dolina-koscieliska-szlaki-i-atrakcje","status":"publish","type":"post","link":"https:\/\/8a.pl\/8academy\/dolina-koscieliska-szlaki-i-atrakcje\/","title":{"rendered":"Dolina Ko\u015bcieliska &#8211; szlaki i atrakcje"},"content":{"rendered":"\n<h2 class=\"wp-block-heading\" id=\"h-dolina-koscieliska-krotka-charakterystyka\">Dolina Ko\u015bcieliska &#8211; kr\u00f3tka charakterystyka<\/h2>\n\n\n\n<p class=\"wp-block-paragraph\">Dolina Ko\u015bcieliska le\u017cy w Tatrach Zachodnich, pomi\u0119dzy Dolin\u0105 Ma\u0142ej \u0141\u0105ki na wschodzie i Dolin\u0105 Chocho\u0142owsk\u0105 na zachodzie. Jest jedn\u0105 z najd\u0142u\u017cszych tatrza\u0144skich dolin. Ci\u0105gnie si\u0119 na g\u0142ugo\u015bci niemal 9 km od podzakopia\u0144skiej wsi Ko\u015bcielisko na p\u00f3\u0142nocy, a\u017c do g\u0142\u00f3wnej grani Tatr na po\u0142udniu. Zamyka j\u0105 pot\u0119\u017cny kocio\u0142 wok\u00f3\u0142 Hali Ornak, od grani Ornaka, przez Siwy Zwornik a\u017c do szczytu Ciemniaka.<\/p>\n\n\n\n<p class=\"wp-block-paragraph\">To jedna z dolin walnych, czyli prowadz\u0105cych od podstawy Tatr a\u017c do ich g\u0142\u00f3wnej grani. Ma wiele bocznych odn\u00f3g. W dolnej cz\u0119\u015bci na wsch\u00f3d odchodzi Dolina Mi\u0119tusia, a na po\u0142udniu pod gra\u0144 Tatr podchodz\u0105 Dolina Tomanowa i Dolina Pysznia\u0144ska. Te s\u0105 najwi\u0119ksze, ale przy rozmiarach Doliny Ko\u015bcieliskiej naturalne jest, \u017ce jej boki s\u0105 poprzecinane innymi, mniejszymi dolinkami i \u017clebami.<\/p>\n\n\n\n<p class=\"wp-block-paragraph\">Doliny Ko\u015bcieliskiej w dolnej i \u015brodkowej cz\u0119\u015bci to g\u0142\u0119boki w\u0105w\u00f3z skalny, w kt\u00f3rym droga wije si\u0119 omijaj\u0105c jurajskie wapienie. W kilku miejscach pomi\u0119dzy ska\u0142ami po obu stronach pozostaje tylko niewielki przesmyk, kt\u00f3rym przeciska si\u0119 potok Ko\u015bcielisko i droga. W pocz\u0105tkach eksploracji turystycznej Tatr, trzy takie skalne bramy znajduj\u0105ce si\u0119 w Dolinie Ko\u015bcieliskiej nazwano Bram\u0105 Kantaka, Bram\u0105 Kraszewskiego i Bram\u0105 Raptawick\u0105. P\u00f3\u017aniej jednak zwyci\u0119\u017cy\u0142 pogl\u0105d, \u017ce nazwy powinny by\u0107 jak najbli\u017csze tradycyjnym i \u017ce powinno si\u0119 odst\u0105pi\u0107 od upami\u0119tniania w ten spos\u00f3b, nawet wielce zas\u0142u\u017conych os\u00f3b. Najni\u017cej po\u0142o\u017cone skalne wrota zosta\u0142y wi\u0119c Ni\u017cni\u0105 Ko\u015bcielisk\u0105 Bram\u0105, \u015brodkowe \u2013 Po\u015bredni\u0105 Ko\u015bcielisk\u0105 Bram\u0105, a ostanie oczywi\u015bcie Wy\u017cni\u0105 Ko\u015bcielisk\u0105 Bram\u0105.<\/p>\n\n\n\n<p class=\"wp-block-paragraph\"><\/p>\n\n\n<div class=\"wp-block-image\">\n<figure class=\"aligncenter size-full\"><img fetchpriority=\"high\" decoding=\"async\" width=\"600\" height=\"900\" src=\"https:\/\/8a.pl\/8academy\/wp-content\/uploads\/2024\/09\/Brama_Kraszewskiego_1.jpg\" alt=\"Po\u015brednia Ko\u015bcieliska Brama w Dolinie Ko\u015bcieliskiej.\" class=\"wp-image-71968\" srcset=\"https:\/\/8a.pl\/8academy\/wp-content\/uploads\/2024\/09\/Brama_Kraszewskiego_1.jpg 600w, https:\/\/8a.pl\/8academy\/wp-content\/uploads\/2024\/09\/Brama_Kraszewskiego_1-200x300.jpg 200w\" sizes=\"(max-width: 600px) 100vw, 600px\" \/><figcaption class=\"wp-element-caption\">Po\u015brednia Ko\u015bcieliska Brama w Dolinie Ko\u015bcieliskiej. (fot. Wikimedia Commons)<\/figcaption><\/figure>\n<\/div>\n\n\n<h2 class=\"wp-block-heading\" id=\"h-dolina-koscieliska-szlaki\">Dolina Ko\u015bcieliska &#8211; szlaki<\/h2>\n\n\n\n<p class=\"wp-block-paragraph\">Jak w wypadku wi\u0119kszo\u015bci tatrza\u0144skich dolin, dnem doliny od setek lat prowadzi\u0142a wykorzystywana przez pasterzy czy drwali droga. Zupe\u0142nie naturalne wi\u0119c by\u0142o, \u017ce w\u0142a\u015bnie t\u0105 drog\u0105 poprowadzono g\u0142\u00f3wny szlak turystyczny w Dolinie Ko\u015bcieliskiej. Tak samo jest w przypadku szlak\u00f3w \u0142\u0105cz\u0105cych j\u0105 z s\u0105siedni\u0105 Dolin\u0105 Chocho\u0142owsk\u0105 albo z Dolin\u0105 Ma\u0142ej \u0141\u0105ki. Prowadz\u0105 wydeptanymi przez setki lat \u015bcie\u017ckami, kt\u00f3re dzi\u015b zmieni\u0142y swoj\u0105 rol\u0119 i s\u0142u\u017c\u0105 przede wszystkim turystom.<\/p>\n\n\n\n<p class=\"wp-block-paragraph\">Szlaki prowadz\u0105ce na okoliczne szczyty powsta\u0142y natomiast wy\u0142\u0105cznie dla zaspokojenia ich potrzeb. Z czysto praktycznego punktu widzenia, szczyty by\u0142y dawniej ma\u0142o interesuj\u0105ce. Pomys\u0142 na to, \u017ceby wchodzi\u0107 na nie \u201edla zdrowia\u201d i czystej przyjemno\u015bci pojawi\u0142 si\u0119 d\u0142ugo po tym jak g\u00f3ry zosta\u0142y zagospodarowane przez lokalnych mieszka\u0144c\u00f3w.<\/p>\n\n\n\n<p class=\"wp-block-paragraph\"><strong>Przeczytaj te\u017c: <\/strong><\/p>\n\n\n\n<ul class=\"wp-block-list\">\n<li><strong><a href=\"https:\/\/8a.pl\/8academy\/tatry-dla-poczatkujacych\/\">Tatry dla pocz\u0105tkuj\u0105cych \u2013 propozycje \u0142atwych tras<\/a><\/strong><\/li>\n<\/ul>\n\n\n\n<hr class=\"wp-block-separator has-text-color has-cyan-bluish-gray-color has-alpha-channel-opacity has-cyan-bluish-gray-background-color has-background\"\/>\n\n\n\n<p class=\"wp-block-paragraph\">Dolina Ko\u015bcieliska sama w sobie jest atrakcyjnym celem wycieczek. Jest r\u00f3wnocze\u015bnie tras\u0105, kt\u00f3r\u0105 wiele os\u00f3b wybiera planuj\u0105c wyj\u015bcie na Czerwone Wierchy, albo w drug\u0105 stron\u0119, na przyk\u0142ad na Starobocia\u0144ski Wierch i inne szczyty Tatr Zachodnich. Wyj\u0105tkowe geologiczne ukszta\u0142towanie Doliny Ko\u015bcieliskiej sprawi\u0142o te\u017c, \u017ce wytyczono kilka kr\u00f3tkich szlak\u00f3w pozwalaj\u0105cych eksplorowa\u0107 jej atrakcje.<\/p>\n\n\n\n<h3 class=\"wp-block-heading\" id=\"h-zielony-szlak-w-dolinie-koscieliskiej\">Zielony szlak w Dolinie Ko\u015bcieliskiej<\/h3>\n\n\n\n<p class=\"wp-block-paragraph\">G\u0142\u00f3wny szlak prowadz\u0105cy star\u0105 drog\u0105 po dnie Doliny Ko\u015bcieliskiej jest oznaczony na zielono. To znakomity pomys\u0142 na spokojny spacer, kt\u00f3ry mo\u017cna zako\u0144czy\u0107 szarlotk\u0105 w schronisku na Hali Ornak. Odleg\u0142o\u015b\u0107 jest niewielka \u2013 zaledwie 5,5 kilometra \u2013 a droga \u0142agodnie pokonuje niewielk\u0105 r\u00f3\u017cnic\u0119 wysoko\u015bci. Przez niemal ca\u0142y czas jest wygodn\u0105, szerok\u0105, dobrze utwardzon\u0105 drog\u0105, kt\u00f3rej nie spos\u00f3b rozpatrywa\u0107 w kategoriach g\u00f3rskich trudno\u015bci. Nie napotkacie tu \u017cadnych. To raczej parkowa aleja ni\u017c wysokog\u00f3rski szlak. Dzi\u0119ki temu jednak mo\u017cna \u0142atwo i bezpiecznie dotrze\u0107 w miejsce, gdzie poczujecie si\u0119 jak w sercu Tatr. Po drodze przechodzi si\u0119 przez kilka polan \u2013 przed wszystkim ogromn\u0105 Wy\u017cni\u0105 Kir\u0119 Mi\u0119tusi\u0105. P\u00f3\u017aniej, tu\u017c przed Po\u015bredni\u0105 Ko\u015bcielisk\u0105 Bram\u0105, szlak przecina polan\u0119 Stare Ko\u015bcieliska. Dawniej sta\u0142y tu piece hutnicze, ale do naszych czas\u00f3w niemal nic z nich nie zosta\u0142o. Jedynym \u015bladem jest niewielki fragment fundament\u00f3w i tablica.<\/p>\n\n\n\n<p class=\"wp-block-paragraph\"><strong>Przeczytaj te\u017c:<\/strong><\/p>\n\n\n\n<ul class=\"wp-block-list\">\n<li><strong><a href=\"https:\/\/8a.pl\/8academy\/morskie-oko-isc-czy-nie-isc\/\">Morskie Oko \u2013 i\u015b\u0107 czy nie i\u015b\u0107?<\/a><\/strong><\/li>\n<\/ul>\n\n\n\n<hr class=\"wp-block-separator has-text-color has-cyan-bluish-gray-color has-alpha-channel-opacity has-cyan-bluish-gray-background-color has-background\"\/>\n\n\n\n<p class=\"wp-block-paragraph\"><\/p>\n\n\n<div class=\"wp-block-image\">\n<figure class=\"aligncenter size-full\"><img decoding=\"async\" width=\"600\" height=\"900\" src=\"https:\/\/8a.pl\/8academy\/wp-content\/uploads\/2024\/09\/Dolina_Koscieliska_a1.jpg\" alt=\"Turnia Okr\u0119t - jedna z najefektowniejszych ska\u0142 g\u00f3ruj\u0105cych nad Dolin\u0105 Ko\u015bcielisk\u0105\" class=\"wp-image-71971\" srcset=\"https:\/\/8a.pl\/8academy\/wp-content\/uploads\/2024\/09\/Dolina_Koscieliska_a1.jpg 600w, https:\/\/8a.pl\/8academy\/wp-content\/uploads\/2024\/09\/Dolina_Koscieliska_a1-200x300.jpg 200w\" sizes=\"(max-width: 600px) 100vw, 600px\" \/><figcaption class=\"wp-element-caption\">Turnia Okr\u0119t &#8211; jedna z najefektowniejszych ska\u0142 g\u00f3ruj\u0105cych nad Dolin\u0105 Ko\u015bcielisk\u0105. (fot. Wikimedia Commons)<\/figcaption><\/figure>\n<\/div>\n\n\n<p class=\"wp-block-paragraph\">Powy\u017cej, w miejscu gdzie na wsch\u00f3d odchodzi \u017c\u00f3\u0142ty szlak prowadz\u0105cy przez W\u0105w\u00f3z Krak\u00f3w, szlak prowadzi przez Polan\u0119 Pisan\u0105. Jeszcze kilkadziesi\u0105t lat temu sta\u0142o tu schronisko. Jego historia zako\u0144czy\u0142a si\u0119 w do\u015b\u0107 niezwyk\u0142y spos\u00f3b. Po latach remont\u00f3w drewnianego budynku, wobec faktu, \u017ce niedaleko funkcjonowa\u0142o schronisko na Hali Ornak, zdecydowano o rozbi\u00f3rce obiektu na Hali Pisanej. Operacja mia\u0142a zaskakuj\u0105cy przebieg. Schronisko bowiem\u2026 wysadzono w 1987 roku w powietrze na potrzeby filmu \u201eTr\u00f3jk\u0105t Bermudzki\u201d. Z Polany Pisanej do schroniska na Hali Ornak, b\u0119d\u0105cego celem wielu wycieczek Dolin\u0105 Ko\u015bcielisk\u0105, jest zaledwie 1,5 km. Droga jest nieco w\u0119\u017csza ni\u017c wcze\u015bniej i prowadzi przez las.<\/p>\n\n\n\n<h2 class=\"wp-block-heading\" id=\"h-czarny-szlak-na-przyslop-mietusi\">Czarny szlak na Przys\u0142op Mi\u0119tusi<\/h2>\n\n\n\n<p class=\"wp-block-paragraph\">Niedaleko od wej\u015bcia do TPN w Dolinie Ko\u015bcieliskiej, w lewo odchodz\u0105 dwa szlaki. Czarny ma swoj\u0105 nazw\u0119 \u2013 to \u015acie\u017cka nad Reglami. Przecina Tatry st\u0105d, a\u017c do Doliny Kasprowej, gdzie ko\u0144czy si\u0119 na jej zachodnich zboczach na polanie Kalat\u00f3wki. Wiele os\u00f3b w\u0119druj\u0105cych Dolin\u0105 Ko\u015bcielisk\u0105, korzysta tylko z pocz\u0105tkowego fragmentu szlaku, id\u0105c na Przys\u0142op Mi\u0119tusi. To popularny punkt widokowy, z kt\u00f3rego mo\u017cna podziwia\u0107 doln\u0105 cz\u0119\u015b\u0107 Doliny Ko\u015bcieliskiej, a nad szczytami drzew najwy\u017csze szczyty Tatr Zachodnich.<\/p>\n\n\n\n<p class=\"wp-block-paragraph\"><strong>Przeczytaj te\u017c:<\/strong><\/p>\n\n\n\n<ul class=\"wp-block-list\">\n<li><a href=\"https:\/\/8a.pl\/8academy\/sarnia-skala-piekna-panorama-tatr-latwym-szlakiem\/\"><strong>Sarnia Ska\u0142a \u2013 pi\u0119kna panorama Tatr \u0142atwym szlakiem<\/strong><\/a><\/li>\n<\/ul>\n\n\n\n<hr class=\"wp-block-separator has-text-color has-cyan-bluish-gray-color has-alpha-channel-opacity has-cyan-bluish-gray-background-color has-background\"\/>\n\n\n\n<h3 class=\"wp-block-heading\" id=\"h-czerwony-szlak-na-ciemniak\">Czerwony szlak na Ciemniak<\/h3>\n\n\n\n<p class=\"wp-block-paragraph\">Wybieraj\u0105c si\u0119 na Czerwone Wierchy od strony Doliny Ko\u015bcieliskiej mamy do wyboru dwa warianty. Pierwszym jest w\u0119dr\u00f3wka zielonymi znakami przez ca\u0142\u0105 dolin\u0119. Po mini\u0119ciu schroniska pn\u0105 si\u0119 Dolin\u0105 Tomanow\u0105, trawersuj\u0105 zachodnie zbocza Ciemniaka, a nast\u0119pnie \u0142\u0105cz\u0105 si\u0119 z czerwonymi i docieraj\u0105 na szczyt od p\u00f3\u0142nocy.<\/p>\n\n\n\n<p class=\"wp-block-paragraph\">Druga opcj\u0105, dwukrotnie kr\u00f3tsz\u0105, s\u0105 czerwone znaki. Ten szlak ma od wej\u015bcia do Doliny ok. 6,5 km. Jego zalet\u0105 jest to, \u017ce wznosi si\u0119 bardzo jednostajnie. Mimo, \u017ce finalnie dociera na wysoko\u015b\u0107 ponad 2096 m i do pokonania jest sporo ponad 1000 m w pionie, nie ma na nim bardzo stromych podej\u015b\u0107. Ponad kilometr r\u00f3\u017cnicy wysoko\u015bci to oczywi\u015bcie sporo, ale dzi\u0119ki r\u00f3wnomiernemu nachyleniu szlaku \u0142atwiej sobie z tym poradzi\u0107.<\/p>\n\n\n\n<p class=\"wp-block-paragraph\"><\/p>\n\n\n<div class=\"wp-block-image\">\n<figure class=\"aligncenter size-full\"><img decoding=\"async\" width=\"600\" height=\"900\" src=\"https:\/\/8a.pl\/8academy\/wp-content\/uploads\/2024\/09\/AdobeStock_392520372.jpeg\" alt=\"Na Czerwone Wierchy od strony Doliny Ko\u015bcieliskiej najszybciej dotrzecie nie id\u0105c szlakiem prowadz\u0105cym dnem doliny.\" class=\"wp-image-71973\" srcset=\"https:\/\/8a.pl\/8academy\/wp-content\/uploads\/2024\/09\/AdobeStock_392520372.jpeg 600w, https:\/\/8a.pl\/8academy\/wp-content\/uploads\/2024\/09\/AdobeStock_392520372-200x300.jpeg 200w\" sizes=\"(max-width: 600px) 100vw, 600px\" \/><figcaption class=\"wp-element-caption\">Na Czerwone Wierchy od strony Doliny Ko\u015bcieliskiej najszybciej dotrzecie nie id\u0105c szlakiem prowadz\u0105cym dnem doliny. (fot. Adobe Stock)<\/figcaption><\/figure>\n<\/div>\n\n\n<h3 class=\"wp-block-heading\" id=\"h-szlaki-do-doliny-chocholowskiej\">Szlaki do Doliny Chocho\u0142owskiej<\/h3>\n\n\n\n<p class=\"wp-block-paragraph\">Z s\u0105siaduj\u0105c\u0105 od zachodu Dolin\u0105 Chocho\u0142owsk\u0105, Dolina Ko\u015bcieliska jest po\u0142\u0105czona dwoma szlakami. Pierwszym jest \u015acie\u017cka nad Reglami czyli szlak czarny. Odchodzi od zielonego nieca\u0142e 2 km od wej\u015bcia do Doliny i po pokonaniu najwy\u017cszego punktu \u2013Kominiarskiej Prze\u0142\u0119czy (1307 m n.p.m.) \u2013 schodzi do Doliny Chocho\u0142owskiej. Drug\u0105 opcj\u0105 jest \u017c\u00f3\u0142ty szlak. \u017beby z niego skorzysta\u0107 trzeba najpierw dotrze\u0107 do schroniska na Hali Ornak. Prze\u0142\u0119cz na tym szlaku jest sporo wy\u017csza. To maj\u0105ca 1459 m n.p.m. Iwaniacka Prze\u0142\u0119cz.<\/p>\n\n\n\n<h3 class=\"wp-block-heading\" id=\"h-szlak-na-ornak-i-bystra\">Szlak na Ornak i Bystr\u0105<\/h3>\n\n\n\n<p class=\"wp-block-paragraph\">Skoro znajdziecie si\u0119 w sercu Tatr Zachodnich, to mo\u017ce warto spr\u00f3bowa\u0107 zdoby\u0107 ich najwy\u017cszy szczyt? Droga na Bystr\u0105 z Doliny Ko\u015bcieliskiej, wymaga kilkakrotnej zmiany szlaku, wi\u0119c jest nieco skomplikowana nawigacyjnie. Spod schroniska na Hali Ornak trzeba najpierw p\u00f3j\u015b\u0107 \u017c\u00f3\u0142tym szlakiem prowadz\u0105cym do Doliny Chocho\u0142owskiej. Na Prze\u0142\u0119czy Iwaniackiej skr\u0119camy na po\u0142udnie, na zielony szlak id\u0105cy grani\u0105 Ornaka i docieraj\u0105cy do granicznego szlaku czerwonego. Tu skr\u0119camy na wsch\u00f3d i pod\u0105\u017caj\u0105c czerwonym szlakiem, po oko\u0142o kilometrze powinni\u015bcie zauwa\u017cy\u0107 s\u0142owackie (\u017c\u00f3\u0142te) oznaczenia szlaku niebieskiego. Bystra le\u017cy po po\u0142udniowej stronie granicy i na szczyt prowadzi w\u0142a\u015bnie ten niebieski szlak. Dla urozmaicenia powrotu warto odbi\u0107 z zielonego szlaku prowadz\u0105cego przez masyw Ornaka w lewo, i zej\u015b\u0107 za czarnymi znakami do Doliny Chocho\u0142owskiej.<\/p>\n\n\n\n<p class=\"wp-block-paragraph\"><\/p>\n\n\n<div class=\"wp-block-image\">\n<figure class=\"aligncenter size-full\"><img loading=\"lazy\" decoding=\"async\" width=\"600\" height=\"900\" src=\"https:\/\/8a.pl\/8academy\/wp-content\/uploads\/2024\/09\/AdobeStock_166578539.jpeg\" alt=\"Bystra, najwy\u017cszy szczyt Tatr Zachodnich, le\u017cy na S\u0142owacji, niedaleko po\u0142udniowego ko\u0144ca Doliny Ko\u015bcieliskiej.\" class=\"wp-image-71974\" srcset=\"https:\/\/8a.pl\/8academy\/wp-content\/uploads\/2024\/09\/AdobeStock_166578539.jpeg 600w, https:\/\/8a.pl\/8academy\/wp-content\/uploads\/2024\/09\/AdobeStock_166578539-200x300.jpeg 200w\" sizes=\"(max-width: 600px) 100vw, 600px\" \/><figcaption class=\"wp-element-caption\">Bystra, najwy\u017cszy szczyt Tatr Zachodnich, le\u017cy na S\u0142owacji, niedaleko po\u0142udniowego ko\u0144ca Doliny Ko\u015bcieliskiej. (fot. Adobe Stock)<\/figcaption><\/figure>\n<\/div>\n\n\n<h2 class=\"wp-block-heading\" id=\"h-dolina-koscieliska-czas-przejscia\">Dolina Ko\u015bcieliska &#8211; czas przej\u015bcia<\/h2>\n\n\n\n<p class=\"wp-block-paragraph\">Jak ju\u017c pisali\u015bmy, zielony szlak w Dolinie Ko\u015bcieliskiej to po prostu trasa spacerowa, nie stawiaj\u0105ca przed turystami \u017cadnych trudno\u015bci. Od wej\u015bcia do TPN w Kirach do schroniska PTTK na Hali Ornak ma 5,5 km. Pokonanie tego dystansu spokojnym tempem zajmuje oko\u0142o 1,5 godziny. Droga jest tak wygodna, \u017ce mo\u017cna j\u0105 pokona\u0107 w ramach treningu biegowego i w\u00f3wczas dotarcie do schroniska razem z powrotem i kr\u00f3tkim postojem na podziwianie widok\u00f3w zajmie zapewne mniej wi\u0119cej tyle samo. R\u00f3\u017cnica wysoko\u015bci pomi\u0119dzy startem a schroniskiem to nieco ponad 250 m, wi\u0119c szlak wydaje si\u0119 niemal p\u0142aski.<\/p>\n\n\n\n<p class=\"wp-block-paragraph\">Wytrawnym bywalcom Tatr zapewne tak \u0142atwa trasa nie wyda si\u0119 szczeg\u00f3lnie kusz\u0105ca. Dzi\u0119ki temu jednak, osoby, dla kt\u00f3rych z tych czy innych powod\u00f3w wysokog\u00f3rskie szlaki s\u0105 niedost\u0119pne, mog\u0105 podziwia\u0107 pi\u0119kno Tatr z bliska.<\/p>\n\n\n\n<p class=\"wp-block-paragraph\"><\/p>\n\n\n<div class=\"wp-block-image\">\n<figure class=\"aligncenter size-full\"><img loading=\"lazy\" decoding=\"async\" width=\"600\" height=\"900\" src=\"https:\/\/8a.pl\/8academy\/wp-content\/uploads\/2024\/09\/Tatry_Dolina_Koscieliska_dron_1.jpg\" alt=\"Dolina Ko\u015bcieliska w ca\u0142ej okaza\u0142o\u015bci. Na dole Kiry i najwi\u0119ksza w dolinie polana, a na horyzoncie szczyty Tatr Zachodnich.\" class=\"wp-image-71975\" srcset=\"https:\/\/8a.pl\/8academy\/wp-content\/uploads\/2024\/09\/Tatry_Dolina_Koscieliska_dron_1.jpg 600w, https:\/\/8a.pl\/8academy\/wp-content\/uploads\/2024\/09\/Tatry_Dolina_Koscieliska_dron_1-200x300.jpg 200w\" sizes=\"(max-width: 600px) 100vw, 600px\" \/><figcaption class=\"wp-element-caption\">Dolina Ko\u015bcieliska w ca\u0142ej okaza\u0142o\u015bci. Na dole Kiry i najwi\u0119ksza w dolinie polana, a na horyzoncie szczyty Tatr Zachodnich. (fot. Wikimedia Commons)<\/figcaption><\/figure>\n<\/div>\n\n\n<h2 class=\"wp-block-heading\" id=\"h-schronisko-w-dolinie-koscieliskiej\">Schronisko w Dolinie Ko\u015bcieliskiej<\/h2>\n\n\n\n<p class=\"wp-block-paragraph\">Dolina Ko\u015bcieliska by\u0142a cz\u0119stym celem w\u0119dr\u00f3wek od samych pocz\u0105tk\u00f3w turystycznej eksploracji Tatr. To oczywi\u015bcie spowodowa\u0142o, \u017ce powstawa\u0142y tam schroniska. U\u017cywamy liczby mnogiej, bo by\u0142o ich kilka. O schronisku na Hali Pisanej, w \u015brodkowej cz\u0119\u015bci doliny, wspomnieli\u015bmy powy\u017cej. Drugie, r\u00f3wnie\u017c ju\u017c nieistniej\u0105ce, sta\u0142o w g\u00f3rnej cz\u0119\u015bci Doliny Ko\u015bcieliskiej, w Dolinie Pysznia\u0144skiej. Na pocz\u0105tku XX wieku, w czasach, kiedy narciarstwo w Tatrach zyskiwa\u0142o gwa\u0142townie popularno\u015b\u0107, schronisko na Hali Pysznej sta\u0142o si\u0119 mekk\u0105 wielbicieli dw\u00f3ch desek. Polskie Towarzystwo Tatrza\u0144skie mimo ogromnych problem\u00f3w ci\u0105gle utrzymywa\u0142o i remontowa\u0142o budynek. Zapewne dotrwa\u0142by do dzisiaj, gdyby nie sp\u0142on\u0105\u0142 trafiony pociskiem w czasie wojny. Jeszcze wcze\u015bniej, do po\u0142owy lat 20. ubieg\u0142ego stulecia na polanie Stare Ko\u015bcielisko sta\u0142a tzw. Gospoda Zamoyskiego, pe\u0142ni\u0105ca mi\u0119dzy innymi rol\u0119 schroniska turystycznego.<\/p>\n\n\n\n<p class=\"wp-block-paragraph\">Po wojnie zdecydowano, \u017ce schronisko zostanie odbudowane, ale nieco ni\u017cej. Nie na Hali Pysznej, ale na Hali Ornak. Dzi\u015b po Hali Ornak pozosta\u0142y jedynie niewielkie polanki, bo wypasu \u2013 a wi\u0119c utrzymywania jej w niezalesionym stanie \u2013 zaprzestano w latach 50. PTTK sfinansowa\u0142o wi\u0119c wybudowanie obszernego schroniska, kt\u00f3re otwarte w 1948 roku powoli przej\u0119\u0142o ca\u0142y ruch turystyczny w dolinie. Dzi\u015b, po efektownej likwidacji schroniska na Hali Pisanej, jest jedyny tego typu obiektem w Dolinie Ko\u015bcieliskiej.<\/p>\n\n\n\n<h2 class=\"wp-block-heading\" id=\"h-atrakcje-doliny-koscieliskiej\">Atrakcje Doliny Ko\u015bcieliskiej<\/h2>\n\n\n\n<p class=\"wp-block-paragraph\">Dolina Ko\u015bcieliska jest sama w sobie atrakcj\u0105. Rozleg\u0142e polany, efektowne formacje skalne, potok Ko\u015bcieliski i g\u00f3ruj\u0105ce nad ni\u0105 dwutysi\u0119czniki dostarczaj\u0105 wystarczaj\u0105co wra\u017ce\u0144. Id\u0105c zielonym szlakiem warto jednak zboczy\u0107 z niego czasem na chwil\u0119, bo Dolina Ko\u015bcieliska jest pe\u0142na niezwyk\u0142ych miejsc.<\/p>\n\n\n\n<p class=\"wp-block-paragraph\">Id\u0105c w g\u00f3r\u0119 doliny, zaraz po wej\u015bciu w las nad Polan\u0105 Pisan\u0105, w lewo odchodz\u0105 \u017c\u00f3\u0142te znaki. To kr\u00f3tka trasa przez doln\u0105 cz\u0119\u015b\u0107 W\u0105wozu Krak\u00f3w. Dla ruchu turystycznego udost\u0119pniona jest tylko niewielka cz\u0119\u015b\u0107 \u2013 zaledwie 1300 metr\u00f3w. To efektowna, w\u0105ska i kamienista \u015bcie\u017cka wij\u0105ca si\u0119 pomi\u0119dzy stromymi ska\u0142ami. Nazwa wzi\u0119\u0142a si\u0119 od podobie\u0144stwa do w\u0105skich uliczek krakowskiego Starego Miasta. St\u0105d w W\u0105wozie Krak\u00f3w znajdziecie Ratusz, Baszt\u0119, Rynek czy Smocz\u0105 Jam\u0119, czyli niewielk\u0105 jaskini\u0119 \u2013 tunel, przez kt\u00f3r\u0105 przechodzi \u017c\u00f3\u0142ty szlak.<\/p>\n\n\n\n<p class=\"wp-block-paragraph\"><strong>Przeczytaj te\u017c:<\/strong><\/p>\n\n\n\n<ul class=\"wp-block-list\">\n<li><strong><a href=\"https:\/\/8a.pl\/8academy\/dolina-pieciu-stawow-polskich-szlaki\/\">Dolina Pi\u0119ciu Staw\u00f3w Polskich \u2013 szlaki<\/a><\/strong><\/li>\n\n\n\n<li><strong><a href=\"https:\/\/8a.pl\/8academy\/wielka-siklawa-wodogrzmoty-mickiewicza-siklawica-i-inne-wodospady-w-tatrach\/\">Wielka Siklawa, Wodogrzmoty Mickiewicza, Siklawica i inne wodospady w Tatrach<\/a><\/strong><\/li>\n<\/ul>\n\n\n\n<hr class=\"wp-block-separator has-text-color has-cyan-bluish-gray-color has-alpha-channel-opacity has-cyan-bluish-gray-background-color has-background\"\/>\n\n\n\n<p class=\"wp-block-paragraph\"><\/p>\n\n\n<div class=\"wp-block-image\">\n<figure class=\"aligncenter size-full\"><img loading=\"lazy\" decoding=\"async\" width=\"600\" height=\"900\" src=\"https:\/\/8a.pl\/8academy\/wp-content\/uploads\/2024\/09\/AdobeStock_468973873.jpeg\" alt=\"W\u0105w\u00f3z Krak\u00f3w, czyli kr\u0119ta \u015bcie\u017cka najprawdziwszym skalnym kanionem.\" class=\"wp-image-71976\" srcset=\"https:\/\/8a.pl\/8academy\/wp-content\/uploads\/2024\/09\/AdobeStock_468973873.jpeg 600w, https:\/\/8a.pl\/8academy\/wp-content\/uploads\/2024\/09\/AdobeStock_468973873-200x300.jpeg 200w\" sizes=\"(max-width: 600px) 100vw, 600px\" \/><figcaption class=\"wp-element-caption\">W\u0105w\u00f3z Krak\u00f3w, czyli kr\u0119ta \u015bcie\u017cka najprawdziwszym skalnym kanionem. (fot. Adobe Stock)<\/figcaption><\/figure>\n<\/div>\n\n\n<h3 class=\"wp-block-heading\" id=\"h-jaskinie-w-dolinie-koscieliskiej\">Jaskinie w Dolinie Ko\u015bcieliskiej<\/h3>\n\n\n\n<p class=\"wp-block-paragraph\">W ca\u0142ych Tatrach skatalogowano dotychczas ponad 850 jaski\u0144. Ponad po\u0142owa z nich znajduje si\u0119 w Dolinie Ko\u015bcieliskiej i jej odnogach \u2013 Dolinie Mi\u0119tusiej i W\u0105wozie Krak\u00f3w. Tylko \u2013 lub a\u017c &#8211; pi\u0119\u0107 z nich jest udost\u0119pnionych dla turyst\u00f3w. Maj\u0105c zamiar odwiedzi\u0107 jaskinie trzeba pami\u0119ta\u0107 o kilku kwestiach. Po pierwsze \u2013 ca\u0142y rok panuje w nich sta\u0142a temperatura ok.6-7 stopni. Latem warto wi\u0119c wzi\u0105\u0107 ze sob\u0105 dodatkowe ubranie. Po drugie \u2013 \u017caden eksplorator jaski\u0144 nie rozstaje si\u0119 z czo\u0142\u00f3wk\u0105. Tatrza\u0144skie jaskinie nie s\u0105 o\u015bwietlone, wi\u0119c bez w\u0142asnego \u017ar\u00f3d\u0142a \u015bwiat\u0142a ani rusz. Po trzecie wreszcie \u2013 w jaskiniach, a nawet w ich pobli\u017cu nie ma zasi\u0119gu telefonii kom\u00f3rkowej. Bilety wst\u0119pu lepiej kupi\u0107 online zanim wyruszy si\u0119 na wycieczk\u0119.<\/p>\n\n\n\n<h3 class=\"wp-block-heading\" id=\"h-jaskinie-udostepnione-do-zwiedzania\">Jaskinie udost\u0119pnione do zwiedzania<\/h3>\n\n\n\n<ul class=\"wp-block-list\">\n<li><strong>Jaskinia Mro\u017ana<\/strong><br>Ma 773 metry d\u0142ugo\u015bci, prowadzi przez ni\u0105 jednokierunkowy, czarny szlak turystyczny. Mo\u017cna j\u0105 odwiedza\u0107 od ko\u0144ca kwietnia do ko\u0144ca pa\u017adziernika, a wst\u0119p jest p\u0142atny. To najd\u0142u\u017csza dost\u0119pna dla turyst\u00f3w jaskinia w Tatrach.<br><\/li>\n\n\n\n<li><strong>Jaskinia Raptawicka<br><\/strong>Do tej i dw\u00f3ch kolejnych jaski\u0144, prowadzi to samo odej\u015bcie czerwonego i czarnego szlaku, ok. 100 m za odej\u015bciem \u017c\u00f3\u0142tych znak\u00f3w do W\u0105wozu Krak\u00f3w. Do Jaskini Raptawickiej prowadz\u0105 czarne znaki. Wej\u015bcie to studnia z drabink\u0105 prowadz\u0105ca do obszernej komory. Ca\u0142o\u015b\u0107 ma 560 metr\u00f3w d\u0142ugo\u015bci.<br><\/li>\n\n\n\n<li><strong>Jaskinia Ob\u0142azkowa<br><\/strong>214-metrowa jaskinia u podn\u00f3\u017cy Raptawickiej Turni. Wej\u015bcie do niej znajdziecie id\u0105c czerwonym szlakiem do Jaskini Mylnej. Jest udost\u0119pniona do samodzielnego zwiedzania przez ca\u0142y rok.<br><\/li>\n\n\n\n<li><strong>Jaskinia Mylna<br><\/strong>Ca\u0142o\u015b\u0107 ma ponad 1600 m d\u0142ugo\u015bci, ale trasa turystyczna (szlak czerwony) pokonuje tylko 300-metrowy odcinek. Nazwa celnie oddaje skomplikowanie sytemu korytarzy, gdzie \u0142atwo si\u0119 pomyli\u0107 i zab\u0142\u0105dzi\u0107. Najatrakcyjniejszym punktem s\u0105 tzw. Okna Pawlikowskiego. To otwory skalne, przez kt\u00f3re mo\u017cna podziwia\u0107 widok na Dolin\u0119 Ko\u015bcielisk\u0105 i mi\u0119dzy innymi najwy\u017cszy szczyt Tatr Zachodnich \u2013 Bystr\u0105 (2248 m n.p.m.). Jaskinia Mylna jest chyba najbli\u017csza temu co macie przed oczami my\u015bl\u0105c o speleologii. W kilku miejscach b\u0119dziecie przeciska\u0107 si\u0119 w\u0105skimi korytarzami, a inne mo\u017cna pokona\u0107 tylko na czworaka. Warto zabra\u0107 tam ze sob\u0105 kask wspinaczkowy.<br><\/li>\n\n\n\n<li><strong>Smocza Jama<\/strong><br>Wzmiankowany ju\u017c 45-metrowy tunel, b\u0119d\u0105cy pozosta\u0142o\u015bci\u0105 po wi\u0119kszej jaskini, kt\u00f3ra po zawaleniu si\u0119 stropu sta\u0142a si\u0119 pierwsz\u0105 cz\u0119\u015bci\u0105 W\u0105wozu Krak\u00f3w.<\/li>\n<\/ul>\n\n\n\n<p class=\"wp-block-paragraph\"><\/p>\n\n\n<div class=\"wp-block-image\">\n<figure class=\"aligncenter size-full\"><img loading=\"lazy\" decoding=\"async\" width=\"600\" height=\"900\" src=\"https:\/\/8a.pl\/8academy\/wp-content\/uploads\/2024\/09\/AdobeStock_140788584.jpeg\" alt=\"Okno Pawlikowskiego w Jaskini Mylnej - zdj\u0119cie w tym miejscu jest obowi\u0105zkowe.\" class=\"wp-image-71977\" srcset=\"https:\/\/8a.pl\/8academy\/wp-content\/uploads\/2024\/09\/AdobeStock_140788584.jpeg 600w, https:\/\/8a.pl\/8academy\/wp-content\/uploads\/2024\/09\/AdobeStock_140788584-200x300.jpeg 200w\" sizes=\"(max-width: 600px) 100vw, 600px\" \/><figcaption class=\"wp-element-caption\">Okno Pawlikowskiego w Jaskini Mylnej &#8211; zdj\u0119cie w tym miejscu jest obowi\u0105zkowe. (fot. Grzegorz Koperkiewicz \/ Adobe Stock)<\/figcaption><\/figure>\n<\/div>\n\n\n<h3 class=\"wp-block-heading\" id=\"h-dolina-koscieliska-krokusy\">Dolina Ko\u015bcieliska &#8211; krokusy<\/h3>\n\n\n\n<p class=\"wp-block-paragraph\">Wiosn\u0105, kiedy w Tatrach pojawiaj\u0105 si\u0119 krokusy, niemal wszyscy kieruj\u0105 si\u0119 do Doliny Chocho\u0142owskiej. Jak unikn\u0105\u0107 t\u0142um\u00f3w a jednocze\u015bnie m\u00f3c podziwia\u0107 ulotne pi\u0119kno tych kwiat\u00f3w? Dolina Chocho\u0142owska, chocia\u017c najpopularniejsza, je\u015bli chodzi o \u201ekrokusowe safari\u201d oczywi\u015bcie nie jest jedynym miejscem gdzie pojawia si\u0119 fioletowy dywan. Krokusy ca\u0142kiem obficie pojawiaj\u0105 si\u0119 bowiem r\u00f3wnie\u017c w Dolinie Ko\u015bcieliskiej. Niew\u0105tpliw\u0105 zalet\u0105 jest to, \u017ce w tej drugiej nie b\u0119dzie takich t\u0142um\u00f3w.<\/p>\n\n\n\n<p class=\"wp-block-paragraph\">Niebawem mo\u017ce si\u0119 zreszt\u0105 niestety okaza\u0107, \u017ce krokusy w \u017cadnej z tatrza\u0144skich dolin nie b\u0119d\u0105 si\u0119 pojawia\u0142y ju\u017c tak obficie. Co roku bowiem obok efektownych zdj\u0119\u0107 internet pe\u0142en jest informacji o nieodpowiedzialnym zachowaniu \u201eturyst\u00f3w\u201d za nic maj\u0105cych regu\u0142y poruszania si\u0119 po parku narodowym, &nbsp;depcz\u0105cych czy zrywaj\u0105cych krokusy. Fioletowe wiosenne \u0142\u0105ki w Tatrach pojawiaj\u0105 si\u0119 w\u0142a\u015bnie dlatego, \u017ce przyroda jest tam chronione. Bez tego zgin\u0105.<\/p>\n\n\n\n<h2 class=\"wp-block-heading\" id=\"h-dolina-koscieliska-z-dzieckiem-z-wozkiem-czy-z-nosidelkiem\">Dolina Ko\u015bcieliska z dzieckiem &#8211; z w\u00f3zkiem czy z noside\u0142kiem?<\/h2>\n\n\n\n<p class=\"wp-block-paragraph\">Zielony szlak do schroniska na Hali Ornak mo\u017cna pod wzgl\u0119dem trudno\u015bci por\u00f3wna\u0107 tylko do asfaltowej drogi prowadz\u0105cej z Palenicy Bia\u0142cza\u0144skiej nad Morskie Oko. S\u0142owem \u2013 jest niemal idealnie r\u00f3wno. Pokonanie tej trasy z w\u00f3zkiem dzieci\u0119cy jest wi\u0119c najzupe\u0142niej mo\u017cliwe. Trzeba tylko pami\u0119ta\u0107, \u017ce droga nie jest asfaltowa. Im wi\u0119ksze k\u00f3\u0142ka w w\u00f3zku, tym \u0142atwiej b\u0119dzie dotrze\u0107 do schroniska.<\/p>\n\n\n\n<p class=\"wp-block-paragraph\">Noside\u0142ko jest r\u00f3wnie dobrym rozwi\u0105zaniem, pod warunkiem, \u017ce mamy si\u0142y d\u017awiga\u0107 je przez ca\u0142y dystans na plecach. Zielony szlak w Dolinie Ko\u015bcieliskiej jest jednak na tyle \u0142atwy, \u017ce macie spor\u0105 szans\u0119, \u017ce wasza pociecha cz\u0119\u015b\u0107 trasy pokona na w\u0142asnych nogach.<\/p>\n\n\n\n<h2 class=\"wp-block-heading\" id=\"h-dolina-koscieliska-z-psem\">Dolina Ko\u015bcieliska z psem<\/h2>\n\n\n\n<p class=\"wp-block-paragraph\">W\u0142a\u015bciciele czworonog\u00f3w cz\u0119sto poszukuj\u0105 w sieci informacji o tym, czy na konkretny szlak mog\u0105 wybra\u0107 si\u0119 ze swoim psem. Trzeba jednak pami\u0119ta\u0107, \u017ce wiarygodnych i aktualnych informacji je\u015bli chodzi o wprowadzanie zwierz\u0105t na tatrza\u0144skie szlaki najlepiej szuka\u0107 na stronach TPN. Tam znajdziecie kr\u00f3tk\u0105 i zwi\u0119z\u0142\u0105 odpowied\u017a: \u201eW&nbsp;Tatrza\u0144skim Parku Narodowym obowi\u0105zuje zakaz wprowadzania ps\u00f3w.\u201d To wystarczy za ca\u0142\u0105 odpowied\u017a. Wyj\u0105tkiem jest Dolina Chocho\u0142owska, kt\u00f3rej teren nie jest w\u0142asno\u015bci\u0105 parku, a jej dno jest obj\u0119te ochron\u0105 krajobrazow\u0105, a nie \u015bcis\u0142\u0105. To jedyny tatrza\u0144ski szlak dost\u0119pny do spacer\u00f3w z psami.<\/p>\n\n\n\n<p class=\"wp-block-paragraph\">Dla jasno\u015bci zatem \u2013 do Doliny Ko\u015bcieliskiej nie wolno wchodzi\u0107 z psem. Nawet je\u015bli mie\u015bci si\u0119 w kieszeni kurtki i nawet je\u015bli jest najpos\u0142uszniejszym psem \u015bwiata. Zakaz nie dotyczy ps\u00f3w pasterskich, ps\u00f3w asystuj\u0105cych osobom z niepe\u0142nosprawno\u015bciami i ps\u00f3w ratowniczych. Wszyscy pozostali nasi czworono\u017cni przyjaciele i przyjaci\u00f3\u0142ki nie mog\u0105 wchodzi\u0107 do Doliny Ko\u015bcieliskiej.<\/p>\n\n\n\n<p class=\"wp-block-paragraph\"><\/p>\n\n\n<div class=\"wp-block-image\">\n<figure class=\"aligncenter size-full\"><img loading=\"lazy\" decoding=\"async\" width=\"600\" height=\"900\" src=\"https:\/\/8a.pl\/8academy\/wp-content\/uploads\/2024\/09\/AdobeStock_61220482.jpeg\" alt=\"Wygodna i szeroka droga dnem Doliny Ko\u015bcieliskiej nie jest niestety dost\u0119pna dla rowerzyst\u00f3w ani spaceruj\u0105cych z psami.\" class=\"wp-image-71978\" srcset=\"https:\/\/8a.pl\/8academy\/wp-content\/uploads\/2024\/09\/AdobeStock_61220482.jpeg 600w, https:\/\/8a.pl\/8academy\/wp-content\/uploads\/2024\/09\/AdobeStock_61220482-200x300.jpeg 200w\" sizes=\"(max-width: 600px) 100vw, 600px\" \/><figcaption class=\"wp-element-caption\">Wygodna i szeroka droga dnem Doliny Ko\u015bcieliskiej nie jest niestety dost\u0119pna dla rowerzyst\u00f3w ani spaceruj\u0105cych z psami. (fot. Wikimedia Commons)<\/figcaption><\/figure>\n<\/div>\n\n\n<h2 class=\"wp-block-heading\" id=\"h-dolina-koscieliska-rowerem\">Dolina Ko\u015bcieliska rowerem<\/h2>\n\n\n\n<p class=\"wp-block-paragraph\">Szeroka i dobrze utwardzona droga, brak stromych fragment\u00f3w, pi\u0119kne widoki \u2013 brzmi jak scenariusz idealnej wycieczki rowerowej. I tu musimy was rozczarowa\u0107. Szlak w Dolinie Ko\u015bcieliskiej (jak zreszt\u0105 niemal wszystkie szlaki w Tatrach) nie s\u0105 otwarte dla ruchu rowerowego. Chodzi nie tyle o ochron\u0119 przyrody (jak w przypadku ps\u00f3w), ale o bezpiecze\u0144stwo turyst\u00f3w pieszych. Mimo, \u017ce zielony szlak wydaje si\u0119 wr\u0119cz wymarzon\u0105 \u015bcie\u017ck\u0105 rowerow\u0105, dopuszczenie na nim takiego ruchu by\u0142oby po prostu niebezpieczne. Bywa bowiem bardzo zat\u0142oczony, niemal jak nadmorska promenada w szczycie sezonu.<\/p>\n\n\n\n<h2 class=\"wp-block-heading\" id=\"h-dolina-koscieliska-zima\">Dolina Ko\u015bcieliska zim\u0105<\/h2>\n\n\n\n<p class=\"wp-block-paragraph\">Tatry w zimowej szacie to widok, kt\u00f3ry jest r\u00f3wnocze\u015bnie pi\u0119kny i z\u0142owrogi. Granie wydaj\u0105 si\u0119 jakby surowsze, ale z drugiej strony l\u015bni\u0105 w s\u0142o\u0144cu jak o \u017cadnej innej porze roku. Zimowy spacer Dolin\u0105 Ko\u015bcielisk\u0105 nie wymaga miesi\u0119cy przygotowa\u0144 i specjalistycznego sprz\u0119tu. Droga jest niemal zawsze przetarta. Do Polany Pisanej je\u017cd\u017c\u0105 ni\u0105 po \u015bniegu kuligi, bo g\u00f3ralskie sanie zast\u0119puj\u0105 zim\u0105 doro\u017cki.<\/p>\n\n\n\n<p class=\"wp-block-paragraph\">Nie trzeba zabiera\u0107 czekana i rak\u00f3w, ale nie oznacza to te\u017c, \u017ce mo\u017cna si\u0119 tam wybra\u0107 &#8211; jak niekt\u00f3rzy &#8211; w zwyk\u0142ych miejskich butach. Warto mie\u0107 obuwie z nieco utwardzon\u0105 podeszw\u0105, a co najwa\u017cniejsze, z odpowiednim bie\u017cnikiem. Zdarza si\u0119 te\u017c, \u017ce zmarzni\u0119ty i ubity \u015bnieg zamienia si\u0119 w l\u00f3d, i w\u00f3wczas naj\u0142atwiej i najbezpieczniej jest porusza\u0107 si\u0119 w raczkach zak\u0142adanych na buty trekkingowe.<\/p>\n\n\n\n<p class=\"wp-block-paragraph\"><\/p>\n\n\n<div class=\"wp-block-image\">\n<figure class=\"aligncenter size-full\"><img loading=\"lazy\" decoding=\"async\" width=\"600\" height=\"900\" src=\"https:\/\/8a.pl\/8academy\/wp-content\/uploads\/2024\/09\/AdobeStock_283198572.jpeg\" alt=\"Zielony szlak do schroniska na Hali Ornak w Dolinie Ko\u015bcieliskiej nie r\u00f3\u017cni si\u0119 zim\u0105 wiele od spaceru parkow\u0105 alejk\u0105.\" class=\"wp-image-71979\" srcset=\"https:\/\/8a.pl\/8academy\/wp-content\/uploads\/2024\/09\/AdobeStock_283198572.jpeg 600w, https:\/\/8a.pl\/8academy\/wp-content\/uploads\/2024\/09\/AdobeStock_283198572-200x300.jpeg 200w\" sizes=\"(max-width: 600px) 100vw, 600px\" \/><figcaption class=\"wp-element-caption\">Zielony szlak do schroniska na Hali Ornak w Dolinie Ko\u015bcieliskiej nie r\u00f3\u017cni si\u0119 zim\u0105 wiele od spaceru parkow\u0105 alejk\u0105. (fot. Adobe Stock)<\/figcaption><\/figure>\n<\/div>\n\n\n<h2 class=\"wp-block-heading\" id=\"h-dolina-koscieliska-jak-dojechac\">Dolina Ko\u015bcieliska &#8211; jak dojecha\u0107?<\/h2>\n\n\n\n<p class=\"wp-block-paragraph\">Wylot Doliny Ko\u015bcieliskiej znajduje si\u0119 w Kirach, kt\u00f3re z kolei s\u0105 cz\u0119\u015bci\u0105 wsi Ko\u015bcielisko. Je\u015bli jedziecie w\u0142asnym samochodem, najwygodniej jest dotrze\u0107 tam zje\u017cd\u017caj\u0105c w Rabce z Zakopianki na drog\u0119 958. Unikniecie w ten spos\u00f3b frustruj\u0105cych kork\u00f3w przed Zakopanem i przejazdu przez ca\u0142e miasto.<\/p>\n\n\n\n<p class=\"wp-block-paragraph\">Komunikacja publiczna do tego miejsca jest bardzo sprawna. Spod dworca kolejowego w Zakopanem co chwil\u0119 odje\u017cd\u017caj\u0105 busy do Ko\u015bcieliska. Zatrzymuj\u0105 si\u0119 w Kirach, tu\u017c przy wej\u015bciu do Doliny Ko\u015bcieliskiej.<\/p>\n\n\n\n<h2 class=\"wp-block-heading\" id=\"h-gdzie-zaparkowac-przy-dolinie-koscieliskiej\">Gdzie zaparkowa\u0107 przy Dolinie Ko\u015bcieliskiej?<\/h2>\n\n\n\n<p class=\"wp-block-paragraph\">Przy wej\u015bciu do Doliny Ko\u015bcieliskiej znajdziecie kilka parking\u00f3w. Najmniejszy jest parking TPN. Opr\u00f3cz niego, w pobli\u017cu wej\u015bcia do doliny znajdziecie kilka innych, prywatnych parking\u00f3w. Ceny potrafi\u0105 r\u00f3\u017cni\u0107 si\u0119 znacz\u0105co, nawet dwukrotnie, wi\u0119c lepiej po\u015bwi\u0119ci\u0107 chwil\u0119 na ich sprawdzenie. Miejsc parkingowych w okolicy jest jednak na tyle du\u017co, \u017ce nie powinni\u015bcie mie\u0107 problemu ze znalezieniem miejsca nawet w szczycie sezonu wakacyjnego.<\/p>\n\n\n\n<h2 class=\"wp-block-heading\" id=\"h-dolina-koscieliska-bilety\">Dolina Ko\u015bcieliska bilety<\/h2>\n\n\n\n<p class=\"wp-block-paragraph\">Przy wej\u015bciu do Doliny Ko\u015bcieliskiej znajduje si\u0119 kasa TPN. Bilety, kt\u00f3re trzeba tam przed wej\u015bciem na teren parku zakupi\u0107 obowi\u0105zuj\u0105 nie tylko w dolinie, ale w ca\u0142ym parku. Nie s\u0105 to zatem bilety do Doliny Ko\u015bcieliskiej, ale do Tatrza\u0144skiego Parku Narodowego. Jednodniowy bilet kosztuje 10 z\u0142 (ulgowy po\u0142ow\u0119 \u2013 5 z\u0142).<\/p>\n\n\n\n<p class=\"wp-block-paragraph\">&nbsp;<\/p>\n\n\n\n<p class=\"wp-block-paragraph\"><\/p>\n","protected":false},"excerpt":{"rendered":"<p>Dolina Ko\u015bcieliska to jeden z najpi\u0119kniejszych, a r\u00f3wnocze\u015bnie \u0142atwo dost\u0119pny zak\u0105tek Tatr. Jest drog\u0105 do serca Tatr Zachodnich, sk\u0105d ich najwy\u017csze szczyty b\u0119d\u0105 niemal na wyci\u0105gni\u0119cie r\u0119ki.<\/p>\n","protected":false},"author":7,"featured_media":71964,"comment_status":"closed","ping_status":"closed","sticky":false,"template":"","format":"standard","meta":{"_acf_changed":false,"_uf_show_specific_survey":0,"_uf_disable_surveys":false,"footnotes":""},"categories":[26070],"tags":[26104,26077,26085],"class_list":["post-71959","post","type-post","status-publish","format-standard","has-post-thumbnail","hentry","category-turystyka-trekking","tag-caloroczne","tag-przewodnik","tag-trekking"],"acf":[],"yoast_head":"<!-- This site is optimized with the Yoast SEO Premium plugin v23.4 (Yoast SEO v25.5) - https:\/\/yoast.com\/wordpress\/plugins\/seo\/ -->\n<title>Dolina Ko\u015bcieliska - szlaki i atrakcje - 8academy.pl - portal g\u00f3rski i wspinaczkowy dla aktywnych<\/title>\n<meta name=\"robots\" content=\"index, follow, max-snippet:-1, max-image-preview:large, max-video-preview:-1\" \/>\n<link rel=\"canonical\" href=\"http:\/\/8a.pl\/8academy\/dolina-koscieliska-szlaki-i-atrakcje\/\" \/>\n<meta property=\"og:locale\" content=\"pl_PL\" \/>\n<meta property=\"og:type\" content=\"article\" \/>\n<meta property=\"og:title\" content=\"Dolina Ko\u015bcieliska - szlaki i atrakcje\" \/>\n<meta property=\"og:description\" content=\"Dolina Ko\u015bcieliska to jeden z najpi\u0119kniejszych, a r\u00f3wnocze\u015bnie \u0142atwo dost\u0119pny zak\u0105tek Tatr. Jest drog\u0105 do serca Tatr Zachodnich, sk\u0105d ich najwy\u017csze szczyty b\u0119d\u0105 niemal na wyci\u0105gni\u0119cie r\u0119ki.\" \/>\n<meta property=\"og:url\" content=\"http:\/\/8a.pl\/8academy\/dolina-koscieliska-szlaki-i-atrakcje\/\" \/>\n<meta property=\"og:site_name\" content=\"8academy.pl - portal g\u00f3rski i wspinaczkowy dla aktywnych\" \/>\n<meta property=\"article:publisher\" content=\"https:\/\/pl-pl.facebook.com\/sklep8apl\/\" \/>\n<meta property=\"article:published_time\" content=\"2024-09-12T20:24:00+00:00\" \/>\n<meta property=\"article:modified_time\" content=\"2024-09-12T20:24:20+00:00\" \/>\n<meta property=\"og:image\" content=\"http:\/\/8a.pl\/8academy\/wp-content\/uploads\/2024\/09\/cover-3.jpg\" \/>\n\t<meta property=\"og:image:width\" content=\"2000\" \/>\n\t<meta property=\"og:image:height\" content=\"1460\" \/>\n\t<meta property=\"og:image:type\" content=\"image\/jpeg\" \/>\n<meta name=\"author\" content=\"Redakcja 8Academy\" \/>\n<meta name=\"twitter:card\" content=\"summary_large_image\" \/>\n<meta name=\"twitter:label1\" content=\"Napisane przez\" \/>\n\t<meta name=\"twitter:data1\" content=\"Redakcja 8Academy\" \/>\n\t<meta name=\"twitter:label2\" content=\"Szacowany czas czytania\" \/>\n\t<meta name=\"twitter:data2\" content=\"19 minut\" \/>\n<!-- \/ Yoast SEO Premium plugin. -->","yoast_head_json":{"title":"Dolina Ko\u015bcieliska - szlaki i atrakcje - 8academy.pl - portal g\u00f3rski i wspinaczkowy dla aktywnych","robots":{"index":"index","follow":"follow","max-snippet":"max-snippet:-1","max-image-preview":"max-image-preview:large","max-video-preview":"max-video-preview:-1"},"canonical":"http:\/\/8a.pl\/8academy\/dolina-koscieliska-szlaki-i-atrakcje\/","og_locale":"pl_PL","og_type":"article","og_title":"Dolina Ko\u015bcieliska - szlaki i atrakcje","og_description":"Dolina Ko\u015bcieliska to jeden z najpi\u0119kniejszych, a r\u00f3wnocze\u015bnie \u0142atwo dost\u0119pny zak\u0105tek Tatr. Jest drog\u0105 do serca Tatr Zachodnich, sk\u0105d ich najwy\u017csze szczyty b\u0119d\u0105 niemal na wyci\u0105gni\u0119cie r\u0119ki.","og_url":"http:\/\/8a.pl\/8academy\/dolina-koscieliska-szlaki-i-atrakcje\/","og_site_name":"8academy.pl - portal g\u00f3rski i wspinaczkowy dla aktywnych","article_publisher":"https:\/\/pl-pl.facebook.com\/sklep8apl\/","article_published_time":"2024-09-12T20:24:00+00:00","article_modified_time":"2024-09-12T20:24:20+00:00","og_image":[{"width":2000,"height":1460,"url":"http:\/\/8a.pl\/8academy\/wp-content\/uploads\/2024\/09\/cover-3.jpg","type":"image\/jpeg"}],"author":"Redakcja 8Academy","twitter_card":"summary_large_image","twitter_misc":{"Napisane przez":"Redakcja 8Academy","Szacowany czas czytania":"19 minut"},"schema":{"@context":"https:\/\/schema.org","@graph":[{"@type":"Article","@id":"http:\/\/8a.pl\/8academy\/dolina-koscieliska-szlaki-i-atrakcje\/#article","isPartOf":{"@id":"http:\/\/8a.pl\/8academy\/dolina-koscieliska-szlaki-i-atrakcje\/"},"author":{"name":"Redakcja 8Academy","@id":"https:\/\/8a.pl\/8academy\/#\/schema\/person\/2e392153a51786e6c3d5ede231b5d2a4"},"headline":"Dolina Ko\u015bcieliska &#8211; szlaki i atrakcje","datePublished":"2024-09-12T20:24:00+00:00","dateModified":"2024-09-12T20:24:20+00:00","mainEntityOfPage":{"@id":"http:\/\/8a.pl\/8academy\/dolina-koscieliska-szlaki-i-atrakcje\/"},"wordCount":3444,"publisher":{"@id":"https:\/\/8a.pl\/8academy\/#organization"},"image":{"@id":"http:\/\/8a.pl\/8academy\/dolina-koscieliska-szlaki-i-atrakcje\/#primaryimage"},"thumbnailUrl":"https:\/\/8a.pl\/8academy\/wp-content\/uploads\/2024\/09\/cover-3.jpg","keywords":["Ca\u0142oroczne","Przewodnik","Trekking"],"articleSection":["Turystyka \/ trekking"],"inLanguage":"pl-PL"},{"@type":"WebPage","@id":"http:\/\/8a.pl\/8academy\/dolina-koscieliska-szlaki-i-atrakcje\/","url":"http:\/\/8a.pl\/8academy\/dolina-koscieliska-szlaki-i-atrakcje\/","name":"Dolina Ko\u015bcieliska - szlaki i atrakcje - 8academy.pl - portal g\u00f3rski i wspinaczkowy dla aktywnych","isPartOf":{"@id":"https:\/\/8a.pl\/8academy\/#website"},"primaryImageOfPage":{"@id":"http:\/\/8a.pl\/8academy\/dolina-koscieliska-szlaki-i-atrakcje\/#primaryimage"},"image":{"@id":"http:\/\/8a.pl\/8academy\/dolina-koscieliska-szlaki-i-atrakcje\/#primaryimage"},"thumbnailUrl":"https:\/\/8a.pl\/8academy\/wp-content\/uploads\/2024\/09\/cover-3.jpg","datePublished":"2024-09-12T20:24:00+00:00","dateModified":"2024-09-12T20:24:20+00:00","breadcrumb":{"@id":"http:\/\/8a.pl\/8academy\/dolina-koscieliska-szlaki-i-atrakcje\/#breadcrumb"},"inLanguage":"pl-PL","potentialAction":[{"@type":"ReadAction","target":["http:\/\/8a.pl\/8academy\/dolina-koscieliska-szlaki-i-atrakcje\/"]}]},{"@type":"ImageObject","inLanguage":"pl-PL","@id":"http:\/\/8a.pl\/8academy\/dolina-koscieliska-szlaki-i-atrakcje\/#primaryimage","url":"https:\/\/8a.pl\/8academy\/wp-content\/uploads\/2024\/09\/cover-3.jpg","contentUrl":"https:\/\/8a.pl\/8academy\/wp-content\/uploads\/2024\/09\/cover-3.jpg","width":2000,"height":1460,"caption":"DCIM\/100MEDIA\/DJI_5622.JPG"},{"@type":"BreadcrumbList","@id":"http:\/\/8a.pl\/8academy\/dolina-koscieliska-szlaki-i-atrakcje\/#breadcrumb","itemListElement":[{"@type":"ListItem","position":1,"name":"Strona g\u0142\u00f3wna","item":"https:\/\/8a.pl\/8academy\/"},{"@type":"ListItem","position":2,"name":"Dolina Ko\u015bcieliska &#8211; szlaki i atrakcje"}]},{"@type":"WebSite","@id":"https:\/\/8a.pl\/8academy\/#website","url":"https:\/\/8a.pl\/8academy\/","name":"8academy.pl - portal g\u00f3rski i wspinaczkowy dla aktywnych","description":"8academy to portal g\u00f3rski o wspinaczce, trekkingu i skiturach. Znajdziesz tu porady, testy sprz\u0119tu i opisy najlepszych rejon\u00f3w. Inspirujemy zdobywc\u00f3w!","publisher":{"@id":"https:\/\/8a.pl\/8academy\/#organization"},"potentialAction":[{"@type":"SearchAction","target":{"@type":"EntryPoint","urlTemplate":"https:\/\/8a.pl\/8academy\/?s={search_term_string}"},"query-input":{"@type":"PropertyValueSpecification","valueRequired":true,"valueName":"search_term_string"}}],"inLanguage":"pl-PL"},{"@type":"Organization","@id":"https:\/\/8a.pl\/8academy\/#organization","name":"8academy.pl - portal g\u00f3rski i wspinaczkowy dla aktywnych","url":"https:\/\/8a.pl\/8academy\/","logo":{"@type":"ImageObject","inLanguage":"pl-PL","@id":"https:\/\/8a.pl\/8academy\/#\/schema\/logo\/image\/","url":"https:\/\/8a.pl\/8academy\/wp-content\/uploads\/2015\/11\/logo.png","contentUrl":"https:\/\/8a.pl\/8academy\/wp-content\/uploads\/2015\/11\/logo.png","width":438,"height":315,"caption":"8academy.pl - portal g\u00f3rski i wspinaczkowy dla aktywnych"},"image":{"@id":"https:\/\/8a.pl\/8academy\/#\/schema\/logo\/image\/"},"sameAs":["https:\/\/pl-pl.facebook.com\/sklep8apl\/","https:\/\/www.instagram.com\/8apl\/"]},{"@type":"Person","@id":"https:\/\/8a.pl\/8academy\/#\/schema\/person\/2e392153a51786e6c3d5ede231b5d2a4","name":"Redakcja 8Academy","image":{"@type":"ImageObject","inLanguage":"pl-PL","@id":"https:\/\/8a.pl\/8academy\/#\/schema\/person\/image\/","url":"https:\/\/8a.pl\/8academy\/wp-content\/uploads\/2017\/10\/logo_obrobione_2_150_59ICJ.jpg","contentUrl":"https:\/\/8a.pl\/8academy\/wp-content\/uploads\/2017\/10\/logo_obrobione_2_150_59ICJ.jpg","caption":"Redakcja 8Academy"},"url":"https:\/\/8a.pl\/8academy\/author\/redakcja\/"}]}},"_links":{"self":[{"href":"https:\/\/8a.pl\/8academy\/wp-json\/wp\/v2\/posts\/71959","targetHints":{"allow":["GET"]}}],"collection":[{"href":"https:\/\/8a.pl\/8academy\/wp-json\/wp\/v2\/posts"}],"about":[{"href":"https:\/\/8a.pl\/8academy\/wp-json\/wp\/v2\/types\/post"}],"author":[{"embeddable":true,"href":"https:\/\/8a.pl\/8academy\/wp-json\/wp\/v2\/users\/7"}],"replies":[{"embeddable":true,"href":"https:\/\/8a.pl\/8academy\/wp-json\/wp\/v2\/comments?post=71959"}],"version-history":[{"count":13,"href":"https:\/\/8a.pl\/8academy\/wp-json\/wp\/v2\/posts\/71959\/revisions"}],"predecessor-version":[{"id":71988,"href":"https:\/\/8a.pl\/8academy\/wp-json\/wp\/v2\/posts\/71959\/revisions\/71988"}],"wp:featuredmedia":[{"embeddable":true,"href":"https:\/\/8a.pl\/8academy\/wp-json\/wp\/v2\/media\/71964"}],"wp:attachment":[{"href":"https:\/\/8a.pl\/8academy\/wp-json\/wp\/v2\/media?parent=71959"}],"wp:term":[{"taxonomy":"category","embeddable":true,"href":"https:\/\/8a.pl\/8academy\/wp-json\/wp\/v2\/categories?post=71959"},{"taxonomy":"post_tag","embeddable":true,"href":"https:\/\/8a.pl\/8academy\/wp-json\/wp\/v2\/tags?post=71959"}],"curies":[{"name":"wp","href":"https:\/\/api.w.org\/{rel}","templated":true}]}}