{"id":6933,"date":"2016-10-06T08:51:28","date_gmt":"2016-10-06T06:51:28","guid":{"rendered":"http:\/\/8a.pl\/8academy\/?p=6933"},"modified":"2024-05-20T00:04:39","modified_gmt":"2024-05-19T22:04:39","slug":"k2-nowy-everest-czyli-o-komercjalizacji-slow","status":"publish","type":"post","link":"https:\/\/8a.pl\/8academy\/k2-nowy-everest-czyli-o-komercjalizacji-slow\/","title":{"rendered":"Czy K2 to nowy Everest? &#8211; czyli o komercjalizacji s\u0142\u00f3w kilka"},"content":{"rendered":"<p><span style=\"font-weight: 400;\">21 lipca tego roku pot\u0119\u017cna lawina na zboczach K2 pokrzy\u017cowa\u0142a plany wielu wypraw, w tym ekspedycji unifikacyjnej Polskiego Himalaizmu Zimowego. Celem naszej ekipy by\u0142o nie tylko zdobycie wierzcho\u0142ka, ale tak\u017ce rozpoznanie drogi \u017bebrem Abruzzi przed planowan\u0105 na prze\u0142om 2016\/2017 wypraw\u0105 na ten ostatni, nie zdobyty w warunkach zimowych, o\u015bmiotysi\u0119cznik <\/span><i><span style=\"font-weight: 400;\">[przypis red. &#8211; ostatecznie wyprawa nie odb\u0119dzie si\u0119 w planowanym terminie].<\/span><\/i><span style=\"font-weight: 400;\"> Lawina, kt\u00f3ra oberwa\u0142a si\u0119 ze stok\u00f3w powy\u017cej obozu trzeciego by\u0142a pot\u0119\u017cna, niszczy\u0142a wszystko co sta\u0142o na jej drodze. Ob\u00f3z trzeci stoj\u0105cy powy\u017cej Czarnej Piramidy zosta\u0142 dos\u0142ownie zmieciony z powierzchni ziemi. Szcz\u0119\u015bliwie nikogo wtedy w C3 nie by\u0142o, bo przecie\u017c mog\u0142o doj\u015b\u0107 do gigantycznej tragedii.<\/span><\/p>\n<p><span style=\"font-weight: 400;\">Od 2013 roku, kiedy to pierwsze komercyjne wyprawy ruszy\u0142y na podb\u00f3j szczytu, K2 sta\u0142o si\u0119 celem zainteresowa\u0144 agencji wyprawowych z Pakistanu i Nepalu, kt\u00f3re za niema\u0142e pieni\u0105dze wprowadzaj\u0105 na szczyt \u201eklient\u00f3w\u201d &#8211; turyst\u00f3w wysoko\u015bciowych. <\/span><\/p>\n<p><span style=\"font-weight: 400;\">Patrz\u0105c na zdj\u0119cie obozu trzeciego zrobione 17 lipca, czyli na par\u0119 dni zanim spad\u0142a lawina, w obozie sta\u0142y dziesi\u0105tki namiot\u00f3w. Jest to namacalny znak czas\u00f3w i komercjalizacji K2. W trakcie naszej wyprawy w roku 2014, a ju\u017c wtedy zaczyna\u0142y dzia\u0142a\u0107 na zboczach K2 komercyjne wyprawy, w tym miejscu sta\u0142y tylko trzy namioty! Teraz mieli\u015bmy ca\u0142e miasteczko, wniesione w zdecydowanej wi\u0119kszo\u015bci przez tragarzy. Ale czy K2 podzieli losy <a href=\"https:\/\/8a.pl\/8academy\/mount-everest-zdobyc-najwyzsza-gore-koronie-ziemi\/\" target=\"_blank\" rel=\"noopener noreferrer\">Mt. Everestu<\/a> i stanie si\u0119 boiskiem dzia\u0142alno\u015bci tzw. wypraw komercyjnych? \u00a0W tym sezonie \u015bwiatow\u0105 pras\u0119 obieg\u0142y tytu\u0142y, kt\u00f3re wr\u0119cz krzycza\u0142y \u201cK2 to nowy Everest.\u201d Na sezon 2016 wydano a\u017c 112 pozwole\u0144, czyli zdecydowanie wi\u0119cej ni\u017c kiedykolwiek wcze\u015bniej (dla przyk\u0142adu poprzedni rekord 60 pozwole\u0144 pad\u0142 w roku 2014, kiedy to przypada\u0142a sze\u015b\u0107dziesi\u0105t\u0105 rocznica zdobycia g\u00f3ry przez W\u0142och\u00f3w). To oczywi\u015bcie \u015bwiadczy o pewnym trendzie: agencje turystyczne zrobi\u0105 wiele, je\u015bli nie wszystko, aby na K2 zarobi\u0107 ogromne pieni\u0105dze, aby zapewni\u0107 elitarnym \u201eturystom\u201d zdobycie g\u00f3ry dzi\u0119ki tlenowi, opiece sherp\u00f3w i kompleksowemu serwisowi. Lecz K2 nigdy drugim Everestem nie b\u0119dzie. W sezonie 2014 na szczycie stan\u0119\u0142o ok. 30 wspinaczy\/turyst\u00f3w, na Evere\u015bcie ok. 500. To pokazuje r\u00f3\u017cnic\u0119, przepa\u015b\u0107, kt\u00f3ra niepr\u0119dko si\u0119 zmieni. Oczywi\u015bcie Everest jest najwy\u017csz\u0105 g\u00f3r\u0105 na Ziemi i nale\u017cy jej si\u0119 stosowny respekt, ale K2 to zupe\u0142nie inna historia&#8230;<\/span><\/p>\n<div id=\"attachment_6945\" style=\"width: 1010px\" class=\"wp-caption alignnone\"><img fetchpriority=\"high\" decoding=\"async\" aria-describedby=\"caption-attachment-6945\" class=\"wp-image-6945 size-full\" src=\"https:\/\/8a.pl\/8academy\/wp-content\/uploads\/2016\/10\/P1010151-3.jpg\" alt=\"Widok ze szczytu K2\" width=\"1000\" height=\"750\" srcset=\"https:\/\/8a.pl\/8academy\/wp-content\/uploads\/2016\/10\/P1010151-3.jpg 1000w, https:\/\/8a.pl\/8academy\/wp-content\/uploads\/2016\/10\/P1010151-3-300x225.jpg 300w, https:\/\/8a.pl\/8academy\/wp-content\/uploads\/2016\/10\/P1010151-3-768x576.jpg 768w\" sizes=\"(max-width: 1000px) 100vw, 1000px\" \/><p id=\"caption-attachment-6945\" class=\"wp-caption-text\">Widok ze szczytu K2 (fot. autor)<\/p><\/div>\n<h2 style=\"text-align: center;\">Pogoda<\/h2>\n<p><span style=\"font-weight: 400;\">Karakorum le\u017cy na zach\u00f3d i bardziej na p\u00f3\u0142noc ni\u017c \u0142a\u0144cuch Himalaj\u00f3w i ma to kolosalne znaczenie. Wszystkie fronty nap\u0142ywaj\u0105ce z zachodu uderzaj\u0105 w \u0142a\u0144cuch Karakorum zanim dotr\u0105 w Himalaje. W Karakorum panuj\u0105 znacznie gorsze warunki pogodowe, ni\u017c w Himalajach, i nie ogranicza si\u0119 to tylko do zimy. Wystarczy spojrze\u0107 na statystyki: Na Everest od 40 lat z rz\u0119du mamy wej\u015bcia szczytowe, na K2 od 1986 do 2015 roku by\u0142o a\u017c 11 sezon\u00f3w bez wej\u015bcia na szczyt! Na K2 nie tylko s\u0142abo\u015b\u0107 ducha i cia\u0142a, ale przede wszystkim pogoda i warunki rozdaj\u0105 karty oraz decyduj\u0105 o pora\u017cce b\u0105d\u017a sukcesie.<\/span><\/p>\n<h2 style=\"text-align: center;\">Doj\u015bcie do Bazy<\/h2>\n<p><span style=\"font-weight: 400;\">Trekking na doj\u015bciu do bazy pod K2 jest wr\u0119cz spektakularny, a widoki s\u0105, jak to si\u0119 teraz m\u00f3wi w zgodzie z panuj\u0105ca mod\u0105 w\u015br\u00f3d \u201etatromaniak\u00f3w\u201d, epickie! Ale te\u017c uczciwie trzeba powiedzie\u0107, \u017ce dla wspinaczy droga przez lodowiec Baltoro, to z\u0142o konieczne. D\u0142ugo\u015b\u0107 lodowc\u00f3w Baltoro i Godwin Austen prowadz\u0105cych do podn\u00f3\u017ca K2 to ok. 90 km, pod Everest ok. 30 km. Od wej\u015bcia na lodowiec nie ma \u015bcie\u017cki lecz surowy lodowiec, a temperatury wahaj\u0105 si\u0119 od \u2013 12 w nocy do +45 w cieniu w dzie\u0144 (takie temperatury mieli\u015bmy latem 2014 roku). Od pierwszego dnia trekkingu nie ma po drodze tak dobrze znanych z Nepalu \u201eherbaciarni\u201d. Przekraczanie rzek lodowcowych bywa ryzykowne, zdarza\u0142y si\u0119 wypadki \u015bmiertelne. To wszystko powoduje, \u017ce doj\u015bcie pod K2 nie jest proste i diametralnie r\u00f3\u017cni si\u0119 od dotarcia do bazy p\u00f3\u0142nocnej czy po\u0142udniowej pod Everestem. Sam trekking pod K2 mo\u017ce zm\u0119czy\u0107 i prosz\u0119 mi wierzy\u0107, \u017ce wiem co pisz\u0119. \ud83d\ude09<\/span><\/p>\n<div id=\"attachment_6935\" style=\"width: 1010px\" class=\"wp-caption alignnone\"><img decoding=\"async\" aria-describedby=\"caption-attachment-6935\" class=\"wp-image-6935 size-full\" src=\"https:\/\/8a.pl\/8academy\/wp-content\/uploads\/2016\/10\/P1010332.jpg\" alt=\"Treking pod K2 to przyjemno\u015b\u0107 sama w sobie\" width=\"1000\" height=\"750\" srcset=\"https:\/\/8a.pl\/8academy\/wp-content\/uploads\/2016\/10\/P1010332.jpg 1000w, https:\/\/8a.pl\/8academy\/wp-content\/uploads\/2016\/10\/P1010332-300x225.jpg 300w, https:\/\/8a.pl\/8academy\/wp-content\/uploads\/2016\/10\/P1010332-768x576.jpg 768w\" sizes=\"(max-width: 1000px) 100vw, 1000px\" \/><p id=\"caption-attachment-6935\" class=\"wp-caption-text\">Treking w kierunku K2 (fot. autor)<\/p><\/div>\n<h2 style=\"text-align: center;\">Abruzzi Ridge<\/h2>\n<p><span style=\"font-weight: 400;\">W \u017caden spos\u00f3b nie mo\u017cna por\u00f3wna\u0107, poza zbie\u017cn\u0105 wysoko\u015bci\u0105, trudno\u015bci drogi \u017bebrem Abruzzi z drog\u0105 normaln\u0105, wiod\u0105c\u0105 od po\u0142udnia z Nepalu przez Prze\u0142\u0119cz Po\u0142udniow\u0105, czy od p\u00f3\u0142nocy z Tybetu. Wspinacz na \u017bebrze Abruzzi musi posiada\u0107 wszechstronne umiej\u0119tno\u015bci wspinaczkowe: w przeci\u0105gu kilku dni jest poddany pr\u00f3bie wspinaczki w mik\u015bcie, lodzie i czystej \u00a0skale. Umiej\u0119tno\u015b\u0107 balansowania, wspinania si\u0119 na przednich z\u0119bach <a href=\"https:\/\/8a.pl\/raki\" target=\"_blank\" rel=\"noopener noreferrer\">rak\u00f3w<\/a>, jest obligatoryjna, a trudno\u015bci miejscami si\u0119gaj\u0105 IV stopnia. Do szczytu Czarnej Piramidy nie ma przedeptanej \u015bcie\u017cki, gdzie mo\u017cna podpiera\u0107 si\u0119 kijami, nie ma te\u017c jednego czy dw\u00f3ch skalnych uskok\u00f3w jak na Evere\u015bcie &#8211; ca\u0142y czas trzeba si\u0119 wspina\u0107. Droga jest miejscami powietrzna: w 2014 roku wspinaj\u0105c si\u0119 na K2 widzia\u0142em na w\u0142asne oczy, jak strach przed ekspozycj\u0105 parali\u017cowa\u0142 \u201eklient\u00f3w\u201d. Sytuacje te powodowa\u0142y oczywi\u015bcie zatory na por\u0119cz\u00f3wkach, ale przede wszystkim sprowadza\u0142y zagro\u017cenie. Powy\u017cej Czarnej Piramidy na wysoko\u015bci ok. 7450 metr\u00f3w zak\u0142ada si\u0119 ob\u00f3z trzeci (C3). Droga, kt\u00f3ra wiedzie na Rami\u0119 do obozu czwartego (C4 ok. 7850 m) nie nale\u017cy do naj\u0142atwiejszych. To w tej sekcji podczas zej\u015bcia ze szczytu zgin\u0105\u0142, wskutek upadku, Tadeusz Piotrowski. Teren jest rozleg\u0142y i trudny orientacyjnie, do tego ekstremalnie niebezpieczny z uwagi na zagro\u017cenie lawinowe, co pokaza\u0142 mijaj\u0105cy sezon. Obozy C4 i C3 stanowi\u0105 te\u017c \u015bmierteln\u0105 pu\u0142apk\u0119 w przypadku za\u0142amania pogodowego. Wszyscy pami\u0119tamy o tragediach jakie wydarzy\u0142y si\u0119 tam w 1986 i 2010 roku. Sami do\u015bwiadczyli\u015bmy, co to znaczy schodzi\u0107 z Ramienia K2 w niepogodzie i po ci\u0119\u017ckim opadzie \u015bniegu \u2013 dodam tylko, \u017ce to zej\u015bcie o \u015bwicie 1 sierpnia 2014 roku pami\u0119tam jako jedno z najci\u0119\u017cszych do\u015bwiadcze\u0144 g\u00f3rskich. Oczami wyobra\u017ani widz\u0119, co by si\u0119 dzia\u0142o, gdyby taki opad \u015bniegu zaskoczy\u0142 w tym miejscu miasteczko namiot\u00f3w, w kt\u00f3rym \u201etury\u015bci\u201d marzyliby o swoim K2. Nie trudno domy\u015bli\u0107 si\u0119 jakby to si\u0119 sko\u0144czy\u0142o.<\/span><\/p>\n<div id=\"attachment_6937\" style=\"width: 1010px\" class=\"wp-caption alignnone\"><img decoding=\"async\" aria-describedby=\"caption-attachment-6937\" class=\"wp-image-6937 size-full\" src=\"https:\/\/8a.pl\/8academy\/wp-content\/uploads\/2016\/10\/P1010043-4.jpg\" alt=\"Na K2 nie ma \u0142atwego wspinania\" width=\"1000\" height=\"750\" srcset=\"https:\/\/8a.pl\/8academy\/wp-content\/uploads\/2016\/10\/P1010043-4.jpg 1000w, https:\/\/8a.pl\/8academy\/wp-content\/uploads\/2016\/10\/P1010043-4-300x225.jpg 300w, https:\/\/8a.pl\/8academy\/wp-content\/uploads\/2016\/10\/P1010043-4-768x576.jpg 768w\" sizes=\"(max-width: 1000px) 100vw, 1000px\" \/><p id=\"caption-attachment-6937\" class=\"wp-caption-text\">Na K2 nie ma \u0142atwego wspinania (fot. autor)<\/p><\/div>\n<p><span style=\"font-weight: 400;\">Powy\u017cej C4 wcale nie jest lepiej, co prawda na chwil\u0119 k\u0105t nachylenia stoku maleje i wreszcie mo\u017cna kawa\u0142ek przej\u015b\u0107 nie b\u0119d\u0105c wpi\u0119tym w lin\u0119 por\u0119czowa, ale to tylko fragment, bo przed nami jest do pokonania nies\u0142awny \u017cleb Szyjka Butelki, a nad nim gigantyczny serak wisz\u0105cy z\u0142owrogo nad g\u0142ow\u0105 przez wiele godzin podej\u015bcia. Trawers pod serakiem te\u017c nie nale\u017cy do przyjemnych, wydarzy\u0142 si\u0119 tu niejeden wypadek. Ten najbardziej tragiczny &#8211; w 2008 roku, kiedy to cz\u0119\u015b\u0107 lin por\u0119czowych zosta\u0142a porwana przez obryw wspomnianego seraka i ludzie wracaj\u0105cy ze szczytu mieli odci\u0119t\u0105 drog\u0119 powrotu. Inn\u0105 kwesti\u0105 jest fakt, \u017ce gdyby taka sytuacja zaskoczy\u0142a do\u015bwiadczonych wspinaczy, powinni bezpiecznie zej\u015b\u0107 z tego miejsca, nawet bez lin por\u0119czowych, wi\u0119c i ten przypadek pokazuje, \u017ce K2 to trudna g\u00f3ra i nie dla ka\u017cdego. Powy\u017cej seraka, po pokonaniu trawersu nie ma luzu, dalej jest stromy teren i tak b\u0119dzie a\u017c do szczytu. I to jest to, co odr\u00f3\u017cnia normaln\u0105 drog\u0119 na K2 od innych prowadz\u0105cych na o\u015bmiotysi\u0119czniki, w tym i na Mt. Everest \u2013 od podstawy do szczytu z nielicznymi wyj\u0105tkami, wspinamy si\u0119 w \u00a0eksponowanym terenie.<\/span><\/p>\n<h2 style=\"text-align: center;\">Por\u0119cz\u00f3wki<\/h2>\n<p><span style=\"font-weight: 400;\">W wielu miejscach trzeba na linach por\u0119czowych \u201eofensywnie\u201d wisie\u0107, czy to posuwaj\u0105c si\u0119 do g\u00f3ry, czy zje\u017cd\u017caj\u0105c w d\u00f3\u0142. Na K2 te\u017c to inaczej wygl\u0105da ni\u017c na Evere\u015bcie, gdzie konieczno\u015b\u0107 ofensywnego ma\u0142powania sprowadza si\u0119 dos\u0142ownie do kilku miejsc. Na <a href=\"https:\/\/8a.pl\/8academy\/k2\/\" target=\"_blank\" rel=\"noopener noreferrer\">K2<\/a> praktycznie od wysoko\u015bci ok. 5250 m do 7400 m, do szczytu \u00a0Czarnej Piramidy por\u0119cz\u00f3wki to nie placebo, a konieczno\u015b\u0107. W przysz\u0142o\u015bci z pewno\u015bci\u0105 b\u0119dzie dochodzi\u0107 do konflikt\u00f3w pomi\u0119dzy komercyjnymi wyprawami a ma\u0142ymi samodzielnymi, co do opinania g\u00f3ry siatk\u0105 lin por\u0119czowych i co do zasady korzystania z nich. Tak\u0105 nerwow\u0105 sytuacj\u0119 mi\u0119li\u015bmy ju\u017c w 2014 roku, kiedy to po raz pierwszy pod K2 przyjecha\u0142y komercyjne agencje wyprawowe. Za\u017c\u0105dano od nas po 500 $. Byli\u015bmy ma\u0142\u0105 samowystarczaln\u0105 wypraw\u0105 i nie mieli\u015bmy zamiaru za cokolwiek p\u0142aci\u0107, tym bardziej, \u017ce w\u0142o\u017cyli\u015bmy sw\u00f3j wk\u0142ad w por\u0119czowanie terenu. Kompromis by\u0142 trudny, zgodzili\u015bmy si\u0119 wynie\u015b\u0107 do obozu drugiego 1000 metr\u00f3w ci\u0119\u017ckiej <a href=\"https:\/\/8a.pl\/liny-statyczne\" target=\"_blank\" rel=\"noopener noreferrer\">statycznej 9 mm liny<\/a>.<\/span><\/p>\n<div id=\"attachment_6940\" style=\"width: 1010px\" class=\"wp-caption alignnone\"><img loading=\"lazy\" decoding=\"async\" aria-describedby=\"caption-attachment-6940\" class=\"wp-image-6940 size-full\" src=\"https:\/\/8a.pl\/8academy\/wp-content\/uploads\/2016\/10\/P1010057-4.jpg\" alt=\"por\u0119cz\u00f3wki na K2\" width=\"1000\" height=\"750\" srcset=\"https:\/\/8a.pl\/8academy\/wp-content\/uploads\/2016\/10\/P1010057-4.jpg 1000w, https:\/\/8a.pl\/8academy\/wp-content\/uploads\/2016\/10\/P1010057-4-300x225.jpg 300w, https:\/\/8a.pl\/8academy\/wp-content\/uploads\/2016\/10\/P1010057-4-768x576.jpg 768w\" sizes=\"(max-width: 1000px) 100vw, 1000px\" \/><p id=\"caption-attachment-6940\" class=\"wp-caption-text\">Na K2 por\u0119cz\u00f3wki to konieczno\u015b\u0107, nie placebo (fot. autor)<\/p><\/div>\n<p><span style=\"font-weight: 400;\">\u0141atwo tak\u017ce o pope\u0142nienie b\u0142\u0119du, polegaj\u0105cego na skorzystaniu ze starej liny. \u00a0Sam prze\u017cy\u0142em tak\u0105 sytuacj\u0119: lina, w kt\u00f3r\u0105 si\u0119 wpi\u0105\u0142em wyrwa\u0142a si\u0119 spod lodu i zacz\u0105\u0142em spada\u0107. Szcz\u0119\u015bliwie zaraz za mn\u0105 sta\u0142 Marcin Kaczkan, kt\u00f3ry by\u0142 wpi\u0119ty we w\u0142a\u015bciw\u0105 por\u0119cz\u00f3wk\u0119. Spad\u0142em dos\u0142ownie wprost w jego ramiona. Sytuacja ta pokazuje, \u017ce na K2 osobiste do\u015bwiadczenie jest bardzo wa\u017cne, do\u015bwiadczenie o kt\u00f3re trudno w\u015br\u00f3d komercyjnych klient\u00f3w.<\/span><\/p>\n<h2 style=\"text-align: center;\">Zej\u015bcie<\/h2>\n<p><span style=\"font-weight: 400;\">Zej\u015bcie ze szczytu, a w\u0142a\u015bciwie w du\u017cej mierze zjazdy na linach por\u0119czowych, mog\u0105 si\u0119 okaza\u0107 dla mniej wytrwa\u0142ych du\u017co gorsze ni\u017c droga w g\u00f3r\u0119. Zw\u0142aszcza, gdy tlen w butli si\u0119 sko\u0144czy, o czym \u015bwiadczy sytuacja, z kt\u00f3r\u0105 spotkali\u015bmy si\u0119 id\u0105c w finalnym ataku z obozu C3 do C4. Najpierw Pawe\u0142 i Simone natkn\u0119li si\u0119 na samotnie schodz\u0105cego Nepalczyka. Sherpa mgli\u015bcie opowiada\u0142, \u017ce jego klientka zas\u0142ab\u0142a i nie \u017cyje. Po chwili natkn\u0119li si\u0119 na siedz\u0105c\u0105 w \u015bniegu kobiet\u0119, by\u0142a wyczerpana, ale \u017cywa! Zosta\u0142a porzucona przez swego przewodnika opiekuna! Zaopiekowali\u015bmy si\u0119 Clio &#8211; dosta\u0142a leki i tlen, szybko odzyska\u0142a si\u0142y. Okaza\u0142o si\u0119 \u017ce jej reduktor by\u0142 przykr\u0119cony na jeden litr przep\u0142ywu tlenu, co na tej wysoko\u015bci i przy takim wysi\u0142ku by\u0142o dla niej niewystarczaj\u0105ce. Zatrzymany przez nas sherpa dosta\u0142 polecenie sprowadzenia Clio do bazy. Gdyby nas wtedy tam nie by\u0142o, mo\u017cna si\u0119 domy\u015bla\u0107, \u017ce Amerykanka nigdy by nie zesz\u0142a w doliny. O ile sherpa w tym przypadku zachowa\u0142 si\u0119 skandalicznie, o tyle przewodnik opiekun nie jest w stanie ochroni\u0107 klienta na \u017bebrze Abruzzi przed spadaj\u0105cymi kamieniami. Droga jest krucha i stroma, a co to oznacza, nie musz\u0119 t\u0142umaczy\u0107. Ka\u017cdy kto wspina\u0142 si\u0119 tamt\u0119dy na K2 prze\u017cy\u0142 swoje pod obstrza\u0142em kamieni. I ten aspekt r\u00f3wnie\u017c odr\u00f3\u017cnia K2 od Everestu.<\/span><\/p>\n<h2 style=\"text-align: center;\">Strefa \u015amierci<\/h2>\n<p><span style=\"font-weight: 400;\">\u015amiertelno\u015b\u0107 na K2 jest wi\u0119ksza ni\u017c na Mt. Evere\u015bcie. Wynika to z kilku przyczyn, w tym z braku profesjonalnych s\u0142u\u017cb ratowniczych, trudno\u015bci drogi i wymagaj\u0105cych warunk\u00f3w \u00a0atmosferycznych. Oko\u0142o 287 os\u00f3b zmar\u0142o na Everest, co daje ok 4% z 7500 wspinaczy. Na K2 odnotowano 86 zgon\u00f3w z 375 wspinaczy, czyli ok 23%. K2 b\u0119d\u0105c trudnym technicznie szczytem, pozostaje najtrudniejszym spo\u015br\u00f3d o\u015bmiotysi\u0119cznik\u00f3w i nie jest to populistyczny frazes czy bana\u0142. Komercjalizacja na K2 pr\u0119dzej czy p\u00f3\u017aniej doprowadzi do wypadk\u00f3w \u015bmiertelnych. Jak do tej pory najtragiczniejsze sezony na K2 to rok 1986 i 2008. W przeci\u0105gu dw\u00f3ch miesi\u0119cy w 1986 roku zgin\u0119\u0142o 13 wspinaczy w kilku niezale\u017cnych wypadkach, a w 2008 roku 11 w jednym samodzielnym wypadku, a trzech kolejnych \u00a0odnios\u0142o powa\u017cne obra\u017cenia.<\/span><\/p>\n<div id=\"attachment_6938\" style=\"width: 1010px\" class=\"wp-caption alignnone\"><img loading=\"lazy\" decoding=\"async\" aria-describedby=\"caption-attachment-6938\" class=\"wp-image-6938 size-full\" src=\"https:\/\/8a.pl\/8academy\/wp-content\/uploads\/2016\/10\/P1010033-2.jpg\" alt=\"Miejsce na obozy pod K2 jest mocno ograniczone\" width=\"1000\" height=\"750\" srcset=\"https:\/\/8a.pl\/8academy\/wp-content\/uploads\/2016\/10\/P1010033-2.jpg 1000w, https:\/\/8a.pl\/8academy\/wp-content\/uploads\/2016\/10\/P1010033-2-300x225.jpg 300w, https:\/\/8a.pl\/8academy\/wp-content\/uploads\/2016\/10\/P1010033-2-768x576.jpg 768w\" sizes=\"(max-width: 1000px) 100vw, 1000px\" \/><p id=\"caption-attachment-6938\" class=\"wp-caption-text\">Miejsce pod namioty na\u00a0K2 jest mocno ograniczone (fot. autor)<\/p><\/div>\n<h2 style=\"text-align: center;\">Akcja ratunkowa<\/h2>\n<p><span style=\"font-weight: 400;\">Bez w\u0105tpienia wszelkie akcje ratunkowe w Pakistanie s\u0105 mniej profesjonalne ni\u017c ma to miejsce w Nepalu. Wynika to z kilku czynnik\u00f3w, a jednym z nich jest fakt, \u017ce umiej\u0119tno\u015bci HAP\u2019s\u00f3w (High Alttitiud Porter) s\u0105 mniejsze ni\u017c nepalskich sherp\u00f3w. U\u017cycie do akcji ratunkowej helikoptera &#8211; ze wszystkimi swymi ograniczeniami, jakie ma helikopter w wysokich g\u00f3rach \u2013 jest w Pakistanie obarczone procedurami powi\u0105zanymi z armi\u0105, a co za tym idzie, pomimo ubezpieczenia, nie jest \u0142atwo i szybko tak\u0105 akcj\u0119 zorganizowa\u0107, no i kosztuje to znacznie wi\u0119cej ni\u017c w Nepalu. W przypadku Everestu wystarczy telefon do jednej z wielu agencji, kt\u00f3re dysponuj\u0105 w\u0142asn\u0105 flot\u0105 maszyn i mo\u017cemy spodziewa\u0107 si\u0119 szybkiej pomocy.<\/span><\/p>\n<div id=\"attachment_6936\" style=\"width: 1010px\" class=\"wp-caption alignnone\"><img loading=\"lazy\" decoding=\"async\" aria-describedby=\"caption-attachment-6936\" class=\"wp-image-6936 size-full\" src=\"https:\/\/8a.pl\/8academy\/wp-content\/uploads\/2016\/10\/P1010305.jpg\" alt=\"Akcja ratunkowa pod K2 jest znacznie trudniejsza ni\u017c\u00a0pod Mont Everest\" width=\"1000\" height=\"750\" srcset=\"https:\/\/8a.pl\/8academy\/wp-content\/uploads\/2016\/10\/P1010305.jpg 1000w, https:\/\/8a.pl\/8academy\/wp-content\/uploads\/2016\/10\/P1010305-300x225.jpg 300w, https:\/\/8a.pl\/8academy\/wp-content\/uploads\/2016\/10\/P1010305-768x576.jpg 768w\" sizes=\"(max-width: 1000px) 100vw, 1000px\" \/><p id=\"caption-attachment-6936\" class=\"wp-caption-text\">Akcja ratunkowa pod K2 jest znacznie trudniejsza ni\u017c\u00a0pod Mount Everest (fot. autor)<\/p><\/div>\n<h2 style=\"text-align: center;\">Dlaczego K2 jest w oku zainteresowa\u0144<\/h2>\n<p><span style=\"font-weight: 400;\">Z pewno\u015bci\u0105 K2 jako g\u00f3ra jest wyj\u0105tkowa sama w sobie. Po wej\u015bciu na Everest mo\u017cesz si\u0119 chwali\u0107 zdobyt\u0105 rekordow\u0105 wysoko\u015bci\u0105, ale respekt zdobywasz na K2. Na Evere\u015bcie jest coraz t\u0142oczniej komercyjnie, agencje szukaj\u0105 wi\u0119c dla swej dzia\u0142alno\u015bci nowej lukratywnej niszy. Stosowanie butli tlenowych sta\u0142o si\u0119 powszechne, dost\u0119pny jest te\u017c kompleksowy serwis sherp\u00f3w. Rzeczywisto\u015b\u0107 panuj\u0105ca w bazach pod K2 i Everestem coraz bardziej zaczyna przypomina\u0107 kadry z filmu Granice Wytrzyma\u0142o\u015bci. Mo\u017cliwo\u015bci skorzystania z Internetu i inne wygody tak\u017ce przyci\u0105gaj\u0105 amator\u00f3w pod K2. <\/span><\/p>\n<h2 style=\"text-align: center;\">Rekord<\/h2>\n<p><span style=\"font-weight: 400;\">W mijaj\u0105cym w\u0142a\u015bnie sezonie pad\u0142 rekord wydanych pozwole\u0144: 112 wspinaczy zamierza\u0142o stan\u0105\u0107 na wierzcho\u0142ku K2. Taka ilo\u015b\u0107 ludzi na tak trudnej drodze zwi\u0119ksza zagro\u017cenie. Ilo\u015b\u0107 miejsc pod namioty w C1 i C2 jest bardzo ograniczona. Taki t\u0142um mo\u017ce tak\u017ce doprowadza\u0107 do mniejszych lub wi\u0119kszych konflikt\u00f3w i nie wr\u00f3\u017cy to dobrze w perspektywie solidarnej wsp\u00f3\u0142pracy pomi\u0119dzy poszczeg\u00f3lnymi wyprawami. Zawsze mo\u017ce pojawi\u0107 si\u0119 napi\u0119ta relacja klient-wykonawca us\u0142ugi, a w wysokich g\u00f3rach to jest to zb\u0119dne i niebezpieczne zjawisko. <\/span><\/p>\n<div id=\"attachment_6939\" style=\"width: 1010px\" class=\"wp-caption alignnone\"><img loading=\"lazy\" decoding=\"async\" aria-describedby=\"caption-attachment-6939\" class=\"wp-image-6939 size-full\" src=\"https:\/\/8a.pl\/8academy\/wp-content\/uploads\/2016\/10\/P1010085.jpg\" alt=\"ob\u00f3z ma\u0142ej ekspedycji na K2\" width=\"1000\" height=\"750\" srcset=\"https:\/\/8a.pl\/8academy\/wp-content\/uploads\/2016\/10\/P1010085.jpg 1000w, https:\/\/8a.pl\/8academy\/wp-content\/uploads\/2016\/10\/P1010085-300x225.jpg 300w, https:\/\/8a.pl\/8academy\/wp-content\/uploads\/2016\/10\/P1010085-768x576.jpg 768w\" sizes=\"(max-width: 1000px) 100vw, 1000px\" \/><p id=\"caption-attachment-6939\" class=\"wp-caption-text\">To tylko jeden ma\u0142y ob\u00f3z ma\u0142ej ekspedycji&#8230; (fot. autor)<\/p><\/div>\n<p><span style=\"font-weight: 400;\">Everest i K2 to g\u00f3ry wyj\u0105tkowe: ich rozleg\u0142e granie i \u015bciany b\u0119d\u0105 przyci\u0105ga\u0142y \u015bmia\u0142k\u00f3w chc\u0105cych zmierzy\u0107 si\u0119 z wyzwaniem. Przytoczone powy\u017cej spostrze\u017cenia pozwalaj\u0105 mi jednak przepuszcza\u0107, i\u017c K2 jednak niepr\u0119dko si\u0119 skomercjalizuje w takim stopniu, jak ma to miejsce obecnie na Mt. Everest. Niemniej jednak proces ten b\u0119dzie trwa\u0142 i post\u0119powa\u0142, a w przysz\u0142ych sezonach b\u0119d\u0105 pada\u0107 kolejne rekordy frekwencji. Musimy by\u0107 tego \u015bwiadomi. <\/span><\/p>\n","protected":false},"excerpt":{"rendered":"<p>Z roku na rok coraz wi\u0119cej wypraw komercyjnych pr\u00f3buje zdoby\u0107 K2. Z roku na rok coraz wi\u0119cej namiot\u00f3w rozstawia si\u0119 pod jedynym jak dot\u0105d niezdobytym zim\u0105 o\u015bmiotysi\u0119cznikiem. Czy najtrudniejszej g\u00f3rze \u015bwiata grozi los Mount Everest i powszechna komercjalizacja? Skala trudno\u015bci i wymagaj\u0105ca pogoda p\u00f3ki co wydaj\u0105 si\u0119 dla wielu zespo\u0142\u00f3w barierami nie do przej\u015bcia. Jednak jak d\u0142ugo jeszcze?<\/p>\n","protected":false},"author":10,"featured_media":15847,"comment_status":"open","ping_status":"open","sticky":false,"template":"","format":"standard","meta":{"_acf_changed":false,"_uf_show_specific_survey":0,"_uf_disable_surveys":false,"footnotes":""},"categories":[26071],"tags":[26086,26104,26068],"class_list":["post-6933","post","type-post","status-publish","format-standard","has-post-thumbnail","hentry","category-alpinizm","tag-alpinizm","tag-caloroczne","tag-felieton"],"acf":[],"yoast_head":"<!-- This site is optimized with the Yoast SEO Premium plugin v23.4 (Yoast SEO v25.5) - https:\/\/yoast.com\/wordpress\/plugins\/seo\/ -->\n<title>Czy K2 to nowy Everest? - czyli o komercjalizacji s\u0142\u00f3w kilka - 8academy.pl - portal g\u00f3rski i wspinaczkowy dla aktywnych<\/title>\n<meta name=\"robots\" content=\"index, follow, max-snippet:-1, max-image-preview:large, max-video-preview:-1\" \/>\n<link rel=\"canonical\" href=\"https:\/\/8a.pl\/8academy\/k2-nowy-everest-czyli-o-komercjalizacji-slow\/\" \/>\n<meta property=\"og:locale\" content=\"pl_PL\" \/>\n<meta property=\"og:type\" content=\"article\" \/>\n<meta property=\"og:title\" content=\"Czy K2 to nowy Everest? - czyli o komercjalizacji s\u0142\u00f3w kilka\" \/>\n<meta property=\"og:description\" content=\"Z roku na rok coraz wi\u0119cej wypraw komercyjnych pr\u00f3buje zdoby\u0107 K2. Z roku na rok coraz wi\u0119cej namiot\u00f3w rozstawia si\u0119 pod jedynym jak dot\u0105d niezdobytym zim\u0105 o\u015bmiotysi\u0119cznikiem. Czy najtrudniejszej g\u00f3rze \u015bwiata grozi los Mount Everest i powszechna komercjalizacja? Skala trudno\u015bci i wymagaj\u0105ca pogoda p\u00f3ki co wydaj\u0105 si\u0119 dla wielu zespo\u0142\u00f3w barierami nie do przej\u015bcia. Jednak jak d\u0142ugo jeszcze?\" \/>\n<meta property=\"og:url\" content=\"https:\/\/8a.pl\/8academy\/k2-nowy-everest-czyli-o-komercjalizacji-slow\/\" \/>\n<meta property=\"og:site_name\" content=\"8academy.pl - portal g\u00f3rski i wspinaczkowy dla aktywnych\" \/>\n<meta property=\"article:publisher\" content=\"https:\/\/pl-pl.facebook.com\/sklep8apl\/\" \/>\n<meta property=\"article:published_time\" content=\"2016-10-06T06:51:28+00:00\" \/>\n<meta property=\"article:modified_time\" content=\"2024-05-19T22:04:39+00:00\" \/>\n<meta property=\"og:image\" content=\"http:\/\/8a.pl\/8academy\/wp-content\/uploads\/2016\/10\/P1010332-1.jpg\" \/>\n\t<meta property=\"og:image:width\" content=\"1100\" \/>\n\t<meta property=\"og:image:height\" content=\"715\" \/>\n\t<meta property=\"og:image:type\" content=\"image\/jpeg\" \/>\n<meta name=\"author\" content=\"Janusz Go\u0142\u0105b\" \/>\n<meta name=\"twitter:card\" content=\"summary_large_image\" \/>\n<meta name=\"twitter:label1\" content=\"Napisane przez\" \/>\n\t<meta name=\"twitter:data1\" content=\"Janusz Go\u0142\u0105b\" \/>\n\t<meta name=\"twitter:label2\" content=\"Szacowany czas czytania\" \/>\n\t<meta name=\"twitter:data2\" content=\"12 minut\" \/>\n<!-- \/ Yoast SEO Premium plugin. -->","yoast_head_json":{"title":"Czy K2 to nowy Everest? - czyli o komercjalizacji s\u0142\u00f3w kilka - 8academy.pl - portal g\u00f3rski i wspinaczkowy dla aktywnych","robots":{"index":"index","follow":"follow","max-snippet":"max-snippet:-1","max-image-preview":"max-image-preview:large","max-video-preview":"max-video-preview:-1"},"canonical":"https:\/\/8a.pl\/8academy\/k2-nowy-everest-czyli-o-komercjalizacji-slow\/","og_locale":"pl_PL","og_type":"article","og_title":"Czy K2 to nowy Everest? - czyli o komercjalizacji s\u0142\u00f3w kilka","og_description":"Z roku na rok coraz wi\u0119cej wypraw komercyjnych pr\u00f3buje zdoby\u0107 K2. Z roku na rok coraz wi\u0119cej namiot\u00f3w rozstawia si\u0119 pod jedynym jak dot\u0105d niezdobytym zim\u0105 o\u015bmiotysi\u0119cznikiem. Czy najtrudniejszej g\u00f3rze \u015bwiata grozi los Mount Everest i powszechna komercjalizacja? Skala trudno\u015bci i wymagaj\u0105ca pogoda p\u00f3ki co wydaj\u0105 si\u0119 dla wielu zespo\u0142\u00f3w barierami nie do przej\u015bcia. Jednak jak d\u0142ugo jeszcze?","og_url":"https:\/\/8a.pl\/8academy\/k2-nowy-everest-czyli-o-komercjalizacji-slow\/","og_site_name":"8academy.pl - portal g\u00f3rski i wspinaczkowy dla aktywnych","article_publisher":"https:\/\/pl-pl.facebook.com\/sklep8apl\/","article_published_time":"2016-10-06T06:51:28+00:00","article_modified_time":"2024-05-19T22:04:39+00:00","og_image":[{"width":1100,"height":715,"url":"http:\/\/8a.pl\/8academy\/wp-content\/uploads\/2016\/10\/P1010332-1.jpg","type":"image\/jpeg"}],"author":"Janusz Go\u0142\u0105b","twitter_card":"summary_large_image","twitter_misc":{"Napisane przez":"Janusz Go\u0142\u0105b","Szacowany czas czytania":"12 minut"},"schema":{"@context":"https:\/\/schema.org","@graph":[{"@type":"Article","@id":"https:\/\/8a.pl\/8academy\/k2-nowy-everest-czyli-o-komercjalizacji-slow\/#article","isPartOf":{"@id":"https:\/\/8a.pl\/8academy\/k2-nowy-everest-czyli-o-komercjalizacji-slow\/"},"author":{"name":"Janusz Go\u0142\u0105b","@id":"https:\/\/8a.pl\/8academy\/#\/schema\/person\/1248a547d04150e8d48f07282830284c"},"headline":"Czy K2 to nowy Everest? &#8211; czyli o komercjalizacji s\u0142\u00f3w kilka","datePublished":"2016-10-06T06:51:28+00:00","dateModified":"2024-05-19T22:04:39+00:00","mainEntityOfPage":{"@id":"https:\/\/8a.pl\/8academy\/k2-nowy-everest-czyli-o-komercjalizacji-slow\/"},"wordCount":2450,"commentCount":1,"publisher":{"@id":"https:\/\/8a.pl\/8academy\/#organization"},"image":{"@id":"https:\/\/8a.pl\/8academy\/k2-nowy-everest-czyli-o-komercjalizacji-slow\/#primaryimage"},"thumbnailUrl":"https:\/\/8a.pl\/8academy\/wp-content\/uploads\/2016\/10\/P1010332-1.jpg","keywords":["Alpinizm","Ca\u0142oroczne","Felieton"],"articleSection":["Alpinizm"],"inLanguage":"pl-PL","potentialAction":[{"@type":"CommentAction","name":"Comment","target":["https:\/\/8a.pl\/8academy\/k2-nowy-everest-czyli-o-komercjalizacji-slow\/#respond"]}]},{"@type":"WebPage","@id":"https:\/\/8a.pl\/8academy\/k2-nowy-everest-czyli-o-komercjalizacji-slow\/","url":"https:\/\/8a.pl\/8academy\/k2-nowy-everest-czyli-o-komercjalizacji-slow\/","name":"Czy K2 to nowy Everest? - czyli o komercjalizacji s\u0142\u00f3w kilka - 8academy.pl - portal g\u00f3rski i wspinaczkowy dla aktywnych","isPartOf":{"@id":"https:\/\/8a.pl\/8academy\/#website"},"primaryImageOfPage":{"@id":"https:\/\/8a.pl\/8academy\/k2-nowy-everest-czyli-o-komercjalizacji-slow\/#primaryimage"},"image":{"@id":"https:\/\/8a.pl\/8academy\/k2-nowy-everest-czyli-o-komercjalizacji-slow\/#primaryimage"},"thumbnailUrl":"https:\/\/8a.pl\/8academy\/wp-content\/uploads\/2016\/10\/P1010332-1.jpg","datePublished":"2016-10-06T06:51:28+00:00","dateModified":"2024-05-19T22:04:39+00:00","breadcrumb":{"@id":"https:\/\/8a.pl\/8academy\/k2-nowy-everest-czyli-o-komercjalizacji-slow\/#breadcrumb"},"inLanguage":"pl-PL","potentialAction":[{"@type":"ReadAction","target":["https:\/\/8a.pl\/8academy\/k2-nowy-everest-czyli-o-komercjalizacji-slow\/"]}]},{"@type":"ImageObject","inLanguage":"pl-PL","@id":"https:\/\/8a.pl\/8academy\/k2-nowy-everest-czyli-o-komercjalizacji-slow\/#primaryimage","url":"https:\/\/8a.pl\/8academy\/wp-content\/uploads\/2016\/10\/P1010332-1.jpg","contentUrl":"https:\/\/8a.pl\/8academy\/wp-content\/uploads\/2016\/10\/P1010332-1.jpg","width":1100,"height":715,"caption":"Treking pod K2 to przyjemno\u015b\u0107 sama w sobie (fot. autor)"},{"@type":"BreadcrumbList","@id":"https:\/\/8a.pl\/8academy\/k2-nowy-everest-czyli-o-komercjalizacji-slow\/#breadcrumb","itemListElement":[{"@type":"ListItem","position":1,"name":"Strona g\u0142\u00f3wna","item":"https:\/\/8a.pl\/8academy\/"},{"@type":"ListItem","position":2,"name":"Czy K2 to nowy Everest? &#8211; czyli o komercjalizacji s\u0142\u00f3w kilka"}]},{"@type":"WebSite","@id":"https:\/\/8a.pl\/8academy\/#website","url":"https:\/\/8a.pl\/8academy\/","name":"8academy.pl - portal g\u00f3rski i wspinaczkowy dla aktywnych","description":"8academy to portal g\u00f3rski o wspinaczce, trekkingu i skiturach. Znajdziesz tu porady, testy sprz\u0119tu i opisy najlepszych rejon\u00f3w. Inspirujemy zdobywc\u00f3w!","publisher":{"@id":"https:\/\/8a.pl\/8academy\/#organization"},"potentialAction":[{"@type":"SearchAction","target":{"@type":"EntryPoint","urlTemplate":"https:\/\/8a.pl\/8academy\/?s={search_term_string}"},"query-input":{"@type":"PropertyValueSpecification","valueRequired":true,"valueName":"search_term_string"}}],"inLanguage":"pl-PL"},{"@type":"Organization","@id":"https:\/\/8a.pl\/8academy\/#organization","name":"8academy.pl - portal g\u00f3rski i wspinaczkowy dla aktywnych","url":"https:\/\/8a.pl\/8academy\/","logo":{"@type":"ImageObject","inLanguage":"pl-PL","@id":"https:\/\/8a.pl\/8academy\/#\/schema\/logo\/image\/","url":"https:\/\/8a.pl\/8academy\/wp-content\/uploads\/2015\/11\/logo.png","contentUrl":"https:\/\/8a.pl\/8academy\/wp-content\/uploads\/2015\/11\/logo.png","width":438,"height":315,"caption":"8academy.pl - portal g\u00f3rski i wspinaczkowy dla aktywnych"},"image":{"@id":"https:\/\/8a.pl\/8academy\/#\/schema\/logo\/image\/"},"sameAs":["https:\/\/pl-pl.facebook.com\/sklep8apl\/","https:\/\/www.instagram.com\/8apl\/"]},{"@type":"Person","@id":"https:\/\/8a.pl\/8academy\/#\/schema\/person\/1248a547d04150e8d48f07282830284c","name":"Janusz Go\u0142\u0105b","image":{"@type":"ImageObject","inLanguage":"pl-PL","@id":"https:\/\/8a.pl\/8academy\/#\/schema\/person\/image\/","url":"https:\/\/8a.pl\/8academy\/wp-content\/uploads\/2017\/10\/janusz_golab-min.jpg","contentUrl":"https:\/\/8a.pl\/8academy\/wp-content\/uploads\/2017\/10\/janusz_golab-min.jpg","caption":"Janusz Go\u0142\u0105b"},"description":"Polski alpinista i himalaista, pierwszy zimowy zdobywca o\u015bmiotysi\u0119cznika Gaszerbrum I (9 marca 2012 r., wraz z Adamem Bieleckim). Wspina si\u0119 od 1986 roku, jest cz\u0142onkiem Klubu Wysokog\u00f3rskiego Gliwice. Wraz z Jackiem Fluderem i Stanis\u0142awem Piecuchem stworzyli zesp\u00f3\u0142 wspinaczkowy, kt\u00f3ry zyska\u0142 przydomek \u201eDream Team\u201d. P\u00f3\u017aniej do\u0142\u0105czy\u0142 do nich Grzegorz Skorek (1978\u20132004). Ekipa ta w latach 90 XX w. i na pocz\u0105tku XXI w. dokona\u0142a serii najznakomitszych wspinaczek o charakterze alpejskim w historii polskiego alpinizmu. Pisze dla nas o: g\u00f3rach wysokich, wspinaczce, poradach g\u00f3rskich i wyprawach.","url":"https:\/\/8a.pl\/8academy\/author\/janusz-golab\/"}]}},"_links":{"self":[{"href":"https:\/\/8a.pl\/8academy\/wp-json\/wp\/v2\/posts\/6933","targetHints":{"allow":["GET"]}}],"collection":[{"href":"https:\/\/8a.pl\/8academy\/wp-json\/wp\/v2\/posts"}],"about":[{"href":"https:\/\/8a.pl\/8academy\/wp-json\/wp\/v2\/types\/post"}],"author":[{"embeddable":true,"href":"https:\/\/8a.pl\/8academy\/wp-json\/wp\/v2\/users\/10"}],"replies":[{"embeddable":true,"href":"https:\/\/8a.pl\/8academy\/wp-json\/wp\/v2\/comments?post=6933"}],"version-history":[{"count":1,"href":"https:\/\/8a.pl\/8academy\/wp-json\/wp\/v2\/posts\/6933\/revisions"}],"predecessor-version":[{"id":69378,"href":"https:\/\/8a.pl\/8academy\/wp-json\/wp\/v2\/posts\/6933\/revisions\/69378"}],"wp:featuredmedia":[{"embeddable":true,"href":"https:\/\/8a.pl\/8academy\/wp-json\/wp\/v2\/media\/15847"}],"wp:attachment":[{"href":"https:\/\/8a.pl\/8academy\/wp-json\/wp\/v2\/media?parent=6933"}],"wp:term":[{"taxonomy":"category","embeddable":true,"href":"https:\/\/8a.pl\/8academy\/wp-json\/wp\/v2\/categories?post=6933"},{"taxonomy":"post_tag","embeddable":true,"href":"https:\/\/8a.pl\/8academy\/wp-json\/wp\/v2\/tags?post=6933"}],"curies":[{"name":"wp","href":"https:\/\/api.w.org\/{rel}","templated":true}]}}