{"id":67933,"date":"2024-03-21T10:00:00","date_gmt":"2024-03-21T09:00:00","guid":{"rendered":"https:\/\/8a.pl\/8academy\/?p=67933"},"modified":"2024-04-09T09:31:48","modified_gmt":"2024-04-09T07:31:48","slug":"gorce-szlaki-turystyczne-i-atrakcje","status":"publish","type":"post","link":"https:\/\/8a.pl\/8academy\/gorce-szlaki-turystyczne-i-atrakcje\/","title":{"rendered":"Gorce &#8211; szlaki turystyczne i atrakcje"},"content":{"rendered":"\n<p class=\"wp-block-paragraph\">Nic w tym dziwnego. Gorce s\u0105 stosunkowo niewielkim pasmem g\u00f3rskim. Ze wschodu na zach\u00f3d to raptem trzydzie\u015bci kilometr\u00f3w z niewielkim haczykiem. Z po\u0142udnia na p\u00f3\u0142noc \u2013 tylko po\u0142owa tego.<br>Ka\u017cda gorcza\u0144ska w\u0119dr\u00f3wka, pr\u0119dzej czy p\u00f3\u017aniej, ko\u0144czy si\u0119 wi\u0119c na maj\u0105cym 1310 m n.p.m. Turbaczu. Niewiele jest bowiem w Gorcach szlak\u00f3w pieszych, kt\u00f3re tam nie docieraj\u0105.<\/p>\n\n\n\n<p class=\"wp-block-paragraph\">Je\u015bli spojrzycie na map\u0119, zaraz zauwa\u017cycie, \u017ce z Turbacza rozchodzi si\u0119 gwia\u017adzi\u015bcie sze\u015b\u0107 grzbiet\u00f3w g\u00f3rskich. Takie ukszta\u0142towanie terenu g\u00f3rskiego to rozr\u00f3g. Sama nazwa Gorc\u00f3w pochodzi najprawdopodobniej od s\u0142owa \u201egorze\u0107\u201d czyli \u201ep\u0142on\u0105\u0107\u201d. Gorcza\u0144skie hale, gdzie wypasano owce albo uprawiano rol\u0119, to w du\u017cej cz\u0119\u015bci polany utworzone przez mieszkaj\u0105cych tam ludzi w\u0142a\u015bnie przez wypalanie fragment\u00f3w lasu.<\/p>\n\n\n\n<p class=\"wp-block-paragraph\">Jad\u0105c w Gorce, mo\u017cna r\u00f3wnie\u017c odwiedzi\u0107 s\u0105siednie Pieniny. Prze\u0142om Dunajca, w\u0105w\u00f3z Homole, Sokolica i Trzy Korony \u2013 to r\u00f3wnie\u017c doskona\u0142e cele na kr\u00f3tkie wycieczki. <a href=\"https:\/\/8a.pl\/8academy\/pieniny-co-zobaczyc\/\">O tym co warto zobaczy\u0107 w Pieninach, przeczytacie w tym artykule.<\/a><\/p>\n\n\n\n<p class=\"wp-block-paragraph\"><\/p>\n\n\n<div class=\"wp-block-image\">\n<figure class=\"aligncenter size-full\"><img fetchpriority=\"high\" decoding=\"async\" width=\"600\" height=\"900\" src=\"https:\/\/8a.pl\/8academy\/wp-content\/uploads\/2024\/03\/Gorce_-_polana_Podskaly_by_Pudelek_sm.jpg\" alt=\"Typowy gorcza\u0144ski krajobraz - rozleg\u0142e polany ze starymi bac\u00f3wkami i \u0142agodnie faluj\u0105ce g\u00f3rskie grzbiety.\" class=\"wp-image-67936\" srcset=\"https:\/\/8a.pl\/8academy\/wp-content\/uploads\/2024\/03\/Gorce_-_polana_Podskaly_by_Pudelek_sm.jpg 600w, https:\/\/8a.pl\/8academy\/wp-content\/uploads\/2024\/03\/Gorce_-_polana_Podskaly_by_Pudelek_sm-200x300.jpg 200w\" sizes=\"(max-width: 600px) 100vw, 600px\" \/><figcaption class=\"wp-element-caption\">Typowy gorcza\u0144ski krajobraz &#8211; rozleg\u0142e polany ze starymi bac\u00f3wkami i \u0142agodnie faluj\u0105ce g\u00f3rskie grzbiety. (fot. Unsplash)<\/figcaption><\/figure>\n<\/div>\n\n\n<h2 class=\"wp-block-heading\" id=\"h-gorce-szczyty-ktore-trzeba-odwiedzic\">Gorce &#8211; szczyty, kt\u00f3re trzeba odwiedzi\u0107<\/h2>\n\n\n\n<p class=\"wp-block-paragraph\">Na pierwszym miejscu jest oczywi\u015bcie najwy\u017cszy szczyt Gorc\u00f3w \u2013 Turbacz. Jest jednym z 28 wierzcho\u0142k\u00f3w, kt\u00f3re nale\u017cy odwiedzi\u0107 zdobywaj\u0105c Koron\u0119 G\u00f3r Polski. Nawet gdyby nie by\u0142 najwy\u017cszym szczytem tego pasma, warto by\u0142oby si\u0119 tam wybra\u0107. Ze szczytu \u2013 cho\u0107 latem widok nieco zas\u0142aniaj\u0105 drzewa \u2013 wida\u0107 ca\u0142e Tatry. Znacznie lepsz\u0105 panoram\u0119 Tatr b\u0119dziecie mie\u0107 z tarasu przed schroniskiem, a najlepiej by\u0107 tam w zimowy poranek. O wschodzie s\u0142o\u0144ca odleg\u0142e tylko o kilkadziesi\u0105t kilometr\u00f3w szczyty b\u0119d\u0105 si\u0119 mieni\u0107 wszystkimi odcieniami pomara\u0144czu, r\u00f3\u017cu i czerwieni. Ma\u0142o jest tak \u0142atwo dost\u0119pnych miejsc z tak nieprawdopodobnymi widokami. <a href=\"https:\/\/8a.pl\/8academy\/korona-gor-polski-turbacz\/\">Wi\u0119cej o najwy\u017cszym szczycie Gorc\u00f3w przeczytacie tutaj.<\/a><\/p>\n\n\n\n<p class=\"wp-block-paragraph\">W Gorcach jest co najmniej kilka innych szczyt\u00f3w, kt\u00f3re powinny zosta\u0107 uj\u0119te w \u201eprogramie obowi\u0105zkowym\u201d. Kiczora to doskona\u0142e miejsce na kr\u00f3tki spacer z Turbacza. Gorc ma najpi\u0119kniejsz\u0105 niezat\u0142oczon\u0105 polan\u0119 w polskich g\u00f3rach \u2013 Gorc Kamienicki, z przycupni\u0119tymi na niej starymi bac\u00f3wkami. Nawet w szczycie sezonu wakacyjnego zdarza si\u0119 cieszy\u0107 tu samotno\u015bci\u0105. Luba\u0144 to z kolei szczyt, kt\u00f3ry \u2013 je\u015bli &nbsp;nie idziecie czerwonym szlakiem \u2013 jest nie lada pr\u00f3b\u0105, bo z ka\u017cdej strony czeka was strome podej\u015bcie.<\/p>\n\n\n\n<p class=\"wp-block-paragraph\"><a href=\"https:\/\/8a.pl\/8academy\/korona-gor-polski-turbacz\/\">Na Turbacz wiedzie kilka szlak\u00f3w \u2013 cho\u0107 ustalili\u015bmy ju\u017c, \u017ce tak naprawd\u0119 wszystkie &#8211; i je\u015bli zastanawiacie si\u0119 kt\u00f3ry wybra\u0107 to polecamy artyku\u0142, w kt\u00f3rym ka\u017cdy z nich jest dok\u0142adnie opisany.<\/a><\/p>\n\n\n\n<h3 class=\"wp-block-heading\" id=\"h-gorce-najpopularniejsze-szlaki-turystyczne\">Gorce \u2013 najpopularniejsze szlaki turystyczne<\/h3>\n\n\n\n<p class=\"wp-block-paragraph\">Gorce s\u0105 znakomitym miejscem do w\u0119dr\u00f3wek je\u015bli chcecie unikn\u0105\u0107 forsownych, stromych podej\u015b\u0107. Id\u0105c na ka\u017cdy ze szczyt\u00f3w trzeba oczywi\u015bcie zdoby\u0107 nieco wysoko\u015bci, ale p\u00f3\u017aniej czeka was w\u0119dr\u00f3wka \u0142agodnie faluj\u0105cymi grzbietami z widokami na wszystkie niemal pasma g\u00f3rskie po\u0142udniowej Polski. Szlaki s\u0105 cz\u0119sto szerokimi drogami przez las, ale niewiele z nich wyposa\u017cono w schodki czy utwardzan\u0105 kamieniami nawierzchni\u0119. Nawet na takich, \u0142atwiejszych fragmentach, dobrze jednak korzysta\u0107 z kijk\u00f3w trekkingowych. Nie tylko pozwol\u0105 wam w\u0119drowa\u0107 pewniej, ale te\u017c dalej.<\/p>\n\n\n\n<p class=\"wp-block-paragraph\"><\/p>\n\n\n\n<figure class=\"wp-block-image\"><a href=\"https:\/\/8a.pl\/outlet\"><img decoding=\"async\" src=\"https:\/\/8a.pl\/8academy\/wp-content\/uploads\/2024\/03\/outlet-8a-baner.jpg\" alt=\"Outdoor outlet - sklep ze sprz\u0119tem, butami i obuwiem\"\/><\/a><\/figure>\n\n\n\n<p class=\"wp-block-paragraph\">Szlaki okupuj\u0105ce niezmiennie czo\u0142owe miejsca na tej li\u015bcie to oczywi\u015bcie szlaki prowadz\u0105ce na Turbacz.<br>Najkr\u00f3tszy i najcz\u0119\u015bciej chyba wybierany prowadzi zielonymi znakami z osiedla w granicach Nowego Targu, Kowa\u0144ca. Alternatyw\u0105 dla niego jest, niewiele d\u0142u\u017cszy, ale zwykle mniej zat\u0142oczony szlak \u017c\u00f3\u0142ty. Cho\u0107 sw\u00f3j pocz\u0105tek ma w tym samym miejscu co zielony, to najcz\u0119\u015bciej w\u0119dr\u00f3wk\u0119 zaczyna si\u0119 nieco wy\u017cej, z osiedla Oleks\u00f3wka id\u0105c wzd\u0142u\u017c potoku o tej samej nazwie.<\/p>\n\n\n\n<p class=\"wp-block-paragraph\"><\/p>\n\n\n<div class=\"wp-block-image\">\n<figure class=\"aligncenter size-full\"><img decoding=\"async\" width=\"600\" height=\"900\" src=\"https:\/\/8a.pl\/8academy\/wp-content\/uploads\/2024\/03\/Turbacz_a1_sm.jpg\" alt=\"Jedno z najwi\u0119kszych schronisk w polskich g\u00f3rach - na Turbaczu \" class=\"wp-image-67938\" srcset=\"https:\/\/8a.pl\/8academy\/wp-content\/uploads\/2024\/03\/Turbacz_a1_sm.jpg 600w, https:\/\/8a.pl\/8academy\/wp-content\/uploads\/2024\/03\/Turbacz_a1_sm-200x300.jpg 200w\" sizes=\"(max-width: 600px) 100vw, 600px\" \/><figcaption class=\"wp-element-caption\">Jedno z najwi\u0119kszych schronisk w polskich g\u00f3rach &#8211; na Turbaczu (fot. Wikimedia Commons)<\/figcaption><\/figure>\n<\/div>\n\n\n<h3 class=\"wp-block-heading\" id=\"h-gorczanski-odcinek-glownego-szlaku-beskidzkiego\">Gorcza\u0144ski odcinek G\u0142\u00f3wnego Szlaku Beskidzkiego<\/h3>\n\n\n\n<p class=\"wp-block-paragraph\">Najs\u0142ynniejszy chyba w Polsce szlak turystyczny &nbsp;&#8211; GSB &#8211; wiod\u0105cy czerwonymi znakami z Ustronia do Wo\u0142osatego, na odcinku biegn\u0105cym przez Gorce ma niespe\u0142na 50 kilometr\u00f3w. Prowadzi jednak przez jedne z najbardziej efektownych miejsc w tych g\u00f3rach. Id\u0105c z zachodu, najpierw wejdziecie na Maciejow\u0105, gdzie z polany Przys\u0142op wida\u0107 z jednej strony ca\u0142y Beskid Makowski, a z drugiej na horyzoncie majacz\u0105 Tatry.<\/p>\n\n\n\n<p class=\"wp-block-paragraph\">Ledwie 4 km dalej traficie na kolejne schronisko \u2013 na Starych Wierchach, a st\u0105d ju\u017c tylko 2 godzony marszu na Turbacz. Dalej czerwone znaki prowadz\u0105 w d\u00f3\u0142, przez Kiczor\u0119 na Prze\u0142\u0119cz Knurowsk\u0105, gdzie zn\u00f3w trzeba zacz\u0105\u0107 powoli nabiera\u0107 wysoko\u015bci. Najwy\u017cszym punktem tej cz\u0119\u015bci szlaku jest Lubo\u0144, z kt\u00f3rego schodzi si\u0119 do Kro\u015bcienka.<\/p>\n\n\n\n<p class=\"wp-block-paragraph\">Po drodze, z ka\u017cdej z licznych polan mo\u017cecie podziwia\u0107 widoki na Beskid Makowski, Tatry, pasmo Babiej G\u00f3ry czy odchodz\u0105ce od Turbacza pasma Gorc\u00f3w.<\/p>\n\n\n\n<h3 class=\"wp-block-heading\" id=\"h-szlak-rowerowy-na-turbacz\">Szlak rowerowy na Turbacz<\/h3>\n\n\n\n<p class=\"wp-block-paragraph\">Propozycja dotarcia na najwy\u017cszy szczyt Gorc\u00f3w na dw\u00f3ch k\u00f3\u0142kach nie dla wszystkich b\u0119dzie brzmie\u0107 kusz\u0105co. G\u00f3rskie podjazdy na rowerze to wszak niema\u0142y wysi\u0142ek. Trasa, kt\u00f3r\u0105 chcemy wam zaproponowa\u0107 nie jest jednak wcale trudna. Nie ma ekstremalnie stromych podjazd\u00f3w, wysoko\u015b\u0107 zdobywa si\u0119 przez wi\u0119kszo\u015b\u0107 trasy powoli, a satysfakcja ze zdobycia Turbacza na rowerowym siode\u0142ku wynagrodzi trud.<\/p>\n\n\n\n<p class=\"wp-block-paragraph\">Trasa \u201e\u015bladami Olimpijczyk\u00f3w\u201d zosta\u0142a pomy\u015blana jak przede wszystkim trasa dla narciarzy na bieg\u00f3wkach, ale latem jest doskona\u0142\u0105 drog\u0105 rowerow\u0105. Na dystansie 11 km pokonuje si\u0119 niespe\u0142na 600 metr\u00f3w w g\u00f3r\u0119. Po obowi\u0105zkowej szarlotce z lodami w schronisku, zjazd b\u0119dzie czysta przyjemno\u015bci\u0105.<\/p>\n\n\n\n<p class=\"wp-block-paragraph\"><\/p>\n\n\n<div class=\"wp-block-image\">\n<figure class=\"aligncenter size-full\"><img decoding=\"async\" width=\"600\" height=\"900\" src=\"https:\/\/8a.pl\/8academy\/wp-content\/uploads\/2024\/03\/jake-schumacher-r92CDGlpMQE-unsplash_sm.jpg\" alt=\"W Gorcach opr\u00f3cz &quot;wycieczkowych&quot; znajdziecie te\u017c \u015bcie\u017cki rowerowe gwarantuj\u0105ce odpowiedni\u0105 dawk\u0119 adrenaliny.\" class=\"wp-image-67942\" srcset=\"https:\/\/8a.pl\/8academy\/wp-content\/uploads\/2024\/03\/jake-schumacher-r92CDGlpMQE-unsplash_sm.jpg 600w, https:\/\/8a.pl\/8academy\/wp-content\/uploads\/2024\/03\/jake-schumacher-r92CDGlpMQE-unsplash_sm-200x300.jpg 200w\" sizes=\"(max-width: 600px) 100vw, 600px\" \/><figcaption class=\"wp-element-caption\">W Gorcach opr\u00f3cz &#8220;wycieczkowych&#8221; znajdziecie te\u017c \u015bcie\u017cki rowerowe gwarantuj\u0105ce odpowiedni\u0105 dawk\u0119 adrenaliny. (fot. Unsplash)<\/figcaption><\/figure>\n<\/div>\n\n\n<h2 class=\"wp-block-heading\" id=\"h-gorce-co-warto-zobaczyc\">Gorce \u2013 co warto zobaczy\u0107<\/h2>\n\n\n\n<p class=\"wp-block-paragraph\">Jak na niewielki obszar, kt\u00f3ry zajmuj\u0105, Gorce oferuj\u0105 naprawd\u0119 sporo atrakcji. I s\u0105 to cz\u0119sto atrakcje niepospolite. Cz\u0119\u015b\u0107 z nich to miejsca, kt\u00f3rych mo\u017cna si\u0119 spodziewa\u0107 w g\u00f3rach. Inne jednak s\u0105 niezwyk\u0142e i nie znajdziecie ich w \u017cadnym innym polskim pasmie g\u00f3rskim.<\/p>\n\n\n\n<h3 class=\"wp-block-heading\" id=\"h-wieze-widokowe-w-gorcach\">Wie\u017ce widokowe w Gorcach<\/h3>\n\n\n\n<p class=\"wp-block-paragraph\">Gorce to polskie zag\u0142\u0119bie wie\u017c widokowych. Na niewielkim obszarze znajdziecie a\u017c trzy takie obiekty. B\u0119d\u0105c w Gorcach, mo\u017cna odwiedzi\u0107 te\u017c czwart\u0105, bo zbudowano j\u0105 tu\u017c, tu\u017c, niemal na granicy Beskidu S\u0105deckiego.<\/p>\n\n\n\n<p class=\"wp-block-paragraph\">Najefektowniejsza z wie\u017c stoi na Lubaniu. Platforma widokowa znajduje si\u0119 na wysoko\u015bci 20 metr\u00f3w. Poniewa\u017c Luba\u0144 jest najwy\u017cszym wzniesieniem w okolicy, efektowny widok jest na wszystkie cztery strony \u015bwiata. Na wie\u017cy znajdziecie te\u017c tablice pokazuj\u0105ce panoramy z zaznaczonymi nazwami szczyt\u00f3w. Kolejna, nieco ni\u017csza, stoi na szczycie Gorca, na p\u00f3\u0142nocno-wschodnim kra\u0144cu pasma. Jest najmniej popularna, wi\u0119c tu macie spor\u0105 szans\u0119 by\u0107 na platformie widokowej sami. Trzecia wie\u017ca widokowa stoi na Magurkach, na trasie, kt\u00f3r\u0105 prowadzi jedna ze \u015bcie\u017cek edukacyjnych Gorcza\u0144skiego Parku Narodowego.<\/p>\n\n\n\n<p class=\"wp-block-paragraph\">Wszystkie wie\u017ce powsta\u0142y w ramach unijnego projektu realizowanego przez gmin\u0119 Ochotnica. Obejmowa\u0142 budow\u0119 czterech wie\u017c widokowych wi\u0119c cho\u0107 czwarta nie le\u017cy w granicach geograficznych pasma, mo\u017cna j\u0105 z czystym sumieniem do tej listy dopisa\u0107. Stoi po drugiej stronie Dunajca, na Koziarzu. Widoki s\u0105 oczywi\u015bcie podobne do tych, kt\u00f3re b\u0119dziecie mie\u0107 z pozosta\u0142ych trzech. Je\u015bli jednak spojrzycie na zach\u00f3d, to z wie\u017cy widokowej na Koziarzu zobaczycie ca\u0142e Gorce.<\/p>\n\n\n\n<p class=\"wp-block-paragraph\"><\/p>\n\n\n\n<figure class=\"wp-block-image size-full\"><a href=\"https:\/\/8a.pl\/plecaki-turystyczne\"><img loading=\"lazy\" decoding=\"async\" width=\"850\" height=\"200\" src=\"https:\/\/8a.pl\/8academy\/wp-content\/uploads\/2024\/03\/plecaki-turustyczne-8a-baner.jpg\" alt=\"Plecaki turystyczne - sklep\" class=\"wp-image-68081\" srcset=\"https:\/\/8a.pl\/8academy\/wp-content\/uploads\/2024\/03\/plecaki-turustyczne-8a-baner.jpg 850w, https:\/\/8a.pl\/8academy\/wp-content\/uploads\/2024\/03\/plecaki-turustyczne-8a-baner-300x71.jpg 300w, https:\/\/8a.pl\/8academy\/wp-content\/uploads\/2024\/03\/plecaki-turustyczne-8a-baner-768x181.jpg 768w\" sizes=\"(max-width: 850px) 100vw, 850px\" \/><\/a><\/figure>\n\n\n\n<h3 class=\"wp-block-heading\" id=\"h-kudlonski-baca-i-diabelski-kamien\">Kud\u0142o\u0144ski Baca i Diabelski Kamie\u0144<\/h3>\n\n\n\n<p class=\"wp-block-paragraph\">Gorce nie kojarz\u0105 si\u0119 nam ze ska\u0142ami. To \u0142agodne stoki z rozleg\u0142ymi widokowymi polanami. Wielu w\u0119drowc\u00f3w jest wi\u0119c zaskoczonych kiedy nieopodal czarnego szlaku turystycznego prowadz\u0105cego z Lubomierza widzi wysok\u0105 ska\u0142\u0119. To najwi\u0119kszy z osta\u0144c\u00f3w na zboczach Kud\u0142onia. Ma kilkana\u015bcie metr\u00f3w wysoko\u015bci i jak mo\u017cna si\u0119 domy\u015bla\u0107, wi\u0105\u017c\u0105 si\u0119 z nim przer\u00f3\u017cne legendy. Jedna twierdzi, \u017ce to z\u0142y baca, kt\u00f3ry zosta\u0142 ukarany za swoje niegodziwo\u015bci, inna, \u017ce to diabelska sprawka.<\/p>\n\n\n\n<p class=\"wp-block-paragraph\">Z nieczystymi si\u0142ami wi\u0105\u017ce si\u0119 te\u017c legenda dotycz\u0105ca wychodni skalnej, kt\u00f3ra znajduje si\u0119 na Czole Turbacza. Wielki g\u0142az nazywany jest Diabelskim Kamieniem, a tajemniczo\u015bci przydaje mu napis, kt\u00f3ry na nim wyryto. Nie da si\u0119 dzi\u015b dociec jaki by\u0142 pierwotny tekst wyryty w kamieniu, a domys\u0142\u00f3w od dziesi\u0105tk\u00f3w lat by\u0142o wiele. Na tym samym kamieniu w 2001 roku umieszczono tablic\u0119 pami\u0105tkow\u0105 po\u015bwi\u0119con\u0105 ratownikom Grupy Podhala\u0144skiej GOPR.<\/p>\n\n\n\n<p class=\"wp-block-paragraph\"><\/p>\n\n\n<div class=\"wp-block-image\">\n<figure class=\"aligncenter size-full\"><img loading=\"lazy\" decoding=\"async\" width=\"600\" height=\"900\" src=\"https:\/\/8a.pl\/8academy\/wp-content\/uploads\/2024\/03\/Kudlonski_Baca_a1_sm.jpg\" alt=\"Niespodziewany dla wielu w\u0119druj\u0105cych po Gorcach widok, kilkunastometrowy ostaniec nazywany Kud\u0142o\u0144skim Bac\u0105.\" class=\"wp-image-67939\" srcset=\"https:\/\/8a.pl\/8academy\/wp-content\/uploads\/2024\/03\/Kudlonski_Baca_a1_sm.jpg 600w, https:\/\/8a.pl\/8academy\/wp-content\/uploads\/2024\/03\/Kudlonski_Baca_a1_sm-200x300.jpg 200w\" sizes=\"(max-width: 600px) 100vw, 600px\" \/><figcaption class=\"wp-element-caption\">Niespodziewany dla wielu w\u0119druj\u0105cych po Gorcach widok, kilkunastometrowy ostaniec nazywany Kud\u0142o\u0144skim Bac\u0105. (fot. Wikimedia Commons)<\/figcaption><\/figure>\n<\/div>\n\n\n<h3 class=\"wp-block-heading\" id=\"h-sciezki-edukacyjne-gorczanskiego-parku-narodowego\">\u015acie\u017cki edukacyjne Gorcza\u0144skiego Parku Narodowego<\/h3>\n\n\n\n<p class=\"wp-block-paragraph\">Gorcza\u0144ski Park Narodowy obejmuje swoim obszarem ca\u0142\u0105 centraln\u0105 cz\u0119\u015b\u0107 Gorc\u00f3w. Istnieje od 1981 roku, ale historia ochrony cennych przyrodniczo obszar\u00f3w w Gorcach jest wcze\u015bniejsza ni\u017c najstarszy polski park narodowy, po\u0142o\u017cony po s\u0105siedzku, w Pieninach. Poza szlakami turystycznymi wytyczono na jego terenie dziewi\u0119\u0107 \u015bcie\u017cek edukacyjnych. To najcz\u0119\u015bciej nietrudne spacery pozwalaj\u0105ce pozna\u0107 przyrod\u0119, kultur\u0119 i histori\u0119 tego regionu. Najpopularniejsza to \u015bcie\u017cka \u201eDolina Potoku Jaszcze\u201d. Id\u0105c ni\u0105 odwiedzicie na przyk\u0142ad jeden z niewielu ju\u017c na terenie Gorc\u00f3w istniej\u0105cych naturalnych zbiornik\u00f3w wodnych oraz miejsce katastrofy ameryka\u0144skiego bombowca Liberator. Rozbi\u0142 si\u0119 na wschodnich stokach Kiczory w 1944 roku i lokalni partyzanci uratowali o\u015bmiu z dziewi\u0119ciu cz\u0142onk\u00f3w za\u0142ogi. \u015acie\u017cka dociera te\u017c do jednej z wie\u017c widokowych w Gorcach \u2013 na Magurkach.<\/p>\n\n\n\n<h3 class=\"wp-block-heading\" id=\"h-gorczanskie-jaskinie\">Gorcza\u0144skie jaskinie<\/h3>\n\n\n\n<p class=\"wp-block-paragraph\">Skoro s\u0105 ska\u0142y, to musz\u0105 by\u0107 i jaskinie. Cho\u0107 nie tak liczne jak w Tatrach, r\u00f3wnie\u017c pod szlakami Gorc\u00f3w ci\u0105gn\u0105 si\u0119 podziemne korytarze. R\u00f3wnie\u017c z nimi wi\u0105\u017c\u0105 si\u0119 legendy o zb\u00f3jnikach i pankach, le\u015bnych duchach z twarzami poro\u015bni\u0119tymi mchem. \u017badna z nich nie jest udost\u0119pniona do ruchu turystycznego, ale sama \u015bwiadomo\u015b\u0107, \u017ce i w Gorcach s\u0105 jaskinie mo\u017ce by\u0107 dla wielu z Was zaskakuj\u0105ca.<\/p>\n\n\n\n<p class=\"wp-block-paragraph\"><\/p>\n\n\n<div class=\"wp-block-image\">\n<figure class=\"aligncenter size-full\"><img loading=\"lazy\" decoding=\"async\" width=\"600\" height=\"900\" src=\"https:\/\/8a.pl\/8academy\/wp-content\/uploads\/2024\/03\/Gorce_-_kapliczka_Bulandy_sm.jpg\" alt=\"Maj\u0105ca ponad sto lat kapliczka Bulandy na Jaworzynie Kamienickiej. I z ni\u0105 zwi\u0105zanych jest wiele fantastycznych opowie\u015bci.\" class=\"wp-image-67937\" srcset=\"https:\/\/8a.pl\/8academy\/wp-content\/uploads\/2024\/03\/Gorce_-_kapliczka_Bulandy_sm.jpg 600w, https:\/\/8a.pl\/8academy\/wp-content\/uploads\/2024\/03\/Gorce_-_kapliczka_Bulandy_sm-200x300.jpg 200w\" sizes=\"(max-width: 600px) 100vw, 600px\" \/><figcaption class=\"wp-element-caption\">Maj\u0105ca ponad sto lat kapliczka Bulandy na Jaworzynie Kamienickiej. I z ni\u0105 zwi\u0105zanych jest wiele fantastycznych opowie\u015bci. (fot. Wikimedia Commons)<\/figcaption><\/figure>\n<\/div>\n\n\n<h2 class=\"wp-block-heading\" id=\"h-gorce-z-dziecmi\">Gorce z dzie\u0107mi<\/h2>\n\n\n\n<p class=\"wp-block-paragraph\">Wszyscy podr\u00f3\u017cuj\u0105cy z dzie\u0107mi nieustannie my\u015bl\u0105 o tym, \u017ceby m\u0142odym podr\u00f3\u017cnikom zapewni\u0107 dostateczn\u0105 ilo\u015b\u0107 atrakcji. Dzieci szybko si\u0119 nudz\u0105, wi\u0119c d\u0142ugie, jednostajne w\u0119dr\u00f3wki mog\u0105 nie by\u0107 najlepszym planem.<\/p>\n\n\n\n<p class=\"wp-block-paragraph\">Atrakcje, kt\u00f3re wymienili\u015bmy wcze\u015bniej \u2013 wie\u017ce widokowe, \u015bcie\u017cki edukacyjne \u2013 powsta\u0142y w\u0142a\u015bnie z my\u015bl\u0105 o nich. Do ka\u017cdej z wie\u017c widokowych mo\u017cna dotrze\u0107 w ci\u0105gu najwy\u017cej dw\u00f3ch godzin, a do tej na Koziarzu w raptem kilkana\u015bcie minut. \u015acie\u017cki edukacyjne maj\u0105 najwy\u017cej kilkana\u015bcie kilometr\u00f3w i na ka\u017cdej umieszczono na tyle tablic edukacyjnych, \u017ce co i rusz b\u0119dziecie si\u0119 zatrzymywa\u0107, \u017ceby si\u0119 czego\u015b nowego dowiedzie\u0107.<\/p>\n\n\n\n<p class=\"wp-block-paragraph\">Gorce s\u0105 te\u017c otoczone miejscowo\u015bciami, kt\u00f3re przez ca\u0142y rok s\u0105 licznie odwiedzane przez turyst\u00f3w. W Nowym Targu, Kro\u015bcienku, Szczawnicy a przede wszystkim w Rabce, znajdziecie mas\u0119 miejsc, gdzie mo\u017cna sp\u0119dzi\u0107 atrakcyjnie czas je\u015bli pogoda nie jest idealna do w\u0119dr\u00f3wki po szlakach turystycznych.<\/p>\n\n\n\n<p class=\"wp-block-paragraph\">Jest Skansen Taboru Kolejowego w Chab\u00f3wce, parki linowe w Kro\u015bcienku i Rabce, zamek w niedalekim Czorsztynie czy mo\u017cliwo\u015b\u0107 sp\u0142ywu prze\u0142omem Dunajca wcinaj\u0105cego si\u0119 mi\u0119dzy Gorce a Pieniny.<\/p>\n\n\n\n<h2 class=\"wp-block-heading\" id=\"h-gorce-zima\">Gorce zim\u0105<\/h2>\n\n\n\n<p class=\"wp-block-paragraph\">Zim\u0105 Gorce to dwa odr\u0119bne \u015bwiaty. Pierwszym jest Turbacz, gdzie ruch nawet podczas najbardziej \u015bnie\u017cnej zimy wydaje si\u0119 by\u0107 nie mniejszy ni\u017c latem. To oznacza, \u017ce najpopularniejsze szlaki na najwy\u017cszy szczyt Gorc\u00f3w s\u0105 przewa\u017cnie dobrze przetarte. Nadaj\u0105 si\u0119 zatem nawet dla tych, kt\u00f3rzy w zimowych g\u00f3rskich w\u0119dr\u00f3wkach nie s\u0105 zaprawieni.<\/p>\n\n\n\n<p class=\"wp-block-paragraph\">Do ka\u017cdej takiej wyprawy trzeba si\u0119 jednak przygotowa\u0107, bo cho\u0107 niewysokie i \u0142agodne, Gorce, jak ka\u017cde g\u00f3ry, trzeba zim\u0105 traktowa\u0107 z respektem. <a href=\"https:\/\/8a.pl\/8academy\/gory-zima-dla-poczatkujacych\/\">W tym artykule piszemy o wszystkim co zim\u0105 trzeba ze sob\u0105 w g\u00f3ry zabra\u0107.<\/a><\/p>\n\n\n\n<p class=\"wp-block-paragraph\">Szlaki takie jak trasa \u201e\u015aladami Olimpijczyk\u00f3w\u201d na Turbacz s\u0105 zim\u0105 popularne w\u015br\u00f3d narciarzy. Je\u015bli warunki dopisuj\u0105, w ka\u017cdy zimowy weekend schronisko pod Turbaczem wygl\u0105da jakby by\u0142o po\u0142o\u017cone w \u015brodku Alp. &nbsp;Wi\u0119cej os\u00f3b dociera tam na bieg\u00f3wkach albo skiturach ni\u017c pieszo.<\/p>\n\n\n\n<p class=\"wp-block-paragraph\">Po drugiej stronie Dunajca le\u017cy nie mniej popularne, najmniejsze polskie pasmo g\u00f3rskie. <a href=\"https:\/\/8a.pl\/8academy\/pieniny-zima\/\">W Pieninach te\u017c jest sporo do zobaczenia zim\u0105, o czym mo\u017cecie przeczyta\u0107 w tym artykule.<\/a><\/p>\n\n\n\n<p class=\"wp-block-paragraph\"><\/p>\n\n\n<div class=\"wp-block-image\">\n<figure class=\"aligncenter size-full\"><img loading=\"lazy\" decoding=\"async\" width=\"600\" height=\"900\" src=\"https:\/\/8a.pl\/8academy\/wp-content\/uploads\/2024\/03\/Gorce_Podskaly_sm.jpg\" alt=\"Stare sza\u0142asy na Polanie Podska\u0142y. W oddali wida\u0107 Turbacz, najwy\u017cszy szczyt Gorc\u00f3w.\" class=\"wp-image-67941\" srcset=\"https:\/\/8a.pl\/8academy\/wp-content\/uploads\/2024\/03\/Gorce_Podskaly_sm.jpg 600w, https:\/\/8a.pl\/8academy\/wp-content\/uploads\/2024\/03\/Gorce_Podskaly_sm-200x300.jpg 200w\" sizes=\"(max-width: 600px) 100vw, 600px\" \/><figcaption class=\"wp-element-caption\">Stare sza\u0142asy na Polanie Podska\u0142y. W oddali wida\u0107 Turbacz, najwy\u017cszy szczyt Gorc\u00f3w. (fot. Wikimedia Commons)<\/figcaption><\/figure>\n<\/div>\n\n\n<h2 class=\"wp-block-heading\" id=\"h-jak-najlepiej-dojechac-w-gorce\">Jak najlepiej dojecha\u0107 w Gorce?<\/h2>\n\n\n\n<p class=\"wp-block-paragraph\">To chyba jedyne pasmo g\u00f3rskie w Polsce, gdzie mo\u017cna \u0142atwo dotrze\u0107 z ka\u017cdej strony. Rabka i Nowy Targ, b\u0119d\u0105ce zachodni\u0105 \u201ebram\u0105\u201d w Gorce le\u017c\u0105 przy trasie szybkiego ruchu prowadz\u0105cej do Zakopanego. Obie miejscowo\u015bci maj\u0105 bogat\u0105 ofert\u0119 noclegow\u0105, do obu mo\u017cna te\u017c \u0142atwo dotrze\u0107 kolej\u0105. &nbsp;Z drugiej strony Gorc\u00f3w, na wschodzie, le\u017c\u0105 Kro\u015bcienko i Szczawnica. Nieco na uboczu, ale nadal dotarcie tam w\u0142asnym autem czy transportem publicznym nie jest \u017cadnym problemem.<\/p>\n\n\n\n<h3 class=\"wp-block-heading\" id=\"h-noclegi-w-gorcach\">Noclegi w Gorcach<\/h3>\n\n\n\n<p class=\"wp-block-paragraph\">Z tym r\u00f3wnie\u017c nie powinno by\u0107 \u017cadnego problemu. W Gorcach funkcjonuje kilka schronisk turystycznych \u2013 bac\u00f3wka na Maciejowej, schroniska na Turbaczu i Starych Wierchach, \u201eKoliba\u201d na \u0141apsowej Polanie. Latem mo\u017cna korzysta\u0107 z baz namiotowe na Gorcu i Lubaniu. Obie s\u0105 niemal na szczycie i kilka minut od wie\u017c widokowych. S\u0105 te\u017c niezliczone sza\u0142asy, bac\u00f3wki, domki i miejsca jak kultowe Bene pod Turbaczem. Zaplanowany czy awaryjny nocleg \u2013 w Gorcach mo\u017cliwo\u015bci jest bez liku.<\/p>\n\n\n\n<p class=\"wp-block-paragraph\">Ilo\u015b\u0107 schronisk jest r\u00f3wnie\u017c u\u0142atwieniem dla tych, kt\u00f3rzy chc\u0105 po Gorcach w\u0119drowa\u0107 d\u0142u\u017cej ni\u017c przez jeden weekend. Cho\u0107 to niezbyt rozleg\u0142e pasmo, szlak\u00f3w turystycznych wystarczy na co najmniej tydzie\u0144 r\u00f3\u017cnorodnych wra\u017ce\u0144. Mo\u017cna w\u0119drowa\u0107 od schroniska do schroniska, mo\u017cna to na Turbaczu potraktowa\u0107  jako baz\u0119, albo nocowa\u0107 na polach namiotowych. To jak minimalistycznie si\u0119 spakujecie, zdeterminuje rozmiar plecaka turystycznego, kt\u00f3ry ze sob\u0105 zabierzecie. Niezale\u017cnie od tego jak ma\u0142y lub du\u017cy, <a href=\"https:\/\/8a.pl\/plecaki-turystyczne\">sw\u00f3j nast\u0119pny plecak trekkingowy na pewno znajdziecie tutaj<\/a>.<\/p>\n\n\n\n<p class=\"wp-block-paragraph\">Z Gorc\u00f3w wydaje si\u0119 by\u0107 blisko wsz\u0119dzie. Beskid Makowski, S\u0105decki, Pieniny czy Tatry s\u0105 na wyci\u0105gni\u0119cie r\u0119ki. W zaplanowaniu weekendowych wypad\u00f3w w otaczaj\u0105ce Gorce pasma g\u00f3rskie i <a href=\"https:\/\/8a.pl\/8academy\/gdzie-w-gory-na-weekend\/\">we wszystkie inne polskie g\u00f3ry pomo\u017ce wam na pewno ten artyku\u0142.<\/a><\/p>\n","protected":false},"excerpt":{"rendered":"<p>Trawestuj\u0105c znane powiedzenie \u2013 \u201cwszystkie szlaki prowadz\u0105 na Turbacz\u201d. Gdziekolwiek bowiem w Gorcach si\u0119 nie wybierzecie, zawsze, magicznym sposobem, traficie na najwy\u017cszy szczyt tego pasma. Nawet je\u015bli nie dotrzecie do samego wierzcho\u0142ka, to na pewno odwiedzicie schronisko po\u0142o\u017cone raptem kilkaset metr\u00f3w od niego. <\/p>\n","protected":false},"author":7,"featured_media":67935,"comment_status":"closed","ping_status":"closed","sticky":false,"template":"","format":"standard","meta":{"_acf_changed":false,"_uf_show_specific_survey":0,"_uf_disable_surveys":false,"footnotes":""},"categories":[26070],"tags":[26104,26077,26085],"class_list":["post-67933","post","type-post","status-publish","format-standard","has-post-thumbnail","hentry","category-turystyka-trekking","tag-caloroczne","tag-przewodnik","tag-trekking"],"acf":[],"yoast_head":"<!-- This site is optimized with the Yoast SEO Premium plugin v23.4 (Yoast SEO v25.5) - https:\/\/yoast.com\/wordpress\/plugins\/seo\/ -->\n<title>Gorce - szlaki turystyczne i atrakcje - 8academy.pl - portal g\u00f3rski i wspinaczkowy dla aktywnych<\/title>\n<meta name=\"description\" content=\"\u0141agodne grzbiety, rozleg\u0142e polany i najlepsze chyba punkty widokowe na Tatry i Beskidy to wystarczaj\u0105ce powody, \u017ceby pojecha\u0107 w Gorce.\" \/>\n<meta name=\"robots\" content=\"index, follow, max-snippet:-1, max-image-preview:large, max-video-preview:-1\" \/>\n<link rel=\"canonical\" href=\"https:\/\/8a.pl\/8academy\/gorce-szlaki-turystyczne-i-atrakcje\/\" \/>\n<meta property=\"og:locale\" content=\"pl_PL\" \/>\n<meta property=\"og:type\" content=\"article\" \/>\n<meta property=\"og:title\" content=\"Gorce - szlaki turystyczne i atrakcje\" \/>\n<meta property=\"og:description\" content=\"\u0141agodne grzbiety, rozleg\u0142e polany i najlepsze chyba punkty widokowe na Tatry i Beskidy to wystarczaj\u0105ce powody, \u017ceby pojecha\u0107 w Gorce.\" \/>\n<meta property=\"og:url\" content=\"https:\/\/8a.pl\/8academy\/gorce-szlaki-turystyczne-i-atrakcje\/\" \/>\n<meta property=\"og:site_name\" content=\"8academy.pl - portal g\u00f3rski i wspinaczkowy dla aktywnych\" \/>\n<meta property=\"article:publisher\" content=\"https:\/\/pl-pl.facebook.com\/sklep8apl\/\" \/>\n<meta property=\"article:published_time\" content=\"2024-03-21T09:00:00+00:00\" \/>\n<meta property=\"article:modified_time\" content=\"2024-04-09T07:31:48+00:00\" \/>\n<meta property=\"og:image\" content=\"http:\/\/8a.pl\/8academy\/wp-content\/uploads\/2024\/03\/wojciech-celinski-tVODOXiHUO4-unsplash_cover-scaled.jpg\" \/>\n\t<meta property=\"og:image:width\" content=\"2560\" \/>\n\t<meta property=\"og:image:height\" content=\"1869\" \/>\n\t<meta property=\"og:image:type\" content=\"image\/jpeg\" \/>\n<meta name=\"author\" content=\"Redakcja 8Academy\" \/>\n<meta name=\"twitter:card\" content=\"summary_large_image\" \/>\n<meta name=\"twitter:label1\" content=\"Napisane przez\" \/>\n\t<meta name=\"twitter:data1\" content=\"Redakcja 8Academy\" \/>\n\t<meta name=\"twitter:label2\" content=\"Szacowany czas czytania\" \/>\n\t<meta name=\"twitter:data2\" content=\"14 minut\" \/>\n<!-- \/ Yoast SEO Premium plugin. -->","yoast_head_json":{"title":"Gorce - szlaki turystyczne i atrakcje - 8academy.pl - portal g\u00f3rski i wspinaczkowy dla aktywnych","description":"\u0141agodne grzbiety, rozleg\u0142e polany i najlepsze chyba punkty widokowe na Tatry i Beskidy to wystarczaj\u0105ce powody, \u017ceby pojecha\u0107 w Gorce.","robots":{"index":"index","follow":"follow","max-snippet":"max-snippet:-1","max-image-preview":"max-image-preview:large","max-video-preview":"max-video-preview:-1"},"canonical":"https:\/\/8a.pl\/8academy\/gorce-szlaki-turystyczne-i-atrakcje\/","og_locale":"pl_PL","og_type":"article","og_title":"Gorce - szlaki turystyczne i atrakcje","og_description":"\u0141agodne grzbiety, rozleg\u0142e polany i najlepsze chyba punkty widokowe na Tatry i Beskidy to wystarczaj\u0105ce powody, \u017ceby pojecha\u0107 w Gorce.","og_url":"https:\/\/8a.pl\/8academy\/gorce-szlaki-turystyczne-i-atrakcje\/","og_site_name":"8academy.pl - portal g\u00f3rski i wspinaczkowy dla aktywnych","article_publisher":"https:\/\/pl-pl.facebook.com\/sklep8apl\/","article_published_time":"2024-03-21T09:00:00+00:00","article_modified_time":"2024-04-09T07:31:48+00:00","og_image":[{"width":2560,"height":1869,"url":"http:\/\/8a.pl\/8academy\/wp-content\/uploads\/2024\/03\/wojciech-celinski-tVODOXiHUO4-unsplash_cover-scaled.jpg","type":"image\/jpeg"}],"author":"Redakcja 8Academy","twitter_card":"summary_large_image","twitter_misc":{"Napisane przez":"Redakcja 8Academy","Szacowany czas czytania":"14 minut"},"schema":{"@context":"https:\/\/schema.org","@graph":[{"@type":"Article","@id":"https:\/\/8a.pl\/8academy\/gorce-szlaki-turystyczne-i-atrakcje\/#article","isPartOf":{"@id":"https:\/\/8a.pl\/8academy\/gorce-szlaki-turystyczne-i-atrakcje\/"},"author":{"name":"Redakcja 8Academy","@id":"https:\/\/8a.pl\/8academy\/#\/schema\/person\/2e392153a51786e6c3d5ede231b5d2a4"},"headline":"Gorce &#8211; szlaki turystyczne i atrakcje","datePublished":"2024-03-21T09:00:00+00:00","dateModified":"2024-04-09T07:31:48+00:00","mainEntityOfPage":{"@id":"https:\/\/8a.pl\/8academy\/gorce-szlaki-turystyczne-i-atrakcje\/"},"wordCount":2409,"publisher":{"@id":"https:\/\/8a.pl\/8academy\/#organization"},"image":{"@id":"https:\/\/8a.pl\/8academy\/gorce-szlaki-turystyczne-i-atrakcje\/#primaryimage"},"thumbnailUrl":"https:\/\/8a.pl\/8academy\/wp-content\/uploads\/2024\/03\/wojciech-celinski-tVODOXiHUO4-unsplash_cover-scaled.jpg","keywords":["Ca\u0142oroczne","Przewodnik","Trekking"],"articleSection":["Turystyka \/ trekking"],"inLanguage":"pl-PL"},{"@type":"WebPage","@id":"https:\/\/8a.pl\/8academy\/gorce-szlaki-turystyczne-i-atrakcje\/","url":"https:\/\/8a.pl\/8academy\/gorce-szlaki-turystyczne-i-atrakcje\/","name":"Gorce - szlaki turystyczne i atrakcje - 8academy.pl - portal g\u00f3rski i wspinaczkowy dla aktywnych","isPartOf":{"@id":"https:\/\/8a.pl\/8academy\/#website"},"primaryImageOfPage":{"@id":"https:\/\/8a.pl\/8academy\/gorce-szlaki-turystyczne-i-atrakcje\/#primaryimage"},"image":{"@id":"https:\/\/8a.pl\/8academy\/gorce-szlaki-turystyczne-i-atrakcje\/#primaryimage"},"thumbnailUrl":"https:\/\/8a.pl\/8academy\/wp-content\/uploads\/2024\/03\/wojciech-celinski-tVODOXiHUO4-unsplash_cover-scaled.jpg","datePublished":"2024-03-21T09:00:00+00:00","dateModified":"2024-04-09T07:31:48+00:00","description":"\u0141agodne grzbiety, rozleg\u0142e polany i najlepsze chyba punkty widokowe na Tatry i Beskidy to wystarczaj\u0105ce powody, \u017ceby pojecha\u0107 w Gorce.","breadcrumb":{"@id":"https:\/\/8a.pl\/8academy\/gorce-szlaki-turystyczne-i-atrakcje\/#breadcrumb"},"inLanguage":"pl-PL","potentialAction":[{"@type":"ReadAction","target":["https:\/\/8a.pl\/8academy\/gorce-szlaki-turystyczne-i-atrakcje\/"]}]},{"@type":"ImageObject","inLanguage":"pl-PL","@id":"https:\/\/8a.pl\/8academy\/gorce-szlaki-turystyczne-i-atrakcje\/#primaryimage","url":"https:\/\/8a.pl\/8academy\/wp-content\/uploads\/2024\/03\/wojciech-celinski-tVODOXiHUO4-unsplash_cover-scaled.jpg","contentUrl":"https:\/\/8a.pl\/8academy\/wp-content\/uploads\/2024\/03\/wojciech-celinski-tVODOXiHUO4-unsplash_cover-scaled.jpg","width":2560,"height":1869},{"@type":"BreadcrumbList","@id":"https:\/\/8a.pl\/8academy\/gorce-szlaki-turystyczne-i-atrakcje\/#breadcrumb","itemListElement":[{"@type":"ListItem","position":1,"name":"Strona g\u0142\u00f3wna","item":"https:\/\/8a.pl\/8academy\/"},{"@type":"ListItem","position":2,"name":"Gorce &#8211; szlaki turystyczne i atrakcje"}]},{"@type":"WebSite","@id":"https:\/\/8a.pl\/8academy\/#website","url":"https:\/\/8a.pl\/8academy\/","name":"8academy.pl - portal g\u00f3rski i wspinaczkowy dla aktywnych","description":"8academy to portal g\u00f3rski o wspinaczce, trekkingu i skiturach. Znajdziesz tu porady, testy sprz\u0119tu i opisy najlepszych rejon\u00f3w. Inspirujemy zdobywc\u00f3w!","publisher":{"@id":"https:\/\/8a.pl\/8academy\/#organization"},"potentialAction":[{"@type":"SearchAction","target":{"@type":"EntryPoint","urlTemplate":"https:\/\/8a.pl\/8academy\/?s={search_term_string}"},"query-input":{"@type":"PropertyValueSpecification","valueRequired":true,"valueName":"search_term_string"}}],"inLanguage":"pl-PL"},{"@type":"Organization","@id":"https:\/\/8a.pl\/8academy\/#organization","name":"8academy.pl - portal g\u00f3rski i wspinaczkowy dla aktywnych","url":"https:\/\/8a.pl\/8academy\/","logo":{"@type":"ImageObject","inLanguage":"pl-PL","@id":"https:\/\/8a.pl\/8academy\/#\/schema\/logo\/image\/","url":"https:\/\/8a.pl\/8academy\/wp-content\/uploads\/2015\/11\/logo.png","contentUrl":"https:\/\/8a.pl\/8academy\/wp-content\/uploads\/2015\/11\/logo.png","width":438,"height":315,"caption":"8academy.pl - portal g\u00f3rski i wspinaczkowy dla aktywnych"},"image":{"@id":"https:\/\/8a.pl\/8academy\/#\/schema\/logo\/image\/"},"sameAs":["https:\/\/pl-pl.facebook.com\/sklep8apl\/","https:\/\/www.instagram.com\/8apl\/"]},{"@type":"Person","@id":"https:\/\/8a.pl\/8academy\/#\/schema\/person\/2e392153a51786e6c3d5ede231b5d2a4","name":"Redakcja 8Academy","image":{"@type":"ImageObject","inLanguage":"pl-PL","@id":"https:\/\/8a.pl\/8academy\/#\/schema\/person\/image\/","url":"https:\/\/8a.pl\/8academy\/wp-content\/uploads\/2017\/10\/logo_obrobione_2_150_59ICJ.jpg","contentUrl":"https:\/\/8a.pl\/8academy\/wp-content\/uploads\/2017\/10\/logo_obrobione_2_150_59ICJ.jpg","caption":"Redakcja 8Academy"},"url":"https:\/\/8a.pl\/8academy\/author\/redakcja\/"}]}},"_links":{"self":[{"href":"https:\/\/8a.pl\/8academy\/wp-json\/wp\/v2\/posts\/67933","targetHints":{"allow":["GET"]}}],"collection":[{"href":"https:\/\/8a.pl\/8academy\/wp-json\/wp\/v2\/posts"}],"about":[{"href":"https:\/\/8a.pl\/8academy\/wp-json\/wp\/v2\/types\/post"}],"author":[{"embeddable":true,"href":"https:\/\/8a.pl\/8academy\/wp-json\/wp\/v2\/users\/7"}],"replies":[{"embeddable":true,"href":"https:\/\/8a.pl\/8academy\/wp-json\/wp\/v2\/comments?post=67933"}],"version-history":[{"count":4,"href":"https:\/\/8a.pl\/8academy\/wp-json\/wp\/v2\/posts\/67933\/revisions"}],"predecessor-version":[{"id":68085,"href":"https:\/\/8a.pl\/8academy\/wp-json\/wp\/v2\/posts\/67933\/revisions\/68085"}],"wp:featuredmedia":[{"embeddable":true,"href":"https:\/\/8a.pl\/8academy\/wp-json\/wp\/v2\/media\/67935"}],"wp:attachment":[{"href":"https:\/\/8a.pl\/8academy\/wp-json\/wp\/v2\/media?parent=67933"}],"wp:term":[{"taxonomy":"category","embeddable":true,"href":"https:\/\/8a.pl\/8academy\/wp-json\/wp\/v2\/categories?post=67933"},{"taxonomy":"post_tag","embeddable":true,"href":"https:\/\/8a.pl\/8academy\/wp-json\/wp\/v2\/tags?post=67933"}],"curies":[{"name":"wp","href":"https:\/\/api.w.org\/{rel}","templated":true}]}}