{"id":67825,"date":"2024-03-12T10:00:00","date_gmt":"2024-03-12T09:00:00","guid":{"rendered":"https:\/\/8a.pl\/8academy\/?p=67825"},"modified":"2026-08-19T11:15:15","modified_gmt":"2026-08-19T09:15:15","slug":"kasprowy-wierch-jak-wejsc-ktory-szlak-wybrac","status":"publish","type":"post","link":"https:\/\/8a.pl\/8academy\/kasprowy-wierch-jak-wejsc-ktory-szlak-wybrac\/","title":{"rendered":"Kasprowy Wierch &#8211; jak wej\u015b\u0107, kt\u00f3ry szlak wybra\u0107?"},"content":{"rendered":"\n<h2 class=\"wp-block-heading\" id=\"h-kasprowy-wierch-krotka-charakterystyka-szczytu\">Kasprowy Wierch \u2013 kr\u00f3tka charakterystyka szczytu<\/h2>\n\n\n\n<p class=\"wp-block-paragraph\">Kasprowy Wierch swoj\u0105 nazw\u0119 zawdzi\u0119cza le\u017c\u0105cej u jego p\u00f3\u0142nocnych zboczy Hali Kasprowej i Dolinie Kasprowej. Te z kolei, jak twierdz\u0105 tradycyjne przekazy, wzi\u0119\u0142y si\u0119 od ich dawnego w\u0142a\u015bciciela, g\u00f3rala Kaspra. Ma 1987 m wysoko\u015bci i jest jednym z wybitnych szczyt\u00f3w w g\u0142\u00f3wnej grani Tatr. Po polskiej stronie, g\u00f3ruje nad Dolin\u0105 Bystrej na zachodzie i Dolin\u0105 Suchej Wody na wschodzie. Od po\u0142udnia, odchodz\u0105ca w obie strony z Kasprowego gra\u0144 opada do Doliny Cichej.<\/p>\n\n\n\n<h2 class=\"wp-block-heading\" id=\"h-wejscie-na-kasprowy-wierch-ktory-szlak-wybrac\">Wej\u015bcie na Kasprowy Wierch &#8211; kt\u00f3ry szlak wybra\u0107<\/h2>\n\n\n\n<p class=\"wp-block-paragraph\">Na szczyt Kasprowego Wierchu prowadzi pi\u0119\u0107 szlak\u00f3w turystycznych i opiszemy je poni\u017cej wszystkie. Na ka\u017cdy z nich mo\u017cna si\u0119 dosta\u0107 z wielu miejsc, rozpocz\u0105\u0107 w\u0119dr\u00f3wk\u0119 bli\u017cej lub dalej od celu. Tras\u0119 mo\u017cna \u0142atwo dopasowa\u0107 do tego ile macie na wej\u015bcie na Kasprowy Wierch czasu. Je\u015bli macie ochot\u0119 na bardzo kr\u00f3tk\u0105 wycieczk\u0119, mo\u017cna nawet pokona\u0107 tras\u0119 na szczyt tylko w jednym kierunku. Wej\u015b\u0107 pieszo i zjecha\u0107 kolejk\u0105. Mo\u017cna te\u017c Kasprowy zaliczy\u0107 jako jeden ze szczyt\u00f3w w g\u0142\u00f3wnej grani Tatr w\u0119druj\u0105c czerwonym szlakiem na wsch\u00f3d lub na zach\u00f3d.<\/p>\n\n\n\n<p class=\"wp-block-paragraph\">Kt\u00f3rykolwiek szlak wybierzecie, trzeba pami\u0119ta\u0107, \u017ce Tatry to powa\u017cne, wysokie g\u00f3ry. Wybieraj\u0105c si\u0119 nawet na kr\u00f3tk\u0105 wycieczk\u0119, dbajcie o swoje bezpiecze\u0144stwo. Najlepiej zacznijcie od przeczytania <a href=\"https:\/\/8a.pl\/8academy\/bezpieczenstwo-w-tatrach\/\" target=\"_blank\" rel=\"noreferrer noopener\">artyku\u0142u Janusza Go\u0142\u0105ba, poruszaj\u0105cego w\u0142a\u015bnie kwestie bezpiecze\u0144stwa w Tatrach<\/a>.<\/p>\n\n\n\n<p class=\"wp-block-paragraph\"><\/p>\n\n\n<div class=\"wp-block-image\">\n<figure class=\"aligncenter size-full\"><img fetchpriority=\"high\" decoding=\"async\" width=\"600\" height=\"900\" src=\"https:\/\/8a.pl\/8academy\/wp-content\/uploads\/2024\/03\/sylwia-bartyzel-zeaiMCkz9AM-unsplash_sm.jpg\" alt=\"Najwy\u017cej po\u0142o\u017cony budynek w Polsce - obserwatorium IMGW na Kasprowym Wierchu.\" class=\"wp-image-67833\" srcset=\"https:\/\/8a.pl\/8academy\/wp-content\/uploads\/2024\/03\/sylwia-bartyzel-zeaiMCkz9AM-unsplash_sm.jpg 600w, https:\/\/8a.pl\/8academy\/wp-content\/uploads\/2024\/03\/sylwia-bartyzel-zeaiMCkz9AM-unsplash_sm-200x300.jpg 200w\" sizes=\"(max-width: 600px) 100vw, 600px\" \/><figcaption class=\"wp-element-caption\">Najwy\u017cej po\u0142o\u017cony budynek w Polsce &#8211; obserwatorium IMGW na Kasprowym Wierchu. (fot. Sylwia Bartyzel\/ Unsplash)<\/figcaption><\/figure>\n<\/div>\n\n\n<h2 class=\"wp-block-heading\" id=\"h-koleja-linowa-na-kasprowy-wierch\">Kolej\u0105 linow\u0105 na Kasprowy Wierch<\/h2>\n\n\n\n<p class=\"wp-block-paragraph\">Zaczynamy nie od szlaku turystycznego. Podr\u00f3\u017c kolejk\u0105 linow\u0105 to jednak bezapelacyjnie najszybszy spos\u00f3b na dotarcie na szczyt. Trwa oko\u0142o dwudziestu minut i jest opcj\u0105 nie tylko dla tych, kt\u00f3rzy nie mog\u0105 albo nie chc\u0105 po Tatrach w\u0119drowa\u0107. Mo\u017cna dzi\u0119ki temu zaoszcz\u0119dzi\u0107 czas i rozpocz\u0105\u0107 dalsz\u0105 w\u0119dr\u00f3wk\u0119 ze szczytu Kasprowego Wierchu.<\/p>\n\n\n\n<p class=\"wp-block-paragraph\">Trasa jest podzielona na dwie cz\u0119\u015bci. Najpierw z Ku\u017anic do stacji po\u015bredniej na My\u015blenickich Turniach. Stamt\u0105d po przesiadce jedzie si\u0119 do g\u00f3rnej stacji po\u0142o\u017conej tu\u017c pod szczytem. Nie ma jednak mo\u017cliwo\u015bci skorzystania tylko z dolnej lub g\u00f3rnej cz\u0119\u015bci kolejki.<\/p>\n\n\n\n<p class=\"wp-block-paragraph\">Bilety na kolej linow\u0105 na Kasprowy Wierch mo\u017cna kupi\u0107 w kasie w Ku\u017anicach albo w biletomatach, kt\u00f3rych w Zakopanem jest kilka. <a href=\"https:\/\/www.sklep.pkl.pl\/obiekty\/details,3,kasprowy-wierch.html\" target=\"_blank\" rel=\"noreferrer noopener\">Warto jednak kupi\u0107 je online<\/a>. Nie tylko unika si\u0119 w\u00f3wczas kolejek, kt\u00f3re codziennie formuj\u0105 si\u0119 przed kas\u0105 w Ku\u017anicach, ale to po prostu najta\u0144sza opcja. Dla tych, kt\u00f3rzy chc\u0105 tylko odwiedzi\u0107 szczyt, dobr\u0105 opcj\u0105 jest, bilet g\u00f3ra-d\u00f3\u0142, kt\u00f3ry jednak zak\u0142ada, \u017ce na szczycie sp\u0119dzicie ograniczon\u0105 ilo\u015b\u0107 czasu \u2013 1h 40 minut. To wystarczy, \u017ceby popodziwia\u0107 widoki i odwiedzi\u0107 najwy\u017cej po\u0142o\u017con\u0105 w Polsce restauracj\u0119.<\/p>\n\n\n\n<h2 class=\"wp-block-heading\" id=\"h-zielony-szlak-na-kasprowy-wierch-z-kuznic\">Zielony szlak na Kasprowy Wierch z Ku\u017anic<\/h2>\n\n\n\n<p class=\"wp-block-paragraph\">Najcz\u0119\u015bciej wybierany przez turyst\u00f3w szlak na Kasprowy Wierch to ten, kt\u00f3ry prowadzi niemal pod tras\u0105 kolejki linowej. Zaczynamy przy dolnej stacji kolejki, w Ku\u017anicach. Pierwsza cz\u0119\u015b\u0107 \u2013 niemal dok\u0142adnie po\u0142owa trasy \u2013 to szeroka, wygodna droga do po\u015bredniej stacji na My\u015blenickich Turniach. Prowadzi lasem najpierw wzd\u0142u\u017c potoku Bystra, potem wzd\u0142u\u017c Kasprowego Potoku, a zatem dnem dolinek. Poza kilkoma miejscami, gdzie wychodzi na polany, nie ma wi\u0119c specjalnych widok\u00f3w. Pokonanie tej pierwszej po\u0142owy szlaku zajmie nieco ponad godzin\u0119.<\/p>\n\n\n\n<p class=\"wp-block-paragraph\">Druga cz\u0119\u015b\u0107, zaczynaj\u0105ca si\u0119 na My\u015blenickich Turniach, to zupe\u0142nie co innego. \u015acie\u017cka robi si\u0119 coraz bardziej stroma i miejscami jest naprawd\u0119 w\u0105ska. Pojawiaj\u0105 si\u0119 te\u017c kamienne stopnie, kt\u00f3re po deszczu albo zim\u0105 potrafi\u0105 narobi\u0107 problem\u00f3w zupe\u0142nie do tego nieprzygotowanym turystom.<\/p>\n\n\n\n<p class=\"wp-block-paragraph\"><\/p>\n\n\n<div class=\"wp-block-image\">\n<figure class=\"aligncenter size-full\"><img decoding=\"async\" width=\"600\" height=\"900\" src=\"https:\/\/8a.pl\/8academy\/wp-content\/uploads\/2024\/03\/Untitled-1_sm-1.jpg\" alt=\"Kolejka na Kasprowy WIerch ju\u017c nied\u0142ugo sko\u0144czy sto lat.\" class=\"wp-image-67835\" srcset=\"https:\/\/8a.pl\/8academy\/wp-content\/uploads\/2024\/03\/Untitled-1_sm-1.jpg 600w, https:\/\/8a.pl\/8academy\/wp-content\/uploads\/2024\/03\/Untitled-1_sm-1-200x300.jpg 200w\" sizes=\"(max-width: 600px) 100vw, 600px\" \/><figcaption class=\"wp-element-caption\">Kolejka na Kasprowy Wierch ju\u017c nied\u0142ugo sko\u0144czy sto lat. (fot. Wikimedia Commons)<\/figcaption><\/figure>\n<\/div>\n\n\n<p class=\"wp-block-paragraph\">Po wyj\u015bciu ponad granic\u0119 lasu zaczynaj\u0105 si\u0119 widoki, kt\u00f3re b\u0119d\u0105 wam towarzyszy\u0107 do samego szczytu. Ta druga cz\u0119\u015b\u0107 szlaku cho\u0107 pokonuje niemal taki sam dystans co pierwsza, zajmie sporo d\u0142u\u017cej. Niemal dwie godziny \u2013 g\u0142\u00f3wnie dlatego, \u017ce pokonuje si\u0119 dwukrotnie prawie wi\u0119ksze przewy\u017cszenie.<\/p>\n\n\n\n<p class=\"wp-block-paragraph\">Najkr\u00f3tszy szlak na szczyt Kasprowego Wierchu to zatem ok. 3,5 h marszu i pokonuje si\u0119 w tym czasie prawie 1000 m przewy\u017cszenia na dystansie 6,5 km. Jest bardzo popularn\u0105 tras\u0105 biegow\u0105 i przez ca\u0142y rok w drodze na szczyt b\u0119d\u0105 was mija\u0107 biegacze. To r\u00f3wnie\u017c trasa testu kondycyjnego dla kandydat\u00f3w na ratownik\u00f3w TOPR. Limit czasu to jedna godzina plus wiek kandydata. W czasie organizowanego od 2008 roku Biegu Pod G\u00f3r\u0119, zwyci\u0119zcy pokonuj\u0105 ten dystans w nieco tylko powy\u017cej 40 minut.<\/p>\n\n\n\n<p class=\"wp-block-paragraph\">Tatry s\u0105 najg\u0119\u015bciej poprzecinane szlakami ze wszystkich polskich g\u00f3r i jest tam oczywi\u015bcie o wiele wi\u0119cej tras, kt\u00f3re mo\u017cna poleci\u0107 tym, kt\u00f3rzy przygod\u0119 tatrza\u0144sk\u0105 zaczynaj\u0105. <a href=\"https:\/\/8a.pl\/8academy\/tatry-dla-poczatkujacych\/\" target=\"_blank\" rel=\"noreferrer noopener\">W tym artykule zebrali\u015bmy kilka prostych, kr\u00f3tkich, ale nadal pi\u0119knych i efektownych szlak\u00f3w dla tatrza\u0144skich nowicjuszy.<\/a><\/p>\n\n\n\n<h2 class=\"wp-block-heading\" id=\"h-szlak-na-kasprowy-wierch-przez-hale-gasienicowa\">Szlak na Kasprowy Wierch przez Hal\u0119 G\u0105sienicow\u0105<\/h2>\n\n\n\n<p class=\"wp-block-paragraph\">Jest nieco d\u0142u\u017cszy ni\u017c opisana powy\u017cej wersja, ale naszym zdaniem \u2013 warto go wybra\u0107. Startujemy w tym samym miejscu, w Ku\u017anicach. Ju\u017c na pocz\u0105tku trzeba wybra\u0107. Bocza\u0144 czy Jaworzynka? To pytanie od niepami\u0119tnych czas\u00f3w rozbudza emocje. Hala G\u0105sienicowa jest jednym z najpopularniejszych cel\u00f3w w\u0119dr\u00f3wek. Dwa prowadz\u0105ce tam z Ku\u017anic szlaki maj\u0105 swoich zagorza\u0142ych zwolennik\u00f3w. Jedni nie wyobra\u017caj\u0105 sobie podchodzi\u0107 inaczej ni\u017c przez Bocza\u0144, inni wol\u0105 Dolin\u0119 Jaworzynki. Oboj\u0119tne czy wybierzecie \u017c\u00f3\u0142te znaki prowadz\u0105ce wzd\u0142u\u017c potoku Jaworzynka, czy niebieskie prowadz\u0105ce obok szczytu Boczania. Doj\u015bcie do Prze\u0142\u0119czy mi\u0119dzy Kopami, gdzie si\u0119 \u0142\u0105cz\u0105, zajmie nieca\u0142e dwie godziny.<\/p>\n\n\n\n<p class=\"wp-block-paragraph\"><\/p>\n\n\n<div class=\"wp-block-image\">\n<figure class=\"aligncenter size-full\"><img decoding=\"async\" width=\"600\" height=\"900\" src=\"https:\/\/8a.pl\/8academy\/wp-content\/uploads\/2024\/03\/kamil-wroblewski-WXqTnh_3lXI-unsplash_sm.jpg\" alt=\"Je\u015bli w g\u00f3rach szukacie samotno\u015bci, to Kasprowy Wierch nie zawsze b\u0119dzie w\u0142a\u015bciwym celem wycieczki.\" class=\"wp-image-67836\" srcset=\"https:\/\/8a.pl\/8academy\/wp-content\/uploads\/2024\/03\/kamil-wroblewski-WXqTnh_3lXI-unsplash_sm.jpg 600w, https:\/\/8a.pl\/8academy\/wp-content\/uploads\/2024\/03\/kamil-wroblewski-WXqTnh_3lXI-unsplash_sm-200x300.jpg 200w\" sizes=\"(max-width: 600px) 100vw, 600px\" \/><figcaption class=\"wp-element-caption\">Je\u015bli w g\u00f3rach szukacie samotno\u015bci, to Kasprowy Wierch nie zawsze b\u0119dzie w\u0142a\u015bciwym celem wycieczki. (fot. Kamil Wr\u00f3blewski \/ Unsplash)<\/figcaption><\/figure>\n<\/div>\n\n\n<p class=\"wp-block-paragraph\">St\u0105d, do Murowa\u0144ca, czyli schroniska PTTK na Hali G\u0105sienicowej idzie si\u0119 najwy\u017cej 20 minut. W najwi\u0119kszym w polskich Tatrach schronisku mo\u017cecie chwil\u0119 odpocz\u0105\u0107, albo od razu ruszy\u0107 dalej. Na szczyt Kasprowego prowadz\u0105 z Hali G\u0105sienicowej znaki \u017c\u00f3\u0142te. Czarne, kt\u00f3re im do pewnego momentu towarzysz\u0105, zaprowadzi\u0142yby was na Prze\u0142\u0119cz \u015awinick\u0105. Da si\u0119 tamt\u0119dy oczywi\u015bcie na Kasprowy Wierch dotrze\u0107, ale zaj\u0119\u0142oby to o wiele wi\u0119cej czasu.<\/p>\n\n\n\n<p class=\"wp-block-paragraph\">Szlak powy\u017cej granicy lasu jest tak samo jak w przypadku szlaku zielonego \u2013 kamienn\u0105 \u015bcie\u017ck\u0105. Widoki jednak s\u0105 o wiele bardziej naszym zdaniem efektowne. Nad wami b\u0119dzie g\u00f3rowa\u0107 pi\u0119kny fragment g\u0142\u00f3wnej grani Tatr, z poszarpanymi turniami i takimi s\u0142ynnymi szczytami jak Ko\u015bcielec czy \u015awinica.<\/p>\n\n\n\n<h2 class=\"wp-block-heading\" id=\"h-szlak-na-kasprowy-wierch-przez-czerwone-wierchy\">Szlak na Kasprowy Wierch przez Czerwone Wierchy<\/h2>\n\n\n\n<p class=\"wp-block-paragraph\">Je\u015bli w Tatrach szukacie przede wszystkim widok\u00f3w, to ta opcja powinna wasze pragnienia w zupe\u0142no\u015bci zaspokoi\u0107. Startujemy z Doliny Ko\u015bcieliskiej i pierwsza cz\u0119\u015b\u0107 szlaku to najwi\u0119ksze podej\u015bcie na tej trasie. Na szczyt Ciemniaka czeka was niemal czterogodzinny marsz pod g\u00f3r\u0119 za czerwonymi znakami. Kiedy jednak ju\u017c tam dotrzecie, wszystko co nast\u0105pi p\u00f3\u017aniej b\u0119dzie nagrod\u0105 za wysi\u0142ek. Pokonacie bowiem ca\u0142e Czerwone Wierchy z zupe\u0142nie osza\u0142amiaj\u0105cym widokiem z obu stron. Dolina Ko\u015bcieliska, Bystrej a przede wszystkim przepi\u0119kna Dolina Cicha. Przy dobrej pogodzie mo\u017cecie dostrzec te\u017c cel w\u0119dr\u00f3wki \u2013 Kasprowy Wierch z charakterystycznym budynkiem obserwatorium IMGW.<\/p>\n\n\n\n<p class=\"wp-block-paragraph\"><\/p>\n\n\n<div class=\"wp-block-image\">\n<figure class=\"aligncenter size-full\"><img loading=\"lazy\" decoding=\"async\" width=\"600\" height=\"900\" src=\"https:\/\/8a.pl\/8academy\/wp-content\/uploads\/2024\/03\/czerwone_sm.jpg\" alt=\"\u0141agodne stoki Czerwonych Wierch\u00f3w to jedne z najpi\u0119kniejszych tatrza\u0144skich widok\u00f3w, zw\u0142aszcza jesieni\u0105.\" class=\"wp-image-67843\" srcset=\"https:\/\/8a.pl\/8academy\/wp-content\/uploads\/2024\/03\/czerwone_sm.jpg 600w, https:\/\/8a.pl\/8academy\/wp-content\/uploads\/2024\/03\/czerwone_sm-200x300.jpg 200w\" sizes=\"(max-width: 600px) 100vw, 600px\" \/><figcaption class=\"wp-element-caption\">\u0141agodne stoki Czerwonych Wierch\u00f3w to jedne z najpi\u0119kniejszych tatrza\u0144skich widok\u00f3w, zw\u0142aszcza jesieni\u0105. (fot. Wikimedia Commons)<\/figcaption><\/figure>\n<\/div>\n\n\n<p class=\"wp-block-paragraph\">Trasa jest nieco d\u0142u\u017csza ni\u017c poprzednie. Pokonanie czerwonym szlakiem oko\u0142o 12 kilometr\u00f3w zajmie nieco ponad 7 godzin i trzeba jeszcze do tego doliczy\u0107 zej\u015bcie do Ku\u017anic, kolejne 2 godziny marszu w d\u00f3\u0142. To propozycja na ca\u0142y dzie\u0144 i dobr\u0105 pogod\u0119, cho\u0107 nawet je\u015bli widoczno\u015b\u0107 nie jest idealna, czerwony szlak prowadz\u0105cy przez Czerwone Wierchy jest niezwykle efektowny.<\/p>\n\n\n\n<p class=\"wp-block-paragraph\">Najwa\u017cniejszym elementem sprz\u0119tu na takim szlaku s\u0105 buty. Przygotowali\u015bmy dla was <a href=\"https:\/\/8a.pl\/8academy\/jakie-buty-w-tatry\/\" target=\"_blank\" rel=\"noreferrer noopener\">poradnik o tym jak wybra\u0107 odpowiednie na tatrza\u0144skie szlaki buty.<\/a> Polecamy wam r\u00f3wnie\u017c z w\u0142asnego do\u015bwiadczenia zabranie <a href=\"https:\/\/8a.pl\/kije-trekkingowe\">kijk\u00f3w trekkingowych, kt\u00f3rych ogromny wyb\u00f3r znajdziecie tutaj<\/a>. Nie my\u015blcie, \u017ce to sprz\u0119t dla mniej wprawnych turyst\u00f3w, czy tych, kt\u00f3rym brakuje kondycji. Kijki pozwol\u0105 wam dotrze\u0107 dalej, zapewni\u0105 lepsz\u0105 stabilno\u015b\u0107 na b\u0142otnistym czy oblodzonym szlaku i b\u0119d\u0105 chroni\u0107 wasze kolana.<\/p>\n\n\n\n<h2 class=\"wp-block-heading\" id=\"h-szlaki-z-kasprowego-wierchu\">Szlaki z Kasprowego Wierchu<\/h2>\n\n\n\n<p class=\"wp-block-paragraph\">Om\u00f3wili\u015bmy trzy szlaki prowadz\u0105ce na szczyt Kasprowego Wierchu, a na pocz\u0105tku by\u0142a mowa o pi\u0119ciu. Dwa pozosta\u0142e to trasy, kt\u00f3re co prawda mo\u017cna wykorzysta\u0107 do wej\u015bcia na ten szczyt, ale cz\u0119\u015bciej s\u0105 chyba wykorzystywane odwrotnie. Kasprowy Wierch jest pocz\u0105tkiem w ich wypadku w\u0119dr\u00f3wki.<\/p>\n\n\n\n<p class=\"wp-block-paragraph\">Pierwszy to \u017c\u00f3\u0142ty szlak prowadz\u0105cy do Doliny Cichej. To jedna z najpi\u0119kniejszych po\u0142o\u017conych w Tatrach S\u0142owackich dolin. 16 kilometr\u00f3w zej\u015bcia \u2013 zgodnie z nazw\u0105 \u2013 spokojn\u0105 i niemal nigdy nie zat\u0142oczon\u0105 dolin\u0105. Trzeba pami\u0119ta\u0107, \u017ce fragment pomi\u0119dzy szczytem Kasprowego a rozej\u015bciem ze szlakiem czerwonym nad Tichym Potokiem jest zamykany na zim\u0119.<\/p>\n\n\n\n<p class=\"wp-block-paragraph\">Drugim odchodz\u0105cym ze szczytu szlakiem jest szlak czerwony na wsch\u00f3d. Zaprowadzi was na \u015awinic\u0119, gdzie trzeba zawr\u00f3ci\u0107, \u017ceby ze \u015awinickiej Prze\u0142\u0119czy zej\u015b\u0107 na Hal\u0119 G\u0105sienicow\u0105. Fragment czerwonego szlaku \u0142\u0105cz\u0105cego \u015awinic\u0119 i Zawrat jest bowiem jednokierunkowy. Mo\u017cna porusza\u0107 si\u0119 nim wy\u0142\u0105cznie ze wschodu na zach\u00f3d. Odwrotnym ni\u017c ten prowadz\u0105cy z Kasprowego Wierchu.<\/p>\n\n\n\n<p class=\"wp-block-paragraph\"><\/p>\n\n\n<div class=\"wp-block-image\">\n<figure class=\"aligncenter size-full\"><img loading=\"lazy\" decoding=\"async\" width=\"599\" height=\"900\" src=\"https:\/\/8a.pl\/8academy\/wp-content\/uploads\/2024\/03\/Dzwon_na_Kasprowym_Wierchu_49\u00b013\u2032546\u2033N_19\u00b058\u2032536\u2033E_Ten_plik_zostal_przeslany_w_ramach_konkursu_Wakacje_z_Wikipedia_sm.jpg\" alt=\"S\u0142ynny dzwon na Kasprowym Wierchu. Bywa\u0142y zimy, kiedy trzeba by\u0142o si\u0119 do niego dokopywa\u0107. \" class=\"wp-image-67839\" srcset=\"https:\/\/8a.pl\/8academy\/wp-content\/uploads\/2024\/03\/Dzwon_na_Kasprowym_Wierchu_49\u00b013\u2032546\u2033N_19\u00b058\u2032536\u2033E_Ten_plik_zostal_przeslany_w_ramach_konkursu_Wakacje_z_Wikipedia_sm.jpg 599w, https:\/\/8a.pl\/8academy\/wp-content\/uploads\/2024\/03\/Dzwon_na_Kasprowym_Wierchu_49\u00b013\u2032546\u2033N_19\u00b058\u2032536\u2033E_Ten_plik_zostal_przeslany_w_ramach_konkursu_Wakacje_z_Wikipedia_sm-200x300.jpg 200w\" sizes=\"(max-width: 599px) 100vw, 599px\" \/><figcaption class=\"wp-element-caption\">S\u0142ynny dzwon na Kasprowym Wierchu. Bywa\u0142y zimy, kiedy trzeba by\u0142o si\u0119 do niego dokopywa\u0107. (fot. Wikimedia Commons)<\/figcaption><\/figure>\n<\/div>\n\n\n<h2 class=\"wp-block-heading\" id=\"h-szlak-na-kasprowy-wierch-zima\">Szlak na Kasprowy Wierch zim\u0105<\/h2>\n\n\n\n<p class=\"wp-block-paragraph\">Kasprowy Wierch zim\u0105 to \u015awi\u0119ta G\u00f3ra Narciarzy, wi\u0119c wi\u0119kszo\u015b\u0107 turyst\u00f3w dostaje si\u0119 w\u00f3wczas na szczyt kolejk\u0105. Nic jednak nie stoi na przeszkodzie, \u017ceby wyj\u015b\u0107 na wierzcho\u0142ek o w\u0142asnych si\u0142ach. Popularny szlak zielony b\u0119dzie najcz\u0119\u015bciej dobrze przetarty i to doskona\u0142a propozycja na pierwsz\u0105 zimow\u0105 wycieczk\u0119 w wy\u017csze rejony Tatr. Szlak prowadzi stokami o niewielkim nachyleniu i omija miejsca szczeg\u00f3lnie zagro\u017cone lawinami. Trzeba jednak pami\u0119ta\u0107, \u017ce takiego niebezpiecze\u0144stwa nie mo\u017cna wykluczy\u0107. Konieczne jest wi\u0119c nie tylko posiadanie odpowiedniego sprz\u0119tu lawinowego, ale r\u00f3wnie\u017c umiej\u0119tno\u015b\u0107 pos\u0142ugiwania si\u0119\u00a0 nim. <a href=\"https:\/\/8a.pl\/8academy\/lawiny\/\" target=\"_blank\" rel=\"noreferrer noopener\">Z tego artyku\u0142u dowiecie si\u0119 wi\u0119cej o lawinach i lawinowym ABC<\/a>.<\/p>\n\n\n\n<p class=\"wp-block-paragraph\">Mimo i\u017c szlak na Kasprowy Wierch jest relatywnie \u0142atwy, to polecamy wam zapoznanie si\u0119 z <a href=\"https:\/\/8a.pl\/8academy\/sprzet-zima-gory\/\" target=\"_blank\" rel=\"noreferrer noopener\">tym artyku\u0142em, gdzie omawiamy wszystko, co powinni\u015bcie ze sob\u0105 na zimow\u0105 wycieczk\u0119 w g\u00f3ry zabra\u0107<\/a>.<\/p>\n\n\n\n<h2 class=\"wp-block-heading\" id=\"h-kasprowy-wierch-na-narty\">Kasprowy Wierch na narty<\/h2>\n\n\n\n<p class=\"wp-block-paragraph\">Zim\u0105 \u2013 jak ju\u017c napisali\u015bmy wcze\u015bniej \u2013 Kasprowy jest celem pielgrzymek narciarzy. To jedyne w Polsce trasy typu alpejskiego i obie trasy z niego wiod\u0105ce s\u0105 popularne od ponad stu lat. One zreszt\u0105 by\u0142y powodem zbudowania kolejki linowej na szczyt. Popularno\u015b\u0107 narciarstwa na Kasprowym Wierchu by\u0142a tez poniek\u0105d impulsem do rozbudowy infrastruktury turystycznej w Zakopanem.<\/p>\n\n\n\n<p class=\"wp-block-paragraph\">W obu kot\u0142ach \u2013 G\u0105sienicowym i Goryczkowym \u2013 zbudowano wyci\u0105gi krzese\u0142kowe. Pierwszy to zmodernizowana na pocz\u0105tku tego stulecia, czteroosobowa kanapa. Wjazd zajmuje 8 minut. Druga \u2013 w kotle Goryczkowym \u2013 nie zmieni\u0142a si\u0119 od niemal pocz\u0105tku. Dwuosobowe krzese\u0142ka potrzebuj\u0105 na wjazd a\u017c 15 minut. Obie trasy s\u0105 w g\u00f3rnej cz\u0119\u015bci przeznaczone dla zaawansowanych narciarzy, bo nachylenie stok\u00f3w przekracza 30%. Zachodnia trasa przechodzi w nartostrad\u0119 prowadz\u0105c\u0105 przez Dolin\u0119 Goryczkow\u0105 do Ku\u017anic.<\/p>\n\n\n\n<p class=\"wp-block-paragraph\"><\/p>\n\n\n<div class=\"wp-block-image\">\n<figure class=\"aligncenter size-full\"><img loading=\"lazy\" decoding=\"async\" width=\"601\" height=\"900\" src=\"https:\/\/8a.pl\/8academy\/wp-content\/uploads\/2024\/03\/alexandra-14B_7LqZb1o-unsplash_sm.jpg\" alt=\"\" class=\"wp-image-67840\" srcset=\"https:\/\/8a.pl\/8academy\/wp-content\/uploads\/2024\/03\/alexandra-14B_7LqZb1o-unsplash_sm.jpg 601w, https:\/\/8a.pl\/8academy\/wp-content\/uploads\/2024\/03\/alexandra-14B_7LqZb1o-unsplash_sm-200x300.jpg 200w\" sizes=\"(max-width: 601px) 100vw, 601px\" \/><figcaption class=\"wp-element-caption\">Podr\u00f3\u017c kolejk\u0105 w Kotle Goryczkowym bywa zim\u0105 nie lada wyzwaniem. (fot. Alexandra \/ Unsplash)<\/figcaption><\/figure>\n<\/div>\n\n\n<p class=\"wp-block-paragraph\">Kasprowy Wierch jest te\u017c do\u015b\u0107 popularnym celem wycieczek skiturowych. Najszybszy spos\u00f3b na dostanie si\u0119 na szczyt na fokach to trasa prowadz\u0105ca z Ku\u017anic najpierw wzd\u0142u\u017c nartostrady a potem kot\u0142em Goryczkowym. Podej\u015bcie zajmuje mniej wi\u0119cej trzy godziny. Czas zale\u017cny jest nie tylko od waszej kondycji i umiej\u0119tno\u015bci ale tak\u017ce \u2013 po prostu \u2013 od pogody i warunk\u00f3w \u015bniegowych.<\/p>\n\n\n\n<h2 class=\"wp-block-heading\" id=\"h-kasprowy-wierch-z-dzieckiem\">Kasprowy Wierch z dzieckiem<\/h2>\n\n\n\n<p class=\"wp-block-paragraph\">Ka\u017cdy kiedy\u015b zaczyna. Pierwsze g\u00f3rskie wycieczki nie powinny by\u0107 zbyt trudne, wi\u0119c Kasprowy Wierch wydaje si\u0119 by\u0107 doskona\u0142ym wyborem. Na dodatek, mo\u017cna w jedn\u0105 stron\u0119 pokona\u0107 t\u0119 tras\u0119 korzystaj\u0105c z kolejki linowej. Samo to b\u0119dzie dla dzieci niezwyk\u0142\u0105 atrakcj\u0105, bo widok z wagonika jest zupe\u0142nie inny ni\u017c ten, kt\u00f3ry b\u0119dziecie mie\u0107 ze szlaku. Zalet\u0105 jest te\u017c infrastruktura na szczycie. Restauracja czy sklepik Polskich Kolei Linowych ze zwi\u0105zanymi z Kasprowym Wierchem gad\u017cetami.<\/p>\n\n\n\n<p class=\"wp-block-paragraph\">Nawet je\u015bli kupicie bilet \u201eG\u00f3ra-D\u00f3\u0142\u201d to niemal dwie godziny na szczycie pozwalaj\u0105 na spacer co najmniej do Prze\u0142\u0119czy Liliowe i z powrotem. Czemu tam? Bo po drodze przejdziecie przez najbli\u017cszy dwutysi\u0119czny szczyt \u2013 maj\u0105cy 2012 m Beskid.<\/p>\n\n\n\n<p class=\"wp-block-paragraph\">Trzeba pami\u0119ta\u0107, \u017ce Kasprowy Wierch, cho\u0107 nie oznacza trudnej wspinaczki, to niema dwutysi\u0119czny szczyt. Pogoda na wierzcho\u0142ku mo\u017ce diametralnie r\u00f3\u017cni\u0107 si\u0119 od tego czego do\u015bwiadczycie na dole, a opr\u00f3cz tego mo\u017ce si\u0119 b\u0142yskawicznie zmieni\u0107. Mimo tego wi\u0119c, \u017ce taka wycieczka to raczej forsowny spacer ni\u017c wyprawa, trzeba ze sob\u0105 mie\u0107 wszystko co w g\u00f3rach niezb\u0119dne. Co najmniej &#8211; ciep\u0142e ubranie, kurtk\u0119 przeciwdeszczow\u0105 i co\u015b do picia, <a href=\"https:\/\/8a.pl\/plecaki-turystyczne-10-15-litrow\">a to wszystko spakowane do ma\u0142ego, kilkunastolitrowego wygodnego plecaka.<\/a><\/p>\n\n\n\n<p class=\"wp-block-paragraph\"><\/p>\n\n\n<div class=\"wp-block-image\">\n<figure class=\"aligncenter size-full\"><img loading=\"lazy\" decoding=\"async\" width=\"600\" height=\"900\" src=\"https:\/\/8a.pl\/8academy\/wp-content\/uploads\/2024\/03\/eugene-zhyvchik-CHOvqLp_IvM-unsplash_sm.jpg\" alt=\"Cel osi\u0105gni\u0119ty. Tabliczka na szczycie Kasprowego Wierchu - 1988 m n.p.m. \" class=\"wp-image-67841\" srcset=\"https:\/\/8a.pl\/8academy\/wp-content\/uploads\/2024\/03\/eugene-zhyvchik-CHOvqLp_IvM-unsplash_sm.jpg 600w, https:\/\/8a.pl\/8academy\/wp-content\/uploads\/2024\/03\/eugene-zhyvchik-CHOvqLp_IvM-unsplash_sm-200x300.jpg 200w\" sizes=\"(max-width: 600px) 100vw, 600px\" \/><figcaption class=\"wp-element-caption\">Cel osi\u0105gni\u0119ty. Tabliczka na szczycie Kasprowego Wierchu wskazuje 1988 m n.p.m. (fot. Wikimedia Commons)<\/figcaption><\/figure>\n<\/div>\n\n\n<h2 class=\"wp-block-heading\" id=\"h-jak-dojechac-pod-kasprowy-wierch\">Jak dojecha\u0107 pod Kasprowy Wierch<\/h2>\n\n\n\n<p class=\"wp-block-paragraph\">Ostatni odcinek drogi z Zakopanego do Ku\u017anic jest po\u0142o\u017cony w granicach Tatrza\u0144skiego Parku Narodowego, zatem nie mo\u017cna tam wje\u017cd\u017ca\u0107 prywatnymi samochodami. Nieopodal tego miejsca jest jednak wystarczaj\u0105ca ilo\u015b\u0107 parking\u00f3w, z kt\u00f3rych do dolnej stacji kolejki dotrzecie pieszo w najwy\u017cej 20 minut.<\/p>\n\n\n\n<p class=\"wp-block-paragraph\">Spod dworca PKP w Zakopanem i innych miejsc kursuj\u0105 te\u017c popularne busy do Ku\u017anic. Dolna stacja kolejki na Kasprowy Wierch jest jednym z najpopularniejszych cel\u00f3w odwiedzaj\u0105cych Zakopane turyst\u00f3w i dostanie si\u0119 tam nie b\u0119dzie \u017cadnym problemem.<\/p>\n\n\n\n<p class=\"wp-block-paragraph\">Tatry to najwy\u017csze, ale te\u017c najbardziej popularny g\u00f3ry w Polsce. Je\u015bli chcecie pokonywa\u0107 przewy\u017cszenia i podziwia\u0107 widoki, ale poszukujecie miejsc, gdzie turyst\u00f3w b\u0119dzie nieco mniej, to mamy dla was sporo ciekawych propozycji. <a href=\"https:\/\/8a.pl\/8academy\/gdzie-w-gory-na-weekend\/\">W tym artykule piszemy o wszystkich niemal pasmach g\u00f3rskich w Polsce i wskazujemy szlaki odpowiednie na weekendowy wypad.<\/a><\/p>\n","protected":false},"excerpt":{"rendered":"<p>Kasprowy Wierch nie jest ani najwy\u017cszym ani najtrudniejszym szczytem w polskich Tatrach, jednak popularno\u015bci\u0105 przewy\u017csza niemal wszystkie inne. Obok Morskiego Oka i Giewontu jest \u017celaznym punktem wizyt w Zakopanem. Na szczyt prowadzi jednak wyj\u0105tkowo du\u017co szlak\u00f3w turystycznych a ka\u017cdy z nich oferuje dodatkowe wra\u017cenia po drodze.<br \/>\nCo jest takiego nadzwyczajnego w Kasprowym Wierchu? Czemu to w\u0142a\u015bnie ta g\u00f3ra, nie si\u0119gaj\u0105ca nawet 2000 metr\u00f3w jest magnesem przyci\u0105gaj\u0105cym turyst\u00f3w, narciarzy czy biegaczy przez ca\u0142y rok?<\/p>\n","protected":false},"author":7,"featured_media":67828,"comment_status":"closed","ping_status":"closed","sticky":false,"template":"","format":"standard","meta":{"_acf_changed":false,"_uf_show_specific_survey":0,"_uf_disable_surveys":false,"footnotes":""},"categories":[26070],"tags":[26104,26077,26085],"class_list":["post-67825","post","type-post","status-publish","format-standard","has-post-thumbnail","hentry","category-turystyka-trekking","tag-caloroczne","tag-przewodnik","tag-trekking"],"acf":[],"yoast_head":"<!-- This site is optimized with the Yoast SEO Premium plugin v23.4 (Yoast SEO v25.5) - https:\/\/yoast.com\/wordpress\/plugins\/seo\/ -->\n<title>Kasprowy Wierch - jak wej\u015b\u0107, kt\u00f3ry szlak wybra\u0107? - 8academy.pl - portal g\u00f3rski i wspinaczkowy dla aktywnych<\/title>\n<meta name=\"description\" content=\"Kt\u00f3ry szlak jest najkr\u00f3tszy, a kt\u00f3ry oferuje najlepsze widoki? Czy Kasprowy Wierch to dobry wyb\u00f3r na pierwsz\u0105 tatrza\u0144sk\u0105 wycieczk\u0119?\" \/>\n<meta name=\"robots\" content=\"index, follow, max-snippet:-1, max-image-preview:large, max-video-preview:-1\" \/>\n<link rel=\"canonical\" href=\"https:\/\/8a.pl\/8academy\/kasprowy-wierch-jak-wejsc-ktory-szlak-wybrac\/\" \/>\n<meta property=\"og:locale\" content=\"pl_PL\" \/>\n<meta property=\"og:type\" content=\"article\" \/>\n<meta property=\"og:title\" content=\"Kasprowy Wierch - jak wej\u015b\u0107, kt\u00f3ry szlak wybra\u0107?\" \/>\n<meta property=\"og:description\" content=\"Kt\u00f3ry szlak jest najkr\u00f3tszy, a kt\u00f3ry oferuje najlepsze widoki? Czy Kasprowy Wierch to dobry wyb\u00f3r na pierwsz\u0105 tatrza\u0144sk\u0105 wycieczk\u0119?\" \/>\n<meta property=\"og:url\" content=\"https:\/\/8a.pl\/8academy\/kasprowy-wierch-jak-wejsc-ktory-szlak-wybrac\/\" \/>\n<meta property=\"og:site_name\" content=\"8academy.pl - portal g\u00f3rski i wspinaczkowy dla aktywnych\" \/>\n<meta property=\"article:publisher\" content=\"https:\/\/pl-pl.facebook.com\/sklep8apl\/\" \/>\n<meta property=\"article:published_time\" content=\"2024-03-12T09:00:00+00:00\" \/>\n<meta property=\"article:modified_time\" content=\"2026-08-19T09:15:15+00:00\" \/>\n<meta property=\"og:image\" content=\"https:\/\/8a.pl\/8academy\/wp-content\/uploads\/2024\/03\/kamil-wroblewski-zH7QIE_l0Js-unsplash_cover.jpg\" \/>\n\t<meta property=\"og:image:width\" content=\"2000\" \/>\n\t<meta property=\"og:image:height\" content=\"1460\" \/>\n\t<meta property=\"og:image:type\" content=\"image\/jpeg\" \/>\n<meta name=\"author\" content=\"Redakcja 8Academy\" \/>\n<meta name=\"twitter:card\" content=\"summary_large_image\" \/>\n<meta name=\"twitter:label1\" content=\"Napisane przez\" \/>\n\t<meta name=\"twitter:data1\" content=\"Redakcja 8Academy\" \/>\n\t<meta name=\"twitter:label2\" content=\"Szacowany czas czytania\" \/>\n\t<meta name=\"twitter:data2\" content=\"14 minut\" \/>\n<!-- \/ Yoast SEO Premium plugin. -->","yoast_head_json":{"title":"Kasprowy Wierch - jak wej\u015b\u0107, kt\u00f3ry szlak wybra\u0107? - 8academy.pl - portal g\u00f3rski i wspinaczkowy dla aktywnych","description":"Kt\u00f3ry szlak jest najkr\u00f3tszy, a kt\u00f3ry oferuje najlepsze widoki? Czy Kasprowy Wierch to dobry wyb\u00f3r na pierwsz\u0105 tatrza\u0144sk\u0105 wycieczk\u0119?","robots":{"index":"index","follow":"follow","max-snippet":"max-snippet:-1","max-image-preview":"max-image-preview:large","max-video-preview":"max-video-preview:-1"},"canonical":"https:\/\/8a.pl\/8academy\/kasprowy-wierch-jak-wejsc-ktory-szlak-wybrac\/","og_locale":"pl_PL","og_type":"article","og_title":"Kasprowy Wierch - jak wej\u015b\u0107, kt\u00f3ry szlak wybra\u0107?","og_description":"Kt\u00f3ry szlak jest najkr\u00f3tszy, a kt\u00f3ry oferuje najlepsze widoki? Czy Kasprowy Wierch to dobry wyb\u00f3r na pierwsz\u0105 tatrza\u0144sk\u0105 wycieczk\u0119?","og_url":"https:\/\/8a.pl\/8academy\/kasprowy-wierch-jak-wejsc-ktory-szlak-wybrac\/","og_site_name":"8academy.pl - portal g\u00f3rski i wspinaczkowy dla aktywnych","article_publisher":"https:\/\/pl-pl.facebook.com\/sklep8apl\/","article_published_time":"2024-03-12T09:00:00+00:00","article_modified_time":"2026-08-19T09:15:15+00:00","og_image":[{"width":2000,"height":1460,"url":"https:\/\/8a.pl\/8academy\/wp-content\/uploads\/2024\/03\/kamil-wroblewski-zH7QIE_l0Js-unsplash_cover.jpg","type":"image\/jpeg"}],"author":"Redakcja 8Academy","twitter_card":"summary_large_image","twitter_misc":{"Napisane przez":"Redakcja 8Academy","Szacowany czas czytania":"14 minut"},"schema":{"@context":"https:\/\/schema.org","@graph":[{"@type":"Article","@id":"https:\/\/8a.pl\/8academy\/kasprowy-wierch-jak-wejsc-ktory-szlak-wybrac\/#article","isPartOf":{"@id":"https:\/\/8a.pl\/8academy\/kasprowy-wierch-jak-wejsc-ktory-szlak-wybrac\/"},"author":{"name":"Redakcja 8Academy","@id":"https:\/\/8a.pl\/8academy\/#\/schema\/person\/2e392153a51786e6c3d5ede231b5d2a4"},"headline":"Kasprowy Wierch &#8211; jak wej\u015b\u0107, kt\u00f3ry szlak wybra\u0107?","datePublished":"2024-03-12T09:00:00+00:00","dateModified":"2026-08-19T09:15:15+00:00","mainEntityOfPage":{"@id":"https:\/\/8a.pl\/8academy\/kasprowy-wierch-jak-wejsc-ktory-szlak-wybrac\/"},"wordCount":2367,"publisher":{"@id":"https:\/\/8a.pl\/8academy\/#organization"},"image":{"@id":"https:\/\/8a.pl\/8academy\/kasprowy-wierch-jak-wejsc-ktory-szlak-wybrac\/#primaryimage"},"thumbnailUrl":"https:\/\/8a.pl\/8academy\/wp-content\/uploads\/2024\/03\/kamil-wroblewski-zH7QIE_l0Js-unsplash_cover.jpg","keywords":["Ca\u0142oroczne","Przewodnik","Trekking"],"articleSection":["Turystyka \/ trekking"],"inLanguage":"pl-PL"},{"@type":"WebPage","@id":"https:\/\/8a.pl\/8academy\/kasprowy-wierch-jak-wejsc-ktory-szlak-wybrac\/","url":"https:\/\/8a.pl\/8academy\/kasprowy-wierch-jak-wejsc-ktory-szlak-wybrac\/","name":"Kasprowy Wierch - jak wej\u015b\u0107, kt\u00f3ry szlak wybra\u0107? - 8academy.pl - portal g\u00f3rski i wspinaczkowy dla aktywnych","isPartOf":{"@id":"https:\/\/8a.pl\/8academy\/#website"},"primaryImageOfPage":{"@id":"https:\/\/8a.pl\/8academy\/kasprowy-wierch-jak-wejsc-ktory-szlak-wybrac\/#primaryimage"},"image":{"@id":"https:\/\/8a.pl\/8academy\/kasprowy-wierch-jak-wejsc-ktory-szlak-wybrac\/#primaryimage"},"thumbnailUrl":"https:\/\/8a.pl\/8academy\/wp-content\/uploads\/2024\/03\/kamil-wroblewski-zH7QIE_l0Js-unsplash_cover.jpg","datePublished":"2024-03-12T09:00:00+00:00","dateModified":"2026-08-19T09:15:15+00:00","description":"Kt\u00f3ry szlak jest najkr\u00f3tszy, a kt\u00f3ry oferuje najlepsze widoki? Czy Kasprowy Wierch to dobry wyb\u00f3r na pierwsz\u0105 tatrza\u0144sk\u0105 wycieczk\u0119?","breadcrumb":{"@id":"https:\/\/8a.pl\/8academy\/kasprowy-wierch-jak-wejsc-ktory-szlak-wybrac\/#breadcrumb"},"inLanguage":"pl-PL","potentialAction":[{"@type":"ReadAction","target":["https:\/\/8a.pl\/8academy\/kasprowy-wierch-jak-wejsc-ktory-szlak-wybrac\/"]}]},{"@type":"ImageObject","inLanguage":"pl-PL","@id":"https:\/\/8a.pl\/8academy\/kasprowy-wierch-jak-wejsc-ktory-szlak-wybrac\/#primaryimage","url":"https:\/\/8a.pl\/8academy\/wp-content\/uploads\/2024\/03\/kamil-wroblewski-zH7QIE_l0Js-unsplash_cover.jpg","contentUrl":"https:\/\/8a.pl\/8academy\/wp-content\/uploads\/2024\/03\/kamil-wroblewski-zH7QIE_l0Js-unsplash_cover.jpg","width":2000,"height":1460},{"@type":"BreadcrumbList","@id":"https:\/\/8a.pl\/8academy\/kasprowy-wierch-jak-wejsc-ktory-szlak-wybrac\/#breadcrumb","itemListElement":[{"@type":"ListItem","position":1,"name":"Strona g\u0142\u00f3wna","item":"https:\/\/8a.pl\/8academy\/"},{"@type":"ListItem","position":2,"name":"Kasprowy Wierch &#8211; jak wej\u015b\u0107, kt\u00f3ry szlak wybra\u0107?"}]},{"@type":"WebSite","@id":"https:\/\/8a.pl\/8academy\/#website","url":"https:\/\/8a.pl\/8academy\/","name":"8academy.pl - portal g\u00f3rski i wspinaczkowy dla aktywnych","description":"8academy to portal g\u00f3rski o wspinaczce, trekkingu i skiturach. Znajdziesz tu porady, testy sprz\u0119tu i opisy najlepszych rejon\u00f3w. Inspirujemy zdobywc\u00f3w!","publisher":{"@id":"https:\/\/8a.pl\/8academy\/#organization"},"potentialAction":[{"@type":"SearchAction","target":{"@type":"EntryPoint","urlTemplate":"https:\/\/8a.pl\/8academy\/?s={search_term_string}"},"query-input":{"@type":"PropertyValueSpecification","valueRequired":true,"valueName":"search_term_string"}}],"inLanguage":"pl-PL"},{"@type":"Organization","@id":"https:\/\/8a.pl\/8academy\/#organization","name":"8academy.pl - portal g\u00f3rski i wspinaczkowy dla aktywnych","url":"https:\/\/8a.pl\/8academy\/","logo":{"@type":"ImageObject","inLanguage":"pl-PL","@id":"https:\/\/8a.pl\/8academy\/#\/schema\/logo\/image\/","url":"https:\/\/8a.pl\/8academy\/wp-content\/uploads\/2015\/11\/logo.png","contentUrl":"https:\/\/8a.pl\/8academy\/wp-content\/uploads\/2015\/11\/logo.png","width":438,"height":315,"caption":"8academy.pl - portal g\u00f3rski i wspinaczkowy dla aktywnych"},"image":{"@id":"https:\/\/8a.pl\/8academy\/#\/schema\/logo\/image\/"},"sameAs":["https:\/\/pl-pl.facebook.com\/sklep8apl\/","https:\/\/www.instagram.com\/8apl\/"]},{"@type":"Person","@id":"https:\/\/8a.pl\/8academy\/#\/schema\/person\/2e392153a51786e6c3d5ede231b5d2a4","name":"Redakcja 8Academy","image":{"@type":"ImageObject","inLanguage":"pl-PL","@id":"https:\/\/8a.pl\/8academy\/#\/schema\/person\/image\/","url":"https:\/\/8a.pl\/8academy\/wp-content\/uploads\/2017\/10\/logo_obrobione_2_150_59ICJ.jpg","contentUrl":"https:\/\/8a.pl\/8academy\/wp-content\/uploads\/2017\/10\/logo_obrobione_2_150_59ICJ.jpg","caption":"Redakcja 8Academy"},"url":"https:\/\/8a.pl\/8academy\/author\/redakcja\/"}]}},"_links":{"self":[{"href":"https:\/\/8a.pl\/8academy\/wp-json\/wp\/v2\/posts\/67825","targetHints":{"allow":["GET"]}}],"collection":[{"href":"https:\/\/8a.pl\/8academy\/wp-json\/wp\/v2\/posts"}],"about":[{"href":"https:\/\/8a.pl\/8academy\/wp-json\/wp\/v2\/types\/post"}],"author":[{"embeddable":true,"href":"https:\/\/8a.pl\/8academy\/wp-json\/wp\/v2\/users\/7"}],"replies":[{"embeddable":true,"href":"https:\/\/8a.pl\/8academy\/wp-json\/wp\/v2\/comments?post=67825"}],"version-history":[{"count":10,"href":"https:\/\/8a.pl\/8academy\/wp-json\/wp\/v2\/posts\/67825\/revisions"}],"predecessor-version":[{"id":88189,"href":"https:\/\/8a.pl\/8academy\/wp-json\/wp\/v2\/posts\/67825\/revisions\/88189"}],"wp:featuredmedia":[{"embeddable":true,"href":"https:\/\/8a.pl\/8academy\/wp-json\/wp\/v2\/media\/67828"}],"wp:attachment":[{"href":"https:\/\/8a.pl\/8academy\/wp-json\/wp\/v2\/media?parent=67825"}],"wp:term":[{"taxonomy":"category","embeddable":true,"href":"https:\/\/8a.pl\/8academy\/wp-json\/wp\/v2\/categories?post=67825"},{"taxonomy":"post_tag","embeddable":true,"href":"https:\/\/8a.pl\/8academy\/wp-json\/wp\/v2\/tags?post=67825"}],"curies":[{"name":"wp","href":"https:\/\/api.w.org\/{rel}","templated":true}]}}