{"id":67758,"date":"2024-03-08T09:00:00","date_gmt":"2024-03-08T08:00:00","guid":{"rendered":"https:\/\/8a.pl\/8academy\/?p=67758"},"modified":"2024-04-09T09:33:50","modified_gmt":"2024-04-09T07:33:50","slug":"k2-najwyzszy-szczyt-karakorum-8academy","status":"publish","type":"post","link":"https:\/\/8a.pl\/8academy\/k2-najwyzszy-szczyt-karakorum-8academy\/","title":{"rendered":"K2 &#8211; Najwy\u017cszy szczyt Karakorum"},"content":{"rendered":"\n<h3 class=\"wp-block-heading\" id=\"h-szczyt-k2-podstawowe-informacje\">Szczyt K2 \u2013 podstawowe informacje<\/h3>\n\n\n\n<p class=\"wp-block-paragraph\">Miejsce w kt\u00f3rym wznosi si\u0119 K2 jest szczeg\u00f3lne. S\u0105siaduj\u0105 tam ze sob\u0105 bowiem wszystkie cztery o\u015bmiotysi\u0119czniki w Karakorum. Raptem kilka kilometr\u00f3w na wsch\u00f3d od K2 znajdziecie na mapie masyw Broad Peak, a tu\u017c obok pot\u0119\u017cn\u0105 grup\u0119 Gaszerbrum\u00f3w. Zdj\u0119cia ze szczytu K2 s\u0105 te\u017c niepor\u00f3wnywalne z \u017cadnymi innymi. R\u00f3\u017cnica wysoko\u015bci pomi\u0119dzy wierzcho\u0142kiem K2 a otaczaj\u0105cymi j\u0105 szczytami to ponad 500 m. Stoj\u0105c tam, ma si\u0119 Karakorum nie wok\u00f3\u0142 siebie, ale u st\u00f3p. K2 budzi chyba najwi\u0119ksze emocje ze wszystkich szczyt\u00f3w Karakorum. Nie tylko jednak dlatego, \u017ce jest drug\u0105 pod wzgl\u0119dem wysoko\u015bci g\u00f3r\u0105 na Ziemi.<\/p>\n\n\n\n<p class=\"wp-block-paragraph\">Jest uwa\u017cana za najtrudniejszy ze wszystkich czternastu o\u015bmiotysi\u0119cznik\u00f3w. Nawet na tzw. normalnej drodze trzeba bowiem zmierzy\u0107 si\u0119 z czysto wspinaczkowymi fragmentami. Na dodatek, cz\u0119\u015b\u0107 tych trudno\u015bci pojawia si\u0119 tu\u017c pod szczytem, na wysoko\u015bci przekraczaj\u0105cej 8000 m.<\/p>\n\n\n\n<p class=\"wp-block-paragraph\"><\/p>\n\n\n<div class=\"wp-block-image\">\n<figure class=\"aligncenter size-full\"><img fetchpriority=\"high\" decoding=\"async\" width=\"600\" height=\"900\" src=\"https:\/\/8a.pl\/8academy\/wp-content\/uploads\/2024\/03\/T_G_Montgomerie_sm.jpg\" alt=\"Thomas Montgomerie - to on nada\u0142 nazw\u0119 K2\" class=\"wp-image-67779\" srcset=\"https:\/\/8a.pl\/8academy\/wp-content\/uploads\/2024\/03\/T_G_Montgomerie_sm.jpg 600w, https:\/\/8a.pl\/8academy\/wp-content\/uploads\/2024\/03\/T_G_Montgomerie_sm-200x300.jpg 200w\" sizes=\"(max-width: 600px) 100vw, 600px\" \/><figcaption class=\"wp-element-caption\">Thomas Montgomerie &#8211; to on nada\u0142 nazw\u0119 K2 (fot. Wikimedia Commons)<\/figcaption><\/figure>\n<\/div>\n\n\n<h3 class=\"wp-block-heading\" id=\"h-skad-wziela-sie-ta-niezwyczajna-nazwa\">Sk\u0105d wzi\u0119\u0142a si\u0119 ta niezwyczajna nazwa?<\/h3>\n\n\n\n<p class=\"wp-block-paragraph\">W 1856, Thomas Montgomerie prowadzi\u0142 pomiary w rejonie Karakorum w ramach wielkiego projektu sporz\u0105dzenia dok\u0142adnych map ziem b\u0119d\u0105cych brytyjskimi koloniami. Spogl\u0105daj\u0105c na wierzcho\u0142ki Karakorum, ponumerowa\u0142 po prostu kolejne wybitne szczyty zanim pozna\u0142 ich lokalne nazwy. K1 to Maszerbrum, a nast\u0119pny istotny wierzcho\u0142ek na zach\u00f3d od niego to K2. Robocze nazwy zosta\u0142y p\u00f3\u017aniej zast\u0105pione tradycyjnymi, ale w przypadku K2 okaza\u0142o si\u0119 to nie\u0142atwe. Szczyt le\u017ca\u0142 na tyle daleko od cywilizacji, \u017ce nie funkcjonowa\u0142a \u017cadna szeroko u\u017cywana lokalnie jego nazwa. Podawana w tym kontek\u015bcie <em>Chogori<\/em> mo\u017ce by\u0107 neologizmem ukutym przez Brytyjczyk\u00f3w. Oznacza po prostu \u201ewielka g\u00f3ra\u201d i nie jest tak jak inne \u2013 cho\u0107by Gaszerbrum \u2013 u\u017cywana przez lokaln\u0105 ludno\u015b\u0107. Do drugiego szczytu \u015bwiata przylgn\u0119\u0142a wi\u0119c techniczna, w zamiarze tymczasowa nazwa \u2013 K2.<\/p>\n\n\n\n<p class=\"wp-block-paragraph\">K2 bywa te\u017c nazywana \u201eSavage Mountain\u201d czyli \u201ebrutaln\u0105 g\u00f3r\u0105\u201d. To okre\u015blenie, powtarzane za Georgem Bellem, uczestnikiem ameryka\u0144skiej wyprawy z 1953 roku. Rzeczywi\u015bcie, jeszcze kilka lat temu statystyki mrozi\u0142y krew w \u017cy\u0142ach. Prawie co czwarty wspinacz pr\u00f3buj\u0105cy zdoby\u0107 K2 przyp\u0142aca\u0142 to \u017cyciem. Turystyka wysokog\u00f3rska na przestrzeni kilku minionych sezon\u00f3w rozwin\u0119\u0142a si\u0119 jednak gwa\u0142townie. Na K2 pojawi\u0142y si\u0119 agencje wysokog\u00f3rskie zak\u0142adaj\u0105c liny por\u0119czowe do samego szczytu jak na Evere\u015bcie. Ryzyko znacz\u0105co wi\u0119c zmala\u0142o, ale K2 jest nadal szczytem znacznie bardziej niebezpiecznym ni\u017c inne o\u015bmiotysi\u0119czniki.<\/p>\n\n\n\n<p class=\"wp-block-paragraph\"><\/p>\n\n\n<div class=\"wp-block-image\">\n<figure class=\"aligncenter size-full\"><img decoding=\"async\" width=\"600\" height=\"900\" src=\"https:\/\/8a.pl\/8academy\/wp-content\/uploads\/2024\/03\/K2-above-Bottleneck_sm.jpg\" alt=\"Nad &quot;Bottleneck&quot; czyli &quot;Szyjk\u0105 Butelki&quot;\" class=\"wp-image-67783\" srcset=\"https:\/\/8a.pl\/8academy\/wp-content\/uploads\/2024\/03\/K2-above-Bottleneck_sm.jpg 600w, https:\/\/8a.pl\/8academy\/wp-content\/uploads\/2024\/03\/K2-above-Bottleneck_sm-200x300.jpg 200w\" sizes=\"(max-width: 600px) 100vw, 600px\" \/><figcaption class=\"wp-element-caption\">Droga na szczyt &#8211; nad &#8220;Bottleneck&#8221; czyli &#8220;Szyjk\u0105 Butelki&#8221; (fot. Wikimedia Commons)<\/figcaption><\/figure>\n<\/div>\n\n\n<p class=\"wp-block-paragraph\">Zanim jednak zaczniecie poszukiwa\u0107 w internecie informacji o agencjach oferuj\u0105cych \u201ewycieczk\u0119\u201d na K2, dobrze jest zacz\u0105\u0107 od ni\u017cszych szczyt\u00f3w. <a href=\"https:\/\/8a.pl\/8academy\/wyprawy-gorskie-przygotowanie-medyczne-na-piecio-i-szesciotysieczniki\/\">O tym jak si\u0119 przygotowa\u0107 do wej\u015b\u0107 na pi\u0119cio- i sze\u015bciotysi\u0119czniki, przeczytacie w tym artykule.<\/a><\/p>\n\n\n\n<h2 class=\"wp-block-heading\" id=\"h-historia-podboju-k2\">Historia podboju K2.<\/h2>\n\n\n\n<p class=\"wp-block-paragraph\">Pierwsza ekspedycja, kt\u00f3ra mia\u0142a zamiar dotrze\u0107 na szczyt atakowa\u0142a go w 1902 roku od wsp\u00f3\u0142cze\u015bnie mniej popularnej strony \u2013 p\u00f3\u0142nocy. Okaza\u0142o si\u0119 to jednak zbyt trudne. Wspinacze pod wodz\u0105 Oskara Eckensteina, dotarli \u201ezaledwie\u201d do wysoko\u015bci 6525 metr\u00f3w na p\u00f3\u0142nocno-wschodniej grani. Ca\u0142o\u015b\u0107 pokonano dopiero 80 lat p\u00f3\u017aniej. Trzeba jednak pami\u0119ta\u0107, \u017ce na pocz\u0105tku XX stulecia tylko nielicznym uda\u0142o si\u0119 dotrze\u0107 wy\u017cej. W dzisiejszych realiach ta wysoko\u015b\u0107 mo\u017ce nie by\u0107 imponuj\u0105ca, ale w\u00f3wczas by\u0142a rekordowa. Oskar Eckenstein jest te\u017c znany jako wynalazca pierwowzoru wsp\u00f3\u0142czesnych rak\u00f3w. Dzisiejsze raki wygl\u0105daj\u0105 oczywi\u015bcie nieco inaczej, ale pomys\u0142odawc\u0105 tego sprz\u0119tu jest w\u0142a\u015bnie Brytyjczyk.<\/p>\n\n\n\n<p class=\"wp-block-paragraph\"><a href=\"https:\/\/8a.pl\/raki\">Nasz\u0105 ofert\u0119 rak\u00f3w, kt\u00f3re s\u0105 niezb\u0119dne nie tylko na o\u015bmiotysi\u0119cznikach, znajdziesz tu.<\/a><\/p>\n\n\n\n<p class=\"wp-block-paragraph\">Kolejn\u0105 ekspedycj\u0105, kt\u00f3ra mierzy\u0142a si\u0119 z majestatem K2, by\u0142a wyprawa z 1909 roku zorganizowana przez w\u0142oskiego arystokrat\u0119. Luigi Amadeo di Savoia, ksi\u0105\u017c\u0119 Abruzz\u00f3w wybra\u0142 inn\u0105 drog\u0119. Atakowa\u0142 K2 od po\u0142udnia i cho\u0107 dotar\u0142 ni\u017cej ni\u017c poprzednicy (nieco ponad 6200 m), to przetar\u0142 szlak dla przysz\u0142ych pokole\u0144. Drog\u0105, kt\u00f3r\u0105 wytyczy\u0142 dotarli na szczyt pierwsi zdobywcy, a gra\u0144, kt\u00f3r\u0105 prowadzi nazwano \u017bebrem Abruzz\u00f3w.<\/p>\n\n\n\n<p class=\"wp-block-paragraph\">W latach trzydziestych kolejne ekspedycje dociera\u0142y \u015bladami ksi\u0119cia di Savoia coraz wy\u017cej. Najpierw w 1938 do 7925 m, a rok p\u00f3\u017aniej znacznie ponad magiczn\u0105 granic\u0119 8000 m \u2013 do wysoko\u015bci 8382 m. Na szczyt K2 uda\u0142o si\u0119 dotrze\u0107 dopiero W\u0142ochom, w 1954 roku. 31 lipca na wierzcho\u0142ku drugiej g\u00f3ry \u015bwiata stan\u0119li Lino Lacedelli i Achille Compagnoni. Ani jeden, ani drugi nie wybrali si\u0119 p\u00f3\u017aniej na \u017caden o\u015bmiotysi\u0119cznik.<\/p>\n\n\n\n<p class=\"wp-block-paragraph\"><\/p>\n\n\n<div class=\"wp-block-image\">\n<figure class=\"aligncenter size-full\"><img decoding=\"async\" width=\"600\" height=\"900\" src=\"https:\/\/8a.pl\/8academy\/wp-content\/uploads\/2024\/03\/Compagnoni_summit_K2_sm.jpg\" alt=\"Achille Compagnoni na szczycie K2\" class=\"wp-image-67780\" srcset=\"https:\/\/8a.pl\/8academy\/wp-content\/uploads\/2024\/03\/Compagnoni_summit_K2_sm.jpg 600w, https:\/\/8a.pl\/8academy\/wp-content\/uploads\/2024\/03\/Compagnoni_summit_K2_sm-200x300.jpg 200w\" sizes=\"(max-width: 600px) 100vw, 600px\" \/><figcaption class=\"wp-element-caption\">Achille Compagnoni na szczycie K2 (fot. Wikimedia Commons)<\/figcaption><\/figure>\n<\/div>\n\n\n<h2 class=\"wp-block-heading\" id=\"h-wyprawa-na-k2-trudnosci-nie-tylko-techniczne\">Wyprawa na K2 \u2013 trudno\u015bci nie tylko techniczne<\/h2>\n\n\n\n<p class=\"wp-block-paragraph\">Jedn\u0105 z trudno\u015bci zwi\u0105zanych ze zdobywaniem K2 jest jej oddalenie od cywilizacji. Pierwszych himalaist\u00f3w, kt\u00f3rzy pr\u00f3bowali si\u0119 z ni\u0105 mierzy\u0107 czeka\u0142o co najmniej 14 dni marszu w g\u00f3r\u0119 lodowca Baltoro. Nawet dzisiaj, ponad sto lat p\u00f3\u017aniej po pierwszych ekspedycjach, kiedy drogi wdar\u0142y si\u0119 w g\u0142\u0105b Karakorum, trekking do bazy trwa kilka dni.<\/p>\n\n\n\n<p class=\"wp-block-paragraph\">Sprawy komplikuje r\u00f3wnie\u017c specyfika klimatu Karakorum, odmiennego od tego co czeka wspinaczy w Himalajach. K2 le\u017cy niemal tysi\u0105c kilometr\u00f3w dalej na p\u00f3\u0142noc ni\u017c Mount Everest i jest tam po prostu du\u017co zimniej. S\u0105 tacy, kt\u00f3rzy twierdz\u0105, \u017ce wej\u015bcie na K2 latem mo\u017cna por\u00f3wnywa\u0107 z wej\u015bciami na himalajskie o\u015bmiotysi\u0119czniki zim\u0105. To oczywi\u015bcie pewna przesada, ale pokazuje z jak bardzo surowymi warunkami trzeba si\u0119 w Karakorum liczy\u0107.<\/p>\n\n\n\n<h2 class=\"wp-block-heading\" id=\"h-zimowe-wejscie-na-szczyt-k2\">Zimowe wej\u015bcie na szczyt K2<\/h2>\n\n\n\n<h3 class=\"wp-block-heading\" id=\"h-pierwsza-polska-zimowa-wyprawa-na-k2-1987-88\">Pierwsza polska zimowa wyprawa na K2 \u2013 1987\/88<\/h3>\n\n\n\n<p class=\"wp-block-paragraph\">Pr\u00f3by zdobycia K2 zim\u0105 to opowie\u015b\u0107 na osobny, obszerny artyku\u0142. T\u0119 epopej\u0119 trwaj\u0105c\u0105 ponad 30 lat rozpocz\u0119li w 1987 roku Polacy. Po zdobyciu sze\u015bciu z rz\u0119du himalajskich o\u015bmiotysi\u0119cznik\u00f3w zim\u0105 ekipa pod kierownictwem Andrzeja Zawady postanowi\u0142a spr\u00f3bowa\u0107 szcz\u0119\u015bcia na K2. Na pocz\u0105tku marca, zimowi zdobywcy Everestu, Leszek Cichy i Krzysztof Wielicki, za\u0142o\u017cyli ob\u00f3z na wysoko\u015bci 7300 m. Niestety pogoda uniemo\u017cliwi\u0142a dalsz\u0105 akcj\u0119.<\/p>\n\n\n\n<p class=\"wp-block-paragraph\">To podczas tej ekspedycji Maciej Berbeka dotar\u0142 na przedwierzcho\u0142ek Broad Peaku b\u0119d\u0105c pierwszym cz\u0142owiekiem w historii, kt\u00f3ry pokona\u0142 zim\u0105 w Karakorum granic\u0119 8000 metr\u00f3w. Mimo niepowodzenia \u2013 nie zdobyto ani K2 ani Broad Peaku \u2013 polscy wspinacze udowodnili, \u017ce podbijanie najwy\u017cszych g\u00f3r Karakorum zim\u0105 jest mo\u017cliwe.<\/p>\n\n\n\n<p class=\"wp-block-paragraph\"><\/p>\n\n\n<div class=\"wp-block-image\">\n<figure class=\"aligncenter size-full\"><img loading=\"lazy\" decoding=\"async\" width=\"600\" height=\"900\" src=\"https:\/\/8a.pl\/8academy\/wp-content\/uploads\/2024\/03\/Mount_Everest_-_Leszek_Cichy_sm.jpg\" alt=\"Leszek Cichy po zej\u015bciu z Everestu zim\u0105 1980 z dowodem w postaci notatki znalezionej na szczycie\" class=\"wp-image-67781\" srcset=\"https:\/\/8a.pl\/8academy\/wp-content\/uploads\/2024\/03\/Mount_Everest_-_Leszek_Cichy_sm.jpg 600w, https:\/\/8a.pl\/8academy\/wp-content\/uploads\/2024\/03\/Mount_Everest_-_Leszek_Cichy_sm-200x300.jpg 200w\" sizes=\"(max-width: 600px) 100vw, 600px\" \/><figcaption class=\"wp-element-caption\">Leszek Cichy po zej\u015bciu z Everestu zim\u0105 1980 z dowodem w postaci notatki znalezionej na szczycie.  (fot. Wikimedia Commons)<\/figcaption><\/figure>\n<\/div>\n\n\n<h3 class=\"wp-block-heading\" id=\"h-druga-polska-zimowa-wyprawa-na-k2-2002-03\">Druga polska zimowa wyprawa na K2 \u2013 2002\/03<\/h3>\n\n\n\n<p class=\"wp-block-paragraph\">Polacy wr\u00f3cili pod K2 pi\u0119tna\u015bcie lat p\u00f3\u017aniej. Tym razem ekspedycj\u0119 prowadzi\u0142 Krzysztof Wielicki i zn\u00f3w K2 pokaza\u0142a, \u017ce \u0142atwo nie b\u0119dzie. Denis Urubko i Marcin Kaczkan wyruszyli do ataku szczytowego, ale po dotarciu do obozu IV, za\u0142o\u017conego na 7650 m, okaza\u0142o si\u0119, \u017ce wszystko jest zniszczone. Sp\u0119dzili noc biwakuj\u0105c w dramatycznie trudnych warunkach \u2013 bez namiotu. Nast\u0119pnego dnia okaza\u0142o si\u0119, \u017ce Polak ma objawy obrz\u0119ku m\u00f3zgu spowodowanego chorob\u0105 wysoko\u015bciow\u0105. Atak szczytowy zamieni\u0142 si\u0119 wi\u0119c w akcj\u0119 ratunkow\u0105.<\/p>\n\n\n\n<p class=\"wp-block-paragraph\">W sezonie 2011\/12 K2 pr\u00f3bowa\u0142a bez powodzenia zdoby\u0107 ekspedycja rosyjska. Trzy lata p\u00f3\u017aniej Denis Urubko, Adam Bielecki i Alex Txikon musieli zrezygnowa\u0107 zanim wyruszyli, bo Chi\u0144czycy nie wydali im zgody na wspinaczk\u0119 od p\u00f3\u0142nocy, a na zmian\u0119 plan\u00f3w by\u0142o ju\u017c za p\u00f3\u017ano.<\/p>\n\n\n\n<h3 class=\"wp-block-heading\" id=\"h-trzecia-polska-zimowa-wyprawa-na-k2-2017-18\">Trzecia polska zimowa wyprawa na K2 \u2013 2017\/18<\/h3>\n\n\n\n<p class=\"wp-block-paragraph\">Trzecia polska wyprawa na K2 wyruszy\u0142a do Pakistanu w grudniu 2017. Wszystkie o\u015bmiotysi\u0119czniki zim\u0105 zosta\u0142y ju\u017c zdobyte i ca\u0142y \u015bwiat oczekiwa\u0142, \u017ce Polacy tym razem dopn\u0105 swego. W ekipie byli m.in. Adam Bielecki i Denis Urubko (obaj z dwoma pierwszymi zimowymi wej\u015bciami na koncie), Janusz Go\u0142\u0105b (pierwsze wej\u015bcie zimowe na Gaszerbrum I). Szefem wyprawy by\u0142 Krzysztof Wielicki. Nie mog\u0142o si\u0119 nie uda\u0107. Panowa\u0142o tez powszechne przekonanie, \u017ce Polakom zimowe wej\u015bcie na K2 si\u0119 w pewnym sensie nale\u017cy. By\u0142oby ukoronowaniem dokona\u0144 lodowych wojownik\u00f3w i klamr\u0105 spinaj\u0105c\u0105 histori\u0119 od pierwszego wej\u015bcia zim\u0105 na Everest w 1980 roku.<\/p>\n\n\n\n<p class=\"wp-block-paragraph\">Wszystko jednak sz\u0142o nie tak jak zaplanowano. Zesp\u00f3\u0142 najpierw atakowa\u0142 drog\u0105 Cessena, potem zmieniono koncepcj\u0119 i wybrano dobrze rozpoznane zim\u0105 \u017bebro Abruzzich. W mi\u0119dzyczasie zdarzy\u0142a si\u0119 brawurowa akcja ratunkowa na Nanga Parbat. Ostatecznie po dotarciu do ok. 7400 m zdecydowano si\u0119 na odwr\u00f3t. W ostatniej chwili Denis Urubko wybra\u0142 si\u0119 na samotny atak szczytowy, ale i on zawr\u00f3ci\u0142 na wysoko\u015bci ok. 7600 m).<\/p>\n\n\n\n<h3 class=\"wp-block-heading\" id=\"h-pierwsze-zimowe-wejscie-na-szczyt-k2\">Pierwsze zimowe wej\u015bcie na szczyt K2<\/h3>\n\n\n\n<p class=\"wp-block-paragraph\">Zacz\u0119to si\u0119 zastanawia\u0107, czy K2 zim\u0105 jest w og\u00f3le do zdobycia. W 2020 roku w bazie pod K2 pojawi\u0142a si\u0119 ekipa Nepalczyk\u00f3w. Ludzi, kt\u00f3rzy cho\u0107 niemal ka\u017cdy z nich wielokrotnie wchodzi\u0142 na o\u015bmiotysi\u0119czniki, nie trafiaj\u0105 na ok\u0142adki g\u00f3rskich magazyn\u00f3w. Nie s\u0105 wielkimi gwiazdami tego sportu cho\u0107 mog\u0105 si\u0119 poszczyci\u0107 fenomenalnymi dokonaniami.<\/p>\n\n\n\n<p class=\"wp-block-paragraph\">16 stycznia 2021 dziesi\u0119ciu wspinaczy z Nepalu dotar\u0142o na szczyt K2. Dopiero wtedy do wszystkich dotar\u0142o, \u017ce mo\u017ce to w\u0142a\u015bnie oni najbardziej na to zas\u0142u\u017cyli. Wy\u015bcig o zdobycie o\u015bmiotysi\u0119cznik\u00f3w zim\u0105 si\u0119 sko\u0144czy\u0142. W gronie tych dziesi\u0119ciu wspinaczy by\u0142 Nirmal &#8220;Nims&#8221; Purja, kt\u00f3ry dwa lata wcze\u015bniej zas\u0142yn\u0105\u0142 zdobyciem Korony Himalaj\u00f3w i Karakorum w rekordowym czasie nieco ponad sze\u015bciu miesi\u0119cy. Purja by\u0142 jedynym z grupy nepalskich wspinaczy, kt\u00f3ry na szczyt K2 wszed\u0142 nie korzystaj\u0105c z tlenu z butli.<\/p>\n\n\n\n<p class=\"wp-block-paragraph\"><a href=\"https:\/\/8a.pl\/8academy\/korona-himalajow-i-karakorum-polskim-wydaniu\/\">Histori\u0119 polskich zdobywc\u00f3w Korony Himalaj\u00f3w i Karakorum przedstawili\u015bmy w tym artykule.<\/a><\/p>\n\n\n\n<p class=\"wp-block-paragraph\"><\/p>\n\n\n<div class=\"wp-block-image\">\n<figure class=\"aligncenter size-full\"><img loading=\"lazy\" decoding=\"async\" width=\"600\" height=\"900\" src=\"https:\/\/8a.pl\/8academy\/wp-content\/uploads\/2024\/03\/NIRMAL_PURJA__NIMS_.jpg\" alt=\"Nirmal &quot;Nims&quot; Purja - 14 o\u015bmiotysi\u0119cznik\u00f3w w 6 miesi\u0119cy\" class=\"wp-image-67784\" srcset=\"https:\/\/8a.pl\/8academy\/wp-content\/uploads\/2024\/03\/NIRMAL_PURJA__NIMS_.jpg 600w, https:\/\/8a.pl\/8academy\/wp-content\/uploads\/2024\/03\/NIRMAL_PURJA__NIMS_-200x300.jpg 200w\" sizes=\"(max-width: 600px) 100vw, 600px\" \/><figcaption class=\"wp-element-caption\">Nirmal &#8220;Nims&#8221; Purja &#8211; 14 o\u015bmiotysi\u0119cznik\u00f3w w 6 miesi\u0119cy (fot. Wikimedia Commons)<\/figcaption><\/figure>\n<\/div>\n\n\n<p class=\"wp-block-paragraph\">Od zdobycia pierwszego o\u015bmiotysi\u0119cznika zim\u0105, w 1980 roku, do zimowego wej\u015bcia na K2 min\u0119\u0142o niemal 41 lat. W wysokog\u00f3rskim \u015bwiecie wej\u015bcie Nepalczyk\u00f3w na drugi szczyt ziemi wcale nie zamkn\u0119\u0142o dyskusji. Wr\u0119cz przeciwnie. Wyzwoli\u0142o rozwa\u017cania o przysz\u0142o\u015bci himalaizmu. O tym co czeka wspinanie w g\u00f3rach wysokich, w jakich kierunkach b\u0119dzie si\u0119 rozwija\u0107 i jak zako\u0144czenie wirtualnego wy\u015bcigu o ostatni niezdobyty zim\u0105 o\u015bmiotysi\u0119cznik zmienia poszukiwanie nowych cel\u00f3w.<\/p>\n\n\n\n<p class=\"wp-block-paragraph\"><a href=\"https:\/\/8a.pl\/8academy\/himalaizm-po-zimowym-k2-janusz-golab-zapis-podcastu\/\">W\u0142a\u015bnie o tym rozmawiali\u015bmy z Januszem Go\u0142\u0105bem i zapis tej rozmowy&nbsp; &#8211; \u201eHimalazim po zimowym K2\u201d \u2013 znajdziecie tutaj.<\/a><\/p>\n\n\n\n<h3 class=\"wp-block-heading\" id=\"h-andrzej-bargiel-zjazd-ze-szczytu-k2-na-nartach\">Andrzej Bargiel \u2013 zjazd ze szczytu K2 na nartach<\/h3>\n\n\n\n<p class=\"wp-block-paragraph\">Jeden z najszybszych himalaist\u00f3w wspina si\u0119 po to, \u017ceby ze szczytu zjecha\u0107 na nartach. Przeni\u00f3s\u0142 skialpinistyczne do\u015bwiadczenia w g\u00f3ry najwy\u017csze i od lat realizuje projekt HIC SUNT LEONES, kt\u00f3ry zak\u0142ada zjazdy z kolejnych o\u015bmiotysi\u0119cznik\u00f3w. W 2013 roku zjecha\u0142 z Sziszapangmy, rok p\u00f3\u017aniej z Manaslu a w 2015 roku jako pierwszy w historii z Broad Peaku.<\/p>\n\n\n\n<p class=\"wp-block-paragraph\">Dwa lata p\u00f3\u017aniej wr\u00f3ci\u0142 w Karakorum z zamiarem wej\u015bcia na szczyt i zjazdu z K2. Pierwsza pr\u00f3ba niestety si\u0119 nie uda\u0142a, ale by\u0142a dla Bargiela znakomitym rekonesansem. Zweryfikowa\u0142 plan i uzna\u0142, \u017ce jego za\u0142o\u017cenia s\u0105 jak najbardziej wykonalne. 22 lipca 2018 stan\u0105\u0142 na wierzcho\u0142ku K2 jako trzynasty Polak w historii i dokona\u0142 pierwszego zjazdu na nartach. Nie do\u015b\u0107, \u017ce ze szczytu do bazy dotar\u0142 bez odpinania nart, to jeszcze po\u0142\u0105czy\u0142 dwie drogi. Z \u017bebra Abruzzich tzw. Trawersem Messnera dotar\u0142 do <em>Magic Line.<\/em><\/p>\n\n\n\n<p class=\"wp-block-paragraph\">Poprzednie zjazdy (m.in. Hansa Kammerlandera, Dave\u2019a Watsona czy Luisa Stitzingera) zaczyna\u0142y si\u0119 du\u017co poni\u017cej szczytu. Andrzej Bargiel by\u0142 pierwszym, kt\u00f3ry odwa\u017cy\u0142 si\u0119 zapi\u0105\u0107 narty na samym szczycie K2, i \u2013 co wa\u017cniejsze \u2013 bezpiecznie zjecha\u0142 na d\u00f3\u0142.<\/p>\n\n\n\n<p class=\"wp-block-paragraph\"><\/p>\n\n\n<div class=\"wp-block-image\">\n<figure class=\"aligncenter size-full\"><img loading=\"lazy\" decoding=\"async\" width=\"600\" height=\"900\" src=\"https:\/\/8a.pl\/8academy\/wp-content\/uploads\/2024\/03\/600x900_academy_35.webp\" alt=\"Andrzej Bargiel - pierwszy cz\u0142owiek, kt\u00f3ry zjecha\u0142 na nartach z K2\" class=\"wp-image-67782\" srcset=\"https:\/\/8a.pl\/8academy\/wp-content\/uploads\/2024\/03\/600x900_academy_35.webp 600w, https:\/\/8a.pl\/8academy\/wp-content\/uploads\/2024\/03\/600x900_academy_35-200x300.webp 200w\" sizes=\"(max-width: 600px) 100vw, 600px\" \/><figcaption class=\"wp-element-caption\">Andrzej Bargiel &#8211; pierwszy cz\u0142owiek, kt\u00f3ry zjecha\u0142 na nartach z K2 (fot. 8academy)<\/figcaption><\/figure>\n<\/div>\n\n\n<p class=\"wp-block-paragraph\"><a href=\"https:\/\/8a.pl\/8academy\/andrzej-bargiel-himalaizm-na-nartach-zapis-podcastu\/\">Ju\u017c po tym wyczynie przeprowadzili\u015bmy z Andrzejem rozmow\u0119, kt\u00f3r\u0105 mo\u017cecie przeczyta\u0107 tu.<\/a><\/p>\n\n\n\n<h3 class=\"wp-block-heading\" id=\"h-polscy-zdobywcy-szczytu-k2\">Polscy zdobywcy szczytu K2<\/h3>\n\n\n\n<p class=\"wp-block-paragraph\">Na szczycie K2 stan\u0119\u0142o dot\u0105d niespe\u0142na dwadzie\u015bcia os\u00f3b z polskim paszportem. Jak na razie nikomu z Polak\u00f3w nie uda\u0142o si\u0119 tego zrobi\u0107 zim\u0105. Oto lista wszystkich polskich zdobywc\u00f3w drugiego szczytu Ziemi.<\/p>\n\n\n\n<ul class=\"wp-block-list\">\n<li>23 czerwca 1986 \u2013 Wanda Rutkiewicz &#8211; pierwsze kobiece wej\u015bcie<\/li>\n\n\n\n<li>8 lipca 1986 \u2013 Jerzy Kukuczka, Tadeusz Piotrowski \u2013 now\u0105 drog\u0105 <em>Polish Line<\/em>, niepowt\u00f3rzon\u0105 do dzisiaj<\/li>\n\n\n\n<li>3 sierpnia 1986 \u2013 Przemys\u0142aw Piasecki, Wojciech Wr\u00f3\u017c \u2013 now\u0105 drog\u0105 \u2013 <em>Magic Line<\/em><\/li>\n\n\n\n<li>10 sierpnia 1996 \u2013 Krzysztof Wielicki<\/li>\n\n\n\n<li>14 sierpnia 1996 \u2013 Ryszard Paw\u0142owski, Piotr Pustelnik<\/li>\n\n\n\n<li>23 sierpnia 2011 \u2013 Dariusz Za\u0142uski<\/li>\n\n\n\n<li>31 lipca 2012 \u2013 Adam Bielecki<\/li>\n\n\n\n<li>31 lipca 2014 \u2013 Janusz Go\u0142\u0105b, Marcin Kaczkan<\/li>\n\n\n\n<li>22 lipca 2018 \u2013 Andrzej Bargiel \u2013 pierwszy w historii zjazd na nartach z K2<\/li>\n\n\n\n<li>25 lipca 2019 \u2013 Waldemar Kowalewski<\/li>\n\n\n\n<li>22 lipca 2022 \u2013 Monika Witkowska &#8211; druga Polka na K2<\/li>\n\n\n\n<li>28 lipca 2022 \u2013 Dorota Rasi\u0144ska-Samo\u0107ko<\/li>\n\n\n\n<li>28 lipca 2022 \u2013 Rados\u0142aw Wo\u017aniak, Mariusz Hatala, Piotr Krzy\u017cowski \u2013 w ramach Beskid Expedition Team, bez wspomagania tlenem z butli<\/li>\n<\/ul>\n","protected":false},"excerpt":{"rendered":"<p>Ka\u017cdego kto j\u0105 zobaczy onie\u015bmiela swoim majestatem. Jest ni\u017csza ni\u017c Everest, ale wielu wspinaczy bez wahania zamieni\u0142oby wej\u015bcie na Dach \u015awiata na zdobycie K2. Mimo, \u017ce nadal, mimo por\u0119czowania drogi do samego szczytu, ryzyko jest znacznie wi\u0119ksze ni\u017c na jakimkolwiek innym o\u015bmiotysi\u0119czniku.<\/p>\n","protected":false},"author":82,"featured_media":67787,"comment_status":"closed","ping_status":"closed","sticky":false,"template":"","format":"standard","meta":{"_acf_changed":false,"_uf_show_specific_survey":0,"_uf_disable_surveys":false,"footnotes":""},"categories":[26071],"tags":[26086,26077,26084],"class_list":["post-67758","post","type-post","status-publish","format-standard","has-post-thumbnail","hentry","category-alpinizm","tag-alpinizm","tag-przewodnik","tag-zima"],"acf":[],"yoast_head":"<!-- This site is optimized with the Yoast SEO Premium plugin v23.4 (Yoast SEO v25.5) - https:\/\/yoast.com\/wordpress\/plugins\/seo\/ -->\n<title>Szczyt K2 - Historia podboju | 8academy<\/title>\n<meta name=\"description\" content=\"Historia podboju szczytu K2, drugiej g\u00f3ry \u015bwiata, kt\u00f3ra przez wielu jest uwa\u017cana za najtrudniejszy technicznie o\u015bmiotysi\u0119cznik.\" \/>\n<meta name=\"robots\" content=\"index, follow, max-snippet:-1, max-image-preview:large, max-video-preview:-1\" \/>\n<link rel=\"canonical\" href=\"https:\/\/8a.pl\/8academy\/k2-najwyzszy-szczyt-karakorum-8academy\/\" \/>\n<meta property=\"og:locale\" content=\"pl_PL\" \/>\n<meta property=\"og:type\" content=\"article\" \/>\n<meta property=\"og:title\" content=\"K2 - Najwy\u017cszy szczyt Karakorum\" \/>\n<meta property=\"og:description\" content=\"Historia podboju szczytu K2, drugiej g\u00f3ry \u015bwiata, kt\u00f3ra przez wielu jest uwa\u017cana za najtrudniejszy technicznie o\u015bmiotysi\u0119cznik.\" \/>\n<meta property=\"og:url\" content=\"https:\/\/8a.pl\/8academy\/k2-najwyzszy-szczyt-karakorum-8academy\/\" \/>\n<meta property=\"og:site_name\" content=\"8academy.pl - portal g\u00f3rski i wspinaczkowy dla aktywnych\" \/>\n<meta property=\"article:publisher\" content=\"https:\/\/pl-pl.facebook.com\/sklep8apl\/\" \/>\n<meta property=\"article:published_time\" content=\"2024-03-08T08:00:00+00:00\" \/>\n<meta property=\"article:modified_time\" content=\"2024-04-09T07:33:50+00:00\" \/>\n<meta property=\"og:image\" content=\"http:\/\/8a.pl\/8academy\/wp-content\/uploads\/2024\/03\/K2_Mount_Godwin_Austen_Chogori_Savage_Mountain_cover.jpg\" \/>\n\t<meta property=\"og:image:width\" content=\"2000\" \/>\n\t<meta property=\"og:image:height\" content=\"1460\" \/>\n\t<meta property=\"og:image:type\" content=\"image\/jpeg\" \/>\n<meta name=\"author\" content=\"Tomasz Biernacki\" \/>\n<meta name=\"twitter:card\" content=\"summary_large_image\" \/>\n<meta name=\"twitter:label1\" content=\"Napisane przez\" \/>\n\t<meta name=\"twitter:data1\" content=\"Tomasz Biernacki\" \/>\n\t<meta name=\"twitter:label2\" content=\"Szacowany czas czytania\" \/>\n\t<meta name=\"twitter:data2\" content=\"12 minut\" \/>\n<!-- \/ Yoast SEO Premium plugin. -->","yoast_head_json":{"title":"Szczyt K2 - Historia podboju | 8academy","description":"Historia podboju szczytu K2, drugiej g\u00f3ry \u015bwiata, kt\u00f3ra przez wielu jest uwa\u017cana za najtrudniejszy technicznie o\u015bmiotysi\u0119cznik.","robots":{"index":"index","follow":"follow","max-snippet":"max-snippet:-1","max-image-preview":"max-image-preview:large","max-video-preview":"max-video-preview:-1"},"canonical":"https:\/\/8a.pl\/8academy\/k2-najwyzszy-szczyt-karakorum-8academy\/","og_locale":"pl_PL","og_type":"article","og_title":"K2 - Najwy\u017cszy szczyt Karakorum","og_description":"Historia podboju szczytu K2, drugiej g\u00f3ry \u015bwiata, kt\u00f3ra przez wielu jest uwa\u017cana za najtrudniejszy technicznie o\u015bmiotysi\u0119cznik.","og_url":"https:\/\/8a.pl\/8academy\/k2-najwyzszy-szczyt-karakorum-8academy\/","og_site_name":"8academy.pl - portal g\u00f3rski i wspinaczkowy dla aktywnych","article_publisher":"https:\/\/pl-pl.facebook.com\/sklep8apl\/","article_published_time":"2024-03-08T08:00:00+00:00","article_modified_time":"2024-04-09T07:33:50+00:00","og_image":[{"width":2000,"height":1460,"url":"http:\/\/8a.pl\/8academy\/wp-content\/uploads\/2024\/03\/K2_Mount_Godwin_Austen_Chogori_Savage_Mountain_cover.jpg","type":"image\/jpeg"}],"author":"Tomasz Biernacki","twitter_card":"summary_large_image","twitter_misc":{"Napisane przez":"Tomasz Biernacki","Szacowany czas czytania":"12 minut"},"schema":{"@context":"https:\/\/schema.org","@graph":[{"@type":"Article","@id":"https:\/\/8a.pl\/8academy\/k2-najwyzszy-szczyt-karakorum-8academy\/#article","isPartOf":{"@id":"https:\/\/8a.pl\/8academy\/k2-najwyzszy-szczyt-karakorum-8academy\/"},"author":{"name":"Tomasz Biernacki","@id":"https:\/\/8a.pl\/8academy\/#\/schema\/person\/2bdd3501d6620de31291c8b8b6bcf1e7"},"headline":"K2 &#8211; Najwy\u017cszy szczyt Karakorum","datePublished":"2024-03-08T08:00:00+00:00","dateModified":"2024-04-09T07:33:50+00:00","mainEntityOfPage":{"@id":"https:\/\/8a.pl\/8academy\/k2-najwyzszy-szczyt-karakorum-8academy\/"},"wordCount":2091,"publisher":{"@id":"https:\/\/8a.pl\/8academy\/#organization"},"image":{"@id":"https:\/\/8a.pl\/8academy\/k2-najwyzszy-szczyt-karakorum-8academy\/#primaryimage"},"thumbnailUrl":"https:\/\/8a.pl\/8academy\/wp-content\/uploads\/2024\/03\/K2_Mount_Godwin_Austen_Chogori_Savage_Mountain_cover.jpg","keywords":["Alpinizm","Przewodnik","Zima"],"articleSection":["Alpinizm"],"inLanguage":"pl-PL"},{"@type":"WebPage","@id":"https:\/\/8a.pl\/8academy\/k2-najwyzszy-szczyt-karakorum-8academy\/","url":"https:\/\/8a.pl\/8academy\/k2-najwyzszy-szczyt-karakorum-8academy\/","name":"Szczyt K2 - Historia podboju | 8academy","isPartOf":{"@id":"https:\/\/8a.pl\/8academy\/#website"},"primaryImageOfPage":{"@id":"https:\/\/8a.pl\/8academy\/k2-najwyzszy-szczyt-karakorum-8academy\/#primaryimage"},"image":{"@id":"https:\/\/8a.pl\/8academy\/k2-najwyzszy-szczyt-karakorum-8academy\/#primaryimage"},"thumbnailUrl":"https:\/\/8a.pl\/8academy\/wp-content\/uploads\/2024\/03\/K2_Mount_Godwin_Austen_Chogori_Savage_Mountain_cover.jpg","datePublished":"2024-03-08T08:00:00+00:00","dateModified":"2024-04-09T07:33:50+00:00","description":"Historia podboju szczytu K2, drugiej g\u00f3ry \u015bwiata, kt\u00f3ra przez wielu jest uwa\u017cana za najtrudniejszy technicznie o\u015bmiotysi\u0119cznik.","breadcrumb":{"@id":"https:\/\/8a.pl\/8academy\/k2-najwyzszy-szczyt-karakorum-8academy\/#breadcrumb"},"inLanguage":"pl-PL","potentialAction":[{"@type":"ReadAction","target":["https:\/\/8a.pl\/8academy\/k2-najwyzszy-szczyt-karakorum-8academy\/"]}]},{"@type":"ImageObject","inLanguage":"pl-PL","@id":"https:\/\/8a.pl\/8academy\/k2-najwyzszy-szczyt-karakorum-8academy\/#primaryimage","url":"https:\/\/8a.pl\/8academy\/wp-content\/uploads\/2024\/03\/K2_Mount_Godwin_Austen_Chogori_Savage_Mountain_cover.jpg","contentUrl":"https:\/\/8a.pl\/8academy\/wp-content\/uploads\/2024\/03\/K2_Mount_Godwin_Austen_Chogori_Savage_Mountain_cover.jpg","width":2000,"height":1460},{"@type":"BreadcrumbList","@id":"https:\/\/8a.pl\/8academy\/k2-najwyzszy-szczyt-karakorum-8academy\/#breadcrumb","itemListElement":[{"@type":"ListItem","position":1,"name":"Strona g\u0142\u00f3wna","item":"https:\/\/8a.pl\/8academy\/"},{"@type":"ListItem","position":2,"name":"K2 &#8211; Najwy\u017cszy szczyt Karakorum"}]},{"@type":"WebSite","@id":"https:\/\/8a.pl\/8academy\/#website","url":"https:\/\/8a.pl\/8academy\/","name":"8academy.pl - portal g\u00f3rski i wspinaczkowy dla aktywnych","description":"8academy to portal g\u00f3rski o wspinaczce, trekkingu i skiturach. Znajdziesz tu porady, testy sprz\u0119tu i opisy najlepszych rejon\u00f3w. Inspirujemy zdobywc\u00f3w!","publisher":{"@id":"https:\/\/8a.pl\/8academy\/#organization"},"potentialAction":[{"@type":"SearchAction","target":{"@type":"EntryPoint","urlTemplate":"https:\/\/8a.pl\/8academy\/?s={search_term_string}"},"query-input":{"@type":"PropertyValueSpecification","valueRequired":true,"valueName":"search_term_string"}}],"inLanguage":"pl-PL"},{"@type":"Organization","@id":"https:\/\/8a.pl\/8academy\/#organization","name":"8academy.pl - portal g\u00f3rski i wspinaczkowy dla aktywnych","url":"https:\/\/8a.pl\/8academy\/","logo":{"@type":"ImageObject","inLanguage":"pl-PL","@id":"https:\/\/8a.pl\/8academy\/#\/schema\/logo\/image\/","url":"https:\/\/8a.pl\/8academy\/wp-content\/uploads\/2015\/11\/logo.png","contentUrl":"https:\/\/8a.pl\/8academy\/wp-content\/uploads\/2015\/11\/logo.png","width":438,"height":315,"caption":"8academy.pl - portal g\u00f3rski i wspinaczkowy dla aktywnych"},"image":{"@id":"https:\/\/8a.pl\/8academy\/#\/schema\/logo\/image\/"},"sameAs":["https:\/\/pl-pl.facebook.com\/sklep8apl\/","https:\/\/www.instagram.com\/8apl\/"]},{"@type":"Person","@id":"https:\/\/8a.pl\/8academy\/#\/schema\/person\/2bdd3501d6620de31291c8b8b6bcf1e7","name":"Tomasz Biernacki","image":{"@type":"ImageObject","inLanguage":"pl-PL","@id":"https:\/\/8a.pl\/8academy\/#\/schema\/person\/image\/","url":"https:\/\/8a.pl\/8academy\/wp-content\/uploads\/2024\/02\/profile_00-150x150.jpg","contentUrl":"https:\/\/8a.pl\/8academy\/wp-content\/uploads\/2024\/02\/profile_00-150x150.jpg","caption":"Tomasz Biernacki"},"description":"Ci\u0105gle niespe\u0142niony podr\u00f3\u017cnik, wielbiciel staroci, z entuzjazmem rzuca si\u0119 w ka\u017cdy nowy projekt. Uwa\u017ca, \u017ce zawsze jest dobry moment, \u017ceby wybra\u0107 si\u0119 na drugi koniec \u015bwiata albo nauczy\u0107 czego\u015b nowego. Eksploruje z ciekawo\u015bci\u0105 nowe technologie, ale r\u00f3wnocze\u015bnie ceni tradycyjne, proste rozwi\u0105zania.","url":"https:\/\/8a.pl\/8academy\/author\/tomasz-biernacki\/"}]}},"_links":{"self":[{"href":"https:\/\/8a.pl\/8academy\/wp-json\/wp\/v2\/posts\/67758","targetHints":{"allow":["GET"]}}],"collection":[{"href":"https:\/\/8a.pl\/8academy\/wp-json\/wp\/v2\/posts"}],"about":[{"href":"https:\/\/8a.pl\/8academy\/wp-json\/wp\/v2\/types\/post"}],"author":[{"embeddable":true,"href":"https:\/\/8a.pl\/8academy\/wp-json\/wp\/v2\/users\/82"}],"replies":[{"embeddable":true,"href":"https:\/\/8a.pl\/8academy\/wp-json\/wp\/v2\/comments?post=67758"}],"version-history":[{"count":5,"href":"https:\/\/8a.pl\/8academy\/wp-json\/wp\/v2\/posts\/67758\/revisions"}],"predecessor-version":[{"id":67788,"href":"https:\/\/8a.pl\/8academy\/wp-json\/wp\/v2\/posts\/67758\/revisions\/67788"}],"wp:featuredmedia":[{"embeddable":true,"href":"https:\/\/8a.pl\/8academy\/wp-json\/wp\/v2\/media\/67787"}],"wp:attachment":[{"href":"https:\/\/8a.pl\/8academy\/wp-json\/wp\/v2\/media?parent=67758"}],"wp:term":[{"taxonomy":"category","embeddable":true,"href":"https:\/\/8a.pl\/8academy\/wp-json\/wp\/v2\/categories?post=67758"},{"taxonomy":"post_tag","embeddable":true,"href":"https:\/\/8a.pl\/8academy\/wp-json\/wp\/v2\/tags?post=67758"}],"curies":[{"name":"wp","href":"https:\/\/api.w.org\/{rel}","templated":true}]}}