{"id":66193,"date":"2023-11-24T09:00:00","date_gmt":"2023-11-24T08:00:00","guid":{"rendered":"https:\/\/8a.pl\/8academy\/?p=66193"},"modified":"2024-01-29T21:23:33","modified_gmt":"2024-01-29T20:23:33","slug":"ultralight-czyli-w-gory-bez-zbednych-kilogramow","status":"publish","type":"post","link":"https:\/\/8a.pl\/8academy\/ultralight-czyli-w-gory-bez-zbednych-kilogramow\/","title":{"rendered":"Ultralight czyli w g\u00f3ry bez zb\u0119dnych (kilo)gram\u00f3w"},"content":{"rendered":"\n<p class=\"wp-block-paragraph\">Wszystkich, kt\u00f3ry zmartwili si\u0119 tytu\u0142em od razu uspokajamy &#8211; nie chodzi o diet\u0119! Wielbiciele p\u0105czk\u00f3w i frytek mog\u0105 czyta\u0107 spokojnie, nie b\u0119dziemy nak\u0142ania\u0107 w tym artykule do zmiany nawyk\u00f3w \u017cywieniowych, cho\u0107 rzecz jasna nie bagatelizujemy wagi tego tematu. Wyj\u015bcie w g\u00f3ry lub na w\u0119dr\u00f3wk\u0119 to zawsze kompromis mi\u0119dzy tym co mo\u017ce si\u0119 przyda\u0107 a tym co chcemy d\u017awiga\u0107 na plecach. Nie ma w\u0105tpliwo\u015bci co do faktu, \u017ce im mniej kilogram\u00f3w niesiemy tym sprawniej mo\u017cemy si\u0119 porusza\u0107, tym mniej si\u0119 m\u0119czymy. Waga to rzecz kluczowa przy doborze sprz\u0119tu, nie tylko na ekstremalne wyprawy ale tak\u017ce na amatorskie wyj\u015bcia niezale\u017cnie od terenu i pory roku. Fakt ten ju\u017c dawno zauwa\u017cyli producenci outdoorowego sprz\u0119tu. Dzi\u015b sprz\u0119t &#8220;ultralight&#8221; ma w swojej ofercie ka\u017cda marka. <\/p>\n\n\n\n<p class=\"wp-block-paragraph\">Odchudzenie outdoorowego wyposa\u017cenia by\u0142o mo\u017cliwe g\u0142\u00f3wnie dzi\u0119ki rozwojowi technologii produkcji nowych, l\u017cejszych i bardziej wytrzyma\u0142ych materia\u0142\u00f3w. P\u0142\u00f3tna i ci\u0119\u017ckie tkaniny odesz\u0142y do muze\u00f3w a ich miejsce zast\u0105pi\u0142y ultralekkie materia\u0142y o kosmicznych wr\u0119cz w\u0142a\u015bciwo\u015bciach. <\/p>\n\n\n\n<p class=\"wp-block-paragraph\"><a href=\"https:\/\/8a.pl\/sprzet-ultralight\" target=\"_blank\" rel=\"noreferrer noopener\">Sprz\u0119t ultralight<\/a> to bardzo szeroka grupa produkt\u00f3w. Znajdziemy w niej prawie ka\u017cdy rodzaj sprz\u0119tu od mena\u017cek po narty. W artykule skupimy si\u0119 jednak na trzech rzeczach, kt\u00f3re z regu\u0142y generowa\u0142y najwi\u0119cej zb\u0119dnych kilogram\u00f3w na plecach ka\u017cdego turysty: namiot, \u015bpiw\u00f3r i plecak.<\/p>\n\n\n\n<p class=\"wp-block-paragraph\"><\/p>\n\n\n<div class=\"wp-block-image\">\n<figure class=\"aligncenter size-full\"><img fetchpriority=\"high\" decoding=\"async\" width=\"600\" height=\"900\" src=\"https:\/\/8a.pl\/8academy\/wp-content\/uploads\/2023\/11\/plecak_alpinistyczny_samaya_backpack_ultra35_white_1652159984_9_5583.jpg\" alt=\"\" class=\"wp-image-66211\" srcset=\"https:\/\/8a.pl\/8academy\/wp-content\/uploads\/2023\/11\/plecak_alpinistyczny_samaya_backpack_ultra35_white_1652159984_9_5583.jpg 600w, https:\/\/8a.pl\/8academy\/wp-content\/uploads\/2023\/11\/plecak_alpinistyczny_samaya_backpack_ultra35_white_1652159984_9_5583-200x300.jpg 200w\" sizes=\"(max-width: 600px) 100vw, 600px\" \/><figcaption class=\"wp-element-caption\">Jeste\u015b mi\u0142o\u015bnikiem light &#8216;n&#8217; fast? (fot. Samaya)<\/figcaption><\/figure>\n<\/div>\n\n\n<h2 class=\"wp-block-heading\" id=\"h-namiot-ultralight\">Namiot ultralight<\/h2>\n\n\n\n<p class=\"wp-block-paragraph\">Pami\u0119tacie te czasy kiedy namiot dwuosobowy wa\u017cy\u0142 dobre 10kg i zajmowa\u0142 wi\u0119kszo\u015b\u0107 miejsca w plecaku? Na szcz\u0119\u015bcie mo\u017cemy je wspomina\u0107 z u\u015bmiechem na twarzy. Dzi\u015b przeci\u0119tny namiot jednoosobowy wa\u017cy poni\u017cej 2 kg, dwuosobowy to waga oko\u0142o 3kg a trzyosobowy wa\u017cy zazwyczaj nie wi\u0119cej ni\u017c 4kg. Ale co w sytuacji gdy to zbyt du\u017co? Gdy potrzebujemy czego\u015b naprawd\u0119 lekkiego? Bez obaw, s\u0105 rozwi\u0105zania o wiele l\u017cejsze i czasami a\u017c trudno uwierzy\u0107 jak to mo\u017cliwe. Owszem, niewielka waga ci\u0105gnie za sob\u0105 koszty &#8211; namioty ultralight nie nale\u017c\u0105 do tanich. Ale c\u00f3\u017c, w wymagaj\u0105cych warunkach gramy s\u0105 wa\u017cniejsze ni\u017c z\u0142ot\u00f3wki. <\/p>\n\n\n\n<p class=\"wp-block-paragraph\">Wyobra\u017acie sobie zatem, \u017ce ultralekki namiot jednoosobowy mo\u017ce wa\u017cy\u0107 niewiele powy\u017cej 1kg. Tak jak cho\u0107by namiot rowerowy <a href=\"https:\/\/8a.pl\/namiot-rowerowy-nemo-dragonfly-osmo-bikepack-1p\" target=\"_blank\" rel=\"noreferrer noopener\">Nemo Dragonfly Osmo Bikepack 1p<\/a>, kt\u00f3ry wa\u017cy 1,2kg. Dla niekt\u00f3rych to jednak nadal b\u0119dzie&#8230; du\u017co! Ok, nie ma sprawy, sprawd\u017acie zatem ultralekki namiot jednoosobowy <a href=\"https:\/\/8a.pl\/namiot-1-osobowy-big-agnes-fly-creek-hv-ul1-solution-dye-gray-greige\" target=\"_blank\" rel=\"noreferrer noopener\">Big Agnes Fly Creek Hv Ul1 Solution Dye<\/a>. W przypadku tego namiotu schodzimy ju\u017c poni\u017cej 1kg &#8211; wa\u017cy 907g. Niemo\u017cliwe? To usi\u0105d\u017acie i zobaczcie &#8220;jedynk\u0119&#8221; <a href=\"https:\/\/8a.pl\/namiot-1-osobowy-nemo-hornet-elite-osmo-1p-aluninum-stormy-night\" target=\"_blank\" rel=\"noreferrer noopener\">Nemo Hornet Elite OSMO 1P<\/a>, kt\u00f3rego waga to jedyne 812g. <\/p>\n\n\n\n<p class=\"wp-block-paragraph\">Dwie osoby w namiocie? Nadal mo\u017cemy to za\u0142atwi\u0107 grubo poni\u017cej 2kg. Dwuosobowy ultralekki namiot <a href=\"https:\/\/8a.pl\/namiot-2-osobowy-sea-to-summit-alto-tr2-plus-green\" target=\"_blank\" rel=\"noreferrer noopener\">Sea To Summit Alto TR2 PLUS<\/a> wa\u017cy nieca\u0142e 1,5kg a ultralight <a href=\"https:\/\/8a.pl\/namiot-2-osobowy-big-agnes-fly-creek-hv-ul2-solution-dye-gray-greige\" target=\"_blank\" rel=\"noreferrer noopener\">Big Agnes Fly Creek Hv Ul2 Solution Dye<\/a> to ju\u017c jedynie 1020g.<\/p>\n\n\n\n<p class=\"wp-block-paragraph\">Oddzieln\u0105 kategori\u0119 namiot\u00f3w ultralight stanowi sprz\u0119t ekspedycyjny francuskiej marki <a href=\"https:\/\/8a.pl\/samaya\" target=\"_blank\" rel=\"noreferrer noopener\">Samaya<\/a>. Owszem, to namioty na najci\u0119\u017csze wyprawy a ich cena zwala z n\u00f3g. Ale du\u017cy czteroosobowy namiot <a href=\"https:\/\/8a.pl\/namiot-4-osobowy-samaya-basecamp-mineral-blue\" target=\"_blank\" rel=\"noreferrer noopener\">Samaya Basecamp<\/a> wa\u017cy tylko 4,6kg. Ultralekka &#8220;dw\u00f3jka&#8221; <a href=\"https:\/\/8a.pl\/namiot-2-osobowy-samaya-2-0-rose\" target=\"_blank\" rel=\"noreferrer noopener\">Samaya 2.0<\/a> to 1330g a warto zwr\u00f3ci\u0107 uwag\u0119, \u017ce jest to namiot czterosezonowy. <a href=\"https:\/\/8a.pl\/namiot-2-osobowy-samaya-assaut-2-ultra-white\" target=\"_blank\" rel=\"noreferrer noopener\">Samaya Assaut 2 Ultra<\/a> to ju\u017c waga poni\u017cej 1kg. Na koniec zdecydowany rekordzista kategorii ultralight czyli ca\u0142oroczny namiot Samaya Radical 1, zdobywca nagrody ISPO, o wadze&#8230; 655g. <\/p>\n\n\n\n<p class=\"wp-block-paragraph\"><\/p>\n\n\n<div class=\"wp-block-image\">\n<figure class=\"aligncenter size-full\"><img decoding=\"async\" width=\"600\" height=\"900\" src=\"https:\/\/8a.pl\/8academy\/wp-content\/uploads\/2023\/11\/Samaya_Assaut_2_Ultra_____white_115_a60a.jpg\" alt=\"ultralight\" class=\"wp-image-66196\" srcset=\"https:\/\/8a.pl\/8academy\/wp-content\/uploads\/2023\/11\/Samaya_Assaut_2_Ultra_____white_115_a60a.jpg 600w, https:\/\/8a.pl\/8academy\/wp-content\/uploads\/2023\/11\/Samaya_Assaut_2_Ultra_____white_115_a60a-200x300.jpg 200w\" sizes=\"(max-width: 600px) 100vw, 600px\" \/><figcaption class=\"wp-element-caption\">Czy to wszystko mo\u017ce wa\u017cy\u0107 poni\u017cej 1kg? Mo\u017ce &#8211; to namiot ultralight Samaya Assault 2 Ultra (fot. Samaya)<\/figcaption><\/figure>\n<\/div>\n\n\n<h2 class=\"wp-block-heading\" id=\"h-ultralekki-spiwor\">Ultralekki \u015bpiw\u00f3r<\/h2>\n\n\n\n<p class=\"wp-block-paragraph\">A co ze \u015bpiworem? To te\u017c tradycyjnie paczka, kt\u00f3ra nie do\u015b\u0107, \u017ce zajmowa\u0142a mn\u00f3stwo miejsca to jeszcze do\u015b\u0107 sporo wa\u017cy\u0142a, zw\u0142aszcza je\u015bli by\u0142 to \u015bpiw\u00f3r syntetyczny. Dzi\u015b zazwyczaj wybieramy \u015bpiwory puchowe, kt\u00f3re z definicji s\u0105 l\u017cejsze. Ale sam puch oraz jego ilo\u015b\u0107 to oczywi\u015bcie nie jedyne co stanowi o wadze, bowiem w\u015br\u00f3d \u015bpiwor\u00f3w puchowych r\u00f3wnie\u017c mo\u017cemy znale\u017a\u0107 te dosy\u0107 ci\u0119\u017ckie. Kluczem do wagi ultralight s\u0105 materia\u0142y, z kt\u00f3rych uszyty jest \u015bpiw\u00f3r.<\/p>\n\n\n\n<p class=\"wp-block-paragraph\">Wybieraj\u0105c \u015bpiw\u00f3r ultralekki warto zwr\u00f3ci\u0107 uwag\u0119 na trzy marki, z kt\u00f3rych wszystkie s\u0105 polskie. Tak, Polska puchem stoi a nasze produkty puchowe to \u015bwiatowa najwy\u017csze p\u00f3\u0142ka. Zatem chc\u0105c kupi\u0107 \u015bpiw\u00f3r ultralight przejrzyjcie ofert\u0119 marek <a href=\"https:\/\/8a.pl\/malachowski\" target=\"_blank\" rel=\"noreferrer noopener\">Ma\u0142achowski<\/a>, <a href=\"https:\/\/8a.pl\/pajak\" target=\"_blank\" rel=\"noreferrer noopener\">Pajak<\/a>, <a href=\"https:\/\/8a.pl\/aura\" target=\"_blank\" rel=\"noreferrer noopener\">Aura<\/a>. <\/p>\n\n\n\n<p class=\"wp-block-paragraph\">W kategorii ultralight Aura proponuje nam model OXY, kt\u00f3ry dostaniemy w trzech wersjach z r\u00f3\u017cna ilo\u015bci\u0105 wype\u0142nienia. Najcieplejszy czyli <a href=\"https:\/\/8a.pl\/spiwor-puchowy-aura-oxy-400-860-cuin-180-cm-graphite\" target=\"_blank\" rel=\"noreferrer noopener\">Aura OXY 400 860 cuin (180 cm)<\/a> z 400g puchu wa\u017cy w ca\u0142o\u015bci 690g. Wersja z wype\u0142nieniem 200g b\u0119dzie wa\u017cy\u0107 ju\u017c tylko 430g. To oczywi\u015bcie rozwi\u0105zania na lato. Szukasz czego\u015b na zim\u0119? Pajak w segmencie \u015bpiwor\u00f3w ultralekkich ma model <a href=\"https:\/\/8a.pl\/spiwor-puchowy-pajak-radical-16h-180-cm-red\" target=\"_blank\" rel=\"noreferrer noopener\">Pajak Radical 16H (180 cm)<\/a>, kt\u00f3ry zapewni doskona\u0142\u0105 izolacj\u0119 i komfort nawet w temperaturach grubo poni\u017cej zera a wa\u017cy jedynie 1500g.<\/p>\n\n\n\n<p class=\"wp-block-paragraph\">W ultralekkich \u015bpiworach specjalizuje si\u0119 ostatnio marka Ma\u0142achowski. W katalogu znjdziemy dwie serie ultralekkich \u015bpiwor\u00f3w &#8211; Ultralight III oraz Super Ultralight. Ju\u017c sama nazwa wskazuje nam, \u017ce mamy do czynienia z czym\u015b naprawd\u0119 niewiele wa\u017c\u0105cym. \u015apiw\u00f3r puchowy <a href=\"https:\/\/8a.pl\/spiwor-puchowy-malachowski-600-super-ultralight-xl-white\" target=\"_blank\" rel=\"noreferrer noopener\">Ma\u0142achowski 600 Super Ultralight XL<\/a> z wype\u0142nieniem 679g puchu 1000 cuin wa\u017cy tylko 888 g. W wersji letniej <a href=\"https:\/\/8a.pl\/spiwor-puchowy-malachowski-200-super-ultralight-xl-white\" target=\"_blank\" rel=\"noreferrer noopener\">Ma\u0142achowski 200 Super Ultralight XL<\/a> z wype\u0142nieniem 190g ju\u017c tylko&#8230; 324g! O tym jak spisuje si\u0119 ten \u015bpiw\u00f3r w praktyce mo\u017cecie przeczyta\u0107 w naszym tek\u015bcie: <a href=\"https:\/\/8a.pl\/8academy\/malachowski-super-ultralight-test-spiwora\/\" target=\"_blank\" rel=\"noreferrer noopener\">Ma\u0142achowski Super Ultralight \u2013 test \u015bpiwora<\/a>. <\/p>\n\n\n\n<p class=\"wp-block-paragraph\"><\/p>\n\n\n<div class=\"wp-block-image\">\n<figure class=\"aligncenter size-full\"><img decoding=\"async\" width=\"600\" height=\"900\" src=\"https:\/\/8a.pl\/8academy\/wp-content\/uploads\/2023\/11\/IMG-5351.jpg\" alt=\"ultralight\" class=\"wp-image-66202\" srcset=\"https:\/\/8a.pl\/8academy\/wp-content\/uploads\/2023\/11\/IMG-5351.jpg 600w, https:\/\/8a.pl\/8academy\/wp-content\/uploads\/2023\/11\/IMG-5351-200x300.jpg 200w\" sizes=\"(max-width: 600px) 100vw, 600px\" \/><figcaption class=\"wp-element-caption\">Waga ultralekka w\u015br\u00f3d \u015bpiwor\u00f3w &#8211; Ma\u0142achowski Super Ultralight (fot. Patrycja Chudy)<\/figcaption><\/figure>\n<\/div>\n\n\n<h2 class=\"wp-block-heading\" id=\"h-plecaki-ultralight\">Plecaki ultralight<\/h2>\n\n\n\n<p class=\"wp-block-paragraph\">A w czym te wszystkie ultralekkie rzeczy zabra\u0107 na wypraw\u0119? Oczywi\u015bcie w jakim\u015b super ultralekkim plecaku. Pami\u0119tacie stare plecaki ze stela\u017cem, kt\u00f3re same w sobie wa\u017cy\u0142y kilka kilogram\u00f3w? Szukaj\u0105c ultralekkich plecak\u00f3w zerknijcie na ofert\u0119 marek <a href=\"https:\/\/8a.pl\/deuter\" target=\"_blank\" rel=\"noreferrer noopener\">Deuter<\/a>, <a href=\"https:\/\/8a.pl\/blue-ice\" target=\"_blank\" rel=\"noreferrer noopener\">Blue Ice<\/a> i Samaya. Wszystkie maj\u0105 w katalogu kilka modeli ultralight r\u00f3\u017cnej pojemno\u015bci. Plecaki ultralight maj\u0105 najwi\u0119ksze zastosowanie w alpinizmie, skituringu ale tak\u017ce po prostu w turystyce i hikingu. Na potrzeby tego artyku\u0142u, dla por\u00f3wnania wybrali\u015bmy trzy plecaki podobnego litra\u017cu. <\/p>\n\n\n\n<p class=\"wp-block-paragraph\">Pierwszy z nich to plecak <a href=\"https:\/\/8a.pl\/plecak-turystyczny-deuter-speed-lite-30-jade-citrus\" target=\"_blank\" rel=\"noreferrer noopener\">Deuter Speed Lite 30<\/a>. Jego waga to 880g. To plecak og\u00f3lno turystyczny, \u015bwietnie sprawdzi si\u0119 w g\u00f3rach, na trekkingu i hikingu, na kr\u00f3tkich wyjazdach. Zdecydowanie bardziej specjalistyczn\u0105 propozycj\u0105 b\u0119dzie <a href=\"https:\/\/8a.pl\/plecak-wspinaczkowy-blue-ice-dragonfly-pack-26l-winetasting\" target=\"_blank\" rel=\"noreferrer noopener\">Blue Ice Dragonfly Pack 26L<\/a>. To sprz\u0119t typowo wspinaczkowy, techniczny. B\u0119dzie najlepszym towarzyszem w Tatrach, Alpach, podczas wspinaczki wielko\u015bcianowej czy via ferrat, wsz\u0119dzie tam gdzie ka\u017cdy gram na plecach si\u0119 liczy. Niewielka waga nie wynika z kompromis\u00f3w &#8211; plecak posiada wszystko co plecak wspinaczkowy mie\u0107 powinien. Ile wa\u017cy? Tylko 460g a mo\u017cna j\u0105 obni\u017cy\u0107 nawet do 370g. <\/p>\n\n\n\n<p class=\"wp-block-paragraph\">Na koniec, podobnie jak w przypadku namiot\u00f3w, propozycja od francuskiej marki Samaya. To firma kt\u00f3ra specjalizuje si\u0119 w sprz\u0119cie ultralekkim. Niestety r\u00f3wnie\u017c bardzo drogim. Plecak alpinistyczny <a href=\"https:\/\/8a.pl\/plecak-alpinistyczny-samaya-backpack-ultra35-white\" target=\"_blank\" rel=\"noreferrer noopener\">Samaya Backpack Ultra 35<\/a> to sprz\u0119t dedykowany do alpinizmu i skialpinizmu. Wykonano go z kompozycji materia\u0142\u00f3w Dyneema\u00ae oraz poliestru 150D o splocie woven. System no\u015bny sk\u0142ada si\u0119 z aluminiowego stela\u017cu, polietylenu 5 mm oraz amortyzuj\u0105cej i g\u0119stej pianki EVA 8 mm. Nowatorska konstrukcja zdoby\u0142a nagrod\u0119 ISPO w 2022 roku. Waga? Bez dodatkowego osprz\u0119tu to jedynie nieca\u0142e 500g!<\/p>\n\n\n\n<p class=\"wp-block-paragraph\"><\/p>\n\n\n<div class=\"wp-block-image\">\n<figure class=\"aligncenter size-full\"><img loading=\"lazy\" decoding=\"async\" width=\"600\" height=\"900\" src=\"https:\/\/8a.pl\/8academy\/wp-content\/uploads\/2023\/11\/plecak_alpinistyczny_samaya_backpack_ultra35_white_1652159984_4_90cc.jpg\" alt=\"ultralight\" class=\"wp-image-66208\" srcset=\"https:\/\/8a.pl\/8academy\/wp-content\/uploads\/2023\/11\/plecak_alpinistyczny_samaya_backpack_ultra35_white_1652159984_4_90cc.jpg 600w, https:\/\/8a.pl\/8academy\/wp-content\/uploads\/2023\/11\/plecak_alpinistyczny_samaya_backpack_ultra35_white_1652159984_4_90cc-200x300.jpg 200w\" sizes=\"(max-width: 600px) 100vw, 600px\" \/><figcaption class=\"wp-element-caption\">Marka Samaya to niekwestionowany lider produkt\u00f3w ultralight. (fot. Samaya)<\/figcaption><\/figure>\n<\/div>\n\n\n<p class=\"wp-block-paragraph\">Oczywi\u015bcie w kategorii sprz\u0119tu ultralight znajdziecie nie tylko namioty, \u015bpiwory czy plecaki. S\u0105 r\u00f3wnie\u017c hamaki, maty samopompuj\u0105ce, sprz\u0119t biwakowy oraz wszelki sprz\u0119t wspinaczkowy taki jak raki, kaski, uprz\u0119\u017ce. Odchudzi\u0107 mo\u017cna nawet \u0142y\u017ceczk\u0119, bidon lub scyzoryk!<\/p>\n\n\n\n<p class=\"wp-block-paragraph\"><em>[Przeczytaj test <a href=\"https:\/\/8a.pl\/8academy\/pajak-everest-kurtka-puchowa-nie-tylko-na-everest\/\">Pajak Everest \u2013 kurtka puchowa nie tylko na Everest<\/a>]<\/em><\/p>\n","protected":false},"excerpt":{"rendered":"<p>Gdy w g\u00f3rach liczy si\u0119 ka\u017cdy gram, jaki sprz\u0119t wybierzesz?<\/p>\n","protected":false},"author":7,"featured_media":66210,"comment_status":"closed","ping_status":"closed","sticky":false,"template":"","format":"standard","meta":{"_acf_changed":false,"_uf_show_specific_survey":0,"_uf_disable_surveys":false,"footnotes":""},"categories":[26071,26070,11],"tags":[26086,26104,26069,26097,26085],"class_list":["post-66193","post","type-post","status-publish","format-standard","has-post-thumbnail","hentry","category-alpinizm","category-turystyka-trekking","category-wspinaczka","tag-alpinizm","tag-caloroczne","tag-poradnik","tag-skitouring","tag-trekking"],"acf":[],"yoast_head":"<!-- This site is optimized with the Yoast SEO Premium plugin v23.4 (Yoast SEO v25.5) - https:\/\/yoast.com\/wordpress\/plugins\/seo\/ -->\n<title>Ultralight czyli w g\u00f3ry bez zb\u0119dnych (kilo)gram\u00f3w | 8academy<\/title>\n<meta name=\"description\" content=\"Gdy w g\u00f3rach liczy si\u0119 ka\u017cdy gram, jaki sprz\u0119t wybierzesz? Oto kilka propozycji produkt\u00f3w outdoorowych z kategorii ultralight.\" \/>\n<meta name=\"robots\" content=\"index, follow, max-snippet:-1, max-image-preview:large, max-video-preview:-1\" \/>\n<link rel=\"canonical\" href=\"https:\/\/8a.pl\/8academy\/ultralight-czyli-w-gory-bez-zbednych-kilogramow\/\" \/>\n<meta property=\"og:locale\" content=\"pl_PL\" \/>\n<meta property=\"og:type\" content=\"article\" \/>\n<meta property=\"og:title\" content=\"Ultralight czyli w g\u00f3ry bez zb\u0119dnych (kilo)gram\u00f3w\" \/>\n<meta property=\"og:description\" content=\"Gdy w g\u00f3rach liczy si\u0119 ka\u017cdy gram, jaki sprz\u0119t wybierzesz? Oto kilka propozycji produkt\u00f3w outdoorowych z kategorii ultralight.\" \/>\n<meta property=\"og:url\" content=\"https:\/\/8a.pl\/8academy\/ultralight-czyli-w-gory-bez-zbednych-kilogramow\/\" \/>\n<meta property=\"og:site_name\" content=\"8academy.pl - portal g\u00f3rski i wspinaczkowy dla aktywnych\" \/>\n<meta property=\"article:publisher\" content=\"https:\/\/pl-pl.facebook.com\/sklep8apl\/\" \/>\n<meta property=\"article:published_time\" content=\"2023-11-24T08:00:00+00:00\" \/>\n<meta property=\"article:modified_time\" content=\"2024-01-29T20:23:33+00:00\" \/>\n<meta property=\"og:image\" content=\"http:\/\/8a.pl\/8academy\/wp-content\/uploads\/2023\/11\/8ACADEMY_FB_-8.jpg\" \/>\n\t<meta property=\"og:image:width\" content=\"1200\" \/>\n\t<meta property=\"og:image:height\" content=\"628\" \/>\n\t<meta property=\"og:image:type\" content=\"image\/jpeg\" \/>\n<meta name=\"author\" content=\"Redakcja 8Academy\" \/>\n<meta name=\"twitter:card\" content=\"summary_large_image\" \/>\n<meta name=\"twitter:label1\" content=\"Napisane przez\" \/>\n\t<meta name=\"twitter:data1\" content=\"Redakcja 8Academy\" \/>\n\t<meta name=\"twitter:label2\" content=\"Szacowany czas czytania\" \/>\n\t<meta name=\"twitter:data2\" content=\"8 minut\" \/>\n<!-- \/ Yoast SEO Premium plugin. -->","yoast_head_json":{"title":"Ultralight czyli w g\u00f3ry bez zb\u0119dnych (kilo)gram\u00f3w | 8academy","description":"Gdy w g\u00f3rach liczy si\u0119 ka\u017cdy gram, jaki sprz\u0119t wybierzesz? Oto kilka propozycji produkt\u00f3w outdoorowych z kategorii ultralight.","robots":{"index":"index","follow":"follow","max-snippet":"max-snippet:-1","max-image-preview":"max-image-preview:large","max-video-preview":"max-video-preview:-1"},"canonical":"https:\/\/8a.pl\/8academy\/ultralight-czyli-w-gory-bez-zbednych-kilogramow\/","og_locale":"pl_PL","og_type":"article","og_title":"Ultralight czyli w g\u00f3ry bez zb\u0119dnych (kilo)gram\u00f3w","og_description":"Gdy w g\u00f3rach liczy si\u0119 ka\u017cdy gram, jaki sprz\u0119t wybierzesz? Oto kilka propozycji produkt\u00f3w outdoorowych z kategorii ultralight.","og_url":"https:\/\/8a.pl\/8academy\/ultralight-czyli-w-gory-bez-zbednych-kilogramow\/","og_site_name":"8academy.pl - portal g\u00f3rski i wspinaczkowy dla aktywnych","article_publisher":"https:\/\/pl-pl.facebook.com\/sklep8apl\/","article_published_time":"2023-11-24T08:00:00+00:00","article_modified_time":"2024-01-29T20:23:33+00:00","og_image":[{"width":1200,"height":628,"url":"http:\/\/8a.pl\/8academy\/wp-content\/uploads\/2023\/11\/8ACADEMY_FB_-8.jpg","type":"image\/jpeg"}],"author":"Redakcja 8Academy","twitter_card":"summary_large_image","twitter_misc":{"Napisane przez":"Redakcja 8Academy","Szacowany czas czytania":"8 minut"},"schema":{"@context":"https:\/\/schema.org","@graph":[{"@type":"Article","@id":"https:\/\/8a.pl\/8academy\/ultralight-czyli-w-gory-bez-zbednych-kilogramow\/#article","isPartOf":{"@id":"https:\/\/8a.pl\/8academy\/ultralight-czyli-w-gory-bez-zbednych-kilogramow\/"},"author":{"name":"Redakcja 8Academy","@id":"https:\/\/8a.pl\/8academy\/#\/schema\/person\/2e392153a51786e6c3d5ede231b5d2a4"},"headline":"Ultralight czyli w g\u00f3ry bez zb\u0119dnych (kilo)gram\u00f3w","datePublished":"2023-11-24T08:00:00+00:00","dateModified":"2024-01-29T20:23:33+00:00","mainEntityOfPage":{"@id":"https:\/\/8a.pl\/8academy\/ultralight-czyli-w-gory-bez-zbednych-kilogramow\/"},"wordCount":1323,"publisher":{"@id":"https:\/\/8a.pl\/8academy\/#organization"},"image":{"@id":"https:\/\/8a.pl\/8academy\/ultralight-czyli-w-gory-bez-zbednych-kilogramow\/#primaryimage"},"thumbnailUrl":"https:\/\/8a.pl\/8academy\/wp-content\/uploads\/2023\/11\/plecak_alpinistyczny_samaya_backpack_ultra35_white_1652159984_7_2f02.jpg","keywords":["Alpinizm","Ca\u0142oroczne","Poradnik","Skitouring","Trekking"],"articleSection":["Alpinizm","Turystyka \/ trekking","Wspinaczka"],"inLanguage":"pl-PL"},{"@type":"WebPage","@id":"https:\/\/8a.pl\/8academy\/ultralight-czyli-w-gory-bez-zbednych-kilogramow\/","url":"https:\/\/8a.pl\/8academy\/ultralight-czyli-w-gory-bez-zbednych-kilogramow\/","name":"Ultralight czyli w g\u00f3ry bez zb\u0119dnych (kilo)gram\u00f3w | 8academy","isPartOf":{"@id":"https:\/\/8a.pl\/8academy\/#website"},"primaryImageOfPage":{"@id":"https:\/\/8a.pl\/8academy\/ultralight-czyli-w-gory-bez-zbednych-kilogramow\/#primaryimage"},"image":{"@id":"https:\/\/8a.pl\/8academy\/ultralight-czyli-w-gory-bez-zbednych-kilogramow\/#primaryimage"},"thumbnailUrl":"https:\/\/8a.pl\/8academy\/wp-content\/uploads\/2023\/11\/plecak_alpinistyczny_samaya_backpack_ultra35_white_1652159984_7_2f02.jpg","datePublished":"2023-11-24T08:00:00+00:00","dateModified":"2024-01-29T20:23:33+00:00","description":"Gdy w g\u00f3rach liczy si\u0119 ka\u017cdy gram, jaki sprz\u0119t wybierzesz? Oto kilka propozycji produkt\u00f3w outdoorowych z kategorii ultralight.","breadcrumb":{"@id":"https:\/\/8a.pl\/8academy\/ultralight-czyli-w-gory-bez-zbednych-kilogramow\/#breadcrumb"},"inLanguage":"pl-PL","potentialAction":[{"@type":"ReadAction","target":["https:\/\/8a.pl\/8academy\/ultralight-czyli-w-gory-bez-zbednych-kilogramow\/"]}]},{"@type":"ImageObject","inLanguage":"pl-PL","@id":"https:\/\/8a.pl\/8academy\/ultralight-czyli-w-gory-bez-zbednych-kilogramow\/#primaryimage","url":"https:\/\/8a.pl\/8academy\/wp-content\/uploads\/2023\/11\/plecak_alpinistyczny_samaya_backpack_ultra35_white_1652159984_7_2f02.jpg","contentUrl":"https:\/\/8a.pl\/8academy\/wp-content\/uploads\/2023\/11\/plecak_alpinistyczny_samaya_backpack_ultra35_white_1652159984_7_2f02.jpg","width":1100,"height":715},{"@type":"BreadcrumbList","@id":"https:\/\/8a.pl\/8academy\/ultralight-czyli-w-gory-bez-zbednych-kilogramow\/#breadcrumb","itemListElement":[{"@type":"ListItem","position":1,"name":"Strona g\u0142\u00f3wna","item":"https:\/\/8a.pl\/8academy\/"},{"@type":"ListItem","position":2,"name":"Ultralight czyli w g\u00f3ry bez zb\u0119dnych (kilo)gram\u00f3w"}]},{"@type":"WebSite","@id":"https:\/\/8a.pl\/8academy\/#website","url":"https:\/\/8a.pl\/8academy\/","name":"8academy.pl - portal g\u00f3rski i wspinaczkowy dla aktywnych","description":"8academy to portal g\u00f3rski o wspinaczce, trekkingu i skiturach. Znajdziesz tu porady, testy sprz\u0119tu i opisy najlepszych rejon\u00f3w. Inspirujemy zdobywc\u00f3w!","publisher":{"@id":"https:\/\/8a.pl\/8academy\/#organization"},"potentialAction":[{"@type":"SearchAction","target":{"@type":"EntryPoint","urlTemplate":"https:\/\/8a.pl\/8academy\/?s={search_term_string}"},"query-input":{"@type":"PropertyValueSpecification","valueRequired":true,"valueName":"search_term_string"}}],"inLanguage":"pl-PL"},{"@type":"Organization","@id":"https:\/\/8a.pl\/8academy\/#organization","name":"8academy.pl - portal g\u00f3rski i wspinaczkowy dla aktywnych","url":"https:\/\/8a.pl\/8academy\/","logo":{"@type":"ImageObject","inLanguage":"pl-PL","@id":"https:\/\/8a.pl\/8academy\/#\/schema\/logo\/image\/","url":"https:\/\/8a.pl\/8academy\/wp-content\/uploads\/2015\/11\/logo.png","contentUrl":"https:\/\/8a.pl\/8academy\/wp-content\/uploads\/2015\/11\/logo.png","width":438,"height":315,"caption":"8academy.pl - portal g\u00f3rski i wspinaczkowy dla aktywnych"},"image":{"@id":"https:\/\/8a.pl\/8academy\/#\/schema\/logo\/image\/"},"sameAs":["https:\/\/pl-pl.facebook.com\/sklep8apl\/","https:\/\/www.instagram.com\/8apl\/"]},{"@type":"Person","@id":"https:\/\/8a.pl\/8academy\/#\/schema\/person\/2e392153a51786e6c3d5ede231b5d2a4","name":"Redakcja 8Academy","image":{"@type":"ImageObject","inLanguage":"pl-PL","@id":"https:\/\/8a.pl\/8academy\/#\/schema\/person\/image\/","url":"https:\/\/8a.pl\/8academy\/wp-content\/uploads\/2017\/10\/logo_obrobione_2_150_59ICJ.jpg","contentUrl":"https:\/\/8a.pl\/8academy\/wp-content\/uploads\/2017\/10\/logo_obrobione_2_150_59ICJ.jpg","caption":"Redakcja 8Academy"},"url":"https:\/\/8a.pl\/8academy\/author\/redakcja\/"}]}},"_links":{"self":[{"href":"https:\/\/8a.pl\/8academy\/wp-json\/wp\/v2\/posts\/66193","targetHints":{"allow":["GET"]}}],"collection":[{"href":"https:\/\/8a.pl\/8academy\/wp-json\/wp\/v2\/posts"}],"about":[{"href":"https:\/\/8a.pl\/8academy\/wp-json\/wp\/v2\/types\/post"}],"author":[{"embeddable":true,"href":"https:\/\/8a.pl\/8academy\/wp-json\/wp\/v2\/users\/7"}],"replies":[{"embeddable":true,"href":"https:\/\/8a.pl\/8academy\/wp-json\/wp\/v2\/comments?post=66193"}],"version-history":[{"count":8,"href":"https:\/\/8a.pl\/8academy\/wp-json\/wp\/v2\/posts\/66193\/revisions"}],"predecessor-version":[{"id":67013,"href":"https:\/\/8a.pl\/8academy\/wp-json\/wp\/v2\/posts\/66193\/revisions\/67013"}],"wp:featuredmedia":[{"embeddable":true,"href":"https:\/\/8a.pl\/8academy\/wp-json\/wp\/v2\/media\/66210"}],"wp:attachment":[{"href":"https:\/\/8a.pl\/8academy\/wp-json\/wp\/v2\/media?parent=66193"}],"wp:term":[{"taxonomy":"category","embeddable":true,"href":"https:\/\/8a.pl\/8academy\/wp-json\/wp\/v2\/categories?post=66193"},{"taxonomy":"post_tag","embeddable":true,"href":"https:\/\/8a.pl\/8academy\/wp-json\/wp\/v2\/tags?post=66193"}],"curies":[{"name":"wp","href":"https:\/\/api.w.org\/{rel}","templated":true}]}}