{"id":6616,"date":"2016-10-02T09:17:32","date_gmt":"2016-10-02T07:17:32","guid":{"rendered":"http:\/\/8a.pl\/8academy\/?p=6616"},"modified":"2024-05-20T00:04:52","modified_gmt":"2024-05-19T22:04:52","slug":"elbrus-konkurent-mont-blanc-w-koronie-ziemi","status":"publish","type":"post","link":"https:\/\/8a.pl\/8academy\/elbrus-konkurent-mont-blanc-w-koronie-ziemi\/","title":{"rendered":"Elbrus &#8211; konkurent Mont Blanc w Koronie Ziemi"},"content":{"rendered":"<p><span style=\"font-weight: 400;\">S\u0142owo ,,<em>elbrus<\/em>\u201d wywodzi si\u0119 z j\u0119zyka perskiego i oznacza dwug\u0142ow\u0105 g\u00f3r\u0119. Faktycznie, patrz\u0105c na dwa bli\u017aniaczo podobne o\u015bnie\u017cone przez ca\u0142y rok szczyty, nazwa wydaje si\u0119 by\u0107 trafna. Elbrus to dwa wierzcho\u0142ki wygas\u0142ego wulkanu: zachodni (5642 m n.p.m.) i odrobin\u0119 ni\u017cszy wschodni (5621 m n.p.m.).<\/span><\/p>\n<h2 style=\"text-align: center;\"><b>Odwieczny sp\u00f3r o panowanie nad Europ\u0105<\/b><\/h2>\n<p><span style=\"font-weight: 400;\">G\u00f3ry Kaukazu, w kt\u00f3rych le\u017cy najwy\u017cszy szczyt Europy wci\u015bni\u0119te s\u0105 mi\u0119dzy Morza \u2013 Czarne i Kaspijskie. Pasmo Kaukazu ma prawie 1500 kilometr\u00f3w d\u0142ugo\u015bci i 130 kilometr\u00f3w szeroko\u015bci. A\u017c czterna\u015bcie szczyt\u00f3w przewy\u017csza wysoko\u015bci\u0105 bezwzgl\u0119dn\u0105 <a href=\"https:\/\/8a.pl\/8academy\/mont-blanc-wejsc-dach-europy\/\" target=\"_blank\" rel=\"noopener noreferrer\">Mont Blanc<\/a> (4807 m n.p.m.) le\u017c\u0105cy w sercu Europy na pograniczu W\u0142och i Francji, a ponad sto wierzcho\u0142k\u00f3w to szczyty ponad czterotysi\u0119czne. I pomimo, \u017ce Elbrus le\u017cy na ,,uboczu\u201d Europy to w\u0142a\u015bnie jemu przypisuje si\u0119 miano najwy\u017cszej g\u00f3ry kontynentu.<\/span><\/p>\n<div id=\"attachment_6634\" style=\"width: 1010px\" class=\"wp-caption aligncenter\"><img fetchpriority=\"high\" decoding=\"async\" aria-describedby=\"caption-attachment-6634\" class=\"wp-image-6634 size-full\" src=\"https:\/\/8a.pl\/8academy\/wp-content\/uploads\/2016\/09\/Elbrus-dwug\u0142owa-go\u0301ra-fot.-Paulina-Wierzbicka.jpg\" alt=\"Elbrus- dwug\u0142owa g\u00f3ra\" width=\"1000\" height=\"650\" srcset=\"https:\/\/8a.pl\/8academy\/wp-content\/uploads\/2016\/09\/Elbrus-dwug\u0142owa-go\u0301ra-fot.-Paulina-Wierzbicka.jpg 1000w, https:\/\/8a.pl\/8academy\/wp-content\/uploads\/2016\/09\/Elbrus-dwug\u0142owa-go\u0301ra-fot.-Paulina-Wierzbicka-300x195.jpg 300w, https:\/\/8a.pl\/8academy\/wp-content\/uploads\/2016\/09\/Elbrus-dwug\u0142owa-go\u0301ra-fot.-Paulina-Wierzbicka-768x499.jpg 768w\" sizes=\"(max-width: 1000px) 100vw, 1000px\" \/><p id=\"caption-attachment-6634\" class=\"wp-caption-text\">Elbrus- dwug\u0142owa g\u00f3ra (fot. autorka)<\/p><\/div>\n<p><span style=\"font-weight: 400;\">Sp\u00f3r o najwy\u017csze wierzcho\u0142ki naszego globu rozpocz\u0105\u0142 Reinhold Messner, kt\u00f3rego przedstawia\u0107 nie trzeba. Wybitny w\u0142oski himalaista do <a href=\"https:\/\/8a.pl\/8academy\/korona-ziemi-moda-czy-poszukiwanie-wlasnej-drogi\/\" target=\"_blank\" rel=\"noopener noreferrer\">Korony Ziemi<\/a> do\u0142\u0105cza dwa szczyty: Elbrus (5642 m n.p.m.) le\u017c\u0105cy w Kaukazie i drugi Carstensz Pyramid (Puncak Jaya) w G\u00f3rach Sudirman pasma G\u00f3r \u015anie\u017cnych na wyspie Papui Nowej Gwinei nale\u017c\u0105cej do Oceanii (tworz\u0105cej wraz z Australi\u0105 cz\u0119\u015b\u0107 \u015bwiata zwan\u0105 Australi\u0105 i Oceani\u0105). Szczyty te, wymienia si\u0119 zamiennie z tradycyjnie zaliczanymi do korony Mont Blanc oraz G\u00f3r\u0105 Ko\u015bciuszki. Osoby, kt\u00f3re zatem chc\u0105 skolekcjonowa\u0107 najwy\u017csze szczyty \u015bwiata powinny zamiast siedmiu, zdoby\u0107 a\u017c dziewi\u0119\u0107 szczyt\u00f3w.<\/span><\/p>\n<div id=\"attachment_6635\" style=\"width: 1010px\" class=\"wp-caption aligncenter\"><img decoding=\"async\" aria-describedby=\"caption-attachment-6635\" class=\"wp-image-6635 size-full\" src=\"https:\/\/8a.pl\/8academy\/wp-content\/uploads\/2016\/09\/Proporczyki-na-szczycie-fot.-Paulina-Wierzbicka.jpg\" alt=\"szczyt g\u00f3ry Elbrus\" width=\"1000\" height=\"650\" srcset=\"https:\/\/8a.pl\/8academy\/wp-content\/uploads\/2016\/09\/Proporczyki-na-szczycie-fot.-Paulina-Wierzbicka.jpg 1000w, https:\/\/8a.pl\/8academy\/wp-content\/uploads\/2016\/09\/Proporczyki-na-szczycie-fot.-Paulina-Wierzbicka-300x195.jpg 300w, https:\/\/8a.pl\/8academy\/wp-content\/uploads\/2016\/09\/Proporczyki-na-szczycie-fot.-Paulina-Wierzbicka-768x499.jpg 768w\" sizes=\"(max-width: 1000px) 100vw, 1000px\" \/><p id=\"caption-attachment-6635\" class=\"wp-caption-text\">Na szczycie (fot. autorka)<\/p><\/div>\n<p><span style=\"font-weight: 400;\">Elbrus jest wygas\u0142ym wulkanem i jego zbocza na ogromnych po\u0142aciach pokryte s\u0105 rumowiskami g\u0142az\u00f3w z lawy andezytowej i py\u0142em wulkanicznym. Do tego w masywie Elbrusa znajduje si\u0119 przesz\u0142o 70 wi\u0119kszych i mniejszych lodowc\u00f3w, z warstw\u0105 lodu si\u0119gaj\u0105c\u0105 kilkudziesi\u0119ciu metr\u00f3w- st\u0105d te\u017c zwany jest Ma\u0142\u0105 Antarktyd\u0105.<\/span><\/p>\n<h2 style=\"text-align: center;\"><b>Elbrus jako narz\u0119dzie propagandy<\/b><\/h2>\n<p><span style=\"font-weight: 400;\">W latach pot\u0119gi Zwi\u0105zku Radzieckiego ca\u0142y region zwany Prielbrusiem cieszy\u0142 si\u0119 szczeg\u00f3ln\u0105 opiek\u0105 pa\u0144stwa, kt\u00f3re dba\u0142o o jego rozw\u00f3j oraz czyni\u0142o z niego element propagandowy i jednocz\u0105cy nar\u00f3d radziecki &#8211; w czasach \u015bwietno\u015bci na szczyt wchodzi\u0142y grupy obywateli ZSRR licz\u0105ce sobie po 200 os\u00f3b. Szczyt do roku 1985, kiedy to Gorbaczow otworzy\u0142 granic\u0119 \u00f3wczesnego Zwi\u0105zku Radzieckiego, by\u0142 z racji politycznych, wojskowych i planistycznych bardzo trudno osi\u0105galny. Dawne \u015blady \u015bwietno\u015bci tego miejsca mo\u017cna znale\u017a\u0107 w podupadaj\u0105cej obecnie infrastrukturze turystycznej &#8211; zbudowane z rozmachem zaplecze hotelowe mog\u0105ce pomie\u015bci\u0107 jednocze\u015bnie dwa tysi\u0105ce os\u00f3b, wyci\u0105gi narciarskie nosz\u0105ce \u015blad czasu.<\/span><\/p>\n<p><span style=\"font-weight: 400;\">Nawet historia zdobycia g\u00f3ry ma wiele nie\u015bcis\u0142o\u015bci. Rosjanie twierdz\u0105, \u017ce pionierem wyprawy na Elbrus by\u0142 przyw\u00f3dca rosyjskiej, wojskowej ekspedycji naukowej, Killar Chaszirow w 1829 r. Zach\u00f3d twierdzi, \u017ce to ekipa wspinaczy z Europy Zachodniej, pod wodz\u0105 francuskiego przewodnika, stan\u0119\u0142a jako pierwsza na szczycie, dopiero w 1868 r.<\/span><\/p>\n<h2 style=\"text-align: center;\"><b>Kt\u00f3r\u0119dy na szczyt?<\/b><\/h2>\n<p><span style=\"font-weight: 400;\"><a href=\"https:\/\/8a.pl\/8academy\/wejscie-na-elbrus\/\" target=\"_blank\" rel=\"noopener noreferrer\">Na szczyt g\u00f3ry Elbrus prowadzi wiele dr\u00f3g<\/a> o podobnym stopniu trudno\u015bci, z tym, \u017ce tylko dwie z nich wolne s\u0105 od szczelin lodowych, a w zwi\u0105zku z tym najbezpieczniejsze i najbardziej popularne. <\/span><\/p>\n<h3><strong>Start<\/strong><\/h3>\n<p><span style=\"font-weight: 400;\">Najwi\u0119kszym zainteresowaniem cieszy si\u0119 doj\u015bcie z Azau, znajduj\u0105cego si\u0119 w g\u00f3rnej cz\u0119\u015bci doliny Bakan za wsi\u0105 Terskol. Tutaj w\u0142a\u015bnie znajduje si\u0119 dolna stacja nowoczesnej kolejki linowej, kt\u00f3r\u0105 mo\u017cna dotrze\u0107 do Stacji Garabashi na wysoko\u015b\u0107 3832 m n.p.m. Mo\u017cna te\u017c spr\u00f3bowa\u0107 miejscowej klasyki &#8211; star\u0105 Kaniatk\u0105 dosta\u0107 si\u0119 do stacji MIR na wysoko\u015b\u0107 3458 m n.p.m., a dalej do Beczek na wysoko\u015b\u0107 3800 m n.p.m. wyci\u0105giem krzese\u0142kowym, kt\u00f3ry uchodzi\u0142 za nowoczesny jakie\u015b 30 lat temu, a kt\u00f3rym podr\u00f3\u017c przysparza o szybsze bicie serca.<\/span><\/p>\n<div id=\"lightbox-6619\" data-for=\"single-gallery-6619\" class=\"gallery-lightbox hidden-lightbox\"><div class=\"lightbox-images single-gallery\"><a class=\"close-lightbox\"><svg x=\"0px\" y=\"0px\" width=\"18px\" height=\"18px\" viewBox=\"0 0 18 18\">\r\n        <line fill=\"none\" stroke=\"#303133\" stroke-width=\"3\" stroke-linecap=\"round\" stroke-linejoin=\"round\" stroke-meterlimit=\"10\" x1=\"9\" y1=\"9\" x2=\"16\" y2=\"16\" class=\"reverse middle-right\" \/>\r\n        <line fill=\"none\" stroke=\"#303133\" stroke-width=\"3\" stroke-linecap=\"round\" stroke-linejoin=\"round\" stroke-meterlimit=\"10\" x1=\"2\" y1=\"2\" x2=\"9\" y2=\"9\" class=\"middle-left\" \/>\r\n        <line fill=\"none\" stroke=\"#303133\" stroke-width=\"3\" stroke-linecap=\"round\" stroke-linejoin=\"round\" stroke-meterlimit=\"10\" x1=\"9\" y1=\"9\" x2=\"16\" y2=\"2\" class=\"reverse last-line\"\/>\r\n        <line fill=\"none\" stroke=\"#303133\" stroke-width=\"3\" stroke-linecap=\"round\" stroke-linejoin=\"round\" stroke-meterlimit=\"10\"  x1=\"2\" y1=\"16\" x2=\"9\" y2=\"9\" class=\"first-line\"\/>\r\n<\/svg><\/a><a class=\"nav prev\"><svg width=\"8.031\" height=\"14\" viewBox=\"0 0 8.031 14\">\r\n  <path fill=\"#161b1b\" d=\"M7.736,7.694 L1.494,13.731 C1.149,14.065 0.590,14.065 0.246,13.731 C-0.099,13.398 -0.099,12.857 0.246,12.524 L5.979,6.978 L0.246,1.432 C-0.099,1.098 -0.099,0.558 0.246,0.224 C0.590,-0.109 1.149,-0.109 1.494,0.224 L7.736,6.262 C7.938,6.458 8.007,6.723 7.972,6.978 C8.007,7.233 7.938,7.498 7.736,7.694 Z\" \/>\r\n<\/svg>\r\n<\/a><a class=\"nav next\"><svg width=\"8.031\" height=\"14\" viewBox=\"0 0 8.031 14\">\r\n  <path fill=\"#161b1b\" d=\"M7.736,7.694 L1.494,13.731 C1.149,14.065 0.590,14.065 0.246,13.731 C-0.099,13.398 -0.099,12.857 0.246,12.524 L5.979,6.978 L0.246,1.432 C-0.099,1.098 -0.099,0.558 0.246,0.224 C0.590,-0.109 1.149,-0.109 1.494,0.224 L7.736,6.262 C7.938,6.458 8.007,6.723 7.972,6.978 C8.007,7.233 7.938,7.498 7.736,7.694 Z\" \/>\r\n<\/svg>\r\n<\/a><ul><li><img class=\"owl-lazy\" data-src=\"https:\/\/8a.pl\/8academy\/wp-content\/uploads\/2016\/09\/Azau-sta\u0328d-wyruszamy-pieszo-na-szlak-lub-moz\u0307emy-skorzystac\u0301-z-wycia\u0328gu-fot.-Paulina-Wierzbicka.jpg\" \/><div class=\"description text-center\"><p><\/p><\/div><\/li><li><img class=\"owl-lazy\" data-src=\"https:\/\/8a.pl\/8academy\/wp-content\/uploads\/2016\/09\/Infrastruktura-dawno-zapomnia\u0142a-juz\u0307-czaso\u0301w-swej-s\u0301wietnos\u0301ci-fot.-Paulina-Wierzbicka.jpg\" \/><div class=\"description text-center\"><p><\/p><\/div><\/li><li><img class=\"owl-lazy\" data-src=\"https:\/\/8a.pl\/8academy\/wp-content\/uploads\/2016\/09\/Infrastruktura-przypomina-dopiero-co-budowana\u0328-lub-juz\u0307-dawno-zdewastowana\u0328...-fot.-Paulina-Wierzbicka.jpg\" \/><div class=\"description text-center\"><p><\/p><\/div><\/li><li><img class=\"owl-lazy\" data-src=\"https:\/\/8a.pl\/8academy\/wp-content\/uploads\/2016\/09\/S\u0142ynne-_beczki_-fot.-Paulina-Wierzbicka-1.jpg\" \/><div class=\"description text-center\"><p><\/p><\/div><\/li><li><img class=\"owl-lazy\" data-src=\"https:\/\/8a.pl\/8academy\/wp-content\/uploads\/2016\/09\/Beczki-oferuja\u0328-nocleg-w-dos\u0301c\u0301-komfortowych-warunkach-fot.-Paulina-Wierzbicka.jpg\" \/><div class=\"description text-center\"><p><\/p><\/div><\/li><li><img class=\"owl-lazy\" data-src=\"https:\/\/8a.pl\/8academy\/wp-content\/uploads\/2016\/09\/Ruiny-starego-schroniska-Priut-fot.-Paulina-Wierzbicka.jpg\" \/><div class=\"description text-center\"><p><\/p><\/div><\/li><li><img class=\"owl-lazy\" data-src=\"https:\/\/8a.pl\/8academy\/wp-content\/uploads\/2016\/09\/Nocleg-przy-Ska\u0142ach-Pastuchowa-fot.-Paulina-Wierzbicka.jpg\" \/><div class=\"description text-center\"><p><\/p><\/div><\/li><\/ul><\/div><\/div><div class=\"single-gallery single-gallery-carousel single-gallery-hidden\" id=\"single-gallery-6619\"><div class=\"single-gallery-hover\"><div class=\"single-gallery-mode\"><a class=\"mode slide active\"><svg x=\"0px\" y=\"0px\" width=\"24px\" height=\"24px\" viewBox=\"0 0 24 24\">\r\n<style type=\"text\/css\">\r\n\t.st0{;stroke-width:3;stroke-linecap:round;stroke-linejoin:round;stroke-miterlimit:10;}\r\n<\/style>\r\n<line fill=\"none\" stroke=\"#ffffff\" stroke-width=\"3\" x1=\"2\" y1=\"22.5\" x2=\"22\" y2=\"22.5\"\/>\r\n<path fill=\"none\" stroke=\"#ffffff\" stroke-width=\"3\" d=\"M18.1,12.8l-2.7-4.2l-2.9,4L9,6.9l-7.5,8.6c0,1.1,0.9,2,2,2h17c1.1,0,2-0.9,2-2v-12c0-1.1-0.9-2-2-2h-17\r\n\tc-1.1,0-2,0.9-2,2V7\"\/>\r\n<\/svg>\r\n<\/a><a class=\"mode thumb\"><svg x=\"0px\" y=\"0px\" width=\"24px\" height=\"24px\" viewBox=\"0 0 24 24\">\r\n<path fill=\"none\" stroke=\"#ffffff\" stroke-width=\"3\" d=\"M20.5,9.5h-4c-1.1,0-2-0.9-2-2v-4c0-1.1,0.9-2,2-2h4c1.1,0,2,0.9,2,2v4C22.5,8.6,21.6,9.5,20.5,9.5z\"\/>\r\n<path fill=\"none\" stroke=\"#ffffff\" stroke-width=\"3\" d=\"M7.5,9.5h-4c-1.1,0-2-0.9-2-2v-4c0-1.1,0.9-2,2-2h4c1.1,0,2,0.9,2,2v4C9.5,8.6,8.6,9.5,7.5,9.5z\"\/>\r\n<path fill=\"none\" stroke=\"#ffffff\" stroke-width=\"3\" d=\"M19,22.5h-2.5c-1.1,0-2-0.9-2-2v-4c0-1.1,0.9-2,2-2h4c1.1,0,2,0.9,2,2V19\"\/>\r\n<path fill=\"none\" stroke=\"#ffffff\" stroke-width=\"3\" d=\"M7.5,22.5h-4c-1.1,0-2-0.9-2-2v-4c0-1.1,0.9-2,2-2h4c1.1,0,2,0.9,2,2v4C9.5,21.6,8.6,22.5,7.5,22.5z\"\/>\r\n<\/svg><\/a><\/div><div class=\"single-gallery-thumbnails\"><div class=\"single-gallery-thumbnails-wrapper\"><a class=\"active\" style=\"background-image: url(https:\/\/8a.pl\/8academy\/wp-content\/uploads\/2016\/09\/Azau-sta\u0328d-wyruszamy-pieszo-na-szlak-lub-moz\u0307emy-skorzystac\u0301-z-wycia\u0328gu-fot.-Paulina-Wierzbicka-150x150.jpg)\"><\/a><a style=\"background-image: url(https:\/\/8a.pl\/8academy\/wp-content\/uploads\/2016\/09\/Infrastruktura-dawno-zapomnia\u0142a-juz\u0307-czaso\u0301w-swej-s\u0301wietnos\u0301ci-fot.-Paulina-Wierzbicka-150x150.jpg)\"><\/a><a style=\"background-image: url(https:\/\/8a.pl\/8academy\/wp-content\/uploads\/2016\/09\/Infrastruktura-przypomina-dopiero-co-budowana\u0328-lub-juz\u0307-dawno-zdewastowana\u0328...-fot.-Paulina-Wierzbicka-150x150.jpg)\"><\/a><a style=\"background-image: url(https:\/\/8a.pl\/8academy\/wp-content\/uploads\/2016\/09\/S\u0142ynne-_beczki_-fot.-Paulina-Wierzbicka-1-150x150.jpg)\"><\/a><a style=\"background-image: url(https:\/\/8a.pl\/8academy\/wp-content\/uploads\/2016\/09\/Beczki-oferuja\u0328-nocleg-w-dos\u0301c\u0301-komfortowych-warunkach-fot.-Paulina-Wierzbicka-150x150.jpg)\"><\/a><a style=\"background-image: url(https:\/\/8a.pl\/8academy\/wp-content\/uploads\/2016\/09\/Ruiny-starego-schroniska-Priut-fot.-Paulina-Wierzbicka-150x150.jpg)\"><\/a><a style=\"background-image: url(https:\/\/8a.pl\/8academy\/wp-content\/uploads\/2016\/09\/Nocleg-przy-Ska\u0142ach-Pastuchowa-fot.-Paulina-Wierzbicka-150x150.jpg)\"><\/a><\/div><\/div><\/div><a class=\"nav prev\"><svg width=\"8.031\" height=\"14\" viewBox=\"0 0 8.031 14\">\r\n  <path fill=\"#161b1b\" d=\"M7.736,7.694 L1.494,13.731 C1.149,14.065 0.590,14.065 0.246,13.731 C-0.099,13.398 -0.099,12.857 0.246,12.524 L5.979,6.978 L0.246,1.432 C-0.099,1.098 -0.099,0.558 0.246,0.224 C0.590,-0.109 1.149,-0.109 1.494,0.224 L7.736,6.262 C7.938,6.458 8.007,6.723 7.972,6.978 C8.007,7.233 7.938,7.498 7.736,7.694 Z\" \/>\r\n<\/svg>\r\n<\/a><a class=\"nav next\"><svg width=\"8.031\" height=\"14\" viewBox=\"0 0 8.031 14\">\r\n  <path fill=\"#161b1b\" d=\"M7.736,7.694 L1.494,13.731 C1.149,14.065 0.590,14.065 0.246,13.731 C-0.099,13.398 -0.099,12.857 0.246,12.524 L5.979,6.978 L0.246,1.432 C-0.099,1.098 -0.099,0.558 0.246,0.224 C0.590,-0.109 1.149,-0.109 1.494,0.224 L7.736,6.262 C7.938,6.458 8.007,6.723 7.972,6.978 C8.007,7.233 7.938,7.498 7.736,7.694 Z\" \/>\r\n<\/svg>\r\n<\/a><ul><li><img decoding=\"async\" src=\"https:\/\/8a.pl\/8academy\/wp-content\/uploads\/2016\/09\/Azau-sta\u0328d-wyruszamy-pieszo-na-szlak-lub-moz\u0307emy-skorzystac\u0301-z-wycia\u0328gu-fot.-Paulina-Wierzbicka.jpg\" \/><div class=\"description text-center\"><p><\/p><div class=\"social-image\"><\/div><div class=\"mobile-nav\"><span class=\"counter\"><\/span><a class=\"nav prev\"><svg width=\"8.031\" height=\"14\" viewBox=\"0 0 8.031 14\">\r\n  <path fill=\"#161b1b\" d=\"M7.736,7.694 L1.494,13.731 C1.149,14.065 0.590,14.065 0.246,13.731 C-0.099,13.398 -0.099,12.857 0.246,12.524 L5.979,6.978 L0.246,1.432 C-0.099,1.098 -0.099,0.558 0.246,0.224 C0.590,-0.109 1.149,-0.109 1.494,0.224 L7.736,6.262 C7.938,6.458 8.007,6.723 7.972,6.978 C8.007,7.233 7.938,7.498 7.736,7.694 Z\" \/>\r\n<\/svg>\r\n<\/a><a class=\"nav next\"><svg width=\"8.031\" height=\"14\" viewBox=\"0 0 8.031 14\">\r\n  <path fill=\"#161b1b\" d=\"M7.736,7.694 L1.494,13.731 C1.149,14.065 0.590,14.065 0.246,13.731 C-0.099,13.398 -0.099,12.857 0.246,12.524 L5.979,6.978 L0.246,1.432 C-0.099,1.098 -0.099,0.558 0.246,0.224 C0.590,-0.109 1.149,-0.109 1.494,0.224 L7.736,6.262 C7.938,6.458 8.007,6.723 7.972,6.978 C8.007,7.233 7.938,7.498 7.736,7.694 Z\" \/>\r\n<\/svg>\r\n<\/a><\/div><\/div><\/li><li><img decoding=\"async\" src=\"https:\/\/8a.pl\/8academy\/wp-content\/uploads\/2016\/09\/Infrastruktura-dawno-zapomnia\u0142a-juz\u0307-czaso\u0301w-swej-s\u0301wietnos\u0301ci-fot.-Paulina-Wierzbicka.jpg\" \/><div class=\"description text-center\"><p><\/p><div class=\"social-image\"><\/div><div class=\"mobile-nav\"><span class=\"counter\"><\/span><a class=\"nav prev\"><svg width=\"8.031\" height=\"14\" viewBox=\"0 0 8.031 14\">\r\n  <path fill=\"#161b1b\" d=\"M7.736,7.694 L1.494,13.731 C1.149,14.065 0.590,14.065 0.246,13.731 C-0.099,13.398 -0.099,12.857 0.246,12.524 L5.979,6.978 L0.246,1.432 C-0.099,1.098 -0.099,0.558 0.246,0.224 C0.590,-0.109 1.149,-0.109 1.494,0.224 L7.736,6.262 C7.938,6.458 8.007,6.723 7.972,6.978 C8.007,7.233 7.938,7.498 7.736,7.694 Z\" \/>\r\n<\/svg>\r\n<\/a><a class=\"nav next\"><svg width=\"8.031\" height=\"14\" viewBox=\"0 0 8.031 14\">\r\n  <path fill=\"#161b1b\" d=\"M7.736,7.694 L1.494,13.731 C1.149,14.065 0.590,14.065 0.246,13.731 C-0.099,13.398 -0.099,12.857 0.246,12.524 L5.979,6.978 L0.246,1.432 C-0.099,1.098 -0.099,0.558 0.246,0.224 C0.590,-0.109 1.149,-0.109 1.494,0.224 L7.736,6.262 C7.938,6.458 8.007,6.723 7.972,6.978 C8.007,7.233 7.938,7.498 7.736,7.694 Z\" \/>\r\n<\/svg>\r\n<\/a><\/div><\/div><\/li><li><img decoding=\"async\" src=\"https:\/\/8a.pl\/8academy\/wp-content\/uploads\/2016\/09\/Infrastruktura-przypomina-dopiero-co-budowana\u0328-lub-juz\u0307-dawno-zdewastowana\u0328...-fot.-Paulina-Wierzbicka.jpg\" \/><div class=\"description text-center\"><p><\/p><div class=\"social-image\"><\/div><div class=\"mobile-nav\"><span class=\"counter\"><\/span><a class=\"nav prev\"><svg width=\"8.031\" height=\"14\" viewBox=\"0 0 8.031 14\">\r\n  <path fill=\"#161b1b\" d=\"M7.736,7.694 L1.494,13.731 C1.149,14.065 0.590,14.065 0.246,13.731 C-0.099,13.398 -0.099,12.857 0.246,12.524 L5.979,6.978 L0.246,1.432 C-0.099,1.098 -0.099,0.558 0.246,0.224 C0.590,-0.109 1.149,-0.109 1.494,0.224 L7.736,6.262 C7.938,6.458 8.007,6.723 7.972,6.978 C8.007,7.233 7.938,7.498 7.736,7.694 Z\" \/>\r\n<\/svg>\r\n<\/a><a class=\"nav next\"><svg width=\"8.031\" height=\"14\" viewBox=\"0 0 8.031 14\">\r\n  <path fill=\"#161b1b\" d=\"M7.736,7.694 L1.494,13.731 C1.149,14.065 0.590,14.065 0.246,13.731 C-0.099,13.398 -0.099,12.857 0.246,12.524 L5.979,6.978 L0.246,1.432 C-0.099,1.098 -0.099,0.558 0.246,0.224 C0.590,-0.109 1.149,-0.109 1.494,0.224 L7.736,6.262 C7.938,6.458 8.007,6.723 7.972,6.978 C8.007,7.233 7.938,7.498 7.736,7.694 Z\" \/>\r\n<\/svg>\r\n<\/a><\/div><\/div><\/li><li><img decoding=\"async\" src=\"https:\/\/8a.pl\/8academy\/wp-content\/uploads\/2016\/09\/S\u0142ynne-_beczki_-fot.-Paulina-Wierzbicka-1.jpg\" \/><div class=\"description text-center\"><p><\/p><div class=\"social-image\"><\/div><div class=\"mobile-nav\"><span class=\"counter\"><\/span><a class=\"nav prev\"><svg width=\"8.031\" height=\"14\" viewBox=\"0 0 8.031 14\">\r\n  <path fill=\"#161b1b\" d=\"M7.736,7.694 L1.494,13.731 C1.149,14.065 0.590,14.065 0.246,13.731 C-0.099,13.398 -0.099,12.857 0.246,12.524 L5.979,6.978 L0.246,1.432 C-0.099,1.098 -0.099,0.558 0.246,0.224 C0.590,-0.109 1.149,-0.109 1.494,0.224 L7.736,6.262 C7.938,6.458 8.007,6.723 7.972,6.978 C8.007,7.233 7.938,7.498 7.736,7.694 Z\" \/>\r\n<\/svg>\r\n<\/a><a class=\"nav next\"><svg width=\"8.031\" height=\"14\" viewBox=\"0 0 8.031 14\">\r\n  <path fill=\"#161b1b\" d=\"M7.736,7.694 L1.494,13.731 C1.149,14.065 0.590,14.065 0.246,13.731 C-0.099,13.398 -0.099,12.857 0.246,12.524 L5.979,6.978 L0.246,1.432 C-0.099,1.098 -0.099,0.558 0.246,0.224 C0.590,-0.109 1.149,-0.109 1.494,0.224 L7.736,6.262 C7.938,6.458 8.007,6.723 7.972,6.978 C8.007,7.233 7.938,7.498 7.736,7.694 Z\" \/>\r\n<\/svg>\r\n<\/a><\/div><\/div><\/li><li><img decoding=\"async\" src=\"https:\/\/8a.pl\/8academy\/wp-content\/uploads\/2016\/09\/Beczki-oferuja\u0328-nocleg-w-dos\u0301c\u0301-komfortowych-warunkach-fot.-Paulina-Wierzbicka.jpg\" \/><div class=\"description text-center\"><p><\/p><div class=\"social-image\"><\/div><div class=\"mobile-nav\"><span class=\"counter\"><\/span><a class=\"nav prev\"><svg width=\"8.031\" height=\"14\" viewBox=\"0 0 8.031 14\">\r\n  <path fill=\"#161b1b\" d=\"M7.736,7.694 L1.494,13.731 C1.149,14.065 0.590,14.065 0.246,13.731 C-0.099,13.398 -0.099,12.857 0.246,12.524 L5.979,6.978 L0.246,1.432 C-0.099,1.098 -0.099,0.558 0.246,0.224 C0.590,-0.109 1.149,-0.109 1.494,0.224 L7.736,6.262 C7.938,6.458 8.007,6.723 7.972,6.978 C8.007,7.233 7.938,7.498 7.736,7.694 Z\" \/>\r\n<\/svg>\r\n<\/a><a class=\"nav next\"><svg width=\"8.031\" height=\"14\" viewBox=\"0 0 8.031 14\">\r\n  <path fill=\"#161b1b\" d=\"M7.736,7.694 L1.494,13.731 C1.149,14.065 0.590,14.065 0.246,13.731 C-0.099,13.398 -0.099,12.857 0.246,12.524 L5.979,6.978 L0.246,1.432 C-0.099,1.098 -0.099,0.558 0.246,0.224 C0.590,-0.109 1.149,-0.109 1.494,0.224 L7.736,6.262 C7.938,6.458 8.007,6.723 7.972,6.978 C8.007,7.233 7.938,7.498 7.736,7.694 Z\" \/>\r\n<\/svg>\r\n<\/a><\/div><\/div><\/li><li><img decoding=\"async\" src=\"https:\/\/8a.pl\/8academy\/wp-content\/uploads\/2016\/09\/Ruiny-starego-schroniska-Priut-fot.-Paulina-Wierzbicka.jpg\" \/><div class=\"description text-center\"><p><\/p><div class=\"social-image\"><\/div><div class=\"mobile-nav\"><span class=\"counter\"><\/span><a class=\"nav prev\"><svg width=\"8.031\" height=\"14\" viewBox=\"0 0 8.031 14\">\r\n  <path fill=\"#161b1b\" d=\"M7.736,7.694 L1.494,13.731 C1.149,14.065 0.590,14.065 0.246,13.731 C-0.099,13.398 -0.099,12.857 0.246,12.524 L5.979,6.978 L0.246,1.432 C-0.099,1.098 -0.099,0.558 0.246,0.224 C0.590,-0.109 1.149,-0.109 1.494,0.224 L7.736,6.262 C7.938,6.458 8.007,6.723 7.972,6.978 C8.007,7.233 7.938,7.498 7.736,7.694 Z\" \/>\r\n<\/svg>\r\n<\/a><a class=\"nav next\"><svg width=\"8.031\" height=\"14\" viewBox=\"0 0 8.031 14\">\r\n  <path fill=\"#161b1b\" d=\"M7.736,7.694 L1.494,13.731 C1.149,14.065 0.590,14.065 0.246,13.731 C-0.099,13.398 -0.099,12.857 0.246,12.524 L5.979,6.978 L0.246,1.432 C-0.099,1.098 -0.099,0.558 0.246,0.224 C0.590,-0.109 1.149,-0.109 1.494,0.224 L7.736,6.262 C7.938,6.458 8.007,6.723 7.972,6.978 C8.007,7.233 7.938,7.498 7.736,7.694 Z\" \/>\r\n<\/svg>\r\n<\/a><\/div><\/div><\/li><li><img decoding=\"async\" src=\"https:\/\/8a.pl\/8academy\/wp-content\/uploads\/2016\/09\/Nocleg-przy-Ska\u0142ach-Pastuchowa-fot.-Paulina-Wierzbicka.jpg\" \/><div class=\"description text-center\"><p><\/p><div class=\"social-image\"><\/div><div class=\"mobile-nav\"><span class=\"counter\"><\/span><a class=\"nav prev\"><svg width=\"8.031\" height=\"14\" viewBox=\"0 0 8.031 14\">\r\n  <path fill=\"#161b1b\" d=\"M7.736,7.694 L1.494,13.731 C1.149,14.065 0.590,14.065 0.246,13.731 C-0.099,13.398 -0.099,12.857 0.246,12.524 L5.979,6.978 L0.246,1.432 C-0.099,1.098 -0.099,0.558 0.246,0.224 C0.590,-0.109 1.149,-0.109 1.494,0.224 L7.736,6.262 C7.938,6.458 8.007,6.723 7.972,6.978 C8.007,7.233 7.938,7.498 7.736,7.694 Z\" \/>\r\n<\/svg>\r\n<\/a><a class=\"nav next\"><svg width=\"8.031\" height=\"14\" viewBox=\"0 0 8.031 14\">\r\n  <path fill=\"#161b1b\" d=\"M7.736,7.694 L1.494,13.731 C1.149,14.065 0.590,14.065 0.246,13.731 C-0.099,13.398 -0.099,12.857 0.246,12.524 L5.979,6.978 L0.246,1.432 C-0.099,1.098 -0.099,0.558 0.246,0.224 C0.590,-0.109 1.149,-0.109 1.494,0.224 L7.736,6.262 C7.938,6.458 8.007,6.723 7.972,6.978 C8.007,7.233 7.938,7.498 7.736,7.694 Z\" \/>\r\n<\/svg>\r\n<\/a><\/div><\/div><\/li><\/ul><div class=\"mode-thumbnails-container\"><a class=\"col-xs-4\"><div class=\"cover-container\"><div class=\"cover\" style=\"background-image: url(https:\/\/8a.pl\/8academy\/wp-content\/uploads\/2016\/09\/Azau-sta\u0328d-wyruszamy-pieszo-na-szlak-lub-moz\u0307emy-skorzystac\u0301-z-wycia\u0328gu-fot.-Paulina-Wierzbicka-300x195.jpg)\"><\/div><\/div><svg x=\"0px\" y=\"0px\" width=\"24px\" height=\"24px\" viewBox=\"0 0 24 24\">\r\n<style type=\"text\/css\">\r\n\t.st0{fill:none;stroke:#303133;stroke-width:3;stroke-linecap:round;stroke-linejoin:round;stroke-miterlimit:10;}\r\n\t.st1{fill-rule:evenodd;clip-rule:evenodd;fill:none;stroke:#303133;stroke-width:3;stroke-linejoin:round;stroke-miterlimit:10;}\r\n\t\r\n\t\t.st2{fill-rule:evenodd;clip-rule:evenodd;fill:none;stroke:#303133;stroke-width:3;stroke-linecap:round;stroke-linejoin:round;stroke-miterlimit:10;}\r\n\t.st3{fill:none;stroke:#B4B5B7;stroke-width:2;stroke-linecap:round;stroke-linejoin:round;stroke-miterlimit:10;}\r\n\t\r\n\t\t.st4{fill-rule:evenodd;clip-rule:evenodd;fill:none;stroke:#303133;stroke-width:2;stroke-linecap:round;stroke-linejoin:round;stroke-miterlimit:10;}\r\n\t.st5{fill-rule:evenodd;clip-rule:evenodd;fill:#161B1B;}\r\n\t.st6{fill-rule:evenodd;clip-rule:evenodd;fill:#F26822;}\r\n\t.st7{fill:#F26822;}\r\n\t.st8{fill:none;stroke:#808285;stroke-width:6;stroke-linecap:round;stroke-linejoin:round;stroke-miterlimit:10;}\r\n\t.st9{fill:#161B1B;}\r\n\t.st10{fill:#808184;}\r\n<\/style>\r\n<g>\r\n\t<path fill=\"none\" stroke=\"#ffffff\" stroke-width=\"3\" d=\"M1.6,7.5v-4c0-1.1,0.9-2,2-2h4\"\/>\r\n\t<line fill=\"none\" stroke=\"#ffffff\" stroke-width=\"3\"  x1=\"2.9\" y1=\"2.9\" x2=\"8.1\" y2=\"8.1\"\/>\r\n<\/g>\r\n<g>\r\n\t<path fill=\"none\" stroke=\"#ffffff\" stroke-width=\"3\"  d=\"M22.5,16v4.1c0,1.1-1.3,2.4-2.4,2.4H16\"\/>\r\n\t<line fill=\"none\" stroke=\"#ffffff\" stroke-width=\"3\"  x1=\"20.8\" y1=\"20.8\" x2=\"15.6\" y2=\"15.5\"\/>\r\n<\/g>\r\n<g>\r\n\t<path fill=\"none\" stroke=\"#ffffff\" stroke-width=\"3\"  d=\"M16.5,1.5h4c1.1,0,2,0.9,2,2v4\"\/>\r\n\t<line fill=\"none\" stroke=\"#ffffff\" stroke-width=\"3\"  x1=\"21.1\" y1=\"2.8\" x2=\"15.9\" y2=\"8.1\"\/>\r\n<\/g>\r\n<g>\r\n\t<path fill=\"none\" stroke=\"#ffffff\" stroke-width=\"3\"  d=\"M8,22.5H3.9c-1.1,0-2.4-1.3-2.4-2.4V16\"\/>\r\n\t<line fill=\"none\" stroke=\"#ffffff\" stroke-width=\"3\"  x1=\"3.3\" y1=\"20.8\" x2=\"8.5\" y2=\"15.5\"\/>\r\n<\/g>\r\n<\/svg>\r\n<\/a><a class=\"col-xs-4\"><div class=\"cover-container\"><div class=\"cover\" style=\"background-image: url(https:\/\/8a.pl\/8academy\/wp-content\/uploads\/2016\/09\/Infrastruktura-dawno-zapomnia\u0142a-juz\u0307-czaso\u0301w-swej-s\u0301wietnos\u0301ci-fot.-Paulina-Wierzbicka-300x195.jpg)\"><\/div><\/div><svg x=\"0px\" y=\"0px\" width=\"24px\" height=\"24px\" viewBox=\"0 0 24 24\">\r\n<style type=\"text\/css\">\r\n\t.st0{fill:none;stroke:#303133;stroke-width:3;stroke-linecap:round;stroke-linejoin:round;stroke-miterlimit:10;}\r\n\t.st1{fill-rule:evenodd;clip-rule:evenodd;fill:none;stroke:#303133;stroke-width:3;stroke-linejoin:round;stroke-miterlimit:10;}\r\n\t\r\n\t\t.st2{fill-rule:evenodd;clip-rule:evenodd;fill:none;stroke:#303133;stroke-width:3;stroke-linecap:round;stroke-linejoin:round;stroke-miterlimit:10;}\r\n\t.st3{fill:none;stroke:#B4B5B7;stroke-width:2;stroke-linecap:round;stroke-linejoin:round;stroke-miterlimit:10;}\r\n\t\r\n\t\t.st4{fill-rule:evenodd;clip-rule:evenodd;fill:none;stroke:#303133;stroke-width:2;stroke-linecap:round;stroke-linejoin:round;stroke-miterlimit:10;}\r\n\t.st5{fill-rule:evenodd;clip-rule:evenodd;fill:#161B1B;}\r\n\t.st6{fill-rule:evenodd;clip-rule:evenodd;fill:#F26822;}\r\n\t.st7{fill:#F26822;}\r\n\t.st8{fill:none;stroke:#808285;stroke-width:6;stroke-linecap:round;stroke-linejoin:round;stroke-miterlimit:10;}\r\n\t.st9{fill:#161B1B;}\r\n\t.st10{fill:#808184;}\r\n<\/style>\r\n<g>\r\n\t<path fill=\"none\" stroke=\"#ffffff\" stroke-width=\"3\" d=\"M1.6,7.5v-4c0-1.1,0.9-2,2-2h4\"\/>\r\n\t<line fill=\"none\" stroke=\"#ffffff\" stroke-width=\"3\"  x1=\"2.9\" y1=\"2.9\" x2=\"8.1\" y2=\"8.1\"\/>\r\n<\/g>\r\n<g>\r\n\t<path fill=\"none\" stroke=\"#ffffff\" stroke-width=\"3\"  d=\"M22.5,16v4.1c0,1.1-1.3,2.4-2.4,2.4H16\"\/>\r\n\t<line fill=\"none\" stroke=\"#ffffff\" stroke-width=\"3\"  x1=\"20.8\" y1=\"20.8\" x2=\"15.6\" y2=\"15.5\"\/>\r\n<\/g>\r\n<g>\r\n\t<path fill=\"none\" stroke=\"#ffffff\" stroke-width=\"3\"  d=\"M16.5,1.5h4c1.1,0,2,0.9,2,2v4\"\/>\r\n\t<line fill=\"none\" stroke=\"#ffffff\" stroke-width=\"3\"  x1=\"21.1\" y1=\"2.8\" x2=\"15.9\" y2=\"8.1\"\/>\r\n<\/g>\r\n<g>\r\n\t<path fill=\"none\" stroke=\"#ffffff\" stroke-width=\"3\"  d=\"M8,22.5H3.9c-1.1,0-2.4-1.3-2.4-2.4V16\"\/>\r\n\t<line fill=\"none\" stroke=\"#ffffff\" stroke-width=\"3\"  x1=\"3.3\" y1=\"20.8\" x2=\"8.5\" y2=\"15.5\"\/>\r\n<\/g>\r\n<\/svg>\r\n<\/a><a class=\"col-xs-4\"><div class=\"cover-container\"><div class=\"cover\" style=\"background-image: url(https:\/\/8a.pl\/8academy\/wp-content\/uploads\/2016\/09\/Infrastruktura-przypomina-dopiero-co-budowana\u0328-lub-juz\u0307-dawno-zdewastowana\u0328...-fot.-Paulina-Wierzbicka-300x195.jpg)\"><\/div><\/div><svg x=\"0px\" y=\"0px\" width=\"24px\" height=\"24px\" viewBox=\"0 0 24 24\">\r\n<style type=\"text\/css\">\r\n\t.st0{fill:none;stroke:#303133;stroke-width:3;stroke-linecap:round;stroke-linejoin:round;stroke-miterlimit:10;}\r\n\t.st1{fill-rule:evenodd;clip-rule:evenodd;fill:none;stroke:#303133;stroke-width:3;stroke-linejoin:round;stroke-miterlimit:10;}\r\n\t\r\n\t\t.st2{fill-rule:evenodd;clip-rule:evenodd;fill:none;stroke:#303133;stroke-width:3;stroke-linecap:round;stroke-linejoin:round;stroke-miterlimit:10;}\r\n\t.st3{fill:none;stroke:#B4B5B7;stroke-width:2;stroke-linecap:round;stroke-linejoin:round;stroke-miterlimit:10;}\r\n\t\r\n\t\t.st4{fill-rule:evenodd;clip-rule:evenodd;fill:none;stroke:#303133;stroke-width:2;stroke-linecap:round;stroke-linejoin:round;stroke-miterlimit:10;}\r\n\t.st5{fill-rule:evenodd;clip-rule:evenodd;fill:#161B1B;}\r\n\t.st6{fill-rule:evenodd;clip-rule:evenodd;fill:#F26822;}\r\n\t.st7{fill:#F26822;}\r\n\t.st8{fill:none;stroke:#808285;stroke-width:6;stroke-linecap:round;stroke-linejoin:round;stroke-miterlimit:10;}\r\n\t.st9{fill:#161B1B;}\r\n\t.st10{fill:#808184;}\r\n<\/style>\r\n<g>\r\n\t<path fill=\"none\" stroke=\"#ffffff\" stroke-width=\"3\" d=\"M1.6,7.5v-4c0-1.1,0.9-2,2-2h4\"\/>\r\n\t<line fill=\"none\" stroke=\"#ffffff\" stroke-width=\"3\"  x1=\"2.9\" y1=\"2.9\" x2=\"8.1\" y2=\"8.1\"\/>\r\n<\/g>\r\n<g>\r\n\t<path fill=\"none\" stroke=\"#ffffff\" stroke-width=\"3\"  d=\"M22.5,16v4.1c0,1.1-1.3,2.4-2.4,2.4H16\"\/>\r\n\t<line fill=\"none\" stroke=\"#ffffff\" stroke-width=\"3\"  x1=\"20.8\" y1=\"20.8\" x2=\"15.6\" y2=\"15.5\"\/>\r\n<\/g>\r\n<g>\r\n\t<path fill=\"none\" stroke=\"#ffffff\" stroke-width=\"3\"  d=\"M16.5,1.5h4c1.1,0,2,0.9,2,2v4\"\/>\r\n\t<line fill=\"none\" stroke=\"#ffffff\" stroke-width=\"3\"  x1=\"21.1\" y1=\"2.8\" x2=\"15.9\" y2=\"8.1\"\/>\r\n<\/g>\r\n<g>\r\n\t<path fill=\"none\" stroke=\"#ffffff\" stroke-width=\"3\"  d=\"M8,22.5H3.9c-1.1,0-2.4-1.3-2.4-2.4V16\"\/>\r\n\t<line fill=\"none\" stroke=\"#ffffff\" stroke-width=\"3\"  x1=\"3.3\" y1=\"20.8\" x2=\"8.5\" y2=\"15.5\"\/>\r\n<\/g>\r\n<\/svg>\r\n<\/a><a class=\"col-xs-4\"><div class=\"cover-container\"><div class=\"cover\" style=\"background-image: url(https:\/\/8a.pl\/8academy\/wp-content\/uploads\/2016\/09\/S\u0142ynne-_beczki_-fot.-Paulina-Wierzbicka-1-300x195.jpg)\"><\/div><\/div><svg x=\"0px\" y=\"0px\" width=\"24px\" height=\"24px\" viewBox=\"0 0 24 24\">\r\n<style type=\"text\/css\">\r\n\t.st0{fill:none;stroke:#303133;stroke-width:3;stroke-linecap:round;stroke-linejoin:round;stroke-miterlimit:10;}\r\n\t.st1{fill-rule:evenodd;clip-rule:evenodd;fill:none;stroke:#303133;stroke-width:3;stroke-linejoin:round;stroke-miterlimit:10;}\r\n\t\r\n\t\t.st2{fill-rule:evenodd;clip-rule:evenodd;fill:none;stroke:#303133;stroke-width:3;stroke-linecap:round;stroke-linejoin:round;stroke-miterlimit:10;}\r\n\t.st3{fill:none;stroke:#B4B5B7;stroke-width:2;stroke-linecap:round;stroke-linejoin:round;stroke-miterlimit:10;}\r\n\t\r\n\t\t.st4{fill-rule:evenodd;clip-rule:evenodd;fill:none;stroke:#303133;stroke-width:2;stroke-linecap:round;stroke-linejoin:round;stroke-miterlimit:10;}\r\n\t.st5{fill-rule:evenodd;clip-rule:evenodd;fill:#161B1B;}\r\n\t.st6{fill-rule:evenodd;clip-rule:evenodd;fill:#F26822;}\r\n\t.st7{fill:#F26822;}\r\n\t.st8{fill:none;stroke:#808285;stroke-width:6;stroke-linecap:round;stroke-linejoin:round;stroke-miterlimit:10;}\r\n\t.st9{fill:#161B1B;}\r\n\t.st10{fill:#808184;}\r\n<\/style>\r\n<g>\r\n\t<path fill=\"none\" stroke=\"#ffffff\" stroke-width=\"3\" d=\"M1.6,7.5v-4c0-1.1,0.9-2,2-2h4\"\/>\r\n\t<line fill=\"none\" stroke=\"#ffffff\" stroke-width=\"3\"  x1=\"2.9\" y1=\"2.9\" x2=\"8.1\" y2=\"8.1\"\/>\r\n<\/g>\r\n<g>\r\n\t<path fill=\"none\" stroke=\"#ffffff\" stroke-width=\"3\"  d=\"M22.5,16v4.1c0,1.1-1.3,2.4-2.4,2.4H16\"\/>\r\n\t<line fill=\"none\" stroke=\"#ffffff\" stroke-width=\"3\"  x1=\"20.8\" y1=\"20.8\" x2=\"15.6\" y2=\"15.5\"\/>\r\n<\/g>\r\n<g>\r\n\t<path fill=\"none\" stroke=\"#ffffff\" stroke-width=\"3\"  d=\"M16.5,1.5h4c1.1,0,2,0.9,2,2v4\"\/>\r\n\t<line fill=\"none\" stroke=\"#ffffff\" stroke-width=\"3\"  x1=\"21.1\" y1=\"2.8\" x2=\"15.9\" y2=\"8.1\"\/>\r\n<\/g>\r\n<g>\r\n\t<path fill=\"none\" stroke=\"#ffffff\" stroke-width=\"3\"  d=\"M8,22.5H3.9c-1.1,0-2.4-1.3-2.4-2.4V16\"\/>\r\n\t<line fill=\"none\" stroke=\"#ffffff\" stroke-width=\"3\"  x1=\"3.3\" y1=\"20.8\" x2=\"8.5\" y2=\"15.5\"\/>\r\n<\/g>\r\n<\/svg>\r\n<\/a><a class=\"col-xs-4\"><div class=\"cover-container\"><div class=\"cover\" style=\"background-image: url(https:\/\/8a.pl\/8academy\/wp-content\/uploads\/2016\/09\/Beczki-oferuja\u0328-nocleg-w-dos\u0301c\u0301-komfortowych-warunkach-fot.-Paulina-Wierzbicka-300x195.jpg)\"><\/div><\/div><svg x=\"0px\" y=\"0px\" width=\"24px\" height=\"24px\" viewBox=\"0 0 24 24\">\r\n<style type=\"text\/css\">\r\n\t.st0{fill:none;stroke:#303133;stroke-width:3;stroke-linecap:round;stroke-linejoin:round;stroke-miterlimit:10;}\r\n\t.st1{fill-rule:evenodd;clip-rule:evenodd;fill:none;stroke:#303133;stroke-width:3;stroke-linejoin:round;stroke-miterlimit:10;}\r\n\t\r\n\t\t.st2{fill-rule:evenodd;clip-rule:evenodd;fill:none;stroke:#303133;stroke-width:3;stroke-linecap:round;stroke-linejoin:round;stroke-miterlimit:10;}\r\n\t.st3{fill:none;stroke:#B4B5B7;stroke-width:2;stroke-linecap:round;stroke-linejoin:round;stroke-miterlimit:10;}\r\n\t\r\n\t\t.st4{fill-rule:evenodd;clip-rule:evenodd;fill:none;stroke:#303133;stroke-width:2;stroke-linecap:round;stroke-linejoin:round;stroke-miterlimit:10;}\r\n\t.st5{fill-rule:evenodd;clip-rule:evenodd;fill:#161B1B;}\r\n\t.st6{fill-rule:evenodd;clip-rule:evenodd;fill:#F26822;}\r\n\t.st7{fill:#F26822;}\r\n\t.st8{fill:none;stroke:#808285;stroke-width:6;stroke-linecap:round;stroke-linejoin:round;stroke-miterlimit:10;}\r\n\t.st9{fill:#161B1B;}\r\n\t.st10{fill:#808184;}\r\n<\/style>\r\n<g>\r\n\t<path fill=\"none\" stroke=\"#ffffff\" stroke-width=\"3\" d=\"M1.6,7.5v-4c0-1.1,0.9-2,2-2h4\"\/>\r\n\t<line fill=\"none\" stroke=\"#ffffff\" stroke-width=\"3\"  x1=\"2.9\" y1=\"2.9\" x2=\"8.1\" y2=\"8.1\"\/>\r\n<\/g>\r\n<g>\r\n\t<path fill=\"none\" stroke=\"#ffffff\" stroke-width=\"3\"  d=\"M22.5,16v4.1c0,1.1-1.3,2.4-2.4,2.4H16\"\/>\r\n\t<line fill=\"none\" stroke=\"#ffffff\" stroke-width=\"3\"  x1=\"20.8\" y1=\"20.8\" x2=\"15.6\" y2=\"15.5\"\/>\r\n<\/g>\r\n<g>\r\n\t<path fill=\"none\" stroke=\"#ffffff\" stroke-width=\"3\"  d=\"M16.5,1.5h4c1.1,0,2,0.9,2,2v4\"\/>\r\n\t<line fill=\"none\" stroke=\"#ffffff\" stroke-width=\"3\"  x1=\"21.1\" y1=\"2.8\" x2=\"15.9\" y2=\"8.1\"\/>\r\n<\/g>\r\n<g>\r\n\t<path fill=\"none\" stroke=\"#ffffff\" stroke-width=\"3\"  d=\"M8,22.5H3.9c-1.1,0-2.4-1.3-2.4-2.4V16\"\/>\r\n\t<line fill=\"none\" stroke=\"#ffffff\" stroke-width=\"3\"  x1=\"3.3\" y1=\"20.8\" x2=\"8.5\" y2=\"15.5\"\/>\r\n<\/g>\r\n<\/svg>\r\n<\/a><a class=\"col-xs-4\"><div class=\"cover-container\"><div class=\"cover\" style=\"background-image: url(https:\/\/8a.pl\/8academy\/wp-content\/uploads\/2016\/09\/Ruiny-starego-schroniska-Priut-fot.-Paulina-Wierzbicka-300x195.jpg)\"><\/div><\/div><svg x=\"0px\" y=\"0px\" width=\"24px\" height=\"24px\" viewBox=\"0 0 24 24\">\r\n<style type=\"text\/css\">\r\n\t.st0{fill:none;stroke:#303133;stroke-width:3;stroke-linecap:round;stroke-linejoin:round;stroke-miterlimit:10;}\r\n\t.st1{fill-rule:evenodd;clip-rule:evenodd;fill:none;stroke:#303133;stroke-width:3;stroke-linejoin:round;stroke-miterlimit:10;}\r\n\t\r\n\t\t.st2{fill-rule:evenodd;clip-rule:evenodd;fill:none;stroke:#303133;stroke-width:3;stroke-linecap:round;stroke-linejoin:round;stroke-miterlimit:10;}\r\n\t.st3{fill:none;stroke:#B4B5B7;stroke-width:2;stroke-linecap:round;stroke-linejoin:round;stroke-miterlimit:10;}\r\n\t\r\n\t\t.st4{fill-rule:evenodd;clip-rule:evenodd;fill:none;stroke:#303133;stroke-width:2;stroke-linecap:round;stroke-linejoin:round;stroke-miterlimit:10;}\r\n\t.st5{fill-rule:evenodd;clip-rule:evenodd;fill:#161B1B;}\r\n\t.st6{fill-rule:evenodd;clip-rule:evenodd;fill:#F26822;}\r\n\t.st7{fill:#F26822;}\r\n\t.st8{fill:none;stroke:#808285;stroke-width:6;stroke-linecap:round;stroke-linejoin:round;stroke-miterlimit:10;}\r\n\t.st9{fill:#161B1B;}\r\n\t.st10{fill:#808184;}\r\n<\/style>\r\n<g>\r\n\t<path fill=\"none\" stroke=\"#ffffff\" stroke-width=\"3\" d=\"M1.6,7.5v-4c0-1.1,0.9-2,2-2h4\"\/>\r\n\t<line fill=\"none\" stroke=\"#ffffff\" stroke-width=\"3\"  x1=\"2.9\" y1=\"2.9\" x2=\"8.1\" y2=\"8.1\"\/>\r\n<\/g>\r\n<g>\r\n\t<path fill=\"none\" stroke=\"#ffffff\" stroke-width=\"3\"  d=\"M22.5,16v4.1c0,1.1-1.3,2.4-2.4,2.4H16\"\/>\r\n\t<line fill=\"none\" stroke=\"#ffffff\" stroke-width=\"3\"  x1=\"20.8\" y1=\"20.8\" x2=\"15.6\" y2=\"15.5\"\/>\r\n<\/g>\r\n<g>\r\n\t<path fill=\"none\" stroke=\"#ffffff\" stroke-width=\"3\"  d=\"M16.5,1.5h4c1.1,0,2,0.9,2,2v4\"\/>\r\n\t<line fill=\"none\" stroke=\"#ffffff\" stroke-width=\"3\"  x1=\"21.1\" y1=\"2.8\" x2=\"15.9\" y2=\"8.1\"\/>\r\n<\/g>\r\n<g>\r\n\t<path fill=\"none\" stroke=\"#ffffff\" stroke-width=\"3\"  d=\"M8,22.5H3.9c-1.1,0-2.4-1.3-2.4-2.4V16\"\/>\r\n\t<line fill=\"none\" stroke=\"#ffffff\" stroke-width=\"3\"  x1=\"3.3\" y1=\"20.8\" x2=\"8.5\" y2=\"15.5\"\/>\r\n<\/g>\r\n<\/svg>\r\n<\/a><a class=\"col-xs-4\"><div class=\"cover-container\"><div class=\"cover\" style=\"background-image: url(https:\/\/8a.pl\/8academy\/wp-content\/uploads\/2016\/09\/Nocleg-przy-Ska\u0142ach-Pastuchowa-fot.-Paulina-Wierzbicka-300x195.jpg)\"><\/div><\/div><svg x=\"0px\" y=\"0px\" width=\"24px\" height=\"24px\" viewBox=\"0 0 24 24\">\r\n<style type=\"text\/css\">\r\n\t.st0{fill:none;stroke:#303133;stroke-width:3;stroke-linecap:round;stroke-linejoin:round;stroke-miterlimit:10;}\r\n\t.st1{fill-rule:evenodd;clip-rule:evenodd;fill:none;stroke:#303133;stroke-width:3;stroke-linejoin:round;stroke-miterlimit:10;}\r\n\t\r\n\t\t.st2{fill-rule:evenodd;clip-rule:evenodd;fill:none;stroke:#303133;stroke-width:3;stroke-linecap:round;stroke-linejoin:round;stroke-miterlimit:10;}\r\n\t.st3{fill:none;stroke:#B4B5B7;stroke-width:2;stroke-linecap:round;stroke-linejoin:round;stroke-miterlimit:10;}\r\n\t\r\n\t\t.st4{fill-rule:evenodd;clip-rule:evenodd;fill:none;stroke:#303133;stroke-width:2;stroke-linecap:round;stroke-linejoin:round;stroke-miterlimit:10;}\r\n\t.st5{fill-rule:evenodd;clip-rule:evenodd;fill:#161B1B;}\r\n\t.st6{fill-rule:evenodd;clip-rule:evenodd;fill:#F26822;}\r\n\t.st7{fill:#F26822;}\r\n\t.st8{fill:none;stroke:#808285;stroke-width:6;stroke-linecap:round;stroke-linejoin:round;stroke-miterlimit:10;}\r\n\t.st9{fill:#161B1B;}\r\n\t.st10{fill:#808184;}\r\n<\/style>\r\n<g>\r\n\t<path fill=\"none\" stroke=\"#ffffff\" stroke-width=\"3\" d=\"M1.6,7.5v-4c0-1.1,0.9-2,2-2h4\"\/>\r\n\t<line fill=\"none\" stroke=\"#ffffff\" stroke-width=\"3\"  x1=\"2.9\" y1=\"2.9\" x2=\"8.1\" y2=\"8.1\"\/>\r\n<\/g>\r\n<g>\r\n\t<path fill=\"none\" stroke=\"#ffffff\" stroke-width=\"3\"  d=\"M22.5,16v4.1c0,1.1-1.3,2.4-2.4,2.4H16\"\/>\r\n\t<line fill=\"none\" stroke=\"#ffffff\" stroke-width=\"3\"  x1=\"20.8\" y1=\"20.8\" x2=\"15.6\" y2=\"15.5\"\/>\r\n<\/g>\r\n<g>\r\n\t<path fill=\"none\" stroke=\"#ffffff\" stroke-width=\"3\"  d=\"M16.5,1.5h4c1.1,0,2,0.9,2,2v4\"\/>\r\n\t<line fill=\"none\" stroke=\"#ffffff\" stroke-width=\"3\"  x1=\"21.1\" y1=\"2.8\" x2=\"15.9\" y2=\"8.1\"\/>\r\n<\/g>\r\n<g>\r\n\t<path fill=\"none\" stroke=\"#ffffff\" stroke-width=\"3\"  d=\"M8,22.5H3.9c-1.1,0-2.4-1.3-2.4-2.4V16\"\/>\r\n\t<line fill=\"none\" stroke=\"#ffffff\" stroke-width=\"3\"  x1=\"3.3\" y1=\"20.8\" x2=\"8.5\" y2=\"15.5\"\/>\r\n<\/g>\r\n<\/svg>\r\n<\/a><\/div><\/div><div class=\"preloader-box\"><div class=\"preloader\"><span><svg x=\"0px\" y=\"0px\" width=\"72px\" height=\"57px\" viewBox=\"0 0 72 57\">\r\n<path fill=\"none\" stroke=\"#606264\" stroke-width=\"6\" stroke-linecap=\"round\" stroke-linejoin=\"round\" stroke-miterlimit=\"10\" d=\"M55.3,38.9l-8.6-13.1l-9.2,12.5L26.7,19.9L3,47.5C3,50.9,5.8,54,9.3,54H63c3.5,0,6-3.3,6-6.8V9.3\r\n\tC69,5.8,66.4,3,63,3H9.3C5.8,3,3,5.8,3,9.3v11.2\"\/>\r\n<\/svg><\/span><p>Wczytuj\u0119 galeri\u0119<\/p><\/div><\/div>\n<p><span style=\"font-weight: 400;\">Ewentualnie, je\u017celi nie chcemy korzysta\u0107 z opcji mechanicznego zdobywania wysoko\u015bci, mo\u017cemy uda\u0107 si\u0119 pieszo niezbyt urodziw\u0105 \u015bcie\u017ck\u0105 id\u0105c\u0105 prawie ca\u0142y czas pod kolejk\u0105 do Garabashy. Podej\u015bcie ma swoje plusy &#8211; aklimatyzujemy si\u0119 stopniowo. Pami\u0119tajmy o tym \u017ce wyci\u0105gi nie s\u0105 zalecane osobom bez uprzedniej aklimatyzacji. W\u0142a\u015bciwie bez wysi\u0142ku w ci\u0105gu zaledwie kilku minut osi\u0105ga si\u0119 pu\u0142ap oko\u0142o 4000 m n.p.m., co mo\u017ce stanowi\u0107 podstaw\u0119 do wyst\u0105pienia objaw\u00f3w choroby wysoko\u015bciowej. Dla os\u00f3b udaj\u0105cych si\u0119 z Terskola pieszo, Garabashi to drugi nocleg w drodze na szczyt. Tutaj w beczkach po paliwie rakietowym mieszcz\u0105 si\u0119 noclegownie, jest te\u017c stacja KSS (ochotniczego g\u00f3rskiego pogotowia ratunkowego), hangary ratrak\u00f3w i kilka innych rozpocz\u0119tych, a nie sko\u0144czonych budynk\u00f3w.<\/span><\/p>\n<div id=\"attachment_6627\" style=\"width: 1010px\" class=\"wp-caption aligncenter\"><img decoding=\"async\" aria-describedby=\"caption-attachment-6627\" class=\"wp-image-6627 size-full\" src=\"https:\/\/8a.pl\/8academy\/wp-content\/uploads\/2016\/09\/Elbrus-wraz-z-doskonale-widocznymi-na-zdje\u0328ciu-Ska\u0142ami-Pastuchowa-fot.-Paulina-Wierzbicka.jpg\" alt=\"Elbrus wraz z doskonale widocznymi na zdje\u0328ciu Ska\u0142ami Pastuchowa\" width=\"1000\" height=\"650\" srcset=\"https:\/\/8a.pl\/8academy\/wp-content\/uploads\/2016\/09\/Elbrus-wraz-z-doskonale-widocznymi-na-zdje\u0328ciu-Ska\u0142ami-Pastuchowa-fot.-Paulina-Wierzbicka.jpg 1000w, https:\/\/8a.pl\/8academy\/wp-content\/uploads\/2016\/09\/Elbrus-wraz-z-doskonale-widocznymi-na-zdje\u0328ciu-Ska\u0142ami-Pastuchowa-fot.-Paulina-Wierzbicka-300x195.jpg 300w, https:\/\/8a.pl\/8academy\/wp-content\/uploads\/2016\/09\/Elbrus-wraz-z-doskonale-widocznymi-na-zdje\u0328ciu-Ska\u0142ami-Pastuchowa-fot.-Paulina-Wierzbicka-768x499.jpg 768w\" sizes=\"(max-width: 1000px) 100vw, 1000px\" \/><p id=\"caption-attachment-6627\" class=\"wp-caption-text\">Elbrus wraz z doskonale widocznymi na zdje\u0328ciu Ska\u0142ami Pastuchowa (fot. autorka)<\/p><\/div>\n<h3>Kolejne obozy<\/h3>\n<p><span style=\"font-weight: 400;\">Nast\u0119pnie trasa biegnie ko\u0142o pozosta\u0142o\u015bci dawnego schroniska obecnie spalonego i popadaj\u0105cego w ruin\u0119 Priuta (4200 m n.p.m.) najwy\u017cej po\u0142o\u017conego schroniska w ca\u0142ym Kaukazie (trzeci ob\u00f3z). Dalsza droga mija ska\u0142y Pastuchowa na wysoko\u015bci 4700 m n.p.m., potem wiedzie w lewo wok\u00f3\u0142 ska\u0142 wschodniego wierzcho\u0142ka bezpo\u015brednio na siod\u0142o pomi\u0119dzy dwoma szczytami, sk\u0105d wi\u0119kszo\u015b\u0107 turyst\u00f3w kieruje si\u0119 w lewo na wierzcho\u0142ek zachodni. Powy\u017cej schronu biwakowego na prze\u0142\u0119czy Sedlowina droga prowadzi stromym, \u015bnie\u017cno-lodowym zboczem obok ska\u0142, a\u017c do przeci\u0119cia z grzbietem grani wiod\u0105cej na wierzcho\u0142ek.<\/span><\/p>\n<div id=\"attachment_6628\" style=\"width: 1010px\" class=\"wp-caption aligncenter\"><img loading=\"lazy\" decoding=\"async\" aria-describedby=\"caption-attachment-6628\" class=\"wp-image-6628 size-full\" src=\"http:\/\/8a.pl\/8academy\/wp-content\/uploads\/2016\/09\/Trawers-tuz\u0307-przed-szczytem-fot.-Paulina-Wierzbicka.jpg\" alt=\"wej\u015bcie na szczyt Elbrus\" width=\"1000\" height=\"650\" srcset=\"https:\/\/8a.pl\/8academy\/wp-content\/uploads\/2016\/09\/Trawers-tuz\u0307-przed-szczytem-fot.-Paulina-Wierzbicka.jpg 1000w, https:\/\/8a.pl\/8academy\/wp-content\/uploads\/2016\/09\/Trawers-tuz\u0307-przed-szczytem-fot.-Paulina-Wierzbicka-300x195.jpg 300w, https:\/\/8a.pl\/8academy\/wp-content\/uploads\/2016\/09\/Trawers-tuz\u0307-przed-szczytem-fot.-Paulina-Wierzbicka-768x499.jpg 768w\" sizes=\"(max-width: 1000px) 100vw, 1000px\" \/><p id=\"caption-attachment-6628\" class=\"wp-caption-text\">Trawers tuz\u0307 przed szczytem (fot. autorka)<\/p><\/div>\n<h2 style=\"text-align: center;\"><b>Kiedy zaplanowa\u0107 wypraw\u0119 na Elbrus?<\/b><\/h2>\n<p><span style=\"font-weight: 400;\">Elbrus po\u0142o\u017cony jest na podobnej szeroko\u015bci geograficznej co Pireneje na pograniczu Hiszpanii, Andory i Francji, jednak\u017ce panuje tu zupe\u0142nie odmienny, sro\u017cszy klimat. Temperatury ponad granic\u0105 wiecznego \u015bniegu, kt\u00f3ra znajduje si\u0119 tutaj wy\u017cej ni\u017c w Alpach, rzadko przekraczaj\u0105 0\u00b0C, dzi\u0119ki czemu warunki \u015bniegowe i lodowe s\u0105 doskona\u0142e, a r\u00f3wnie\u017c w ci\u0105gu dnia temperatura mo\u017ce spada\u0107 do zdradliwych \u2013 30\u00b0C. Najbardziej stabilna pogoda panuje w ko\u0144cu lipca i sierpnia, chocia\u017c nawet wtedy cz\u0119ste s\u0105 popo\u0142udniowe burze z piorunami i trafiaj\u0105 si\u0119 d\u0142u\u017csze okresy ulewnych deszcz\u00f3w i opad\u00f3w \u015bniegu. Elbrus, na kt\u00f3rym trudno znale\u017a\u0107 schronienie przed \u017cywio\u0142ami, s\u0142ynie z zimnych, gwa\u0142townych wichr\u00f3w i nag\u0142ych zmian pogody. Na rozleg\u0142ych jednolitych lodowych przestrzeniach przy z\u0142ej widoczno\u015bci mo\u017cna z \u0142atwo\u015bci\u0105 straci\u0107 orientacj\u0119, co jest bardzo niebezpieczne, gdy\u017c poza g\u0142\u00f3wnym szlakiem, lodowiec rozdzielaj\u0105 liczne g\u0142\u0119bokie szczeliny.<\/span><\/p>\n<div id=\"attachment_6629\" style=\"width: 1010px\" class=\"wp-caption aligncenter\"><img loading=\"lazy\" decoding=\"async\" aria-describedby=\"caption-attachment-6629\" class=\"wp-image-6629 size-full\" src=\"http:\/\/8a.pl\/8academy\/wp-content\/uploads\/2016\/09\/Szczeliny-na-lodowcu-na-szcze\u0328s\u0301cie-na-drodze-podejs\u0301cia-nie-us\u0301wiadczymy-ich-fot.-Paulina-Wierzbicka.jpg\" alt=\"Lodowiec szczeliny\" width=\"1000\" height=\"650\" srcset=\"https:\/\/8a.pl\/8academy\/wp-content\/uploads\/2016\/09\/Szczeliny-na-lodowcu-na-szcze\u0328s\u0301cie-na-drodze-podejs\u0301cia-nie-us\u0301wiadczymy-ich-fot.-Paulina-Wierzbicka.jpg 1000w, https:\/\/8a.pl\/8academy\/wp-content\/uploads\/2016\/09\/Szczeliny-na-lodowcu-na-szcze\u0328s\u0301cie-na-drodze-podejs\u0301cia-nie-us\u0301wiadczymy-ich-fot.-Paulina-Wierzbicka-300x195.jpg 300w, https:\/\/8a.pl\/8academy\/wp-content\/uploads\/2016\/09\/Szczeliny-na-lodowcu-na-szcze\u0328s\u0301cie-na-drodze-podejs\u0301cia-nie-us\u0301wiadczymy-ich-fot.-Paulina-Wierzbicka-768x499.jpg 768w\" sizes=\"(max-width: 1000px) 100vw, 1000px\" \/><p id=\"caption-attachment-6629\" class=\"wp-caption-text\">Szczeliny na lodowcu &#8211; na szcze\u0328s\u0301cie na drodze podejs\u0301cia ich nie spotkamy (fot. autorka)<\/p><\/div>\n<h2 style=\"text-align: center;\"><b>Elbrus &#8211; g\u00f3ra zbyt cz\u0119sto lekcewa\u017cona<\/b><\/h2>\n<p><span style=\"font-weight: 400;\">Zdobycie Elbrusu, wymagaj\u0105ce wytrzyma\u0142o\u015bci i aklimatyzacji, daje przysz\u0142ym posiadaczom Korony Ziemi przedsmak tego, co ich jeszcze czeka przy zdobywaniu kolejnych szczyt\u00f3w. Z technicznego punktu widzenia droga jest prosta, ale jej pokonanie zajmuje siedem do dziewi\u0119ciu godzin marszu ze schronu na siod\u0142o i kolejne dwie na szczyt, pokonuj\u0105c ponad 1000 metr\u00f3w przewy\u017cszenia. Kolejne kilka godzin nale\u017cy liczy\u0107 na zej\u015bcie. Sam atak szczytowy jest zatem bardzo forsownym przedsi\u0119wzi\u0119ciem. Ponadto, mimo \u017ce technicznie \u0142atwa, bo pozbawiona eksponowanych przej\u015b\u0107, przepa\u015bci czy barier skalnych, g\u00f3ra ta potrafi p\u0142ata\u0107 figle, zw\u0142aszcza pogodowe. A pogoda bywa tu niezwykle zmienna, z silnymi wiatrami i niskimi temperaturami. Nagromadzenie chmur i spadek widoczno\u015bci powoduje spore trudno\u015b\u0107 w orientacji na rozleg\u0142ych, ma\u0142o charakterystycznych stokach Elbrusu.<\/span><\/p>\n<div id=\"attachment_6632\" style=\"width: 1010px\" class=\"wp-caption aligncenter\"><img loading=\"lazy\" decoding=\"async\" aria-describedby=\"caption-attachment-6632\" class=\"wp-image-6632 size-full\" src=\"http:\/\/8a.pl\/8academy\/wp-content\/uploads\/2016\/09\/Spacer-aklimatyzacyjny-fot.-Paulina-Wierzbicka.jpg\" alt=\"Spacer aklimatyzacyjny Elbrus\" width=\"1000\" height=\"650\" srcset=\"https:\/\/8a.pl\/8academy\/wp-content\/uploads\/2016\/09\/Spacer-aklimatyzacyjny-fot.-Paulina-Wierzbicka.jpg 1000w, https:\/\/8a.pl\/8academy\/wp-content\/uploads\/2016\/09\/Spacer-aklimatyzacyjny-fot.-Paulina-Wierzbicka-300x195.jpg 300w, https:\/\/8a.pl\/8academy\/wp-content\/uploads\/2016\/09\/Spacer-aklimatyzacyjny-fot.-Paulina-Wierzbicka-768x499.jpg 768w\" sizes=\"(max-width: 1000px) 100vw, 1000px\" \/><p id=\"caption-attachment-6632\" class=\"wp-caption-text\">Spacer aklimatyzacyjny (fot. autorka)<\/p><\/div>\n<h2 style=\"text-align: center;\"><b>Wra\u017cenia estetyczne<\/b><\/h2>\n<p>Wybieraj\u0105c si\u0119 na Elbrus nie liczmy na bogate wra\u017cenia estetyczne.\u00a0<span style=\"font-weight: 400;\">Ca\u0142y krajobraz tej majestatycznej g\u00f3ry zosta\u0142 niestety oszpecony infrastruktur\u0105 turystyczn\u0105, nieumiej\u0119tnie rozplanowan\u0105 i zupe\u0142nie niezharmonizowan\u0105 z natur\u0105. Poza r\u00f3\u017cnorodno\u015bci\u0105 budynk\u00f3w rozsianych a\u017c po Ska\u0142y Pastuchowa na wysoko\u015bci 4800 m n.p.m., zauwa\u017cy\u0107 mo\u017cna manier\u0119 zostawiania przez turyst\u00f3w, a tak\u017ce tubylc\u00f3w, \u015bmieci, wrak\u00f3w aut i maszyn. Zw\u0142aszcza widoczne jest to przy j\u0119zorze lodowca, kt\u00f3ry wraz z wodami lodowca wyrzuca z siebie rokrocznie kilogramy odpad\u00f3w. Za nawarstwianie si\u0119 ha\u0142d \u015bmieci odpowiedzialne s\u0105 r\u00f3wnie\u017c \u017ale prowadzone schroniska. S\u0142ynny Prijut, kt\u00f3ry poprzednio by\u0142 baz\u0105 dla wybieraj\u0105cych si\u0119 na Elbrusa sp\u0142on\u0105\u0142 w 1998 roku, a jego ruiny sta\u0142y si\u0119 wysypiskiem \u015bmieci.<\/span><\/p>\n<h2 style=\"text-align: center;\"><b>Pieszo, na nartach czy\u2026 biegiem?<\/b><\/h2>\n<p><span style=\"font-weight: 400;\">Ze wzgl\u0119du na korzystne warunki \u015bniegowe warto pomy\u015ble\u0107 o zabraniu ze sob\u0105 <a href=\"https:\/\/8a.pl\/narty-skiturowe\" target=\"_blank\" rel=\"noopener noreferrer\">nart skiturowych<\/a>, zw\u0142aszcza gdy my\u015blimy o zdobywaniu szczytu z pocz\u0105tkiem sezonu, gdy pokrywa \u015bniegowa utrzymuje si\u0119 nawet w dolnej stacji kolejki u wylotu doliny. Dla prawdziwych koneser\u00f3w bieg\u00f3w g\u00f3rskich, warto wspomnie\u0107 o odbywaj\u0105cych si\u0119 tutaj zawodach biegowych: <strong>RedFox Elbrus Race<\/strong> w maju oraz<strong> International Elbrus Race<\/strong> we wrze\u015bniu (opis tego drugiego znajdziesz w artykule Anny Figury &#8220;<em>Elbrus Race &#8211; wy\u017cej w Europie nie pobiegniesz<\/em>&#8220;; bezpo\u015bredni link u do\u0142u strony, w sekcji <em>Zobacz r\u00f3wnie\u017c<\/em>). W obu przypadkach d\u0142ugo\u015b\u0107 trasy liczy zaledwie 13 km, ale 3242 metr\u00f3w przewy\u017cszenia! Z reszt\u0105 Polacy zaznaczyli swoj\u0105 obecno\u015b\u0107 na tych zawodach, bij\u0105c r\u00f3wnie\u017c rekord zdobycia szczytu w 3 godziny i 23 minuty. Nie wiem czy powinno dzia\u0142a\u0107 to mobilizuj\u0105co czy deprymuj\u0105co w obliczu klasycznego wchodzenia na szczyt, gdzie rekomendowane s\u0105 cztery dni trekkingu. <a href=\"https:\/\/8a.pl\/8academy\/co-zabrac-na-elbrus-sprzet\/\" target=\"_blank\" rel=\"noopener noreferrer\"><em>Przyk\u0142adowy sprz\u0119t na wypraw\u0119 na Elbrus opisa\u0142 w swoim artykule \u0141ukasz Supergan<\/em><\/a>.<\/span><\/p>\n<div id=\"attachment_6630\" style=\"width: 1010px\" class=\"wp-caption aligncenter\"><img loading=\"lazy\" decoding=\"async\" aria-describedby=\"caption-attachment-6630\" class=\"wp-image-6630 size-full\" title=\"g\u00f3ry Kaukaz szczyt Uszba\" src=\"https:\/\/8a.pl\/8academy\/wp-content\/uploads\/2016\/09\/Za-plecami-Kaukaz-z-go\u0301ruja\u0328ca\u0328-Uszba\u0328-fot.-Paulina-Wierzbicka.jpg\" alt=\"Za plecami Kaukaz z go\u0301ruja\u0328ca\u0328 Uszba\u0328\" width=\"1000\" height=\"650\" srcset=\"https:\/\/8a.pl\/8academy\/wp-content\/uploads\/2016\/09\/Za-plecami-Kaukaz-z-go\u0301ruja\u0328ca\u0328-Uszba\u0328-fot.-Paulina-Wierzbicka.jpg 1000w, https:\/\/8a.pl\/8academy\/wp-content\/uploads\/2016\/09\/Za-plecami-Kaukaz-z-go\u0301ruja\u0328ca\u0328-Uszba\u0328-fot.-Paulina-Wierzbicka-300x195.jpg 300w, https:\/\/8a.pl\/8academy\/wp-content\/uploads\/2016\/09\/Za-plecami-Kaukaz-z-go\u0301ruja\u0328ca\u0328-Uszba\u0328-fot.-Paulina-Wierzbicka-768x499.jpg 768w\" sizes=\"(max-width: 1000px) 100vw, 1000px\" \/><p id=\"caption-attachment-6630\" class=\"wp-caption-text\">Za plecami Kaukaz z go\u0301ruja\u0328ca\u0328 Uszba\u0328 (fot. autorka)<\/p><\/div>\n<p><span style=\"font-weight: 400;\">Bez wzgl\u0119du jednak na czas, w kt\u00f3rym uda nam si\u0119 dotrze\u0107 na szczyt wiedzmy, \u017ce czekaj\u0105ce na nas widoki oraz satysfakcja zdobycia \u201edachu Europy\u201d s\u0105 bezapelacyjnie warte takiego wysi\u0142ku!<\/span><\/p>\n","protected":false},"excerpt":{"rendered":"<p>Elbrus &#8211; g\u00f3ra, kt\u00f3ra z trudem wywalczy\u0142a swoj\u0105 pozycj\u0119 najwy\u017cszej g\u00f3ry w Europie, zostawiaj\u0105c w tyle Mont Blanc.\u00a0Elbrus &#8211; g\u00f3ra, kt\u00f3ra nie jest wybitnie urodziwa, a jednak trzeba j\u0105 zdoby\u0107 przymierzaj\u0105c si\u0119 do zrobienia Korony Ziemi.\u00a0W ko\u0144cu Elbrus jako alegoria Rosji &#8211; nie\u0142ad i poniek\u0105d absurd.<\/p>\n","protected":false},"author":17,"featured_media":21071,"comment_status":"open","ping_status":"open","sticky":false,"template":"","format":"standard","meta":{"_acf_changed":false,"_uf_show_specific_survey":0,"_uf_disable_surveys":false,"footnotes":""},"categories":[26070],"tags":[26104,26077,26085],"class_list":["post-6616","post","type-post","status-publish","format-standard","has-post-thumbnail","hentry","category-turystyka-trekking","tag-caloroczne","tag-przewodnik","tag-trekking"],"acf":[],"yoast_head":"<!-- This site is optimized with the Yoast SEO Premium plugin v23.4 (Yoast SEO v25.5) - https:\/\/yoast.com\/wordpress\/plugins\/seo\/ -->\n<title>Elbrus 5642m - g\u00f3ra konkurent Mont Blanc w koronie ziemi<\/title>\n<meta name=\"description\" content=\"Elbrus - g\u00f3ra, kt\u00f3ra z trudem wywalczy\u0142a swoj\u0105 pozycj\u0119. Niespecjalnie urodziwa, a jednak trzeba j\u0105 zdoby\u0107 przymierzaj\u0105c si\u0119 do Korony Ziemi.\" \/>\n<meta name=\"robots\" content=\"index, follow, max-snippet:-1, max-image-preview:large, max-video-preview:-1\" \/>\n<link rel=\"canonical\" href=\"https:\/\/8a.pl\/8academy\/elbrus-konkurent-mont-blanc-w-koronie-ziemi\/\" \/>\n<meta property=\"og:locale\" content=\"pl_PL\" \/>\n<meta property=\"og:type\" content=\"article\" \/>\n<meta property=\"og:title\" content=\"Elbrus - konkurent Mont Blanc w Koronie Ziemi\" \/>\n<meta property=\"og:description\" content=\"Elbrus - g\u00f3ra, kt\u00f3ra z trudem wywalczy\u0142a swoj\u0105 pozycj\u0119 najwy\u017cszej g\u00f3ry w Europie, zostawiaj\u0105c w tyle Mont Blanc. Elbrus - g\u00f3ra, kt\u00f3ra nie jest wybitnie urodziwa, a jednak trzeba j\u0105 zdoby\u0107 przymierzaj\u0105c si\u0119 do zrobienia Korony Ziemi. W ko\u0144cu Elbrus jako alegoria Rosji - nie\u0142ad i poniek\u0105d absurd.\" \/>\n<meta property=\"og:url\" content=\"https:\/\/8a.pl\/8academy\/elbrus-konkurent-mont-blanc-w-koronie-ziemi\/\" \/>\n<meta property=\"og:site_name\" content=\"8academy.pl - portal g\u00f3rski i wspinaczkowy dla aktywnych\" \/>\n<meta property=\"article:publisher\" content=\"https:\/\/pl-pl.facebook.com\/sklep8apl\/\" \/>\n<meta property=\"article:published_time\" content=\"2016-10-02T07:17:32+00:00\" \/>\n<meta property=\"article:modified_time\" content=\"2024-05-19T22:04:52+00:00\" \/>\n<meta property=\"og:image\" content=\"http:\/\/8a.pl\/8academy\/wp-content\/uploads\/2016\/10\/Infrastruktura-elbrus-fot.-Paulina-Wierzbicka.jpg\" \/>\n\t<meta property=\"og:image:width\" content=\"1200\" \/>\n\t<meta property=\"og:image:height\" content=\"630\" \/>\n\t<meta property=\"og:image:type\" content=\"image\/jpeg\" \/>\n<meta name=\"author\" content=\"Paulina Wierzbicka\" \/>\n<meta name=\"twitter:card\" content=\"summary_large_image\" \/>\n<meta name=\"twitter:title\" content=\"Elbrus - konkurent Mont Blanc w Koronie Ziemi\" \/>\n<meta name=\"twitter:label1\" content=\"Napisane przez\" \/>\n\t<meta name=\"twitter:data1\" content=\"Paulina Wierzbicka\" \/>\n\t<meta name=\"twitter:label2\" content=\"Szacowany czas czytania\" \/>\n\t<meta name=\"twitter:data2\" content=\"8 minut\" \/>\n<!-- \/ Yoast SEO Premium plugin. -->","yoast_head_json":{"title":"Elbrus 5642m - g\u00f3ra konkurent Mont Blanc w koronie ziemi","description":"Elbrus - g\u00f3ra, kt\u00f3ra z trudem wywalczy\u0142a swoj\u0105 pozycj\u0119. Niespecjalnie urodziwa, a jednak trzeba j\u0105 zdoby\u0107 przymierzaj\u0105c si\u0119 do Korony Ziemi.","robots":{"index":"index","follow":"follow","max-snippet":"max-snippet:-1","max-image-preview":"max-image-preview:large","max-video-preview":"max-video-preview:-1"},"canonical":"https:\/\/8a.pl\/8academy\/elbrus-konkurent-mont-blanc-w-koronie-ziemi\/","og_locale":"pl_PL","og_type":"article","og_title":"Elbrus - konkurent Mont Blanc w Koronie Ziemi","og_description":"Elbrus - g\u00f3ra, kt\u00f3ra z trudem wywalczy\u0142a swoj\u0105 pozycj\u0119 najwy\u017cszej g\u00f3ry w Europie, zostawiaj\u0105c w tyle Mont Blanc. Elbrus - g\u00f3ra, kt\u00f3ra nie jest wybitnie urodziwa, a jednak trzeba j\u0105 zdoby\u0107 przymierzaj\u0105c si\u0119 do zrobienia Korony Ziemi. W ko\u0144cu Elbrus jako alegoria Rosji - nie\u0142ad i poniek\u0105d absurd.","og_url":"https:\/\/8a.pl\/8academy\/elbrus-konkurent-mont-blanc-w-koronie-ziemi\/","og_site_name":"8academy.pl - portal g\u00f3rski i wspinaczkowy dla aktywnych","article_publisher":"https:\/\/pl-pl.facebook.com\/sklep8apl\/","article_published_time":"2016-10-02T07:17:32+00:00","article_modified_time":"2024-05-19T22:04:52+00:00","og_image":[{"width":1200,"height":630,"url":"http:\/\/8a.pl\/8academy\/wp-content\/uploads\/2016\/10\/Infrastruktura-elbrus-fot.-Paulina-Wierzbicka.jpg","type":"image\/jpeg"}],"author":"Paulina Wierzbicka","twitter_card":"summary_large_image","twitter_title":"Elbrus - konkurent Mont Blanc w Koronie Ziemi","twitter_misc":{"Napisane przez":"Paulina Wierzbicka","Szacowany czas czytania":"8 minut"},"schema":{"@context":"https:\/\/schema.org","@graph":[{"@type":"Article","@id":"https:\/\/8a.pl\/8academy\/elbrus-konkurent-mont-blanc-w-koronie-ziemi\/#article","isPartOf":{"@id":"https:\/\/8a.pl\/8academy\/elbrus-konkurent-mont-blanc-w-koronie-ziemi\/"},"author":{"name":"Paulina Wierzbicka","@id":"https:\/\/8a.pl\/8academy\/#\/schema\/person\/feee19519cca7c52e23ea3e36b03de7a"},"headline":"Elbrus &#8211; konkurent Mont Blanc w Koronie Ziemi","datePublished":"2016-10-02T07:17:32+00:00","dateModified":"2024-05-19T22:04:52+00:00","mainEntityOfPage":{"@id":"https:\/\/8a.pl\/8academy\/elbrus-konkurent-mont-blanc-w-koronie-ziemi\/"},"wordCount":1668,"commentCount":0,"publisher":{"@id":"https:\/\/8a.pl\/8academy\/#organization"},"image":{"@id":"https:\/\/8a.pl\/8academy\/elbrus-konkurent-mont-blanc-w-koronie-ziemi\/#primaryimage"},"thumbnailUrl":"https:\/\/8a.pl\/8academy\/wp-content\/uploads\/2016\/10\/Elbrus-1-1.jpg","keywords":["Ca\u0142oroczne","Przewodnik","Trekking"],"articleSection":["Turystyka \/ trekking"],"inLanguage":"pl-PL","potentialAction":[{"@type":"CommentAction","name":"Comment","target":["https:\/\/8a.pl\/8academy\/elbrus-konkurent-mont-blanc-w-koronie-ziemi\/#respond"]}]},{"@type":"WebPage","@id":"https:\/\/8a.pl\/8academy\/elbrus-konkurent-mont-blanc-w-koronie-ziemi\/","url":"https:\/\/8a.pl\/8academy\/elbrus-konkurent-mont-blanc-w-koronie-ziemi\/","name":"Elbrus 5642m - g\u00f3ra konkurent Mont Blanc w koronie ziemi","isPartOf":{"@id":"https:\/\/8a.pl\/8academy\/#website"},"primaryImageOfPage":{"@id":"https:\/\/8a.pl\/8academy\/elbrus-konkurent-mont-blanc-w-koronie-ziemi\/#primaryimage"},"image":{"@id":"https:\/\/8a.pl\/8academy\/elbrus-konkurent-mont-blanc-w-koronie-ziemi\/#primaryimage"},"thumbnailUrl":"https:\/\/8a.pl\/8academy\/wp-content\/uploads\/2016\/10\/Elbrus-1-1.jpg","datePublished":"2016-10-02T07:17:32+00:00","dateModified":"2024-05-19T22:04:52+00:00","description":"Elbrus - g\u00f3ra, kt\u00f3ra z trudem wywalczy\u0142a swoj\u0105 pozycj\u0119. Niespecjalnie urodziwa, a jednak trzeba j\u0105 zdoby\u0107 przymierzaj\u0105c si\u0119 do Korony Ziemi.","breadcrumb":{"@id":"https:\/\/8a.pl\/8academy\/elbrus-konkurent-mont-blanc-w-koronie-ziemi\/#breadcrumb"},"inLanguage":"pl-PL","potentialAction":[{"@type":"ReadAction","target":["https:\/\/8a.pl\/8academy\/elbrus-konkurent-mont-blanc-w-koronie-ziemi\/"]}]},{"@type":"ImageObject","inLanguage":"pl-PL","@id":"https:\/\/8a.pl\/8academy\/elbrus-konkurent-mont-blanc-w-koronie-ziemi\/#primaryimage","url":"https:\/\/8a.pl\/8academy\/wp-content\/uploads\/2016\/10\/Elbrus-1-1.jpg","contentUrl":"https:\/\/8a.pl\/8academy\/wp-content\/uploads\/2016\/10\/Elbrus-1-1.jpg","width":1000,"height":750,"caption":"wej\u015bcie na Elbrus"},{"@type":"BreadcrumbList","@id":"https:\/\/8a.pl\/8academy\/elbrus-konkurent-mont-blanc-w-koronie-ziemi\/#breadcrumb","itemListElement":[{"@type":"ListItem","position":1,"name":"Strona g\u0142\u00f3wna","item":"https:\/\/8a.pl\/8academy\/"},{"@type":"ListItem","position":2,"name":"Elbrus &#8211; konkurent Mont Blanc w Koronie Ziemi"}]},{"@type":"WebSite","@id":"https:\/\/8a.pl\/8academy\/#website","url":"https:\/\/8a.pl\/8academy\/","name":"8academy.pl - portal g\u00f3rski i wspinaczkowy dla aktywnych","description":"8academy to portal g\u00f3rski o wspinaczce, trekkingu i skiturach. Znajdziesz tu porady, testy sprz\u0119tu i opisy najlepszych rejon\u00f3w. Inspirujemy zdobywc\u00f3w!","publisher":{"@id":"https:\/\/8a.pl\/8academy\/#organization"},"potentialAction":[{"@type":"SearchAction","target":{"@type":"EntryPoint","urlTemplate":"https:\/\/8a.pl\/8academy\/?s={search_term_string}"},"query-input":{"@type":"PropertyValueSpecification","valueRequired":true,"valueName":"search_term_string"}}],"inLanguage":"pl-PL"},{"@type":"Organization","@id":"https:\/\/8a.pl\/8academy\/#organization","name":"8academy.pl - portal g\u00f3rski i wspinaczkowy dla aktywnych","url":"https:\/\/8a.pl\/8academy\/","logo":{"@type":"ImageObject","inLanguage":"pl-PL","@id":"https:\/\/8a.pl\/8academy\/#\/schema\/logo\/image\/","url":"https:\/\/8a.pl\/8academy\/wp-content\/uploads\/2015\/11\/logo.png","contentUrl":"https:\/\/8a.pl\/8academy\/wp-content\/uploads\/2015\/11\/logo.png","width":438,"height":315,"caption":"8academy.pl - portal g\u00f3rski i wspinaczkowy dla aktywnych"},"image":{"@id":"https:\/\/8a.pl\/8academy\/#\/schema\/logo\/image\/"},"sameAs":["https:\/\/pl-pl.facebook.com\/sklep8apl\/","https:\/\/www.instagram.com\/8apl\/"]},{"@type":"Person","@id":"https:\/\/8a.pl\/8academy\/#\/schema\/person\/feee19519cca7c52e23ea3e36b03de7a","name":"Paulina Wierzbicka","image":{"@type":"ImageObject","inLanguage":"pl-PL","@id":"https:\/\/8a.pl\/8academy\/#\/schema\/person\/image\/","url":"https:\/\/8a.pl\/8academy\/wp-content\/uploads\/2017\/10\/unnamed-1-150x150-min.jpg","contentUrl":"https:\/\/8a.pl\/8academy\/wp-content\/uploads\/2017\/10\/unnamed-1-150x150-min.jpg","caption":"Paulina Wierzbicka"},"description":"Speleolog, kt\u00f3ry nie przepada za eksploracj\u0105, rekreacyjny taternik, niedzielny biegacz, okazjonalny kanioningowiec, sezonowy skiturowiec. Urz\u0119das, pilot wycieczek, ratownik WOPR, animator czasu wolnego. Z bran\u017c\u0105 outdoorow\u0105 zwi\u0105zana wieloletnim do\u015bwiadczeniem zawodowym oraz jeszcze d\u0142u\u017cej trwaj\u0105c\u0105 pasj\u0105. Absolwentka AWF im. E. Piaseckiego w Poznaniu. Cz\u0142onek Speleoklubu D\u0105browa G\u00f3rnicza, z przewag\u0105 dzia\u0142alno\u015bci powierzchniowej na swym koncie. Autorka bloga pollyenespana.blogspot.com, kt\u00f3ry z rzeczon\u0105 Espa\u00f1\u0105 od d\u0142u\u017cszego czasu nie ma nic wsp\u00f3lnego, a wi\u0119cej traktuje o wypadach, wyprawach, pasji do aktywnego trybu \u017cycia i klasycznych weekendowych getaway\u2019ach.","url":"https:\/\/8a.pl\/8academy\/author\/polly-wierzbicka\/"}]}},"_links":{"self":[{"href":"https:\/\/8a.pl\/8academy\/wp-json\/wp\/v2\/posts\/6616","targetHints":{"allow":["GET"]}}],"collection":[{"href":"https:\/\/8a.pl\/8academy\/wp-json\/wp\/v2\/posts"}],"about":[{"href":"https:\/\/8a.pl\/8academy\/wp-json\/wp\/v2\/types\/post"}],"author":[{"embeddable":true,"href":"https:\/\/8a.pl\/8academy\/wp-json\/wp\/v2\/users\/17"}],"replies":[{"embeddable":true,"href":"https:\/\/8a.pl\/8academy\/wp-json\/wp\/v2\/comments?post=6616"}],"version-history":[{"count":1,"href":"https:\/\/8a.pl\/8academy\/wp-json\/wp\/v2\/posts\/6616\/revisions"}],"predecessor-version":[{"id":69379,"href":"https:\/\/8a.pl\/8academy\/wp-json\/wp\/v2\/posts\/6616\/revisions\/69379"}],"wp:featuredmedia":[{"embeddable":true,"href":"https:\/\/8a.pl\/8academy\/wp-json\/wp\/v2\/media\/21071"}],"wp:attachment":[{"href":"https:\/\/8a.pl\/8academy\/wp-json\/wp\/v2\/media?parent=6616"}],"wp:term":[{"taxonomy":"category","embeddable":true,"href":"https:\/\/8a.pl\/8academy\/wp-json\/wp\/v2\/categories?post=6616"},{"taxonomy":"post_tag","embeddable":true,"href":"https:\/\/8a.pl\/8academy\/wp-json\/wp\/v2\/tags?post=6616"}],"curies":[{"name":"wp","href":"https:\/\/api.w.org\/{rel}","templated":true}]}}