{"id":66135,"date":"2023-11-17T07:40:41","date_gmt":"2023-11-17T06:40:41","guid":{"rendered":"https:\/\/8a.pl\/8academy\/?p=66135"},"modified":"2023-12-13T15:27:04","modified_gmt":"2023-12-13T14:27:04","slug":"plecaki-deuter-nowosci-na-sezon-2023-2024","status":"publish","type":"post","link":"https:\/\/8a.pl\/8academy\/plecaki-deuter-nowosci-na-sezon-2023-2024\/","title":{"rendered":"Plecaki Deuter &#8211; nowo\u015bci na sezon 2023\/2024"},"content":{"rendered":"\n<p class=\"wp-block-paragraph\">Niemiecka marka <a href=\"https:\/\/8a.pl\/deuter\" target=\"_blank\" rel=\"noreferrer noopener\">Deuter<\/a> przyzwyczai\u0142a nas do jako\u015bci. Ka\u017cdy kto mia\u0142 kiedy\u015b plecak Deutera wie, \u017ce to mercedes w\u015br\u00f3d plecak\u00f3w. Perfekcyjnie zaprojektowane, \u015bwietnie wykonane, pe\u0142ne nowatorskich rozwi\u0105za\u0144, niezwykle trwa\u0142e. W tym sezonie zimowym Deuter wprowadza na rynek kilka nowo\u015bci: Deuter Updays 24 SL, Deuter Alproof Tour 36 + 5 SL, Deuter Futura Pro Jaypack 36. Ka\u017cdy z nich to wyj\u0105tkowa, innowacyjna propozycja. Zobaczmy zatem co kryj\u0105 wn\u0119trza wymienionych plecak\u00f3w. <\/p>\n\n\n\n<h2 class=\"wp-block-heading\" id=\"h-plecak-skiturowy-deuter-updays-24-sl\">Plecak skiturowy Deuter Updays 24 SL<\/h2>\n\n\n\n<p class=\"wp-block-paragraph\">Sezon skiturowy ju\u017c za pasem, w Tatrach mamy ju\u017c porz\u0105dny podk\u0142ad, zima zapowiada si\u0119 dobrze. Czas zatem wybra\u0107 plecak skiturowy. I tu marka Deuter proponuje nowy model &#8211; <a href=\"https:\/\/8a.pl\/plecak-skiturowy-deuter-updays-24-sl-black\" target=\"_blank\" rel=\"noreferrer noopener\">Deuter Updays 24 SL<\/a>. Generalnie rzecz bior\u0105c, to lekki plecak skiturowy na szybkie wypady w stylu light &#8216;n&#8217; fast. Niewielka pojemno\u015b\u0107 &#8211; 24L pozwala nam zabra\u0107 jedynie to co najwa\u017cniejsze. Updays ma klasyczn\u0105 konstrukcj\u0119 plecaka skiturowego z komor\u0105 frontow\u0105 przeznaczon\u0105 na zestaw ABC oraz g\u0142\u00f3wn\u0105 na dodatkow\u0105 odzie\u017c czy termos. Poza tym wszystko co plecak skiturowy powinien mie\u0107 czyli miejsce na buk\u0142ak, mocowania na czekan i kask, pas piersiowy z gwizdkiem, zdejmowane mocowanie do nart typu quick-fix, kt\u00f3re umo\u017cliwia przytroczenie nart bez zdejmowania plecaka. Oznaczenie SL podpowiada, \u017ce plecak ten jest dedykowany dla kobiet. System no\u015bny jest specjalnie wyprofilowany i dostosowany do kobiecej sylwetki.<\/p>\n\n\n\n<p class=\"wp-block-paragraph\">Wszystko to jednak wykonane jest w wersji niezwykle minimalistycznej. Efekt?  &#8211; Deuter Updays 24 SL jedynie&#8230; 680 g! co wi\u0119cej, mo\u017cna j\u0105 zredukowa\u0107 a\u017c do 560 g. To prawie nic! <\/p>\n\n\n\n<p class=\"wp-block-paragraph\"><\/p>\n\n\n<div class=\"wp-block-image\">\n<figure class=\"aligncenter size-full\"><img fetchpriority=\"high\" decoding=\"async\" width=\"600\" height=\"900\" src=\"https:\/\/8a.pl\/8academy\/wp-content\/uploads\/2023\/11\/Deuter_Updays_24_SL___black_6366_d7c8.jpg\" alt=\"\" class=\"wp-image-66137\" srcset=\"https:\/\/8a.pl\/8academy\/wp-content\/uploads\/2023\/11\/Deuter_Updays_24_SL___black_6366_d7c8.jpg 600w, https:\/\/8a.pl\/8academy\/wp-content\/uploads\/2023\/11\/Deuter_Updays_24_SL___black_6366_d7c8-200x300.jpg 200w\" sizes=\"(max-width: 600px) 100vw, 600px\" \/><figcaption class=\"wp-element-caption\">Deuter Updays 24 SL to jeden z najl\u017cejszych plecak\u00f3w skiturowych na rynku (fot. Deuter)<\/figcaption><\/figure>\n<\/div>\n\n\n<h2 class=\"wp-block-heading\" id=\"h-plecak-deuter-futura-pro-jaypack-36\">Plecak Deuter Futura Pro Jaypack 36<\/h2>\n\n\n\n<p class=\"wp-block-paragraph\">To tak naprawd\u0119 nie jest nowo\u015b\u0107 tego sezonu w katalogu marki. <a href=\"https:\/\/8a.pl\/plecak-deuter-futura-pro-jaypack-36-marine-navy\" target=\"_blank\" rel=\"noreferrer noopener\">Deuter Futura Pro Jaypack 36<\/a> jest za to nowo\u015bci\u0105 w naszym sklepie. Ten plecak to propozycja dla tych, kt\u00f3rzy \u0142\u0105cz\u0105 trekking z fotografi\u0105. Z zewn\u0105trz Deuter Futura Pro Jaypack 36 to niby zwyk\u0142y plecak trekkingowy jakich wiele na rynku. Oczywi\u015bcie, jak przysta\u0142o na mark\u0119 Deuter, dopracowany w ka\u017cdym calu. Mamy wi\u0119c wszystko co taki plecak mie\u0107 powinien, co znamy z innych plecak\u00f3w Deutera: system no\u015bny Deuter Aircomfort z siatk\u0105 wentylacyjn\u0105, pas biodrowy VariFlex ECL, kt\u00f3ry pod\u0105\u017ca za ruchami cia\u0142a, pasy ramienne ActiveFit zapewniaj\u0105ce indywidualne dopasowanie, miejsce na buk\u0142ak, pokrowiec przeciwdeszczowy oraz troczki daj\u0105ce mo\u017cliwo\u015b\u0107 mocowania wszelakiego sprz\u0119tu. <\/p>\n\n\n\n<p class=\"wp-block-paragraph\">Ale to co wyr\u00f3\u017cnia Deuter Futura Pro Jaypack 36 to wn\u0119trze. Gdy otworzymy g\u0142\u00f3wn\u0105 komor\u0119 od frontu uka\u017ce si\u0119 nam prawdziwy plecak&#8230; fotograficzny. Wewn\u0105trz znajduje si\u0119 pokrowiec na aparat fotograficzny Deuter Camera Box Two. Etui to jest wy\u015bcielone mi\u0119kkim materia\u0142em, kt\u00f3ry zabezpiecza Tw\u00f3j sprz\u0119t przed uszkodzeniami podczas transportu. Liczne przegrody mo\u017cna dopasowa\u0107 do wielko\u015bci aparatu i liczby akcesori\u00f3w. Pokrowiec swobodnie pomie\u015bci du\u017ce body lustrzanki lub bezlusterkowca, trzy obiektywy i kilka akcesori\u00f3w. To rozwi\u0105zanie czyni z Deuter Futura Pro Jaypack 36 w pe\u0142ni profesjonalny plecak fotograficzny. \u015awietnym rozwi\u0105zaniem jest r\u00f3wnie\u017c boczna kiesze\u0144 na dodatkowe akcesoria fotograficzne. Co wygodne, pokrowiec Deuter Camera Box Two mo\u017cna zdemontowa\u0107 i u\u017cywa\u0107 oddzielnie. Sam plecak g\u0142\u00f3wny staje si\u0119 wtedy lekkim plecakiem trekkingowym. <\/p>\n\n\n\n<p class=\"wp-block-paragraph\"><\/p>\n\n\n<div class=\"wp-block-image\">\n<figure class=\"aligncenter size-full\"><img decoding=\"async\" width=\"600\" height=\"900\" src=\"https:\/\/8a.pl\/8academy\/wp-content\/uploads\/2023\/11\/Untitled-1.jpg\" alt=\"\" class=\"wp-image-66138\" srcset=\"https:\/\/8a.pl\/8academy\/wp-content\/uploads\/2023\/11\/Untitled-1.jpg 600w, https:\/\/8a.pl\/8academy\/wp-content\/uploads\/2023\/11\/Untitled-1-200x300.jpg 200w\" sizes=\"(max-width: 600px) 100vw, 600px\" \/><figcaption class=\"wp-element-caption\">Deuter Futura Pro Jaypack 36 to plecak hybrydowy &#8211; po\u0142\u0105czenie plecaka trekkingowego i fotograficznego (fot. Deuter)<\/figcaption><\/figure>\n<\/div>\n\n\n<h2 class=\"wp-block-heading\" id=\"h-plecak-lawinowy-deuter-alproof-tour-36-5-sl\">Plecak lawinowy Deuter Alproof Tour 36 + 5 SL<\/h2>\n\n\n\n<p class=\"wp-block-paragraph\">Na deser najwa\u017cniejsza tegoroczna premiera od marki Deuter &#8211; plecak lawinowy <a href=\"https:\/\/8a.pl\/plecak-lawinowy-deuter-alproof-tour-36-5-sl-redwood-black\" target=\"_blank\" rel=\"noreferrer noopener\">Deuter Alproof Tour 36+5 SL<\/a>. Sprz\u0119t ten zosta\u0142 nagrodzony na targach ISPO. Dlaczego? Dawno nie by\u0142o nowo\u015bci w segmencie plecak\u00f3w lawinowych. A po marce Deuter mo\u017cna si\u0119 spodziewa\u0107 jedynie tego co najlepsze. Alproof Tour to najwy\u017csza p\u00f3\u0142ka plecak\u00f3w lawinowych &#8211; niezwykle precyzyjnie zaprojektowany, innowacyjny i funkcjonalny. W ko\u0144cu mamy przecie\u017c do czynienia ze sprz\u0119tem, kt\u00f3ry ma ratowa\u0107 \u017cycie w g\u00f3rach. Na czym polega fenomen tego plecaka? <\/p>\n\n\n\n<p class=\"wp-block-paragraph\">Zacznijmy od konstrukcji. Pojemno\u015b\u0107 36L to idealna wielko\u015b\u0107 dla plecaka lawinowego. Mniejsze s\u0105 nieco dysfunkcyjne, zw\u0142aszcza na wypad kilkudniowy, wi\u0119ksze za\u015b b\u0119d\u0105 przeszkadza\u0107 w swobodnej je\u017adzie. Plecak ma klasyczny, dwukomorowy uk\u0142ad znany cho\u0107by ze \u015bwietnej serii Freerider. W komorze g\u0142\u00f3wnej zmie\u015bcimy podr\u0119czny sprz\u0119t i dodatkow\u0105 odzie\u017c czy termos. W komorze frontowej zaprojektowano miejsce na lawinowe ABC &#8211; sond\u0119 i \u0142opat\u0119. Bardzo wygodnym rozwi\u0105zaniem jest mo\u017cliwo\u015b\u0107 ca\u0142kowitego rozpi\u0119cia g\u0142\u00f3wnej komory. Plecak rozk\u0142ada si\u0119 wtedy niczym ksi\u0105\u017cka a my uzyskujemy \u0142atwy dost\u0119p do jego zawarto\u015bci. Przydatnym rozwi\u0105zaniem jest mo\u017cliwo\u015b\u0107 powi\u0119kszenia pojemno\u015bci plecaka o dodatkowe 5L &#8211; bezcenne miejsce na r\u0119kawiczki, gogle czy ma\u0142y aparat fotograficzny. <\/p>\n\n\n\n<p class=\"wp-block-paragraph\">Deuter Alproof Tour 36+5 SL posiada mo\u017cliwo\u015b\u0107 troczenia zar\u00f3wno nart jak i snowboardu. Narty mo\u017cna zamocowa\u0107 diagonalnie (uko\u015bnie) za pomoc\u0105 troczka na froncie plecaka, lub pionowo za pomoc\u0105 bocznych trok\u00f3w. Z \u0142atwo\u015bci\u0105 przymocowujemy te\u017c czekan, kask. lin\u0119 a do \u015brodka w\u0142o\u017cymy system hydratacyjny. Ale to wszystko s\u0105 oczywisto\u015bci gdy m\u00f3wimy o plecakach skiturowych i lawinowych. <\/p>\n\n\n\n<p class=\"wp-block-paragraph\">Sercem plecaka Deuter Alproof Tour 36+5 SL jest system lawinowy Alpride E2. To elektryczne rozwi\u0105zanie oparte jest na superkondensatorze, kt\u00f3ry mo\u017cna na\u0142adowa\u0107 za pomoc\u0105 \u0142adowarki lub powerbanka. Po odpaleniu system w zale\u017cno\u015bci od warunk\u00f3w potrzebuje od 20 do 40 minut, aby by\u0107 ponownie gotowy do u\u017cycia. O gotowo\u015bci informuj\u0105 diody, kt\u00f3re mo\u017cna zobaczy\u0107 nawet gdy plecak jest zamkni\u0119ty. System informacji o gotowo\u015bci jest intuicyjny i \u0142atwo go opanowa\u0107. Przewag\u0105 tego systemu jest jego lekko\u015b\u0107 &#8211; ca\u0142o\u015b\u0107 wa\u017cy ok. 1140 g. Sam kondensator jest o 40% mniejszy ni\u017c jego poprzednik i zajmuje 1.19 litra, co wp\u0142ywa na pojemno\u015b\u0107 plecaka. Dodatkowo poduszka posiada 162 litry obj\u0119to\u015bci. R\u0105czka do odpalania systemu mo\u017ce by\u0107 umieszczona zar\u00f3wno w prawym jak w lewym pasie ramiennym w zale\u017cno\u015bci od preferencji u\u017cytkownika. Jest zabezpieczona w przypadku transportu w kieszonce z przodu pasa. Plecak z tym systemem mo\u017cna zabiera\u0107 jako baga\u017c podr\u0119czny do samolot\u00f3w. <\/p>\n\n\n\n<p class=\"wp-block-paragraph\">Czy ten plecak ma jakie\u015b s\u0142abe punkty? Wygl\u0105da na to, \u017ce tylko jeden &#8211; cen\u0119. <\/p>\n\n\n\n<p class=\"wp-block-paragraph\"><\/p>\n\n\n<div class=\"wp-block-image\">\n<figure class=\"aligncenter size-full\"><img decoding=\"async\" width=\"600\" height=\"900\" src=\"https:\/\/8a.pl\/8academy\/wp-content\/uploads\/2023\/11\/Deuter_Alproof_Tour_36___5_SL___redwood_black_6345_17ff.jpg\" alt=\"\" class=\"wp-image-66136\" srcset=\"https:\/\/8a.pl\/8academy\/wp-content\/uploads\/2023\/11\/Deuter_Alproof_Tour_36___5_SL___redwood_black_6345_17ff.jpg 600w, https:\/\/8a.pl\/8academy\/wp-content\/uploads\/2023\/11\/Deuter_Alproof_Tour_36___5_SL___redwood_black_6345_17ff-200x300.jpg 200w\" sizes=\"(max-width: 600px) 100vw, 600px\" \/><figcaption class=\"wp-element-caption\">Deuter Alproof Tour 36+5 SL z elektrycznym systemem Alpride E2 (fot. Deuter)<\/figcaption><\/figure>\n<\/div>","protected":false},"excerpt":{"rendered":"<p>W katalogu firmy Deuter na nadchodz\u0105cy sezon nie znajdziemy zbyt wiele nowo\u015bci. Ale na te kilka zdecydowanie warto zwr\u00f3ci\u0107 uwag\u0119!<\/p>\n","protected":false},"author":7,"featured_media":66141,"comment_status":"closed","ping_status":"closed","sticky":false,"template":"","format":"standard","meta":{"_acf_changed":false,"_uf_show_specific_survey":0,"_uf_disable_surveys":false,"footnotes":""},"categories":[26071],"tags":[26086,26069,26097,26084],"class_list":["post-66135","post","type-post","status-publish","format-standard","has-post-thumbnail","hentry","category-alpinizm","tag-alpinizm","tag-poradnik","tag-skitouring","tag-zima"],"acf":[],"yoast_head":"<!-- This site is optimized with the Yoast SEO Premium plugin v23.4 (Yoast SEO v25.5) - https:\/\/yoast.com\/wordpress\/plugins\/seo\/ -->\n<title>Plecaki Deuter - nowo\u015bci na sezon 2023\/2024 | 8academy<\/title>\n<meta name=\"description\" content=\"Prezentujemy nowo\u015bci niemieckiej marki Deuter na sezon zimowy 2023\/2024: Deuter Updays, Deuter Alproof, Deuter Futura Pro Jaypack.\" \/>\n<meta name=\"robots\" content=\"index, follow, max-snippet:-1, max-image-preview:large, max-video-preview:-1\" \/>\n<link rel=\"canonical\" href=\"https:\/\/8a.pl\/8academy\/plecaki-deuter-nowosci-na-sezon-2023-2024\/\" \/>\n<meta property=\"og:locale\" content=\"pl_PL\" \/>\n<meta property=\"og:type\" content=\"article\" \/>\n<meta property=\"og:title\" content=\"Plecaki Deuter - nowo\u015bci na sezon 2023\/2024\" \/>\n<meta property=\"og:description\" content=\"Prezentujemy nowo\u015bci niemieckiej marki Deuter na sezon zimowy 2023\/2024: Deuter Updays, Deuter Alproof, Deuter Futura Pro Jaypack.\" \/>\n<meta property=\"og:url\" content=\"https:\/\/8a.pl\/8academy\/plecaki-deuter-nowosci-na-sezon-2023-2024\/\" \/>\n<meta property=\"og:site_name\" content=\"8academy.pl - portal g\u00f3rski i wspinaczkowy dla aktywnych\" \/>\n<meta property=\"article:publisher\" content=\"https:\/\/pl-pl.facebook.com\/sklep8apl\/\" \/>\n<meta property=\"article:published_time\" content=\"2023-11-17T06:40:41+00:00\" \/>\n<meta property=\"article:modified_time\" content=\"2023-12-13T14:27:04+00:00\" \/>\n<meta property=\"og:image\" content=\"http:\/\/8a.pl\/8academy\/wp-content\/uploads\/2023\/11\/8ACADEMY_FB_-5.jpg\" \/>\n\t<meta property=\"og:image:width\" content=\"1200\" \/>\n\t<meta property=\"og:image:height\" content=\"628\" \/>\n\t<meta property=\"og:image:type\" content=\"image\/jpeg\" \/>\n<meta name=\"author\" content=\"Redakcja 8Academy\" \/>\n<meta name=\"twitter:card\" content=\"summary_large_image\" \/>\n<meta name=\"twitter:label1\" content=\"Napisane przez\" \/>\n\t<meta name=\"twitter:data1\" content=\"Redakcja 8Academy\" \/>\n\t<meta name=\"twitter:label2\" content=\"Szacowany czas czytania\" \/>\n\t<meta name=\"twitter:data2\" content=\"7 minut\" \/>\n<!-- \/ Yoast SEO Premium plugin. -->","yoast_head_json":{"title":"Plecaki Deuter - nowo\u015bci na sezon 2023\/2024 | 8academy","description":"Prezentujemy nowo\u015bci niemieckiej marki Deuter na sezon zimowy 2023\/2024: Deuter Updays, Deuter Alproof, Deuter Futura Pro Jaypack.","robots":{"index":"index","follow":"follow","max-snippet":"max-snippet:-1","max-image-preview":"max-image-preview:large","max-video-preview":"max-video-preview:-1"},"canonical":"https:\/\/8a.pl\/8academy\/plecaki-deuter-nowosci-na-sezon-2023-2024\/","og_locale":"pl_PL","og_type":"article","og_title":"Plecaki Deuter - nowo\u015bci na sezon 2023\/2024","og_description":"Prezentujemy nowo\u015bci niemieckiej marki Deuter na sezon zimowy 2023\/2024: Deuter Updays, Deuter Alproof, Deuter Futura Pro Jaypack.","og_url":"https:\/\/8a.pl\/8academy\/plecaki-deuter-nowosci-na-sezon-2023-2024\/","og_site_name":"8academy.pl - portal g\u00f3rski i wspinaczkowy dla aktywnych","article_publisher":"https:\/\/pl-pl.facebook.com\/sklep8apl\/","article_published_time":"2023-11-17T06:40:41+00:00","article_modified_time":"2023-12-13T14:27:04+00:00","og_image":[{"width":1200,"height":628,"url":"http:\/\/8a.pl\/8academy\/wp-content\/uploads\/2023\/11\/8ACADEMY_FB_-5.jpg","type":"image\/jpeg"}],"author":"Redakcja 8Academy","twitter_card":"summary_large_image","twitter_misc":{"Napisane przez":"Redakcja 8Academy","Szacowany czas czytania":"7 minut"},"schema":{"@context":"https:\/\/schema.org","@graph":[{"@type":"Article","@id":"https:\/\/8a.pl\/8academy\/plecaki-deuter-nowosci-na-sezon-2023-2024\/#article","isPartOf":{"@id":"https:\/\/8a.pl\/8academy\/plecaki-deuter-nowosci-na-sezon-2023-2024\/"},"author":{"name":"Redakcja 8Academy","@id":"https:\/\/8a.pl\/8academy\/#\/schema\/person\/2e392153a51786e6c3d5ede231b5d2a4"},"headline":"Plecaki Deuter &#8211; nowo\u015bci na sezon 2023\/2024","datePublished":"2023-11-17T06:40:41+00:00","dateModified":"2023-12-13T14:27:04+00:00","mainEntityOfPage":{"@id":"https:\/\/8a.pl\/8academy\/plecaki-deuter-nowosci-na-sezon-2023-2024\/"},"wordCount":1036,"publisher":{"@id":"https:\/\/8a.pl\/8academy\/#organization"},"image":{"@id":"https:\/\/8a.pl\/8academy\/plecaki-deuter-nowosci-na-sezon-2023-2024\/#primaryimage"},"thumbnailUrl":"https:\/\/8a.pl\/8academy\/wp-content\/uploads\/2023\/11\/cov-1.jpg","keywords":["Alpinizm","Poradnik","Skitouring","Zima"],"articleSection":["Alpinizm"],"inLanguage":"pl-PL"},{"@type":"WebPage","@id":"https:\/\/8a.pl\/8academy\/plecaki-deuter-nowosci-na-sezon-2023-2024\/","url":"https:\/\/8a.pl\/8academy\/plecaki-deuter-nowosci-na-sezon-2023-2024\/","name":"Plecaki Deuter - nowo\u015bci na sezon 2023\/2024 | 8academy","isPartOf":{"@id":"https:\/\/8a.pl\/8academy\/#website"},"primaryImageOfPage":{"@id":"https:\/\/8a.pl\/8academy\/plecaki-deuter-nowosci-na-sezon-2023-2024\/#primaryimage"},"image":{"@id":"https:\/\/8a.pl\/8academy\/plecaki-deuter-nowosci-na-sezon-2023-2024\/#primaryimage"},"thumbnailUrl":"https:\/\/8a.pl\/8academy\/wp-content\/uploads\/2023\/11\/cov-1.jpg","datePublished":"2023-11-17T06:40:41+00:00","dateModified":"2023-12-13T14:27:04+00:00","description":"Prezentujemy nowo\u015bci niemieckiej marki Deuter na sezon zimowy 2023\/2024: Deuter Updays, Deuter Alproof, Deuter Futura Pro Jaypack.","breadcrumb":{"@id":"https:\/\/8a.pl\/8academy\/plecaki-deuter-nowosci-na-sezon-2023-2024\/#breadcrumb"},"inLanguage":"pl-PL","potentialAction":[{"@type":"ReadAction","target":["https:\/\/8a.pl\/8academy\/plecaki-deuter-nowosci-na-sezon-2023-2024\/"]}]},{"@type":"ImageObject","inLanguage":"pl-PL","@id":"https:\/\/8a.pl\/8academy\/plecaki-deuter-nowosci-na-sezon-2023-2024\/#primaryimage","url":"https:\/\/8a.pl\/8academy\/wp-content\/uploads\/2023\/11\/cov-1.jpg","contentUrl":"https:\/\/8a.pl\/8academy\/wp-content\/uploads\/2023\/11\/cov-1.jpg","width":1100,"height":715},{"@type":"BreadcrumbList","@id":"https:\/\/8a.pl\/8academy\/plecaki-deuter-nowosci-na-sezon-2023-2024\/#breadcrumb","itemListElement":[{"@type":"ListItem","position":1,"name":"Strona g\u0142\u00f3wna","item":"https:\/\/8a.pl\/8academy\/"},{"@type":"ListItem","position":2,"name":"Plecaki Deuter &#8211; nowo\u015bci na sezon 2023\/2024"}]},{"@type":"WebSite","@id":"https:\/\/8a.pl\/8academy\/#website","url":"https:\/\/8a.pl\/8academy\/","name":"8academy.pl - portal g\u00f3rski i wspinaczkowy dla aktywnych","description":"8academy to portal g\u00f3rski o wspinaczce, trekkingu i skiturach. Znajdziesz tu porady, testy sprz\u0119tu i opisy najlepszych rejon\u00f3w. Inspirujemy zdobywc\u00f3w!","publisher":{"@id":"https:\/\/8a.pl\/8academy\/#organization"},"potentialAction":[{"@type":"SearchAction","target":{"@type":"EntryPoint","urlTemplate":"https:\/\/8a.pl\/8academy\/?s={search_term_string}"},"query-input":{"@type":"PropertyValueSpecification","valueRequired":true,"valueName":"search_term_string"}}],"inLanguage":"pl-PL"},{"@type":"Organization","@id":"https:\/\/8a.pl\/8academy\/#organization","name":"8academy.pl - portal g\u00f3rski i wspinaczkowy dla aktywnych","url":"https:\/\/8a.pl\/8academy\/","logo":{"@type":"ImageObject","inLanguage":"pl-PL","@id":"https:\/\/8a.pl\/8academy\/#\/schema\/logo\/image\/","url":"https:\/\/8a.pl\/8academy\/wp-content\/uploads\/2015\/11\/logo.png","contentUrl":"https:\/\/8a.pl\/8academy\/wp-content\/uploads\/2015\/11\/logo.png","width":438,"height":315,"caption":"8academy.pl - portal g\u00f3rski i wspinaczkowy dla aktywnych"},"image":{"@id":"https:\/\/8a.pl\/8academy\/#\/schema\/logo\/image\/"},"sameAs":["https:\/\/pl-pl.facebook.com\/sklep8apl\/","https:\/\/www.instagram.com\/8apl\/"]},{"@type":"Person","@id":"https:\/\/8a.pl\/8academy\/#\/schema\/person\/2e392153a51786e6c3d5ede231b5d2a4","name":"Redakcja 8Academy","image":{"@type":"ImageObject","inLanguage":"pl-PL","@id":"https:\/\/8a.pl\/8academy\/#\/schema\/person\/image\/","url":"https:\/\/8a.pl\/8academy\/wp-content\/uploads\/2017\/10\/logo_obrobione_2_150_59ICJ.jpg","contentUrl":"https:\/\/8a.pl\/8academy\/wp-content\/uploads\/2017\/10\/logo_obrobione_2_150_59ICJ.jpg","caption":"Redakcja 8Academy"},"url":"https:\/\/8a.pl\/8academy\/author\/redakcja\/"}]}},"_links":{"self":[{"href":"https:\/\/8a.pl\/8academy\/wp-json\/wp\/v2\/posts\/66135","targetHints":{"allow":["GET"]}}],"collection":[{"href":"https:\/\/8a.pl\/8academy\/wp-json\/wp\/v2\/posts"}],"about":[{"href":"https:\/\/8a.pl\/8academy\/wp-json\/wp\/v2\/types\/post"}],"author":[{"embeddable":true,"href":"https:\/\/8a.pl\/8academy\/wp-json\/wp\/v2\/users\/7"}],"replies":[{"embeddable":true,"href":"https:\/\/8a.pl\/8academy\/wp-json\/wp\/v2\/comments?post=66135"}],"version-history":[{"count":8,"href":"https:\/\/8a.pl\/8academy\/wp-json\/wp\/v2\/posts\/66135\/revisions"}],"predecessor-version":[{"id":66152,"href":"https:\/\/8a.pl\/8academy\/wp-json\/wp\/v2\/posts\/66135\/revisions\/66152"}],"wp:featuredmedia":[{"embeddable":true,"href":"https:\/\/8a.pl\/8academy\/wp-json\/wp\/v2\/media\/66141"}],"wp:attachment":[{"href":"https:\/\/8a.pl\/8academy\/wp-json\/wp\/v2\/media?parent=66135"}],"wp:term":[{"taxonomy":"category","embeddable":true,"href":"https:\/\/8a.pl\/8academy\/wp-json\/wp\/v2\/categories?post=66135"},{"taxonomy":"post_tag","embeddable":true,"href":"https:\/\/8a.pl\/8academy\/wp-json\/wp\/v2\/tags?post=66135"}],"curies":[{"name":"wp","href":"https:\/\/api.w.org\/{rel}","templated":true}]}}