{"id":6589,"date":"2016-09-20T09:02:21","date_gmt":"2016-09-20T07:02:21","guid":{"rendered":"http:\/\/8a.pl\/8academy\/?p=6589"},"modified":"2024-05-20T00:05:56","modified_gmt":"2024-05-19T22:05:56","slug":"wyprawa-na-k2-2016-wywiad-jaroslaw-botor","status":"publish","type":"post","link":"https:\/\/8a.pl\/8academy\/wyprawa-na-k2-2016-wywiad-jaroslaw-botor\/","title":{"rendered":"Letnia wyprawa na K2 2016 &#8211; wywiad z Jaros\u0142awem Botorem"},"content":{"rendered":"<p><span style=\"font-weight: 400;\">Letnia wyprawa na K2 2016, mia\u0142a miejsce w dniach 15.06.2016 &#8211; 23.07.2016. W sk\u0142ad zespo\u0142u, opr\u00f3cz Jaros\u0142awa Botora weszli: Jerzy Natka\u0144ski (szef wyprawy), Marek Chmielarski, Pawe\u0142 Michalski oraz Piotr Tomala. Wypraw\u0119 zimow\u0105\u00a0zaplanowano na grudzie\u0144 2016 roku. Wypraw\u0105 mieli pokierowa\u0107: Krzysztof Wielicki (pierwszy zimowy zdobywca Everestu) oraz nasz redakcyjny kolega Janusz Go\u0142\u0105b &#8211; kt\u00f3ry ma za sob\u0105 pierwsze zimowe wej\u015bcie na Gaszerbrum I wraz z Adamem Bieleckim, a na K2 stan\u0105\u0142 w roku 2014. Niestety, tu\u017c przed publikacj\u0105 tego wywiadu dowiedzieli\u015bmy si\u0119, i\u017c Ministerstwo Sportu wycofa\u0142o si\u0119 z obiecanego dofinansowania zimowej wyprawy na K2.\u00a0Polscy himalai\u015bci, w nadchodz\u0105cej zimie, nie podejm\u0105 pr\u00f3by zdobycia K2 zim\u0105.<\/span><\/p>\n<h3 style=\"text-align: left;\">K2 to g\u00f3ra marze\u0144 dla wielu alpinist\u00f3w, jakie by\u0142y Twoje motywacje aby zmierzy\u0107 si\u0119 z g\u00f3r\u0105 g\u00f3r?<\/h3>\n<p><b>Jaros\u0142aw Botor: <\/b><span style=\"font-weight: 400;\">Tak to faktycznie g\u00f3ra marze\u0144. Od kilku lat realizuj\u0119 projekt, kt\u00f3ry zak\u0142ada wspinanie na jedne z najpi\u0119kniejszych szczyt\u00f3w \u015bwiata, K2 niew\u0105tpliwie do nich nale\u017cy. Oczywi\u015bcie wyprawa na K2 ma dla mnie<\/span><span style=\"font-weight: 400;\"> r\u00f3wnie\u017c wymiar \u00a0osobisty, to mo\u017cliwo\u015b\u0107 realizacji mojej wieloletniej pasji wspinaczkowej.<\/span><span style=\"font-weight: 400;\"> Zaczynaj\u0105c swoj\u0105 przygod\u0119 z g\u00f3rami w\u00a0latach 80-90, K2 bardzo cz\u0119sto przewija\u0142o si\u0119 w r\u00f3\u017cnych publikacjach i\u00a0fotoreporta\u017cach alpinistycznych, w rozmowach i prelekcjach w Klubie Wysokog\u00f3rskim Gliwice, a to za spraw\u0105 niesamowitych sukces\u00f3w i zarazem tragedii naszych Polskich Himalaist\u00f3w tamtych czas\u00f3w. Wreszcie przyszed\u0142 czas, aby sprawdzi\u0107 to wszystko, co o K2 s\u0142ysza\u0142em, na\u00a0w\u0142asnej sk\u00f3rze i by\u0142em do tego gotowy.<\/span><\/p>\n<p><span style=\"font-weight: 400;\">Nie bez znaczenia by\u0142a r\u00f3wnie\u017c aprobata i akceptacja mojej osoby przez Zesp\u00f3\u0142: Jurek Natka\u0144ski, Marek Chmielarski, Piotrek Tomala i Pawe\u0142 Michalski, kt\u00f3ry w tym roku by\u0142 wyselekcjonowany przez PZA do wspinania na K2. Wszystkich uczestnik\u00f3w mia\u0142em przyjemno\u015b\u0107 pozna\u0107 ju\u017c wcze\u015bniej na wyjazdach i szkoleniach organizowanych przez PHZ w Tatrach \u2013 wiedzia\u0142em, \u017ce to bardzo do\u015bwiadczeni Polscy wspinacze. Ka\u017cdy sta\u0142 na szczycie kilku o\u015bmiotysi\u0119cznik\u00f3w. Zosta\u0142em pozytywnie zaakceptowany a to zobowi\u0105zywa\u0142o.<\/span><\/p>\n<h3 style=\"text-align: left;\">Na K2 prowadzi kilka znanych dr\u00f3g, kt\u00f3r\u0105 wybrali\u015bcie i co si\u0119 z\u00a0tym wi\u0105za\u0142o?<\/h3>\n<p><b>Jaros\u0142aw Botor: <\/b><span style=\"font-weight: 400;\">Wybrali\u015bmy drog\u0119 przez \u017bebro Abruzzi. Jest to droga pierwszych zdobywc\u00f3w i zarazem \u00a0najpopularniejsza droga na szczyt K2. Do\u0142\u0105czy\u0142em do sk\u0142adu wyprawy w marcu i droga by\u0142a ju\u017c wtedy wybrana, a wi\u0105za\u0142o si\u0119 to z projektem Polskiego Himalaizmu Zimowego im. Artura Hajzera. Jej celem by\u0142a unifikacja Zespo\u0142u i ewentualne zapoznanie uczestnik\u00f3w wyprawy letniej z drog\u0105 wej\u015bcia przed planowan\u0105 zimow\u0105 wypraw\u0105 na ten szczyt &#8211; niezdobyty do tej pory zim\u0105, ostatni o\u015bmiotysi\u0119cznik \u015awiata.<\/span><\/p>\n<h3 style=\"text-align: left;\">Czy pomimo tego i\u017c szczytu nie uda\u0142o si\u0119 zdoby\u0107, za\u0142o\u017cenia wyprawy i rozpoznanie drogi przed pr\u00f3b\u0105 zimow\u0105 cho\u0107 w cz\u0119\u015bci zosta\u0142y zrealizowane?<\/h3>\n<p><b>Jaros\u0142aw Botor: <\/b><span style=\"font-weight: 400;\">Oczywi\u015bcie.<\/span> <span style=\"font-weight: 400;\">G\u0142\u00f3wnym za\u0142o\u017ceniem wyprawy by\u0142o zdobycie szczytu, ale wiele do\u015bwiadcze\u0144 i za\u0142o\u017ce\u0144 zosta\u0142o zrealizowanych. W temacie zapoznania zespo\u0142u z drog\u0105 wydaje si\u0119, \u017ce podczas zimowych dzia\u0142a\u0144 na K2 nale\u017cy rozwa\u017cy\u0107 wej\u015bcie Drog\u0105\u00a0Cesena (w 2012 roku, zim\u0105 wspinali si\u0119 ni\u0105 Rosjanie) \u2013 wprawdzie jest nieco trudniejsza technicznie, ale wydaje si\u0119 by\u0107 bardziej os\u0142oni\u0119ta od silnych, zimowych wiatr\u00f3w wiej\u0105cych od strony Chi\u0144skiej, jest znacznie kr\u00f3tsza i po\u0142o\u017cona bli\u017cej bazy, wyprowadza do obozu czwartego znacznie bli\u017cej szczytu, o\u00a0oko\u0142o 150 metr\u00f3w w\u00a0pionie. Warto rozwa\u017cy\u0107 ten wariant.<\/span><\/p>\n<p><span style=\"font-weight: 400;\">W zwi\u0105zku z panuj\u0105c\u0105 w tym sezonie w Karakorum aur\u0105 pogodow\u0105 mieli\u015bmy okazj\u0119 dzia\u0142a\u0107 w\u00a0uci\u0105\u017cliwych warunkach, kt\u00f3re ogranicza\u0142y nam mo\u017cliwo\u015b\u0107 dzia\u0142ania na g\u00f3rze, co skutkowa\u0142o wieloma dniami, kt\u00f3re musieli\u015bmy sp\u0119dzi\u0107 w bazie. To dla os\u00f3b aktywnych i zmotywowanych na dzia\u0142anie w \u015bcianie czas nie\u0142atwy \u2013 tu chyba g\u00f3ra najbardziej nas do\u015bwiadcza\u0142a, uczy\u0142a pokory i cierpliwo\u015bci. Czekanie jest znamienne dla wspinaczki zimowej na o\u015bmiotysi\u0119cznikach, gdzie oczekiwanie na okno pogodowe trwa nawet tygodniami. Kr\u00f3tki okres dobrej pogody wymaga dynamicznego dzia\u0142ania, gdzie wspinacz musi by\u0107 gotowy nie tylko pod wzgl\u0119dem wydolno\u015bci fizycznej ale przede wszystkim w\u00a0wymiarze psychicznym.<\/span><\/p>\n<div id=\"attachment_6670\" style=\"width: 1034px\" class=\"wp-caption alignnone\"><img fetchpriority=\"high\" decoding=\"async\" aria-describedby=\"caption-attachment-6670\" class=\"wp-image-6670 size-large\" title=\"Jaros\u0142aw Botor - letnia wyprawa na K2\" src=\"http:\/\/8a.pl\/8academy\/wp-content\/uploads\/2016\/09\/P1080859-1024x575.jpg\" alt=\"letnia wyprawa na K2 (fot. Jaros\u0142aw Botor)\" width=\"1024\" height=\"575\" srcset=\"https:\/\/8a.pl\/8academy\/wp-content\/uploads\/2016\/09\/P1080859-1024x575.jpg 1024w, https:\/\/8a.pl\/8academy\/wp-content\/uploads\/2016\/09\/P1080859-300x169.jpg 300w, https:\/\/8a.pl\/8academy\/wp-content\/uploads\/2016\/09\/P1080859-768x431.jpg 768w, https:\/\/8a.pl\/8academy\/wp-content\/uploads\/2016\/09\/P1080859.jpg 1100w\" sizes=\"(max-width: 1024px) 100vw, 1024px\" \/><p id=\"caption-attachment-6670\" class=\"wp-caption-text\">Z jedynki 1000 m w pionie nad lodowcem (fot. Jaros\u0142aw Botor)<\/p><\/div>\n<p><span style=\"font-weight: 400;\">Wynie\u015bli\u015bmy r\u00f3wnie\u017c\u00a0wnioski z do\u015bwiadcze\u0144 aklimatyzacyjnych, na w\u0142asnej sk\u00f3rze odczuwaj\u0105c wyniszczenia organizmu, kt\u00f3ry przebywa na wysoko\u015bci powy\u017cej 5000 m n.p.m. Brak regeneracji, trudno\u015bci w leczeniu nawet najprostszych skalecze\u0144, ju\u017c nie m\u00f3wi\u0105c o powa\u017cniejszych infekcjach np. uk\u0142adu oddechowego &#8211; jak\u017ce kluczowego w g\u00f3rach wysokich &#8211; \u00a0z tymi problemami mo\u017cna si\u0119 nauczy\u0107 radzi\u0107 tylko w praktyce. Dzi\u0119ki wyprawie ka\u017cdy z nas m\u00f3g\u0142 okre\u015bli\u0107 wysoko\u015b\u0107, od kt\u00f3rej organizm indywidualnie traci\u0142 mo\u017cliwo\u015bci regeneracyjne. <\/span><\/p>\n<p><span style=\"font-weight: 400;\">Wydaje si\u0119, \u017ce warto do Pakistanu przyjecha\u0107 ju\u017c zaaklimatyzowanym \u2013 oczywi\u015bcie, \u017ce mo\u017ce tej aklimatyzacji nie wystarczy\u0107 na d\u0142ugi okres czasu, ale nawet zak\u0142adanie pierwszych dw\u00f3ch oboz\u00f3w b\u0119dzie du\u017co sprawniejsze i bezpieczniejsze. Je\u015bli pogoda pozwoli, jest w\u00f3wczas szansa na szybsze dzia\u0142anie na du\u017cych wysoko\u015bciach ju\u017c na pocz\u0105tku wyprawy. Jest jeszcze kilka innych warto\u015bciowych przemy\u015ble\u0144 dotycz\u0105cych np. jedzenia, ubra\u0144, logistyki zaopatrywania oboz\u00f3w, warunk\u00f3w bytowania w bazie itp.<\/span><\/p>\n<h3 style=\"text-align: left;\">Sporo si\u0119 s\u0142yszy ostatnio o wyprawach komercyjnych na K2, czy faktycznie by\u0142o a\u017c tak t\u0142oczno na BC? Czy komercja zbli\u017ca si\u0119 du\u017cymi krokami do tego drugiego pod wzgl\u0119dem wysoko\u015bci szczytu \u015bwiata?<\/h3>\n<p><b>Jaros\u0142aw Botor: <\/b><span style=\"font-weight: 400;\">W sezonie 2016 na K2 wydano 112 <\/span><i><span style=\"font-weight: 400;\">permit\u00f3w<\/span><\/i><span style=\"font-weight: 400;\">, w tym du\u017c\u0105 ilo\u015b\u0107 zezwole\u0144 dla Szerp\u00f3w. Z tego 1\/3 to tzw. wyprawy sportowe, kt\u00f3re wspina\u0142y si\u0119 bez korzystania z \u00a0tlenu i bez wsparcia Szerp\u00f3w. My\u015bl\u0119, \u017ce w dobie oblegania Everestu, K2 stanie si\u0119 dla wielu bardzo atrakcyjn\u0105 alternatyw\u0105 na zaistnienie we \u201ewspinaczkowym \u015bwiecie\u201d. Komercj\u0119 mo\u017cna by\u0142o odczu\u0107 w\u00a0bazie, jak i czasami w \u015bcianie. By\u0142y osoby, kt\u00f3re mia\u0142y pierwszy raz raki na nogach, a to zagra\u017ca\u0142o nie tylko ich zdrowiu i \u017cyciu, ale r\u00f3wnie\u017c ludziom poruszaj\u0105cym si\u0119 w tym czasie w \u015bcianie. Niestety by\u0142y takie epizody&#8230;<\/span><\/p>\n<h3 style=\"text-align: left;\">Jak wygl\u0105da\u0142y relacje pomi\u0119dzy poszczeg\u00f3lnymi zespo\u0142ami? Czy mo\u017cna m\u00f3wi\u0107 o wsp\u00f3\u0142pracy mi\u0119dzynarodowych team\u00f3w, czy raczej wyprawa na K2 <em>2016<\/em> to brutalna rywalizacja?<\/h3>\n<p><b>Jaros\u0142aw Botor: <\/b><span style=\"font-weight: 400;\">Temat bardzo zr\u00f3\u017cnicowany. W \u015bcianie, z Szerpami, w sumie wsp\u00f3\u0142pracowa\u0142o si\u0119 bardzo dobrze, nie by\u0142o \u017cadnej wzajemnej niech\u0119ci. Natomiast w bazie by\u0142y r\u00f3\u017cnego rodzaju rozgrywki finansowe oraz strategiczne \u2013 kto, kiedy za ile. W sumie czy chcieli\u015bmy czy nie, to byli\u015bmy w temat uwik\u0142ani. Zaproponowano nam &#8211; trzeciego dnia po przyj\u015bciu do bazy &#8211; zapor\u0119czowanie doj\u015bcia do obozu czwartego, co z g\u00f3ry by\u0142o skazane na pora\u017ck\u0119. Wiadomo by\u0142o, \u017ce nie mieli\u015bmy wtedy aklimatyzacji do \u201cjedynki\u201d, a co dopiero do czw\u00f3rki \u2013 taki troch\u0119 szach. Wtedy zaproponowano nam po 200 $ od osoby za por\u0119cze. Byli\u015bmy przygotowani na por\u0119czowanie wi\u0119c dali\u015bmy im nasze liny i w sumie na tym si\u0119 sko\u0144czy\u0142o. Jak wiadomo lin nie po\u0142o\u017cyli, bo wszystko zako\u0144czy\u0142o si\u0119 w tym sezonie w obozie trzecim. Niestety lin ju\u017c nie chcieli odda\u0107 pod pretekstem, \u017ce je spieni\u0119\u017c\u0105, a pieni\u0105dze przeznacz\u0105 na szko\u0142\u0119 w Nepalu. Jako\u015b trudno mi w to uwierzy\u0107\u2026 <\/span><\/p>\n<h3 style=\"text-align: left;\">Jak wiemy z relacji medi\u00f3w, pogoda w tym roku nie dopisa\u0142a. Schodzi\u0142y lawiny, w\u015br\u00f3d nich ta, kt\u00f3ra zmiot\u0142a C3. Gdzie wtedy byli\u015bcie?<\/h3>\n<p><b>Jaros\u0142aw Botor: <\/b><span style=\"font-weight: 400;\">Tak, <\/span><span style=\"font-weight: 400;\">w tym sezonie pogoda by\u0142a bardzo kapry\u015bna w ca\u0142ym Karakorum, na co wskazuje og\u00f3lna ilo\u015b\u0107 wej\u015b\u0107 na szczyty o\u015bmiotysi\u0119czne (w sumie 13 os\u00f3b), a i na ni\u017cszych szczytach nie by\u0142o lepiej. <\/span><\/p>\n<p><span style=\"font-weight: 400;\">D\u0142ugotrwa\u0142e za\u0142amania pogody (5 &#8211; 8 dni w ci\u0105gu) i kr\u00f3tkie okna pogodowe sprawia\u0142y, \u017ce dzia\u0142ania na g\u00f3rze by\u0142y bardzo utrudnione. Padaj\u0105cy \u015bnieg powodowa\u0142 zagro\u017cenie lawinowe, a wiej\u0105cy powy\u017cej 6500 metr\u00f3w wiatr uniemo\u017cliwia\u0142 dzia\u0142anie i zak\u0142adanie kolejnych oboz\u00f3w. \u015anieg by\u0142 s\u0142abo zwi\u0105zany z pod\u0142o\u017cem, a powy\u017cej obozu drugiego by\u0142o go tak du\u017co, \u017ce utrudnia\u0142 poruszanie si\u0119 po linach por\u0119czowych, kt\u00f3re systematycznie zasypywa\u0142 i pokrywa\u0142 warstw\u0105 lodu. W takich warunkach szybkie poruszanie si\u0119 po g\u00f3rze by\u0142o bardzo trudne, a i zdobyta wcze\u015bniej aklimatyzacja po dziewi\u0119ciu dniach w bazie pozostawia\u0142a wiele do \u017cyczenia. <\/span><\/p>\n<p><span style=\"font-weight: 400;\">Chc\u0105c wej\u015b\u0107 na szczyt bez tlenu musieli\u015bmy si\u0119 liczy\u0107 z dwoma, a nawet trzema noclegami powy\u017cej 7400, czyli w obozie trzecim. Z takim planem wyszli\u015bmy 22 lipca w g\u00f3r\u0119, chc\u0105c wej\u015b\u0107 do obozu drugiego w jednym podej\u015bciu. W nocy przez lodowiec szli\u015bmy w opadzie \u015bniegu, a mia\u0142a by\u0107 pi\u0119kna, gwie\u017adzista noc. Warunki tego dnia nie zmieni\u0142y si\u0119 do wieczora. Marek Chmielarski i Piotrek Tomala mimo to weszli do dw\u00f3jki i tam w\u00a0bardzo silnym wietrze przespali noc. Rano dotar\u0142a do nas wiadomo\u015b\u0107, \u017ce w nocy przez ob\u00f3z trzeci przetoczy\u0142a si\u0119 du\u017ca lawina zabieraj\u0105c ze sob\u0105 praktycznie wszystko, co dotychczas uda\u0142o si\u0119 do tr\u00f3jki wnie\u015b\u0107 Szerpom \u2013 namioty, \u015bpiwory, butle z tlenem i\u00a0gazem, jedzenie, i jeszcze kilka innych istotnych gad\u017cet\u00f3w, kt\u00f3re pozwalaj\u0105 nam istnie\u0107 na takich wysoko\u015bciach. Dobrze, \u017ce w tr\u00f3jce tej nocy nie by\u0142o ludzi, bo w planach mia\u0142o tam spa\u0107 nawet do 50 os\u00f3b \u2013 wszyscy byli gotowi do atakowania szczytu na tlenie \u2013 to mia\u0142o by\u0107 kluczowe okno pogodowe w tym sezonie.<\/span><\/p>\n<p><span style=\"font-weight: 400;\">Wtedy by\u0142o ju\u017c wiadomo, \u017ce obozu trzeciego, nawet z pomoc\u0105 wypraw komercyjnych, ju\u017c nie odbudujemy. Rano 23 lipca, oko\u0142o 10:00 Jurek og\u0142osi\u0142 zako\u0144czenie naszej wyprawy, tym bardziej, \u017ce po jednym dniu \u0142adnej pogody opady \u015bniegu wr\u00f3ci\u0142y znowu na stoki K2 i trwa\u0142y przez kolejnych kilka dni. Kilku uczestnik\u00f3w komercyjnych wypraw wraz z Szerpami pr\u00f3bowa\u0142o jeszcze wej\u015b\u0107 na szczyt w stylu alpejskim korzystaj\u0105c z kilkunastu butli z\u00a0tlenem, kt\u00f3re by\u0142y jeszcze w obozach poni\u017cej tr\u00f3jki. Jak si\u0119 okaza\u0142o pogoda szybko zweryfikowa\u0142a plany i pozwoli\u0142a podej\u015b\u0107 jedynie do obozu pierwszego. Kilku Szerp\u00f3w dosz\u0142o do dw\u00f3jki, zebrali resztki sprz\u0119tu i 03 sierpnia oficjalnie zako\u0144czono sezon 2016 na K2.<\/span><\/p>\n<div id=\"attachment_6669\" style=\"width: 1034px\" class=\"wp-caption alignnone\"><img decoding=\"async\" aria-describedby=\"caption-attachment-6669\" class=\"size-large wp-image-6669\" src=\"http:\/\/8a.pl\/8academy\/wp-content\/uploads\/2016\/09\/P1080992-1024x575.jpg\" alt=\"Podej\u015bcie do C1 (fot. Jaros\u0142aw Botor)\" width=\"1024\" height=\"575\" srcset=\"https:\/\/8a.pl\/8academy\/wp-content\/uploads\/2016\/09\/P1080992-1024x575.jpg 1024w, https:\/\/8a.pl\/8academy\/wp-content\/uploads\/2016\/09\/P1080992-300x169.jpg 300w, https:\/\/8a.pl\/8academy\/wp-content\/uploads\/2016\/09\/P1080992-768x431.jpg 768w, https:\/\/8a.pl\/8academy\/wp-content\/uploads\/2016\/09\/P1080992.jpg 1100w\" sizes=\"(max-width: 1024px) 100vw, 1024px\" \/><p id=\"caption-attachment-6669\" class=\"wp-caption-text\">Podej\u015bcie do C1 (fot. Jaros\u0142aw Botor)<\/p><\/div>\n<p><span style=\"font-weight: 400;\">W sumie w \u015bcianie sp\u0119dzili\u015bmy tylko siedem dni (na prawie 30 sp\u0119dzonych w bazie), dochodz\u0105c do 7000 metr\u00f3w n.p.m. To zbyt ma\u0142o aby my\u015ble\u0107 o wej\u015bciu bez tlenu na tak wysoki szczyt jakim jest K2. Potrzebowaliby\u015bmy jeszcze co najmniej dw\u00f3ch wyj\u015b\u0107, w tym ostatnie do ataku szczytowego. W ka\u017cdym przynajmniej po 3-4 dni dobrej pogody, \u017ceby si\u0119 zaaklimatyzowa\u0107 i\u00a0zaatakowa\u0107 szczyt \u2013 rozs\u0105dek kaza\u0142 wraca\u0107 do domu. Troch\u0119 szkoda, bo czuli\u015bmy si\u0119 bardzo dobrze, w sumie nie mieli\u015bmy dotychczas \u017cadnych wi\u0119kszych k\u0142opot\u00f3w aklimatyzacyjnych, sprz\u0119towych i \u017cywieniowych. Byli\u015bmy z pewno\u015bci\u0105 jednym z bardziej sprawnych zespo\u0142\u00f3w poruszaj\u0105cym si\u0119 po \u017cebrze Abruzzich, ale jak wida\u0107 tym razem to nie wystarczy\u0142o.<\/span><\/p>\n<h3 style=\"text-align: left;\">Co, poza zmiennymi warunkami pogodowymi, stanowi\u0142o w tym roku najwi\u0119ksze wyzwanie?<\/h3>\n<p><b>Jaros\u0142aw Botor: <\/b><span style=\"font-weight: 400;\">K2 to wyzwanie samo w sobie na ka\u017cdym etapie wyprawy \u2013 logistyki dotarcia do bazy, wspinania i etapu wyczekiwania na szans\u0119 jak i powrotu do Askole. 120 km schodzili\u015bmy 2,5 dnia, ten ekstremalny \u201espacer\u201d na d\u0142ugo pozostanie w naszej pami\u0119ci :-). \u00a0<\/span><\/p>\n<h3 style=\"text-align: left;\">Niemal 2,5 miesi\u0105ca pod K2 to bardzo d\u0142ugo, czego najbardziej Wam brakowa\u0142o podczas tego czasu?<\/h3>\n<p><b>Jaros\u0142aw Botor: <\/b><span style=\"font-weight: 400;\">Chyba najbardziej brakowa\u0142o nam mo\u017cliwo\u015bci dzia\u0142ania \u2013 uziemienie w bazie dla ka\u017cdego z nas by\u0142o destrukcyjne pod wzgl\u0119dem psychicznym, ale i pod wzgl\u0119dem fizycznym te\u017c nie by\u0142o bez znaczenia. 5000 \u2013 5200 to wysoko\u015b\u0107, na kt\u00f3rej organizm traci swoje mo\u017cliwo\u015bci regeneracyjne. Tracili\u015bmy na masie mi\u0119\u015bniowej a co za tym idzie r\u00f3wnie\u017c na sile. No i oczywi\u015bcie ka\u017cdy z nas t\u0119skni\u0142 za domem, ale z tym liczyli\u015bmy si\u0119 ju\u017c przed wyjazdem i ka\u017cdy na sw\u00f3j spos\u00f3b sobie z tym radzi\u0142 \u2013 raz bardziej, raz mniej skutecznie, ale jako\u015b do przodu.<\/span><\/p>\n<h3 style=\"text-align: left;\">Czy mieli\u015bcie w bazie jak\u0105\u015b wyj\u0105tkow\u0105 sytuacj\u0119: dobr\u0105 lub z\u0142\u0105, kt\u00f3ra na d\u0142ugo pozostanie Wam w pami\u0119ci? Co to by\u0142o?<\/h3>\n<p><b>Jaros\u0142aw Botor: <\/b><span style=\"font-weight: 400;\">W okresach przesiadywania w bazie chodzili\u015bmy z nud\u00f3w po lodowcu i raz z Piotrkiem Tomal\u0105 znale\u017ali\u015bmy oddalone od siebie o 20 minut drogi ludzkie szcz\u0105tki \u2013 dw\u00f3ch r\u00f3\u017cnych ludzi, a dok\u0142adniej podudzia z butami (plastikowe, fioletowe Koflachy, bardzo popularne 10-15 lat temu). Po powrocie do bazy zg\u0142osili\u015bmy to naszemu Kierownikowi, on Oficerowi \u0141\u0105cznikowemu, ten Oficerowi ca\u0142ej bazy pod K2 no i musieli zareagowa\u0107. Po dw\u00f3ch dniach przyszli do nas w towarzystwie m\u0142odej Amerykanki i Ekwadorskiego przewodnika. Zapytali czy doprowadzimy ich do tych miejsc, czy je odnajdziemy na lodowcu. Oczywi\u015bcie podj\u0119li\u015bmy si\u0119 wyzwania i kilka minut p\u00f3\u017aniej z Piotrem szli\u015bmy ju\u017c na poszukiwania. Pierwsze szcz\u0105tki znale\u017ali\u015bmy dosy\u0107 sprawnie, oficerowie wraz z Amerykank\u0105 pobrali pr\u00f3bki do oznaczenia DNA, nast\u0119pnie z\u0142o\u017cyli \u00a0szcz\u0105tki do szczeliny lodowej i zasypali kamieniami. Ruszyli\u015bmy w kierunku drugiego miejsca \u2013 tu by\u0142o gorzej z odnalezieniem bo lodowiec jest ogromny, ale po 30 minutach znale\u017ali\u015bmy drugie miejsce ze szcz\u0105tkami. Znowu pobrali\u015bmy pr\u00f3bki a resztki pochowali\u015bmy w pobliskiej lodowej szczelinie i zasypali\u015bmy kamieniami. Do dzisiaj nie wiem, co mia\u0142o na celu zebranie pr\u00f3bek na DNA bo pewnie zainteresowane rodziny od dawna wiedz\u0105, \u017ce Ci ludzie nie \u017cyj\u0105, a pochowanie resztek w szczelinie ca\u0142kowicie przekre\u015bla temat dostarczenia rodzinie chocia\u017cby skremowanych cz\u0105stek tych ludzi, \u017ceby mogli je godnie pochowa\u0107 na swoim cmentarzu i zapala\u0107 im \u015bwieczk\u0119 raz na jaki\u015b czas \u2013 no ale temat zosta\u0142 za\u0142atwiony tak jak zosta\u0142. Ludzie m\u00f3wili, \u017ce i tak dobrze, bo mogli z tym nie zrobi\u0107 nic.<\/span><\/p>\n<h3 style=\"text-align: left;\">K2 chyba bardziej, ni\u017c inne o\u015bmiotysi\u0119czniki, uczy pokory. To tzw. \u201eokrutna g\u00f3ra\u201d, kt\u00f3ra rokrocznie zbiera \u017cniwo. Czy w tym roku mia\u0142y miejsce jakie\u015b powa\u017cne wypadki podczas wspinaczki?<\/h3>\n<p><b>Jaros\u0142aw Botor: <\/b><span style=\"font-weight: 400;\">K2 wcale nie jest okrutne \u2013 po prostu jest takie, jak ka\u017cda inna g\u00f3ra, tylko du\u017co bardziej wymagaj\u0105ce i to pod bardzo wieloma wzgl\u0119dami, a co za tym idzie trudne. Cz\u0142owiek je\u015bli chce si\u0119 z ni\u0105 zmierzy\u0107, musi sobie z tymi trudami poradzi\u0107, by\u0107 na nie nastawiony optymistycznie i si\u0119 ich spodziewa\u0107, nie mog\u0105 go zniech\u0119ca\u0107. Im d\u0142u\u017cej jest w stanie utrzyma\u0107 taki stan ducha, tym ma wi\u0119ksze szanse na wej\u015bcie na K2, no i oczywi\u015bcie w tym wszystkim troch\u0119 szcz\u0119\u015bcia te\u017c jest bardzo przydatne. Z informacji, kt\u00f3re posiadam, to podczas naszego pobytu w Karakorum zgin\u0105\u0142 jeden porter, kt\u00f3ry zosta\u0142 zasypany lawin\u0105 kamienn\u0105 a raczej ogromnym osuwiskiem skalnym, ale nie na K2 a na doj\u015bciu trekkingowym, przed lodowcem \u00a0Baltoro niedaleko Paju. Znaleziono r\u00f3wnie\u017c jakie\u015b cia\u0142o pod K2, ale trudno by\u0142o ustali\u0107, kto to, a co za tym idzie nie wiadomo w jakim sezonie wydarzy\u0142 si\u0119 ten wypadek. Nie wyklucza si\u0119 r\u00f3wnie\u017c sezonu 2016, z tym \u017ce musia\u0142by to by\u0107 jaki\u015b solista, bo \u017cadna z dzia\u0142aj\u0105cych wypraw nie zg\u0142osi\u0142a takiego incydentu. By\u0142o kilka ostrych chor\u00f3b wysoko\u015bciowych, jeden obrz\u0119k p\u0142uc i zatorowo\u015b\u0107 w ko\u0144czynach dolnych pod Broad Peakiem oraz upadek Amerykanina na Czarnej Piramidzie w drodze do obozu trzeciego na K2 \u2013 wszyscy bezpiecznie zostali ewakuowani \u015bmig\u0142owcami do szpitala w Skardu.<\/span><\/p>\n<p><strong><em>Jaros\u0142aw Botor &#8211; uczestnik wyprawy na K2 \u2013 lato 2016 zorganizowanej w ramach programu Polski Himalaizm Zimowy.\u00a0<\/em><\/strong><strong><em>Organizator kilkunastu wypraw w Andy, G\u00f3ry Alaski i Kaukazu oraz Himalaje.\u00a0Wszed\u0142 m.in. na Ama Dablam &#8211; solo, Alpamayo (Diretissim\u0105 Francusk\u0105), po\u0142udniow\u0105 \u015bcian\u0105 Artensoraju w 2015 z Jackiem Czechem i Adamem Bieleckim, Mt. McKinley, trzykrotnie wchodzi\u0142 na Aconcagu\u0119, zdoby\u0142 te\u017c Ojos del Salado, Cotopaxi, Chimborazo, Mount Blanc, Monte Rosse \/trawers z Nordena na Duforspitze p\u00f3\u0142nocn\u0105 \u015bcian\u0105\/, Elbrus, Matterhorn, Dente del Gigante, i Piz Badile drog\u0105 Cassina.\u00a0Jest ratownikiem medycznym Lotniczego Pogotowia Ratunkowego &#8211; HEMS oraz \u00a0starszym ratownikiem GOPR.\u00a0Mieszka w Zabrzu, prowadzi Agencj\u0119 Eventow\u0105 <a href=\"http:\/\/www.mte.pl\/\" target=\"_blank\" rel=\"noopener\">More Then Explore<\/a>,\u00a0nale\u017cy do Klubu Wysokog\u00f3rskiego Gliwice.<\/em><\/strong><\/p>\n","protected":false},"excerpt":{"rendered":"<p>W\u015br\u00f3d 14 o\u015bmiotysi\u0119cznik\u00f3w niezdobytych zim\u0105 pozosta\u0142 tylko jeden &#8211; K2, g\u00f3ra g\u00f3r. O letniej wyprawie unifikacyjnej w ramach programu Polski Himalaizm Zimowy 2016-2020 im. Artura Hajzera, kt\u00f3ra mia\u0142a za cel przygotowa\u0107 dzia\u0142ania Polak\u00f3w do zimowej pr\u00f3by zdobycia drugiego szczytu \u015bwiata, rozmawiamy z jednym z cz\u0142onk\u00f3w wyprawy &#8211; Jaros\u0142awem Botorem.<\/p>\n","protected":false},"author":7,"featured_media":6669,"comment_status":"open","ping_status":"open","sticky":false,"template":"","format":"standard","meta":{"_acf_changed":false,"_uf_show_specific_survey":0,"_uf_disable_surveys":false,"footnotes":""},"categories":[26071],"tags":[26086,26082,26079],"class_list":["post-6589","post","type-post","status-publish","format-standard","has-post-thumbnail","hentry","category-alpinizm","tag-alpinizm","tag-lato","tag-wywiad"],"acf":[],"yoast_head":"<!-- This site is optimized with the Yoast SEO Premium plugin v23.4 (Yoast SEO v25.5) - https:\/\/yoast.com\/wordpress\/plugins\/seo\/ -->\n<title>Letnia wyprawa na K2 - wywiad z Jaros\u0142awem Botorem | 8academy.pl<\/title>\n<meta name=\"description\" content=\"Letnia wyprawa na K2 (Polski Himalaizm Zimowy 2016-2020 im. Artura Hajzera), mia\u0142a za cel przygotowa\u0107 dzia\u0142ania Polak\u00f3w do zimowej pr\u00f3by zdobycia szczytu.\" \/>\n<meta name=\"robots\" content=\"index, follow, max-snippet:-1, max-image-preview:large, max-video-preview:-1\" \/>\n<link rel=\"canonical\" href=\"https:\/\/8a.pl\/8academy\/wyprawa-na-k2-2016-wywiad-jaroslaw-botor\/\" \/>\n<meta property=\"og:locale\" content=\"pl_PL\" \/>\n<meta property=\"og:type\" content=\"article\" \/>\n<meta property=\"og:title\" content=\"Letnia wyprawa na K2 2016 - wywiad z Jaros\u0142awem Botorem\" \/>\n<meta property=\"og:description\" content=\"Letnia wyprawa na K2 (Polski Himalaizm Zimowy 2016-2020 im. Artura Hajzera), mia\u0142a za cel przygotowa\u0107 dzia\u0142ania Polak\u00f3w do zimowej pr\u00f3by zdobycia szczytu.\" \/>\n<meta property=\"og:url\" content=\"https:\/\/8a.pl\/8academy\/wyprawa-na-k2-2016-wywiad-jaroslaw-botor\/\" \/>\n<meta property=\"og:site_name\" content=\"8academy.pl - portal g\u00f3rski i wspinaczkowy dla aktywnych\" \/>\n<meta property=\"article:publisher\" content=\"https:\/\/pl-pl.facebook.com\/sklep8apl\/\" \/>\n<meta property=\"article:published_time\" content=\"2016-09-20T07:02:21+00:00\" \/>\n<meta property=\"article:modified_time\" content=\"2024-05-19T22:05:56+00:00\" \/>\n<meta property=\"og:image\" content=\"http:\/\/8a.pl\/8academy\/wp-content\/uploads\/2016\/09\/P1080992.jpg\" \/>\n\t<meta property=\"og:image:width\" content=\"1100\" \/>\n\t<meta property=\"og:image:height\" content=\"618\" \/>\n\t<meta property=\"og:image:type\" content=\"image\/jpeg\" \/>\n<meta name=\"author\" content=\"Redakcja 8Academy\" \/>\n<meta name=\"twitter:card\" content=\"summary_large_image\" \/>\n<meta name=\"twitter:label1\" content=\"Napisane przez\" \/>\n\t<meta name=\"twitter:data1\" content=\"Redakcja 8Academy\" \/>\n\t<meta name=\"twitter:label2\" content=\"Szacowany czas czytania\" \/>\n\t<meta name=\"twitter:data2\" content=\"14 minut\" \/>\n<!-- \/ Yoast SEO Premium plugin. -->","yoast_head_json":{"title":"Letnia wyprawa na K2 - wywiad z Jaros\u0142awem Botorem | 8academy.pl","description":"Letnia wyprawa na K2 (Polski Himalaizm Zimowy 2016-2020 im. Artura Hajzera), mia\u0142a za cel przygotowa\u0107 dzia\u0142ania Polak\u00f3w do zimowej pr\u00f3by zdobycia szczytu.","robots":{"index":"index","follow":"follow","max-snippet":"max-snippet:-1","max-image-preview":"max-image-preview:large","max-video-preview":"max-video-preview:-1"},"canonical":"https:\/\/8a.pl\/8academy\/wyprawa-na-k2-2016-wywiad-jaroslaw-botor\/","og_locale":"pl_PL","og_type":"article","og_title":"Letnia wyprawa na K2 2016 - wywiad z Jaros\u0142awem Botorem","og_description":"Letnia wyprawa na K2 (Polski Himalaizm Zimowy 2016-2020 im. Artura Hajzera), mia\u0142a za cel przygotowa\u0107 dzia\u0142ania Polak\u00f3w do zimowej pr\u00f3by zdobycia szczytu.","og_url":"https:\/\/8a.pl\/8academy\/wyprawa-na-k2-2016-wywiad-jaroslaw-botor\/","og_site_name":"8academy.pl - portal g\u00f3rski i wspinaczkowy dla aktywnych","article_publisher":"https:\/\/pl-pl.facebook.com\/sklep8apl\/","article_published_time":"2016-09-20T07:02:21+00:00","article_modified_time":"2024-05-19T22:05:56+00:00","og_image":[{"width":1100,"height":618,"url":"http:\/\/8a.pl\/8academy\/wp-content\/uploads\/2016\/09\/P1080992.jpg","type":"image\/jpeg"}],"author":"Redakcja 8Academy","twitter_card":"summary_large_image","twitter_misc":{"Napisane przez":"Redakcja 8Academy","Szacowany czas czytania":"14 minut"},"schema":{"@context":"https:\/\/schema.org","@graph":[{"@type":"Article","@id":"https:\/\/8a.pl\/8academy\/wyprawa-na-k2-2016-wywiad-jaroslaw-botor\/#article","isPartOf":{"@id":"https:\/\/8a.pl\/8academy\/wyprawa-na-k2-2016-wywiad-jaroslaw-botor\/"},"author":{"name":"Redakcja 8Academy","@id":"https:\/\/8a.pl\/8academy\/#\/schema\/person\/2e392153a51786e6c3d5ede231b5d2a4"},"headline":"Letnia wyprawa na K2 2016 &#8211; wywiad z Jaros\u0142awem Botorem","datePublished":"2016-09-20T07:02:21+00:00","dateModified":"2024-05-19T22:05:56+00:00","mainEntityOfPage":{"@id":"https:\/\/8a.pl\/8academy\/wyprawa-na-k2-2016-wywiad-jaroslaw-botor\/"},"wordCount":2812,"commentCount":1,"publisher":{"@id":"https:\/\/8a.pl\/8academy\/#organization"},"image":{"@id":"https:\/\/8a.pl\/8academy\/wyprawa-na-k2-2016-wywiad-jaroslaw-botor\/#primaryimage"},"thumbnailUrl":"https:\/\/8a.pl\/8academy\/wp-content\/uploads\/2016\/09\/P1080992.jpg","keywords":["Alpinizm","Lato","Wywiad"],"articleSection":["Alpinizm"],"inLanguage":"pl-PL","potentialAction":[{"@type":"CommentAction","name":"Comment","target":["https:\/\/8a.pl\/8academy\/wyprawa-na-k2-2016-wywiad-jaroslaw-botor\/#respond"]}]},{"@type":"WebPage","@id":"https:\/\/8a.pl\/8academy\/wyprawa-na-k2-2016-wywiad-jaroslaw-botor\/","url":"https:\/\/8a.pl\/8academy\/wyprawa-na-k2-2016-wywiad-jaroslaw-botor\/","name":"Letnia wyprawa na K2 - wywiad z Jaros\u0142awem Botorem | 8academy.pl","isPartOf":{"@id":"https:\/\/8a.pl\/8academy\/#website"},"primaryImageOfPage":{"@id":"https:\/\/8a.pl\/8academy\/wyprawa-na-k2-2016-wywiad-jaroslaw-botor\/#primaryimage"},"image":{"@id":"https:\/\/8a.pl\/8academy\/wyprawa-na-k2-2016-wywiad-jaroslaw-botor\/#primaryimage"},"thumbnailUrl":"https:\/\/8a.pl\/8academy\/wp-content\/uploads\/2016\/09\/P1080992.jpg","datePublished":"2016-09-20T07:02:21+00:00","dateModified":"2024-05-19T22:05:56+00:00","description":"Letnia wyprawa na K2 (Polski Himalaizm Zimowy 2016-2020 im. Artura Hajzera), mia\u0142a za cel przygotowa\u0107 dzia\u0142ania Polak\u00f3w do zimowej pr\u00f3by zdobycia szczytu.","breadcrumb":{"@id":"https:\/\/8a.pl\/8academy\/wyprawa-na-k2-2016-wywiad-jaroslaw-botor\/#breadcrumb"},"inLanguage":"pl-PL","potentialAction":[{"@type":"ReadAction","target":["https:\/\/8a.pl\/8academy\/wyprawa-na-k2-2016-wywiad-jaroslaw-botor\/"]}]},{"@type":"ImageObject","inLanguage":"pl-PL","@id":"https:\/\/8a.pl\/8academy\/wyprawa-na-k2-2016-wywiad-jaroslaw-botor\/#primaryimage","url":"https:\/\/8a.pl\/8academy\/wp-content\/uploads\/2016\/09\/P1080992.jpg","contentUrl":"https:\/\/8a.pl\/8academy\/wp-content\/uploads\/2016\/09\/P1080992.jpg","width":1100,"height":618,"caption":"Podej\u015bcie do C1 (fot. Jaros\u0142aw Botor)"},{"@type":"BreadcrumbList","@id":"https:\/\/8a.pl\/8academy\/wyprawa-na-k2-2016-wywiad-jaroslaw-botor\/#breadcrumb","itemListElement":[{"@type":"ListItem","position":1,"name":"Strona g\u0142\u00f3wna","item":"https:\/\/8a.pl\/8academy\/"},{"@type":"ListItem","position":2,"name":"Letnia wyprawa na K2 2016 &#8211; wywiad z Jaros\u0142awem Botorem"}]},{"@type":"WebSite","@id":"https:\/\/8a.pl\/8academy\/#website","url":"https:\/\/8a.pl\/8academy\/","name":"8academy.pl - portal g\u00f3rski i wspinaczkowy dla aktywnych","description":"8academy to portal g\u00f3rski o wspinaczce, trekkingu i skiturach. Znajdziesz tu porady, testy sprz\u0119tu i opisy najlepszych rejon\u00f3w. Inspirujemy zdobywc\u00f3w!","publisher":{"@id":"https:\/\/8a.pl\/8academy\/#organization"},"potentialAction":[{"@type":"SearchAction","target":{"@type":"EntryPoint","urlTemplate":"https:\/\/8a.pl\/8academy\/?s={search_term_string}"},"query-input":{"@type":"PropertyValueSpecification","valueRequired":true,"valueName":"search_term_string"}}],"inLanguage":"pl-PL"},{"@type":"Organization","@id":"https:\/\/8a.pl\/8academy\/#organization","name":"8academy.pl - portal g\u00f3rski i wspinaczkowy dla aktywnych","url":"https:\/\/8a.pl\/8academy\/","logo":{"@type":"ImageObject","inLanguage":"pl-PL","@id":"https:\/\/8a.pl\/8academy\/#\/schema\/logo\/image\/","url":"https:\/\/8a.pl\/8academy\/wp-content\/uploads\/2015\/11\/logo.png","contentUrl":"https:\/\/8a.pl\/8academy\/wp-content\/uploads\/2015\/11\/logo.png","width":438,"height":315,"caption":"8academy.pl - portal g\u00f3rski i wspinaczkowy dla aktywnych"},"image":{"@id":"https:\/\/8a.pl\/8academy\/#\/schema\/logo\/image\/"},"sameAs":["https:\/\/pl-pl.facebook.com\/sklep8apl\/","https:\/\/www.instagram.com\/8apl\/"]},{"@type":"Person","@id":"https:\/\/8a.pl\/8academy\/#\/schema\/person\/2e392153a51786e6c3d5ede231b5d2a4","name":"Redakcja 8Academy","image":{"@type":"ImageObject","inLanguage":"pl-PL","@id":"https:\/\/8a.pl\/8academy\/#\/schema\/person\/image\/","url":"https:\/\/8a.pl\/8academy\/wp-content\/uploads\/2017\/10\/logo_obrobione_2_150_59ICJ.jpg","contentUrl":"https:\/\/8a.pl\/8academy\/wp-content\/uploads\/2017\/10\/logo_obrobione_2_150_59ICJ.jpg","caption":"Redakcja 8Academy"},"url":"https:\/\/8a.pl\/8academy\/author\/redakcja\/"}]}},"_links":{"self":[{"href":"https:\/\/8a.pl\/8academy\/wp-json\/wp\/v2\/posts\/6589","targetHints":{"allow":["GET"]}}],"collection":[{"href":"https:\/\/8a.pl\/8academy\/wp-json\/wp\/v2\/posts"}],"about":[{"href":"https:\/\/8a.pl\/8academy\/wp-json\/wp\/v2\/types\/post"}],"author":[{"embeddable":true,"href":"https:\/\/8a.pl\/8academy\/wp-json\/wp\/v2\/users\/7"}],"replies":[{"embeddable":true,"href":"https:\/\/8a.pl\/8academy\/wp-json\/wp\/v2\/comments?post=6589"}],"version-history":[{"count":1,"href":"https:\/\/8a.pl\/8academy\/wp-json\/wp\/v2\/posts\/6589\/revisions"}],"predecessor-version":[{"id":69381,"href":"https:\/\/8a.pl\/8academy\/wp-json\/wp\/v2\/posts\/6589\/revisions\/69381"}],"wp:featuredmedia":[{"embeddable":true,"href":"https:\/\/8a.pl\/8academy\/wp-json\/wp\/v2\/media\/6669"}],"wp:attachment":[{"href":"https:\/\/8a.pl\/8academy\/wp-json\/wp\/v2\/media?parent=6589"}],"wp:term":[{"taxonomy":"category","embeddable":true,"href":"https:\/\/8a.pl\/8academy\/wp-json\/wp\/v2\/categories?post=6589"},{"taxonomy":"post_tag","embeddable":true,"href":"https:\/\/8a.pl\/8academy\/wp-json\/wp\/v2\/tags?post=6589"}],"curies":[{"name":"wp","href":"https:\/\/api.w.org\/{rel}","templated":true}]}}