{"id":65595,"date":"2023-09-18T12:43:35","date_gmt":"2023-09-18T10:43:35","guid":{"rendered":"https:\/\/8a.pl\/8academy\/?p=65595"},"modified":"2023-12-01T18:40:34","modified_gmt":"2023-12-01T17:40:34","slug":"lofoty-trekking-od-morza-po-szczyty","status":"publish","type":"post","link":"https:\/\/8a.pl\/8academy\/lofoty-trekking-od-morza-po-szczyty\/","title":{"rendered":"Lofoty &#8211; trekking od morza po szczyty"},"content":{"rendered":"\n<p class=\"wp-block-paragraph\">Lofocki krajobraz jest nieprawdopodobnie wr\u0119cz zr\u00f3\u017cnicowany i nasycony formami a zmienna pogoda sprawia, \u017ce nawet te same miejsca potrafi\u0105 wygl\u0105da\u0107 zgo\u0142a inaczej w ci\u0105gu jednego dnia. Strzeliste szczyty, granitowe \u015bciany, wzburzone morze, fjordy, turkusowe zatoki, zielone wzg\u00f3rza, rajskie pla\u017ce z bia\u0142ym piaskiem, p\u0142aty \u015bniegu w wy\u017cszych partiach g\u00f3r. Lofoty s\u0105 ob\u0142\u0119dne po prostu, mo\u017cna sobie wyobrazi\u0107, \u017ce podobny krajobraz powsta\u0142by gdyby\u015bmy zalali nasze Tatry lub Alpy morzem. <\/p>\n\n\n\n<p class=\"wp-block-paragraph\">Lofoty to g\u00f3ry wystaj\u0105ce prosto z oceanu. To archipelag zbudowany ze ska\u0142 pochodzenia wulkanicznego i metamorficznego. Jego wiek szacuje si\u0119 na 3 miliardy lat co sprawia, \u017ce s\u0105 to jedne z najstarszych g\u00f3r na Ziemi. Lofockie szczyty nie s\u0105 mo\u017ce osza\u0142amiaj\u0105co wysokie ale daj\u0105 niesko\u0144czone mo\u017cliwo\u015bci na w\u0119dr\u00f3wki, hiking, trekking czy wspinanie.<\/p>\n\n\n\n<p class=\"wp-block-paragraph\">Na potrzeby tego tekstu stara\u0142em si\u0119 wybra\u0107 pi\u0119\u0107 szlak\u00f3w trekkingowych, kt\u00f3re zrobi\u0142y na mnie najwi\u0119ksze wra\u017cenie. Nie by\u0142o to \u0142atwe, bowiem Lofoty to takie miejsce, w kt\u00f3rym pi\u0119knie jest dos\u0142ownie wsz\u0119dzie i ka\u017cdy szlak, ka\u017cdy szczyt dostarcza niebywa\u0142ej satysfakcji i wspania\u0142ych widok\u00f3w.<\/p>\n\n\n\n<p class=\"wp-block-paragraph\"><\/p>\n\n\n<div class=\"wp-block-image\">\n<figure class=\"aligncenter size-full\"><img fetchpriority=\"high\" decoding=\"async\" width=\"600\" height=\"900\" src=\"https:\/\/8a.pl\/8academy\/wp-content\/uploads\/2023\/09\/IMG_8730.jpg\" alt=\"\" class=\"wp-image-65605\" srcset=\"https:\/\/8a.pl\/8academy\/wp-content\/uploads\/2023\/09\/IMG_8730.jpg 600w, https:\/\/8a.pl\/8academy\/wp-content\/uploads\/2023\/09\/IMG_8730-200x300.jpg 200w\" sizes=\"(max-width: 600px) 100vw, 600px\" \/><figcaption class=\"wp-element-caption\">Lofoty to outdoorowy raj (fot. Bartek Sabela)<\/figcaption><\/figure>\n<\/div>\n\n\n<h2 class=\"wp-block-heading\" id=\"h-lofoty-trekking-trudnosci-szlakow\">Lofoty trekking &#8211; trudno\u015bci szlak\u00f3w<\/h2>\n\n\n\n<p class=\"wp-block-paragraph\">Najwy\u017cszy szczyt Lofot\u00f3w Higravstinden ma raptem 1146m n.p.m a wi\u0119kszo\u015b\u0107 szczyt\u00f3w oscyluje w okolicy 500-700m n.p.m. G\u00f3ry wyrastaj\u0105 jednak wprost z oceanu a szlaki cz\u0119sto zaczynaj\u0105 si\u0119 nad samym morzem. Zatem id\u0105c na szczyt musimy pokona\u0107 ca\u0142e przewy\u017cszenie. Dla por\u00f3wnania &#8211; r\u00f3\u017cnica wysoko\u015bci na szlaku na Higravstinden jest taka sama jak ta, kt\u00f3r\u0105 musimy pokona\u0107 id\u0105c z Morskiego Oka na Rysy. <\/p>\n\n\n\n<p class=\"wp-block-paragraph\">Szlak\u00f3w trekkingowych na Lofotach jest ca\u0142e mn\u00f3stwo. Ka\u017cda z pi\u0119ciu lofockich wysp obfituje w szlaki r\u00f3\u017cnej d\u0142ugo\u015bci i trudno\u015bci. I tu ma\u0142a uwaga. Przyzwyczajeni do jako\u015bci szlak\u00f3w w Tatrach &#8211; ich oznaczenia, czytelno\u015bci w terenie oraz utrzymania &#8211; mo\u017cemy by\u0107 nieco zaskoczeni. Na Lofotach bywa r\u00f3\u017cnie. S\u0105 szlaki utrzymane doskonale, na kt\u00f3rych spotkamy kamienne stopnie na stromych odcinkach, drewniane k\u0142adki na podmok\u0142ych terenach czy por\u0119cze w niebezpiecznych miejscach. Ale to wyj\u0105tki. Wi\u0119kszo\u015b\u0107 szlak\u00f3w to po prostu w\u0105skie \u015bcie\u017cki. Zdarza si\u0119, \u017ce w\u0119druj\u0105 one terenem bardzo eksponowanym. Dla przyk\u0142adu &#8211; gra\u0144 Festvagtinden z powodzeniem mog\u0142aby stanowi\u0107 fragment Orlej Perci. Nie znajdziemy tam jednak \u017cadnych klamr ani \u0142a\u0144cuch\u00f3w. <\/p>\n\n\n\n<p class=\"wp-block-paragraph\">Lofockie g\u00f3ry bywaj\u0105 bardzo strzeliste, strome a wyceny szlak\u00f3w do\u015b\u0107 odwa\u017cne. Zatem je\u015bli szlak jest opisany jako trudny, we\u017amy to na powa\u017cnie. Na pewno nie jest to szlak, na kt\u00f3ry mo\u017cna si\u0119 wybra\u0107 w klapkach lub na kt\u00f3ry mo\u017cna zabra\u0107 dziecko. <\/p>\n\n\n\n<p class=\"wp-block-paragraph\"><\/p>\n\n\n<div class=\"wp-block-image\">\n<figure class=\"aligncenter size-full\"><img decoding=\"async\" width=\"600\" height=\"900\" src=\"https:\/\/8a.pl\/8academy\/wp-content\/uploads\/2023\/09\/IMG_8721.jpg\" alt=\"\" class=\"wp-image-65604\" srcset=\"https:\/\/8a.pl\/8academy\/wp-content\/uploads\/2023\/09\/IMG_8721.jpg 600w, https:\/\/8a.pl\/8academy\/wp-content\/uploads\/2023\/09\/IMG_8721-200x300.jpg 200w\" sizes=\"(max-width: 600px) 100vw, 600px\" \/><figcaption class=\"wp-element-caption\">Lofoty trekking: na szlaku na Reinebringen (fot. Bartek Sabela)<\/figcaption><\/figure>\n<\/div>\n\n\n<h2 class=\"wp-block-heading\" id=\"h-lofoty-trekking-pogoda\">Lofoty trekking &#8211; pogoda<\/h2>\n\n\n\n<p class=\"wp-block-paragraph\">Pe\u0142ne informacje na temat pogody i sezonu na Lofotach zawarli\u015bmy w poprzednim artykule &#8220;<a href=\"https:\/\/8a.pl\/8academy\/lofoty-gdzie-i-kiedy-jechac\/\" target=\"_blank\" rel=\"noreferrer noopener\">Lofoty \u2013 co warto zobaczy\u0107 i jak si\u0119 na nie dosta\u0107<\/a>&#8220;. Tam znajdziecie r\u00f3wnie\u017c informacje o tym jak dolecie\u0107 lub dojecha\u0107 na wyspy oraz jak zorganizowa\u0107 noclegi. <\/p>\n\n\n\n<p class=\"wp-block-paragraph\">Najlepszym czasem na lofockie trekkingi jest rzecz jasna p\u00f3\u017ana wiosna i lato. Wtedy na Lofotach najmniej pada a dzie\u0144 trwa ca\u0142\u0105 dob\u0119. Niemniej, Lofoty to wyspy nieprzewidywalne i trzeba to bra\u0107 pod uwag\u0119. Zdarza si\u0119, \u017ce nawet w tych najcieplejszych miesi\u0105cach na wyspach b\u0119dzie 10 stopni, porywisty wiatr i wielodniowy deszcz. Lofoty s\u0142yn\u0105 z kapry\u015bnej pogody. Nic w tym dziwnego je\u015bli spojrzymy na map\u0119: to styk l\u0105du, g\u00f3r i Morza Norweskiego i po\u0142o\u017cenie daleko za Ko\u0142em Podbiegunowym. Pogoda potrafi tu by\u0107 bardzo dynamiczna i trzeba to zaakceptowa\u0107. <\/p>\n\n\n\n<p class=\"wp-block-paragraph\">Na pocieszenie warto wspomnie\u0107, \u017ce aura na Lofotach jest te\u017c bardzo lokalna. To, \u017ce w Hennigsvaer leje nie oznacza, \u017ce, dajmy na to w Gims\u00f8ysand, 30 minut dalej, nie \u015bwieci pi\u0119kne s\u0142o\u0144ce. Niemniej, id\u0105c w lofockie g\u00f3ry trzeba zawsze mie\u0107 \u015bwiadomo\u015b\u0107, \u017ce pogoda mo\u017ce si\u0119 zmieni\u0107 w ci\u0105gu kilku minut. Co wi\u0119cej, po deszczu niekt\u00f3re szlaki potrafi\u0105 by\u0107 bardzo \u015bliskie i nieprzyjemne. Warto te\u017c wzi\u0105\u0107 pod uwag\u0119, \u017ce lofockie szlagiery trekkingowe w szczycie sezonu bywaj\u0105 do\u015b\u0107 zat\u0142oczone. Mo\u017ce nie tak jak Giewont na sierpniowy weekend ale jednak o samotno\u015b\u0107 mo\u017ce by\u0107 trudno. <\/p>\n\n\n\n<p class=\"wp-block-paragraph\"><\/p>\n\n\n<div class=\"wp-block-image\">\n<figure class=\"aligncenter size-full\"><img decoding=\"async\" width=\"600\" height=\"900\" src=\"https:\/\/8a.pl\/8academy\/wp-content\/uploads\/2023\/09\/IMG_9164-1.jpg\" alt=\"\" class=\"wp-image-65607\" srcset=\"https:\/\/8a.pl\/8academy\/wp-content\/uploads\/2023\/09\/IMG_9164-1.jpg 600w, https:\/\/8a.pl\/8academy\/wp-content\/uploads\/2023\/09\/IMG_9164-1-200x300.jpg 200w\" sizes=\"(max-width: 600px) 100vw, 600px\" \/><figcaption class=\"wp-element-caption\">G\u00f3ry, g\u00f3ry, wsz\u0119dzie g\u00f3ry! (fot. Bartek Sabela)<\/figcaption><\/figure>\n<\/div>\n\n\n<h2 class=\"wp-block-heading\" id=\"h-lofoty-trekking-przydatne-aplikacje\">Lofoty trekking &#8211; przydatne aplikacje<\/h2>\n\n\n\n<p class=\"wp-block-paragraph\">Najlepiej oczywi\u015bcie kupi\u0107 pi\u0119kn\u0105 papierow\u0105 map\u0119 w jednym z lokalnych sklepik\u00f3w. Ale je\u015bli papieru nie lubicie i wolicie nawigacj\u0119 w telefonie to Lofoty s\u0105 do tego dobrze przygotowane. Ja korzysta\u0142em z dw\u00f3ch aplikacji: mapy.cz (komoot) oraz alltrails. Szczerze m\u00f3wi\u0105c bardziej polubi\u0142em t\u0105 pierwsz\u0105. Interfejs u\u017cytkownika bardziej do mnie przemawia a sama aplikacja ma mn\u00f3stwo fajnych funkcji. Niemniej, na obu znajdziecie mn\u00f3stwo trekkingowych mo\u017cliwo\u015bci na Lofotach. Mapy.cz sprawdza\u0142y si\u0119 \u015bwietnie, by\u0142em zaskoczony tym jak bardzo precyzyjnie wrysowane s\u0105 nawet ma\u0142e, boczne \u015bcie\u017cki. <\/p>\n\n\n\n<p class=\"wp-block-paragraph\"><\/p>\n\n\n<div class=\"wp-block-image\">\n<figure class=\"aligncenter size-full\"><img loading=\"lazy\" decoding=\"async\" width=\"600\" height=\"900\" src=\"https:\/\/8a.pl\/8academy\/wp-content\/uploads\/2023\/09\/IMG_8820.jpg\" alt=\"Lofoty trekking\" class=\"wp-image-65603\" srcset=\"https:\/\/8a.pl\/8academy\/wp-content\/uploads\/2023\/09\/IMG_8820.jpg 600w, https:\/\/8a.pl\/8academy\/wp-content\/uploads\/2023\/09\/IMG_8820-200x300.jpg 200w\" sizes=\"(max-width: 600px) 100vw, 600px\" \/><figcaption class=\"wp-element-caption\">Lofockie szlaki bywaj\u0105 trudne i skaliste (fot. Bartek Sabela)<\/figcaption><\/figure>\n<\/div>\n\n\n<h2 class=\"wp-block-heading\" id=\"h-henningsvaer-festvagtinden-541m-n-p-m\">Henningsv\u00e6r &#8211; Festvagtinden (541m n.p.m)<\/h2>\n\n\n\n<p class=\"wp-block-paragraph\">To jeden z lofockich klasyk\u00f3w i trudno si\u0119 temu dziwi\u0107. Szlak startuje na jednym z zakr\u0119t\u00f3w przed Henningsv\u00e6r. Wej\u015bcie na \u015bcie\u017ck\u0119 mo\u017cna \u0142atwo przeoczy\u0107, oznacza je tylko niewielka tabliczka. Pierwszy odcinek szlaku to \u015bcie\u017cka mi\u0119dzy g\u0142azami, czasami do\u015b\u0107 nieoczywista, kt\u00f3ra p\u00f3\u017aniej wyprowadza nas na strome podej\u015bcie. Mo\u017ce ono by\u0107 do\u015b\u0107 nieprzyjemne gdy grunt jest mokry. Po nieca\u0142ej godzinie dochodzimy do niewielkiego acz uroczego stawu Heiavatnet. Warto tu zrobi\u0107 przystanek, mo\u017cna nawet pop\u0142ywa\u0107. Gdy wejdziemy nieco wy\u017cej tafla stawu wydaje si\u0119 nierealnie zawieszona nad wodami morza w tle. <\/p>\n\n\n\n<p class=\"wp-block-paragraph\">Ze stawu szlak pnie si\u0119 prosto w g\u00f3r\u0119 i robi si\u0119 coraz bardziej stromy. Fragmentami wiedzie przez du\u017ce rumowiska skalne. W kilku miejscach od g\u0142\u00f3wnej \u015bcie\u017cki odbijaj\u0105 mniejsze, poboczne, warto wi\u0119c by\u0107 uwa\u017cnym by nie zb\u0142\u0105dzi\u0107. Po oko\u0142o godzinie od stawu wychodzimy na skal\u0105 i mocno eksponowan\u0105 gra\u0144. St\u0105d do szczytu jest ju\u017c tylko kilkadziesi\u0105t metr\u00f3w, trzeba jednak zachowa\u0107 ostro\u017cno\u015b\u0107, bo mimo du\u017cej ekspozycji nie znajdziemy tu \u017cadnych \u0142a\u0144cuch\u00f3w czy stopni. <\/p>\n\n\n\n<p class=\"wp-block-paragraph\">Ze szczytu mamy widok na po\u0142o\u017cone daleko w dole Henningsv\u00e6r, poblisk\u0105 zatok\u0119, setki ma\u0142ych wysepek i dziesi\u0105tki lofockich szczyt\u00f3w oraz pot\u0119\u017cne granitowe urwisko szczytu Presten. Na Festvagtinden warto wspi\u0105\u0107 si\u0119 pod koniec dnia, na wspania\u0142y zach\u00f3d s\u0142o\u0144ca. Je\u015bli p\u00f3jdziemy grani\u0105 oko\u0142o 400m na p\u00f3\u0142noc trafimy na s\u0142ynny lofocki &#8220;instagram stone&#8221; &#8211; wysuni\u0119te nad urwisko kawa\u0142ek ska\u0142y z widokiem na zatok\u0119. Uwaga jednak &#8211; \u015bcie\u017cka do niego wiod\u0105ca jest do\u015b\u0107 niebezpieczna a sam kamie\u0144 trudno znale\u017a\u0107.<\/p>\n\n\n\n<p class=\"wp-block-paragraph\"><\/p>\n\n\n<div class=\"wp-block-image\">\n<figure class=\"aligncenter size-full\"><img loading=\"lazy\" decoding=\"async\" width=\"600\" height=\"900\" src=\"https:\/\/8a.pl\/8academy\/wp-content\/uploads\/2023\/09\/IMG_8812.jpg\" alt=\"Lofoty trekking\" class=\"wp-image-65602\" srcset=\"https:\/\/8a.pl\/8academy\/wp-content\/uploads\/2023\/09\/IMG_8812.jpg 600w, https:\/\/8a.pl\/8academy\/wp-content\/uploads\/2023\/09\/IMG_8812-200x300.jpg 200w\" sizes=\"(max-width: 600px) 100vw, 600px\" \/><figcaption class=\"wp-element-caption\">Henningsv\u00e6r widziane ze szczytu Festvagtinden (fot. Bartek Sabela)<\/figcaption><\/figure>\n<\/div>\n\n\n<h2 class=\"wp-block-heading\" id=\"h-hoven-367m-n-p-m\">Hoven (367m n.p.m)<\/h2>\n\n\n\n<p class=\"wp-block-paragraph\">Ten szlak, to dla odmiany co\u015b na relaksuj\u0105cy spacer z dzieckiem. Hoven to g\u00f3ra po\u0142o\u017cona na wyspie Gims\u00f8ysand. Do\u015b\u0107 nietypowa jak na Lofoty bo&#8230; samotna. Hoven wyrasta wprost z bagnistego terenu po\u0142o\u017conego tu\u017c przy brzegu. Nietypowe po\u0142o\u017cenie i brak innych szczyt\u00f3w w najbli\u017cszej okolicy sprawia, \u017ce Hoven wydaje si\u0119 znacznie wy\u017cszy ni\u017c jest w rzeczywisto\u015bci. <\/p>\n\n\n\n<p class=\"wp-block-paragraph\">Trekking rozpoczynamy z parkingu przy polu golfowym na p\u00f3\u0142nocy wyspy. St\u0105d sprawnym tempem na szczyt mamy oko\u0142o godziny. Ale kto by na Lofotach chodzi\u0142 szybko? Po co? Przecie\u017c co chwil\u0119 s\u0105 takie widoki, \u017ce trzeba si\u0119 zatrzyma\u0107!<\/p>\n\n\n\n<p class=\"wp-block-paragraph\">Szczyt Hoven daje wspania\u0142\u0105 panoram\u0119, zupe\u0142nie inn\u0105 ni\u017c wy\u017cej opisany Festvagtinden. Szlak na t\u0105 g\u00f3r\u0119 jest do\u015b\u0107 prosty, mo\u017ce z wyj\u0105tkiem jednego nieco bardziej stromego fragmentu. To idealna opcja na spacer dla mniej wprawnych w\u0119drowc\u00f3w oraz dla rodzin z ma\u0142ymi dzie\u0107mi. Po trekkingu warto wpa\u015b\u0107 do pobliskiej restauracji przy stadninie koni. Maj\u0105 tam same pyszno\u015bci, a samo wn\u0119trze jest bardzo ciekawe architektonicznie.<\/p>\n\n\n\n<p class=\"wp-block-paragraph\"><\/p>\n\n\n<div class=\"wp-block-image\">\n<figure class=\"aligncenter size-full\"><img loading=\"lazy\" decoding=\"async\" width=\"600\" height=\"900\" src=\"https:\/\/8a.pl\/8academy\/wp-content\/uploads\/2023\/09\/IMG_8774.jpg\" alt=\"Lofoty trekking\" class=\"wp-image-65601\" srcset=\"https:\/\/8a.pl\/8academy\/wp-content\/uploads\/2023\/09\/IMG_8774.jpg 600w, https:\/\/8a.pl\/8academy\/wp-content\/uploads\/2023\/09\/IMG_8774-200x300.jpg 200w\" sizes=\"(max-width: 600px) 100vw, 600px\" \/><figcaption class=\"wp-element-caption\">Lofoty trekking: widok z g\u00f3ry Hoven (fot. Renata Sabela)<\/figcaption><\/figure>\n<\/div>\n\n\n<h2 class=\"wp-block-heading\" id=\"h-ryten-543m-n-p-m\">Ryten (543m n.p.m)<\/h2>\n\n\n\n<p class=\"wp-block-paragraph\">Ryten to szczyt po\u0142o\u017cony na p\u00f3\u0142nocy wyspy Moskenes\u00f8ya na obszarze parku narodowego. Zdecydowanie jeden z moich lofockich faworyt\u00f3w. Wspania\u0142y, do\u015b\u0107 d\u0142ugi, bardzo r\u00f3\u017cnorodny szlak wiod\u0105c na bajecznie pi\u0119kny punkt widokowy. Szlak ten nie jest trudny, spokojnie mo\u017cna wybra\u0107 si\u0119 na niego z dzieckiem. Nieliczne trudniejsze fragmenty szlaku s\u0105 ubezpieczone a nad podmok\u0142ymi terenami przerzucono drewniane k\u0142adki. <\/p>\n\n\n\n<p class=\"wp-block-paragraph\">Auto zostawiamy na jednym z dw\u00f3ch p\u0142atnych, dobrze oznaczonych parking\u00f3w na zach\u00f3d od miejscowo\u015bci Fredvang. Wpierw trawersujemy podmok\u0142e pola, na szcz\u0119\u015bcie s\u0105 tu drewniane k\u0142adki. Potem szlak pnie si\u0119 w g\u00f3r\u0119 i wyprowadza nas na malownicze plateau. Mijamy pierwszy staw, potem zn\u00f3w trawersujemy podmok\u0142e tereny. Po oko\u0142o godzinie dochodzimy do skrzy\u017cowania szlak\u00f3w na rozleg\u0142ej prze\u0142\u0119czy. Nieco w dole wida\u0107 staw Forsvatnet. Poni\u017cej za\u015b, jeszcze w oddali wida\u0107 jedn\u0105 z najpi\u0119kniejszych lofockich pla\u017c &#8211; Kvalvika Beach. St\u0105d mo\u017cemy uda\u0107 si\u0119 wprost na pla\u017c\u0119 lub i\u015b\u0107 dalej w kierunku szczytu Ryten. Zdecydowanie polecam to drugie rozwi\u0105zanie. Szlak robi si\u0119 tu nieco bardziej stromy ale trudy podej\u015bcia wynagradza widok z wierzcho\u0142ka. <\/p>\n\n\n\n<p class=\"wp-block-paragraph\">Wracaj\u0105c mo\u017cna zej\u015b\u0107 do samej pla\u017cy Kvalvika cho\u0107 to jeszcze kawa\u0142ek drogi. By nie wraca\u0107 t\u0105 sam\u0105 drog\u0105, z pla\u017cy mo\u017cna wr\u00f3ci\u0107 szlakiem id\u0105cym na po\u0142udnie od szczytu Torsfjordtinden. Wtedy szlak ko\u0144czymy nad brzegiem fjordu na po\u0142udnie od miejscowo\u015bci Fredvang.<\/p>\n\n\n\n<p class=\"wp-block-paragraph\"><\/p>\n\n\n<div class=\"wp-block-image\">\n<figure class=\"aligncenter size-full\"><img loading=\"lazy\" decoding=\"async\" width=\"600\" height=\"900\" src=\"https:\/\/8a.pl\/8academy\/wp-content\/uploads\/2023\/09\/IMG_9053.jpg\" alt=\"Lofoty trekking\" class=\"wp-image-65600\" srcset=\"https:\/\/8a.pl\/8academy\/wp-content\/uploads\/2023\/09\/IMG_9053.jpg 600w, https:\/\/8a.pl\/8academy\/wp-content\/uploads\/2023\/09\/IMG_9053-200x300.jpg 200w\" sizes=\"(max-width: 600px) 100vw, 600px\" \/><figcaption class=\"wp-element-caption\">Lofoty trekking: pla\u017ca Kvalvika widziana ze szczytu Ryten (fot. Renata Sabela)<\/figcaption><\/figure>\n<\/div>\n\n\n<h2 class=\"wp-block-heading\" id=\"h-reine-reinebringen-666m-n-p-m\">Reine &#8211; Reinebringen (666m n.p.m)<\/h2>\n\n\n\n<p class=\"wp-block-paragraph\">Kolejny lofocki klasyk po\u0142o\u017cony na wyspie Moskenes\u00f8ya. Na Reinebringen po prostu trzeba wej\u015b\u0107. Niestety wie to ka\u017cdy kto przyje\u017cd\u017ca do malowniczej miejscowo\u015bci Reine. Ale niech was to nie zniech\u0119ca. I tak warto!<\/p>\n\n\n\n<p class=\"wp-block-paragraph\">Auto zostawiamy na jednym z parking\u00f3w w samym Reine, na przyk\u0142ad pod informacj\u0105 turystyczn\u0105. St\u0105d przechodzimy przez most i idziemy wzd\u0142u\u017c drogi. Sam szlak na szczyt rozpoczyna si\u0119 tu\u017c za kr\u00f3tkim tunelem. Ok, to nie jest najpi\u0119kniejszy szlak jakim szed\u0142em na Lofotach. Jest monotonny, ca\u0142y wy\u0142o\u017cony granitowymi stopniami i przez wi\u0119kszo\u015b\u0107 drogi widok mamy tylko na jedn\u0105 stron\u0119. Ale jak tylko dojdziemy do grani&#8230;<\/p>\n\n\n\n<p class=\"wp-block-paragraph\">Wcale nie trzeb i\u015b\u0107 na sam szczyt Reinebringen. Wi\u0119kszo\u015b\u0107 os\u00f3b tam nie idzie. Wystarczy doj\u015b\u0107 do niewielkiego siod\u0142a na grani. St\u0105d mamy jeden z najs\u0142ynniejszych lofockich widok\u00f3w: w dole po\u0142o\u017cone na wysepkach Reine, za nim morze. Po lewej stronie za\u015b fjordy a nad nimi kolejne grzbiety g\u00f3r. <\/p>\n\n\n\n<p class=\"wp-block-paragraph\">Uwaga techniczna: w wielu opisach tego szlaku znajdziecie informacj\u0119, \u017ce jest on bardzo \u015bliski i przez to niebezpieczny. By\u0142, ju\u017c nie jest. Niedawno szlak na Reinebringen zosta\u0142 wyremontowany i obecnie prawie ca\u0142y wy\u0142o\u017cony jest wygodnymi granitowymi schodami.<\/p>\n\n\n\n<p class=\"wp-block-paragraph\"><\/p>\n\n\n<div class=\"wp-block-image\">\n<figure class=\"aligncenter size-full\"><img loading=\"lazy\" decoding=\"async\" width=\"600\" height=\"900\" src=\"https:\/\/8a.pl\/8academy\/wp-content\/uploads\/2023\/09\/IMG_8745.jpg\" alt=\"Lofoty trekking\" class=\"wp-image-65599\" srcset=\"https:\/\/8a.pl\/8academy\/wp-content\/uploads\/2023\/09\/IMG_8745.jpg 600w, https:\/\/8a.pl\/8academy\/wp-content\/uploads\/2023\/09\/IMG_8745-200x300.jpg 200w\" sizes=\"(max-width: 600px) 100vw, 600px\" \/><figcaption class=\"wp-element-caption\">Lofoty trekking: widok na Reine z prze\u0142\u0119czy pod Reinebringen (fot. Renata Sabela)<\/figcaption><\/figure>\n<\/div>\n\n\n<h2 class=\"wp-block-heading\" id=\"h-a-andstabben-514m-n-p-m\">\u00c5 &#8211; Andstabben (514m n.p.m)<\/h2>\n\n\n\n<p class=\"wp-block-paragraph\">Zostajemy na wyspie Moskenes\u00f8ya, jedziemy jednak dalej na zach\u00f3d do ostatniej miejscowo\u015bci o wdzi\u0119cznej nazwie \u00c5. Tu ko\u0144czy si\u0119 asfalt, dalej ju\u017c tylko ocean, g\u00f3ry i teren parku narodowego. \u00c5 to koniec i zarazem pocz\u0105tek Lofot\u00f3w, to ostatnia litera norweskiego alfabetu. Jad\u0105c drog\u0105 E10, min\u0105wszy Moskenes oraz kr\u00f3tki tunel za Tind, dotrzemy do du\u017cego parkingu. Tu zostawiamy auto.<\/p>\n\n\n\n<p class=\"wp-block-paragraph\">Wprost z parkingu startuje szlak na g\u00f3ruj\u0105cy nad \u00c5 szczyt Andstabben. Co ciekawe, szlaku tego nie znajdziecie ani na mapy.cz ani na alltrails. Jest on jednak wytyczony i oznaczony. Nie jest to jednak taki szlak jak na wspomniany Reinebringen. \u015acie\u017cka wije si\u0119 wpierw \u0142agodnym zboczem, z kt\u00f3rego rozci\u0105gaj\u0105 si\u0119 coraz to lepsze widoki na \u00c5. Wkr\u00f3tce dochodzimy nad spore jezioro \u00c5gvatnet. Od tego miejsca \u015bcie\u017cka robi si\u0119 coraz bardziej stroma a w pewnym momencie tak\u017ce bardzo eksponowana. Gdy miniemy g\u0142\u00f3wne spi\u0119trzenie szlak zn\u00f3w nieco si\u0119 k\u0142adzie i wyprowadza nas na rozleg\u0142e plateau wiod\u0105ce na szczyt Andstabben. A st\u0105d&#8230; krajobraz zmusza do wzrusze\u0144!<\/p>\n\n\n\n<p class=\"wp-block-paragraph\">Po trekkingu koniecznie zejd\u017acie do samego \u00c5. Tam na ma\u0142ym rynku jest s\u0142ynna piekarnia, w kt\u00f3rej serwuj\u0105 cynamonki i bardzo dobr\u0105, jak na norweskie warunki, kaw\u0119!<\/p>\n\n\n\n<p class=\"wp-block-paragraph\"><\/p>\n\n\n<div class=\"wp-block-image\">\n<figure class=\"aligncenter size-full\"><img loading=\"lazy\" decoding=\"async\" width=\"600\" height=\"900\" src=\"https:\/\/8a.pl\/8academy\/wp-content\/uploads\/2023\/09\/WhatsApp-Image-2023-09-15-at-12.27.41.jpeg\" alt=\"\" class=\"wp-image-65612\" srcset=\"https:\/\/8a.pl\/8academy\/wp-content\/uploads\/2023\/09\/WhatsApp-Image-2023-09-15-at-12.27.41.jpeg 600w, https:\/\/8a.pl\/8academy\/wp-content\/uploads\/2023\/09\/WhatsApp-Image-2023-09-15-at-12.27.41-200x300.jpeg 200w\" sizes=\"(max-width: 600px) 100vw, 600px\" \/><figcaption class=\"wp-element-caption\">Lofoty trekking: w drodze na Andstabben (fot. Renata Sabela)<\/figcaption><\/figure>\n<\/div>","protected":false},"excerpt":{"rendered":"<p>Lofoty to trekkingowy raj i nie ma w tym \u017cadnej przesady. Cho\u0107 g\u00f3ry na wyspach nie s\u0105 wysokie to bez w\u0105tpienia s\u0105 jednymi z najpi\u0119kniejszych po jakich chodzi\u0142em.<\/p>\n","protected":false},"author":65,"featured_media":65615,"comment_status":"closed","ping_status":"closed","sticky":false,"template":"","format":"standard","meta":{"_acf_changed":false,"_uf_show_specific_survey":0,"_uf_disable_surveys":false,"footnotes":""},"categories":[26070],"tags":[26082,26077,26085],"class_list":["post-65595","post","type-post","status-publish","format-standard","has-post-thumbnail","hentry","category-turystyka-trekking","tag-lato","tag-przewodnik","tag-trekking"],"acf":[],"yoast_head":"<!-- This site is optimized with the Yoast SEO Premium plugin v23.4 (Yoast SEO v25.5) - https:\/\/yoast.com\/wordpress\/plugins\/seo\/ -->\n<title>Lofoty - trekking od morza po szczyty | 8academy<\/title>\n<meta name=\"description\" content=\"Norweskie Lofoty to trekkingowy raj na styku g\u00f3r i oceanu. Kiedy jecha\u0107, gdzie si\u0119 wybra\u0107, co wzi\u0105\u0107 pod uwag\u0119?\" \/>\n<meta name=\"robots\" content=\"index, follow, max-snippet:-1, max-image-preview:large, max-video-preview:-1\" \/>\n<link rel=\"canonical\" href=\"https:\/\/8a.pl\/8academy\/lofoty-trekking-od-morza-po-szczyty\/\" \/>\n<meta property=\"og:locale\" content=\"pl_PL\" \/>\n<meta property=\"og:type\" content=\"article\" \/>\n<meta property=\"og:title\" content=\"Lofoty - trekking od morza po szczyty\" \/>\n<meta property=\"og:description\" content=\"Norweskie Lofoty to trekkingowy raj na styku g\u00f3r i oceanu. Kiedy jecha\u0107, gdzie si\u0119 wybra\u0107, co wzi\u0105\u0107 pod uwag\u0119?\" \/>\n<meta property=\"og:url\" content=\"https:\/\/8a.pl\/8academy\/lofoty-trekking-od-morza-po-szczyty\/\" \/>\n<meta property=\"og:site_name\" content=\"8academy.pl - portal g\u00f3rski i wspinaczkowy dla aktywnych\" \/>\n<meta property=\"article:publisher\" content=\"https:\/\/pl-pl.facebook.com\/sklep8apl\/\" \/>\n<meta property=\"article:published_time\" content=\"2023-09-18T10:43:35+00:00\" \/>\n<meta property=\"article:modified_time\" content=\"2023-12-01T17:40:34+00:00\" \/>\n<meta property=\"og:image\" content=\"http:\/\/8a.pl\/8academy\/wp-content\/uploads\/2023\/09\/8ACADEMY_FB_-4.jpg\" \/>\n\t<meta property=\"og:image:width\" content=\"1200\" \/>\n\t<meta property=\"og:image:height\" content=\"628\" \/>\n\t<meta property=\"og:image:type\" content=\"image\/jpeg\" \/>\n<meta name=\"author\" content=\"Bartek Sabela\" \/>\n<meta name=\"twitter:card\" content=\"summary_large_image\" \/>\n<meta name=\"twitter:label1\" content=\"Napisane przez\" \/>\n\t<meta name=\"twitter:data1\" content=\"Bartek Sabela\" \/>\n\t<meta name=\"twitter:label2\" content=\"Szacowany czas czytania\" \/>\n\t<meta name=\"twitter:data2\" content=\"13 minut\" \/>\n<!-- \/ Yoast SEO Premium plugin. -->","yoast_head_json":{"title":"Lofoty - trekking od morza po szczyty | 8academy","description":"Norweskie Lofoty to trekkingowy raj na styku g\u00f3r i oceanu. Kiedy jecha\u0107, gdzie si\u0119 wybra\u0107, co wzi\u0105\u0107 pod uwag\u0119?","robots":{"index":"index","follow":"follow","max-snippet":"max-snippet:-1","max-image-preview":"max-image-preview:large","max-video-preview":"max-video-preview:-1"},"canonical":"https:\/\/8a.pl\/8academy\/lofoty-trekking-od-morza-po-szczyty\/","og_locale":"pl_PL","og_type":"article","og_title":"Lofoty - trekking od morza po szczyty","og_description":"Norweskie Lofoty to trekkingowy raj na styku g\u00f3r i oceanu. Kiedy jecha\u0107, gdzie si\u0119 wybra\u0107, co wzi\u0105\u0107 pod uwag\u0119?","og_url":"https:\/\/8a.pl\/8academy\/lofoty-trekking-od-morza-po-szczyty\/","og_site_name":"8academy.pl - portal g\u00f3rski i wspinaczkowy dla aktywnych","article_publisher":"https:\/\/pl-pl.facebook.com\/sklep8apl\/","article_published_time":"2023-09-18T10:43:35+00:00","article_modified_time":"2023-12-01T17:40:34+00:00","og_image":[{"width":1200,"height":628,"url":"http:\/\/8a.pl\/8academy\/wp-content\/uploads\/2023\/09\/8ACADEMY_FB_-4.jpg","type":"image\/jpeg"}],"author":"Bartek Sabela","twitter_card":"summary_large_image","twitter_misc":{"Napisane przez":"Bartek Sabela","Szacowany czas czytania":"13 minut"},"schema":{"@context":"https:\/\/schema.org","@graph":[{"@type":"Article","@id":"https:\/\/8a.pl\/8academy\/lofoty-trekking-od-morza-po-szczyty\/#article","isPartOf":{"@id":"https:\/\/8a.pl\/8academy\/lofoty-trekking-od-morza-po-szczyty\/"},"author":{"name":"Bartek Sabela","@id":"https:\/\/8a.pl\/8academy\/#\/schema\/person\/e22ca727e75101e41d37449acf069b23"},"headline":"Lofoty &#8211; trekking od morza po szczyty","datePublished":"2023-09-18T10:43:35+00:00","dateModified":"2023-12-01T17:40:34+00:00","mainEntityOfPage":{"@id":"https:\/\/8a.pl\/8academy\/lofoty-trekking-od-morza-po-szczyty\/"},"wordCount":2099,"publisher":{"@id":"https:\/\/8a.pl\/8academy\/#organization"},"image":{"@id":"https:\/\/8a.pl\/8academy\/lofoty-trekking-od-morza-po-szczyty\/#primaryimage"},"thumbnailUrl":"https:\/\/8a.pl\/8academy\/wp-content\/uploads\/2023\/09\/IMG_8774-1.jpg","keywords":["Lato","Przewodnik","Trekking"],"articleSection":["Turystyka \/ trekking"],"inLanguage":"pl-PL"},{"@type":"WebPage","@id":"https:\/\/8a.pl\/8academy\/lofoty-trekking-od-morza-po-szczyty\/","url":"https:\/\/8a.pl\/8academy\/lofoty-trekking-od-morza-po-szczyty\/","name":"Lofoty - trekking od morza po szczyty | 8academy","isPartOf":{"@id":"https:\/\/8a.pl\/8academy\/#website"},"primaryImageOfPage":{"@id":"https:\/\/8a.pl\/8academy\/lofoty-trekking-od-morza-po-szczyty\/#primaryimage"},"image":{"@id":"https:\/\/8a.pl\/8academy\/lofoty-trekking-od-morza-po-szczyty\/#primaryimage"},"thumbnailUrl":"https:\/\/8a.pl\/8academy\/wp-content\/uploads\/2023\/09\/IMG_8774-1.jpg","datePublished":"2023-09-18T10:43:35+00:00","dateModified":"2023-12-01T17:40:34+00:00","description":"Norweskie Lofoty to trekkingowy raj na styku g\u00f3r i oceanu. Kiedy jecha\u0107, gdzie si\u0119 wybra\u0107, co wzi\u0105\u0107 pod uwag\u0119?","breadcrumb":{"@id":"https:\/\/8a.pl\/8academy\/lofoty-trekking-od-morza-po-szczyty\/#breadcrumb"},"inLanguage":"pl-PL","potentialAction":[{"@type":"ReadAction","target":["https:\/\/8a.pl\/8academy\/lofoty-trekking-od-morza-po-szczyty\/"]}]},{"@type":"ImageObject","inLanguage":"pl-PL","@id":"https:\/\/8a.pl\/8academy\/lofoty-trekking-od-morza-po-szczyty\/#primaryimage","url":"https:\/\/8a.pl\/8academy\/wp-content\/uploads\/2023\/09\/IMG_8774-1.jpg","contentUrl":"https:\/\/8a.pl\/8academy\/wp-content\/uploads\/2023\/09\/IMG_8774-1.jpg","width":1100,"height":715},{"@type":"BreadcrumbList","@id":"https:\/\/8a.pl\/8academy\/lofoty-trekking-od-morza-po-szczyty\/#breadcrumb","itemListElement":[{"@type":"ListItem","position":1,"name":"Strona g\u0142\u00f3wna","item":"https:\/\/8a.pl\/8academy\/"},{"@type":"ListItem","position":2,"name":"Lofoty &#8211; trekking od morza po szczyty"}]},{"@type":"WebSite","@id":"https:\/\/8a.pl\/8academy\/#website","url":"https:\/\/8a.pl\/8academy\/","name":"8academy.pl - portal g\u00f3rski i wspinaczkowy dla aktywnych","description":"8academy to portal g\u00f3rski o wspinaczce, trekkingu i skiturach. Znajdziesz tu porady, testy sprz\u0119tu i opisy najlepszych rejon\u00f3w. Inspirujemy zdobywc\u00f3w!","publisher":{"@id":"https:\/\/8a.pl\/8academy\/#organization"},"potentialAction":[{"@type":"SearchAction","target":{"@type":"EntryPoint","urlTemplate":"https:\/\/8a.pl\/8academy\/?s={search_term_string}"},"query-input":{"@type":"PropertyValueSpecification","valueRequired":true,"valueName":"search_term_string"}}],"inLanguage":"pl-PL"},{"@type":"Organization","@id":"https:\/\/8a.pl\/8academy\/#organization","name":"8academy.pl - portal g\u00f3rski i wspinaczkowy dla aktywnych","url":"https:\/\/8a.pl\/8academy\/","logo":{"@type":"ImageObject","inLanguage":"pl-PL","@id":"https:\/\/8a.pl\/8academy\/#\/schema\/logo\/image\/","url":"https:\/\/8a.pl\/8academy\/wp-content\/uploads\/2015\/11\/logo.png","contentUrl":"https:\/\/8a.pl\/8academy\/wp-content\/uploads\/2015\/11\/logo.png","width":438,"height":315,"caption":"8academy.pl - portal g\u00f3rski i wspinaczkowy dla aktywnych"},"image":{"@id":"https:\/\/8a.pl\/8academy\/#\/schema\/logo\/image\/"},"sameAs":["https:\/\/pl-pl.facebook.com\/sklep8apl\/","https:\/\/www.instagram.com\/8apl\/"]},{"@type":"Person","@id":"https:\/\/8a.pl\/8academy\/#\/schema\/person\/e22ca727e75101e41d37449acf069b23","name":"Bartek Sabela","image":{"@type":"ImageObject","inLanguage":"pl-PL","@id":"https:\/\/8a.pl\/8academy\/#\/schema\/person\/image\/","url":"https:\/\/8a.pl\/8academy\/wp-content\/uploads\/2021\/12\/16252272_10154857072453080_621620303196739718_o-150x150.jpg","contentUrl":"https:\/\/8a.pl\/8academy\/wp-content\/uploads\/2021\/12\/16252272_10154857072453080_621620303196739718_o-150x150.jpg","caption":"Bartek Sabela"},"url":"https:\/\/8a.pl\/8academy\/author\/bartek\/"}]}},"_links":{"self":[{"href":"https:\/\/8a.pl\/8academy\/wp-json\/wp\/v2\/posts\/65595","targetHints":{"allow":["GET"]}}],"collection":[{"href":"https:\/\/8a.pl\/8academy\/wp-json\/wp\/v2\/posts"}],"about":[{"href":"https:\/\/8a.pl\/8academy\/wp-json\/wp\/v2\/types\/post"}],"author":[{"embeddable":true,"href":"https:\/\/8a.pl\/8academy\/wp-json\/wp\/v2\/users\/65"}],"replies":[{"embeddable":true,"href":"https:\/\/8a.pl\/8academy\/wp-json\/wp\/v2\/comments?post=65595"}],"version-history":[{"count":6,"href":"https:\/\/8a.pl\/8academy\/wp-json\/wp\/v2\/posts\/65595\/revisions"}],"predecessor-version":[{"id":65613,"href":"https:\/\/8a.pl\/8academy\/wp-json\/wp\/v2\/posts\/65595\/revisions\/65613"}],"wp:featuredmedia":[{"embeddable":true,"href":"https:\/\/8a.pl\/8academy\/wp-json\/wp\/v2\/media\/65615"}],"wp:attachment":[{"href":"https:\/\/8a.pl\/8academy\/wp-json\/wp\/v2\/media?parent=65595"}],"wp:term":[{"taxonomy":"category","embeddable":true,"href":"https:\/\/8a.pl\/8academy\/wp-json\/wp\/v2\/categories?post=65595"},{"taxonomy":"post_tag","embeddable":true,"href":"https:\/\/8a.pl\/8academy\/wp-json\/wp\/v2\/tags?post=65595"}],"curies":[{"name":"wp","href":"https:\/\/api.w.org\/{rel}","templated":true}]}}