{"id":64558,"date":"2023-07-31T09:00:00","date_gmt":"2023-07-31T07:00:00","guid":{"rendered":"https:\/\/8a.pl\/8academy\/?p=64558"},"modified":"2024-07-25T10:33:11","modified_gmt":"2024-07-25T08:33:11","slug":"gory-swietokrzyskie-co-zobaczyc","status":"publish","type":"post","link":"https:\/\/8a.pl\/8academy\/gory-swietokrzyskie-co-zobaczyc\/","title":{"rendered":"G\u00f3ry \u015awi\u0119tokrzyskie &#8211; co zobaczy\u0107"},"content":{"rendered":"\n<p class=\"wp-block-paragraph\">Zm\u0119czeni Tatrami i Beskidem \u015al\u0105skim? W naszym letnim cyklu opisujemy kolejne, mniej znane, pasma g\u00f3rskie w Polsce. W poprzednim opisywali\u015bmy <a href=\"https:\/\/8a.pl\/8academy\/gory-sowie-co-zobaczyc\/\" target=\"_blank\" rel=\"noreferrer noopener\">G\u00f3ry Sowie<\/a>, dzi\u015b G\u00f3ry \u015awi\u0119tokrzyskie. To jedyne pasmo g\u00f3rskie le\u017c\u0105ce poza \u0142a\u0144cuchem Sudet\u00f3w i Karpat. Mog\u0142y by si\u0119 wydawa\u0107 niepozorne i mo\u017ce ma\u0142o ciekawe ale.. to g\u00f3ry unikalne w skali ca\u0142ej Europy. Dlaczego? To jedne z najstarszych g\u00f3r na naszym kontynencie. Ich historia ma ponad 500mln lat i si\u0119ga okresu o nazwie Kambr. W kolejnych okresach geologicznych g\u00f3ry by\u0142 na przemian wypi\u0119trzane, niszczone a nawet zalewane przez morza. Z geologicznego punktu widzenia G\u00f3ry \u015awi\u0119tokrzyskie s\u0105 jednym z najwa\u017cniejszych obszar\u00f3w w Europie. To dlatego, \u017ce na powierzchni ziemi wyst\u0119puj\u0105 to ska\u0142y osadowe reprezentuj\u0105ce wszystkie okresy geologiczne od prekambry do czwartorz\u0119du. G\u00f3ry \u015awi\u0119tokrzyskie to podr\u00f3\u017c w czasie do pocz\u0105tk\u00f3w naszej ziemi.<\/p>\n\n\n\n<p class=\"wp-block-paragraph\">Wbrew pozorom G\u00f3ry \u015awi\u0119tokrzyskie wcale nie s\u0105 takie ma\u0142e. W ich sk\u0142ad wchodzi a\u017c kilkana\u015bcie r\u00f3wnoleg\u0142ych, po\u0142o\u017conych r\u00f3wnole\u017cnikowo pasm, z kt\u00f3rych g\u0142\u00f3wne ma oko\u0142o 70km d\u0142ugo\u015bci. To mniej wi\u0119cej tyle co Tatry. g\u00f3ry po\u0142o\u017cone s\u0105 w centralnej cz\u0119\u015bci Wy\u017cyny Kieleckiej a same Kielce stanowi\u0105 g\u0142\u00f3wny w\u0119ze\u0142 komunikacyjny. Owszem, G\u00f3ry \u015awi\u0119tokrzyskie nie nale\u017c\u0105 do najwy\u017cszych &#8211; \u0141ysica ma jedynie 614 m n.p.m. Z pewno\u015bci\u0105 jednak nale\u017c\u0105 do najciekawszych pasm w naszym kraju. Maj\u0105 r\u00f3wnie\u017c inn\u0105 niew\u0105tpliw\u0105 zalet\u0119 &#8211; s\u0105 znacznie bli\u017cej dla mieszka\u0144c\u00f3w centralnej i p\u00f3\u0142nocnej Polski ni\u017c Sudety i Karpaty. Co zobaczy\u0107 b\u0119d\u0105c w G\u00f3rach \u015awi\u0119tokrzyskich? Oto kilka naszych propozycji.<\/p>\n\n\n\n<h2 class=\"wp-block-heading\" id=\"h-gory-swietokrzyskie-co-zobaczyc-swietokrzyski-park-narodowy\">G\u00f3ry \u015bwi\u0119tokrzyskie &#8211; co zobaczy\u0107? \u015awi\u0119tokrzyski Park Narodowy<\/h2>\n\n\n\n<p class=\"wp-block-paragraph\">To unikalne pasmo obj\u0119to parkiem narodowym w 1950 roku. To trzeci najstarszy park narodowy w Polsce i jeden z wi\u0119kszych pod wzgl\u0119dem powierzchni. Obejmuje pasmo \u0141ysog\u00f3r, \u0141ys\u0105 G\u00f3r\u0119, cz\u0119\u015b\u0107 Pasma Klonowskiego, Doliny Wilkowskiej i&nbsp;Doliny D\u0119bnia\u0144skiej, oraz trzy enklawy. Park powsta\u0142 by chroni\u0107 zar\u00f3wno unikaln\u0105 flor\u0119 (95% jego powierzchni to lasy) i jak i faun\u0119. Wyst\u0119puje tam 45 gatunk\u00f3w ssak\u00f3w, 14 gatunk\u00f3w p\u0142az\u00f3w, 6 gatunk\u00f3w gad\u00f3w i a\u017c 150 gatunk\u00f3w ptak\u00f3w. Gratka dla ornitolog\u00f3w prawda? Ale G\u00f3ry \u015awi\u0119tokrzyskie kryj\u0105 r\u00f3wnie\u017c wyj\u0105tkowe formacje krajobrazowe, z kt\u00f3rych najbardziej znane to go\u0142oborza. Nazwa wywodzi si\u0119 od ludowego terminu &#8220;go\u0142e do boru&#8221; czyli pozbawione lasu. To specyficzne rumowiska skalne na grzbietach g\u00f3r. Powsta\u0142y w klimacie peryglacjalnym czyli wyst\u0119puj\u0105cym na przedpolu l\u0105dolod\u00f3w, kt\u00f3ry stworzy\u0142 charakterystyczne warunki do wietrzenia&nbsp;i rozpadu ska\u0142.<\/p>\n\n\n\n<p class=\"wp-block-paragraph\">Przez \u015awi\u0119tokrzyski Park Narodowy przebiega wiele szlak\u00f3w turystycznych, z kt\u00f3rych g\u0142\u00f3wne to:<\/p>\n\n\n\n<ul class=\"wp-block-list\">\n<li>czerwony z&nbsp;Trzcianki do&nbsp;\u015awi\u0119tej Katarzyny;<\/li>\n\n\n\n<li>niebieski z&nbsp;Nowej S\u0142upi na&nbsp;\u015awi\u0119ty Krzy\u017c;<\/li>\n\n\n\n<li>niebieski z&nbsp;Bodzentyna do&nbsp;\u015awi\u0119tej Katarzyny;<\/li>\n\n\n\n<li>zielony przebiegaj\u0105cy w&nbsp;granicach parku od&nbsp;Zag\u00f3rza do&nbsp;Psar\u00f3w Podleskich;<\/li>\n\n\n\n<li>\u017c\u00f3\u0142ty przebiegaj\u0105cy w&nbsp;granicach parku od&nbsp;Klonowa do&nbsp;Bukowej G\u00f3ry;<\/li>\n\n\n\n<li>czarny przez enklaw\u0119 \u015aPN G\u00f3ry Che\u0142mowej.<\/li>\n<\/ul>\n\n\n\n<p class=\"wp-block-paragraph\">Pere\u0142k\u0105 dla mi\u0142o\u015bnik\u00f3w hikingu i trekkingu b\u0119dzie G\u0142\u00f3wny Szlak \u015awi\u0119tokrzyski \u0142\u0105cz\u0105cy miejscowo\u015bci Ku\u017aniaki na zachodzie i Go\u0142oszyce na wschodzie. Ma 105 km d\u0142ugo\u015bci i biegnie przez najwy\u017csze szczyty i&nbsp;najbardziej znane atrakcje. Obejmuje najciekawsze miejsca w&nbsp;regionie, w&nbsp;tym lokalne zabytki, sanktuaria, rezerwaty i&nbsp;muzea.<\/p>\n\n\n\n<h2 class=\"wp-block-heading\" id=\"h-lysica\">\u0141ysica<\/h2>\n\n\n\n<p class=\"wp-block-paragraph\">Kto kolekcjonuje szczyty Korony G\u00f3r Polski musi wej\u015b\u0107 na \u0141ysic\u0119. A kto nie kolekcjonuje &#8211; mo\u017ce i powinien bo jest tam pi\u0119knie. Najwy\u017cszy szczyt G\u00f3r \u015awi\u0119tokrzyskich le\u017cy we zachodniej cz\u0119\u015bci \u0141ysog\u00f3r i ma dwa wierzcho\u0142ki &#8211; w\u0142a\u015bciwy, na kt\u00f3rym znajduje si\u0119 s\u0142ynny krzy\u017c oraz r\u00f3wnie wysoki nazywany Ska\u0142\u0105 Agaty. Na szczyt mo\u017cna wej\u015b\u0107 czerwonym szlakiem zaczynaj\u0105c z miejscowo\u015bci \u015awi\u0119ta Katarzyna. Podej\u015bcie jest do\u015b\u0107 \u0142agodne i zajmuje oko\u0142o godzin\u0119. Nieopodal szczytu mijamy s\u0142ynne rozleg\u0142e go\u0142oborza, charakterystyczne dla G\u00f3r \u015awi\u0119tokrzyskich. Min\u0105wszy g\u0142\u00f3wny wierzcho\u0142ek, id\u0105c w stron\u0119 Ska\u0142y Agaty (oko\u0142o 700m) zobaczymy kolejne rumowiska. Hiking mo\u017cna zako\u0144czy\u0107 w miejscowo\u015bci Kakonin. <\/p>\n\n\n\n<h2 class=\"wp-block-heading\" id=\"h-lysa-gora-swiety-krzyz\">\u0141ysa G\u00f3ra (\u015awi\u0119ty Krzy\u017c)<\/h2>\n\n\n\n<p class=\"wp-block-paragraph\">Na wschodnim kra\u0144cu Parku Narodowego znajduje si\u0119 s\u0142ynna \u0141ysa G\u00f3ra. Jest ni\u017csza ni\u017c Lysica, bo ma jedynie 594 m n.p.m. Na szczyt ruszamy z miejscowo\u015bci Nowa S\u0142upia. \u0141ysa G\u00f3ra to przede wszystkim miejsce tajemnicze. Id\u0105c na szczyt mijamy wa\u0142 kultowy, otaczaj\u0105cy parti\u0119 szczytow\u0105 wzniesienia na odcinku oko\u0142o 1,5km. Powsta\u0142 najprawdopodobniej oko\u0142o IX-X wieku i by\u0142 cz\u0119\u015bci\u0105 o\u015brodka przedchrze\u015bcija\u0144skich kult\u00f3w s\u0142owia\u0144skich. Podobne wa\u0142y mo\u017cna znale\u017a\u0107 na \u015al\u0119zy i Raduni. <\/p>\n\n\n\n<p class=\"wp-block-paragraph\">Id\u0105c dalej w kierunku szczytu dojdziemy do s\u0142ynnego klasztoru Misjonarzy Oblat\u00f3w. Nale\u017cy ono do najstarszych opactw w Polsce &#8211; jego historia si\u0119ga XII wieku. Tu przechowywane s\u0105 relikwie drzewa \u015awi\u0119tego Krzy\u017ca, od kt\u00f3rych wywodzi si\u0119 nazwa g\u00f3r. <\/p>\n\n\n\n<p class=\"wp-block-paragraph\">Sam szczyt jest niestety oszpecony pot\u0119\u017cn\u0105 wie\u017c\u0105 telewizyjn\u0105. Ma jednak pewn\u0105 atrakcj\u0119 &#8211; platform\u0119 widokow\u0105 z kt\u00f3rej rozci\u0105ga si\u0119 uroczy, szeroki widok. Tu\u017c za szczytem trafimy za\u015b na charakterystyczne go\u0142oborza &#8211; najwi\u0119ksze w ca\u0142ych G\u00f3rach \u015awi\u0119tokrzyskich.<\/p>\n\n\n\n<h2 class=\"wp-block-heading\" id=\"h-gory-swietokrzyskie-co-zobaczyc-ruiny-palacu-krzyztopor-w-ujezdzie\">G\u00f3ry \u015bwi\u0119tokrzyskie &#8211; co zobaczy\u0107? Ruiny pa\u0142acu Krzy\u017ctop\u00f3r w&nbsp;Uje\u017adzie<\/h2>\n\n\n\n<p class=\"wp-block-paragraph\">Teraz co\u015b dla fan\u00f3w atrakcji kulturowych. W rejonie G\u00f3r \u015awi\u0119tokrzyskich mamy dwa niesamowite zamki. Pierwszy z nich to fascynuj\u0105cy Krzy\u017ctop\u00f3w w Uje\u017adzie. Gdy powstawa\u0142 w XVII wieku dla magnata Krzysztofa Ossoli\u0144skiego by\u0142 najwspanialsz\u0105 tego typu rezydencj\u0105 w Polsce. Budowa trwa\u0142a 23 lata a nad realizacj\u0105 czuwa\u0142 w\u0142oski architekt. Zamek zbudowano w stylu <em>palazzo in fortezza<\/em>, czyli rezydencji b\u0119d\u0105cej r\u00f3wnie\u017c zamkiem obronnym. Wzorem by\u0142 jeden z najwspanialszych pa\u0142ac\u00f3w w\u0142oskich &#8211; Caparola s\u0142ynnego rodu Farnese.<\/p>\n\n\n\n<p class=\"wp-block-paragraph\">Rozmach by\u0142 imponuj\u0105cy &#8211; 4 wie\u017ce (cztery pory roku), 12 sal wielkich (miesi\u0105ce), 52 pokoje (tygodnie) i 365 okien (ilo\u015b\u0107 odpowiadaj\u0105ca dniom roku). Niestety dalsza historia pa\u0142acu nie jest ju\u017c tak weso\u0142a. Sam Ossoli\u0144ski zmar\u0142 w rok po uko\u0144czeniu dzie\u0142a. Mimo ogromnych mur\u00f3w obronnych kilka lat p\u00f3\u017aniej, podczas szwedzkiego potopu pa\u0142ac zosta\u0142 podst\u0119pem zdobyty bez jednego strza\u0142u i ograbiony. Pod koniec XVIII wieku, w trakcie konfederacji barskiej wojska rosyjskie spali\u0142y rezydencj\u0119. Mimo tej trudnej historii zamek Krzy\u017ctop\u00f3r nadal pobudza wyobra\u017anie zwiedzajacych, bowiem do dzi\u015b zachowa\u0142o si\u0119 a\u017c 90% oryginalnych mur\u00f3w. W 2018 roku zamek uzyska\u0142 status Pomnika Historii.<\/p>\n\n\n\n<h2 class=\"wp-block-heading\" id=\"h-ruiny-zamku-krolewskiego-w-checinach\">Ruiny zamku kr\u00f3lewskiego w&nbsp;Ch\u0119cinach<\/h2>\n\n\n\n<p class=\"wp-block-paragraph\">Na zach\u00f3d od Kielc na widocznym z daleka wzg\u00f3rzu po\u0142o\u017cony jest za\u015b zamek w Ch\u0119cinach. Powsta\u0142 najprawdopodobniej w pod koniec XIII wieku z inicjatywy kr\u00f3la W\u0142adys\u0142awa \u0141okietka. Wpierw by\u0142 w\u0142asno\u015bci\u0105 biskupa krakowskiego, wkr\u00f3tce jednak zosta\u0142 mu odebrany i sta\u0142 si\u0119 kr\u00f3lewskim centrum administracji i obrony. Kazimierz Wielki rozbudowa\u0142 zamek i uczyni\u0142 z niego siln\u0105 warowni\u0119. \u015awiadczy o tym przysz\u0142a historia obiektu &#8211; przez 250 lat zamek nigdy nie zosta\u0142 zdobyty. Dopiero na pocz\u0105tku XVII wieku zamek zosta\u0142 spalony i splondrowany po raz pierwszy. Cho\u0107 szybko go odbudowano, dzie\u0142a zniszczenia dope\u0142ni\u0142y wkr\u00f3tce wojska szwedzkie. Od pocz\u0105tku XVIII wieku zamek by\u0142 ju\u017c jedynie ruin\u0105, co wi\u0119cej sukcesywnie rozbierano go by pozyska\u0107 materia\u0142y budowlane. <\/p>\n\n\n\n<p class=\"wp-block-paragraph\">Dzi\u015b jednak zamek zn\u00f3w jest okaza\u0142y. Pierwsze prace restauracyjne zacz\u0119to pod koniec XIX wieku. Zaanga\u017cowa\u0142 si\u0119 w nie nawet Stefan \u017beromski. Po wojnie odbudowano wie\u017ce a w ostatnich latach przeprowadzono kosztown\u0105 rewitalizacj\u0119. <\/p>\n\n\n\n<h2 class=\"wp-block-heading\" id=\"h-gory-swietokrzyskie-co-jeszcze-zobaczyc\">G\u00f3ry \u015bwi\u0119tokrzyskie &#8211; co jeszcze zobaczy\u0107?<\/h2>\n\n\n\n<p class=\"wp-block-paragraph\">Pi\u0119\u0107 powy\u017cszych propozycji to&nbsp;jedynie u\u0142amek atrakcji G\u00f3r \u015awi\u0119tokrzyskich. W\u015br\u00f3d skarb\u00f3w natury warto wybra\u0107 si\u0119 na spacer w rejonie prze\u0142omu rzeki Lubrzanki &#8211; to jedna z najpi\u0119kniejszych dolin w tych g\u00f3rach.  Pi\u0119kna b\u0119dzie r\u00f3wnie\u017c wycieczka do jednego z rezerwat\u00f3w &#8211; Barcza, Bia\u0142e \u0141ugi, Szczytniak, Wykus, Zache\u0142mie czy Zamczysko. W g\u00f3rach mo\u017cna te\u017c zobaczy\u0107 ciekawe formacje powsta\u0142e w wyniku dzia\u0142alno\u015bci cz\u0142owieka &#8211; kamienio\u0142om w Wi\u015bni\u00f3wce z i\u015bcie alpejskimi jeziorkami o turkusowej wodzie czy tajemnicze Oczy Ziemi w Suchedniowie. <\/p>\n\n\n\n<p class=\"wp-block-paragraph\">G\u00f3ry \u015awi\u0119tokrzyskie kryj\u0105 r\u00f3wnie\u017c wiele innych skarb\u00f3w dziedzictwa kulturowego. Opr\u00f3czy wymienionych wy\u017cej, ciekawe jest Centrum Kulturowo Archeologiczne oraz Muzeum Staro\u017cytnego Hutnictwa w Nowej S\u0142upi. Kto lubi lokaln\u0105 architektur\u0119 powinien wybra\u0107 si\u0119 do dworku Stefana \u017beromskiego w Ciekotkach i dworku J\u00f3zefa Ozgi w Bielinach. \u015awietnym muzeum z dobr\u0105 wsp\u00f3\u0142czesn\u0105 architektur\u0105 jest za\u015b Mauzoleum Martyrologii Wsi Polskich w Michniowie.<\/p>\n\n\n\n<p class=\"wp-block-paragraph\">Na koniec ciekawostka &#8211; wycieczk\u0119 w G\u00f3ry \u015awi\u0119tokrzyskie daje si\u0119 fajnie po\u0142\u0105czy\u0107 ze wspinaniem. Mo\u017ce nie jest to Jura ale g\u00f3ry te kryj\u0105 ciekawy ogr\u00f3dek wspinaczkowy &#8211; kamienio\u0142om Stok\u00f3wka. Fani boulderingu doceni\u0105 za\u015b Kamie\u0144 Michniowski. Wi\u0119cej na temat atrakcji G\u00f3r \u015awietokrzyskich znajdziecie na <a href=\"https:\/\/goryswietokrzyskie.travel\/\" target=\"_blank\" rel=\"noreferrer noopener\">oficjalnej stronie regionu<\/a>. <\/p>\n\n\n\n<p class=\"wp-block-paragraph\"><em>[A wiesz <a href=\"https:\/\/8a.pl\/8academy\/bieszczady-co-warto-zobaczyc\/\" target=\"_blank\" rel=\"noreferrer noopener\">co warto zobaczy\u0107 w Bieszczadach?<\/a>]<\/em><\/p>\n","protected":false},"excerpt":{"rendered":"<p>Wiesz gdzie le\u017cy jedno z najstarszych pasm g\u00f3rskich Europy? A to nie jedyna zaskakuj\u0105ca informacja.  G\u00f3ry \u015bwi\u0119tokrzyskie to gratka dla fan\u00f3w hikingu, wspinania i historii.<\/p>\n","protected":false},"author":7,"featured_media":64565,"comment_status":"closed","ping_status":"closed","sticky":false,"template":"","format":"standard","meta":{"_acf_changed":false,"_uf_show_specific_survey":0,"_uf_disable_surveys":false,"footnotes":""},"categories":[26070],"tags":[26104,26077,26105],"class_list":["post-64558","post","type-post","status-publish","format-standard","has-post-thumbnail","hentry","category-turystyka-trekking","tag-caloroczne","tag-przewodnik","tag-turystyka"],"acf":[],"yoast_head":"<!-- This site is optimized with the Yoast SEO Premium plugin v23.4 (Yoast SEO v25.5) - https:\/\/yoast.com\/wordpress\/plugins\/seo\/ -->\n<title>G\u00f3ry \u015awi\u0119tokrzyskie - co zobaczy\u0107 | 8academy<\/title>\n<meta name=\"description\" content=\"Gdzie le\u017cy najstarsze pasmo g\u00f3rskie Europy? To nie jedyna zaskakuj\u0105ca informacja. G\u00f3ry \u015awi\u0119tokrzyskie to gratka dla fan\u00f3w hikingu i historii!\" \/>\n<meta name=\"robots\" content=\"index, follow, max-snippet:-1, max-image-preview:large, max-video-preview:-1\" \/>\n<link rel=\"canonical\" href=\"http:\/\/8a.pl\/8academy\/gory-swietokrzyskie-co-zobaczyc\/\" \/>\n<meta property=\"og:locale\" content=\"pl_PL\" \/>\n<meta property=\"og:type\" content=\"article\" \/>\n<meta property=\"og:title\" content=\"G\u00f3ry \u015awi\u0119tokrzyskie - co zobaczy\u0107\" \/>\n<meta property=\"og:description\" content=\"Gdzie le\u017cy najstarsze pasmo g\u00f3rskie Europy? To nie jedyna zaskakuj\u0105ca informacja. G\u00f3ry \u015awi\u0119tokrzyskie to gratka dla fan\u00f3w hikingu i historii!\" \/>\n<meta property=\"og:url\" content=\"http:\/\/8a.pl\/8academy\/gory-swietokrzyskie-co-zobaczyc\/\" \/>\n<meta property=\"og:site_name\" content=\"8academy.pl - portal g\u00f3rski i wspinaczkowy dla aktywnych\" \/>\n<meta property=\"article:publisher\" content=\"https:\/\/pl-pl.facebook.com\/sklep8apl\/\" \/>\n<meta property=\"article:published_time\" content=\"2023-07-31T07:00:00+00:00\" \/>\n<meta property=\"article:modified_time\" content=\"2024-07-25T08:33:11+00:00\" \/>\n<meta property=\"og:image\" content=\"http:\/\/8a.pl\/8academy\/wp-content\/uploads\/2023\/07\/8ACADEMY_FB_-4.jpg\" \/>\n\t<meta property=\"og:image:width\" content=\"1200\" \/>\n\t<meta property=\"og:image:height\" content=\"628\" \/>\n\t<meta property=\"og:image:type\" content=\"image\/jpeg\" \/>\n<meta name=\"author\" content=\"Redakcja 8Academy\" \/>\n<meta name=\"twitter:card\" content=\"summary_large_image\" \/>\n<meta name=\"twitter:label1\" content=\"Napisane przez\" \/>\n\t<meta name=\"twitter:data1\" content=\"Redakcja 8Academy\" \/>\n\t<meta name=\"twitter:label2\" content=\"Szacowany czas czytania\" \/>\n\t<meta name=\"twitter:data2\" content=\"8 minut\" \/>\n<!-- \/ Yoast SEO Premium plugin. -->","yoast_head_json":{"title":"G\u00f3ry \u015awi\u0119tokrzyskie - co zobaczy\u0107 | 8academy","description":"Gdzie le\u017cy najstarsze pasmo g\u00f3rskie Europy? To nie jedyna zaskakuj\u0105ca informacja. G\u00f3ry \u015awi\u0119tokrzyskie to gratka dla fan\u00f3w hikingu i historii!","robots":{"index":"index","follow":"follow","max-snippet":"max-snippet:-1","max-image-preview":"max-image-preview:large","max-video-preview":"max-video-preview:-1"},"canonical":"http:\/\/8a.pl\/8academy\/gory-swietokrzyskie-co-zobaczyc\/","og_locale":"pl_PL","og_type":"article","og_title":"G\u00f3ry \u015awi\u0119tokrzyskie - co zobaczy\u0107","og_description":"Gdzie le\u017cy najstarsze pasmo g\u00f3rskie Europy? To nie jedyna zaskakuj\u0105ca informacja. G\u00f3ry \u015awi\u0119tokrzyskie to gratka dla fan\u00f3w hikingu i historii!","og_url":"http:\/\/8a.pl\/8academy\/gory-swietokrzyskie-co-zobaczyc\/","og_site_name":"8academy.pl - portal g\u00f3rski i wspinaczkowy dla aktywnych","article_publisher":"https:\/\/pl-pl.facebook.com\/sklep8apl\/","article_published_time":"2023-07-31T07:00:00+00:00","article_modified_time":"2024-07-25T08:33:11+00:00","og_image":[{"width":1200,"height":628,"url":"http:\/\/8a.pl\/8academy\/wp-content\/uploads\/2023\/07\/8ACADEMY_FB_-4.jpg","type":"image\/jpeg"}],"author":"Redakcja 8Academy","twitter_card":"summary_large_image","twitter_misc":{"Napisane przez":"Redakcja 8Academy","Szacowany czas czytania":"8 minut"},"schema":{"@context":"https:\/\/schema.org","@graph":[{"@type":"Article","@id":"http:\/\/8a.pl\/8academy\/gory-swietokrzyskie-co-zobaczyc\/#article","isPartOf":{"@id":"http:\/\/8a.pl\/8academy\/gory-swietokrzyskie-co-zobaczyc\/"},"author":{"name":"Redakcja 8Academy","@id":"https:\/\/8a.pl\/8academy\/#\/schema\/person\/2e392153a51786e6c3d5ede231b5d2a4"},"headline":"G\u00f3ry \u015awi\u0119tokrzyskie &#8211; co zobaczy\u0107","datePublished":"2023-07-31T07:00:00+00:00","dateModified":"2024-07-25T08:33:11+00:00","mainEntityOfPage":{"@id":"http:\/\/8a.pl\/8academy\/gory-swietokrzyskie-co-zobaczyc\/"},"wordCount":1574,"publisher":{"@id":"https:\/\/8a.pl\/8academy\/#organization"},"image":{"@id":"http:\/\/8a.pl\/8academy\/gory-swietokrzyskie-co-zobaczyc\/#primaryimage"},"thumbnailUrl":"https:\/\/8a.pl\/8academy\/wp-content\/uploads\/2023\/07\/castle-gf96aa026f_1920.jpg","keywords":["Ca\u0142oroczne","Przewodnik","Turystyka"],"articleSection":["Turystyka \/ trekking"],"inLanguage":"pl-PL"},{"@type":"WebPage","@id":"http:\/\/8a.pl\/8academy\/gory-swietokrzyskie-co-zobaczyc\/","url":"http:\/\/8a.pl\/8academy\/gory-swietokrzyskie-co-zobaczyc\/","name":"G\u00f3ry \u015awi\u0119tokrzyskie - co zobaczy\u0107 | 8academy","isPartOf":{"@id":"https:\/\/8a.pl\/8academy\/#website"},"primaryImageOfPage":{"@id":"http:\/\/8a.pl\/8academy\/gory-swietokrzyskie-co-zobaczyc\/#primaryimage"},"image":{"@id":"http:\/\/8a.pl\/8academy\/gory-swietokrzyskie-co-zobaczyc\/#primaryimage"},"thumbnailUrl":"https:\/\/8a.pl\/8academy\/wp-content\/uploads\/2023\/07\/castle-gf96aa026f_1920.jpg","datePublished":"2023-07-31T07:00:00+00:00","dateModified":"2024-07-25T08:33:11+00:00","description":"Gdzie le\u017cy najstarsze pasmo g\u00f3rskie Europy? To nie jedyna zaskakuj\u0105ca informacja. G\u00f3ry \u015awi\u0119tokrzyskie to gratka dla fan\u00f3w hikingu i historii!","breadcrumb":{"@id":"http:\/\/8a.pl\/8academy\/gory-swietokrzyskie-co-zobaczyc\/#breadcrumb"},"inLanguage":"pl-PL","potentialAction":[{"@type":"ReadAction","target":["http:\/\/8a.pl\/8academy\/gory-swietokrzyskie-co-zobaczyc\/"]}]},{"@type":"ImageObject","inLanguage":"pl-PL","@id":"http:\/\/8a.pl\/8academy\/gory-swietokrzyskie-co-zobaczyc\/#primaryimage","url":"https:\/\/8a.pl\/8academy\/wp-content\/uploads\/2023\/07\/castle-gf96aa026f_1920.jpg","contentUrl":"https:\/\/8a.pl\/8academy\/wp-content\/uploads\/2023\/07\/castle-gf96aa026f_1920.jpg","width":1100,"height":715},{"@type":"BreadcrumbList","@id":"http:\/\/8a.pl\/8academy\/gory-swietokrzyskie-co-zobaczyc\/#breadcrumb","itemListElement":[{"@type":"ListItem","position":1,"name":"Strona g\u0142\u00f3wna","item":"https:\/\/8a.pl\/8academy\/"},{"@type":"ListItem","position":2,"name":"G\u00f3ry \u015awi\u0119tokrzyskie &#8211; co zobaczy\u0107"}]},{"@type":"WebSite","@id":"https:\/\/8a.pl\/8academy\/#website","url":"https:\/\/8a.pl\/8academy\/","name":"8academy.pl - portal g\u00f3rski i wspinaczkowy dla aktywnych","description":"8academy to portal g\u00f3rski o wspinaczce, trekkingu i skiturach. Znajdziesz tu porady, testy sprz\u0119tu i opisy najlepszych rejon\u00f3w. Inspirujemy zdobywc\u00f3w!","publisher":{"@id":"https:\/\/8a.pl\/8academy\/#organization"},"potentialAction":[{"@type":"SearchAction","target":{"@type":"EntryPoint","urlTemplate":"https:\/\/8a.pl\/8academy\/?s={search_term_string}"},"query-input":{"@type":"PropertyValueSpecification","valueRequired":true,"valueName":"search_term_string"}}],"inLanguage":"pl-PL"},{"@type":"Organization","@id":"https:\/\/8a.pl\/8academy\/#organization","name":"8academy.pl - portal g\u00f3rski i wspinaczkowy dla aktywnych","url":"https:\/\/8a.pl\/8academy\/","logo":{"@type":"ImageObject","inLanguage":"pl-PL","@id":"https:\/\/8a.pl\/8academy\/#\/schema\/logo\/image\/","url":"https:\/\/8a.pl\/8academy\/wp-content\/uploads\/2015\/11\/logo.png","contentUrl":"https:\/\/8a.pl\/8academy\/wp-content\/uploads\/2015\/11\/logo.png","width":438,"height":315,"caption":"8academy.pl - portal g\u00f3rski i wspinaczkowy dla aktywnych"},"image":{"@id":"https:\/\/8a.pl\/8academy\/#\/schema\/logo\/image\/"},"sameAs":["https:\/\/pl-pl.facebook.com\/sklep8apl\/","https:\/\/www.instagram.com\/8apl\/"]},{"@type":"Person","@id":"https:\/\/8a.pl\/8academy\/#\/schema\/person\/2e392153a51786e6c3d5ede231b5d2a4","name":"Redakcja 8Academy","image":{"@type":"ImageObject","inLanguage":"pl-PL","@id":"https:\/\/8a.pl\/8academy\/#\/schema\/person\/image\/","url":"https:\/\/8a.pl\/8academy\/wp-content\/uploads\/2017\/10\/logo_obrobione_2_150_59ICJ.jpg","contentUrl":"https:\/\/8a.pl\/8academy\/wp-content\/uploads\/2017\/10\/logo_obrobione_2_150_59ICJ.jpg","caption":"Redakcja 8Academy"},"url":"https:\/\/8a.pl\/8academy\/author\/redakcja\/"}]}},"_links":{"self":[{"href":"https:\/\/8a.pl\/8academy\/wp-json\/wp\/v2\/posts\/64558","targetHints":{"allow":["GET"]}}],"collection":[{"href":"https:\/\/8a.pl\/8academy\/wp-json\/wp\/v2\/posts"}],"about":[{"href":"https:\/\/8a.pl\/8academy\/wp-json\/wp\/v2\/types\/post"}],"author":[{"embeddable":true,"href":"https:\/\/8a.pl\/8academy\/wp-json\/wp\/v2\/users\/7"}],"replies":[{"embeddable":true,"href":"https:\/\/8a.pl\/8academy\/wp-json\/wp\/v2\/comments?post=64558"}],"version-history":[{"count":5,"href":"https:\/\/8a.pl\/8academy\/wp-json\/wp\/v2\/posts\/64558\/revisions"}],"predecessor-version":[{"id":71148,"href":"https:\/\/8a.pl\/8academy\/wp-json\/wp\/v2\/posts\/64558\/revisions\/71148"}],"wp:featuredmedia":[{"embeddable":true,"href":"https:\/\/8a.pl\/8academy\/wp-json\/wp\/v2\/media\/64565"}],"wp:attachment":[{"href":"https:\/\/8a.pl\/8academy\/wp-json\/wp\/v2\/media?parent=64558"}],"wp:term":[{"taxonomy":"category","embeddable":true,"href":"https:\/\/8a.pl\/8academy\/wp-json\/wp\/v2\/categories?post=64558"},{"taxonomy":"post_tag","embeddable":true,"href":"https:\/\/8a.pl\/8academy\/wp-json\/wp\/v2\/tags?post=64558"}],"curies":[{"name":"wp","href":"https:\/\/api.w.org\/{rel}","templated":true}]}}