{"id":64243,"date":"2023-06-30T09:00:00","date_gmt":"2023-06-30T07:00:00","guid":{"rendered":"https:\/\/8a.pl\/8academy\/?p=64243"},"modified":"2026-07-15T15:26:50","modified_gmt":"2026-07-15T13:26:50","slug":"co-zabrac-na-festiwal-muzyczny","status":"publish","type":"post","link":"https:\/\/8a.pl\/8academy\/co-zabrac-na-festiwal-muzyczny\/","title":{"rendered":"Co zabra\u0107 na festiwal muzyczny?"},"content":{"rendered":"\n<p class=\"wp-block-paragraph\">Festiwale muzyczne to wyj\u0105tkowe wydarzenia, kt\u00f3re przyci\u0105gaj\u0105 t\u0142umy fan\u00f3w muzyki z ca\u0142ego \u015bwiata. To okazja do podziwiania ulubionych artyst\u00f3w na \u017cywo, do\u015bwiadczania niezapomnianych wyst\u0119p\u00f3w i budowania niepowtarzalnej atmosfery. Ka\u017cdy z nas wie, \u017ce muzyka najlepiej smakuje na koncercie, prawda? Jednak aby w pe\u0142ni cieszy\u0107 si\u0119 festiwalem, zw\u0142aszcza wielodniowym,  niezb\u0119dne jest odpowiednie przygotowanie. W ko\u0144cu to biwak i du\u017co ruchu &#8211; troch\u0119 jak wypad w g\u00f3ry lub nad jezioro. \u017bycie na festiwalowym polu namiotowym rz\u0105dzi si\u0119 swoimi prawami i ma swoje wymagania. Dobrze zatem by\u0107 przygotowanym na ewentualne wyzwania i zmienn\u0105, letni\u0105 aur\u0119. Oto kr\u00f3tki niezb\u0119dnik &#8211; spis rzeczy, kt\u00f3re warto zabra\u0107 na festiwal muzyczny, aby zapewni\u0107 sobie komfort i bezpiecze\u0144stwo podczas ca\u0142ego wydarzenia.<\/p>\n\n\n\n<p class=\"wp-block-paragraph\"><\/p>\n\n\n<div class=\"wp-block-image\">\n<figure class=\"aligncenter size-full\"><img fetchpriority=\"high\" decoding=\"async\" width=\"600\" height=\"900\" src=\"https:\/\/8a.pl\/8academy\/wp-content\/uploads\/2023\/06\/concert-gfd4f5641c_1920.jpg\" alt=\"Co zabra\u0107 na festiwal muzyczny?\" class=\"wp-image-64249\" srcset=\"https:\/\/8a.pl\/8academy\/wp-content\/uploads\/2023\/06\/concert-gfd4f5641c_1920.jpg 600w, https:\/\/8a.pl\/8academy\/wp-content\/uploads\/2023\/06\/concert-gfd4f5641c_1920-200x300.jpg 200w\" sizes=\"(max-width: 600px) 100vw, 600px\" \/><figcaption class=\"wp-element-caption\">Do kilkudniowego festiwalu wypada si\u0119 nieco przygotowa\u0107 (fot. Pixabay)<\/figcaption><\/figure>\n<\/div>\n\n\n<h2 class=\"wp-block-heading\" id=\"h-co-zabrac-na-festiwal-muzyczny-biwak-na-polu-namiotowym\">Co zabra\u0107 na festiwal muzyczny? Biwak na polu namiotowym<\/h2>\n\n\n\n<p class=\"wp-block-paragraph\">Festiwal Open&#8217;er to cztery dni koncert\u00f3w i imprez. Pol&#8217;and&#8217;rock &#8211; trzy dni. Na polu namiotowym tysi\u0105ce namiot\u00f3w i ludzi. Oczywi\u015bcie, zawsze mamy do dyspozycji krytyczn\u0105 infrastruktur\u0119 i pomoc innych uczestnik\u00f3w, do festiwalowego biwaku warto jednak przygotowa\u0107. Co zabra\u0107?<\/p>\n\n\n\n<p class=\"wp-block-paragraph\"><\/p>\n\n\n    <section class=\"ep8a-section\">\n      <div class=\"ep8a-header\">\n        <div class=\"ep8a-titlebar\">\n          <p class=\"ep8a-h\">Kosmetyki podr\u00f3\u017cne<\/p>          <span class=\"ep8a-titleline\"><\/span>\n        <\/div>\n      <\/div>\n\n      <div class=\"ep8a-wrap\" id=\"ep8a_9bb097d8-ff79-427c-a40b-e9ec52ef7420\">\n        <div class=\"ep8a-carousel swiper\" id=\"ep8a_9bb097d8-ff79-427c-a40b-e9ec52ef7420_swiper\">\n          <div class=\"swiper-wrapper\">\n                          <div class=\"swiper-slide\">\n                <article class=\"ep8a-tile\">\n                  <a class=\"ep8a-link\" href=\"https:\/\/8a.pl\/balsam-kletter-retter-deep-recovery-200-ml\" target=\"_self\" rel=\"nofollow noopener noreferrer\" aria-label=\"Kletter Retter Deep Recovery 200 ml\">\n                    <div class=\"ep8a-card\">\n                      <div class=\"ep8a-imgwrap\">\n                                                <img class=\"ep8a-img skip-lazy no-lazy\" decoding=\"async\" loading=\"eager\" data-no-lazy=\"1\" src=\"https:\/\/8a.pl\/media\/catalog\/product\/b\/a\/balsam-kletter-retter-deep-recovery-200-ml-1775829616.webp@jpg\" alt=\"Kletter Retter Deep Recovery 200 ml\" width=\"500\" height=\"600\">                      <\/div>\n                    <\/div>\n                  <\/a>\n                  <div class=\"ep8a-caption\">\n                    <a class=\"ep8a-link\" href=\"https:\/\/8a.pl\/balsam-kletter-retter-deep-recovery-200-ml\" target=\"_self\" rel=\"nofollow noopener noreferrer\">\n                      <h3 class=\"ep8a-title\" title=\"Kletter Retter Deep Recovery 200 ml\">Kletter Retter Deep Recovery 200 ml<\/h3>\n                    <\/a>\n                    <div class=\"ep8a-price\">67.99 z\u0142<\/div>                  <\/div>\n                <\/article>\n              <\/div>\n                          <div class=\"swiper-slide\">\n                <article class=\"ep8a-tile\">\n                  <a class=\"ep8a-link\" href=\"https:\/\/8a.pl\/krem-z-filtrem-alpen-sun-cream-spf-15-30-ml\" target=\"_self\" rel=\"nofollow noopener noreferrer\" aria-label=\"Alpen Sun Cream SPF 15 30 ml\">\n                    <div class=\"ep8a-card\">\n                      <div class=\"ep8a-imgwrap\">\n                                                <img class=\"ep8a-img skip-lazy no-lazy\" decoding=\"async\" loading=\"eager\" data-no-lazy=\"1\" src=\"https:\/\/8a.pl\/media\/catalog\/product\/k\/r\/krem-z-filtrem-alpen-sun-cream-spf-15-30-ml-1773394881.webp@jpg\" alt=\"Alpen Sun Cream SPF 15 30 ml\" width=\"500\" height=\"600\">                      <\/div>\n                    <\/div>\n                  <\/a>\n                  <div class=\"ep8a-caption\">\n                    <a class=\"ep8a-link\" href=\"https:\/\/8a.pl\/krem-z-filtrem-alpen-sun-cream-spf-15-30-ml\" target=\"_self\" rel=\"nofollow noopener noreferrer\">\n                      <h3 class=\"ep8a-title\" title=\"Alpen Sun Cream SPF 15 30 ml\">Alpen Sun Cream SPF 15 30 ml<\/h3>\n                    <\/a>\n                    <div class=\"ep8a-price\">51.99 z\u0142<\/div>                  <\/div>\n                <\/article>\n              <\/div>\n                          <div class=\"swiper-slide\">\n                <article class=\"ep8a-tile\">\n                  <a class=\"ep8a-link\" href=\"https:\/\/8a.pl\/krem-z-filtrem-alpen-sun-cream-spf-20-30-ml\" target=\"_self\" rel=\"nofollow noopener noreferrer\" aria-label=\"Alpen Sun Cream SPF 20 30 ml\">\n                    <div class=\"ep8a-card\">\n                      <div class=\"ep8a-imgwrap\">\n                                                <img class=\"ep8a-img skip-lazy no-lazy\" decoding=\"async\" loading=\"eager\" data-no-lazy=\"1\" src=\"https:\/\/8a.pl\/media\/catalog\/product\/k\/r\/krem-z-filtrem-alpen-sun-cream-spf-20-30-ml-1773394881.webp@jpg\" alt=\"Alpen Sun Cream SPF 20 30 ml\" width=\"500\" height=\"600\">                      <\/div>\n                    <\/div>\n                  <\/a>\n                  <div class=\"ep8a-caption\">\n                    <a class=\"ep8a-link\" href=\"https:\/\/8a.pl\/krem-z-filtrem-alpen-sun-cream-spf-20-30-ml\" target=\"_self\" rel=\"nofollow noopener noreferrer\">\n                      <h3 class=\"ep8a-title\" title=\"Alpen Sun Cream SPF 20 30 ml\">Alpen Sun Cream SPF 20 30 ml<\/h3>\n                    <\/a>\n                    <div class=\"ep8a-price\">54.99 z\u0142<\/div>                  <\/div>\n                <\/article>\n              <\/div>\n                          <div class=\"swiper-slide\">\n                <article class=\"ep8a-tile\">\n                  <a class=\"ep8a-link\" href=\"https:\/\/8a.pl\/krem-alpen-after-sun-cream-30-ml\" target=\"_self\" rel=\"nofollow noopener noreferrer\" aria-label=\"Alpen After Sun Cream 30 ml\">\n                    <div class=\"ep8a-card\">\n                      <div class=\"ep8a-imgwrap\">\n                                                <img class=\"ep8a-img skip-lazy no-lazy\" decoding=\"async\" loading=\"eager\" data-no-lazy=\"1\" src=\"https:\/\/8a.pl\/media\/catalog\/product\/k\/r\/krem-alpen-after-sun-cream-30-ml-1773394880.webp@jpg\" alt=\"Alpen After Sun Cream 30 ml\" width=\"500\" height=\"600\">                      <\/div>\n                    <\/div>\n                  <\/a>\n                  <div class=\"ep8a-caption\">\n                    <a class=\"ep8a-link\" href=\"https:\/\/8a.pl\/krem-alpen-after-sun-cream-30-ml\" target=\"_self\" rel=\"nofollow noopener noreferrer\">\n                      <h3 class=\"ep8a-title\" title=\"Alpen After Sun Cream 30 ml\">Alpen After Sun Cream 30 ml<\/h3>\n                    <\/a>\n                    <div class=\"ep8a-price\">47.49 z\u0142<\/div>                  <\/div>\n                <\/article>\n              <\/div>\n                          <div class=\"swiper-slide\">\n                <article class=\"ep8a-tile\">\n                  <a class=\"ep8a-link\" href=\"https:\/\/8a.pl\/krem-z-filtrem-care-plus-sun-protection-everyday-tube-spf-50-100-ml\" target=\"_self\" rel=\"nofollow noopener noreferrer\" aria-label=\"Care Plus Sun Protection Everyday Tube SPF 50+ 100 ml\">\n                    <div class=\"ep8a-card\">\n                      <div class=\"ep8a-imgwrap\">\n                                                <img class=\"ep8a-img skip-lazy no-lazy\" decoding=\"async\" loading=\"eager\" data-no-lazy=\"1\" src=\"https:\/\/8a.pl\/media\/catalog\/product\/8\/7\/8714024560052-1770995205.webp@jpg\" alt=\"Care Plus Sun Protection Everyday Tube SPF 50+ 100 ml\" width=\"500\" height=\"600\">                      <\/div>\n                    <\/div>\n                  <\/a>\n                  <div class=\"ep8a-caption\">\n                    <a class=\"ep8a-link\" href=\"https:\/\/8a.pl\/krem-z-filtrem-care-plus-sun-protection-everyday-tube-spf-50-100-ml\" target=\"_self\" rel=\"nofollow noopener noreferrer\">\n                      <h3 class=\"ep8a-title\" title=\"Care Plus Sun Protection Everyday Tube SPF 50+ 100 ml\">Care Plus Sun Protection Everyday Tube SPF 50+ 100 ml<\/h3>\n                    <\/a>\n                    <div class=\"ep8a-price\">75.99 z\u0142<\/div>                  <\/div>\n                <\/article>\n              <\/div>\n                          <div class=\"swiper-slide\">\n                <article class=\"ep8a-tile\">\n                  <a class=\"ep8a-link\" href=\"https:\/\/8a.pl\/krem-care-plus-sun-protection-after-sun-tube-100-ml\" target=\"_self\" rel=\"nofollow noopener noreferrer\" aria-label=\"Care Plus Sun Protection After Sun Tube 100 ml\">\n                    <div class=\"ep8a-card\">\n                      <div class=\"ep8a-imgwrap\">\n                                                <img class=\"ep8a-img skip-lazy no-lazy\" decoding=\"async\" loading=\"eager\" data-no-lazy=\"1\" src=\"https:\/\/8a.pl\/media\/catalog\/product\/8\/7\/8714024560304-1770995205.webp@jpg\" alt=\"Care Plus Sun Protection After Sun Tube 100 ml\" width=\"500\" height=\"600\">                      <\/div>\n                    <\/div>\n                  <\/a>\n                  <div class=\"ep8a-caption\">\n                    <a class=\"ep8a-link\" href=\"https:\/\/8a.pl\/krem-care-plus-sun-protection-after-sun-tube-100-ml\" target=\"_self\" rel=\"nofollow noopener noreferrer\">\n                      <h3 class=\"ep8a-title\" title=\"Care Plus Sun Protection After Sun Tube 100 ml\">Care Plus Sun Protection After Sun Tube 100 ml<\/h3>\n                    <\/a>\n                    <div class=\"ep8a-price\">42.99 z\u0142<\/div>                  <\/div>\n                <\/article>\n              <\/div>\n                          <div class=\"swiper-slide\">\n                <article class=\"ep8a-tile\">\n                  <a class=\"ep8a-link\" href=\"https:\/\/8a.pl\/krem-y-y-vertical-cream-75-ml\" target=\"_self\" rel=\"nofollow noopener noreferrer\" aria-label=\"Y&amp;Y Vertical Cream 75 ml\">\n                    <div class=\"ep8a-card\">\n                      <div class=\"ep8a-imgwrap\">\n                                                <img class=\"ep8a-img skip-lazy no-lazy\" decoding=\"async\" loading=\"eager\" data-no-lazy=\"1\" src=\"https:\/\/8a.pl\/media\/catalog\/product\/k\/r\/krem-y-y-vertical-cream-75-ml-1780917274.webp@jpg\" alt=\"Y&amp;Y Vertical Cream 75 ml\" width=\"500\" height=\"600\">                      <\/div>\n                    <\/div>\n                  <\/a>\n                  <div class=\"ep8a-caption\">\n                    <a class=\"ep8a-link\" href=\"https:\/\/8a.pl\/krem-y-y-vertical-cream-75-ml\" target=\"_self\" rel=\"nofollow noopener noreferrer\">\n                      <h3 class=\"ep8a-title\" title=\"Y&amp;Y Vertical Cream 75 ml\">Y&amp;Y Vertical Cream 75 ml<\/h3>\n                    <\/a>\n                    <div class=\"ep8a-price\">53.99 z\u0142<\/div>                  <\/div>\n                <\/article>\n              <\/div>\n                          <div class=\"swiper-slide\">\n                <article class=\"ep8a-tile\">\n                  <a class=\"ep8a-link\" href=\"https:\/\/8a.pl\/balsam-y-y-vertical-balm-20-g\" target=\"_self\" rel=\"nofollow noopener noreferrer\" aria-label=\"Y&amp;Y Vertical Balm 20 g\">\n                    <div class=\"ep8a-card\">\n                      <div class=\"ep8a-imgwrap\">\n                                                <img class=\"ep8a-img skip-lazy no-lazy\" decoding=\"async\" loading=\"eager\" data-no-lazy=\"1\" src=\"https:\/\/8a.pl\/media\/catalog\/product\/b\/a\/balsam-y-y-vertical-balm-20-g-1788339677.webp@jpg\" alt=\"Y&amp;Y Vertical Balm 20 g\" width=\"500\" height=\"600\">                      <\/div>\n                    <\/div>\n                  <\/a>\n                  <div class=\"ep8a-caption\">\n                    <a class=\"ep8a-link\" href=\"https:\/\/8a.pl\/balsam-y-y-vertical-balm-20-g\" target=\"_self\" rel=\"nofollow noopener noreferrer\">\n                      <h3 class=\"ep8a-title\" title=\"Y&amp;Y Vertical Balm 20 g\">Y&amp;Y Vertical Balm 20 g<\/h3>\n                    <\/a>\n                    <div class=\"ep8a-price\">59.99 z\u0142<\/div>                  <\/div>\n                <\/article>\n              <\/div>\n                          <div class=\"swiper-slide\">\n                <article class=\"ep8a-tile\">\n                  <a class=\"ep8a-link\" href=\"https:\/\/8a.pl\/krem-kletter-retter-30-ml-balsam-repair\" target=\"_self\" rel=\"nofollow noopener noreferrer\" aria-label=\"Kletter Retter 30 ml Balsam Repair\">\n                    <div class=\"ep8a-card\">\n                      <div class=\"ep8a-imgwrap\">\n                                                <img class=\"ep8a-img skip-lazy no-lazy\" decoding=\"async\" loading=\"eager\" data-no-lazy=\"1\" src=\"https:\/\/8a.pl\/media\/catalog\/product\/k\/r\/krem-kletter-retter-30-ml-balsam-repair-1756293910.webp@jpg\" alt=\"Kletter Retter 30 ml Balsam Repair\" width=\"500\" height=\"600\">                      <\/div>\n                    <\/div>\n                  <\/a>\n                  <div class=\"ep8a-caption\">\n                    <a class=\"ep8a-link\" href=\"https:\/\/8a.pl\/krem-kletter-retter-30-ml-balsam-repair\" target=\"_self\" rel=\"nofollow noopener noreferrer\">\n                      <h3 class=\"ep8a-title\" title=\"Kletter Retter 30 ml Balsam Repair\">Kletter Retter 30 ml Balsam Repair<\/h3>\n                    <\/a>\n                    <div class=\"ep8a-price\">54.99 z\u0142<\/div>                  <\/div>\n                <\/article>\n              <\/div>\n                          <div class=\"swiper-slide\">\n                <article class=\"ep8a-tile\">\n                  <a class=\"ep8a-link\" href=\"https:\/\/8a.pl\/krem-z-filtrem-kletter-retter-sun-cream-spf-30-75-ml\" target=\"_self\" rel=\"nofollow noopener noreferrer\" aria-label=\"Kletter Retter Sun Cream SPF 30 75 ml\">\n                    <div class=\"ep8a-card\">\n                      <div class=\"ep8a-imgwrap\">\n                                                <img class=\"ep8a-img skip-lazy no-lazy\" decoding=\"async\" loading=\"eager\" data-no-lazy=\"1\" src=\"https:\/\/8a.pl\/media\/catalog\/product\/k\/r\/krem-z-filtrem-kletter-retter-sun-cream-spf-30-75-ml-1750935972.webp@jpg\" alt=\"Kletter Retter Sun Cream SPF 30 75 ml\" width=\"500\" height=\"600\">                      <\/div>\n                    <\/div>\n                  <\/a>\n                  <div class=\"ep8a-caption\">\n                    <a class=\"ep8a-link\" href=\"https:\/\/8a.pl\/krem-z-filtrem-kletter-retter-sun-cream-spf-30-75-ml\" target=\"_self\" rel=\"nofollow noopener noreferrer\">\n                      <h3 class=\"ep8a-title\" title=\"Kletter Retter Sun Cream SPF 30 75 ml\">Kletter Retter Sun Cream SPF 30 75 ml<\/h3>\n                    <\/a>\n                    <div class=\"ep8a-price\">59.99 z\u0142<\/div>                  <\/div>\n                <\/article>\n              <\/div>\n                      <\/div>\n        <\/div>\n\n        <!-- Strza\u0142ki poza .swiper -->\n        <button class=\"ep8a-arrow ep8a-prev\" id=\"ep8a_9bb097d8-ff79-427c-a40b-e9ec52ef7420_prev\" aria-label=\"Poprzedni\"><\/button>\n        <button class=\"ep8a-arrow ep8a-next\" id=\"ep8a_9bb097d8-ff79-427c-a40b-e9ec52ef7420_next\" aria-label=\"Nast\u0119pny\"><\/button>\n      <\/div>\n\n      <!-- Stopka: linia + CTA po prawej -->\n      <div class=\"ep8a-bottom\">\n        <span class=\"ep8a-bottomline\"><\/span>\n                  <a class=\"ep8a-cta\" href=\"https:\/\/8a.pl\/kosmetyki-podrozne\" target=\"_self\" rel=\"nofollow noopener noreferrer\">\n            ZOBACZ KOSMETYKI PODR\u00d3\u017bNE          <\/a>\n              <\/div>\n    <\/section>\n\n\t<script>\n\tdocument.addEventListener(\"DOMContentLoaded\", function(){\n\t  if (typeof Swiper === \"undefined\") return;\n\n\t  const sel    = \"#ep8a_9bb097d8-ff79-427c-a40b-e9ec52ef7420_swiper\";\n\t  const prevEl = \"#ep8a_9bb097d8-ff79-427c-a40b-e9ec52ef7420_prev\";\n\t  const nextEl = \"#ep8a_9bb097d8-ff79-427c-a40b-e9ec52ef7420_next\";\n\n\t  \/\/ 1) Zainicjuj Swiper od razu \u2013 nie czekaj na wszystkie obrazy\n\t  let sw = new Swiper(sel, {\n\t\tloop: true,\n\t\tspaceBetween: 24,\n\t\tslidesPerView: 1,\n\t\troundLengths: true,\n\t\tobserver: true,\n\t\tobserveParents: true,\n\t\tresizeObserver: true,\n\t\tpreloadImages: true,\n\t\tupdateOnWindowResize: true,\n\t\tlazy: { loadOnTransitionStart: true, loadPrevNext: true, loadPrevNextAmount: 2 },\n\t\twatchSlidesProgress: true,\n\t\twatchSlidesVisibility: true,\n\t\tnavigation: { nextEl, prevEl },\n\t\tbreakpoints: {\n\t\t  320:  { slidesPerView: 2 },\n\t\t  720:  { slidesPerView: 3 },\n\t\t  1200: { slidesPerView: 4 }\n\t\t},\n\t\ton: {\n\t\t  imagesReady() { try { sw.update(); } catch(e){} },\n\t\t  afterInit()   { try { sw.update(); } catch(e){} }\n\t\t}\n\t  });\n\n\t  \/\/ 2) Delikatny \u201enudge\u201d dla przegl\u0105darki: je\u015bli obraz jest w DOM i ma src, popro\u015b o decode\n\t  const imgs = document.querySelectorAll(sel + \" .ep8a-img\");\n\t  imgs.forEach((img) => {\n\t\tif (img.complete) {\n\t\t  if (img.decode) { img.decode().catch(()=>{}).finally(()=> sw && sw.update()); }\n\t\t} else {\n\t\t  img.addEventListener(\"load\",  () => { if (img.decode) { img.decode().catch(()=>{}).finally(()=> sw && sw.update()); } else { sw && sw.update(); } }, { once:true });\n\t\t  img.addEventListener(\"error\", () => { sw && sw.update(); }, { once:true });\n\t\t}\n\t  });\n\n\t  \/\/ 3) Gdy okno w pe\u0142ni si\u0119 za\u0142aduje, przelicz jeszcze raz\n\t  window.addEventListener(\"load\", () => { sw && sw.update(); });\n\t});\n\t<\/script>\n\n    \n\n\n\n<ul class=\"wp-block-list\">\n<li><a href=\"https:\/\/8a.pl\/namioty-turystyczne\" target=\"_blank\" rel=\"noreferrer noopener\">namiot<\/a>&nbsp;&#8211; sprawa oczywista, gdzie\u015b trzeba spa\u0107. Hamak raczej odpada &#8211; na festiwalowych polach rzadko s\u0105 drzewa. Najlepiej wybra\u0107 tani i lekki namiot dwuosobowy. Raczej nie warto na festiwal zabiera\u0107 drogich namiot\u00f3w ekspedycyjnych, nawet je\u015bli taki posiadamy. Ryzyko uszkodzenia na t\u0142umnym polu festiwalowym jest du\u017ce.<\/li>\n\n\n\n<li><a href=\"https:\/\/8a.pl\/spiwory-turystyczne\" target=\"_blank\" rel=\"noreferrer noopener\">\u015bpiw\u00f3r<\/a> &#8211; raczej z tych l\u017cejszych, w ko\u0144cu lato, poza tym kto przesypia ca\u0142\u0105 noc na festiwalu?<\/li>\n\n\n\n<li><a href=\"https:\/\/8a.pl\/materace-dmuchane\" target=\"_blank\" rel=\"noreferrer noopener\">materac<\/a>,&nbsp;<a href=\"https:\/\/8a.pl\/maty-samopompujace\" target=\"_blank\" rel=\"noreferrer noopener\">mata samopompuj\u0105ca<\/a>&nbsp;lub&nbsp;<a href=\"https:\/\/8a.pl\/karimaty\" target=\"_blank\" rel=\"noreferrer noopener\">karimata<\/a> &#8211; w zale\u017cno\u015bci od potrzeby komfortu. Oczywi\u015bcie karimata b\u0119dzie najl\u017cejsza, ale nie zapewni takiej wygody jak materac czy mata<\/li>\n\n\n\n<li>kuchenka turystyczna&nbsp;oraz butla z gazem &#8211; zazwyczaj na festiwalach s\u0105 punkty gastronomiczne ale dosta\u0107 si\u0119 do nich to prawdziwy wyczyn. Lepiej zatem wzi\u0105\u0107 sw\u00f3j zestaw i by\u0107 niezale\u017cnym.<\/li>\n\n\n\n<li>termos&nbsp;lub butelka na wod\u0119 (w trosce o \u015brodowisko) i kubek termiczny &#8211; festiwalowe dni potrafi\u0105 by\u0107 upalne, pami\u0119taj o nawodnieniu! A je\u015bli trafi si\u0119 nag\u0142e za\u0142amanie pogody i zimny prysznic, ciep\u0142a herbata b\u0119dzie wspania\u0142a.<\/li>\n\n\n\n<li>kawiarka &#8211; ma\u0142a czarna przed koncertem ulubionej grupy? No pewnie!<\/li>\n\n\n\n<li>naczynia do gotowania<\/li>\n\n\n\n<li>sztu\u0107ce turystyczne i n\u00f3\u017c<\/li>\n\n\n\n<li>czo\u0142\u00f3wka &#8211; gdy zapadnie zmrok b\u0119dzie \u0142atwiej si\u0119 odnale\u017a\u0107 w ciemnym namiocie<\/li>\n\n\n\n<li>jedzenie \u2013 Warto wzi\u0105\u0107 sw\u00f3j zapas by nie by\u0107 zale\u017cnym od festiwalowej infrastruktury. Dobrym wyj\u015bciem s\u0105&nbsp;liofilizaty &#8211; lekkie, bardzo po\u017cywne i \u0142atwe w przygotowaniu.<\/li>\n\n\n\n<li>worki na \u015bmieci &#8211; na festiwalu r\u00f3wnie\u017c obowi\u0105zuj\u0105 zasady Leave no Trace!<\/li>\n<\/ul>\n\n\n\n<p class=\"wp-block-paragraph\"><\/p>\n\n\n    <section class=\"ep8a-section\">\n      <div class=\"ep8a-header\">\n        <div class=\"ep8a-titlebar\">\n          <p class=\"ep8a-h\">Butelki turystyczne<\/p>          <span class=\"ep8a-titleline\"><\/span>\n        <\/div>\n      <\/div>\n\n      <div class=\"ep8a-wrap\" id=\"ep8a_e84b466c-3170-42c1-be63-5f0b4eb87c92\">\n        <div class=\"ep8a-carousel swiper\" id=\"ep8a_e84b466c-3170-42c1-be63-5f0b4eb87c92_swiper\">\n          <div class=\"swiper-wrapper\">\n                          <div class=\"swiper-slide\">\n                <article class=\"ep8a-tile\">\n                  <a class=\"ep8a-link\" href=\"https:\/\/8a.pl\/butelka-turystyczna-nalgene-sustain-narrow-mouth-16-oz-473-ml-endive-w-oil-green\" target=\"_self\" rel=\"nofollow noopener noreferrer\" aria-label=\"Nalgene Sustain Narrow Mouth 16 oz (473 ml)\">\n                    <div class=\"ep8a-card\">\n                      <div class=\"ep8a-imgwrap\">\n                                                <img class=\"ep8a-img skip-lazy no-lazy\" decoding=\"async\" loading=\"eager\" data-no-lazy=\"1\" src=\"https:\/\/8a.pl\/media\/catalog\/product\/6\/6\/661195006514-1786107746.webp@jpg\" alt=\"Nalgene Sustain Narrow Mouth 16 oz (473 ml)\" width=\"500\" height=\"600\">                      <\/div>\n                    <\/div>\n                  <\/a>\n                  <div class=\"ep8a-caption\">\n                    <a class=\"ep8a-link\" href=\"https:\/\/8a.pl\/butelka-turystyczna-nalgene-sustain-narrow-mouth-16-oz-473-ml-endive-w-oil-green\" target=\"_self\" rel=\"nofollow noopener noreferrer\">\n                      <h3 class=\"ep8a-title\" title=\"Nalgene Sustain Narrow Mouth 16 oz (473 ml)\">Nalgene Sustain Narrow Mouth 16 oz (473 ml)<\/h3>\n                    <\/a>\n                    <div class=\"ep8a-price\">74.99 z\u0142<\/div>                  <\/div>\n                <\/article>\n              <\/div>\n                          <div class=\"swiper-slide\">\n                <article class=\"ep8a-tile\">\n                  <a class=\"ep8a-link\" href=\"https:\/\/8a.pl\/butelka-turystyczna-nalgene-freshflow-straw-bottle-710ml-aqua-blue\" target=\"_self\" rel=\"nofollow noopener noreferrer\" aria-label=\"Nalgene FreshFlow Straw Bottle 710ml\">\n                    <div class=\"ep8a-card\">\n                      <div class=\"ep8a-imgwrap\">\n                                                <img class=\"ep8a-img skip-lazy no-lazy\" decoding=\"async\" loading=\"eager\" data-no-lazy=\"1\" src=\"https:\/\/8a.pl\/media\/catalog\/product\/6\/6\/661195006163-1785826872.webp@jpg\" alt=\"Nalgene FreshFlow Straw Bottle 710ml\" width=\"500\" height=\"600\">                      <\/div>\n                    <\/div>\n                  <\/a>\n                  <div class=\"ep8a-caption\">\n                    <a class=\"ep8a-link\" href=\"https:\/\/8a.pl\/butelka-turystyczna-nalgene-freshflow-straw-bottle-710ml-aqua-blue\" target=\"_self\" rel=\"nofollow noopener noreferrer\">\n                      <h3 class=\"ep8a-title\" title=\"Nalgene FreshFlow Straw Bottle 710ml\">Nalgene FreshFlow Straw Bottle 710ml<\/h3>\n                    <\/a>\n                    <div class=\"ep8a-price\">99.99 z\u0142<\/div>                  <\/div>\n                <\/article>\n              <\/div>\n                          <div class=\"swiper-slide\">\n                <article class=\"ep8a-tile\">\n                  <a class=\"ep8a-link\" href=\"https:\/\/8a.pl\/butelka-turystyczna-nalgene-freshflow-straw-bottle-710ml-clear-grey\" target=\"_self\" rel=\"nofollow noopener noreferrer\" aria-label=\"Nalgene FreshFlow Straw Bottle 710ml\">\n                    <div class=\"ep8a-card\">\n                      <div class=\"ep8a-imgwrap\">\n                                                <img class=\"ep8a-img skip-lazy no-lazy\" decoding=\"async\" loading=\"eager\" data-no-lazy=\"1\" src=\"https:\/\/8a.pl\/media\/catalog\/product\/6\/6\/661195006170-1785830471.webp@jpg\" alt=\"Nalgene FreshFlow Straw Bottle 710ml\" width=\"500\" height=\"600\">                      <\/div>\n                    <\/div>\n                  <\/a>\n                  <div class=\"ep8a-caption\">\n                    <a class=\"ep8a-link\" href=\"https:\/\/8a.pl\/butelka-turystyczna-nalgene-freshflow-straw-bottle-710ml-clear-grey\" target=\"_self\" rel=\"nofollow noopener noreferrer\">\n                      <h3 class=\"ep8a-title\" title=\"Nalgene FreshFlow Straw Bottle 710ml\">Nalgene FreshFlow Straw Bottle 710ml<\/h3>\n                    <\/a>\n                    <div class=\"ep8a-price\">99.99 z\u0142<\/div>                  <\/div>\n                <\/article>\n              <\/div>\n                          <div class=\"swiper-slide\">\n                <article class=\"ep8a-tile\">\n                  <a class=\"ep8a-link\" href=\"https:\/\/8a.pl\/butelka-turystyczna-snow-peak-titanium-aurora-bottle-800-ml-rainbow\" target=\"_self\" rel=\"nofollow noopener noreferrer\" aria-label=\"Snow Peak Titanium Aurora Bottle 800 ml\">\n                    <div class=\"ep8a-card\">\n                      <div class=\"ep8a-imgwrap\">\n                                                <img class=\"ep8a-img skip-lazy no-lazy\" decoding=\"async\" loading=\"eager\" data-no-lazy=\"1\" src=\"https:\/\/8a.pl\/media\/catalog\/product\/b\/u\/butelka-turystyczna-snow-peak-titanium-aurora-bottle-800-ml-rainbow-1788429678.webp@jpg\" alt=\"Snow Peak Titanium Aurora Bottle 800 ml\" width=\"500\" height=\"600\">                      <\/div>\n                    <\/div>\n                  <\/a>\n                  <div class=\"ep8a-caption\">\n                    <a class=\"ep8a-link\" href=\"https:\/\/8a.pl\/butelka-turystyczna-snow-peak-titanium-aurora-bottle-800-ml-rainbow\" target=\"_self\" rel=\"nofollow noopener noreferrer\">\n                      <h3 class=\"ep8a-title\" title=\"Snow Peak Titanium Aurora Bottle 800 ml\">Snow Peak Titanium Aurora Bottle 800 ml<\/h3>\n                    <\/a>\n                    <div class=\"ep8a-price\">649.99 z\u0142<\/div>                  <\/div>\n                <\/article>\n              <\/div>\n                          <div class=\"swiper-slide\">\n                <article class=\"ep8a-tile\">\n                  <a class=\"ep8a-link\" href=\"https:\/\/8a.pl\/butelka-turystyczna-nalgene-16-oz-narrow-mouth-thrill-and-motion-473-ml-oil-green-with-freesia\" target=\"_self\" rel=\"nofollow noopener noreferrer\" aria-label=\"Nalgene 16 oz Narrow Mouth Thrill and Motion (473 ml)\">\n                    <div class=\"ep8a-card\">\n                      <div class=\"ep8a-imgwrap\">\n                                                <img class=\"ep8a-img skip-lazy no-lazy\" decoding=\"async\" loading=\"eager\" data-no-lazy=\"1\" src=\"https:\/\/8a.pl\/media\/catalog\/product\/b\/u\/butelka-turystyczna-nalgene-16-oz-narrow-mouth-thrill-and-motion-473-ml-oil-green-with-freesia-1779355955.webp@jpg\" alt=\"Nalgene 16 oz Narrow Mouth Thrill and Motion (473 ml)\" width=\"500\" height=\"600\">                      <\/div>\n                    <\/div>\n                  <\/a>\n                  <div class=\"ep8a-caption\">\n                    <a class=\"ep8a-link\" href=\"https:\/\/8a.pl\/butelka-turystyczna-nalgene-16-oz-narrow-mouth-thrill-and-motion-473-ml-oil-green-with-freesia\" target=\"_self\" rel=\"nofollow noopener noreferrer\">\n                      <h3 class=\"ep8a-title\" title=\"Nalgene 16 oz Narrow Mouth Thrill and Motion (473 ml)\">Nalgene 16 oz Narrow Mouth Thrill and Motion (473 ml)<\/h3>\n                    <\/a>\n                    <div class=\"ep8a-price\">74.99 z\u0142<\/div>                  <\/div>\n                <\/article>\n              <\/div>\n                          <div class=\"swiper-slide\">\n                <article class=\"ep8a-tile\">\n                  <a class=\"ep8a-link\" href=\"https:\/\/8a.pl\/butelka-turystyczna-nalgene-32-oz-wide-mouth-thrill-and-motion-946-ml-flame-with-blue-atoll\" target=\"_self\" rel=\"nofollow noopener noreferrer\" aria-label=\"Nalgene 32 oz Wide Mouth Thrill and Motion (946 ml)\">\n                    <div class=\"ep8a-card\">\n                      <div class=\"ep8a-imgwrap\">\n                                                <img class=\"ep8a-img skip-lazy no-lazy\" decoding=\"async\" loading=\"eager\" data-no-lazy=\"1\" src=\"https:\/\/8a.pl\/media\/catalog\/product\/b\/u\/butelka-turystyczna-nalgene-32-oz-wide-mouth-thrill-and-motion-946-ml-flame-with-blue-atoll-1779112044.webp@jpg\" alt=\"Nalgene 32 oz Wide Mouth Thrill and Motion (946 ml)\" width=\"500\" height=\"600\">                      <\/div>\n                    <\/div>\n                  <\/a>\n                  <div class=\"ep8a-caption\">\n                    <a class=\"ep8a-link\" href=\"https:\/\/8a.pl\/butelka-turystyczna-nalgene-32-oz-wide-mouth-thrill-and-motion-946-ml-flame-with-blue-atoll\" target=\"_self\" rel=\"nofollow noopener noreferrer\">\n                      <h3 class=\"ep8a-title\" title=\"Nalgene 32 oz Wide Mouth Thrill and Motion (946 ml)\">Nalgene 32 oz Wide Mouth Thrill and Motion (946 ml)<\/h3>\n                    <\/a>\n                    <div class=\"ep8a-price\">84.99 z\u0142<\/div>                  <\/div>\n                <\/article>\n              <\/div>\n                          <div class=\"swiper-slide\">\n                <article class=\"ep8a-tile\">\n                  <a class=\"ep8a-link\" href=\"https:\/\/8a.pl\/butelka-turystyczna-nalgene-16-oz-wide-mouth-thrill-and-motion-473-ml-fuchsia-purple-with-flame\" target=\"_self\" rel=\"nofollow noopener noreferrer\" aria-label=\"Nalgene 16 oz Wide Mouth Thrill and Motion (473 ml)\">\n                    <div class=\"ep8a-card\">\n                      <div class=\"ep8a-imgwrap\">\n                                                <img class=\"ep8a-img skip-lazy no-lazy\" decoding=\"async\" loading=\"eager\" data-no-lazy=\"1\" src=\"https:\/\/8a.pl\/media\/catalog\/product\/b\/u\/butelka-turystyczna-nalgene-16-oz-wide-mouth-thrill-and-motion-473-ml-fuchsia-purple-with-flame-1779112039.webp@jpg\" alt=\"Nalgene 16 oz Wide Mouth Thrill and Motion (473 ml)\" width=\"500\" height=\"600\">                      <\/div>\n                    <\/div>\n                  <\/a>\n                  <div class=\"ep8a-caption\">\n                    <a class=\"ep8a-link\" href=\"https:\/\/8a.pl\/butelka-turystyczna-nalgene-16-oz-wide-mouth-thrill-and-motion-473-ml-fuchsia-purple-with-flame\" target=\"_self\" rel=\"nofollow noopener noreferrer\">\n                      <h3 class=\"ep8a-title\" title=\"Nalgene 16 oz Wide Mouth Thrill and Motion (473 ml)\">Nalgene 16 oz Wide Mouth Thrill and Motion (473 ml)<\/h3>\n                    <\/a>\n                    <div class=\"ep8a-price\">74.99 z\u0142<\/div>                  <\/div>\n                <\/article>\n              <\/div>\n                          <div class=\"swiper-slide\">\n                <article class=\"ep8a-tile\">\n                  <a class=\"ep8a-link\" href=\"https:\/\/8a.pl\/butelka-turystyczna-nalgene-32-oz-wide-mouth-thrill-and-motion-946-ml-endive-with-oil-green\" target=\"_self\" rel=\"nofollow noopener noreferrer\" aria-label=\"Nalgene 32 oz Wide Mouth Thrill and Motion (946 ml)\">\n                    <div class=\"ep8a-card\">\n                      <div class=\"ep8a-imgwrap\">\n                                                <img class=\"ep8a-img skip-lazy no-lazy\" decoding=\"async\" loading=\"eager\" data-no-lazy=\"1\" src=\"https:\/\/8a.pl\/media\/catalog\/product\/b\/u\/butelka-turystyczna-nalgene-32-oz-wide-mouth-thrill-and-motion-946-ml-endive-with-oil-green-1779112041.webp@jpg\" alt=\"Nalgene 32 oz Wide Mouth Thrill and Motion (946 ml)\" width=\"500\" height=\"600\">                      <\/div>\n                    <\/div>\n                  <\/a>\n                  <div class=\"ep8a-caption\">\n                    <a class=\"ep8a-link\" href=\"https:\/\/8a.pl\/butelka-turystyczna-nalgene-32-oz-wide-mouth-thrill-and-motion-946-ml-endive-with-oil-green\" target=\"_self\" rel=\"nofollow noopener noreferrer\">\n                      <h3 class=\"ep8a-title\" title=\"Nalgene 32 oz Wide Mouth Thrill and Motion (946 ml)\">Nalgene 32 oz Wide Mouth Thrill and Motion (946 ml)<\/h3>\n                    <\/a>\n                    <div class=\"ep8a-price\">84.99 z\u0142<\/div>                  <\/div>\n                <\/article>\n              <\/div>\n                          <div class=\"swiper-slide\">\n                <article class=\"ep8a-tile\">\n                  <a class=\"ep8a-link\" href=\"https:\/\/8a.pl\/butelka-turystyczna-nalgene-16-oz-wide-mouth-thrill-and-motion-473-ml-oil-green-with-freesia\" target=\"_self\" rel=\"nofollow noopener noreferrer\" aria-label=\"Nalgene 16 oz Wide Mouth Thrill and Motion (473 ml)\">\n                    <div class=\"ep8a-card\">\n                      <div class=\"ep8a-imgwrap\">\n                                                <img class=\"ep8a-img skip-lazy no-lazy\" decoding=\"async\" loading=\"eager\" data-no-lazy=\"1\" src=\"https:\/\/8a.pl\/media\/catalog\/product\/b\/u\/butelka-turystyczna-nalgene-16-oz-wide-mouth-thrill-and-motion-473-ml-oil-green-with-freesia-1779112040.webp@jpg\" alt=\"Nalgene 16 oz Wide Mouth Thrill and Motion (473 ml)\" width=\"500\" height=\"600\">                      <\/div>\n                    <\/div>\n                  <\/a>\n                  <div class=\"ep8a-caption\">\n                    <a class=\"ep8a-link\" href=\"https:\/\/8a.pl\/butelka-turystyczna-nalgene-16-oz-wide-mouth-thrill-and-motion-473-ml-oil-green-with-freesia\" target=\"_self\" rel=\"nofollow noopener noreferrer\">\n                      <h3 class=\"ep8a-title\" title=\"Nalgene 16 oz Wide Mouth Thrill and Motion (473 ml)\">Nalgene 16 oz Wide Mouth Thrill and Motion (473 ml)<\/h3>\n                    <\/a>\n                    <div class=\"ep8a-price\">74.99 z\u0142<\/div>                  <\/div>\n                <\/article>\n              <\/div>\n                          <div class=\"swiper-slide\">\n                <article class=\"ep8a-tile\">\n                  <a class=\"ep8a-link\" href=\"https:\/\/8a.pl\/butelka-z-filtrem-katadyn-befree-ac-bottle-0-7l-smoke\" target=\"_self\" rel=\"nofollow noopener noreferrer\" aria-label=\"Katadyn BeFree AC Bottle 0.7L\">\n                    <div class=\"ep8a-card\">\n                      <div class=\"ep8a-imgwrap\">\n                                                <img class=\"ep8a-img skip-lazy no-lazy\" decoding=\"async\" loading=\"eager\" data-no-lazy=\"1\" src=\"https:\/\/8a.pl\/media\/catalog\/product\/b\/u\/butelka-z-filtrem-katadyn-befree-ac-bottle-0-7l-smoke-1778483393.webp@jpg\" alt=\"Katadyn BeFree AC Bottle 0.7L\" width=\"500\" height=\"600\">                      <\/div>\n                    <\/div>\n                  <\/a>\n                  <div class=\"ep8a-caption\">\n                    <a class=\"ep8a-link\" href=\"https:\/\/8a.pl\/butelka-z-filtrem-katadyn-befree-ac-bottle-0-7l-smoke\" target=\"_self\" rel=\"nofollow noopener noreferrer\">\n                      <h3 class=\"ep8a-title\" title=\"Katadyn BeFree AC Bottle 0.7L\">Katadyn BeFree AC Bottle 0.7L<\/h3>\n                    <\/a>\n                    <div class=\"ep8a-price\">249.99 z\u0142<\/div>                  <\/div>\n                <\/article>\n              <\/div>\n                      <\/div>\n        <\/div>\n\n        <!-- Strza\u0142ki poza .swiper -->\n        <button class=\"ep8a-arrow ep8a-prev\" id=\"ep8a_e84b466c-3170-42c1-be63-5f0b4eb87c92_prev\" aria-label=\"Poprzedni\"><\/button>\n        <button class=\"ep8a-arrow ep8a-next\" id=\"ep8a_e84b466c-3170-42c1-be63-5f0b4eb87c92_next\" aria-label=\"Nast\u0119pny\"><\/button>\n      <\/div>\n\n      <!-- Stopka: linia + CTA po prawej -->\n      <div class=\"ep8a-bottom\">\n        <span class=\"ep8a-bottomline\"><\/span>\n                  <a class=\"ep8a-cta\" href=\"https:\/\/8a.pl\/butelki-turystyczne\" target=\"_self\" rel=\"nofollow noopener noreferrer\">\n            KUP BUTELK\u0118 NA WOD\u0118          <\/a>\n              <\/div>\n    <\/section>\n\n\t<script>\n\tdocument.addEventListener(\"DOMContentLoaded\", function(){\n\t  if (typeof Swiper === \"undefined\") return;\n\n\t  const sel    = \"#ep8a_e84b466c-3170-42c1-be63-5f0b4eb87c92_swiper\";\n\t  const prevEl = \"#ep8a_e84b466c-3170-42c1-be63-5f0b4eb87c92_prev\";\n\t  const nextEl = \"#ep8a_e84b466c-3170-42c1-be63-5f0b4eb87c92_next\";\n\n\t  \/\/ 1) Zainicjuj Swiper od razu \u2013 nie czekaj na wszystkie obrazy\n\t  let sw = new Swiper(sel, {\n\t\tloop: true,\n\t\tspaceBetween: 24,\n\t\tslidesPerView: 1,\n\t\troundLengths: true,\n\t\tobserver: true,\n\t\tobserveParents: true,\n\t\tresizeObserver: true,\n\t\tpreloadImages: true,\n\t\tupdateOnWindowResize: true,\n\t\tlazy: { loadOnTransitionStart: true, loadPrevNext: true, loadPrevNextAmount: 2 },\n\t\twatchSlidesProgress: true,\n\t\twatchSlidesVisibility: true,\n\t\tnavigation: { nextEl, prevEl },\n\t\tbreakpoints: {\n\t\t  320:  { slidesPerView: 2 },\n\t\t  720:  { slidesPerView: 3 },\n\t\t  1200: { slidesPerView: 4 }\n\t\t},\n\t\ton: {\n\t\t  imagesReady() { try { sw.update(); } catch(e){} },\n\t\t  afterInit()   { try { sw.update(); } catch(e){} }\n\t\t}\n\t  });\n\n\t  \/\/ 2) Delikatny \u201enudge\u201d dla przegl\u0105darki: je\u015bli obraz jest w DOM i ma src, popro\u015b o decode\n\t  const imgs = document.querySelectorAll(sel + \" .ep8a-img\");\n\t  imgs.forEach((img) => {\n\t\tif (img.complete) {\n\t\t  if (img.decode) { img.decode().catch(()=>{}).finally(()=> sw && sw.update()); }\n\t\t} else {\n\t\t  img.addEventListener(\"load\",  () => { if (img.decode) { img.decode().catch(()=>{}).finally(()=> sw && sw.update()); } else { sw && sw.update(); } }, { once:true });\n\t\t  img.addEventListener(\"error\", () => { sw && sw.update(); }, { once:true });\n\t\t}\n\t  });\n\n\t  \/\/ 3) Gdy okno w pe\u0142ni si\u0119 za\u0142aduje, przelicz jeszcze raz\n\t  window.addEventListener(\"load\", () => { sw && sw.update(); });\n\t});\n\t<\/script>\n\n    \n\n\n\n<h2 class=\"wp-block-heading\" id=\"h-co-zabrac-na-festiwal-muzyczny-przybory-osobiste-i-akcesoria\">Co zabra\u0107 na festiwal muzyczny? Przybory osobiste i akcesoria<\/h2>\n\n\n\n<p class=\"wp-block-paragraph\"><\/p>\n\n\n<div class=\"wp-block-image\">\n<figure class=\"aligncenter size-full\"><img decoding=\"async\" width=\"600\" height=\"900\" src=\"https:\/\/8a.pl\/8academy\/wp-content\/uploads\/2023\/06\/action-g078dce829_1920.jpg\" alt=\"Co zabra\u0107 na festiwal muzyczny?\" class=\"wp-image-64247\" srcset=\"https:\/\/8a.pl\/8academy\/wp-content\/uploads\/2023\/06\/action-g078dce829_1920.jpg 600w, https:\/\/8a.pl\/8academy\/wp-content\/uploads\/2023\/06\/action-g078dce829_1920-200x300.jpg 200w\" sizes=\"(max-width: 600px) 100vw, 600px\" \/><figcaption class=\"wp-element-caption\">Co zabra\u0107 na festiwal muzyczny by cieszy\u0107 si\u0119 muzyk\u0105 w komfortowych warunkach? (fot. Pixabay)<\/figcaption><\/figure>\n<\/div>\n\n\n<p class=\"wp-block-paragraph\">Opr\u00f3cz rzeczy podstawowych, koniecznie trzeba pami\u0119ta\u0107 o kilku drobiazgach, kt\u00f3re pomog\u0105 nam funkcjonowa\u0107 na festiwalu. Festiwale muzyczne cz\u0119sto odbywaj\u0105 si\u0119 na otwartym terenie, gdzie dost\u0119p do \u0142azienek i prysznic\u00f3w mo\u017ce by\u0107 ograniczony. Co jeszcze spakowa\u0107 na festiwal muzyczny? Oto drobne ale niezb\u0119dne rzeczy oraz akcesoria festiwalowe:<\/p>\n\n\n\n<p class=\"wp-block-paragraph\"><\/p>\n\n\n    <section class=\"ep8a-section\">\n      <div class=\"ep8a-header\">\n        <div class=\"ep8a-titlebar\">\n          <p class=\"ep8a-h\">Torby biodrowe<\/p>          <span class=\"ep8a-titleline\"><\/span>\n        <\/div>\n      <\/div>\n\n      <div class=\"ep8a-wrap\" id=\"ep8a_e2be57d2-105c-47ac-a4b0-a95ebc472f55\">\n        <div class=\"ep8a-carousel swiper\" id=\"ep8a_e2be57d2-105c-47ac-a4b0-a95ebc472f55_swiper\">\n          <div class=\"swiper-wrapper\">\n                          <div class=\"swiper-slide\">\n                <article class=\"ep8a-tile\">\n                  <a class=\"ep8a-link\" href=\"https:\/\/8a.pl\/nerka-cabinzero-stinger-3-l-black\" target=\"_self\" rel=\"nofollow noopener noreferrer\" aria-label=\"CabinZero Stinger 3 L\">\n                    <div class=\"ep8a-card\">\n                      <div class=\"ep8a-imgwrap\">\n                                                <img class=\"ep8a-img skip-lazy no-lazy\" decoding=\"async\" loading=\"eager\" data-no-lazy=\"1\" src=\"https:\/\/8a.pl\/media\/catalog\/product\/n\/e\/nerka-cabinzero-stinger-3-l-black-1787140935.webp@jpg\" alt=\"CabinZero Stinger 3 L\" width=\"500\" height=\"600\">                      <\/div>\n                    <\/div>\n                  <\/a>\n                  <div class=\"ep8a-caption\">\n                    <a class=\"ep8a-link\" href=\"https:\/\/8a.pl\/nerka-cabinzero-stinger-3-l-black\" target=\"_self\" rel=\"nofollow noopener noreferrer\">\n                      <h3 class=\"ep8a-title\" title=\"CabinZero Stinger 3 L\">CabinZero Stinger 3 L<\/h3>\n                    <\/a>\n                    <div class=\"ep8a-price\">149.99 z\u0142<\/div>                  <\/div>\n                <\/article>\n              <\/div>\n                          <div class=\"swiper-slide\">\n                <article class=\"ep8a-tile\">\n                  <a class=\"ep8a-link\" href=\"https:\/\/8a.pl\/torebka-biodrowa-cabinzero-flicker-4-l-shell-white\" target=\"_self\" rel=\"nofollow noopener noreferrer\" aria-label=\"CabinZero Flicker 4 L\">\n                    <div class=\"ep8a-card\">\n                      <div class=\"ep8a-imgwrap\">\n                                                <img class=\"ep8a-img skip-lazy no-lazy\" decoding=\"async\" loading=\"eager\" data-no-lazy=\"1\" src=\"https:\/\/8a.pl\/media\/catalog\/product\/t\/o\/torebka-biodrowa-cabinzero-flicker-4-l-shell-white-1786367179.webp@jpg\" alt=\"CabinZero Flicker 4 L\" width=\"500\" height=\"600\">                      <\/div>\n                    <\/div>\n                  <\/a>\n                  <div class=\"ep8a-caption\">\n                    <a class=\"ep8a-link\" href=\"https:\/\/8a.pl\/torebka-biodrowa-cabinzero-flicker-4-l-shell-white\" target=\"_self\" rel=\"nofollow noopener noreferrer\">\n                      <h3 class=\"ep8a-title\" title=\"CabinZero Flicker 4 L\">CabinZero Flicker 4 L<\/h3>\n                    <\/a>\n                    <div class=\"ep8a-price\">159.99 z\u0142<\/div>                  <\/div>\n                <\/article>\n              <\/div>\n                          <div class=\"swiper-slide\">\n                <article class=\"ep8a-tile\">\n                  <a class=\"ep8a-link\" href=\"https:\/\/8a.pl\/nerka-cabinzero-stinger-3-l-lavender-dream\" target=\"_self\" rel=\"nofollow noopener noreferrer\" aria-label=\"CabinZero Stinger 3 L\">\n                    <div class=\"ep8a-card\">\n                      <div class=\"ep8a-imgwrap\">\n                                                <img class=\"ep8a-img skip-lazy no-lazy\" decoding=\"async\" loading=\"eager\" data-no-lazy=\"1\" src=\"https:\/\/8a.pl\/media\/catalog\/product\/n\/e\/nerka-cabinzero-stinger-3-l-lavender-dream-1786367173.webp@jpg\" alt=\"CabinZero Stinger 3 L\" width=\"500\" height=\"600\">                      <\/div>\n                    <\/div>\n                  <\/a>\n                  <div class=\"ep8a-caption\">\n                    <a class=\"ep8a-link\" href=\"https:\/\/8a.pl\/nerka-cabinzero-stinger-3-l-lavender-dream\" target=\"_self\" rel=\"nofollow noopener noreferrer\">\n                      <h3 class=\"ep8a-title\" title=\"CabinZero Stinger 3 L\">CabinZero Stinger 3 L<\/h3>\n                    <\/a>\n                    <div class=\"ep8a-price\">149.99 z\u0142<\/div>                  <\/div>\n                <\/article>\n              <\/div>\n                          <div class=\"swiper-slide\">\n                <article class=\"ep8a-tile\">\n                  <a class=\"ep8a-link\" href=\"https:\/\/8a.pl\/torebka-biodrowa-cabinzero-stinger-3-l-orange-chill\" target=\"_self\" rel=\"nofollow noopener noreferrer\" aria-label=\"CabinZero Stinger 3 L\">\n                    <div class=\"ep8a-card\">\n                      <div class=\"ep8a-imgwrap\">\n                                                <img class=\"ep8a-img skip-lazy no-lazy\" decoding=\"async\" loading=\"eager\" data-no-lazy=\"1\" src=\"https:\/\/8a.pl\/media\/catalog\/product\/t\/o\/torebka-biodrowa-cabinzero-stinger-3-l-orange-chill-1786366878.webp@jpg\" alt=\"CabinZero Stinger 3 L\" width=\"500\" height=\"600\">                      <\/div>\n                    <\/div>\n                  <\/a>\n                  <div class=\"ep8a-caption\">\n                    <a class=\"ep8a-link\" href=\"https:\/\/8a.pl\/torebka-biodrowa-cabinzero-stinger-3-l-orange-chill\" target=\"_self\" rel=\"nofollow noopener noreferrer\">\n                      <h3 class=\"ep8a-title\" title=\"CabinZero Stinger 3 L\">CabinZero Stinger 3 L<\/h3>\n                    <\/a>\n                    <div class=\"ep8a-price\">149.99 z\u0142<\/div>                  <\/div>\n                <\/article>\n              <\/div>\n                          <div class=\"swiper-slide\">\n                <article class=\"ep8a-tile\">\n                  <a class=\"ep8a-link\" href=\"https:\/\/8a.pl\/nerka-cabinzero-flicker-4-l-redwood\" target=\"_self\" rel=\"nofollow noopener noreferrer\" aria-label=\"CabinZero Flicker 4 L\">\n                    <div class=\"ep8a-card\">\n                      <div class=\"ep8a-imgwrap\">\n                                                <img class=\"ep8a-img skip-lazy no-lazy\" decoding=\"async\" loading=\"eager\" data-no-lazy=\"1\" src=\"https:\/\/8a.pl\/media\/catalog\/product\/n\/e\/nerka-cabinzero-flicker-4-l-redwood-1786367171.webp@jpg\" alt=\"CabinZero Flicker 4 L\" width=\"500\" height=\"600\">                      <\/div>\n                    <\/div>\n                  <\/a>\n                  <div class=\"ep8a-caption\">\n                    <a class=\"ep8a-link\" href=\"https:\/\/8a.pl\/nerka-cabinzero-flicker-4-l-redwood\" target=\"_self\" rel=\"nofollow noopener noreferrer\">\n                      <h3 class=\"ep8a-title\" title=\"CabinZero Flicker 4 L\">CabinZero Flicker 4 L<\/h3>\n                    <\/a>\n                    <div class=\"ep8a-price\">159.99 z\u0142<\/div>                  <\/div>\n                <\/article>\n              <\/div>\n                          <div class=\"swiper-slide\">\n                <article class=\"ep8a-tile\">\n                  <a class=\"ep8a-link\" href=\"https:\/\/8a.pl\/nerka-helikon-tex-bandicoot-waist-pack-cordura-coyote\" target=\"_self\" rel=\"nofollow noopener noreferrer\" aria-label=\"Helikon-Tex Bandicoot Waist Pack Cordura\">\n                    <div class=\"ep8a-card\">\n                      <div class=\"ep8a-imgwrap\">\n                                                <img class=\"ep8a-img skip-lazy no-lazy\" decoding=\"async\" loading=\"eager\" data-no-lazy=\"1\" src=\"https:\/\/8a.pl\/media\/catalog\/product\/n\/e\/nerka-helikon-tex-bandicoot-waist-pack-cordura-coyote-1784815276.webp@jpg\" alt=\"Helikon-Tex Bandicoot Waist Pack Cordura\" width=\"500\" height=\"600\">                      <\/div>\n                    <\/div>\n                  <\/a>\n                  <div class=\"ep8a-caption\">\n                    <a class=\"ep8a-link\" href=\"https:\/\/8a.pl\/nerka-helikon-tex-bandicoot-waist-pack-cordura-coyote\" target=\"_self\" rel=\"nofollow noopener noreferrer\">\n                      <h3 class=\"ep8a-title\" title=\"Helikon-Tex Bandicoot Waist Pack Cordura\">Helikon-Tex Bandicoot Waist Pack Cordura<\/h3>\n                    <\/a>\n                    <div class=\"ep8a-price\">159.99 z\u0142<\/div>                  <\/div>\n                <\/article>\n              <\/div>\n                          <div class=\"swiper-slide\">\n                <article class=\"ep8a-tile\">\n                  <a class=\"ep8a-link\" href=\"https:\/\/8a.pl\/torebka-biodrowa-fjallraven-ulvo-hip-pack-large-green\" target=\"_self\" rel=\"nofollow noopener noreferrer\" aria-label=\"Fjallraven Ulvo Hip Pack Large\">\n                    <div class=\"ep8a-card\">\n                      <div class=\"ep8a-imgwrap\">\n                                                <img class=\"ep8a-img skip-lazy no-lazy\" decoding=\"async\" loading=\"eager\" data-no-lazy=\"1\" src=\"https:\/\/8a.pl\/media\/catalog\/product\/t\/o\/torebka-biodrowa-fjallraven-ulvo-hip-pack-large-green-1787036784.webp@jpg\" alt=\"Fjallraven Ulvo Hip Pack Large\" width=\"500\" height=\"600\">                      <\/div>\n                    <\/div>\n                  <\/a>\n                  <div class=\"ep8a-caption\">\n                    <a class=\"ep8a-link\" href=\"https:\/\/8a.pl\/torebka-biodrowa-fjallraven-ulvo-hip-pack-large-green\" target=\"_self\" rel=\"nofollow noopener noreferrer\">\n                      <h3 class=\"ep8a-title\" title=\"Fjallraven Ulvo Hip Pack Large\">Fjallraven Ulvo Hip Pack Large<\/h3>\n                    <\/a>\n                    <div class=\"ep8a-price\">269.99 z\u0142<\/div>                  <\/div>\n                <\/article>\n              <\/div>\n                          <div class=\"swiper-slide\">\n                <article class=\"ep8a-tile\">\n                  <a class=\"ep8a-link\" href=\"https:\/\/8a.pl\/torebka-biodrowa-fjallraven-kanken-hip-pack-teal\" target=\"_self\" rel=\"nofollow noopener noreferrer\" aria-label=\"Fjallraven Kanken Hip Pack\">\n                    <div class=\"ep8a-card\">\n                      <div class=\"ep8a-imgwrap\">\n                                                <img class=\"ep8a-img skip-lazy no-lazy\" decoding=\"async\" loading=\"eager\" data-no-lazy=\"1\" src=\"https:\/\/8a.pl\/media\/catalog\/product\/t\/o\/torebka-biodrowa-fjallraven-kanken-hip-pack-teal-1787036713.webp@jpg\" alt=\"Fjallraven Kanken Hip Pack\" width=\"500\" height=\"600\">                      <\/div>\n                    <\/div>\n                  <\/a>\n                  <div class=\"ep8a-caption\">\n                    <a class=\"ep8a-link\" href=\"https:\/\/8a.pl\/torebka-biodrowa-fjallraven-kanken-hip-pack-teal\" target=\"_self\" rel=\"nofollow noopener noreferrer\">\n                      <h3 class=\"ep8a-title\" title=\"Fjallraven Kanken Hip Pack\">Fjallraven Kanken Hip Pack<\/h3>\n                    <\/a>\n                    <div class=\"ep8a-price\">269.99 z\u0142<\/div>                  <\/div>\n                <\/article>\n              <\/div>\n                          <div class=\"swiper-slide\">\n                <article class=\"ep8a-tile\">\n                  <a class=\"ep8a-link\" href=\"https:\/\/8a.pl\/saszetka-fjallraven-kanken-crossbody-navy\" target=\"_self\" rel=\"nofollow noopener noreferrer\" aria-label=\"Fjallraven Kanken Crossbody\">\n                    <div class=\"ep8a-card\">\n                      <div class=\"ep8a-imgwrap\">\n                                                <img class=\"ep8a-img skip-lazy no-lazy\" decoding=\"async\" loading=\"eager\" data-no-lazy=\"1\" src=\"https:\/\/8a.pl\/media\/catalog\/product\/s\/a\/saszetka-fjallraven-kanken-crossbody-navy-1784206944.webp@jpg\" alt=\"Fjallraven Kanken Crossbody\" width=\"500\" height=\"600\">                      <\/div>\n                    <\/div>\n                  <\/a>\n                  <div class=\"ep8a-caption\">\n                    <a class=\"ep8a-link\" href=\"https:\/\/8a.pl\/saszetka-fjallraven-kanken-crossbody-navy\" target=\"_self\" rel=\"nofollow noopener noreferrer\">\n                      <h3 class=\"ep8a-title\" title=\"Fjallraven Kanken Crossbody\">Fjallraven Kanken Crossbody<\/h3>\n                    <\/a>\n                    <div class=\"ep8a-price\">399.99 z\u0142<\/div>                  <\/div>\n                <\/article>\n              <\/div>\n                          <div class=\"swiper-slide\">\n                <article class=\"ep8a-tile\">\n                  <a class=\"ep8a-link\" href=\"https:\/\/8a.pl\/torebka-biodrowa-fjallraven-kanken-no-2-hip-pack-black-black\" target=\"_self\" rel=\"nofollow noopener noreferrer\" aria-label=\"Fjallraven Kanken No 2 Hip Pack\">\n                    <div class=\"ep8a-card\">\n                      <div class=\"ep8a-imgwrap\">\n                                                <img class=\"ep8a-img skip-lazy no-lazy\" decoding=\"async\" loading=\"eager\" data-no-lazy=\"1\" src=\"https:\/\/8a.pl\/media\/catalog\/product\/t\/o\/torebka-biodrowa-fjallraven-kanken-no-2-hip-pack-black-black-1787652086.webp@jpg\" alt=\"Fjallraven Kanken No 2 Hip Pack\" width=\"500\" height=\"600\">                      <\/div>\n                    <\/div>\n                  <\/a>\n                  <div class=\"ep8a-caption\">\n                    <a class=\"ep8a-link\" href=\"https:\/\/8a.pl\/torebka-biodrowa-fjallraven-kanken-no-2-hip-pack-black-black\" target=\"_self\" rel=\"nofollow noopener noreferrer\">\n                      <h3 class=\"ep8a-title\" title=\"Fjallraven Kanken No 2 Hip Pack\">Fjallraven Kanken No 2 Hip Pack<\/h3>\n                    <\/a>\n                    <div class=\"ep8a-price\">399.99 z\u0142<\/div>                  <\/div>\n                <\/article>\n              <\/div>\n                      <\/div>\n        <\/div>\n\n        <!-- Strza\u0142ki poza .swiper -->\n        <button class=\"ep8a-arrow ep8a-prev\" id=\"ep8a_e2be57d2-105c-47ac-a4b0-a95ebc472f55_prev\" aria-label=\"Poprzedni\"><\/button>\n        <button class=\"ep8a-arrow ep8a-next\" id=\"ep8a_e2be57d2-105c-47ac-a4b0-a95ebc472f55_next\" aria-label=\"Nast\u0119pny\"><\/button>\n      <\/div>\n\n      <!-- Stopka: linia + CTA po prawej -->\n      <div class=\"ep8a-bottom\">\n        <span class=\"ep8a-bottomline\"><\/span>\n                  <a class=\"ep8a-cta\" href=\"https:\/\/8a.pl\/torby-biodrowe\" target=\"_self\" rel=\"nofollow noopener noreferrer\">\n            ZOBACZ WSZYSTKIE TOREBKI BIODROWE          <\/a>\n              <\/div>\n    <\/section>\n\n\t<script>\n\tdocument.addEventListener(\"DOMContentLoaded\", function(){\n\t  if (typeof Swiper === \"undefined\") return;\n\n\t  const sel    = \"#ep8a_e2be57d2-105c-47ac-a4b0-a95ebc472f55_swiper\";\n\t  const prevEl = \"#ep8a_e2be57d2-105c-47ac-a4b0-a95ebc472f55_prev\";\n\t  const nextEl = \"#ep8a_e2be57d2-105c-47ac-a4b0-a95ebc472f55_next\";\n\n\t  \/\/ 1) Zainicjuj Swiper od razu \u2013 nie czekaj na wszystkie obrazy\n\t  let sw = new Swiper(sel, {\n\t\tloop: true,\n\t\tspaceBetween: 24,\n\t\tslidesPerView: 1,\n\t\troundLengths: true,\n\t\tobserver: true,\n\t\tobserveParents: true,\n\t\tresizeObserver: true,\n\t\tpreloadImages: true,\n\t\tupdateOnWindowResize: true,\n\t\tlazy: { loadOnTransitionStart: true, loadPrevNext: true, loadPrevNextAmount: 2 },\n\t\twatchSlidesProgress: true,\n\t\twatchSlidesVisibility: true,\n\t\tnavigation: { nextEl, prevEl },\n\t\tbreakpoints: {\n\t\t  320:  { slidesPerView: 2 },\n\t\t  720:  { slidesPerView: 3 },\n\t\t  1200: { slidesPerView: 4 }\n\t\t},\n\t\ton: {\n\t\t  imagesReady() { try { sw.update(); } catch(e){} },\n\t\t  afterInit()   { try { sw.update(); } catch(e){} }\n\t\t}\n\t  });\n\n\t  \/\/ 2) Delikatny \u201enudge\u201d dla przegl\u0105darki: je\u015bli obraz jest w DOM i ma src, popro\u015b o decode\n\t  const imgs = document.querySelectorAll(sel + \" .ep8a-img\");\n\t  imgs.forEach((img) => {\n\t\tif (img.complete) {\n\t\t  if (img.decode) { img.decode().catch(()=>{}).finally(()=> sw && sw.update()); }\n\t\t} else {\n\t\t  img.addEventListener(\"load\",  () => { if (img.decode) { img.decode().catch(()=>{}).finally(()=> sw && sw.update()); } else { sw && sw.update(); } }, { once:true });\n\t\t  img.addEventListener(\"error\", () => { sw && sw.update(); }, { once:true });\n\t\t}\n\t  });\n\n\t  \/\/ 3) Gdy okno w pe\u0142ni si\u0119 za\u0142aduje, przelicz jeszcze raz\n\t  window.addEventListener(\"load\", () => { sw && sw.update(); });\n\t});\n\t<\/script>\n\n    \n\n\n\n<ul class=\"wp-block-list\">\n<li>got\u00f3wka \u2013 w festiwalowych okoliczno\u015bciach nie zawsze mo\u017cna p\u0142aci\u0107 kart\u0105<\/li>\n\n\n\n<li>okulary przeciws\u0142oneczne&nbsp;\u2013 koniecznie!<\/li>\n\n\n\n<li>krem przeciws\u0142oneczny<\/li>\n\n\n\n<li>\u015brodki przeciw komarom<\/li>\n\n\n\n<li>r\u0119cznik szybkoschn\u0105cy<\/li>\n\n\n\n<li>papier toaletowy<\/li>\n\n\n\n<li>myd\u0142o biodegradowalne i chusteczki lub p\u0142yn do dezynfekcji r\u0105k<\/li>\n\n\n\n<li>apteczka<\/li>\n\n\n\n<li>zatyczki do uszu &#8211; gdy ju\u017c nie b\u0119dziesz mia\u0142 si\u0142y na kolejny koncert zatyczki zapewni\u0105 ci lepszy komfort snu. Poza tym ile\u017c ludzi na polu chrapie!<\/li>\n\n\n\n<li>powerbank &#8211; \u0142\u0105czno\u015b\u0107 ze \u015bwiatem jest istotna a dopcha\u0107 si\u0119 do p\u0142atnych \u0142adowarek festiwalowych nie jest \u0142atwo.<\/li>\n\n\n\n<li>k\u0142\u00f3dka do namiotu &#8211; nie warto bezgranicznie ufa\u0107 w uczciwo\u015b\u0107 tysi\u0119cy ludzi na polu festiwalowym. K\u0142\u00f3dka, cho\u0107 oczywi\u015bcie nie jest stuprocentowym zabezpieczeniem, dzia\u0142a odstraszaj\u0105co i zniech\u0119caj\u0105co na potencjalnego z\u0142odzieja.<\/li>\n<\/ul>\n\n\n\n<p class=\"wp-block-paragraph\"><\/p>\n\n\n    <section class=\"ep8a-section\">\n      <div class=\"ep8a-header\">\n        <div class=\"ep8a-titlebar\">\n          <p class=\"ep8a-h\">R\u0119czniki szybkoschn\u0105ce<\/p>          <span class=\"ep8a-titleline\"><\/span>\n        <\/div>\n      <\/div>\n\n      <div class=\"ep8a-wrap\" id=\"ep8a_bfbb8460-5234-4c30-b968-6e233592b6d3\">\n        <div class=\"ep8a-carousel swiper\" id=\"ep8a_bfbb8460-5234-4c30-b968-6e233592b6d3_swiper\">\n          <div class=\"swiper-wrapper\">\n                          <div class=\"swiper-slide\">\n                <article class=\"ep8a-tile\">\n                  <a class=\"ep8a-link\" href=\"https:\/\/8a.pl\/recznik-szybkoschnacy-helikon-tex-field-towel-medium-olive-green\" target=\"_self\" rel=\"nofollow noopener noreferrer\" aria-label=\"Helikon-Tex Field Towel Medium\">\n                    <div class=\"ep8a-card\">\n                      <div class=\"ep8a-imgwrap\">\n                                                <img class=\"ep8a-img skip-lazy no-lazy\" decoding=\"async\" loading=\"eager\" data-no-lazy=\"1\" src=\"https:\/\/8a.pl\/media\/catalog\/product\/r\/e\/recznik-szybkoschnacy-helikon-tex-field-towel-medium-olive-green-1775743058.webp@jpg\" alt=\"Helikon-Tex Field Towel Medium\" width=\"500\" height=\"600\">                      <\/div>\n                    <\/div>\n                  <\/a>\n                  <div class=\"ep8a-caption\">\n                    <a class=\"ep8a-link\" href=\"https:\/\/8a.pl\/recznik-szybkoschnacy-helikon-tex-field-towel-medium-olive-green\" target=\"_self\" rel=\"nofollow noopener noreferrer\">\n                      <h3 class=\"ep8a-title\" title=\"Helikon-Tex Field Towel Medium\">Helikon-Tex Field Towel Medium<\/h3>\n                    <\/a>\n                    <div class=\"ep8a-price\">59.99 z\u0142<\/div>                  <\/div>\n                <\/article>\n              <\/div>\n                          <div class=\"swiper-slide\">\n                <article class=\"ep8a-tile\">\n                  <a class=\"ep8a-link\" href=\"https:\/\/8a.pl\/recznik-szybkoschnacy-helikon-tex-field-towel-small-olive-green\" target=\"_self\" rel=\"nofollow noopener noreferrer\" aria-label=\"Helikon-Tex Field Towel Small\">\n                    <div class=\"ep8a-card\">\n                      <div class=\"ep8a-imgwrap\">\n                                                <img class=\"ep8a-img skip-lazy no-lazy\" decoding=\"async\" loading=\"eager\" data-no-lazy=\"1\" src=\"https:\/\/8a.pl\/media\/catalog\/product\/r\/e\/recznik-szybkoschnacy-helikon-tex-field-towel-small-olive-green-1775743058.webp@jpg\" alt=\"Helikon-Tex Field Towel Small\" width=\"500\" height=\"600\">                      <\/div>\n                    <\/div>\n                  <\/a>\n                  <div class=\"ep8a-caption\">\n                    <a class=\"ep8a-link\" href=\"https:\/\/8a.pl\/recznik-szybkoschnacy-helikon-tex-field-towel-small-olive-green\" target=\"_self\" rel=\"nofollow noopener noreferrer\">\n                      <h3 class=\"ep8a-title\" title=\"Helikon-Tex Field Towel Small\">Helikon-Tex Field Towel Small<\/h3>\n                    <\/a>\n                    <div class=\"ep8a-price\">39.99 z\u0142<\/div>                  <\/div>\n                <\/article>\n              <\/div>\n                          <div class=\"swiper-slide\">\n                <article class=\"ep8a-tile\">\n                  <a class=\"ep8a-link\" href=\"https:\/\/8a.pl\/recznik-szybkoschnacy-helikon-tex-field-towel-large-olive-green\" target=\"_self\" rel=\"nofollow noopener noreferrer\" aria-label=\"Helikon-Tex Field Towel Large\">\n                    <div class=\"ep8a-card\">\n                      <div class=\"ep8a-imgwrap\">\n                                                <img class=\"ep8a-img skip-lazy no-lazy\" decoding=\"async\" loading=\"eager\" data-no-lazy=\"1\" src=\"https:\/\/8a.pl\/media\/catalog\/product\/r\/e\/recznik-szybkoschnacy-helikon-tex-field-towel-large-olive-green-1775743057.webp@jpg\" alt=\"Helikon-Tex Field Towel Large\" width=\"500\" height=\"600\">                      <\/div>\n                    <\/div>\n                  <\/a>\n                  <div class=\"ep8a-caption\">\n                    <a class=\"ep8a-link\" href=\"https:\/\/8a.pl\/recznik-szybkoschnacy-helikon-tex-field-towel-large-olive-green\" target=\"_self\" rel=\"nofollow noopener noreferrer\">\n                      <h3 class=\"ep8a-title\" title=\"Helikon-Tex Field Towel Large\">Helikon-Tex Field Towel Large<\/h3>\n                    <\/a>\n                    <div class=\"ep8a-price\">99.99 z\u0142<\/div>                  <\/div>\n                <\/article>\n              <\/div>\n                          <div class=\"swiper-slide\">\n                <article class=\"ep8a-tile\">\n                  <a class=\"ep8a-link\" href=\"https:\/\/8a.pl\/recznik-szybkoschnacy-cocoon-microfiber-towel-hyperlight-xl-lagoon-blue\" target=\"_self\" rel=\"nofollow noopener noreferrer\" aria-label=\"Cocoon Microfiber Towel Hyperlight XL\">\n                    <div class=\"ep8a-card\">\n                      <div class=\"ep8a-imgwrap\">\n                                                <img class=\"ep8a-img skip-lazy no-lazy\" decoding=\"async\" loading=\"eager\" data-no-lazy=\"1\" src=\"https:\/\/8a.pl\/media\/catalog\/product\/r\/e\/recznik-szybkoschnacy-cocoon-microfiber-towel-hyperlight-xl-lagoon-blue-1775829943.webp@jpg\" alt=\"Cocoon Microfiber Towel Hyperlight XL\" width=\"500\" height=\"600\">                      <\/div>\n                    <\/div>\n                  <\/a>\n                  <div class=\"ep8a-caption\">\n                    <a class=\"ep8a-link\" href=\"https:\/\/8a.pl\/recznik-szybkoschnacy-cocoon-microfiber-towel-hyperlight-xl-lagoon-blue\" target=\"_self\" rel=\"nofollow noopener noreferrer\">\n                      <h3 class=\"ep8a-title\" title=\"Cocoon Microfiber Towel Hyperlight XL\">Cocoon Microfiber Towel Hyperlight XL<\/h3>\n                    <\/a>\n                    <div class=\"ep8a-price\">104.99 z\u0142<\/div>                  <\/div>\n                <\/article>\n              <\/div>\n                          <div class=\"swiper-slide\">\n                <article class=\"ep8a-tile\">\n                  <a class=\"ep8a-link\" href=\"https:\/\/8a.pl\/zestaw-turystyczny-cocoon-travel-set-5-pack-wasabi-black\" target=\"_self\" rel=\"nofollow noopener noreferrer\" aria-label=\"Cocoon Travel Set 5-Pack\">\n                    <div class=\"ep8a-card\">\n                      <div class=\"ep8a-imgwrap\">\n                                                <img class=\"ep8a-img skip-lazy no-lazy\" decoding=\"async\" loading=\"eager\" data-no-lazy=\"1\" src=\"https:\/\/8a.pl\/media\/catalog\/product\/7\/9\/799696141189-1775643136.webp@jpg\" alt=\"Cocoon Travel Set 5-Pack\" width=\"500\" height=\"600\">                      <\/div>\n                    <\/div>\n                  <\/a>\n                  <div class=\"ep8a-caption\">\n                    <a class=\"ep8a-link\" href=\"https:\/\/8a.pl\/zestaw-turystyczny-cocoon-travel-set-5-pack-wasabi-black\" target=\"_self\" rel=\"nofollow noopener noreferrer\">\n                      <h3 class=\"ep8a-title\" title=\"Cocoon Travel Set 5-Pack\">Cocoon Travel Set 5-Pack<\/h3>\n                    <\/a>\n                    <div class=\"ep8a-price\">339.99 z\u0142<\/div>                  <\/div>\n                <\/article>\n              <\/div>\n                          <div class=\"swiper-slide\">\n                <article class=\"ep8a-tile\">\n                  <a class=\"ep8a-link\" href=\"https:\/\/8a.pl\/recznik-szybkoschnacy-cocoon-microfiber-towel-ultralight-m-marsala-red\" target=\"_self\" rel=\"nofollow noopener noreferrer\" aria-label=\"Cocoon Microfiber Towel - Ultralight M\">\n                    <div class=\"ep8a-card\">\n                      <div class=\"ep8a-imgwrap\">\n                                                <img class=\"ep8a-img skip-lazy no-lazy\" decoding=\"async\" loading=\"eager\" data-no-lazy=\"1\" src=\"https:\/\/8a.pl\/media\/catalog\/product\/r\/e\/recznik-szybkoschnacy-cocoon-microfiber-towel-ultralight-m-marsala-red-1776779665.webp@jpg\" alt=\"Cocoon Microfiber Towel - Ultralight M\" width=\"500\" height=\"600\">                      <\/div>\n                    <\/div>\n                  <\/a>\n                  <div class=\"ep8a-caption\">\n                    <a class=\"ep8a-link\" href=\"https:\/\/8a.pl\/recznik-szybkoschnacy-cocoon-microfiber-towel-ultralight-m-marsala-red\" target=\"_self\" rel=\"nofollow noopener noreferrer\">\n                      <h3 class=\"ep8a-title\" title=\"Cocoon Microfiber Towel - Ultralight M\">Cocoon Microfiber Towel - Ultralight M<\/h3>\n                    <\/a>\n                    <div class=\"ep8a-price\">49.99 z\u0142<\/div>                  <\/div>\n                <\/article>\n              <\/div>\n                          <div class=\"swiper-slide\">\n                <article class=\"ep8a-tile\">\n                  <a class=\"ep8a-link\" href=\"https:\/\/8a.pl\/recznik-szybkoschnacy-cocoon-microfiber-towel-ultralight-m-manatee-grey\" target=\"_self\" rel=\"nofollow noopener noreferrer\" aria-label=\"Cocoon Microfiber Towel - Ultralight M\">\n                    <div class=\"ep8a-card\">\n                      <div class=\"ep8a-imgwrap\">\n                                                <img class=\"ep8a-img skip-lazy no-lazy\" decoding=\"async\" loading=\"eager\" data-no-lazy=\"1\" src=\"https:\/\/8a.pl\/media\/catalog\/product\/r\/e\/recznik-szybkoschnacy-cocoon-microfiber-towel-ultralight-m-manatee-grey-1783677798.webp@jpg\" alt=\"Cocoon Microfiber Towel - Ultralight M\" width=\"500\" height=\"600\">                      <\/div>\n                    <\/div>\n                  <\/a>\n                  <div class=\"ep8a-caption\">\n                    <a class=\"ep8a-link\" href=\"https:\/\/8a.pl\/recznik-szybkoschnacy-cocoon-microfiber-towel-ultralight-m-manatee-grey\" target=\"_self\" rel=\"nofollow noopener noreferrer\">\n                      <h3 class=\"ep8a-title\" title=\"Cocoon Microfiber Towel - Ultralight M\">Cocoon Microfiber Towel - Ultralight M<\/h3>\n                    <\/a>\n                    <div class=\"ep8a-price\">49.99 z\u0142<\/div>                  <\/div>\n                <\/article>\n              <\/div>\n                          <div class=\"swiper-slide\">\n                <article class=\"ep8a-tile\">\n                  <a class=\"ep8a-link\" href=\"https:\/\/8a.pl\/recznik-szybkoschnacy-cocoon-microfiber-towel-ultralight-s-marsala-red\" target=\"_self\" rel=\"nofollow noopener noreferrer\" aria-label=\"Cocoon Microfiber Towel - Ultralight S\">\n                    <div class=\"ep8a-card\">\n                      <div class=\"ep8a-imgwrap\">\n                                                <img class=\"ep8a-img skip-lazy no-lazy\" decoding=\"async\" loading=\"eager\" data-no-lazy=\"1\" src=\"https:\/\/8a.pl\/media\/catalog\/product\/r\/e\/recznik-szybkoschnacy-cocoon-microfiber-towel-ultralight-s-marsala-red-1775829925.webp@jpg\" alt=\"Cocoon Microfiber Towel - Ultralight S\" width=\"500\" height=\"600\">                      <\/div>\n                    <\/div>\n                  <\/a>\n                  <div class=\"ep8a-caption\">\n                    <a class=\"ep8a-link\" href=\"https:\/\/8a.pl\/recznik-szybkoschnacy-cocoon-microfiber-towel-ultralight-s-marsala-red\" target=\"_self\" rel=\"nofollow noopener noreferrer\">\n                      <h3 class=\"ep8a-title\" title=\"Cocoon Microfiber Towel - Ultralight S\">Cocoon Microfiber Towel - Ultralight S<\/h3>\n                    <\/a>\n                    <div class=\"ep8a-price\">34.99 z\u0142<\/div>                  <\/div>\n                <\/article>\n              <\/div>\n                          <div class=\"swiper-slide\">\n                <article class=\"ep8a-tile\">\n                  <a class=\"ep8a-link\" href=\"https:\/\/8a.pl\/recznik-szybkoschnacy-cocoon-microfiber-towel-ultralight-s-manatee-grey\" target=\"_self\" rel=\"nofollow noopener noreferrer\" aria-label=\"Cocoon Microfiber Towel - Ultralight S\">\n                    <div class=\"ep8a-card\">\n                      <div class=\"ep8a-imgwrap\">\n                                                <img class=\"ep8a-img skip-lazy no-lazy\" decoding=\"async\" loading=\"eager\" data-no-lazy=\"1\" src=\"https:\/\/8a.pl\/media\/catalog\/product\/r\/e\/recznik-szybkoschnacy-cocoon-microfiber-towel-ultralight-s-manatee-grey-1776779712.webp@jpg\" alt=\"Cocoon Microfiber Towel - Ultralight S\" width=\"500\" height=\"600\">                      <\/div>\n                    <\/div>\n                  <\/a>\n                  <div class=\"ep8a-caption\">\n                    <a class=\"ep8a-link\" href=\"https:\/\/8a.pl\/recznik-szybkoschnacy-cocoon-microfiber-towel-ultralight-s-manatee-grey\" target=\"_self\" rel=\"nofollow noopener noreferrer\">\n                      <h3 class=\"ep8a-title\" title=\"Cocoon Microfiber Towel - Ultralight S\">Cocoon Microfiber Towel - Ultralight S<\/h3>\n                    <\/a>\n                    <div class=\"ep8a-price\">34.99 z\u0142<\/div>                  <\/div>\n                <\/article>\n              <\/div>\n                          <div class=\"swiper-slide\">\n                <article class=\"ep8a-tile\">\n                  <a class=\"ep8a-link\" href=\"https:\/\/8a.pl\/recznik-szybkoschnacy-cocoon-microfiber-towel-hyperlight-s-sunrise\" target=\"_self\" rel=\"nofollow noopener noreferrer\" aria-label=\"Cocoon Microfiber Towel Hyperlight S\">\n                    <div class=\"ep8a-card\">\n                      <div class=\"ep8a-imgwrap\">\n                                                <img class=\"ep8a-img skip-lazy no-lazy\" decoding=\"async\" loading=\"eager\" data-no-lazy=\"1\" src=\"https:\/\/8a.pl\/media\/catalog\/product\/r\/e\/recznik-szybkoschnacy-cocoon-microfiber-towel-hyperlight-s-sunrise-1775829944.webp@jpg\" alt=\"Cocoon Microfiber Towel Hyperlight S\" width=\"500\" height=\"600\">                      <\/div>\n                    <\/div>\n                  <\/a>\n                  <div class=\"ep8a-caption\">\n                    <a class=\"ep8a-link\" href=\"https:\/\/8a.pl\/recznik-szybkoschnacy-cocoon-microfiber-towel-hyperlight-s-sunrise\" target=\"_self\" rel=\"nofollow noopener noreferrer\">\n                      <h3 class=\"ep8a-title\" title=\"Cocoon Microfiber Towel Hyperlight S\">Cocoon Microfiber Towel Hyperlight S<\/h3>\n                    <\/a>\n                    <div class=\"ep8a-price\">41.99 z\u0142<\/div>                  <\/div>\n                <\/article>\n              <\/div>\n                      <\/div>\n        <\/div>\n\n        <!-- Strza\u0142ki poza .swiper -->\n        <button class=\"ep8a-arrow ep8a-prev\" id=\"ep8a_bfbb8460-5234-4c30-b968-6e233592b6d3_prev\" aria-label=\"Poprzedni\"><\/button>\n        <button class=\"ep8a-arrow ep8a-next\" id=\"ep8a_bfbb8460-5234-4c30-b968-6e233592b6d3_next\" aria-label=\"Nast\u0119pny\"><\/button>\n      <\/div>\n\n      <!-- Stopka: linia + CTA po prawej -->\n      <div class=\"ep8a-bottom\">\n        <span class=\"ep8a-bottomline\"><\/span>\n                  <a class=\"ep8a-cta\" href=\"https:\/\/8a.pl\/reczniki-szybkoschnace\" target=\"_self\" rel=\"nofollow noopener noreferrer\">\n            ZOBACZ R\u0118CZNIKI SZYBKOSCHN\u0104CE          <\/a>\n              <\/div>\n    <\/section>\n\n\t<script>\n\tdocument.addEventListener(\"DOMContentLoaded\", function(){\n\t  if (typeof Swiper === \"undefined\") return;\n\n\t  const sel    = \"#ep8a_bfbb8460-5234-4c30-b968-6e233592b6d3_swiper\";\n\t  const prevEl = \"#ep8a_bfbb8460-5234-4c30-b968-6e233592b6d3_prev\";\n\t  const nextEl = \"#ep8a_bfbb8460-5234-4c30-b968-6e233592b6d3_next\";\n\n\t  \/\/ 1) Zainicjuj Swiper od razu \u2013 nie czekaj na wszystkie obrazy\n\t  let sw = new Swiper(sel, {\n\t\tloop: true,\n\t\tspaceBetween: 24,\n\t\tslidesPerView: 1,\n\t\troundLengths: true,\n\t\tobserver: true,\n\t\tobserveParents: true,\n\t\tresizeObserver: true,\n\t\tpreloadImages: true,\n\t\tupdateOnWindowResize: true,\n\t\tlazy: { loadOnTransitionStart: true, loadPrevNext: true, loadPrevNextAmount: 2 },\n\t\twatchSlidesProgress: true,\n\t\twatchSlidesVisibility: true,\n\t\tnavigation: { nextEl, prevEl },\n\t\tbreakpoints: {\n\t\t  320:  { slidesPerView: 2 },\n\t\t  720:  { slidesPerView: 3 },\n\t\t  1200: { slidesPerView: 4 }\n\t\t},\n\t\ton: {\n\t\t  imagesReady() { try { sw.update(); } catch(e){} },\n\t\t  afterInit()   { try { sw.update(); } catch(e){} }\n\t\t}\n\t  });\n\n\t  \/\/ 2) Delikatny \u201enudge\u201d dla przegl\u0105darki: je\u015bli obraz jest w DOM i ma src, popro\u015b o decode\n\t  const imgs = document.querySelectorAll(sel + \" .ep8a-img\");\n\t  imgs.forEach((img) => {\n\t\tif (img.complete) {\n\t\t  if (img.decode) { img.decode().catch(()=>{}).finally(()=> sw && sw.update()); }\n\t\t} else {\n\t\t  img.addEventListener(\"load\",  () => { if (img.decode) { img.decode().catch(()=>{}).finally(()=> sw && sw.update()); } else { sw && sw.update(); } }, { once:true });\n\t\t  img.addEventListener(\"error\", () => { sw && sw.update(); }, { once:true });\n\t\t}\n\t  });\n\n\t  \/\/ 3) Gdy okno w pe\u0142ni si\u0119 za\u0142aduje, przelicz jeszcze raz\n\t  window.addEventListener(\"load\", () => { sw && sw.update(); });\n\t});\n\t<\/script>\n\n    \n\n\n\n<h2 class=\"wp-block-heading\" id=\"h-w-co-sie-ubrac-na-festiwal-muzyczny\">W co si\u0119 ubra\u0107 na festiwal muzyczny?<\/h2>\n\n\n\n<p class=\"wp-block-paragraph\">Zanim wyruszysz na festiwal koniecznie sprawd\u017a aktualn\u0105 prognoz\u0119 pogody. Niemniej, w naszych szeroko\u015bciach geograficznych, latem pogoda bywa zmienna i nieprzewidywalna. Pod uwag\u0119 trzeba wzi\u0105\u0107 opady deszczu i srogie burze. Nie bierz ze sob\u0105 rzeczy ci\u0119\u017ckich. We\u017a te lekkie, uniwersalne i wygodne. Odpowiednia odzie\u017c i obuwie pozwoli nam si\u0119 cieszy\u0107 muzyk\u0105, zamiast martwi\u0107 czy b\u0119dzie nam ciep\u0142o i wygodnie. Na festiwalu sp\u0119dzisz wiele godzin na nogach, dlatego niezwykle wa\u017cne jest, aby mie\u0107 odpowiednie obuwie. <\/p>\n\n\n\n<ul class=\"wp-block-list\">\n<li>kr\u00f3tkie spodenki&nbsp;lub lekkie&nbsp;spodnie turystyczne<\/li>\n\n\n\n<li>szybkoschn\u0105ca koszulka<\/li>\n\n\n\n<li>bluza&nbsp;<\/li>\n\n\n\n<li>lekka&nbsp;kurtka przeciwdeszczowa<\/li>\n\n\n\n<li>str\u00f3j k\u0105pielowy<\/li>\n\n\n\n<li>nakrycie g\u0142owy \u2013 najlepiej sprawdzi si\u0119&nbsp;kapelusz turystyczny&nbsp;zakrywaj\u0105cy r\u00f3wnie\u017c uszy i kark<\/li>\n\n\n\n<li>komplet ubra\u0144 na zmian\u0119<\/li>\n\n\n\n<li>wygodne obuwie np: buty turystyczne lub sanda\u0142y<\/li>\n\n\n\n<li>parasolka<\/li>\n<\/ul>\n\n\n\n<p class=\"wp-block-paragraph\"><\/p>\n\n\n    <section class=\"ep8a-section\">\n      <div class=\"ep8a-header\">\n        <div class=\"ep8a-titlebar\">\n          <p class=\"ep8a-h\">Przegl\u0105daj kurtki przeciwdeszczowe<\/p>          <span class=\"ep8a-titleline\"><\/span>\n        <\/div>\n      <\/div>\n\n      <div class=\"ep8a-wrap\" id=\"ep8a_133f0bde-84a6-4012-9f12-7a104bcecfa6\">\n        <div class=\"ep8a-carousel swiper\" id=\"ep8a_133f0bde-84a6-4012-9f12-7a104bcecfa6_swiper\">\n          <div class=\"swiper-wrapper\">\n                          <div class=\"swiper-slide\">\n                <article class=\"ep8a-tile\">\n                  <a class=\"ep8a-link\" href=\"https:\/\/8a.pl\/kurtka-damska-viking-numani-navy-blue\" target=\"_self\" rel=\"nofollow noopener noreferrer\" aria-label=\"Viking Numani\">\n                    <div class=\"ep8a-card\">\n                      <div class=\"ep8a-imgwrap\">\n                                                <img class=\"ep8a-img skip-lazy no-lazy\" decoding=\"async\" loading=\"eager\" data-no-lazy=\"1\" src=\"https:\/\/8a.pl\/media\/catalog\/product\/k\/u\/kurtka-damska-viking-numani-navy-blue-1780487915.webp@jpg\" alt=\"Viking Numani\" width=\"500\" height=\"600\">                      <\/div>\n                    <\/div>\n                  <\/a>\n                  <div class=\"ep8a-caption\">\n                    <a class=\"ep8a-link\" href=\"https:\/\/8a.pl\/kurtka-damska-viking-numani-navy-blue\" target=\"_self\" rel=\"nofollow noopener noreferrer\">\n                      <h3 class=\"ep8a-title\" title=\"Viking Numani\">Viking Numani<\/h3>\n                    <\/a>\n                    <div class=\"ep8a-price\">499.99 z\u0142<\/div>                  <\/div>\n                <\/article>\n              <\/div>\n                          <div class=\"swiper-slide\">\n                <article class=\"ep8a-tile\">\n                  <a class=\"ep8a-link\" href=\"https:\/\/8a.pl\/kurtka-przeciwdeszczowa-damska-viking-rainier-black\" target=\"_self\" rel=\"nofollow noopener noreferrer\" aria-label=\"Viking Rainier\">\n                    <div class=\"ep8a-card\">\n                      <div class=\"ep8a-imgwrap\">\n                                                <img class=\"ep8a-img skip-lazy no-lazy\" decoding=\"async\" loading=\"eager\" data-no-lazy=\"1\" src=\"https:\/\/8a.pl\/media\/catalog\/product\/k\/u\/kurtka-przeciwdeszczowa-damska-viking-rainier-black-1780487918.webp@jpg\" alt=\"Viking Rainier\" width=\"500\" height=\"600\">                      <\/div>\n                    <\/div>\n                  <\/a>\n                  <div class=\"ep8a-caption\">\n                    <a class=\"ep8a-link\" href=\"https:\/\/8a.pl\/kurtka-przeciwdeszczowa-damska-viking-rainier-black\" target=\"_self\" rel=\"nofollow noopener noreferrer\">\n                      <h3 class=\"ep8a-title\" title=\"Viking Rainier\">Viking Rainier<\/h3>\n                    <\/a>\n                    <div class=\"ep8a-price\">189.99 z\u0142<\/div>                  <\/div>\n                <\/article>\n              <\/div>\n                          <div class=\"swiper-slide\">\n                <article class=\"ep8a-tile\">\n                  <a class=\"ep8a-link\" href=\"https:\/\/8a.pl\/kurtka-przeciwdeszczowa-damska-cmp-strayna-jacket-jade\" target=\"_self\" rel=\"nofollow noopener noreferrer\" aria-label=\"CMP Strayna Jacket\">\n                    <div class=\"ep8a-card\">\n                      <div class=\"ep8a-imgwrap\">\n                                                <img class=\"ep8a-img skip-lazy no-lazy\" decoding=\"async\" loading=\"eager\" data-no-lazy=\"1\" src=\"https:\/\/8a.pl\/media\/catalog\/product\/k\/u\/kurtka-przeciwdeszczowa-damska-cmp-strayna-jacket-jade-1785150132.webp@jpg\" alt=\"CMP Strayna Jacket\" width=\"500\" height=\"600\">                      <\/div>\n                    <\/div>\n                  <\/a>\n                  <div class=\"ep8a-caption\">\n                    <a class=\"ep8a-link\" href=\"https:\/\/8a.pl\/kurtka-przeciwdeszczowa-damska-cmp-strayna-jacket-jade\" target=\"_self\" rel=\"nofollow noopener noreferrer\">\n                      <h3 class=\"ep8a-title\" title=\"CMP Strayna Jacket\">CMP Strayna Jacket<\/h3>\n                    <\/a>\n                    <div class=\"ep8a-price\">199.99 z\u0142<\/div>                  <\/div>\n                <\/article>\n              <\/div>\n                          <div class=\"swiper-slide\">\n                <article class=\"ep8a-tile\">\n                  <a class=\"ep8a-link\" href=\"https:\/\/8a.pl\/kurtka-przeciwdeszczowa-cmp-kivaro-jungle\" target=\"_self\" rel=\"nofollow noopener noreferrer\" aria-label=\"CMP Kivaro\">\n                    <div class=\"ep8a-card\">\n                      <div class=\"ep8a-imgwrap\">\n                                                <img class=\"ep8a-img skip-lazy no-lazy\" decoding=\"async\" loading=\"eager\" data-no-lazy=\"1\" src=\"https:\/\/8a.pl\/media\/catalog\/product\/k\/u\/kurtka-przeciwdeszczowa-cmp-kivaro-jungle-1785150080.webp@jpg\" alt=\"CMP Kivaro\" width=\"500\" height=\"600\">                      <\/div>\n                    <\/div>\n                  <\/a>\n                  <div class=\"ep8a-caption\">\n                    <a class=\"ep8a-link\" href=\"https:\/\/8a.pl\/kurtka-przeciwdeszczowa-cmp-kivaro-jungle\" target=\"_self\" rel=\"nofollow noopener noreferrer\">\n                      <h3 class=\"ep8a-title\" title=\"CMP Kivaro\">CMP Kivaro<\/h3>\n                    <\/a>\n                    <div class=\"ep8a-price\">469.99 z\u0142<\/div>                  <\/div>\n                <\/article>\n              <\/div>\n                          <div class=\"swiper-slide\">\n                <article class=\"ep8a-tile\">\n                  <a class=\"ep8a-link\" href=\"https:\/\/8a.pl\/kurtka-przeciwdeszczowa-cmp-helyra-jungle\" target=\"_self\" rel=\"nofollow noopener noreferrer\" aria-label=\"CMP Helyra\">\n                    <div class=\"ep8a-card\">\n                      <div class=\"ep8a-imgwrap\">\n                                                <img class=\"ep8a-img skip-lazy no-lazy\" decoding=\"async\" loading=\"eager\" data-no-lazy=\"1\" src=\"https:\/\/8a.pl\/media\/catalog\/product\/k\/u\/kurtka-przeciwdeszczowa-cmp-helyra-jungle-1785150082.webp@jpg\" alt=\"CMP Helyra\" width=\"500\" height=\"600\">                      <\/div>\n                    <\/div>\n                  <\/a>\n                  <div class=\"ep8a-caption\">\n                    <a class=\"ep8a-link\" href=\"https:\/\/8a.pl\/kurtka-przeciwdeszczowa-cmp-helyra-jungle\" target=\"_self\" rel=\"nofollow noopener noreferrer\">\n                      <h3 class=\"ep8a-title\" title=\"CMP Helyra\">CMP Helyra<\/h3>\n                    <\/a>\n                    <div class=\"ep8a-price\">469.99 z\u0142<\/div>                  <\/div>\n                <\/article>\n              <\/div>\n                          <div class=\"swiper-slide\">\n                <article class=\"ep8a-tile\">\n                  <a class=\"ep8a-link\" href=\"https:\/\/8a.pl\/kurtka-z-membrana-cmp-helyra-cardamom\" target=\"_self\" rel=\"nofollow noopener noreferrer\" aria-label=\"CMP Helyra\">\n                    <div class=\"ep8a-card\">\n                      <div class=\"ep8a-imgwrap\">\n                                                <img class=\"ep8a-img skip-lazy no-lazy\" decoding=\"async\" loading=\"eager\" data-no-lazy=\"1\" src=\"https:\/\/8a.pl\/media\/catalog\/product\/k\/u\/kurtka-z-membrana-cmp-helyra-cardamom-1785150080.webp@jpg\" alt=\"CMP Helyra\" width=\"500\" height=\"600\">                      <\/div>\n                    <\/div>\n                  <\/a>\n                  <div class=\"ep8a-caption\">\n                    <a class=\"ep8a-link\" href=\"https:\/\/8a.pl\/kurtka-z-membrana-cmp-helyra-cardamom\" target=\"_self\" rel=\"nofollow noopener noreferrer\">\n                      <h3 class=\"ep8a-title\" title=\"CMP Helyra\">CMP Helyra<\/h3>\n                    <\/a>\n                    <div class=\"ep8a-price\">469.99 z\u0142<\/div>                  <\/div>\n                <\/article>\n              <\/div>\n                          <div class=\"swiper-slide\">\n                <article class=\"ep8a-tile\">\n                  <a class=\"ep8a-link\" href=\"https:\/\/8a.pl\/kurtka-przeciwdeszczowa-cmp-helyra-teak\" target=\"_self\" rel=\"nofollow noopener noreferrer\" aria-label=\"CMP Helyra\">\n                    <div class=\"ep8a-card\">\n                      <div class=\"ep8a-imgwrap\">\n                                                <img class=\"ep8a-img skip-lazy no-lazy\" decoding=\"async\" loading=\"eager\" data-no-lazy=\"1\" src=\"https:\/\/8a.pl\/media\/catalog\/product\/k\/u\/kurtka-przeciwdeszczowa-cmp-helyra-teak-1785150081.webp@jpg\" alt=\"CMP Helyra\" width=\"500\" height=\"600\">                      <\/div>\n                    <\/div>\n                  <\/a>\n                  <div class=\"ep8a-caption\">\n                    <a class=\"ep8a-link\" href=\"https:\/\/8a.pl\/kurtka-przeciwdeszczowa-cmp-helyra-teak\" target=\"_self\" rel=\"nofollow noopener noreferrer\">\n                      <h3 class=\"ep8a-title\" title=\"CMP Helyra\">CMP Helyra<\/h3>\n                    <\/a>\n                    <div class=\"ep8a-price\">469.99 z\u0142<\/div>                  <\/div>\n                <\/article>\n              <\/div>\n                          <div class=\"swiper-slide\">\n                <article class=\"ep8a-tile\">\n                  <a class=\"ep8a-link\" href=\"https:\/\/8a.pl\/kurtka-damska-cmp-gravelo-black-berry\" target=\"_self\" rel=\"nofollow noopener noreferrer\" aria-label=\"CMP Gravelo\">\n                    <div class=\"ep8a-card\">\n                      <div class=\"ep8a-imgwrap\">\n                                                <img class=\"ep8a-img skip-lazy no-lazy\" decoding=\"async\" loading=\"eager\" data-no-lazy=\"1\" src=\"https:\/\/8a.pl\/media\/catalog\/product\/k\/u\/kurtka-damska-cmp-gravelo-black-berry-1785150133.webp@jpg\" alt=\"CMP Gravelo\" width=\"500\" height=\"600\">                      <\/div>\n                    <\/div>\n                  <\/a>\n                  <div class=\"ep8a-caption\">\n                    <a class=\"ep8a-link\" href=\"https:\/\/8a.pl\/kurtka-damska-cmp-gravelo-black-berry\" target=\"_self\" rel=\"nofollow noopener noreferrer\">\n                      <h3 class=\"ep8a-title\" title=\"CMP Gravelo\">CMP Gravelo<\/h3>\n                    <\/a>\n                    <div class=\"ep8a-price\">469.99 z\u0142<\/div>                  <\/div>\n                <\/article>\n              <\/div>\n                          <div class=\"swiper-slide\">\n                <article class=\"ep8a-tile\">\n                  <a class=\"ep8a-link\" href=\"https:\/\/8a.pl\/kurtka-z-membrana-damska-cmp-gravelo-antracite-cool-blue\" target=\"_self\" rel=\"nofollow noopener noreferrer\" aria-label=\"CMP Gravelo\">\n                    <div class=\"ep8a-card\">\n                      <div class=\"ep8a-imgwrap\">\n                                                <img class=\"ep8a-img skip-lazy no-lazy\" decoding=\"async\" loading=\"eager\" data-no-lazy=\"1\" src=\"https:\/\/8a.pl\/media\/catalog\/product\/k\/u\/kurtka-z-membrana-damska-cmp-gravelo-antracite-cool-blue-1785150196.webp@jpg\" alt=\"CMP Gravelo\" width=\"500\" height=\"600\">                      <\/div>\n                    <\/div>\n                  <\/a>\n                  <div class=\"ep8a-caption\">\n                    <a class=\"ep8a-link\" href=\"https:\/\/8a.pl\/kurtka-z-membrana-damska-cmp-gravelo-antracite-cool-blue\" target=\"_self\" rel=\"nofollow noopener noreferrer\">\n                      <h3 class=\"ep8a-title\" title=\"CMP Gravelo\">CMP Gravelo<\/h3>\n                    <\/a>\n                    <div class=\"ep8a-price\">469.99 z\u0142<\/div>                  <\/div>\n                <\/article>\n              <\/div>\n                          <div class=\"swiper-slide\">\n                <article class=\"ep8a-tile\">\n                  <a class=\"ep8a-link\" href=\"https:\/\/8a.pl\/kurtka-przeciwdeszczowa-damska-cmp-gravelo-kaki\" target=\"_self\" rel=\"nofollow noopener noreferrer\" aria-label=\"CMP Gravelo\">\n                    <div class=\"ep8a-card\">\n                      <div class=\"ep8a-imgwrap\">\n                                                <img class=\"ep8a-img skip-lazy no-lazy\" decoding=\"async\" loading=\"eager\" data-no-lazy=\"1\" src=\"https:\/\/8a.pl\/media\/catalog\/product\/k\/u\/kurtka-przeciwdeszczowa-damska-cmp-gravelo-kaki-1785150198.webp@jpg\" alt=\"CMP Gravelo\" width=\"500\" height=\"600\">                      <\/div>\n                    <\/div>\n                  <\/a>\n                  <div class=\"ep8a-caption\">\n                    <a class=\"ep8a-link\" href=\"https:\/\/8a.pl\/kurtka-przeciwdeszczowa-damska-cmp-gravelo-kaki\" target=\"_self\" rel=\"nofollow noopener noreferrer\">\n                      <h3 class=\"ep8a-title\" title=\"CMP Gravelo\">CMP Gravelo<\/h3>\n                    <\/a>\n                    <div class=\"ep8a-price\">469.99 z\u0142<\/div>                  <\/div>\n                <\/article>\n              <\/div>\n                      <\/div>\n        <\/div>\n\n        <!-- Strza\u0142ki poza .swiper -->\n        <button class=\"ep8a-arrow ep8a-prev\" id=\"ep8a_133f0bde-84a6-4012-9f12-7a104bcecfa6_prev\" aria-label=\"Poprzedni\"><\/button>\n        <button class=\"ep8a-arrow ep8a-next\" id=\"ep8a_133f0bde-84a6-4012-9f12-7a104bcecfa6_next\" aria-label=\"Nast\u0119pny\"><\/button>\n      <\/div>\n\n      <!-- Stopka: linia + CTA po prawej -->\n      <div class=\"ep8a-bottom\">\n        <span class=\"ep8a-bottomline\"><\/span>\n                  <a class=\"ep8a-cta\" href=\"https:\/\/8a.pl\/kurtki-przeciwdeszczowe\" target=\"_self\" rel=\"nofollow noopener noreferrer\">\n            ZOBACZ WSZYSTKIE KURTKI PRZECIWDESZCZOWE          <\/a>\n              <\/div>\n    <\/section>\n\n\t<script>\n\tdocument.addEventListener(\"DOMContentLoaded\", function(){\n\t  if (typeof Swiper === \"undefined\") return;\n\n\t  const sel    = \"#ep8a_133f0bde-84a6-4012-9f12-7a104bcecfa6_swiper\";\n\t  const prevEl = \"#ep8a_133f0bde-84a6-4012-9f12-7a104bcecfa6_prev\";\n\t  const nextEl = \"#ep8a_133f0bde-84a6-4012-9f12-7a104bcecfa6_next\";\n\n\t  \/\/ 1) Zainicjuj Swiper od razu \u2013 nie czekaj na wszystkie obrazy\n\t  let sw = new Swiper(sel, {\n\t\tloop: true,\n\t\tspaceBetween: 24,\n\t\tslidesPerView: 1,\n\t\troundLengths: true,\n\t\tobserver: true,\n\t\tobserveParents: true,\n\t\tresizeObserver: true,\n\t\tpreloadImages: true,\n\t\tupdateOnWindowResize: true,\n\t\tlazy: { loadOnTransitionStart: true, loadPrevNext: true, loadPrevNextAmount: 2 },\n\t\twatchSlidesProgress: true,\n\t\twatchSlidesVisibility: true,\n\t\tnavigation: { nextEl, prevEl },\n\t\tbreakpoints: {\n\t\t  320:  { slidesPerView: 2 },\n\t\t  720:  { slidesPerView: 3 },\n\t\t  1200: { slidesPerView: 4 }\n\t\t},\n\t\ton: {\n\t\t  imagesReady() { try { sw.update(); } catch(e){} },\n\t\t  afterInit()   { try { sw.update(); } catch(e){} }\n\t\t}\n\t  });\n\n\t  \/\/ 2) Delikatny \u201enudge\u201d dla przegl\u0105darki: je\u015bli obraz jest w DOM i ma src, popro\u015b o decode\n\t  const imgs = document.querySelectorAll(sel + \" .ep8a-img\");\n\t  imgs.forEach((img) => {\n\t\tif (img.complete) {\n\t\t  if (img.decode) { img.decode().catch(()=>{}).finally(()=> sw && sw.update()); }\n\t\t} else {\n\t\t  img.addEventListener(\"load\",  () => { if (img.decode) { img.decode().catch(()=>{}).finally(()=> sw && sw.update()); } else { sw && sw.update(); } }, { once:true });\n\t\t  img.addEventListener(\"error\", () => { sw && sw.update(); }, { once:true });\n\t\t}\n\t  });\n\n\t  \/\/ 3) Gdy okno w pe\u0142ni si\u0119 za\u0142aduje, przelicz jeszcze raz\n\t  window.addEventListener(\"load\", () => { sw && sw.update(); });\n\t});\n\t<\/script>\n\n    \n\n\n\n<p class=\"wp-block-paragraph\">Co jeszcze zabra\u0107 na festiwal muzyczny? Opr\u00f3cz powy\u017cszych rzeczy we\u017acie r\u00f3wnie\u017c co\u015b co pozwoli wam mi\u0142o sp\u0119dza\u0107 czas poza koncertami. Tu ka\u017cdy ma swoje preferencje. Kart? Plansz\u00f3wka? Ksi\u0105\u017cka? A mo\u017ce pi\u0142ka? No i najwa\u017cniejsze &#8211; nie zapomnijcie bilet\u00f3w!<\/p>\n\n\n\n<p class=\"wp-block-paragraph\"><em>[Przeczytaj nasz\u0105 <a href=\"https:\/\/8a.pl\/8academy\/relacja-z-festiwalu-gorskiego-w-ladku-zdroju\/\">Relacj\u0119 z Festiwalu G\u00f3rskiego w L\u0105dku-Zdroju 2023<\/a>]<\/em><\/p>\n","protected":false},"excerpt":{"rendered":"<p>Sezon letnich festiwali muzycznych &#8211; start! Jak ka\u017cdego lata w ca\u0142ej Polsce czeka na nas mn\u00f3stwo imprez, w tym r\u00f3wnie\u017c te wielodniowe, na otwartym powietrzu. <\/p>\n","protected":false},"author":7,"featured_media":64248,"comment_status":"closed","ping_status":"closed","sticky":false,"template":"","format":"standard","meta":{"_acf_changed":false,"_uf_show_specific_survey":0,"_uf_disable_surveys":false,"footnotes":""},"categories":[26070],"tags":[26082,26069,26105],"class_list":["post-64243","post","type-post","status-publish","format-standard","has-post-thumbnail","hentry","category-turystyka-trekking","tag-lato","tag-poradnik","tag-turystyka"],"acf":[],"yoast_head":"<!-- This site is optimized with the Yoast SEO Premium plugin v23.4 (Yoast SEO v25.5) - https:\/\/yoast.com\/wordpress\/plugins\/seo\/ -->\n<title>Co zabra\u0107 na festiwal muzyczny? | 8academy<\/title>\n<meta name=\"description\" content=\"Jak ka\u017cdego lata, w Polsce czeka na nas mn\u00f3stwo imprez, w tym r\u00f3wnie\u017c te wielodniowe, na otwartym powietrzu. Co zabra\u0107 na festiwal muzyczny?\" \/>\n<meta name=\"robots\" content=\"index, follow, max-snippet:-1, max-image-preview:large, max-video-preview:-1\" \/>\n<link rel=\"canonical\" href=\"https:\/\/8a.pl\/8academy\/co-zabrac-na-festiwal-muzyczny\/\" \/>\n<meta property=\"og:locale\" content=\"pl_PL\" \/>\n<meta property=\"og:type\" content=\"article\" \/>\n<meta property=\"og:title\" content=\"Co zabra\u0107 na festiwal muzyczny?\" \/>\n<meta property=\"og:description\" content=\"Jak ka\u017cdego lata, w Polsce czeka na nas mn\u00f3stwo imprez, w tym r\u00f3wnie\u017c te wielodniowe, na otwartym powietrzu. Co zabra\u0107 na festiwal muzyczny?\" \/>\n<meta property=\"og:url\" content=\"https:\/\/8a.pl\/8academy\/co-zabrac-na-festiwal-muzyczny\/\" \/>\n<meta property=\"og:site_name\" content=\"8academy.pl - portal g\u00f3rski i wspinaczkowy dla aktywnych\" \/>\n<meta property=\"article:publisher\" content=\"https:\/\/pl-pl.facebook.com\/sklep8apl\/\" \/>\n<meta property=\"article:published_time\" content=\"2023-06-30T07:00:00+00:00\" \/>\n<meta property=\"article:modified_time\" content=\"2026-07-15T13:26:50+00:00\" \/>\n<meta property=\"og:image\" content=\"https:\/\/8a.pl\/8academy\/wp-content\/uploads\/2023\/06\/8ACADEMY_FB_-11.jpg\" \/>\n\t<meta property=\"og:image:width\" content=\"1200\" \/>\n\t<meta property=\"og:image:height\" content=\"628\" \/>\n\t<meta property=\"og:image:type\" content=\"image\/jpeg\" \/>\n<meta name=\"author\" content=\"Redakcja 8Academy\" \/>\n<meta name=\"twitter:card\" content=\"summary_large_image\" \/>\n<meta name=\"twitter:label1\" content=\"Napisane przez\" \/>\n\t<meta name=\"twitter:data1\" content=\"Redakcja 8Academy\" \/>\n\t<meta name=\"twitter:label2\" content=\"Szacowany czas czytania\" \/>\n\t<meta name=\"twitter:data2\" content=\"5 minut\" \/>\n<!-- \/ Yoast SEO Premium plugin. -->","yoast_head_json":{"title":"Co zabra\u0107 na festiwal muzyczny? | 8academy","description":"Jak ka\u017cdego lata, w Polsce czeka na nas mn\u00f3stwo imprez, w tym r\u00f3wnie\u017c te wielodniowe, na otwartym powietrzu. Co zabra\u0107 na festiwal muzyczny?","robots":{"index":"index","follow":"follow","max-snippet":"max-snippet:-1","max-image-preview":"max-image-preview:large","max-video-preview":"max-video-preview:-1"},"canonical":"https:\/\/8a.pl\/8academy\/co-zabrac-na-festiwal-muzyczny\/","og_locale":"pl_PL","og_type":"article","og_title":"Co zabra\u0107 na festiwal muzyczny?","og_description":"Jak ka\u017cdego lata, w Polsce czeka na nas mn\u00f3stwo imprez, w tym r\u00f3wnie\u017c te wielodniowe, na otwartym powietrzu. Co zabra\u0107 na festiwal muzyczny?","og_url":"https:\/\/8a.pl\/8academy\/co-zabrac-na-festiwal-muzyczny\/","og_site_name":"8academy.pl - portal g\u00f3rski i wspinaczkowy dla aktywnych","article_publisher":"https:\/\/pl-pl.facebook.com\/sklep8apl\/","article_published_time":"2023-06-30T07:00:00+00:00","article_modified_time":"2026-07-15T13:26:50+00:00","og_image":[{"width":1200,"height":628,"url":"https:\/\/8a.pl\/8academy\/wp-content\/uploads\/2023\/06\/8ACADEMY_FB_-11.jpg","type":"image\/jpeg"}],"author":"Redakcja 8Academy","twitter_card":"summary_large_image","twitter_misc":{"Napisane przez":"Redakcja 8Academy","Szacowany czas czytania":"5 minut"},"schema":{"@context":"https:\/\/schema.org","@graph":[{"@type":"Article","@id":"https:\/\/8a.pl\/8academy\/co-zabrac-na-festiwal-muzyczny\/#article","isPartOf":{"@id":"https:\/\/8a.pl\/8academy\/co-zabrac-na-festiwal-muzyczny\/"},"author":{"name":"Redakcja 8Academy","@id":"https:\/\/8a.pl\/8academy\/#\/schema\/person\/2e392153a51786e6c3d5ede231b5d2a4"},"headline":"Co zabra\u0107 na festiwal muzyczny?","datePublished":"2023-06-30T07:00:00+00:00","dateModified":"2026-07-15T13:26:50+00:00","mainEntityOfPage":{"@id":"https:\/\/8a.pl\/8academy\/co-zabrac-na-festiwal-muzyczny\/"},"wordCount":892,"publisher":{"@id":"https:\/\/8a.pl\/8academy\/#organization"},"image":{"@id":"https:\/\/8a.pl\/8academy\/co-zabrac-na-festiwal-muzyczny\/#primaryimage"},"thumbnailUrl":"https:\/\/8a.pl\/8academy\/wp-content\/uploads\/2023\/06\/concert-g41e983262_1920.jpg","keywords":["Lato","Poradnik","Turystyka"],"articleSection":["Turystyka \/ trekking"],"inLanguage":"pl-PL"},{"@type":"WebPage","@id":"https:\/\/8a.pl\/8academy\/co-zabrac-na-festiwal-muzyczny\/","url":"https:\/\/8a.pl\/8academy\/co-zabrac-na-festiwal-muzyczny\/","name":"Co zabra\u0107 na festiwal muzyczny? | 8academy","isPartOf":{"@id":"https:\/\/8a.pl\/8academy\/#website"},"primaryImageOfPage":{"@id":"https:\/\/8a.pl\/8academy\/co-zabrac-na-festiwal-muzyczny\/#primaryimage"},"image":{"@id":"https:\/\/8a.pl\/8academy\/co-zabrac-na-festiwal-muzyczny\/#primaryimage"},"thumbnailUrl":"https:\/\/8a.pl\/8academy\/wp-content\/uploads\/2023\/06\/concert-g41e983262_1920.jpg","datePublished":"2023-06-30T07:00:00+00:00","dateModified":"2026-07-15T13:26:50+00:00","description":"Jak ka\u017cdego lata, w Polsce czeka na nas mn\u00f3stwo imprez, w tym r\u00f3wnie\u017c te wielodniowe, na otwartym powietrzu. Co zabra\u0107 na festiwal muzyczny?","breadcrumb":{"@id":"https:\/\/8a.pl\/8academy\/co-zabrac-na-festiwal-muzyczny\/#breadcrumb"},"inLanguage":"pl-PL","potentialAction":[{"@type":"ReadAction","target":["https:\/\/8a.pl\/8academy\/co-zabrac-na-festiwal-muzyczny\/"]}]},{"@type":"ImageObject","inLanguage":"pl-PL","@id":"https:\/\/8a.pl\/8academy\/co-zabrac-na-festiwal-muzyczny\/#primaryimage","url":"https:\/\/8a.pl\/8academy\/wp-content\/uploads\/2023\/06\/concert-g41e983262_1920.jpg","contentUrl":"https:\/\/8a.pl\/8academy\/wp-content\/uploads\/2023\/06\/concert-g41e983262_1920.jpg","width":1100,"height":715},{"@type":"BreadcrumbList","@id":"https:\/\/8a.pl\/8academy\/co-zabrac-na-festiwal-muzyczny\/#breadcrumb","itemListElement":[{"@type":"ListItem","position":1,"name":"Strona g\u0142\u00f3wna","item":"https:\/\/8a.pl\/8academy\/"},{"@type":"ListItem","position":2,"name":"Co zabra\u0107 na festiwal muzyczny?"}]},{"@type":"WebSite","@id":"https:\/\/8a.pl\/8academy\/#website","url":"https:\/\/8a.pl\/8academy\/","name":"8academy.pl - portal g\u00f3rski i wspinaczkowy dla aktywnych","description":"8academy to portal g\u00f3rski o wspinaczce, trekkingu i skiturach. Znajdziesz tu porady, testy sprz\u0119tu i opisy najlepszych rejon\u00f3w. Inspirujemy zdobywc\u00f3w!","publisher":{"@id":"https:\/\/8a.pl\/8academy\/#organization"},"potentialAction":[{"@type":"SearchAction","target":{"@type":"EntryPoint","urlTemplate":"https:\/\/8a.pl\/8academy\/?s={search_term_string}"},"query-input":{"@type":"PropertyValueSpecification","valueRequired":true,"valueName":"search_term_string"}}],"inLanguage":"pl-PL"},{"@type":"Organization","@id":"https:\/\/8a.pl\/8academy\/#organization","name":"8academy.pl - portal g\u00f3rski i wspinaczkowy dla aktywnych","url":"https:\/\/8a.pl\/8academy\/","logo":{"@type":"ImageObject","inLanguage":"pl-PL","@id":"https:\/\/8a.pl\/8academy\/#\/schema\/logo\/image\/","url":"https:\/\/8a.pl\/8academy\/wp-content\/uploads\/2015\/11\/logo.png","contentUrl":"https:\/\/8a.pl\/8academy\/wp-content\/uploads\/2015\/11\/logo.png","width":438,"height":315,"caption":"8academy.pl - portal g\u00f3rski i wspinaczkowy dla aktywnych"},"image":{"@id":"https:\/\/8a.pl\/8academy\/#\/schema\/logo\/image\/"},"sameAs":["https:\/\/pl-pl.facebook.com\/sklep8apl\/","https:\/\/www.instagram.com\/8apl\/"]},{"@type":"Person","@id":"https:\/\/8a.pl\/8academy\/#\/schema\/person\/2e392153a51786e6c3d5ede231b5d2a4","name":"Redakcja 8Academy","image":{"@type":"ImageObject","inLanguage":"pl-PL","@id":"https:\/\/8a.pl\/8academy\/#\/schema\/person\/image\/","url":"https:\/\/8a.pl\/8academy\/wp-content\/uploads\/2017\/10\/logo_obrobione_2_150_59ICJ.jpg","contentUrl":"https:\/\/8a.pl\/8academy\/wp-content\/uploads\/2017\/10\/logo_obrobione_2_150_59ICJ.jpg","caption":"Redakcja 8Academy"},"url":"https:\/\/8a.pl\/8academy\/author\/redakcja\/"}]}},"_links":{"self":[{"href":"https:\/\/8a.pl\/8academy\/wp-json\/wp\/v2\/posts\/64243","targetHints":{"allow":["GET"]}}],"collection":[{"href":"https:\/\/8a.pl\/8academy\/wp-json\/wp\/v2\/posts"}],"about":[{"href":"https:\/\/8a.pl\/8academy\/wp-json\/wp\/v2\/types\/post"}],"author":[{"embeddable":true,"href":"https:\/\/8a.pl\/8academy\/wp-json\/wp\/v2\/users\/7"}],"replies":[{"embeddable":true,"href":"https:\/\/8a.pl\/8academy\/wp-json\/wp\/v2\/comments?post=64243"}],"version-history":[{"count":12,"href":"https:\/\/8a.pl\/8academy\/wp-json\/wp\/v2\/posts\/64243\/revisions"}],"predecessor-version":[{"id":87431,"href":"https:\/\/8a.pl\/8academy\/wp-json\/wp\/v2\/posts\/64243\/revisions\/87431"}],"wp:featuredmedia":[{"embeddable":true,"href":"https:\/\/8a.pl\/8academy\/wp-json\/wp\/v2\/media\/64248"}],"wp:attachment":[{"href":"https:\/\/8a.pl\/8academy\/wp-json\/wp\/v2\/media?parent=64243"}],"wp:term":[{"taxonomy":"category","embeddable":true,"href":"https:\/\/8a.pl\/8academy\/wp-json\/wp\/v2\/categories?post=64243"},{"taxonomy":"post_tag","embeddable":true,"href":"https:\/\/8a.pl\/8academy\/wp-json\/wp\/v2\/tags?post=64243"}],"curies":[{"name":"wp","href":"https:\/\/api.w.org\/{rel}","templated":true}]}}