{"id":62766,"date":"2023-01-23T14:10:00","date_gmt":"2023-01-23T13:10:00","guid":{"rendered":"https:\/\/8a.pl\/8academy\/?p=62766"},"modified":"2023-12-19T12:34:49","modified_gmt":"2023-12-19T11:34:49","slug":"test-kurtki-puchowej-haglofs-l-i-m-down-hood","status":"publish","type":"post","link":"https:\/\/8a.pl\/8academy\/test-kurtki-puchowej-haglofs-l-i-m-down-hood\/","title":{"rendered":"Test kurtki puchowej Haglofs L.I.M Down Hood"},"content":{"rendered":"\n<p class=\"wp-block-paragraph\">Szukaj\u0105c odpowiedniej kurtki zwr\u00f3ci\u0142em uwag\u0119 na kilka aspekt\u00f3w. Poza tym, \u017ce zdecydowa\u0142em si\u0119 na kurtk\u0119 wype\u0142nion\u0105 naturalnym puchem, a nie syntetycznym odpowiednikiem, istotne by\u0142y parametry samej ociepliny. Puch kaczy czy g\u0119si? Odpowied\u017a by\u0142a prosta \u2013 jako\u015bciowo lepszym wyborem jest g\u0119si puch, kt\u00f3ry cechuje si\u0119 wi\u0119ksz\u0105 spr\u0119\u017cysto\u015bci\u0105 oraz lepsz\u0105 izolacj\u0105. Spr\u0119\u017cysto\u015b\u0107 puchu, w telegraficznym skr\u00f3cie, im jest wy\u017csza tym lepsze gatunkowo wype\u0142nienie. W praktyce spr\u0119\u017cysto\u015b\u0107 oznacza to jak\u0105 obj\u0119to\u015b\u0107 ma uncja puchu po rozpr\u0119\u017ceniu. W przypadku wybranej przeze mnie kurtki &#8211; Haglofs L.I.M Down Hood &#8211; jest to 800 cuin (cali sze\u015bciennych). Powszechnie przyjmuje si\u0119, \u017ce spr\u0119\u017cysto\u015b\u0107 puchu na poziomie 750 cuin oznacza bardzo dobr\u0105 warto\u015b\u0107. <\/p>\n\n\n\n<p class=\"wp-block-paragraph\"><\/p>\n\n\n<div class=\"wp-block-image\">\n<figure class=\"aligncenter size-full\"><img fetchpriority=\"high\" decoding=\"async\" width=\"600\" height=\"900\" src=\"https:\/\/8a.pl\/8academy\/wp-content\/uploads\/2023\/01\/1.jpg\" alt=\"\" class=\"wp-image-62767\" srcset=\"https:\/\/8a.pl\/8academy\/wp-content\/uploads\/2023\/01\/1.jpg 600w, https:\/\/8a.pl\/8academy\/wp-content\/uploads\/2023\/01\/1-200x300.jpg 200w\" sizes=\"(max-width: 600px) 100vw, 600px\" \/><figcaption class=\"wp-element-caption\">Logo producenta niewielkie ale odblaskowe (fot. Karolina Niemyt)<\/figcaption><\/figure>\n<\/div>\n\n\n<h2 class=\"wp-block-heading\" id=\"h-haglofs-co-to-za-marka\">Haglofs \u2013 co to za marka?<\/h2>\n\n\n\n<p class=\"wp-block-paragraph\">Szwedzka marka <a href=\"https:\/\/8a.pl\/haglofs\" target=\"_blank\" rel=\"noreferrer noopener\">Haglofs<\/a>, zajmuje si\u0119 produkcj\u0105 wysokogatunkowej odzie\u017cy od 1914 roku. Od pocz\u0105tku by\u0142y to ubrania, kt\u00f3re mia\u0142y sprawdzi\u0107 si\u0119 w surowych skandynawskich warunkach. Wiktor Haglof mimo skromnych pocz\u0105tk\u00f3w (zaczyna\u0142 jako producent plecak\u00f3w) nie ba\u0142 si\u0119 ryzyka i podj\u0105\u0142 wsp\u00f3\u0142prac\u0119 z lokalnymi rzemie\u015blnikami. W ten spos\u00f3b szybko rozszerzy\u0142 swoj\u0105 ofert\u0119. Obecnie w portfolio marki znale\u017a\u0107 mo\u017cemy specjalistyczn\u0105 odzie\u017c, obuwie czy wspomniane plecaki dedykowane do r\u00f3\u017cnych aktywno\u015bci takich jaki trekking, biegi trailowe czy narciarstwo.<\/p>\n\n\n\n<h2 class=\"wp-block-heading\" id=\"h-haglofs-l-i-m-down-hood-wypelnienie\">Haglofs L.I.M Down Hood: wype\u0142nienie<\/h2>\n\n\n\n<p class=\"wp-block-paragraph\">Wed\u0142ug danych producenta kurtka <a href=\"https:\/\/8a.pl\/kurtka-puchowa-haglofs-l-i-m-down-hood-tarn-blue-nordic-blue\" target=\"_blank\" rel=\"noreferrer noopener\">Haglofs L.I.M Down Hood<\/a> wype\u0142niona jest w 90% puchem i posiada 10% pierza. W praktyce faktycznie nie da\u0142o si\u0119 zauwa\u017cy\u0107 wychodz\u0105cych pi\u00f3rek. Dlaczego jest to zalet\u0105? Poniewa\u017c ocieplina zosta\u0142a na swoim miejscu, a nie na odzie\u017cy pod kurtk\u0105 czy fotelu samochodowym. Im wi\u0119cej puchu w puchu tym lepiej. Kolejnym istotnym aspektem, kt\u00f3rego absolutnie nie mo\u017cna pomin\u0105\u0107 w kwestii wype\u0142nienia, jest fakt, \u017ce posiada ono impregnacj\u0119. Takie rozwi\u0105zanie jest szczeg\u00f3lnie istotne podczas dynamicznych aktywno\u015bci np. na skiturach lub w czasie opad\u00f3w. Producent zadba\u0142 tak\u017ce o odpowiednie oznaczenie kluczowych technologii poprzez drobne aplikacje na odzie\u017cy.<\/p>\n\n\n\n<p class=\"wp-block-paragraph\"><\/p>\n\n\n<div class=\"wp-block-image\">\n<figure class=\"aligncenter size-full\"><img decoding=\"async\" width=\"600\" height=\"900\" src=\"https:\/\/8a.pl\/8academy\/wp-content\/uploads\/2023\/01\/2.jpg\" alt=\"Haglofs L.I.M Down Hood\" class=\"wp-image-62768\" srcset=\"https:\/\/8a.pl\/8academy\/wp-content\/uploads\/2023\/01\/2.jpg 600w, https:\/\/8a.pl\/8academy\/wp-content\/uploads\/2023\/01\/2-200x300.jpg 200w\" sizes=\"(max-width: 600px) 100vw, 600px\" \/><figcaption class=\"wp-element-caption\">W trudniejszym terenie, czy na kr\u00f3tkim spacerze, komfort termiczny by\u0142 na najwy\u017cszym poziomie. (Fot. Martyna Paw\u0142owska)<\/figcaption><\/figure>\n<\/div>\n\n\n<h2 class=\"wp-block-heading\" id=\"h-haglofs-l-i-m-down-hood-impregnacja\">Haglofs L.I.M Down Hood: impregnacja<\/h2>\n\n\n\n<p class=\"wp-block-paragraph\">Producent postawi\u0142 na wsp\u00f3\u0142prac\u0119 z jednym z wiod\u0105cych producent\u00f3w impregnat\u00f3w \u2013 Nikwax. Oznaczenie Nikwax Hydrophobic Down w tym przypadku oznacza, \u017ce puch w kontakcie z wilgoci\u0105 zachowa swoje w\u0142a\u015bciwo\u015bci termoizolacyjne. Wed\u0142ug danych producenta przez 10&nbsp;000 minut, co wydaje si\u0119 \u015bwietnym wynikiem, bior\u0105c pod uwag\u0119, \u017ce 10-cio godzinny wypad to \u201ejedyne\u201d 600 minut. Niestety nie mia\u0142em okazji przekona\u0107 si\u0119 o tym osobi\u015bcie, poniewa\u017c podczas moich g\u00f3rskich wypad\u00f3w pogoda by\u0142a wyj\u0105tkowo sprzyjaj\u0105ca i opad\u00f3w nie by\u0142o.<\/p>\n\n\n\n<p class=\"wp-block-paragraph\">W przypadku materia\u0142u zewn\u0119trznego postawiono na kolejne sprawdzone rozwi\u0105zanie \u2013 impregnacje DWR, czyli Durable Water Repellent. Powoduje ona perlenie si\u0119 kropel wody na materiale zewn\u0119trznym. Nie dzia\u0142a to co prawda tak jak membrana, jednak dzi\u0119ki temu materia\u0142 cechuje si\u0119 spowolnionym namakaniem. Zar\u00f3wno w przypadku ociepliny jak i materia\u0142u zewn\u0119trznego mo\u017cna i zaleca si\u0119 odnawianie impregnacji<strong>.<\/strong><\/p>\n\n\n\n<p class=\"wp-block-paragraph\"><\/p>\n\n\n<div class=\"wp-block-image\">\n<figure class=\"aligncenter size-full\"><img decoding=\"async\" width=\"600\" height=\"900\" src=\"https:\/\/8a.pl\/8academy\/wp-content\/uploads\/2023\/01\/3.jpg\" alt=\"Haglofs L.I.M Down Hood\" class=\"wp-image-62769\" srcset=\"https:\/\/8a.pl\/8academy\/wp-content\/uploads\/2023\/01\/3.jpg 600w, https:\/\/8a.pl\/8academy\/wp-content\/uploads\/2023\/01\/3-200x300.jpg 200w\" sizes=\"(max-width: 600px) 100vw, 600px\" \/><figcaption class=\"wp-element-caption\">Kaptur kompatybilny z kaskiem, wysoka garda i \u017caden mr\u00f3z nie jest straszny (Fot. Martyna Paw\u0142owska)<\/figcaption><\/figure>\n<\/div>\n\n\n<h2 class=\"wp-block-heading\" id=\"h-troska-o-srodowisko-naturalne\">Troska o \u015brodowisko naturalne<\/h2>\n\n\n\n<p class=\"wp-block-paragraph\">Skandynawskie marki znane s\u0105 z tego, \u017ce dbaj\u0105 o \u015brodowisko naturalne. Nie inaczej jest w przypadku Haglofsa, kt\u00f3ry otwarcie wspomina o redukcji \u015bladu w\u0119glowego, wykorzystaniu materia\u0142\u00f3w z recyklingu, puchu wy\u0142\u0105cznie z certyfikatem RDS (oznacza on, \u017ce zwierz\u0119ta nie by\u0142y karmione na si\u0142\u0119, ani nie cierpia\u0142y). Zazwyczaj na produktach tej marki znajdziemy tak\u017ce logo bluesign\u00ae, kt\u00f3re nawi\u0105zuje do procesu produkcji przyjaznego dla \u015brodowiska. Maj\u0105c na uwadze masow\u0105 produkcj\u0119 w obecnych czasach, warto zwr\u00f3ci\u0107 uwag\u0119 na tego typu oznaczenia. \u015arodowisko naturalne mamy tylko jedno.<\/p>\n\n\n\n<h2 class=\"wp-block-heading\" id=\"h-seria-l-i-m\">Seria L.I.M.<\/h2>\n\n\n\n<p class=\"wp-block-paragraph\">Rozwini\u0119cie tajemniczego skr\u00f3tu to \u201eLess is more\u201d czyli w wolnym t\u0142umaczeniu \u201emniej znaczy wi\u0119cej\u201d. W praktyce za\u015b ma si\u0119 to prze\u0142o\u017cy\u0107 na maksymalne odchudzenie odzie\u017cy. Mniejsza waga, mniej detali, mniejsza obj\u0119to\u015b\u0107 ma obni\u017cy\u0107 wag\u0119 ekwipunku i zwi\u0119kszy\u0107 nasze mo\u017cliwo\u015bci. Faktycznie, kurtka Haglofs L.I.M. Down Hood jest do\u015b\u0107 minimalistyczna. Na pr\u00f3\u017cno szuka\u0107 w niej dodatkowych kieszonek, regulowanych \u015bci\u0105gaczy czy innych tego typu rozwi\u0105za\u0144. Otrzymujemy bardzo lekk\u0105 kurtk\u0119 puchow\u0105, kt\u00f3ra posiada dwie boczne kieszenie. Mankiety, kaptur czy boczne kraw\u0119dzie na dole kurtki s\u0105 oczywi\u015bcie elastyczne, jednak w miejscu regulowanych \u015bci\u0105gaczy zastosowano gumowe odpowiedniki. Podczas u\u017cytkowania takie rozwi\u0105zanie sprawdzi\u0142o si\u0119 nadzwyczaj dobrze. W \u017caden spos\u00f3b nie by\u0142o to irytuj\u0105ce, czego si\u0119 na samym pocz\u0105tku troch\u0119 obawia\u0142em. <\/p>\n\n\n\n<p class=\"wp-block-paragraph\"><\/p>\n\n\n<div class=\"wp-block-image\">\n<figure class=\"aligncenter size-full\"><img loading=\"lazy\" decoding=\"async\" width=\"600\" height=\"900\" src=\"https:\/\/8a.pl\/8academy\/wp-content\/uploads\/2023\/01\/4.jpg\" alt=\"Haglofs L.I.M Down Hood\" class=\"wp-image-62770\" srcset=\"https:\/\/8a.pl\/8academy\/wp-content\/uploads\/2023\/01\/4.jpg 600w, https:\/\/8a.pl\/8academy\/wp-content\/uploads\/2023\/01\/4-200x300.jpg 200w\" sizes=\"(max-width: 600px) 100vw, 600px\" \/><figcaption class=\"wp-element-caption\">Rzeczywista waga kurtki w rozmiarze XL oraz jej niewielkie gabaryty po skompresowaniu. (Fot. Micha\u0142 Niemyt)<\/figcaption><\/figure>\n<\/div>\n\n\n<h2 class=\"wp-block-heading\" id=\"h-pozostale-wlasciwosci\">Pozosta\u0142e w\u0142a\u015bciwo\u015bci<\/h2>\n\n\n\n<p class=\"wp-block-paragraph\">Kolejn\u0105 zalet\u0105 kurtki Haglofs L.I.M. Down Hood jest jej bardzo niska waga, w moim przypadku rozmiar XL ma nieca\u0142e 280 g! Tak nisk\u0105 wag\u0119 uda\u0142o si\u0119 osi\u0105gn\u0105\u0107 nie tylko dzi\u0119ki zastosowaniu wysokiej jako\u015bci wype\u0142nienia, o kt\u00f3rym wspomnia\u0142em wcze\u015bniej. Materia\u0142, z kt\u00f3rego wykonano kurtk\u0119 to lekki nylon, Pertex Quantum. Zastosowana technologia mini Rip-Stop powoduje, \u017ce materia\u0142 cechuje si\u0119 tak\u017ce zwi\u0119kszon\u0105 wytrzyma\u0142o\u015bci\u0105. To ma zapobiega\u0107 rozdzieraniu materia\u0142u poprzez dodawanie w sta\u0142ych odst\u0119pach mocniejszych w\u0142\u00f3kien. Tworzy si\u0119 w\u00f3wczas taka widoczna kratka na strukturze materia\u0142u. Kaptur kurtki bez problemu mie\u015bci kask wspinaczkowy. <\/p>\n\n\n\n<p class=\"wp-block-paragraph\">Dwie boczne kieszenie, w moim odczuciu, to troch\u0119 za ma\u0142o. Brakuje np. kieszonki na klatce piersiowej kt\u00f3ra mog\u0142aby pe\u0142ni\u0107 funkcj\u0119 pokrowca. Bo kurtka nie posiada pokrowca, ani \u017cadna z istniej\u0105cych kieszeni nie zosta\u0142a zaadaptowana do tej roli. Ale nic straconego, pomocna w tym przypadku by\u0142a strona producenta, kt\u00f3ra podsun\u0119\u0142a praktyczne rozwi\u0105zanie, jak spakowa\u0107 kurtk\u0119. <\/p>\n\n\n\n<p class=\"wp-block-paragraph\">Estetyka wykonania, mam wra\u017cenie, \u017ce mog\u0142aby by\u0107 nieco lepsza. W moim egzemplarzu wida\u0107 by\u0142o kilka nieprzyci\u0119tych nitek, kt\u00f3re blokowa\u0142y zamek. Mam jednak nadziej\u0119, \u017ce takie niedoci\u0105gni\u0119cie trafi\u0142o si\u0119 w jednym egzemplarzu.<\/p>\n\n\n\n<h2 class=\"wp-block-heading\" id=\"h-haglofs-l-i-m-down-hood-jak-kurtka-spisala-sie-w-praktyce\">Haglofs L.I.M Down Hood: jak kurtka spisa\u0142a si\u0119 w praktyce?<\/h2>\n\n\n\n<p class=\"wp-block-paragraph\">W ostatnich latach zima w naszym kraju bywa bardzo kapry\u015bna, nie inaczej by\u0142o jest tym razem. Na szcz\u0119\u015bcie kr\u00f3tko po odbiorze przesy\u0142ki temperatura spad\u0142a i a w raz z ni\u0105 pojawi\u0142y si\u0119 opady \u015bniegu. To stworzy\u0142o pierwsz\u0105 okazj\u0119 do przetestowania wybranego modelu. W warunkach miejskich, gdy termometr za oknem wskazywa\u0142 -11 \u00b0C, bez wahania na\u0142o\u017cy\u0142em kurtk\u0119 bezpo\u015brednio na koszulk\u0119 i uda\u0142em si\u0119 na dw\u00f3r przekona\u0107 si\u0119 jak kurtka sprawdzi si\u0119 w takich warunkach. Podczas wspomnianego spaceru celowo przystan\u0105\u0142em na kilkana\u015bcie minut, aby sprawdzi\u0107 czy po takim przestoju mr\u00f3z b\u0119dzie bardziej doskwiera\u0142. Ku mojemu zaskoczeniu zacz\u0105\u0142em odczuwa\u0107 nisk\u0105 temperatur\u0119\u2026 ale w palcach u r\u0105k i n\u00f3g. Zdaje sobie spraw\u0119, \u017ce jestem osob\u0105, kt\u00f3ra do zmarzluch\u00f3w na pewno nie nale\u017cy, ale pierwsze wra\u017cenie by\u0142o mimo wszystko pozytywnym zaskoczeniem. Przez kolejnych kilka mro\u017anych dni podczas dojazd\u00f3w do pracy kurtka nadal spisywa\u0142a si\u0119 bez zarzut\u00f3w.<\/p>\n\n\n\n<h3 class=\"wp-block-heading\" id=\"h-w-tatrach\">W Tatrach<\/h3>\n\n\n\n<p class=\"wp-block-paragraph\">Na kolejn\u0105 pr\u00f3b\u0119 musia\u0142em niestety troszk\u0119 poczeka\u0107, ze wzgl\u0119du na panuj\u0105c\u0105 odwil\u017c i wysokie jak na zim\u0119 temperatury. Tym razem, zdecydowa\u0142em si\u0119 na wyjazd w Tatry, poniewa\u017c zapowiada\u0142a si\u0119 dobra pogoda na trekking. W tym przypadku pole do popisu by\u0142o znacznie wi\u0119ksze. Poziom termoizolacji kurtki na pocz\u0105tku wycieczki podczas lekkiego mrozu o poranku, by\u0142 bardzo dobry. Po wyj\u015bciu ze schroniska w Hali G\u0105sienicowej, ponownie przekona\u0142em si\u0119, \u017ce wybrany przeze mnie model kurtki Haglofs L.I.M Down Hood bardzo dobrze chroni\u0142 przed ch\u0142odem. <\/p>\n\n\n\n<p class=\"wp-block-paragraph\">W dalszej cz\u0119\u015bci wypadu, gdzie pokonywali\u015bmy kolejne metry w uroczych sceneriach Czarnego Stawu G\u0105sienicowego i Koziej Dolinki ch\u0142\u00f3d nie by\u0142 uci\u0105\u017cliwy. Warto zaznaczy\u0107, \u017ce wspomniany odcinek by\u0142 praktycznie ca\u0142y zacieniony, wi\u0119c temperatura by\u0142a te\u017c odczuwalnie ni\u017csza. Do stromego podej\u015bcia z Koziej Dolinki, zdecydowa\u0142em si\u0119 zrezygnowa\u0107 z tej warstwy, aby si\u0119 nie przegrzewa\u0107 i by\u0142 to s\u0142uszny wyb\u00f3r. Zaraz po dotarciu na Zadni Granat ponownie na\u0142o\u017cy\u0142em kurtk\u0119. Mimo bardzo s\u0142onecznego dnia by\u0142a niezb\u0119dna. Na szczycie mr\u00f3z by\u0142 odczuwalny, jednak po raz kolejny tego dnia mog\u0142em przekona\u0107 si\u0119 o \u015bwietnej termoizolacji kurtki.<\/p>\n\n\n\n<p class=\"wp-block-paragraph\"><\/p>\n\n\n<div class=\"wp-block-image\">\n<figure class=\"aligncenter size-full\"><img loading=\"lazy\" decoding=\"async\" width=\"600\" height=\"900\" src=\"https:\/\/8a.pl\/8academy\/wp-content\/uploads\/2023\/01\/6.jpg\" alt=\"Haglofs L.I.M Down Hood\" class=\"wp-image-62771\" srcset=\"https:\/\/8a.pl\/8academy\/wp-content\/uploads\/2023\/01\/6.jpg 600w, https:\/\/8a.pl\/8academy\/wp-content\/uploads\/2023\/01\/6-200x300.jpg 200w\" sizes=\"(max-width: 600px) 100vw, 600px\" \/><figcaption class=\"wp-element-caption\">Niech nie zmyli Was ta pi\u0119kna, s\u0142oneczna aura \u2013 to by\u0142 mro\u017any dzie\u0144 (Fot. Martyna Paw\u0142owska)<\/figcaption><\/figure>\n<\/div>\n\n\n<p class=\"wp-block-paragraph\">Podczas zej\u015bcia postanowi\u0142em zosta\u0107 w kurtce, aby przekona\u0107 si\u0119 jak sprawdzi si\u0119 podczas zej\u015bcia nas\u0142onecznionym ju\u017c stokiem. Zgodnie z przewidywaniami, po kilku minutach zej\u015bcia w s\u0142o\u0144cu by\u0142o mi za ciep\u0142o. Postanowi\u0142em jednak sprawdzi\u0107, jak puch zachowa si\u0119 przy zapoceniu. Tutaj nale\u017cy odnotowa\u0107 kolejny plus, za dobrze wykonane przez producenta zadanie \u2013 kurtka nie straci\u0142a \u015bwietnej termiki. Po powrocie do zacienionej Koziej dolinki i dalej Doliny G\u0105sienicowej, ni\u017csza temperatura nie by\u0142a wcale taka straszna. Ostatnia tego dnia cz\u0119\u015b\u0107 testu przypad\u0142a na powr\u00f3t w wieczornej ju\u017c aurze z Murowa\u0144ca na parking. I tutaj \u017cadnego zaskoczenia nie by\u0142o \u2013 mr\u00f3z nie by\u0142 uci\u0105\u017cliwy!<\/p>\n\n\n\n<p class=\"wp-block-paragraph\">Ostatni weekend przed publikacj\u0105 niniejszego testu obfitowa\u0142 w mojej okolicy w opady \u015bniegu i nieco mro\u017ane dni. Oczywi\u015bcie skorzysta\u0142em z tej mo\u017cliwo\u015bci, aby przekona\u0107 si\u0119 jak podczas opad\u00f3w wspomniana wcze\u015bniej impregnacja si\u0119 sprawdzi. Musz\u0119 przyzna\u0107, \u017ce dwugodzinne spacery by\u0142y czyst\u0105 przyjemno\u015bci\u0105 i kurtka po raz kolejny spisa\u0142a si\u0119 na medal.<\/p>\n\n\n\n<p class=\"wp-block-paragraph\"><\/p>\n\n\n<div class=\"wp-block-image\">\n<figure class=\"aligncenter size-full\"><img loading=\"lazy\" decoding=\"async\" width=\"600\" height=\"900\" src=\"https:\/\/8a.pl\/8academy\/wp-content\/uploads\/2023\/01\/7.jpg\" alt=\"Haglofs L.I.M Down Hood\" class=\"wp-image-62772\" srcset=\"https:\/\/8a.pl\/8academy\/wp-content\/uploads\/2023\/01\/7.jpg 600w, https:\/\/8a.pl\/8academy\/wp-content\/uploads\/2023\/01\/7-200x300.jpg 200w\" sizes=\"(max-width: 600px) 100vw, 600px\" \/><figcaption class=\"wp-element-caption\">Niestety, nie mo\u017cna otworzy\u0107 kieszeni bez rozpinania pasa biodrowego plecaka. (Fot. Martyna Paw\u0142owska)<\/figcaption><\/figure>\n<\/div>\n\n\n<h2 class=\"wp-block-heading\" id=\"h-podsumowanie\">Podsumowanie<\/h2>\n\n\n\n<p class=\"wp-block-paragraph\">Je\u015bli szukasz lekkiej i ciep\u0142ej puch\u00f3wki to koniecznie we\u017a pod uwag\u0119 model Haglofs L.I.M. Down Hood. Jest to kurtka, kt\u00f3ra, w moim odczuciu cechuje si\u0119 \u015bwietn\u0105 termik\u0105 i bardzo nisk\u0105 wag\u0105. Mia\u0142em okazj\u0119 przekona\u0107 si\u0119 o tym na prze\u0142omie grudnia i stycznia w temperaturach od -11\u00b0C do +8\u00b0C. Dla mnie jest to strza\u0142 w dziesi\u0105tk\u0119. Kurtka nie zajmowa\u0142a du\u017co miejsca w plecaku i zapewnia\u0142a skuteczn\u0105 ochron\u0119 w niskich temperaturach czy w wietrzne dni. <\/p>\n\n\n\n<p class=\"wp-block-paragraph\">Je\u015bli chodzi o aspekty wizualne, kurtka jest do\u015b\u0107 prosta i to trafia w m\u00f3j gust. Jednak zdaje sobie spraw\u0119, \u017ce dla niekt\u00f3rych mo\u017ce by\u0107 za prosta. Warto odnotowa\u0107, \u017ce producent zadba\u0142 tak\u017ce o to, aby kurtka mia\u0142a kilka odblaskowych element\u00f3w (logotypy s\u0105 niewielkie, ale odblaskowe). Moim zdaniem jest to raczej model dedykowany do trekkingu czy do narciarstwa, a nie np. do wspinaczki. Zdecydowanie nie mog\u0119 doczeka\u0107 si\u0119 kolejnej okazji do wykorzystania w praktyce kurtki Haglofs L.I.M. Down Hood.<\/p>\n\n\n\n<p class=\"wp-block-paragraph\"><em>Test przeprowadzi\u0142 dla Was Micha\u0142 Niemyt.<\/em><\/p>\n","protected":false},"excerpt":{"rendered":"<p>Kurtka puchowa, to jeden z podstawowych element\u00f3w mojego zimowego g\u00f3rskiego ekwipunku. Na rynku dost\u0119pnych jest mn\u00f3stwo r\u00f3\u017cnych modeli, m\u00f3wi\u0105c wprost \u2013 wyb\u00f3r nie jest \u0142atwy. Czym zatem kierowa\u0142em si\u0119 wybieraj\u0105c w\u0142a\u015bnie ten model \u2013 o tym dowiecie si\u0119 z mojego testu.<\/p>\n","protected":false},"author":7,"featured_media":62774,"comment_status":"closed","ping_status":"closed","sticky":false,"template":"","format":"standard","meta":{"_acf_changed":false,"_uf_show_specific_survey":0,"_uf_disable_surveys":false,"footnotes":""},"categories":[26071,26070],"tags":[26086,26078,26085,26084],"class_list":["post-62766","post","type-post","status-publish","format-standard","has-post-thumbnail","hentry","category-alpinizm","category-turystyka-trekking","tag-alpinizm","tag-test","tag-trekking","tag-zima"],"acf":[],"yoast_head":"<!-- This site is optimized with the Yoast SEO Premium plugin v23.4 (Yoast SEO v25.5) - https:\/\/yoast.com\/wordpress\/plugins\/seo\/ -->\n<title>Test kurtki puchowej Haglofs L.I.M Down Hood | 8academy<\/title>\n<meta name=\"description\" content=\"Haglofs L.I.M Down Hood - czym zatem kierowa\u0142em si\u0119 wybieraj\u0105c w\u0142a\u015bnie ten model \u2013 o tym dowiecie si\u0119 z mojego testu.\" \/>\n<meta name=\"robots\" content=\"index, follow, max-snippet:-1, max-image-preview:large, max-video-preview:-1\" \/>\n<link rel=\"canonical\" href=\"https:\/\/8a.pl\/8academy\/test-kurtki-puchowej-haglofs-l-i-m-down-hood\/\" \/>\n<meta property=\"og:locale\" content=\"pl_PL\" \/>\n<meta property=\"og:type\" content=\"article\" \/>\n<meta property=\"og:title\" content=\"Test kurtki puchowej Haglofs L.I.M Down Hood\" \/>\n<meta property=\"og:description\" content=\"Haglofs L.I.M Down Hood - czym zatem kierowa\u0142em si\u0119 wybieraj\u0105c w\u0142a\u015bnie ten model \u2013 o tym dowiecie si\u0119 z mojego testu.\" \/>\n<meta property=\"og:url\" content=\"https:\/\/8a.pl\/8academy\/test-kurtki-puchowej-haglofs-l-i-m-down-hood\/\" \/>\n<meta property=\"og:site_name\" content=\"8academy.pl - portal g\u00f3rski i wspinaczkowy dla aktywnych\" \/>\n<meta property=\"article:publisher\" content=\"https:\/\/pl-pl.facebook.com\/sklep8apl\/\" \/>\n<meta property=\"article:published_time\" content=\"2023-01-23T13:10:00+00:00\" \/>\n<meta property=\"article:modified_time\" content=\"2023-12-19T11:34:49+00:00\" \/>\n<meta property=\"og:image\" content=\"http:\/\/8a.pl\/8academy\/wp-content\/uploads\/2023\/01\/8ACADEMY_FB_-7.jpg\" \/>\n\t<meta property=\"og:image:width\" content=\"1200\" \/>\n\t<meta property=\"og:image:height\" content=\"628\" \/>\n\t<meta property=\"og:image:type\" content=\"image\/jpeg\" \/>\n<meta name=\"author\" content=\"Redakcja 8Academy\" \/>\n<meta name=\"twitter:card\" content=\"summary_large_image\" \/>\n<meta name=\"twitter:label1\" content=\"Napisane przez\" \/>\n\t<meta name=\"twitter:data1\" content=\"Redakcja 8Academy\" \/>\n\t<meta name=\"twitter:label2\" content=\"Szacowany czas czytania\" \/>\n\t<meta name=\"twitter:data2\" content=\"11 minut\" \/>\n<!-- \/ Yoast SEO Premium plugin. -->","yoast_head_json":{"title":"Test kurtki puchowej Haglofs L.I.M Down Hood | 8academy","description":"Haglofs L.I.M Down Hood - czym zatem kierowa\u0142em si\u0119 wybieraj\u0105c w\u0142a\u015bnie ten model \u2013 o tym dowiecie si\u0119 z mojego testu.","robots":{"index":"index","follow":"follow","max-snippet":"max-snippet:-1","max-image-preview":"max-image-preview:large","max-video-preview":"max-video-preview:-1"},"canonical":"https:\/\/8a.pl\/8academy\/test-kurtki-puchowej-haglofs-l-i-m-down-hood\/","og_locale":"pl_PL","og_type":"article","og_title":"Test kurtki puchowej Haglofs L.I.M Down Hood","og_description":"Haglofs L.I.M Down Hood - czym zatem kierowa\u0142em si\u0119 wybieraj\u0105c w\u0142a\u015bnie ten model \u2013 o tym dowiecie si\u0119 z mojego testu.","og_url":"https:\/\/8a.pl\/8academy\/test-kurtki-puchowej-haglofs-l-i-m-down-hood\/","og_site_name":"8academy.pl - portal g\u00f3rski i wspinaczkowy dla aktywnych","article_publisher":"https:\/\/pl-pl.facebook.com\/sklep8apl\/","article_published_time":"2023-01-23T13:10:00+00:00","article_modified_time":"2023-12-19T11:34:49+00:00","og_image":[{"width":1200,"height":628,"url":"http:\/\/8a.pl\/8academy\/wp-content\/uploads\/2023\/01\/8ACADEMY_FB_-7.jpg","type":"image\/jpeg"}],"author":"Redakcja 8Academy","twitter_card":"summary_large_image","twitter_misc":{"Napisane przez":"Redakcja 8Academy","Szacowany czas czytania":"11 minut"},"schema":{"@context":"https:\/\/schema.org","@graph":[{"@type":"Article","@id":"https:\/\/8a.pl\/8academy\/test-kurtki-puchowej-haglofs-l-i-m-down-hood\/#article","isPartOf":{"@id":"https:\/\/8a.pl\/8academy\/test-kurtki-puchowej-haglofs-l-i-m-down-hood\/"},"author":{"name":"Redakcja 8Academy","@id":"https:\/\/8a.pl\/8academy\/#\/schema\/person\/2e392153a51786e6c3d5ede231b5d2a4"},"headline":"Test kurtki puchowej Haglofs L.I.M Down Hood","datePublished":"2023-01-23T13:10:00+00:00","dateModified":"2023-12-19T11:34:49+00:00","mainEntityOfPage":{"@id":"https:\/\/8a.pl\/8academy\/test-kurtki-puchowej-haglofs-l-i-m-down-hood\/"},"wordCount":1821,"publisher":{"@id":"https:\/\/8a.pl\/8academy\/#organization"},"image":{"@id":"https:\/\/8a.pl\/8academy\/test-kurtki-puchowej-haglofs-l-i-m-down-hood\/#primaryimage"},"thumbnailUrl":"https:\/\/8a.pl\/8academy\/wp-content\/uploads\/2023\/01\/Tytulowe-2.jpg","keywords":["Alpinizm","Test","Trekking","Zima"],"articleSection":["Alpinizm","Turystyka \/ trekking"],"inLanguage":"pl-PL"},{"@type":"WebPage","@id":"https:\/\/8a.pl\/8academy\/test-kurtki-puchowej-haglofs-l-i-m-down-hood\/","url":"https:\/\/8a.pl\/8academy\/test-kurtki-puchowej-haglofs-l-i-m-down-hood\/","name":"Test kurtki puchowej Haglofs L.I.M Down Hood | 8academy","isPartOf":{"@id":"https:\/\/8a.pl\/8academy\/#website"},"primaryImageOfPage":{"@id":"https:\/\/8a.pl\/8academy\/test-kurtki-puchowej-haglofs-l-i-m-down-hood\/#primaryimage"},"image":{"@id":"https:\/\/8a.pl\/8academy\/test-kurtki-puchowej-haglofs-l-i-m-down-hood\/#primaryimage"},"thumbnailUrl":"https:\/\/8a.pl\/8academy\/wp-content\/uploads\/2023\/01\/Tytulowe-2.jpg","datePublished":"2023-01-23T13:10:00+00:00","dateModified":"2023-12-19T11:34:49+00:00","description":"Haglofs L.I.M Down Hood - czym zatem kierowa\u0142em si\u0119 wybieraj\u0105c w\u0142a\u015bnie ten model \u2013 o tym dowiecie si\u0119 z mojego testu.","breadcrumb":{"@id":"https:\/\/8a.pl\/8academy\/test-kurtki-puchowej-haglofs-l-i-m-down-hood\/#breadcrumb"},"inLanguage":"pl-PL","potentialAction":[{"@type":"ReadAction","target":["https:\/\/8a.pl\/8academy\/test-kurtki-puchowej-haglofs-l-i-m-down-hood\/"]}]},{"@type":"ImageObject","inLanguage":"pl-PL","@id":"https:\/\/8a.pl\/8academy\/test-kurtki-puchowej-haglofs-l-i-m-down-hood\/#primaryimage","url":"https:\/\/8a.pl\/8academy\/wp-content\/uploads\/2023\/01\/Tytulowe-2.jpg","contentUrl":"https:\/\/8a.pl\/8academy\/wp-content\/uploads\/2023\/01\/Tytulowe-2.jpg","width":1100,"height":715},{"@type":"BreadcrumbList","@id":"https:\/\/8a.pl\/8academy\/test-kurtki-puchowej-haglofs-l-i-m-down-hood\/#breadcrumb","itemListElement":[{"@type":"ListItem","position":1,"name":"Strona g\u0142\u00f3wna","item":"https:\/\/8a.pl\/8academy\/"},{"@type":"ListItem","position":2,"name":"Test kurtki puchowej Haglofs L.I.M Down Hood"}]},{"@type":"WebSite","@id":"https:\/\/8a.pl\/8academy\/#website","url":"https:\/\/8a.pl\/8academy\/","name":"8academy.pl - portal g\u00f3rski i wspinaczkowy dla aktywnych","description":"8academy to portal g\u00f3rski o wspinaczce, trekkingu i skiturach. Znajdziesz tu porady, testy sprz\u0119tu i opisy najlepszych rejon\u00f3w. Inspirujemy zdobywc\u00f3w!","publisher":{"@id":"https:\/\/8a.pl\/8academy\/#organization"},"potentialAction":[{"@type":"SearchAction","target":{"@type":"EntryPoint","urlTemplate":"https:\/\/8a.pl\/8academy\/?s={search_term_string}"},"query-input":{"@type":"PropertyValueSpecification","valueRequired":true,"valueName":"search_term_string"}}],"inLanguage":"pl-PL"},{"@type":"Organization","@id":"https:\/\/8a.pl\/8academy\/#organization","name":"8academy.pl - portal g\u00f3rski i wspinaczkowy dla aktywnych","url":"https:\/\/8a.pl\/8academy\/","logo":{"@type":"ImageObject","inLanguage":"pl-PL","@id":"https:\/\/8a.pl\/8academy\/#\/schema\/logo\/image\/","url":"https:\/\/8a.pl\/8academy\/wp-content\/uploads\/2015\/11\/logo.png","contentUrl":"https:\/\/8a.pl\/8academy\/wp-content\/uploads\/2015\/11\/logo.png","width":438,"height":315,"caption":"8academy.pl - portal g\u00f3rski i wspinaczkowy dla aktywnych"},"image":{"@id":"https:\/\/8a.pl\/8academy\/#\/schema\/logo\/image\/"},"sameAs":["https:\/\/pl-pl.facebook.com\/sklep8apl\/","https:\/\/www.instagram.com\/8apl\/"]},{"@type":"Person","@id":"https:\/\/8a.pl\/8academy\/#\/schema\/person\/2e392153a51786e6c3d5ede231b5d2a4","name":"Redakcja 8Academy","image":{"@type":"ImageObject","inLanguage":"pl-PL","@id":"https:\/\/8a.pl\/8academy\/#\/schema\/person\/image\/","url":"https:\/\/8a.pl\/8academy\/wp-content\/uploads\/2017\/10\/logo_obrobione_2_150_59ICJ.jpg","contentUrl":"https:\/\/8a.pl\/8academy\/wp-content\/uploads\/2017\/10\/logo_obrobione_2_150_59ICJ.jpg","caption":"Redakcja 8Academy"},"url":"https:\/\/8a.pl\/8academy\/author\/redakcja\/"}]}},"_links":{"self":[{"href":"https:\/\/8a.pl\/8academy\/wp-json\/wp\/v2\/posts\/62766","targetHints":{"allow":["GET"]}}],"collection":[{"href":"https:\/\/8a.pl\/8academy\/wp-json\/wp\/v2\/posts"}],"about":[{"href":"https:\/\/8a.pl\/8academy\/wp-json\/wp\/v2\/types\/post"}],"author":[{"embeddable":true,"href":"https:\/\/8a.pl\/8academy\/wp-json\/wp\/v2\/users\/7"}],"replies":[{"embeddable":true,"href":"https:\/\/8a.pl\/8academy\/wp-json\/wp\/v2\/comments?post=62766"}],"version-history":[{"count":5,"href":"https:\/\/8a.pl\/8academy\/wp-json\/wp\/v2\/posts\/62766\/revisions"}],"predecessor-version":[{"id":66495,"href":"https:\/\/8a.pl\/8academy\/wp-json\/wp\/v2\/posts\/62766\/revisions\/66495"}],"wp:featuredmedia":[{"embeddable":true,"href":"https:\/\/8a.pl\/8academy\/wp-json\/wp\/v2\/media\/62774"}],"wp:attachment":[{"href":"https:\/\/8a.pl\/8academy\/wp-json\/wp\/v2\/media?parent=62766"}],"wp:term":[{"taxonomy":"category","embeddable":true,"href":"https:\/\/8a.pl\/8academy\/wp-json\/wp\/v2\/categories?post=62766"},{"taxonomy":"post_tag","embeddable":true,"href":"https:\/\/8a.pl\/8academy\/wp-json\/wp\/v2\/tags?post=62766"}],"curies":[{"name":"wp","href":"https:\/\/api.w.org\/{rel}","templated":true}]}}