{"id":62008,"date":"2022-12-07T09:00:00","date_gmt":"2022-12-07T08:00:00","guid":{"rendered":"https:\/\/8a.pl\/8academy\/?p=62008"},"modified":"2023-12-19T13:21:52","modified_gmt":"2023-12-19T12:21:52","slug":"black-diamond-recon-czas-na-skitoury","status":"publish","type":"post","link":"https:\/\/8a.pl\/8academy\/black-diamond-recon-czas-na-skitoury\/","title":{"rendered":"Black Diamond Recon &#8211; czas na skitoury!"},"content":{"rendered":"\n<p class=\"wp-block-paragraph\">Jest kurtka z membran\u0105, s\u0105 spodnie, jest r\u00f3wnie\u017c plecak skiturowy. Kolekcj\u0119 uzupe\u0142niaj\u0105 r\u0119kawiczki oraz bluzy. Ka\u017cdy mi\u0142o\u015bnik g\u00f3r wie, \u017ce ameryka\u0144ska marka Black Diamond, cho\u0107 jej pocz\u0105tki to sprz\u0119t wspinackowy, od lat jest mocno zwi\u0105zana z narciarstwem. Czarny diament to znak rozpoznawczy sprz\u0119tu i odziezy najwy\u017cszej jako\u015bci. Zobaczmy zatem co <a href=\"https:\/\/8a.pl\/black-diamond\" target=\"_blank\" rel=\"noreferrer noopener\">Black Diamond<\/a> przygotowa\u0142 dla nas w serii Recon. Ale najpierw przytoczmy kr\u00f3tki opis, kt\u00f3ry znajdziemy w katalogu:<\/p>\n\n\n\n<p class=\"wp-block-paragraph\"><em>&#8220;Wszyscy mamy rytua\u0142y, kt\u00f3re okre\u015blaj\u0105, kim jeste\u015bmy. W Black Diamond naszym jest \u015bwit w g\u00f3rach.<br>W\u0142\u0105cza si\u0119 budzik. Tak \u0142atwo by\u0142oby zrezygnowa\u0107. Mo\u017cesz przecie\u017c w\u0142\u0105czy\u0107 drzemk\u0119 i wczo\u0142ga\u0107 si\u0119 z powrotem do ciep\u0142ego \u0142\u00f3\u017cka i zapa\u015b\u0107 w kolejny sen. Ale ta fantazja ko\u0144czy si\u0119, gdy powoli buduje si\u0119 wizja porannej rzeczywisto\u015bci. Twoje stopy dotykaj\u0105 zimnej pod\u0142ogi i rozpoczyna si\u0119 rytua\u0142. Kawa si\u0119 parzy, sprz\u0119t jest spakowany, a Ty wkraczasz w ciemno\u015b\u0107. Zimno zapiera dech w piersiach. Wychodzisz na szlak i \u015bwiat budzi si\u0119 do \u017cycia. Wszyscy mamy rytua\u0142y, kt\u00f3re okre\u015blaj\u0105, kim jeste\u015bmy. W Black Diamond naszym jest \u015bwit w g\u00f3rach. \u017by\u0107 to wznosi\u0107 si\u0119.&#8221;<\/em><\/p>\n\n\n\n<p class=\"wp-block-paragraph\">\u0141adne prawda? Czy ju\u017c chcecie na narty?<\/p>\n\n\n\n<p class=\"wp-block-paragraph\"><\/p>\n\n\n<div class=\"wp-block-image\">\n<figure class=\"aligncenter size-full\"><img fetchpriority=\"high\" decoding=\"async\" width=\"600\" height=\"900\" src=\"https:\/\/8a.pl\/8academy\/wp-content\/uploads\/2022\/12\/ZanderKroon_04422.jpg\" alt=\"\" class=\"wp-image-62014\" srcset=\"https:\/\/8a.pl\/8academy\/wp-content\/uploads\/2022\/12\/ZanderKroon_04422.jpg 600w, https:\/\/8a.pl\/8academy\/wp-content\/uploads\/2022\/12\/ZanderKroon_04422-200x300.jpg 200w\" sizes=\"(max-width: 600px) 100vw, 600px\" \/><figcaption class=\"wp-element-caption\">Black Diamond Recon &#8211; pora rusza\u0107 w g\u00f3ry! (fot. Black Diamond) <\/figcaption><\/figure>\n<\/div>\n\n\n<h2 class=\"wp-block-heading\" id=\"h-kurtka-na-skitury-black-diamond-recon-lt-stretch-shell\">Kurtka na skitury Black Diamond Recon LT Stretch Shell<\/h2>\n\n\n\n<p class=\"wp-block-paragraph\">Co w niej nietypowego? Ot\u00f3\u017c kurtka Black Diamond Recon LT Stretch Shell to nie jest zwyk\u0142y hardshell. Zosta\u0142a ona wykonana z elastycznej tkaniny typu stretch, b\u0119d\u0105cej po\u0142\u0105czeniem nylonu, oraz elastanu. Dzi\u0119ki rozci\u0105gliwo\u015bci syntetycznej prz\u0119dzy kurtka zagwarantuje Ci pe\u0142n\u0105 swobod\u0119 ruch\u00f3w, kluczow\u0105 dla bezpiecznej aktywno\u015bci w terenie. Stretch mo\u017ce nie kojarzy\u0107 si\u0119 z takimi cechami jak wodoodporno\u015b\u0107. A jednak. W tej kurtce, opr\u00f3cz stretchu, znajdziecie autorsk\u0105 tr\u00f3jwarstwow\u0105 membran\u0119 <strong>BDry\u2122 3L<\/strong>. Ma ona \u015bwietne w\u0142a\u015bciwo\u015bci: wodoodporno\u015b\u0107 na poziomie 20.000 mm s\u0142upa wody oraz oddychalno\u015b\u0107 20 000 g\/m2\/24h. Membran\u0119 wspomaga dodatkowo warstwa impregnatu DWR, kt\u00f3ry nadaje odzie\u017cy w\u0142a\u015bciwo\u015bci hydrofobowe, oraz zapobiega namakaniu.<\/p>\n\n\n\n<p class=\"wp-block-paragraph\">Poza tym sprawdzone rozwi\u0105zania: kr\u00f3j regular, dwie obszerne kieszenie, du\u017ce otwory wentylacyjne pod pachami (wszystkie zamki YKK\u00ae Aquaguard), rzepy na mankietach i regulowany kaptur, kt\u00f3ry zmie\u015bci kask. Do tego przydatny detal: kieszonka na skipass na lewym ramieniu. Pora rusza\u0107, zima nie trwa wiecznie!<\/p>\n\n\n\n<p class=\"wp-block-paragraph\"><\/p>\n\n\n<div class=\"wp-block-image\">\n<figure class=\"aligncenter size-full\"><img decoding=\"async\" width=\"600\" height=\"900\" src=\"https:\/\/8a.pl\/8academy\/wp-content\/uploads\/2022\/12\/ZanderKroon_04321.jpg\" alt=\"Black Diamond Recon\" class=\"wp-image-62011\" srcset=\"https:\/\/8a.pl\/8academy\/wp-content\/uploads\/2022\/12\/ZanderKroon_04321.jpg 600w, https:\/\/8a.pl\/8academy\/wp-content\/uploads\/2022\/12\/ZanderKroon_04321-200x300.jpg 200w\" sizes=\"(max-width: 600px) 100vw, 600px\" \/><figcaption class=\"wp-element-caption\">Kurtka na skitury Black Diamond Recon LT Stretch Shell (fot. Black Diamond)<\/figcaption><\/figure>\n<\/div>\n\n\n<h2 class=\"wp-block-heading\" id=\"h-spodnie-narciarskie-black-diamond-recon-lt-stretch-pants\">Spodnie narciarskie Black Diamond Recon LT Stretch Pants<\/h2>\n\n\n\n<p class=\"wp-block-paragraph\">Do kompletu Black Diamond proponuje spodnie <a href=\"https:\/\/8a.pl\/spodnie-narciarskie-black-diamond-recon-lt-stretch-pants-indigo\" target=\"_blank\" rel=\"noreferrer noopener\">Recon LT Stretch Pants<\/a>. To czysta klasyka. Do\u015b\u0107 prosty kr\u00f3j, bez zb\u0119dnych udziwnie\u0144 zar\u00f3wno formalnych jak i kolorystycznych. Lekko przegubowe kolana daj\u0105ce swobod\u0119 ruch\u00f3w, dwie kieszenie udowe oraz du\u017ce otwory wentylacyjne po zewn\u0119trznej stronie ud z zamkami YKK\u00ae AquaGuard\u00aeVislon\u00ae. Jedynym nietypowym rozwi\u0105zaniem jest kiesze\u0144 na detektor lawinowy. Podobnie jak kurtka, spodnie te posiadaj\u0105 membran\u0119 <strong>BDry\u2122 3L<\/strong> oraz dodatkow\u0105 impregnacj\u0119 DWR. Recon LT Stretch Pants mo\u017cna \u0142atwo spi\u0105\u0107 z fartuchem przeciw\u015bnie\u017cnym kurtki.<\/p>\n\n\n\n<p class=\"wp-block-paragraph\"><\/p>\n\n\n<div class=\"wp-block-image\">\n<figure class=\"aligncenter size-full\"><img decoding=\"async\" width=\"600\" height=\"900\" src=\"https:\/\/8a.pl\/8academy\/wp-content\/uploads\/2022\/12\/ZanderKroon_04330.jpg\" alt=\"Black Diamond Recon\" class=\"wp-image-62012\" srcset=\"https:\/\/8a.pl\/8academy\/wp-content\/uploads\/2022\/12\/ZanderKroon_04330.jpg 600w, https:\/\/8a.pl\/8academy\/wp-content\/uploads\/2022\/12\/ZanderKroon_04330-200x300.jpg 200w\" sizes=\"(max-width: 600px) 100vw, 600px\" \/><figcaption class=\"wp-element-caption\">Black Diamond Recon LT Stretch Pants (fot. Black Diamond)<\/figcaption><\/figure>\n<\/div>\n\n\n<h2 class=\"wp-block-heading\" id=\"h-plecak-skiturowy-black-diamond-dawn-patrol-25\">Plecak skiturowy Black Diamond Dawn Patrol 25&nbsp;<\/h2>\n\n\n\n<p class=\"wp-block-paragraph\">Skitury bez plecaka? Nie da si\u0119. Gdzie\u015b trzeba przecie\u017c w\u0142o\u017cy\u0107 <a href=\"https:\/\/8a.pl\/lawinowe-abc\" target=\"_blank\" rel=\"noreferrer noopener\">zestaw ABC<\/a>, kurtk\u0119 gdy zrobi si\u0119 zbyt ciep\u0142o, czy termos z herbat\u0105. Elementem kolekcji zimowej Black Diamond na sezon 2022\/2023 jest nowy plecak <a href=\"https:\/\/8a.pl\/plecak-skiturowy-black-diamond-dawn-patrol-25-amber\" target=\"_blank\" rel=\"noreferrer noopener\">Black Diamond Dawn Patrol 25<\/a>.&nbsp;To plecak o pojemno\u015bci 25 litr\u00f3w i mn\u00f3stwie mo\u017cliwo\u015bci. Przede wszystkim, jest on wykonany z bardzo wytrzyma\u0142ego materia\u0142u poliestrowego 840D oraz nylonu o wyj\u0105tkowo wysokiej g\u0119sto\u015bci 210 denier\u00f3w w splocie Ripstop. To daje gwarancj\u0119, \u017ce kraw\u0119dzi nart, czubek kijk\u00f3w czy ska\u0142y nie zrobi\u0105 temu plecakowi \u017cadnej krzywdy. Co wi\u0119cej, materia\u0142y te pochodz\u0105 w 100% z recyklingu.<\/p>\n\n\n\n<p class=\"wp-block-paragraph\">Jak przysta\u0142o na plecak skiturowy, w Black Diamond Dawn Patrol 25 mamy oddzieln\u0105 kiesze\u0144 na zestaw lawinowy &#8211; wygodnie zmie\u015bcimy tu \u0142opat\u0119 oraz sond\u0119. \u015awietnym rozwi\u0105zaniem s\u0105 te\u017c dwie du\u017ce kieszenie na pasie biodrowym. Idealne by schowa\u0107, na przyk\u0142ad, foki lub czapk\u0119. Unikalnym rozwi\u0105zaniem jest kiesze\u0144 na lewym pasie ramiennym. Dlaczego nikt na to nie wpad\u0142 wcze\u015bniej? Radio czy telefon &#8211; teraz mo\u017cesz mie\u0107 to wygodnie pod r\u0119k\u0105 i bardzo szybko si\u0119gn\u0105\u0107 bez konieczno\u015bci zdejmowania plecaka.<\/p>\n\n\n\n<p class=\"wp-block-paragraph\">Black Diamond Dawn Patrol 25 daje mo\u017cliwo\u015b\u0107 bardzo wygodnego troczenia sprz\u0119tu. Narty mo\u017cemy przypi\u0105\u0107 po bokach plecaka lub na ukos. Desk\u0119 \u0142atwo zamontujemy z ty\u0142u plecaka dzi\u0119ki specjalnym pasom. Kolejnym fajnym rozwi\u0105zaniem jest dost\u0119p do g\u0142\u00f3wnej komory poprzez panel tylni. <\/p>\n\n\n\n<p class=\"wp-block-paragraph\"><\/p>\n\n\n<div class=\"wp-block-image\">\n<figure class=\"aligncenter size-full\"><img loading=\"lazy\" decoding=\"async\" width=\"600\" height=\"900\" src=\"https:\/\/8a.pl\/8academy\/wp-content\/uploads\/2022\/12\/ZanderKroon_04399.jpg\" alt=\"Black Diamond Recon\" class=\"wp-image-62013\" srcset=\"https:\/\/8a.pl\/8academy\/wp-content\/uploads\/2022\/12\/ZanderKroon_04399.jpg 600w, https:\/\/8a.pl\/8academy\/wp-content\/uploads\/2022\/12\/ZanderKroon_04399-200x300.jpg 200w\" sizes=\"(max-width: 600px) 100vw, 600px\" \/><figcaption class=\"wp-element-caption\">Plecak skiturowy Black Diamond Dawn Patrol 25 (fot. Black Diamond)<\/figcaption><\/figure>\n<\/div>\n\n\n<h2 class=\"wp-block-heading\" id=\"h-druga-warstwa-oraz-rekawiczki\">Druga warstwa oraz r\u0119kawiczki <\/h2>\n\n\n\n<p class=\"wp-block-paragraph\">Uzupe\u0142nieniem kolekcji s\u0105 bluzy. <a href=\"https:\/\/8a.pl\/bluza-z-kapturem-black-diamond-coefficient-fleece-hoody-azurite\" target=\"_blank\" rel=\"noreferrer noopener\">Black Diamond Coefficient Fleece Hoody<\/a> to bluza z kapturem wykonana z materia\u0142u <strong>Polartec\u00ae Power Dry\u00ae<\/strong>. To syntetyczna tkanina o rewelacyjnych w\u0142a\u015bciwo\u015bciach oddychaj\u0105cych. Posiada ona dwuwarstwow\u0105 konstrukcj\u0119 &#8211; w\u0142\u00f3kna o mniejszej g\u0119sto\u015bci s\u0105 \u0142\u0105czone z tworzywami o du\u017cej kapilarno\u015bci w celu stworzenia tr\u00f3jwymiarowej struktury. Sprawnie odci\u0105ga ona wilgo\u0107 od cia\u0142a i rozprasza j\u0105 na zewn\u0119trznej powierzchni tkaniny, umo\u017cliwiaj\u0105c jej tym samym szybkie wyschni\u0119cie. <\/p>\n\n\n\n<p class=\"wp-block-paragraph\">Drugim modelem jest <a href=\"https:\/\/8a.pl\/kurtka-hybrydowa-black-diamond-cofficient-lt-hybrid-kingfisher-black\" target=\"_blank\" rel=\"noreferrer noopener\">Black Diamond Coefficient LT Hybrid<\/a>. Na pierwszy rzut oka wygl\u0105da bardzo podobnie ale pozory myl\u0105. To bluza hybrydowa. G\u0142\u00f3wnym materia\u0142em jest tu <strong>Polartec\u00ae Power Grid\u2122<\/strong>. Siatkowa struktura tkaniny jednocze\u015bnie redukuje wag\u0119 i podnosi w\u0142a\u015bciwo\u015bci termoizolacyjne. Zwi\u0119ksza te\u017c mo\u017cliwo\u015bci kompresji bluzy. Konstrukcja materia\u0142u zapewnia doskona\u0142\u0105 oddychalno\u015b\u0107 i odprowadzanie wilgoci poprzez otwarte kanaliki otaczaj\u0105ce ka\u017cdy segment tkaniny. Na froncie bluza posiada panele wype\u0142nione ociepleniem Primaloft\u00ae Silver. Obie bluzy ma dobrze dopasowany kr\u00f3j oraz kaptur, kt\u00f3ry pomie\u015bci kask. Maj\u0105 r\u00f3wnie\u017c certyfikat&nbsp;<strong>Bluesign\u00ae<\/strong>, \u015bwiadcz\u0105cy o tym, \u017ce proces produkcji nie mia\u0142 negatywnego wp\u0142ywu na \u015brodowisko naturalne i ludzi.<\/p>\n\n\n\n<p class=\"wp-block-paragraph\">Seria Recon to r\u00f3wnie\u017c r\u0119kawiczki narciarskie w dw\u00f3ch rodzajach. <a href=\"https:\/\/8a.pl\/rekawice-narciarskie-damskie-black-diamond-recon-persimmon\" target=\"_blank\" rel=\"noreferrer noopener\">Black Diamond Recon<\/a> to r\u0119kawice klasyczne, pi\u0119ciopalczaste, <a href=\"https:\/\/8a.pl\/rekawice-narciarskie-black-diamond-recon-mitts-astral-blue\" target=\"_blank\" rel=\"noreferrer noopener\">Black Diamond Recon Mitts<\/a> to \u0142apawice o konstrukcji dwudzielnej. Oba modele posiadaj\u0105 ocieplin\u0119 <strong>Primaloft\u00ae Gold<\/strong> oraz autorsk\u0105 membran\u0119 <strong>BDry\u2122<\/strong> oraz mankiety wykonane z super wytrzyma\u0142ego materia\u0142u <strong>Pertex\u00ae Shield<\/strong>.<\/p>\n\n\n\n<p class=\"wp-block-paragraph\"><\/p>\n\n\n<div class=\"wp-block-image\">\n<figure class=\"aligncenter size-full\"><img loading=\"lazy\" decoding=\"async\" width=\"600\" height=\"900\" src=\"https:\/\/8a.pl\/8academy\/wp-content\/uploads\/2022\/12\/ZanderKroon_04547.jpg\" alt=\"Black Diamond Recon\" class=\"wp-image-62017\" srcset=\"https:\/\/8a.pl\/8academy\/wp-content\/uploads\/2022\/12\/ZanderKroon_04547.jpg 600w, https:\/\/8a.pl\/8academy\/wp-content\/uploads\/2022\/12\/ZanderKroon_04547-200x300.jpg 200w\" sizes=\"(max-width: 600px) 100vw, 600px\" \/><figcaption class=\"wp-element-caption\">Black Diamond Recon to kolekcja w kt\u00f3rej znajdziesz kurtki, spodnie ora plecak na skitoury (fot. Black Diamond)<\/figcaption><\/figure>\n<\/div>\n\n\n<p class=\"wp-block-paragraph\"><em>Przeczytaj r\u00f3wnie\u017c <a href=\"https:\/\/8a.pl\/8academy\/black-diamond-neve-pro-test-rakow\/\" target=\"_blank\" rel=\"noreferrer noopener\">test rak\u00f3w Black Diamond Neve Pro.<\/a><\/em><\/p>\n","protected":false},"excerpt":{"rendered":"<p>Black Diamond wita sezon zimowy 2022\/2023 wprowadzaj\u0105c now\u0105 seri\u0119 technicznej odzie\u017cy i sprz\u0119tu o nazwie Recon. W niej znajdziemy wszystko to co mo\u017ce nam si\u0119 przyda\u0107 podczas zimowych wypad\u00f3w w g\u00f3ry.<\/p>\n","protected":false},"author":7,"featured_media":62016,"comment_status":"closed","ping_status":"closed","sticky":false,"template":"","format":"standard","meta":{"_acf_changed":false,"_uf_show_specific_survey":0,"_uf_disable_surveys":false,"footnotes":""},"categories":[26075],"tags":[26068,26097,26084],"class_list":["post-62008","post","type-post","status-publish","format-standard","has-post-thumbnail","hentry","category-sporty-zimowe","tag-felieton","tag-skitouring","tag-zima"],"acf":[],"yoast_head":"<!-- This site is optimized with the Yoast SEO Premium plugin v23.4 (Yoast SEO v25.5) - https:\/\/yoast.com\/wordpress\/plugins\/seo\/ -->\n<title>Black Diamond Recon - czas na skitoury! | 8academy<\/title>\n<meta name=\"description\" content=\"Black Diamond wita sezon zimowy 2022\/2023 wprowadzaj\u0105c now\u0105 seri\u0119 technicznej odzie\u017cy i sprz\u0119tu o nazwie Recon.\" \/>\n<meta name=\"robots\" content=\"index, follow, max-snippet:-1, max-image-preview:large, max-video-preview:-1\" \/>\n<link rel=\"canonical\" href=\"https:\/\/8a.pl\/8academy\/black-diamond-recon-czas-na-skitoury\/\" \/>\n<meta property=\"og:locale\" content=\"pl_PL\" \/>\n<meta property=\"og:type\" content=\"article\" \/>\n<meta property=\"og:title\" content=\"Black Diamond Recon - czas na skitoury!\" \/>\n<meta property=\"og:description\" content=\"Black Diamond wita sezon zimowy 2022\/2023 wprowadzaj\u0105c now\u0105 seri\u0119 technicznej odzie\u017cy i sprz\u0119tu o nazwie Recon.\" \/>\n<meta property=\"og:url\" content=\"https:\/\/8a.pl\/8academy\/black-diamond-recon-czas-na-skitoury\/\" \/>\n<meta property=\"og:site_name\" content=\"8academy.pl - portal g\u00f3rski i wspinaczkowy dla aktywnych\" \/>\n<meta property=\"article:publisher\" content=\"https:\/\/pl-pl.facebook.com\/sklep8apl\/\" \/>\n<meta property=\"article:published_time\" content=\"2022-12-07T08:00:00+00:00\" \/>\n<meta property=\"article:modified_time\" content=\"2023-12-19T12:21:52+00:00\" \/>\n<meta property=\"og:image\" content=\"http:\/\/8a.pl\/8academy\/wp-content\/uploads\/2022\/12\/8ACADEMY_FB_-1.jpg\" \/>\n\t<meta property=\"og:image:width\" content=\"1200\" \/>\n\t<meta property=\"og:image:height\" content=\"628\" \/>\n\t<meta property=\"og:image:type\" content=\"image\/jpeg\" \/>\n<meta name=\"author\" content=\"Redakcja 8Academy\" \/>\n<meta name=\"twitter:card\" content=\"summary_large_image\" \/>\n<meta name=\"twitter:label1\" content=\"Napisane przez\" \/>\n\t<meta name=\"twitter:data1\" content=\"Redakcja 8Academy\" \/>\n\t<meta name=\"twitter:label2\" content=\"Szacowany czas czytania\" \/>\n\t<meta name=\"twitter:data2\" content=\"7 minut\" \/>\n<!-- \/ Yoast SEO Premium plugin. -->","yoast_head_json":{"title":"Black Diamond Recon - czas na skitoury! | 8academy","description":"Black Diamond wita sezon zimowy 2022\/2023 wprowadzaj\u0105c now\u0105 seri\u0119 technicznej odzie\u017cy i sprz\u0119tu o nazwie Recon.","robots":{"index":"index","follow":"follow","max-snippet":"max-snippet:-1","max-image-preview":"max-image-preview:large","max-video-preview":"max-video-preview:-1"},"canonical":"https:\/\/8a.pl\/8academy\/black-diamond-recon-czas-na-skitoury\/","og_locale":"pl_PL","og_type":"article","og_title":"Black Diamond Recon - czas na skitoury!","og_description":"Black Diamond wita sezon zimowy 2022\/2023 wprowadzaj\u0105c now\u0105 seri\u0119 technicznej odzie\u017cy i sprz\u0119tu o nazwie Recon.","og_url":"https:\/\/8a.pl\/8academy\/black-diamond-recon-czas-na-skitoury\/","og_site_name":"8academy.pl - portal g\u00f3rski i wspinaczkowy dla aktywnych","article_publisher":"https:\/\/pl-pl.facebook.com\/sklep8apl\/","article_published_time":"2022-12-07T08:00:00+00:00","article_modified_time":"2023-12-19T12:21:52+00:00","og_image":[{"width":1200,"height":628,"url":"http:\/\/8a.pl\/8academy\/wp-content\/uploads\/2022\/12\/8ACADEMY_FB_-1.jpg","type":"image\/jpeg"}],"author":"Redakcja 8Academy","twitter_card":"summary_large_image","twitter_misc":{"Napisane przez":"Redakcja 8Academy","Szacowany czas czytania":"7 minut"},"schema":{"@context":"https:\/\/schema.org","@graph":[{"@type":"Article","@id":"https:\/\/8a.pl\/8academy\/black-diamond-recon-czas-na-skitoury\/#article","isPartOf":{"@id":"https:\/\/8a.pl\/8academy\/black-diamond-recon-czas-na-skitoury\/"},"author":{"name":"Redakcja 8Academy","@id":"https:\/\/8a.pl\/8academy\/#\/schema\/person\/2e392153a51786e6c3d5ede231b5d2a4"},"headline":"Black Diamond Recon &#8211; czas na skitoury!","datePublished":"2022-12-07T08:00:00+00:00","dateModified":"2023-12-19T12:21:52+00:00","mainEntityOfPage":{"@id":"https:\/\/8a.pl\/8academy\/black-diamond-recon-czas-na-skitoury\/"},"wordCount":1074,"publisher":{"@id":"https:\/\/8a.pl\/8academy\/#organization"},"image":{"@id":"https:\/\/8a.pl\/8academy\/black-diamond-recon-czas-na-skitoury\/#primaryimage"},"thumbnailUrl":"https:\/\/8a.pl\/8academy\/wp-content\/uploads\/2022\/12\/ZanderKroon_04514.jpg","keywords":["Felieton","Skitouring","Zima"],"articleSection":["Sporty zimowe"],"inLanguage":"pl-PL"},{"@type":"WebPage","@id":"https:\/\/8a.pl\/8academy\/black-diamond-recon-czas-na-skitoury\/","url":"https:\/\/8a.pl\/8academy\/black-diamond-recon-czas-na-skitoury\/","name":"Black Diamond Recon - czas na skitoury! | 8academy","isPartOf":{"@id":"https:\/\/8a.pl\/8academy\/#website"},"primaryImageOfPage":{"@id":"https:\/\/8a.pl\/8academy\/black-diamond-recon-czas-na-skitoury\/#primaryimage"},"image":{"@id":"https:\/\/8a.pl\/8academy\/black-diamond-recon-czas-na-skitoury\/#primaryimage"},"thumbnailUrl":"https:\/\/8a.pl\/8academy\/wp-content\/uploads\/2022\/12\/ZanderKroon_04514.jpg","datePublished":"2022-12-07T08:00:00+00:00","dateModified":"2023-12-19T12:21:52+00:00","description":"Black Diamond wita sezon zimowy 2022\/2023 wprowadzaj\u0105c now\u0105 seri\u0119 technicznej odzie\u017cy i sprz\u0119tu o nazwie Recon.","breadcrumb":{"@id":"https:\/\/8a.pl\/8academy\/black-diamond-recon-czas-na-skitoury\/#breadcrumb"},"inLanguage":"pl-PL","potentialAction":[{"@type":"ReadAction","target":["https:\/\/8a.pl\/8academy\/black-diamond-recon-czas-na-skitoury\/"]}]},{"@type":"ImageObject","inLanguage":"pl-PL","@id":"https:\/\/8a.pl\/8academy\/black-diamond-recon-czas-na-skitoury\/#primaryimage","url":"https:\/\/8a.pl\/8academy\/wp-content\/uploads\/2022\/12\/ZanderKroon_04514.jpg","contentUrl":"https:\/\/8a.pl\/8academy\/wp-content\/uploads\/2022\/12\/ZanderKroon_04514.jpg","width":1100,"height":715},{"@type":"BreadcrumbList","@id":"https:\/\/8a.pl\/8academy\/black-diamond-recon-czas-na-skitoury\/#breadcrumb","itemListElement":[{"@type":"ListItem","position":1,"name":"Strona g\u0142\u00f3wna","item":"https:\/\/8a.pl\/8academy\/"},{"@type":"ListItem","position":2,"name":"Black Diamond Recon &#8211; czas na skitoury!"}]},{"@type":"WebSite","@id":"https:\/\/8a.pl\/8academy\/#website","url":"https:\/\/8a.pl\/8academy\/","name":"8academy.pl - portal g\u00f3rski i wspinaczkowy dla aktywnych","description":"8academy to portal g\u00f3rski o wspinaczce, trekkingu i skiturach. Znajdziesz tu porady, testy sprz\u0119tu i opisy najlepszych rejon\u00f3w. Inspirujemy zdobywc\u00f3w!","publisher":{"@id":"https:\/\/8a.pl\/8academy\/#organization"},"potentialAction":[{"@type":"SearchAction","target":{"@type":"EntryPoint","urlTemplate":"https:\/\/8a.pl\/8academy\/?s={search_term_string}"},"query-input":{"@type":"PropertyValueSpecification","valueRequired":true,"valueName":"search_term_string"}}],"inLanguage":"pl-PL"},{"@type":"Organization","@id":"https:\/\/8a.pl\/8academy\/#organization","name":"8academy.pl - portal g\u00f3rski i wspinaczkowy dla aktywnych","url":"https:\/\/8a.pl\/8academy\/","logo":{"@type":"ImageObject","inLanguage":"pl-PL","@id":"https:\/\/8a.pl\/8academy\/#\/schema\/logo\/image\/","url":"https:\/\/8a.pl\/8academy\/wp-content\/uploads\/2015\/11\/logo.png","contentUrl":"https:\/\/8a.pl\/8academy\/wp-content\/uploads\/2015\/11\/logo.png","width":438,"height":315,"caption":"8academy.pl - portal g\u00f3rski i wspinaczkowy dla aktywnych"},"image":{"@id":"https:\/\/8a.pl\/8academy\/#\/schema\/logo\/image\/"},"sameAs":["https:\/\/pl-pl.facebook.com\/sklep8apl\/","https:\/\/www.instagram.com\/8apl\/"]},{"@type":"Person","@id":"https:\/\/8a.pl\/8academy\/#\/schema\/person\/2e392153a51786e6c3d5ede231b5d2a4","name":"Redakcja 8Academy","image":{"@type":"ImageObject","inLanguage":"pl-PL","@id":"https:\/\/8a.pl\/8academy\/#\/schema\/person\/image\/","url":"https:\/\/8a.pl\/8academy\/wp-content\/uploads\/2017\/10\/logo_obrobione_2_150_59ICJ.jpg","contentUrl":"https:\/\/8a.pl\/8academy\/wp-content\/uploads\/2017\/10\/logo_obrobione_2_150_59ICJ.jpg","caption":"Redakcja 8Academy"},"url":"https:\/\/8a.pl\/8academy\/author\/redakcja\/"}]}},"_links":{"self":[{"href":"https:\/\/8a.pl\/8academy\/wp-json\/wp\/v2\/posts\/62008","targetHints":{"allow":["GET"]}}],"collection":[{"href":"https:\/\/8a.pl\/8academy\/wp-json\/wp\/v2\/posts"}],"about":[{"href":"https:\/\/8a.pl\/8academy\/wp-json\/wp\/v2\/types\/post"}],"author":[{"embeddable":true,"href":"https:\/\/8a.pl\/8academy\/wp-json\/wp\/v2\/users\/7"}],"replies":[{"embeddable":true,"href":"https:\/\/8a.pl\/8academy\/wp-json\/wp\/v2\/comments?post=62008"}],"version-history":[{"count":13,"href":"https:\/\/8a.pl\/8academy\/wp-json\/wp\/v2\/posts\/62008\/revisions"}],"predecessor-version":[{"id":66518,"href":"https:\/\/8a.pl\/8academy\/wp-json\/wp\/v2\/posts\/62008\/revisions\/66518"}],"wp:featuredmedia":[{"embeddable":true,"href":"https:\/\/8a.pl\/8academy\/wp-json\/wp\/v2\/media\/62016"}],"wp:attachment":[{"href":"https:\/\/8a.pl\/8academy\/wp-json\/wp\/v2\/media?parent=62008"}],"wp:term":[{"taxonomy":"category","embeddable":true,"href":"https:\/\/8a.pl\/8academy\/wp-json\/wp\/v2\/categories?post=62008"},{"taxonomy":"post_tag","embeddable":true,"href":"https:\/\/8a.pl\/8academy\/wp-json\/wp\/v2\/tags?post=62008"}],"curies":[{"name":"wp","href":"https:\/\/api.w.org\/{rel}","templated":true}]}}