{"id":61865,"date":"2022-11-30T09:00:00","date_gmt":"2022-11-30T08:00:00","guid":{"rendered":"https:\/\/8a.pl\/8academy\/?p=61865"},"modified":"2023-12-19T14:29:55","modified_gmt":"2023-12-19T13:29:55","slug":"marmot-alpinist-jacket-kurtka-na-najgorsze-warunki","status":"publish","type":"post","link":"https:\/\/8a.pl\/8academy\/marmot-alpinist-jacket-kurtka-na-najgorsze-warunki\/","title":{"rendered":"Marmot Alpinist Jacket &#8211; kurtka na najgorsze warunki"},"content":{"rendered":"\n<p class=\"wp-block-paragraph\">Maj\u00f3wka 2022 roku. Z grup\u0105 znajomych zamiast wspinania na Jurze wybieramy Alpy. Cztery osoby &#8211; dw\u00f3ch na nartach, dw\u00f3ch na snowboardzie &#8211; idealny sk\u0142ad na alpejskie przygody. Znamy si\u0119 od lat, w Tatrach zrobili\u015bmy razem mn\u00f3stwo linii. Wyjazd b\u0119dzie kr\u00f3tki ale intensywny. W Chamonix b\u0119dziemy mieli siedem dni &#8211; siadamy wi\u0119c nad map\u0105, planujemy kolejne wyj\u015bcia. G\u0142\u00f3wny cel wyjazdu jest jasno okre\u015blony &#8211; przede wszystkim zjazd z Mont Blanc, na kt\u00f3ry zbieramy si\u0119 od kilku sezon\u00f3w. Dok\u0142adamy jeszcze lokalny klasyk czyli Couloir des Cosmiques z Aiguille du Midi a na rozgrzewk\u0119 Valle Blanche wariantem Grand Envers. Zapowiada si\u0119 super. Jest tylko jeden k\u0142opot &#8211; warunki. \u015aledzimy doniesienia z Chamonix od kilku tygodni i ju\u017c wiemy, \u017ce b\u0119dzie ci\u0119\u017cko. Wyj\u0105tkowo ciep\u0142a zima sprawi\u0142a, \u017ce lodowiec jest w fatalnym stanie a pokrywa \u015bnie\u017cna do\u015b\u0107 sk\u0105pa jak pocz\u0105tek maja. Do tego w po\u0142owie wyjazdu zapowiadaj\u0105 srogi deszcz. Ale trudno, jedziemy. <\/p>\n\n\n\n<p class=\"wp-block-paragraph\">Wiedzia\u0142em, \u017ce b\u0119d\u0119 potrzebowa\u0142 bardzo dobrej, po prostu najlepszej kurtki. Wyb\u00f3r pad\u0142 na Marmot Alpinist Jacket z membran\u0105 GORE-TEX\u00ae Pro.<\/p>\n\n\n\n<p class=\"wp-block-paragraph\"><\/p>\n\n\n<div class=\"wp-block-image\">\n<figure class=\"aligncenter size-full\"><img fetchpriority=\"high\" decoding=\"async\" width=\"600\" height=\"900\" src=\"https:\/\/8a.pl\/8academy\/wp-content\/uploads\/2022\/11\/IMG-5109.jpg\" alt=\"\" class=\"wp-image-61897\" srcset=\"https:\/\/8a.pl\/8academy\/wp-content\/uploads\/2022\/11\/IMG-5109.jpg 600w, https:\/\/8a.pl\/8academy\/wp-content\/uploads\/2022\/11\/IMG-5109-200x300.jpg 200w\" sizes=\"(max-width: 600px) 100vw, 600px\" \/><figcaption class=\"wp-element-caption\">Marmot Alpinist Jacket to najwy\u017cszy model ameryka\u0144skiej marki. Na grani Aiguille du Midi (fot. Andrzej Wolf)<\/figcaption><\/figure>\n<\/div>\n\n\n<h2 class=\"wp-block-heading\" id=\"h-marmot-z-pokoju-w-akademiku-do-hollywood\">Marmot &#8211; z pokoju w akademiku do Hollywood<\/h2>\n\n\n\n<p class=\"wp-block-paragraph\"><a href=\"https:\/\/8a.pl\/marmot\" target=\"_blank\" rel=\"noreferrer noopener\">Marmot<\/a> to bez w\u0105tpienia jedna z tych marek, kt\u00f3rej mo\u017cna zaufa\u0107 po prostu w ciemno. Wystarczy wej\u015b\u0107 na stron\u0119, zobaczy\u0107 nazwiska w Marmot Mountain Club: Robert Jasper, Stefan Glowacz, Steve McClure i wiele innych. Marmot nie ma zbyt d\u0142ugiej historii &#8211; ma za to zaufanie ludzi g\u00f3r na ca\u0142ym \u015bwiecie. <\/p>\n\n\n\n<p class=\"wp-block-paragraph\">1971 rok, dw\u00f3ch kumpli, pasjonat\u00f3w wszelkiego outdooru &#8211; Eric i Dave zaczyna robi\u0107 w\u0142asne parki i \u015bpiwory. Szyli je w swoim pokoju w akademiku a firm\u0119 nazwali Marmot Mountain Works. Pocz\u0105tki by\u0142y ci\u0119\u017ckie ale w 1974 roku raczkuj\u0105cy Marmot otrzyma\u0142 prze\u0142omowe zam\u00f3wienie &#8211; 108 kurtek do nowego filmu Clinta Eastwooda o tytule The Eiger Sanction (tak, tak, rzecz dzia\u0142a si\u0119 na s\u0142ynnej p\u00f3\u0142nocnej \u015bcianie). Wkr\u00f3tce Eric i Dave otworzyli pierwsze sklepy. W 1976 roku Marmot by\u0142 jedn\u0105 z pierwszych firm, kt\u00f3ra zacz\u0119\u0142a u\u017cywa\u0107 w swoich produktach innowacyjnej wtedy membrany GORE-TEX\u00ae. Od 1982 roku kolekcj\u0119 Marmota wyr\u00f3\u017cnia\u0142y serie dedykowane kobietom &#8211; dzi\u015b to norma wtedy to by\u0142a rewolucja. W po\u0142owie lat osiemdziesi\u0105tych firma wypu\u015bci\u0142a na rynek s\u0142ynny 8,000 meter suit &#8211; kombinezon, kt\u00f3ry sta\u0142 si\u0119 obiektem po\u017c\u0105dania wszystkich himalaist\u00f3w. Potem przyszed\u0142 czas kolejnych innowacyjnych technologii &#8211; \u015bpiwory Atom, bluzy Isotherm, autorska izolacja WarmCube&#8230; D\u0142ugo by wymienia\u0107 wszystkie osi\u0105gni\u0119cia tej marki. <\/p>\n\n\n\n<p class=\"wp-block-paragraph\">Dzi\u015b Marmot to firma, kt\u00f3ra s\u0142ynie z produkcji nie tylko wysoce technicznej odzie\u017c ale tak\u017ce namiot\u00f3w i \u015bpiwor\u00f3w wyprawowych. Za co jeszcze ceni\u0119 Marmota? Za ich ekologiczne podej\u015bcie do biznesu &#8211; ju\u017c w 2009 roku Marmot zacz\u0105\u0142 produkowa\u0107 \u015bpiwory z materia\u0142\u00f3w pochodz\u0105cych z recyklingu. Ok, ale wr\u00f3\u0107my do bohatera tego tekstu czyli kurtki Marmot Alpinist Jacket.<\/p>\n\n\n\n<p class=\"wp-block-paragraph\"><\/p>\n\n\n<div class=\"wp-block-image\">\n<figure class=\"aligncenter size-full\"><img decoding=\"async\" width=\"600\" height=\"900\" src=\"https:\/\/8a.pl\/8academy\/wp-content\/uploads\/2022\/11\/IMG-5699.jpg\" alt=\"Marmot Alpinist Jacket\" class=\"wp-image-61898\" srcset=\"https:\/\/8a.pl\/8academy\/wp-content\/uploads\/2022\/11\/IMG-5699.jpg 600w, https:\/\/8a.pl\/8academy\/wp-content\/uploads\/2022\/11\/IMG-5699-200x300.jpg 200w\" sizes=\"(max-width: 600px) 100vw, 600px\" \/><figcaption class=\"wp-element-caption\">Marmot to bez w\u0105tpienia marka, kt\u00f3rej mo\u017cna zaufa\u0107 w ciemno (fot. Andrzej Wolf)<\/figcaption><\/figure>\n<\/div>\n\n\n<h2 class=\"wp-block-heading\" id=\"h-marmot-alpinist-jacket-bez-kompromisow-i-zbednych-bajerow\">Marmot Alpinist Jacket &#8211; bez kompromis\u00f3w i zb\u0119dnych bajer\u00f3w<\/h2>\n\n\n\n<p class=\"wp-block-paragraph\"><a href=\"https:\/\/8a.pl\/kurtka-gore-tex-marmot-alpinist-jacket-bronze\" target=\"_blank\" rel=\"noreferrer noopener\">Marmot Alpinist Jacket<\/a> to topowy model ameryka\u0144skiej marki. To nie jest lekka kurtka przeciwdeszczowa, \u017cadne tam <em>light and fast<\/em>. To kurtka, kt\u00f3ra w za\u0142o\u017ceniu ma Ci\u0119 ochroni\u0107 przed najbardziej skrajnymi warunkami w g\u00f3rach. Kurtka &#8220;szturmowa&#8221;, kt\u00f3ra nie zawodzi w \u017cadnym calu, na kt\u00f3rej mo\u017cesz polega\u0107 w g\u00f3rach jak na najlepszych kumplach. Marketing? Wystarczy, \u017ce we\u017amiesz j\u0105 do r\u0119ki by to poczu\u0107. Alpinist Jacket ma wszystko co powinna mie\u0107 techniczna kurtka na trudne warunki. Oraz &#8211; nie ma niczego co w tych\u017ce warunkach by\u0142o by zb\u0119dne. <\/p>\n\n\n\n<p class=\"wp-block-paragraph\">Pierwsze sprawa &#8211; kr\u00f3j Athletic Fit. Na pierwszy rzut oka mo\u017ce wydawa\u0107 si\u0119 nieco zbyt obszerny, za lu\u017any. Ale to nie jest kurtka, kt\u00f3r\u0105 zak\u0142adasz na podkoszulk\u0119. Alpinist Jacket wyci\u0105gasz z plecaka jak jest naprawd\u0119 \u017ale i zak\u0142adasz go raczej na polarow\u0105 bluz\u0119 lub primalofta. Wtedy lu\u017aniejszy kr\u00f3j okazuje si\u0119 zalet\u0105 &#8211; wszystko zaczyna pasowa\u0107. Kurtka zapewnia nieograniczon\u0105 swobod\u0119 ruch\u00f3w we wszystkich p\u0142aszczyznach. <\/p>\n\n\n\n<p class=\"wp-block-paragraph\"><\/p>\n\n\n<div class=\"wp-block-image\">\n<figure class=\"aligncenter size-full\"><img decoding=\"async\" width=\"600\" height=\"900\" src=\"https:\/\/8a.pl\/8academy\/wp-content\/uploads\/2022\/11\/IMG-5441.jpg\" alt=\"Marmot Alpinist Jacket\" class=\"wp-image-61899\" srcset=\"https:\/\/8a.pl\/8academy\/wp-content\/uploads\/2022\/11\/IMG-5441.jpg 600w, https:\/\/8a.pl\/8academy\/wp-content\/uploads\/2022\/11\/IMG-5441-200x300.jpg 200w\" sizes=\"(max-width: 600px) 100vw, 600px\" \/><figcaption class=\"wp-element-caption\">Athletic Fit kurtki Marmot Alpinist Jacket daje pe\u0142n\u0105 swobod\u0119 ruch\u00f3w nawet w uprz\u0119\u017cy. Wej\u015bcie w zjazd Couloir des Cosmiques (fot. Andrzej Wolf)<\/figcaption><\/figure>\n<\/div>\n\n\n<p class=\"wp-block-paragraph\">Druga sprawa &#8211; konstrukcja. Bardzo prosta &#8211; w Marmot Alpinist Jacket znajdziemy dwie, obszerne kieszenie boczne &#8211; bardzo wygodne gdy musisz do nich si\u0119gn\u0105\u0107 w grubych r\u0119kawicach. Rozmieszczenie tych kieszeni (nieco wy\u017cej ni\u017c zwykle) nie jest przypadkowe &#8211; docenimy je maj\u0105c na sobie uprz\u0105\u017c wspinaczkow\u0105. Trzeci\u0105 zamykan\u0105 na suwak kiesze\u0144 znajdziemy po wewn\u0119trznej stronie kurtki. Wewn\u0105trz jest te\u017c otwarta kiesze\u0144 wykonana z siatki. Pod pachami kurtka ma dwa suwaki daj\u0105ce mo\u017cliwo\u015b\u0107 wentylacji &#8211; bezcenne podczas intensywnego wysi\u0142ku. <\/p>\n\n\n\n<p class=\"wp-block-paragraph\">Wszystkie suwaki, wraz z g\u0142\u00f3wnym, s\u0105 dwukierunkowe i wodoszczelne. Mankiety kurtki regulowane s\u0105 za pomoc\u0105 rzep\u00f3w. Alpinist Jacket posiada \u015bwietnie zaprojektowany kaptur z usztywnionym daszkiem oraz wysok\u0105 gard\u0119 wy\u0142o\u017con\u0105 od wewn\u0105trz przyjemnym w dotyku materia\u0142em. Kaptur, rzecz jasna, z \u0142atwo\u015bci\u0105 za\u0142o\u017cymy na kask a jego pozycj\u0119 dopasujemy trzema \u015bci\u0105gaczami. Tyle. W tej kurtce jest tylko to co naprawd\u0119 przyda Ci si\u0119 podczas g\u00f3rskiej akcji. <\/p>\n\n\n\n<h3 class=\"wp-block-heading\" id=\"h-gore-tex-pro\">GORE-TEX\u00ae Pro<\/h3>\n\n\n\n<p class=\"wp-block-paragraph\">Oto serce tej kurtki. Topowy model Marmota mo\u017ce by\u0107 wyposa\u017cony tylko w najlepsz\u0105 membran\u0119 <a href=\"https:\/\/8a.pl\/8academy\/gore-tex-pro-co-nowego\/\" target=\"_blank\" rel=\"noreferrer noopener\">GORE-TEX\u00ae Pro<\/a>. To najwy\u017csza wersja membrany ameryka\u0144skiego producenta, stosowana w technicznej odzie\u017cy dla profesjonalist\u00f3w. GORE-TEX\u00ae Pro to trzywarstwowa konstrukcja sk\u0142adaj\u0105ca si\u0119 z bardzo wytrzyma\u0142ego materia\u0142u zewn\u0119trznego, membrany GORE-TEX oraz podszewki Micro Grid Backer. Laminat ten ma imponuj\u0105ce w\u0142a\u015bciwo\u015bci. Wodoszczelno\u015b\u0107 na poziomie minimum <strong>28 000 mm H2O<\/strong> oraz oddychalno\u015b\u0107 poni\u017cej&nbsp;<strong>9 RET<\/strong>. Oczywi\u015bcie tr\u00f3jwarstwowy laminat sprawia, \u017ce kurtka nie nale\u017cy do najl\u017cejszych ani najmniejszych. Jest te\u017c do\u015b\u0107 sztywna. Ale co\u015b za co\u015b. <\/p>\n\n\n\n<p class=\"wp-block-paragraph\"><\/p>\n\n\n<div class=\"wp-block-image\">\n<figure class=\"aligncenter size-full\"><img loading=\"lazy\" decoding=\"async\" width=\"600\" height=\"900\" src=\"https:\/\/8a.pl\/8academy\/wp-content\/uploads\/2022\/11\/IMG_20220507_130802562_PORTRAIT-1.jpg\" alt=\"Marmot Alpinist Jacket\" class=\"wp-image-61886\" srcset=\"https:\/\/8a.pl\/8academy\/wp-content\/uploads\/2022\/11\/IMG_20220507_130802562_PORTRAIT-1.jpg 600w, https:\/\/8a.pl\/8academy\/wp-content\/uploads\/2022\/11\/IMG_20220507_130802562_PORTRAIT-1-200x300.jpg 200w\" sizes=\"(max-width: 600px) 100vw, 600px\" \/><figcaption class=\"wp-element-caption\">Kurtka Marmot Alpinist Jacket wyposa\u017cona jest w membran\u0119 GORE-TEX Pro (fot. Bartek Sabela)<\/figcaption><\/figure>\n<\/div>\n\n\n<h2 class=\"wp-block-heading\" id=\"h-marmot-alpinist-jacket-jak-sprawdzila-sie-w-akcji\">Marmot Alpinist Jacket &#8211; jak sprawdzi\u0142a si\u0119 w akcji?<\/h2>\n\n\n\n<p class=\"wp-block-paragraph\">Straszne lanie dostali\u015bmy w tych Alpach, cho\u0107 wiem, \u017ce zupe\u0142nie nie wida\u0107 tego na zdj\u0119ciach. Zazwyczaj zdj\u0119cia robi si\u0119 gdy jest fajnie a gdy rzeczy przybieraj\u0105 gorszy obr\u00f3t to nikt nie my\u015bli o wyci\u0105ganiu aparatu czy nawet telefonu. W rzeczywisto\u015bci warunki by\u0142y gorsze ni\u017c si\u0119 spodziewali\u015bmy. Dobry, mi\u0119kki i w miar\u0119 suchy \u015bnieg wyst\u0119powa\u0142 powy\u017cej 3600m n.p.m. Wszystko poni\u017cej by\u0142 mokre, ci\u0119\u017ckie, koszmarne do jazdy i niebezpieczne. Sytuacj\u0119 w ci\u0105gu dnia pogorsza\u0142o mocne s\u0142o\u0144ce i do\u015b\u0107 wysokie temperatury. Lodowiec des Bossons i Mer de Glace by\u0142y bardzo wytopione, zion\u0119\u0142y ogromnymi szczelinami, sp\u0142ywa\u0142y wod\u0105. Mosty \u015bnie\u017cne by\u0142y delikatne a w niekt\u00f3rych miejscach odnalezienie przej\u015bcia mi\u0119dzy serakami na des Bossons przypomina\u0142o kluczenie w roztapiaj\u0105cym si\u0119 labiryncie. <\/p>\n\n\n\n<p class=\"wp-block-paragraph\">Kilka dni w Chamonix obfitowa\u0142o w przygody, nie zawsze te dobre. Ju\u017c pierwszego dnia na Grand Envers wida\u0107 by\u0142o, \u017ce jest po prostu zbyt ciep\u0142o. Oto zmiany klimatu w praktyce &#8211; kiedy\u015b pocz\u0105tek maja to by\u0142y wyborne warunki w wy\u017cszych partiach Alp i sezon na trudniejsze linie. W kolejnych dniach na stromych zboczach kilkukrotnie uruchamiali\u015bmy mniejsze i wi\u0119ksze zsypy przesi\u0105kni\u0119tego wod\u0105 \u015bniegu. Podczas zjazdu z Couloir des Cosmiques nagle za\u0142ama\u0142a si\u0119 pogoda. We mgle i zerowej widoczno\u015bci zjechali\u015bmy (zsun\u0119li\u015bmy si\u0119?) do podstawy \u015bciany i dalej kontynuowali\u015bmy zjazd lodowcem des Bossons do samego Chamonix. Ostatnie 3 godziny schodzili\u015bmy w rz\u0119sistym deszczu a na dole byli\u015bmy dopiero o 21:00. <\/p>\n\n\n\n<p class=\"wp-block-paragraph\">Id\u0105c za\u015b na Mont Blanc dwukrotnie wpad\u0142em w szczelin\u0119, na szcz\u0119\u015bcie niezbyt g\u0142\u0119boko. Pod schroniskiem Grands Mulets zjecha\u0142a na nas lawina mokrego \u015bniegu wyzwolona przez inny zesp\u00f3\u0142. Z r\u00f3\u017cnych przyczyn, nie tylko ze wzgl\u0119du na warunki, nie weszli\u015bmy na Mont Blanc, nie zjechali\u015bmy ze szczytu, pokornie wr\u00f3cili\u015bmy do domu.<\/p>\n\n\n\n<p class=\"wp-block-paragraph\"><\/p>\n\n\n<div class=\"wp-block-image\">\n<figure class=\"aligncenter size-full\"><img loading=\"lazy\" decoding=\"async\" width=\"600\" height=\"900\" src=\"https:\/\/8a.pl\/8academy\/wp-content\/uploads\/2022\/11\/IMG_20220504_141425616-1.jpg\" alt=\"Marmot Alpinist Jacket\" class=\"wp-image-61901\" srcset=\"https:\/\/8a.pl\/8academy\/wp-content\/uploads\/2022\/11\/IMG_20220504_141425616-1.jpg 600w, https:\/\/8a.pl\/8academy\/wp-content\/uploads\/2022\/11\/IMG_20220504_141425616-1-200x300.jpg 200w\" sizes=\"(max-width: 600px) 100vw, 600px\" \/><figcaption class=\"wp-element-caption\">Marmot Alpinist Jacket to sprz\u0119t, kt\u00f3ry po prostu nie zawodzi. W tle Couloir des Cosmiques (fot. Bartek Sabela)<\/figcaption><\/figure>\n<\/div>\n\n\n<h2 class=\"wp-block-heading\" id=\"h-marmot-moj-partner\">Marmot, m\u00f3j partner<\/h2>\n\n\n\n<p class=\"wp-block-paragraph\">Kilka intensywnych dni by\u0142o niez\u0142ym testem nie tylko dla nas ale tak\u017ce dla naszego sprz\u0119tu. Jad\u0105c w mokrym \u015bniegu, brodz\u0105c w topniej\u0105cej \u015bnie\u017cnej brei, schodz\u0105c w deszczu dzi\u0119kowa\u0142em, \u017ce mia\u0142em na sobie Marmot Alpinist Jacket. Kurtka by\u0142a po prostu niezawodna. Nawet po feralnym zje\u017adzie i zej\u015bciu z Couloir des Cosmiques, cho\u0107 mia\u0142em doszcz\u0119tnie przemoczone buty, spodnie i r\u0119kawice &#8211; kurtka by\u0142a sucha. Tak, sam w to nie dowierza\u0142em, patrz\u0105c na zupe\u0142nie mokre kurtki moich koleg\u00f3w. Marmot Alpinist Jacket sprosta\u0142 te\u017c wszystkim upadkom, zar\u00f3wno tym na \u015bnieg jak i tym na ska\u0142y. Nie straszne mu by\u0142y kraw\u0119dzie deski czy czubki kij\u00f3w. W do\u015b\u0107 ciep\u0142ej pogodzie \u015bwietnie sprawdzi\u0142y si\u0119 otwory wentylacyjne kurtki i w\u0142a\u015bciwo\u015bci oddychaj\u0105ce kurtki. <\/p>\n\n\n\n<p class=\"wp-block-paragraph\">Kurtka nie bez kozery ma w nazwie s\u0142owo &#8220;alpinist&#8221;. Poruszanie si\u0119 po lodowcu, zjazdy w Couloir des Cosmiques wymaga\u0142y ci\u0105g\u0142ego u\u017cycia uprz\u0119\u017cy, liny i sprz\u0119tu. Kurtka \u015bwietnie wsp\u00f3\u0142pracuje z uprz\u0119\u017c\u0105 &#8211; kr\u00f3j i przemy\u015blane rozwi\u0105zania sprawiaj\u0105, \u017ce pozostaje wygodna i nie kr\u0119puje ruch\u00f3w ani dost\u0119pu do sprz\u0119tu przy uprz\u0119\u017cy. Kaptur by\u0142em w stanie za\u0142o\u017cy\u0107 nawet na do\u015b\u0107 du\u017cy kask snowboardowy a jego pozycj\u0119 dopasowa\u0107 jednym ruchem.<\/p>\n\n\n\n<p class=\"wp-block-paragraph\">C\u00f3\u017c, ciesz\u0119 si\u0119, \u017ce w tej alpejskiej przygodzie, kt\u00f3ra w wielu momentach mog\u0142a zako\u0144czy\u0107 si\u0119 niezbyt dobrze, towarzyszy\u0142 mi niezawodny Marmot. Szczerze? Nie potrafi\u0119 wskaza\u0107 cho\u0107by jednej wady tej kurtki. Mo\u017ce jedynie cena (2699,99pln), cho\u0107 ta jest por\u00f3wnywalna z cenami topowych modeli innych marek. Teraz m\u00f3j Alpinist Jacket czeka w szafie na zbli\u017caj\u0105cy si\u0119 sezon a ja przebieram nogami by zn\u00f3w ruszy\u0107 z nim w g\u00f3ry.<\/p>\n\n\n\n<p class=\"wp-block-paragraph\"><\/p>\n\n\n<div class=\"wp-block-image\">\n<figure class=\"aligncenter size-full\"><img loading=\"lazy\" decoding=\"async\" width=\"600\" height=\"900\" src=\"https:\/\/8a.pl\/8academy\/wp-content\/uploads\/2022\/11\/20220507_105815.jpg\" alt=\"Marmot Alpinist Jacket\" class=\"wp-image-61900\" srcset=\"https:\/\/8a.pl\/8academy\/wp-content\/uploads\/2022\/11\/20220507_105815.jpg 600w, https:\/\/8a.pl\/8academy\/wp-content\/uploads\/2022\/11\/20220507_105815-200x300.jpg 200w\" sizes=\"(max-width: 600px) 100vw, 600px\" \/><figcaption class=\"wp-element-caption\">Tr\u00f3jwarstwowy laminat GORE-TEX Pro daje pe\u0142n\u0105 ochron\u0119 przed wod\u0105 jednocze\u015bnie zapewniaj\u0105c bardzo wysok\u0105 oddychalno\u015b\u0107. W tle lodowiec Bossons (fot. Filip Kucharczuk)<\/figcaption><\/figure>\n<\/div>","protected":false},"excerpt":{"rendered":"<p>Wzi\u0105\u0142em kurtk\u0119 Marmot Alpinist Jacket w Alpy. Pech chcia\u0142, \u017ce warunki by\u0142y fatalne &#8211; to znaczy idealne by przetestowa\u0107 najwy\u017cszy model ameryka\u0144skiej marki.<\/p>\n","protected":false},"author":65,"featured_media":61896,"comment_status":"closed","ping_status":"closed","sticky":false,"template":"","format":"standard","meta":{"_acf_changed":false,"_uf_show_specific_survey":0,"_uf_disable_surveys":false,"footnotes":""},"categories":[26071,26075],"tags":[26086,26097,26078,26084],"class_list":["post-61865","post","type-post","status-publish","format-standard","has-post-thumbnail","hentry","category-alpinizm","category-sporty-zimowe","tag-alpinizm","tag-skitouring","tag-test","tag-zima"],"acf":[],"yoast_head":"<!-- This site is optimized with the Yoast SEO Premium plugin v23.4 (Yoast SEO v25.5) - https:\/\/yoast.com\/wordpress\/plugins\/seo\/ -->\n<title>Marmot Alpinist Jacket - kurtka na najgorsze warunki | 8academy<\/title>\n<meta name=\"description\" content=\"Szukasz kurtki na najtrudniejsze warunki pogodowe? Wzi\u0119li\u015bmy Marmot Alpinist Jacket w Alpy - przeczytaj jak si\u0119 sprawdzi\u0142a.\" \/>\n<meta name=\"robots\" content=\"index, follow, max-snippet:-1, max-image-preview:large, max-video-preview:-1\" \/>\n<link rel=\"canonical\" href=\"https:\/\/8a.pl\/8academy\/marmot-alpinist-jacket-kurtka-na-najgorsze-warunki\/\" \/>\n<meta property=\"og:locale\" content=\"pl_PL\" \/>\n<meta property=\"og:type\" content=\"article\" \/>\n<meta property=\"og:title\" content=\"Marmot Alpinist Jacket - kurtka na najgorsze warunki\" \/>\n<meta property=\"og:description\" content=\"Szukasz kurtki na najtrudniejsze warunki pogodowe? Wzi\u0119li\u015bmy Marmot Alpinist Jacket w Alpy - przeczytaj jak si\u0119 sprawdzi\u0142a.\" \/>\n<meta property=\"og:url\" content=\"https:\/\/8a.pl\/8academy\/marmot-alpinist-jacket-kurtka-na-najgorsze-warunki\/\" \/>\n<meta property=\"og:site_name\" content=\"8academy.pl - portal g\u00f3rski i wspinaczkowy dla aktywnych\" \/>\n<meta property=\"article:publisher\" content=\"https:\/\/pl-pl.facebook.com\/sklep8apl\/\" \/>\n<meta property=\"article:published_time\" content=\"2022-11-30T08:00:00+00:00\" \/>\n<meta property=\"article:modified_time\" content=\"2023-12-19T13:29:55+00:00\" \/>\n<meta property=\"og:image\" content=\"http:\/\/8a.pl\/8academy\/wp-content\/uploads\/2022\/11\/8ACADEMY_FB_-9.jpg\" \/>\n\t<meta property=\"og:image:width\" content=\"1200\" \/>\n\t<meta property=\"og:image:height\" content=\"628\" \/>\n\t<meta property=\"og:image:type\" content=\"image\/jpeg\" \/>\n<meta name=\"author\" content=\"Bartek Sabela\" \/>\n<meta name=\"twitter:card\" content=\"summary_large_image\" \/>\n<meta name=\"twitter:label1\" content=\"Napisane przez\" \/>\n\t<meta name=\"twitter:data1\" content=\"Bartek Sabela\" \/>\n\t<meta name=\"twitter:label2\" content=\"Szacowany czas czytania\" \/>\n\t<meta name=\"twitter:data2\" content=\"10 minut\" \/>\n<!-- \/ Yoast SEO Premium plugin. -->","yoast_head_json":{"title":"Marmot Alpinist Jacket - kurtka na najgorsze warunki | 8academy","description":"Szukasz kurtki na najtrudniejsze warunki pogodowe? Wzi\u0119li\u015bmy Marmot Alpinist Jacket w Alpy - przeczytaj jak si\u0119 sprawdzi\u0142a.","robots":{"index":"index","follow":"follow","max-snippet":"max-snippet:-1","max-image-preview":"max-image-preview:large","max-video-preview":"max-video-preview:-1"},"canonical":"https:\/\/8a.pl\/8academy\/marmot-alpinist-jacket-kurtka-na-najgorsze-warunki\/","og_locale":"pl_PL","og_type":"article","og_title":"Marmot Alpinist Jacket - kurtka na najgorsze warunki","og_description":"Szukasz kurtki na najtrudniejsze warunki pogodowe? Wzi\u0119li\u015bmy Marmot Alpinist Jacket w Alpy - przeczytaj jak si\u0119 sprawdzi\u0142a.","og_url":"https:\/\/8a.pl\/8academy\/marmot-alpinist-jacket-kurtka-na-najgorsze-warunki\/","og_site_name":"8academy.pl - portal g\u00f3rski i wspinaczkowy dla aktywnych","article_publisher":"https:\/\/pl-pl.facebook.com\/sklep8apl\/","article_published_time":"2022-11-30T08:00:00+00:00","article_modified_time":"2023-12-19T13:29:55+00:00","og_image":[{"width":1200,"height":628,"url":"http:\/\/8a.pl\/8academy\/wp-content\/uploads\/2022\/11\/8ACADEMY_FB_-9.jpg","type":"image\/jpeg"}],"author":"Bartek Sabela","twitter_card":"summary_large_image","twitter_misc":{"Napisane przez":"Bartek Sabela","Szacowany czas czytania":"10 minut"},"schema":{"@context":"https:\/\/schema.org","@graph":[{"@type":"Article","@id":"https:\/\/8a.pl\/8academy\/marmot-alpinist-jacket-kurtka-na-najgorsze-warunki\/#article","isPartOf":{"@id":"https:\/\/8a.pl\/8academy\/marmot-alpinist-jacket-kurtka-na-najgorsze-warunki\/"},"author":{"name":"Bartek Sabela","@id":"https:\/\/8a.pl\/8academy\/#\/schema\/person\/e22ca727e75101e41d37449acf069b23"},"headline":"Marmot Alpinist Jacket &#8211; kurtka na najgorsze warunki","datePublished":"2022-11-30T08:00:00+00:00","dateModified":"2023-12-19T13:29:55+00:00","mainEntityOfPage":{"@id":"https:\/\/8a.pl\/8academy\/marmot-alpinist-jacket-kurtka-na-najgorsze-warunki\/"},"wordCount":1731,"publisher":{"@id":"https:\/\/8a.pl\/8academy\/#organization"},"image":{"@id":"https:\/\/8a.pl\/8academy\/marmot-alpinist-jacket-kurtka-na-najgorsze-warunki\/#primaryimage"},"thumbnailUrl":"https:\/\/8a.pl\/8academy\/wp-content\/uploads\/2022\/11\/DSCF2794.jpg","keywords":["Alpinizm","Skitouring","Test","Zima"],"articleSection":["Alpinizm","Sporty zimowe"],"inLanguage":"pl-PL"},{"@type":"WebPage","@id":"https:\/\/8a.pl\/8academy\/marmot-alpinist-jacket-kurtka-na-najgorsze-warunki\/","url":"https:\/\/8a.pl\/8academy\/marmot-alpinist-jacket-kurtka-na-najgorsze-warunki\/","name":"Marmot Alpinist Jacket - kurtka na najgorsze warunki | 8academy","isPartOf":{"@id":"https:\/\/8a.pl\/8academy\/#website"},"primaryImageOfPage":{"@id":"https:\/\/8a.pl\/8academy\/marmot-alpinist-jacket-kurtka-na-najgorsze-warunki\/#primaryimage"},"image":{"@id":"https:\/\/8a.pl\/8academy\/marmot-alpinist-jacket-kurtka-na-najgorsze-warunki\/#primaryimage"},"thumbnailUrl":"https:\/\/8a.pl\/8academy\/wp-content\/uploads\/2022\/11\/DSCF2794.jpg","datePublished":"2022-11-30T08:00:00+00:00","dateModified":"2023-12-19T13:29:55+00:00","description":"Szukasz kurtki na najtrudniejsze warunki pogodowe? Wzi\u0119li\u015bmy Marmot Alpinist Jacket w Alpy - przeczytaj jak si\u0119 sprawdzi\u0142a.","breadcrumb":{"@id":"https:\/\/8a.pl\/8academy\/marmot-alpinist-jacket-kurtka-na-najgorsze-warunki\/#breadcrumb"},"inLanguage":"pl-PL","potentialAction":[{"@type":"ReadAction","target":["https:\/\/8a.pl\/8academy\/marmot-alpinist-jacket-kurtka-na-najgorsze-warunki\/"]}]},{"@type":"ImageObject","inLanguage":"pl-PL","@id":"https:\/\/8a.pl\/8academy\/marmot-alpinist-jacket-kurtka-na-najgorsze-warunki\/#primaryimage","url":"https:\/\/8a.pl\/8academy\/wp-content\/uploads\/2022\/11\/DSCF2794.jpg","contentUrl":"https:\/\/8a.pl\/8academy\/wp-content\/uploads\/2022\/11\/DSCF2794.jpg","width":1100,"height":715},{"@type":"BreadcrumbList","@id":"https:\/\/8a.pl\/8academy\/marmot-alpinist-jacket-kurtka-na-najgorsze-warunki\/#breadcrumb","itemListElement":[{"@type":"ListItem","position":1,"name":"Strona g\u0142\u00f3wna","item":"https:\/\/8a.pl\/8academy\/"},{"@type":"ListItem","position":2,"name":"Marmot Alpinist Jacket &#8211; kurtka na najgorsze warunki"}]},{"@type":"WebSite","@id":"https:\/\/8a.pl\/8academy\/#website","url":"https:\/\/8a.pl\/8academy\/","name":"8academy.pl - portal g\u00f3rski i wspinaczkowy dla aktywnych","description":"8academy to portal g\u00f3rski o wspinaczce, trekkingu i skiturach. Znajdziesz tu porady, testy sprz\u0119tu i opisy najlepszych rejon\u00f3w. Inspirujemy zdobywc\u00f3w!","publisher":{"@id":"https:\/\/8a.pl\/8academy\/#organization"},"potentialAction":[{"@type":"SearchAction","target":{"@type":"EntryPoint","urlTemplate":"https:\/\/8a.pl\/8academy\/?s={search_term_string}"},"query-input":{"@type":"PropertyValueSpecification","valueRequired":true,"valueName":"search_term_string"}}],"inLanguage":"pl-PL"},{"@type":"Organization","@id":"https:\/\/8a.pl\/8academy\/#organization","name":"8academy.pl - portal g\u00f3rski i wspinaczkowy dla aktywnych","url":"https:\/\/8a.pl\/8academy\/","logo":{"@type":"ImageObject","inLanguage":"pl-PL","@id":"https:\/\/8a.pl\/8academy\/#\/schema\/logo\/image\/","url":"https:\/\/8a.pl\/8academy\/wp-content\/uploads\/2015\/11\/logo.png","contentUrl":"https:\/\/8a.pl\/8academy\/wp-content\/uploads\/2015\/11\/logo.png","width":438,"height":315,"caption":"8academy.pl - portal g\u00f3rski i wspinaczkowy dla aktywnych"},"image":{"@id":"https:\/\/8a.pl\/8academy\/#\/schema\/logo\/image\/"},"sameAs":["https:\/\/pl-pl.facebook.com\/sklep8apl\/","https:\/\/www.instagram.com\/8apl\/"]},{"@type":"Person","@id":"https:\/\/8a.pl\/8academy\/#\/schema\/person\/e22ca727e75101e41d37449acf069b23","name":"Bartek Sabela","image":{"@type":"ImageObject","inLanguage":"pl-PL","@id":"https:\/\/8a.pl\/8academy\/#\/schema\/person\/image\/","url":"https:\/\/8a.pl\/8academy\/wp-content\/uploads\/2021\/12\/16252272_10154857072453080_621620303196739718_o-150x150.jpg","contentUrl":"https:\/\/8a.pl\/8academy\/wp-content\/uploads\/2021\/12\/16252272_10154857072453080_621620303196739718_o-150x150.jpg","caption":"Bartek Sabela"},"url":"https:\/\/8a.pl\/8academy\/author\/bartek\/"}]}},"_links":{"self":[{"href":"https:\/\/8a.pl\/8academy\/wp-json\/wp\/v2\/posts\/61865","targetHints":{"allow":["GET"]}}],"collection":[{"href":"https:\/\/8a.pl\/8academy\/wp-json\/wp\/v2\/posts"}],"about":[{"href":"https:\/\/8a.pl\/8academy\/wp-json\/wp\/v2\/types\/post"}],"author":[{"embeddable":true,"href":"https:\/\/8a.pl\/8academy\/wp-json\/wp\/v2\/users\/65"}],"replies":[{"embeddable":true,"href":"https:\/\/8a.pl\/8academy\/wp-json\/wp\/v2\/comments?post=61865"}],"version-history":[{"count":31,"href":"https:\/\/8a.pl\/8academy\/wp-json\/wp\/v2\/posts\/61865\/revisions"}],"predecessor-version":[{"id":66524,"href":"https:\/\/8a.pl\/8academy\/wp-json\/wp\/v2\/posts\/61865\/revisions\/66524"}],"wp:featuredmedia":[{"embeddable":true,"href":"https:\/\/8a.pl\/8academy\/wp-json\/wp\/v2\/media\/61896"}],"wp:attachment":[{"href":"https:\/\/8a.pl\/8academy\/wp-json\/wp\/v2\/media?parent=61865"}],"wp:term":[{"taxonomy":"category","embeddable":true,"href":"https:\/\/8a.pl\/8academy\/wp-json\/wp\/v2\/categories?post=61865"},{"taxonomy":"post_tag","embeddable":true,"href":"https:\/\/8a.pl\/8academy\/wp-json\/wp\/v2\/tags?post=61865"}],"curies":[{"name":"wp","href":"https:\/\/api.w.org\/{rel}","templated":true}]}}