{"id":61055,"date":"2022-10-14T09:00:00","date_gmt":"2022-10-14T07:00:00","guid":{"rendered":"https:\/\/8a.pl\/8academy\/?p=61055"},"modified":"2023-12-19T14:51:28","modified_gmt":"2023-12-19T13:51:28","slug":"fotografia-wspinaczkowa-zapis-podcastu","status":"publish","type":"post","link":"https:\/\/8a.pl\/8academy\/fotografia-wspinaczkowa-zapis-podcastu\/","title":{"rendered":"Fotografia wspinaczkowa &#8211; zapis podcastu"},"content":{"rendered":"\n<h2 class=\"wp-block-heading\" id=\"h-co-bylo-pierwsze-fotografia-czy-wspinaczka\">Co by\u0142o pierwsze &#8211; fotografia czy wspinaczka?<\/h2>\n\n\n\n<p class=\"wp-block-paragraph\">Zdecydowanie najpierw by\u0142em wspinaczem. P\u00f3\u017aniej w ska\u0142ach pojawi\u0142 si\u0119 ze mn\u0105 aparat ale min\u0119\u0142o sporo czasu zanim ewoluowa\u0142o to do miejsca, w kt\u00f3rym jest teraz. Te dwie rzeczy daje si\u0119 dobrze \u0142\u0105czy\u0107, jestem tego przyk\u0142adem. Nie jest to jednak \u0142atwe. Osobi\u015bcie miewam zmienne fazy. Owszem, zawsze zabieram ze sob\u0105 aparat. Ale czasami jestem bardziej wspinaczem, czasami bardziej fotografem. Bywa, \u017ce jad\u0105c w ska\u0142y czy g\u00f3ry mam ochot\u0119 bardziej samemu si\u0119 powspina\u0107 ni\u017c wisie\u0107 na linie i robi\u0107 zdj\u0119cia. Ale nawet wtedy mam problem by wyj\u015b\u0107 z domu bez aparatu. I je\u015bli zdarzy si\u0119 fajne \u015bwiat\u0142o lub znajomy walcz\u0105cy z drog\u0105, na kt\u00f3rej poszczeg\u00f3lne przechwyty s\u0105 bardzo fotogeniczne to co\u015b si\u0119 we mnie prze\u0142\u0105cza i wchodz\u0119 w tryp fotografa. Z drugiej strony zdarza si\u0119, \u017ce jest super nakr\u0119cony na robienie zdj\u0119\u0107, mam w g\u0142owie mn\u00f3stwo pomys\u0142\u00f3w i po prostu chc\u0119 z wyjazdu przywie\u015b\u0107 fajne kadry.<\/p>\n\n\n\n<p class=\"wp-block-paragraph\">Od pewnego czasu to wygl\u0105da u mnie tak, \u017ce du\u017co wi\u0119ksz\u0105 satysfakcj\u0119 sprawia mi przywiezienie z wyjazdu dobrych zdj\u0119\u0107 ni\u017c zrobienie drogi. Oczywi\u015bcie mam za sob\u0105 etap gdy najwa\u017cniejsze by\u0142o robienie cyfry i realizowanie ambicji wspinaczkowych. Ca\u0142e \u017cycie by\u0142o temu podporz\u0105dkowane &#8211; trening, dieta itd. Ale to si\u0119 zmieni\u0142o. Teraz wol\u0119 przywie\u017a\u0107 fajne kadry. Ale paradoksalnie m\u00f3j poziom wspinaczkowy nie obni\u017cy\u0142 si\u0119 od tego. <\/p>\n\n\n\n<p class=\"wp-block-paragraph\"><\/p>\n\n\n\n<p><iframe src=\"\/\/www.youtube.com\/embed\/KqGXm8HaOJc\" width=\"715\" height=\"401\" allowfullscreen=\"allowfullscreen\"><\/iframe><\/p>\n\n\n\n<h2 class=\"wp-block-heading\" id=\"h-mozna-robic-fotografie-wspinaczkowa-samemu-sie-nie-wspinajac\">Mo\u017cna robi\u0107 fotografie wspinaczkow\u0105 samemu si\u0119 nie wspinaj\u0105c?<\/h2>\n\n\n\n<p class=\"wp-block-paragraph\">Od strony technicznej my\u015bl\u0119, \u017ce tak. Wiadomo, z fotograficznego punktu widzenia to nie r\u00f3\u017cni si\u0119 od jakichkolwiek innych dziedzin fotografii. Fotografia, niezale\u017cnie od tego co fotografujemy, rz\u0105dzi si\u0119 tymi samymi prawami. Natomiast trudno\u015bci\u0105 na pewno b\u0119dzie ca\u0142a logistyka linowa. A to jest konieczne \u017ceby zdj\u0119cia wspinaczkowe zrobi\u0107. Oczywi\u015bcie s\u0105 miejsca gdzie mo\u017cemy stan\u0105\u0107 na jakiej\u015b p\u00f3\u0142ce skalnej czy pobliskim szczycie. Ale je\u015bli m\u00f3wimy o fotografii gdzie musimy wisie\u0107 na linach to musimy mie\u0107 o tym wiedz\u0119, \u017ceby nie zrobi\u0107 sobie krzywdy.<\/p>\n\n\n\n<h2 class=\"wp-block-heading\" id=\"h-jakie-umiejetnosci-sprzet-i-wiedze-trzeba-posiadac\">Jakie umiej\u0119tno\u015bci, sprz\u0119t i wiedz\u0119 trzeba posiada\u0107?<\/h2>\n\n\n\n<p class=\"wp-block-paragraph\">Dla mnie podstawow\u0105 r\u00f3\u017cnic\u0105 w fotografii wspinaczkowej jest pewnego rodzaju ograniczenie swobody ruchu. Gdy robimy sesj\u0119 portretow\u0105 czy krajobrazow\u0105 to mamy mo\u017cliwo\u015b\u0107 swobodnego przesuni\u0119cia si\u0119 i zmiany swojego ustawienia wzgl\u0119dem tego co fotografujemy. Gdy wisisz na linie sprawa si\u0119 mocno komplikuje. Jeste\u015b uzale\u017cniony od jednego konkretnego punktu, z kt\u00f3rego robisz zdj\u0119cia. Cz\u0119sto chc\u0105c zmieni\u0107 kadr musisz przyjmowa\u0107 na linach bardzo dziwne pozycje. To sprawia, \u017ce warunki tej pracy s\u0105 ma\u0142o komfortowe. Reszta pozostaje taka jak w ka\u017cdej innej fotografii. Potrzebujemy \u015bwiat\u0142o, dobrze ustawiony aparat &#8211; tu du\u017cych r\u00f3\u017cnic nie ma. <\/p>\n\n\n\n<h2 class=\"wp-block-heading\" id=\"h-jakiego-sprzetu-uzywasz\">Jakiego sprz\u0119tu u\u017cywasz?<\/h2>\n\n\n\n<p class=\"wp-block-paragraph\">Tym samym aparatem fotografuj\u0119 wisz\u0105c na linach jak i robi\u0105c zdj\u0119cia krajobrazowe czy studyjne. U\u017cywam sprz\u0119tu Canon. Je\u015bli chodzi o obiektywy &#8211; tu przekr\u00f3j jest spory. Wszystko zale\u017cy od tego gdzie jad\u0119 i ile mog\u0119 ze sob\u0105 zabra\u0107. Na Jurze, gdzie dost\u0119p do ska\u0142y jest bardzo prosty, mog\u0119 sobie pozwoli\u0107 by wzi\u0105\u0107 du\u017co obiektyw\u00f3w, w tym sta\u0142oogniskowe, kt\u00f3re dadz\u0105 mi fajn\u0105 plastyk\u0119 obrazu. Ale musz\u0119 ich wtedy wzi\u0105\u0107 wi\u0119cej. Jad\u0105c w g\u00f3ry zabieram raczej obiektywy typu zoom. Oczywi\u015bcie maj\u0105 one inne w\u0142a\u015bciwo\u015bci optyczne &#8211; nie s\u0105 tak jasne. To zawsze sztuka znalezienia kompromisu mi\u0119dzy tym co chc\u0119 osi\u0105gn\u0105\u0107 a tym co mog\u0119 zabra\u0107.<\/p>\n\n\n\n<p class=\"wp-block-paragraph\">Je\u015bli chodzi o sprz\u0119t wspinaczkowy to przede wszystkim standardowy sprz\u0119t  czyli uprz\u0105\u017c, lina, przyrz\u0105d. Najbardziej praktyczny okazuje si\u0119 Petzl GriGri bo posiada blokad\u0119 i daje mo\u017cliwo\u015b\u0107 szybkiego podej\u015bcia na linie. Do tego potrzebna nam jest ma\u0142pa czyli przyrz\u0105d zaciskowy wraz z p\u0119tl\u0105. Mam \u0142aweczk\u0119 ale u\u017cywam jej bardzo rzadko. Sztywna \u0142awka jest wygodna ale jest du\u017ca, ci\u0119\u017cka i ogranicza nas do pozycji siedz\u0105cej. Je\u015bli musimy przyj\u0105\u0107 dziwna pozycj\u0119 to taka \u0142awka zaczyna bardziej przeszkadza\u0107 ni\u017c pomaga\u0107. Natomiast czasami u\u017cywam mi\u0119kkiej \u0142awki, by odci\u0105\u017cy\u0107 si\u0119.<\/p>\n\n\n\n<p class=\"wp-block-paragraph\"><\/p>\n\n\n<div class=\"wp-block-image\">\n<figure class=\"aligncenter size-full\"><img fetchpriority=\"high\" decoding=\"async\" width=\"600\" height=\"900\" src=\"https:\/\/8a.pl\/8academy\/wp-content\/uploads\/2022\/10\/600x900_academy_74.jpg\" alt=\"\" class=\"wp-image-61057\" srcset=\"https:\/\/8a.pl\/8academy\/wp-content\/uploads\/2022\/10\/600x900_academy_74.jpg 600w, https:\/\/8a.pl\/8academy\/wp-content\/uploads\/2022\/10\/600x900_academy_74-200x300.jpg 200w\" sizes=\"(max-width: 600px) 100vw, 600px\" \/><figcaption class=\"wp-element-caption\">Fotografia wspinaczkowa: Piotrek Deska w pracy (fot. archiwum Piotrka Deski)<\/figcaption><\/figure>\n<\/div>\n\n\n<h2 class=\"wp-block-heading\" id=\"h-jak-wyglada-proces-tworczy-w-fotografii-wspinaczkowej\">Jak wygl\u0105da proces tw\u00f3rczy w fotografii wspinaczkowej?<\/h2>\n\n\n\n<p class=\"wp-block-paragraph\">Nie ma zasady. Nie jest tak, \u017ce mam wszystkie kadry w g\u0142owie i jad\u0119 je tylko wyegzekwowa\u0107. Czasami jest tak, \u017ce maj\u0105c w g\u0142owie jak\u0105\u015b koncepcj\u0119 to b\u0119d\u0105c na miejscu okazuje si\u0119, \u017ce trzeba j\u0105 zmieni\u0107. Bo co\u015b gra inaczej ni\u017c powinno, bo \u015bwiat\u0142o jest inaczej ni\u017c zak\u0142ada\u0142em. Zdarza si\u0119 te\u017c, \u017ce b\u0119d\u0105c na miejscu staje mi przed oczami zupe\u0142nie inny kadr. Miejsce, kt\u00f3re chcia\u0142em sfotografowa\u0107 z danej perspektywy, z innej wygl\u0105da du\u017co lepiej. Mia\u0142em tak\u0105 sytuacje w styczniu tego roku fotografuj\u0105c bouldering w Grocie Komonieckiego w Beskidach. Tam jest taki male\u0144ki wodospad, kt\u00f3ry zamarza i daje pi\u0119kny efekt. Ale b\u0119d\u0105c na miejscu okaza\u0142o si\u0119, \u017ce to wygl\u0105da zupe\u0142nie inaczej ni\u017c oczekiwa\u0142em. Ale okaza\u0142o si\u0119, \u017ce z zupe\u0142nie innej strony groty zdj\u0119cie wysz\u0142o tak, \u017ce wyl\u0105dowa\u0142o na ok\u0142adkach. Mo\u017cna powiedzie\u0107, \u017ce to zdj\u0119cie powsta\u0142o przypadkiem. By\u0142o zaplanowane w zupe\u0142nie inny spos\u00f3b a efekt ko\u0144cowy by\u0142 zrobiony kompletnie inaczej.<\/p>\n\n\n\n<h2 class=\"wp-block-heading\" id=\"h-majac-przed-soba-sesje-jedziesz-w-teren-by-zrobic-rozpoznanie\">Maj\u0105c przed sob\u0105 sesj\u0119 jedziesz w teren by zrobi\u0107 rozpoznanie?<\/h2>\n\n\n\n<p class=\"wp-block-paragraph\">R\u00f3\u017cnie. Bardzo bym chcia\u0142 mie\u0107 takie mo\u017cliwo\u015bci by zawsze zrobi\u0107 rekonesans. Praktyka pokazuje jednak, \u017ce nie zawsze jest to mo\u017cliwe. Z drugiej strony mam mn\u00f3stwo miejsc dobrze rozpoznanych, gdzie wiem czego si\u0119 spodziewa\u0107 &#8211; fajne \u015bwiat\u0142o, dalsze plany. Cz\u0119sto jednak id\u0119 po prostu na \u017cywio\u0142. <\/p>\n\n\n\n<h2 class=\"wp-block-heading\" id=\"h-jak-wygladala-praca-nad-sesja-z-lukaszem-dudkiem-na-drodze-pan-aroma\">Jak wygl\u0105da\u0142a praca nad sesj\u0105 z \u0141ukaszem Dudkiem na drodze Pan Aroma?<\/h2>\n\n\n\n<p class=\"wp-block-paragraph\">Pierwsze co ci powiem to to, \u017ce z tych wszystkich zdj\u0119\u0107, kt\u00f3re tam zrobi\u0142em 90% wyrzuci\u0142bym teraz do kosza. Ale je\u015bli chodzi o logistyk\u0119 to do tej pory by\u0142o to chyba najpowa\u017cniejsze zadanie. Z drugiej strony by\u0142o mi o tyle \u0142atwiej, \u017ce \u0141ukasz najpierw sam patentowa\u0142 drog\u0119, mia\u0142 rozpoznan\u0105 \u015bcian\u0119 i to nie ja musia\u0142em wiesza\u0107 por\u0119cz\u00f3wki. \u0141ukasz odwali\u0142 tam kawa\u0142 roboty, kt\u00f3ra mnie u\u0142atwi\u0142a zadanie. Niemniej najwi\u0119ksz\u0105 trudno\u015bci\u0105 by\u0142o poruszanie si\u0119 po tej \u015bcianie. Je\u015bli masz lin\u0119, kt\u00f3ra wisi w pionie to poruszanie si\u0119 po niej g\u00f3ra d\u00f3\u0142 jest do\u015b\u0107 \u0142atwe. Trudno\u015bci pojawi\u0142y si\u0119 na wyci\u0105gach id\u0105cych w dachu, dodatkowo w trawersie. Poruszanie si\u0119 po tym jest du\u017cym wyzwaniem. Druga rzecz to ekspozycja, zw\u0142aszcza w dachu. Nie masz tam w og\u00f3le kontaktu ze \u015bcian\u0105, wisisz tylko na linach. Trzeba si\u0119 z tym oswoi\u0107. <\/p>\n\n\n\n<h2 class=\"wp-block-heading\" id=\"h-czy-zdarza-sie-ze-zdjecia-sa-pozowane\">Czy zdarza si\u0119, \u017ce zdj\u0119cia s\u0105 pozowane?<\/h2>\n\n\n\n<p class=\"wp-block-paragraph\">To dwie szko\u0142y. S\u0105 osoby, kt\u00f3re uwa\u017caj\u0105, \u017ce zdj\u0119cia wspinaczkowe powinno si\u0119 robi\u0107 z samej akcji. To fotografia reporterska tak naprawd\u0119. Druga szko\u0142\u0105 jest taka, \u017ce owszem zdj\u0119cia mog\u0105 by\u0107 pozowane. Wtedy staramy si\u0119 dopie\u015bci\u0107 ka\u017cdy element kadru tak by by\u0142 idealny. Nie widz\u0119 w tym problemu. W du\u017cej mierze zale\u017cy to od tego czego sami oczekujemy od fotografii. Je\u015bli chcesz mie\u0107 dokumentacj\u0119 na przyk\u0142ad swojego \u017cyciowego przej\u015bcia to nie da si\u0119 tego zapozowa\u0107. Nie da si\u0119 zapozowa\u0107 pewnych emocji &#8211; na przyk\u0142ad rado\u015bci po zrobieniu \u017cyci\u00f3wki. To wyjdzie sztucznie. Z drugiej strony je\u015bli chcesz mie\u0107 fotografi\u0119, kt\u00f3r\u0105 chcesz sobie powiesi\u0107 na \u015bcianie, to metoda zrobienia takiego zdj\u0119cia b\u0119dzie inna.<\/p>\n\n\n\n<h2 class=\"wp-block-heading\" id=\"h-czemu-nie-lubisz-gdy-fotografie-nazywa-sie-sztuka\">Czemu nie lubisz, gdy fotografi\u0119 nazywa si\u0119 sztuk\u0105?<\/h2>\n\n\n\n<p class=\"wp-block-paragraph\">Powiem inaczej. Oczywi\u015bcie s\u0105 zdj\u0119cia, kt\u00f3re wpisuj\u0105 si\u0119 w moim odczuciu w definicj\u0119 sztuki. Natomiast wydaje mi si\u0119, \u017ce nie ka\u017cda forma fotografii mo\u017ce by\u0107 sztuk\u0105. Ta, kt\u00f3r\u0105 ja uprawiam ni\u0105 nie jest. Fotografuj\u0119 ludzi, kt\u00f3rzy robi\u0105 co\u015b co stanowi ich pasj\u0119. Oczywi\u015bcie staram si\u0119 to pokaza\u0107 tak by by\u0142o to mi\u0142e dla oka. Ale nie uwa\u017cam by by\u0142a to forma sztuki.<\/p>\n\n\n\n<h2 class=\"wp-block-heading\" id=\"h-jaka-role-pelni-obrobka-w-fotografii-wspinaczkowej\">Jak\u0105 role pe\u0142ni obr\u00f3bka w fotografii wspinaczkowej?<\/h2>\n\n\n\n<p class=\"wp-block-paragraph\">Jak w ka\u017cdej fotografii &#8211; stanowi istotny element. Przecie\u017c w czasach analogowych to co robi\u0142o si\u0119 w ciemni to te\u017c by\u0142a obr\u00f3bka zdj\u0119cia. Mo\u017cna si\u0119 zdziwi\u0107 jak wiele dawa\u0142o si\u0119 zrobi\u0107 w ciemni. Dzi\u015b jest to zwyczajnie prostsze &#8211; robisz to samo na komputerze. Dla mnie zdj\u0119cie prosto z aparatu to dopiero p\u00f3\u0142produkt. Obr\u00f3bka to proces szlifowania diamentu. Dlaczego jubiler nie wk\u0142ada do pier\u015bcionka surowego kamienia? To dok\u0142adnie to samo.<\/p>\n\n\n\n<p class=\"wp-block-paragraph\">W procesie obr\u00f3bki jeste\u015b w stanie wyci\u0105gn\u0105\u0107 bardzo du\u017co ze zdj\u0119\u0107, kt\u00f3re wydawa\u0142y si\u0119 przeci\u0119tne. Sam mam bardzo du\u017co zdj\u0119\u0107, kt\u00f3re przele\u017ca\u0142y na dysku rok czy dwa. W ramach treningu obrabiam je i pr\u00f3buj\u0119 nada\u0107 charakter. Czasami okazuje si\u0119, \u017ce wychodz\u0105 ciekawe zdj\u0119cia. <\/p>\n\n\n\n<h2 class=\"wp-block-heading\" id=\"h-co-robic-by-robic-lepsze-zdjecia\">Co robi\u0107 by robi\u0107 lepsze zdj\u0119cia?<\/h2>\n\n\n\n<p class=\"wp-block-paragraph\">Przede wszystkim ogl\u0105da\u0107 du\u017co zdj\u0119\u0107 innych fotograf\u00f3w. Nie spos\u00f3b tego przeceni\u0107. Cz\u0119sto jest tak, \u017ce je\u015bli przestudiujemy prac\u0119 innych i na podstawie tego odsiejemy to co nam si\u0119 podoba i to co nie, to pod\u015bwiadomie zaczniemy tego u\u017cywa\u0107 we w\u0142asnej fotografii. W efekcie nasze zdj\u0119cie nabiera innego wymiaru. <\/p>\n\n\n\n<p class=\"wp-block-paragraph\">Nie spos\u00f3b wymieni\u0107 fotograf\u00f3w, kt\u00f3rzy mnie inspiruj\u0105. Jednym z tych, kt\u00f3ry zmieni\u0142 moje postrzeganie i spos\u00f3b fotografowania jest Keith Ladzinski. U niego podpatrzy\u0142em spos\u00f3b wykorzystania b\u0142ysk\u00f3w. Zainspirowa\u0142o mnie to, zacz\u0105\u0142em sam pr\u00f3bowa\u0107. W jakim\u015b stopniu zdefiniowa\u0142o to styl tego co teraz robi\u0119.<\/p>\n\n\n\n<p class=\"wp-block-paragraph\"><\/p>\n\n\n\n<p class=\"wp-block-paragraph\">Zach\u0119camy do s\u0142uchania Podcastu G\u00f3rskiego 8a.pl. Pe\u0142na wersja rozmowy dost\u0119pna jest za po\u015brednictwem serwis\u00f3w:<\/p>\n\n\n\n<ul class=\"wp-block-list\">\n<li><a href=\"https:\/\/www.youtube.com\/watch?v=KqGXm8HaOJc\">YouTube<\/a><\/li>\n\n\n\n<li><a href=\"https:\/\/open.spotify.com\/episode\/6Zo1Ty9zedy4vN9DTilX13\">Spotify<\/a><\/li>\n\n\n\n<li><a href=\"https:\/\/podcasts.apple.com\/pl\/podcast\/074-8a-pl-piotr-deska-fotografia-wspinaczkowa\/id1488526154?i=1000579297035\">Apple Podcasts<\/a><\/li>\n\n\n\n<li><a href=\"https:\/\/podcasts.google.com\/feed\/aHR0cHM6Ly93d3cuc3ByZWFrZXIuY29tL3Nob3cvNDEzOTg3MC9lcGlzb2Rlcy9mZWVk\/episode\/aHR0cHM6Ly9hcGkuc3ByZWFrZXIuY29tL2VwaXNvZGUvNTEyMjY5Njc?sa=X&amp;ved=0CAUQkfYCahcKEwj4huyz9d36AhUAAAAAHQAAAAAQAQ\">Google Podcasts<\/a><\/li>\n\n\n\n<li><a href=\"https:\/\/www.spreaker.com\/user\/11755183\/piotr-deska-fotografia-wspinaczkowa\">Spreaker<\/a><\/li>\n<\/ul>\n","protected":false},"excerpt":{"rendered":"<p>Jest jednym z najbardziej rozpoznawalnych fotograf\u00f3w outdoorowych. Fotografowa\u0142 spektakularne przej\u015bcia w ska\u0142ach i w g\u00f3rach. Przyk\u0142adem mo\u017ce by\u0107 cho\u0107by przej\u015bcie solo drogi Pan Aroma w wykonaniu \u0141ukasza Dudka. Jego fotografie ukazywa\u0142y si\u0119 w najbardziej znanych magazynach g\u00f3rskich na ca\u0142ym \u015bwiecie. Mia\u0142 zdj\u0119cia i ok\u0142adki w magazynach Alpin, Climbing, Rock n Ice, Gym Climber, Grimper, Desnivel, Rock n Snow oraz polskich G\u00f3rach. Co wi\u0119cej jest bardzo dobrym wspinaczem, od lat nie schodz\u0105cym poni\u017cej 6.5. Jak \u0142\u0105czy prace na etat, bardzo dobry poziom wspinaczkowy i tworzenie wybitnych fotografii? Pos\u0142uchajcie podcastu z Piotrkiem Desk\u0105.<\/p>\n","protected":false},"author":41,"featured_media":61058,"comment_status":"closed","ping_status":"closed","sticky":false,"template":"","format":"standard","meta":{"_acf_changed":false,"_uf_show_specific_survey":0,"_uf_disable_surveys":false,"footnotes":""},"categories":[11],"tags":[26104,26068,26088],"class_list":["post-61055","post","type-post","status-publish","format-standard","has-post-thumbnail","hentry","category-wspinaczka","tag-caloroczne","tag-felieton","tag-wspinaczka_skalkowa"],"acf":[],"yoast_head":"<!-- This site is optimized with the Yoast SEO Premium plugin v23.4 (Yoast SEO v25.5) - https:\/\/yoast.com\/wordpress\/plugins\/seo\/ -->\n<title>Fotografia wspinaczkowa - zapis podcastu | 8academy<\/title>\n<meta name=\"description\" content=\"Fotografia wspinaczkowa - podcast z Piotrkiem Desk\u0105, jednym z najbardziej rozpoznawalnych fotograf\u00f3w outdoorowych.\" \/>\n<meta name=\"robots\" content=\"index, follow, max-snippet:-1, max-image-preview:large, max-video-preview:-1\" \/>\n<link rel=\"canonical\" href=\"https:\/\/8a.pl\/8academy\/fotografia-wspinaczkowa-zapis-podcastu\/\" \/>\n<meta property=\"og:locale\" content=\"pl_PL\" \/>\n<meta property=\"og:type\" content=\"article\" \/>\n<meta property=\"og:title\" content=\"Fotografia wspinaczkowa - zapis podcastu\" \/>\n<meta property=\"og:description\" content=\"Fotografia wspinaczkowa - podcast z Piotrkiem Desk\u0105, jednym z najbardziej rozpoznawalnych fotograf\u00f3w outdoorowych.\" \/>\n<meta property=\"og:url\" content=\"https:\/\/8a.pl\/8academy\/fotografia-wspinaczkowa-zapis-podcastu\/\" \/>\n<meta property=\"og:site_name\" content=\"8academy.pl - portal g\u00f3rski i wspinaczkowy dla aktywnych\" \/>\n<meta property=\"article:publisher\" content=\"https:\/\/pl-pl.facebook.com\/sklep8apl\/\" \/>\n<meta property=\"article:published_time\" content=\"2022-10-14T07:00:00+00:00\" \/>\n<meta property=\"article:modified_time\" content=\"2023-12-19T13:51:28+00:00\" \/>\n<meta property=\"og:image\" content=\"http:\/\/8a.pl\/8academy\/wp-content\/uploads\/2022\/10\/8ACADEMY_FB_74.jpg\" \/>\n\t<meta property=\"og:image:width\" content=\"1200\" \/>\n\t<meta property=\"og:image:height\" content=\"628\" \/>\n\t<meta property=\"og:image:type\" content=\"image\/jpeg\" \/>\n<meta name=\"author\" content=\"Piotr Deska\" \/>\n<meta name=\"twitter:card\" content=\"summary_large_image\" \/>\n<meta name=\"twitter:label1\" content=\"Napisane przez\" \/>\n\t<meta name=\"twitter:data1\" content=\"Piotr Deska\" \/>\n\t<meta name=\"twitter:label2\" content=\"Szacowany czas czytania\" \/>\n\t<meta name=\"twitter:data2\" content=\"9 minut\" \/>\n<!-- \/ Yoast SEO Premium plugin. -->","yoast_head_json":{"title":"Fotografia wspinaczkowa - zapis podcastu | 8academy","description":"Fotografia wspinaczkowa - podcast z Piotrkiem Desk\u0105, jednym z najbardziej rozpoznawalnych fotograf\u00f3w outdoorowych.","robots":{"index":"index","follow":"follow","max-snippet":"max-snippet:-1","max-image-preview":"max-image-preview:large","max-video-preview":"max-video-preview:-1"},"canonical":"https:\/\/8a.pl\/8academy\/fotografia-wspinaczkowa-zapis-podcastu\/","og_locale":"pl_PL","og_type":"article","og_title":"Fotografia wspinaczkowa - zapis podcastu","og_description":"Fotografia wspinaczkowa - podcast z Piotrkiem Desk\u0105, jednym z najbardziej rozpoznawalnych fotograf\u00f3w outdoorowych.","og_url":"https:\/\/8a.pl\/8academy\/fotografia-wspinaczkowa-zapis-podcastu\/","og_site_name":"8academy.pl - portal g\u00f3rski i wspinaczkowy dla aktywnych","article_publisher":"https:\/\/pl-pl.facebook.com\/sklep8apl\/","article_published_time":"2022-10-14T07:00:00+00:00","article_modified_time":"2023-12-19T13:51:28+00:00","og_image":[{"width":1200,"height":628,"url":"http:\/\/8a.pl\/8academy\/wp-content\/uploads\/2022\/10\/8ACADEMY_FB_74.jpg","type":"image\/jpeg"}],"author":"Piotr Deska","twitter_card":"summary_large_image","twitter_misc":{"Napisane przez":"Piotr Deska","Szacowany czas czytania":"9 minut"},"schema":{"@context":"https:\/\/schema.org","@graph":[{"@type":"Article","@id":"https:\/\/8a.pl\/8academy\/fotografia-wspinaczkowa-zapis-podcastu\/#article","isPartOf":{"@id":"https:\/\/8a.pl\/8academy\/fotografia-wspinaczkowa-zapis-podcastu\/"},"author":{"name":"Piotr Deska","@id":"https:\/\/8a.pl\/8academy\/#\/schema\/person\/7528cc81082f51b03a6f99dfe3bfbac6"},"headline":"Fotografia wspinaczkowa &#8211; zapis podcastu","datePublished":"2022-10-14T07:00:00+00:00","dateModified":"2023-12-19T13:51:28+00:00","mainEntityOfPage":{"@id":"https:\/\/8a.pl\/8academy\/fotografia-wspinaczkowa-zapis-podcastu\/"},"wordCount":1663,"publisher":{"@id":"https:\/\/8a.pl\/8academy\/#organization"},"image":{"@id":"https:\/\/8a.pl\/8academy\/fotografia-wspinaczkowa-zapis-podcastu\/#primaryimage"},"thumbnailUrl":"https:\/\/8a.pl\/8academy\/wp-content\/uploads\/2022\/10\/cover_74.jpg","keywords":["Ca\u0142oroczne","Felieton","Wspinaczka ska\u0142kowa"],"articleSection":["Wspinaczka"],"inLanguage":"pl-PL"},{"@type":"WebPage","@id":"https:\/\/8a.pl\/8academy\/fotografia-wspinaczkowa-zapis-podcastu\/","url":"https:\/\/8a.pl\/8academy\/fotografia-wspinaczkowa-zapis-podcastu\/","name":"Fotografia wspinaczkowa - zapis podcastu | 8academy","isPartOf":{"@id":"https:\/\/8a.pl\/8academy\/#website"},"primaryImageOfPage":{"@id":"https:\/\/8a.pl\/8academy\/fotografia-wspinaczkowa-zapis-podcastu\/#primaryimage"},"image":{"@id":"https:\/\/8a.pl\/8academy\/fotografia-wspinaczkowa-zapis-podcastu\/#primaryimage"},"thumbnailUrl":"https:\/\/8a.pl\/8academy\/wp-content\/uploads\/2022\/10\/cover_74.jpg","datePublished":"2022-10-14T07:00:00+00:00","dateModified":"2023-12-19T13:51:28+00:00","description":"Fotografia wspinaczkowa - podcast z Piotrkiem Desk\u0105, jednym z najbardziej rozpoznawalnych fotograf\u00f3w outdoorowych.","breadcrumb":{"@id":"https:\/\/8a.pl\/8academy\/fotografia-wspinaczkowa-zapis-podcastu\/#breadcrumb"},"inLanguage":"pl-PL","potentialAction":[{"@type":"ReadAction","target":["https:\/\/8a.pl\/8academy\/fotografia-wspinaczkowa-zapis-podcastu\/"]}]},{"@type":"ImageObject","inLanguage":"pl-PL","@id":"https:\/\/8a.pl\/8academy\/fotografia-wspinaczkowa-zapis-podcastu\/#primaryimage","url":"https:\/\/8a.pl\/8academy\/wp-content\/uploads\/2022\/10\/cover_74.jpg","contentUrl":"https:\/\/8a.pl\/8academy\/wp-content\/uploads\/2022\/10\/cover_74.jpg","width":1100,"height":715},{"@type":"BreadcrumbList","@id":"https:\/\/8a.pl\/8academy\/fotografia-wspinaczkowa-zapis-podcastu\/#breadcrumb","itemListElement":[{"@type":"ListItem","position":1,"name":"Strona g\u0142\u00f3wna","item":"https:\/\/8a.pl\/8academy\/"},{"@type":"ListItem","position":2,"name":"Fotografia wspinaczkowa &#8211; zapis podcastu"}]},{"@type":"WebSite","@id":"https:\/\/8a.pl\/8academy\/#website","url":"https:\/\/8a.pl\/8academy\/","name":"8academy.pl - portal g\u00f3rski i wspinaczkowy dla aktywnych","description":"8academy to portal g\u00f3rski o wspinaczce, trekkingu i skiturach. Znajdziesz tu porady, testy sprz\u0119tu i opisy najlepszych rejon\u00f3w. Inspirujemy zdobywc\u00f3w!","publisher":{"@id":"https:\/\/8a.pl\/8academy\/#organization"},"potentialAction":[{"@type":"SearchAction","target":{"@type":"EntryPoint","urlTemplate":"https:\/\/8a.pl\/8academy\/?s={search_term_string}"},"query-input":{"@type":"PropertyValueSpecification","valueRequired":true,"valueName":"search_term_string"}}],"inLanguage":"pl-PL"},{"@type":"Organization","@id":"https:\/\/8a.pl\/8academy\/#organization","name":"8academy.pl - portal g\u00f3rski i wspinaczkowy dla aktywnych","url":"https:\/\/8a.pl\/8academy\/","logo":{"@type":"ImageObject","inLanguage":"pl-PL","@id":"https:\/\/8a.pl\/8academy\/#\/schema\/logo\/image\/","url":"https:\/\/8a.pl\/8academy\/wp-content\/uploads\/2015\/11\/logo.png","contentUrl":"https:\/\/8a.pl\/8academy\/wp-content\/uploads\/2015\/11\/logo.png","width":438,"height":315,"caption":"8academy.pl - portal g\u00f3rski i wspinaczkowy dla aktywnych"},"image":{"@id":"https:\/\/8a.pl\/8academy\/#\/schema\/logo\/image\/"},"sameAs":["https:\/\/pl-pl.facebook.com\/sklep8apl\/","https:\/\/www.instagram.com\/8apl\/"]},{"@type":"Person","@id":"https:\/\/8a.pl\/8academy\/#\/schema\/person\/7528cc81082f51b03a6f99dfe3bfbac6","name":"Piotr Deska","image":{"@type":"ImageObject","inLanguage":"pl-PL","@id":"https:\/\/8a.pl\/8academy\/#\/schema\/person\/image\/","url":"https:\/\/8a.pl\/8academy\/wp-content\/uploads\/2021\/03\/Piotr-Deska-avatar-150x150.jpg","contentUrl":"https:\/\/8a.pl\/8academy\/wp-content\/uploads\/2021\/03\/Piotr-Deska-avatar-150x150.jpg","caption":"Piotr Deska"},"url":"https:\/\/8a.pl\/8academy\/author\/deska\/"}]}},"_links":{"self":[{"href":"https:\/\/8a.pl\/8academy\/wp-json\/wp\/v2\/posts\/61055","targetHints":{"allow":["GET"]}}],"collection":[{"href":"https:\/\/8a.pl\/8academy\/wp-json\/wp\/v2\/posts"}],"about":[{"href":"https:\/\/8a.pl\/8academy\/wp-json\/wp\/v2\/types\/post"}],"author":[{"embeddable":true,"href":"https:\/\/8a.pl\/8academy\/wp-json\/wp\/v2\/users\/41"}],"replies":[{"embeddable":true,"href":"https:\/\/8a.pl\/8academy\/wp-json\/wp\/v2\/comments?post=61055"}],"version-history":[{"count":13,"href":"https:\/\/8a.pl\/8academy\/wp-json\/wp\/v2\/posts\/61055\/revisions"}],"predecessor-version":[{"id":64452,"href":"https:\/\/8a.pl\/8academy\/wp-json\/wp\/v2\/posts\/61055\/revisions\/64452"}],"wp:featuredmedia":[{"embeddable":true,"href":"https:\/\/8a.pl\/8academy\/wp-json\/wp\/v2\/media\/61058"}],"wp:attachment":[{"href":"https:\/\/8a.pl\/8academy\/wp-json\/wp\/v2\/media?parent=61055"}],"wp:term":[{"taxonomy":"category","embeddable":true,"href":"https:\/\/8a.pl\/8academy\/wp-json\/wp\/v2\/categories?post=61055"},{"taxonomy":"post_tag","embeddable":true,"href":"https:\/\/8a.pl\/8academy\/wp-json\/wp\/v2\/tags?post=61055"}],"curies":[{"name":"wp","href":"https:\/\/api.w.org\/{rel}","templated":true}]}}