{"id":61000,"date":"2022-10-10T09:00:00","date_gmt":"2022-10-10T07:00:00","guid":{"rendered":"https:\/\/8a.pl\/8academy\/?p=61000"},"modified":"2023-12-19T14:53:11","modified_gmt":"2023-12-19T13:53:11","slug":"kurtki-syntetyczne-porownanie","status":"publish","type":"post","link":"https:\/\/8a.pl\/8academy\/kurtki-syntetyczne-porownanie\/","title":{"rendered":"Kurtki syntetyczne &#8211; por\u00f3wnanie"},"content":{"rendered":"\n<p class=\"wp-block-paragraph\">Okres w roku kiedy temperatury wahaj\u0105 si\u0119 w okolicach od 0 do 15 stopni na plusie jest idealny do za\u0142o\u017cenia na siebie kurtki z wype\u0142nieniem syntetycznym. Taka kurtka dobrze radzi sobie z wilgoci\u0105, kt\u00f3rej podczas jesieni i wiosny u nas nie brakuje. Jest l\u017cejsza i mniejsza ni\u017c bluza, a przy tym znacznie cieplejsza. Opr\u00f3cz tego \u015bwietnie nadaje si\u0119 do aktywno\u015bci, a poszczeg\u00f3lne modele nosi si\u0119 wygodniej ni\u017c zwyk\u0142e bluzy. Kurtki syntetyczne &#8211; oto moje subiektywne por\u00f3wnanie najlepszych modeli.<\/p>\n\n\n\n<p class=\"wp-block-paragraph\"><\/p>\n\n\n<div class=\"wp-block-image\">\n<figure class=\"aligncenter size-full\"><img fetchpriority=\"high\" decoding=\"async\" width=\"600\" height=\"900\" src=\"https:\/\/8a.pl\/8academy\/wp-content\/uploads\/2022\/10\/DSC7895.jpg\" alt=\"\" class=\"wp-image-61011\" srcset=\"https:\/\/8a.pl\/8academy\/wp-content\/uploads\/2022\/10\/DSC7895.jpg 600w, https:\/\/8a.pl\/8academy\/wp-content\/uploads\/2022\/10\/DSC7895-200x300.jpg 200w\" sizes=\"(max-width: 600px) 100vw, 600px\" \/><figcaption class=\"wp-element-caption\">Kurtki syntetyczne &#8211; najlepszy wyb\u00f3r na wiosn\u0119 i jesie\u0144 (fot. Joanna Kapinos)<\/figcaption><\/figure>\n<\/div>\n\n\n<h2 class=\"wp-block-heading\" id=\"h-kurtki-syntetyczne-mnogosc-modeli\">Kurtki syntetyczne &#8211; mnogo\u015b\u0107 modeli<\/h2>\n\n\n\n<p class=\"wp-block-paragraph\">Aktualnie na rynku dost\u0119pnych jest praktycznie tyle samo kurtek z wype\u0142nieniem syntetycznym, co kurtek z wype\u0142nieniem naturalnym (puchowym). Oznacza to tyle, \u017ce oba rodzaje kurtek s\u0105 r\u00f3wnie popularne, chocia\u017c ich zastosowanie i przeznaczenie nieco si\u0119 od siebie r\u00f3\u017cni. Kurtka syntetyczna znacznie lepiej radzi sobie z wilgoci\u0105. Jest wi\u0119c jest lepszym wyborem podczas kapry\u015bnej pogody, ale tak\u017ce podczas wysi\u0142ku. Nie zapominajmy, \u017ce podczas wi\u0119kszych aktywno\u015bci nasze cia\u0142o generuje sporo pary, kt\u00f3ra przechodzi przez ubrania, kt\u00f3re mamy na sobie. <\/p>\n\n\n\n<p class=\"wp-block-paragraph\">Wyb\u00f3r modeli syntetycznych jest dosy\u0107 spory. Znale\u017a\u0107 mo\u017cna modele kurtek, kt\u00f3re s\u0105 grube i po\u0142\u0105czone dodatkowo z membran\u0105 zapewniaj\u0105c\u0105 ochron\u0119 przed deszczem. Takim przyk\u0142adem jest model <a href=\"https:\/\/8a.pl\/kurtka-ocieplana-fjallraven-nuuk-parka-basalt\" target=\"_blank\" rel=\"noreferrer noopener\">Fjallraven Nuuk Parka<\/a>. Ale tak\u017ce modele b\u0119d\u0105ce po drugiej stronie &#8211; wyj\u0105tkowo cieniutkie, z dodatkowymi wstawkami ze stretchu, kt\u00f3re poprawiaj\u0105 oddychalno\u015b\u0107. Tutaj przyk\u0142adem mo\u017ce by\u0107 model <a href=\"https:\/\/8a.pl\/kurtka-ocieplana-arcteryx-atom-lt-hoody-fluidity\" target=\"_blank\" rel=\"noreferrer noopener\">Arcteryx Atom SL<\/a>. Tak wi\u0119c wyb\u00f3r odpowiedniego modelu nale\u017cy potraktowa\u0107 poprzez pryzmat w\u0142asnych wymaga\u0144. Je\u017celi potrzebujemy kurtki g\u0142\u00f3wnie na miasto i na dojazd do pracy, warto wybra\u0107 kt\u00f3ry\u015b z grubszych modeli. A je\u017celi potrzeba nam czego\u015b do ogrzania si\u0119 na szlaku, lepiej zerkn\u0105\u0107 na modele bardziej techniczne, lepiej sprawdzaj\u0105ce si\u0119 przy wysi\u0142ku.<\/p>\n\n\n\n<p class=\"wp-block-paragraph\"><\/p>\n\n\n<div class=\"wp-block-image\">\n<figure class=\"aligncenter size-full\"><img decoding=\"async\" width=\"600\" height=\"900\" src=\"https:\/\/8a.pl\/8academy\/wp-content\/uploads\/2022\/10\/DSC8983.jpg\" alt=\"kurtki syntetyczne\" class=\"wp-image-61012\" srcset=\"https:\/\/8a.pl\/8academy\/wp-content\/uploads\/2022\/10\/DSC8983.jpg 600w, https:\/\/8a.pl\/8academy\/wp-content\/uploads\/2022\/10\/DSC8983-200x300.jpg 200w\" sizes=\"(max-width: 600px) 100vw, 600px\" \/><figcaption class=\"wp-element-caption\">Kurtki syntetyczne \u015bwietnie sprawdz\u0105 si\u0119 tak\u017ce podczas aktywno\u015bci fizycznej (fot. Joanna Kapinos)<\/figcaption><\/figure>\n<\/div>\n\n\n<h2 class=\"wp-block-heading\" id=\"h-czym-wlasciwie-jest-syntetyk\">Czym w\u0142a\u015bciwie jest syntetyk?<\/h2>\n\n\n\n<p class=\"wp-block-paragraph\">Kurtki syntetyczne bardzo cz\u0119sto nazywa si\u0119 kurtkami puchowymi-syntetycznymi. Nazwa ta rzeczywi\u015bcie nie jest ani przypadkowa, ani zbytnio oddalona od rzeczywisto\u015bci. Bardzo ci\u0119\u017cko jest prze\u015bcign\u0105\u0107 natur\u0119 w jej praktycznych rozwi\u0105zaniach. Do tej pory puch naturalny uwa\u017cany jest za najlepszy mo\u017cliwy izolator. Warto pami\u0119ta\u0107, \u017ce kurtka puchowa nas nie grzeje, tylko izoluje i zatrzymuje wewn\u0105trz ciep\u0142o kt\u00f3re wytwarza nasz organizm. Jednak od kilkudziesi\u0119ciu lat ludzko\u015b\u0107 stara si\u0119 stworzy\u0107 w\u0142\u00f3kna, kt\u00f3re swoimi parametrami maksymalnie zbli\u017c\u0105 si\u0119 do tych oferowanych przez puch naturalny. Wynikiem prowadzonych bada\u0144 s\u0105 w\u0142\u00f3kna wykonane najcz\u0119\u015bciej z poliestru. <\/p>\n\n\n\n<p class=\"wp-block-paragraph\">Najbardziej znany z nich jest Primaloft. I rzeczywi\u015bcie sztuczny puch ju\u017c nie odstaje zbyt mocno od swojego orygina\u0142u. Fakt, \u017ce nadal nie jest tak kompresyjny i nie izoluje a\u017c tak dobrze jak puch naturalny, ale jego najwi\u0119ksz\u0105 zalet\u0105 jest odporno\u015b\u0107 na wilgo\u0107. Puch syntetyczny nawet gdy zamoknie to utrzymuje swoje w\u0142a\u015bciwo\u015bci izolacyjne. Puch naturalny, kiedy jest mokry, nie izoluje wcale i &#8211; co gorsze &#8211; bardzo d\u0142ugo schnie.<\/p>\n\n\n\n<p class=\"wp-block-paragraph\"><\/p>\n\n\n<div class=\"wp-block-image\">\n<figure class=\"aligncenter size-full\"><img decoding=\"async\" width=\"600\" height=\"900\" src=\"https:\/\/8a.pl\/8academy\/wp-content\/uploads\/2022\/10\/DSC9997-2.jpg\" alt=\"kurtki syntetyczne\" class=\"wp-image-61013\" srcset=\"https:\/\/8a.pl\/8academy\/wp-content\/uploads\/2022\/10\/DSC9997-2.jpg 600w, https:\/\/8a.pl\/8academy\/wp-content\/uploads\/2022\/10\/DSC9997-2-200x300.jpg 200w\" sizes=\"(max-width: 600px) 100vw, 600px\" \/><figcaption class=\"wp-element-caption\">Ocieplina syntetyczna ma wiele zalet &#8211; przede wszystkim zachowuje w\u0142a\u015bciwo\u015bci izolacyjne nawet gdy jest mokra (fot. Joanna Kapinos)<\/figcaption><\/figure>\n<\/div>\n\n\n<h2 class=\"wp-block-heading\" id=\"h-kurtki-syntetyczne-na-co-zwrocic-uwage\">Kurtki syntetyczne &#8211; na co zwr\u00f3ci\u0107 uwag\u0119?<\/h2>\n\n\n\n<p class=\"wp-block-paragraph\">Podczas wiosny i jesieni kurtka syntetyczna to zawsze m\u00f3j podstawowy wyb\u00f3r. Nie musz\u0119 martwi\u0107 si\u0119 o przemoczenie, kurtki s\u0105 wygodne jak bluzy i wystarczaj\u0105co dobrze izoluj\u0105 od rze\u015bkiego powietrza. Problemem oczywi\u015bcie mo\u017ce by\u0107 cena. Zwykle za dobry model trzeba zap\u0142aci\u0107 od 600 do 1000 z\u0142otych. Ciep\u0142y polar bez problemu kupimy za po\u0142ow\u0119 tej ceny. Zalet\u0105 jednak jest fakt, \u017ce puch syntetyczny du\u017co lepiej si\u0119 kompresuje i jest cieplejszy. To niew\u0105tpliwie b\u0119dzie przewag\u0119 zar\u00f3wno podczas ch\u0142odnych dni w mie\u015bcie, jak i podczas wypadu na szlak. Zalet\u0105 kurtek syntetycznych jest tak\u017ce impregnacja DWR, kt\u00f3ra w dzisiejszych czasach jest w zasadzie standardem.<\/p>\n\n\n\n<h3 class=\"wp-block-heading\" id=\"h-arcteryx-atom\">Arcteryx Atom<\/h3>\n\n\n\n<p class=\"wp-block-paragraph\">Moim osobistym wyborem numer jeden jest model marki <a href=\"https:\/\/8a.pl\/arcteryx\" target=\"_blank\" rel=\"noreferrer noopener\">Arcteryx<\/a>. Atom LT oraz jego jeszcze cie\u0144sza wersja Arcteryx Atom SL. Kurtka ta jest idealnie skrojona, nie jest zbyt gruba. Po bokach dodatkowo posiada oddychaj\u0105ce panele. Ca\u0142o\u015b\u0107 nosi si\u0119 jak zwyk\u0142\u0105 bluz\u0119, a kurtka bardzo dobrze sprawdza si\u0119 podczas r\u00f3\u017cnorakich aktywno\u015bci w g\u00f3rach. Wewn\u0105trz znajduje si\u0119 ocieplina Coreloft, a pozsta\u0142e u\u017cyte materia\u0142y s\u0105 specjalnie dobrane, tak aby ca\u0142o\u015b\u0107 by\u0142a jak najl\u017cejsza. Model ten idealnie sprawdza si\u0119 na co dzie\u0144, ale i podczas dzia\u0142ania w g\u00f3rach. W moim przypadku jest to tak\u017ce zawsze <em>must have<\/em> w plecaku, kiedy wybieram si\u0119 na d\u0142u\u017csz\u0105 wycieczk\u0119 na rowerze g\u00f3rskim. <\/p>\n\n\n\n<h3 class=\"wp-block-heading\" id=\"h-patagonia-nano-air\">Patagonia Nano Air<\/h3>\n\n\n\n<p class=\"wp-block-paragraph\">Bardzo podobnym konstrukcyjnie modelem jest kurtka marki <a href=\"https:\/\/8a.pl\/kurtka-ocieplana-patagonia-nano-air-hoody-blue-ink\" target=\"_blank\" rel=\"noreferrer noopener\">Patagonia Nano Air<\/a>. Jest elastyczna i wykonana z bardzo przyjemnych materia\u0142\u00f3w. Nie jest to szczeg\u00f3\u0142 bez znaczenia, bo takie kurtki z powodzeniem mo\u017cna za\u0142o\u017cy\u0107 na t-shirt, czyli w zasadzie go\u0142e cia\u0142o. Kurtki z materia\u0142\u00f3w typu nylon, jak modele Thermoball marki The North Face czy chocia\u017cby Micro Puff marki Patagonia, nie s\u0105 ju\u017c takie przyjemne w noszeniu. Warto to mie\u0107 na uwadze.<\/p>\n\n\n\n<h3 class=\"wp-block-heading\" id=\"h-rab-cirrus-flex-2-0\">Rab Cirrus Flex 2.0<\/h3>\n\n\n\n<p class=\"wp-block-paragraph\">Bardzo dobrym modelem jest tak\u017ce produkt marki <a href=\"https:\/\/8a.pl\/kurtka-ocieplana-rab-cirrus-flex-2-0-hoody-sunset\" target=\"_blank\" rel=\"noreferrer noopener\">Rab Cirrus flex 2.0<\/a>. To fenomenalna kurtka, ciut grubsza ni\u017c opisywany wcze\u015bniej model, ale r\u00f3wnie\u017c z elastycznymi wstawkami po bokach. Ca\u0142o\u015b\u0107 jest bardzo elastyczna i dobrze dopasowana. Ten model \u015bwietnie sprawdzi si\u0119 podczas wspinaczkowych aktywno\u015bci &#8211; nigdzie nie kr\u0119puje ruch\u00f3w i jest bardzo lekki.<\/p>\n\n\n\n<h3 class=\"wp-block-heading\" id=\"h-helly-hansen-lifaloft\">Helly Hansen Lifaloft<\/h3>\n\n\n\n<p class=\"wp-block-paragraph\">Podczas test\u00f3w wyr\u00f3\u017cni\u0142a si\u0119 tak\u017ce kurtka marki <a href=\"https:\/\/8a.pl\/kurtka-helly-hansen-lifaloft-hooded-insulator-jacket-black\" target=\"_blank\" rel=\"noreferrer noopener\">Helly Hansen Lifaloft<\/a>. Ca\u0142o\u015b\u0107 bardzo przyjemnie si\u0119 nosi\u0142a z racji elastyczno\u015bci kt\u00f3r\u0105 zapewnia. A plusem jest tak\u017ce autorska ocieplina Lifaloft opracowana przy wsp\u00f3\u0142pracy z Primaloft&#8217;em. Uzyskane w\u0142\u00f3kna naprawd\u0119 dobrze izoluj\u0105, i mo\u017cna to by\u0142o odczu\u0107 przy u\u017cytkowaniu kurtki.<\/p>\n\n\n\n<p class=\"wp-block-paragraph\">Bardzo dobrze parametrowo prezentuj\u0105 si\u0119 tak\u017ce modele <a href=\"https:\/\/8a.pl\/kurtka-skiturowa-dynafit-radical-primaloft-hooded-jacket-army\" target=\"_blank\" rel=\"noreferrer noopener\">Dynafit Radical Primaloft<\/a> oraz <a href=\"https:\/\/8a.pl\/kurtka-ocieplana-meska-haglofs-l-i-m-mimic-hood-flame-orange\" target=\"_blank\" rel=\"noreferrer noopener\">Haglofs L.I.M Mimic<\/a>. <\/p>\n\n\n\n<p class=\"wp-block-paragraph\"><\/p>\n\n\n<div class=\"wp-block-image\">\n<figure class=\"aligncenter size-full\"><img loading=\"lazy\" decoding=\"async\" width=\"600\" height=\"900\" src=\"https:\/\/8a.pl\/8academy\/wp-content\/uploads\/2022\/10\/DSC0405.jpg\" alt=\"kurtki syntetyczne\" class=\"wp-image-61006\" srcset=\"https:\/\/8a.pl\/8academy\/wp-content\/uploads\/2022\/10\/DSC0405.jpg 600w, https:\/\/8a.pl\/8academy\/wp-content\/uploads\/2022\/10\/DSC0405-200x300.jpg 200w\" sizes=\"(max-width: 600px) 100vw, 600px\" \/><figcaption class=\"wp-element-caption\">Kurtki syntetyczne &#8211; lekkie, ciep\u0142e, kompresyjne (fot. Joanna Kapinos)<\/figcaption><\/figure>\n<\/div>\n\n\n<h2 class=\"wp-block-heading\" id=\"h-kurtki-syntetyczne-czy-jest-sens-je-kupowac\">Kurtki syntetyczne &#8211; czy jest sens je kupowa\u0107?<\/h2>\n\n\n\n<p class=\"wp-block-paragraph\">Moim zdaniem opisane modele to na ten moment jeden z najlepszych wybor\u00f3w spo\u015br\u00f3d tego typu kurtek na rynku.&nbsp;Warto te\u017c wspomnie\u0107, \u017ce o kurtk\u0119 syntetyczn\u0105 zdecydowanie \u0142atwiej zadba\u0107 ni\u017c o puch. Bez wi\u0119kszych problem\u00f3w tak\u0105 kurtk\u0119 mo\u017cna wypra\u0107. Do tego szybko wyschnie, a ocieplina wewn\u0105trz nie zbija si\u0119 tak jak jej naturalny odpowiednik. Z pocz\u0105tku cena mo\u017ce lekko odstrasza\u0107. Tym bardziej, \u017ce na srog\u0105 zim\u0119 i tak zdecydowanie lepszym wyborem b\u0119dzie kurtka z puchem naturalnym. Ale syntetyk idealnie sprawdza si\u0119 w przej\u015bciowym okresie czyli na wiosn\u0119 i jesie\u0144. Z do\u015bwiadczenia wiem, \u017ce wi\u0119kszo\u015b\u0107 os\u00f3b, kt\u00f3ra dokona zakupu takiej kurtki, u\u017cywa jej a\u017c temperatura nie spadnie poni\u017cej zerowej kreski. Ale i tu trzeba przyzna\u0107, \u017ce grubsze modele bez problemu radz\u0105 sobie z minusowymi temperaturami.&nbsp; Dla mnie osobi\u015bcie syntetyk to bardzo przydatna cz\u0119\u015b\u0107 garderoby i ci\u0119\u017cko by\u0142oby mi funkcjonowa\u0107 bez niego.<\/p>\n\n\n\n<p class=\"wp-block-paragraph\"><\/p>\n\n\n<div class=\"wp-block-image\">\n<figure class=\"aligncenter size-full\"><img loading=\"lazy\" decoding=\"async\" width=\"600\" height=\"900\" src=\"https:\/\/8a.pl\/8academy\/wp-content\/uploads\/2022\/10\/DSC4570.jpg\" alt=\"kurtki syntetyczne\" class=\"wp-image-61008\" srcset=\"https:\/\/8a.pl\/8academy\/wp-content\/uploads\/2022\/10\/DSC4570.jpg 600w, https:\/\/8a.pl\/8academy\/wp-content\/uploads\/2022\/10\/DSC4570-200x300.jpg 200w\" sizes=\"(max-width: 600px) 100vw, 600px\" \/><figcaption class=\"wp-element-caption\">Kurtki syntetyczne to istotna cz\u0119\u015b\u0107 garderoby mi\u0142o\u015bnik\u00f3w outdooru (fot. Joanna Kapinos)<\/figcaption><\/figure>\n<\/div>","protected":false},"excerpt":{"rendered":"<p>Kurtki syntetyczne &#8211; czy to dobra alternatywa dla kurtek puchowych? Na co zwr\u00f3ci\u0107 uwag\u0119 i jaki model najlepiej wybra\u0107? <\/p>\n","protected":false},"author":67,"featured_media":61009,"comment_status":"closed","ping_status":"closed","sticky":false,"template":"","format":"standard","meta":{"_acf_changed":false,"_uf_show_specific_survey":0,"_uf_disable_surveys":false,"footnotes":""},"categories":[26070],"tags":[26104,26068,26085,26105],"class_list":["post-61000","post","type-post","status-publish","format-standard","has-post-thumbnail","hentry","category-turystyka-trekking","tag-caloroczne","tag-felieton","tag-trekking","tag-turystyka"],"acf":[],"yoast_head":"<!-- This site is optimized with the Yoast SEO Premium plugin v23.4 (Yoast SEO v25.5) - https:\/\/yoast.com\/wordpress\/plugins\/seo\/ -->\n<title>Kurtki syntetyczne - por\u00f3wnanie | 8academy<\/title>\n<meta name=\"description\" content=\"Kurtki syntetyczne - czy to dobra alternatywa dla kurtek puchowych? Na co zwr\u00f3ci\u0107 uwag\u0119 i jaki model najlepiej wybra\u0107?\" \/>\n<meta name=\"robots\" content=\"index, follow, max-snippet:-1, max-image-preview:large, max-video-preview:-1\" \/>\n<link rel=\"canonical\" href=\"https:\/\/8a.pl\/8academy\/kurtki-syntetyczne-porownanie\/\" \/>\n<meta property=\"og:locale\" content=\"pl_PL\" \/>\n<meta property=\"og:type\" content=\"article\" \/>\n<meta property=\"og:title\" content=\"Kurtki syntetyczne - por\u00f3wnanie\" \/>\n<meta property=\"og:description\" content=\"Kurtki syntetyczne - czy to dobra alternatywa dla kurtek puchowych? Na co zwr\u00f3ci\u0107 uwag\u0119 i jaki model najlepiej wybra\u0107?\" \/>\n<meta property=\"og:url\" content=\"https:\/\/8a.pl\/8academy\/kurtki-syntetyczne-porownanie\/\" \/>\n<meta property=\"og:site_name\" content=\"8academy.pl - portal g\u00f3rski i wspinaczkowy dla aktywnych\" \/>\n<meta property=\"article:publisher\" content=\"https:\/\/pl-pl.facebook.com\/sklep8apl\/\" \/>\n<meta property=\"article:published_time\" content=\"2022-10-10T07:00:00+00:00\" \/>\n<meta property=\"article:modified_time\" content=\"2023-12-19T13:53:11+00:00\" \/>\n<meta property=\"og:image\" content=\"http:\/\/8a.pl\/8academy\/wp-content\/uploads\/2022\/10\/8ACADEMY_FB_.jpg\" \/>\n\t<meta property=\"og:image:width\" content=\"1200\" \/>\n\t<meta property=\"og:image:height\" content=\"628\" \/>\n\t<meta property=\"og:image:type\" content=\"image\/jpeg\" \/>\n<meta name=\"author\" content=\"Grzegorz Kloza\" \/>\n<meta name=\"twitter:card\" content=\"summary_large_image\" \/>\n<meta name=\"twitter:label1\" content=\"Napisane przez\" \/>\n\t<meta name=\"twitter:data1\" content=\"Grzegorz Kloza\" \/>\n\t<meta name=\"twitter:label2\" content=\"Szacowany czas czytania\" \/>\n\t<meta name=\"twitter:data2\" content=\"8 minut\" \/>\n<!-- \/ Yoast SEO Premium plugin. -->","yoast_head_json":{"title":"Kurtki syntetyczne - por\u00f3wnanie | 8academy","description":"Kurtki syntetyczne - czy to dobra alternatywa dla kurtek puchowych? Na co zwr\u00f3ci\u0107 uwag\u0119 i jaki model najlepiej wybra\u0107?","robots":{"index":"index","follow":"follow","max-snippet":"max-snippet:-1","max-image-preview":"max-image-preview:large","max-video-preview":"max-video-preview:-1"},"canonical":"https:\/\/8a.pl\/8academy\/kurtki-syntetyczne-porownanie\/","og_locale":"pl_PL","og_type":"article","og_title":"Kurtki syntetyczne - por\u00f3wnanie","og_description":"Kurtki syntetyczne - czy to dobra alternatywa dla kurtek puchowych? Na co zwr\u00f3ci\u0107 uwag\u0119 i jaki model najlepiej wybra\u0107?","og_url":"https:\/\/8a.pl\/8academy\/kurtki-syntetyczne-porownanie\/","og_site_name":"8academy.pl - portal g\u00f3rski i wspinaczkowy dla aktywnych","article_publisher":"https:\/\/pl-pl.facebook.com\/sklep8apl\/","article_published_time":"2022-10-10T07:00:00+00:00","article_modified_time":"2023-12-19T13:53:11+00:00","og_image":[{"width":1200,"height":628,"url":"http:\/\/8a.pl\/8academy\/wp-content\/uploads\/2022\/10\/8ACADEMY_FB_.jpg","type":"image\/jpeg"}],"author":"Grzegorz Kloza","twitter_card":"summary_large_image","twitter_misc":{"Napisane przez":"Grzegorz Kloza","Szacowany czas czytania":"8 minut"},"schema":{"@context":"https:\/\/schema.org","@graph":[{"@type":"Article","@id":"https:\/\/8a.pl\/8academy\/kurtki-syntetyczne-porownanie\/#article","isPartOf":{"@id":"https:\/\/8a.pl\/8academy\/kurtki-syntetyczne-porownanie\/"},"author":{"name":"Grzegorz Kloza","@id":"https:\/\/8a.pl\/8academy\/#\/schema\/person\/0e44a8baa025202b35d37d7a8d55ba2f"},"headline":"Kurtki syntetyczne &#8211; por\u00f3wnanie","datePublished":"2022-10-10T07:00:00+00:00","dateModified":"2023-12-19T13:53:11+00:00","mainEntityOfPage":{"@id":"https:\/\/8a.pl\/8academy\/kurtki-syntetyczne-porownanie\/"},"wordCount":1207,"publisher":{"@id":"https:\/\/8a.pl\/8academy\/#organization"},"image":{"@id":"https:\/\/8a.pl\/8academy\/kurtki-syntetyczne-porownanie\/#primaryimage"},"thumbnailUrl":"https:\/\/8a.pl\/8academy\/wp-content\/uploads\/2022\/10\/DSC4690.jpg","keywords":["Ca\u0142oroczne","Felieton","Trekking","Turystyka"],"articleSection":["Turystyka \/ trekking"],"inLanguage":"pl-PL"},{"@type":"WebPage","@id":"https:\/\/8a.pl\/8academy\/kurtki-syntetyczne-porownanie\/","url":"https:\/\/8a.pl\/8academy\/kurtki-syntetyczne-porownanie\/","name":"Kurtki syntetyczne - por\u00f3wnanie | 8academy","isPartOf":{"@id":"https:\/\/8a.pl\/8academy\/#website"},"primaryImageOfPage":{"@id":"https:\/\/8a.pl\/8academy\/kurtki-syntetyczne-porownanie\/#primaryimage"},"image":{"@id":"https:\/\/8a.pl\/8academy\/kurtki-syntetyczne-porownanie\/#primaryimage"},"thumbnailUrl":"https:\/\/8a.pl\/8academy\/wp-content\/uploads\/2022\/10\/DSC4690.jpg","datePublished":"2022-10-10T07:00:00+00:00","dateModified":"2023-12-19T13:53:11+00:00","description":"Kurtki syntetyczne - czy to dobra alternatywa dla kurtek puchowych? Na co zwr\u00f3ci\u0107 uwag\u0119 i jaki model najlepiej wybra\u0107?","breadcrumb":{"@id":"https:\/\/8a.pl\/8academy\/kurtki-syntetyczne-porownanie\/#breadcrumb"},"inLanguage":"pl-PL","potentialAction":[{"@type":"ReadAction","target":["https:\/\/8a.pl\/8academy\/kurtki-syntetyczne-porownanie\/"]}]},{"@type":"ImageObject","inLanguage":"pl-PL","@id":"https:\/\/8a.pl\/8academy\/kurtki-syntetyczne-porownanie\/#primaryimage","url":"https:\/\/8a.pl\/8academy\/wp-content\/uploads\/2022\/10\/DSC4690.jpg","contentUrl":"https:\/\/8a.pl\/8academy\/wp-content\/uploads\/2022\/10\/DSC4690.jpg","width":1100,"height":715},{"@type":"BreadcrumbList","@id":"https:\/\/8a.pl\/8academy\/kurtki-syntetyczne-porownanie\/#breadcrumb","itemListElement":[{"@type":"ListItem","position":1,"name":"Strona g\u0142\u00f3wna","item":"https:\/\/8a.pl\/8academy\/"},{"@type":"ListItem","position":2,"name":"Kurtki syntetyczne &#8211; por\u00f3wnanie"}]},{"@type":"WebSite","@id":"https:\/\/8a.pl\/8academy\/#website","url":"https:\/\/8a.pl\/8academy\/","name":"8academy.pl - portal g\u00f3rski i wspinaczkowy dla aktywnych","description":"8academy to portal g\u00f3rski o wspinaczce, trekkingu i skiturach. Znajdziesz tu porady, testy sprz\u0119tu i opisy najlepszych rejon\u00f3w. Inspirujemy zdobywc\u00f3w!","publisher":{"@id":"https:\/\/8a.pl\/8academy\/#organization"},"potentialAction":[{"@type":"SearchAction","target":{"@type":"EntryPoint","urlTemplate":"https:\/\/8a.pl\/8academy\/?s={search_term_string}"},"query-input":{"@type":"PropertyValueSpecification","valueRequired":true,"valueName":"search_term_string"}}],"inLanguage":"pl-PL"},{"@type":"Organization","@id":"https:\/\/8a.pl\/8academy\/#organization","name":"8academy.pl - portal g\u00f3rski i wspinaczkowy dla aktywnych","url":"https:\/\/8a.pl\/8academy\/","logo":{"@type":"ImageObject","inLanguage":"pl-PL","@id":"https:\/\/8a.pl\/8academy\/#\/schema\/logo\/image\/","url":"https:\/\/8a.pl\/8academy\/wp-content\/uploads\/2015\/11\/logo.png","contentUrl":"https:\/\/8a.pl\/8academy\/wp-content\/uploads\/2015\/11\/logo.png","width":438,"height":315,"caption":"8academy.pl - portal g\u00f3rski i wspinaczkowy dla aktywnych"},"image":{"@id":"https:\/\/8a.pl\/8academy\/#\/schema\/logo\/image\/"},"sameAs":["https:\/\/pl-pl.facebook.com\/sklep8apl\/","https:\/\/www.instagram.com\/8apl\/"]},{"@type":"Person","@id":"https:\/\/8a.pl\/8academy\/#\/schema\/person\/0e44a8baa025202b35d37d7a8d55ba2f","name":"Grzegorz Kloza","image":{"@type":"ImageObject","inLanguage":"pl-PL","@id":"https:\/\/8a.pl\/8academy\/#\/schema\/person\/image\/","url":"https:\/\/8a.pl\/8academy\/wp-content\/uploads\/2021\/03\/Grzegorz-Kloza-avatar-150x150.jpg","contentUrl":"https:\/\/8a.pl\/8academy\/wp-content\/uploads\/2021\/03\/Grzegorz-Kloza-avatar-150x150.jpg","caption":"Grzegorz Kloza"},"url":"https:\/\/8a.pl\/8academy\/author\/gkloza\/"}]}},"_links":{"self":[{"href":"https:\/\/8a.pl\/8academy\/wp-json\/wp\/v2\/posts\/61000","targetHints":{"allow":["GET"]}}],"collection":[{"href":"https:\/\/8a.pl\/8academy\/wp-json\/wp\/v2\/posts"}],"about":[{"href":"https:\/\/8a.pl\/8academy\/wp-json\/wp\/v2\/types\/post"}],"author":[{"embeddable":true,"href":"https:\/\/8a.pl\/8academy\/wp-json\/wp\/v2\/users\/67"}],"replies":[{"embeddable":true,"href":"https:\/\/8a.pl\/8academy\/wp-json\/wp\/v2\/comments?post=61000"}],"version-history":[{"count":8,"href":"https:\/\/8a.pl\/8academy\/wp-json\/wp\/v2\/posts\/61000\/revisions"}],"predecessor-version":[{"id":66546,"href":"https:\/\/8a.pl\/8academy\/wp-json\/wp\/v2\/posts\/61000\/revisions\/66546"}],"wp:featuredmedia":[{"embeddable":true,"href":"https:\/\/8a.pl\/8academy\/wp-json\/wp\/v2\/media\/61009"}],"wp:attachment":[{"href":"https:\/\/8a.pl\/8academy\/wp-json\/wp\/v2\/media?parent=61000"}],"wp:term":[{"taxonomy":"category","embeddable":true,"href":"https:\/\/8a.pl\/8academy\/wp-json\/wp\/v2\/categories?post=61000"},{"taxonomy":"post_tag","embeddable":true,"href":"https:\/\/8a.pl\/8academy\/wp-json\/wp\/v2\/tags?post=61000"}],"curies":[{"name":"wp","href":"https:\/\/api.w.org\/{rel}","templated":true}]}}