{"id":60681,"date":"2022-09-21T09:00:00","date_gmt":"2022-09-21T07:00:00","guid":{"rendered":"https:\/\/8a.pl\/8academy\/?p=60681"},"modified":"2024-01-31T14:53:09","modified_gmt":"2024-01-31T13:53:09","slug":"cima-grande-jak-wejsc-na-mityczny-szczyt","status":"publish","type":"post","link":"https:\/\/8a.pl\/8academy\/cima-grande-jak-wejsc-na-mityczny-szczyt\/","title":{"rendered":"Cima Grande &#8211; jak wej\u015b\u0107 na mityczny szczyt?"},"content":{"rendered":"\n<p class=\"wp-block-paragraph\">Tre Cime di Lavaredo to jedne z najcz\u0119\u015bciej fotografowanych szczyt\u00f3w alpejskich. Kt\u00f3\u017c nie zna tej panoramy? Na pewno ka\u017cdy, kto cho\u0107 raz mia\u0142 okazj\u0119 stan\u0105\u0107 \u201etwarz\u0105 w twarz\u201d ze s\u0142ynnymi Tre Cime zastanawia\u0142 si\u0119 jak by to by\u0142o stan\u0105\u0107 na kt\u00f3rym\u015b z trzech wierzcho\u0142k\u00f3w. Strzeliste szczyty, zw\u0142aszcza podziwiane od ich najbardziej znanej strony wydaj\u0105 si\u0119 by\u0107 szalenie trudne do zdobycia. P\u00f3\u0142nocna \u015bciana Cima Grande to ponad pi\u0119\u0107set metr\u00f3w pionowej ska\u0142y, kt\u00f3ra robi wra\u017cenie nawet na do\u015bwiadczonych wspinaczach. Na szcz\u0119\u015bcie, chc\u0105c stan\u0105\u0107 na szczycie najwy\u017cszej z Cim mo\u017cemy te\u017c wykorzysta\u0107 Drog\u0119 Normaln\u0105, biegn\u0105c\u0105 po\u0142udniowo-wschodnim zboczem g\u00f3ry. I g\u0142\u00f3wnie ten wariant wej\u015bcia postaram si\u0119 opisa\u0107 w poni\u017cszym tek\u015bcie.<\/p>\n\n\n\n<p class=\"wp-block-paragraph\"><\/p>\n\n\n<div class=\"wp-block-image\">\n<figure class=\"aligncenter size-full\"><img fetchpriority=\"high\" decoding=\"async\" width=\"601\" height=\"900\" src=\"https:\/\/8a.pl\/8academy\/wp-content\/uploads\/2022\/09\/Cima-Grande01.jpg\" alt=\"\" class=\"wp-image-60684\" srcset=\"https:\/\/8a.pl\/8academy\/wp-content\/uploads\/2022\/09\/Cima-Grande01.jpg 601w, https:\/\/8a.pl\/8academy\/wp-content\/uploads\/2022\/09\/Cima-Grande01-200x300.jpg 200w\" sizes=\"(max-width: 601px) 100vw, 601px\" \/><figcaption>Po\u0142udniowa \u015bciana cho\u0107 znacznie mniej urwista, wci\u0105\u017c wydaje si\u0119 szalenie trudna do zdobycia. (fot. Piotrek Deska)<\/figcaption><\/figure>\n<\/div>\n\n\n<h2 class=\"wp-block-heading\" id=\"h-cima-grande-troche-historii\">Cima Grande &#8211; troche historii<\/h2>\n\n\n\n<p class=\"wp-block-paragraph\">Pierwsze przej\u015bcie Via Normale na Cima Grande (3003m n.p.m.) mia\u0142o miejsce w 1869 roku. Dokona\u0142o tego trzech Austriak\u00f3w: &nbsp;Paul Grohmann, Franz Innerkofler i&nbsp;Peter Salcher. Cimy przyci\u0105ga\u0142y wspinaczy i szybko sta\u0142y si\u0119 jedn\u0105 z najpopularniejszych \u015bcian w Alpach. Ju\u017c w 1933 s\u0142ynny&nbsp;Emilio Comici, oraz&nbsp;Angelo Dimai&nbsp;i&nbsp;Giuseppe Dimai&nbsp;wytyczyli drog\u0119 o trudno\u015bciach&nbsp;VI stopnia na p\u00f3\u0142nocnej \u015bcianie. Przej\u015bcie legendarnej drogi zaj\u0119\u0142o zespo\u0142owi 3 dni. Wykorzystano do tego 350 metr\u00f3w&nbsp;liny, 90&nbsp;hak\u00f3w&nbsp;oraz 40&nbsp;karabink\u00f3w. Cztery lata p\u00f3\u017aniej t\u0105 sam\u0105 drog\u0119 Comici przeszed\u0142 samotnie w 4 godziny. <\/p>\n\n\n\n<p class=\"wp-block-paragraph\">Ale wr\u00f3\u0107my do Via Normalne. Musz\u0119 przyzna\u0107, \u017ce podobnie jak w przypadku wspinaczki Filarem Dibony na tej samej g\u00f3rze, wielokrotnie klasa tych dr\u00f3g wzbudza\u0142a m\u00f3j podziw. Owszem, obecnie te drogi nie s\u0105 mo\u017ce wielkim wyczynem pod wzgl\u0119dem zar\u00f3wno sportowym czy mentalnym. Jednak patrz\u0105c na to przez pryzmat sprz\u0119tu u\u017cywanego przy pierwszych przej\u015bciach i \u201edrodze w nieznane\u201d zdobywcom naprawd\u0119 nale\u017cy si\u0119 ogromny szacun. Tego typu my\u015bli przelatywa\u0142y mi przez g\u0142ow\u0119 wielokrotnie po drodze w kierunku szczytu. Zw\u0142aszcza, \u017ce wi\u0119kszym wyzwaniem wydaje si\u0119 przede wszystkim odnalezienie w\u0142a\u015bciwej drogi na szczyt ni\u017c same trudno\u015bci techniczne.<\/p>\n\n\n\n<p class=\"wp-block-paragraph\"><\/p>\n\n\n<div class=\"wp-block-image\">\n<figure class=\"aligncenter size-full\"><img decoding=\"async\" width=\"600\" height=\"900\" src=\"https:\/\/8a.pl\/8academy\/wp-content\/uploads\/2022\/09\/Cima-Grande02.jpg\" alt=\"\" class=\"wp-image-60685\" srcset=\"https:\/\/8a.pl\/8academy\/wp-content\/uploads\/2022\/09\/Cima-Grande02.jpg 600w, https:\/\/8a.pl\/8academy\/wp-content\/uploads\/2022\/09\/Cima-Grande02-200x300.jpg 200w\" sizes=\"(max-width: 600px) 100vw, 600px\" \/><figcaption>Kluczenie pomi\u0119dzy \u015bwiat\u0142em i cieniem. (fot. Piotrek Deska)<\/figcaption><\/figure>\n<\/div>\n\n\n<h2 class=\"wp-block-heading\" id=\"h-cima-grande-gdzie-zaczynamy\">Cima Grande &#8211; gdzie zaczynamy?<\/h2>\n\n\n\n<p class=\"wp-block-paragraph\">Jak zatem zaplanowa\u0107 wycieczk\u0119 na szczyt Wielkiej Cimy? Dla wielu zespo\u0142\u00f3w Droga Normalna stanowi przede wszystkim drog\u0119 zej\u015bciow\u0105. Warto wi\u0119c pozna\u0107 j\u0105 wcze\u015bniej, \u017ceby wiedzie\u0107, kt\u00f3r\u0119dy z Cima Grande zej\u015b\u0107. Zw\u0142aszcza w przypadku, gdyby pogoda jest niepewna albo zapad\u0142by ju\u017c zmrok. Jednak dla znacznej wi\u0119kszo\u015bci Via Normale stanowi cel sam w sobie. Nie brakuje na niej zespo\u0142\u00f3w z przewodnikami i przede wszystkim taki wariant polecam wszystkim, kt\u00f3rzy chcieliby prze\u017cy\u0107 naprawd\u0119 \u015bwietn\u0105 przygod\u0119 w Dolomitach.<\/p>\n\n\n\n<p class=\"wp-block-paragraph\">Nasza przygoda zaczyna si\u0119 na parkingu przy Rifugio Auronzo. \u015apimy w samochodzie, wi\u0119c mo\u017cemy sobie pozwoli\u0107 na luksus spania do 5 rano. Szybka herbata, plecaki ju\u017c spakowane dzie\u0144 wcze\u015bniej i ruszamy pod \u015bcian\u0119. Podej\u015bcie na szcz\u0119\u015bcie w wi\u0119kszo\u015bci biegnie bit\u0105 drog\u0105 z czas\u00f3w I Wojny \u015awiatowej, wi\u0119c spor\u0105 cz\u0119\u015b\u0107 drogi mo\u017cna pokona\u0107 bardzo sprawnie. Tempo zaczyna spada\u0107 dopiero od kapliczki. Przy niej musimy zacz\u0105\u0107 zdobywa\u0107 wysoko\u015b\u0107 w kierunku \u017clebu oddzielaj\u0105cego Cima Grande i Cima Piccola. Po dotarciu do szczytu \u017clebu ubieramy uprz\u0119\u017ce, wi\u0105\u017cemy si\u0119 lin\u0105 i ruszamy charakterystyczn\u0105 rynn\u0105 do g\u00f3ry.<\/p>\n\n\n\n<p class=\"wp-block-paragraph\"><\/p>\n\n\n<div class=\"wp-block-image\">\n<figure class=\"aligncenter size-full\"><img decoding=\"async\" width=\"600\" height=\"900\" src=\"https:\/\/8a.pl\/8academy\/wp-content\/uploads\/2022\/09\/Cima-Grande03.jpg\" alt=\"Cima Grande\" class=\"wp-image-60686\" srcset=\"https:\/\/8a.pl\/8academy\/wp-content\/uploads\/2022\/09\/Cima-Grande03.jpg 600w, https:\/\/8a.pl\/8academy\/wp-content\/uploads\/2022\/09\/Cima-Grande03-200x300.jpg 200w\" sizes=\"(max-width: 600px) 100vw, 600px\" \/><figcaption>Cima Grande: im bli\u017cej szczytu, tym wi\u0119cej eksponowanych fragment\u00f3w. (fot. Piotrek Deska)<\/figcaption><\/figure>\n<\/div>\n\n\n<h2 class=\"wp-block-heading\" id=\"h-cima-grande-droga-na-szczyt\">Cima Grande &#8211; droga na szczyt<\/h2>\n\n\n\n<p class=\"wp-block-paragraph\">Chocia\u017c idziemy na \u201ekr\u00f3tkiej linie\u201d z lotn\u0105 asekuracj\u0105, to z ka\u017cdym zdobywanym wyci\u0105giem pr\u00f3buj\u0119 zapami\u0119ta\u0107 miejsca, w kt\u00f3rych s\u0105 stanowiska. Te b\u0119d\u0105 potrzebne do p\u00f3\u017aniejszych zjazd\u00f3w. Kolejne metry zdobywamy bardzo sprawnie i w do\u015b\u0107 szybkim tempie pokonujemy pierwszy fragment \u015bciany. Na pewno spora w tym zas\u0142uga faktu, \u017ce pod startem drogi zameldowali\u015bmy si\u0119 jako jeden z pierwszych zespo\u0142\u00f3w. W nagrod\u0119 wchodzimy w teren, kt\u00f3ry wysi\u0142ek rekompensuje coraz lepszymi widokami.<\/p>\n\n\n\n<p class=\"wp-block-paragraph\"><\/p>\n\n\n<div class=\"wp-block-image\">\n<figure class=\"aligncenter size-full\"><img loading=\"lazy\" decoding=\"async\" width=\"600\" height=\"900\" src=\"https:\/\/8a.pl\/8academy\/wp-content\/uploads\/2022\/09\/Cima-Grande04.jpg\" alt=\"Cima Grande\" class=\"wp-image-60687\" srcset=\"https:\/\/8a.pl\/8academy\/wp-content\/uploads\/2022\/09\/Cima-Grande04.jpg 600w, https:\/\/8a.pl\/8academy\/wp-content\/uploads\/2022\/09\/Cima-Grande04-200x300.jpg 200w\" sizes=\"(max-width: 600px) 100vw, 600px\" \/><figcaption>Cima Grande: widoki z g\u00f3rnych p\u00f3\u0142ek zapieraj\u0105 dech. (fot. Piotrek Deska)<\/figcaption><\/figure>\n<\/div>\n\n\n<p class=\"wp-block-paragraph\">Ku mojemu zaskoczeniu, praktycznie ca\u0142a Droga Normalna to teren bardziej wspinaczkowy ni\u017c turystyczny. Przyznam szczerze, \u017ce spodziewa\u0142em si\u0119 nieco innych proporcji. Oczywi\u015bcie jest to zaskoczenie w pozytywnym znaczeniu, bo naprawd\u0119 taka wycieczka okazuje si\u0119 by\u0107 bardzo fajn\u0105 g\u00f3rsk\u0105 przygod\u0105. Odrobin\u0119 oddechu pozwala z\u0142apa\u0107 teren na g\u00f3rnych p\u00f3\u0142kach, kt\u00f3re otaczaj\u0105 niemal ca\u0142\u0105 g\u00f3r\u0119 dooko\u0142a. Miejsce pozwala napawa\u0107 si\u0119 widokami zanim ruszymy na ostatni odcinek prowadz\u0105cy na szczyt.<\/p>\n\n\n\n<p class=\"wp-block-paragraph\"><\/p>\n\n\n<div class=\"wp-block-image\">\n<figure class=\"aligncenter size-full\"><img loading=\"lazy\" decoding=\"async\" width=\"600\" height=\"900\" src=\"https:\/\/8a.pl\/8academy\/wp-content\/uploads\/2022\/09\/Cima-Grande05.jpg\" alt=\"Jak wej\u015b\u0107 na Cima Grande\" class=\"wp-image-60688\" srcset=\"https:\/\/8a.pl\/8academy\/wp-content\/uploads\/2022\/09\/Cima-Grande05.jpg 600w, https:\/\/8a.pl\/8academy\/wp-content\/uploads\/2022\/09\/Cima-Grande05-200x300.jpg 200w\" sizes=\"(max-width: 600px) 100vw, 600px\" \/><figcaption>Cima Grande: powy\u017cej p\u00f3\u0142ek mo\u017cemy w pe\u0142nej krasie podziwia\u0107 s\u0105siednie Cimy. (fot. Piotrek Deska)<\/figcaption><\/figure>\n<\/div>\n\n\n<p class=\"wp-block-paragraph\">Wreszcie docieramy na szczyt, gdzie mamy okazj\u0119 sp\u0119dzi\u0107 do\u015b\u0107 sporo czasu. Uda\u0142o nam si\u0119 pokona\u0107 Via Normale w dobrym tempie. Do tego pogoda jest po naszej stronie, wi\u0119c korzystamy z tego. Czas na zdj\u0119cia, czekolad\u0119, podziwianie widocznego w oddali Grossglocknera i oczywi\u015bcie wpis do ksi\u0105\u017cki szczytowej. W mi\u0119dzyczasie pojawiaj\u0105 si\u0119 kolejne zespo\u0142y i robi si\u0119 coraz bardziej t\u0142oczno. Po ponad godzinie sp\u0119dzonej na piku postanawiamy rusza\u0107 w d\u00f3\u0142.<\/p>\n\n\n\n<p class=\"wp-block-paragraph\">Co ciekawe, pokonanie ca\u0142ej drogi z powrotem w d\u00f3\u0142 zajmuje nam wi\u0119cej czasu ni\u017c wspinaczka w g\u00f3r\u0119. Na pewno jest to w du\u017cy stopniu spowodowane konieczno\u015bci\u0105 wykonania kilkunastu zjazd\u00f3w, klarowania liny, a przede wszystkim oczekiwania w kolejkach przy stanowiskach. Zm\u0119czeni ale naprawd\u0119 zadowoleni docieramy z powrotem na parking na zas\u0142u\u017cony obiad. Droga zej\u015bciowa pod kolejne cele rozpoznana, a przy tym prze\u017cyli\u015bmy kolejn\u0105 \u015bwietn\u0105 przygod\u0119 w g\u00f3rach.<\/p>\n\n\n\n<p class=\"wp-block-paragraph\"><\/p>\n\n\n<div class=\"wp-block-image\">\n<figure class=\"aligncenter size-full\"><img loading=\"lazy\" decoding=\"async\" width=\"601\" height=\"900\" src=\"https:\/\/8a.pl\/8academy\/wp-content\/uploads\/2022\/09\/Grossglockner.jpg\" alt=\"Cima Grande\" class=\"wp-image-60691\" srcset=\"https:\/\/8a.pl\/8academy\/wp-content\/uploads\/2022\/09\/Grossglockner.jpg 601w, https:\/\/8a.pl\/8academy\/wp-content\/uploads\/2022\/09\/Grossglockner-200x300.jpg 200w\" sizes=\"(max-width: 601px) 100vw, 601px\" \/><figcaption>Grossglockner widziany ze szczytu Cima Grande (fot. Piotrek Deska)<\/figcaption><\/figure>\n<\/div>\n\n\n<h2 class=\"wp-block-heading\" id=\"h-via-normale-na-cima-grande-dla-kogo\">Via Normale na Cima Grande &#8211; dla kogo?<\/h2>\n\n\n\n<p class=\"wp-block-paragraph\">Je\u015bli zach\u0119ci\u0142a Was ta relacja, \u017ceby spr\u00f3bowa\u0107 swoich si\u0142 na Cima Grande, poni\u017cej gar\u015b\u0107 informacji jako kr\u00f3tkie podsumowanie. Najlepszy sezon na Dolomity to okres wakacyjny. Potrafi oczywi\u015bcie by\u0107 burzowo, ale s\u0105 te\u017c d\u0142ugie okresy bardzo dobrej pogody. Jak w ka\u017cdych g\u00f3rach, im wcze\u015bniej wyjdziemy, tym wi\u0119ksza szansa, \u017ce przed popo\u0142udniowym za\u0142amaniem pogody b\u0119dziemy ju\u017c z powrotem na parkingu. A jak przy parkingu jeste\u015bmy, to ten niestety do tanich nie nale\u017cy i za wjazd pod Tre Cime musimy zap\u0142aci\u0107 30\u20ac za ka\u017cdy dzie\u0144 postoju.<\/p>\n\n\n\n<p class=\"wp-block-paragraph\">Ca\u0142o\u015b\u0107 od podstawy \u015bciany do szczytu i z powrotem do podstawy zaj\u0119\u0142a nam nieca\u0142e 8 godzin. 3h w g\u00f3r\u0119, oko\u0142o 1,5h na szczycie i 3,5h w d\u00f3\u0142.<\/p>\n\n\n\n<p class=\"wp-block-paragraph\">Dla tych, kt\u00f3rzy nie maj\u0105 wystarczaj\u0105cego g\u00f3rskiego do\u015bwiadczenia polecam wybra\u0107 opcj\u0119 wej\u015bcia z przewodnikiem. Bez problemu tak\u0105 mo\u017cliwo\u015b\u0107 oferuj\u0105 praktycznie wszyscy przewodnicy z uprawnieniami IVBV. Bez trudu znajdziemy takich w Polsce, ale gdyby kto\u015b wpad\u0142 na pomys\u0142 wej\u015bcia last minute, to r\u00f3wnie\u017c w okolicach Cortiny d\u2019Ampezzo dzia\u0142a ca\u0142kiem sporo lokalnych guide\u2019\u00f3w.<\/p>\n\n\n\n<p class=\"wp-block-paragraph\"><\/p>\n\n\n<div class=\"wp-block-image\">\n<figure class=\"aligncenter size-full\"><img loading=\"lazy\" decoding=\"async\" width=\"600\" height=\"900\" src=\"https:\/\/8a.pl\/8academy\/wp-content\/uploads\/2022\/09\/Cima-Grande07.jpg\" alt=\"Cima Grande\" class=\"wp-image-60690\" srcset=\"https:\/\/8a.pl\/8academy\/wp-content\/uploads\/2022\/09\/Cima-Grande07.jpg 600w, https:\/\/8a.pl\/8academy\/wp-content\/uploads\/2022\/09\/Cima-Grande07-200x300.jpg 200w\" sizes=\"(max-width: 600px) 100vw, 600px\" \/><figcaption>Cima Grande: spor\u0105 cz\u0119\u015b\u0107 drogi w d\u00f3\u0142 pokonujemy zjazdami. (fot. Piotrek Deska)<\/figcaption><\/figure>\n<\/div>\n\n\n<h2 class=\"wp-block-heading\" id=\"h-co-zabrac\">Co zabra\u0107?<\/h2>\n\n\n\n<p class=\"wp-block-paragraph\">Je\u015bli jednak do tego miejsca dotar\u0142 te\u017c kto\u015b, kto planuje powspina\u0107 si\u0119 na Cima Grande i chce najpierw rozpozna\u0107 drog\u0119 zej\u015bciow\u0105, to na pewno pomocna mo\u017ce by\u0107 poni\u017csza lista szpeju.<\/p>\n\n\n\n<ul class=\"wp-block-list\"><li><a href=\"https:\/\/8a.pl\/liny-dynamiczne\" target=\"_blank\" rel=\"noreferrer noopener\">Lina dynamiczna<\/a> \u2013 wystarczy pojedyncza. Stanowiska do zjazd\u00f3w s\u0105 do\u015b\u0107 g\u0119sto, ale dobrze mie\u0107 przynajmniej 60m. Druga \u017cy\u0142a w\u0142a\u015bciwie tylko w jednym miejscu pozwala oszcz\u0119dzi\u0107 sporo czasu, ale mo\u017cna te\u017c dogada\u0107 si\u0119 z innym zespo\u0142em je\u015bli akurat kto\u015b te\u017c schodzi i po\u0142\u0105czy\u0107 si\u0142y (i liny).<\/li><li><a href=\"https:\/\/8a.pl\/kaski-wspinaczkowe\" target=\"_blank\" rel=\"noreferrer noopener\">Kask wspinaczkowy<\/a> &#8211; obowi\u0105zkowo. Teren na Cima Grande bywa kruchy, \u0142atwo o spadaj\u0105ce kamienie.<\/li><li><a href=\"https:\/\/8a.pl\/uprzeze-wspinaczkowe\" target=\"_blank\" rel=\"noreferrer noopener\">Uprz\u0105\u017c wspinaczkowa<\/a> &#8211; lekka i wygodna. U\u017cywali\u015bmy <a href=\"https:\/\/8a.pl\/uprzaz-wspinaczkowa-blue-ice-addax-blue-2019\" target=\"_blank\" rel=\"noreferrer noopener\">Blue Ice Addax<\/a> i sprawdza si\u0119 \u015bwietnie.<\/li><li>Ekspresy wspinaczkowe &#8211; 4-6 sztuk wystarczy. Najlepiej wzi\u0105\u0107 ekspresy g\u00f3rskie z d\u0142ug\u0105 ta\u015bm\u0105 takie jak <a href=\"https:\/\/8a.pl\/ekspres-ocun-kestrel-qd-dyn-8-60-cm-orange\" target=\"_blank\" rel=\"noreferrer noopener\">Ocun Kestrel QD DYN 8<\/a>.<\/li><li>Podstawowe <a href=\"https:\/\/8a.pl\/friendy-wspinaczkowe\" target=\"_blank\" rel=\"noreferrer noopener\">friendy wspinaczkowe<\/a> &#8211; prowadz\u0105c u\u017cy\u0142em mo\u017ce dw\u00f3ch (zielony i czerwony) na ca\u0142ej drodze.<\/li><li><a href=\"https:\/\/8a.pl\/przyrzady-zjazdowe\" target=\"_blank\" rel=\"noreferrer noopener\">Przyrz\u0105d zjazdowy<\/a> i bloker np z <a href=\"https:\/\/8a.pl\/repsznury\" target=\"_blank\" rel=\"noreferrer noopener\">repsznura<\/a>. <\/li><\/ul>\n\n\n\n<p class=\"wp-block-paragraph\"><\/p>\n\n\n<div class=\"wp-block-image\">\n<figure class=\"aligncenter size-full\"><img loading=\"lazy\" decoding=\"async\" width=\"600\" height=\"900\" src=\"https:\/\/8a.pl\/8academy\/wp-content\/uploads\/2022\/09\/Cima-Grande-09.jpg\" alt=\"\" class=\"wp-image-60758\" srcset=\"https:\/\/8a.pl\/8academy\/wp-content\/uploads\/2022\/09\/Cima-Grande-09.jpg 600w, https:\/\/8a.pl\/8academy\/wp-content\/uploads\/2022\/09\/Cima-Grande-09-200x300.jpg 200w\" sizes=\"(max-width: 600px) 100vw, 600px\" \/><figcaption>Pocz\u0105tek podej\u015bcia na Via Normale. (fot. Piotrek Deska)<\/figcaption><\/figure>\n<\/div>\n\n\n<p class=\"wp-block-paragraph\"><em>[Lubisz zdj\u0119cia Piotrka Deski? Pos\u0142uchaj jak Piotrek opowiada o <a href=\"https:\/\/8a.pl\/8academy\/fotografia-wspinaczkowa-zapis-podcastu\/\" target=\"_blank\" rel=\"noreferrer noopener\">fotografii wspinaczkowej<\/a>]<\/em><\/p>\n","protected":false},"excerpt":{"rendered":"<p>Marzy Ci si\u0119 wej\u015bcie na Cima Grande? Nie musisz wybiera\u0107 jednej z dr\u00f3g wspinaczkowych. Na szczyt prowadzi tak\u017ce Via Normalne. Nie jest to jednak trekking a droga wymagaj\u0105ca podstawowych umiej\u0119tno\u015bci wspinaczkowych. <\/p>\n","protected":false},"author":41,"featured_media":60683,"comment_status":"closed","ping_status":"closed","sticky":false,"template":"","format":"standard","meta":{"_acf_changed":false,"_uf_show_specific_survey":0,"_uf_disable_surveys":false,"footnotes":""},"categories":[26071],"tags":[26086,26083,26082,26077,26081,26088],"class_list":["post-60681","post","type-post","status-publish","format-standard","has-post-thumbnail","hentry","category-alpinizm","tag-alpinizm","tag-jesien","tag-lato","tag-przewodnik","tag-wiosna","tag-wspinaczka_skalkowa"],"acf":[],"yoast_head":"<!-- This site is optimized with the Yoast SEO Premium plugin v23.4 (Yoast SEO v25.5) - https:\/\/yoast.com\/wordpress\/plugins\/seo\/ -->\n<title>Cima Grande - jak wej\u015b\u0107 na mityczny szczyt? | 8academy<\/title>\n<meta name=\"description\" content=\"Marzy Ci si\u0119 wej\u015bcie na Cima Grande? Nie musisz wybiera\u0107 jednej z dr\u00f3g wspinaczkowych. Na szczyt prowadzi tak\u017ce Via Normalne.\" \/>\n<meta name=\"robots\" content=\"index, follow, max-snippet:-1, max-image-preview:large, max-video-preview:-1\" \/>\n<link rel=\"canonical\" href=\"https:\/\/8a.pl\/8academy\/cima-grande-jak-wejsc-na-mityczny-szczyt\/\" \/>\n<meta property=\"og:locale\" content=\"pl_PL\" \/>\n<meta property=\"og:type\" content=\"article\" \/>\n<meta property=\"og:title\" content=\"Cima Grande - jak wej\u015b\u0107 na mityczny szczyt?\" \/>\n<meta property=\"og:description\" content=\"Marzy Ci si\u0119 wej\u015bcie na Cima Grande? Nie musisz wybiera\u0107 jednej z dr\u00f3g wspinaczkowych. Na szczyt prowadzi tak\u017ce Via Normalne.\" \/>\n<meta property=\"og:url\" content=\"https:\/\/8a.pl\/8academy\/cima-grande-jak-wejsc-na-mityczny-szczyt\/\" \/>\n<meta property=\"og:site_name\" content=\"8academy.pl - portal g\u00f3rski i wspinaczkowy dla aktywnych\" \/>\n<meta property=\"article:publisher\" content=\"https:\/\/pl-pl.facebook.com\/sklep8apl\/\" \/>\n<meta property=\"article:published_time\" content=\"2022-09-21T07:00:00+00:00\" \/>\n<meta property=\"article:modified_time\" content=\"2024-01-31T13:53:09+00:00\" \/>\n<meta property=\"og:image\" content=\"http:\/\/8a.pl\/8academy\/wp-content\/uploads\/2022\/09\/8ACADEMY_FB_-5.jpg\" \/>\n\t<meta property=\"og:image:width\" content=\"1200\" \/>\n\t<meta property=\"og:image:height\" content=\"628\" \/>\n\t<meta property=\"og:image:type\" content=\"image\/jpeg\" \/>\n<meta name=\"author\" content=\"Piotr Deska\" \/>\n<meta name=\"twitter:card\" content=\"summary_large_image\" \/>\n<meta name=\"twitter:label1\" content=\"Napisane przez\" \/>\n\t<meta name=\"twitter:data1\" content=\"Piotr Deska\" \/>\n\t<meta name=\"twitter:label2\" content=\"Szacowany czas czytania\" \/>\n\t<meta name=\"twitter:data2\" content=\"9 minut\" \/>\n<!-- \/ Yoast SEO Premium plugin. -->","yoast_head_json":{"title":"Cima Grande - jak wej\u015b\u0107 na mityczny szczyt? | 8academy","description":"Marzy Ci si\u0119 wej\u015bcie na Cima Grande? Nie musisz wybiera\u0107 jednej z dr\u00f3g wspinaczkowych. Na szczyt prowadzi tak\u017ce Via Normalne.","robots":{"index":"index","follow":"follow","max-snippet":"max-snippet:-1","max-image-preview":"max-image-preview:large","max-video-preview":"max-video-preview:-1"},"canonical":"https:\/\/8a.pl\/8academy\/cima-grande-jak-wejsc-na-mityczny-szczyt\/","og_locale":"pl_PL","og_type":"article","og_title":"Cima Grande - jak wej\u015b\u0107 na mityczny szczyt?","og_description":"Marzy Ci si\u0119 wej\u015bcie na Cima Grande? Nie musisz wybiera\u0107 jednej z dr\u00f3g wspinaczkowych. Na szczyt prowadzi tak\u017ce Via Normalne.","og_url":"https:\/\/8a.pl\/8academy\/cima-grande-jak-wejsc-na-mityczny-szczyt\/","og_site_name":"8academy.pl - portal g\u00f3rski i wspinaczkowy dla aktywnych","article_publisher":"https:\/\/pl-pl.facebook.com\/sklep8apl\/","article_published_time":"2022-09-21T07:00:00+00:00","article_modified_time":"2024-01-31T13:53:09+00:00","og_image":[{"width":1200,"height":628,"url":"http:\/\/8a.pl\/8academy\/wp-content\/uploads\/2022\/09\/8ACADEMY_FB_-5.jpg","type":"image\/jpeg"}],"author":"Piotr Deska","twitter_card":"summary_large_image","twitter_misc":{"Napisane przez":"Piotr Deska","Szacowany czas czytania":"9 minut"},"schema":{"@context":"https:\/\/schema.org","@graph":[{"@type":"Article","@id":"https:\/\/8a.pl\/8academy\/cima-grande-jak-wejsc-na-mityczny-szczyt\/#article","isPartOf":{"@id":"https:\/\/8a.pl\/8academy\/cima-grande-jak-wejsc-na-mityczny-szczyt\/"},"author":{"name":"Piotr Deska","@id":"https:\/\/8a.pl\/8academy\/#\/schema\/person\/7528cc81082f51b03a6f99dfe3bfbac6"},"headline":"Cima Grande &#8211; jak wej\u015b\u0107 na mityczny szczyt?","datePublished":"2022-09-21T07:00:00+00:00","dateModified":"2024-01-31T13:53:09+00:00","mainEntityOfPage":{"@id":"https:\/\/8a.pl\/8academy\/cima-grande-jak-wejsc-na-mityczny-szczyt\/"},"wordCount":1385,"publisher":{"@id":"https:\/\/8a.pl\/8academy\/#organization"},"image":{"@id":"https:\/\/8a.pl\/8academy\/cima-grande-jak-wejsc-na-mityczny-szczyt\/#primaryimage"},"thumbnailUrl":"https:\/\/8a.pl\/8academy\/wp-content\/uploads\/2022\/09\/cover-1.jpg","keywords":["Alpinizm","Jesie\u0144","Lato","Przewodnik","Wiosna","Wspinaczka ska\u0142kowa"],"articleSection":["Alpinizm"],"inLanguage":"pl-PL"},{"@type":"WebPage","@id":"https:\/\/8a.pl\/8academy\/cima-grande-jak-wejsc-na-mityczny-szczyt\/","url":"https:\/\/8a.pl\/8academy\/cima-grande-jak-wejsc-na-mityczny-szczyt\/","name":"Cima Grande - jak wej\u015b\u0107 na mityczny szczyt? | 8academy","isPartOf":{"@id":"https:\/\/8a.pl\/8academy\/#website"},"primaryImageOfPage":{"@id":"https:\/\/8a.pl\/8academy\/cima-grande-jak-wejsc-na-mityczny-szczyt\/#primaryimage"},"image":{"@id":"https:\/\/8a.pl\/8academy\/cima-grande-jak-wejsc-na-mityczny-szczyt\/#primaryimage"},"thumbnailUrl":"https:\/\/8a.pl\/8academy\/wp-content\/uploads\/2022\/09\/cover-1.jpg","datePublished":"2022-09-21T07:00:00+00:00","dateModified":"2024-01-31T13:53:09+00:00","description":"Marzy Ci si\u0119 wej\u015bcie na Cima Grande? Nie musisz wybiera\u0107 jednej z dr\u00f3g wspinaczkowych. Na szczyt prowadzi tak\u017ce Via Normalne.","breadcrumb":{"@id":"https:\/\/8a.pl\/8academy\/cima-grande-jak-wejsc-na-mityczny-szczyt\/#breadcrumb"},"inLanguage":"pl-PL","potentialAction":[{"@type":"ReadAction","target":["https:\/\/8a.pl\/8academy\/cima-grande-jak-wejsc-na-mityczny-szczyt\/"]}]},{"@type":"ImageObject","inLanguage":"pl-PL","@id":"https:\/\/8a.pl\/8academy\/cima-grande-jak-wejsc-na-mityczny-szczyt\/#primaryimage","url":"https:\/\/8a.pl\/8academy\/wp-content\/uploads\/2022\/09\/cover-1.jpg","contentUrl":"https:\/\/8a.pl\/8academy\/wp-content\/uploads\/2022\/09\/cover-1.jpg","width":1100,"height":715},{"@type":"BreadcrumbList","@id":"https:\/\/8a.pl\/8academy\/cima-grande-jak-wejsc-na-mityczny-szczyt\/#breadcrumb","itemListElement":[{"@type":"ListItem","position":1,"name":"Strona g\u0142\u00f3wna","item":"https:\/\/8a.pl\/8academy\/"},{"@type":"ListItem","position":2,"name":"Cima Grande &#8211; jak wej\u015b\u0107 na mityczny szczyt?"}]},{"@type":"WebSite","@id":"https:\/\/8a.pl\/8academy\/#website","url":"https:\/\/8a.pl\/8academy\/","name":"8academy.pl - portal g\u00f3rski i wspinaczkowy dla aktywnych","description":"8academy to portal g\u00f3rski o wspinaczce, trekkingu i skiturach. Znajdziesz tu porady, testy sprz\u0119tu i opisy najlepszych rejon\u00f3w. Inspirujemy zdobywc\u00f3w!","publisher":{"@id":"https:\/\/8a.pl\/8academy\/#organization"},"potentialAction":[{"@type":"SearchAction","target":{"@type":"EntryPoint","urlTemplate":"https:\/\/8a.pl\/8academy\/?s={search_term_string}"},"query-input":{"@type":"PropertyValueSpecification","valueRequired":true,"valueName":"search_term_string"}}],"inLanguage":"pl-PL"},{"@type":"Organization","@id":"https:\/\/8a.pl\/8academy\/#organization","name":"8academy.pl - portal g\u00f3rski i wspinaczkowy dla aktywnych","url":"https:\/\/8a.pl\/8academy\/","logo":{"@type":"ImageObject","inLanguage":"pl-PL","@id":"https:\/\/8a.pl\/8academy\/#\/schema\/logo\/image\/","url":"https:\/\/8a.pl\/8academy\/wp-content\/uploads\/2015\/11\/logo.png","contentUrl":"https:\/\/8a.pl\/8academy\/wp-content\/uploads\/2015\/11\/logo.png","width":438,"height":315,"caption":"8academy.pl - portal g\u00f3rski i wspinaczkowy dla aktywnych"},"image":{"@id":"https:\/\/8a.pl\/8academy\/#\/schema\/logo\/image\/"},"sameAs":["https:\/\/pl-pl.facebook.com\/sklep8apl\/","https:\/\/www.instagram.com\/8apl\/"]},{"@type":"Person","@id":"https:\/\/8a.pl\/8academy\/#\/schema\/person\/7528cc81082f51b03a6f99dfe3bfbac6","name":"Piotr Deska","image":{"@type":"ImageObject","inLanguage":"pl-PL","@id":"https:\/\/8a.pl\/8academy\/#\/schema\/person\/image\/","url":"https:\/\/8a.pl\/8academy\/wp-content\/uploads\/2021\/03\/Piotr-Deska-avatar-150x150.jpg","contentUrl":"https:\/\/8a.pl\/8academy\/wp-content\/uploads\/2021\/03\/Piotr-Deska-avatar-150x150.jpg","caption":"Piotr Deska"},"url":"https:\/\/8a.pl\/8academy\/author\/deska\/"}]}},"_links":{"self":[{"href":"https:\/\/8a.pl\/8academy\/wp-json\/wp\/v2\/posts\/60681","targetHints":{"allow":["GET"]}}],"collection":[{"href":"https:\/\/8a.pl\/8academy\/wp-json\/wp\/v2\/posts"}],"about":[{"href":"https:\/\/8a.pl\/8academy\/wp-json\/wp\/v2\/types\/post"}],"author":[{"embeddable":true,"href":"https:\/\/8a.pl\/8academy\/wp-json\/wp\/v2\/users\/41"}],"replies":[{"embeddable":true,"href":"https:\/\/8a.pl\/8academy\/wp-json\/wp\/v2\/comments?post=60681"}],"version-history":[{"count":15,"href":"https:\/\/8a.pl\/8academy\/wp-json\/wp\/v2\/posts\/60681\/revisions"}],"predecessor-version":[{"id":67113,"href":"https:\/\/8a.pl\/8academy\/wp-json\/wp\/v2\/posts\/60681\/revisions\/67113"}],"wp:featuredmedia":[{"embeddable":true,"href":"https:\/\/8a.pl\/8academy\/wp-json\/wp\/v2\/media\/60683"}],"wp:attachment":[{"href":"https:\/\/8a.pl\/8academy\/wp-json\/wp\/v2\/media?parent=60681"}],"wp:term":[{"taxonomy":"category","embeddable":true,"href":"https:\/\/8a.pl\/8academy\/wp-json\/wp\/v2\/categories?post=60681"},{"taxonomy":"post_tag","embeddable":true,"href":"https:\/\/8a.pl\/8academy\/wp-json\/wp\/v2\/tags?post=60681"}],"curies":[{"name":"wp","href":"https:\/\/api.w.org\/{rel}","templated":true}]}}