{"id":60325,"date":"2023-10-06T10:50:11","date_gmt":"2023-10-06T08:50:11","guid":{"rendered":"https:\/\/8a.pl\/8academy\/?p=60325"},"modified":"2024-07-16T09:40:58","modified_gmt":"2024-07-16T07:40:58","slug":"broad-peak-waska-historia-szerokiego-szczytu","status":"publish","type":"post","link":"https:\/\/8a.pl\/8academy\/broad-peak-waska-historia-szerokiego-szczytu\/","title":{"rendered":"Broad Peak &#8211; w\u0105ska historia szerokiego szczytu"},"content":{"rendered":"\n<p class=\"wp-block-paragraph\">Cho\u0107 jest jednym z najni\u017cszych o\u015bmiotysi\u0119cznik\u00f3w (8051m n.p.m), Broad Peak rozpala wyobra\u017ani\u0119 wielu alpinist\u00f3w i jest jednym z najbardziej popularnych szczyt\u00f3w Korony Himalaj\u00f3w i Karakorum. Wielu wybiera go na sw\u00f3j pierwszy o\u015bmiotysi\u0119czny cel. Stosunkowo niewielka wysoko\u015b\u0107 oraz du\u017ca popularno\u015b\u0107 wcale nie oznacza, \u017ce Broad Peak jest \u0142atwym do zdobycia szczytem. Nie ma \u0142atwych o\u015bmiotysi\u0119cznik\u00f3w &#8211; podkre\u015bla wielu himalaist\u00f3w. Broad Peak w szczeg\u00f3lny spos\u00f3b zapisa\u0142 si\u0119 r\u00f3wnie\u017c na kartach historii polskiego himalaizmu &#8211; niestety tyle\u017c triumfalnie co tragicznie. <\/p>\n\n\n\n<h2 class=\"wp-block-heading\" id=\"h-broad-peak-troche-geografii\">Broad Peak &#8211; troch\u0119 geografii<\/h2>\n\n\n\n<p class=\"wp-block-paragraph\">Szczyt po\u0142o\u017cony jest w pasmie Karakorum rozci\u0105gaj\u0105cym si\u0119 na pograniczu Indii, Pakistanu i Chin w masywie Gasherbrum. Masyw ten zamyka pot\u0119\u017cn\u0105 dolin\u0119, dnem kt\u00f3rej p\u0142ynie lodowiec Baltoro. Szczyt ma zacne s\u0105siedztwo &#8211; okolica Broad Peaku to nagromadzenie osmiotysi\u0119cznik\u00f3w. Na po\u0142udniowy wsch\u00f3d od niego po\u0142o\u017cone s\u0105 Gasherbrum I (8080m n.p.m) oraz Gasherbrum II (8035m n..p.m). Zaledwie 9km w linii prostej na p\u00f3\u0142noc stoi za\u015b s\u0142ynne K2. Broad Peak le\u017cy dok\u0142adnie na granicy Pakistanu (od zachodu) i Chin (od wschodu). Pot\u0119\u017cna \u015bciana Broad Peak dominuje nad Concordi\u0105 &#8211; miejscem gdzie spotykaj\u0105 si\u0119 j\u0119zory lodowc\u00f3w Baltoro i Godwin-Austen.<\/p>\n\n\n\n<h2 class=\"wp-block-heading\" id=\"h-skad-taka-nazwa\">Sk\u0105d taka nazwa?<\/h2>\n\n\n\n<p class=\"wp-block-paragraph\">W pierwszej klasyfikacji szczyt\u00f3w Karakorum g\u00f3ra dosta\u0142a nazw\u0119 K3. Jednak niewiele p\u00f3\u017aniej, w 1892 roku, Brytyjczyk Martin Conway wprowadzi\u0142 funkcjonuj\u0105c\u0105 do dzi\u015b nazw\u0119 Broad Peak. Dlaczego? Wystarczy spojrze\u0107 na t\u0105 g\u00f3r\u0119 &#8211; ma nietypowy kszta\u0142t. G\u00f3ra jest niezwykle roz\u0142o\u017cysta i ma a\u017c pi\u0119\u0107 wierzcho\u0142k\u00f3w:&nbsp;Broad Peak g\u0142\u00f3wny&nbsp;o wysoko\u015bci 8051 m, tzw. przedwierzcho\u0142ek&nbsp;Rocky Summit&nbsp;8028 m,&nbsp;Broad Peak Central&nbsp;8011 m,&nbsp;Broad Peak North&nbsp;7490 m,&nbsp;Kharut Kangri&nbsp;6942 m. Mo\u017cna znale\u017a\u0107 r\u00f3wnie\u017c nazw\u0119 Falchan Kangri co w j\u0119zyku balti oznacza dok\u0142adnie to samo co Broad Peak. Od strony zachodniej wysoko\u015b\u0107 wzgl\u0119dna szczytu wynosi oko\u0142o 3250 metr\u00f3w. To w\u0142a\u015bnie t\u0119dy, z bazy po\u0142o\u017conej na wysoko\u015bci 4900m n.p.m, wiedzie droga klasyczna na szczyt.<\/p>\n\n\n\n<p class=\"wp-block-paragraph\"><\/p>\n\n\n<div class=\"wp-block-image\">\n<figure class=\"aligncenter size-full\"><img fetchpriority=\"high\" decoding=\"async\" width=\"600\" height=\"900\" src=\"https:\/\/8a.pl\/8academy\/wp-content\/uploads\/2022\/08\/daniel-born-1V4jbkPXVnI-unsplash01.jpg\" alt=\"\" class=\"wp-image-60392\" srcset=\"https:\/\/8a.pl\/8academy\/wp-content\/uploads\/2022\/08\/daniel-born-1V4jbkPXVnI-unsplash01.jpg 600w, https:\/\/8a.pl\/8academy\/wp-content\/uploads\/2022\/08\/daniel-born-1V4jbkPXVnI-unsplash01-200x300.jpg 200w\" sizes=\"(max-width: 600px) 100vw, 600px\" \/><figcaption class=\"wp-element-caption\">Broad Peak w ca\u0142ym swym majestacie i grozie (fot. Daniel Born via Unsplash)<\/figcaption><\/figure>\n<\/div>\n\n\n<h2 class=\"wp-block-heading\" id=\"h-broad-peak-historia-podboju\">Broad Peak &#8211; historia podboju<\/h2>\n\n\n\n<p class=\"wp-block-paragraph\">Broad Peak to g\u00f3ra wyj\u0105tkowo polska. Cho\u0107 pierwszego wej\u015bcia dokonali 9 czerwca 1957 roku Austriacy Hermann Buhl,&nbsp;Kurt Diemberger,&nbsp;Marcus Schmuck,&nbsp;Fritz Wintersteller&nbsp;to Polacy zapisali si\u0119 w kronice szczytu ju\u017c w 1975 roku. 28 lipca Kazimierz G\u0142azek,&nbsp;Janusz Kuli\u015b,&nbsp;Marek K\u0119sicki,&nbsp;Bohdan Nowaczyk,&nbsp;Andrzej Sikorski zdobyli \u015brodkowy wierzcho\u0142ek. Niestety trzej ostatni himalai\u015bci zgin\u0119li podczas zej\u015bcia. W 1983 roku pierwsz\u0105 kobiet\u0105 na szczycie Broad Peak zosta\u0142a Polka &#8211; Krystyna Palmowska. Anna Czerwi\u0144ska dotar\u0142a za\u015b do przedwierzcho\u0142ka Rocky Summit. <\/p>\n\n\n\n<p class=\"wp-block-paragraph\">Rok p\u00f3\u017aniej prze\u0142omowego wyczynu dokona\u0142 Krzysztof Wielicki zdobywaj\u0105c szczyt samotnie i to w ci\u0105gu jednego dnia (akcja g\u00f3rska trwa\u0142a 21,5h). Tego samego roku Jerzy Kukuczka i Wojciech Kurtyka dokonali pierwszego trawersu wszystkich wierzcho\u0142k\u00f3w g\u00f3ry. Zim\u0105 1987\/1988 na szczyt wyruszy\u0142a polsko-kanadyjska wyprawa zimowa pod kierownictwem Andrzeja Zawady. Wtedy to Maciej Berbeka, wspinaj\u0105c si\u0119 w stylu alpejskim wraz z Aleksandrem Lwowem dotar\u0142 na przedwierzcho\u0142ek Rocky Summit. Berbeka by\u0142 przekonany, \u017ce jest na szczycie. \u017be by\u0142 w b\u0142\u0119dzie dowiedzia\u0142 si\u0119 dopiero w bazie. Rocky Summit, cho\u0107 ni\u017cszy od g\u0142\u00f3wnego szczytu raptem o 23m, jest jednak od niego oddalony o godzin\u0119 drogi grani\u0105. W 1992 roku ekipa z Hiszpanii wytyczy\u0142a drog\u0119 na szczyt od strony chi\u0144skiej a dwa lata p\u00f3\u017aniej now\u0105 drog\u0119 od strony pakista\u0144skiej wytyczy\u0142 s\u0142ynny Carlos Carsolio. <\/p>\n\n\n\n<p class=\"wp-block-paragraph\">Pi\u0119kn\u0105 kart\u0119 do historii podboju tej g\u00f3r dopisa\u0142 25 lipca 2015 roku Andrzej Bargiel wpierw samotnie wchodz\u0105c na szczyt a potem dokonuj\u0105c pierwszego zjazdu na nartach.<\/p>\n\n\n\n<h2 class=\"wp-block-heading\" id=\"h-droga-klasyczna\">Droga klasyczna<\/h2>\n\n\n\n<p class=\"wp-block-paragraph\">Cho\u0107 dzi\u015b na szczyt wiedzie ju\u017c wiele dr\u00f3g, wci\u0105\u017c najcz\u0119\u015bciej wybieran\u0105 pozostaje droga klasyczna. Startuje ona z bazy na lodowcu Godwin-Austen na wysoko\u015bci 4900m. n.p.m. Ju\u017c podej\u015bcie do pierwszego obozu znajduj\u0105cego si\u0119 na wysoko\u015bci 5600m n.p.m jest wymagaj\u0105ce a wielu m\u00f3wi, \u017ce to najtrudniejszy odcinek drogi. Wiedzie \u015bnie\u017cnymi rampami mocno zagro\u017conymi lawinami oraz spadaj\u0105cymi kamieniami. Nast\u0119pnie droga skr\u0119ca w lewo i niezbyt trudnym technicznie lecz stromym terenem wiedzie do obozu drugiego na 6200m n.p.m. Ob\u00f3z trzeci, do kt\u00f3rego prowadz\u0105 strome pola \u015bnie\u017cne, zak\u0142ada si\u0119 na wysoko\u015bci ok. 7150m n.p.m. na pocz\u0105tku olbrzymiego, charakterystycznego dla sylwetki g\u00f3ry, pola \u015bnie\u017cno-lodowego. Jest ono poorane ogromnymi szczelinami, kt\u00f3rych pokonanie stanowi du\u017c\u0105 trudno\u015b\u0107 techniczn\u0105.<\/p>\n\n\n\n<p class=\"wp-block-paragraph\">Atak szczytowy wykonuje si\u0119 bezpo\u015brednio z obozu trzeciego lub zak\u0142adaj\u0105c ob\u00f3z czwarty na wysoko\u015bci ok 7500m n.p.m. Wpierw wychodzi si\u0119 na prze\u0142\u0119cz znajduj\u0105c\u0105 si\u0119 na wysoko\u015bci 7800m n.p.m. Prze\u0142\u0119cz ta rozdziela Rocky Summit od Broad Peak Central Summit. Z niej skaln\u0105 i bardzo eksponowan\u0105 grani\u0105 dociera si\u0119 na wierzcho\u0142ek Rocky Summit. St\u0105d gra\u0144 wpierw opada by potem wyprowadzi\u0107 wspinacza na szczyt. To oznacza, \u017ce w drodze powrotnej trzeba ponownie podej\u015b\u0107 pod Rocky Summit, co w trudnych warunkach i u kresu si\u0142 mo\u017ce by\u0107 mordercze. W historii podboju Broad Peak zdarza\u0142y si\u0119 przypadki kiedy Rocky Summit mylono z wierzcho\u0142kiem g\u0142\u00f3wnym.<\/p>\n\n\n\n<h2 class=\"wp-block-heading\" id=\"h-pierwsze-wejscie-zimowe\">Pierwsze wej\u015bcie zimowe<\/h2>\n\n\n\n<p class=\"wp-block-paragraph\">Po nieudanej polsko-kanadyjskiej wyprawie z roku 1987\/88 kolejn\u0105 pr\u00f3b\u0119 zimowego wej\u015bcia na szczyt podj\u0119\u0142a dopiero wyprawa hiszpa\u0144ska Juanito Oiarzabala w 2003 roku. Bezskutecznie. Szczytu nie zdoby\u0142y tak\u017ce dwie wyprawy w\u0142oskie z 2007 i 2008 roku oraz dwie polskie wyprawy z lat 2009 i 2011. Broad Peak, s\u0105siedni K2 i Nanga Parbat pozostawa\u0142y jedynymi szczytami bez zimowego wej\u015bcia. Do 2013 roku&#8230;<\/p>\n\n\n\n<p class=\"wp-block-paragraph\">Zim\u0105 2013 pod szczyt zn\u00f3w zawita\u0142a wyprawa polska pod kierownictwem Krzysztofa Wielickiego, kt\u00f3rej tragiczne losy wszyscy \u015bledzili\u015bmy na ekranach telewizor\u00f3w. Zesp\u00f3\u0142 wykorzysta\u0142 wyj\u0105tkowo sprzyjaj\u0105ce warunki pogodowe &#8211; dobr\u0105 widoczno\u015b\u0107 i brak wiatru. O 13:30 ca\u0142y zesp\u00f3\u0142 osi\u0105gn\u0105\u0142 prze\u0142\u0119cz. Za ni\u0105 jednak  himalai\u015bci napotkali zaskakuj\u0105ce trudno\u015bci techniczne, kt\u00f3re nie wyst\u0119puj\u0105 latem. Przej\u015bcie grani zaj\u0119\u0142o wspinaczom znacznie wi\u0119cej czasu ni\u017c zak\u0142adali. Niemniej, 5 marca na szczycie stan\u0119li&nbsp;kolejno Adam Bielecki o godz. 17:20, Artur Ma\u0142ek o godz. 17:50, Maciej Berbeka i Tomasz Kowalski o godz. 18:00. Maciej Berbeka wyr\u00f3wna\u0142 niedoko\u0144czone porachunki z g\u00f3r\u0105 sprzed \u0107wier\u0107wiecza. Niestety podczas zej\u015bcia wydarzy\u0142a si\u0119 tragedia. Po bardzo p\u00f3\u017anym zdobyciu szczytu mi\u0119dzy ca\u0142a czw\u00f3rka rozpocz\u0119\u0142a natychmiastowe zej\u015bcie by wykorzysta\u0107 resztki \u015bwiat\u0142a dziennego. Ka\u017cdy z himalaist\u00f3w schodzi\u0142 sam. Bielecki i Ma\u0142ek szli znacznie szybciej, za nimi zosta\u0142 kolejno Berbeka a dalej Kowalski. <\/p>\n\n\n\n<h3 class=\"wp-block-heading\" id=\"h-broad-peak-tragedia\">Broad Peak tragedia<\/h3>\n\n\n\n<p class=\"wp-block-paragraph\">O godzinie 22:10 we wtorek jako pierwszy z grupy ob\u00f3z IV na 7400m n.p.m. osi\u0105gn\u0105\u0142 Bielecki, cztery godziny p\u00f3\u017aniej do\u0142\u0105czy\u0142 Ma\u0142ek. Tymczasem tempo schodzenia Berbeki i Kowalskiego by\u0142o dramatycznie wolne. Bez jakiegokolwiek sprz\u0119tu biwakowego Kowalski i Berbeka musieli sp\u0119dzi\u0107 noc na wysoko\u015bci ok 7700m n.p.m. U obu wyst\u0105pi\u0142o najprawdopodobniej gwa\u0142towne za\u0142amanie oraz zmiany patologiczne spowodowane wysoko\u015bci\u0105 i nisk\u0105 temperatur\u0105. O 6:30 rano w \u015brod\u0119 nawi\u0105zano ostatni kontakt z Kowalskim. Meldowa\u0142 skrajne wycie\u0144czenie i problemy z rakiem. \u015awiat\u0142o jego czo\u0142\u00f3wki widziano z bazy tu\u017c pod prze\u0142\u0119cz\u0105 mi\u0119dzy Rocky Summit a Broad Peak Central. Chwil\u0119 p\u00f3\u017aniej kontakt si\u0119 urwa\u0142 a \u015blad po Kowalskim zagin\u0105\u0142. Z Berbek\u0105 nie by\u0142o \u0142\u0105czno\u015bci od momentu zdobycia szczytu ale \u015bwiat\u0142o jego czo\u0142\u00f3wki r\u00f3wnie\u017c widziano poni\u017cej prze\u0142\u0119czy. <\/p>\n\n\n\n<h2 class=\"wp-block-heading\" id=\"h-kontrowersje\">Kontrowersje<\/h2>\n\n\n\n<p class=\"wp-block-paragraph\">Wok\u00f3\u0142 tych wydarze\u0144 naros\u0142o mn\u00f3stwo kontrowersji a \u015bledztwo w sprawie prowadzi\u0142a nawet krakowska prokuratura. Koniec ko\u0144c\u00f3w zosta\u0142o ono umorzone, prokuratura nie dopatrzy\u0142a si\u0119 b\u0142\u0119d\u00f3w w przygotowaniu wyprawy, doborze uczestnik\u00f3w, przygotowaniu fizycznym i psychicznym czy braku opieki medycznej. Sprawa podzieli\u0142a jednak \u015brodowisko, kt\u00f3rego cz\u0119\u015b\u0107 odpowiedzialno\u015bci\u0105 za \u015bmier\u0107 Berbeki i Kowalskiego obci\u0105\u017ca\u0142a Adama Bieleckiego i Artura Ma\u0142ka. Tymczasem oboje po zej\u015bciu do obozu IV i kr\u00f3tkim odpoczynku podj\u0119li pr\u00f3b\u0119 poszukiwania dw\u00f3jki zaginionych. Jednak z powodu skrajnego zm\u0119czenia zdo\u0142ali wyj\u015b\u0107 jedynie kilkadziesi\u0105t metr\u00f3w ponad ob\u00f3z IV.<\/p>\n\n\n\n<p class=\"wp-block-paragraph\">Dramatyczne wydarzenia z marca 2013 roku opisano w dw\u00f3ch \u015bwietnych ksi\u0105\u017ckach &#8211; &#8220;Broad Peak. Niebo i Piek\u0142o&#8221; Przemys\u0142awa Wilczy\u0144skiego i Bartka Dobrocha oraz &#8220;D\u0142ugi Film o Mi\u0142o\u015bci. Powr\u00f3t na Broad Peak&#8221; Jacka Hugo-Badera. Nieco p\u00f3\u017aniej pojawi\u0142a si\u0119 tak\u017ce biografia Macieja Berbeki &#8220;Berbeka. \u017bycie w cieniu Broad Peaku&#8221; autorstwa Dariusza Kortko, Jerzego Por\u0119bskiego. <br><br><\/p>\n\n\n\n<h2 class=\"wp-block-heading\" id=\"h-broad-peak-film\">Broad Peak film<\/h2>\n\n\n\n<p class=\"wp-block-paragraph\"><br>Jesieni\u0105 2022 roku losy wyprawy i jej bohater\u00f3w b\u0119dzie mo\u017cna zobaczy\u0107 w filmie zrealizowanym przez Netflix. <\/p>\n","protected":false},"excerpt":{"rendered":"<p>Broad Peak to szczyt wyj\u0105tkowo polski. Historia podboju tej g\u00f3ry jest fascynuj\u0105ca ale tak\u017ce tragiczna.<\/p>\n","protected":false},"author":7,"featured_media":60393,"comment_status":"closed","ping_status":"closed","sticky":false,"template":"","format":"standard","meta":{"_acf_changed":false,"_uf_show_specific_survey":0,"_uf_disable_surveys":false,"footnotes":""},"categories":[26071],"tags":[26086,26104,26077],"class_list":["post-60325","post","type-post","status-publish","format-standard","has-post-thumbnail","hentry","category-alpinizm","tag-alpinizm","tag-caloroczne","tag-przewodnik"],"acf":[],"yoast_head":"<!-- This site is optimized with the Yoast SEO Premium plugin v23.4 (Yoast SEO v25.5) - https:\/\/yoast.com\/wordpress\/plugins\/seo\/ -->\n<title>Broad Peak - w\u0105ska historia szerokiego szczytu | 8academy<\/title>\n<meta name=\"description\" content=\"Broad Peak to szczyt wyj\u0105tkowo polski. Jednak na kartach naszego himalaizmu zapisa\u0142 si\u0119 tyle\u017c spektakularnie ile\u017c tragicznie.\" \/>\n<meta name=\"robots\" content=\"index, follow, max-snippet:-1, max-image-preview:large, max-video-preview:-1\" \/>\n<link rel=\"canonical\" href=\"http:\/\/8a.pl\/8academy\/broad-peak-waska-historia-szerokiego-szczytu\/\" \/>\n<meta property=\"og:locale\" content=\"pl_PL\" \/>\n<meta property=\"og:type\" content=\"article\" \/>\n<meta property=\"og:title\" content=\"Broad Peak - w\u0105ska historia szerokiego szczytu\" \/>\n<meta property=\"og:description\" content=\"Broad Peak to szczyt wyj\u0105tkowo polski. Jednak na kartach naszego himalaizmu zapisa\u0142 si\u0119 tyle\u017c spektakularnie ile\u017c tragicznie.\" \/>\n<meta property=\"og:url\" content=\"http:\/\/8a.pl\/8academy\/broad-peak-waska-historia-szerokiego-szczytu\/\" \/>\n<meta property=\"og:site_name\" content=\"8academy.pl - portal g\u00f3rski i wspinaczkowy dla aktywnych\" \/>\n<meta property=\"article:publisher\" content=\"https:\/\/pl-pl.facebook.com\/sklep8apl\/\" \/>\n<meta property=\"article:published_time\" content=\"2023-10-06T08:50:11+00:00\" \/>\n<meta property=\"article:modified_time\" content=\"2024-07-16T07:40:58+00:00\" \/>\n<meta property=\"og:image\" content=\"http:\/\/8a.pl\/8academy\/wp-content\/uploads\/2022\/08\/8ACADEMY_FB_-10.jpg\" \/>\n\t<meta property=\"og:image:width\" content=\"1200\" \/>\n\t<meta property=\"og:image:height\" content=\"628\" \/>\n\t<meta property=\"og:image:type\" content=\"image\/jpeg\" \/>\n<meta name=\"author\" content=\"Redakcja 8Academy\" \/>\n<meta name=\"twitter:card\" content=\"summary_large_image\" \/>\n<meta name=\"twitter:label1\" content=\"Napisane przez\" \/>\n\t<meta name=\"twitter:data1\" content=\"Redakcja 8Academy\" \/>\n\t<meta name=\"twitter:label2\" content=\"Szacowany czas czytania\" \/>\n\t<meta name=\"twitter:data2\" content=\"8 minut\" \/>\n<!-- \/ Yoast SEO Premium plugin. -->","yoast_head_json":{"title":"Broad Peak - w\u0105ska historia szerokiego szczytu | 8academy","description":"Broad Peak to szczyt wyj\u0105tkowo polski. Jednak na kartach naszego himalaizmu zapisa\u0142 si\u0119 tyle\u017c spektakularnie ile\u017c tragicznie.","robots":{"index":"index","follow":"follow","max-snippet":"max-snippet:-1","max-image-preview":"max-image-preview:large","max-video-preview":"max-video-preview:-1"},"canonical":"http:\/\/8a.pl\/8academy\/broad-peak-waska-historia-szerokiego-szczytu\/","og_locale":"pl_PL","og_type":"article","og_title":"Broad Peak - w\u0105ska historia szerokiego szczytu","og_description":"Broad Peak to szczyt wyj\u0105tkowo polski. Jednak na kartach naszego himalaizmu zapisa\u0142 si\u0119 tyle\u017c spektakularnie ile\u017c tragicznie.","og_url":"http:\/\/8a.pl\/8academy\/broad-peak-waska-historia-szerokiego-szczytu\/","og_site_name":"8academy.pl - portal g\u00f3rski i wspinaczkowy dla aktywnych","article_publisher":"https:\/\/pl-pl.facebook.com\/sklep8apl\/","article_published_time":"2023-10-06T08:50:11+00:00","article_modified_time":"2024-07-16T07:40:58+00:00","og_image":[{"width":1200,"height":628,"url":"http:\/\/8a.pl\/8academy\/wp-content\/uploads\/2022\/08\/8ACADEMY_FB_-10.jpg","type":"image\/jpeg"}],"author":"Redakcja 8Academy","twitter_card":"summary_large_image","twitter_misc":{"Napisane przez":"Redakcja 8Academy","Szacowany czas czytania":"8 minut"},"schema":{"@context":"https:\/\/schema.org","@graph":[{"@type":"Article","@id":"http:\/\/8a.pl\/8academy\/broad-peak-waska-historia-szerokiego-szczytu\/#article","isPartOf":{"@id":"http:\/\/8a.pl\/8academy\/broad-peak-waska-historia-szerokiego-szczytu\/"},"author":{"name":"Redakcja 8Academy","@id":"https:\/\/8a.pl\/8academy\/#\/schema\/person\/2e392153a51786e6c3d5ede231b5d2a4"},"headline":"Broad Peak &#8211; w\u0105ska historia szerokiego szczytu","datePublished":"2023-10-06T08:50:11+00:00","dateModified":"2024-07-16T07:40:58+00:00","mainEntityOfPage":{"@id":"http:\/\/8a.pl\/8academy\/broad-peak-waska-historia-szerokiego-szczytu\/"},"wordCount":1505,"publisher":{"@id":"https:\/\/8a.pl\/8academy\/#organization"},"image":{"@id":"http:\/\/8a.pl\/8academy\/broad-peak-waska-historia-szerokiego-szczytu\/#primaryimage"},"thumbnailUrl":"https:\/\/8a.pl\/8academy\/wp-content\/uploads\/2022\/08\/jeffrey-dungen-QOhs_WeySyQ-unsplash01.jpg","keywords":["Alpinizm","Ca\u0142oroczne","Przewodnik"],"articleSection":["Alpinizm"],"inLanguage":"pl-PL"},{"@type":"WebPage","@id":"http:\/\/8a.pl\/8academy\/broad-peak-waska-historia-szerokiego-szczytu\/","url":"http:\/\/8a.pl\/8academy\/broad-peak-waska-historia-szerokiego-szczytu\/","name":"Broad Peak - w\u0105ska historia szerokiego szczytu | 8academy","isPartOf":{"@id":"https:\/\/8a.pl\/8academy\/#website"},"primaryImageOfPage":{"@id":"http:\/\/8a.pl\/8academy\/broad-peak-waska-historia-szerokiego-szczytu\/#primaryimage"},"image":{"@id":"http:\/\/8a.pl\/8academy\/broad-peak-waska-historia-szerokiego-szczytu\/#primaryimage"},"thumbnailUrl":"https:\/\/8a.pl\/8academy\/wp-content\/uploads\/2022\/08\/jeffrey-dungen-QOhs_WeySyQ-unsplash01.jpg","datePublished":"2023-10-06T08:50:11+00:00","dateModified":"2024-07-16T07:40:58+00:00","description":"Broad Peak to szczyt wyj\u0105tkowo polski. Jednak na kartach naszego himalaizmu zapisa\u0142 si\u0119 tyle\u017c spektakularnie ile\u017c tragicznie.","breadcrumb":{"@id":"http:\/\/8a.pl\/8academy\/broad-peak-waska-historia-szerokiego-szczytu\/#breadcrumb"},"inLanguage":"pl-PL","potentialAction":[{"@type":"ReadAction","target":["http:\/\/8a.pl\/8academy\/broad-peak-waska-historia-szerokiego-szczytu\/"]}]},{"@type":"ImageObject","inLanguage":"pl-PL","@id":"http:\/\/8a.pl\/8academy\/broad-peak-waska-historia-szerokiego-szczytu\/#primaryimage","url":"https:\/\/8a.pl\/8academy\/wp-content\/uploads\/2022\/08\/jeffrey-dungen-QOhs_WeySyQ-unsplash01.jpg","contentUrl":"https:\/\/8a.pl\/8academy\/wp-content\/uploads\/2022\/08\/jeffrey-dungen-QOhs_WeySyQ-unsplash01.jpg","width":1100,"height":715},{"@type":"BreadcrumbList","@id":"http:\/\/8a.pl\/8academy\/broad-peak-waska-historia-szerokiego-szczytu\/#breadcrumb","itemListElement":[{"@type":"ListItem","position":1,"name":"Strona g\u0142\u00f3wna","item":"https:\/\/8a.pl\/8academy\/"},{"@type":"ListItem","position":2,"name":"Broad Peak &#8211; w\u0105ska historia szerokiego szczytu"}]},{"@type":"WebSite","@id":"https:\/\/8a.pl\/8academy\/#website","url":"https:\/\/8a.pl\/8academy\/","name":"8academy.pl - portal g\u00f3rski i wspinaczkowy dla aktywnych","description":"8academy to portal g\u00f3rski o wspinaczce, trekkingu i skiturach. Znajdziesz tu porady, testy sprz\u0119tu i opisy najlepszych rejon\u00f3w. Inspirujemy zdobywc\u00f3w!","publisher":{"@id":"https:\/\/8a.pl\/8academy\/#organization"},"potentialAction":[{"@type":"SearchAction","target":{"@type":"EntryPoint","urlTemplate":"https:\/\/8a.pl\/8academy\/?s={search_term_string}"},"query-input":{"@type":"PropertyValueSpecification","valueRequired":true,"valueName":"search_term_string"}}],"inLanguage":"pl-PL"},{"@type":"Organization","@id":"https:\/\/8a.pl\/8academy\/#organization","name":"8academy.pl - portal g\u00f3rski i wspinaczkowy dla aktywnych","url":"https:\/\/8a.pl\/8academy\/","logo":{"@type":"ImageObject","inLanguage":"pl-PL","@id":"https:\/\/8a.pl\/8academy\/#\/schema\/logo\/image\/","url":"https:\/\/8a.pl\/8academy\/wp-content\/uploads\/2015\/11\/logo.png","contentUrl":"https:\/\/8a.pl\/8academy\/wp-content\/uploads\/2015\/11\/logo.png","width":438,"height":315,"caption":"8academy.pl - portal g\u00f3rski i wspinaczkowy dla aktywnych"},"image":{"@id":"https:\/\/8a.pl\/8academy\/#\/schema\/logo\/image\/"},"sameAs":["https:\/\/pl-pl.facebook.com\/sklep8apl\/","https:\/\/www.instagram.com\/8apl\/"]},{"@type":"Person","@id":"https:\/\/8a.pl\/8academy\/#\/schema\/person\/2e392153a51786e6c3d5ede231b5d2a4","name":"Redakcja 8Academy","image":{"@type":"ImageObject","inLanguage":"pl-PL","@id":"https:\/\/8a.pl\/8academy\/#\/schema\/person\/image\/","url":"https:\/\/8a.pl\/8academy\/wp-content\/uploads\/2017\/10\/logo_obrobione_2_150_59ICJ.jpg","contentUrl":"https:\/\/8a.pl\/8academy\/wp-content\/uploads\/2017\/10\/logo_obrobione_2_150_59ICJ.jpg","caption":"Redakcja 8Academy"},"url":"https:\/\/8a.pl\/8academy\/author\/redakcja\/"}]}},"_links":{"self":[{"href":"https:\/\/8a.pl\/8academy\/wp-json\/wp\/v2\/posts\/60325","targetHints":{"allow":["GET"]}}],"collection":[{"href":"https:\/\/8a.pl\/8academy\/wp-json\/wp\/v2\/posts"}],"about":[{"href":"https:\/\/8a.pl\/8academy\/wp-json\/wp\/v2\/types\/post"}],"author":[{"embeddable":true,"href":"https:\/\/8a.pl\/8academy\/wp-json\/wp\/v2\/users\/7"}],"replies":[{"embeddable":true,"href":"https:\/\/8a.pl\/8academy\/wp-json\/wp\/v2\/comments?post=60325"}],"version-history":[{"count":38,"href":"https:\/\/8a.pl\/8academy\/wp-json\/wp\/v2\/posts\/60325\/revisions"}],"predecessor-version":[{"id":65778,"href":"https:\/\/8a.pl\/8academy\/wp-json\/wp\/v2\/posts\/60325\/revisions\/65778"}],"wp:featuredmedia":[{"embeddable":true,"href":"https:\/\/8a.pl\/8academy\/wp-json\/wp\/v2\/media\/60393"}],"wp:attachment":[{"href":"https:\/\/8a.pl\/8academy\/wp-json\/wp\/v2\/media?parent=60325"}],"wp:term":[{"taxonomy":"category","embeddable":true,"href":"https:\/\/8a.pl\/8academy\/wp-json\/wp\/v2\/categories?post=60325"},{"taxonomy":"post_tag","embeddable":true,"href":"https:\/\/8a.pl\/8academy\/wp-json\/wp\/v2\/tags?post=60325"}],"curies":[{"name":"wp","href":"https:\/\/api.w.org\/{rel}","templated":true}]}}