{"id":59636,"date":"2023-10-06T10:43:41","date_gmt":"2023-10-06T08:43:41","guid":{"rendered":"https:\/\/8a.pl\/8academy\/?p=59636"},"modified":"2024-07-16T09:40:45","modified_gmt":"2024-07-16T07:40:45","slug":"koscielec-czyli-polski-matterhorn","status":"publish","type":"post","link":"https:\/\/8a.pl\/8academy\/koscielec-czyli-polski-matterhorn\/","title":{"rendered":"Ko\u015bcielec czyli &#8220;polski Matterhorn&#8221;"},"content":{"rendered":"\n<p class=\"wp-block-paragraph\">Ko\u015bcielec to jeden z najbardziej charakterystycznych szczyt\u00f3w polskich Tatr. Po\u0142o\u017cony w Dolinie G\u0105sienicowej g\u00f3ruje nad Czarnym Stawem od strony wschodniej a D\u0142ugim Stawem od strony zachodniej. Jego charakterystyczna, strzelista sylwetka rozdziela pot\u0119\u017cn\u0105 Dolin\u0119 jakby na dwie cz\u0119\u015bci. Ko\u015bcielec jest jednym z najcz\u0119\u015bciej fotografowanych szczyt\u00f3w naszych Tatr. Panorama Doliny G\u0105sienicowej z Betlejemk\u0105 (o\u015brodek szkolenia Polskiego Zwi\u0105zku Alpinizmu) na pierwszym planie a Ko\u015bcielcem w tle jest w telefonie ka\u017cdego turysty i w portfolio ka\u017cdego fotografa. Ostatnimi czasy cz\u0119sto o Ko\u015bcielcu m\u00f3wi si\u0119 z przek\u0105sem, \u017ce jest to Polski Matterhorn. Faktycznie, jego sylwetka widziana z Hali G\u0105sienicowej mo\u017ce nieco przypomina\u0107 t\u0119 charakterystyczn\u0105 alpejsk\u0105 g\u00f3r\u0119, cho\u0107 na tym podobie\u0144stwa si\u0119 raczej ko\u0144cz\u0105. Niemniej, Ko\u015bcielec, opr\u00f3cz <a href=\"https:\/\/8a.pl\/8academy\/wejscie-na-rysy-latem\/\" target=\"_blank\" rel=\"noreferrer noopener\">Rys\u00f3w<\/a>, Kasprowego Wierchu i \u015awinicy pozostaje jednym z g\u0142\u00f3wnych cel\u00f3w turyst\u00f3w, wspinaczy oraz narciarzy. Nic w tym dziwnego, to szczyt, kt\u00f3ry oferuje mn\u00f3stwo atrakcji dla ka\u017cdego mi\u0142o\u015bnika outdooru, niezale\u017cnie od stopnia zaawansowania.<\/p>\n\n\n\n<p class=\"wp-block-paragraph\">Zatrzymajmy si\u0119 jeszcze na chwil\u0119 przy nazwie. Najprawdopodobniej pochodzi ona po prostu od formy szczytu zbli\u017conej do wie\u017cy ko\u015bcielnej. Warto tutaj wspomnie\u0107, \u017ce pierwszym zdobywc\u0105 Ko\u015bcielca by\u0142 Antoni Hoborski, kt\u00f3ry wszed\u0142 na wierzcho\u0142ek w 1845 roku. Za\u015b pierwszy zjazd na nartach z wierzcho\u0142ka(!) mia\u0142 miejsce ponad 110 lat temu i dokonali tego Mariusz Zaruski (za\u0142o\u017cyciel TOPR-u) i Stanis\u0142aw Zdyb.<\/p>\n\n\n\n<p class=\"wp-block-paragraph\"><\/p>\n\n\n<div class=\"wp-block-image\">\n<figure class=\"aligncenter size-full\"><img fetchpriority=\"high\" decoding=\"async\" width=\"600\" height=\"900\" src=\"https:\/\/8a.pl\/8academy\/wp-content\/uploads\/2022\/07\/Koscielec2-kopia.jpg\" alt=\"Gra\u0144 Ko\u015bcielca\" class=\"wp-image-59666\" srcset=\"https:\/\/8a.pl\/8academy\/wp-content\/uploads\/2022\/07\/Koscielec2-kopia.jpg 600w, https:\/\/8a.pl\/8academy\/wp-content\/uploads\/2022\/07\/Koscielec2-kopia-200x300.jpg 200w\" sizes=\"(max-width: 600px) 100vw, 600px\" \/><figcaption class=\"wp-element-caption\">Majestatyczna sylwetka Ko\u015bcielca dominuje nad Dolin\u0105 G\u0105sienicow\u0105 (fot. Piotrek Deska)<\/figcaption><\/figure>\n<\/div>\n\n\n<h2 class=\"wp-block-heading\" id=\"h-koscielec-turystycznie-wejscie-szlakiem\">Ko\u015bcielec turystycznie &#8211; wej\u015bcie szlakiem<\/h2>\n\n\n\n<p class=\"wp-block-paragraph\">Kt\u00f3\u017c by nie chcia\u0142 stan\u0105\u0107 na wierzcho\u0142ku Ko\u015bcielca? G\u00f3ra kusi, zw\u0142aszcza, \u017ce jej po\u0142o\u017cenie jest niezmiernie sprzyjaj\u0105ce. Blisko\u015b\u0107 Kasprowego Wierchu oraz niewielka odleg\u0142o\u015b\u0107 od schroniska w Dolinie G\u0105sienicowej sprawia, \u017ce Ko\u015bcielec jest celem wielu turyst\u00f3w. Nie zawsze jednak s\u0105 to osoby z odpowiednim do\u015bwiadczeniem a szczytu nie nale\u017cy lekcewa\u017cy\u0107.<\/p>\n\n\n\n<h3 class=\"wp-block-heading\" id=\"h-dla-kogo\"><strong>Dla kogo?<\/strong><\/h3>\n\n\n\n<p class=\"wp-block-paragraph\">Na wst\u0119pie nale\u017cy powiedzie\u0107 jasno, \u017ce, wbrew pozorom, Ko\u015bcielec nie jest g\u00f3r\u0105 \u0142atw\u0105 technicznie. Przypomina nam o tym tabliczka kt\u00f3r\u0105 spotykamy na prze\u0142\u0119czy Karb, kt\u00f3ra jednak nie zniech\u0119ca pocz\u0105tkuj\u0105cych turyst\u00f3w. Oczywi\u015bcie to nie znaczy, \u017ce kto\u015b kto posiada ma\u0142e do\u015bwiadczenie g\u00f3rskie, nie b\u0119dzie w stanie wdrapa\u0107 si\u0119 na wierzcho\u0142ek. Mimo wszystko jednak Ko\u015bcielec nie jest najlepszym celem na pierwsz\u0105 wycieczk\u0119 w Tatrach. Dlaczego? Podej\u015bcie, cho\u0107 kr\u00f3tsze ni\u017c na przyk\u0142ad na Rysy, jest do\u015b\u0107 strome i eksponowane. Osoby z l\u0119kiem przestrzeni lub wysoko\u015bci mog\u0105 poczu\u0107 si\u0119 tu bardzo niepewnie. W takim przypadku trudno\u015bci techniczne szlaku, skutecznie odbior\u0105 nam przyjemno\u015b\u0107 z czasu sp\u0119dzonego w g\u00f3rach. Za\u015b w razie zawrot\u00f3w g\u0142owy, ewentualny upadek mo\u017ce by\u0107 bardzo gro\u017any, gdy\u017c teren bowiem jest mocno nachylony i skalisty.<\/p>\n\n\n\n<h3 class=\"wp-block-heading\" id=\"h-ile-czasu-zajmie-mi-wycieczka\"><strong>Ile czasu zajmie mi wycieczka?<\/strong><\/h3>\n\n\n\n<p class=\"wp-block-paragraph\">Wycieczka na Ko\u015bcielec klasycznym szlakiem przez schronisko w Dolinie G\u0105sienicowej zajmie nam ok. 4-5 godzin z Ku\u017anic. Nale\u017cy jednak wzi\u0105\u0107 pod uwag\u0119, \u017ce tempo marszu ka\u017cdego z nas jest inne. Biegacze g\u00f3rscy pokonuj\u0105 tras\u0119 na szczyt w ok. 1.5 godziny. Wszystko zale\u017cy od kondycji ale tak\u017ce i warunk\u00f3w pogodowych. Je\u015bli na szlaku b\u0119dzie panowa\u0142 du\u017cy ruch, a w trudniejszych miejscach pojawi\u0105 si\u0119 zatory, to czas mo\u017ce si\u0119 drastycznie wyd\u0142u\u017cy\u0107. Dobrym zwyczajem jest wychodzenie rano na wycieczki, \u017ceby mie\u0107 spory zapas czasu na nieprzewidziane sytuacje. <\/p>\n\n\n\n<p class=\"wp-block-paragraph\">Nieco szybszym rozwi\u0105zaniem b\u0119dzie wjazd kolejk\u0105 na Kasprowy Wierch, zej\u015bcie do Doliny G\u0105sienicowej i podej\u015bcie na szczyt od strony Zielonego Stawu G\u0105sienicowego. Z Kasprowego Wierchu gra\u0144 Ko\u015bcielca i jego szczyt wida\u0107 jak na d\u0142oni. <\/p>\n\n\n\n<p class=\"wp-block-paragraph\"><\/p>\n\n\n<div class=\"wp-block-image\">\n<figure class=\"aligncenter size-full\"><img decoding=\"async\" width=\"600\" height=\"900\" src=\"https:\/\/8a.pl\/8academy\/wp-content\/uploads\/2022\/07\/Koscielec1-kopia.jpg\" alt=\"Ko\u015bcielec Dolina G\u0105sienicowa\" class=\"wp-image-59665\" srcset=\"https:\/\/8a.pl\/8academy\/wp-content\/uploads\/2022\/07\/Koscielec1-kopia.jpg 600w, https:\/\/8a.pl\/8academy\/wp-content\/uploads\/2022\/07\/Koscielec1-kopia-200x300.jpg 200w\" sizes=\"(max-width: 600px) 100vw, 600px\" \/><figcaption class=\"wp-element-caption\">Wej\u015bcie na szczyt z Ku\u017anic to oko\u0142o 4-5h (fot. Piotrek Deska)<\/figcaption><\/figure>\n<\/div>\n\n\n<h3 class=\"wp-block-heading\" id=\"h-koscielec-jak-sie-przygotowac\"><strong>Ko\u015bcielec &#8211; jak si\u0119 przygotowa\u0107?<\/strong><\/h3>\n\n\n\n<p class=\"wp-block-paragraph\">Ka\u017cde wyj\u015bcie w g\u00f3ry wymaga przygotowania &#8211; zar\u00f3wno \u0142atwe jak i trudniejsze wycieczki. Trzeba mie\u0107 na uwadze, \u017ce wej\u015bcie na Ko\u015bcielec wymaga dobrej kondycji fizycznej jak i psychicznej. Dla osoby, kt\u00f3ra ma obeznanie w terenie skalnym mo\u017ce to by\u0107 przyjemne, \u0142atwe i szybkie wej\u015bcie. Jednak dla innej osoby, kt\u00f3ra nigdy nie porusza\u0142a si\u0119 w tego typu formacjach, mo\u017ce okaza\u0107 si\u0119 wielkim wyzwaniem. Wybieraj\u0105c si\u0119 latem potrzebujemy oczywi\u015bcie znacznie mniej sprz\u0119tu ni\u017c zim\u0105, nasz plecak b\u0119dzie l\u017cejszy. Nie oznacza to jednak, \u017ce mo\u017cna lekcewa\u017c\u0105co podej\u015b\u0107 do przygotowa\u0144. Warto tutaj mie\u0107 ze sob\u0105 takie rzeczy jak:<\/p>\n\n\n\n<ul class=\"wp-block-list\">\n<li>wygodne buty <a href=\"https:\/\/8a.pl\/buty-trekkingowe-meskie\" target=\"_blank\" rel=\"noreferrer noopener\">trekkingowe<\/a> lub <a href=\"https:\/\/8a.pl\/buty-turystyczne-meskie\" target=\"_blank\" rel=\"noreferrer noopener\">hikingowe<\/a><\/li>\n\n\n\n<li><a href=\"https:\/\/8a.pl\/skarpety-meskie\" target=\"_blank\" rel=\"noreferrer noopener\">g\u00f3rskie skarpety<\/a><\/li>\n\n\n\n<li><a href=\"https:\/\/8a.pl\/bielizna-termoaktywna-meska\" target=\"_blank\" rel=\"noreferrer noopener\">bielizna termoaktywna<\/a><\/li>\n\n\n\n<li><a href=\"https:\/\/8a.pl\/spodnie-trekkingowe-meskie\" target=\"_blank\" rel=\"noreferrer noopener\">spodnie trekkingowe<\/a><\/li>\n\n\n\n<li><a href=\"https:\/\/8a.pl\/kurtki-przeciwdeszczowe-meskie\" target=\"_blank\" rel=\"noreferrer noopener\">kurtka przeciwdeszczowa<\/a><\/li>\n\n\n\n<li><a href=\"https:\/\/8a.pl\/kurtki-softshell-meskie\" target=\"_blank\" rel=\"noreferrer noopener\">softshell<\/a><\/li>\n\n\n\n<li><a href=\"https:\/\/8a.pl\/chusty-i-kominy-meskie\" target=\"_blank\" rel=\"noreferrer noopener\">chusta<\/a> lub <a href=\"https:\/\/8a.pl\/nakrycia-glowy-meskie\" target=\"_blank\" rel=\"noreferrer noopener\">czapka<\/a><\/li>\n\n\n\n<li><a href=\"https:\/\/8a.pl\/termosy-i-kubki-termiczne\" target=\"_blank\" rel=\"noreferrer noopener\">termos<\/a> lub <a href=\"https:\/\/8a.pl\/butelki-turystyczne\" target=\"_blank\" rel=\"noreferrer noopener\">butelka z wod\u0105<\/a><\/li>\n\n\n\n<li>prowiant<\/li>\n\n\n\n<li>przek\u0105ski (bakalie, <a href=\"https:\/\/8a.pl\/batony-energetyczne\" target=\"_blank\" rel=\"noreferrer noopener\">batony energetyczne<\/a>, orzechy)<\/li>\n\n\n\n<li><a href=\"https:\/\/8a.pl\/czolowki-i-latarki\" target=\"_blank\" rel=\"noreferrer noopener\">czo\u0142\u00f3wka<\/a><\/li>\n\n\n\n<li>mapa<\/li>\n\n\n\n<li><a href=\"https:\/\/8a.pl\/kaski-wspinaczkowe\" target=\"_blank\" rel=\"noreferrer noopener\">kask wspinaczkowy<\/a> (zalecany)<\/li>\n\n\n\n<li>na\u0142adowany telefon z numerem <a href=\"https:\/\/www.topr.pl\/\" target=\"_blank\" rel=\"noreferrer noopener\">TOPR<\/a> (985 lub 601-100-300) oraz aplikacj\u0105 \u201cRatunek\u201d<\/li>\n<\/ul>\n\n\n\n<p class=\"wp-block-paragraph\">W zimie, opr\u00f3cz wy\u017cej wymienionych element\u00f3w, trzeba pami\u0119ta\u0107 \u017ceby zapakowa\u0107:<\/p>\n\n\n\n<ul class=\"wp-block-list\">\n<li>raki<\/li>\n\n\n\n<li>czekan<\/li>\n\n\n\n<li>puch\u00f3wk\u0119<\/li>\n\n\n\n<li>grube r\u0119kawiczki (2 pary)<\/li>\n\n\n\n<li>spodnie membranowe<\/li>\n<\/ul>\n\n\n\n<h2 class=\"wp-block-heading\" id=\"h-koscielec-turystycznie-ktoredy-droga\">Ko\u015bcielec turystycznie &#8211; kt\u00f3r\u0119dy droga?<\/h2>\n\n\n\n<p class=\"wp-block-paragraph\">Zazwyczaj nasz\u0105 wycieczk\u0119 rozpoczynamy w Ku\u017anicach. St\u0105d mo\u017cemy dosta\u0107 si\u0119 na Hal\u0119 G\u0105sienicow\u0105 id\u0105c Dolin\u0105 Jaworzynki \u017c\u00f3\u0142tym szlakiem lub niebieskim przez Bocza\u0144. Niezale\u017cnie od wybranego wariantu spacer do schroniska zajmie nam do 2 godzin. Dla fan\u00f3w rower\u00f3w g\u00f3rskich dobr\u0105 alternatyw\u0105 jest dojechanie do schroniska czarnym szlakiem startuj\u0105cym z Brzezin. Podjazd ma kilka stromszych miejsc, ale nie jest trudny technicznie. Nagrod\u0105 za 1,5 godzinny podjazd jest powr\u00f3t w ci\u0105gu 20 min do parkingu. Nale\u017cy zwr\u00f3ci\u0107 w tym miejscu uwag\u0119, \u017ce rowerzy\u015bci maj\u0105 obowi\u0105zek ust\u0105pi\u0107 pierwsze\u0144stwa pieszym turystom. Cz\u0119sto schodz\u0105cy w d\u00f3\u0142 ludzie nie s\u0142ysz\u0105 jad\u0105cego roweru, dlatego trzeba zachowa\u0107 szczeg\u00f3ln\u0105 ostro\u017cno\u015b\u0107, \u017ceby nie dosz\u0142o do wypadku.<\/p>\n\n\n\n<h3 class=\"wp-block-heading\" id=\"h-przez-czarny-staw-gasienicowy\">Przez Czarny Staw G\u0105sienicowy<\/h3>\n\n\n\n<p class=\"wp-block-paragraph\">Po kr\u00f3tkim odpoczynku w ,,Murowa\u0144cu\u201d, ruszamy najpierw w kierunku Kasprowego Wierchu. Przy pierwszym rozwidleniu szlak\u00f3w musimy podj\u0105\u0107 decyzj\u0119, kt\u00f3r\u0119dy chcemy dosta\u0107 si\u0119 na prze\u0142\u0119cz Karb. W lewo odbija niebiesko znakowana trasa, kt\u00f3ra w p\u00f3\u0142 godziny \u0142agodnie doprowadza nas do Czarnego Stawu G\u0105sienicowego. Warto tutaj wspomnie\u0107 o zboczach Ma\u0142ego Ko\u015bcielca kt\u00f3re trawersujemy. Zim\u0105 to miejsce jest szczeg\u00f3lnie nara\u017cone na schodz\u0105ce lawiny, o czym \u015bwiadczy pomnik upami\u0119tni\u0105jacy \u015bmier\u0107 Mieczys\u0142awa Kar\u0142owicza, polskiego kompozytora i dyrygenta, kt\u00f3ry zgin\u0105\u0142 w\u0142a\u015bnie w lawinie pod Ma\u0142ym Ko\u015bcielcem. Przy stawie sw\u00f3j pocz\u0105tek bierze czarno znakowany szlak, kt\u00f3rym wspinamy si\u0119 mozolnie na gra\u0144 Ma\u0142ego Ko\u015bcielca, sk\u0105d dalej grani\u0105 na prze\u0142\u0119cz Karb. Czas mierzony z Murowa\u0144ca to ok. 1.5 godziny.<\/p>\n\n\n\n<p class=\"wp-block-paragraph\"><\/p>\n\n\n<div class=\"wp-block-image\">\n<figure class=\"aligncenter size-full\"><img decoding=\"async\" width=\"600\" height=\"900\" src=\"https:\/\/8a.pl\/8academy\/wp-content\/uploads\/2022\/07\/polish-tatra-mountains-g43d4e0e2e_1920.jpg\" alt=\"Ko\u015bcielec czarny staw\" class=\"wp-image-59671\" srcset=\"https:\/\/8a.pl\/8academy\/wp-content\/uploads\/2022\/07\/polish-tatra-mountains-g43d4e0e2e_1920.jpg 600w, https:\/\/8a.pl\/8academy\/wp-content\/uploads\/2022\/07\/polish-tatra-mountains-g43d4e0e2e_1920-200x300.jpg 200w\" sizes=\"(max-width: 600px) 100vw, 600px\" \/><figcaption class=\"wp-element-caption\">W drodze na Ko\u015bcielec. W oddali wida\u0107 pr\u00f3g Czarnego Stawu (fot. Pixabey)<\/figcaption><\/figure>\n<\/div>\n\n\n<h3 class=\"wp-block-heading\" id=\"h-przez-zielony-staw-gasienicowy\">Przez Zielony Staw G\u0105sienicowy<\/h3>\n\n\n\n<p class=\"wp-block-paragraph\">Drugim wariantem i zdecydowanie bardziej przyjemnym jest przej\u015bcie przez tzw. pojezierze. Kierujemy si\u0119 za znakami \u017c\u00f3\u0142tymi w kierunku wyci\u0105gu krzese\u0142kowego i przy jego dolnej stacji skr\u0119camy czarnym szlakiem na \u015awinick\u0105 Prze\u0142\u0119cz. Mijamy Zielony Staw G\u0105sienicowy i po chwili docieramy do kolejnego rozwidlenia, gdzie w lewo odbija niebiesko znakowany szlak na prze\u0142\u0119cz Karb. Mimo, \u017ce trasa jest d\u0142u\u017csza, to nie jest tak m\u0119cz\u0105ca jak wariant id\u0105cy od Czarnego Stawu, a czasowo wychodzi podobnie.<\/p>\n\n\n\n<p class=\"wp-block-paragraph\">Ten wariant jest te\u017c lepsz\u0105 opcj\u0105 dla os\u00f3b, kt\u00f3re chc\u0105 zaoszcz\u0119dzi\u0107 podej\u015bcia wje\u017cd\u017caj\u0105c kolejk\u0105 linow\u0105 na Kasprowy Wierch. Ze szczytu nale\u017cy zej\u015b\u0107 \u017c\u00f3\u0142tym szlakiem do dolnej stacji kolejki krzese\u0142kowej na Hali G\u0105sienicowej. Potem odbi\u0107 w prawo w kierunku Zielonego Stawu.<\/p>\n\n\n\n<h3 class=\"wp-block-heading\" id=\"h-przelecz-karb\">Prze\u0142\u0119cz Karb<\/h3>\n\n\n\n<p class=\"wp-block-paragraph\">Oba warianty podej\u015bcia &#8211; od wschodu i zachodu spotykaj\u0105 si\u0119 na prze\u0142\u0119czy Karb. St\u0105d rozci\u0105ga si\u0119 tak\u017ce pi\u0119kna panorama i widok na strom\u0105 gra\u0144 Ko\u015bcielca. Z prze\u0142\u0119czy dalej w kierunku szczytu wiod\u0105 znaki czarne. Warto w tym miejscu zaznaczy\u0107, \u017ce na szlaku nie ma \u017cadnych sztucznych u\u0142atwie\u0144, a jest kilka trudniejszych miejsc w kt\u00f3rych musimy u\u017cy\u0107 r\u0105k, a nogi stawia\u0107 rozwa\u017cnie. Ewentualny upadek mo\u017ce mie\u0107 przykre konsekwencje. Cz\u0119sto w tych miejscach tworz\u0105 si\u0119 zatory, a ludzie pr\u00f3buj\u0105 obchodzi\u0107 trudno\u015bci \u201c\u0142atwiejszymi\u201d wariantami po kruchym terenie. Kask w tym miejscu to \u017caden obciach. <\/p>\n\n\n\n<p class=\"wp-block-paragraph\">Wielokrotnie by\u0142em \u015bwiadkiem sytuacji, gdzie tury\u015bci po wej\u015bciu na szczyt, nie byli do ko\u0144ca przekonani, czy dadz\u0105 rad\u0119 z niego w og\u00f3le zej\u015b\u0107. Nie mniej jednak, przygotowani i \u015bwiadomi tego gdzie si\u0119 wybieramy mo\u017cemy sprawi\u0107, \u017ce wyj\u015bcie nie b\u0119dzie m\u0119czarni\u0105 czy \u201cniewypa\u0142em\u201d. Nale\u017cy pami\u0119ta\u0107, \u017ce szeroka gra\u0144 Ko\u015bcielca jest z obu stron podci\u0119ta pot\u0119\u017cnymi urwiskami. Nie nale\u017cy zbli\u017ca\u0107 si\u0119 do kraw\u0119dzi. Szczeg\u00f3ln\u0105 ostro\u017cno\u015b\u0107 trzeba zachowa\u0107 gdy podej\u015bcie jest mokre lub \u015bliskie. Z prze\u0142\u0119czy Karb wej\u015bcie na szczyt zajmuje oko\u0142o 1 godziny.<\/p>\n\n\n\n<h2 class=\"wp-block-heading\" id=\"h-koscielec-szczyt\">Ko\u015bcielec &#8211; szczyt<\/h2>\n\n\n\n<p class=\"wp-block-paragraph\">Trudy podej\u015bcia jak zwykle wynagradza widok ze szczytu (2155m n.p.m). Po stronie wschodniej rozci\u0105ga si\u0119 poszarpana gra\u0144 Granat\u00f3w a na dalszych planach widzimy najwy\u017csze szczyty polskich i s\u0142owackich Tatr. Od po\u0142udnia zobaczymy \u015bciany \u015awinicy i Koziego Wierchu z Orl\u0105 Perci\u0105. Po stronie zachodniej pi\u0119knie wida\u0107 kolejne doliny Tatr Zachodnich. Na szczycie Ko\u015bcielca nie ma zbyt du\u017co miejsca. W d\u0142ugie weekendy mog\u0105 tam si\u0119 tworzy\u0107 zatory, wtedy trzeba zachowa\u0107 szczeg\u00f3ln\u0105 ostro\u017cno\u015b\u0107, o upadek w przepa\u015b\u0107 nie jest trudno. <\/p>\n\n\n\n<p class=\"wp-block-paragraph\"><\/p>\n\n\n<div class=\"wp-block-image\">\n<figure class=\"aligncenter size-full\"><img loading=\"lazy\" decoding=\"async\" width=\"600\" height=\"900\" src=\"https:\/\/8a.pl\/8academy\/wp-content\/uploads\/2022\/07\/mountains-g0c8f0c2cb_1920.jpg\" alt=\"szlak na Ko\u015bcielec\" class=\"wp-image-59670\" srcset=\"https:\/\/8a.pl\/8academy\/wp-content\/uploads\/2022\/07\/mountains-g0c8f0c2cb_1920.jpg 600w, https:\/\/8a.pl\/8academy\/wp-content\/uploads\/2022\/07\/mountains-g0c8f0c2cb_1920-200x300.jpg 200w\" sizes=\"(max-width: 600px) 100vw, 600px\" \/><figcaption class=\"wp-element-caption\">Gra\u0144 i szczyt Ko\u015bcielca widziany z grani Ma\u0142ego Ko\u015bcielca (fot. Pixabay)<\/figcaption><\/figure>\n<\/div>\n\n\n<h2 class=\"wp-block-heading\" id=\"h-koscielec-pogoda\">Ko\u015bcielec &#8211; pogoda<\/h2>\n\n\n\n<p class=\"wp-block-paragraph\">Podobnie jak w innych przypadkach, tutaj <a href=\"https:\/\/8a.pl\/8academy\/pogoda-w-gorach-tradycyjne-metody-prognozowania\/\" target=\"_blank\" rel=\"noreferrer noopener\">pogoda<\/a> odgrywa kluczow\u0105 rol\u0119, je\u015bli chodzi o nasze bezpiecze\u0144stwo. Je\u017celi w prognozie przewidywane s\u0105 opady deszczu lub burze, prze\u0142\u00f3\u017ccie wycieczk\u0119 na inny dzie\u0144. Woda p\u0142yn\u0105ca po skalnych p\u0142ytach powoduje, \u017ce szlak robi si\u0119 \u015bliski i niebezpieczny. Gra\u0144 jest te\u017c niezwykle eksponowana na silny wiatr i \u0142atwo ulega oblodzeniom w ch\u0142odniejsze dni. Ko\u015bcielec, dzi\u0119ki strzelistej sylwetce jest te\u017c bardzo nara\u017cony na uderzenia pioruna a lato to okres gwa\u0142townych burz. Je\u015bli tylko masz jakiekolwiek w\u0105tpliwo\u015bci odno\u015bnie pogody, zawr\u00f3\u0107 do schroniska. G\u00f3ra nie ucieknie, a \u017cycie mamy tylko jedno.<\/p>\n\n\n\n<h2 class=\"wp-block-heading\" id=\"h-koscielec-taternictwo\">Ko\u015bcielec &#8211; taternictwo<\/h2>\n\n\n\n<p class=\"wp-block-paragraph\">Ko\u015bcielec to g\u00f3ra, na kt\u00f3rej swoja przygod\u0105 ze wspinaniem zaczyna\u0142o wielu taternik\u00f3w. Ka\u017cdy znajdzie tutaj co\u015b dla siebie. Wystarczy wspomnie\u0107 o Grani Ko\u015bcielc\u00f3w, czy Za\u0142upie H, kt\u00f3re cz\u0119sto s\u0105 pierwszymi tatrza\u0144skimi drogami. Drogi wspinaczkowe r\u00f3\u017cnej trudno\u015bci znajdziemy przede wszystkim na imponuj\u0105cej zachodniej \u015bcianie. Obok Mnicha, zachodnia Ko\u015bcielca jest najcz\u0119stszym celem wspinaczy w naszych Tatrach. Nic dziwnego &#8211; \u015bciana oferuje ska\u0142\u0119 dobrej jako\u015bci, do\u015b\u0107 lit\u0105 i cho\u0107 drogi nie nale\u017c\u0105 do najd\u0142u\u017cszych (4-5 wyci\u0105g\u00f3w) to s\u0105 bardzo pi\u0119kne. Zachodni\u0105 \u015bcian\u0119 w po\u0142owie wysoko\u015bci przecina ogromny okap przez kt\u00f3ry id\u0105 najtrudniejsze drogi. <\/p>\n\n\n\n<p class=\"wp-block-paragraph\">Na zachodniej \u015bcianie mamy takie klasyki jak Byczkowski, Lobby Instruktorskie, Spr\u0119\u017cyn\u0119 czy drog\u0119 Stanis\u0142awskiego. A to jedynie kilka z tych najbardziej znanych. Warto te\u017c wspomnie\u0107 o sektorze sportowym na zachodniej \u015bcianie Zadniego Ko\u015bcielca kt\u00f3ry zosta\u0142 udost\u0119pniony do wspinania kilka lat temu. Du\u017ca cz\u0119\u015b\u0107 dr\u00f3g zosta\u0142a obj\u0119ta akcj\u0105 \u201cTatry bez m\u0142otka\u201d przez co mamy gotowe stanowiska asekuracyjne w \u015bcianie, a w trudno\u015bciach cz\u0119sto znajdziemy sta\u0142e punkty w postaci plakietek czy wklejanych ring\u00f3w. Du\u017co dr\u00f3g znajdziemy r\u00f3wnie\u017c na s\u0105siedniej \u015bcianie Zadniego Ko\u015bcielca.<\/p>\n\n\n\n<p class=\"wp-block-paragraph\">Wschodnia \u015bciana latem nie jest ju\u017c tak cz\u0119sto odwiedzana, poniewa\u017c jej potencja\u0142 jest bardziej zimowy. Latem zespo\u0142y g\u0142\u00f3wnie wybieraj\u0105 tam popularn\u0105 drog\u0119 zwan\u0105 \u201c100\u201d(Setk\u0105), kt\u00f3ra jest kursowym klasykiem. Wracaj\u0105c do wspinania zimowego, du\u017c\u0105 popularno\u015bci\u0105 w rejonie Ko\u015bcielca cieszy si\u0119 Czuba nad Karbem na kt\u00f3rej mamy takie drogi jak G\u0142ogowski czy Potoczek. Ciekaw\u0105 propozycja dla sprawnych zespo\u0142\u00f3w jest droga Milczenie Kozic, kt\u00f3ra pokonuje niemal ca\u0142\u0105 \u015bcian\u0119 Ko\u015bcielca. W dni, kiedy zagro\u017cenie lawinowe jest zbyt du\u017ce, \u017ceby dzia\u0142a\u0107 gdzie\u015b wy\u017cej, Pr\u00f3g Grz\u0119dy Ko\u015bcielcowej to dobra alternatywa dla pocz\u0105tkuj\u0105cych zespo\u0142\u00f3w, kt\u00f3re chc\u0105 spr\u00f3bowa\u0107 swoich si\u0142 w zimowym wspinaniu.<\/p>\n\n\n\n<p class=\"wp-block-paragraph\"><\/p>\n\n\n<div class=\"wp-block-image\">\n<figure class=\"aligncenter size-full\"><img loading=\"lazy\" decoding=\"async\" width=\"600\" height=\"900\" src=\"https:\/\/8a.pl\/8academy\/wp-content\/uploads\/2022\/07\/DSC5944.jpg\" alt=\"Ko\u015bcielec wspinaczkowo\" class=\"wp-image-59660\" srcset=\"https:\/\/8a.pl\/8academy\/wp-content\/uploads\/2022\/07\/DSC5944.jpg 600w, https:\/\/8a.pl\/8academy\/wp-content\/uploads\/2022\/07\/DSC5944-200x300.jpg 200w\" sizes=\"(max-width: 600px) 100vw, 600px\" \/><figcaption class=\"wp-element-caption\">Zachodnia Ko\u015bcielca to jedna z najlepszych \u015bcian w Tatrach (fot. Joanna Kapinos)<\/figcaption><\/figure>\n<\/div>\n\n\n<h2 class=\"wp-block-heading\" id=\"h-koscielec-narciarstwo\">Ko\u015bcielec &#8211; narciarstwo<\/h2>\n\n\n\n<p class=\"wp-block-paragraph\">Jak wspomina\u0142em Ko\u015bcielec oferuje co\u015b dla mi\u0142o\u015bnik\u00f3w ka\u017cdej g\u00f3rskiej aktywno\u015bci. Zim\u0105, opr\u00f3cz wspinania, Ko\u015bcielec oferuje r\u00f3wnie\u017c kilka linii zjazd\u00f3w ekstremalnych. Mo\u017cemy tu spr\u00f3bowa\u0107 swoich si\u0142 na zje\u017adzie z Prze\u0142\u0119czy Karb w kierunku pojezierza lub Czarnego Stawu G\u0105sienicowego, kt\u00f3ra jest zdecydowanie trudniejszym wariantem. Warto jednak zaznaczy\u0107, \u017ce z racji bliskiego s\u0105siedztwa z Kasprowym Wierchem, cieszy si\u0119 du\u017c\u0105 popularno\u015bci\u0105 w\u015br\u00f3d skiturowc\u00f3w i optymalne warunki do zjazdu zdarzaj\u0105 si\u0119 tutaj rzadko. Zjazdy z Karbu to jednak naj\u0142atwiejsze linie Ko\u015bcielca, dalej jest tylko trudniej. <\/p>\n\n\n\n<p class=\"wp-block-paragraph\">Zjazd ze szczytu grani\u0105 to ju\u017c trudno\u015bci TR3 stawiaj\u0105ce narciarzowi du\u017ce wymagania. Zjazd ten jest jednak bardzo rzadko odpowiednio wy\u015bnie\u017cony. Ko\u015bcielcowa Prze\u0142\u0119cz (TR3+) to bardzo ciekawy cel dla os\u00f3b, kt\u00f3re szukaj\u0105 czego\u015b trudniejszego. To pi\u0119kna linia biegn\u0105ca pod zachodnimi \u015bcianami Ko\u015bcielca, wymaga  do\u015bwiadczenia w poruszaniu si\u0119 w eksponowanym terenie. Od wschodniej strony najbardziej do\u015bwiadczeni narciarze doceni\u0105 <a href=\"https:\/\/8a.pl\/8academy\/skialpinizm-w-tatrach-wysokich-piec-najciekawszych-linii\/\" target=\"_blank\" rel=\"noreferrer noopener\">Komin Drewnowskiego (TR4+), czy \u017bleb Zaruskiego (TR4+)<\/a>. To jedne z najpi\u0119kniejszych linii w naszych Tatrach. <br><\/p>\n","protected":false},"excerpt":{"rendered":"<p>Szukasz celu na pi\u0119kny hiking w polskich Tatrach? Pomy\u015bl o Ko\u015bcielcu w Dolinie G\u0105sienicowej. To wyj\u0105tkowy szczyt popularny zar\u00f3wno w\u015br\u00f3d turyst\u00f3w jak i wspinaczy.<\/p>\n","protected":false},"author":73,"featured_media":59664,"comment_status":"closed","ping_status":"closed","sticky":false,"template":"","format":"standard","meta":{"_acf_changed":false,"_uf_show_specific_survey":0,"_uf_disable_surveys":false,"footnotes":""},"categories":[26070],"tags":[26104,26077,26085],"class_list":["post-59636","post","type-post","status-publish","format-standard","has-post-thumbnail","hentry","category-turystyka-trekking","tag-caloroczne","tag-przewodnik","tag-trekking"],"acf":[],"yoast_head":"<!-- This site is optimized with the Yoast SEO Premium plugin v23.4 (Yoast SEO v25.5) - https:\/\/yoast.com\/wordpress\/plugins\/seo\/ -->\n<title>Ko\u015bcielec czyli &quot;polski Matterhorn&quot; | 8academy<\/title>\n<meta name=\"description\" content=\"Szukasz celu na pi\u0119kny hiking w polskich Tatrach? Ko\u015bcielec to wyj\u0105tkowy szczyt popularny zar\u00f3wno w\u015br\u00f3d turyst\u00f3w jak i wspinaczy.\" \/>\n<meta name=\"robots\" content=\"index, follow, max-snippet:-1, max-image-preview:large, max-video-preview:-1\" \/>\n<link rel=\"canonical\" href=\"http:\/\/8a.pl\/8academy\/koscielec-czyli-polski-matterhorn\/\" \/>\n<meta property=\"og:locale\" content=\"pl_PL\" \/>\n<meta property=\"og:type\" content=\"article\" \/>\n<meta property=\"og:title\" content=\"Ko\u015bcielec czyli &quot;polski Matterhorn&quot;\" \/>\n<meta property=\"og:description\" content=\"Szukasz celu na pi\u0119kny hiking w polskich Tatrach? Ko\u015bcielec to wyj\u0105tkowy szczyt popularny zar\u00f3wno w\u015br\u00f3d turyst\u00f3w jak i wspinaczy.\" \/>\n<meta property=\"og:url\" content=\"http:\/\/8a.pl\/8academy\/koscielec-czyli-polski-matterhorn\/\" \/>\n<meta property=\"og:site_name\" content=\"8academy.pl - portal g\u00f3rski i wspinaczkowy dla aktywnych\" \/>\n<meta property=\"article:publisher\" content=\"https:\/\/pl-pl.facebook.com\/sklep8apl\/\" \/>\n<meta property=\"article:published_time\" content=\"2023-10-06T08:43:41+00:00\" \/>\n<meta property=\"article:modified_time\" content=\"2024-07-16T07:40:45+00:00\" \/>\n<meta property=\"og:image\" content=\"http:\/\/8a.pl\/8academy\/wp-content\/uploads\/2022\/07\/8ACADEMY_FB_-12.jpg\" \/>\n\t<meta property=\"og:image:width\" content=\"1200\" \/>\n\t<meta property=\"og:image:height\" content=\"628\" \/>\n\t<meta property=\"og:image:type\" content=\"image\/jpeg\" \/>\n<meta name=\"author\" content=\"Miko\u0142aj Lau\" \/>\n<meta name=\"twitter:card\" content=\"summary_large_image\" \/>\n<meta name=\"twitter:label1\" content=\"Napisane przez\" \/>\n\t<meta name=\"twitter:data1\" content=\"Miko\u0142aj Lau\" \/>\n\t<meta name=\"twitter:label2\" content=\"Szacowany czas czytania\" \/>\n\t<meta name=\"twitter:data2\" content=\"12 minut\" \/>\n<!-- \/ Yoast SEO Premium plugin. -->","yoast_head_json":{"title":"Ko\u015bcielec czyli \"polski Matterhorn\" | 8academy","description":"Szukasz celu na pi\u0119kny hiking w polskich Tatrach? Ko\u015bcielec to wyj\u0105tkowy szczyt popularny zar\u00f3wno w\u015br\u00f3d turyst\u00f3w jak i wspinaczy.","robots":{"index":"index","follow":"follow","max-snippet":"max-snippet:-1","max-image-preview":"max-image-preview:large","max-video-preview":"max-video-preview:-1"},"canonical":"http:\/\/8a.pl\/8academy\/koscielec-czyli-polski-matterhorn\/","og_locale":"pl_PL","og_type":"article","og_title":"Ko\u015bcielec czyli \"polski Matterhorn\"","og_description":"Szukasz celu na pi\u0119kny hiking w polskich Tatrach? Ko\u015bcielec to wyj\u0105tkowy szczyt popularny zar\u00f3wno w\u015br\u00f3d turyst\u00f3w jak i wspinaczy.","og_url":"http:\/\/8a.pl\/8academy\/koscielec-czyli-polski-matterhorn\/","og_site_name":"8academy.pl - portal g\u00f3rski i wspinaczkowy dla aktywnych","article_publisher":"https:\/\/pl-pl.facebook.com\/sklep8apl\/","article_published_time":"2023-10-06T08:43:41+00:00","article_modified_time":"2024-07-16T07:40:45+00:00","og_image":[{"width":1200,"height":628,"url":"http:\/\/8a.pl\/8academy\/wp-content\/uploads\/2022\/07\/8ACADEMY_FB_-12.jpg","type":"image\/jpeg"}],"author":"Miko\u0142aj Lau","twitter_card":"summary_large_image","twitter_misc":{"Napisane przez":"Miko\u0142aj Lau","Szacowany czas czytania":"12 minut"},"schema":{"@context":"https:\/\/schema.org","@graph":[{"@type":"Article","@id":"http:\/\/8a.pl\/8academy\/koscielec-czyli-polski-matterhorn\/#article","isPartOf":{"@id":"http:\/\/8a.pl\/8academy\/koscielec-czyli-polski-matterhorn\/"},"author":{"name":"Miko\u0142aj Lau","@id":"https:\/\/8a.pl\/8academy\/#\/schema\/person\/094ccc0b478dc4d9c15fb2e99817898c"},"headline":"Ko\u015bcielec czyli &#8220;polski Matterhorn&#8221;","datePublished":"2023-10-06T08:43:41+00:00","dateModified":"2024-07-16T07:40:45+00:00","mainEntityOfPage":{"@id":"http:\/\/8a.pl\/8academy\/koscielec-czyli-polski-matterhorn\/"},"wordCount":2257,"publisher":{"@id":"https:\/\/8a.pl\/8academy\/#organization"},"image":{"@id":"http:\/\/8a.pl\/8academy\/koscielec-czyli-polski-matterhorn\/#primaryimage"},"thumbnailUrl":"https:\/\/8a.pl\/8academy\/wp-content\/uploads\/2022\/07\/DSC_18312_2021_72-1.jpg","keywords":["Ca\u0142oroczne","Przewodnik","Trekking"],"articleSection":["Turystyka \/ trekking"],"inLanguage":"pl-PL"},{"@type":"WebPage","@id":"http:\/\/8a.pl\/8academy\/koscielec-czyli-polski-matterhorn\/","url":"http:\/\/8a.pl\/8academy\/koscielec-czyli-polski-matterhorn\/","name":"Ko\u015bcielec czyli \"polski Matterhorn\" | 8academy","isPartOf":{"@id":"https:\/\/8a.pl\/8academy\/#website"},"primaryImageOfPage":{"@id":"http:\/\/8a.pl\/8academy\/koscielec-czyli-polski-matterhorn\/#primaryimage"},"image":{"@id":"http:\/\/8a.pl\/8academy\/koscielec-czyli-polski-matterhorn\/#primaryimage"},"thumbnailUrl":"https:\/\/8a.pl\/8academy\/wp-content\/uploads\/2022\/07\/DSC_18312_2021_72-1.jpg","datePublished":"2023-10-06T08:43:41+00:00","dateModified":"2024-07-16T07:40:45+00:00","description":"Szukasz celu na pi\u0119kny hiking w polskich Tatrach? Ko\u015bcielec to wyj\u0105tkowy szczyt popularny zar\u00f3wno w\u015br\u00f3d turyst\u00f3w jak i wspinaczy.","breadcrumb":{"@id":"http:\/\/8a.pl\/8academy\/koscielec-czyli-polski-matterhorn\/#breadcrumb"},"inLanguage":"pl-PL","potentialAction":[{"@type":"ReadAction","target":["http:\/\/8a.pl\/8academy\/koscielec-czyli-polski-matterhorn\/"]}]},{"@type":"ImageObject","inLanguage":"pl-PL","@id":"http:\/\/8a.pl\/8academy\/koscielec-czyli-polski-matterhorn\/#primaryimage","url":"https:\/\/8a.pl\/8academy\/wp-content\/uploads\/2022\/07\/DSC_18312_2021_72-1.jpg","contentUrl":"https:\/\/8a.pl\/8academy\/wp-content\/uploads\/2022\/07\/DSC_18312_2021_72-1.jpg","width":1100,"height":715},{"@type":"BreadcrumbList","@id":"http:\/\/8a.pl\/8academy\/koscielec-czyli-polski-matterhorn\/#breadcrumb","itemListElement":[{"@type":"ListItem","position":1,"name":"Strona g\u0142\u00f3wna","item":"https:\/\/8a.pl\/8academy\/"},{"@type":"ListItem","position":2,"name":"Ko\u015bcielec czyli &#8220;polski Matterhorn&#8221;"}]},{"@type":"WebSite","@id":"https:\/\/8a.pl\/8academy\/#website","url":"https:\/\/8a.pl\/8academy\/","name":"8academy.pl - portal g\u00f3rski i wspinaczkowy dla aktywnych","description":"8academy to portal g\u00f3rski o wspinaczce, trekkingu i skiturach. Znajdziesz tu porady, testy sprz\u0119tu i opisy najlepszych rejon\u00f3w. Inspirujemy zdobywc\u00f3w!","publisher":{"@id":"https:\/\/8a.pl\/8academy\/#organization"},"potentialAction":[{"@type":"SearchAction","target":{"@type":"EntryPoint","urlTemplate":"https:\/\/8a.pl\/8academy\/?s={search_term_string}"},"query-input":{"@type":"PropertyValueSpecification","valueRequired":true,"valueName":"search_term_string"}}],"inLanguage":"pl-PL"},{"@type":"Organization","@id":"https:\/\/8a.pl\/8academy\/#organization","name":"8academy.pl - portal g\u00f3rski i wspinaczkowy dla aktywnych","url":"https:\/\/8a.pl\/8academy\/","logo":{"@type":"ImageObject","inLanguage":"pl-PL","@id":"https:\/\/8a.pl\/8academy\/#\/schema\/logo\/image\/","url":"https:\/\/8a.pl\/8academy\/wp-content\/uploads\/2015\/11\/logo.png","contentUrl":"https:\/\/8a.pl\/8academy\/wp-content\/uploads\/2015\/11\/logo.png","width":438,"height":315,"caption":"8academy.pl - portal g\u00f3rski i wspinaczkowy dla aktywnych"},"image":{"@id":"https:\/\/8a.pl\/8academy\/#\/schema\/logo\/image\/"},"sameAs":["https:\/\/pl-pl.facebook.com\/sklep8apl\/","https:\/\/www.instagram.com\/8apl\/"]},{"@type":"Person","@id":"https:\/\/8a.pl\/8academy\/#\/schema\/person\/094ccc0b478dc4d9c15fb2e99817898c","name":"Miko\u0142aj Lau","image":{"@type":"ImageObject","inLanguage":"pl-PL","@id":"https:\/\/8a.pl\/8academy\/#\/schema\/person\/image\/","url":"https:\/\/8a.pl\/8academy\/wp-content\/uploads\/2022\/01\/team1-150x150.jpg","contentUrl":"https:\/\/8a.pl\/8academy\/wp-content\/uploads\/2022\/01\/team1-150x150.jpg","caption":"Miko\u0142aj Lau"},"url":"https:\/\/8a.pl\/8academy\/author\/mikolaj-lau\/"}]}},"_links":{"self":[{"href":"https:\/\/8a.pl\/8academy\/wp-json\/wp\/v2\/posts\/59636","targetHints":{"allow":["GET"]}}],"collection":[{"href":"https:\/\/8a.pl\/8academy\/wp-json\/wp\/v2\/posts"}],"about":[{"href":"https:\/\/8a.pl\/8academy\/wp-json\/wp\/v2\/types\/post"}],"author":[{"embeddable":true,"href":"https:\/\/8a.pl\/8academy\/wp-json\/wp\/v2\/users\/73"}],"replies":[{"embeddable":true,"href":"https:\/\/8a.pl\/8academy\/wp-json\/wp\/v2\/comments?post=59636"}],"version-history":[{"count":14,"href":"https:\/\/8a.pl\/8academy\/wp-json\/wp\/v2\/posts\/59636\/revisions"}],"predecessor-version":[{"id":65773,"href":"https:\/\/8a.pl\/8academy\/wp-json\/wp\/v2\/posts\/59636\/revisions\/65773"}],"wp:featuredmedia":[{"embeddable":true,"href":"https:\/\/8a.pl\/8academy\/wp-json\/wp\/v2\/media\/59664"}],"wp:attachment":[{"href":"https:\/\/8a.pl\/8academy\/wp-json\/wp\/v2\/media?parent=59636"}],"wp:term":[{"taxonomy":"category","embeddable":true,"href":"https:\/\/8a.pl\/8academy\/wp-json\/wp\/v2\/categories?post=59636"},{"taxonomy":"post_tag","embeddable":true,"href":"https:\/\/8a.pl\/8academy\/wp-json\/wp\/v2\/tags?post=59636"}],"curies":[{"name":"wp","href":"https:\/\/api.w.org\/{rel}","templated":true}]}}