{"id":50898,"date":"2021-01-08T09:00:00","date_gmt":"2021-01-08T08:00:00","guid":{"rendered":"https:\/\/8a.pl\/8academy\/?p=50898"},"modified":"2024-05-12T08:56:34","modified_gmt":"2024-05-12T06:56:34","slug":"mocowanie-czekana-do-plecaka-jak-to-zrobic","status":"publish","type":"post","link":"https:\/\/8a.pl\/8academy\/mocowanie-czekana-do-plecaka-jak-to-zrobic\/","title":{"rendered":"Mocowanie czekana do plecaka \u2014 jak to zrobi\u0107?"},"content":{"rendered":"\n\n\n<p class=\"wp-block-paragraph\">Widok wsp\u00f3\u0142czesnego plecaka g\u00f3rskiego lub <a href=\"https:\/\/8a.pl\/plecaki-narciarskie-i-skiturowe\" target=\"_blank\" rel=\"noreferrer noopener\">skiturowego<\/a> mo\u017ce wprawi\u0107 niewprawnego u\u017cytkownika w niema\u0142e zak\u0142opotanie. Wsz\u0119dzie pe\u0142no p\u0119telek, klamerek, zacisk\u00f3w, kieszonek, klips\u00f3w. Jak tego wszystkiego u\u017cywa\u0107? Najch\u0119tniej wrzuciliby\u015bmy ca\u0142y sprz\u0119t do \u015brodka. Ale przecie\u017c niekt\u00f3re rzeczy nie maj\u0105 szans si\u0119 zmie\u015bci\u0107, inne za\u015b powinny by\u0107 na zewn\u0105trz ze wzgl\u0119du na bezpiecze\u0144stwo i celowo\u015b\u0107 ich u\u017cytkowania. Id\u0105c w g\u00f3ry zim\u0105, do plecaka mo\u017cemy przytroczy\u0107 wiele element\u00f3w wyposa\u017cenia, w zale\u017cno\u015bci od aktywno\u015bci, kt\u00f3r\u0105 b\u0119dziemy uprawia\u0107: <a href=\"https:\/\/8a.pl\/liny-wspinaczkowe\" target=\"_blank\" rel=\"noreferrer noopener\">lin\u0119<\/a>, <a href=\"https:\/\/8a.pl\/narty-skiturowe\">narty<\/a> (b\u0105d\u017a desk\u0119), <a href=\"https:\/\/8a.pl\/kije-trekkingowe\" target=\"_blank\" rel=\"noreferrer noopener\">kije trekkingowe<\/a> lub <a href=\"https:\/\/8a.pl\/kije-skiturowe\" target=\"_blank\" rel=\"noreferrer noopener\">skiturowe<\/a>, <a href=\"https:\/\/8a.pl\/kaski-wspinaczkowe\" target=\"_blank\" rel=\"noreferrer noopener\">kask<\/a>, <a href=\"https:\/\/8a.pl\/raki\" target=\"_blank\" rel=\"noreferrer noopener\">raki<\/a> oraz <a href=\"https:\/\/8a.pl\/czekany\" target=\"_blank\" rel=\"noreferrer noopener\">czekan<\/a>. W tym artykule skupimy si\u0119 na czekanie. Jak wygl\u0105da poprawne mocowanie czekana do plecaka?<\/p>\n\n\n\n<h2 class=\"wp-block-heading\" id=\"h-bezpieczenstwo-i-wygoda\">Bezpiecze\u0144stwo i wygoda<\/h2>\n\n\n\n<p class=\"wp-block-paragraph\">W\u0142a\u015bciwe mocowanie czekana do plecaka to kwestia wygody. Dobrze zamocowane elementy nie b\u0119d\u0105 &#8220;dynda\u0107&#8221;, &#8220;dzwoni\u0107&#8221;, zaczepia\u0107 si\u0119 i dziurawi\u0107 odzie\u017cy. Za\u015b w\u0142a\u015bciwe roz\u0142o\u017cenie ci\u0119\u017caru zapewni nam komfort na podej\u015bciu. Ale opr\u00f3cz wygody to r\u00f3wnie\u017c, a w zasadzie przede wszystkim, kwestia bezpiecze\u0144stwa. Czekan &#8211; sprz\u0119t kluczowy podczas zimowych wyj\u015b\u0107 w g\u00f3ry &#8211; musi by\u0107 przytroczony tak by by\u0142 \u0142atwo dost\u0119pny. W razie potrzeby nie mo\u017cemy zmaga\u0107 si\u0119 z p\u0119telkami, odpl\u0105tywa\u0107 czekana z pask\u00f3w i zacisk\u00f3w. Czekan musi by\u0107 zamocowany tak by mo\u017cna go wyj\u0105\u0107 jak najszybciej, cz\u0119sto jedn\u0105 r\u0119k\u0105, cz\u0119sto w grubej r\u0119kawicy. To jednak nie wszystko. Bezpiecze\u0144stwo oznacza w tym przypadku r\u00f3wnie\u017c mocowanie czekana do plecaka w taki spos\u00f3b by czekan nie zrobi\u0142 nam krzywdy w czasie niefortunnego upadku lub po prostu siadania b\u0105d\u017a schylania si\u0119. Pami\u0119tajmy, \u017ce to narz\u0119dzie, kt\u00f3re posiada ostrze oraz stylisko najcz\u0119\u015bciej r\u00f3wnie\u017c zako\u0144czone ostrym elementem. <\/p>\n\n\n\n<p class=\"wp-block-paragraph\"><\/p>\n\n\n<div class=\"wp-block-image\">\n<figure class=\"aligncenter size-large\"><img fetchpriority=\"high\" decoding=\"async\" width=\"600\" height=\"900\" src=\"https:\/\/8a.pl\/8academy\/wp-content\/uploads\/2021\/06\/plecak-wspinaczkowy-ortovox-peak-light-40-blue-lake-1618921326_1.jpg\" alt=\"\" class=\"wp-image-51437\" srcset=\"https:\/\/8a.pl\/8academy\/wp-content\/uploads\/2021\/06\/plecak-wspinaczkowy-ortovox-peak-light-40-blue-lake-1618921326_1.jpg 600w, https:\/\/8a.pl\/8academy\/wp-content\/uploads\/2021\/06\/plecak-wspinaczkowy-ortovox-peak-light-40-blue-lake-1618921326_1-200x300.jpg 200w\" sizes=\"(max-width: 600px) 100vw, 600px\" \/><figcaption class=\"wp-element-caption\">poprawnie zamocowany sprz\u0119t na plecaku Ortovox Peak Light 40 (fot. Ortovox)<\/figcaption><\/figure>\n<\/div>\n\n\n<p class=\"wp-block-paragraph\">W przypadku mocowania do plecaka kilku element\u00f3w (np kask, czekan, kije) nale\u017cy pami\u0119ta\u0107 by przytroczy\u0107 je tak by by nie kolidowa\u0142y ze sob\u0105 i bez trudu da\u0142o si\u0119 wyj\u0105\u0107 poszczeg\u00f3lne elementy. Czekan nie mo\u017ce si\u0119 przemieszcza\u0107, obraca\u0107 przy maszerowaniu lub operacjach sprz\u0119towych. I najwa\u017cniejsze: nie mo\u017ce wypa\u015b\u0107. Najgorszy chyba koszmar zimowego turysty lub skiturowca to w trudnej sytuacji si\u0119gn\u0105\u0107 po czekan i&#8230; u\u015bwiadomi\u0107 sobie, \u017ce go tam nie ma.<\/p>\n\n\n\n<h2 class=\"wp-block-heading\" id=\"h-mocowanie-czekana-do-plecaka-rozne-rozwiazania\">Mocowanie czekana do plecaka &#8211; r\u00f3\u017cne rozwiazania<\/h2>\n\n\n\n<p class=\"wp-block-paragraph\">Sprawa by\u0142a by \u0142atwa, gdyby nie fakt, \u017ce r\u00f3\u017cni producenci stosuj\u0105 r\u00f3\u017cne metody mocowania czekana do plecaka. Przyjrzyjmy si\u0119 zatem kilku rozwi\u0105zaniom. <\/p>\n\n\n\n<p class=\"wp-block-paragraph\"><strong>Mocowanie &#8220;klasyczne&#8221;.<\/strong><\/p>\n\n\n\n<p class=\"wp-block-paragraph\">Spotykane w starszych plecakach, ale stosowane r\u00f3wnie\u017c w niekt\u00f3rych wsp\u00f3\u0142czesnych modelach. Sk\u0142ada si\u0119 z dw\u00f3ch punkt\u00f3w: p\u0119telki z ta\u015bmy na dole plecaka oraz rzepa, zacisku lub klamerki na g\u00f3rze. Zobaczmy je na przyk\u0142adzie plecaka <a href=\"https:\/\/8a.pl\/plecak-kohla-alpinist-35l-red-orange\" target=\"_blank\" rel=\"noreferrer noopener\">Kohla Alpinist 35L<\/a>. <\/p>\n\n\n\n<ol class=\"wp-block-list\">\n<li>Czekan skierowany styliskiem do do\u0142u wsuwamy w doln\u0105 p\u0119telk\u0119 a\u017c po ostrze<\/li>\n\n\n\n<li>\u0141apiemy za stylisko i <strong>obracamy czekan do g\u00f3ry nogami<\/strong>. Stylisko przypinamy g\u00f3rn\u0105 klamerk\u0105. Zwr\u00f3\u0107 uwag\u0119 na u\u0142o\u017cenie dolnej p\u0119telki &#8211; powinna obejmowa\u0107 ostrze czekana od do\u0142u. Mimo, \u017ce mocowanie jest bardzo proste, wiele os\u00f3b przypina czekan nieodpowiednio &#8211; przek\u0142adaj\u0105c jedynie stylisko przez doln\u0105 p\u0119telk\u0119 od do\u0142u i przypinaj\u0105c g\u00f3rn\u0105. Istnieje wtedy du\u017ce ryzyko, \u017ce czekan wypadnie podczas marszu.<\/li>\n<\/ol>\n\n\n\n<p class=\"wp-block-paragraph\"><\/p>\n\n\n<div class=\"wp-block-image\">\n<figure class=\"aligncenter size-large\"><img decoding=\"async\" width=\"600\" height=\"900\" src=\"https:\/\/8a.pl\/8academy\/wp-content\/uploads\/2021\/06\/75A1904.jpg\" alt=\"mocowanie czekana do plecaka\" class=\"wp-image-51433\" srcset=\"https:\/\/8a.pl\/8academy\/wp-content\/uploads\/2021\/06\/75A1904.jpg 600w, https:\/\/8a.pl\/8academy\/wp-content\/uploads\/2021\/06\/75A1904-200x300.jpg 200w\" sizes=\"(max-width: 600px) 100vw, 600px\" \/><figcaption class=\"wp-element-caption\">Poprawnie zamocowany czekan w plecaku z klasycznym systemem mocowania. Plecak Kohla Alpinist 35 L (fot. Piotrek Deska)<\/figcaption><\/figure>\n<\/div>\n\n\n<p class=\"wp-block-paragraph\"><strong>Mocowanie na metalowy klips.<\/strong><\/p>\n\n\n\n<p class=\"wp-block-paragraph\">To rozwiniecie i uproszczenie mocowania &#8220;klasycznego&#8221;. Czekan umieszczamy tak samo, ale dzi\u0119ki klipsowi nie ma mo\u017cliwo\u015bci, by czekan zamocowa\u0107 \u017ale. Zobaczmy na przyk\u0142adzie plecaka <a href=\"https:\/\/8a.pl\/plecak-skiturowy-blue-ice-yagi-pack-35l-super-lemon\" target=\"_blank\" rel=\"noreferrer noopener\">Blue Ice Yagi Pack 35L<\/a>.<\/p>\n\n\n\n<ol class=\"wp-block-list\">\n<li>Ustawiamy czekan ostrzem do do\u0142u. <\/li>\n\n\n\n<li>Przez otw\u00f3r w ostrzu przek\u0142adamy metalowy klips<\/li>\n\n\n\n<li>Przypinamy stylisko g\u00f3rn\u0105 klamerk\u0105.<\/li>\n<\/ol>\n\n\n\n<p class=\"wp-block-paragraph\"><\/p>\n\n\n<div class=\"wp-block-image\">\n<figure class=\"aligncenter size-large\"><img decoding=\"async\" width=\"600\" height=\"900\" src=\"https:\/\/8a.pl\/8academy\/wp-content\/uploads\/2021\/06\/czekan.gif\" alt=\"mocowanie czekana do plecaka\" class=\"wp-image-51435\"\/><figcaption class=\"wp-element-caption\">Mocowanie czekana krok po kroku na plecaku Blue Ice Yagi Pack 35L (fot. Piotrek Deska)<\/figcaption><\/figure>\n<\/div>\n\n\n<p class=\"wp-block-paragraph\"><strong>Kiesze\u0144 na ostrze<\/strong><\/p>\n\n\n\n<p class=\"wp-block-paragraph\">W wielu wsp\u00f3\u0142czesnych plecakach na dole plecaka znajduje si\u0119 kiesze\u0144 na ostrze czekana. Tak jak w plecaku <a href=\"https:\/\/8a.pl\/plecak-gorski-gregory-alpinisto-35-zest-orange\" target=\"_blank\" rel=\"noreferrer noopener\">Gregory Alpinisto 35L.<\/a><\/p>\n\n\n\n<ol class=\"wp-block-list\">\n<li>Ustawiamy czekan ostrzem do do\u0142u.<\/li>\n\n\n\n<li>Wk\u0142adamy ostrze w kiesze\u0144.<\/li>\n\n\n\n<li>Zapinamy g\u00f3rn\u0105 klamerk\u0119.<\/li>\n<\/ol>\n\n\n\n<p class=\"wp-block-paragraph\"><\/p>\n\n\n\n<p class=\"wp-block-paragraph\"> <\/p>\n\n\n<div class=\"wp-block-image\">\n<figure class=\"aligncenter size-large\"><img loading=\"lazy\" decoding=\"async\" width=\"600\" height=\"900\" src=\"https:\/\/8a.pl\/8academy\/wp-content\/uploads\/2021\/06\/75A1888.jpg\" alt=\"mocowanie czekana do plecaka\" class=\"wp-image-51434\" srcset=\"https:\/\/8a.pl\/8academy\/wp-content\/uploads\/2021\/06\/75A1888.jpg 600w, https:\/\/8a.pl\/8academy\/wp-content\/uploads\/2021\/06\/75A1888-200x300.jpg 200w\" sizes=\"(max-width: 600px) 100vw, 600px\" \/><figcaption class=\"wp-element-caption\">Kiesze\u0144 na ostrze jest bardzo wygodnym rozwi\u0105zaniem. Plecak Gregory Alpinisto 35L (fot. Piotrek Deska)<\/figcaption><\/figure>\n<\/div>\n\n\n<p class=\"wp-block-paragraph\">Niezale\u017cnie od tego jaki <a href=\"https:\/\/8a.pl\/plecaki-turystyczne\" target=\"_blank\" rel=\"noreferrer noopener\">plecak w g\u00f3ry<\/a> posiadacie i jaki ma on system mocowania, pami\u0119ta\u0107 nale\u017cy o jednej wa\u017cnej zasadzie: Ostrze czekana zawsze powinno by\u0107 skierowane na zewn\u0105trz, <strong>nie w kierunku cia\u0142a<\/strong>. <\/p>\n\n\n\n<h2 class=\"wp-block-heading\" id=\"h-czekan-w-reku\">Czekan w r\u0119ku<\/h2>\n\n\n\n<p class=\"wp-block-paragraph\">Gdy ju\u017c opanujemy r\u00f3\u017cne sposoby mocowania czekana do plecaka, na koniec istotna uwaga. Pami\u0119tajmy, \u017ce czekan nosimy przytroczony do plecaka tylko i wy\u0142\u0105cznie na \u0142atwych podej\u015bciach. Czekan to nie ozdoba. Gdy tylko wchodzimy w trudniejszy teren, czekan nale\u017cy bezzw\u0142ocznie odpi\u0105\u0107 od plecaka i trzyma\u0107 w r\u0119ku. Tylko wtedy b\u0119dziemy mieli szans\u0119 go u\u017cy\u0107. Czekan nie s\u0142u\u017cy do podpierania si\u0119 lecz do wyhamowania lotu po upadku. Przytroczony do plecaka nie pomo\u017ce nam w takiej sytuacji. Warto te\u017c pami\u0119ta\u0107, \u017ce w g\u00f3rach ni st\u0105d ni zow\u0105d mo\u017cemy si\u0119 znale\u017a\u0107 w terenie, gdzie odpi\u0119cie czekana b\u0119dzie bardzo trudne. Nigdy nie czekaj z tym do ostatniej chwili, zawsze wyjmij czekan przed wej\u015bciem w trudny teren. Wbrew temu co s\u0105dzi wielu pocz\u0105tkuj\u0105cych turyst\u00f3w g\u00f3rskich &#8211; nie ma \u017cadnych szans by czekan odpi\u0105\u0107 od plecaka, gdy ju\u017c spadasz. <\/p>\n\n\n\n<p class=\"wp-block-paragraph\"><em>[Czekan to jednak nie wszystko, sprawd\u017a nasz artyku\u0142 o tym <a href=\"https:\/\/8a.pl\/8academy\/jak-przymocowac-kask-do-plecaka\/\">jak przymocowa\u0107 kask do plecaka<\/a>]<\/em><\/p>\n","protected":false},"excerpt":{"rendered":"<p>Droga w g\u00f3ry bywa d\u0142uga a podej\u015bcie cz\u0119sto nu\u017c\u0105ce i m\u0119cz\u0105ce. Nim dojdziemy w teren, kt\u00f3ry wymaga u\u017cycia czekana mo\u017ce min\u0105\u0107 kilka godzin. Osobom nieobytym z g\u00f3rskim sprz\u0119tem mocowanie czekana do plecaka potrafi sprawi\u0107 k\u0142opot. Podpowiadamy zatem jak to zrobi\u0107!<\/p>\n","protected":false},"author":7,"featured_media":51384,"comment_status":"open","ping_status":"closed","sticky":false,"template":"","format":"standard","meta":{"_acf_changed":false,"_uf_show_specific_survey":0,"_uf_disable_surveys":false,"footnotes":""},"categories":[26070],"tags":[26069,26085,26084],"class_list":["post-50898","post","type-post","status-publish","format-standard","has-post-thumbnail","hentry","category-turystyka-trekking","tag-poradnik","tag-trekking","tag-zima"],"acf":[],"yoast_head":"<!-- This site is optimized with the Yoast SEO Premium plugin v23.4 (Yoast SEO v25.5) - https:\/\/yoast.com\/wordpress\/plugins\/seo\/ -->\n<title>Mocowanie czekana do plecaka \u2014 jak to zrobi\u0107? | 8academy<\/title>\n<meta name=\"description\" content=\"Osobom nieobytym z g\u00f3rskim sprz\u0119tem przytroczenie czekana do plecaka potrafi sprawi\u0107 k\u0142opot. Jak wygl\u0105da poprawne mocowanie czekana do plecaka?\" \/>\n<meta name=\"robots\" content=\"index, follow, max-snippet:-1, max-image-preview:large, max-video-preview:-1\" \/>\n<link rel=\"canonical\" href=\"https:\/\/8a.pl\/8academy\/mocowanie-czekana-do-plecaka-jak-to-zrobic\/\" \/>\n<meta property=\"og:locale\" content=\"pl_PL\" \/>\n<meta property=\"og:type\" content=\"article\" \/>\n<meta property=\"og:title\" content=\"Mocowanie czekana do plecaka \u2014 jak to zrobi\u0107?\" \/>\n<meta property=\"og:description\" content=\"Osobom nieobytym z g\u00f3rskim sprz\u0119tem przytroczenie czekana do plecaka potrafi sprawi\u0107 k\u0142opot. Jak wygl\u0105da poprawne mocowanie czekana do plecaka?\" \/>\n<meta property=\"og:url\" content=\"https:\/\/8a.pl\/8academy\/mocowanie-czekana-do-plecaka-jak-to-zrobic\/\" \/>\n<meta property=\"og:site_name\" content=\"8academy.pl - portal g\u00f3rski i wspinaczkowy dla aktywnych\" \/>\n<meta property=\"article:publisher\" content=\"https:\/\/pl-pl.facebook.com\/sklep8apl\/\" \/>\n<meta property=\"article:published_time\" content=\"2021-01-08T08:00:00+00:00\" \/>\n<meta property=\"article:modified_time\" content=\"2024-05-12T06:56:34+00:00\" \/>\n<meta property=\"og:image\" content=\"http:\/\/8a.pl\/8academy\/wp-content\/uploads\/2021\/05\/Czekan.jpg\" \/>\n\t<meta property=\"og:image:width\" content=\"1100\" \/>\n\t<meta property=\"og:image:height\" content=\"715\" \/>\n\t<meta property=\"og:image:type\" content=\"image\/jpeg\" \/>\n<meta name=\"author\" content=\"Redakcja 8Academy\" \/>\n<meta name=\"twitter:card\" content=\"summary_large_image\" \/>\n<meta name=\"twitter:label1\" content=\"Napisane przez\" \/>\n\t<meta name=\"twitter:data1\" content=\"Redakcja 8Academy\" \/>\n\t<meta name=\"twitter:label2\" content=\"Szacowany czas czytania\" \/>\n\t<meta name=\"twitter:data2\" content=\"6 minut\" \/>\n<!-- \/ Yoast SEO Premium plugin. -->","yoast_head_json":{"title":"Mocowanie czekana do plecaka \u2014 jak to zrobi\u0107? | 8academy","description":"Osobom nieobytym z g\u00f3rskim sprz\u0119tem przytroczenie czekana do plecaka potrafi sprawi\u0107 k\u0142opot. Jak wygl\u0105da poprawne mocowanie czekana do plecaka?","robots":{"index":"index","follow":"follow","max-snippet":"max-snippet:-1","max-image-preview":"max-image-preview:large","max-video-preview":"max-video-preview:-1"},"canonical":"https:\/\/8a.pl\/8academy\/mocowanie-czekana-do-plecaka-jak-to-zrobic\/","og_locale":"pl_PL","og_type":"article","og_title":"Mocowanie czekana do plecaka \u2014 jak to zrobi\u0107?","og_description":"Osobom nieobytym z g\u00f3rskim sprz\u0119tem przytroczenie czekana do plecaka potrafi sprawi\u0107 k\u0142opot. Jak wygl\u0105da poprawne mocowanie czekana do plecaka?","og_url":"https:\/\/8a.pl\/8academy\/mocowanie-czekana-do-plecaka-jak-to-zrobic\/","og_site_name":"8academy.pl - portal g\u00f3rski i wspinaczkowy dla aktywnych","article_publisher":"https:\/\/pl-pl.facebook.com\/sklep8apl\/","article_published_time":"2021-01-08T08:00:00+00:00","article_modified_time":"2024-05-12T06:56:34+00:00","og_image":[{"width":1100,"height":715,"url":"http:\/\/8a.pl\/8academy\/wp-content\/uploads\/2021\/05\/Czekan.jpg","type":"image\/jpeg"}],"author":"Redakcja 8Academy","twitter_card":"summary_large_image","twitter_misc":{"Napisane przez":"Redakcja 8Academy","Szacowany czas czytania":"6 minut"},"schema":{"@context":"https:\/\/schema.org","@graph":[{"@type":"Article","@id":"https:\/\/8a.pl\/8academy\/mocowanie-czekana-do-plecaka-jak-to-zrobic\/#article","isPartOf":{"@id":"https:\/\/8a.pl\/8academy\/mocowanie-czekana-do-plecaka-jak-to-zrobic\/"},"author":{"name":"Redakcja 8Academy","@id":"https:\/\/8a.pl\/8academy\/#\/schema\/person\/2e392153a51786e6c3d5ede231b5d2a4"},"headline":"Mocowanie czekana do plecaka \u2014 jak to zrobi\u0107?","datePublished":"2021-01-08T08:00:00+00:00","dateModified":"2024-05-12T06:56:34+00:00","mainEntityOfPage":{"@id":"https:\/\/8a.pl\/8academy\/mocowanie-czekana-do-plecaka-jak-to-zrobic\/"},"wordCount":936,"commentCount":0,"publisher":{"@id":"https:\/\/8a.pl\/8academy\/#organization"},"image":{"@id":"https:\/\/8a.pl\/8academy\/mocowanie-czekana-do-plecaka-jak-to-zrobic\/#primaryimage"},"thumbnailUrl":"https:\/\/8a.pl\/8academy\/wp-content\/uploads\/2021\/05\/Czekan.jpg","keywords":["Poradnik","Trekking","Zima"],"articleSection":["Turystyka \/ trekking"],"inLanguage":"pl-PL","potentialAction":[{"@type":"CommentAction","name":"Comment","target":["https:\/\/8a.pl\/8academy\/mocowanie-czekana-do-plecaka-jak-to-zrobic\/#respond"]}]},{"@type":"WebPage","@id":"https:\/\/8a.pl\/8academy\/mocowanie-czekana-do-plecaka-jak-to-zrobic\/","url":"https:\/\/8a.pl\/8academy\/mocowanie-czekana-do-plecaka-jak-to-zrobic\/","name":"Mocowanie czekana do plecaka \u2014 jak to zrobi\u0107? | 8academy","isPartOf":{"@id":"https:\/\/8a.pl\/8academy\/#website"},"primaryImageOfPage":{"@id":"https:\/\/8a.pl\/8academy\/mocowanie-czekana-do-plecaka-jak-to-zrobic\/#primaryimage"},"image":{"@id":"https:\/\/8a.pl\/8academy\/mocowanie-czekana-do-plecaka-jak-to-zrobic\/#primaryimage"},"thumbnailUrl":"https:\/\/8a.pl\/8academy\/wp-content\/uploads\/2021\/05\/Czekan.jpg","datePublished":"2021-01-08T08:00:00+00:00","dateModified":"2024-05-12T06:56:34+00:00","description":"Osobom nieobytym z g\u00f3rskim sprz\u0119tem przytroczenie czekana do plecaka potrafi sprawi\u0107 k\u0142opot. Jak wygl\u0105da poprawne mocowanie czekana do plecaka?","breadcrumb":{"@id":"https:\/\/8a.pl\/8academy\/mocowanie-czekana-do-plecaka-jak-to-zrobic\/#breadcrumb"},"inLanguage":"pl-PL","potentialAction":[{"@type":"ReadAction","target":["https:\/\/8a.pl\/8academy\/mocowanie-czekana-do-plecaka-jak-to-zrobic\/"]}]},{"@type":"ImageObject","inLanguage":"pl-PL","@id":"https:\/\/8a.pl\/8academy\/mocowanie-czekana-do-plecaka-jak-to-zrobic\/#primaryimage","url":"https:\/\/8a.pl\/8academy\/wp-content\/uploads\/2021\/05\/Czekan.jpg","contentUrl":"https:\/\/8a.pl\/8academy\/wp-content\/uploads\/2021\/05\/Czekan.jpg","width":1100,"height":715},{"@type":"BreadcrumbList","@id":"https:\/\/8a.pl\/8academy\/mocowanie-czekana-do-plecaka-jak-to-zrobic\/#breadcrumb","itemListElement":[{"@type":"ListItem","position":1,"name":"Strona g\u0142\u00f3wna","item":"https:\/\/8a.pl\/8academy\/"},{"@type":"ListItem","position":2,"name":"Mocowanie czekana do plecaka \u2014 jak to zrobi\u0107?"}]},{"@type":"WebSite","@id":"https:\/\/8a.pl\/8academy\/#website","url":"https:\/\/8a.pl\/8academy\/","name":"8academy.pl - portal g\u00f3rski i wspinaczkowy dla aktywnych","description":"8academy to portal g\u00f3rski o wspinaczce, trekkingu i skiturach. Znajdziesz tu porady, testy sprz\u0119tu i opisy najlepszych rejon\u00f3w. Inspirujemy zdobywc\u00f3w!","publisher":{"@id":"https:\/\/8a.pl\/8academy\/#organization"},"potentialAction":[{"@type":"SearchAction","target":{"@type":"EntryPoint","urlTemplate":"https:\/\/8a.pl\/8academy\/?s={search_term_string}"},"query-input":{"@type":"PropertyValueSpecification","valueRequired":true,"valueName":"search_term_string"}}],"inLanguage":"pl-PL"},{"@type":"Organization","@id":"https:\/\/8a.pl\/8academy\/#organization","name":"8academy.pl - portal g\u00f3rski i wspinaczkowy dla aktywnych","url":"https:\/\/8a.pl\/8academy\/","logo":{"@type":"ImageObject","inLanguage":"pl-PL","@id":"https:\/\/8a.pl\/8academy\/#\/schema\/logo\/image\/","url":"https:\/\/8a.pl\/8academy\/wp-content\/uploads\/2015\/11\/logo.png","contentUrl":"https:\/\/8a.pl\/8academy\/wp-content\/uploads\/2015\/11\/logo.png","width":438,"height":315,"caption":"8academy.pl - portal g\u00f3rski i wspinaczkowy dla aktywnych"},"image":{"@id":"https:\/\/8a.pl\/8academy\/#\/schema\/logo\/image\/"},"sameAs":["https:\/\/pl-pl.facebook.com\/sklep8apl\/","https:\/\/www.instagram.com\/8apl\/"]},{"@type":"Person","@id":"https:\/\/8a.pl\/8academy\/#\/schema\/person\/2e392153a51786e6c3d5ede231b5d2a4","name":"Redakcja 8Academy","image":{"@type":"ImageObject","inLanguage":"pl-PL","@id":"https:\/\/8a.pl\/8academy\/#\/schema\/person\/image\/","url":"https:\/\/8a.pl\/8academy\/wp-content\/uploads\/2017\/10\/logo_obrobione_2_150_59ICJ.jpg","contentUrl":"https:\/\/8a.pl\/8academy\/wp-content\/uploads\/2017\/10\/logo_obrobione_2_150_59ICJ.jpg","caption":"Redakcja 8Academy"},"url":"https:\/\/8a.pl\/8academy\/author\/redakcja\/"}]}},"_links":{"self":[{"href":"https:\/\/8a.pl\/8academy\/wp-json\/wp\/v2\/posts\/50898","targetHints":{"allow":["GET"]}}],"collection":[{"href":"https:\/\/8a.pl\/8academy\/wp-json\/wp\/v2\/posts"}],"about":[{"href":"https:\/\/8a.pl\/8academy\/wp-json\/wp\/v2\/types\/post"}],"author":[{"embeddable":true,"href":"https:\/\/8a.pl\/8academy\/wp-json\/wp\/v2\/users\/7"}],"replies":[{"embeddable":true,"href":"https:\/\/8a.pl\/8academy\/wp-json\/wp\/v2\/comments?post=50898"}],"version-history":[{"count":2,"href":"https:\/\/8a.pl\/8academy\/wp-json\/wp\/v2\/posts\/50898\/revisions"}],"predecessor-version":[{"id":65955,"href":"https:\/\/8a.pl\/8academy\/wp-json\/wp\/v2\/posts\/50898\/revisions\/65955"}],"wp:featuredmedia":[{"embeddable":true,"href":"https:\/\/8a.pl\/8academy\/wp-json\/wp\/v2\/media\/51384"}],"wp:attachment":[{"href":"https:\/\/8a.pl\/8academy\/wp-json\/wp\/v2\/media?parent=50898"}],"wp:term":[{"taxonomy":"category","embeddable":true,"href":"https:\/\/8a.pl\/8academy\/wp-json\/wp\/v2\/categories?post=50898"},{"taxonomy":"post_tag","embeddable":true,"href":"https:\/\/8a.pl\/8academy\/wp-json\/wp\/v2\/tags?post=50898"}],"curies":[{"name":"wp","href":"https:\/\/api.w.org\/{rel}","templated":true}]}}