{"id":4991,"date":"2016-07-28T13:19:50","date_gmt":"2016-07-28T11:19:50","guid":{"rendered":"http:\/\/8a.pl\/8academy\/?p=4991"},"modified":"2024-05-20T00:08:51","modified_gmt":"2024-05-19T22:08:51","slug":"nosidelka-turystyczne-deuter-porownanie","status":"publish","type":"post","link":"https:\/\/8a.pl\/8academy\/nosidelka-turystyczne-deuter-porownanie\/","title":{"rendered":"Noside\u0142ka turystyczne Deuter &#8211; por\u00f3wnanie, opinie"},"content":{"rendered":"<p align=\"justify\">My\u015blisz o tym, \u017ceby p\u00f3j\u015b\u0107 w g\u00f3ry z dzieckiem i nie jeste\u015b pewien jakie noside\u0142ko turystyczne wybra\u0107? Nie chcesz na zbyt d\u0142ugo rezygnowa\u0107 z wypraw w g\u00f3ry oraz chcia\u0142by\u015b, \u017ceby twoje dzieci by\u0142y blisko przyrody od ma\u0142ego? Na przyk\u0142adzie\u00a0trzech podobnych, cho\u0107 r\u00f3\u017cnych, noside\u0142ek turystycznych firmy Deuter: Kid Comfort Air, Kid Comfort II oraz Kid Comfort III, pomo\u017cemy ci zrozumie\u0107 czym si\u0119 kierowa\u0107 wybieraj\u0105c noside\u0142ka turystyczne.<\/p>\n<h2 style=\"text-align: center;\" align=\"justify\">Noside\u0142ka turystyczne \u2013 od kiedy?<\/h2>\n<h3>Gotowo\u015b\u0107 fizyczna<\/h3>\n<p align=\"justify\">Zacznijmy od by\u0107 mo\u017ce najwa\u017cniejszego, czyli jakie dzieci s\u0105 jeszcze zbyt ma\u0142e na w\u0119dr\u00f3wki w wysoki plener. Nie ma innej regu\u0142y og\u00f3lnej ni\u017c ta, \u017ce dzieci mog\u0105 by\u0107 noszone w <a href=\"https:\/\/8a.pl\/nosidelka-turystyczne\" target=\"_blank\" rel=\"noopener noreferrer\">noside\u0142kach turystycznych<\/a>, kiedy potrafi\u0105 ju\u017c same siedzie\u0107. Ta umiej\u0119tno\u015b\u0107 nie pojawia si\u0119 bowiem znik\u0105d &#8211; jest systematycznie wypracowywana przez dziecko przesz pierwsze miesi\u0105ce \u017cycia. Pewne, stabilne i samodzielne siedzenie oznacza, \u017ce maluch ma\u00a0na tyle wyrobione mi\u0119\u015bnie\u00a0aby\u00a0wytrzyma\u0107 w konkretnej\u00a0pozycji w\u0119dr\u00f3wk\u0119 bez uszczerbku dla swego zdrowia. Oczywi\u015bcie cia\u0142o jest\u00a0podtrzymywane przez noside\u0142ka turystyczne, jednak musimy mie\u0107 \u015bwiadomo\u015b\u0107, \u017ce nie ma mo\u017cliwo\u015bci aby wyra\u017anie zmieni\u0107 u\u0142o\u017cenie dziecka w nosidle, tak wi\u0119c natury nie uda si\u0119 w tym przypadku oszuka\u0107. Bardziej szczeg\u00f3\u0142ow\u0105 tabel\u0119 znajdziesz w odr\u0119bnym wpisie dotycz\u0105cym w\u0142a\u015bnie <a href=\"https:\/\/8a.pl\/8academy\/nosidelko-turystyczne-od-jakiego-wieku\/\" target=\"_blank\" rel=\"noopener noreferrer\">wyboru noside\u0142ka i sposobu noszenia dziecka w pierwszym roku \u017cycia<\/a>.<\/p>\n<p>To czy dziecko zechce w nosidle w\u0119drowa\u0107 z rodzicem i jak przyjmie wycieczki w plener zale\u017cy ju\u017c od charakteru malucha, natomiast z punktu widzenia medycznego najwa\u017cniejsze jest prawid\u0142owe wzmocnienie kr\u0119gos\u0142upa i pewno\u015b\u0107 siedzenia. Oczywi\u015bcie wygodna, nieuci\u0105\u017cliwa pozycja ma ogromny wp\u0142yw na komfort dziecka (kt\u00f3re w nosidle ma si\u0119 nie m\u0119czy\u0107), tym bardziej wi\u0119c nie ma co spieszy\u0107 si\u0119 z pierwsz\u0105 wypraw\u0105. Uwaga ta szczeg\u00f3lnie dotyczy maluch\u00f3w\u00a0kt\u00f3re wcze\u015bniej nie by\u0142y noszone w chu\u015bcie czy ergonomicznym nosidle na klatce piersiowej rodzica.<\/p>\n<h3 align=\"justify\">Noside\u0142ka turystyczne \u2014 do kiedy?<\/h3>\n<p align=\"justify\">Z kolei g\u00f3rnym limitem dla zastosowania noside\u0142ka turystycznego jest wzrost\u00a0i waga dziecka. Przyk\u0142adowo, systemy no\u015bne noside\u0142 turystycznych Deuter s\u0105 przeznaczone dla dzieci wa\u017c\u0105cych &#8220;do 18 kg&#8221;. Ma\u0142o prawdopodobnym jest by\u015b chcia\u0142 maszerowa\u0107 z 18 kilogramowym 4 latkiem na plecach, zapewne wi\u0119c oka\u017ce si\u0119, \u017ce zaczniesz odstawia\u0107 je wcze\u015bniej. Naturalnie rozpoznasz kiedy nosid\u0142o jest ju\u017c zb\u0119dne b\u0105d\u017a te\u017c uznasz, \u017ce przydaje si\u0119 sporadycznie &#8211; na odcinkach gdy zm\u0119czone dziecko chce pod\u0142adowa\u0107 baterie na plecach rodzica. Dzieci w wieku ok. 2,5 &#8211; 3 lat\u00a0s\u0105 ju\u017c w stanie kr\u00f3tsze\u00a0dystanse pokonywa\u0107 samodzielnie i zazwyczaj wci\u0105\u017c mieszcz\u0105 si\u0119 w bezpiecznym limicie deklarowanej\u00a0no\u015bno\u015bci nosid\u0142a (ka\u017cdy producent sprz\u0119tu udost\u0119pnia t\u0105 informacj\u0119 na swoim produkcie).<\/p>\n<h3 align=\"justify\">Noside\u0142ka turystyczne \u2014 turystyka turystyce nie r\u00f3wna<\/h3>\n<p align=\"justify\">Od razu warto zastanowi\u0107 si\u0119 r\u00f3wnie\u017c, jakiego typu wycieczki chcieliby\u015bmy z nasz\u0105 pociech\u0105 odbywa\u0107. Nikt zapewne nie wybierze si\u0119 z dzieckiem na plecach na najtrudniejsze szczyty g\u00f3rskie, wymagaj\u0105ce podej\u015bcia po metalowych klamrach czy wpi\u0119cia w \u0142a\u0144cuch- nie w tym sensie rozwa\u017cajmy zastosowanie. Bardziej chodzi tu o pokonywane dystanse, stabilno\u015b\u0107\u00a0warunk\u00f3w pogodowych i mo\u017cliwo\u015b\u0107 swobodnego przek\u0142adania wycieczki gdy cokolwiek\u00a0nam &#8220;nie zagra&#8221;.<\/p>\n<p align=\"justify\">Kr\u00f3tsze wycieczki nie wymagaj\u0105 noside\u0142 z wieloma wbudowanymi funkcjami, kt\u00f3re zwi\u0119kszaj\u0105 jednocze\u015bnie jego wag\u0119 i cen\u0119. Pierwsze z opisywanych tu noside\u0142ek: Kid Comfort Air, jest noside\u0142kiem turystycznym z kategorii &#8220;mniejszych&#8221;. Jest lekkie i bardzo kompaktowe, dzi\u0119ki czemu manewrowanie nim nie nastr\u0119cza \u017cadnych\u00a0trudno\u015bci. Noside\u0142ka turystyczne tego typu \u015bwietnie sprawdzaj\u0105 si\u0119 w wycieczkach podmiejskich i na kr\u00f3tkich wypadach\u00a0g\u00f3rskich, gdy pogoda jest pewna, a podr\u0119cznego baga\u017cu zabieramy ze sob\u0105 niewiele. W por\u00f3wnaniu z nim nosid\u0142a g\u00f3rskie Kid Comfort II oraz Kid Comfort III s\u0105 wi\u0119ksze, pojemniejsze i skonstruowane z wykorzystaniem system\u00f3w no\u015bnych, kt\u00f3re zapewni\u0105 wi\u0119kszy komfortu fizyczny (i psychiczny) rodzicowi. Je\u015bli wybierzesz si\u0119 w zbyt d\u0142uga tras\u0119 z noside\u0142kiem przeznaczonym na kr\u00f3tsze dystanse, to wyprawa mo\u017ce si\u0119 sko\u0144czy\u0107 zm\u0119czeniem ca\u0142ej rodziny. Z drugiej strony za\u015b, zbyt obszerne nosid\u0142o b\u0119dzie wi\u0119kszym utrapieniem dla rodzic\u00f3w podr\u00f3\u017cuj\u0105cych samolotem, autobusem itp.<\/p>\n<div id=\"attachment_5042\" style=\"width: 1010px\" class=\"wp-caption aligncenter\"><img fetchpriority=\"high\" decoding=\"async\" aria-describedby=\"caption-attachment-5042\" class=\"wp-image-5042 size-full\" src=\"http:\/\/8a.pl\/8academy\/wp-content\/uploads\/2016\/06\/kidcomf2_1000_2.jpg\" alt=\"Noside\u0142ka turystyczne Deuter Kid Comfort Air, Kid Comfort II oraz Kid Comfort III\" width=\"1000\" height=\"438\" srcset=\"https:\/\/8a.pl\/8academy\/wp-content\/uploads\/2016\/06\/kidcomf2_1000_2.jpg 1000w, https:\/\/8a.pl\/8academy\/wp-content\/uploads\/2016\/06\/kidcomf2_1000_2-300x131.jpg 300w, https:\/\/8a.pl\/8academy\/wp-content\/uploads\/2016\/06\/kidcomf2_1000_2-768x336.jpg 768w\" sizes=\"(max-width: 1000px) 100vw, 1000px\" \/><p id=\"caption-attachment-5042\" class=\"wp-caption-text\">Noside\u0142ka turystyczne Kid Comfort Air, Kid Comfort 2 oraz Kid Comfort III (fot. 8a.pl)<\/p><\/div>\n<h2 style=\"text-align: center;\" align=\"justify\">Noside\u0142ka turystyczne \u2014 co doceni dziecko?<\/h2>\n<h3 align=\"justify\">Wygodna i stabilna pozycja<\/h3>\n<p align=\"justify\">Najwa\u017cniejsze dla wygody twojego dziecka jest siod\u0142o, poniewa\u017c to w nim sp\u0119dzi ono najwi\u0119ksz\u0105 cz\u0119\u015b\u0107 waszej przygody. Wa\u017cne jest \u017ceby wszystkie jego elementy mo\u017cna by\u0142o swobodnie regulowa\u0107, a ono samo \u0142\u0105czy\u0142o si\u0119 z przypinaj\u0105cymi dziecko pasami w przytulny &#8220;kokon&#8221;. Pasy nie tylko chroni\u0105 dziecko przed wypadni\u0119ciem, ale wp\u0142ywaj\u0105\u00a0r\u00f3wnie\u017c bezpo\u015brednio na pozycj\u0119\u00a0dziecka. Nie powinny pozwala\u0107 mu na skakanie wewn\u0105trz noside\u0142ka w rytmie naszych krok\u00f3w. Zabezpieczony powinien by\u0107 tu\u0142\u00f3w, r\u0105czki i n\u00f3\u017cki, a g\u0142owa powinna znale\u017a\u0107 wygodne oparcie- zar\u00f3wno z ty\u0142u jak i od przodu. Upewnijcie si\u0119, \u017ce ca\u0142o\u015b\u0107 jest wykonana z mi\u0119kkich i przyjemnych w dotyku materia\u0142\u00f3w, a wasz malec na pewno to doceni.<\/p>\n<p align=\"justify\">Wszystkie trzy noside\u0142ka turystyczne Deuter s\u0105 wyposa\u017cone w ten sam pi\u0119ciopunktowy system zapi\u0119\u0107, znany z fotelik\u00f3w samochodowych. Paski posiadaj\u0105 g\u0105bczast\u0105 amortyzacj\u0119 od wewn\u0105trz, a z wierzchu pokryte s\u0105 mi\u0142ym w dotyku materia\u0142em. Plastikowe klamry s\u0105\u00a0solidne, precyzyjnie dopasowane i \u0142\u0105cza si\u0119 ze sob\u0105 p\u0142ynnie z cichym klikni\u0119ciem.<\/p>\n<p align=\"justify\">Dzieci nie s\u0105 odporne na monotoni\u0119 podr\u00f3\u017cy, a te ma\u0142e cz\u0119sto zwyczajnie potrzebuj\u0105 drzemek w ci\u0105gu dnia. Je\u015bli zdarzy\u0142o by si\u0119, \u017ce dziecko zapadnie w sen, wygod\u0119 zapewni\u0105 mu nosid\u0142a wyposa\u017cone w mo\u017cliwo\u015b\u0107 oparcia podbr\u00f3dka.<\/p>\n<p align=\"justify\">W nosidle Kid Comfort Air dziecko usadowione jest najwy\u017cej spo\u015br\u00f3d trzech prezentowanych modeli, dzi\u0119ki czemu \u0142atwiej podziwia\u0107 mu to co si\u0119 dzieje przed nim, ale trudniej przymkn\u0105\u0107 oko i zregenerowa\u0107 zm\u0119czenie.<\/p>\n<div id=\"attachment_5021\" style=\"width: 1010px\" class=\"wp-caption aligncenter\"><img decoding=\"async\" aria-describedby=\"caption-attachment-5021\" class=\"wp-image-5021 size-full\" src=\"http:\/\/8a.pl\/8academy\/wp-content\/uploads\/2016\/06\/kidcomf4_1000.jpg\" alt=\"Noside\u0142ko turystyczne Kid Comfort Air siod\u0142o\" width=\"1000\" height=\"650\" srcset=\"https:\/\/8a.pl\/8academy\/wp-content\/uploads\/2016\/06\/kidcomf4_1000.jpg 1000w, https:\/\/8a.pl\/8academy\/wp-content\/uploads\/2016\/06\/kidcomf4_1000-300x195.jpg 300w, https:\/\/8a.pl\/8academy\/wp-content\/uploads\/2016\/06\/kidcomf4_1000-768x499.jpg 768w\" sizes=\"(max-width: 1000px) 100vw, 1000px\" \/><p id=\"caption-attachment-5021\" class=\"wp-caption-text\">Siod\u0142o Kid Comfort Air z siateczkowymi bokami (fot. 8a.pl)<\/p><\/div>\n<h3 align=\"justify\">Poduszka i &#8220;tapicerka&#8221;<\/h3>\n<p align=\"justify\">Mocniej obudowane\u00a0siedziska maj\u0105 noside\u0142ka turystyczne Kid Comfort II i Kid Comfort III w naturalny spos\u00f3b umiejscawiaj\u0105 g\u0142\u00f3wk\u0119 dziecka tu\u017c obok poduszek przygotowanych specjalnie\u00a0na ma\u0142ego \u015bpiocha. Poduszki w tych modelach s\u0105 mi\u0119kkie i grube na klika centymetr\u00f3w, specjalnie wyprofilowane i pokryte materia\u0142em przypominaj\u0105cym w dotyku delikatny welur. Kid Comfort Air nie jest pozbawione poduszki, jest ona natomiast cie\u0144sza, na oko\u0142o p\u00f3\u0142 centymetra, i troch\u0119 bardziej szorstka. Mo\u017cna j\u0105 jednak, za dodatkow\u0105 op\u0142at\u0105, wymieni\u0107 na grubsz\u0105 wersj\u0119. Poduszki trzymaj\u0105 si\u0119 konstrukcji pewnie, a przy tym daj\u0105 si\u0119 \u015bci\u0105gn\u0105\u0107 kilkoma ruchami r\u0119ki, co u\u0142atwia utrzymywanie ich w czysto\u015bci. Nosid\u0142a turystyczne Deuter posiadaj\u0105 r\u00f3wnie\u017c podobnie zbudowane, r\u00f3\u017cni\u0105ce si\u0119 nieznacznie wielko\u015bci\u0105 i kszta\u0142tem, zag\u0142\u00f3wki. Najbardziej wybija si\u0119 w tym wzgl\u0119dzie Kid Comfort III. Wy\u017cszy od pozosta\u0142ych modeli o 5-6 cm, ma r\u00f3wnie\u017c najbardziej rozbudowan\u0105 ochron\u0119 g\u0142\u00f3wki i pleck\u00f3w dziecka, daj\u0105c mi\u0119kk\u0105 podstaw\u0119 nawet \u0142opatkom.<\/p>\n<div id=\"attachment_5023\" style=\"width: 1010px\" class=\"wp-caption aligncenter\"><img decoding=\"async\" aria-describedby=\"caption-attachment-5023\" class=\"wp-image-5023 size-full\" src=\"http:\/\/8a.pl\/8academy\/wp-content\/uploads\/2016\/06\/kidcomf5_1000.jpg\" alt=\"Noside\u0142ko turystyczne Kid Comfort 2 poduszka\" width=\"1000\" height=\"650\" srcset=\"https:\/\/8a.pl\/8academy\/wp-content\/uploads\/2016\/06\/kidcomf5_1000.jpg 1000w, https:\/\/8a.pl\/8academy\/wp-content\/uploads\/2016\/06\/kidcomf5_1000-300x195.jpg 300w, https:\/\/8a.pl\/8academy\/wp-content\/uploads\/2016\/06\/kidcomf5_1000-768x499.jpg 768w\" sizes=\"(max-width: 1000px) 100vw, 1000px\" \/><p id=\"caption-attachment-5023\" class=\"wp-caption-text\">Siedzisko Kid Comfort 2 z grubsz\u0105 poduszk\u0105 (fot. 8a.pl)<\/p><\/div>\n<h3 align=\"justify\">Oparcie dla st\u00f3p<\/h3>\n<p align=\"justify\">Wszystkie opisywane tu noside\u0142ka turystyczne posiadaj\u0105 strzemiona, kt\u00f3re mog\u0105\u00a0stanowi\u0107 oparcie dla n\u00f3g dziecka. Daj\u0105\u00a0si\u0119 dok\u0142adnie dopasowa\u0107 za pomoc\u0105 reguluj\u0105cych d\u0142ugo\u015b\u0107 pask\u00f3w klamer. Z do\u015bwiadczenia wiemy, \u017ce nie wszystkie dzieci s\u0105 przekonane do pomys\u0142u trzymania st\u00f3p w strzemionach przez ca\u0142y czas i zdarza si\u0119, \u017ce wol\u0105 podr\u00f3\u017cowa\u0107 z nogami podkurczonymi i opartymi na boku noside\u0142ka, Warto natomiast mie\u0107 mo\u017cliwo\u015b\u0107 skorzystania z nich np. na d\u0142u\u017cszych trasach, zw\u0142aszcza podczas snu dziecka. Dzi\u0119ki temu zapewnimy prawid\u0142owy obieg krwi\u00a0i wypoczynek swobodnie zwisaj\u0105cym n\u00f3\u017ckom.<\/p>\n<h3 align=\"justify\">Podparcie<\/h3>\n<p align=\"justify\">Bardzo pomocnym elementem, w kt\u00f3ry wyposa\u017cono ka\u017cde opisywane tu\u00a0nosid\u0142o turystyczne, jest rozk\u0142adana stopka u\u0142atwiaj\u0105ca bezpieczne stawianie nosid\u0142a z dzieckiem na ziemi. Ogranicza ona potrzeb\u0119 asekuracji przez drugiego rodzica podczas wk\u0142adania i zdejmowania noside\u0142ka z plec\u00f3w. Nie bez znaczenia jest r\u00f3wnie\u017c to, czy nosid\u0142a turystyczne s\u0105 wyposa\u017cone w mocne uchwyty, gdy\u017c umo\u017cliwiaj\u0105 one wygodne i bezpieczne manewrowanie noside\u0142kiem. Noside\u0142ko turystyczne z n\u00f3\u017ckami na tyle stabilnymi, by utrzyma\u0107 podczas postoju wchodz\u0105ce i wychodz\u0105ce z niego dziecko, jest dla niego jeszcze jedn\u0105, dodatkow\u0105 atrakcj\u0105.<\/p>\n<div id=\"attachment_5027\" style=\"width: 1010px\" class=\"wp-caption aligncenter\"><img loading=\"lazy\" decoding=\"async\" aria-describedby=\"caption-attachment-5027\" class=\"wp-image-5027 size-full\" src=\"http:\/\/8a.pl\/8academy\/wp-content\/uploads\/2016\/06\/kidcomf7_1000.jpg\" alt=\"Nosid\u0142o turystyczne Deuter - rozk\u0142adana stopka\" width=\"1000\" height=\"650\" srcset=\"https:\/\/8a.pl\/8academy\/wp-content\/uploads\/2016\/06\/kidcomf7_1000.jpg 1000w, https:\/\/8a.pl\/8academy\/wp-content\/uploads\/2016\/06\/kidcomf7_1000-300x195.jpg 300w, https:\/\/8a.pl\/8academy\/wp-content\/uploads\/2016\/06\/kidcomf7_1000-768x499.jpg 768w\" sizes=\"(max-width: 1000px) 100vw, 1000px\" \/><p id=\"caption-attachment-5027\" class=\"wp-caption-text\">Rozk\u0142adana stopka i najwi\u0119ksza z kieszeni (fot. 8a.pl)<\/p><\/div>\n<p align=\"justify\">Wszystkie noside\u0142ka turystyczne umo\u017cliwiaj\u0105 w\u0142o\u017cenie dziecka\u00a0od g\u00f3ry, jednak te wyposa\u017cone w klamry boczne daj\u0105 do niego dost\u0119p r\u00f3wnie\u017c z boku. Wszystkie trzy prezentowane tu nosid\u0142a maj\u0105 mo\u017cliwo\u015b\u0107 odpi\u0119cia jednej klapy bocznej i umo\u017cliwienie drugiemu rodzicowi wyj\u0119cie dziecka, gdy zajdzie taka potrzeba, bez konieczno\u015bci zdejmowania nosid\u0142a z plec\u00f3w.<\/p>\n<p align=\"justify\">Poza sam\u0105 wygod\u0105, jak\u0105 mo\u017ce zapewni\u0107 dziecku wymoszczenie i architektura noside\u0142ka, dochodzi jeszcze ochrona przed wych\u0142odzeniem, przegrzaniem i pogod\u0105. Malec otulony zewsz\u0105d warstwami materia\u0142u jest nara\u017cony na przepocenie b\u0105d\u017a zzi\u0119bniecie, w ka\u017cdym wypadku i utrat\u0119 humoru, dlatego wa\u017cne jest, \u017ceby zwr\u00f3ci\u0107 uwag\u0119 na to, w jaki spos\u00f3b projektanci nosid\u0142a turystycznego poradzili sobie z odprowadzeniem ciep\u0142a z wewn\u0105trz na zewn\u0105trz. Spo\u015br\u00f3d prezentowanych modeli Deutera najwi\u0119cej \u015bwie\u017cego powietrza w ciep\u0142e dni (ale i ch\u0142odu jesieni\u0105) zapewni dziecku Kid Comfort Air, kt\u00f3rego boki s\u0105 wykonane z przewiewnej siateczki. Wszystkie maj\u0105 r\u00f3wnie\u017c plecy i zag\u0142\u00f3wek zrobione ze specjalnego, odprowadzaj\u0105cego wilgo\u0107 g\u0105bczastego materia\u0142u.<\/p>\n<h3 align=\"justify\">Noside\u0142ka turystyczne os\u0142on\u0105 przed s\u0142o\u0144cem i deszczem<\/h3>\n<p align=\"justify\">Podczas wycieczek w plener musimy by\u0107 tak\u017ce przygotowani na to, \u017ce nasza pociecha b\u0119dzie wystawiona na dzia\u0142anie r\u00f3\u017cnych czynnik\u00f3w atmosferycznych. Najbardziej oczywist\u0105 jest potrzeba ochrony dziecka przed deszczem, jednak intensywne s\u0142o\u0144ce czy wiatr r\u00f3wnie\u017c mog\u0105 da\u0107 mu si\u0119 we znaki.<\/p>\n<p align=\"justify\">Z prezentowanych tu noside\u0142 jedynie Kid Comfort III posiada wbudowany i chowany w zag\u0142\u00f3wku daszek ochronny. Zapewni on bardzo czasem potrzebny cie\u0144, natomiast nie b\u0119dzie\u00a0stanie os\u0142oni\u0107 dziecko przed opadem ci\u0119\u017cszym ni\u017c delikatna\u00a0m\u017cawka, zw\u0142aszcza bior\u0105c pod uwag\u0119 cz\u0119ste w g\u00f3rach deszcze zacinaj\u0105ce. Dwa ta\u0144sze\u00a0nosid\u0142a przeznaczone do dalszych w\u0119dr\u00f3wek maj\u0105 mo\u017cliwo\u015b\u0107 do\u0142\u0105czenia do nich daszka rozbudowanego o opcjonalne, boczne os\u0142onki. Je\u015bli obawiamy si\u0119 nag\u0142ych zmian pogody lub spodziewamy si\u0119 ich i chcemy ruszy\u0107 w tras\u0119 mimo wszystko, przed wi\u0119kszymi opadami zadowalaj\u0105c\u0105 os\u0142on\u0119 zapewni pokrowiec zak\u0142adany na ca\u0142e nosid\u0142o (koniecznym jest posiadanie daszka). \u017badne nosid\u0142o nie posiada go w podstawowym wyposa\u017ceniu, jednak\u00a0dopasowane jest ono do kszta\u0142tu ka\u017cdego z opisywanych tu modeli.<\/p>\n<div id=\"attachment_5025\" style=\"width: 1010px\" class=\"wp-caption aligncenter\"><img loading=\"lazy\" decoding=\"async\" aria-describedby=\"caption-attachment-5025\" class=\"wp-image-5025 size-full\" src=\"http:\/\/8a.pl\/8academy\/wp-content\/uploads\/2016\/06\/kidcomf6_1000.jpg\" alt=\"Daszek w nosidle turystycznym Kid Comfort III\" width=\"1000\" height=\"650\" srcset=\"https:\/\/8a.pl\/8academy\/wp-content\/uploads\/2016\/06\/kidcomf6_1000.jpg 1000w, https:\/\/8a.pl\/8academy\/wp-content\/uploads\/2016\/06\/kidcomf6_1000-300x195.jpg 300w, https:\/\/8a.pl\/8academy\/wp-content\/uploads\/2016\/06\/kidcomf6_1000-768x499.jpg 768w\" sizes=\"(max-width: 1000px) 100vw, 1000px\" \/><p id=\"caption-attachment-5025\" class=\"wp-caption-text\">Rozbudowany zag\u0142\u00f3wek i daszek Kid Comfort III (fot. 8a.pl)<\/p><\/div>\n<h2 style=\"text-align: center;\" align=\"justify\">Noside\u0142ka turystyczne \u2014 co dla rodzica?<\/h2>\n<p align=\"justify\">Dobre noside\u0142ka turystyczne s\u0105 zbudowane w podobny spos\u00f3b i przy u\u017cyciu tych samych system\u00f3w no\u015bnych, co <a href=\"https:\/\/8a.pl\/plecaki-trekkingowe\" target=\"_blank\" rel=\"noopener noreferrer\">plecaki trekkingowe<\/a>. Bardzo wa\u017cn\u0105 funkcj\u0105 tak w jednym, jak i w drugim przypadku, jest bowiem mo\u017cliwo\u015b\u0107 wygodnego dopasowania pasa biodrowego i\u00a0szelek do\u00a0sylwetki u\u017cytkownika. Je\u015bli zastanawiacie si\u0119 nad tym, jakie noside\u0142ko turystyczne wybra\u0107, zapewne sami ju\u017c jeste\u015bcie zaprawionymi w boju turystami i macie wcze\u015bniejsze do\u015bwiadczenie w wybieraniu plecaka oraz jasno okre\u015blone kryteria, jakie musi on spe\u0142nia\u0107. Z noside\u0142kami jest podobnie; noszony ci\u0119\u017car, o ile\u017c s\u0142odszy, wa\u017cy\u0107 mo\u017ce i kilkana\u015bcie kilogram\u00f3w.<\/p>\n<h3 align=\"justify\">Regulowany system no\u015bny<\/h3>\n<p align=\"justify\">Marka <a href=\"https:\/\/8a.pl\/deuter\">Deuter<\/a> cieszy si\u0119 du\u017c\u0105 renom\u0105 w bran\u017cy plecak\u00f3w g\u00f3rskich. Firma projektuj\u0105c noside\u0142ka turystyczne skorzysta\u0142a ze swoich bogatych do\u015bwiadcze\u0144 i wyposa\u017cy\u0142a je w identyczne systemy no\u015bne, co plecaki trekkingowe. Nosid\u0142a s\u0105 stabilizowane przez szerokie, specjalnie wyprofilowane, elastyczne pasy biodrowe oraz kr\u00f3tkie, \u0142atwo regulowane pasy piersiowe. Gdy ca\u0142y system jest dobrze dopasowany do tu\u0142owia, pewnie trzyma si\u0119 na plecach, odci\u0105\u017ca barki oraz sprawia, \u017ce rodzic ma wi\u0119ksz\u0105 kontrol\u0119 nad po\u0142o\u017ceniem noside\u0142ka. Samo dopasowanie odbywa si\u0119 w podobny spos\u00f3b jak w plecakach trekkingowych (je\u015bli nie masz pewno\u015bci do czego s\u0142u\u017c\u0105 wszystkie te ta\u015bmy i zaciski- polecamy <a href=\"https:\/\/8a.pl\/8academy\/jak-dopasowac-plecak\/\" target=\"_blank\" rel=\"noopener noreferrer\">nasz artyku\u0142 o dopasowaniu systemu no\u015bnego plecaka (ale i noside\u0142ka turystycznego) do tu\u0142owia<\/a>.)<\/p>\n<h3 align=\"justify\">Wentylacja plec\u00f3w<\/h3>\n<p align=\"justify\">Kolejnym problemem znanym wszystkim u\u017cytkownikom plecak\u00f3w jest podnoszenie si\u0119 temperatury plec\u00f3w przez brak cyrkulacji powietrza. Kid Comfort II i III radz\u0105 sobie z tym bardzo podobnie. Te noside\u0142ka turystyczne s\u0105 szerokie i mi\u0119kkie, bo przeznaczone do przenoszenia &#8220;dalej i wi\u0119cej&#8221;, poduszki na plecach tych modeli przecinaj\u0105 kana\u0142y odprowadzaj\u0105ce ciep\u0142o. Same s\u0105 te\u017c zbudowane z tego samego, perforowanego materia\u0142u, co plecy wewn\u0105trz noside\u0142ka. Ca\u0142o\u015b\u0107 mocno przylega do plec\u00f3w doros\u0142ego, zapewniaj\u0105c optymalne przenoszenie ci\u0119\u017caru, a dzi\u0119ki wspomnianej ju\u017c tkaninie miejsca styku s\u0105 &#8220;ods\u0105czane&#8221; z potu.<\/p>\n<p align=\"justify\">Zupe\u0142nie inne rozwi\u0105zanie zastosowano w modelu\u00a0Kid Comfort Air. Poza pasem biodrowym ca\u0142e plecy pokrywa przepuszczaj\u0105ca powietrze siatka dystansowa. Tworzy ona kilkucentymetrowy bufor wolnej przestrzeni mi\u0119dzy plecami rodzica a noside\u0142kiem turystycznym, gdzie powietrze mo\u017ce swobodnie cyrkulowa\u0107. Zapewne jest to rozwi\u0105zanie bezkonkurencyjne w upalne dni, natomiast niekoniecznie musi by\u0107 powodem do rado\u015bci wczesn\u0105 wiosn\u0105 czy p\u00f3\u017an\u0105 jesieni\u0105 gdy wentylacja ch\u0142odnym powietrzem nie\u00a0jest a\u017c tak po\u017c\u0105dana.<\/p>\n<div id=\"attachment_5015\" style=\"width: 1010px\" class=\"wp-caption aligncenter\"><img loading=\"lazy\" decoding=\"async\" aria-describedby=\"caption-attachment-5015\" class=\"wp-image-5015 size-full\" src=\"http:\/\/8a.pl\/8academy\/wp-content\/uploads\/2016\/06\/kidcomf1_1000.jpg\" alt=\"Noside\u0142ka turystyczne Deuter - systemy no\u015bne\" width=\"1000\" height=\"650\" srcset=\"https:\/\/8a.pl\/8academy\/wp-content\/uploads\/2016\/06\/kidcomf1_1000.jpg 1000w, https:\/\/8a.pl\/8academy\/wp-content\/uploads\/2016\/06\/kidcomf1_1000-300x195.jpg 300w, https:\/\/8a.pl\/8academy\/wp-content\/uploads\/2016\/06\/kidcomf1_1000-768x499.jpg 768w\" sizes=\"(max-width: 1000px) 100vw, 1000px\" \/><p id=\"caption-attachment-5015\" class=\"wp-caption-text\">Systemy no\u015bne noside\u0142 Deuter (fot. 8a.pl)<\/p><\/div>\n<h3 align=\"justify\">Kieszenie i kieszonki<\/h3>\n<p align=\"justify\">W podr\u00f3\u017cy noside\u0142ka turystyczne same staj\u0105 si\u0119 naszymi ma\u0142ymi plecakami, dlatego wa\u017cne jest co, poza najwa\u017cniejszym, pozwoli nam ono jeszcze spakowa\u0107. Podczas d\u0142u\u017cszych wypad\u00f3w z dzieckiem bardzo cz\u0119sto zechcemy da\u0107 jemu i sobie odpocz\u0105\u0107. Niezast\u0105piony jest wtedy jedzenie, ew. dodatkowe ubranie lub miejsce by schowa\u0107 to, kt\u00f3rego dziecko akurat nie potrzebuje.<\/p>\n<p align=\"justify\">Wszystkie noside\u0142ka turystyczne Deuter posiadaj\u0105 ma\u0142e kieszenie boczne, zapewniaj\u0105ce szybki dost\u0119p do ma\u0142ych rzeczy podr\u0119cznych. S\u0105 one umieszczone na tyle blisko dziecka, by mog\u0142o ono uzna\u0107, \u017ce s\u0105 one w\u0142a\u015bnie dla niego. W modelu Kid Comfort Air s\u0105 one wykonane z siatki, w pozosta\u0142ych modelach z materia\u0142u g\u0142\u00f3wnego. Wszystkie maj\u0105 r\u00f3wnie\u017c dobrze znan\u0105 wszystkim u\u017cytkownikom plecak\u00f3w g\u00f3rskich ma\u0142\u0105, zapinan\u0105 na zamek kieszonk\u0119 na pasie biodrowym. Ka\u017cdy znajduje dla niej swoje w\u0142asne przeznaczenie. W noside\u0142ku \u015bwietnie nadaje si\u0119 ona do przenoszenia dokument\u00f3w, chusteczek czy drobnych przek\u0105sek dla swojego dziecka.<\/p>\n<p align=\"justify\">Na plecach umieszczono \u015bredniej wielko\u015bci kiesze\u0144 zapinan\u0105 na klamr\u0119 oraz wi\u0119ksz\u0105 u podstawy plecaka zapinan\u0105 na zamek. Noside\u0142ka turystyczne Kid Comfort II\u00a0i Kid Comfort III maj\u0105 dodatkowo znajduj\u0105c\u0105 si\u0119 na kieszeni z\u00a0klamr\u0105, r\u00f3wnie g\u0142\u0119bok\u0105, cho\u0107 w\u0119\u017csz\u0105, kolejn\u0105 kiesze\u0144 na zamek oraz szerok\u0105, p\u0142ask\u0105 kiesze\u0144 na plecach- na tzw. camel back. Mo\u017cna w niej zamontowa\u0107 <a href=\"https:\/\/8a.pl\/buklak-deuter-streamer-3-0-l\" target=\"_blank\" rel=\"noopener noreferrer\">specjalny buk\u0142ak, w kt\u00f3rym mo\u017cemy przenosi\u0107 do 3 litr\u00f3w p\u0142ynu<\/a>, schowa\u0107 tam opcjonalny daszek lub trzyma\u0107 tam p\u0142ask\u0105 ksi\u0105\u017ceczk\u0119 do kolorowania dla szkraba. Kieszenie r\u00f3\u017cni\u0105 si\u0119 oczywi\u015bcie pojemno\u015bci\u0105, uzale\u017cnion\u0105 od wielko\u015bci plecaka, wszystkie s\u0105 jednak na tyle pojemne, \u017ceby zmie\u015bci\u0107 najbardziej potrzebne rzeczy.<\/p>\n<div id=\"attachment_5037\" style=\"width: 1010px\" class=\"wp-caption aligncenter\"><img loading=\"lazy\" decoding=\"async\" aria-describedby=\"caption-attachment-5037\" class=\"wp-image-5037 size-full\" src=\"http:\/\/8a.pl\/8academy\/wp-content\/uploads\/2016\/06\/SS16-Deuter-85_1000.jpg\" alt=\"Noside\u0142ka turystyczne Deuter\" width=\"1000\" height=\"650\" srcset=\"https:\/\/8a.pl\/8academy\/wp-content\/uploads\/2016\/06\/SS16-Deuter-85_1000.jpg 1000w, https:\/\/8a.pl\/8academy\/wp-content\/uploads\/2016\/06\/SS16-Deuter-85_1000-300x195.jpg 300w, https:\/\/8a.pl\/8academy\/wp-content\/uploads\/2016\/06\/SS16-Deuter-85_1000-768x499.jpg 768w\" sizes=\"(max-width: 1000px) 100vw, 1000px\" \/><p id=\"caption-attachment-5037\" class=\"wp-caption-text\">W drog\u0119! (fot. Deuter)<\/p><\/div>\n<h2 style=\"text-align: center;\" align=\"justify\">Noside\u0142ka turystyczne Deuter &#8211; podsumowanie<\/h2>\n<p align=\"justify\">Wyb\u00f3r noside\u0142ka turystycznego to pierwszy krok na drodze do wej\u015bcia na g\u00f3rskie szlaki z twoim dzieckiem. Mog\u0142oby si\u0119 wydawa\u0107, \u017ce noside\u0142ka turystyczne niewiele si\u0119 mi\u0119dzy sob\u0105 r\u00f3\u017cni\u0105. Starali\u015bmy si\u0119 na trzech konkretnych przyk\u0142adach pokaza\u0107 pewne og\u00f3lne kryteria, dzi\u0119ki kt\u00f3rym mo\u017cna oceni\u0107 ka\u017cde noside\u0142ko g\u00f3rskie. Je\u015bli masz zamiar wybiera\u0107 si\u0119 z dzieckiem na po\u0142udniowe wycieczki na nieznaczne wysoko\u015bci ca\u0142kowicie wystarczy ci noside\u0142ko lekkie typu Kid Comfort Air, kt\u00f3re spe\u0142ni wszystkie oczekiwania, jakie mo\u017cna mie\u0107 od noside\u0142ka na tym dystansie. Bardzo solidnie wykonane, bezpieczne i wygodne, a przy tym nie k\u0142opotliwe je\u015bli chodzi o transport czy przechowywanie.<\/p>\n<p align=\"justify\">Je\u017celi twoim marzeniem s\u0105 kilkudniowe wypady w g\u00f3ry, gdzie mog\u0105 zaskoczy\u0107 ci\u0119 nag\u0142e zmiany pogody, a podczas kilkugodzinnych marsz\u00f3w twojemu dziecku potrzebny jest wi\u0119kszy komfort, to zainwestuj w dro\u017csze i bardziej rozbudowane modele typu Comfort II lub III. Trafne okre\u015blenie swoich cel\u00f3w uchroni ci\u0119 przed zakupem noside\u0142ka ci\u0119\u017cszego i dro\u017cszego, ni\u017c jest to potrzebne. A przecie\u017c ma ono s\u0142u\u017cy\u0107 wielu, wielu przygodom, kt\u00f3re was od teraz czekaj\u0105.<\/p>\n<p align=\"justify\">Je\u015bli chcia\u0142by\u015b zapozna\u0107 si\u0119 z wra\u017ceniami z podr\u00f3\u017cy z noside\u0142kiem przez Gorce i Izery, zapraszamy do zapoznania si\u0119 z\u00a0relacj\u0105 naszego kolegi redakcyjnego \u0141ukasza Czubaka z <a href=\"https:\/\/8a.pl\/8academy\/nosidelko-turystyczne-deuter-kid-comfort-ii-test\/\" target=\"_blank\" rel=\"noopener noreferrer\">terenowego testu noside\u0142ka turystycznego Kid Comfort 2<\/a>.<\/p>\n<p style=\"text-align: center;\" align=\"justify\"><strong>Podsumowanie i por\u00f3wnanie &#8211; noside\u0142ka turystyczne Deuter<\/strong><\/p>\n<table width=\"647\" cellspacing=\"0\" cellpadding=\"7\">\n<colgroup>\n<col width=\"106\" \/>\n<col width=\"156\" \/>\n<col width=\"159\" \/>\n<col width=\"167\" \/> <\/colgroup>\n<tbody>\n<tr>\n<td width=\"106\"><\/td>\n<td width=\"156\">\n<p align=\"justify\"><strong>Kid Comfort Air<\/strong><\/p>\n<\/td>\n<td width=\"159\">\n<p align=\"justify\"><strong>Kid Comfort II<\/strong><\/p>\n<\/td>\n<td width=\"167\">\n<p align=\"justify\"><strong>Kid Comfort III<\/strong><\/p>\n<\/td>\n<\/tr>\n<tr>\n<td width=\"106\">\n<p align=\"justify\">certyfikat bezpiecze\u0144stwa?<\/p>\n<\/td>\n<td width=\"156\">\n<p align=\"justify\">tak: TUV\/GS<\/p>\n<\/td>\n<td width=\"159\">\n<p align=\"justify\">tak: TUV\/GS<\/p>\n<\/td>\n<td width=\"167\">\n<p align=\"justify\">tak: TUV\/GS<\/p>\n<\/td>\n<\/tr>\n<tr>\n<td width=\"106\">\n<p align=\"justify\">wymiary ok.<\/p>\n<\/td>\n<td width=\"156\">\n<p align=\"justify\">77 x 42 x 40 cm<\/p>\n<\/td>\n<td width=\"159\">\n<p align=\"justify\">78 x 42 x 40 cm<\/p>\n<\/td>\n<td width=\"167\">\n<p align=\"justify\">83 x 42 x 40 cm<\/p>\n<\/td>\n<\/tr>\n<tr>\n<td width=\"106\">\n<p align=\"justify\">waga ok.<\/p>\n<\/td>\n<td width=\"156\">\n<p align=\"justify\">2904 g<\/p>\n<\/td>\n<td width=\"159\">\n<p align=\"justify\">3344 g<\/p>\n<\/td>\n<td width=\"167\">\n<p align=\"justify\">3700 g<\/p>\n<\/td>\n<\/tr>\n<tr>\n<td width=\"106\">\n<p align=\"justify\">materia\u0142y<\/p>\n<\/td>\n<td width=\"156\">\n<p align=\"justify\">Microrip\u00a0Nylon,<\/p>\n<p align=\"justify\">Super Polytex<\/p>\n<\/td>\n<td width=\"159\">\n<p align=\"justify\">Macro Lite 210,<\/p>\n<p align=\"justify\">Super-Polytex<\/p>\n<\/td>\n<td width=\"167\">\n<p align=\"justify\">Macro Lite 210,<\/p>\n<p align=\"justify\">Super-Polytex<\/p>\n<\/td>\n<\/tr>\n<tr>\n<td width=\"106\">\n<p align=\"justify\">strzemiona<\/p>\n<\/td>\n<td width=\"156\">\n<p align=\"justify\">tak<\/p>\n<\/td>\n<td width=\"159\">\n<p align=\"justify\">tak<\/p>\n<\/td>\n<td width=\"167\">\n<p align=\"justify\">tak<\/p>\n<\/td>\n<\/tr>\n<tr>\n<td width=\"106\">\n<p align=\"justify\">pas biodrowy<\/p>\n<\/td>\n<td width=\"156\">\n<p align=\"justify\">tak<\/p>\n<\/td>\n<td width=\"159\">\n<p align=\"justify\">tak<\/p>\n<\/td>\n<td width=\"167\">\n<p align=\"justify\">tak<\/p>\n<\/td>\n<\/tr>\n<tr>\n<td width=\"106\">\n<p align=\"justify\">pasek piersiowy<\/p>\n<\/td>\n<td width=\"156\">\n<p align=\"justify\">tak<\/p>\n<\/td>\n<td width=\"159\">\n<p align=\"justify\">tak<\/p>\n<\/td>\n<td width=\"167\">\n<p align=\"justify\">tak<\/p>\n<\/td>\n<\/tr>\n<tr>\n<td width=\"106\">\n<p align=\"justify\">sk\u0142adana n\u00f3\u017cka<\/p>\n<\/td>\n<td width=\"156\">\n<p align=\"justify\">tak<\/p>\n<\/td>\n<td width=\"159\">\n<p align=\"justify\">tak<\/p>\n<\/td>\n<td width=\"167\">\n<p align=\"justify\">tak<\/p>\n<\/td>\n<\/tr>\n<tr>\n<td width=\"106\">\n<p align=\"justify\">kieszenie<\/p>\n<\/td>\n<td width=\"156\">\n<p align=\"justify\">komora (14 l.)<\/p>\n<p align=\"justify\">2 boczne z siateczki<\/p>\n<p align=\"justify\">ma\u0142a w pasie biodrowym<\/p>\n<\/td>\n<td width=\"159\">\n<p align=\"justify\">komora (16 l.)<\/p>\n<p align=\"justify\">2 ma\u0142e boczne<\/p>\n<p align=\"justify\">ma\u0142a w pasie biodrowym<\/p>\n<\/td>\n<td width=\"167\">\n<p align=\"justify\">komora (18 l.)<\/p>\n<p align=\"justify\">2 ma\u0142e boczne<\/p>\n<p align=\"justify\">2 ma\u0142e w pasie biodrowym<\/p>\n<\/td>\n<\/tr>\n<tr>\n<td width=\"106\">\n<p align=\"justify\">daszek<\/p>\n<\/td>\n<td width=\"156\">\n<p align=\"justify\">opcjonalnie<\/p>\n<\/td>\n<td width=\"159\">\n<p align=\"justify\">opcjonalnie<\/p>\n<\/td>\n<td width=\"167\">\n<p align=\"justify\">tak &#8211; w komplecie<\/p>\n<\/td>\n<\/tr>\n<tr>\n<td width=\"106\">\n<p align=\"justify\">lusterko<\/p>\n<\/td>\n<td width=\"156\">\n<p align=\"justify\">X<\/p>\n<\/td>\n<td width=\"159\">\n<p align=\"justify\">X<\/p>\n<\/td>\n<td width=\"167\">\n<p align=\"justify\">tak<\/p>\n<\/td>\n<\/tr>\n<tr>\n<td width=\"106\">\n<p align=\"justify\">maskotka mi\u015b<\/p>\n<\/td>\n<td width=\"156\">\n<p align=\"justify\">X<\/p>\n<\/td>\n<td width=\"159\">\n<p align=\"justify\">tak<\/p>\n<\/td>\n<td width=\"167\">\n<p align=\"justify\">tak<\/p>\n<\/td>\n<\/tr>\n<\/tbody>\n<\/table>\n","protected":false},"excerpt":{"rendered":"<p>Dla chc\u0105cych wybra\u0107 si\u0119 z dzieckiem na g\u00f3rsk\u0105 wypraw\u0119 przygotowali\u015bmy por\u00f3wnanie trzech noside\u0142ek turystycznych niemieckiej marki Deuter, wraz z poradami jak do tematu zakupu podej\u015b\u0107.<\/p>\n","protected":false},"author":7,"featured_media":5036,"comment_status":"open","ping_status":"open","sticky":false,"template":"","format":"standard","meta":{"_acf_changed":false,"_uf_show_specific_survey":0,"_uf_disable_surveys":false,"footnotes":""},"categories":[26070],"tags":[26104,26069,26085],"class_list":["post-4991","post","type-post","status-publish","format-standard","has-post-thumbnail","hentry","category-turystyka-trekking","tag-caloroczne","tag-poradnik","tag-trekking"],"acf":[],"yoast_head":"<!-- This site is optimized with the Yoast SEO Premium plugin v23.4 (Yoast SEO v25.5) - https:\/\/yoast.com\/wordpress\/plugins\/seo\/ -->\n<title>Noside\u0142ka turystyczne Deuter - por\u00f3wnanie modeli Kid Comfort, opinie<\/title>\n<meta name=\"description\" content=\"My\u015blisz o tym, \u017ceby p\u00f3j\u015b\u0107 w g\u00f3ry z dzieckiem i nie wiesz jakie nosid\u0142o wybra\u0107? Zobacz noside\u0142ka turystyczne Deuter w naszym rankingu.\" \/>\n<meta name=\"robots\" content=\"index, follow, max-snippet:-1, max-image-preview:large, max-video-preview:-1\" \/>\n<link rel=\"canonical\" href=\"https:\/\/8a.pl\/8academy\/nosidelka-turystyczne-deuter-porownanie\/\" \/>\n<meta property=\"og:locale\" content=\"pl_PL\" \/>\n<meta property=\"og:type\" content=\"article\" \/>\n<meta property=\"og:title\" content=\"Noside\u0142ka turystyczne Deuter - por\u00f3wnanie modeli Kid Comfort\" \/>\n<meta property=\"og:description\" content=\"My\u015blisz o tym, \u017ceby p\u00f3j\u015b\u0107 w g\u00f3ry z dzieckiem i nie wiesz jakie nosid\u0142o wybra\u0107? Zobacz noside\u0142ka turystyczne Deuter w naszym zestawiniu.\" \/>\n<meta property=\"og:url\" content=\"https:\/\/8a.pl\/8academy\/nosidelka-turystyczne-deuter-porownanie\/\" \/>\n<meta property=\"og:site_name\" content=\"8academy.pl - portal g\u00f3rski i wspinaczkowy dla aktywnych\" \/>\n<meta property=\"article:publisher\" content=\"https:\/\/pl-pl.facebook.com\/sklep8apl\/\" \/>\n<meta property=\"article:published_time\" content=\"2016-07-28T11:19:50+00:00\" \/>\n<meta property=\"article:modified_time\" content=\"2024-05-19T22:08:51+00:00\" \/>\n<meta property=\"og:image\" content=\"http:\/\/8a.pl\/8academy\/wp-content\/uploads\/2016\/07\/kidcomf2_1000_2.jpg\" \/>\n\t<meta property=\"og:image:width\" content=\"1200\" \/>\n\t<meta property=\"og:image:height\" content=\"630\" \/>\n\t<meta property=\"og:image:type\" content=\"image\/jpeg\" \/>\n<meta name=\"author\" content=\"Redakcja 8Academy\" \/>\n<meta name=\"twitter:card\" content=\"summary_large_image\" \/>\n<meta name=\"twitter:title\" content=\"Noside\u0142ka turystyczne Deuter - por\u00f3wnanie, opinie\" \/>\n<meta name=\"twitter:label1\" content=\"Napisane przez\" \/>\n\t<meta name=\"twitter:data1\" content=\"Redakcja 8Academy\" \/>\n\t<meta name=\"twitter:label2\" content=\"Szacowany czas czytania\" \/>\n\t<meta name=\"twitter:data2\" content=\"17 minut\" \/>\n<!-- \/ Yoast SEO Premium plugin. -->","yoast_head_json":{"title":"Noside\u0142ka turystyczne Deuter - por\u00f3wnanie modeli Kid Comfort, opinie","description":"My\u015blisz o tym, \u017ceby p\u00f3j\u015b\u0107 w g\u00f3ry z dzieckiem i nie wiesz jakie nosid\u0142o wybra\u0107? Zobacz noside\u0142ka turystyczne Deuter w naszym rankingu.","robots":{"index":"index","follow":"follow","max-snippet":"max-snippet:-1","max-image-preview":"max-image-preview:large","max-video-preview":"max-video-preview:-1"},"canonical":"https:\/\/8a.pl\/8academy\/nosidelka-turystyczne-deuter-porownanie\/","og_locale":"pl_PL","og_type":"article","og_title":"Noside\u0142ka turystyczne Deuter - por\u00f3wnanie modeli Kid Comfort","og_description":"My\u015blisz o tym, \u017ceby p\u00f3j\u015b\u0107 w g\u00f3ry z dzieckiem i nie wiesz jakie nosid\u0142o wybra\u0107? Zobacz noside\u0142ka turystyczne Deuter w naszym zestawiniu.","og_url":"https:\/\/8a.pl\/8academy\/nosidelka-turystyczne-deuter-porownanie\/","og_site_name":"8academy.pl - portal g\u00f3rski i wspinaczkowy dla aktywnych","article_publisher":"https:\/\/pl-pl.facebook.com\/sklep8apl\/","article_published_time":"2016-07-28T11:19:50+00:00","article_modified_time":"2024-05-19T22:08:51+00:00","og_image":[{"width":1200,"height":630,"url":"http:\/\/8a.pl\/8academy\/wp-content\/uploads\/2016\/07\/kidcomf2_1000_2.jpg","type":"image\/jpeg"}],"author":"Redakcja 8Academy","twitter_card":"summary_large_image","twitter_title":"Noside\u0142ka turystyczne Deuter - por\u00f3wnanie, opinie","twitter_misc":{"Napisane przez":"Redakcja 8Academy","Szacowany czas czytania":"17 minut"},"schema":{"@context":"https:\/\/schema.org","@graph":[{"@type":"Article","@id":"https:\/\/8a.pl\/8academy\/nosidelka-turystyczne-deuter-porownanie\/#article","isPartOf":{"@id":"https:\/\/8a.pl\/8academy\/nosidelka-turystyczne-deuter-porownanie\/"},"author":{"name":"Redakcja 8Academy","@id":"https:\/\/8a.pl\/8academy\/#\/schema\/person\/2e392153a51786e6c3d5ede231b5d2a4"},"headline":"Noside\u0142ka turystyczne Deuter &#8211; por\u00f3wnanie, opinie","datePublished":"2016-07-28T11:19:50+00:00","dateModified":"2024-05-19T22:08:51+00:00","mainEntityOfPage":{"@id":"https:\/\/8a.pl\/8academy\/nosidelka-turystyczne-deuter-porownanie\/"},"wordCount":3010,"commentCount":0,"publisher":{"@id":"https:\/\/8a.pl\/8academy\/#organization"},"image":{"@id":"https:\/\/8a.pl\/8academy\/nosidelka-turystyczne-deuter-porownanie\/#primaryimage"},"thumbnailUrl":"https:\/\/8a.pl\/8academy\/wp-content\/uploads\/2016\/06\/SS16-Deuter-85.jpg","keywords":["Ca\u0142oroczne","Poradnik","Trekking"],"articleSection":["Turystyka \/ trekking"],"inLanguage":"pl-PL","potentialAction":[{"@type":"CommentAction","name":"Comment","target":["https:\/\/8a.pl\/8academy\/nosidelka-turystyczne-deuter-porownanie\/#respond"]}]},{"@type":"WebPage","@id":"https:\/\/8a.pl\/8academy\/nosidelka-turystyczne-deuter-porownanie\/","url":"https:\/\/8a.pl\/8academy\/nosidelka-turystyczne-deuter-porownanie\/","name":"Noside\u0142ka turystyczne Deuter - por\u00f3wnanie modeli Kid Comfort, opinie","isPartOf":{"@id":"https:\/\/8a.pl\/8academy\/#website"},"primaryImageOfPage":{"@id":"https:\/\/8a.pl\/8academy\/nosidelka-turystyczne-deuter-porownanie\/#primaryimage"},"image":{"@id":"https:\/\/8a.pl\/8academy\/nosidelka-turystyczne-deuter-porownanie\/#primaryimage"},"thumbnailUrl":"https:\/\/8a.pl\/8academy\/wp-content\/uploads\/2016\/06\/SS16-Deuter-85.jpg","datePublished":"2016-07-28T11:19:50+00:00","dateModified":"2024-05-19T22:08:51+00:00","description":"My\u015blisz o tym, \u017ceby p\u00f3j\u015b\u0107 w g\u00f3ry z dzieckiem i nie wiesz jakie nosid\u0142o wybra\u0107? Zobacz noside\u0142ka turystyczne Deuter w naszym rankingu.","breadcrumb":{"@id":"https:\/\/8a.pl\/8academy\/nosidelka-turystyczne-deuter-porownanie\/#breadcrumb"},"inLanguage":"pl-PL","potentialAction":[{"@type":"ReadAction","target":["https:\/\/8a.pl\/8academy\/nosidelka-turystyczne-deuter-porownanie\/"]}]},{"@type":"ImageObject","inLanguage":"pl-PL","@id":"https:\/\/8a.pl\/8academy\/nosidelka-turystyczne-deuter-porownanie\/#primaryimage","url":"https:\/\/8a.pl\/8academy\/wp-content\/uploads\/2016\/06\/SS16-Deuter-85.jpg","contentUrl":"https:\/\/8a.pl\/8academy\/wp-content\/uploads\/2016\/06\/SS16-Deuter-85.jpg","width":1400,"height":910},{"@type":"BreadcrumbList","@id":"https:\/\/8a.pl\/8academy\/nosidelka-turystyczne-deuter-porownanie\/#breadcrumb","itemListElement":[{"@type":"ListItem","position":1,"name":"Strona g\u0142\u00f3wna","item":"https:\/\/8a.pl\/8academy\/"},{"@type":"ListItem","position":2,"name":"Noside\u0142ka turystyczne Deuter &#8211; por\u00f3wnanie, opinie"}]},{"@type":"WebSite","@id":"https:\/\/8a.pl\/8academy\/#website","url":"https:\/\/8a.pl\/8academy\/","name":"8academy.pl - portal g\u00f3rski i wspinaczkowy dla aktywnych","description":"8academy to portal g\u00f3rski o wspinaczce, trekkingu i skiturach. Znajdziesz tu porady, testy sprz\u0119tu i opisy najlepszych rejon\u00f3w. Inspirujemy zdobywc\u00f3w!","publisher":{"@id":"https:\/\/8a.pl\/8academy\/#organization"},"potentialAction":[{"@type":"SearchAction","target":{"@type":"EntryPoint","urlTemplate":"https:\/\/8a.pl\/8academy\/?s={search_term_string}"},"query-input":{"@type":"PropertyValueSpecification","valueRequired":true,"valueName":"search_term_string"}}],"inLanguage":"pl-PL"},{"@type":"Organization","@id":"https:\/\/8a.pl\/8academy\/#organization","name":"8academy.pl - portal g\u00f3rski i wspinaczkowy dla aktywnych","url":"https:\/\/8a.pl\/8academy\/","logo":{"@type":"ImageObject","inLanguage":"pl-PL","@id":"https:\/\/8a.pl\/8academy\/#\/schema\/logo\/image\/","url":"https:\/\/8a.pl\/8academy\/wp-content\/uploads\/2015\/11\/logo.png","contentUrl":"https:\/\/8a.pl\/8academy\/wp-content\/uploads\/2015\/11\/logo.png","width":438,"height":315,"caption":"8academy.pl - portal g\u00f3rski i wspinaczkowy dla aktywnych"},"image":{"@id":"https:\/\/8a.pl\/8academy\/#\/schema\/logo\/image\/"},"sameAs":["https:\/\/pl-pl.facebook.com\/sklep8apl\/","https:\/\/www.instagram.com\/8apl\/"]},{"@type":"Person","@id":"https:\/\/8a.pl\/8academy\/#\/schema\/person\/2e392153a51786e6c3d5ede231b5d2a4","name":"Redakcja 8Academy","image":{"@type":"ImageObject","inLanguage":"pl-PL","@id":"https:\/\/8a.pl\/8academy\/#\/schema\/person\/image\/","url":"https:\/\/8a.pl\/8academy\/wp-content\/uploads\/2017\/10\/logo_obrobione_2_150_59ICJ.jpg","contentUrl":"https:\/\/8a.pl\/8academy\/wp-content\/uploads\/2017\/10\/logo_obrobione_2_150_59ICJ.jpg","caption":"Redakcja 8Academy"},"url":"https:\/\/8a.pl\/8academy\/author\/redakcja\/"}]}},"_links":{"self":[{"href":"https:\/\/8a.pl\/8academy\/wp-json\/wp\/v2\/posts\/4991","targetHints":{"allow":["GET"]}}],"collection":[{"href":"https:\/\/8a.pl\/8academy\/wp-json\/wp\/v2\/posts"}],"about":[{"href":"https:\/\/8a.pl\/8academy\/wp-json\/wp\/v2\/types\/post"}],"author":[{"embeddable":true,"href":"https:\/\/8a.pl\/8academy\/wp-json\/wp\/v2\/users\/7"}],"replies":[{"embeddable":true,"href":"https:\/\/8a.pl\/8academy\/wp-json\/wp\/v2\/comments?post=4991"}],"version-history":[{"count":1,"href":"https:\/\/8a.pl\/8academy\/wp-json\/wp\/v2\/posts\/4991\/revisions"}],"predecessor-version":[{"id":69387,"href":"https:\/\/8a.pl\/8academy\/wp-json\/wp\/v2\/posts\/4991\/revisions\/69387"}],"wp:featuredmedia":[{"embeddable":true,"href":"https:\/\/8a.pl\/8academy\/wp-json\/wp\/v2\/media\/5036"}],"wp:attachment":[{"href":"https:\/\/8a.pl\/8academy\/wp-json\/wp\/v2\/media?parent=4991"}],"wp:term":[{"taxonomy":"category","embeddable":true,"href":"https:\/\/8a.pl\/8academy\/wp-json\/wp\/v2\/categories?post=4991"},{"taxonomy":"post_tag","embeddable":true,"href":"https:\/\/8a.pl\/8academy\/wp-json\/wp\/v2\/tags?post=4991"}],"curies":[{"name":"wp","href":"https:\/\/api.w.org\/{rel}","templated":true}]}}