{"id":4653,"date":"2016-06-01T07:30:41","date_gmt":"2016-06-01T05:30:41","guid":{"rendered":"http:\/\/8a.pl\/8academy\/?p=4653"},"modified":"2024-05-20T00:09:37","modified_gmt":"2024-05-19T22:09:37","slug":"nosidelko-turystyczne-deuter-kid-comfort-ii-test","status":"publish","type":"post","link":"https:\/\/8a.pl\/8academy\/nosidelko-turystyczne-deuter-kid-comfort-ii-test\/","title":{"rendered":"Noside\u0142ko turystyczne Deuter Kid Comfort II &#8211; test w terenie"},"content":{"rendered":"<p><span style=\"font-weight: 400;\">Przede wszystkim musimy\u00a0mie\u0107 pewno\u015b\u0107, \u017ce nosid\u0142o, w kt\u00f3rym przenosimy dziecko, jest w pe\u0142ni bezpieczne i nie zaskoczy nas \u017cadn\u0105 niespodziank\u0105. G\u00f3ry to nie miejsce na eksperymenty. Szczeg\u00f3lnie, gdy przemierzamy je z dzie\u0107mi. Po drugie, musi by\u0107 wygodne- zar\u00f3wno dla samego &#8220;pasa\u017cera&#8221; (kt\u00f3remu cz\u0119sto przyjdzie przysn\u0105\u0107 w trakcie w\u0119dr\u00f3wki), jak i dla nios\u0105cego go rodzica. <strong>Czy noside\u0142ko turystyczne\u00a0Deuter Kid Comfort II takie za\u0142o\u017cenia spe\u0142nia?<\/strong> O tym w poni\u017cszym\u00a0te\u015bcie.<\/span><\/p>\n<p><span style=\"font-weight: 400;\">Marka <a href=\"https:\/\/8a.pl\/deuter\" target=\"_blank\" rel=\"noopener\"><strong>Deuter<\/strong><\/a> produkuje nosid\u0142a turystyczne dla dzieci od 1996 roku i by\u0142a jedn\u0105 z pierwszych firm outdoorowych, kt\u00f3re rozpocz\u0119\u0142y produkcj\u0119 takiego sprz\u0119tu. Obecnie w ofercie niemieckiego producenta &#8211; specjalizuj\u0105cego si\u0119 w wysokiej klasy plecakach wyprawowych i trekkingowych o solidnych\u00a0systemach no\u015bnych- znajduj\u0105 si\u0119 trzy r\u00f3\u017cne modele noside\u0142ek. Wszystkie przeznaczone s\u0105 dla dzieci po \u00f3smym miesi\u0105cu \u017cycia, gdy maluch potrafi ju\u017c samodzielnie siedzie\u0107 i trzyma\u0107 g\u0142\u00f3wk\u0119. Kolekcj\u0119 otwiera najl\u017cejszy i jednocze\u015bnie najta\u0144szy model-<\/span><b>\u00a0Kid Comfort Air, <\/b><span style=\"font-weight: 400;\">wa\u017c\u0105cy 2,9 kg. To <a href=\"https:\/\/8a.pl\/nosidelka-turystyczne\" target=\"_blank\" rel=\"noopener\"><strong>noside\u0142ko turystyczne<\/strong><\/a> ma bardziej zwarty i kompaktowy charakter, polecane jest rodzicom, kt\u00f3rzy z jednej strony chodz\u0105 po g\u00f3rach, podr\u00f3\u017cuj\u0105, z drugiej za\u015b zwracaj\u0105 spor\u0105 uwag\u0119 na wymiary sprz\u0119tu- czy to ze wzgl\u0119du na &#8220;ograniczenia lokalowe&#8221; (pami\u0119tajmy, \u017ce wi\u0119kszo\u015b\u0107 czasu noside\u0142ko b\u0119dzie jednak nie na szlaku, lecz z\u0142o\u017cone gdzie\u015b w domu), czy te\u017c na okoliczno\u015b\u0107 transportu w stosunkowo niewielkim baga\u017cniku. Od pozosta\u0142ych r\u00f3\u017cni sie tak\u017ce mocniej wentylowanym systemem no\u015bnym- b\u0119dzie wi\u0119c dobrym wyborem gdy z g\u00f3ry wiemy, \u017ce jesieni\u0105 i wczesn\u0105 wiosn\u0105 raczej damy sobie spok\u00f3j z rodzinnymi wyprawami, a skupimy si\u0119 na letnich wycieczkach w bardzo ciep\u0142\u0105 i s\u0142oneczn\u0105 pogod\u0119. <\/span><\/p>\n<p><span style=\"font-weight: 400;\">Wysokiej jako\u015bci, wygodne i dopracowane w detalach, ale jednak okrojone z cz\u0119\u015bci &#8220;bajer\u00f3w&#8221;. Z kolei na drugiej stronie skali znajduje si\u0119 najbardziej rozbudowany model Deutera:<\/span><b> Kid Comfort III<\/b><span style=\"font-weight: 400;\">. Od opisywanego w niniejszym tek\u015bcie\u00a0<\/span><b>Kid Comfort II<\/b><span style=\"font-weight: 400;\">\u00a0r\u00f3\u017cni si\u0119 nie tylko wag\u0105 (3,7 kg) czy cen\u0105, ale r\u00f3wnie\u017c dodatkowymi akcesoriami i funkcjonalnymi dodatkami. Na jego wyposa\u017ceniu znajduje si\u0119 zintegrowany daszek przeciws\u0142oneczny, regulowane strzemiona oraz lusterko, w kt\u00f3rym mo\u017cemy podejrze\u0107 co s\u0142ycha\u0107 u naszego malucha (usadowionego w siedzisku o podwy\u017cszonym oparciu). Ja postawi\u0142em\u00a0na &#8220;z\u0142oty \u015brodek&#8221; czyli opisane poni\u017cej noside\u0142ko turystyczne <strong>Deuter\u00a0Kid Comfort II<\/strong>.<b>\u00a0<\/b>Wa\u017cy 3344 g i wyst\u0119puje w dw\u00f3ch kolorach: niebieskim (ocean\/midnight) oraz czerwonym (cranberry\/fire). Jako dodatkowe wyposa\u017cenie\u00a0dokupi\u0107 mo\u017cna do niego daszek przeciws\u0142oneczny oraz pokrowiec przeciwdeszczowy KC Deluxe, kt\u00f3ry zabezpiecza ca\u0142\u0105 powierzchni\u0119 nosid\u0142a przed wilgoci\u0105. Wszystkie modele noside\u0142ek posiadaj\u0105 system no\u015bny do 22 kg (gdzie 18 kilogram\u00f3w to maksymalna waga dziecka, a 4 kilogramy wykorzysta\u0107 mo\u017cemy na dodatkowy baga\u017c), potwierdzony znakiem\u00a0bezpiecze\u0144stwa <strong>TUV\/GS<\/strong>.<\/span><\/p>\n<div id=\"attachment_4851\" style=\"width: 1010px\" class=\"wp-caption aligncenter\"><img fetchpriority=\"high\" decoding=\"async\" aria-describedby=\"caption-attachment-4851\" class=\"wp-image-4851 size-full\" src=\"http:\/\/8a.pl\/8academy\/wp-content\/uploads\/2016\/05\/deute-air-comfort-3.jpg\" alt=\"noside\u0142ko turystyczne Deuter Kid Comfort II\" width=\"1000\" height=\"650\" srcset=\"https:\/\/8a.pl\/8academy\/wp-content\/uploads\/2016\/05\/deute-air-comfort-3.jpg 1000w, https:\/\/8a.pl\/8academy\/wp-content\/uploads\/2016\/05\/deute-air-comfort-3-300x195.jpg 300w, https:\/\/8a.pl\/8academy\/wp-content\/uploads\/2016\/05\/deute-air-comfort-3-768x499.jpg 768w\" sizes=\"(max-width: 1000px) 100vw, 1000px\" \/><p id=\"caption-attachment-4851\" class=\"wp-caption-text\">Nosid\u0142o Kid Comfort 2 (fot. autor)<\/p><\/div>\n<h2 style=\"text-align: center;\">Noside\u0142ko turystyczne Deuter Kid Comfort II &#8211; pierwsze wra\u017cenie<\/h2>\n<p><span style=\"font-weight: 400;\">Pierwsze, co rzuci\u0142o mi si\u0119 w oczy, gdy zobaczy\u0142em\u00a0opisywane <strong>nosid\u0142o Deutera<\/strong>, to jako\u015b\u0107 wykonania. Mam por\u00f3wnanie do noside\u0142 dw\u00f3ch innych marek, z kt\u00f3rymi chodz\u0105 moi znajomi &#8211; w jednym z nich mia\u0142em nawet okazj\u0119 przenosi\u0107 swoj\u0105 c\u00f3rk\u0119 &#8211; i musz\u0119 stwierdzi\u0107, \u017ce w nosid\u0142ach niemieckiego producenta jest to klasa sama w sobie. U\u017cyte tkaniny, jako\u015b\u0107 szw\u00f3w, klamry, ta\u015bmy, p\u0142ynno\u015b\u0107 dzia\u0142ania ruchomych element\u00f3w- naprawd\u0119 ci\u0119\u017cko do czegokolwiek si\u0119 przyczepi\u0107. Zadowoleni b\u0119d\u0105 zar\u00f3wno esteci (wygl\u0105da!) jak i wyznawcy zasady m\u00f3wi\u0105cej, \u017ce <em>nie sta\u0107 nas na rzeczy tanie<\/em> (<strong>noside\u0142ko turystyczne Deuter<\/strong> do najta\u0144szych nie nale\u017cy, ale maj\u0105c mo\u017cliwo\u015b\u0107 dotkni\u0119cia\u00a0go na \u017cywo, szybko rozumiemy dlaczego). <\/span><\/p>\n<p><span style=\"font-weight: 400;\">Jednak opr\u00f3cz materia\u0142\u00f3w, z kt\u00f3rych wyprodukowano sprz\u0119t, liczy si\u0119 jeszcze jego praktyczny wymiar i u\u017cyteczno\u015b\u0107 (a w przypadku noside\u0142 r\u00f3wnie\u017c bezpiecze\u0144stwo dziecka). Aby przekona\u0107 si\u0119 jak Kid Comfort II wypada w praktyce wybra\u0142em si\u0119 z rodzin\u0105 na d\u0142ugie majowe weekendy w Izery, Gorce i Pieniny. Oto do jakich doszed\u0142em wniosk\u00f3w po miesi\u0105cu intensywnego u\u017cywania noside\u0142ka.<\/span><\/p>\n<h2 style=\"text-align: center;\"><b>Komfort dziecka<\/b><\/h2>\n<p><b>Siedzisko<br \/>\n<\/b><span style=\"line-height: 1.5;\">Zacznijmy od tego, co najwa\u017cniejsze dla malucha, czyli jego wygody. W Deuter Kid Comfort II dziecko siedzi na solidnym siedzisku wyko\u0144czonym wysokiej jako\u015bci materia\u0142em. Jest ono skonstruowane tak, \u017ce ci\u0119\u017car malucha faktycznie spoczywa na pod\u0142o\u017cu, a nie w powietrzu. Kilka razy widzia\u0142em na szlaku rodzic\u00f3w z nosid\u0142ami, w kt\u00f3rych dziecko bardziej wisia\u0142o, ni\u017c siedzia\u0142o. Tu ten problem nie wyst\u0119puje. Siedzisko jest wyprofilowane w anatomiczny spos\u00f3b, dzi\u0119ki czemu zabezpiecza r\u00f3wnie\u017c brzuszek malucha. Jego kszta\u0142t sprawia, \u017ce dziecko mocno osadzone jest w noside\u0142ku. W zale\u017cno\u015bci od wielko\u015bci i wieku dziecka siedzisko mo\u017cemy przesuwa\u0107 na regulowanych paskach, tak \u017ceby jak najlepiej dopasowa\u0107 je do naszych wymog\u00f3w. Prawid\u0142owy wymiar uzyskamy, gdy broda dziecka swobodnie spoczywa na poduszeczce z przodu noside\u0142ka.<\/span><\/p>\n<p><b>Szelki<br \/>\n<\/b><span style=\"font-weight: 400;\">W Deuter Kid Comfort II szelki, kt\u00f3rymi zabezpieczony jest maluch, mocowane s\u0105 w pi\u0119ciu punktach (tzw. <\/span><i><span style=\"font-weight: 400;\">5 point harness <\/span><\/i><span style=\"font-weight: 400;\">czyli rozwi\u0105zanie bardzo podobne z tym stosowanym w fotelikach samochodowych dla niemowl\u0105t, gdzie\u00a0<\/span><span style=\"font-weight: 400;\">5 punktowe pasy bezpiecze\u0144stwa stanowi\u0105 dzi\u015b\u00a0standard bezpiecze\u0144stwa<\/span><span style=\"font-weight: 400;\">).\u00a0Paski naramienne \u0142\u0105cz\u0105 si\u0119 z ta\u015bmami\u00a0prowadzonymi bocznie- przy brzuchu- i wpinaj\u0105 si\u0119 wsp\u00f3lnie w centraln\u0105 klamr\u0119.\u00a0Dodatkowy pasek piersiowy o regulowanej wysoko\u015bci pozwala zbli\u017cy\u0107 do siebie szelki, tak by nie zsuwa\u0142y si\u0119 z ramion dziecka.\u00a0Taki system mocowania sprawia, \u017ce maluch jest bardzo dobrze przypi\u0119ty i nie rusza si\u0119 na boki. Bezpiecze\u0144stwo zwi\u0119kszaj\u0105 te\u017c grube obramowania materia\u0142owe nosid\u0142a. Wszystko to razem decyduje, \u017ce dziecko jest naprawd\u0119 solidnie zabezpieczone przed wypadni\u0119ciem i trudno mu samowolnie wypi\u0105\u0107 si\u0119 z noside\u0142ka. System mocowania szelek jest oczywi\u015bcie regulowany i mo\u017cna go dostosowa\u0107 do wzrostu\u00a0malucha.<\/span><\/p>\n<div id=\"attachment_4859\" style=\"width: 1010px\" class=\"wp-caption aligncenter\"><img decoding=\"async\" aria-describedby=\"caption-attachment-4859\" class=\"wp-image-4859 size-full\" src=\"http:\/\/8a.pl\/8academy\/wp-content\/uploads\/2016\/05\/deute-air-comfort-9.jpg\" alt=\"deuter kid comfort ii szelki dla dziecka\" width=\"1000\" height=\"650\" srcset=\"https:\/\/8a.pl\/8academy\/wp-content\/uploads\/2016\/05\/deute-air-comfort-9.jpg 1000w, https:\/\/8a.pl\/8academy\/wp-content\/uploads\/2016\/05\/deute-air-comfort-9-300x195.jpg 300w, https:\/\/8a.pl\/8academy\/wp-content\/uploads\/2016\/05\/deute-air-comfort-9-768x499.jpg 768w\" sizes=\"(max-width: 1000px) 100vw, 1000px\" \/><p id=\"caption-attachment-4859\" class=\"wp-caption-text\">Pi\u0119ciopunktowe pasy bezpiecze\u0144stwa (fot. autor)<\/p><\/div>\n<p><span style=\"font-weight: 400;\">To, co jest zdecydowanym plusem dla bezpiecze\u0144stwa dziecka, jest jednocze\u015bnie lekk\u0105 niewygod\u0105 dla rodzica. Szelki zapinaj\u0105 si\u0119 bowiem w do\u015b\u0107 szczeg\u00f3lny spos\u00f3b, co wymaga precyzji i zajmuje czas. Nie wp\u0142ywa to jednak\u017ce na ca\u0142o\u015bciowy odbi\u00f3r tego elementu i jest drobnostk\u0105, obok kt\u00f3rej warto przej\u015b\u0107 obok, je\u015bli mamy na uwadze komfort dziecka.\u00a0Jak ju\u017c wspomnia\u0142em, spos\u00f3b zapinania pas\u00f3w w centralnej klamrze jest powszechnie u\u017cywany w fotelikach samochodowych i raczej ka\u017cdy rodzic mia\u0142 ju\u017c okazj\u0119 do opanowania tej &#8211; nie do ko\u0144ca intuicyjnej &#8211; sztuki, gdzie kluczem do\u00a0\u0142atwego zapi\u0119cia\u00a0jest po\u0142\u0105czenie obydwu wpinanych element\u00f3w razem i dopiero w drugiej kolejno\u015bci wsuni\u0119cie ich\u00a0w jedn\u0105, wsp\u00f3ln\u0105 klamr\u0119. Tu wpinanie jest \u0142atwiejsze bo nie wymaga \u0142\u0105czenia dw\u00f3ch element\u00f3w, jednak cz\u0119\u015bci klamerki maj\u0105 tendencj\u0119 do uciekania i okr\u0119cania si\u0119, wi\u0119c troch\u0119 czasu jednak potrzeba aby wszystko odnale\u017a\u0107, pouk\u0142ada\u0107 i pospina\u0107 w ca\u0142o\u015b\u0107.<\/span><\/p>\n<p><b>Strzemiona<br \/>\n<\/b><span style=\"font-weight: 400;\">Aby umo\u017cliwi\u0107 dziecku oparcie dla n\u00f3g w trakcie przenoszenia, <strong>noside\u0142ko turystyczne\u00a0Deuter Kid Comfort 2<\/strong> wyposa\u017cono w strzemiona. Maj\u0105 one posta\u0107 regulowanych ta\u015bm zako\u0144czonych tr\u00f3jk\u0105tnym, profilowanym uchwytem, w kt\u00f3ry dziecko mo\u017ce wsun\u0105\u0107 stop\u0119. Dzi\u0119ki temu w trakcie w\u0119dr\u00f3wki ko\u0144czyny malca nie zwisaj\u0105 swobodnie, lecz maj\u0105 podparcie, co z pewno\u015bci\u0105 wp\u0142ywa na ich lepsze ukrwienie i temperatur\u0119. Cho\u0107 musz\u0119 przyzna\u0107, \u017ce moja c\u00f3rka nagminnie wyci\u0105ga nogi ze strzemion i woli trzyma\u0107 je na podparciu podczepionej pod noside\u0142ko komory baga\u017cu. Przy jej wymiarach\u00a0zwyczajnie bez problemu znajduje oparcie st\u00f3p gdzie\u015b na ramie noside\u0142ka i jest jej tak po prostu wygodniej. Bardzo mo\u017cliwe, \u017ce strzemiona znajd\u0105 swe zastosowanie w przysz\u0142o\u015bci.<\/span><\/p>\n<div id=\"attachment_4852\" style=\"width: 1010px\" class=\"wp-caption aligncenter\"><img decoding=\"async\" aria-describedby=\"caption-attachment-4852\" class=\"wp-image-4852 size-full\" src=\"http:\/\/8a.pl\/8academy\/wp-content\/uploads\/2016\/05\/deute-air-comfort-7.jpg\" alt=\"Deuter Kid Comfort II puste strzemiono\" width=\"1000\" height=\"650\" srcset=\"https:\/\/8a.pl\/8academy\/wp-content\/uploads\/2016\/05\/deute-air-comfort-7.jpg 1000w, https:\/\/8a.pl\/8academy\/wp-content\/uploads\/2016\/05\/deute-air-comfort-7-300x195.jpg 300w, https:\/\/8a.pl\/8academy\/wp-content\/uploads\/2016\/05\/deute-air-comfort-7-768x499.jpg 768w\" sizes=\"(max-width: 1000px) 100vw, 1000px\" \/><p id=\"caption-attachment-4852\" class=\"wp-caption-text\">Puste strzemionko i alternatywny spos\u00f3b oparcia n\u00f3\u017cki (fot. autor)<\/p><\/div>\n<p><b>Poduszka<br \/>\n<\/b><span style=\"line-height: 1.5;\">Wyj\u0105tkowo udanym patentem jest specjalna, odczepiana poduszeczka znajduj\u0105ca si\u0119 w przedniej cz\u0119\u015bci nosid\u0142a. Jest dobrze wyprofilowana, stworzona z hipoalergicznego materia\u0142u, bardzo mi\u0119kka i mi\u0142a dla sk\u00f3ry dziecka. W trakcie snu umo\u017cliwia maluchowi naturalne u\u0142o\u017cenie g\u0142\u00f3wki i wygodny odpoczynek, natomiast kiedy dziecko nie \u015bpi i podziwia otoczenie dobrze chroni przed obtarciami i zabezpiecza g\u0142\u00f3wk\u0119 z przodu. Po wypi\u0119ciu bez wi\u0119kszego problemu mo\u017cemy j\u0105 wypra\u0107 i wysuszy\u0107, a nast\u0119pnie\u00a0z \u0142atwo\u015bci\u0105 zamocowa\u0107 ponownie.<\/span><\/p>\n<div id=\"attachment_4853\" style=\"width: 1010px\" class=\"wp-caption aligncenter\"><img loading=\"lazy\" decoding=\"async\" aria-describedby=\"caption-attachment-4853\" class=\"wp-image-4853 size-full\" src=\"http:\/\/8a.pl\/8academy\/wp-content\/uploads\/2016\/05\/deute-air-comfort-5.jpg\" alt=\"noside\u0142ko turystyczne deuter kid comfort wyposa\u017cono w chin pad\" width=\"1000\" height=\"650\" srcset=\"https:\/\/8a.pl\/8academy\/wp-content\/uploads\/2016\/05\/deute-air-comfort-5.jpg 1000w, https:\/\/8a.pl\/8academy\/wp-content\/uploads\/2016\/05\/deute-air-comfort-5-300x195.jpg 300w, https:\/\/8a.pl\/8academy\/wp-content\/uploads\/2016\/05\/deute-air-comfort-5-768x499.jpg 768w\" sizes=\"(max-width: 1000px) 100vw, 1000px\" \/><p id=\"caption-attachment-4853\" class=\"wp-caption-text\">Poduszeczka zapewni oparcie pod g\u0142\u00f3wk\u0119, gdy dziecko za\u015bnie na szlaku (fot. autor)<\/p><\/div>\n<p><b>Ochrona przeciws\u0142oneczna \/ przeciwdeszczowa<br \/>\n<\/b><span style=\"font-weight: 400;\">Dodatkowym, lecz zdecydowanie wartym wydania pieni\u0119dzy rozwi\u0105zaniem, jest doczepiany <a href=\"https:\/\/8a.pl\/daszek-na-nosidelko-deuter-kc-sun-roof-graphite\" target=\"_blank\" rel=\"noopener\">daszek przeciws\u0142oneczny i przeciwdeszczowy<\/a> (wystarczy na lekk\u0105 m\u017cawk\u0119, przed du\u017cym deszczem ochroni dopiero naci\u0105gany na ca\u0142\u0105 powierzchni\u0119 nosid\u0142a pokrowiec). Mocuje si\u0119 go na zasadzie dw\u00f3ch sp\u0142aszczonych rurek, kt\u00f3re wsuwa si\u0119 w otwory w g\u00f3rnej cz\u0119\u015bci nosid\u0142a. Z przodu natomiast przypina specjalnymi haczykami na gumkach. Prosty, lecz bardzo przydatny patent chroni dziecko nie tylko przed s\u0142o\u0144cem i niewielkim deszczem, ale r\u00f3wnie\u017c przed ga\u0142\u0119ziami i innymi przeszkodami na szlaku (chocia\u017cby insektami). Zdecydowanie warto dokupi\u0107 ten element wyposa\u017cenia nosid\u0142a i zafundowa\u0107 sobie i dziecku odrobin\u0119 wi\u0119cej wygody. Wysoko\u015b\u0107 <strong>nosid\u0142a turystycznego<\/strong> zwi\u0119ksza si\u0119 w\u00f3wczas o kilka centymetr\u00f3w i trzeba mie\u0107 tego \u015bwiadomo\u015b\u0107, jednak nie musimy a\u017c tak czujnie zwraca\u0107 uwagi na wszelkiego rodzaju li\u015bcie i chaszcze, kt\u00f3re bez tej dodatkowej os\u0142ony mog\u0142yby zrobi\u0107 dziecku krzywd\u0119. Warto wspomnie\u0107, \u017ce mimo swojej prostoty daszek wykonany jest bardzo solidnie. Kiedy z niego nie korzystamy, mo\u017cemy przenosi\u0107 go w komorze przeznaczonej na buk\u0142ak z wod\u0105.<\/span><\/p>\n<div id=\"attachment_4854\" style=\"width: 1010px\" class=\"wp-caption aligncenter\"><img loading=\"lazy\" decoding=\"async\" aria-describedby=\"caption-attachment-4854\" class=\"wp-image-4854 size-full\" src=\"http:\/\/8a.pl\/8academy\/wp-content\/uploads\/2016\/05\/deute-air-comfort-2.jpg\" alt=\"daszek przy nosidle deuter kid comfort ii\" width=\"1000\" height=\"650\" srcset=\"https:\/\/8a.pl\/8academy\/wp-content\/uploads\/2016\/05\/deute-air-comfort-2.jpg 1000w, https:\/\/8a.pl\/8academy\/wp-content\/uploads\/2016\/05\/deute-air-comfort-2-300x195.jpg 300w, https:\/\/8a.pl\/8academy\/wp-content\/uploads\/2016\/05\/deute-air-comfort-2-768x499.jpg 768w\" sizes=\"(max-width: 1000px) 100vw, 1000px\" \/><p id=\"caption-attachment-4854\" class=\"wp-caption-text\">Daszek daje sporo cienia w s\u0142oneczny dzie\u0144, a w przypadku deszczu mo\u017cna zarzuci\u0107 na niego os\u0142on\u0119 przeciwdeszczow\u0105 (fot. autor)<\/p><\/div>\n<h2 style=\"text-align: center;\"><b>Komfort rodzica<\/b><\/h2>\n<p><b>Pas biodrowy<br \/>\n<\/b><span style=\"line-height: 1.5;\">Producent wyposa\u017cy\u0142 <strong>noside\u0142ko turystyczne\u00a0Deuter Kid Comfort 2<\/strong> w pas biodrowy typu Vari Flex. Dok\u0142adnie taki jak ten stosowany jest w du\u017cych plecakach trekkingowych, co wydaje si\u0119 bardzo logicznym posuni\u0119ciem. Cho\u0107 d\u017awigamy bowiem\u00a0&#8220;baga\u017c&#8221; innego rodzaju, to kilogramy przyjdzie nam przecie\u017c czu\u0107 tak samo. Trzeba przyzna\u0107, \u017ce ten pas to solidna i bardzo dobrze wykonana konstrukcja, kt\u00f3ra przy w\u0142a\u015bciwym zapi\u0119ciu i dopasowaniu przeniesie spor\u0105 cz\u0119\u015b\u0107 ci\u0119\u017caru na nasze biodra i skutecznie odci\u0105\u017cy ramiona. Przy ci\u0119\u017carze rz\u0119du 9-20 kilogram\u00f3w, kt\u00f3ry b\u0119dziemy nosi\u0107 to kluczowy punkt udanej wycieczki.<\/span><\/p>\n<p><span style=\"font-weight: 400;\">Pas jest bardzo szeroki, wykonany z mi\u0119kkiego materia\u0142u, nie obciera bioder i \u0142atwo si\u0119 dopasowuje. Wraz z ramionami szelek (o kt\u00f3rych ni\u017cej), tworzy podstaw\u0119 udanej konstrukcji tego nosid\u0142a i pozwala wygodnie przenosi\u0107 dziecko na d\u0142ugich trasach. <\/span><\/p>\n<p><b>System no\u015bny<br \/>\n<\/b><span style=\"font-weight: 400;\">Podobnie jak pas biodrowy, tak i ramiona szelek wykonane s\u0105 z du\u017c\u0105 dba\u0142o\u015bci\u0105 o ergonomi\u0119, co sprzyja wygodzie w\u0119dr\u00f3wki. Zamontowany w nosidle system no\u015bny Deuter Aircontact Vari Fit umo\u017cliwia regulacj\u0119 d\u0142ugo\u015bci ,,plec\u00f3w&#8221; i optymalne dostosowanie szelek do naszej sylwetki &#8211; wystarczy odczepi\u0107 rzepa w dolnej cz\u0119\u015bci systemu no\u015bnego nosid\u0142a i przepi\u0105\u0107\u00a0paski na odpowiedni\u0105 wysoko\u015b\u0107. Finalnej regulacji dokonujemy doci\u0105gaj\u0105c ku do\u0142owi ta\u015bmy z samozaciskowymi klamrami. Proste w obs\u0142udze i bardzo skuteczne.<\/span><\/p>\n<p><span style=\"font-weight: 400;\">Cech\u0105 wart\u0105 podkre\u015blenia jest r\u00f3wnie\u017c wy\u015bcielenie ty\u0142u nosid\u0142a specjaln\u0105 g\u0105bk\u0105, kt\u00f3ra pozwala utrzyma\u0107 dystans mi\u0119dzy plecami i powierzchni\u0105 nosid\u0142a, co zwi\u0119ksza wentylacj\u0119 i komfort noszenia.<\/span><\/p>\n<div id=\"attachment_4863\" style=\"width: 1010px\" class=\"wp-caption aligncenter\"><img loading=\"lazy\" decoding=\"async\" aria-describedby=\"caption-attachment-4863\" class=\"wp-image-4863 size-full\" src=\"http:\/\/8a.pl\/8academy\/wp-content\/uploads\/2016\/05\/deute-air-comfort-10-1.jpg\" alt=\"Noside\u0142ko turystyczne na szlaku\" width=\"1000\" height=\"650\" srcset=\"https:\/\/8a.pl\/8academy\/wp-content\/uploads\/2016\/05\/deute-air-comfort-10-1.jpg 1000w, https:\/\/8a.pl\/8academy\/wp-content\/uploads\/2016\/05\/deute-air-comfort-10-1-300x195.jpg 300w, https:\/\/8a.pl\/8academy\/wp-content\/uploads\/2016\/05\/deute-air-comfort-10-1-768x499.jpg 768w\" sizes=\"(max-width: 1000px) 100vw, 1000px\" \/><p id=\"caption-attachment-4863\" class=\"wp-caption-text\">Na szlaku: w Izerach i w Gorcach (fot. autor)<\/p><\/div>\n<p><span style=\"font-weight: 400;\">Og\u00f3lnie nale\u017cy przyzna\u0107, \u017ce zar\u00f3wno pas biodrowy, jak i system no\u015bny s\u0105 naprawd\u0119 bardzo dobrze wykonane i maj\u0105 decyduj\u0105cy wp\u0142yw na komfort w\u0119dr\u00f3wki. Moja c\u00f3rka w momencie test\u00f3w wa\u017cy\u0142a nieca\u0142e 11 kilogram\u00f3w (ma 19 miesi\u0119cy), je\u015bli doda\u0107 do tego ponad 3,3 kilogramy samego nosid\u0142a i oko\u0142o 3 kilogramy baga\u017cu, to w\u0119drowa\u0142em z ci\u0119\u017carem oko\u0142o 17 kilogram\u00f3w. Nawet przy d\u0142ugodystansowm szlaku staram si\u0119 utrzyma\u0107 ci\u0119\u017car plecaka poni\u017cej 15 kilogram\u00f3w a przyznam szczerze, \u017ce zwykle ci\u0105\u017cy mi on bardziej, ni\u017c podczas majowych w\u0119dr\u00f3wek z dzieckiem. Co wi\u0119cej, przymierza\u0142em nawet do nosid\u0142a czteroletni\u0105 chrze\u015bnic\u0119 \u017cony, kt\u00f3ra wa\u017cy o dobre pi\u0119\u0107 kilo wi\u0119cej od mojej c\u00f3rki i ci\u0119\u017car ci\u0105gle nie sprawia\u0142 mi wi\u0119kszego problemu.<\/span><\/p>\n<p><b>Miejsce na baga\u017c, kieszonki i camelbag<br \/>\n<\/b><span style=\"font-weight: 400;\">Opr\u00f3cz systemu no\u015bnego i bezpiecze\u0144stwa dziecka w nosidle istotn\u0105 rzecz\u0105 jest r\u00f3wnie\u017c dodatkowe miejsce na baga\u017c. W\u0119druj\u0105c z dzieckiem trzeba przecie\u017c zabra\u0107 w g\u00f3ry sporo r\u00f3\u017cnego rodzaju drobiazg\u00f3w. Jak wypada <strong>noside\u0142ko turystyczne Deuter Kid Comfort II w tym punkcie?<\/strong> Ot\u00f3\u017c ca\u0142kiem nie\u017ale. Og\u00f3lnie znajdziemy tu siedem niezale\u017cnych kieszeni przeznaczonych na r\u00f3\u017cnego rodzaju \u0142adunek. <\/span><\/p>\n<p><span style=\"font-weight: 400;\">Ma\u0142a, zapinana kieszonka na pasie biodrowym to idealne miejsce na kom\u00f3rk\u0119, przegryzki dla dziecka, chusteczki, czy inne drobne przedmioty. Z boku obudowy nosid\u0142a, na obramowaniach komory no\u015bnej umiejscowiono dwie otwarte kieszenie na gumkach. To \u015bwietne miejsce na butelk\u0119 z piciem, maskotk\u0119- przytulank\u0119 (kt\u00f3ra nawiasem m\u00f3wi\u0105c znajduje si\u0119 na wyposa\u017ceniu noside\u0142ka!) czy \u015bredniej wielko\u015bci przedmioty, kt\u00f3re zawsze musz\u0105 by\u0107 pod r\u0119k\u0105. <\/span><\/p>\n<p><span style=\"font-weight: 400;\">Na \u201cplecach\u201d nosid\u0142a umieszczono a\u017c cztery kieszenie. W g\u00f3rnej cz\u0119\u015bci znajduje si\u0119 wi\u0119ksza, otwarta komora, w kt\u00f3rej mo\u017cna przenosi\u0107 ca\u0142kiem spore przedmioty. Tu\u017c nad ni\u0105 zapinana kiesze\u0144 idealna na dokumenty lub klucze, kt\u00f3re mo\u017cna przypi\u0105\u0107 do wewn\u0119trznego haczyka, tak by nie wypad\u0142y przypadkowo gdzie\u015b na szlaku czy w miejscu odpowczynku. Za\u015b na samym dole nosid\u0142a (pod siedziskiem) umiejscowiono du\u017c\u0105 zapinan\u0105 na dobrej jako\u015bci zamek komor\u0119, kt\u00f3rej powierzchni\u0119 spokojnie mo\u017cna por\u00f3wna\u0107 do niewielkiego plecaka. Polar rodzica, pieluszki, woda, ubranka, jedzenie dziecka &#8211; nie powinno by\u0107 problemu, \u017ceby to wszystko spakowa\u0107 nawet na ca\u0142odzienn\u0105 wycieczk\u0119 ( ja nie mia\u0142em z tym \u017cadnego problemu). Warto te\u017c wspomnie\u0107, \u017ce konstrukcja jest na tyle stabilna, \u017ce nie wisi pod noside\u0142kiem i nie zawadza o plecy. <\/span><\/p>\n<p><span style=\"font-weight: 400;\">Ostatnia komora &#8211; ulokowana z boku nosid\u0142a &#8211; umo\u017cliwia do\u0142\u0105czenie camelbaga na p\u0142yny czy schowanie w niej daszka przeciws\u0142onecznego, gdy nie jest akurat doczepiony i u\u017cywany.<\/span><\/p>\n<p><b>Podstawka i stabilno\u015b\u0107 konstrukcji<br \/>\n<\/b><span style=\"font-weight: 400;\">Testowane nosid\u0142o jest bardzo stabilne i mocno stoi\u00a0na \u201cnogach\u201d w miejscach odpoczynkowych. System oparty na dw\u00f3ch<\/span><span style=\"font-weight: 400;\">\u00a0pa\u0142\u0105kach jest bardzo skuteczny\u00a0a jednocze\u015bnie \u0142atwy w obs\u0142udze. Mo\u017cna sobie z nim poradzi\u0107 nawet w\u00f3wczas, gdy w\u0119drujemy z dzieckiem sami i nie ma przy nas drugiej doros\u0142ej osoby, kt\u00f3ra pomo\u017ce nam z \u201croz\u0142adunkiem\u201d. Wystarczy si\u0119gn\u0105\u0107 r\u0119k\u0105 do ty\u0142u i lekko pchn\u0105\u0107 n\u00f3\u017ck\u0119, by si\u0119 otwar\u0142a. Szerokie rozstawienie pa\u0142\u0105k\u00f3w i dobre wywa\u017cenie nosid\u0142a sprawiaj\u0105, \u017ce mo\u017cna je stawia\u0107 nawet na nier\u00f3wnym czy pochy\u0142ym terenie i doskonale trzyma si\u0119 pod\u0142o\u017ca.<\/span><\/p>\n<div id=\"attachment_4865\" style=\"width: 1010px\" class=\"wp-caption aligncenter\"><img loading=\"lazy\" decoding=\"async\" aria-describedby=\"caption-attachment-4865\" class=\"wp-image-4865 size-full\" src=\"http:\/\/8a.pl\/8academy\/wp-content\/uploads\/2016\/05\/deute-air-comfort-11.jpg\" alt=\"Nosid\u0142o Deuter Kid Comfort prz\u00f3d i ty\u0142\" width=\"1000\" height=\"849\" srcset=\"https:\/\/8a.pl\/8academy\/wp-content\/uploads\/2016\/05\/deute-air-comfort-11.jpg 1000w, https:\/\/8a.pl\/8academy\/wp-content\/uploads\/2016\/05\/deute-air-comfort-11-300x255.jpg 300w, https:\/\/8a.pl\/8academy\/wp-content\/uploads\/2016\/05\/deute-air-comfort-11-768x652.jpg 768w\" sizes=\"(max-width: 1000px) 100vw, 1000px\" \/><p id=\"caption-attachment-4865\" class=\"wp-caption-text\">Nosid\u0142o stoi stabilnie na nogach i co najwa\u017cniejsze nie przewraca si\u0119 czy pochyla pod ci\u0119\u017carem dziecka (fot. autor)<\/p><\/div>\n<p><span style=\"font-weight: 400;\">Je\u015bli chodzi o og\u00f3ln\u0105 stabilno\u015b\u0107 ca\u0142ej konstrukcji, gdy dziecko przenoszone jest w nosidle, to jest naprawd\u0119\u00a0nie\u017ale. Co prawda czasami czu\u0107 jak maluch przechyla si\u0119 lekko na boki, ale wi\u0105za\u0142bym to raczej ze specyfik\u0105 \u201c\u017cywej materii\u201d (a w moim osobistym przypadku bardzo \u017cywej materii), ni\u017c z sam\u0105 konstrukcj\u0105 noside\u0142ka. W tym aspekcie <strong>noside\u0142ko turystyczne<\/strong>\u00a0Deuter Kid Comfort II oceniam wi\u0119c r\u00f3wnie\u017c bardzo dobrze. <\/span><\/p>\n<p><b>Wk\u0142adanie i wyjmowanie dziecka<br \/>\n<\/b><span style=\"font-weight: 400;\">To kolejny wart pochwa\u0142y element tego <strong>nosid\u0142a turystycznego<\/strong>. G\u0142\u00f3wna komora, w kt\u00f3rej sadzamy dziecko,\u00a0skonstruowana jest na zasadzie sztywnego oparcia i dw\u00f3ch uchylnych paneli bocznych. Jeden z nich daje si\u0119 ca\u0142kowicie otworzy\u0107 poprzez szybkie rozpi\u0119cie klamry\u00a0zatrzaskowej, drugi za\u015b mo\u017cemy zaci\u0105ga\u0107 i luzowa\u0107 dzi\u0119ki ta\u015bmie z klamr\u0105 zaciskow\u0105. Obszerne obszycia bok\u00f3w (wspomnianych paneli) zapewniaj\u0105 dziecku wygod\u0119, stabiln\u0105 pozycj\u0119 i\u00a0bezpiecze\u0144stwo. Do tego\u00a0mo\u017cliwo\u015b\u0107\u00a0otwarcia jednego z paneli sprawia, \u017ce dziecko wk\u0142ada si\u0119 do \u015brodka bardzo sprawnie.\u00a0W przypadku wi\u0119kszych dzieci konstrukcja przywodz\u0105ca na my\u015bl otwierane drzwiczki samochodu umo\u017cliwia w zasadzie samodzielnie wchodzenie do nosid\u0142a (doros\u0142emu pozostanie oczywi\u015bcie zapi\u0119cie klamer 5 punktowego pasa). <\/span><\/p>\n<p><span style=\"font-weight: 400;\">W nosidle znajdziemy dwa porz\u0105dnie obszyte uchwyty do przenoszenia nosid\u0142a, kt\u00f3re zdecydowanie u\u0142atwiaj\u0105 zak\u0142adanie go na plecy. Wystarczy, \u017ce ka\u017cdy z rodzic\u00f3w chwyci po jednym z uchwyt\u00f3w i w \u0142atwy spos\u00f3b zarzucimy nosid\u0142o na plecy (kiedy robi to jeden rodzic, te\u017c nie jest najgorzej, spokojnie mo\u017cna wybiera\u0107 si\u0119 na samotne wycieczki z dzieckiem).<\/span><\/p>\n<div id=\"lightbox-4794\" data-for=\"single-gallery-4794\" class=\"gallery-lightbox hidden-lightbox\"><div class=\"lightbox-images single-gallery\"><a class=\"close-lightbox\"><svg x=\"0px\" y=\"0px\" width=\"18px\" height=\"18px\" viewBox=\"0 0 18 18\">\r\n        <line fill=\"none\" stroke=\"#303133\" stroke-width=\"3\" stroke-linecap=\"round\" stroke-linejoin=\"round\" stroke-meterlimit=\"10\" x1=\"9\" y1=\"9\" x2=\"16\" y2=\"16\" class=\"reverse middle-right\" \/>\r\n        <line fill=\"none\" stroke=\"#303133\" stroke-width=\"3\" stroke-linecap=\"round\" stroke-linejoin=\"round\" stroke-meterlimit=\"10\" x1=\"2\" y1=\"2\" x2=\"9\" y2=\"9\" class=\"middle-left\" \/>\r\n        <line fill=\"none\" stroke=\"#303133\" stroke-width=\"3\" stroke-linecap=\"round\" stroke-linejoin=\"round\" stroke-meterlimit=\"10\" x1=\"9\" y1=\"9\" x2=\"16\" y2=\"2\" class=\"reverse last-line\"\/>\r\n        <line fill=\"none\" stroke=\"#303133\" stroke-width=\"3\" stroke-linecap=\"round\" stroke-linejoin=\"round\" stroke-meterlimit=\"10\"  x1=\"2\" y1=\"16\" x2=\"9\" y2=\"9\" class=\"first-line\"\/>\r\n<\/svg><\/a><a class=\"nav prev\"><svg width=\"8.031\" height=\"14\" viewBox=\"0 0 8.031 14\">\r\n  <path fill=\"#161b1b\" d=\"M7.736,7.694 L1.494,13.731 C1.149,14.065 0.590,14.065 0.246,13.731 C-0.099,13.398 -0.099,12.857 0.246,12.524 L5.979,6.978 L0.246,1.432 C-0.099,1.098 -0.099,0.558 0.246,0.224 C0.590,-0.109 1.149,-0.109 1.494,0.224 L7.736,6.262 C7.938,6.458 8.007,6.723 7.972,6.978 C8.007,7.233 7.938,7.498 7.736,7.694 Z\" \/>\r\n<\/svg>\r\n<\/a><a class=\"nav next\"><svg width=\"8.031\" height=\"14\" viewBox=\"0 0 8.031 14\">\r\n  <path fill=\"#161b1b\" d=\"M7.736,7.694 L1.494,13.731 C1.149,14.065 0.590,14.065 0.246,13.731 C-0.099,13.398 -0.099,12.857 0.246,12.524 L5.979,6.978 L0.246,1.432 C-0.099,1.098 -0.099,0.558 0.246,0.224 C0.590,-0.109 1.149,-0.109 1.494,0.224 L7.736,6.262 C7.938,6.458 8.007,6.723 7.972,6.978 C8.007,7.233 7.938,7.498 7.736,7.694 Z\" \/>\r\n<\/svg>\r\n<\/a><ul><li><img class=\"owl-lazy\" data-src=\"https:\/\/8a.pl\/8academy\/wp-content\/uploads\/2016\/05\/bok.jpg\" \/><div class=\"description text-center\"><p>SONY DSC<\/p><\/div><\/li><li><img class=\"owl-lazy\" data-src=\"https:\/\/8a.pl\/8academy\/wp-content\/uploads\/2016\/05\/bok2.jpg\" \/><div class=\"description text-center\"><p>SONY DSC<\/p><\/div><\/li><li><img class=\"owl-lazy\" data-src=\"https:\/\/8a.pl\/8academy\/wp-content\/uploads\/2016\/05\/bok3.jpg\" \/><div class=\"description text-center\"><p>SONY DSC<\/p><\/div><\/li><li><img class=\"owl-lazy\" data-src=\"https:\/\/8a.pl\/8academy\/wp-content\/uploads\/2016\/05\/rozbieranie.jpg\" \/><div class=\"description text-center\"><p>Po rozpi\u0119ciu bocznej klamry, w nosidle jest na tyle wolnego miejsca, \u017ce mo\u017cemy np. za\u0142o\u017cy\u0107 dziecku bluzk\u0119 bez konieczno\u015bci wyci\u0105gania go (fot. autor)<\/p><\/div><\/li><\/ul><\/div><\/div><div class=\"single-gallery single-gallery-carousel single-gallery-hidden\" id=\"single-gallery-4794\"><div class=\"single-gallery-hover\"><div class=\"single-gallery-mode\"><a class=\"mode slide active\"><svg x=\"0px\" y=\"0px\" width=\"24px\" height=\"24px\" viewBox=\"0 0 24 24\">\r\n<style type=\"text\/css\">\r\n\t.st0{;stroke-width:3;stroke-linecap:round;stroke-linejoin:round;stroke-miterlimit:10;}\r\n<\/style>\r\n<line fill=\"none\" stroke=\"#ffffff\" stroke-width=\"3\" x1=\"2\" y1=\"22.5\" x2=\"22\" y2=\"22.5\"\/>\r\n<path fill=\"none\" stroke=\"#ffffff\" stroke-width=\"3\" d=\"M18.1,12.8l-2.7-4.2l-2.9,4L9,6.9l-7.5,8.6c0,1.1,0.9,2,2,2h17c1.1,0,2-0.9,2-2v-12c0-1.1-0.9-2-2-2h-17\r\n\tc-1.1,0-2,0.9-2,2V7\"\/>\r\n<\/svg>\r\n<\/a><a class=\"mode thumb\"><svg x=\"0px\" y=\"0px\" width=\"24px\" height=\"24px\" viewBox=\"0 0 24 24\">\r\n<path fill=\"none\" stroke=\"#ffffff\" stroke-width=\"3\" d=\"M20.5,9.5h-4c-1.1,0-2-0.9-2-2v-4c0-1.1,0.9-2,2-2h4c1.1,0,2,0.9,2,2v4C22.5,8.6,21.6,9.5,20.5,9.5z\"\/>\r\n<path fill=\"none\" stroke=\"#ffffff\" stroke-width=\"3\" d=\"M7.5,9.5h-4c-1.1,0-2-0.9-2-2v-4c0-1.1,0.9-2,2-2h4c1.1,0,2,0.9,2,2v4C9.5,8.6,8.6,9.5,7.5,9.5z\"\/>\r\n<path fill=\"none\" stroke=\"#ffffff\" stroke-width=\"3\" d=\"M19,22.5h-2.5c-1.1,0-2-0.9-2-2v-4c0-1.1,0.9-2,2-2h4c1.1,0,2,0.9,2,2V19\"\/>\r\n<path fill=\"none\" stroke=\"#ffffff\" stroke-width=\"3\" d=\"M7.5,22.5h-4c-1.1,0-2-0.9-2-2v-4c0-1.1,0.9-2,2-2h4c1.1,0,2,0.9,2,2v4C9.5,21.6,8.6,22.5,7.5,22.5z\"\/>\r\n<\/svg><\/a><\/div><div class=\"single-gallery-thumbnails\"><div class=\"single-gallery-thumbnails-wrapper\"><a class=\"active\" style=\"background-image: url(https:\/\/8a.pl\/8academy\/wp-content\/uploads\/2016\/05\/bok-150x150.jpg)\"><\/a><a style=\"background-image: url(https:\/\/8a.pl\/8academy\/wp-content\/uploads\/2016\/05\/bok2-150x150.jpg)\"><\/a><a style=\"background-image: url(https:\/\/8a.pl\/8academy\/wp-content\/uploads\/2016\/05\/bok3-150x150.jpg)\"><\/a><a style=\"background-image: url(https:\/\/8a.pl\/8academy\/wp-content\/uploads\/2016\/05\/rozbieranie-150x150.jpg)\"><\/a><\/div><\/div><\/div><a class=\"nav prev\"><svg width=\"8.031\" height=\"14\" viewBox=\"0 0 8.031 14\">\r\n  <path fill=\"#161b1b\" d=\"M7.736,7.694 L1.494,13.731 C1.149,14.065 0.590,14.065 0.246,13.731 C-0.099,13.398 -0.099,12.857 0.246,12.524 L5.979,6.978 L0.246,1.432 C-0.099,1.098 -0.099,0.558 0.246,0.224 C0.590,-0.109 1.149,-0.109 1.494,0.224 L7.736,6.262 C7.938,6.458 8.007,6.723 7.972,6.978 C8.007,7.233 7.938,7.498 7.736,7.694 Z\" \/>\r\n<\/svg>\r\n<\/a><a class=\"nav next\"><svg width=\"8.031\" height=\"14\" viewBox=\"0 0 8.031 14\">\r\n  <path fill=\"#161b1b\" d=\"M7.736,7.694 L1.494,13.731 C1.149,14.065 0.590,14.065 0.246,13.731 C-0.099,13.398 -0.099,12.857 0.246,12.524 L5.979,6.978 L0.246,1.432 C-0.099,1.098 -0.099,0.558 0.246,0.224 C0.590,-0.109 1.149,-0.109 1.494,0.224 L7.736,6.262 C7.938,6.458 8.007,6.723 7.972,6.978 C8.007,7.233 7.938,7.498 7.736,7.694 Z\" \/>\r\n<\/svg>\r\n<\/a><ul><li><img decoding=\"async\" src=\"https:\/\/8a.pl\/8academy\/wp-content\/uploads\/2016\/05\/bok.jpg\" \/><div class=\"description text-center\"><p>SONY DSC<\/p><div class=\"social-image\"><\/div><div class=\"mobile-nav\"><span class=\"counter\"><\/span><a class=\"nav prev\"><svg width=\"8.031\" height=\"14\" viewBox=\"0 0 8.031 14\">\r\n  <path fill=\"#161b1b\" d=\"M7.736,7.694 L1.494,13.731 C1.149,14.065 0.590,14.065 0.246,13.731 C-0.099,13.398 -0.099,12.857 0.246,12.524 L5.979,6.978 L0.246,1.432 C-0.099,1.098 -0.099,0.558 0.246,0.224 C0.590,-0.109 1.149,-0.109 1.494,0.224 L7.736,6.262 C7.938,6.458 8.007,6.723 7.972,6.978 C8.007,7.233 7.938,7.498 7.736,7.694 Z\" \/>\r\n<\/svg>\r\n<\/a><a class=\"nav next\"><svg width=\"8.031\" height=\"14\" viewBox=\"0 0 8.031 14\">\r\n  <path fill=\"#161b1b\" d=\"M7.736,7.694 L1.494,13.731 C1.149,14.065 0.590,14.065 0.246,13.731 C-0.099,13.398 -0.099,12.857 0.246,12.524 L5.979,6.978 L0.246,1.432 C-0.099,1.098 -0.099,0.558 0.246,0.224 C0.590,-0.109 1.149,-0.109 1.494,0.224 L7.736,6.262 C7.938,6.458 8.007,6.723 7.972,6.978 C8.007,7.233 7.938,7.498 7.736,7.694 Z\" \/>\r\n<\/svg>\r\n<\/a><\/div><\/div><\/li><li><img decoding=\"async\" src=\"https:\/\/8a.pl\/8academy\/wp-content\/uploads\/2016\/05\/bok2.jpg\" \/><div class=\"description text-center\"><p>SONY DSC<\/p><div class=\"social-image\"><\/div><div class=\"mobile-nav\"><span class=\"counter\"><\/span><a class=\"nav prev\"><svg width=\"8.031\" height=\"14\" viewBox=\"0 0 8.031 14\">\r\n  <path fill=\"#161b1b\" d=\"M7.736,7.694 L1.494,13.731 C1.149,14.065 0.590,14.065 0.246,13.731 C-0.099,13.398 -0.099,12.857 0.246,12.524 L5.979,6.978 L0.246,1.432 C-0.099,1.098 -0.099,0.558 0.246,0.224 C0.590,-0.109 1.149,-0.109 1.494,0.224 L7.736,6.262 C7.938,6.458 8.007,6.723 7.972,6.978 C8.007,7.233 7.938,7.498 7.736,7.694 Z\" \/>\r\n<\/svg>\r\n<\/a><a class=\"nav next\"><svg width=\"8.031\" height=\"14\" viewBox=\"0 0 8.031 14\">\r\n  <path fill=\"#161b1b\" d=\"M7.736,7.694 L1.494,13.731 C1.149,14.065 0.590,14.065 0.246,13.731 C-0.099,13.398 -0.099,12.857 0.246,12.524 L5.979,6.978 L0.246,1.432 C-0.099,1.098 -0.099,0.558 0.246,0.224 C0.590,-0.109 1.149,-0.109 1.494,0.224 L7.736,6.262 C7.938,6.458 8.007,6.723 7.972,6.978 C8.007,7.233 7.938,7.498 7.736,7.694 Z\" \/>\r\n<\/svg>\r\n<\/a><\/div><\/div><\/li><li><img decoding=\"async\" src=\"https:\/\/8a.pl\/8academy\/wp-content\/uploads\/2016\/05\/bok3.jpg\" \/><div class=\"description text-center\"><p>SONY DSC<\/p><div class=\"social-image\"><\/div><div class=\"mobile-nav\"><span class=\"counter\"><\/span><a class=\"nav prev\"><svg width=\"8.031\" height=\"14\" viewBox=\"0 0 8.031 14\">\r\n  <path fill=\"#161b1b\" d=\"M7.736,7.694 L1.494,13.731 C1.149,14.065 0.590,14.065 0.246,13.731 C-0.099,13.398 -0.099,12.857 0.246,12.524 L5.979,6.978 L0.246,1.432 C-0.099,1.098 -0.099,0.558 0.246,0.224 C0.590,-0.109 1.149,-0.109 1.494,0.224 L7.736,6.262 C7.938,6.458 8.007,6.723 7.972,6.978 C8.007,7.233 7.938,7.498 7.736,7.694 Z\" \/>\r\n<\/svg>\r\n<\/a><a class=\"nav next\"><svg width=\"8.031\" height=\"14\" viewBox=\"0 0 8.031 14\">\r\n  <path fill=\"#161b1b\" d=\"M7.736,7.694 L1.494,13.731 C1.149,14.065 0.590,14.065 0.246,13.731 C-0.099,13.398 -0.099,12.857 0.246,12.524 L5.979,6.978 L0.246,1.432 C-0.099,1.098 -0.099,0.558 0.246,0.224 C0.590,-0.109 1.149,-0.109 1.494,0.224 L7.736,6.262 C7.938,6.458 8.007,6.723 7.972,6.978 C8.007,7.233 7.938,7.498 7.736,7.694 Z\" \/>\r\n<\/svg>\r\n<\/a><\/div><\/div><\/li><li><img decoding=\"async\" src=\"https:\/\/8a.pl\/8academy\/wp-content\/uploads\/2016\/05\/rozbieranie.jpg\" \/><div class=\"description text-center\"><p>Po rozpi\u0119ciu bocznej klamry, w nosidle jest na tyle wolnego miejsca, \u017ce mo\u017cemy np. za\u0142o\u017cy\u0107 dziecku bluzk\u0119 bez konieczno\u015bci wyci\u0105gania go (fot. autor)<\/p><div class=\"social-image\"><\/div><div class=\"mobile-nav\"><span class=\"counter\"><\/span><a class=\"nav prev\"><svg width=\"8.031\" height=\"14\" viewBox=\"0 0 8.031 14\">\r\n  <path fill=\"#161b1b\" d=\"M7.736,7.694 L1.494,13.731 C1.149,14.065 0.590,14.065 0.246,13.731 C-0.099,13.398 -0.099,12.857 0.246,12.524 L5.979,6.978 L0.246,1.432 C-0.099,1.098 -0.099,0.558 0.246,0.224 C0.590,-0.109 1.149,-0.109 1.494,0.224 L7.736,6.262 C7.938,6.458 8.007,6.723 7.972,6.978 C8.007,7.233 7.938,7.498 7.736,7.694 Z\" \/>\r\n<\/svg>\r\n<\/a><a class=\"nav next\"><svg width=\"8.031\" height=\"14\" viewBox=\"0 0 8.031 14\">\r\n  <path fill=\"#161b1b\" d=\"M7.736,7.694 L1.494,13.731 C1.149,14.065 0.590,14.065 0.246,13.731 C-0.099,13.398 -0.099,12.857 0.246,12.524 L5.979,6.978 L0.246,1.432 C-0.099,1.098 -0.099,0.558 0.246,0.224 C0.590,-0.109 1.149,-0.109 1.494,0.224 L7.736,6.262 C7.938,6.458 8.007,6.723 7.972,6.978 C8.007,7.233 7.938,7.498 7.736,7.694 Z\" \/>\r\n<\/svg>\r\n<\/a><\/div><\/div><\/li><\/ul><div class=\"mode-thumbnails-container\"><a class=\"col-xs-4\"><div class=\"cover-container\"><div class=\"cover\" style=\"background-image: url(https:\/\/8a.pl\/8academy\/wp-content\/uploads\/2016\/05\/bok-300x195.jpg)\"><\/div><\/div><svg x=\"0px\" y=\"0px\" width=\"24px\" height=\"24px\" viewBox=\"0 0 24 24\">\r\n<style type=\"text\/css\">\r\n\t.st0{fill:none;stroke:#303133;stroke-width:3;stroke-linecap:round;stroke-linejoin:round;stroke-miterlimit:10;}\r\n\t.st1{fill-rule:evenodd;clip-rule:evenodd;fill:none;stroke:#303133;stroke-width:3;stroke-linejoin:round;stroke-miterlimit:10;}\r\n\t\r\n\t\t.st2{fill-rule:evenodd;clip-rule:evenodd;fill:none;stroke:#303133;stroke-width:3;stroke-linecap:round;stroke-linejoin:round;stroke-miterlimit:10;}\r\n\t.st3{fill:none;stroke:#B4B5B7;stroke-width:2;stroke-linecap:round;stroke-linejoin:round;stroke-miterlimit:10;}\r\n\t\r\n\t\t.st4{fill-rule:evenodd;clip-rule:evenodd;fill:none;stroke:#303133;stroke-width:2;stroke-linecap:round;stroke-linejoin:round;stroke-miterlimit:10;}\r\n\t.st5{fill-rule:evenodd;clip-rule:evenodd;fill:#161B1B;}\r\n\t.st6{fill-rule:evenodd;clip-rule:evenodd;fill:#F26822;}\r\n\t.st7{fill:#F26822;}\r\n\t.st8{fill:none;stroke:#808285;stroke-width:6;stroke-linecap:round;stroke-linejoin:round;stroke-miterlimit:10;}\r\n\t.st9{fill:#161B1B;}\r\n\t.st10{fill:#808184;}\r\n<\/style>\r\n<g>\r\n\t<path fill=\"none\" stroke=\"#ffffff\" stroke-width=\"3\" d=\"M1.6,7.5v-4c0-1.1,0.9-2,2-2h4\"\/>\r\n\t<line fill=\"none\" stroke=\"#ffffff\" stroke-width=\"3\"  x1=\"2.9\" y1=\"2.9\" x2=\"8.1\" y2=\"8.1\"\/>\r\n<\/g>\r\n<g>\r\n\t<path fill=\"none\" stroke=\"#ffffff\" stroke-width=\"3\"  d=\"M22.5,16v4.1c0,1.1-1.3,2.4-2.4,2.4H16\"\/>\r\n\t<line fill=\"none\" stroke=\"#ffffff\" stroke-width=\"3\"  x1=\"20.8\" y1=\"20.8\" x2=\"15.6\" y2=\"15.5\"\/>\r\n<\/g>\r\n<g>\r\n\t<path fill=\"none\" stroke=\"#ffffff\" stroke-width=\"3\"  d=\"M16.5,1.5h4c1.1,0,2,0.9,2,2v4\"\/>\r\n\t<line fill=\"none\" stroke=\"#ffffff\" stroke-width=\"3\"  x1=\"21.1\" y1=\"2.8\" x2=\"15.9\" y2=\"8.1\"\/>\r\n<\/g>\r\n<g>\r\n\t<path fill=\"none\" stroke=\"#ffffff\" stroke-width=\"3\"  d=\"M8,22.5H3.9c-1.1,0-2.4-1.3-2.4-2.4V16\"\/>\r\n\t<line fill=\"none\" stroke=\"#ffffff\" stroke-width=\"3\"  x1=\"3.3\" y1=\"20.8\" x2=\"8.5\" y2=\"15.5\"\/>\r\n<\/g>\r\n<\/svg>\r\n<\/a><a class=\"col-xs-4\"><div class=\"cover-container\"><div class=\"cover\" style=\"background-image: url(https:\/\/8a.pl\/8academy\/wp-content\/uploads\/2016\/05\/bok2-300x195.jpg)\"><\/div><\/div><svg x=\"0px\" y=\"0px\" width=\"24px\" height=\"24px\" viewBox=\"0 0 24 24\">\r\n<style type=\"text\/css\">\r\n\t.st0{fill:none;stroke:#303133;stroke-width:3;stroke-linecap:round;stroke-linejoin:round;stroke-miterlimit:10;}\r\n\t.st1{fill-rule:evenodd;clip-rule:evenodd;fill:none;stroke:#303133;stroke-width:3;stroke-linejoin:round;stroke-miterlimit:10;}\r\n\t\r\n\t\t.st2{fill-rule:evenodd;clip-rule:evenodd;fill:none;stroke:#303133;stroke-width:3;stroke-linecap:round;stroke-linejoin:round;stroke-miterlimit:10;}\r\n\t.st3{fill:none;stroke:#B4B5B7;stroke-width:2;stroke-linecap:round;stroke-linejoin:round;stroke-miterlimit:10;}\r\n\t\r\n\t\t.st4{fill-rule:evenodd;clip-rule:evenodd;fill:none;stroke:#303133;stroke-width:2;stroke-linecap:round;stroke-linejoin:round;stroke-miterlimit:10;}\r\n\t.st5{fill-rule:evenodd;clip-rule:evenodd;fill:#161B1B;}\r\n\t.st6{fill-rule:evenodd;clip-rule:evenodd;fill:#F26822;}\r\n\t.st7{fill:#F26822;}\r\n\t.st8{fill:none;stroke:#808285;stroke-width:6;stroke-linecap:round;stroke-linejoin:round;stroke-miterlimit:10;}\r\n\t.st9{fill:#161B1B;}\r\n\t.st10{fill:#808184;}\r\n<\/style>\r\n<g>\r\n\t<path fill=\"none\" stroke=\"#ffffff\" stroke-width=\"3\" d=\"M1.6,7.5v-4c0-1.1,0.9-2,2-2h4\"\/>\r\n\t<line fill=\"none\" stroke=\"#ffffff\" stroke-width=\"3\"  x1=\"2.9\" y1=\"2.9\" x2=\"8.1\" y2=\"8.1\"\/>\r\n<\/g>\r\n<g>\r\n\t<path fill=\"none\" stroke=\"#ffffff\" stroke-width=\"3\"  d=\"M22.5,16v4.1c0,1.1-1.3,2.4-2.4,2.4H16\"\/>\r\n\t<line fill=\"none\" stroke=\"#ffffff\" stroke-width=\"3\"  x1=\"20.8\" y1=\"20.8\" x2=\"15.6\" y2=\"15.5\"\/>\r\n<\/g>\r\n<g>\r\n\t<path fill=\"none\" stroke=\"#ffffff\" stroke-width=\"3\"  d=\"M16.5,1.5h4c1.1,0,2,0.9,2,2v4\"\/>\r\n\t<line fill=\"none\" stroke=\"#ffffff\" stroke-width=\"3\"  x1=\"21.1\" y1=\"2.8\" x2=\"15.9\" y2=\"8.1\"\/>\r\n<\/g>\r\n<g>\r\n\t<path fill=\"none\" stroke=\"#ffffff\" stroke-width=\"3\"  d=\"M8,22.5H3.9c-1.1,0-2.4-1.3-2.4-2.4V16\"\/>\r\n\t<line fill=\"none\" stroke=\"#ffffff\" stroke-width=\"3\"  x1=\"3.3\" y1=\"20.8\" x2=\"8.5\" y2=\"15.5\"\/>\r\n<\/g>\r\n<\/svg>\r\n<\/a><a class=\"col-xs-4\"><div class=\"cover-container\"><div class=\"cover\" style=\"background-image: url(https:\/\/8a.pl\/8academy\/wp-content\/uploads\/2016\/05\/bok3-300x195.jpg)\"><\/div><\/div><svg x=\"0px\" y=\"0px\" width=\"24px\" height=\"24px\" viewBox=\"0 0 24 24\">\r\n<style type=\"text\/css\">\r\n\t.st0{fill:none;stroke:#303133;stroke-width:3;stroke-linecap:round;stroke-linejoin:round;stroke-miterlimit:10;}\r\n\t.st1{fill-rule:evenodd;clip-rule:evenodd;fill:none;stroke:#303133;stroke-width:3;stroke-linejoin:round;stroke-miterlimit:10;}\r\n\t\r\n\t\t.st2{fill-rule:evenodd;clip-rule:evenodd;fill:none;stroke:#303133;stroke-width:3;stroke-linecap:round;stroke-linejoin:round;stroke-miterlimit:10;}\r\n\t.st3{fill:none;stroke:#B4B5B7;stroke-width:2;stroke-linecap:round;stroke-linejoin:round;stroke-miterlimit:10;}\r\n\t\r\n\t\t.st4{fill-rule:evenodd;clip-rule:evenodd;fill:none;stroke:#303133;stroke-width:2;stroke-linecap:round;stroke-linejoin:round;stroke-miterlimit:10;}\r\n\t.st5{fill-rule:evenodd;clip-rule:evenodd;fill:#161B1B;}\r\n\t.st6{fill-rule:evenodd;clip-rule:evenodd;fill:#F26822;}\r\n\t.st7{fill:#F26822;}\r\n\t.st8{fill:none;stroke:#808285;stroke-width:6;stroke-linecap:round;stroke-linejoin:round;stroke-miterlimit:10;}\r\n\t.st9{fill:#161B1B;}\r\n\t.st10{fill:#808184;}\r\n<\/style>\r\n<g>\r\n\t<path fill=\"none\" stroke=\"#ffffff\" stroke-width=\"3\" d=\"M1.6,7.5v-4c0-1.1,0.9-2,2-2h4\"\/>\r\n\t<line fill=\"none\" stroke=\"#ffffff\" stroke-width=\"3\"  x1=\"2.9\" y1=\"2.9\" x2=\"8.1\" y2=\"8.1\"\/>\r\n<\/g>\r\n<g>\r\n\t<path fill=\"none\" stroke=\"#ffffff\" stroke-width=\"3\"  d=\"M22.5,16v4.1c0,1.1-1.3,2.4-2.4,2.4H16\"\/>\r\n\t<line fill=\"none\" stroke=\"#ffffff\" stroke-width=\"3\"  x1=\"20.8\" y1=\"20.8\" x2=\"15.6\" y2=\"15.5\"\/>\r\n<\/g>\r\n<g>\r\n\t<path fill=\"none\" stroke=\"#ffffff\" stroke-width=\"3\"  d=\"M16.5,1.5h4c1.1,0,2,0.9,2,2v4\"\/>\r\n\t<line fill=\"none\" stroke=\"#ffffff\" stroke-width=\"3\"  x1=\"21.1\" y1=\"2.8\" x2=\"15.9\" y2=\"8.1\"\/>\r\n<\/g>\r\n<g>\r\n\t<path fill=\"none\" stroke=\"#ffffff\" stroke-width=\"3\"  d=\"M8,22.5H3.9c-1.1,0-2.4-1.3-2.4-2.4V16\"\/>\r\n\t<line fill=\"none\" stroke=\"#ffffff\" stroke-width=\"3\"  x1=\"3.3\" y1=\"20.8\" x2=\"8.5\" y2=\"15.5\"\/>\r\n<\/g>\r\n<\/svg>\r\n<\/a><a class=\"col-xs-4\"><div class=\"cover-container\"><div class=\"cover\" style=\"background-image: url(https:\/\/8a.pl\/8academy\/wp-content\/uploads\/2016\/05\/rozbieranie-300x195.jpg)\"><\/div><\/div><svg x=\"0px\" y=\"0px\" width=\"24px\" height=\"24px\" viewBox=\"0 0 24 24\">\r\n<style type=\"text\/css\">\r\n\t.st0{fill:none;stroke:#303133;stroke-width:3;stroke-linecap:round;stroke-linejoin:round;stroke-miterlimit:10;}\r\n\t.st1{fill-rule:evenodd;clip-rule:evenodd;fill:none;stroke:#303133;stroke-width:3;stroke-linejoin:round;stroke-miterlimit:10;}\r\n\t\r\n\t\t.st2{fill-rule:evenodd;clip-rule:evenodd;fill:none;stroke:#303133;stroke-width:3;stroke-linecap:round;stroke-linejoin:round;stroke-miterlimit:10;}\r\n\t.st3{fill:none;stroke:#B4B5B7;stroke-width:2;stroke-linecap:round;stroke-linejoin:round;stroke-miterlimit:10;}\r\n\t\r\n\t\t.st4{fill-rule:evenodd;clip-rule:evenodd;fill:none;stroke:#303133;stroke-width:2;stroke-linecap:round;stroke-linejoin:round;stroke-miterlimit:10;}\r\n\t.st5{fill-rule:evenodd;clip-rule:evenodd;fill:#161B1B;}\r\n\t.st6{fill-rule:evenodd;clip-rule:evenodd;fill:#F26822;}\r\n\t.st7{fill:#F26822;}\r\n\t.st8{fill:none;stroke:#808285;stroke-width:6;stroke-linecap:round;stroke-linejoin:round;stroke-miterlimit:10;}\r\n\t.st9{fill:#161B1B;}\r\n\t.st10{fill:#808184;}\r\n<\/style>\r\n<g>\r\n\t<path fill=\"none\" stroke=\"#ffffff\" stroke-width=\"3\" d=\"M1.6,7.5v-4c0-1.1,0.9-2,2-2h4\"\/>\r\n\t<line fill=\"none\" stroke=\"#ffffff\" stroke-width=\"3\"  x1=\"2.9\" y1=\"2.9\" x2=\"8.1\" y2=\"8.1\"\/>\r\n<\/g>\r\n<g>\r\n\t<path fill=\"none\" stroke=\"#ffffff\" stroke-width=\"3\"  d=\"M22.5,16v4.1c0,1.1-1.3,2.4-2.4,2.4H16\"\/>\r\n\t<line fill=\"none\" stroke=\"#ffffff\" stroke-width=\"3\"  x1=\"20.8\" y1=\"20.8\" x2=\"15.6\" y2=\"15.5\"\/>\r\n<\/g>\r\n<g>\r\n\t<path fill=\"none\" stroke=\"#ffffff\" stroke-width=\"3\"  d=\"M16.5,1.5h4c1.1,0,2,0.9,2,2v4\"\/>\r\n\t<line fill=\"none\" stroke=\"#ffffff\" stroke-width=\"3\"  x1=\"21.1\" y1=\"2.8\" x2=\"15.9\" y2=\"8.1\"\/>\r\n<\/g>\r\n<g>\r\n\t<path fill=\"none\" stroke=\"#ffffff\" stroke-width=\"3\"  d=\"M8,22.5H3.9c-1.1,0-2.4-1.3-2.4-2.4V16\"\/>\r\n\t<line fill=\"none\" stroke=\"#ffffff\" stroke-width=\"3\"  x1=\"3.3\" y1=\"20.8\" x2=\"8.5\" y2=\"15.5\"\/>\r\n<\/g>\r\n<\/svg>\r\n<\/a><\/div><\/div><div class=\"preloader-box\"><div class=\"preloader\"><span><svg x=\"0px\" y=\"0px\" width=\"72px\" height=\"57px\" viewBox=\"0 0 72 57\">\r\n<path fill=\"none\" stroke=\"#606264\" stroke-width=\"6\" stroke-linecap=\"round\" stroke-linejoin=\"round\" stroke-miterlimit=\"10\" d=\"M55.3,38.9l-8.6-13.1l-9.2,12.5L26.7,19.9L3,47.5C3,50.9,5.8,54,9.3,54H63c3.5,0,6-3.3,6-6.8V9.3\r\n\tC69,5.8,66.4,3,63,3H9.3C5.8,3,3,5.8,3,9.3v11.2\"\/>\r\n<\/svg><\/span><p>Wczytuj\u0119 galeri\u0119<\/p><\/div><\/div>\n<p><b>Przenoszenie nosid\u0142a i transport<br \/>\n<\/b><span style=\"line-height: 1.5;\">Po z\u0142o\u017ceniu n\u00f3\u017cek i zapi\u0119ciu wszystkich pask\u00f3w <strong>noside\u0142ko turystyczne Deuter<\/strong>\u00a0nie zajmuje zbyt du\u017co miejsca i \u0142atwo je transportowa\u0107. Cho\u0107 ze wzgl\u0119du na jego solidn\u0105 konstrukcj\u0119 i ca\u0142kiem spor\u0105 mas\u0119 musimy zadba\u0107 o miejsce por\u00f3wnywalne dla plecaka rz\u0119du 65-70 litr\u00f3w.<\/span><\/p>\n<h2 style=\"text-align: center;\"><b>Kluczowe pytanie- czy warto?<\/b><\/h2>\n<p><span style=\"font-weight: 400;\">Z testowanym nosid\u0142em, wsp\u00f3lnie z moj\u0105 c\u00f3rk\u0105 wybra\u0142em si\u0119 w maju na osiem g\u00f3rskich w\u0119dr\u00f3wek. By\u0142y to zar\u00f3wno typowe spacerowe trasy z niewielkimi przewy\u017cszeniami &#8211; jak te w Izerach, jak i bardziej wymagaj\u0105ce, kondycyjne podej\u015bcia po kamieniach i ze spor\u0105 stromizn\u0105 &#8211; jak to na Wysok\u0105 w Pieninach czy na Luba\u0144 w Gorcach. \u0141\u0105cznie zrobili\u015bmy prawie 90 kilometr\u00f3w. Musz\u0119 szczerze stwierdzi\u0107, \u017ce gdybym w tej chwili mia\u0142 kupi\u0107 nowe nosid\u0142o, <strong>to ponownie wybra\u0142bym ten sam model<\/strong>. Deuter Kid Comfort II to naprawd\u0119 solidny i dobrze wykonany sprz\u0119t. Zapewnia komfort nie tylko rodzicom &#8211; wnosz\u0119 po moich plecach i barkach &#8211; ale i dziecku &#8211; wnosz\u0119 po zadowoleniu c\u00f3rki i odg\u0142osach zbli\u017conych do poganiania konia poci\u0105gowego, w kt\u00f3rego zamieni\u0142em si\u0119 zapewne w oczach Jagody w ci\u0105gu ostatniego miesi\u0105ca. To, co mo\u017ce jedynie przeszkadza\u0107 w nosidle Deuter, to jego spora waga (taka jest konsekwencja solidnej konstrukcji i zapewnienia maksimum bezpiecze\u0144stwa dziecku) i stosunkowo wysoka cena &#8211; por\u00f3wnywalna do naprawd\u0119 du\u017cego, markowego plecaka (nie bez przyczyny- budowa, materia\u0142y itp. w tym noside\u0142ku turystycznym nie r\u00f3\u017cni\u0105 si\u0119 specjalnie stopniem skomplikowania i jako\u015bci\u0105 od ciesz\u0105cych si\u0119 ogromnym uznaniem plecak\u00f3w Deuter).<\/span><\/p>\n<div id=\"attachment_4855\" style=\"width: 1010px\" class=\"wp-caption aligncenter\"><img loading=\"lazy\" decoding=\"async\" aria-describedby=\"caption-attachment-4855\" class=\"wp-image-4855 size-full\" src=\"http:\/\/8a.pl\/8academy\/wp-content\/uploads\/2016\/05\/deute-air-comfort-1.jpg\" alt=\"Nosid\u0142o Deuter Kid Comofrt ii test\" width=\"1000\" height=\"650\" srcset=\"https:\/\/8a.pl\/8academy\/wp-content\/uploads\/2016\/05\/deute-air-comfort-1.jpg 1000w, https:\/\/8a.pl\/8academy\/wp-content\/uploads\/2016\/05\/deute-air-comfort-1-300x195.jpg 300w, https:\/\/8a.pl\/8academy\/wp-content\/uploads\/2016\/05\/deute-air-comfort-1-768x499.jpg 768w\" sizes=\"(max-width: 1000px) 100vw, 1000px\" \/><p id=\"caption-attachment-4855\" class=\"wp-caption-text\">W Pieninach (fot. autor)<\/p><\/div>\n<p><span style=\"font-weight: 400;\">Tak wi\u0119c,\u00a0je\u015bli w\u0119drujemy z dzieckiem sporo (albo mamy takie plany), a maluch odczuwa z tego powodu przyjemno\u015b\u0107, to moim zdaniem warto wy\u0142o\u017cy\u0107 t\u0119 kwot\u0119. Otrzymamy sprz\u0119t, kt\u00f3ry naprawd\u0119 wart jest swojej ceny i kt\u00f3ry zapewni nam godziny d\u0142ugich w\u0119dr\u00f3wek. Jego zalet\u0105 jest z pewno\u015bci\u0105 wygoda dziecka, kt\u00f3re w trakcie aktywno\u015bci, koniec ko\u0144c\u00f3w nie b\u0119d\u0105c\u0105\u00a0dla niego naturaln\u0105, jest zapewne spraw\u0105 kluczow\u0105. My b\u0119dziemy mieli natomiast pewno\u015b\u0107, \u017ce do\u0142o\u017cyli\u015bmy wszelkich stara\u0144, by zapewni\u0107 dziecku maksimum bezpiecze\u0144stwa i jednocze\u015bnie zadba\u0107 o w\u0142asne barki i kr\u0119gos\u0142up.<\/span><\/p>\n<p><strong>Noside\u0142ko turystyczne Deuter Kid Comfort II\u00a0w kilku punktach:<\/strong><\/p>\n<p><b>Plusy dla rodzica<\/b><\/p>\n<ul>\n<li style=\"font-weight: 400;\"><span style=\"font-weight: 400;\">bardzo wysoka jako\u015b\u0107 wykonania;<\/span><\/li>\n<li style=\"font-weight: 400;\"><span style=\"font-weight: 400;\">szeroki i komfortowy pas biodrowy oraz pasy naramienne;<\/span><\/li>\n<li style=\"font-weight: 400;\"><span style=\"font-weight: 400;\">du\u017ca ilo\u015b\u0107 dodatkowego miejsca;<\/span><\/li>\n<li style=\"font-weight: 400;\"><span style=\"font-weight: 400;\">stabilne i \u0142atwo otwieraj\u0105ce si\u0119 n\u00f3\u017cki;<\/span><\/li>\n<li style=\"font-weight: 400;\"><span style=\"font-weight: 400;\">\u0142atwo\u015b\u0107 przenoszenia nosid\u0142a;<\/span><\/li>\n<li style=\"font-weight: 400;\"><span style=\"font-weight: 400;\">\u0142atwo\u015b\u0107 wk\u0142adania dziecka do \u015brodka.<\/span><\/li>\n<\/ul>\n<p><b>Plusy dla dziecka<\/b><\/p>\n<ul>\n<li style=\"font-weight: 400;\"><span style=\"font-weight: 400;\">wygodne, dobrze zabezpieczone siedzisko;<\/span><\/li>\n<li style=\"font-weight: 400;\"><span style=\"font-weight: 400;\">odczepiana poduszeczka zapewniaj\u0105ca komfort w\u0119dr\u00f3wki i spokojny sen;<\/span><\/li>\n<li style=\"font-weight: 400;\"><span style=\"font-weight: 400;\">bezpieczne pasy stabilizuj\u0105ce dziecko;<\/span><\/li>\n<li style=\"font-weight: 400;\"><span style=\"font-weight: 400;\">praktyczny daszek przeciwdeszczowy i s\u0142oneczny;<\/span><\/li>\n<li style=\"font-weight: 400;\"><span style=\"font-weight: 400;\">hipoalergiczny materia\u0142 wykonania;<\/span><\/li>\n<li style=\"font-weight: 400;\">strzemiona<\/li>\n<li style=\"font-weight: 400;\">przytulanka w komplecie<\/li>\n<\/ul>\n<p><b>Minusy<\/b><\/p>\n<ul>\n<li style=\"font-weight: 400;\"><span style=\"font-weight: 400;\">spora waga;<\/span><\/li>\n<li style=\"font-weight: 400;\"><span style=\"font-weight: 400;\">do\u015b\u0107 wysoka\u00a0cena;<\/span><\/li>\n<li style=\"font-weight: 400;\">daszek przeciws\u0142oneczny\/przeciwdeszczowy oraz pokrowiec trzeba dokupi\u0107 osobno;<\/li>\n<li style=\"font-weight: 400;\"><span style=\"font-weight: 400;\">specyficzny system zapinania szelek dziecka wymagaj\u0105cy\u00a0czasu.<\/span><\/li>\n<\/ul>\n<div id=\"attachment_4856\" style=\"width: 1010px\" class=\"wp-caption aligncenter\"><img loading=\"lazy\" decoding=\"async\" aria-describedby=\"caption-attachment-4856\" class=\"wp-image-4856 size-full\" src=\"http:\/\/8a.pl\/8academy\/wp-content\/uploads\/2016\/05\/deute-air-comfort-4.jpg\" alt=\"Noside\u0142ko turystyczne Deuter kid comfort test\" width=\"1000\" height=\"650\" srcset=\"https:\/\/8a.pl\/8academy\/wp-content\/uploads\/2016\/05\/deute-air-comfort-4.jpg 1000w, https:\/\/8a.pl\/8academy\/wp-content\/uploads\/2016\/05\/deute-air-comfort-4-300x195.jpg 300w, https:\/\/8a.pl\/8academy\/wp-content\/uploads\/2016\/05\/deute-air-comfort-4-768x499.jpg 768w\" sizes=\"(max-width: 1000px) 100vw, 1000px\" \/><p id=\"caption-attachment-4856\" class=\"wp-caption-text\">W Izerach, z widokiem na Karkonosze (fot. autor)<\/p><\/div>\n<table style=\"width: 749px;\">\n<thead>\n<tr>\n<td style=\"width: 759px; text-align: center;\" colspan=\"2\">Dane techniczne &#8211; noside\u0142ko turystyczne Deuter Kid Comfort II<\/td>\n<\/tr>\n<\/thead>\n<tbody>\n<tr>\n<td style=\"width: 312px;\">U\u017cyte materia\u0142y<\/td>\n<td style=\"width: 447px;\">Macro Lite 210, Super-Polytex<\/td>\n<\/tr>\n<tr>\n<td style=\"width: 312px;\">Pojemno\u015b\u0107<\/td>\n<td style=\"width: 447px;\">16 litr\u00f3w<\/td>\n<\/tr>\n<tr>\n<td style=\"width: 312px;\">Obci\u0105\u017cenie<\/td>\n<td style=\"width: 447px;\">do 22 kg: dziecko+baga\u017c<\/td>\n<\/tr>\n<tr>\n<td style=\"width: 312px;\">Wymiary<\/td>\n<td style=\"width: 447px;\">78 x 42 x 40 cm<\/td>\n<\/tr>\n<tr>\n<td style=\"width: 312px;\">Waga<\/td>\n<td style=\"width: 447px;\">3344 g<\/td>\n<\/tr>\n<\/tbody>\n<\/table>\n","protected":false},"excerpt":{"rendered":"<p>Chodzenie z dzieckiem po g\u00f3rach wymaga komfortu. Komfortu rodzica i dziecka. I to nie tylko w rozumieniu wygody fizycznej, jak\u0105 maluch musi odczuwa\u0107, gdy w\u0119drujemy z nim po ulubionych szlakach, ale r\u00f3wnie\u017c komfortu psychicznego rodzica.<\/p>\n","protected":false},"author":3,"featured_media":4858,"comment_status":"open","ping_status":"open","sticky":false,"template":"","format":"standard","meta":{"_acf_changed":false,"_uf_show_specific_survey":0,"_uf_disable_surveys":false,"footnotes":""},"categories":[26070],"tags":[26104,26078,26085],"class_list":["post-4653","post","type-post","status-publish","format-standard","has-post-thumbnail","hentry","category-turystyka-trekking","tag-caloroczne","tag-test","tag-trekking"],"acf":[],"yoast_head":"<!-- This site is optimized with the Yoast SEO Premium plugin v23.4 (Yoast SEO v25.5) - https:\/\/yoast.com\/wordpress\/plugins\/seo\/ -->\n<title>Noside\u0142ko turystyczne Deuter Kid Comfort II - test i opinie<\/title>\n<meta name=\"description\" content=\"Czy noside\u0142ko turystyczne Deuter Kid Comfort II to dobry wyb\u00f3r na przemierzanie g\u00f3r z dzieckiem? Przeczytaj o tym w naszym te\u015bcie terenowym.\" \/>\n<meta name=\"robots\" content=\"index, follow, max-snippet:-1, max-image-preview:large, max-video-preview:-1\" \/>\n<link rel=\"canonical\" href=\"https:\/\/8a.pl\/8academy\/nosidelko-turystyczne-deuter-kid-comfort-ii-test\/\" \/>\n<meta property=\"og:locale\" content=\"pl_PL\" \/>\n<meta property=\"og:type\" content=\"article\" \/>\n<meta property=\"og:title\" content=\"Noside\u0142ko turystyczne Deuter Kid Comfort II - test w terenie\" \/>\n<meta property=\"og:description\" content=\"Czy noside\u0142ko turystyczne Deuter Kid Comfort II to dobry wyb\u00f3r na przemierzanie g\u00f3r z dzieckiem? Przeczytaj o tym w naszym te\u015bcie terenowym.\" \/>\n<meta property=\"og:url\" content=\"https:\/\/8a.pl\/8academy\/nosidelko-turystyczne-deuter-kid-comfort-ii-test\/\" \/>\n<meta property=\"og:site_name\" content=\"8academy.pl - portal g\u00f3rski i wspinaczkowy dla aktywnych\" \/>\n<meta property=\"article:publisher\" content=\"https:\/\/pl-pl.facebook.com\/sklep8apl\/\" \/>\n<meta property=\"article:published_time\" content=\"2016-06-01T05:30:41+00:00\" \/>\n<meta property=\"article:modified_time\" content=\"2024-05-19T22:09:37+00:00\" \/>\n<meta property=\"og:image\" content=\"http:\/\/8a.pl\/8academy\/wp-content\/uploads\/2016\/05\/deute-air-comfort-0.jpg\" \/>\n\t<meta property=\"og:image:width\" content=\"1400\" \/>\n\t<meta property=\"og:image:height\" content=\"910\" \/>\n\t<meta property=\"og:image:type\" content=\"image\/jpeg\" \/>\n<meta name=\"author\" content=\"\u0141ukasz Czubak\" \/>\n<meta name=\"twitter:card\" content=\"summary_large_image\" \/>\n<meta name=\"twitter:label1\" content=\"Napisane przez\" \/>\n\t<meta name=\"twitter:data1\" content=\"\u0141ukasz Czubak\" \/>\n\t<meta name=\"twitter:label2\" content=\"Szacowany czas czytania\" \/>\n\t<meta name=\"twitter:data2\" content=\"19 minut\" \/>\n<!-- \/ Yoast SEO Premium plugin. -->","yoast_head_json":{"title":"Noside\u0142ko turystyczne Deuter Kid Comfort II - test i opinie","description":"Czy noside\u0142ko turystyczne Deuter Kid Comfort II to dobry wyb\u00f3r na przemierzanie g\u00f3r z dzieckiem? Przeczytaj o tym w naszym te\u015bcie terenowym.","robots":{"index":"index","follow":"follow","max-snippet":"max-snippet:-1","max-image-preview":"max-image-preview:large","max-video-preview":"max-video-preview:-1"},"canonical":"https:\/\/8a.pl\/8academy\/nosidelko-turystyczne-deuter-kid-comfort-ii-test\/","og_locale":"pl_PL","og_type":"article","og_title":"Noside\u0142ko turystyczne Deuter Kid Comfort II - test w terenie","og_description":"Czy noside\u0142ko turystyczne Deuter Kid Comfort II to dobry wyb\u00f3r na przemierzanie g\u00f3r z dzieckiem? Przeczytaj o tym w naszym te\u015bcie terenowym.","og_url":"https:\/\/8a.pl\/8academy\/nosidelko-turystyczne-deuter-kid-comfort-ii-test\/","og_site_name":"8academy.pl - portal g\u00f3rski i wspinaczkowy dla aktywnych","article_publisher":"https:\/\/pl-pl.facebook.com\/sklep8apl\/","article_published_time":"2016-06-01T05:30:41+00:00","article_modified_time":"2024-05-19T22:09:37+00:00","og_image":[{"width":1400,"height":910,"url":"http:\/\/8a.pl\/8academy\/wp-content\/uploads\/2016\/05\/deute-air-comfort-0.jpg","type":"image\/jpeg"}],"author":"\u0141ukasz Czubak","twitter_card":"summary_large_image","twitter_misc":{"Napisane przez":"\u0141ukasz Czubak","Szacowany czas czytania":"19 minut"},"schema":{"@context":"https:\/\/schema.org","@graph":[{"@type":"Article","@id":"https:\/\/8a.pl\/8academy\/nosidelko-turystyczne-deuter-kid-comfort-ii-test\/#article","isPartOf":{"@id":"https:\/\/8a.pl\/8academy\/nosidelko-turystyczne-deuter-kid-comfort-ii-test\/"},"author":{"name":"\u0141ukasz Czubak","@id":"https:\/\/8a.pl\/8academy\/#\/schema\/person\/e16d0c3a355f5f972db477a8a8f239b2"},"headline":"Noside\u0142ko turystyczne Deuter Kid Comfort II &#8211; test w terenie","datePublished":"2016-06-01T05:30:41+00:00","dateModified":"2024-05-19T22:09:37+00:00","mainEntityOfPage":{"@id":"https:\/\/8a.pl\/8academy\/nosidelko-turystyczne-deuter-kid-comfort-ii-test\/"},"wordCount":3399,"commentCount":0,"publisher":{"@id":"https:\/\/8a.pl\/8academy\/#organization"},"image":{"@id":"https:\/\/8a.pl\/8academy\/nosidelko-turystyczne-deuter-kid-comfort-ii-test\/#primaryimage"},"thumbnailUrl":"https:\/\/8a.pl\/8academy\/wp-content\/uploads\/2016\/05\/deute-air-comfort-0.jpg","keywords":["Ca\u0142oroczne","Test","Trekking"],"articleSection":["Turystyka \/ trekking"],"inLanguage":"pl-PL","potentialAction":[{"@type":"CommentAction","name":"Comment","target":["https:\/\/8a.pl\/8academy\/nosidelko-turystyczne-deuter-kid-comfort-ii-test\/#respond"]}]},{"@type":"WebPage","@id":"https:\/\/8a.pl\/8academy\/nosidelko-turystyczne-deuter-kid-comfort-ii-test\/","url":"https:\/\/8a.pl\/8academy\/nosidelko-turystyczne-deuter-kid-comfort-ii-test\/","name":"Noside\u0142ko turystyczne Deuter Kid Comfort II - test i opinie","isPartOf":{"@id":"https:\/\/8a.pl\/8academy\/#website"},"primaryImageOfPage":{"@id":"https:\/\/8a.pl\/8academy\/nosidelko-turystyczne-deuter-kid-comfort-ii-test\/#primaryimage"},"image":{"@id":"https:\/\/8a.pl\/8academy\/nosidelko-turystyczne-deuter-kid-comfort-ii-test\/#primaryimage"},"thumbnailUrl":"https:\/\/8a.pl\/8academy\/wp-content\/uploads\/2016\/05\/deute-air-comfort-0.jpg","datePublished":"2016-06-01T05:30:41+00:00","dateModified":"2024-05-19T22:09:37+00:00","description":"Czy noside\u0142ko turystyczne Deuter Kid Comfort II to dobry wyb\u00f3r na przemierzanie g\u00f3r z dzieckiem? Przeczytaj o tym w naszym te\u015bcie terenowym.","breadcrumb":{"@id":"https:\/\/8a.pl\/8academy\/nosidelko-turystyczne-deuter-kid-comfort-ii-test\/#breadcrumb"},"inLanguage":"pl-PL","potentialAction":[{"@type":"ReadAction","target":["https:\/\/8a.pl\/8academy\/nosidelko-turystyczne-deuter-kid-comfort-ii-test\/"]}]},{"@type":"ImageObject","inLanguage":"pl-PL","@id":"https:\/\/8a.pl\/8academy\/nosidelko-turystyczne-deuter-kid-comfort-ii-test\/#primaryimage","url":"https:\/\/8a.pl\/8academy\/wp-content\/uploads\/2016\/05\/deute-air-comfort-0.jpg","contentUrl":"https:\/\/8a.pl\/8academy\/wp-content\/uploads\/2016\/05\/deute-air-comfort-0.jpg","width":1400,"height":910,"caption":"Test terenowy nosid\u0142a Deuter Kid Comfort II (fot. autor)"},{"@type":"BreadcrumbList","@id":"https:\/\/8a.pl\/8academy\/nosidelko-turystyczne-deuter-kid-comfort-ii-test\/#breadcrumb","itemListElement":[{"@type":"ListItem","position":1,"name":"Strona g\u0142\u00f3wna","item":"https:\/\/8a.pl\/8academy\/"},{"@type":"ListItem","position":2,"name":"Noside\u0142ko turystyczne Deuter Kid Comfort II &#8211; test w terenie"}]},{"@type":"WebSite","@id":"https:\/\/8a.pl\/8academy\/#website","url":"https:\/\/8a.pl\/8academy\/","name":"8academy.pl - portal g\u00f3rski i wspinaczkowy dla aktywnych","description":"8academy to portal g\u00f3rski o wspinaczce, trekkingu i skiturach. Znajdziesz tu porady, testy sprz\u0119tu i opisy najlepszych rejon\u00f3w. Inspirujemy zdobywc\u00f3w!","publisher":{"@id":"https:\/\/8a.pl\/8academy\/#organization"},"potentialAction":[{"@type":"SearchAction","target":{"@type":"EntryPoint","urlTemplate":"https:\/\/8a.pl\/8academy\/?s={search_term_string}"},"query-input":{"@type":"PropertyValueSpecification","valueRequired":true,"valueName":"search_term_string"}}],"inLanguage":"pl-PL"},{"@type":"Organization","@id":"https:\/\/8a.pl\/8academy\/#organization","name":"8academy.pl - portal g\u00f3rski i wspinaczkowy dla aktywnych","url":"https:\/\/8a.pl\/8academy\/","logo":{"@type":"ImageObject","inLanguage":"pl-PL","@id":"https:\/\/8a.pl\/8academy\/#\/schema\/logo\/image\/","url":"https:\/\/8a.pl\/8academy\/wp-content\/uploads\/2015\/11\/logo.png","contentUrl":"https:\/\/8a.pl\/8academy\/wp-content\/uploads\/2015\/11\/logo.png","width":438,"height":315,"caption":"8academy.pl - portal g\u00f3rski i wspinaczkowy dla aktywnych"},"image":{"@id":"https:\/\/8a.pl\/8academy\/#\/schema\/logo\/image\/"},"sameAs":["https:\/\/pl-pl.facebook.com\/sklep8apl\/","https:\/\/www.instagram.com\/8apl\/"]},{"@type":"Person","@id":"https:\/\/8a.pl\/8academy\/#\/schema\/person\/e16d0c3a355f5f972db477a8a8f239b2","name":"\u0141ukasz Czubak","image":{"@type":"ImageObject","inLanguage":"pl-PL","@id":"https:\/\/8a.pl\/8academy\/#\/schema\/person\/image\/","url":"https:\/\/8a.pl\/8academy\/wp-content\/uploads\/2017\/10\/l.czubak-min.jpg","contentUrl":"https:\/\/8a.pl\/8academy\/wp-content\/uploads\/2017\/10\/l.czubak-min.jpg","caption":"\u0141ukasz Czubak"},"description":"Troch\u0119 chodzi po g\u00f3rach, troch\u0119 je\u017adzi na rowerze, troch\u0119 pisze. Nie wzgardzi Beskidami, cho\u0107 lubi \u0142a\u0144cuchy i ekspozycj\u0119. Nie ma nic przeciwko wypadowi z sakwami, cho\u0107 dobry zjazd i podjazd, zawsze mu po drodze. Na co dzie\u0144 w reklamie, od weekendu poza miastem. Lubi psy, kocha \u015bwi\u0119ty spok\u00f3j, nie znosi siedzenia w miejscu. Pisze o trekkingu, g\u00f3rach, podr\u00f3\u017cach z dzieckiem i czym mu redakcja pozwoli. Autor bloga mountaitravelbike.com","url":"https:\/\/8a.pl\/8academy\/author\/lukasz-czubak\/"}]}},"_links":{"self":[{"href":"https:\/\/8a.pl\/8academy\/wp-json\/wp\/v2\/posts\/4653","targetHints":{"allow":["GET"]}}],"collection":[{"href":"https:\/\/8a.pl\/8academy\/wp-json\/wp\/v2\/posts"}],"about":[{"href":"https:\/\/8a.pl\/8academy\/wp-json\/wp\/v2\/types\/post"}],"author":[{"embeddable":true,"href":"https:\/\/8a.pl\/8academy\/wp-json\/wp\/v2\/users\/3"}],"replies":[{"embeddable":true,"href":"https:\/\/8a.pl\/8academy\/wp-json\/wp\/v2\/comments?post=4653"}],"version-history":[{"count":1,"href":"https:\/\/8a.pl\/8academy\/wp-json\/wp\/v2\/posts\/4653\/revisions"}],"predecessor-version":[{"id":65288,"href":"https:\/\/8a.pl\/8academy\/wp-json\/wp\/v2\/posts\/4653\/revisions\/65288"}],"wp:featuredmedia":[{"embeddable":true,"href":"https:\/\/8a.pl\/8academy\/wp-json\/wp\/v2\/media\/4858"}],"wp:attachment":[{"href":"https:\/\/8a.pl\/8academy\/wp-json\/wp\/v2\/media?parent=4653"}],"wp:term":[{"taxonomy":"category","embeddable":true,"href":"https:\/\/8a.pl\/8academy\/wp-json\/wp\/v2\/categories?post=4653"},{"taxonomy":"post_tag","embeddable":true,"href":"https:\/\/8a.pl\/8academy\/wp-json\/wp\/v2\/tags?post=4653"}],"curies":[{"name":"wp","href":"https:\/\/api.w.org\/{rel}","templated":true}]}}