{"id":4090,"date":"2016-04-23T17:24:14","date_gmt":"2016-04-23T15:24:14","guid":{"rendered":"http:\/\/8a.pl\/8academy\/?p=4090"},"modified":"2024-05-20T00:12:03","modified_gmt":"2024-05-19T22:12:03","slug":"buty-wysokogorskie-zamberlan-karka","status":"publish","type":"post","link":"https:\/\/8a.pl\/8academy\/buty-wysokogorskie-zamberlan-karka\/","title":{"rendered":"Buty wysokog\u00f3rskie Zamberlan Karka \u2013 czy podo\u0142aj\u0105 czterem \u017cywio\u0142om?"},"content":{"rendered":"<p><span style=\"font-weight: 400;\">W poni\u017cszym artykule dziel\u0119 si\u0119 swoj\u0105 opini\u0105 na temat nowych but\u00f3w Zamberlan Karka, kt\u00f3re towarzyszy\u0142y mi ju\u017c w kilku wyprawach, m.in. w ostatniej ekspedycji na Annapurn\u0119 IV, oraz innych modelach but\u00f3w od tej firmy, kt\u00f3rych u\u017cywa\u0142em do tej pory.<\/span><\/p>\n<p><span style=\"font-weight: 400;\">Przez ostatnie kilka lat wspina\u0142em si\u0119 w poprzedniej wersji but\u00f3w Zamberlan Karka &#8211; Denali 6000. By\u0142 to model przeznaczony przez producenta do dzia\u0142alno\u015bci wysokog\u00f3rskiej na poziomie 6000 m n.p.m., a wi\u0119c w terenie, kt\u00f3ry do\u015b\u0107 cz\u0119sto odwiedzam. Przez kilka lat u\u017cytkowania, zd\u0105\u017cy\u0142em przywi\u0105za\u0107 si\u0119 do tego modelu. By\u0142 to but spe\u0142niaj\u0105cy w zasadzie wszystkie moje wymagania. W Denali 6000 wytyczy\u0142em m.in. now\u0105 drog\u0119 na Ziemi Baffina i p\u00f3\u0142nocnej \u015bcianie Trollveggen w Norwegii. Naprawd\u0119 \u015bwietny but, du\u017co razem przeszli\u015bmy, dos\u0142ownie i w przeno\u015bni. Bior\u0105c pod uwag\u0119 fakt, \u017ce model Denali nie jest ju\u017c aktualnie produkowany, przyjrzyjmy si\u0119 lepiej jego nast\u0119pcy.<\/span><\/p>\n<h2 style=\"text-align: center;\"><b>Nadchodzi nowe<\/b><\/h2>\n<p><span style=\"font-weight: 400;\">Nast\u0119pc\u0105 modelu Denali jest <a href=\"https:\/\/8a.pl\/buty-zamberlan-6000-karka-evo-rr-black-orange\" target=\"_blank\" rel=\"noopener noreferrer\">Zamberlan Karka 6000 RR<\/a>. Pocz\u0105tkowo mia\u0142em obawy czy Zamberlan nie pope\u0142ni\u0142 b\u0142\u0119du wypuszczaj\u0105c nowsz\u0105 wersj\u0119, kt\u00f3ra przecie\u017c r\u00f3\u017cni si\u0119 od poprzednika nie tylko detalami wykonania czy kolorem. Budowa buta jest tu zupe\u0142nie inna ni\u017c w Denali. W Karce brak overboota, wykorzystano r\u00f3wnie\u017c inne materia\u0142y i rozwi\u0105zania. Nast\u0119pca Denali jednak nie rozczarowa\u0142 mnie ani troch\u0119. Buty Karka 6000 towarzyszy\u0142y mi ju\u017c podczas kilku wypraw i mia\u0142em okazj\u0119 sprawdzi\u0107 je w r\u00f3\u017cnych warunkach. W zwi\u0105zku z tym, \u017ce sp\u0119dzam w g\u00f3rach \u015bwiata naprawd\u0119 sporo czasu, mia\u0142em ju\u017c okazj\u0119 intensywnie u\u017cywa\u0107 obu modeli, ale tak\u017ce wielu innych <a href=\"https:\/\/8a.pl\/buty-wysokogorskie-meskie\" target=\"_blank\" rel=\"noopener noreferrer\">but\u00f3w wysokog\u00f3rskich<\/a> (nie tylko marki Zamberlan). Jaki jest nowy produkt Zamberlana? Pytacie o pierwsze wra\u017cenia, zalety i wady nowego buta oraz por\u00f3wnanie do poprzednika? Odpowied\u017a poni\u017cej.<\/span><\/p>\n<h2 style=\"text-align: center;\"><b>Zalety but\u00f3w Zamberlan Karka<\/b><\/h2>\n<p><span style=\"font-weight: 400;\">Pocz\u0105tkowo obawia\u0142em si\u0119 braku overboota. W g\u0142\u0119bokim \u015bniegu wysoki overboot zapobiega wpadaniu \u015bniegu pod nogawk\u0119. Poprawia te\u017c termik\u0119 i wentylacj\u0119. Jednak w trakcie mojej ostatniej wyprawy na Annapurn\u0119 IV moje w\u0105tpliwo\u015bci zosta\u0142y rozwiane, a brak overboota wcale mi nie przeszkadza\u0142. Po metrowym opadzie \u015bniegu zmuszeni byli\u015bmy do ci\u0105g\u0142ego torowania. Mija\u0142y godziny ci\u0119\u017ckiego i mozolnego przedzierania si\u0119 przez zaspy \u015bwie\u017cego \u015bniegu. But okaza\u0142 si\u0119 szczelny, a w po\u0142\u0105czeniu z nogawk\u0105 moich spodni membranowych stworzy\u0142 dobr\u0105 samowentyluj\u0105c\u0105 si\u0119 kompozycj\u0119. Warto zwr\u00f3ci\u0107 uwag\u0119, \u017ce g\u00f3rna cz\u0119\u015b\u0107 buta zosta\u0142a wyko\u0144czona mi\u0119kk\u0105 neoprenow\u0105 os\u0142on\u0105 zapobiegaj\u0105c\u0105 przedostawaniu si\u0119 \u015bniegu do \u015brodka buta. Uwa\u017cam, \u017ce takie rozwi\u0105zanie w butach tego typu nie ust\u0119puje klasycznym butom dwucz\u0119\u015bciowym, a nawet ma swoje atuty.<\/span><\/p>\n<div id=\"attachment_4097\" style=\"width: 1010px\" class=\"wp-caption alignnone\"><img fetchpriority=\"high\" decoding=\"async\" aria-describedby=\"caption-attachment-4097\" class=\"wp-image-4097 size-full\" src=\"https:\/\/8a.pl\/8academy\/wp-content\/uploads\/2016\/04\/2015-11-11-10.06.37.jpg\" alt=\"Zamberlan Karka podczas wspinaczki\" width=\"1000\" height=\"650\" srcset=\"https:\/\/8a.pl\/8academy\/wp-content\/uploads\/2016\/04\/2015-11-11-10.06.37.jpg 1000w, https:\/\/8a.pl\/8academy\/wp-content\/uploads\/2016\/04\/2015-11-11-10.06.37-300x195.jpg 300w, https:\/\/8a.pl\/8academy\/wp-content\/uploads\/2016\/04\/2015-11-11-10.06.37-768x499.jpg 768w\" sizes=\"(max-width: 1000px) 100vw, 1000px\" \/><p id=\"caption-attachment-4097\" class=\"wp-caption-text\">Karka w akcji (fot. autor)<\/p><\/div>\n<p><span style=\"font-weight: 400;\">Buty Karka dzi\u0119ki mocnemu wi\u0105zaniu i do\u015b\u0107 sztywnej konstrukcji bardzo mocno trzymaj\u0105 kostk\u0119 co poprawia wygod\u0119 i bezpiecze\u0144stwo. <\/span><span style=\"font-weight: 400;\">Wyposa\u017cono je w zaawansowany system sznurowania, kt\u00f3ry sk\u0142ada si\u0119 z mocnych zaczep\u00f3w. Z kolei doln\u0105 cz\u0119\u015b\u0107 mo\u017cna niezale\u017cnie wyregulowa\u0107 specjalnymi blokadami z z\u0105bkami, kt\u00f3re odpowiadaj\u0105 za nie poluzowywanie si\u0119 sznur\u00f3wek.<\/span><\/p>\n<p><span style=\"font-weight: 400;\">Elementem konstrukcji buta, kt\u00f3ry ja doceniam najbardziej, jest jego sztywno\u015b\u0107- pomog\u0142a mi w trakcie wspinaczki na trudnych wyci\u0105gach na p\u00f3\u0142nocnej \u015bcianie Trollveggen. Warunki atmosferyczne, ogrom przedsi\u0119wzi\u0119cia oraz trudno\u015bci techniczne z jakimi przysz\u0142o mi si\u0119 tam mierzy\u0107, nie pozostawiaj\u0105 w\u0105tpliwo\u015bci: Karki doskonale nadaj\u0105 si\u0119 w\u0142a\u015bnie do tego typu dzia\u0142alno\u015bci g\u00f3rskiej. W mojej opinii, s\u0105 idealnym kompromisem pomi\u0119dzy odpowiedni\u0105 termik\u0105, sztywno\u015bci\u0105, komfortem i wag\u0105. Warto w tym miejscu wspomnie\u0107 o kilku technicznych rozwi\u0105zaniach zastosowanych w tym modelu. Cholewka wykonana jest w wi\u0119kszo\u015bci z materia\u0142u o zwi\u0119kszonej odporno\u015bci na przetarcia czy rozci\u0119cia, a jednocze\u015bnie jest elastyczna, co pozwala na optymalne dopasowanie buta do stopy. Dolna partia buta wzmocniona zosta\u0142a pe\u0142nym otokiem z wytrzyma\u0142ej gumy.<\/span><\/p>\n<div id=\"attachment_4096\" style=\"width: 1010px\" class=\"wp-caption alignnone\"><img decoding=\"async\" aria-describedby=\"caption-attachment-4096\" class=\"wp-image-4096 size-full\" src=\"https:\/\/8a.pl\/8academy\/wp-content\/uploads\/2016\/04\/2015-11-11-10.06.06.jpg\" alt=\"Zamberlan Karka - na \u015bcianie, w po\u0142\u0105czeniu z rakami\" width=\"1000\" height=\"650\" srcset=\"https:\/\/8a.pl\/8academy\/wp-content\/uploads\/2016\/04\/2015-11-11-10.06.06.jpg 1000w, https:\/\/8a.pl\/8academy\/wp-content\/uploads\/2016\/04\/2015-11-11-10.06.06-300x195.jpg 300w, https:\/\/8a.pl\/8academy\/wp-content\/uploads\/2016\/04\/2015-11-11-10.06.06-768x499.jpg 768w\" sizes=\"(max-width: 1000px) 100vw, 1000px\" \/><p id=\"caption-attachment-4096\" class=\"wp-caption-text\">Karki s\u0105 idealne na trudne warunki (fot. autor)<\/p><\/div>\n<p><span style=\"font-weight: 400;\">Waga Karki jest r\u00f3wnie\u017c jednym z atut\u00f3w tych but\u00f3w. Wydaj\u0105 si\u0119 l\u017cejsze ni\u017c buty konkurencji i poprzedni model Zamberlana. Nie wiem czy sta\u0142o si\u0119 to za spraw\u0105 mniej skomplikowanej konstrukcji, braku overboota, czy zaawansowanych materia\u0142\u00f3w. Jednak, na szcz\u0119\u015bcie, walka o ka\u017cdy gram nie zosta\u0142a posuni\u0119ta do granic absurdu. To zdarza si\u0119 cz\u0119sto w przypadku sprz\u0119tu wspinaczkowego, plecak\u00f3w, but\u00f3w podej\u015bciowych czy biegowych. Najcz\u0119\u015bciej cierpi na tym wytrzyma\u0142o\u015b\u0107 i \u017cywotno\u015b\u0107. Zamberlan nie dopu\u015bci\u0142, nawet w najmniejszym stopniu do obni\u017cenia jako\u015bci czy wytrzyma\u0142o\u015bci materia\u0142\u00f3w. Karki s\u0105 pancerne, podobnie jak ich poprzednik \u2013 Denali 6000, a jednocze\u015bnie l\u017cejsze &#8211; wa\u017c\u0105 oko\u0142o 2668 g dla rozmiaru 42<\/span><span style=\"font-weight: 400;\">.<\/span><\/p>\n<h2 style=\"text-align: center;\"><b>Kilka s\u0142\u00f3w od Janusza Go\u0142\u0105ba<\/b><\/h2>\n<p><span style=\"font-weight: 400;\">O butach Zamberlan Karka rozmawia\u0142em z Januszem Go\u0142\u0119biem. Ma za sob\u0105 do\u015bwiadczenie w u\u017cytkowaniu wielu r\u00f3\u017cnych modeli (przeczyta\u0107 o tym mo\u017cna w artykule Janusza <\/span>,,<a href=\"https:\/\/8a.pl\/8academy\/historia-butow-wysokogorskich\/\" target=\"_blank\" rel=\"noopener noreferrer\"><em>Historia but\u00f3w wysokog\u00f3rskich<\/em><\/a>\u201d)<span style=\"font-weight: 400;\">. Oto co mi powiedzia\u0142 o Karce:<\/span><\/p>\n<p><span style=\"font-weight: 400;\">,,U\u017cywa\u0142em modelu Karka i bardzo go sobie chwal\u0119. Moj\u0105 uwag\u0119 szczeg\u00f3lnie przyku\u0142o wyj\u0105tkowo dobre dopasowanie pi\u0119ty wewn\u0119trznej, a tak\u017ce ca\u0142e wyprofilowanie buta. Wypr\u00f3bowa\u0142em ju\u017c sporo modeli, ale d\u0142ugo szuka\u0142em buta, kt\u00f3ry by\u0142by dla mnie tak wygodny i uniwersalny jak Karka. Buty marki <a href=\"https:\/\/8a.pl\/zamberlan\">Zamberlan<\/a> zapewniaj\u0105 bardzo wysoki poziom komfortu, nawet przy bardzo d\u0142ugich podej\u015bciach z du\u017cym obci\u0105\u017ceniem. Podeszwa Karki jest wytrzyma\u0142a, dobrze absorbuje uderzenia, \u015bwietnie amortyzuje, zapewnia dobr\u0105 przyczepno\u015b\u0107 na mokrych kamieniach, a wraz z gumowym otokiem tworzy co\u015b na kszta\u0142t ,,niezniszczalnego pancerza\u201d. Nie mam r\u00f3wnie\u017c \u017cadnych zastrze\u017ce\u0144 co do termiki czy nieprzemakalno\u015bci buta. Warto doda\u0107, \u017ce buty \u015bwietnie sprawdz\u0105 si\u0119 w duecie z <\/span>automatycznymi rakami<span style=\"font-weight: 400;\">.\u201d Zgadzam si\u0119 z Januszem w stu procentach.<\/span><\/p>\n<div id=\"attachment_4142\" style=\"width: 1002px\" class=\"wp-caption alignnone\"><img decoding=\"async\" aria-describedby=\"caption-attachment-4142\" class=\"wp-image-4142 size-full\" src=\"https:\/\/8a.pl\/8academy\/wp-content\/uploads\/2016\/04\/IMG_8843-1.jpg\" alt=\"Zamberlan Karka to but wygodny i uniwersalny\" width=\"992\" height=\"650\" srcset=\"https:\/\/8a.pl\/8academy\/wp-content\/uploads\/2016\/04\/IMG_8843-1.jpg 992w, https:\/\/8a.pl\/8academy\/wp-content\/uploads\/2016\/04\/IMG_8843-1-300x197.jpg 300w, https:\/\/8a.pl\/8academy\/wp-content\/uploads\/2016\/04\/IMG_8843-1-768x503.jpg 768w\" sizes=\"(max-width: 992px) 100vw, 992px\" \/><p id=\"caption-attachment-4142\" class=\"wp-caption-text\">Zamberlan Karka to but wygodny i uniwersalny- zgodnie podkre\u015blaj\u0105 Marcin Tomaszewski i Janusz Go\u0142\u0105b (fot. 8a.pl)<\/p><\/div>\n<h2 style=\"text-align: center;\"><b>Podsumowanie<\/b><\/h2>\n<p><span style=\"font-weight: 400;\">Wiatr, zimno, woda, tropik&#8230; To w\u0142a\u015bnie takie warunki drastycznie zmieniaj\u0105 oblicze g\u00f3rskich \u015bcian, kt\u00f3re czasem staj\u0105 si\u0119 pu\u0142apk\u0105 bez wyj\u015bcia &#8211; bez szansy na dalsz\u0105 wspinaczk\u0119, ale czasem i bez szansy na szcz\u0119\u015bliwe zej\u015bcie ze \u015bciany. W przeci\u0105gu ostatnich lat technologia pozwoli\u0142a nam odpowiednio przygotowa\u0107 si\u0119 do zmaga\u0144 z \u017cywio\u0142em. Buty Zamberlan Karka 6000 s\u0105 na to \u017cywym dowodem. Podsumowuj\u0105c: na pewno zabieram je ze sob\u0105 na kolejn\u0105 wypraw\u0119.<\/span><\/p>\n<table style=\"height: 252px;\" width=\"652\">\n<thead>\n<tr>\n<td>Plusy<\/td>\n<td>Minusy<\/td>\n<\/tr>\n<\/thead>\n<tbody>\n<tr>\n<td>+ dobra termika i wentylacja buta<\/td>\n<td>&#8211; buty do\u015b\u0107 trudno si\u0119 zak\u0142ada<\/td>\n<\/tr>\n<tr>\n<td>+ zastosowane rozwi\u0105zania i technologie<\/td>\n<td>&#8211; niekt\u00f3rym mo\u017ce przeszkadza\u0107 brak overboota<\/td>\n<\/tr>\n<tr>\n<td>+ wygoda i uniwersalno\u015b\u0107 buta<\/td>\n<td>&#8211; nieprzyzwyczajonym buty mog\u0105 wydawa\u0107 si\u0119 zbyt sztywne<\/td>\n<\/tr>\n<tr>\n<td>+ waga but\u00f3w<\/td>\n<td><\/td>\n<\/tr>\n<\/tbody>\n<\/table>\n<table style=\"height: 256px;\" width=\"716\">\n<thead>\n<tr>\n<td colspan=\"2\">Specyfikacja techniczna<\/td>\n<\/tr>\n<\/thead>\n<tbody>\n<tr>\n<td>cholewka<\/td>\n<td>materia\u0142 Superfabric, mikrofibra (formowana w technologia F.W.S &#8211; Foot Wrapping System)<\/td>\n<\/tr>\n<tr>\n<td>kr\u00f3j<\/td>\n<td>wysokie<\/td>\n<\/tr>\n<tr>\n<td>otok<\/td>\n<td>pe\u0142ny otok 360\u00b0 (technologia Rubber Reinforcement System)<\/td>\n<\/tr>\n<tr>\n<td>podeszwa<\/td>\n<td>Vibram Tenton + Zamberlan PCS<\/td>\n<\/tr>\n<tr>\n<td>podszewka<\/td>\n<td>materia\u0142<\/td>\n<\/tr>\n<tr>\n<td>raki automatyczne i p\u00f3\u0142automatyczne<\/td>\n<td>mo\u017cliwo\u015b\u0107 stosowania (PCS system mocowania rak\u00f3w automatycznych)<\/td>\n<\/tr>\n<tr>\n<td>\u015br\u00f3dpodeszwa<\/td>\n<td>pianka PU potr\u00f3jnej g\u0119sto\u015bci<\/td>\n<\/tr>\n<tr>\n<td>waga<\/td>\n<td>ok. 2668 g (dla pary rozmiaru 42)<\/td>\n<\/tr>\n<\/tbody>\n<\/table>\n<p><strong>Autor:\u00a0Marcin \u201eYeti\u201d Tomaszewski &#8211; wspinacz, alpinista, autor g\u00f3rskiego projektu 4 \u017bywio\u0142y, na swoim koncie ma wiele\u00a0wielko\u015bcianowych\u00a0przej\u015b\u0107 \u00a0na ca\u0142ym \u015bwiecie .<\/strong><\/p>\n","protected":false},"excerpt":{"rendered":"<p>Buty w g\u00f3rach to rzecz podstawowa. Dobre buty zapewniaj\u0105 w\u0142a\u015bciw\u0105 ochron\u0119 przed otarciami, zimnem, wilgoci\u0105 oraz komfort. Czym wy\u017cej, tym wi\u0119ksz\u0105 rol\u0119 odgrywa odpowiednie obuwie. W g\u00f3rach wysokich, na poziomie 6000 m n.p.m., dobry but to kwestia \u201eby\u0107 albo nie by\u0107\u201d. Kt\u00f3ry model najlepiej sprawdzi si\u0119 w tak ekstremalnych warunkach? Postanowili\u015bmy zapyta\u0107 eksperta- Marcina \u201eYeti\u201d Tomaszewskiego- autora g\u00f3rskiego projektu 4 \u017bywio\u0142y oraz wielu wymagaj\u0105cych przej\u015b\u0107 wielkich \u015bcian na ca\u0142ym \u015bwiecie .<\/p>\n","protected":false},"author":7,"featured_media":16152,"comment_status":"open","ping_status":"open","sticky":false,"template":"","format":"standard","meta":{"_acf_changed":false,"_uf_show_specific_survey":0,"_uf_disable_surveys":false,"footnotes":""},"categories":[26071],"tags":[26086,26078,26084],"class_list":["post-4090","post","type-post","status-publish","format-standard","has-post-thumbnail","hentry","category-alpinizm","tag-alpinizm","tag-test","tag-zima"],"acf":[],"yoast_head":"<!-- This site is optimized with the Yoast SEO Premium plugin v23.4 (Yoast SEO v25.5) - https:\/\/yoast.com\/wordpress\/plugins\/seo\/ -->\n<title>Buty wysokog\u00f3rskie Zamberlan Karka \u2013 czy podo\u0142aj\u0105 czterem \u017cywio\u0142om? | 8academy<\/title>\n<meta name=\"description\" content=\"Marcin \u201eYeti\u201d Tomaszewski odby\u0142 ju\u017c kilka wypraw, m.in. na Annapurn\u0119 IV, w nowych butach Zamberlan Karka. Przeczytaj, jakie s\u0105 jego wra\u017cenia.\" \/>\n<meta name=\"robots\" content=\"index, follow, max-snippet:-1, max-image-preview:large, max-video-preview:-1\" \/>\n<link rel=\"canonical\" href=\"https:\/\/8a.pl\/8academy\/buty-wysokogorskie-zamberlan-karka\/\" \/>\n<meta property=\"og:locale\" content=\"pl_PL\" \/>\n<meta property=\"og:type\" content=\"article\" \/>\n<meta property=\"og:title\" content=\"Buty wysokog\u00f3rskie Zamberlan Karka \u2013 czy podo\u0142aj\u0105 czterem \u017cywio\u0142om?\" \/>\n<meta property=\"og:description\" content=\"Marcin \u201eYeti\u201d Tomaszewski odby\u0142 ju\u017c kilka wypraw, m.in. na Annapurn\u0119 IV, w nowych butach Zamberlan Karka. Przeczytaj, jakie s\u0105 jego wra\u017cenia.\" \/>\n<meta property=\"og:url\" content=\"https:\/\/8a.pl\/8academy\/buty-wysokogorskie-zamberlan-karka\/\" \/>\n<meta property=\"og:site_name\" content=\"8academy.pl - portal g\u00f3rski i wspinaczkowy dla aktywnych\" \/>\n<meta property=\"article:publisher\" content=\"https:\/\/pl-pl.facebook.com\/sklep8apl\/\" \/>\n<meta property=\"article:published_time\" content=\"2016-04-23T15:24:14+00:00\" \/>\n<meta property=\"article:modified_time\" content=\"2024-05-19T22:12:03+00:00\" \/>\n<meta property=\"og:image\" content=\"http:\/\/8a.pl\/8academy\/wp-content\/uploads\/2016\/04\/IMG_8862-1.jpg\" \/>\n\t<meta property=\"og:image:width\" content=\"1100\" \/>\n\t<meta property=\"og:image:height\" content=\"715\" \/>\n\t<meta property=\"og:image:type\" content=\"image\/jpeg\" \/>\n<meta name=\"author\" content=\"Redakcja 8Academy\" \/>\n<meta name=\"twitter:card\" content=\"summary_large_image\" \/>\n<meta name=\"twitter:label1\" content=\"Napisane przez\" \/>\n\t<meta name=\"twitter:data1\" content=\"Redakcja 8Academy\" \/>\n\t<meta name=\"twitter:label2\" content=\"Szacowany czas czytania\" \/>\n\t<meta name=\"twitter:data2\" content=\"6 minut\" \/>\n<!-- \/ Yoast SEO Premium plugin. -->","yoast_head_json":{"title":"Buty wysokog\u00f3rskie Zamberlan Karka \u2013 czy podo\u0142aj\u0105 czterem \u017cywio\u0142om? | 8academy","description":"Marcin \u201eYeti\u201d Tomaszewski odby\u0142 ju\u017c kilka wypraw, m.in. na Annapurn\u0119 IV, w nowych butach Zamberlan Karka. Przeczytaj, jakie s\u0105 jego wra\u017cenia.","robots":{"index":"index","follow":"follow","max-snippet":"max-snippet:-1","max-image-preview":"max-image-preview:large","max-video-preview":"max-video-preview:-1"},"canonical":"https:\/\/8a.pl\/8academy\/buty-wysokogorskie-zamberlan-karka\/","og_locale":"pl_PL","og_type":"article","og_title":"Buty wysokog\u00f3rskie Zamberlan Karka \u2013 czy podo\u0142aj\u0105 czterem \u017cywio\u0142om?","og_description":"Marcin \u201eYeti\u201d Tomaszewski odby\u0142 ju\u017c kilka wypraw, m.in. na Annapurn\u0119 IV, w nowych butach Zamberlan Karka. Przeczytaj, jakie s\u0105 jego wra\u017cenia.","og_url":"https:\/\/8a.pl\/8academy\/buty-wysokogorskie-zamberlan-karka\/","og_site_name":"8academy.pl - portal g\u00f3rski i wspinaczkowy dla aktywnych","article_publisher":"https:\/\/pl-pl.facebook.com\/sklep8apl\/","article_published_time":"2016-04-23T15:24:14+00:00","article_modified_time":"2024-05-19T22:12:03+00:00","og_image":[{"width":1100,"height":715,"url":"http:\/\/8a.pl\/8academy\/wp-content\/uploads\/2016\/04\/IMG_8862-1.jpg","type":"image\/jpeg"}],"author":"Redakcja 8Academy","twitter_card":"summary_large_image","twitter_misc":{"Napisane przez":"Redakcja 8Academy","Szacowany czas czytania":"6 minut"},"schema":{"@context":"https:\/\/schema.org","@graph":[{"@type":"Article","@id":"https:\/\/8a.pl\/8academy\/buty-wysokogorskie-zamberlan-karka\/#article","isPartOf":{"@id":"https:\/\/8a.pl\/8academy\/buty-wysokogorskie-zamberlan-karka\/"},"author":{"name":"Redakcja 8Academy","@id":"https:\/\/8a.pl\/8academy\/#\/schema\/person\/2e392153a51786e6c3d5ede231b5d2a4"},"headline":"Buty wysokog\u00f3rskie Zamberlan Karka \u2013 czy podo\u0142aj\u0105 czterem \u017cywio\u0142om?","datePublished":"2016-04-23T15:24:14+00:00","dateModified":"2024-05-19T22:12:03+00:00","mainEntityOfPage":{"@id":"https:\/\/8a.pl\/8academy\/buty-wysokogorskie-zamberlan-karka\/"},"wordCount":1247,"commentCount":0,"publisher":{"@id":"https:\/\/8a.pl\/8academy\/#organization"},"image":{"@id":"https:\/\/8a.pl\/8academy\/buty-wysokogorskie-zamberlan-karka\/#primaryimage"},"thumbnailUrl":"https:\/\/8a.pl\/8academy\/wp-content\/uploads\/2016\/04\/IMG_8862-1.jpg","keywords":["Alpinizm","Test","Zima"],"articleSection":["Alpinizm"],"inLanguage":"pl-PL","potentialAction":[{"@type":"CommentAction","name":"Comment","target":["https:\/\/8a.pl\/8academy\/buty-wysokogorskie-zamberlan-karka\/#respond"]}]},{"@type":"WebPage","@id":"https:\/\/8a.pl\/8academy\/buty-wysokogorskie-zamberlan-karka\/","url":"https:\/\/8a.pl\/8academy\/buty-wysokogorskie-zamberlan-karka\/","name":"Buty wysokog\u00f3rskie Zamberlan Karka \u2013 czy podo\u0142aj\u0105 czterem \u017cywio\u0142om? | 8academy","isPartOf":{"@id":"https:\/\/8a.pl\/8academy\/#website"},"primaryImageOfPage":{"@id":"https:\/\/8a.pl\/8academy\/buty-wysokogorskie-zamberlan-karka\/#primaryimage"},"image":{"@id":"https:\/\/8a.pl\/8academy\/buty-wysokogorskie-zamberlan-karka\/#primaryimage"},"thumbnailUrl":"https:\/\/8a.pl\/8academy\/wp-content\/uploads\/2016\/04\/IMG_8862-1.jpg","datePublished":"2016-04-23T15:24:14+00:00","dateModified":"2024-05-19T22:12:03+00:00","description":"Marcin \u201eYeti\u201d Tomaszewski odby\u0142 ju\u017c kilka wypraw, m.in. na Annapurn\u0119 IV, w nowych butach Zamberlan Karka. Przeczytaj, jakie s\u0105 jego wra\u017cenia.","breadcrumb":{"@id":"https:\/\/8a.pl\/8academy\/buty-wysokogorskie-zamberlan-karka\/#breadcrumb"},"inLanguage":"pl-PL","potentialAction":[{"@type":"ReadAction","target":["https:\/\/8a.pl\/8academy\/buty-wysokogorskie-zamberlan-karka\/"]}]},{"@type":"ImageObject","inLanguage":"pl-PL","@id":"https:\/\/8a.pl\/8academy\/buty-wysokogorskie-zamberlan-karka\/#primaryimage","url":"https:\/\/8a.pl\/8academy\/wp-content\/uploads\/2016\/04\/IMG_8862-1.jpg","contentUrl":"https:\/\/8a.pl\/8academy\/wp-content\/uploads\/2016\/04\/IMG_8862-1.jpg","width":1100,"height":715},{"@type":"BreadcrumbList","@id":"https:\/\/8a.pl\/8academy\/buty-wysokogorskie-zamberlan-karka\/#breadcrumb","itemListElement":[{"@type":"ListItem","position":1,"name":"Strona g\u0142\u00f3wna","item":"https:\/\/8a.pl\/8academy\/"},{"@type":"ListItem","position":2,"name":"Buty wysokog\u00f3rskie Zamberlan Karka \u2013 czy podo\u0142aj\u0105 czterem \u017cywio\u0142om?"}]},{"@type":"WebSite","@id":"https:\/\/8a.pl\/8academy\/#website","url":"https:\/\/8a.pl\/8academy\/","name":"8academy.pl - portal g\u00f3rski i wspinaczkowy dla aktywnych","description":"8academy to portal g\u00f3rski o wspinaczce, trekkingu i skiturach. Znajdziesz tu porady, testy sprz\u0119tu i opisy najlepszych rejon\u00f3w. Inspirujemy zdobywc\u00f3w!","publisher":{"@id":"https:\/\/8a.pl\/8academy\/#organization"},"potentialAction":[{"@type":"SearchAction","target":{"@type":"EntryPoint","urlTemplate":"https:\/\/8a.pl\/8academy\/?s={search_term_string}"},"query-input":{"@type":"PropertyValueSpecification","valueRequired":true,"valueName":"search_term_string"}}],"inLanguage":"pl-PL"},{"@type":"Organization","@id":"https:\/\/8a.pl\/8academy\/#organization","name":"8academy.pl - portal g\u00f3rski i wspinaczkowy dla aktywnych","url":"https:\/\/8a.pl\/8academy\/","logo":{"@type":"ImageObject","inLanguage":"pl-PL","@id":"https:\/\/8a.pl\/8academy\/#\/schema\/logo\/image\/","url":"https:\/\/8a.pl\/8academy\/wp-content\/uploads\/2015\/11\/logo.png","contentUrl":"https:\/\/8a.pl\/8academy\/wp-content\/uploads\/2015\/11\/logo.png","width":438,"height":315,"caption":"8academy.pl - portal g\u00f3rski i wspinaczkowy dla aktywnych"},"image":{"@id":"https:\/\/8a.pl\/8academy\/#\/schema\/logo\/image\/"},"sameAs":["https:\/\/pl-pl.facebook.com\/sklep8apl\/","https:\/\/www.instagram.com\/8apl\/"]},{"@type":"Person","@id":"https:\/\/8a.pl\/8academy\/#\/schema\/person\/2e392153a51786e6c3d5ede231b5d2a4","name":"Redakcja 8Academy","image":{"@type":"ImageObject","inLanguage":"pl-PL","@id":"https:\/\/8a.pl\/8academy\/#\/schema\/person\/image\/","url":"https:\/\/8a.pl\/8academy\/wp-content\/uploads\/2017\/10\/logo_obrobione_2_150_59ICJ.jpg","contentUrl":"https:\/\/8a.pl\/8academy\/wp-content\/uploads\/2017\/10\/logo_obrobione_2_150_59ICJ.jpg","caption":"Redakcja 8Academy"},"url":"https:\/\/8a.pl\/8academy\/author\/redakcja\/"}]}},"_links":{"self":[{"href":"https:\/\/8a.pl\/8academy\/wp-json\/wp\/v2\/posts\/4090","targetHints":{"allow":["GET"]}}],"collection":[{"href":"https:\/\/8a.pl\/8academy\/wp-json\/wp\/v2\/posts"}],"about":[{"href":"https:\/\/8a.pl\/8academy\/wp-json\/wp\/v2\/types\/post"}],"author":[{"embeddable":true,"href":"https:\/\/8a.pl\/8academy\/wp-json\/wp\/v2\/users\/7"}],"replies":[{"embeddable":true,"href":"https:\/\/8a.pl\/8academy\/wp-json\/wp\/v2\/comments?post=4090"}],"version-history":[{"count":1,"href":"https:\/\/8a.pl\/8academy\/wp-json\/wp\/v2\/posts\/4090\/revisions"}],"predecessor-version":[{"id":69392,"href":"https:\/\/8a.pl\/8academy\/wp-json\/wp\/v2\/posts\/4090\/revisions\/69392"}],"wp:featuredmedia":[{"embeddable":true,"href":"https:\/\/8a.pl\/8academy\/wp-json\/wp\/v2\/media\/16152"}],"wp:attachment":[{"href":"https:\/\/8a.pl\/8academy\/wp-json\/wp\/v2\/media?parent=4090"}],"wp:term":[{"taxonomy":"category","embeddable":true,"href":"https:\/\/8a.pl\/8academy\/wp-json\/wp\/v2\/categories?post=4090"},{"taxonomy":"post_tag","embeddable":true,"href":"https:\/\/8a.pl\/8academy\/wp-json\/wp\/v2\/tags?post=4090"}],"curies":[{"name":"wp","href":"https:\/\/api.w.org\/{rel}","templated":true}]}}