{"id":37445,"date":"2020-04-15T20:23:11","date_gmt":"2020-04-15T18:23:11","guid":{"rendered":"https:\/\/8a.pl\/8academy\/?p=37445"},"modified":"2024-04-08T15:40:12","modified_gmt":"2024-04-08T13:40:12","slug":"jak-dbac-o-odziez-z-membrana","status":"publish","type":"post","link":"https:\/\/8a.pl\/8academy\/jak-dbac-o-odziez-z-membrana\/","title":{"rendered":"Jak dba\u0107 o odzie\u017c z membran\u0105?"},"content":{"rendered":"\n<p class=\"wp-block-paragraph\">Bo trzeba wiedzie\u0107, \u017ce wcze\u015bniej lub p\u00f3\u017aniej nadejdzie ten czas, gdy kurtka albo spodnie uzbrojone w laminat b\u0119d\u0105 wymaga\u0107 naszej interwencji. W niniejszym artykule przedstawimy gar\u015b\u0107 porad na temat tego, jak dba\u0107 o odzie\u017c z membran\u0105, by ta mog\u0142a nam s\u0142u\u017cy\u0107 d\u0142u\u017cej, bez utraty swych cennych w\u0142a\u015bciwo\u015bci.<\/p>\n\n\n\n<h2 class=\"wp-block-heading\" id=\"h-o-co-chodzi-z-ta-membrana\">O co chodzi z t\u0105 membran\u0105?<\/h2>\n\n\n\n<p class=\"wp-block-paragraph\">Ale zacznijmy od podstaw, czyli tego co wyr\u00f3\u017cnia odzie\u017c, o kt\u00f3rej jest tu mowa. Rzeczona membrana, to pow\u0142oka ze specjalnego tworzywa. Najcz\u0119\u015bciej znajduje si\u0119 ona mi\u0119dzy materia\u0142em zewn\u0119trznym a podszewk\u0105 (a w lekkich kurtkach z laminatem &#8220;2,5 L&#8221;: warstw\u0105 ochronn\u0105). Od niedawna marki outdoorowe proponuj\u0105 te\u017c nowe rozwi\u0105zanie. W odzie\u017cy posiadaj\u0105cej innowacyjn\u0105 membran\u0119 <a rel=\"noreferrer noopener\" aria-label=\"laminaty z rodziny GORE-TEX SHAKEDRY (opens in a new tab)\" href=\"https:\/\/8a.pl\/gore-tex-shakedry\" target=\"_blank\">GORE-TEX SHAKEDRY<\/a> zrezygnowano z zewn\u0119trznego materia\u0142u, wi\u0119c nasza membrana wkroczy\u0142a niejako na pierwszy plan.<\/p>\n\n\n\n<p class=\"wp-block-paragraph\">Jak\u0105 funkcj\u0119 pe\u0142ni ten dodatek? Ot\u00f3\u017c na powierzchni membrany znajduje si\u0119 wiele mikroskopijnych otwor\u00f3w, kt\u00f3re nazywane s\u0105 mikroporami. S\u0105 one tak ma\u0142e, \u017ce nie przeci\u015bnie si\u0119 przeze\u0144 kropla wody, a jednocze\u015bnie na tyle du\u017ce, \u017ce mog\u0105 przedosta\u0107 si\u0119 przez nie cz\u0105steczki pary wodnej. To idealny uk\u0142ad, je\u015bli my\u015blimy o tym, by odzie\u017c, kt\u00f3ra skutecznie chroni nas przed deszczem, zapewnia\u0142a r\u00f3wnocze\u015bnie dobr\u0105 oddychalno\u015b\u0107.<\/p>\n\n\n\n<p class=\"wp-block-paragraph\"><\/p>\n\n\n\n<figure class=\"wp-block-image\"><img fetchpriority=\"high\" decoding=\"async\" width=\"1000\" height=\"650\" src=\"https:\/\/8a.pl\/8academy\/wp-content\/uploads\/2020\/04\/5-jak-dbac-o-membrane.jpg\" alt=\"membrana gore-tex\" class=\"wp-image-37600\" srcset=\"https:\/\/8a.pl\/8academy\/wp-content\/uploads\/2020\/04\/5-jak-dbac-o-membrane.jpg 1000w, https:\/\/8a.pl\/8academy\/wp-content\/uploads\/2020\/04\/5-jak-dbac-o-membrane-300x195.jpg 300w, https:\/\/8a.pl\/8academy\/wp-content\/uploads\/2020\/04\/5-jak-dbac-o-membrane-768x499.jpg 768w\" sizes=\"(max-width: 1000px) 100vw, 1000px\" \/><figcaption class=\"wp-element-caption\">Dzi\u0119ki membranie, nawet gdy aura nas nie rozpieszcza, nie rezygnujemy z aktywno\u015bci (fot. 8academy)<\/figcaption><\/figure>\n\n\n\n<p class=\"wp-block-paragraph\">Dzi\u0119ki membranie sta\u0142o si\u0119 wi\u0119c mo\u017cliwe pogodzenie ze sob\u0105 parametr\u00f3w, znajduj\u0105cych si\u0119 na dw\u00f3ch odleg\u0142ych biegunach. Trzeba jednak zaznaczy\u0107, \u017ce w odzie\u017cy membranowej oddychalno\u015b\u0107 nie przebiega w pe\u0142ni swobodnie. Ograniczeniem jest przepustowo\u015b\u0107 wspomnianych tu, mikroskopijnych otwor\u00f3w.<\/p>\n\n\n\n<h2 class=\"wp-block-heading\" id=\"h-nie-tylko-wodoodpornosc\">Nie tylko wodoodporno\u015b\u0107<\/h2>\n\n\n\n<p class=\"wp-block-paragraph\">Wkr\u00f3tce po tym, jak Bill Gore przedstawi\u0142 \u015bwiatu nowy materia\u0142, zainteresowa\u0142y si\u0119 nim marki produkuj\u0105ce odzie\u017c g\u00f3rsk\u0105. Membrana wykorzystywana by\u0142a do produkcji ubra\u0144 przeciwdeszczowych. Na przestrzeni lat patent ten by\u0142 dosy\u0107 intensywnie rozwijany, czego efektem jest pojawienie si\u0119 na rynku nowych wersji laminatu.<\/p>\n\n\n\n<p class=\"wp-block-paragraph\">Dzi\u015b poj\u0119cie \u201codzie\u017c z membran\u0105\u201d nie jest ju\u017c zarezerwowane jedynie dla ubra\u0144 chroni\u0105cych przed wod\u0105. W tej kategorii znajdziemy te\u017c modele wyposa\u017cone w laminaty, kt\u00f3re maj\u0105 inny priorytet. Oczekuje si\u0119 od nich, \u017ce zapewni\u0105 nam nieprzewiewno\u015b\u0107 przy mo\u017cliwie najlepszej oddychalno\u015bci (przyk\u0142ad: rodzina produkt\u00f3w <a rel=\"noreferrer noopener\" aria-label=\"GORE-TEX\u00ae INFINIUM\u2122 WINDSTOPPER\u00ae (opens in a new tab)\" href=\"https:\/\/8a.pl\/gore-tex-infinium-windstopper\" target=\"_blank\">GORE-TEX\u00ae INFINIUM\u2122 WINDSTOPPER\u00ae<\/a>).<\/p>\n\n\n\n<p class=\"wp-block-paragraph\">Cz\u0119sto s\u0105 one stosowane w <a aria-label=\"odzie\u017cy softshellowej (opens in a new tab)\" rel=\"noreferrer noopener\" href=\"https:\/\/8a.pl\/odziez-softshell\" target=\"_blank\">odzie\u017cy softshellowej<\/a>, a precyzyjniej m\u00f3wi\u0105c w softshellach z membran\u0105. Takie ubrania z definicji maj\u0105 chroni\u0107 przed porywistymi podmuchami, kt\u00f3re uprzykrzaj\u0105 nam \u017cycie du\u017co cz\u0119\u015bciej ni\u017c sam deszcz. Dzi\u0119ki lepszej oddychalno\u015bci s\u0105 te\u017c ch\u0119tnie wybierane przez osoby przemierzaj\u0105ce szlaki nieco szybszym krokiem. Je\u015bli jednak trafimy na ulew\u0119, mog\u0105 nie zapobiec zmokni\u0119ciu.<\/p>\n\n\n\n<h3 class=\"wp-block-heading\" id=\"h-dwa-swiaty-gore-tex\">Dwa \u015bwiaty GORE-TEX\u00ae<\/h3>\n\n\n\n<p class=\"wp-block-paragraph\">\u015awiat membran ju\u017c jaki\u015b czas temu podzieli\u0142 si\u0119 na dwie odr\u0119bne kategorie, kt\u00f3rych rozw\u00f3j przybra\u0142 nieco inne kierunki. Ten trend najlepiej zilustruje klasyfikacja wprowadzona przez mark\u0119 W.L. Gore &amp; Associates \u2013 producenta s\u0142ynnych membran ze znaczkiem GORE-TEX\u00ae.<\/p>\n\n\n\n<p class=\"wp-block-paragraph\">W roku 2018 wyroby tej marki zacz\u0119\u0142y by\u0107 dzielone na dwie grupy. Membrany, kt\u00f3re s\u0142u\u017cy\u0107 maj\u0105 ochronie przed wod\u0105, s\u0105 cz\u0119\u015bci\u0105 rodziny <strong>GORE-TEX\u00ae Products<\/strong>, o czym \u015bwiadcz\u0105 do\u0142\u0105czane do nich, czarne metki. Drug\u0105 grup\u0119 stanowi\u0105 membrany <a aria-label=\"rodziny GORE-TEX\u00ae INFINIUM\u2122 (opens in a new tab)\" rel=\"noreferrer noopener\" href=\"https:\/\/8a.pl\/gore-tex-infinium\" target=\"_blank\">z rodziny GORE-TEX\u00ae INFINIUM\u2122<\/a>, do kt\u00f3rych dodawane s\u0105 etykietki w kolorze bia\u0142ym.  W tym drugim przypadku priorytetem jest szeroko rozumiany komfort, a wi\u0119c oddychalno\u015b\u0107 oraz ochrona przed ch\u0142odem.<\/p>\n\n\n\n<p class=\"wp-block-paragraph\"><em>[Polecamy poradniki po\u015bwi\u0119cone membranom z rodziny <\/em><a rel=\"noreferrer noopener\" aria-label=\"GORE-TEX\u00ae Products (opens in a new tab)\" href=\"https:\/\/8a.pl\/8academy\/gore-tex-rodzaje\/\" target=\"_blank\"><em>GORE-TEX\u00ae Products<\/em><\/a><em> oraz laminatom z grupy <a rel=\"noreferrer noopener\" aria-label=\"GORE-TEX\u00ae INFINIUM\u2122 (opens in a new tab)\" href=\"https:\/\/8a.pl\/8academy\/gore-tex-infinium-co-to-jest\/\" target=\"_blank\">GORE-TEX\u00ae INFINIUM\u2122<\/a>]<\/em><\/p>\n\n\n\n<p class=\"wp-block-paragraph\"><\/p>\n\n\n\n<figure class=\"wp-block-image\"><img decoding=\"async\" width=\"1000\" height=\"650\" src=\"https:\/\/8a.pl\/8academy\/wp-content\/uploads\/2020\/04\/gorevsgore.jpg\" alt=\"typy membran GORE-TEX\" class=\"wp-image-37446\" srcset=\"https:\/\/8a.pl\/8academy\/wp-content\/uploads\/2020\/04\/gorevsgore.jpg 1000w, https:\/\/8a.pl\/8academy\/wp-content\/uploads\/2020\/04\/gorevsgore-300x195.jpg 300w, https:\/\/8a.pl\/8academy\/wp-content\/uploads\/2020\/04\/gorevsgore-768x499.jpg 768w\" sizes=\"(max-width: 1000px) 100vw, 1000px\" \/><figcaption class=\"wp-element-caption\">Marka  W.L. Gore &amp; Associates wprowadzi\u0142a czytelny podzia\u0142 membran na dwie kategorie: GORE-TEX\u00ae Products oraz GORE-TEX\u00ae INFINIUM\u2122 (rys. 8academy)<\/figcaption><\/figure>\n\n\n\n<h3 class=\"wp-block-heading\" id=\"h-futurelight-czyli-inowacyjna-membrana-the-north-face\">FUTURELIGHT\u2122, czyli inowacyjna membrana The North Face <\/h3>\n\n\n\n<p class=\"wp-block-paragraph\">Je\u015bli jeste\u015bmy przy nowoczesnych laminatach, nie spos\u00f3b pomin\u0105\u0107  rozwi\u0105zania zaproponowanego przez mark\u0119 <a rel=\"noreferrer noopener\" aria-label=\"The North Face (opens in a new tab)\" href=\"https:\/\/8a.pl\/the-north-face\" target=\"_blank\">The North Face<\/a>. Membrana <a rel=\"noreferrer noopener\" aria-label=\"FUTURELIGHT\u2122 (opens in a new tab)\" href=\"https:\/\/8a.pl\/futurelight-the-north-face\" target=\"_blank\">FUTURELIGHT\u2122<\/a> powstaje w wyniku natryskiwania tzw. nanoprz\u0119dzy \u2013 czyli niezwykle cienkich w\u0142\u00f3kien poliestrowych. Ta technologia umo\u017cliwia stworzenie mikroskopijnych dysz, zapewniaj\u0105cych doskona\u0142\u0105 oddychalno\u015b\u0107, przy zachowaniu wodoodporno\u015bci.<\/p>\n\n\n\n<p class=\"wp-block-paragraph\">Odzie\u017c wyposa\u017cona w FUTURELIGHT\u2122 ma spe\u0142ni\u0107 oczekiwania os\u00f3b najbardziej aktywnych, dla kt\u00f3rych to w\u0142a\u015bnie dobra cyrkulacja powietrza jest priorytetem. Wszystko zgodnie z has\u0142em \u201c\u017ceby wodoodporny sprz\u0119t m\u00f3g\u0142 oddycha\u0107 tak intensywnie jak Ty\u201d. <\/p>\n\n\n\n<p class=\"wp-block-paragraph\"><em>[<a rel=\"noreferrer noopener\" aria-label=\"Innowacyjnej membranie FUTURELIGHT\u2122  (opens in a new tab)\" href=\"https:\/\/8a.pl\/8academy\/futurelight-tnf-co-to-jest\/\" target=\"_blank\">Innowacyjnej membranie FUTURELIGHT\u2122<\/a> bli\u017cej przyjrzeli\u015bmy si\u0119 w jednym ze wcze\u015bniejszych artyku\u0142\u00f3w]<\/em><\/p>\n\n\n\n<h2 class=\"wp-block-heading\" id=\"h-jak-dbac-o-odziez-z-membrana-prac-czy-nie-prac\">Jak dba\u0107 o odzie\u017c z membran\u0105? Pra\u0107 czy nie pra\u0107?<\/h2>\n\n\n\n<p class=\"wp-block-paragraph\">Podstawowym zabiegiem piel\u0119gnacyjnym, jaki fundujemy naszej garderobie, jest pranie. Ale maj\u0105c przed sob\u0105 odzie\u017c uzbrojon\u0105 w membran\u0119, zdajemy sobie spraw\u0119, \u017ce to typ specyficzny. No i cz\u0119sto zaczynamy si\u0119 zastanawia\u0107, czy aby pranie nie zaszkodzi nietaniej przecie\u017c kurtce lub spodniom. Uspokajamy! Takie ubrania nale\u017cy pra\u0107.<\/p>\n\n\n\n<h3 class=\"wp-block-heading\" id=\"h-dlaczego-membrana-nie-lubi-brudu\">Dlaczego membrana nie lubi brudu?<\/h3>\n\n\n\n<p class=\"wp-block-paragraph\">Co wi\u0119cej: je\u015bli w tej kwestii wyka\u017cemy si\u0119 niezdecydowaniem, mo\u017ce ucierpie\u0107 nasz komfort. Brud, kt\u00f3ry w wyniku u\u017cytkowania kurtki, zbiera si\u0119 na materiale zewn\u0119trznym, mo\u017ce blokowa\u0107 mikropory, co negatywnie wp\u0142ynie na oddychalno\u015b\u0107. Co z tego, \u017ce membrana nie przepu\u015bci kropel deszczu, je\u015bli i tak nasza bielizna b\u0119dzie mokra, a to za spraw\u0105 zatrzymanego przy sk\u00f3rze potu?<\/p>\n\n\n\n<h3 class=\"wp-block-heading\" id=\"h-dlaczego-odradza-sie-stosowanie-detergentow\">Dlaczego odradza si\u0119 stosowanie detergent\u00f3w?<\/h3>\n\n\n\n<p class=\"wp-block-paragraph\">Pior\u0105c ubrania z membran\u0105, dobrze jest wdro\u017cy\u0107 pewne &#8220;specjalne&#8221; procedury (b\u0119dzie o nich w dalszej cz\u0119\u015bci artyku\u0142u). Chodzi g\u0142\u00f3wnie o to, \u017ceby odzie\u017c nie mia\u0142a kontaktu z detergentami, kt\u00f3re s\u0105 sk\u0142adnikami klasycznych proszk\u00f3w do prania. Takie substancje maj\u0105 w\u0142a\u015bciwo\u015bci hydrofilowe (charakteryzuj\u0105 si\u0119 sk\u0142onno\u015bciami do przyci\u0105gania wody). Materia\u0142 zewn\u0119trzny wyprany w proszku zawieraj\u0105cym detergenty, mo\u017ce bardziej namaka\u0107. Wtedy mamy sytuacj\u0119 analogiczn\u0105 do tej, gdy odzie\u017c jest brudna. Krople wody wsi\u0105kaj\u0105ce w materia\u0142 zewn\u0119trzny wp\u0142yn\u0105 na pogorszenie si\u0119 oddychalno\u015bci.<\/p>\n\n\n\n<h2 class=\"wp-block-heading\" id=\"h-jak-dbac-o-odziez-z-membrana-co-jeszcze-mozemy-zrobic-poza-praniem\">Jak dba\u0107 o odzie\u017c z membran\u0105? Co jeszcze mo\u017cemy zrobi\u0107 poza praniem?<\/h2>\n\n\n\n<p class=\"wp-block-paragraph\">Ale wypranie kurtki czy spodni nie jest wszystkim, co mo\u017cemy zrobi\u0107, dla naszej odzie\u017cy membranowej. Je\u015bli chcemy zachowa\u0107 dobr\u0105 oddychalno\u015b\u0107, powinni\u015bmy zatroszczy\u0107 si\u0119 o to, \u017ceby mikropory nie by\u0142y niczym blokowane. <\/p>\n\n\n\n<p class=\"wp-block-paragraph\"><\/p>\n\n\n\n<figure class=\"wp-block-image\"><img decoding=\"async\" width=\"1000\" height=\"650\" src=\"https:\/\/8a.pl\/8academy\/wp-content\/uploads\/2020\/04\/4-jak-dbac-o-membrane.jpg\" alt=\"impregnacja DWR\" class=\"wp-image-37596\" srcset=\"https:\/\/8a.pl\/8academy\/wp-content\/uploads\/2020\/04\/4-jak-dbac-o-membrane.jpg 1000w, https:\/\/8a.pl\/8academy\/wp-content\/uploads\/2020\/04\/4-jak-dbac-o-membrane-300x195.jpg 300w, https:\/\/8a.pl\/8academy\/wp-content\/uploads\/2020\/04\/4-jak-dbac-o-membrane-768x499.jpg 768w\" sizes=\"(max-width: 1000px) 100vw, 1000px\" \/><figcaption class=\"wp-element-caption\">Je\u015bli krople na materiale przyjmuj\u0105 kszta\u0142t per\u0142y i nie wnikaj\u0105 wewn\u0105trz, oznacza to, \u017ce impregnacja DWR spisuje si\u0119 bez zarzut\u00f3w. (fot. 8academy)<\/figcaption><\/figure>\n\n\n\n<p class=\"wp-block-paragraph\">Kupuj\u0105c now\u0105 kurtk\u0119 lub spodnie, mo\u017cemy trafi\u0107 na informacj\u0119, \u017ce wybrana przez nas odzie\u017c posiada warstw\u0119 DWR <em>(Durable Water Repellent).<\/em> Warto wiedzie\u0107, \u017ce producenci bardzo cz\u0119sto pokrywaj\u0105 materia\u0142 zewn\u0119trzny specjaln\u0105 pow\u0142ok\u0105 o w\u0142a\u015bciwo\u015bciach hydrofobowych. Wbrew temu, co s\u0105dz\u0105 niekt\u00f3rzy, nie gwarantuje ona nieprzemakalno\u015bci, ale ma sprawi\u0107, \u017ce krople zamiast wnika\u0107 w struktur\u0119 materia\u0142u, sp\u0142yn\u0105 po jego powierzchni. Je\u015bli DWR &#8220;dzia\u0142a&#8221; bez zarzutu, kropla wody osadzaj\u0105ca si\u0119 na powierzchni materia\u0142u przybierze charakterystyczny kszta\u0142t per\u0142y. <\/p>\n\n\n\n<p class=\"wp-block-paragraph\">Warstwa DWR wraz z up\u0142ywem czasu zanika. Je\u015bli krople przestaj\u0105 si\u0119 &#8220;perli\u0107&#8221; i wnikaj\u0105 w materia\u0142, jest to znak, \u017ce naszej odzie\u017cy nale\u017cy si\u0119 impregnacja. Zabieg ten najlepiej wykona\u0107 przy okazji prania.<\/p>\n\n\n\n<h2 class=\"wp-block-heading\" id=\"h-wybor-srodkow-do-prania-oraz-impregnacji\">Wyb\u00f3r \u015brodk\u00f3w do prania oraz impregnacji<\/h2>\n\n\n\n<p class=\"wp-block-paragraph\">A wi\u0119c ustalili\u015bmy ju\u017c, \u017ce odzie\u017c z membran\u0105 nale\u017cy pra\u0107, a je\u015bli warstwa DWR dawno nie by\u0142a odnawiana, dobrze jest zafundowa\u0107 odzie\u017cy jeszcze ma\u0142y zabieg impregnacyjny. Jak si\u0119 do tego zabra\u0107? Wa\u017cne, \u017ceby ju\u017c na pocz\u0105tku ustali\u0107, z jakich preparat\u00f3w b\u0119dziemy korzysta\u0107. Chodzi o to, \u017ce mamy do wyboru ro\u017cnego rodzaju \u015brodki, kt\u00f3re mog\u0105 wymaga\u0107 odmiennego sposobu post\u0119powania. <\/p>\n\n\n\n<h3 class=\"wp-block-heading\" id=\"h-odziez-z-membrana-w-czym-ja-prac\">Odzie\u017c z membran\u0105 \u2013 w czym j\u0105 pra\u0107?<\/h3>\n\n\n\n<p class=\"wp-block-paragraph\">Na wst\u0119pie warto odrzuci\u0107 proszki, w kt\u00f3rych pierzemy zwyk\u0142\u0105 odzie\u017c, gdy\u017c bazuj\u0105 one na detergentach. Trzeba tak\u017ce zrezygnowa\u0107 z p\u0142yn\u00f3w do p\u0142ukania tkanin.<\/p>\n\n\n\n<p class=\"wp-block-paragraph\">Wyb\u00f3r nale\u017cy ograniczy\u0107 do delikatnych <a href=\"https:\/\/8a.pl\/srodki-piorace\" target=\"_blank\" rel=\"noreferrer noopener\">preparat\u00f3w przeznaczonych do prania odzie\u017cy technicznej,<\/a> takich jak <strong>Nikwax Tech Wash<\/strong> (mo\u017cna go naby\u0107 w opakowaniach o pojemno\u015bci: 100 ml, 300 ml oraz <a rel=\"noreferrer noopener\" aria-label=\"1000 ml) (opens in a new tab)\" href=\"https:\/\/8a.pl\/srodek-nikwax-tech-wash-1000-ml\" target=\"_blank\">1000 ml<\/a>). Co oferuje wspomniany \u015brodek? Sam producent jego mo\u017cliwo\u015bci opisuje kr\u00f3tko: <em>&#8220;czy\u015bci skutecznie, poprawia w\u0142a\u015bciwo\u015bci oddychaj\u0105ce oraz od\u015bwie\u017ca impregnacj\u0119&#8221;<\/em>. Du\u017ca popularno\u015b\u0107 preparatu Nikwax Tech Wash, mo\u017ce \u015bwiadczy\u0107 o tym, i\u017c nie s\u0105 to czcze obietnice.<\/p>\n\n\n\n<p class=\"wp-block-paragraph\">Mo\u017cna te\u017c postawi\u0107 na inny sprawdzony preparat \u2013 <strong>Performance Wash<\/strong> (w butelce o pojemno\u015bci <a rel=\"noreferrer noopener\" aria-label=\"300 ml (opens in a new tab)\" href=\"https:\/\/8a.pl\/srodek-do-prania-grangers-performance-wash-300-ml\" target=\"_blank\">300 ml<\/a> lub <a href=\"https:\/\/8a.pl\/srodek-pioracy-grangers-performance-wash-1000-ml\" target=\"_blank\" rel=\"noreferrer noopener\" aria-label=\"1000 ml (opens in a new tab)\">1000 ml<\/a>) \u2013 oferowany przez mark\u0119 <a rel=\"noreferrer noopener\" aria-label=\"Grangers (opens in a new tab)\" href=\"https:\/\/8a.pl\/grangers\" target=\"_blank\">Grangers<\/a>. Jest on wolny od detergent\u00f3w (przez co doskonale sprawdza si\u0119 w przypadku odzie\u017cy technicznej) oraz potrafi usuwa\u0107 brud i eliminowa\u0107  nieprzyjemne zapachy, nawet je\u015bli pierzemy w temperaturze zaledwie 30\u02daC.<\/p>\n\n\n\n<p class=\"wp-block-paragraph\"><\/p>\n\n\n\n<figure class=\"wp-block-image\"><img loading=\"lazy\" decoding=\"async\" width=\"1000\" height=\"650\" src=\"https:\/\/8a.pl\/8academy\/wp-content\/uploads\/2020\/04\/3-jak-dbac-o-membrane.jpg\" alt=\"Membrana w praniu\" class=\"wp-image-37593\" srcset=\"https:\/\/8a.pl\/8academy\/wp-content\/uploads\/2020\/04\/3-jak-dbac-o-membrane.jpg 1000w, https:\/\/8a.pl\/8academy\/wp-content\/uploads\/2020\/04\/3-jak-dbac-o-membrane-300x195.jpg 300w, https:\/\/8a.pl\/8academy\/wp-content\/uploads\/2020\/04\/3-jak-dbac-o-membrane-768x499.jpg 768w\" sizes=\"(max-width: 1000px) 100vw, 1000px\" \/><figcaption class=\"wp-element-caption\">Jak dba\u0107 o odzie\u017c z membran\u0105? Pranie takich ubra\u0144 niewiele r\u00f3\u017cni si\u0119 od konserwacji ciuch\u00f3w, kt\u00f3re nosimy na co dzie\u0144, cho\u0107 trzeba zachowa\u0107 nieco wi\u0119ksz\u0105 ostro\u017cno\u015b\u0107. (fot. 8academy)<\/figcaption><\/figure>\n\n\n\n<h3 class=\"wp-block-heading\" id=\"h-odziez-z-membrana-co-wybrac-do-impregnacji\">Odzie\u017c z membran\u0105 \u2013 co wybra\u0107 do impregnacji?<\/h3>\n\n\n\n<p class=\"wp-block-paragraph\">Chocia\u017c \u015brodek do prania odzie\u017cy technicznej w pewnym zakresie mo\u017ce te\u017c odnawia\u0107 pow\u0142ok\u0119 DWR, posiadaczom odzie\u017cy przeciwdeszczowej rekomenduje si\u0119 zastosowanie jeszcze odpowiedniego impregnatu. Preparaty takie maj\u0105 sprawi\u0107, \u017ce materia\u0142 zewn\u0119trzny w pe\u0142ni odzyska po\u017c\u0105dane w\u0142a\u015bciwo\u015bci hydrofobowe.<\/p>\n\n\n\n<ul class=\"wp-block-list\">\n<li><strong>Impregnacja w pralce<\/strong><br>Mo\u017cemy wybra\u0107 p\u0142yn, kt\u00f3ry zaaplikujemy naszej odzie\u017cy przy &#8220;u\u017cyciu&#8221; pralki, taki jak <strong>Nikwax TX Direct Wash In<\/strong>  (dost\u0119pny w opakowaniach o pojemno\u015bci: <a rel=\"noreferrer noopener\" href=\"https:\/\/8a.pl\/impregnat-nikwax-tx-direct-wash-in-saszetka-100-ml\" target=\"_blank\">100 ml<\/a>, <a rel=\"noreferrer noopener\" href=\"https:\/\/8a.pl\/impregnat-nikwax-tx-direct-wash-in-300-ml\" target=\"_blank\">300 ml<\/a>, <a rel=\"noreferrer noopener\" href=\"https:\/\/8a.pl\/impregnat-nikwax-tx-direct-wash-in-1000-ml\" target=\"_blank\">1000 ml<\/a> oraz <a rel=\"noreferrer noopener\" href=\"https:\/\/8a.pl\/zestaw-nikwax-twin-pack-tech-wash-tx-direct-wash-in\" target=\"_blank\">w zestawie z p\u0142ynem do prania Nikwax Tech Wash<\/a>) albo dedykowany membranom GORE-TEX\u00ae i eVent impregnat <strong>Grangers Clothing Repel <\/strong>(dost\u0119pny w buteleczce <a rel=\"noreferrer noopener\" aria-label=\"o pojemno\u015bci 300 ml (opens in a new tab)\" href=\"https:\/\/8a.pl\/srodek-do-impregnacji-grangers-clothing-repel-300-ml\" target=\"_blank\">o pojemno\u015bci 300 ml<\/a>; r\u00f3wnie\u017c <a rel=\"noreferrer noopener\" aria-label=\"w zestawie z p\u0142ynem do prania Grangers Performance Wash (opens in a new tab)\" href=\"https:\/\/8a.pl\/zestaw-grangers-wash-clothing-repel\" target=\"_blank\">w zestawie z p\u0142ynem do prania Grangers Performance Wash<\/a>).<\/li>\n<\/ul>\n\n\n\n<ul class=\"wp-block-list\">\n<li><strong>Impregnacja przy pomocy preparatu w sprayu<\/strong><br>W sklepach outdoorowych znajdziemy tak\u017ce impregnaty w sprayu, np.: <a rel=\"noreferrer noopener\" aria-label=\"Nikwax TX Direct Spray On 300 ml (opens in a new tab)\" href=\"https:\/\/8a.pl\/impregnat-w-sprayu-nikwax-tx-direct-spray-on-300-ml\" target=\"_blank\">Nikwax TX Direct Spray On 300 ml<\/a> czy <a rel=\"noreferrer noopener\" aria-label=\"Grangers Performance Repel Plus (opens in a new tab)\" href=\"https:\/\/8a.pl\/impregnat-grangers-performance-repel-plus-spray-275ml\" target=\"_blank\">Grangers Performance Repel Plus<\/a> (dost\u0119pny tak\u017ce <a rel=\"noreferrer noopener\" aria-label=\"wraz z p\u0142ynem do prania Grangers Performance Wash (opens in a new tab)\" href=\"https:\/\/8a.pl\/zestaw-grangers-performance-wash-performance-repel-plus\" target=\"_blank\">wraz z p\u0142ynem do prania Grangers Performance Wash<\/a>).<\/li>\n<\/ul>\n\n\n\n<p class=\"wp-block-paragraph\"><\/p>\n\n\n\n<figure class=\"wp-block-image\"><img loading=\"lazy\" decoding=\"async\" width=\"1000\" height=\"650\" src=\"https:\/\/8a.pl\/8academy\/wp-content\/uploads\/2020\/04\/1-jak-dbac-o-membrane.jpg\" alt=\"Jak dba\u0107 o odzie\u017c z membran\u0105\" class=\"wp-image-37450\" srcset=\"https:\/\/8a.pl\/8academy\/wp-content\/uploads\/2020\/04\/1-jak-dbac-o-membrane.jpg 1000w, https:\/\/8a.pl\/8academy\/wp-content\/uploads\/2020\/04\/1-jak-dbac-o-membrane-300x195.jpg 300w, https:\/\/8a.pl\/8academy\/wp-content\/uploads\/2020\/04\/1-jak-dbac-o-membrane-768x499.jpg 768w\" sizes=\"(max-width: 1000px) 100vw, 1000px\" \/><figcaption class=\"wp-element-caption\">Jak dba\u0107 o odzie\u017c z membran\u0105? Je\u015bli pow\u0142oka DWR nie spe\u0142nia ju\u017c swojego zadania, warto pomy\u015ble\u0107 o impregnacji. Mo\u017cemy do tego u\u017cy\u0107 preparatu w p\u0142ynie lub w sprayu. (fot. 8academy)<\/figcaption><\/figure>\n\n\n\n<p class=\"wp-block-paragraph\">Jaka jest r\u00f3\u017cnica pomi\u0119dzy tymi dwoma rozwi\u0105zaniami? Aplikuj\u0105c impregnat przy u\u017cyciu pralki, zrobimy to dok\u0142adniej, bo warstwa zostanie naniesiona bardziej r\u00f3wnomiernie. Preparaty w sprayu pozwalaj\u0105 za to dzia\u0142a\u0107 punktowo (mo\u017cemy np. zaimpregnowa\u0107 miejsce, kt\u00f3re przed chwil\u0105 przeprali\u015bmy pod kranem, pozbywaj\u0105c si\u0119 niewielkiego zabrudzenia lub plamki). Spray daje tak\u017ce mo\u017cliwo\u015b\u0107 zaimpregnowania materia\u0142u zewn\u0119trznego w kurtce z ocieplin\u0105 (impregnacja w pralce nie wchodzi w\u00f3wczas w gr\u0119).<\/p>\n\n\n\n<h3 class=\"wp-block-heading\" id=\"h-a-moze-preparat-2-w-1\">A mo\u017ce preparat 2 w 1?<\/h3>\n\n\n\n<p class=\"wp-block-paragraph\">Jest jeszcze jeden spos\u00f3b na wypranie i zaimpregnowanie odzie\u017cy z membran\u0105. Spos\u00f3b \u2013 dodajmy \u2013 bardzo wygodny i oszcz\u0119dny, gdy\u017c mo\u017cna dwie rzeczy zrobi\u0107 za jednym zamachem. Wystarczy naby\u0107 preparat 2 w 1 (np. <a rel=\"noreferrer noopener\" aria-label=\"Grangers Clothing Wash+Repel (opens in a new tab)\" href=\"https:\/\/8a.pl\/srodek-do-prania-grangers-clothing-wash-repel-1000-ml\" target=\"_blank\">Grangers Clothing Wash+Repel<\/a>) i zafundowa\u0107 swoim ubraniom technicznym pranie &#8220;rozszerzone&#8221; w\u0142a\u015bnie o impregnacj\u0119.<\/p>\n\n\n\n<h2 class=\"wp-block-heading\" id=\"h-pranie-odziezy-membranowej-o-czym-warto-pamietac\">Pranie odzie\u017cy membranowej \u2013 o czym warto pami\u0119ta\u0107?<\/h2>\n\n\n\n<p class=\"wp-block-paragraph\">Pranie odzie\u017cy z membran\u0105, niewiele r\u00f3\u017cni\u0105 si\u0119 od tego, w jaki spos\u00f3b post\u0119pujemy ze zwyk\u0142ymi ubraniami. Po zakupie odpowiedniego \u015brodka dedykowanego odzie\u017cy technicznej, nale\u017cy zapozna\u0107 si\u0119 z instrukcj\u0105 i (je\u015bli nie ma innych przeciwwskaza\u0144) post\u0119powa\u0107 zgodnie ze wskaz\u00f3wkami producenta. <\/p>\n\n\n\n<p class=\"wp-block-paragraph\">R\u00f3wnie wa\u017cne informacje znajduj\u0105 si\u0119 na metkach: kurtek, spodni, czapek i r\u0119kawiczek, kt\u00f3re chcemy od\u015bwie\u017cy\u0107. Zwykle marki outdoorowe zalecaj\u0105 pranie takiej odzie\u017cy w temperaturze 40\u02daC, a czasem nawet 30\u02daC. Wskazane jest te\u017c korzystanie z delikatniejszych program\u00f3w oraz ni\u017cszych obrot\u00f3w. <\/p>\n\n\n\n<p class=\"wp-block-paragraph\"><\/p>\n\n\n\n<figure class=\"wp-block-image\"><img loading=\"lazy\" decoding=\"async\" width=\"1000\" height=\"650\" src=\"https:\/\/8a.pl\/8academy\/wp-content\/uploads\/2020\/04\/2-jak-dbac-o-membrane.jpg\" alt=\"Jak dba\u0107 o odzie\u017c z membran\u0105? \" class=\"wp-image-37590\" srcset=\"https:\/\/8a.pl\/8academy\/wp-content\/uploads\/2020\/04\/2-jak-dbac-o-membrane.jpg 1000w, https:\/\/8a.pl\/8academy\/wp-content\/uploads\/2020\/04\/2-jak-dbac-o-membrane-300x195.jpg 300w, https:\/\/8a.pl\/8academy\/wp-content\/uploads\/2020\/04\/2-jak-dbac-o-membrane-768x499.jpg 768w\" sizes=\"(max-width: 1000px) 100vw, 1000px\" \/><figcaption class=\"wp-element-caption\">Jak dba\u0107 o odzie\u017c z membran\u0105? Je\u015bli podczas zabieg\u00f3w &#8220;konserwuj\u0105cych&#8221;, nie chcemy niczego uszkodzi\u0107, warto zawczasu zapozna\u0107 si\u0119 z informacjami na metce. (fot. 8academy)<\/figcaption><\/figure>\n\n\n\n<p class=\"wp-block-paragraph\">O czym jeszcze pami\u0119ta\u0107, by efekt ko\u0144cowy by\u0142 zadowalaj\u0105cy? Oto kilka podpowiedzi:<\/p>\n\n\n\n<ul class=\"wp-block-list\">\n<li>Niepo\u017c\u0105dane detergenty mog\u0105 czai\u0107 si\u0119 w r\u00f3\u017cnych zakamarkach pralki. Dlatego zaleca si\u0119 przep\u0142ukanie podajnik\u00f3w, a nawet wcze\u015bniejsze puszczenia jednego cyklu prania z pustym b\u0119bnem, co pozwoli na jeszcze dok\u0142adniejsze wyczyszczenie wn\u0119trza urz\u0105dzenia.<\/li>\n\n\n\n<li>W przypadku tego typu ubra\u0144 nie zaleca si\u0119 uprzedniego ich namaczania. Zanim jeszcze odzie\u017c trafi do pralki, mo\u017cemy spr\u00f3bowa\u0107 usun\u0105\u0107 wi\u0119ksze zabrudzenia przy u\u017cyciu delikatnej g\u0105bki. Oczywi\u015bcie zabieg taki wymaga wyczucia. Zbyt mocne tarcie materia\u0142u, mo\u017ce skutkowa\u0107 jego uszkodzeniem.<\/li>\n\n\n\n<li>Przed wrzuceniem ubra\u0144 do pralki warto posprawdza\u0107 wszystkie kieszenie oraz zapi\u0105\u0107 zamki, guziki, napy i rzepy. Chocia\u017c to bana\u0142, nie zawsze o tym pami\u0119tamy, a zapominalstwo mo\u017ce skutkowa\u0107 np. wypraniem banknot\u00f3w lub uszkodzeniem materia\u0142u.<\/li>\n\n\n\n<li>Odzie\u017cy z membran\u0105 nie powinno si\u0119 pra\u0107 razem z codziennymi ubraniami. W przypadku, gdy do od\u015bwie\u017cenia jest jedna ma\u0142a rzecz, mo\u017cna zdecydowa\u0107 si\u0119 na pranie r\u0119czne. Tu b\u0119dzie liczy\u0107 si\u0119 odpowiednia &#8220;technika&#8221;, a wskazane s\u0105: delikatno\u015b\u0107 i wyczucie. Spokojne ugniatanie materia\u0142u, jest du\u017co bezpieczniejsze od energicznego tarcia.<\/li>\n<\/ul>\n\n\n\n<p class=\"wp-block-paragraph\"><em>[Dok\u0142adne instrukcje <a href=\"https:\/\/8a.pl\/8academy\/jak-prac-kurtke-z-membrana\/\">jak pra\u0107 kurtk\u0119 membranow\u0105<\/a> znajdziesz w innym z naszych artyku\u0142\u00f3w]<\/em><\/p>\n\n\n\n<h2 class=\"wp-block-heading\" id=\"h-suszenie-odziezy-membranowej\">Suszenie odzie\u017cy membranowej<\/h2>\n\n\n\n<p class=\"wp-block-paragraph\">Je\u015bli misja wyprania ciuch\u00f3w (i zabieg impregnacji) zako\u0144czy\u0142a (-y) si\u0119 sukcesem, nale\u017cy jeszcze zadba\u0107 o w\u0142a\u015bciwe wysuszenie ubra\u0144. To szczeg\u00f3lnie wa\u017cne, gdy nasza odzie\u017c ma za sob\u0105 konserwacj\u0119 sk\u0142adaj\u0105c\u0105 si\u0119 z obu etap\u00f3w. Chodzi w\u00f3wczas nie tylko o pozbycie si\u0119 wilgoci. Bywa, \u017ce hydrofobowe w\u0142a\u015bciwo\u015bci warstwy DWR aktywuj\u0105 si\u0119 pod wp\u0142ywem ciep\u0142a, co wymusza specjalny tryb post\u0119powania.<\/p>\n\n\n\n<p class=\"wp-block-paragraph\">Jak to wygl\u0105da w praktyce? Mo\u017cliwe s\u0105 tu trzy scenariusze:<\/p>\n\n\n\n<ul class=\"wp-block-list\">\n<li><strong>U\u017cycie suszarki b\u0119bnowej<\/strong><br>Taki zabieg pozwoli aktywowa\u0107 hydrofobowe w\u0142a\u015bciwo\u015bci pow\u0142oki DWR i rekomendowany jest m.in. przez producenta membran GORE-TEX\u00ae. Nale\u017cy przy tym pami\u0119ta\u0107 o wybraniu ciep\u0142ego i delikatnego trybu pracy urz\u0105dzenia.<\/li>\n\n\n\n<li><strong>Dosuszanie ubra\u0144 przy pomocy \u017celazka<\/strong><br>To opcja obarczona nieco wi\u0119kszym ryzykiem, wi\u0119c do niej zbyt mocno nie namawiamy. S\u0105 jednak osoby, kt\u00f3re nie dysponuj\u0105c suszark\u0105 b\u0119bnow\u0105, nauczy\u0142y si\u0119 aktywowa\u0107 hydrofobowe w\u0142a\u015bciwo\u015bci warstwy DWR przy pomocy \u017celazka. Je\u015bli ju\u017c si\u0119 na to zdecydujemy, prasowanie musi odbywa\u0107 si\u0119 przez szmatk\u0119, nale\u017cy r\u00f3wnie\u017c zrezygnowa\u0107 ze wsparcia pary wodnej. Trzeba te\u017c korzysta\u0107 z programu do delikatnych tkanin i zachowywa\u0107 przy tym daleko posuni\u0119t\u0105 ostro\u017cno\u015b\u0107.<\/li>\n\n\n\n<li><strong>Rozwieszenie kurtki<\/strong><br>Metoda zdecydowanie najprostsza i bezpieczna, chocia\u017c efekt ko\u0144cowy mo\u017ce nie dor\u00f3wnywa\u0107 temu, jaki zapewnia suszarka czy \u017celazko. Nasza odzie\u017c membranowa mo\u017ce wisie\u0107 lub le\u017ce\u0107 na p\u0142asko. Trzeba pami\u0119ta\u0107, \u017ce takim ubraniom nie przys\u0142u\u017cy si\u0119 zbyt bliskie s\u0105siedztwo kaloryfera lub pieca.<\/li>\n<\/ul>\n\n\n\n<p class=\"wp-block-paragraph\"><\/p>\n","protected":false},"excerpt":{"rendered":"<p>Z odzie\u017cy membranowej korzystamy ch\u0119tnie, gdy\u017c \u017cadne inne ubrania nie s\u0105 w stanie w takim stopniu ochroni\u0107 nas przed wiatrem i deszczem. Ale czy potrafimy w odpowiedni spos\u00f3b si\u0119 o ni\u0105 zatroszczy\u0107?<\/p>\n","protected":false},"author":7,"featured_media":37449,"comment_status":"open","ping_status":"closed","sticky":false,"template":"","format":"standard","meta":{"_acf_changed":false,"_uf_show_specific_survey":0,"_uf_disable_surveys":false,"footnotes":""},"categories":[26071,26070],"tags":[26086,26104,26069,26085,26105],"class_list":["post-37445","post","type-post","status-publish","format-standard","has-post-thumbnail","hentry","category-alpinizm","category-turystyka-trekking","tag-alpinizm","tag-caloroczne","tag-poradnik","tag-trekking","tag-turystyka"],"acf":[],"yoast_head":"<!-- This site is optimized with the Yoast SEO Premium plugin v23.4 (Yoast SEO v25.5) - https:\/\/yoast.com\/wordpress\/plugins\/seo\/ -->\n<title>Jak dba\u0107 o odzie\u017c z membran\u0105? Podpowiadamy! | 8academy<\/title>\n<meta name=\"description\" content=\"Przedstawimy tu gar\u015b\u0107 porad na temat tego, jak dba\u0107 o odzie\u017c z membran\u0105, by ta mog\u0142a nam s\u0142u\u017cy\u0107 d\u0142u\u017cej, bez utraty swych cennych w\u0142a\u015bciwo\u015bci.\" \/>\n<meta name=\"robots\" content=\"index, follow, max-snippet:-1, max-image-preview:large, max-video-preview:-1\" \/>\n<link rel=\"canonical\" href=\"https:\/\/8a.pl\/8academy\/jak-dbac-o-odziez-z-membrana\/\" \/>\n<meta property=\"og:locale\" content=\"pl_PL\" \/>\n<meta property=\"og:type\" content=\"article\" \/>\n<meta property=\"og:title\" content=\"Jak dba\u0107 o odzie\u017c z membran\u0105?\" \/>\n<meta property=\"og:description\" content=\"Przedstawimy tu gar\u015b\u0107 porad na temat tego, jak dba\u0107 o odzie\u017c z membran\u0105, by ta mog\u0142a nam s\u0142u\u017cy\u0107 d\u0142u\u017cej, bez utraty swych cennych w\u0142a\u015bciwo\u015bci.\" \/>\n<meta property=\"og:url\" content=\"https:\/\/8a.pl\/8academy\/jak-dbac-o-odziez-z-membrana\/\" \/>\n<meta property=\"og:site_name\" content=\"8academy.pl - portal g\u00f3rski i wspinaczkowy dla aktywnych\" \/>\n<meta property=\"article:publisher\" content=\"https:\/\/pl-pl.facebook.com\/sklep8apl\/\" \/>\n<meta property=\"article:published_time\" content=\"2020-04-15T18:23:11+00:00\" \/>\n<meta property=\"article:modified_time\" content=\"2024-04-08T13:40:12+00:00\" \/>\n<meta property=\"og:image\" content=\"https:\/\/8a.pl\/8academy\/wp-content\/uploads\/2020\/04\/8ACADEMY_FB_-8.jpg\" \/>\n\t<meta property=\"og:image:width\" content=\"1200\" \/>\n\t<meta property=\"og:image:height\" content=\"628\" \/>\n\t<meta property=\"og:image:type\" content=\"image\/jpeg\" \/>\n<meta name=\"author\" content=\"Redakcja 8Academy\" \/>\n<meta name=\"twitter:card\" content=\"summary_large_image\" \/>\n<meta name=\"twitter:label1\" content=\"Napisane przez\" \/>\n\t<meta name=\"twitter:data1\" content=\"Redakcja 8Academy\" \/>\n\t<meta name=\"twitter:label2\" content=\"Szacowany czas czytania\" \/>\n\t<meta name=\"twitter:data2\" content=\"14 minut\" \/>\n<!-- \/ Yoast SEO Premium plugin. -->","yoast_head_json":{"title":"Jak dba\u0107 o odzie\u017c z membran\u0105? Podpowiadamy! | 8academy","description":"Przedstawimy tu gar\u015b\u0107 porad na temat tego, jak dba\u0107 o odzie\u017c z membran\u0105, by ta mog\u0142a nam s\u0142u\u017cy\u0107 d\u0142u\u017cej, bez utraty swych cennych w\u0142a\u015bciwo\u015bci.","robots":{"index":"index","follow":"follow","max-snippet":"max-snippet:-1","max-image-preview":"max-image-preview:large","max-video-preview":"max-video-preview:-1"},"canonical":"https:\/\/8a.pl\/8academy\/jak-dbac-o-odziez-z-membrana\/","og_locale":"pl_PL","og_type":"article","og_title":"Jak dba\u0107 o odzie\u017c z membran\u0105?","og_description":"Przedstawimy tu gar\u015b\u0107 porad na temat tego, jak dba\u0107 o odzie\u017c z membran\u0105, by ta mog\u0142a nam s\u0142u\u017cy\u0107 d\u0142u\u017cej, bez utraty swych cennych w\u0142a\u015bciwo\u015bci.","og_url":"https:\/\/8a.pl\/8academy\/jak-dbac-o-odziez-z-membrana\/","og_site_name":"8academy.pl - portal g\u00f3rski i wspinaczkowy dla aktywnych","article_publisher":"https:\/\/pl-pl.facebook.com\/sklep8apl\/","article_published_time":"2020-04-15T18:23:11+00:00","article_modified_time":"2024-04-08T13:40:12+00:00","og_image":[{"width":1200,"height":628,"url":"https:\/\/8a.pl\/8academy\/wp-content\/uploads\/2020\/04\/8ACADEMY_FB_-8.jpg","type":"image\/jpeg"}],"author":"Redakcja 8Academy","twitter_card":"summary_large_image","twitter_misc":{"Napisane przez":"Redakcja 8Academy","Szacowany czas czytania":"14 minut"},"schema":{"@context":"https:\/\/schema.org","@graph":[{"@type":"Article","@id":"https:\/\/8a.pl\/8academy\/jak-dbac-o-odziez-z-membrana\/#article","isPartOf":{"@id":"https:\/\/8a.pl\/8academy\/jak-dbac-o-odziez-z-membrana\/"},"author":{"name":"Redakcja 8Academy","@id":"https:\/\/8a.pl\/8academy\/#\/schema\/person\/2e392153a51786e6c3d5ede231b5d2a4"},"headline":"Jak dba\u0107 o odzie\u017c z membran\u0105?","datePublished":"2020-04-15T18:23:11+00:00","dateModified":"2024-04-08T13:40:12+00:00","mainEntityOfPage":{"@id":"https:\/\/8a.pl\/8academy\/jak-dbac-o-odziez-z-membrana\/"},"wordCount":2413,"commentCount":0,"publisher":{"@id":"https:\/\/8a.pl\/8academy\/#organization"},"image":{"@id":"https:\/\/8a.pl\/8academy\/jak-dbac-o-odziez-z-membrana\/#primaryimage"},"thumbnailUrl":"https:\/\/8a.pl\/8academy\/wp-content\/uploads\/2020\/04\/0-cover-jak-dbac-o-membrane.jpg","keywords":["Alpinizm","Ca\u0142oroczne","Poradnik","Trekking","Turystyka"],"articleSection":["Alpinizm","Turystyka \/ trekking"],"inLanguage":"pl-PL","potentialAction":[{"@type":"CommentAction","name":"Comment","target":["https:\/\/8a.pl\/8academy\/jak-dbac-o-odziez-z-membrana\/#respond"]}]},{"@type":"WebPage","@id":"https:\/\/8a.pl\/8academy\/jak-dbac-o-odziez-z-membrana\/","url":"https:\/\/8a.pl\/8academy\/jak-dbac-o-odziez-z-membrana\/","name":"Jak dba\u0107 o odzie\u017c z membran\u0105? Podpowiadamy! | 8academy","isPartOf":{"@id":"https:\/\/8a.pl\/8academy\/#website"},"primaryImageOfPage":{"@id":"https:\/\/8a.pl\/8academy\/jak-dbac-o-odziez-z-membrana\/#primaryimage"},"image":{"@id":"https:\/\/8a.pl\/8academy\/jak-dbac-o-odziez-z-membrana\/#primaryimage"},"thumbnailUrl":"https:\/\/8a.pl\/8academy\/wp-content\/uploads\/2020\/04\/0-cover-jak-dbac-o-membrane.jpg","datePublished":"2020-04-15T18:23:11+00:00","dateModified":"2024-04-08T13:40:12+00:00","description":"Przedstawimy tu gar\u015b\u0107 porad na temat tego, jak dba\u0107 o odzie\u017c z membran\u0105, by ta mog\u0142a nam s\u0142u\u017cy\u0107 d\u0142u\u017cej, bez utraty swych cennych w\u0142a\u015bciwo\u015bci.","breadcrumb":{"@id":"https:\/\/8a.pl\/8academy\/jak-dbac-o-odziez-z-membrana\/#breadcrumb"},"inLanguage":"pl-PL","potentialAction":[{"@type":"ReadAction","target":["https:\/\/8a.pl\/8academy\/jak-dbac-o-odziez-z-membrana\/"]}]},{"@type":"ImageObject","inLanguage":"pl-PL","@id":"https:\/\/8a.pl\/8academy\/jak-dbac-o-odziez-z-membrana\/#primaryimage","url":"https:\/\/8a.pl\/8academy\/wp-content\/uploads\/2020\/04\/0-cover-jak-dbac-o-membrane.jpg","contentUrl":"https:\/\/8a.pl\/8academy\/wp-content\/uploads\/2020\/04\/0-cover-jak-dbac-o-membrane.jpg","width":1100,"height":715},{"@type":"BreadcrumbList","@id":"https:\/\/8a.pl\/8academy\/jak-dbac-o-odziez-z-membrana\/#breadcrumb","itemListElement":[{"@type":"ListItem","position":1,"name":"Strona g\u0142\u00f3wna","item":"https:\/\/8a.pl\/8academy\/"},{"@type":"ListItem","position":2,"name":"Jak dba\u0107 o odzie\u017c z membran\u0105?"}]},{"@type":"WebSite","@id":"https:\/\/8a.pl\/8academy\/#website","url":"https:\/\/8a.pl\/8academy\/","name":"8academy.pl - portal g\u00f3rski i wspinaczkowy dla aktywnych","description":"8academy to portal g\u00f3rski o wspinaczce, trekkingu i skiturach. Znajdziesz tu porady, testy sprz\u0119tu i opisy najlepszych rejon\u00f3w. Inspirujemy zdobywc\u00f3w!","publisher":{"@id":"https:\/\/8a.pl\/8academy\/#organization"},"potentialAction":[{"@type":"SearchAction","target":{"@type":"EntryPoint","urlTemplate":"https:\/\/8a.pl\/8academy\/?s={search_term_string}"},"query-input":{"@type":"PropertyValueSpecification","valueRequired":true,"valueName":"search_term_string"}}],"inLanguage":"pl-PL"},{"@type":"Organization","@id":"https:\/\/8a.pl\/8academy\/#organization","name":"8academy.pl - portal g\u00f3rski i wspinaczkowy dla aktywnych","url":"https:\/\/8a.pl\/8academy\/","logo":{"@type":"ImageObject","inLanguage":"pl-PL","@id":"https:\/\/8a.pl\/8academy\/#\/schema\/logo\/image\/","url":"https:\/\/8a.pl\/8academy\/wp-content\/uploads\/2015\/11\/logo.png","contentUrl":"https:\/\/8a.pl\/8academy\/wp-content\/uploads\/2015\/11\/logo.png","width":438,"height":315,"caption":"8academy.pl - portal g\u00f3rski i wspinaczkowy dla aktywnych"},"image":{"@id":"https:\/\/8a.pl\/8academy\/#\/schema\/logo\/image\/"},"sameAs":["https:\/\/pl-pl.facebook.com\/sklep8apl\/","https:\/\/www.instagram.com\/8apl\/"]},{"@type":"Person","@id":"https:\/\/8a.pl\/8academy\/#\/schema\/person\/2e392153a51786e6c3d5ede231b5d2a4","name":"Redakcja 8Academy","image":{"@type":"ImageObject","inLanguage":"pl-PL","@id":"https:\/\/8a.pl\/8academy\/#\/schema\/person\/image\/","url":"https:\/\/8a.pl\/8academy\/wp-content\/uploads\/2017\/10\/logo_obrobione_2_150_59ICJ.jpg","contentUrl":"https:\/\/8a.pl\/8academy\/wp-content\/uploads\/2017\/10\/logo_obrobione_2_150_59ICJ.jpg","caption":"Redakcja 8Academy"},"url":"https:\/\/8a.pl\/8academy\/author\/redakcja\/"}]}},"_links":{"self":[{"href":"https:\/\/8a.pl\/8academy\/wp-json\/wp\/v2\/posts\/37445","targetHints":{"allow":["GET"]}}],"collection":[{"href":"https:\/\/8a.pl\/8academy\/wp-json\/wp\/v2\/posts"}],"about":[{"href":"https:\/\/8a.pl\/8academy\/wp-json\/wp\/v2\/types\/post"}],"author":[{"embeddable":true,"href":"https:\/\/8a.pl\/8academy\/wp-json\/wp\/v2\/users\/7"}],"replies":[{"embeddable":true,"href":"https:\/\/8a.pl\/8academy\/wp-json\/wp\/v2\/comments?post=37445"}],"version-history":[{"count":1,"href":"https:\/\/8a.pl\/8academy\/wp-json\/wp\/v2\/posts\/37445\/revisions"}],"predecessor-version":[{"id":65112,"href":"https:\/\/8a.pl\/8academy\/wp-json\/wp\/v2\/posts\/37445\/revisions\/65112"}],"wp:featuredmedia":[{"embeddable":true,"href":"https:\/\/8a.pl\/8academy\/wp-json\/wp\/v2\/media\/37449"}],"wp:attachment":[{"href":"https:\/\/8a.pl\/8academy\/wp-json\/wp\/v2\/media?parent=37445"}],"wp:term":[{"taxonomy":"category","embeddable":true,"href":"https:\/\/8a.pl\/8academy\/wp-json\/wp\/v2\/categories?post=37445"},{"taxonomy":"post_tag","embeddable":true,"href":"https:\/\/8a.pl\/8academy\/wp-json\/wp\/v2\/tags?post=37445"}],"curies":[{"name":"wp","href":"https:\/\/api.w.org\/{rel}","templated":true}]}}