{"id":36597,"date":"2020-03-27T11:29:19","date_gmt":"2020-03-27T10:29:19","guid":{"rendered":"https:\/\/8a.pl\/8academy\/?p=36597"},"modified":"2024-04-08T15:25:40","modified_gmt":"2024-04-08T13:25:40","slug":"literatura-gorska-co-warto-przeczytac","status":"publish","type":"post","link":"https:\/\/8a.pl\/8academy\/literatura-gorska-co-warto-przeczytac\/","title":{"rendered":"Literatura g\u00f3rska \u2013 co warto przeczyta\u0107?"},"content":{"rendered":"\n<p>Je\u015bli g\u00f3ry to Twoja pasja, od kt\u00f3rej wprost nie mo\u017cesz si\u0119 oderwa\u0107, warto poszerzy\u0107 j\u0105 tak\u017ce o odpowiednie ksi\u0105\u017cki. Zatem jaka literatura g\u00f3rska? Przygotowali\u015bmy zestawienie TOP 10 ksi\u0105\u017cek, wydanych w ci\u0105gu ostatnich lat.<\/p>\n\n\n\n<h2 class=\"wp-block-heading\" id=\"h-krzysztof-wielicki-piek-o-mnie-nie-chcia-o\">&#8220;Krzysztof Wielicki. Piek\u0142o mnie nie chcia\u0142o&#8221;<\/h2>\n\n\n\n<p>Ksi\u0105\u017cka o Krzysztofie Wielickim, jednym z najlepszych wspinaczy wysokog\u00f3rskich na \u015bwiecie. To laureat Z\u0142otego Czekana, pierwszy (razem z Leszkiem Cichym) zimowy zdobywca najwy\u017cszego szczytu ziemi \u2013 Mount Everestu. Ma w swoim g\u00f3rskim \u017cyciorysie wiele imponuj\u0105cych osi\u0105gni\u0119\u0107, w tym kilka \u201epierwszych miejsc\u201d, takich jak: pierwsze wej\u015bcie zimowe na Kanczendzong\u0119 czy wej\u015bcie solo na Broad Peak i powr\u00f3t do bazy w czasie kr\u00f3tszym ni\u017c doba. \u201eMam szcz\u0119\u015bcie, bo ci\u0105gle \u017cyj\u0119\u201d \u2013 m\u00f3wi\u0142 himalaista w reporterskiej biografii \u201e<a href=\"https:\/\/8a.pl\/krzysztof-wielicki-pieklo-mnie-nie-chcialo\" target=\"_blank\" rel=\"noopener noreferrer\">Krzysztof Wielicki. Piek\u0142o mnie nie chcia\u0142o<\/a>\u201d, przygotowanej przez Dariusza Kortko i Marcina Pietraszewskiego.<\/p>\n\n\n\n<h2 class=\"wp-block-heading\" id=\"h-literatura-g-rska-rozmowy-o-evere-cie\">Literatura g\u00f3rska: &#8220;Rozmowy o Evere\u015bcie&#8221;<\/h2>\n\n\n\n<p class=\"wp-block-paragraph\">Jak zimowy Everest to i \u201e<a rel=\"noopener noreferrer\" href=\"https:\/\/8a.pl\/ksiazka-rozmowy-o-everescie-cichy-wielicki-zakowski\" target=\"_blank\">Rozmowy o Evere\u015bcie<\/a>\u201d czyli zapis 36-godzinnej rozmowy &#8220;na linii&#8221;: Wielicki-Cichy-\u017bakowski. Odby\u0142a si\u0119 ona na fali zainteresowania Polak\u00f3w, tym wa\u017cnym w skali \u015bwiata wydarzeniem. Mimo \u017ce ksi\u0105\u017cka zosta\u0142a wydana po raz pierwszy ju\u017c w 1982 roku, nadal cieszy si\u0119 spor\u0105 popularno\u015bci\u0105. Je\u015bli interesuje Ci\u0119 literatura g\u00f3rska, nie mo\u017cesz pomin\u0105\u0107 tej pozycji. Nowe wydanie zosta\u0142o uzupe\u0142nione o rozdzia\u0142, w kt\u00f3rym ca\u0142a tr\u00f3jka wraca do wspomnie\u0144 sprzed lat.<\/p>\n\n\n\n<p class=\"wp-block-paragraph\"><\/p>\n\n\n\n<figure class=\"wp-block-image\"><img decoding=\"async\" src=\"https:\/\/8a.pl\/8academy\/wp-content\/uploads\/2020\/03\/book_1.jpg\" alt=\"literatura G\u00f3rska\" class=\"wp-image-36646\"\/><figcaption>Ksi\u0105\u017cki o polskich himalaistach i ich historie zdobywania najwy\u017cszych szczyt\u00f3w \u015bwiata. (fot. 8academy)<\/figcaption><\/figure>\n\n\n\n<h2 class=\"wp-block-heading\" id=\"h-kukuczka-opowie-o-najs-ynniejszym-polskim-himalai-cie\">&#8220;Kukuczka. Opowie\u015b\u0107 o najs\u0142ynniejszym polskim himalai\u015bcie&#8221;<\/h2>\n\n\n\n<p class=\"wp-block-paragraph\">Wymieniaj\u0105c s\u0142ynnych polskich himalaist\u00f3w, nie mo\u017cna pomin\u0105\u0107 Jurka Kukuczki. Duet Kortko i Pietraszewski wykona\u0142 ogrom redaktorskiej pracy, by przedstawi\u0107 go nie tylko jako s\u0142ynnego wspinacza, ale przede wszystkim cz\u0142owieka. \u201e\u015amier\u0107 prze\u017cywa si\u0119 wsz\u0119dzie jednakowo mocno, tylko reakcja na ni\u0105 w g\u00f3rach jest nietypowa, bo takie s\u0105 warunki. Ginie m\u00f3j partner, a ja nie mog\u0119 si\u0119&nbsp;rozklei\u0107. Nie mog\u0119 usi\u0105\u015b\u0107 i rozmy\u015bla\u0107. Nikt przecie\u017c po mnie nie przyjdzie, nie pomo\u017ce mi. Musz\u0119 i\u015b\u0107 dalej, bo inaczej i ja zgin\u0119\u201d \u2013 wyzna\u0142 bohater publikacji. \u201e<a rel=\"noopener noreferrer\" href=\"https:\/\/8a.pl\/ksiazka-kukuczka-opowiesc-o-najslynniejszym-polskim-himalaiscie\" target=\"_blank\">Kukuczka. Opowie\u015b\u0107 o najs\u0142ynniejszym polskim himalai\u015bcie<\/a>\u201d to zaproszenie, by pozna\u0107 histori\u0119 cz\u0142owieka, kt\u00f3ry sprawi\u0142, \u017ce Polacy zas\u0142yn\u0119li na mi\u0119dzynarodowej wspinaczkowej scenie.<\/p>\n\n\n\n<h2 class=\"wp-block-heading\" id=\"h-elizabeth-hawley-stra-niczka-g-r\">&#8220;Elizabeth Hawley. Stra\u017cniczka G\u00f3r&#8221;<\/h2>\n\n\n\n<p>W Himalaje przeniesie Ci\u0119 ksi\u0105\u017cka \u201e<a href=\"https:\/\/8a.pl\/ksiazka-elizabeth-hawley-strazniczka-gor\" target=\"_blank\" rel=\"noopener noreferrer\">Elizabeth Hawley. Stra\u017cniczka G\u00f3r<\/a>\u201d, opowiadaj\u0105ca histori\u0119 najs\u0142ynniejszej kronikarki wypraw w najwy\u017csze g\u00f3ry \u015bwiata. Relacjonowa\u0142a ona m.in. pierwsz\u0105 ameryka\u0144sk\u0105 wypraw\u0119 na Mount Everest w 1963. Hawley stworzy\u0142a baz\u0119 danych ponad 9 tysi\u0119cy wypraw na 450 nepalskich szczyt\u00f3w. Z jej zdaniem liczy\u0142 si\u0119 wspinaczkowy \u015bwiat, to z ni\u0105 konsultowano sporne kwestie dotycz\u0105ce faktycznego zdobycia szczytu. Potrafi\u0142a opisa\u0107 ka\u017cdy z 14 o\u015bmiotysi\u0119cznik\u00f3w, cho\u0107 sama w g\u00f3ry nie chodzi\u0142a. \u201eJestem zbyt leniwa, aby chodzi\u0107 po g\u00f3rach, poza tym ceni\u0119 dobre jedzenie i ciep\u0142e \u0142\u00f3\u017cko, lubi\u0119 patrze\u0107 na g\u00f3ry\u201d \u2013 m\u00f3wi\u0142a Elisabeth Hawley. Szukaj\u0105c ksi\u0105\u017cek z kategorii &#8220;literatura g\u00f3rska&#8221;, nie spos\u00f3b pomin\u0105\u0107 tej pozycji.<\/p>\n\n\n\n<h2 class=\"wp-block-heading\" id=\"h-literatura-g-rska-spod-zamarzni-tych-powiek\">Literatura g\u00f3rska \u2013 &#8220;Spod zamarzni\u0119tych powiek&#8221;<\/h2>\n\n\n\n<p>Gdy mia\u0142 trzyna\u015bcie lat, z powodu wieku odm\u00f3wiono mu udzia\u0142u w kursie ska\u0142kowym. Gdy sko\u0144czy\u0142 pi\u0119tna\u015bcie, us\u0142ysza\u0142 od starszego taternika, \u017ce kiedy\u015b b\u0119dzie z niego \u015bwietny wspinacz, je\u015bli&#8230; wcze\u015bniej si\u0119 nie zabije. Adam Bielecki \u2013 zimowy zdobywca Gaszerbrum I i Broad Peak jest bohaterem ksi\u0105\u017cki \u201e<a href=\"https:\/\/8a.pl\/spod-zamarznietych-powiek-adam-bielecki-dominik-szczepanski\" target=\"_blank\" rel=\"noopener noreferrer\">Spod zamarzni\u0119tych powiek<\/a>\u201d.<\/p>\n<p>\u00a0<\/p>\n\n\n\n<figure class=\"wp-block-image\"><img fetchpriority=\"high\" decoding=\"async\" width=\"1000\" height=\"650\" src=\"https:\/\/8a.pl\/8academy\/wp-content\/uploads\/2020\/03\/book_2-1.jpg\" alt=\"literatura G\u00f3rska\" class=\"wp-image-36690\" srcset=\"https:\/\/8a.pl\/8academy\/wp-content\/uploads\/2020\/03\/book_2-1.jpg 1000w, https:\/\/8a.pl\/8academy\/wp-content\/uploads\/2020\/03\/book_2-1-300x195.jpg 300w, https:\/\/8a.pl\/8academy\/wp-content\/uploads\/2020\/03\/book_2-1-768x499.jpg 768w\" sizes=\"(max-width: 1000px) 100vw, 1000px\" \/><figcaption>Tytu\u0142y, kt\u00f3re sprawi\u0105, \u017ce poczujesz si\u0119 jak w bazie pod najwy\u017cszymi szczytami ziemi. (fot. 8academy)<\/figcaption><\/figure>\n\n\n\n<h2 class=\"wp-block-heading\" id=\"h-skazany-na-g-ry-denis-urubko\">&#8220;Skazany na g\u00f3ry. Denis Urubko&#8221;<\/h2>\n\n\n\n<p class=\"wp-block-paragraph\">Cho\u0107 wzbudza kontrowersje, nie spos\u00f3b odm\u00f3wi\u0107 mu olbrzymiej determinacji podczas realizacji g\u00f3rskich cel\u00f3w. \u201e<a rel=\"noopener noreferrer\" href=\"https:\/\/8a.pl\/ksiazka-skazany-na-gory-denis-urubko\" target=\"_blank\">Skazany na g\u00f3ry. Denis Urubko<\/a>\u201d to pozycja obowi\u0105zkowa, gdy interesuje Ci\u0119 literatura g\u00f3rska. Znajdziesz tu pasjonuj\u0105c\u0105 histori\u0119 rosyjskiego wspinacza z polskim obywatelstwem, kt\u00f3ry nie tak dawno razem z polsk\u0105, narodow\u0105 wypraw\u0105  walczy\u0142 o zdobycie zim\u0105 K2. Urubko, wraz z Simone Moro, wszed\u0142 zim\u0105 na dwa o\u015bmiotysi\u0119czniki: Makalu i Gaszerbrum II. <\/p>\n\n\n\n<h2 class=\"wp-block-heading\" id=\"h-kurtyka-sztuka-wolno-ci\">&#8220;Kurtyka. Sztuka wolno\u015bci&#8221;<\/h2>\n\n\n\n<p>Wspinacze znaj\u0105 jego nazwisko m.in. dzi\u0119ki skali trudno\u015bci dr\u00f3g wspinaczkowych. Pionier alpejskiego stylu w g\u00f3rach wysokich. Polega\u0142 on na zdobywaniu wierzcho\u0142ka w pojedynczej pr\u00f3bie, bez zak\u0142adania oboz\u00f3w i por\u0119cz\u00f3wek. Ksi\u0105\u017cka \u201e<a href=\"https:\/\/8a.pl\/ksiazka-kurtyka-sztuka-wolnosci\" target=\"_blank\" rel=\"noopener noreferrer\">Kurtyka. Sztuka wolno\u015bci<\/a>\u201d to opowie\u015b\u0107 o wybitnym wspinaczu, laureacie Z\u0142otego Czekana, kt\u00f3ry zawsze stara\u0142 si\u0119 unika\u0107 rozg\u0142osu. Literatura g\u00f3rska sta\u0142a si\u0119 bogatsza, dzi\u0119ki tej, wielokrotnie nagradzanej, pozycji.<\/p>\n<p>\u00a0<\/p>\n\n\n\n<figure class=\"wp-block-image\"><img decoding=\"async\" width=\"1000\" height=\"650\" src=\"https:\/\/8a.pl\/8academy\/wp-content\/uploads\/2020\/03\/book_4-1.jpg\" alt=\"\" class=\"wp-image-36710\" srcset=\"https:\/\/8a.pl\/8academy\/wp-content\/uploads\/2020\/03\/book_4-1.jpg 1000w, https:\/\/8a.pl\/8academy\/wp-content\/uploads\/2020\/03\/book_4-1-300x195.jpg 300w, https:\/\/8a.pl\/8academy\/wp-content\/uploads\/2020\/03\/book_4-1-768x499.jpg 768w\" sizes=\"(max-width: 1000px) 100vw, 1000px\" \/><figcaption>Historie, kt\u00f3rzy inspiruj\u0105 wspinaczy na ca\u0142ym \u015bwiecie. (fot. 8academy)<\/figcaption><\/figure>\n\n\n\n<h2 class=\"wp-block-heading\" id=\"h-literatura-g-rska-presja-tommy-caldwell\">Literatura g\u00f3rska: &#8220;Presja. Tommy Caldwell&#8221;<\/h2>\n\n\n\n<p class=\"wp-block-paragraph\">W 2015 roku wspinaczkowy \u015bwiat obieg\u0142a wiadomo\u015b\u0107 o pierwszym klasycznym przej\u015bciu The Dawn Wall na El Capitan. Zesp\u00f3\u0142 Caldwell-Jorgeson sp\u0119dzi\u0142 w \u015bcianie 19 dni, zapisuj\u0105c si\u0119 tym samym w \u015bwiatowej historii. Ta wspinaczka zosta\u0142a okrzykni\u0119ta jednym z najtrudniejszych, udanych przej\u015b\u0107. Ksi\u0105\u017cka \u201e<a rel=\"noopener noreferrer\" href=\"https:\/\/8a.pl\/ksiazka-presja-tommy-caldwell\" target=\"_blank\">Presja. Tommy Caldwell<\/a>\u201d stanowi \u015bwietn\u0105 propozycj\u0119 dla mi\u0142o\u015bnik\u00f3w wspinaczki. Jest to jednocze\u015bnie uniwersalna opowie\u015b\u0107 o d\u0105\u017ceniu do celu. <\/p>\n\n\n\n<h2 class=\"wp-block-heading\" id=\"h-dotkni-cie-pustki\">&#8220;Dotkni\u0119cie pustki&#8221;<\/h2>\n\n\n\n<p class=\"wp-block-paragraph\">W\u015br\u00f3d propozycji z kategorii &#8220;literatura g\u00f3rska&#8221; nie mog\u0142o zabrakn\u0105\u0107 klasyki. \u201e<a rel=\"noreferrer noopener\" aria-label=\"Dotkni\u0119cie pustki (opens in a new tab)\" href=\"https:\/\/8a.pl\/ksiazka-stapis-dotkniecie-pustki\" target=\"_blank\">Dotkni\u0119cie pustki<\/a>\u201d to pozycja obowi\u0105zkowa, \u015bwiatowy bestseller. Przet\u0142umaczona na 14 j\u0119zyk\u00f3w, wydana w \u0142\u0105cznym nak\u0142adzie p\u00f3\u0142 miliona egzemplarzy. Te liczby m\u00f3wi\u0105 same za siebie. To dokumentacja wyprawy Joe Simpsona z 1985 roku, kt\u00f3rej celem by\u0142 masyw Cordillera Huayhuash w Andach peruwia\u0144skich. Razem z partnerem Simonem Yatesem podj\u0119li wtedy pr\u00f3b\u0119 zdobycia szczytu Siula Grande. To ponadczasowa opowie\u015b\u0107 o woli przetrwania i walce do samego ko\u0144ca.<\/p>\n\n\n\n<p class=\"wp-block-paragraph\"><\/p>\n\n\n\n<figure class=\"wp-block-image\"><img decoding=\"async\" width=\"1000\" height=\"650\" src=\"https:\/\/8a.pl\/8academy\/wp-content\/uploads\/2020\/03\/book_3-1.jpg\" alt=\"\" class=\"wp-image-36717\" srcset=\"https:\/\/8a.pl\/8academy\/wp-content\/uploads\/2020\/03\/book_3-1.jpg 1000w, https:\/\/8a.pl\/8academy\/wp-content\/uploads\/2020\/03\/book_3-1-300x195.jpg 300w, https:\/\/8a.pl\/8academy\/wp-content\/uploads\/2020\/03\/book_3-1-768x499.jpg 768w\" sizes=\"(max-width: 1000px) 100vw, 1000px\" \/><figcaption>Ponadczasowe klasyki w tematyce literatura g\u00f3rska. (fot. 8academy)<\/figcaption><\/figure>\n\n\n\n<h2 class=\"wp-block-heading\" id=\"h-bia-y-paj-k\">&#8220;Bia\u0142y paj\u0105k&#8221;<\/h2>\n\n\n\n<p class=\"wp-block-paragraph\">Historia zdobycia najniebezpieczniejszej \u015bciany Alp \u2013 p\u00f3\u0142nocnej \u015bciany Eigeru. &#8220;Tytu\u0142owy paj\u0105k, zbudowany ze \u015bniegu i lodu, wyci\u0105gaj\u0105cy swoje odn\u00f3\u017ca we wszystkich kierunkach oraz pod r\u00f3\u017cnymi k\u0105tami, to najci\u0119\u017csza pr\u00f3ba i prawdziwa pu\u0142apka dla alpinist\u00f3w, kt\u00f3rzy znale\u017ali si\u0119 tu po wyczerpuj\u0105cej wspinaczce przez wi\u0119ksz\u0105 cz\u0119\u015b\u0107 gigantycznej \u015bciany i musz\u0105 przeze\u0144 przej\u015b\u0107\u201d. Nie bez powodu to wyzwanie, kt\u00f3re od lat stawiaj\u0105 sobie wybitni wspinacze. \u201e<a rel=\"noreferrer noopener\" aria-label=\"Bia\u0142y paj\u0105k (opens in a new tab)\" href=\"https:\/\/8a.pl\/ksiazka-stapis-bialy-pajak\" target=\"_blank\">Bia\u0142y paj\u0105k<\/a>\u201d to jedna z ksi\u0105\u017cek, kt\u00f3rych po prostu nie mo\u017cna nie zna\u0107.<\/p>\n\n\n\n<p class=\"wp-block-paragraph\"><\/p>\n","protected":false},"excerpt":{"rendered":"<p>Ksi\u0105\u017cki \u2013 to one pozwalaj\u0105 przenie\u015b\u0107 si\u0119 w najbardziej odleg\u0142e miejsca, pozna\u0107 historie, kt\u00f3re wydarzy\u0142y si\u0119 lata temu i te najnowsze. Kiedy wolne popo\u0142udnie sp\u0119dzasz w domu, w kilka sekund teleportuj\u0105 Ci\u0119 w dalekie zak\u0105tki.<\/p>\n","protected":false},"author":7,"featured_media":36699,"comment_status":"open","ping_status":"closed","sticky":false,"template":"","format":"standard","meta":{"_acf_changed":false,"_uf_show_specific_survey":0,"_uf_disable_surveys":false,"footnotes":""},"categories":[26071],"tags":[26086,26104,26069],"class_list":["post-36597","post","type-post","status-publish","format-standard","has-post-thumbnail","hentry","category-alpinizm","tag-alpinizm","tag-caloroczne","tag-poradnik"],"acf":[],"yoast_head":"<!-- This site is optimized with the Yoast SEO Premium plugin v23.4 (Yoast SEO v25.5) - https:\/\/yoast.com\/wordpress\/plugins\/seo\/ -->\n<title>Literatura g\u00f3rska \u2013 co warto przeczyta\u0107? | 8academy.pl<\/title>\n<meta name=\"description\" content=\"Literatura g\u00f3rska to bardzo pojemne poj\u0119cie. Kt\u00f3re ksi\u0105\u017cki o g\u00f3rach warto przeczyta\u0107? Polecamy top 10 tytu\u0142\u00f3w dla prawdziwych pasjonat\u00f3w.\" \/>\n<meta name=\"robots\" content=\"index, follow, max-snippet:-1, max-image-preview:large, max-video-preview:-1\" \/>\n<link rel=\"canonical\" href=\"https:\/\/8a.pl\/8academy\/literatura-gorska-co-warto-przeczytac\/\" \/>\n<meta property=\"og:locale\" content=\"pl_PL\" \/>\n<meta property=\"og:type\" content=\"article\" \/>\n<meta property=\"og:title\" content=\"Literatura g\u00f3rska \u2013 co warto przeczyta\u0107? | 8academy.pl\" \/>\n<meta property=\"og:description\" content=\"Interesujesz si\u0119 g\u00f3rami i chcesz poszerzy\u0107 swoj\u0105 wiedz\u0119? Polecamy top 10 pozycji z zakresu literatura g\u00f3rska, kt\u00f3re warto przeczyta\u0107.\" \/>\n<meta property=\"og:url\" content=\"https:\/\/8a.pl\/8academy\/literatura-gorska-co-warto-przeczytac\/\" \/>\n<meta property=\"og:site_name\" content=\"8academy.pl - portal g\u00f3rski i wspinaczkowy dla aktywnych\" \/>\n<meta property=\"article:publisher\" content=\"https:\/\/pl-pl.facebook.com\/sklep8apl\/\" \/>\n<meta property=\"article:published_time\" content=\"2020-03-27T10:29:19+00:00\" \/>\n<meta property=\"article:modified_time\" content=\"2024-04-08T13:25:40+00:00\" \/>\n<meta property=\"og:image\" content=\"https:\/\/8a.pl\/8academy\/wp-content\/uploads\/2020\/03\/8ACADEMY_FB_-1.jpg\" \/>\n\t<meta property=\"og:image:width\" content=\"1200\" \/>\n\t<meta property=\"og:image:height\" content=\"628\" \/>\n\t<meta property=\"og:image:type\" content=\"image\/jpeg\" \/>\n<meta name=\"author\" content=\"Redakcja 8Academy\" \/>\n<meta name=\"twitter:card\" content=\"summary_large_image\" \/>\n<meta name=\"twitter:title\" content=\"Literatura g\u00f3rska \u2013 co warto przeczyta\u0107?\" \/>\n<meta name=\"twitter:label1\" content=\"Napisane przez\" \/>\n\t<meta name=\"twitter:data1\" content=\"Redakcja 8Academy\" \/>\n\t<meta name=\"twitter:label2\" content=\"Szacowany czas czytania\" \/>\n\t<meta name=\"twitter:data2\" content=\"7 minut\" \/>\n<!-- \/ Yoast SEO Premium plugin. -->","yoast_head_json":{"title":"Literatura g\u00f3rska \u2013 co warto przeczyta\u0107? | 8academy.pl","description":"Literatura g\u00f3rska to bardzo pojemne poj\u0119cie. Kt\u00f3re ksi\u0105\u017cki o g\u00f3rach warto przeczyta\u0107? Polecamy top 10 tytu\u0142\u00f3w dla prawdziwych pasjonat\u00f3w.","robots":{"index":"index","follow":"follow","max-snippet":"max-snippet:-1","max-image-preview":"max-image-preview:large","max-video-preview":"max-video-preview:-1"},"canonical":"https:\/\/8a.pl\/8academy\/literatura-gorska-co-warto-przeczytac\/","og_locale":"pl_PL","og_type":"article","og_title":"Literatura g\u00f3rska \u2013 co warto przeczyta\u0107? | 8academy.pl","og_description":"Interesujesz si\u0119 g\u00f3rami i chcesz poszerzy\u0107 swoj\u0105 wiedz\u0119? Polecamy top 10 pozycji z zakresu literatura g\u00f3rska, kt\u00f3re warto przeczyta\u0107.","og_url":"https:\/\/8a.pl\/8academy\/literatura-gorska-co-warto-przeczytac\/","og_site_name":"8academy.pl - portal g\u00f3rski i wspinaczkowy dla aktywnych","article_publisher":"https:\/\/pl-pl.facebook.com\/sklep8apl\/","article_published_time":"2020-03-27T10:29:19+00:00","article_modified_time":"2024-04-08T13:25:40+00:00","og_image":[{"width":1200,"height":628,"url":"https:\/\/8a.pl\/8academy\/wp-content\/uploads\/2020\/03\/8ACADEMY_FB_-1.jpg","type":"image\/jpeg"}],"author":"Redakcja 8Academy","twitter_card":"summary_large_image","twitter_title":"Literatura g\u00f3rska \u2013 co warto przeczyta\u0107?","twitter_misc":{"Napisane przez":"Redakcja 8Academy","Szacowany czas czytania":"7 minut"},"schema":{"@context":"https:\/\/schema.org","@graph":[{"@type":"Article","@id":"https:\/\/8a.pl\/8academy\/literatura-gorska-co-warto-przeczytac\/#article","isPartOf":{"@id":"https:\/\/8a.pl\/8academy\/literatura-gorska-co-warto-przeczytac\/"},"author":{"name":"Redakcja 8Academy","@id":"https:\/\/8a.pl\/8academy\/#\/schema\/person\/2e392153a51786e6c3d5ede231b5d2a4"},"headline":"Literatura g\u00f3rska \u2013 co warto przeczyta\u0107?","datePublished":"2020-03-27T10:29:19+00:00","dateModified":"2024-04-08T13:25:40+00:00","mainEntityOfPage":{"@id":"https:\/\/8a.pl\/8academy\/literatura-gorska-co-warto-przeczytac\/"},"wordCount":1061,"commentCount":0,"publisher":{"@id":"https:\/\/8a.pl\/8academy\/#organization"},"image":{"@id":"https:\/\/8a.pl\/8academy\/literatura-gorska-co-warto-przeczytac\/#primaryimage"},"thumbnailUrl":"https:\/\/8a.pl\/8academy\/wp-content\/uploads\/2020\/03\/cover.jpg","keywords":["Alpinizm","Ca\u0142oroczne","Poradnik"],"articleSection":["Alpinizm"],"inLanguage":"pl-PL","potentialAction":[{"@type":"CommentAction","name":"Comment","target":["https:\/\/8a.pl\/8academy\/literatura-gorska-co-warto-przeczytac\/#respond"]}]},{"@type":"WebPage","@id":"https:\/\/8a.pl\/8academy\/literatura-gorska-co-warto-przeczytac\/","url":"https:\/\/8a.pl\/8academy\/literatura-gorska-co-warto-przeczytac\/","name":"Literatura g\u00f3rska \u2013 co warto przeczyta\u0107? | 8academy.pl","isPartOf":{"@id":"https:\/\/8a.pl\/8academy\/#website"},"primaryImageOfPage":{"@id":"https:\/\/8a.pl\/8academy\/literatura-gorska-co-warto-przeczytac\/#primaryimage"},"image":{"@id":"https:\/\/8a.pl\/8academy\/literatura-gorska-co-warto-przeczytac\/#primaryimage"},"thumbnailUrl":"https:\/\/8a.pl\/8academy\/wp-content\/uploads\/2020\/03\/cover.jpg","datePublished":"2020-03-27T10:29:19+00:00","dateModified":"2024-04-08T13:25:40+00:00","description":"Literatura g\u00f3rska to bardzo pojemne poj\u0119cie. Kt\u00f3re ksi\u0105\u017cki o g\u00f3rach warto przeczyta\u0107? Polecamy top 10 tytu\u0142\u00f3w dla prawdziwych pasjonat\u00f3w.","breadcrumb":{"@id":"https:\/\/8a.pl\/8academy\/literatura-gorska-co-warto-przeczytac\/#breadcrumb"},"inLanguage":"pl-PL","potentialAction":[{"@type":"ReadAction","target":["https:\/\/8a.pl\/8academy\/literatura-gorska-co-warto-przeczytac\/"]}]},{"@type":"ImageObject","inLanguage":"pl-PL","@id":"https:\/\/8a.pl\/8academy\/literatura-gorska-co-warto-przeczytac\/#primaryimage","url":"https:\/\/8a.pl\/8academy\/wp-content\/uploads\/2020\/03\/cover.jpg","contentUrl":"https:\/\/8a.pl\/8academy\/wp-content\/uploads\/2020\/03\/cover.jpg","width":1100,"height":715},{"@type":"BreadcrumbList","@id":"https:\/\/8a.pl\/8academy\/literatura-gorska-co-warto-przeczytac\/#breadcrumb","itemListElement":[{"@type":"ListItem","position":1,"name":"Strona g\u0142\u00f3wna","item":"https:\/\/8a.pl\/8academy\/"},{"@type":"ListItem","position":2,"name":"Literatura g\u00f3rska \u2013 co warto przeczyta\u0107?"}]},{"@type":"WebSite","@id":"https:\/\/8a.pl\/8academy\/#website","url":"https:\/\/8a.pl\/8academy\/","name":"8academy.pl - portal g\u00f3rski i wspinaczkowy dla aktywnych","description":"8academy to portal g\u00f3rski o wspinaczce, trekkingu i skiturach. Znajdziesz tu porady, testy sprz\u0119tu i opisy najlepszych rejon\u00f3w. Inspirujemy zdobywc\u00f3w!","publisher":{"@id":"https:\/\/8a.pl\/8academy\/#organization"},"potentialAction":[{"@type":"SearchAction","target":{"@type":"EntryPoint","urlTemplate":"https:\/\/8a.pl\/8academy\/?s={search_term_string}"},"query-input":{"@type":"PropertyValueSpecification","valueRequired":true,"valueName":"search_term_string"}}],"inLanguage":"pl-PL"},{"@type":"Organization","@id":"https:\/\/8a.pl\/8academy\/#organization","name":"8academy.pl - portal g\u00f3rski i wspinaczkowy dla aktywnych","url":"https:\/\/8a.pl\/8academy\/","logo":{"@type":"ImageObject","inLanguage":"pl-PL","@id":"https:\/\/8a.pl\/8academy\/#\/schema\/logo\/image\/","url":"https:\/\/8a.pl\/8academy\/wp-content\/uploads\/2015\/11\/logo.png","contentUrl":"https:\/\/8a.pl\/8academy\/wp-content\/uploads\/2015\/11\/logo.png","width":438,"height":315,"caption":"8academy.pl - portal g\u00f3rski i wspinaczkowy dla aktywnych"},"image":{"@id":"https:\/\/8a.pl\/8academy\/#\/schema\/logo\/image\/"},"sameAs":["https:\/\/pl-pl.facebook.com\/sklep8apl\/","https:\/\/www.instagram.com\/8apl\/"]},{"@type":"Person","@id":"https:\/\/8a.pl\/8academy\/#\/schema\/person\/2e392153a51786e6c3d5ede231b5d2a4","name":"Redakcja 8Academy","image":{"@type":"ImageObject","inLanguage":"pl-PL","@id":"https:\/\/8a.pl\/8academy\/#\/schema\/person\/image\/","url":"https:\/\/8a.pl\/8academy\/wp-content\/uploads\/2017\/10\/logo_obrobione_2_150_59ICJ.jpg","contentUrl":"https:\/\/8a.pl\/8academy\/wp-content\/uploads\/2017\/10\/logo_obrobione_2_150_59ICJ.jpg","caption":"Redakcja 8Academy"},"url":"https:\/\/8a.pl\/8academy\/author\/redakcja\/"}]}},"_links":{"self":[{"href":"https:\/\/8a.pl\/8academy\/wp-json\/wp\/v2\/posts\/36597","targetHints":{"allow":["GET"]}}],"collection":[{"href":"https:\/\/8a.pl\/8academy\/wp-json\/wp\/v2\/posts"}],"about":[{"href":"https:\/\/8a.pl\/8academy\/wp-json\/wp\/v2\/types\/post"}],"author":[{"embeddable":true,"href":"https:\/\/8a.pl\/8academy\/wp-json\/wp\/v2\/users\/7"}],"replies":[{"embeddable":true,"href":"https:\/\/8a.pl\/8academy\/wp-json\/wp\/v2\/comments?post=36597"}],"version-history":[{"count":1,"href":"https:\/\/8a.pl\/8academy\/wp-json\/wp\/v2\/posts\/36597\/revisions"}],"predecessor-version":[{"id":68273,"href":"https:\/\/8a.pl\/8academy\/wp-json\/wp\/v2\/posts\/36597\/revisions\/68273"}],"wp:featuredmedia":[{"embeddable":true,"href":"https:\/\/8a.pl\/8academy\/wp-json\/wp\/v2\/media\/36699"}],"wp:attachment":[{"href":"https:\/\/8a.pl\/8academy\/wp-json\/wp\/v2\/media?parent=36597"}],"wp:term":[{"taxonomy":"category","embeddable":true,"href":"https:\/\/8a.pl\/8academy\/wp-json\/wp\/v2\/categories?post=36597"},{"taxonomy":"post_tag","embeddable":true,"href":"https:\/\/8a.pl\/8academy\/wp-json\/wp\/v2\/tags?post=36597"}],"curies":[{"name":"wp","href":"https:\/\/api.w.org\/{rel}","templated":true}]}}